{"id":1998,"date":"2022-07-06T15:18:32","date_gmt":"2022-07-06T13:18:32","guid":{"rendered":"https:\/\/www.ariasassessors.com\/?p=1998"},"modified":"2022-07-06T15:18:32","modified_gmt":"2022-07-06T13:18:32","slug":"subvencio-per-a-microempreses","status":"publish","type":"post","link":"https:\/\/www.ariasassessors.com\/ca\/subvencio-per-a-microempreses\/","title":{"rendered":"SUBVENCI\u00d3 PER A MICROEMPRESES PROGRAMA \u201cOCUPACI\u00d3 + TRANSFORMACI\u00d3\u201d"},"content":{"rendered":"<p>Ha sigut publicada la subvenci\u00f3 per a microempreses programa &#8220;Ocupaci\u00f3 + Transformaci\u00f3&#8221; amb 1-5 persones assalariades i menys de 2.000.000\u20ac de volum de facturaci\u00f3.<\/p>\n<p>Les empreses que portin a terme iniciatives per mantenir l&#8217;ocupaci\u00f3 de les persones que tenen contractades, poden rebre una subvenci\u00f3 per compensar els costos dels salaris de les persones assalariades, o socis treballadors en el cas de cooperatives i societats.<\/p>\n<p>El termini de presentaci\u00f3 del formulari de sol\u00b7licitud, amb la documentaci\u00f3 annexa inclosa, comen\u00e7a a les 9:00h del 6 de juliol de 2022 i finalitza a les 15:00 h del 27 de juliol de 2022.<\/p>\n<div id=\"ez-toc-container\" class=\"ez-toc-v2_0_72 counter-hierarchy ez-toc-counter ez-toc-grey ez-toc-container-direction\">\n<div class=\"ez-toc-title-container\">\n<p class=\"ez-toc-title\" style=\"cursor:inherit\">\u00cdndice de Contenidos<\/p>\n<span class=\"ez-toc-title-toggle\"><a href=\"#\" class=\"ez-toc-pull-right ez-toc-btn ez-toc-btn-xs ez-toc-btn-default ez-toc-toggle\" aria-label=\"Toggle Table of Content\"><span class=\"ez-toc-js-icon-con\"><span class=\"\"><span class=\"eztoc-hide\" style=\"display:none;\">Toggle<\/span><span class=\"ez-toc-icon-toggle-span\"><svg style=\"fill: #428bca;color:#428bca\" xmlns=\"http:\/\/www.w3.org\/2000\/svg\" class=\"list-377408\" width=\"20px\" height=\"20px\" viewBox=\"0 0 24 24\" fill=\"none\"><path d=\"M6 6H4v2h2V6zm14 0H8v2h12V6zM4 11h2v2H4v-2zm16 0H8v2h12v-2zM4 16h2v2H4v-2zm16 0H8v2h12v-2z\" fill=\"currentColor\"><\/path><\/svg><svg style=\"fill: #428bca;color:#428bca\" class=\"arrow-unsorted-368013\" xmlns=\"http:\/\/www.w3.org\/2000\/svg\" width=\"10px\" height=\"10px\" viewBox=\"0 0 24 24\" version=\"1.2\" baseProfile=\"tiny\"><path d=\"M18.2 9.3l-6.2-6.3-6.2 6.3c-.2.2-.3.4-.3.7s.1.5.3.7c.2.2.4.3.7.3h11c.3 0 .5-.1.7-.3.2-.2.3-.5.3-.7s-.1-.5-.3-.7zM5.8 14.7l6.2 6.3 6.2-6.3c.2-.2.3-.5.3-.7s-.1-.5-.3-.7c-.2-.2-.4-.3-.7-.3h-11c-.3 0-.5.1-.7.3-.2.2-.3.5-.3.7s.1.5.3.7z\"\/><\/svg><\/span><\/span><\/span><\/a><\/span><\/div>\n<nav><ul class='ez-toc-list ez-toc-list-level-1 eztoc-toggle-hide-by-default' ><li class='ez-toc-page-1 ez-toc-heading-level-2'><a class=\"ez-toc-link ez-toc-heading-1\" href=\"https:\/\/www.ariasassessors.com\/ca\/subvencio-per-a-microempreses\/#Quins_son_els_requisits_especifics_que_he_de_complir_per_a_poder_optar_a_aquest_ajut\" title=\"Quins s\u00f3n els requisits espec\u00edfics que he de complir per a poder optar a aquest ajut?\">Quins s\u00f3n els requisits espec\u00edfics que he de complir per a poder optar a aquest ajut?<\/a><\/li><li class='ez-toc-page-1 ez-toc-heading-level-2'><a class=\"ez-toc-link ez-toc-heading-2\" href=\"https:\/\/www.ariasassessors.com\/ca\/subvencio-per-a-microempreses\/#Quin_es_lobjecte_de_la_subvencio_per_a_microempreses\" title=\"Quin \u00e9s l\u2019objecte de la subvenci\u00f3 per a microempreses?\">Quin \u00e9s l\u2019objecte de la subvenci\u00f3 per a microempreses?<\/a><\/li><li class='ez-toc-page-1 ez-toc-heading-level-2'><a class=\"ez-toc-link ez-toc-heading-3\" href=\"https:\/\/www.ariasassessors.com\/ca\/subvencio-per-a-microempreses\/#Quines_son_les_meves_obligacions\" title=\"Quines s\u00f3n les meves obligacions?\">Quines s\u00f3n les meves obligacions?<\/a><\/li><li class='ez-toc-page-1 ez-toc-heading-level-2'><a class=\"ez-toc-link ez-toc-heading-4\" href=\"https:\/\/www.ariasassessors.com\/ca\/subvencio-per-a-microempreses\/#Quina_es_la_quantia_de_la_subvencio_per_a_microempreses\" title=\"Quina \u00e9s la quantia de la subvenci\u00f3 per a microempreses?\">Quina \u00e9s la quantia de la subvenci\u00f3 per a microempreses?<\/a><\/li><\/ul><\/nav><\/div>\n<h2><span class=\"ez-toc-section\" id=\"Quins_son_els_requisits_especifics_que_he_de_complir_per_a_poder_optar_a_aquest_ajut\"><\/span><strong>Quins s\u00f3n els requisits espec\u00edfics que he de complir per a poder optar a aquest ajut?<\/strong><span class=\"ez-toc-section-end\"><\/span><\/h2>\n<ol>\n<li>En el cas de microempreses i persones treballadores aut\u00f2nomes: tenir entre 1 i 5 persones treballadores assalariades en el moment de sol\u00b7licitar l\u2019ajut i que el volum de negoci del darrer exercici disponible no sigui superior a 2 milions d\u2019euros.<\/li>\n<li>En el cas de cooperatives i societats laborals: tenir fins a 5 socis treballadors en el moment de sol\u00b7licitar l\u2019ajut. En el cas de les cooperatives, han d\u2019haver optat per la modalitat d\u2019assimilats a persones treballadores per compte d\u2019altri, als efectes de la Seguretat Social i que el volum de negoci del darrer exercici disponible no sigui superior a 2 milions d\u2019euros.<\/li>\n<li>Disposar almenys d\u2019un centre de treball ubicat a Catalunya.<\/li>\n<li>No haver estat benefici\u00e0ria d\u2019aquest ajut o similar, segons especifiqui la convocat\u00f2ria corresponent.<\/li>\n<li>Haver iniciat l\u2019activitat econ\u00f2mica d\u2019acord amb la data l\u00edmit d\u2019inici de l\u2019activitat econ\u00f2mica de les persones f\u00edsiques i jur\u00eddiques sol\u00b7licitants de l\u2019ajut l\u20191 de desembre de 2020 segons la informaci\u00f3 continguda al Certificat acreditatiu de la data d\u2019alta a l\u2019IAE de la persona f\u00edsica o jur\u00eddica sol\u00b7licitant. (Declaraci\u00f3 censal d\u2019alta IAE, model 036 o 037, o document \u00fanic electr\u00f2nic CIRCE amb codi de seguretat).<\/li>\n<\/ol>\n<h2><span class=\"ez-toc-section\" id=\"Quin_es_lobjecte_de_la_subvencio_per_a_microempreses\"><\/span>Quin \u00e9s l\u2019objecte de la subvenci\u00f3 per a microempreses?<span class=\"ez-toc-section-end\"><\/span><\/h2>\n<p>Les dues l\u00ednies de subvenci\u00f3 per al manteniment de l\u2019ocupaci\u00f3 tenen per objecte compensar en part els costos salarials de les persones treballadores assalariades de la microempresa o de la persona treballadora aut\u00f2noma, o dels socis-treballadors de l\u2019empresa d\u2019emprenedoria col\u00b7lectiva que sigui benefici\u00e0ria, del\/s centre\/s de treball ubicat\/s a Catalunya, durant un termini de sis mesos, i l\u2019empresa benefici\u00e0ria es compromet a dur a terme en el termini esmentat una actuaci\u00f3 que faciliti la transici\u00f3 de la seva activitat productiva cap a l\u2019economia verda o digital, segons la l\u00ednia de subvenci\u00f3 sol\u00b7licitada.<\/p>\n<h2 style=\"font-weight: inherit;\"><span class=\"ez-toc-section\" id=\"Quines_son_les_meves_obligacions\"><\/span><strong>Quines s\u00f3n les meves obligacions?<\/strong><span class=\"ez-toc-section-end\"><\/span><\/h2>\n<p>L&#8217;activitat subvencionada consisteix en la realitzaci\u00f3 per part de la persona f\u00edsica o jur\u00eddica benefici\u00e0ria d&#8217;una iniciativa de manteniment de l&#8217;ocupaci\u00f3 del nombre de treballadors que tingui contractats en un centre de treball ubicat a Catalunya en el moment que sol\u00b7licita l&#8217;ajut. El manteniment de l&#8217;ocupaci\u00f3 del nombre de treballadors del centre de treball ubicat a Catalunya ha de ser durant un per\u00edode m\u00ednim de\u00a0<strong>sis mesos des del moment en qu\u00e8 sol\u00b7licita l&#8217;ajut<\/strong>.<\/p>\n<p>En el cas de les cooperatives o societats laborals, han de mantenir durant el mateix termini els socis treballadors que estiguin en alta, al seu centre de treball ubicat a Catalunya, a comptar des del dia en qu\u00e8 sol\u00b7liciten l&#8217;ajut.<\/p>\n<p>La persona f\u00edsica o jur\u00eddica benefici\u00e0ria ha de dur a terme una actuaci\u00f3 que contribueixi a la transici\u00f3 de la seva activitat cap a una economia verda o que contribueixi a la seva transformaci\u00f3 digital, que s\u2019haur\u00e0 de realitzar en el termini de\u00a0<strong>6 mesos a comptar des de l\u2019endem\u00e0 de la notificaci\u00f3 de la resoluci\u00f3 d\u2019atorgament de l\u2019ajut (concessi\u00f3 de l\u2019ajut).<\/strong><\/p>\n<h2><span class=\"ez-toc-section\" id=\"Quina_es_la_quantia_de_la_subvencio_per_a_microempreses\"><\/span>Quina \u00e9s la quantia de la subvenci\u00f3 per a microempreses?<span class=\"ez-toc-section-end\"><\/span><\/h2>\n<p>La quantia m\u00e0xima d\u2019aquesta <a href=\"https:\/\/www.ariasassessors.com\/subvencions-2022-generalitat\/\">subvenci\u00f3<\/a> \u00e9s de 5.000 euros a tant al\u00e7at per empresa benefici\u00e0ria, pel manteniment de l\u2019ocupaci\u00f3 durant 6 mesos des de la data de sol\u00b7licitud de l\u2019ajut i t\u00e9 per objecte compensar una part dels costos salarials dels treballadors assalariats de la microempresa o de la persona treballadora aut\u00f2noma, o dels seus socis-treballadors o de treball de l\u2019empresa que en sigui benefici\u00e0ria, amb\u00a0 centre o centres de treball a Catalunya. A m\u00e9s, la persona f\u00edsica o jur\u00eddica benefici\u00e0ria es compromet a dur a terme en el termini de 6 mesos des de l\u2019atorgament de l\u2019ajut una actuaci\u00f3 que faciliti la transici\u00f3 de la seva activitat productiva cap a l\u2019economia verda o digital, segons la l\u00ednia de subvenci\u00f3 atorgada.<\/p>\n","protected":false},"excerpt":{"rendered":"<p>Ha sigut publicada la subvenci\u00f3 per a microempreses programa &#8220;Ocupaci\u00f3 + Transformaci\u00f3&#8221; amb 1-5 persones assalariades i menys de 2.000.000\u20ac de volum de facturaci\u00f3. Les empreses que portin a terme iniciatives per mantenir l&#8217;ocupaci\u00f3 de les persones que tenen contractades, poden rebre una subvenci\u00f3 per&#8230;<\/p>\n","protected":false},"author":2,"featured_media":1999,"comment_status":"open","ping_status":"open","sticky":false,"template":"","format":"standard","meta":{"footnotes":""},"categories":[4],"tags":[],"class_list":["post-1998","post","type-post","status-publish","format-standard","has-post-thumbnail","hentry","category-noticies"],"yoast_head":"<!-- This site is optimized with the Yoast SEO plugin v24.3 - https:\/\/yoast.com\/wordpress\/plugins\/seo\/ -->\n<title>SUBVENCI\u00d3 PER A MICROEMPRESES PROGRAMA \u201cOCUPACI\u00d3 + TRANSFORMACI\u00d3\u201d | Arias Assessors<\/title>\n<meta name=\"description\" content=\"Ha sigut publicada la subvenci\u00f3 per a microempreses amb 1-5 persones assalariades i menys de 2.000.000\u20ac de volum de facturaci\u00f3.\" \/>\n<meta name=\"robots\" content=\"index, follow, max-snippet:-1, max-image-preview:large, max-video-preview:-1\" \/>\n<link rel=\"canonical\" href=\"https:\/\/www.ariasassessors.com\/ca\/subvencio-per-a-microempreses\/\" \/>\n<meta property=\"og:locale\" content=\"ca_ES\" \/>\n<meta property=\"og:type\" content=\"article\" \/>\n<meta property=\"og:title\" content=\"SUBVENCI\u00d3 PER A MICROEMPRESES PROGRAMA \u201cOCUPACI\u00d3 + TRANSFORMACI\u00d3\u201d | Arias Assessors\" \/>\n<meta property=\"og:description\" content=\"Ha sigut publicada la subvenci\u00f3 per a microempreses amb 1-5 persones assalariades i menys de 2.000.000\u20ac de volum de facturaci\u00f3.\" \/>\n<meta property=\"og:url\" content=\"https:\/\/www.ariasassessors.com\/ca\/subvencio-per-a-microempreses\/\" \/>\n<meta property=\"og:site_name\" content=\"Arias Assessors\" \/>\n<meta property=\"article:publisher\" content=\"https:\/\/www.facebook.com\/ariasassessors\/\" \/>\n<meta property=\"article:published_time\" content=\"2022-07-06T13:18:32+00:00\" \/>\n<meta property=\"og:image\" content=\"https:\/\/www.ariasassessors.com\/wp-content\/uploads\/2022\/07\/Arias_Blog_IMAGEN_DESTACADA-4.jpg\" \/>\n\t<meta property=\"og:image:width\" content=\"1920\" \/>\n\t<meta property=\"og:image:height\" content=\"1202\" \/>\n\t<meta property=\"og:image:type\" content=\"image\/jpeg\" \/>\n<meta name=\"author\" content=\"btorras\" \/>\n<meta name=\"twitter:card\" content=\"summary_large_image\" \/>\n<meta name=\"twitter:creator\" content=\"@ariasassessors\" \/>\n<meta name=\"twitter:site\" content=\"@ariasassessors\" \/>\n<meta name=\"twitter:label1\" content=\"Escrit per\" \/>\n\t<meta name=\"twitter:data1\" content=\"btorras\" \/>\n\t<meta name=\"twitter:label2\" content=\"Temps estimat de lectura\" \/>\n\t<meta name=\"twitter:data2\" content=\"4 minuts\" \/>\n<script type=\"application\/ld+json\" class=\"yoast-schema-graph\">{\"@context\":\"https:\/\/schema.org\",\"@graph\":[{\"@type\":\"Article\",\"@id\":\"https:\/\/www.ariasassessors.com\/ca\/subvencio-per-a-microempreses\/#article\",\"isPartOf\":{\"@id\":\"https:\/\/www.ariasassessors.com\/ca\/subvencio-per-a-microempreses\/\"},\"author\":{\"name\":\"btorras\",\"@id\":\"https:\/\/www.ariasassessors.com\/#\/schema\/person\/63c6ad1775f0a9413c37932562673cef\"},\"headline\":\"SUBVENCI\u00d3 PER A MICROEMPRESES PROGRAMA \u201cOCUPACI\u00d3 + TRANSFORMACI\u00d3\u201d\",\"datePublished\":\"2022-07-06T13:18:32+00:00\",\"dateModified\":\"2022-07-06T13:18:32+00:00\",\"mainEntityOfPage\":{\"@id\":\"https:\/\/www.ariasassessors.com\/ca\/subvencio-per-a-microempreses\/\"},\"wordCount\":791,\"commentCount\":0,\"publisher\":{\"@id\":\"https:\/\/www.ariasassessors.com\/#organization\"},\"image\":{\"@id\":\"https:\/\/www.ariasassessors.com\/ca\/subvencio-per-a-microempreses\/#primaryimage\"},\"thumbnailUrl\":\"https:\/\/www.ariasassessors.com\/wp-content\/uploads\/2022\/07\/Arias_Blog_IMAGEN_DESTACADA-4.jpg\",\"articleSection\":[\"noticies\"],\"inLanguage\":\"ca\",\"potentialAction\":[{\"@type\":\"CommentAction\",\"name\":\"Comment\",\"target\":[\"https:\/\/www.ariasassessors.com\/ca\/subvencio-per-a-microempreses\/#respond\"]}]},{\"@type\":\"WebPage\",\"@id\":\"https:\/\/www.ariasassessors.com\/ca\/subvencio-per-a-microempreses\/\",\"url\":\"https:\/\/www.ariasassessors.com\/ca\/subvencio-per-a-microempreses\/\",\"name\":\"SUBVENCI\u00d3 PER A MICROEMPRESES PROGRAMA \u201cOCUPACI\u00d3 + TRANSFORMACI\u00d3\u201d | Arias Assessors\",\"isPartOf\":{\"@id\":\"https:\/\/www.ariasassessors.com\/#website\"},\"primaryImageOfPage\":{\"@id\":\"https:\/\/www.ariasassessors.com\/ca\/subvencio-per-a-microempreses\/#primaryimage\"},\"image\":{\"@id\":\"https:\/\/www.ariasassessors.com\/ca\/subvencio-per-a-microempreses\/#primaryimage\"},\"thumbnailUrl\":\"https:\/\/www.ariasassessors.com\/wp-content\/uploads\/2022\/07\/Arias_Blog_IMAGEN_DESTACADA-4.jpg\",\"datePublished\":\"2022-07-06T13:18:32+00:00\",\"dateModified\":\"2022-07-06T13:18:32+00:00\",\"description\":\"Ha sigut publicada la subvenci\u00f3 per a microempreses amb 1-5 persones assalariades i menys de 2.000.000\u20ac de volum de facturaci\u00f3.\",\"breadcrumb\":{\"@id\":\"https:\/\/www.ariasassessors.com\/ca\/subvencio-per-a-microempreses\/#breadcrumb\"},\"inLanguage\":\"ca\",\"potentialAction\":[{\"@type\":\"ReadAction\",\"target\":[\"https:\/\/www.ariasassessors.com\/ca\/subvencio-per-a-microempreses\/\"]}]},{\"@type\":\"ImageObject\",\"inLanguage\":\"ca\",\"@id\":\"https:\/\/www.ariasassessors.com\/ca\/subvencio-per-a-microempreses\/#primaryimage\",\"url\":\"https:\/\/www.ariasassessors.com\/wp-content\/uploads\/2022\/07\/Arias_Blog_IMAGEN_DESTACADA-4.jpg\",\"contentUrl\":\"https:\/\/www.ariasassessors.com\/wp-content\/uploads\/2022\/07\/Arias_Blog_IMAGEN_DESTACADA-4.jpg\",\"width\":1920,\"height\":1202,\"caption\":\"SUBVENCI\u00d3 PER A MICROEMPRESES\"},{\"@type\":\"BreadcrumbList\",\"@id\":\"https:\/\/www.ariasassessors.com\/ca\/subvencio-per-a-microempreses\/#breadcrumb\",\"itemListElement\":[{\"@type\":\"ListItem\",\"position\":1,\"name\":\"Portada\",\"item\":\"https:\/\/www.ariasassessors.com\/ca\/\"},{\"@type\":\"ListItem\",\"position\":2,\"name\":\"SUBVENCI\u00d3 PER A MICROEMPRESES PROGRAMA \u201cOCUPACI\u00d3 + TRANSFORMACI\u00d3\u201d\"}]},{\"@type\":\"WebSite\",\"@id\":\"https:\/\/www.ariasassessors.com\/#website\",\"url\":\"https:\/\/www.ariasassessors.com\/\",\"name\":\"Arias Assessors\",\"description\":\"Asesor\u00eda para aut\u00f3nomos, profesionales y PYMES\",\"publisher\":{\"@id\":\"https:\/\/www.ariasassessors.com\/#organization\"},\"potentialAction\":[{\"@type\":\"SearchAction\",\"target\":{\"@type\":\"EntryPoint\",\"urlTemplate\":\"https:\/\/www.ariasassessors.com\/?s={search_term_string}\"},\"query-input\":{\"@type\":\"PropertyValueSpecification\",\"valueRequired\":true,\"valueName\":\"search_term_string\"}}],\"inLanguage\":\"ca\"},{\"@type\":\"Organization\",\"@id\":\"https:\/\/www.ariasassessors.com\/#organization\",\"name\":\"Arias Assessors\",\"url\":\"https:\/\/www.ariasassessors.com\/\",\"logo\":{\"@type\":\"ImageObject\",\"inLanguage\":\"ca\",\"@id\":\"https:\/\/www.ariasassessors.com\/#\/schema\/logo\/image\/\",\"url\":\"https:\/\/www.ariasassessors.com\/wp-content\/uploads\/2019\/01\/arias-logo.png\",\"contentUrl\":\"https:\/\/www.ariasassessors.com\/wp-content\/uploads\/2019\/01\/arias-logo.png\",\"width\":349,\"height\":254,\"caption\":\"Arias Assessors\"},\"image\":{\"@id\":\"https:\/\/www.ariasassessors.com\/#\/schema\/logo\/image\/\"},\"sameAs\":[\"https:\/\/www.facebook.com\/ariasassessors\/\",\"https:\/\/x.com\/ariasassessors\",\"https:\/\/www.linkedin.com\/company\/r&amp;amp;r-growing-knowledge\/\"]},{\"@type\":\"Person\",\"@id\":\"https:\/\/www.ariasassessors.com\/#\/schema\/person\/63c6ad1775f0a9413c37932562673cef\",\"name\":\"btorras\",\"image\":{\"@type\":\"ImageObject\",\"inLanguage\":\"ca\",\"@id\":\"https:\/\/www.ariasassessors.com\/#\/schema\/person\/image\/\",\"url\":\"https:\/\/secure.gravatar.com\/avatar\/0531db351fc361fdbfd204c58fa2d6a3?s=96&d=mm&r=g\",\"contentUrl\":\"https:\/\/secure.gravatar.com\/avatar\/0531db351fc361fdbfd204c58fa2d6a3?s=96&d=mm&r=g\",\"caption\":\"btorras\"}}]}<\/script>\n<!-- \/ Yoast SEO plugin. -->","yoast_head_json":{"title":"SUBVENCI\u00d3 PER A MICROEMPRESES PROGRAMA \u201cOCUPACI\u00d3 + TRANSFORMACI\u00d3\u201d | Arias Assessors","description":"Ha sigut publicada la subvenci\u00f3 per a microempreses amb 1-5 persones assalariades i menys de 2.000.000\u20ac de volum de facturaci\u00f3.","robots":{"index":"index","follow":"follow","max-snippet":"max-snippet:-1","max-image-preview":"max-image-preview:large","max-video-preview":"max-video-preview:-1"},"canonical":"https:\/\/www.ariasassessors.com\/ca\/subvencio-per-a-microempreses\/","og_locale":"ca_ES","og_type":"article","og_title":"SUBVENCI\u00d3 PER A MICROEMPRESES PROGRAMA \u201cOCUPACI\u00d3 + TRANSFORMACI\u00d3\u201d | Arias Assessors","og_description":"Ha sigut publicada la subvenci\u00f3 per a microempreses amb 1-5 persones assalariades i menys de 2.000.000\u20ac de volum de facturaci\u00f3.","og_url":"https:\/\/www.ariasassessors.com\/ca\/subvencio-per-a-microempreses\/","og_site_name":"Arias Assessors","article_publisher":"https:\/\/www.facebook.com\/ariasassessors\/","article_published_time":"2022-07-06T13:18:32+00:00","og_image":[{"width":1920,"height":1202,"url":"https:\/\/www.ariasassessors.com\/wp-content\/uploads\/2022\/07\/Arias_Blog_IMAGEN_DESTACADA-4.jpg","type":"image\/jpeg"}],"author":"btorras","twitter_card":"summary_large_image","twitter_creator":"@ariasassessors","twitter_site":"@ariasassessors","twitter_misc":{"Escrit per":"btorras","Temps estimat de lectura":"4 minuts"},"schema":{"@context":"https:\/\/schema.org","@graph":[{"@type":"Article","@id":"https:\/\/www.ariasassessors.com\/ca\/subvencio-per-a-microempreses\/#article","isPartOf":{"@id":"https:\/\/www.ariasassessors.com\/ca\/subvencio-per-a-microempreses\/"},"author":{"name":"btorras","@id":"https:\/\/www.ariasassessors.com\/#\/schema\/person\/63c6ad1775f0a9413c37932562673cef"},"headline":"SUBVENCI\u00d3 PER A MICROEMPRESES PROGRAMA \u201cOCUPACI\u00d3 + TRANSFORMACI\u00d3\u201d","datePublished":"2022-07-06T13:18:32+00:00","dateModified":"2022-07-06T13:18:32+00:00","mainEntityOfPage":{"@id":"https:\/\/www.ariasassessors.com\/ca\/subvencio-per-a-microempreses\/"},"wordCount":791,"commentCount":0,"publisher":{"@id":"https:\/\/www.ariasassessors.com\/#organization"},"image":{"@id":"https:\/\/www.ariasassessors.com\/ca\/subvencio-per-a-microempreses\/#primaryimage"},"thumbnailUrl":"https:\/\/www.ariasassessors.com\/wp-content\/uploads\/2022\/07\/Arias_Blog_IMAGEN_DESTACADA-4.jpg","articleSection":["noticies"],"inLanguage":"ca","potentialAction":[{"@type":"CommentAction","name":"Comment","target":["https:\/\/www.ariasassessors.com\/ca\/subvencio-per-a-microempreses\/#respond"]}]},{"@type":"WebPage","@id":"https:\/\/www.ariasassessors.com\/ca\/subvencio-per-a-microempreses\/","url":"https:\/\/www.ariasassessors.com\/ca\/subvencio-per-a-microempreses\/","name":"SUBVENCI\u00d3 PER A MICROEMPRESES PROGRAMA \u201cOCUPACI\u00d3 + TRANSFORMACI\u00d3\u201d | Arias Assessors","isPartOf":{"@id":"https:\/\/www.ariasassessors.com\/#website"},"primaryImageOfPage":{"@id":"https:\/\/www.ariasassessors.com\/ca\/subvencio-per-a-microempreses\/#primaryimage"},"image":{"@id":"https:\/\/www.ariasassessors.com\/ca\/subvencio-per-a-microempreses\/#primaryimage"},"thumbnailUrl":"https:\/\/www.ariasassessors.com\/wp-content\/uploads\/2022\/07\/Arias_Blog_IMAGEN_DESTACADA-4.jpg","datePublished":"2022-07-06T13:18:32+00:00","dateModified":"2022-07-06T13:18:32+00:00","description":"Ha sigut publicada la subvenci\u00f3 per a microempreses amb 1-5 persones assalariades i menys de 2.000.000\u20ac de volum de facturaci\u00f3.","breadcrumb":{"@id":"https:\/\/www.ariasassessors.com\/ca\/subvencio-per-a-microempreses\/#breadcrumb"},"inLanguage":"ca","potentialAction":[{"@type":"ReadAction","target":["https:\/\/www.ariasassessors.com\/ca\/subvencio-per-a-microempreses\/"]}]},{"@type":"ImageObject","inLanguage":"ca","@id":"https:\/\/www.ariasassessors.com\/ca\/subvencio-per-a-microempreses\/#primaryimage","url":"https:\/\/www.ariasassessors.com\/wp-content\/uploads\/2022\/07\/Arias_Blog_IMAGEN_DESTACADA-4.jpg","contentUrl":"https:\/\/www.ariasassessors.com\/wp-content\/uploads\/2022\/07\/Arias_Blog_IMAGEN_DESTACADA-4.jpg","width":1920,"height":1202,"caption":"SUBVENCI\u00d3 PER A MICROEMPRESES"},{"@type":"BreadcrumbList","@id":"https:\/\/www.ariasassessors.com\/ca\/subvencio-per-a-microempreses\/#breadcrumb","itemListElement":[{"@type":"ListItem","position":1,"name":"Portada","item":"https:\/\/www.ariasassessors.com\/ca\/"},{"@type":"ListItem","position":2,"name":"SUBVENCI\u00d3 PER A MICROEMPRESES PROGRAMA \u201cOCUPACI\u00d3 + TRANSFORMACI\u00d3\u201d"}]},{"@type":"WebSite","@id":"https:\/\/www.ariasassessors.com\/#website","url":"https:\/\/www.ariasassessors.com\/","name":"Arias Assessors","description":"Asesor\u00eda para aut\u00f3nomos, profesionales y PYMES","publisher":{"@id":"https:\/\/www.ariasassessors.com\/#organization"},"potentialAction":[{"@type":"SearchAction","target":{"@type":"EntryPoint","urlTemplate":"https:\/\/www.ariasassessors.com\/?s={search_term_string}"},"query-input":{"@type":"PropertyValueSpecification","valueRequired":true,"valueName":"search_term_string"}}],"inLanguage":"ca"},{"@type":"Organization","@id":"https:\/\/www.ariasassessors.com\/#organization","name":"Arias Assessors","url":"https:\/\/www.ariasassessors.com\/","logo":{"@type":"ImageObject","inLanguage":"ca","@id":"https:\/\/www.ariasassessors.com\/#\/schema\/logo\/image\/","url":"https:\/\/www.ariasassessors.com\/wp-content\/uploads\/2019\/01\/arias-logo.png","contentUrl":"https:\/\/www.ariasassessors.com\/wp-content\/uploads\/2019\/01\/arias-logo.png","width":349,"height":254,"caption":"Arias Assessors"},"image":{"@id":"https:\/\/www.ariasassessors.com\/#\/schema\/logo\/image\/"},"sameAs":["https:\/\/www.facebook.com\/ariasassessors\/","https:\/\/x.com\/ariasassessors","https:\/\/www.linkedin.com\/company\/r&amp;amp;r-growing-knowledge\/"]},{"@type":"Person","@id":"https:\/\/www.ariasassessors.com\/#\/schema\/person\/63c6ad1775f0a9413c37932562673cef","name":"btorras","image":{"@type":"ImageObject","inLanguage":"ca","@id":"https:\/\/www.ariasassessors.com\/#\/schema\/person\/image\/","url":"https:\/\/secure.gravatar.com\/avatar\/0531db351fc361fdbfd204c58fa2d6a3?s=96&d=mm&r=g","contentUrl":"https:\/\/secure.gravatar.com\/avatar\/0531db351fc361fdbfd204c58fa2d6a3?s=96&d=mm&r=g","caption":"btorras"}}]}},"_links":{"self":[{"href":"https:\/\/www.ariasassessors.com\/ca\/wp-json\/wp\/v2\/posts\/1998","targetHints":{"allow":["GET"]}}],"collection":[{"href":"https:\/\/www.ariasassessors.com\/ca\/wp-json\/wp\/v2\/posts"}],"about":[{"href":"https:\/\/www.ariasassessors.com\/ca\/wp-json\/wp\/v2\/types\/post"}],"author":[{"embeddable":true,"href":"https:\/\/www.ariasassessors.com\/ca\/wp-json\/wp\/v2\/users\/2"}],"replies":[{"embeddable":true,"href":"https:\/\/www.ariasassessors.com\/ca\/wp-json\/wp\/v2\/comments?post=1998"}],"version-history":[{"count":1,"href":"https:\/\/www.ariasassessors.com\/ca\/wp-json\/wp\/v2\/posts\/1998\/revisions"}],"predecessor-version":[{"id":2001,"href":"https:\/\/www.ariasassessors.com\/ca\/wp-json\/wp\/v2\/posts\/1998\/revisions\/2001"}],"wp:featuredmedia":[{"embeddable":true,"href":"https:\/\/www.ariasassessors.com\/ca\/wp-json\/wp\/v2\/media\/1999"}],"wp:attachment":[{"href":"https:\/\/www.ariasassessors.com\/ca\/wp-json\/wp\/v2\/media?parent=1998"}],"wp:term":[{"taxonomy":"category","embeddable":true,"href":"https:\/\/www.ariasassessors.com\/ca\/wp-json\/wp\/v2\/categories?post=1998"},{"taxonomy":"post_tag","embeddable":true,"href":"https:\/\/www.ariasassessors.com\/ca\/wp-json\/wp\/v2\/tags?post=1998"}],"curies":[{"name":"wp","href":"https:\/\/api.w.org\/{rel}","templated":true}]}}