{"id":2010,"date":"2022-07-25T09:27:31","date_gmt":"2022-07-25T07:27:31","guid":{"rendered":"https:\/\/www.ariasassessors.com\/cotizacion-de-los-autonomos-en-funcion-de-sus-ingresos\/"},"modified":"2022-07-25T09:48:30","modified_gmt":"2022-07-25T07:48:30","slug":"cotitzacio-dels-autonoms-en-funcio-dels-ingressos","status":"publish","type":"post","link":"https:\/\/www.ariasassessors.com\/ca\/cotitzacio-dels-autonoms-en-funcio-dels-ingressos\/","title":{"rendered":"Aconseguit un acord per a la cotitzaci\u00f3 dels aut\u00f2noms en funci\u00f3 dels seus ingressos"},"content":{"rendered":"<p>El portal\u00a0<a href=\"https:\/\/www.iberley.es\/noticias\/alcanzado-acuerdo-cotizacion-autonomos-funcion-ingresos-31792?nolog=1&amp;sort=fecha&amp;noIndex\">Iberley<\/a>, ens informa que el Ministeri d&#8217;Inclusi\u00f3, Seguretat Social i Migracions ha arribat a un acord amb les associacions de treballadors aut\u00f2noms per a fixar els tipus i bases de cotitzaci\u00f3 per trams entre 2023 i 2025. La cotitzaci\u00f3 dels aut\u00f2noms per ingressos reals entrar\u00e0 en vigor l&#8217;1 de gener de 2023 amb quotes de 230 a 500 euros.<\/p>\n<p>Per l&#8217;avan\u00e7at,\u00a0el Ministeri d&#8217;Inclusi\u00f3, Seguretat Social i Migracions (MISSM)\u00a0ha tancat un acord amb les associacions de treballadors aut\u00f2noms (UPTA, LLIGA i\u00a0UATAE)\u00a0per a fixar els tipus i bases de cotitzaci\u00f3 a partir de gener de 2023 en el R\u00e8gim Especial Treballadors Aut\u00f2noms (RETA). Mancant la seva publicaci\u00f3 en el BOE, el text suposar\u00e0<strong><em>\u00a015 trams d&#8217;ingressos reals (rendiments nets) amb quotes que oscil\u00b7len entre els 230 i els 500 euros al mes en 2023.<\/em><\/strong><\/p>\n<p><em>La Uni\u00f3 de Professionals i Treballadors Aut\u00f2noms (UPTA)\u00a0i la Uni\u00f3 d&#8217;Associacions de Treballadors Aut\u00f2noms i Emprenedors (UATAE)\u00a0havien donat el seu vistiplau el dimarts. Despr\u00e9s de l&#8217;acord aconseguit amb l&#8217;Associaci\u00f3 de Treballadors Aut\u00f2noms (LLIGA) en la matinada del dimecres, el preacord sembla tancat.<\/em><\/p>\n<p>El nou sistema contempla\u00a0<strong>trams de\u00a0cotitzaci\u00f3 progressiva\u00a0des de 2023 fins a 2025<\/strong>\u00a0subjectes a una\u00a0forqueta de rendiments \u00edntegres.<\/p>\n<ul>\n<li><strong>Quota m\u00ednima:<\/strong>\u00a0en\u00a0<strong>2023<\/strong>, els treballadors per compte propi amb un rendiment net per sota de 670 euros pagaran\u00a0<strong>230 euros al mes<\/strong>. L&#8217;any <strong>2024\u00a0<\/strong>en pagaran <strong>225<\/strong>, i l&#8217;any <strong>2025\u00a0<\/strong>la quota ser\u00e0 de\u00a0<strong>200\u00a0<\/strong>euros.<\/li>\n<li><strong>Quota m\u00e0xima<\/strong>:\u00a0en l&#8217;altre tram de l&#8217;escala, els aut\u00f2noms que cotitzin per la\u00a0<strong>m\u00e0xima<\/strong>\u00a0(m\u00e9s de 6.000 euros), abonaran<strong>\u00a0500<\/strong>\u00a0euros en<strong>\u00a02023<\/strong>, <strong>530<\/strong>\u00a0en\u00a0<strong>2024<\/strong>\u00a0i, en\u00a0<strong>2025<\/strong>, la quota ser\u00e0 de\u00a0<strong>590<\/strong>\u00a0euros.<\/li>\n<\/ul>\n<p>Segons ha comunicat\u00a0UPTA, la quota decreix per <a href=\"https:\/\/www.ariasassessors.com\/ca\/futura-cotitzacio-autonoms\/\">als aut\u00f2noms<\/a> amb rendiments nets per sota de 1.300 euros al mes, es mant\u00e9 per al tram entre 1.300 i 1.700 euros mensuals i s&#8217;incrementa per a la resta.<\/p>\n<p>Segons l&#8217;\u00faltima proposta de modificaci\u00f3 del sistema de cotitzaci\u00f3 publicada per UPTA:<\/p>\n<p><strong>Any 2023<\/strong><\/p>\n<div style=\"width: 616px\" class=\"wp-caption alignnone\"><img loading=\"lazy\" decoding=\"async\" src=\"https:\/\/d2eb79appvasri.cloudfront.net\/imagenes_noticias\/62d7cd75ec9e9.png\" alt=\"cotizaci\u00f3n de los aut\u00f3nomos tramos 1 \" width=\"606\" height=\"418\" \/><p class=\"wp-caption-text\">Font: UPTA. Gr\u00e0fic pres de la proposta de rendiments nets, bases de cotitzaci\u00f3 i quotes publicada el 15\/07\/2022.<\/p><\/div>\n<p><strong>Any 2024<\/strong><\/p>\n<div style=\"width: 588px\" class=\"wp-caption alignnone\"><img loading=\"lazy\" decoding=\"async\" src=\"https:\/\/d2eb79appvasri.cloudfront.net\/imagenes_noticias\/62d7cdc100fc5.png\" alt=\"cotizaci\u00f3n de los aut\u00f3nomos tramos 2\" width=\"578\" height=\"422\" \/><p class=\"wp-caption-text\">Font: UPTA. Gr\u00e0fic pres de la proposta de rendiments nets, bases de cotitzaci\u00f3 i quotes publicada el 15\/07\/2022.<\/p><\/div>\n<p><strong>Any 2025<\/strong><\/p>\n<div style=\"width: 567px\" class=\"wp-caption alignnone\"><img loading=\"lazy\" decoding=\"async\" src=\"https:\/\/d2eb79appvasri.cloudfront.net\/imagenes_noticias\/62d7cdf79937b.png\" alt=\"cotizaci\u00f3n de los aut\u00f3nomos tramos 3\" width=\"557\" height=\"418\" \/><p class=\"wp-caption-text\">Font: UPTA. Gr\u00e0fic pres de la proposta de rendiments nets, bases de cotitzaci\u00f3 i quotes publicada el 15\/07\/2022.<\/p><\/div>\n","protected":false},"excerpt":{"rendered":"<p>El portal\u00a0Iberley, ens informa que el Ministeri d&#8217;Inclusi\u00f3, Seguretat Social i Migracions ha arribat a un acord amb les associacions de treballadors aut\u00f2noms per a fixar els tipus i bases de cotitzaci\u00f3 per trams entre 2023 i 2025. La cotitzaci\u00f3 dels aut\u00f2noms per ingressos reals&#8230;<\/p>\n","protected":false},"author":2,"featured_media":2008,"comment_status":"open","ping_status":"open","sticky":false,"template":"","format":"standard","meta":{"footnotes":""},"categories":[4],"tags":[],"class_list":["post-2010","post","type-post","status-publish","format-standard","has-post-thumbnail","hentry","category-noticies"],"yoast_head":"<!-- This site is optimized with the Yoast SEO plugin v24.3 - https:\/\/yoast.com\/wordpress\/plugins\/seo\/ -->\n<title>Aconseguit un acord per a la cotitzaci\u00f3 dels aut\u00f2noms en funci\u00f3 dels seus ingressos | Arias Assessors<\/title>\n<meta name=\"description\" content=\"A partir de 2023 s&#039;actualitza la cotitzaci\u00f3 dels aut\u00f2noms. Aquesta comptar\u00e0 amb 15 trams d&#039;ingressos reals (rendiments nets).\" \/>\n<meta name=\"robots\" content=\"index, follow, max-snippet:-1, max-image-preview:large, max-video-preview:-1\" \/>\n<link rel=\"canonical\" href=\"https:\/\/www.ariasassessors.com\/ca\/cotitzacio-dels-autonoms-en-funcio-dels-ingressos\/\" \/>\n<meta property=\"og:locale\" content=\"ca_ES\" \/>\n<meta property=\"og:type\" content=\"article\" \/>\n<meta property=\"og:title\" content=\"Aconseguit un acord per a la cotitzaci\u00f3 dels aut\u00f2noms en funci\u00f3 dels seus ingressos | Arias Assessors\" \/>\n<meta property=\"og:description\" content=\"A partir de 2023 s&#039;actualitza la cotitzaci\u00f3 dels aut\u00f2noms. Aquesta comptar\u00e0 amb 15 trams d&#039;ingressos reals (rendiments nets).\" \/>\n<meta property=\"og:url\" content=\"https:\/\/www.ariasassessors.com\/ca\/cotitzacio-dels-autonoms-en-funcio-dels-ingressos\/\" \/>\n<meta property=\"og:site_name\" content=\"Arias Assessors\" \/>\n<meta property=\"article:publisher\" content=\"https:\/\/www.facebook.com\/ariasassessors\/\" \/>\n<meta property=\"article:published_time\" content=\"2022-07-25T07:27:31+00:00\" \/>\n<meta property=\"article:modified_time\" content=\"2022-07-25T07:48:30+00:00\" \/>\n<meta property=\"og:image\" content=\"https:\/\/www.ariasassessors.com\/wp-content\/uploads\/2022\/07\/Arias_Blog_IMAGEN_DESTACADA-5.jpg\" \/>\n\t<meta property=\"og:image:width\" content=\"1920\" \/>\n\t<meta property=\"og:image:height\" content=\"1202\" \/>\n\t<meta property=\"og:image:type\" content=\"image\/jpeg\" \/>\n<meta name=\"author\" content=\"btorras\" \/>\n<meta name=\"twitter:card\" content=\"summary_large_image\" \/>\n<meta name=\"twitter:creator\" content=\"@ariasassessors\" \/>\n<meta name=\"twitter:site\" content=\"@ariasassessors\" \/>\n<meta name=\"twitter:label1\" content=\"Escrit per\" \/>\n\t<meta name=\"twitter:data1\" content=\"btorras\" \/>\n\t<meta name=\"twitter:label2\" content=\"Temps estimat de lectura\" \/>\n\t<meta name=\"twitter:data2\" content=\"3 minuts\" \/>\n<script type=\"application\/ld+json\" class=\"yoast-schema-graph\">{\"@context\":\"https:\/\/schema.org\",\"@graph\":[{\"@type\":\"Article\",\"@id\":\"https:\/\/www.ariasassessors.com\/ca\/cotitzacio-dels-autonoms-en-funcio-dels-ingressos\/#article\",\"isPartOf\":{\"@id\":\"https:\/\/www.ariasassessors.com\/ca\/cotitzacio-dels-autonoms-en-funcio-dels-ingressos\/\"},\"author\":{\"name\":\"btorras\",\"@id\":\"https:\/\/www.ariasassessors.com\/#\/schema\/person\/63c6ad1775f0a9413c37932562673cef\"},\"headline\":\"Aconseguit un acord per a la cotitzaci\u00f3 dels aut\u00f2noms en funci\u00f3 dels seus ingressos\",\"datePublished\":\"2022-07-25T07:27:31+00:00\",\"dateModified\":\"2022-07-25T07:48:30+00:00\",\"mainEntityOfPage\":{\"@id\":\"https:\/\/www.ariasassessors.com\/ca\/cotitzacio-dels-autonoms-en-funcio-dels-ingressos\/\"},\"wordCount\":403,\"commentCount\":0,\"publisher\":{\"@id\":\"https:\/\/www.ariasassessors.com\/#organization\"},\"image\":{\"@id\":\"https:\/\/www.ariasassessors.com\/ca\/cotitzacio-dels-autonoms-en-funcio-dels-ingressos\/#primaryimage\"},\"thumbnailUrl\":\"https:\/\/www.ariasassessors.com\/wp-content\/uploads\/2022\/07\/Arias_Blog_IMAGEN_DESTACADA-5.jpg\",\"articleSection\":[\"noticies\"],\"inLanguage\":\"ca\",\"potentialAction\":[{\"@type\":\"CommentAction\",\"name\":\"Comment\",\"target\":[\"https:\/\/www.ariasassessors.com\/ca\/cotitzacio-dels-autonoms-en-funcio-dels-ingressos\/#respond\"]}]},{\"@type\":\"WebPage\",\"@id\":\"https:\/\/www.ariasassessors.com\/ca\/cotitzacio-dels-autonoms-en-funcio-dels-ingressos\/\",\"url\":\"https:\/\/www.ariasassessors.com\/ca\/cotitzacio-dels-autonoms-en-funcio-dels-ingressos\/\",\"name\":\"Aconseguit un acord per a la cotitzaci\u00f3 dels aut\u00f2noms en funci\u00f3 dels seus ingressos | Arias Assessors\",\"isPartOf\":{\"@id\":\"https:\/\/www.ariasassessors.com\/#website\"},\"primaryImageOfPage\":{\"@id\":\"https:\/\/www.ariasassessors.com\/ca\/cotitzacio-dels-autonoms-en-funcio-dels-ingressos\/#primaryimage\"},\"image\":{\"@id\":\"https:\/\/www.ariasassessors.com\/ca\/cotitzacio-dels-autonoms-en-funcio-dels-ingressos\/#primaryimage\"},\"thumbnailUrl\":\"https:\/\/www.ariasassessors.com\/wp-content\/uploads\/2022\/07\/Arias_Blog_IMAGEN_DESTACADA-5.jpg\",\"datePublished\":\"2022-07-25T07:27:31+00:00\",\"dateModified\":\"2022-07-25T07:48:30+00:00\",\"description\":\"A partir de 2023 s'actualitza la cotitzaci\u00f3 dels aut\u00f2noms. Aquesta comptar\u00e0 amb 15 trams d'ingressos reals (rendiments nets).\",\"breadcrumb\":{\"@id\":\"https:\/\/www.ariasassessors.com\/ca\/cotitzacio-dels-autonoms-en-funcio-dels-ingressos\/#breadcrumb\"},\"inLanguage\":\"ca\",\"potentialAction\":[{\"@type\":\"ReadAction\",\"target\":[\"https:\/\/www.ariasassessors.com\/ca\/cotitzacio-dels-autonoms-en-funcio-dels-ingressos\/\"]}]},{\"@type\":\"ImageObject\",\"inLanguage\":\"ca\",\"@id\":\"https:\/\/www.ariasassessors.com\/ca\/cotitzacio-dels-autonoms-en-funcio-dels-ingressos\/#primaryimage\",\"url\":\"https:\/\/www.ariasassessors.com\/wp-content\/uploads\/2022\/07\/Arias_Blog_IMAGEN_DESTACADA-5.jpg\",\"contentUrl\":\"https:\/\/www.ariasassessors.com\/wp-content\/uploads\/2022\/07\/Arias_Blog_IMAGEN_DESTACADA-5.jpg\",\"width\":1920,\"height\":1202,\"caption\":\"cotizaci\u00f3n de los aut\u00f3nomos\"},{\"@type\":\"BreadcrumbList\",\"@id\":\"https:\/\/www.ariasassessors.com\/ca\/cotitzacio-dels-autonoms-en-funcio-dels-ingressos\/#breadcrumb\",\"itemListElement\":[{\"@type\":\"ListItem\",\"position\":1,\"name\":\"Portada\",\"item\":\"https:\/\/www.ariasassessors.com\/ca\/\"},{\"@type\":\"ListItem\",\"position\":2,\"name\":\"Aconseguit un acord per a la cotitzaci\u00f3 dels aut\u00f2noms en funci\u00f3 dels seus ingressos\"}]},{\"@type\":\"WebSite\",\"@id\":\"https:\/\/www.ariasassessors.com\/#website\",\"url\":\"https:\/\/www.ariasassessors.com\/\",\"name\":\"Arias Assessors\",\"description\":\"Asesor\u00eda para aut\u00f3nomos, profesionales y PYMES\",\"publisher\":{\"@id\":\"https:\/\/www.ariasassessors.com\/#organization\"},\"potentialAction\":[{\"@type\":\"SearchAction\",\"target\":{\"@type\":\"EntryPoint\",\"urlTemplate\":\"https:\/\/www.ariasassessors.com\/?s={search_term_string}\"},\"query-input\":{\"@type\":\"PropertyValueSpecification\",\"valueRequired\":true,\"valueName\":\"search_term_string\"}}],\"inLanguage\":\"ca\"},{\"@type\":\"Organization\",\"@id\":\"https:\/\/www.ariasassessors.com\/#organization\",\"name\":\"Arias Assessors\",\"url\":\"https:\/\/www.ariasassessors.com\/\",\"logo\":{\"@type\":\"ImageObject\",\"inLanguage\":\"ca\",\"@id\":\"https:\/\/www.ariasassessors.com\/#\/schema\/logo\/image\/\",\"url\":\"https:\/\/www.ariasassessors.com\/wp-content\/uploads\/2019\/01\/arias-logo.png\",\"contentUrl\":\"https:\/\/www.ariasassessors.com\/wp-content\/uploads\/2019\/01\/arias-logo.png\",\"width\":349,\"height\":254,\"caption\":\"Arias Assessors\"},\"image\":{\"@id\":\"https:\/\/www.ariasassessors.com\/#\/schema\/logo\/image\/\"},\"sameAs\":[\"https:\/\/www.facebook.com\/ariasassessors\/\",\"https:\/\/x.com\/ariasassessors\",\"https:\/\/www.linkedin.com\/company\/r&amp;amp;r-growing-knowledge\/\"]},{\"@type\":\"Person\",\"@id\":\"https:\/\/www.ariasassessors.com\/#\/schema\/person\/63c6ad1775f0a9413c37932562673cef\",\"name\":\"btorras\",\"image\":{\"@type\":\"ImageObject\",\"inLanguage\":\"ca\",\"@id\":\"https:\/\/www.ariasassessors.com\/#\/schema\/person\/image\/\",\"url\":\"https:\/\/secure.gravatar.com\/avatar\/0531db351fc361fdbfd204c58fa2d6a3?s=96&d=mm&r=g\",\"contentUrl\":\"https:\/\/secure.gravatar.com\/avatar\/0531db351fc361fdbfd204c58fa2d6a3?s=96&d=mm&r=g\",\"caption\":\"btorras\"}}]}<\/script>\n<!-- \/ Yoast SEO plugin. -->","yoast_head_json":{"title":"Aconseguit un acord per a la cotitzaci\u00f3 dels aut\u00f2noms en funci\u00f3 dels seus ingressos | Arias Assessors","description":"A partir de 2023 s'actualitza la cotitzaci\u00f3 dels aut\u00f2noms. Aquesta comptar\u00e0 amb 15 trams d'ingressos reals (rendiments nets).","robots":{"index":"index","follow":"follow","max-snippet":"max-snippet:-1","max-image-preview":"max-image-preview:large","max-video-preview":"max-video-preview:-1"},"canonical":"https:\/\/www.ariasassessors.com\/ca\/cotitzacio-dels-autonoms-en-funcio-dels-ingressos\/","og_locale":"ca_ES","og_type":"article","og_title":"Aconseguit un acord per a la cotitzaci\u00f3 dels aut\u00f2noms en funci\u00f3 dels seus ingressos | Arias Assessors","og_description":"A partir de 2023 s'actualitza la cotitzaci\u00f3 dels aut\u00f2noms. Aquesta comptar\u00e0 amb 15 trams d'ingressos reals (rendiments nets).","og_url":"https:\/\/www.ariasassessors.com\/ca\/cotitzacio-dels-autonoms-en-funcio-dels-ingressos\/","og_site_name":"Arias Assessors","article_publisher":"https:\/\/www.facebook.com\/ariasassessors\/","article_published_time":"2022-07-25T07:27:31+00:00","article_modified_time":"2022-07-25T07:48:30+00:00","og_image":[{"width":1920,"height":1202,"url":"https:\/\/www.ariasassessors.com\/wp-content\/uploads\/2022\/07\/Arias_Blog_IMAGEN_DESTACADA-5.jpg","type":"image\/jpeg"}],"author":"btorras","twitter_card":"summary_large_image","twitter_creator":"@ariasassessors","twitter_site":"@ariasassessors","twitter_misc":{"Escrit per":"btorras","Temps estimat de lectura":"3 minuts"},"schema":{"@context":"https:\/\/schema.org","@graph":[{"@type":"Article","@id":"https:\/\/www.ariasassessors.com\/ca\/cotitzacio-dels-autonoms-en-funcio-dels-ingressos\/#article","isPartOf":{"@id":"https:\/\/www.ariasassessors.com\/ca\/cotitzacio-dels-autonoms-en-funcio-dels-ingressos\/"},"author":{"name":"btorras","@id":"https:\/\/www.ariasassessors.com\/#\/schema\/person\/63c6ad1775f0a9413c37932562673cef"},"headline":"Aconseguit un acord per a la cotitzaci\u00f3 dels aut\u00f2noms en funci\u00f3 dels seus ingressos","datePublished":"2022-07-25T07:27:31+00:00","dateModified":"2022-07-25T07:48:30+00:00","mainEntityOfPage":{"@id":"https:\/\/www.ariasassessors.com\/ca\/cotitzacio-dels-autonoms-en-funcio-dels-ingressos\/"},"wordCount":403,"commentCount":0,"publisher":{"@id":"https:\/\/www.ariasassessors.com\/#organization"},"image":{"@id":"https:\/\/www.ariasassessors.com\/ca\/cotitzacio-dels-autonoms-en-funcio-dels-ingressos\/#primaryimage"},"thumbnailUrl":"https:\/\/www.ariasassessors.com\/wp-content\/uploads\/2022\/07\/Arias_Blog_IMAGEN_DESTACADA-5.jpg","articleSection":["noticies"],"inLanguage":"ca","potentialAction":[{"@type":"CommentAction","name":"Comment","target":["https:\/\/www.ariasassessors.com\/ca\/cotitzacio-dels-autonoms-en-funcio-dels-ingressos\/#respond"]}]},{"@type":"WebPage","@id":"https:\/\/www.ariasassessors.com\/ca\/cotitzacio-dels-autonoms-en-funcio-dels-ingressos\/","url":"https:\/\/www.ariasassessors.com\/ca\/cotitzacio-dels-autonoms-en-funcio-dels-ingressos\/","name":"Aconseguit un acord per a la cotitzaci\u00f3 dels aut\u00f2noms en funci\u00f3 dels seus ingressos | Arias Assessors","isPartOf":{"@id":"https:\/\/www.ariasassessors.com\/#website"},"primaryImageOfPage":{"@id":"https:\/\/www.ariasassessors.com\/ca\/cotitzacio-dels-autonoms-en-funcio-dels-ingressos\/#primaryimage"},"image":{"@id":"https:\/\/www.ariasassessors.com\/ca\/cotitzacio-dels-autonoms-en-funcio-dels-ingressos\/#primaryimage"},"thumbnailUrl":"https:\/\/www.ariasassessors.com\/wp-content\/uploads\/2022\/07\/Arias_Blog_IMAGEN_DESTACADA-5.jpg","datePublished":"2022-07-25T07:27:31+00:00","dateModified":"2022-07-25T07:48:30+00:00","description":"A partir de 2023 s'actualitza la cotitzaci\u00f3 dels aut\u00f2noms. Aquesta comptar\u00e0 amb 15 trams d'ingressos reals (rendiments nets).","breadcrumb":{"@id":"https:\/\/www.ariasassessors.com\/ca\/cotitzacio-dels-autonoms-en-funcio-dels-ingressos\/#breadcrumb"},"inLanguage":"ca","potentialAction":[{"@type":"ReadAction","target":["https:\/\/www.ariasassessors.com\/ca\/cotitzacio-dels-autonoms-en-funcio-dels-ingressos\/"]}]},{"@type":"ImageObject","inLanguage":"ca","@id":"https:\/\/www.ariasassessors.com\/ca\/cotitzacio-dels-autonoms-en-funcio-dels-ingressos\/#primaryimage","url":"https:\/\/www.ariasassessors.com\/wp-content\/uploads\/2022\/07\/Arias_Blog_IMAGEN_DESTACADA-5.jpg","contentUrl":"https:\/\/www.ariasassessors.com\/wp-content\/uploads\/2022\/07\/Arias_Blog_IMAGEN_DESTACADA-5.jpg","width":1920,"height":1202,"caption":"cotizaci\u00f3n de los aut\u00f3nomos"},{"@type":"BreadcrumbList","@id":"https:\/\/www.ariasassessors.com\/ca\/cotitzacio-dels-autonoms-en-funcio-dels-ingressos\/#breadcrumb","itemListElement":[{"@type":"ListItem","position":1,"name":"Portada","item":"https:\/\/www.ariasassessors.com\/ca\/"},{"@type":"ListItem","position":2,"name":"Aconseguit un acord per a la cotitzaci\u00f3 dels aut\u00f2noms en funci\u00f3 dels seus ingressos"}]},{"@type":"WebSite","@id":"https:\/\/www.ariasassessors.com\/#website","url":"https:\/\/www.ariasassessors.com\/","name":"Arias Assessors","description":"Asesor\u00eda para aut\u00f3nomos, profesionales y PYMES","publisher":{"@id":"https:\/\/www.ariasassessors.com\/#organization"},"potentialAction":[{"@type":"SearchAction","target":{"@type":"EntryPoint","urlTemplate":"https:\/\/www.ariasassessors.com\/?s={search_term_string}"},"query-input":{"@type":"PropertyValueSpecification","valueRequired":true,"valueName":"search_term_string"}}],"inLanguage":"ca"},{"@type":"Organization","@id":"https:\/\/www.ariasassessors.com\/#organization","name":"Arias Assessors","url":"https:\/\/www.ariasassessors.com\/","logo":{"@type":"ImageObject","inLanguage":"ca","@id":"https:\/\/www.ariasassessors.com\/#\/schema\/logo\/image\/","url":"https:\/\/www.ariasassessors.com\/wp-content\/uploads\/2019\/01\/arias-logo.png","contentUrl":"https:\/\/www.ariasassessors.com\/wp-content\/uploads\/2019\/01\/arias-logo.png","width":349,"height":254,"caption":"Arias Assessors"},"image":{"@id":"https:\/\/www.ariasassessors.com\/#\/schema\/logo\/image\/"},"sameAs":["https:\/\/www.facebook.com\/ariasassessors\/","https:\/\/x.com\/ariasassessors","https:\/\/www.linkedin.com\/company\/r&amp;amp;r-growing-knowledge\/"]},{"@type":"Person","@id":"https:\/\/www.ariasassessors.com\/#\/schema\/person\/63c6ad1775f0a9413c37932562673cef","name":"btorras","image":{"@type":"ImageObject","inLanguage":"ca","@id":"https:\/\/www.ariasassessors.com\/#\/schema\/person\/image\/","url":"https:\/\/secure.gravatar.com\/avatar\/0531db351fc361fdbfd204c58fa2d6a3?s=96&d=mm&r=g","contentUrl":"https:\/\/secure.gravatar.com\/avatar\/0531db351fc361fdbfd204c58fa2d6a3?s=96&d=mm&r=g","caption":"btorras"}}]}},"_links":{"self":[{"href":"https:\/\/www.ariasassessors.com\/ca\/wp-json\/wp\/v2\/posts\/2010","targetHints":{"allow":["GET"]}}],"collection":[{"href":"https:\/\/www.ariasassessors.com\/ca\/wp-json\/wp\/v2\/posts"}],"about":[{"href":"https:\/\/www.ariasassessors.com\/ca\/wp-json\/wp\/v2\/types\/post"}],"author":[{"embeddable":true,"href":"https:\/\/www.ariasassessors.com\/ca\/wp-json\/wp\/v2\/users\/2"}],"replies":[{"embeddable":true,"href":"https:\/\/www.ariasassessors.com\/ca\/wp-json\/wp\/v2\/comments?post=2010"}],"version-history":[{"count":2,"href":"https:\/\/www.ariasassessors.com\/ca\/wp-json\/wp\/v2\/posts\/2010\/revisions"}],"predecessor-version":[{"id":2012,"href":"https:\/\/www.ariasassessors.com\/ca\/wp-json\/wp\/v2\/posts\/2010\/revisions\/2012"}],"wp:featuredmedia":[{"embeddable":true,"href":"https:\/\/www.ariasassessors.com\/ca\/wp-json\/wp\/v2\/media\/2008"}],"wp:attachment":[{"href":"https:\/\/www.ariasassessors.com\/ca\/wp-json\/wp\/v2\/media?parent=2010"}],"wp:term":[{"taxonomy":"category","embeddable":true,"href":"https:\/\/www.ariasassessors.com\/ca\/wp-json\/wp\/v2\/categories?post=2010"},{"taxonomy":"post_tag","embeddable":true,"href":"https:\/\/www.ariasassessors.com\/ca\/wp-json\/wp\/v2\/tags?post=2010"}],"curies":[{"name":"wp","href":"https:\/\/api.w.org\/{rel}","templated":true}]}}