{"id":2017,"date":"2022-07-29T09:29:35","date_gmt":"2022-07-29T07:29:35","guid":{"rendered":"https:\/\/www.ariasassessors.com\/claves-del-nuevo-sistema-de-cotizacion-para-autonomos\/"},"modified":"2022-07-29T09:42:36","modified_gmt":"2022-07-29T07:42:36","slug":"claus-del-nou-sistema-de-cotitzacio-per-autonoms","status":"publish","type":"post","link":"https:\/\/www.ariasassessors.com\/ca\/claus-del-nou-sistema-de-cotitzacio-per-autonoms\/","title":{"rendered":"Claus del nou sistema de cotitzaci\u00f3 per a aut\u00f2noms (Reial decret llei 13\/2022, de 26 de juliol)"},"content":{"rendered":"<p>El\u00a0<a href=\"https:\/\/www.iberley.es\/legislacion\/real-decreto-13-2022-26-jul-establece-nuevo-sistema-cotizacion-trabajadores-cuenta-propia-autonomos-mejora-proteccion-cese-actividad-27132401\">Reial decret llei 13\/2022, de 26 de juliol\u00a0<\/a>(BOE 27 de juliol de 2022), crea un<strong>\u00a0nou sistema de cotitzaci\u00f3 per rendiments nets per als treballadors aut\u00f2noms<\/strong>.\u00a0Entre les seves novetats trobem:<\/p>\n<div id=\"ez-toc-container\" class=\"ez-toc-v2_0_72 counter-hierarchy ez-toc-counter ez-toc-grey ez-toc-container-direction\">\n<div class=\"ez-toc-title-container\">\n<p class=\"ez-toc-title\" style=\"cursor:inherit\">\u00cdndice de Contenidos<\/p>\n<span class=\"ez-toc-title-toggle\"><a href=\"#\" class=\"ez-toc-pull-right ez-toc-btn ez-toc-btn-xs ez-toc-btn-default ez-toc-toggle\" aria-label=\"Toggle Table of Content\"><span class=\"ez-toc-js-icon-con\"><span class=\"\"><span class=\"eztoc-hide\" style=\"display:none;\">Toggle<\/span><span class=\"ez-toc-icon-toggle-span\"><svg style=\"fill: #428bca;color:#428bca\" xmlns=\"http:\/\/www.w3.org\/2000\/svg\" class=\"list-377408\" width=\"20px\" height=\"20px\" viewBox=\"0 0 24 24\" fill=\"none\"><path d=\"M6 6H4v2h2V6zm14 0H8v2h12V6zM4 11h2v2H4v-2zm16 0H8v2h12v-2zM4 16h2v2H4v-2zm16 0H8v2h12v-2z\" fill=\"currentColor\"><\/path><\/svg><svg style=\"fill: #428bca;color:#428bca\" class=\"arrow-unsorted-368013\" xmlns=\"http:\/\/www.w3.org\/2000\/svg\" width=\"10px\" height=\"10px\" viewBox=\"0 0 24 24\" version=\"1.2\" baseProfile=\"tiny\"><path d=\"M18.2 9.3l-6.2-6.3-6.2 6.3c-.2.2-.3.4-.3.7s.1.5.3.7c.2.2.4.3.7.3h11c.3 0 .5-.1.7-.3.2-.2.3-.5.3-.7s-.1-.5-.3-.7zM5.8 14.7l6.2 6.3 6.2-6.3c.2-.2.3-.5.3-.7s-.1-.5-.3-.7c-.2-.2-.4-.3-.7-.3h-11c-.3 0-.5.1-.7.3-.2.2-.3.5-.3.7s.1.5.3.7z\"\/><\/svg><\/span><\/span><\/span><\/a><\/span><\/div>\n<nav><ul class='ez-toc-list ez-toc-list-level-1 eztoc-toggle-hide-by-default' ><li class='ez-toc-page-1 ez-toc-heading-level-2'><a class=\"ez-toc-link ez-toc-heading-1\" href=\"https:\/\/www.ariasassessors.com\/ca\/claus-del-nou-sistema-de-cotitzacio-per-autonoms\/#Novetats_aplicables_des_del_dia_1_de_gener_de_2023_en_el_nou_sistema_de_cotitzacio\" title=\"Novetats aplicables des del dia 1 de gener de 2023 en el nou sistema de cotitzaci\u00f3:\">Novetats aplicables des del dia 1 de gener de 2023 en el nou sistema de cotitzaci\u00f3:<\/a><\/li><li class='ez-toc-page-1 ez-toc-heading-level-2'><a class=\"ez-toc-link ez-toc-heading-2\" href=\"https:\/\/www.ariasassessors.com\/ca\/claus-del-nou-sistema-de-cotitzacio-per-autonoms\/#Dubtes_sobre_la_nova_cotitzacio_per_a_autonoms\" title=\"Dubtes sobre la nova cotitzaci\u00f3 per a aut\u00f2noms\">Dubtes sobre la nova cotitzaci\u00f3 per a aut\u00f2noms<\/a><\/li><\/ul><\/nav><\/div>\n<h2><span class=\"ez-toc-section\" id=\"Novetats_aplicables_des_del_dia_1_de_gener_de_2023_en_el_nou_sistema_de_cotitzacio\"><\/span>Novetats aplicables des del dia 1 de gener de 2023 en el nou sistema de cotitzaci\u00f3:<span class=\"ez-toc-section-end\"><\/span><\/h2>\n<ul>\n<li>Quota redu\u00efda de 80 euros mensuals entre els anys 2023 i 2025 per l&#8217;inici d&#8217;una activitat per compte propi.<\/li>\n<li>S&#8217;estableixen unes taules de cotitzaci\u00f3 en funci\u00f3 dels rendiments que obtinguin durant els exercicis 2023, 2024 i 2025\u00a0 Els treballadors inclosos en el RETA hauran de cotitzar en funci\u00f3 dels rendiments \u00edntegres obtinguts.<\/li>\n<li>Fins a sis canvis anuals de base de cotitzaci\u00f3.<\/li>\n<li>S&#8217;adapten les bonificacions i reduccions en la cotitzaci\u00f3 al R\u00e8gim Especial de Treballadors Aut\u00f2noms a la cotitzaci\u00f3 per trams.<\/li>\n<\/ul>\n<ol>\n<li><strong>Entrada en vigor i per\u00edode de la nova cotitzaci\u00f3 per a aut\u00f2noms.<\/strong><\/li>\n<\/ol>\n<p>El reial decret llei entrar\u00e0 en vigor el dia <strong>1 de gener de 2023<\/strong>. No obstant aix\u00f2, la implantaci\u00f3 d&#8217;aquesta modificaci\u00f3 es far\u00e0 de manera gradual.<\/p>\n<p>El nou sistema es desplegar\u00e0 en un per\u00edode m\u00e0xim de nou anys, amb\u00a0<strong>revisions peri\u00f2diques cada tres anys (el per\u00edode inicial d&#8217;implantaci\u00f3 va de 2023-2025).<\/strong> (D.T. 1a).<\/p>\n<ol start=\"2\">\n<li><strong>Quota redu\u00efda de 80 euros mensuals entre els anys 2023 i 2025 per l&#8217;inici d&#8217;una activitat per compte propi.<\/strong><\/li>\n<\/ol>\n<p>Durant el per\u00edode compr\u00e8s entre els anys 2023 i 2025, s&#8217;estableix una quota redu\u00efda de\u00a0<strong>80 euros mensuals<\/strong>\u00a0per als casos d&#8217;alta inicial en el RETA o aquells casos en els quals l&#8217;aut\u00f2nom no haguessin estat en situaci\u00f3 d&#8217;alta en els dos anys immediatament anteriors a l&#8217;efecte de l&#8217;alta. (D.T. 5a i nou art. 38 ter de la\u00a0<a href=\"https:\/\/www.iberley.es\/legislacion\/ley-20-2007-11-julio-estatuto-trabajo-autonomo-4695550\">LETA<\/a>).<\/p>\n<p>Aquesta mesura s&#8217;aplica durant els <strong>12 primers mesos i es podr\u00e0 prorrogar per altres 12 mesos en cas que els rendiments durant el primer any siguin inferiors al <a href=\"https:\/\/www.iberley.es\/temas\/salario-minimo-interprofesional-ano-2022-10951\">Salari M\u00ednim Interprofessional<\/a>.<\/strong><\/p>\n<p><strong>A TENIR EN COMPTE.<\/strong>\u00a0Aquesta\u00a0figura jur\u00eddica substituir\u00e0 a la tarifa plana d&#8217;aut\u00f2noms.<\/p>\n<p>El nou sistema contempla trams de cotitzaci\u00f3 progressiva des de 2023 fins a 2025 subjectes a una forqueta de rendiments \u00edntegres.<\/p>\n<ol start=\"2\">\n<li style=\"list-style-type: none;\">\n<ul>\n<li><strong>Quota m\u00ednima:<\/strong>\u00a0en 2023, els treballadors per compte propi amb un rendiment net per sota de 670 euros pagaran 230 euros al mes. En 2024 pagaran 225, i en 2025 la\u00a0<strong>quota ser\u00e0 de 200 euros.<\/strong><\/li>\n<li><strong>Quota m\u00e0xima:<\/strong>\u00a0en l&#8217;altre tram de l&#8217;escala, els aut\u00f2noms que cotitzin per la m\u00e0xima (m\u00e9s de 6.000 euros), abonaran 500 euros en 2023, 530 en 2024 i, en 2025,<strong>\u00a0la quota ser\u00e0 de 590 euros.<\/strong><\/li>\n<\/ul>\n<\/li>\n<li><strong>Fins a sis canvis anuals de base de cotitzaci\u00f3 (tram)<\/strong><\/li>\n<\/ol>\n<p>Els treballadors inclosos en el\u00a0RETA podran\u00a0<strong>canviar fins a sis vegades a l&#8217;any la base<\/strong>\u00a0per la qual vinguin obligats a cotitzar, triant una altra dins dels l\u00edmits m\u00ednim i m\u00e0xim que els resultin aplicables en cada exercici, sempre que aix\u00ed ho sol\u00b7licitin a la Tresoreria General de la Seguretat Social, amb els seg\u00fcents efectes (<a href=\"https:\/\/www.iberley.es\/legislacion\/real-decreto-2064-1995-22-dic-reglamento-general-sobre-cotizacion-liquidacion-derechos-seguridad-social-1997661\">nou art. 45 de el\u00a0Reial decret 2064\/1995, de 22 de desembre<\/a>):<\/p>\n<h2><span class=\"ez-toc-section\" id=\"Dubtes_sobre_la_nova_cotitzacio_per_a_autonoms\"><\/span>Dubtes sobre la nova cotitzaci\u00f3 per a aut\u00f2noms<span class=\"ez-toc-section-end\"><\/span><\/h2>\n<ol>\n<li><strong>Aplicaci\u00f3 transit\u00f2ria de l&#8217;opci\u00f3 de la cotitzaci\u00f3 per ingressos reals dels treballadors aut\u00f2noms: quines quantitats s&#8217;aplicaran a la cotitzaci\u00f3 dels aut\u00f2noms a 1 de gener de 2023?<\/strong><\/li>\n<\/ol>\n<p>Els treballadors inclosos en el\u00a0RETA\u00a0(i en el grup primer de cotitzaci\u00f3 del R\u00e8gim Especial dels treballadors de la mar) a\u00a031 de desembre de\u00a02022,<strong>\u00a0fins que no exercitin l&#8217;opci\u00f3 contemplada en la disposici\u00f3 transit\u00f2ria primera, continuaran cotitzant durant l&#8217;any\u00a02023 sobre la base que els correspondria al gener d&#8217;aquest any,<\/strong> aplicant a la base de cotitzaci\u00f3 de desembre de\u00a02022 aquells canvis i increments que, conformement a la Llei de Pressupostos Generals de l&#8217;Estat per a l&#8217;any\u00a02022 i a la legislaci\u00f3 anterior, els poguessin correspondre.<\/p>\n<ol start=\"2\">\n<li><strong>Es mant\u00e9 la tarifa plana per a<a href=\"https:\/\/www.ariasassessors.com\/ca\/cotitzacio-dels-autonoms-en-funcio-dels-ingressos\/\"> aut\u00f2noms<\/a>?<\/strong><\/li>\n<\/ol>\n<p>Els beneficis en la cotitzaci\u00f3 establerts en els articles\u00a031, 31 bis, 32 i\u00a032 bis de la Llei\u00a020\/2007, de\u00a011 de juliol, de l&#8217;Estatut del treball aut\u00f2nom,\u00a0<strong>continuaran aplicant-se, en els mateixos termes, als qui fossin beneficiaris dels mateixos abans de el\u00a01 de gener de\u00a02023 fins que s&#8217;esgotin els per\u00edodes m\u00e0xims\u00a0<\/strong>que tinguin en cada cas establerts per a la seva aplicaci\u00f3 (D.T 3a).<\/p>\n<p>La norma\u00a0deroga expressament els\u00a0articles\u00a031, 31 bis, 32 i\u00a032 bis; les disposicions addicionals tercera i setena, i la disposici\u00f3 final quarta de la Llei\u00a020\/2007, de\u00a011 de juliol, de l&#8217;Estatut del treball aut\u00f2nom, finalitzat el per\u00edode transitori, s&#8217;aplicar\u00e0 la quota redu\u00efda de\u00a080 euros mensuals\u00a0entre els anys\u00a02023 i\u00a02025.<\/p>\n<ol start=\"3\">\n<li><strong>Els aut\u00f2noms que no aconsegueixin les quantitats de el\u00a0Salari M\u00ednim Interprofessional,\u00a0cotitzaran?<\/strong><\/li>\n<\/ol>\n<p>El nou sistema permet cotitzacions calculades amb bases de cotitzaci\u00f3 amb imports per sota del Salari M\u00ednim Interprofessional quan els rendiments de l&#8217;aut\u00f2nom no assoleixi aquest llindar. La reforma normativa crea espec\u00edficament una taula redu\u00efda per sota de la general, tal com indica l&#8217;article 308 del text ref\u00f3s de la <a href=\"https:\/\/www.iberley.es\/legislacion\/rdleg-8-2015-30-oct-tr-ley-general-seguridad-social-lgss-23990341\">Llei General de la Seguretat\u00a0Social.<\/a><\/p>\n<p>&nbsp;<\/p>\n","protected":false},"excerpt":{"rendered":"<p>El\u00a0Reial decret llei 13\/2022, de 26 de juliol\u00a0(BOE 27 de juliol de 2022), crea un\u00a0nou sistema de cotitzaci\u00f3 per rendiments nets per als treballadors aut\u00f2noms.\u00a0Entre les seves novetats trobem: Novetats aplicables des del dia 1 de gener de 2023 en el nou sistema de cotitzaci\u00f3:&#8230;<\/p>\n","protected":false},"author":2,"featured_media":2015,"comment_status":"open","ping_status":"open","sticky":false,"template":"","format":"standard","meta":{"footnotes":""},"categories":[4],"tags":[],"class_list":["post-2017","post","type-post","status-publish","format-standard","has-post-thumbnail","hentry","category-noticies"],"yoast_head":"<!-- This site is optimized with the Yoast SEO plugin v24.3 - https:\/\/yoast.com\/wordpress\/plugins\/seo\/ -->\n<title>Claus del nou sistema de cotitzaci\u00f3 per a aut\u00f2noms (Reial decret llei 13\/2022, de 26 de juliol) | Arias Assessors<\/title>\n<meta name=\"description\" content=\"El Reial decret llei 13\/2022, de 26 de juliol, crea un nou sistema de cotitzaci\u00f3 per rendiments nets per als treballadors aut\u00f2noms.\" \/>\n<meta name=\"robots\" content=\"index, follow, max-snippet:-1, max-image-preview:large, max-video-preview:-1\" \/>\n<link rel=\"canonical\" href=\"https:\/\/www.ariasassessors.com\/ca\/claus-del-nou-sistema-de-cotitzacio-per-autonoms\/\" \/>\n<meta property=\"og:locale\" content=\"ca_ES\" \/>\n<meta property=\"og:type\" content=\"article\" \/>\n<meta property=\"og:title\" content=\"Claus del nou sistema de cotitzaci\u00f3 per a aut\u00f2noms (Reial decret llei 13\/2022, de 26 de juliol) | Arias Assessors\" \/>\n<meta property=\"og:description\" content=\"El Reial decret llei 13\/2022, de 26 de juliol, crea un nou sistema de cotitzaci\u00f3 per rendiments nets per als treballadors aut\u00f2noms.\" \/>\n<meta property=\"og:url\" content=\"https:\/\/www.ariasassessors.com\/ca\/claus-del-nou-sistema-de-cotitzacio-per-autonoms\/\" \/>\n<meta property=\"og:site_name\" content=\"Arias Assessors\" \/>\n<meta property=\"article:publisher\" content=\"https:\/\/www.facebook.com\/ariasassessors\/\" \/>\n<meta property=\"article:published_time\" content=\"2022-07-29T07:29:35+00:00\" \/>\n<meta property=\"article:modified_time\" content=\"2022-07-29T07:42:36+00:00\" \/>\n<meta property=\"og:image\" content=\"https:\/\/www.ariasassessors.com\/wp-content\/uploads\/2022\/07\/Arias_Blog_IMAGEN_DESTACADA-6.jpg\" \/>\n\t<meta property=\"og:image:width\" content=\"1920\" \/>\n\t<meta property=\"og:image:height\" content=\"1202\" \/>\n\t<meta property=\"og:image:type\" content=\"image\/jpeg\" \/>\n<meta name=\"author\" content=\"btorras\" \/>\n<meta name=\"twitter:card\" content=\"summary_large_image\" \/>\n<meta name=\"twitter:creator\" content=\"@ariasassessors\" \/>\n<meta name=\"twitter:site\" content=\"@ariasassessors\" \/>\n<meta name=\"twitter:label1\" content=\"Escrit per\" \/>\n\t<meta name=\"twitter:data1\" content=\"btorras\" \/>\n\t<meta name=\"twitter:label2\" content=\"Temps estimat de lectura\" \/>\n\t<meta name=\"twitter:data2\" content=\"4 minuts\" \/>\n<script type=\"application\/ld+json\" class=\"yoast-schema-graph\">{\"@context\":\"https:\/\/schema.org\",\"@graph\":[{\"@type\":\"Article\",\"@id\":\"https:\/\/www.ariasassessors.com\/ca\/claus-del-nou-sistema-de-cotitzacio-per-autonoms\/#article\",\"isPartOf\":{\"@id\":\"https:\/\/www.ariasassessors.com\/ca\/claus-del-nou-sistema-de-cotitzacio-per-autonoms\/\"},\"author\":{\"name\":\"btorras\",\"@id\":\"https:\/\/www.ariasassessors.com\/#\/schema\/person\/63c6ad1775f0a9413c37932562673cef\"},\"headline\":\"Claus del nou sistema de cotitzaci\u00f3 per a aut\u00f2noms (Reial decret llei 13\/2022, de 26 de juliol)\",\"datePublished\":\"2022-07-29T07:29:35+00:00\",\"dateModified\":\"2022-07-29T07:42:36+00:00\",\"mainEntityOfPage\":{\"@id\":\"https:\/\/www.ariasassessors.com\/ca\/claus-del-nou-sistema-de-cotitzacio-per-autonoms\/\"},\"wordCount\":811,\"commentCount\":0,\"publisher\":{\"@id\":\"https:\/\/www.ariasassessors.com\/#organization\"},\"image\":{\"@id\":\"https:\/\/www.ariasassessors.com\/ca\/claus-del-nou-sistema-de-cotitzacio-per-autonoms\/#primaryimage\"},\"thumbnailUrl\":\"https:\/\/www.ariasassessors.com\/wp-content\/uploads\/2022\/07\/Arias_Blog_IMAGEN_DESTACADA-6.jpg\",\"articleSection\":[\"noticies\"],\"inLanguage\":\"ca\",\"potentialAction\":[{\"@type\":\"CommentAction\",\"name\":\"Comment\",\"target\":[\"https:\/\/www.ariasassessors.com\/ca\/claus-del-nou-sistema-de-cotitzacio-per-autonoms\/#respond\"]}]},{\"@type\":\"WebPage\",\"@id\":\"https:\/\/www.ariasassessors.com\/ca\/claus-del-nou-sistema-de-cotitzacio-per-autonoms\/\",\"url\":\"https:\/\/www.ariasassessors.com\/ca\/claus-del-nou-sistema-de-cotitzacio-per-autonoms\/\",\"name\":\"Claus del nou sistema de cotitzaci\u00f3 per a aut\u00f2noms (Reial decret llei 13\/2022, de 26 de juliol) | Arias Assessors\",\"isPartOf\":{\"@id\":\"https:\/\/www.ariasassessors.com\/#website\"},\"primaryImageOfPage\":{\"@id\":\"https:\/\/www.ariasassessors.com\/ca\/claus-del-nou-sistema-de-cotitzacio-per-autonoms\/#primaryimage\"},\"image\":{\"@id\":\"https:\/\/www.ariasassessors.com\/ca\/claus-del-nou-sistema-de-cotitzacio-per-autonoms\/#primaryimage\"},\"thumbnailUrl\":\"https:\/\/www.ariasassessors.com\/wp-content\/uploads\/2022\/07\/Arias_Blog_IMAGEN_DESTACADA-6.jpg\",\"datePublished\":\"2022-07-29T07:29:35+00:00\",\"dateModified\":\"2022-07-29T07:42:36+00:00\",\"description\":\"El Reial decret llei 13\/2022, de 26 de juliol, crea un nou sistema de cotitzaci\u00f3 per rendiments nets per als treballadors aut\u00f2noms.\",\"breadcrumb\":{\"@id\":\"https:\/\/www.ariasassessors.com\/ca\/claus-del-nou-sistema-de-cotitzacio-per-autonoms\/#breadcrumb\"},\"inLanguage\":\"ca\",\"potentialAction\":[{\"@type\":\"ReadAction\",\"target\":[\"https:\/\/www.ariasassessors.com\/ca\/claus-del-nou-sistema-de-cotitzacio-per-autonoms\/\"]}]},{\"@type\":\"ImageObject\",\"inLanguage\":\"ca\",\"@id\":\"https:\/\/www.ariasassessors.com\/ca\/claus-del-nou-sistema-de-cotitzacio-per-autonoms\/#primaryimage\",\"url\":\"https:\/\/www.ariasassessors.com\/wp-content\/uploads\/2022\/07\/Arias_Blog_IMAGEN_DESTACADA-6.jpg\",\"contentUrl\":\"https:\/\/www.ariasassessors.com\/wp-content\/uploads\/2022\/07\/Arias_Blog_IMAGEN_DESTACADA-6.jpg\",\"width\":1920,\"height\":1202,\"caption\":\"nuevo sistema de cotizaci\u00f3n\"},{\"@type\":\"BreadcrumbList\",\"@id\":\"https:\/\/www.ariasassessors.com\/ca\/claus-del-nou-sistema-de-cotitzacio-per-autonoms\/#breadcrumb\",\"itemListElement\":[{\"@type\":\"ListItem\",\"position\":1,\"name\":\"Portada\",\"item\":\"https:\/\/www.ariasassessors.com\/ca\/\"},{\"@type\":\"ListItem\",\"position\":2,\"name\":\"Claus del nou sistema de cotitzaci\u00f3 per a aut\u00f2noms (Reial decret llei 13\/2022, de 26 de juliol)\"}]},{\"@type\":\"WebSite\",\"@id\":\"https:\/\/www.ariasassessors.com\/#website\",\"url\":\"https:\/\/www.ariasassessors.com\/\",\"name\":\"Arias Assessors\",\"description\":\"Asesor\u00eda para aut\u00f3nomos, profesionales y PYMES\",\"publisher\":{\"@id\":\"https:\/\/www.ariasassessors.com\/#organization\"},\"potentialAction\":[{\"@type\":\"SearchAction\",\"target\":{\"@type\":\"EntryPoint\",\"urlTemplate\":\"https:\/\/www.ariasassessors.com\/?s={search_term_string}\"},\"query-input\":{\"@type\":\"PropertyValueSpecification\",\"valueRequired\":true,\"valueName\":\"search_term_string\"}}],\"inLanguage\":\"ca\"},{\"@type\":\"Organization\",\"@id\":\"https:\/\/www.ariasassessors.com\/#organization\",\"name\":\"Arias Assessors\",\"url\":\"https:\/\/www.ariasassessors.com\/\",\"logo\":{\"@type\":\"ImageObject\",\"inLanguage\":\"ca\",\"@id\":\"https:\/\/www.ariasassessors.com\/#\/schema\/logo\/image\/\",\"url\":\"https:\/\/www.ariasassessors.com\/wp-content\/uploads\/2019\/01\/arias-logo.png\",\"contentUrl\":\"https:\/\/www.ariasassessors.com\/wp-content\/uploads\/2019\/01\/arias-logo.png\",\"width\":349,\"height\":254,\"caption\":\"Arias Assessors\"},\"image\":{\"@id\":\"https:\/\/www.ariasassessors.com\/#\/schema\/logo\/image\/\"},\"sameAs\":[\"https:\/\/www.facebook.com\/ariasassessors\/\",\"https:\/\/x.com\/ariasassessors\",\"https:\/\/www.linkedin.com\/company\/r&amp;amp;r-growing-knowledge\/\"]},{\"@type\":\"Person\",\"@id\":\"https:\/\/www.ariasassessors.com\/#\/schema\/person\/63c6ad1775f0a9413c37932562673cef\",\"name\":\"btorras\",\"image\":{\"@type\":\"ImageObject\",\"inLanguage\":\"ca\",\"@id\":\"https:\/\/www.ariasassessors.com\/#\/schema\/person\/image\/\",\"url\":\"https:\/\/secure.gravatar.com\/avatar\/0531db351fc361fdbfd204c58fa2d6a3?s=96&d=mm&r=g\",\"contentUrl\":\"https:\/\/secure.gravatar.com\/avatar\/0531db351fc361fdbfd204c58fa2d6a3?s=96&d=mm&r=g\",\"caption\":\"btorras\"}}]}<\/script>\n<!-- \/ Yoast SEO plugin. -->","yoast_head_json":{"title":"Claus del nou sistema de cotitzaci\u00f3 per a aut\u00f2noms (Reial decret llei 13\/2022, de 26 de juliol) | Arias Assessors","description":"El Reial decret llei 13\/2022, de 26 de juliol, crea un nou sistema de cotitzaci\u00f3 per rendiments nets per als treballadors aut\u00f2noms.","robots":{"index":"index","follow":"follow","max-snippet":"max-snippet:-1","max-image-preview":"max-image-preview:large","max-video-preview":"max-video-preview:-1"},"canonical":"https:\/\/www.ariasassessors.com\/ca\/claus-del-nou-sistema-de-cotitzacio-per-autonoms\/","og_locale":"ca_ES","og_type":"article","og_title":"Claus del nou sistema de cotitzaci\u00f3 per a aut\u00f2noms (Reial decret llei 13\/2022, de 26 de juliol) | Arias Assessors","og_description":"El Reial decret llei 13\/2022, de 26 de juliol, crea un nou sistema de cotitzaci\u00f3 per rendiments nets per als treballadors aut\u00f2noms.","og_url":"https:\/\/www.ariasassessors.com\/ca\/claus-del-nou-sistema-de-cotitzacio-per-autonoms\/","og_site_name":"Arias Assessors","article_publisher":"https:\/\/www.facebook.com\/ariasassessors\/","article_published_time":"2022-07-29T07:29:35+00:00","article_modified_time":"2022-07-29T07:42:36+00:00","og_image":[{"width":1920,"height":1202,"url":"https:\/\/www.ariasassessors.com\/wp-content\/uploads\/2022\/07\/Arias_Blog_IMAGEN_DESTACADA-6.jpg","type":"image\/jpeg"}],"author":"btorras","twitter_card":"summary_large_image","twitter_creator":"@ariasassessors","twitter_site":"@ariasassessors","twitter_misc":{"Escrit per":"btorras","Temps estimat de lectura":"4 minuts"},"schema":{"@context":"https:\/\/schema.org","@graph":[{"@type":"Article","@id":"https:\/\/www.ariasassessors.com\/ca\/claus-del-nou-sistema-de-cotitzacio-per-autonoms\/#article","isPartOf":{"@id":"https:\/\/www.ariasassessors.com\/ca\/claus-del-nou-sistema-de-cotitzacio-per-autonoms\/"},"author":{"name":"btorras","@id":"https:\/\/www.ariasassessors.com\/#\/schema\/person\/63c6ad1775f0a9413c37932562673cef"},"headline":"Claus del nou sistema de cotitzaci\u00f3 per a aut\u00f2noms (Reial decret llei 13\/2022, de 26 de juliol)","datePublished":"2022-07-29T07:29:35+00:00","dateModified":"2022-07-29T07:42:36+00:00","mainEntityOfPage":{"@id":"https:\/\/www.ariasassessors.com\/ca\/claus-del-nou-sistema-de-cotitzacio-per-autonoms\/"},"wordCount":811,"commentCount":0,"publisher":{"@id":"https:\/\/www.ariasassessors.com\/#organization"},"image":{"@id":"https:\/\/www.ariasassessors.com\/ca\/claus-del-nou-sistema-de-cotitzacio-per-autonoms\/#primaryimage"},"thumbnailUrl":"https:\/\/www.ariasassessors.com\/wp-content\/uploads\/2022\/07\/Arias_Blog_IMAGEN_DESTACADA-6.jpg","articleSection":["noticies"],"inLanguage":"ca","potentialAction":[{"@type":"CommentAction","name":"Comment","target":["https:\/\/www.ariasassessors.com\/ca\/claus-del-nou-sistema-de-cotitzacio-per-autonoms\/#respond"]}]},{"@type":"WebPage","@id":"https:\/\/www.ariasassessors.com\/ca\/claus-del-nou-sistema-de-cotitzacio-per-autonoms\/","url":"https:\/\/www.ariasassessors.com\/ca\/claus-del-nou-sistema-de-cotitzacio-per-autonoms\/","name":"Claus del nou sistema de cotitzaci\u00f3 per a aut\u00f2noms (Reial decret llei 13\/2022, de 26 de juliol) | Arias Assessors","isPartOf":{"@id":"https:\/\/www.ariasassessors.com\/#website"},"primaryImageOfPage":{"@id":"https:\/\/www.ariasassessors.com\/ca\/claus-del-nou-sistema-de-cotitzacio-per-autonoms\/#primaryimage"},"image":{"@id":"https:\/\/www.ariasassessors.com\/ca\/claus-del-nou-sistema-de-cotitzacio-per-autonoms\/#primaryimage"},"thumbnailUrl":"https:\/\/www.ariasassessors.com\/wp-content\/uploads\/2022\/07\/Arias_Blog_IMAGEN_DESTACADA-6.jpg","datePublished":"2022-07-29T07:29:35+00:00","dateModified":"2022-07-29T07:42:36+00:00","description":"El Reial decret llei 13\/2022, de 26 de juliol, crea un nou sistema de cotitzaci\u00f3 per rendiments nets per als treballadors aut\u00f2noms.","breadcrumb":{"@id":"https:\/\/www.ariasassessors.com\/ca\/claus-del-nou-sistema-de-cotitzacio-per-autonoms\/#breadcrumb"},"inLanguage":"ca","potentialAction":[{"@type":"ReadAction","target":["https:\/\/www.ariasassessors.com\/ca\/claus-del-nou-sistema-de-cotitzacio-per-autonoms\/"]}]},{"@type":"ImageObject","inLanguage":"ca","@id":"https:\/\/www.ariasassessors.com\/ca\/claus-del-nou-sistema-de-cotitzacio-per-autonoms\/#primaryimage","url":"https:\/\/www.ariasassessors.com\/wp-content\/uploads\/2022\/07\/Arias_Blog_IMAGEN_DESTACADA-6.jpg","contentUrl":"https:\/\/www.ariasassessors.com\/wp-content\/uploads\/2022\/07\/Arias_Blog_IMAGEN_DESTACADA-6.jpg","width":1920,"height":1202,"caption":"nuevo sistema de cotizaci\u00f3n"},{"@type":"BreadcrumbList","@id":"https:\/\/www.ariasassessors.com\/ca\/claus-del-nou-sistema-de-cotitzacio-per-autonoms\/#breadcrumb","itemListElement":[{"@type":"ListItem","position":1,"name":"Portada","item":"https:\/\/www.ariasassessors.com\/ca\/"},{"@type":"ListItem","position":2,"name":"Claus del nou sistema de cotitzaci\u00f3 per a aut\u00f2noms (Reial decret llei 13\/2022, de 26 de juliol)"}]},{"@type":"WebSite","@id":"https:\/\/www.ariasassessors.com\/#website","url":"https:\/\/www.ariasassessors.com\/","name":"Arias Assessors","description":"Asesor\u00eda para aut\u00f3nomos, profesionales y PYMES","publisher":{"@id":"https:\/\/www.ariasassessors.com\/#organization"},"potentialAction":[{"@type":"SearchAction","target":{"@type":"EntryPoint","urlTemplate":"https:\/\/www.ariasassessors.com\/?s={search_term_string}"},"query-input":{"@type":"PropertyValueSpecification","valueRequired":true,"valueName":"search_term_string"}}],"inLanguage":"ca"},{"@type":"Organization","@id":"https:\/\/www.ariasassessors.com\/#organization","name":"Arias Assessors","url":"https:\/\/www.ariasassessors.com\/","logo":{"@type":"ImageObject","inLanguage":"ca","@id":"https:\/\/www.ariasassessors.com\/#\/schema\/logo\/image\/","url":"https:\/\/www.ariasassessors.com\/wp-content\/uploads\/2019\/01\/arias-logo.png","contentUrl":"https:\/\/www.ariasassessors.com\/wp-content\/uploads\/2019\/01\/arias-logo.png","width":349,"height":254,"caption":"Arias Assessors"},"image":{"@id":"https:\/\/www.ariasassessors.com\/#\/schema\/logo\/image\/"},"sameAs":["https:\/\/www.facebook.com\/ariasassessors\/","https:\/\/x.com\/ariasassessors","https:\/\/www.linkedin.com\/company\/r&amp;amp;r-growing-knowledge\/"]},{"@type":"Person","@id":"https:\/\/www.ariasassessors.com\/#\/schema\/person\/63c6ad1775f0a9413c37932562673cef","name":"btorras","image":{"@type":"ImageObject","inLanguage":"ca","@id":"https:\/\/www.ariasassessors.com\/#\/schema\/person\/image\/","url":"https:\/\/secure.gravatar.com\/avatar\/0531db351fc361fdbfd204c58fa2d6a3?s=96&d=mm&r=g","contentUrl":"https:\/\/secure.gravatar.com\/avatar\/0531db351fc361fdbfd204c58fa2d6a3?s=96&d=mm&r=g","caption":"btorras"}}]}},"_links":{"self":[{"href":"https:\/\/www.ariasassessors.com\/ca\/wp-json\/wp\/v2\/posts\/2017","targetHints":{"allow":["GET"]}}],"collection":[{"href":"https:\/\/www.ariasassessors.com\/ca\/wp-json\/wp\/v2\/posts"}],"about":[{"href":"https:\/\/www.ariasassessors.com\/ca\/wp-json\/wp\/v2\/types\/post"}],"author":[{"embeddable":true,"href":"https:\/\/www.ariasassessors.com\/ca\/wp-json\/wp\/v2\/users\/2"}],"replies":[{"embeddable":true,"href":"https:\/\/www.ariasassessors.com\/ca\/wp-json\/wp\/v2\/comments?post=2017"}],"version-history":[{"count":2,"href":"https:\/\/www.ariasassessors.com\/ca\/wp-json\/wp\/v2\/posts\/2017\/revisions"}],"predecessor-version":[{"id":2019,"href":"https:\/\/www.ariasassessors.com\/ca\/wp-json\/wp\/v2\/posts\/2017\/revisions\/2019"}],"wp:featuredmedia":[{"embeddable":true,"href":"https:\/\/www.ariasassessors.com\/ca\/wp-json\/wp\/v2\/media\/2015"}],"wp:attachment":[{"href":"https:\/\/www.ariasassessors.com\/ca\/wp-json\/wp\/v2\/media?parent=2017"}],"wp:term":[{"taxonomy":"category","embeddable":true,"href":"https:\/\/www.ariasassessors.com\/ca\/wp-json\/wp\/v2\/categories?post=2017"},{"taxonomy":"post_tag","embeddable":true,"href":"https:\/\/www.ariasassessors.com\/ca\/wp-json\/wp\/v2\/tags?post=2017"}],"curies":[{"name":"wp","href":"https:\/\/api.w.org\/{rel}","templated":true}]}}