{"id":2025,"date":"2022-08-08T09:36:16","date_gmt":"2022-08-08T07:36:16","guid":{"rendered":"https:\/\/www.ariasassessors.com\/nueva-ayuda-al-transporte\/"},"modified":"2022-08-08T09:51:16","modified_gmt":"2022-08-08T07:51:16","slug":"nova-ajuda-al-transport","status":"publish","type":"post","link":"https:\/\/www.ariasassessors.com\/ca\/nova-ajuda-al-transport\/","title":{"rendered":"NOVA AJUDA AL TRANSPORT RDL 1 D&#8217;AGOST"},"content":{"rendered":"<p>L\u00ednia d&#8217;ajuda directa a empreses i professionals especialment afectats per la pujada dels preus dels carburants:<\/p>\n<p>1.\u2003S&#8217;estableix un sistema d&#8217;ajuda directa, corresponent a l&#8217;exercici 2022, per a la concessi\u00f3 de suport financer a empreses i treballadors aut\u00f2noms l&#8217;activitat dels quals s&#8217;enquadri entre les compreses en els codis de la Classificaci\u00f3 Nacional d&#8217;Activitats Econ\u00f2miques, aprovada per Reial decret 475\/2007, de 13 d&#8217;abril, que s&#8217;esmenten en l&#8217;apartat 4. En relaci\u00f3 amb el compliment de la normativa d&#8217;ajudes d&#8217;Estat, aquesta ajuda es configura de conformitat amb el Marc Temporal relatiu a les mesures d&#8217;ajuda estatal destinades a recolzar l&#8217;economia despr\u00e9s de l&#8217;agressi\u00f3 contra Ucra\u00efna per part de R\u00fassia (d&#8217;ara endavant Marc Temporal Europeu Ucra\u00efna).<\/p>\n<p>La finalitat de l&#8217;ajuda ser\u00e0 pal\u00b7liar l&#8217;efecte perjudicial de l&#8217;increment dels costos dels productes petrol\u00edfers ocasionats a conseq\u00fc\u00e8ncia de la invasi\u00f3 d&#8217;Ucra\u00efna i les sancions imposades a R\u00fassia per la seva causa.<\/p>\n<p>2.\u2003Seran beneficiaris de les ajudes directes els treballadors aut\u00f2noms i societats amb personalitat jur\u00eddica pr\u00f2pia legalment constitu\u00efdes a Espanya, que siguin titulars d&#8217;una autoritzaci\u00f3 de transport de qualsevol de les classes\u00a0VDE,\u00a0VT,\u00a0VTC,\u00a0VSE,\u00a0MDPE,\u00a0MDLE, at\u00e8s el n\u00famero i tipologia de vehicle adscrits a l&#8217;autoritzaci\u00f3 i que a data\u00a015 de juliol de\u00a02022, es trobin d&#8217;alta en el Registre d&#8217;Empreses i Activitats de Transport, aix\u00ed com els treballadors aut\u00f2noms i societats amb personalitat jur\u00eddica pr\u00f2pia legalment constitu\u00efdes a Espanya, que siguin titulars d&#8217;autobusos urbans conforme a la classificaci\u00f3 per criteris d&#8217;utilitzaci\u00f3 del Reglament General de Vehicles i que a data\u00a015 de juliol de\u00a02022, es trobin d&#8217;alta en el Registre de vehicles de la Prefectura central de Tr\u00e0nsit.<\/p>\n<p>Aplicant les especials circumst\u00e0ncies del fet diferencial de les Ciutats de Ceuta i Melilla a la regulaci\u00f3 de les llic\u00e8ncies\u00a0VT\u00a0recollides en els articles\u00a0123 a\u00a0127 del Reglament de la Llei d&#8217;Ordenaci\u00f3 dels Transports Terrestres, aprovat pel Reial decret\u00a01211\/1990, de\u00a028 de setembre, i en l&#8217;Ordre de\u00a04 de febrer de\u00a01993 per la qual es desenvolupa el Reglament de la Llei d&#8217;Ordenaci\u00f3 dels Transports Terrestres en mat\u00e8ria d&#8217;autoritzacions de transport discrecional de viatgers per carretera, el requisit de disposar d&#8217;autoritzaci\u00f3 de transport p\u00fablic de viatgers en vehicle turisme auto-taxi,\u00a0VT, es considera compliment amb la disposici\u00f3 de la llic\u00e8ncia expedida a Ceuta i Melilla per a vehicles taxi.<\/p>\n<p>Les ajudes no podran concedir-se ni beneficiar de cap manera a empreses afectades per sancions que la Uni\u00f3 Europea hagi pogut establir arran de la invasi\u00f3 d&#8217;Ucra\u00efna per part de R\u00fassia. Aquesta limitaci\u00f3 s&#8217;est\u00e9n a empreses controlades per persones, entitats i \u00f2rgans afectats per sancions que la Uni\u00f3 Europea hagi pogut establir arran de la invasi\u00f3 d&#8217;Ucra\u00efna per part de R\u00fassia i a empreses que estiguin actives en sectors afectats per sancions que la Uni\u00f3 Europea hagi pogut establir arran de la invasi\u00f3 d&#8217;Ucra\u00efna per part de R\u00fassia, en la mesura en qu\u00e8 l&#8217;ajuda menyscabi els objectius de les sancions corresponents.<\/p>\n<p>3.\u2003L&#8217;import total de les ajudes ascendir\u00e0 a\u00a0450 milions d&#8217;euros. D&#8217;ells, es transferiran a les Institucions Navarreses i a les Institucions Basques les quantitats corresponents als NIF dels sol\u00b7licitants que estiguin domiciliats en aquestes comunitats aut\u00f2nomes. La resta ser\u00e0 gestionada per Ag\u00e8ncia Estatal d&#8217;Administraci\u00f3 Tribut\u00e0ria amb c\u00e0rrec a l&#8217;aplicaci\u00f3 pressupost\u00e0ria\u00a015.05.923M.472, tret que els beneficiaris formin part del sector p\u00fablic, segons es defineix en l&#8217;article\u00a03 de la Llei\u00a09\/2017, de\u00a08 de novembre, de Contractes del Sector P\u00fablic, i en aquest cas s&#8217;estar\u00e0 al que es disposa en l&#8217;article\u00a05, i la gesti\u00f3 correspondr\u00e0 al Ministeri de Transports, Mobilitat i Agenda Urbana, pr\u00e8via transfer\u00e8ncia de cr\u00e8dit a l&#8217;aplicaci\u00f3 pressupost\u00e0ria de la secci\u00f3\u00a017 \u00abMinisteri de Transports, Mobilitat i Agenda Urbana\u00bb, servei\u00a020 \u00abSecretaria d&#8217;Estat de Transports, Mobilitat i Agenda Urbana\u00bb, programa\u00a0441M \u00abSubvencions i Suport al Transport Terrestre\u00bb i concepte\u00a0466 \u00abAjudes al sector del transport terrestre\u00bb.<\/p>\n<p>4.\u2003L&#8217;import de les ajudes es repartir\u00e0 entre les diverses activitats d&#8217;acord amb el que es disposa en la seg\u00fcent taula:<\/p>\n<table>\n<thead>\n<tr>\n<td><strong>Codi CNAE<\/strong><\/td>\n<td><strong>Activitat<\/strong><\/td>\n<\/tr>\n<\/thead>\n<tbody>\n<tr>\n<td><\/td>\n<td>A.\u2003TRANSPORTS:<\/td>\n<\/tr>\n<tr>\n<td>4932<\/td>\n<td>Transport per taxi.<\/td>\n<\/tr>\n<tr>\n<td>4939<\/td>\n<td>Tipus de transport terrestre de passatgers n.c.o.p.<\/td>\n<\/tr>\n<tr>\n<td>4941<\/td>\n<td>Transport de mercaderies per carretera.<\/td>\n<\/tr>\n<tr>\n<td>4942<\/td>\n<td>Serveis de mudan\u00e7a<\/td>\n<\/tr>\n<tr>\n<td>8690<\/td>\n<td>Servei de transport sanitari de persones<\/td>\n<\/tr>\n<tr>\n<td>4931<\/td>\n<td>Transport terrestre urb\u00e0 i suburb\u00e0 de passatgers<\/td>\n<\/tr>\n<\/tbody>\n<\/table>\n<p>&nbsp;<\/p>\n<p>5.\u2003Dins de cada activitat, l&#8217;import individual de l&#8217;ajuda es determinar\u00e0 atenent el n\u00famero i tipus de vehicle explotat per cada beneficiari, d&#8217;acord amb la taula inclosa a continuaci\u00f3.<\/p>\n<table>\n<thead>\n<tr>\n<td><strong>Vehicle<\/strong><\/td>\n<td><strong>Importe<\/strong><\/p>\n<p><strong>(euros)<\/strong><\/td>\n<\/tr>\n<\/thead>\n<tbody>\n<tr>\n<td>Mercaderies pesant. Cami\u00f3.\u00a0MDPE.<\/td>\n<td>1.250<\/td>\n<\/tr>\n<tr>\n<td>Mercaderies lleugeres. Furgoneta. MDLE.<\/td>\n<td>500<\/td>\n<\/tr>\n<tr>\n<td>Autob\u00fas. VDE.<\/td>\n<td>950<\/td>\n<\/tr>\n<tr>\n<td>Taxis. VT.<\/td>\n<td>300<\/td>\n<\/tr>\n<tr>\n<td>Vehicle lloguer amb conductor.\u00a0VTC.<\/td>\n<td>300<\/td>\n<\/tr>\n<tr>\n<td>Ambul\u00e0ncia\u00a0VSE.<\/td>\n<td>500<\/td>\n<\/tr>\n<tr>\n<td>Autob\u00fas urb\u00e0 conforme a la classificaci\u00f3 per criteris d&#8217;utilitzaci\u00f3 del Reglament General de Vehicles.<\/td>\n<td>950<\/td>\n<\/tr>\n<\/tbody>\n<\/table>\n<p>L&#8217;import resultant no podr\u00e0 superar la quantitat m\u00e0xima per beneficiari prevista per a ajudes per imports limitats d&#8217;ajuda d&#8217;acord amb les Decisions sobre aquest tema aprovades de conformitat amb les normes del Marc Temporal Europeu Ucra\u00efna.<\/p>\n<p>L&#8217;import resultant tampoc podr\u00e0 ser superior al l\u00edmit esmentat en el par\u00e0graf anterior, tenint en compte les ajudes concedides a altres empreses per considerar-se empreses associades, en els seg\u00fcents termes:<\/p>\n<p>a)\u2003S\u00f3n \u00abempreses associades\u00bb totes les empreses a les quals no es pot qualificar d&#8217;empreses vinculades d&#8217;acord amb l&#8217;apartat b) i entre les quals existeix la relaci\u00f3 seg\u00fcent: una empresa (empresa participant) posseeix, per si solament o conjuntament amb una o m\u00e9s empreses vinculades, d&#8217;acord amb l&#8217;apartat b), el 25\u202f% o m\u00e9s del capital o dels drets de vot d&#8217;una altra empresa (empresa participada).<\/p>\n<p>b)\u2003S\u00f3n \u00abempreses vinculades\u00bb les empreses entre les quals existeix alguna de les seg\u00fcents relacions: una empresa posseeix la majoria dels drets de vot dels accionistes o socis d&#8217;una altra empresa; una empresa t\u00e9 dret a nomenar o revocar a la majoria dels membres de l&#8217;\u00f2rgan d&#8217;administraci\u00f3, direcci\u00f3 o control d&#8217;una altra empresa; una empresa t\u00e9 dret a exercir una influ\u00e8ncia dominant sobre una altra, en virtut d&#8217;un contracte subscrit amb ella o d&#8217;una cl\u00e0usula estatut\u00e0ria de la segona empresa; una empresa, accionista d&#8217;una altra o associada a una altra, controla sola, en virtut d&#8217;un acord celebrat amb altres accionistes o socis de la segona empresa, la majoria dels drets de vot dels seus accionistes o socis.<\/p>\n<p>La concessi\u00f3 de les ajudes a les empreses associades, en el cas que l&#8217;aplicaci\u00f3 de la quantitat per n\u00famero i tipus de vehicle explotat prevista en aquest apartat llanci per a l&#8217;associaci\u00f3 una xifra superior a l&#8217;assenyalada quantitat m\u00e0xima, es realitzar\u00e0 de manera proporcional, en funci\u00f3 de la seva contribuci\u00f3 a aquesta xifra, \u00e9s a dir at\u00e8s el tipus i nombre de vehicles, entenent-se que cadascuna de les empreses associades presta el seu consentiment perqu\u00e8 l&#8217;Administraci\u00f3 competent informe a la resta que es donen les circumst\u00e0ncies descrites.<\/p>\n<p>Les autoritats concedents de les ajudes regulades en aquest article i en l&#8217;article\u00a05 podran intercanviar informaci\u00f3 de les sol\u00b7licituds d&#8217;ajudes presentades i concedides, a l&#8217;efecte de garantir l&#8217;observan\u00e7a de les quantitats m\u00e0ximes per beneficiari.<\/p>\n<p>6.\u2003La sol\u00b7licitud es presentar\u00e0 en la Seu electr\u00f2nica de l&#8217;Ag\u00e8ncia Estatal d&#8217;Administraci\u00f3 Tribut\u00e0ria, emplenant el formulari electr\u00f2nic que a aquest efecte posi a disposici\u00f3 l&#8217;Ag\u00e8ncia Estatal d&#8217;Administraci\u00f3 Tribut\u00e0ria i en el qual necess\u00e0riament, haur\u00e0 de figurar el compte bancari en la qual desitgi que se li dugui a terme l&#8217;abonament. El formulari podr\u00e0 presentar-se des del 4 d&#8217;agost fins al 30 de setembre de 2022.<\/p>\n","protected":false},"excerpt":{"rendered":"<p>L\u00ednia d&#8217;ajuda directa a empreses i professionals especialment afectats per la pujada dels preus dels carburants: 1.\u2003S&#8217;estableix un sistema d&#8217;ajuda directa, corresponent a l&#8217;exercici 2022, per a la concessi\u00f3 de suport financer a empreses i treballadors aut\u00f2noms l&#8217;activitat dels quals s&#8217;enquadri entre les compreses en&#8230;<\/p>\n","protected":false},"author":2,"featured_media":2023,"comment_status":"open","ping_status":"open","sticky":false,"template":"","format":"standard","meta":{"footnotes":""},"categories":[4],"tags":[],"class_list":["post-2025","post","type-post","status-publish","format-standard","has-post-thumbnail","hentry","category-noticies"],"yoast_head":"<!-- This site is optimized with the Yoast SEO plugin v24.3 - https:\/\/yoast.com\/wordpress\/plugins\/seo\/ -->\n<title>NOVA AJUDA AL TRANSPORT RDL 1 D&#039;AGOST | Arias Assessors<\/title>\n<meta name=\"description\" content=\"L\u00ednia d&#039;ajuda directa a empreses i professionals especialment afectats per la pujada dels preus dels carburants.\" \/>\n<meta name=\"robots\" content=\"index, follow, max-snippet:-1, max-image-preview:large, max-video-preview:-1\" \/>\n<link rel=\"canonical\" href=\"https:\/\/www.ariasassessors.com\/ca\/nova-ajuda-al-transport\/\" \/>\n<meta property=\"og:locale\" content=\"ca_ES\" \/>\n<meta property=\"og:type\" content=\"article\" \/>\n<meta property=\"og:title\" content=\"NOVA AJUDA AL TRANSPORT RDL 1 D&#039;AGOST | Arias Assessors\" \/>\n<meta property=\"og:description\" content=\"L\u00ednia d&#039;ajuda directa a empreses i professionals especialment afectats per la pujada dels preus dels carburants.\" \/>\n<meta property=\"og:url\" content=\"https:\/\/www.ariasassessors.com\/ca\/nova-ajuda-al-transport\/\" \/>\n<meta property=\"og:site_name\" content=\"Arias Assessors\" \/>\n<meta property=\"article:publisher\" content=\"https:\/\/www.facebook.com\/ariasassessors\/\" \/>\n<meta property=\"article:published_time\" content=\"2022-08-08T07:36:16+00:00\" \/>\n<meta property=\"article:modified_time\" content=\"2022-08-08T07:51:16+00:00\" \/>\n<meta property=\"og:image\" content=\"https:\/\/www.ariasassessors.com\/wp-content\/uploads\/2022\/08\/Arias_Blog_IMAGEN_DESTACADA-7.jpg\" \/>\n\t<meta property=\"og:image:width\" content=\"1920\" \/>\n\t<meta property=\"og:image:height\" content=\"1202\" \/>\n\t<meta property=\"og:image:type\" content=\"image\/jpeg\" \/>\n<meta name=\"author\" content=\"btorras\" \/>\n<meta name=\"twitter:card\" content=\"summary_large_image\" \/>\n<meta name=\"twitter:creator\" content=\"@ariasassessors\" \/>\n<meta name=\"twitter:site\" content=\"@ariasassessors\" \/>\n<meta name=\"twitter:label1\" content=\"Escrit per\" \/>\n\t<meta name=\"twitter:data1\" content=\"btorras\" \/>\n\t<meta name=\"twitter:label2\" content=\"Temps estimat de lectura\" \/>\n\t<meta name=\"twitter:data2\" content=\"6 minuts\" \/>\n<script type=\"application\/ld+json\" class=\"yoast-schema-graph\">{\"@context\":\"https:\/\/schema.org\",\"@graph\":[{\"@type\":\"Article\",\"@id\":\"https:\/\/www.ariasassessors.com\/ca\/nova-ajuda-al-transport\/#article\",\"isPartOf\":{\"@id\":\"https:\/\/www.ariasassessors.com\/ca\/nova-ajuda-al-transport\/\"},\"author\":{\"name\":\"btorras\",\"@id\":\"https:\/\/www.ariasassessors.com\/#\/schema\/person\/63c6ad1775f0a9413c37932562673cef\"},\"headline\":\"NOVA AJUDA AL TRANSPORT RDL 1 D&#8217;AGOST\",\"datePublished\":\"2022-08-08T07:36:16+00:00\",\"dateModified\":\"2022-08-08T07:51:16+00:00\",\"mainEntityOfPage\":{\"@id\":\"https:\/\/www.ariasassessors.com\/ca\/nova-ajuda-al-transport\/\"},\"wordCount\":1246,\"commentCount\":0,\"publisher\":{\"@id\":\"https:\/\/www.ariasassessors.com\/#organization\"},\"image\":{\"@id\":\"https:\/\/www.ariasassessors.com\/ca\/nova-ajuda-al-transport\/#primaryimage\"},\"thumbnailUrl\":\"https:\/\/www.ariasassessors.com\/wp-content\/uploads\/2022\/08\/Arias_Blog_IMAGEN_DESTACADA-7.jpg\",\"articleSection\":[\"noticies\"],\"inLanguage\":\"ca\",\"potentialAction\":[{\"@type\":\"CommentAction\",\"name\":\"Comment\",\"target\":[\"https:\/\/www.ariasassessors.com\/ca\/nova-ajuda-al-transport\/#respond\"]}]},{\"@type\":\"WebPage\",\"@id\":\"https:\/\/www.ariasassessors.com\/ca\/nova-ajuda-al-transport\/\",\"url\":\"https:\/\/www.ariasassessors.com\/ca\/nova-ajuda-al-transport\/\",\"name\":\"NOVA AJUDA AL TRANSPORT RDL 1 D'AGOST | Arias Assessors\",\"isPartOf\":{\"@id\":\"https:\/\/www.ariasassessors.com\/#website\"},\"primaryImageOfPage\":{\"@id\":\"https:\/\/www.ariasassessors.com\/ca\/nova-ajuda-al-transport\/#primaryimage\"},\"image\":{\"@id\":\"https:\/\/www.ariasassessors.com\/ca\/nova-ajuda-al-transport\/#primaryimage\"},\"thumbnailUrl\":\"https:\/\/www.ariasassessors.com\/wp-content\/uploads\/2022\/08\/Arias_Blog_IMAGEN_DESTACADA-7.jpg\",\"datePublished\":\"2022-08-08T07:36:16+00:00\",\"dateModified\":\"2022-08-08T07:51:16+00:00\",\"description\":\"L\u00ednia d'ajuda directa a empreses i professionals especialment afectats per la pujada dels preus dels carburants.\",\"breadcrumb\":{\"@id\":\"https:\/\/www.ariasassessors.com\/ca\/nova-ajuda-al-transport\/#breadcrumb\"},\"inLanguage\":\"ca\",\"potentialAction\":[{\"@type\":\"ReadAction\",\"target\":[\"https:\/\/www.ariasassessors.com\/ca\/nova-ajuda-al-transport\/\"]}]},{\"@type\":\"ImageObject\",\"inLanguage\":\"ca\",\"@id\":\"https:\/\/www.ariasassessors.com\/ca\/nova-ajuda-al-transport\/#primaryimage\",\"url\":\"https:\/\/www.ariasassessors.com\/wp-content\/uploads\/2022\/08\/Arias_Blog_IMAGEN_DESTACADA-7.jpg\",\"contentUrl\":\"https:\/\/www.ariasassessors.com\/wp-content\/uploads\/2022\/08\/Arias_Blog_IMAGEN_DESTACADA-7.jpg\",\"width\":1920,\"height\":1202,\"caption\":\"AYUDA AL TRANSPORTE\"},{\"@type\":\"BreadcrumbList\",\"@id\":\"https:\/\/www.ariasassessors.com\/ca\/nova-ajuda-al-transport\/#breadcrumb\",\"itemListElement\":[{\"@type\":\"ListItem\",\"position\":1,\"name\":\"Portada\",\"item\":\"https:\/\/www.ariasassessors.com\/ca\/\"},{\"@type\":\"ListItem\",\"position\":2,\"name\":\"NOVA AJUDA AL TRANSPORT RDL 1 D&#8217;AGOST\"}]},{\"@type\":\"WebSite\",\"@id\":\"https:\/\/www.ariasassessors.com\/#website\",\"url\":\"https:\/\/www.ariasassessors.com\/\",\"name\":\"Arias Assessors\",\"description\":\"Asesor\u00eda para aut\u00f3nomos, profesionales y PYMES\",\"publisher\":{\"@id\":\"https:\/\/www.ariasassessors.com\/#organization\"},\"potentialAction\":[{\"@type\":\"SearchAction\",\"target\":{\"@type\":\"EntryPoint\",\"urlTemplate\":\"https:\/\/www.ariasassessors.com\/?s={search_term_string}\"},\"query-input\":{\"@type\":\"PropertyValueSpecification\",\"valueRequired\":true,\"valueName\":\"search_term_string\"}}],\"inLanguage\":\"ca\"},{\"@type\":\"Organization\",\"@id\":\"https:\/\/www.ariasassessors.com\/#organization\",\"name\":\"Arias Assessors\",\"url\":\"https:\/\/www.ariasassessors.com\/\",\"logo\":{\"@type\":\"ImageObject\",\"inLanguage\":\"ca\",\"@id\":\"https:\/\/www.ariasassessors.com\/#\/schema\/logo\/image\/\",\"url\":\"https:\/\/www.ariasassessors.com\/wp-content\/uploads\/2019\/01\/arias-logo.png\",\"contentUrl\":\"https:\/\/www.ariasassessors.com\/wp-content\/uploads\/2019\/01\/arias-logo.png\",\"width\":349,\"height\":254,\"caption\":\"Arias Assessors\"},\"image\":{\"@id\":\"https:\/\/www.ariasassessors.com\/#\/schema\/logo\/image\/\"},\"sameAs\":[\"https:\/\/www.facebook.com\/ariasassessors\/\",\"https:\/\/x.com\/ariasassessors\",\"https:\/\/www.linkedin.com\/company\/r&amp;amp;r-growing-knowledge\/\"]},{\"@type\":\"Person\",\"@id\":\"https:\/\/www.ariasassessors.com\/#\/schema\/person\/63c6ad1775f0a9413c37932562673cef\",\"name\":\"btorras\",\"image\":{\"@type\":\"ImageObject\",\"inLanguage\":\"ca\",\"@id\":\"https:\/\/www.ariasassessors.com\/#\/schema\/person\/image\/\",\"url\":\"https:\/\/secure.gravatar.com\/avatar\/0531db351fc361fdbfd204c58fa2d6a3?s=96&d=mm&r=g\",\"contentUrl\":\"https:\/\/secure.gravatar.com\/avatar\/0531db351fc361fdbfd204c58fa2d6a3?s=96&d=mm&r=g\",\"caption\":\"btorras\"}}]}<\/script>\n<!-- \/ Yoast SEO plugin. -->","yoast_head_json":{"title":"NOVA AJUDA AL TRANSPORT RDL 1 D'AGOST | Arias Assessors","description":"L\u00ednia d'ajuda directa a empreses i professionals especialment afectats per la pujada dels preus dels carburants.","robots":{"index":"index","follow":"follow","max-snippet":"max-snippet:-1","max-image-preview":"max-image-preview:large","max-video-preview":"max-video-preview:-1"},"canonical":"https:\/\/www.ariasassessors.com\/ca\/nova-ajuda-al-transport\/","og_locale":"ca_ES","og_type":"article","og_title":"NOVA AJUDA AL TRANSPORT RDL 1 D'AGOST | Arias Assessors","og_description":"L\u00ednia d'ajuda directa a empreses i professionals especialment afectats per la pujada dels preus dels carburants.","og_url":"https:\/\/www.ariasassessors.com\/ca\/nova-ajuda-al-transport\/","og_site_name":"Arias Assessors","article_publisher":"https:\/\/www.facebook.com\/ariasassessors\/","article_published_time":"2022-08-08T07:36:16+00:00","article_modified_time":"2022-08-08T07:51:16+00:00","og_image":[{"width":1920,"height":1202,"url":"https:\/\/www.ariasassessors.com\/wp-content\/uploads\/2022\/08\/Arias_Blog_IMAGEN_DESTACADA-7.jpg","type":"image\/jpeg"}],"author":"btorras","twitter_card":"summary_large_image","twitter_creator":"@ariasassessors","twitter_site":"@ariasassessors","twitter_misc":{"Escrit per":"btorras","Temps estimat de lectura":"6 minuts"},"schema":{"@context":"https:\/\/schema.org","@graph":[{"@type":"Article","@id":"https:\/\/www.ariasassessors.com\/ca\/nova-ajuda-al-transport\/#article","isPartOf":{"@id":"https:\/\/www.ariasassessors.com\/ca\/nova-ajuda-al-transport\/"},"author":{"name":"btorras","@id":"https:\/\/www.ariasassessors.com\/#\/schema\/person\/63c6ad1775f0a9413c37932562673cef"},"headline":"NOVA AJUDA AL TRANSPORT RDL 1 D&#8217;AGOST","datePublished":"2022-08-08T07:36:16+00:00","dateModified":"2022-08-08T07:51:16+00:00","mainEntityOfPage":{"@id":"https:\/\/www.ariasassessors.com\/ca\/nova-ajuda-al-transport\/"},"wordCount":1246,"commentCount":0,"publisher":{"@id":"https:\/\/www.ariasassessors.com\/#organization"},"image":{"@id":"https:\/\/www.ariasassessors.com\/ca\/nova-ajuda-al-transport\/#primaryimage"},"thumbnailUrl":"https:\/\/www.ariasassessors.com\/wp-content\/uploads\/2022\/08\/Arias_Blog_IMAGEN_DESTACADA-7.jpg","articleSection":["noticies"],"inLanguage":"ca","potentialAction":[{"@type":"CommentAction","name":"Comment","target":["https:\/\/www.ariasassessors.com\/ca\/nova-ajuda-al-transport\/#respond"]}]},{"@type":"WebPage","@id":"https:\/\/www.ariasassessors.com\/ca\/nova-ajuda-al-transport\/","url":"https:\/\/www.ariasassessors.com\/ca\/nova-ajuda-al-transport\/","name":"NOVA AJUDA AL TRANSPORT RDL 1 D'AGOST | Arias Assessors","isPartOf":{"@id":"https:\/\/www.ariasassessors.com\/#website"},"primaryImageOfPage":{"@id":"https:\/\/www.ariasassessors.com\/ca\/nova-ajuda-al-transport\/#primaryimage"},"image":{"@id":"https:\/\/www.ariasassessors.com\/ca\/nova-ajuda-al-transport\/#primaryimage"},"thumbnailUrl":"https:\/\/www.ariasassessors.com\/wp-content\/uploads\/2022\/08\/Arias_Blog_IMAGEN_DESTACADA-7.jpg","datePublished":"2022-08-08T07:36:16+00:00","dateModified":"2022-08-08T07:51:16+00:00","description":"L\u00ednia d'ajuda directa a empreses i professionals especialment afectats per la pujada dels preus dels carburants.","breadcrumb":{"@id":"https:\/\/www.ariasassessors.com\/ca\/nova-ajuda-al-transport\/#breadcrumb"},"inLanguage":"ca","potentialAction":[{"@type":"ReadAction","target":["https:\/\/www.ariasassessors.com\/ca\/nova-ajuda-al-transport\/"]}]},{"@type":"ImageObject","inLanguage":"ca","@id":"https:\/\/www.ariasassessors.com\/ca\/nova-ajuda-al-transport\/#primaryimage","url":"https:\/\/www.ariasassessors.com\/wp-content\/uploads\/2022\/08\/Arias_Blog_IMAGEN_DESTACADA-7.jpg","contentUrl":"https:\/\/www.ariasassessors.com\/wp-content\/uploads\/2022\/08\/Arias_Blog_IMAGEN_DESTACADA-7.jpg","width":1920,"height":1202,"caption":"AYUDA AL TRANSPORTE"},{"@type":"BreadcrumbList","@id":"https:\/\/www.ariasassessors.com\/ca\/nova-ajuda-al-transport\/#breadcrumb","itemListElement":[{"@type":"ListItem","position":1,"name":"Portada","item":"https:\/\/www.ariasassessors.com\/ca\/"},{"@type":"ListItem","position":2,"name":"NOVA AJUDA AL TRANSPORT RDL 1 D&#8217;AGOST"}]},{"@type":"WebSite","@id":"https:\/\/www.ariasassessors.com\/#website","url":"https:\/\/www.ariasassessors.com\/","name":"Arias Assessors","description":"Asesor\u00eda para aut\u00f3nomos, profesionales y PYMES","publisher":{"@id":"https:\/\/www.ariasassessors.com\/#organization"},"potentialAction":[{"@type":"SearchAction","target":{"@type":"EntryPoint","urlTemplate":"https:\/\/www.ariasassessors.com\/?s={search_term_string}"},"query-input":{"@type":"PropertyValueSpecification","valueRequired":true,"valueName":"search_term_string"}}],"inLanguage":"ca"},{"@type":"Organization","@id":"https:\/\/www.ariasassessors.com\/#organization","name":"Arias Assessors","url":"https:\/\/www.ariasassessors.com\/","logo":{"@type":"ImageObject","inLanguage":"ca","@id":"https:\/\/www.ariasassessors.com\/#\/schema\/logo\/image\/","url":"https:\/\/www.ariasassessors.com\/wp-content\/uploads\/2019\/01\/arias-logo.png","contentUrl":"https:\/\/www.ariasassessors.com\/wp-content\/uploads\/2019\/01\/arias-logo.png","width":349,"height":254,"caption":"Arias Assessors"},"image":{"@id":"https:\/\/www.ariasassessors.com\/#\/schema\/logo\/image\/"},"sameAs":["https:\/\/www.facebook.com\/ariasassessors\/","https:\/\/x.com\/ariasassessors","https:\/\/www.linkedin.com\/company\/r&amp;amp;r-growing-knowledge\/"]},{"@type":"Person","@id":"https:\/\/www.ariasassessors.com\/#\/schema\/person\/63c6ad1775f0a9413c37932562673cef","name":"btorras","image":{"@type":"ImageObject","inLanguage":"ca","@id":"https:\/\/www.ariasassessors.com\/#\/schema\/person\/image\/","url":"https:\/\/secure.gravatar.com\/avatar\/0531db351fc361fdbfd204c58fa2d6a3?s=96&d=mm&r=g","contentUrl":"https:\/\/secure.gravatar.com\/avatar\/0531db351fc361fdbfd204c58fa2d6a3?s=96&d=mm&r=g","caption":"btorras"}}]}},"_links":{"self":[{"href":"https:\/\/www.ariasassessors.com\/ca\/wp-json\/wp\/v2\/posts\/2025","targetHints":{"allow":["GET"]}}],"collection":[{"href":"https:\/\/www.ariasassessors.com\/ca\/wp-json\/wp\/v2\/posts"}],"about":[{"href":"https:\/\/www.ariasassessors.com\/ca\/wp-json\/wp\/v2\/types\/post"}],"author":[{"embeddable":true,"href":"https:\/\/www.ariasassessors.com\/ca\/wp-json\/wp\/v2\/users\/2"}],"replies":[{"embeddable":true,"href":"https:\/\/www.ariasassessors.com\/ca\/wp-json\/wp\/v2\/comments?post=2025"}],"version-history":[{"count":2,"href":"https:\/\/www.ariasassessors.com\/ca\/wp-json\/wp\/v2\/posts\/2025\/revisions"}],"predecessor-version":[{"id":2027,"href":"https:\/\/www.ariasassessors.com\/ca\/wp-json\/wp\/v2\/posts\/2025\/revisions\/2027"}],"wp:featuredmedia":[{"embeddable":true,"href":"https:\/\/www.ariasassessors.com\/ca\/wp-json\/wp\/v2\/media\/2023"}],"wp:attachment":[{"href":"https:\/\/www.ariasassessors.com\/ca\/wp-json\/wp\/v2\/media?parent=2025"}],"wp:term":[{"taxonomy":"category","embeddable":true,"href":"https:\/\/www.ariasassessors.com\/ca\/wp-json\/wp\/v2\/categories?post=2025"},{"taxonomy":"post_tag","embeddable":true,"href":"https:\/\/www.ariasassessors.com\/ca\/wp-json\/wp\/v2\/tags?post=2025"}],"curies":[{"name":"wp","href":"https:\/\/api.w.org\/{rel}","templated":true}]}}