{"id":2033,"date":"2022-09-05T11:29:23","date_gmt":"2022-09-05T09:29:23","guid":{"rendered":"https:\/\/www.ariasassessors.com\/nuevas-ayudas-a-empresas-para-septiembre-2022\/"},"modified":"2022-09-05T11:44:02","modified_gmt":"2022-09-05T09:44:02","slug":"noves-ajudes-a-empreses-per-a-setembre-2022","status":"publish","type":"post","link":"https:\/\/www.ariasassessors.com\/ca\/noves-ajudes-a-empreses-per-a-setembre-2022\/","title":{"rendered":"Noves ajudes a empreses per a Setembre 2022: Transportistes i Ajuda a la Transformaci\u00f3 Digital d&#8217;empreses entre 3 i 10 treballadors assalariats."},"content":{"rendered":"<div id=\"ez-toc-container\" class=\"ez-toc-v2_0_72 counter-hierarchy ez-toc-counter ez-toc-grey ez-toc-container-direction\">\n<div class=\"ez-toc-title-container\">\n<p class=\"ez-toc-title\" style=\"cursor:inherit\">\u00cdndice de Contenidos<\/p>\n<span class=\"ez-toc-title-toggle\"><a href=\"#\" class=\"ez-toc-pull-right ez-toc-btn ez-toc-btn-xs ez-toc-btn-default ez-toc-toggle\" aria-label=\"Toggle Table of Content\"><span class=\"ez-toc-js-icon-con\"><span class=\"\"><span class=\"eztoc-hide\" style=\"display:none;\">Toggle<\/span><span class=\"ez-toc-icon-toggle-span\"><svg style=\"fill: #428bca;color:#428bca\" xmlns=\"http:\/\/www.w3.org\/2000\/svg\" class=\"list-377408\" width=\"20px\" height=\"20px\" viewBox=\"0 0 24 24\" fill=\"none\"><path d=\"M6 6H4v2h2V6zm14 0H8v2h12V6zM4 11h2v2H4v-2zm16 0H8v2h12v-2zM4 16h2v2H4v-2zm16 0H8v2h12v-2z\" fill=\"currentColor\"><\/path><\/svg><svg style=\"fill: #428bca;color:#428bca\" class=\"arrow-unsorted-368013\" xmlns=\"http:\/\/www.w3.org\/2000\/svg\" width=\"10px\" height=\"10px\" viewBox=\"0 0 24 24\" version=\"1.2\" baseProfile=\"tiny\"><path d=\"M18.2 9.3l-6.2-6.3-6.2 6.3c-.2.2-.3.4-.3.7s.1.5.3.7c.2.2.4.3.7.3h11c.3 0 .5-.1.7-.3.2-.2.3-.5.3-.7s-.1-.5-.3-.7zM5.8 14.7l6.2 6.3 6.2-6.3c.2-.2.3-.5.3-.7s-.1-.5-.3-.7c-.2-.2-.4-.3-.7-.3h-11c-.3 0-.5.1-.7.3-.2.2-.3.5-.3.7s.1.5.3.7z\"\/><\/svg><\/span><\/span><\/span><\/a><\/span><\/div>\n<nav><ul class='ez-toc-list ez-toc-list-level-1 eztoc-toggle-hide-by-default' ><li class='ez-toc-page-1 ez-toc-heading-level-2'><a class=\"ez-toc-link ez-toc-heading-1\" href=\"https:\/\/www.ariasassessors.com\/ca\/noves-ajudes-a-empreses-per-a-setembre-2022\/#Noves_ajudes_a_empreses_per_a_setembre_2022_Transportistes_i_Ajuda_a_la_Transformacio_Digital_dempreses_entre_3_i_10_treballadors_assalariats\" title=\"Noves ajudes a empreses per a setembre 2022: Transportistes i Ajuda a la Transformaci\u00f3 Digital d&#8217;empreses entre 3 i 10 treballadors assalariats.\">Noves ajudes a empreses per a setembre 2022: Transportistes i Ajuda a la Transformaci\u00f3 Digital d&#8217;empreses entre 3 i 10 treballadors assalariats.<\/a><\/li><li class='ez-toc-page-1 ez-toc-heading-level-2'><a class=\"ez-toc-link ez-toc-heading-2\" href=\"https:\/\/www.ariasassessors.com\/ca\/noves-ajudes-a-empreses-per-a-setembre-2022\/#Ajudes_directes_a_empreses_i_professionals_especialment_afectats_per_la_pujada_dels_preus_dels_carburants\" title=\"Ajudes directes a empreses i professionals especialment afectats per la pujada dels preus dels carburants.\">Ajudes directes a empreses i professionals especialment afectats per la pujada dels preus dels carburants.<\/a><\/li><\/ul><\/nav><\/div>\n<h2><span class=\"ez-toc-section\" id=\"Noves_ajudes_a_empreses_per_a_setembre_2022_Transportistes_i_Ajuda_a_la_Transformacio_Digital_dempreses_entre_3_i_10_treballadors_assalariats\"><\/span>Noves ajudes a empreses per a setembre 2022: Transportistes i Ajuda a la Transformaci\u00f3 Digital d&#8217;empreses entre 3 i 10 treballadors assalariats.<span class=\"ez-toc-section-end\"><\/span><\/h2>\n<p>Resoluci\u00f3 de 29 de juliol de 2022, de la Direcci\u00f3 General de l&#8217;Entitat P\u00fablica Empresarial Red.es, M.P., per la qual es convoca les ajudes destinades a la digitalitzaci\u00f3 d&#8217;empreses del Segment II (entre 3 i menys de 10 empleats) en el marc de l&#8217;Agenda Espanya Digital 2025, el Pla de Digitalitzaci\u00f3 Pimes 2021-2025 i el Pla de Recuperaci\u00f3, Transformaci\u00f3 i Resili\u00e8ncia d&#8217;Espanya -Finan\u00e7at per la Uni\u00f3 Europea-\u00a0Next\u00a0Generation\u00a0EU (Programa Kit Digital)<\/p>\n<ul>\n<li><strong>Termini de la sol\u00b7licitud:\u00a0OBERT,\u00a002\/09\/2022<\/strong>\u00a0fins a 02\/09\/2023<\/li>\n<li><strong>Quantia:<\/strong>\u00a0L&#8217;import m\u00e0xim d&#8217;ajuda per beneficiari ser\u00e0 de sis mil euros (6.000 euros), en estar dirigides \u00fanicament al Segment II.<\/li>\n<li><strong> Tipus:\u00a0<\/strong>Convocat\u00f2ries<\/li>\n<li><strong>\u00a0Beneficiaris:\u00a0\u00a0<\/strong>\n<ul>\n<li>Empreses i aut\u00f2noms<\/li>\n<\/ul>\n<\/li>\n<li><strong>Finalitat<\/strong>:\u00a0Finan\u00e7ar l&#8217;adopci\u00f3 de solucions de digitalitzaci\u00f3 disponibles en el mercat les refer\u00e8ncies del qual es trobin accessibles en el Cat\u00e0leg de Solucions de Digitalitzaci\u00f3 del Programa Kit Digital (consultar bases reguladores).<\/li>\n<li><strong>Requisits:<\/strong>\u00a0&#8211; Tenir la consideraci\u00f3 de petita empresa o microempresa conforme al que es disposa en l&#8217;Annex I del Reglament (UE) n\u00fam. 651\/2014 de la Comissi\u00f3, de 17 de juny de 2014. &#8211; Estar inscrit en el Cens d&#8217;empresaris, professionals i retenidors de l&#8217;Ag\u00e8ncia Estatal d&#8217;Administraci\u00f3 Tribut\u00e0ria o en el cens equivalent de l&#8217;Administraci\u00f3 Tribut\u00e0ria Foral, que ha de reflectir l&#8217;activitat econ\u00f2mica efectivament desenvolupada a la data de sol\u00b7licitud de l&#8217;ajuda, i tenir l&#8217;antiguitat m\u00ednima de 6 mesos. &#8211; No tenir la consideraci\u00f3 d&#8217;empresa en crisi (article 2.18 del Reglament (UE) n\u00fam. 651\/2014, de 17 de juny de 2014, i a l&#8217;Annex II de les bases reguladores). &#8211; Estar al corrent de les obligacions tribut\u00e0ries i enfront de la Seguretat Social. &#8211; No estar subjecte a una ordre de recuperaci\u00f3 pendent despr\u00e9s d&#8217;una decisi\u00f3 pr\u00e8via de la Comissi\u00f3 Europea que hagi declarat una ajuda il\u00b7legal i incompatible amb el mercat com\u00fa. &#8211; No estar culpable en cap altra de les prohibicions previstes en l&#8217;article 13.2 de la Llei 38\/2003, de 17 de novembre, General de Subvencions. &#8211; No superar el l\u00edmit d&#8217;ajudes de minimis conforme al que es disposa en l&#8217;article 2.4 de les bases reguladores.<\/li>\n<\/ul>\n<h2><span class=\"ez-toc-section\" id=\"Ajudes_directes_a_empreses_i_professionals_especialment_afectats_per_la_pujada_dels_preus_dels_carburants\"><\/span>Ajudes directes a empreses i professionals especialment afectats per la pujada dels preus dels carburants.<span class=\"ez-toc-section-end\"><\/span><\/h2>\n<p>Reial decret llei 14\/2022, d&#8217;1 d&#8217;agost, de mesures de sostenibilitat econ\u00f2mica en l&#8217;\u00e0mbit del transport, en mat\u00e8ria de beques i ajudes a l&#8217;estudi, aix\u00ed com de mesures d&#8217;estalvi, efici\u00e8ncia energ\u00e8tica i de reducci\u00f3 de la depend\u00e8ncia energ\u00e8tica del gas natural.<\/p>\n<ul>\n<li><strong>Termini de la sol\u00b7licitud:\u00a0OBERT,\u00a004\/08\/2022<\/strong>\u00a0fins a 30\/09\/2022<\/li>\n<li><strong>Quantia:<\/strong>\u00a0A determinar atenent el n\u00famero i tipus de vehicle explotat per cada beneficiari, d&#8217;acord amb la taula continguda en la norma.<\/li>\n<li><strong>\u00a0Beneficiaris:\u00a0\u00a0<\/strong>\n<ul>\n<li>Empreses i aut\u00f2noms<\/li>\n<\/ul>\n<\/li>\n<li><strong> Finalitat:\u00a0<\/strong>Pal\u00b7liar l&#8217;efecte perjudicial de l&#8217;increment dels costos dels productes petrol\u00edfers ocasionats a conseq\u00fc\u00e8ncia de la invasi\u00f3 d&#8217;Ucra\u00efna i les sancions imposades a R\u00fassia per la seva causa.<\/li>\n<li><strong>Requisits<\/strong>:\u00a0&#8211; Podran ser beneficiaris els treballadors aut\u00f2noms i societats amb personalitat jur\u00eddica pr\u00f2pia legalment constitu\u00efdes a Espanya, que siguin titulars d&#8217;una autoritzaci\u00f3 de transport de qualsevol de les classes\u00a0VDE,\u00a0VT,\u00a0VTC,\u00a0VSE,\u00a0MDPE,\u00a0MDLE, at\u00e8s el n\u00famero i tipologia de vehicle adscrit a l&#8217;autoritzaci\u00f3 i que a data 15 de juliol de 2022, es trobin d&#8217;alta en el Registre d&#8217;Empreses i Activitats de Transport. &#8211; Tamb\u00e9 podran ser-ho els treballadors aut\u00f2noms i societats amb personalitat jur\u00eddica pr\u00f2pia legalment constitu\u00efdes a Espanya, que siguin titulars d&#8217;autobusos urbans conforme a la classificaci\u00f3 per criteris d&#8217;utilitzaci\u00f3 del Reglament General de Vehicles i que a data 15 de juliol de 2022, es trobin d&#8217;alta en el Registre de vehicles de la Prefectura central de Tr\u00e0nsit. &#8211; Tamb\u00e9 les societats mercantils de capital \u00edntegrament p\u00fablic, que prestin el servei p\u00fablic de transport urb\u00e0 de viatgers amb autob\u00fas, com mig propi de l&#8217;autoritat de transport que correspongui o com a operador intern, sempre que tals serveis es presentin en exclusiva per a aquesta autoritat de transport. &#8211; Empreses ferrovi\u00e0ries amb llic\u00e8ncia d&#8217;empresa ferrovi\u00e0ria que tinguin inscrita en el Registre Especial Ferroviari alguna locomotora amb tracci\u00f3 di\u00e8sel empleada en el transport de mercaderies en qualitat de posse\u00efdors i en estat actiu. &#8211;<\/li>\n<\/ul>\n<p>Per a obtenir m\u00e9s informaci\u00f3 per part d&#8217;<a href=\"https:\/\/www.ariasassessors.com\/\">Arias\u00a0Assessor<\/a>s\u00a0poden posar-se en contacte en el mail fiscal@ariasassessors.com que correspon a L\u00eddia i que us podr\u00e0 informar amb major precisi\u00f3 del tipus d&#8217;ajudes i com tramitar-les.<\/p>\n","protected":false},"excerpt":{"rendered":"<p>Noves ajudes a empreses per a setembre 2022: Transportistes i Ajuda a la Transformaci\u00f3 Digital d&#8217;empreses entre 3 i 10 treballadors assalariats. Resoluci\u00f3 de 29 de juliol de 2022, de la Direcci\u00f3 General de l&#8217;Entitat P\u00fablica Empresarial Red.es, M.P., per la qual es convoca les&#8230;<\/p>\n","protected":false},"author":2,"featured_media":2031,"comment_status":"open","ping_status":"open","sticky":false,"template":"","format":"standard","meta":{"footnotes":""},"categories":[4],"tags":[],"class_list":["post-2033","post","type-post","status-publish","format-standard","has-post-thumbnail","hentry","category-noticies"],"yoast_head":"<!-- This site is optimized with the Yoast SEO plugin v24.3 - https:\/\/yoast.com\/wordpress\/plugins\/seo\/ -->\n<title>Noves ajudes a empreses per a Setembre 2022: Transportistes i Ajuda a la Transformaci\u00f3 Digital d&#039;empreses entre 3 i 10 treballadors assalariats. | Arias Assessors<\/title>\n<meta name=\"description\" content=\"Al setembre arriben noves ajudes a empreses destinades a transportistes i PIMES. Si vols saber-ho tot, visita el nostre apartat d&#039;actualitat.\" \/>\n<meta name=\"robots\" content=\"index, follow, max-snippet:-1, max-image-preview:large, max-video-preview:-1\" \/>\n<link rel=\"canonical\" href=\"https:\/\/www.ariasassessors.com\/ca\/noves-ajudes-a-empreses-per-a-setembre-2022\/\" \/>\n<meta property=\"og:locale\" content=\"ca_ES\" \/>\n<meta property=\"og:type\" content=\"article\" \/>\n<meta property=\"og:title\" content=\"Noves ajudes a empreses per a Setembre 2022: Transportistes i Ajuda a la Transformaci\u00f3 Digital d&#039;empreses entre 3 i 10 treballadors assalariats. | Arias Assessors\" \/>\n<meta property=\"og:description\" content=\"Al setembre arriben noves ajudes a empreses destinades a transportistes i PIMES. Si vols saber-ho tot, visita el nostre apartat d&#039;actualitat.\" \/>\n<meta property=\"og:url\" content=\"https:\/\/www.ariasassessors.com\/ca\/noves-ajudes-a-empreses-per-a-setembre-2022\/\" \/>\n<meta property=\"og:site_name\" content=\"Arias Assessors\" \/>\n<meta property=\"article:publisher\" content=\"https:\/\/www.facebook.com\/ariasassessors\/\" \/>\n<meta property=\"article:published_time\" content=\"2022-09-05T09:29:23+00:00\" \/>\n<meta property=\"article:modified_time\" content=\"2022-09-05T09:44:02+00:00\" \/>\n<meta property=\"og:image\" content=\"https:\/\/www.ariasassessors.com\/wp-content\/uploads\/2022\/09\/Arias_Blog_IMAGEN_DESTACADA-8-1.jpg\" \/>\n\t<meta property=\"og:image:width\" content=\"1920\" \/>\n\t<meta property=\"og:image:height\" content=\"1202\" \/>\n\t<meta property=\"og:image:type\" content=\"image\/jpeg\" \/>\n<meta name=\"author\" content=\"btorras\" \/>\n<meta name=\"twitter:card\" content=\"summary_large_image\" \/>\n<meta name=\"twitter:creator\" content=\"@ariasassessors\" \/>\n<meta name=\"twitter:site\" content=\"@ariasassessors\" \/>\n<meta name=\"twitter:label1\" content=\"Escrit per\" \/>\n\t<meta name=\"twitter:data1\" content=\"btorras\" \/>\n\t<meta name=\"twitter:label2\" content=\"Temps estimat de lectura\" \/>\n\t<meta name=\"twitter:data2\" content=\"4 minuts\" \/>\n<script type=\"application\/ld+json\" class=\"yoast-schema-graph\">{\"@context\":\"https:\/\/schema.org\",\"@graph\":[{\"@type\":\"Article\",\"@id\":\"https:\/\/www.ariasassessors.com\/ca\/noves-ajudes-a-empreses-per-a-setembre-2022\/#article\",\"isPartOf\":{\"@id\":\"https:\/\/www.ariasassessors.com\/ca\/noves-ajudes-a-empreses-per-a-setembre-2022\/\"},\"author\":{\"name\":\"btorras\",\"@id\":\"https:\/\/www.ariasassessors.com\/#\/schema\/person\/63c6ad1775f0a9413c37932562673cef\"},\"headline\":\"Noves ajudes a empreses per a Setembre 2022: Transportistes i Ajuda a la Transformaci\u00f3 Digital d&#8217;empreses entre 3 i 10 treballadors assalariats.\",\"datePublished\":\"2022-09-05T09:29:23+00:00\",\"dateModified\":\"2022-09-05T09:44:02+00:00\",\"mainEntityOfPage\":{\"@id\":\"https:\/\/www.ariasassessors.com\/ca\/noves-ajudes-a-empreses-per-a-setembre-2022\/\"},\"wordCount\":770,\"commentCount\":0,\"publisher\":{\"@id\":\"https:\/\/www.ariasassessors.com\/#organization\"},\"image\":{\"@id\":\"https:\/\/www.ariasassessors.com\/ca\/noves-ajudes-a-empreses-per-a-setembre-2022\/#primaryimage\"},\"thumbnailUrl\":\"https:\/\/www.ariasassessors.com\/wp-content\/uploads\/2022\/09\/Arias_Blog_IMAGEN_DESTACADA-8-1.jpg\",\"articleSection\":[\"noticies\"],\"inLanguage\":\"ca\",\"potentialAction\":[{\"@type\":\"CommentAction\",\"name\":\"Comment\",\"target\":[\"https:\/\/www.ariasassessors.com\/ca\/noves-ajudes-a-empreses-per-a-setembre-2022\/#respond\"]}]},{\"@type\":\"WebPage\",\"@id\":\"https:\/\/www.ariasassessors.com\/ca\/noves-ajudes-a-empreses-per-a-setembre-2022\/\",\"url\":\"https:\/\/www.ariasassessors.com\/ca\/noves-ajudes-a-empreses-per-a-setembre-2022\/\",\"name\":\"Noves ajudes a empreses per a Setembre 2022: Transportistes i Ajuda a la Transformaci\u00f3 Digital d'empreses entre 3 i 10 treballadors assalariats. | Arias Assessors\",\"isPartOf\":{\"@id\":\"https:\/\/www.ariasassessors.com\/#website\"},\"primaryImageOfPage\":{\"@id\":\"https:\/\/www.ariasassessors.com\/ca\/noves-ajudes-a-empreses-per-a-setembre-2022\/#primaryimage\"},\"image\":{\"@id\":\"https:\/\/www.ariasassessors.com\/ca\/noves-ajudes-a-empreses-per-a-setembre-2022\/#primaryimage\"},\"thumbnailUrl\":\"https:\/\/www.ariasassessors.com\/wp-content\/uploads\/2022\/09\/Arias_Blog_IMAGEN_DESTACADA-8-1.jpg\",\"datePublished\":\"2022-09-05T09:29:23+00:00\",\"dateModified\":\"2022-09-05T09:44:02+00:00\",\"description\":\"Al setembre arriben noves ajudes a empreses destinades a transportistes i PIMES. Si vols saber-ho tot, visita el nostre apartat d'actualitat.\",\"breadcrumb\":{\"@id\":\"https:\/\/www.ariasassessors.com\/ca\/noves-ajudes-a-empreses-per-a-setembre-2022\/#breadcrumb\"},\"inLanguage\":\"ca\",\"potentialAction\":[{\"@type\":\"ReadAction\",\"target\":[\"https:\/\/www.ariasassessors.com\/ca\/noves-ajudes-a-empreses-per-a-setembre-2022\/\"]}]},{\"@type\":\"ImageObject\",\"inLanguage\":\"ca\",\"@id\":\"https:\/\/www.ariasassessors.com\/ca\/noves-ajudes-a-empreses-per-a-setembre-2022\/#primaryimage\",\"url\":\"https:\/\/www.ariasassessors.com\/wp-content\/uploads\/2022\/09\/Arias_Blog_IMAGEN_DESTACADA-8-1.jpg\",\"contentUrl\":\"https:\/\/www.ariasassessors.com\/wp-content\/uploads\/2022\/09\/Arias_Blog_IMAGEN_DESTACADA-8-1.jpg\",\"width\":1920,\"height\":1202,\"caption\":\"ayudas a empresas\"},{\"@type\":\"BreadcrumbList\",\"@id\":\"https:\/\/www.ariasassessors.com\/ca\/noves-ajudes-a-empreses-per-a-setembre-2022\/#breadcrumb\",\"itemListElement\":[{\"@type\":\"ListItem\",\"position\":1,\"name\":\"Portada\",\"item\":\"https:\/\/www.ariasassessors.com\/ca\/\"},{\"@type\":\"ListItem\",\"position\":2,\"name\":\"Noves ajudes a empreses per a Setembre 2022: Transportistes i Ajuda a la Transformaci\u00f3 Digital d&#8217;empreses entre 3 i 10 treballadors assalariats.\"}]},{\"@type\":\"WebSite\",\"@id\":\"https:\/\/www.ariasassessors.com\/#website\",\"url\":\"https:\/\/www.ariasassessors.com\/\",\"name\":\"Arias Assessors\",\"description\":\"Asesor\u00eda para aut\u00f3nomos, profesionales y PYMES\",\"publisher\":{\"@id\":\"https:\/\/www.ariasassessors.com\/#organization\"},\"potentialAction\":[{\"@type\":\"SearchAction\",\"target\":{\"@type\":\"EntryPoint\",\"urlTemplate\":\"https:\/\/www.ariasassessors.com\/?s={search_term_string}\"},\"query-input\":{\"@type\":\"PropertyValueSpecification\",\"valueRequired\":true,\"valueName\":\"search_term_string\"}}],\"inLanguage\":\"ca\"},{\"@type\":\"Organization\",\"@id\":\"https:\/\/www.ariasassessors.com\/#organization\",\"name\":\"Arias Assessors\",\"url\":\"https:\/\/www.ariasassessors.com\/\",\"logo\":{\"@type\":\"ImageObject\",\"inLanguage\":\"ca\",\"@id\":\"https:\/\/www.ariasassessors.com\/#\/schema\/logo\/image\/\",\"url\":\"https:\/\/www.ariasassessors.com\/wp-content\/uploads\/2019\/01\/arias-logo.png\",\"contentUrl\":\"https:\/\/www.ariasassessors.com\/wp-content\/uploads\/2019\/01\/arias-logo.png\",\"width\":349,\"height\":254,\"caption\":\"Arias Assessors\"},\"image\":{\"@id\":\"https:\/\/www.ariasassessors.com\/#\/schema\/logo\/image\/\"},\"sameAs\":[\"https:\/\/www.facebook.com\/ariasassessors\/\",\"https:\/\/x.com\/ariasassessors\",\"https:\/\/www.linkedin.com\/company\/r&amp;amp;r-growing-knowledge\/\"]},{\"@type\":\"Person\",\"@id\":\"https:\/\/www.ariasassessors.com\/#\/schema\/person\/63c6ad1775f0a9413c37932562673cef\",\"name\":\"btorras\",\"image\":{\"@type\":\"ImageObject\",\"inLanguage\":\"ca\",\"@id\":\"https:\/\/www.ariasassessors.com\/#\/schema\/person\/image\/\",\"url\":\"https:\/\/secure.gravatar.com\/avatar\/0531db351fc361fdbfd204c58fa2d6a3?s=96&d=mm&r=g\",\"contentUrl\":\"https:\/\/secure.gravatar.com\/avatar\/0531db351fc361fdbfd204c58fa2d6a3?s=96&d=mm&r=g\",\"caption\":\"btorras\"}}]}<\/script>\n<!-- \/ Yoast SEO plugin. -->","yoast_head_json":{"title":"Noves ajudes a empreses per a Setembre 2022: Transportistes i Ajuda a la Transformaci\u00f3 Digital d'empreses entre 3 i 10 treballadors assalariats. | Arias Assessors","description":"Al setembre arriben noves ajudes a empreses destinades a transportistes i PIMES. Si vols saber-ho tot, visita el nostre apartat d'actualitat.","robots":{"index":"index","follow":"follow","max-snippet":"max-snippet:-1","max-image-preview":"max-image-preview:large","max-video-preview":"max-video-preview:-1"},"canonical":"https:\/\/www.ariasassessors.com\/ca\/noves-ajudes-a-empreses-per-a-setembre-2022\/","og_locale":"ca_ES","og_type":"article","og_title":"Noves ajudes a empreses per a Setembre 2022: Transportistes i Ajuda a la Transformaci\u00f3 Digital d'empreses entre 3 i 10 treballadors assalariats. | Arias Assessors","og_description":"Al setembre arriben noves ajudes a empreses destinades a transportistes i PIMES. Si vols saber-ho tot, visita el nostre apartat d'actualitat.","og_url":"https:\/\/www.ariasassessors.com\/ca\/noves-ajudes-a-empreses-per-a-setembre-2022\/","og_site_name":"Arias Assessors","article_publisher":"https:\/\/www.facebook.com\/ariasassessors\/","article_published_time":"2022-09-05T09:29:23+00:00","article_modified_time":"2022-09-05T09:44:02+00:00","og_image":[{"width":1920,"height":1202,"url":"https:\/\/www.ariasassessors.com\/wp-content\/uploads\/2022\/09\/Arias_Blog_IMAGEN_DESTACADA-8-1.jpg","type":"image\/jpeg"}],"author":"btorras","twitter_card":"summary_large_image","twitter_creator":"@ariasassessors","twitter_site":"@ariasassessors","twitter_misc":{"Escrit per":"btorras","Temps estimat de lectura":"4 minuts"},"schema":{"@context":"https:\/\/schema.org","@graph":[{"@type":"Article","@id":"https:\/\/www.ariasassessors.com\/ca\/noves-ajudes-a-empreses-per-a-setembre-2022\/#article","isPartOf":{"@id":"https:\/\/www.ariasassessors.com\/ca\/noves-ajudes-a-empreses-per-a-setembre-2022\/"},"author":{"name":"btorras","@id":"https:\/\/www.ariasassessors.com\/#\/schema\/person\/63c6ad1775f0a9413c37932562673cef"},"headline":"Noves ajudes a empreses per a Setembre 2022: Transportistes i Ajuda a la Transformaci\u00f3 Digital d&#8217;empreses entre 3 i 10 treballadors assalariats.","datePublished":"2022-09-05T09:29:23+00:00","dateModified":"2022-09-05T09:44:02+00:00","mainEntityOfPage":{"@id":"https:\/\/www.ariasassessors.com\/ca\/noves-ajudes-a-empreses-per-a-setembre-2022\/"},"wordCount":770,"commentCount":0,"publisher":{"@id":"https:\/\/www.ariasassessors.com\/#organization"},"image":{"@id":"https:\/\/www.ariasassessors.com\/ca\/noves-ajudes-a-empreses-per-a-setembre-2022\/#primaryimage"},"thumbnailUrl":"https:\/\/www.ariasassessors.com\/wp-content\/uploads\/2022\/09\/Arias_Blog_IMAGEN_DESTACADA-8-1.jpg","articleSection":["noticies"],"inLanguage":"ca","potentialAction":[{"@type":"CommentAction","name":"Comment","target":["https:\/\/www.ariasassessors.com\/ca\/noves-ajudes-a-empreses-per-a-setembre-2022\/#respond"]}]},{"@type":"WebPage","@id":"https:\/\/www.ariasassessors.com\/ca\/noves-ajudes-a-empreses-per-a-setembre-2022\/","url":"https:\/\/www.ariasassessors.com\/ca\/noves-ajudes-a-empreses-per-a-setembre-2022\/","name":"Noves ajudes a empreses per a Setembre 2022: Transportistes i Ajuda a la Transformaci\u00f3 Digital d'empreses entre 3 i 10 treballadors assalariats. | Arias Assessors","isPartOf":{"@id":"https:\/\/www.ariasassessors.com\/#website"},"primaryImageOfPage":{"@id":"https:\/\/www.ariasassessors.com\/ca\/noves-ajudes-a-empreses-per-a-setembre-2022\/#primaryimage"},"image":{"@id":"https:\/\/www.ariasassessors.com\/ca\/noves-ajudes-a-empreses-per-a-setembre-2022\/#primaryimage"},"thumbnailUrl":"https:\/\/www.ariasassessors.com\/wp-content\/uploads\/2022\/09\/Arias_Blog_IMAGEN_DESTACADA-8-1.jpg","datePublished":"2022-09-05T09:29:23+00:00","dateModified":"2022-09-05T09:44:02+00:00","description":"Al setembre arriben noves ajudes a empreses destinades a transportistes i PIMES. Si vols saber-ho tot, visita el nostre apartat d'actualitat.","breadcrumb":{"@id":"https:\/\/www.ariasassessors.com\/ca\/noves-ajudes-a-empreses-per-a-setembre-2022\/#breadcrumb"},"inLanguage":"ca","potentialAction":[{"@type":"ReadAction","target":["https:\/\/www.ariasassessors.com\/ca\/noves-ajudes-a-empreses-per-a-setembre-2022\/"]}]},{"@type":"ImageObject","inLanguage":"ca","@id":"https:\/\/www.ariasassessors.com\/ca\/noves-ajudes-a-empreses-per-a-setembre-2022\/#primaryimage","url":"https:\/\/www.ariasassessors.com\/wp-content\/uploads\/2022\/09\/Arias_Blog_IMAGEN_DESTACADA-8-1.jpg","contentUrl":"https:\/\/www.ariasassessors.com\/wp-content\/uploads\/2022\/09\/Arias_Blog_IMAGEN_DESTACADA-8-1.jpg","width":1920,"height":1202,"caption":"ayudas a empresas"},{"@type":"BreadcrumbList","@id":"https:\/\/www.ariasassessors.com\/ca\/noves-ajudes-a-empreses-per-a-setembre-2022\/#breadcrumb","itemListElement":[{"@type":"ListItem","position":1,"name":"Portada","item":"https:\/\/www.ariasassessors.com\/ca\/"},{"@type":"ListItem","position":2,"name":"Noves ajudes a empreses per a Setembre 2022: Transportistes i Ajuda a la Transformaci\u00f3 Digital d&#8217;empreses entre 3 i 10 treballadors assalariats."}]},{"@type":"WebSite","@id":"https:\/\/www.ariasassessors.com\/#website","url":"https:\/\/www.ariasassessors.com\/","name":"Arias Assessors","description":"Asesor\u00eda para aut\u00f3nomos, profesionales y PYMES","publisher":{"@id":"https:\/\/www.ariasassessors.com\/#organization"},"potentialAction":[{"@type":"SearchAction","target":{"@type":"EntryPoint","urlTemplate":"https:\/\/www.ariasassessors.com\/?s={search_term_string}"},"query-input":{"@type":"PropertyValueSpecification","valueRequired":true,"valueName":"search_term_string"}}],"inLanguage":"ca"},{"@type":"Organization","@id":"https:\/\/www.ariasassessors.com\/#organization","name":"Arias Assessors","url":"https:\/\/www.ariasassessors.com\/","logo":{"@type":"ImageObject","inLanguage":"ca","@id":"https:\/\/www.ariasassessors.com\/#\/schema\/logo\/image\/","url":"https:\/\/www.ariasassessors.com\/wp-content\/uploads\/2019\/01\/arias-logo.png","contentUrl":"https:\/\/www.ariasassessors.com\/wp-content\/uploads\/2019\/01\/arias-logo.png","width":349,"height":254,"caption":"Arias Assessors"},"image":{"@id":"https:\/\/www.ariasassessors.com\/#\/schema\/logo\/image\/"},"sameAs":["https:\/\/www.facebook.com\/ariasassessors\/","https:\/\/x.com\/ariasassessors","https:\/\/www.linkedin.com\/company\/r&amp;amp;r-growing-knowledge\/"]},{"@type":"Person","@id":"https:\/\/www.ariasassessors.com\/#\/schema\/person\/63c6ad1775f0a9413c37932562673cef","name":"btorras","image":{"@type":"ImageObject","inLanguage":"ca","@id":"https:\/\/www.ariasassessors.com\/#\/schema\/person\/image\/","url":"https:\/\/secure.gravatar.com\/avatar\/0531db351fc361fdbfd204c58fa2d6a3?s=96&d=mm&r=g","contentUrl":"https:\/\/secure.gravatar.com\/avatar\/0531db351fc361fdbfd204c58fa2d6a3?s=96&d=mm&r=g","caption":"btorras"}}]}},"_links":{"self":[{"href":"https:\/\/www.ariasassessors.com\/ca\/wp-json\/wp\/v2\/posts\/2033","targetHints":{"allow":["GET"]}}],"collection":[{"href":"https:\/\/www.ariasassessors.com\/ca\/wp-json\/wp\/v2\/posts"}],"about":[{"href":"https:\/\/www.ariasassessors.com\/ca\/wp-json\/wp\/v2\/types\/post"}],"author":[{"embeddable":true,"href":"https:\/\/www.ariasassessors.com\/ca\/wp-json\/wp\/v2\/users\/2"}],"replies":[{"embeddable":true,"href":"https:\/\/www.ariasassessors.com\/ca\/wp-json\/wp\/v2\/comments?post=2033"}],"version-history":[{"count":3,"href":"https:\/\/www.ariasassessors.com\/ca\/wp-json\/wp\/v2\/posts\/2033\/revisions"}],"predecessor-version":[{"id":2036,"href":"https:\/\/www.ariasassessors.com\/ca\/wp-json\/wp\/v2\/posts\/2033\/revisions\/2036"}],"wp:featuredmedia":[{"embeddable":true,"href":"https:\/\/www.ariasassessors.com\/ca\/wp-json\/wp\/v2\/media\/2031"}],"wp:attachment":[{"href":"https:\/\/www.ariasassessors.com\/ca\/wp-json\/wp\/v2\/media?parent=2033"}],"wp:term":[{"taxonomy":"category","embeddable":true,"href":"https:\/\/www.ariasassessors.com\/ca\/wp-json\/wp\/v2\/categories?post=2033"},{"taxonomy":"post_tag","embeddable":true,"href":"https:\/\/www.ariasassessors.com\/ca\/wp-json\/wp\/v2\/tags?post=2033"}],"curies":[{"name":"wp","href":"https:\/\/api.w.org\/{rel}","templated":true}]}}