{"id":2071,"date":"2022-09-29T11:22:48","date_gmt":"2022-09-29T09:22:48","guid":{"rendered":"https:\/\/www.ariasassessors.com\/extranjeros-en-espana\/"},"modified":"2022-09-29T11:39:51","modified_gmt":"2022-09-29T09:39:51","slug":"estrangers-a-espanya","status":"publish","type":"post","link":"https:\/\/www.ariasassessors.com\/ca\/estrangers-a-espanya\/","title":{"rendered":"ESTRANGERS A ESPANYA: 4 PROCEDIMENTS ESPECIALS PER A OBTENIR UNA AUTORITZACI\u00d3 DE RESID\u00c8NCIA TEMPORAL A ESPANYA"},"content":{"rendered":"<p>Els <strong>estrangers a Espanya<\/strong> podran obtenir una <strong>autoritzaci\u00f3 de resid\u00e8ncia per circumst\u00e0ncies excepcionals<\/strong>\u00a0regulada en el t\u00edtol V, articles 123 a 146 del Real\u00a0<a href=\"https:\/\/www.iberley.es\/legislacion\/real-decreto-557-2011-20-abr-reglamento-4-2000-sobre-derechos-libertades-extranjeros-espana-integracion-social-8781933\">Decret 557\/2011, de 20 d&#8217;abril<\/a>, pel qual s&#8217;aprova el Reglament de la Llei org\u00e0nica 4\/2000, sobre drets i llibertats dels estrangers a Espanya i la seva integraci\u00f3 social (d&#8217;ara endavant,\u00a0RELOEX). Dins de les circumst\u00e0ncies excepcionals, l&#8217;article 123 del\u00a0RELOEX\u00a0fa refer\u00e8ncia a\u00a0<strong>sup\u00f2sits d&#8217;arrelament, protecci\u00f3 internacional, raons humanit\u00e0ries, col\u00b7laboraci\u00f3 amb autoritats p\u00fabliques o raons de seguretat nacional o inter\u00e8s p\u00fablic.<\/strong><\/p>\n<p>Concretament, pel que fa a l&#8217;autoritzaci\u00f3 de resid\u00e8ncia temporal per raons d&#8217;arrelament, cal referir-se a l&#8217;article 124 del\u00a0RELOEX\u00a0en el qual s&#8217;analitzen els requisits necessaris per a l&#8217;obtenci\u00f3 d&#8217;aquella segons el tipus d&#8217;arrelament de qu\u00e8 es tracti.<\/p>\n<p><strong>A TENIR EN COMPTE.<\/strong>\u00a0L&#8217;article 124 del\u00a0RELOEX\u00a0ha estat<strong> modificat pel <a href=\"https:\/\/www.iberley.es\/legislacion\/real-decreto-629-2022-26-jul-modificacion-reglamento-loex-27132423\">Reial decret 629\/2022, de 26 de juliol<\/a>, en vigor a partir del 16 d&#8217;agost de 2022<\/strong>,\u00a0reforma que, entre altres aspectes, incorpora als tipus d&#8217;arrelament, l&#8217;anomenat\u00a0<strong>arrelament per a la formaci\u00f3.<\/strong><\/p>\n<div id=\"ez-toc-container\" class=\"ez-toc-v2_0_72 counter-hierarchy ez-toc-counter ez-toc-grey ez-toc-container-direction\">\n<div class=\"ez-toc-title-container\">\n<p class=\"ez-toc-title\" style=\"cursor:inherit\">\u00cdndice de Contenidos<\/p>\n<span class=\"ez-toc-title-toggle\"><a href=\"#\" class=\"ez-toc-pull-right ez-toc-btn ez-toc-btn-xs ez-toc-btn-default ez-toc-toggle\" aria-label=\"Toggle Table of Content\"><span class=\"ez-toc-js-icon-con\"><span class=\"\"><span class=\"eztoc-hide\" style=\"display:none;\">Toggle<\/span><span class=\"ez-toc-icon-toggle-span\"><svg style=\"fill: #428bca;color:#428bca\" xmlns=\"http:\/\/www.w3.org\/2000\/svg\" class=\"list-377408\" width=\"20px\" height=\"20px\" viewBox=\"0 0 24 24\" fill=\"none\"><path d=\"M6 6H4v2h2V6zm14 0H8v2h12V6zM4 11h2v2H4v-2zm16 0H8v2h12v-2zM4 16h2v2H4v-2zm16 0H8v2h12v-2z\" fill=\"currentColor\"><\/path><\/svg><svg style=\"fill: #428bca;color:#428bca\" class=\"arrow-unsorted-368013\" xmlns=\"http:\/\/www.w3.org\/2000\/svg\" width=\"10px\" height=\"10px\" viewBox=\"0 0 24 24\" version=\"1.2\" baseProfile=\"tiny\"><path d=\"M18.2 9.3l-6.2-6.3-6.2 6.3c-.2.2-.3.4-.3.7s.1.5.3.7c.2.2.4.3.7.3h11c.3 0 .5-.1.7-.3.2-.2.3-.5.3-.7s-.1-.5-.3-.7zM5.8 14.7l6.2 6.3 6.2-6.3c.2-.2.3-.5.3-.7s-.1-.5-.3-.7c-.2-.2-.4-.3-.7-.3h-11c-.3 0-.5.1-.7.3-.2.2-.3.5-.3.7s.1.5.3.7z\"\/><\/svg><\/span><\/span><\/span><\/a><\/span><\/div>\n<nav><ul class='ez-toc-list ez-toc-list-level-1 eztoc-toggle-hide-by-default' ><li class='ez-toc-page-1 ez-toc-heading-level-2'><a class=\"ez-toc-link ez-toc-heading-1\" href=\"https:\/\/www.ariasassessors.com\/ca\/estrangers-a-espanya\/#Quins_tipus_darrelament_existeixen\" title=\"Quins tipus d&#8217;arrelament existeixen?\">Quins tipus d&#8217;arrelament existeixen?<\/a><ul class='ez-toc-list-level-3' ><li class='ez-toc-heading-level-3'><a class=\"ez-toc-link ez-toc-heading-2\" href=\"https:\/\/www.ariasassessors.com\/ca\/estrangers-a-espanya\/#a_Arrelament_laboral\" title=\"a) Arrelament laboral\">a) Arrelament laboral<\/a><\/li><li class='ez-toc-page-1 ez-toc-heading-level-3'><a class=\"ez-toc-link ez-toc-heading-3\" href=\"https:\/\/www.ariasassessors.com\/ca\/estrangers-a-espanya\/#b_Arrelament_social\" title=\"b) Arrelament social\">b) Arrelament social<\/a><\/li><li class='ez-toc-page-1 ez-toc-heading-level-3'><a class=\"ez-toc-link ez-toc-heading-4\" href=\"https:\/\/www.ariasassessors.com\/ca\/estrangers-a-espanya\/#c_Arrelament_familiar_quan_existeix\" title=\"c) Arrelament familiar, quan existeix?\">c) Arrelament familiar, quan existeix?<\/a><\/li><li class='ez-toc-page-1 ez-toc-heading-level-3'><a class=\"ez-toc-link ez-toc-heading-5\" href=\"https:\/\/www.ariasassessors.com\/ca\/estrangers-a-espanya\/#d_Arrelament_per_a_la_formacio_Novetat_introduida_pel_Reial_decret_6292022_de_26_de_juliol\" title=\"d) Arrelament per a la formaci\u00f3. Novetat introdu\u00efda pel Reial decret 629\/2022, de 26 de juliol\">d) Arrelament per a la formaci\u00f3. Novetat introdu\u00efda pel Reial decret 629\/2022, de 26 de juliol<\/a><\/li><\/ul><\/li><\/ul><\/nav><\/div>\n<h2><span class=\"ez-toc-section\" id=\"Quins_tipus_darrelament_existeixen\"><\/span>Quins tipus d&#8217;arrelament existeixen?<span class=\"ez-toc-section-end\"><\/span><\/h2>\n<p>Per a l&#8217;obtenci\u00f3 d&#8217;una autoritzaci\u00f3 de resid\u00e8ncia temporal per raons d&#8217;arrelament es distingeixen els seg\u00fcents tipus:<\/p>\n<ol>\n<li>\n<h3><span class=\"ez-toc-section\" id=\"a_Arrelament_laboral\"><\/span><strong><u>a) Arrelament laboral<\/u><\/strong><span class=\"ez-toc-section-end\"><\/span><\/h3>\n<\/li>\n<\/ol>\n<p>En aquests casos, per a obtenir l&#8217;autoritzaci\u00f3, s&#8217;exigeix que els estrangers:<\/p>\n<ul>\n<li>Acreditin la\u00a0<strong>perman\u00e8ncia continuada a Espanya durant un m\u00ednim de 2 anys.<\/strong><\/li>\n<li>Manquin d&#8217;antecedents penals a Espanya i al seu pa\u00eds d&#8217;origen o al pa\u00eds o pa\u00efsos en qu\u00e8 hagi residit durant els \u00faltims 5 anys.<\/li>\n<li>Demostrin l&#8217;exist\u00e8ncia de relacions laborals la durada de les quals no sigui inferior a 6 mesos.<\/li>\n<li>Es troben en situaci\u00f3 d&#8217;irregularitat en el moment de la sol\u00b7licitud, requisit incorporat pel Reial decret 629\/2022, de 26 de juliol.<\/li>\n<\/ul>\n<p>Als efectes anteriors,\u00a0<strong>com s&#8217;acredita la relaci\u00f3 laboral i la seva durada?<\/strong>\u00a0En aquests casos, l&#8217;interessat haur\u00e0 de presentar qualsevol mitj\u00e0 de prova que acrediti l&#8217;exist\u00e8ncia d&#8217;una relaci\u00f3 laboral pr\u00e8via realitzada en situaci\u00f3 legal d&#8217;estada o resid\u00e8ncia.<\/p>\n<ol>\n<li>\n<h3><span class=\"ez-toc-section\" id=\"b_Arrelament_social\"><\/span><strong><u>b) Arrelament social<\/u><\/strong><span class=\"ez-toc-section-end\"><\/span><\/h3>\n<\/li>\n<\/ol>\n<p>Els estrangers a Espanya acreditaran la <strong>perman\u00e8ncia continuada a Espanya durant un per\u00edode m\u00ednim de 3 anys.<\/strong> Aix\u00ed mateix, han de complir de manera acumulativa els requisits seg\u00fcents.<\/p>\n<p><strong>En\u00a0primer lloc,\u00a0mancar d&#8217;antecedents penals<\/strong> a Espanya i al seu pa\u00eds d&#8217;origen o al pa\u00eds o pa\u00efsos en qu\u00e8 hagi residit durant els \u00faltims 5 anys.\u00a0Es parla d&#8217;antecedents penals, excloent aix\u00ed el cas que existeixin antecedents policials, com s&#8217;infereix de\u00a0<strong><a href=\"https:\/\/www.iberley.es\/jurisprudencia\/sentencia-administrativo-n-303-2020-ts-sala-contencioso-sec-5-rec-871-2019-02-03-2020-48130081\">la sent\u00e8ncia del Tribunal Suprem n\u00fam. 303\/2020, de 2 de mar\u00e7,\u00a0ECLI:\u00c9S:TS:2020:801:<\/a><\/strong><\/p>\n<p><em>\u00abEls antecedents policials -tret que, per la seva reiteraci\u00f3 i\/o gravetat, evidenci\u00efn que el sol\u00b7licitant representa un perill per a l&#8221;ordre p\u00fablic&#8217; o la &#8216;seguretat p\u00fablica&#8217;, en el sentit que \u00e9s interpretat pel TJUE, i que hem transcrit m\u00e9s amunt- no constitueixen causa de denegaci\u00f3 d&#8217;una sol\u00b7licitud de primera autoritzaci\u00f3 de resid\u00e8ncia per circumst\u00e0ncies excepcionals d&#8217;arrelament social\u00bb<\/em><\/p>\n<p>En\u00a0<strong>segon lloc<\/strong>, s&#8217;exigeix tenir\u00a0un\u00a0<strong>contracte de treball<\/strong> signat pel treballador i l&#8217;empresari que, despr\u00e9s de la citada reforma, ha de garantir almenys el salari m\u00ednim interprofessional o el salari previst en el conveni col\u00b7lectiu, en el moment de la sol\u00b7licitud, la suma de la qual ha de representar una jornada setmanal no inferior a 30 hores en el c\u00f2mput global i garantir el salari m\u00ednim interprofessional. El contracte podr\u00e0 tenir una durada de m\u00ednim 20 hores en els casos que acrediti tenir a c\u00e0rrec menors o persones que requereixin mesures de suport per a l&#8217;exercici de la seva capacitat jur\u00eddica. Existeixen dos casos en els quals s&#8217;admet la presentaci\u00f3 de m\u00e9s d&#8217;un contracte de treball, quins s\u00f3n:<\/p>\n<ul>\n<li>En el cas de sector agrari, contractes amb diferents ocupadors i concatenats, cadascun d&#8217;ells:<\/li>\n<li>En el cas de desenvolupament d&#8217;activitats en una mateixa o diferent ocupaci\u00f3, treballant parcialment i de manera simult\u00e0nia per a m\u00e9s d&#8217;un ocupador.<\/li>\n<\/ul>\n<p>En\u00a0<strong>tercer lloc<\/strong>, tenir\u00a0<strong>vincles familiars<\/strong>\u00a0amb altres estrangers residents o presentar un\u00a0<strong>informe d&#8217;arrelament<\/strong>\u00a0que acrediti la seva integraci\u00f3 social.<\/p>\n<ol>\n<li>\n<h3><span class=\"ez-toc-section\" id=\"c_Arrelament_familiar_quan_existeix\"><\/span><strong><u>c) Arrelament familiar, quan existeix?<\/u><\/strong><span class=\"ez-toc-section-end\"><\/span><\/h3>\n<\/li>\n<\/ol>\n<p>S&#8217;ent\u00e9n que existeix arrelament familiar, despr\u00e9s de la reforma pel<a href=\"https:\/\/www.iberley.es\/legislacion\/real-decreto-629-2022-26-jul-modificacion-reglamento-loex-27132423\"> Reial\u00a0 decret 629\/2022, de 26 de juliol<\/a>, en els casos seg\u00fcent<\/p>\n<ul>\n<li>Quan es tracti de\u00a0<strong>pare o mare, o tutor, d&#8217;un menor de nacionalitat espanyola<\/strong>, sempre que la persona progenitora o tutora sol\u00b7licitant tingui a c\u00e0rrec al menor i convisqui amb aquest o estigui al corrent de les obligacions paternofilials respecte al mateix. Aix\u00ed com, quan es tracti de<strong>\u00a0persona que doni suport a la persona amb discapacitat de nacionalitat espanyola per a l&#8217;exercici de la seva capacitat jur\u00eddica<\/strong>, sempre que la persona sol\u00b7licitant que presta aquest suport tingui a c\u00e0rrec a la persona amb discapacitat i convisqui amb ella. En aquest sup\u00f2sit es concedir\u00e0 una autoritzaci\u00f3 per cinc anys que habilita a treballar per compte d&#8217;altri i per compte propi.<\/li>\n<li>Quan es tracti del <strong>c\u00f2njuge o parella de fet<\/strong> acreditada de ciutad\u00e0 o ciutadana de nacionalitat espanyola. Tamb\u00e9 quan es tracti d&#8217;<strong>ascendents majors de 65 anys, o menors de 65 anys a c\u00e0rrec, descendents menors de 21 anys, o majors de 21 anys a c\u00e0rrec, de ciutad\u00e0 o ciutadana de nacionalitat espanyola<\/strong>, o del seu c\u00f2njuge o parella de fet. Es concedir\u00e0 una autoritzaci\u00f3 per cinc anys que habilita a treballar per compte d&#8217;altri i pr\u00f2pia.<\/li>\n<li>Quan es tracti de\u00a0<strong>fills de pare o mare que haguessin estat origin\u00e0riament espanyols.<\/strong><\/li>\n<\/ul>\n<p>&nbsp;<\/p>\n<ol>\n<li>\n<h3><span class=\"ez-toc-section\" id=\"d_Arrelament_per_a_la_formacio_Novetat_introduida_pel_Reial_decret_6292022_de_26_de_juliol\"><\/span><strong><u>d) Arrelament per a la formaci\u00f3. Novetat introdu\u00efda pel <a href=\"https:\/\/www.iberley.es\/legislacion\/real-decreto-629-2022-26-jul-modificacion-reglamento-loex-27132423\">Reial decret 629\/2022, de 26 de juliol<\/a><\/u><\/strong><span class=\"ez-toc-section-end\"><\/span><\/h3>\n<\/li>\n<\/ol>\n<p>Els estrangers a Espanya, podran obtenir una <strong>autoritzaci\u00f3 de resid\u00e8ncia, per un per\u00edode de 12 mesos, els estrangers que acreditin la perman\u00e8ncia continuada a Espanya durant un m\u00ednim de 2 anys<\/strong>, devent, a m\u00e9s,\u00a0c<strong>omplir de manera acumulativa els seg\u00fcents requisits:<\/strong><\/p>\n<ul>\n<li><strong>Mancar d&#8217;antecedents\u00a0penals<\/strong>\u00a0a Espanya i al seu pa\u00eds d&#8217;origen o al pa\u00eds o pa\u00efsos en qu\u00e8 hagi residit durant els \u00faltims cinc anys.<\/li>\n<li><strong>Comprometre&#8217;s a<\/strong>:\n<ul>\n<li>Realitzar una formaci\u00f3 reglada per a l&#8217;ocupaci\u00f3 o a obtenir un certificat de professionalitat, o una formaci\u00f3 conduent a l&#8217;obtenci\u00f3 de la certificaci\u00f3 d&#8217;aptitud t\u00e8cnica o habilitaci\u00f3 professional necess\u00e0ria per a l&#8217;exercici d&#8217;una ocupaci\u00f3 espec\u00edfica o una promoguda pels serveis p\u00fablics d&#8217;ocupaci\u00f3 i orientada a l&#8217;acompliment d&#8217;ocupacions incloses en el cat\u00e0leg al qual es refereix l&#8217;article 65.1 del\u00a0RELOEX.<\/li>\n<li>O b\u00e9, en l&#8217;\u00e0mbit de la formaci\u00f3 permanent de les universitats, a la realitzaci\u00f3 de cursos d&#8217;ampliaci\u00f3 o actualitzaci\u00f3 de compet\u00e8ncies i habilitats formatives o professionals, aix\u00ed com d&#8217;altres ensenyaments propis de formaci\u00f3 permanent.<\/li>\n<\/ul>\n<\/li>\n<\/ul>\n<p>Als efectes anteriors, la\u00a0<strong>matriculaci\u00f3<\/strong>\u00a0haur\u00e0 d&#8217;haver-se realitzat en un\u00a0<strong>termini de 3 mesos<\/strong>\u00a0des de la notificaci\u00f3 de la resoluci\u00f3 de concessi\u00f3 de l&#8217;autoritzaci\u00f3 de resid\u00e8ncia, i el sol\u00b7licitant haur\u00e0 d&#8217;aportar l&#8217;acreditaci\u00f3 d&#8217;aquella en aquest mateix termini, en cas contrari l&#8217;oficina d&#8217;estrangeria podr\u00e0 extingir l&#8217;autoritzaci\u00f3.\u00a0Quan la matriculaci\u00f3 estigui supeditada a per\u00edodes concrets de matriculaci\u00f3, haur\u00e0 de remetre a l&#8217;oficina d&#8217;estrangeria prova de la matr\u00edcula en un per\u00edode m\u00e0xim de 3 mesos des de la finalitzaci\u00f3 d&#8217;aquest termini.<\/p>\n<p>En aquests casos,<strong>\u00a0podr\u00e0 ser prorrogada l&#8217;autoritzaci\u00f3 de resid\u00e8ncia?\u00a0<\/strong>S\u00ed, una \u00fanica vegada per un altre per\u00edode de 12 mesos, en els casos que la formaci\u00f3 tingui una durada superior a 12 mesos o la seva durada excedeixi la vig\u00e8ncia de la primera autoritzaci\u00f3 concedida.<\/p>\n<p><strong>Superada la formaci\u00f3<\/strong>, i durant la vig\u00e8ncia de l&#8217;autoritzaci\u00f3 de resid\u00e8ncia, l&#8217;interessat presentar\u00e0 la sol\u00b7licitud d&#8217;autoritzaci\u00f3 de resid\u00e8ncia i treball davant l&#8217;oficina d&#8217;estrangeria, juntament amb un contracte de treball signat pel treballador i l&#8217;empresari que garanteixi almenys el salari m\u00ednim interprofessional, o l&#8217;establert pel conveni col\u00b7lectiu d&#8217;aplicaci\u00f3, en el moment de la sol\u00b7licitud, i prova d&#8217;haver superat la formaci\u00f3 prevista en la sol\u00b7licitud de resid\u00e8ncia. En aquests casos, l&#8217;oficina d&#8217;estrangeria concedir\u00e0 una <strong>autoritzaci\u00f3 de dos anys que habilitar\u00e0 a treballar.<\/strong><\/p>\n<p>Para m\u00e9s informaci\u00f3 poden posar-se en contacte amb <a href=\"https:\/\/www.ariasassessors.com\/ca\/\">Arias Assessors.<\/a><\/p>\n","protected":false},"excerpt":{"rendered":"<p>Els estrangers a Espanya podran obtenir una autoritzaci\u00f3 de resid\u00e8ncia per circumst\u00e0ncies excepcionals\u00a0regulada en el t\u00edtol V, articles 123 a 146 del Real\u00a0Decret 557\/2011, de 20 d&#8217;abril, pel qual s&#8217;aprova el Reglament de la Llei org\u00e0nica 4\/2000, sobre drets i llibertats dels estrangers a Espanya&#8230;<\/p>\n","protected":false},"author":2,"featured_media":2068,"comment_status":"open","ping_status":"open","sticky":false,"template":"","format":"standard","meta":{"footnotes":""},"categories":[4],"tags":[],"class_list":["post-2071","post","type-post","status-publish","format-standard","has-post-thumbnail","hentry","category-noticies"],"yoast_head":"<!-- This site is optimized with the Yoast SEO plugin v24.3 - https:\/\/yoast.com\/wordpress\/plugins\/seo\/ -->\n<title>ESTRANGERS A ESPANYA: 4 PROCEDIMENTS ESPECIALS PER A OBTENIR UNA AUTORITZACI\u00d3 DE RESID\u00c8NCIA TEMPORAL A ESPANYA | Arias Assessors<\/title>\n<meta name=\"description\" content=\"Els estrangers a Espanya podran obtenir una autoritzaci\u00f3 de resid\u00e8ncia per circumst\u00e0ncies excepcionals regulada en el t\u00edtol V.\" \/>\n<meta name=\"robots\" content=\"index, follow, max-snippet:-1, max-image-preview:large, max-video-preview:-1\" \/>\n<link rel=\"canonical\" href=\"https:\/\/www.ariasassessors.com\/ca\/estrangers-a-espanya\/\" \/>\n<meta property=\"og:locale\" content=\"ca_ES\" \/>\n<meta property=\"og:type\" content=\"article\" \/>\n<meta property=\"og:title\" content=\"ESTRANGERS A ESPANYA: 4 PROCEDIMENTS ESPECIALS PER A OBTENIR UNA AUTORITZACI\u00d3 DE RESID\u00c8NCIA TEMPORAL A ESPANYA | Arias Assessors\" \/>\n<meta property=\"og:description\" content=\"Els estrangers a Espanya podran obtenir una autoritzaci\u00f3 de resid\u00e8ncia per circumst\u00e0ncies excepcionals regulada en el t\u00edtol V.\" \/>\n<meta property=\"og:url\" content=\"https:\/\/www.ariasassessors.com\/ca\/estrangers-a-espanya\/\" \/>\n<meta property=\"og:site_name\" content=\"Arias Assessors\" \/>\n<meta property=\"article:publisher\" content=\"https:\/\/www.facebook.com\/ariasassessors\/\" \/>\n<meta property=\"article:published_time\" content=\"2022-09-29T09:22:48+00:00\" \/>\n<meta property=\"article:modified_time\" content=\"2022-09-29T09:39:51+00:00\" \/>\n<meta property=\"og:image\" content=\"https:\/\/www.ariasassessors.com\/wp-content\/uploads\/2022\/09\/Arias_Blog_IMAGEN_DESTACADA-12.jpg\" \/>\n\t<meta property=\"og:image:width\" content=\"1920\" \/>\n\t<meta property=\"og:image:height\" content=\"1202\" \/>\n\t<meta property=\"og:image:type\" content=\"image\/jpeg\" \/>\n<meta name=\"author\" content=\"btorras\" \/>\n<meta name=\"twitter:card\" content=\"summary_large_image\" \/>\n<meta name=\"twitter:creator\" content=\"@ariasassessors\" \/>\n<meta name=\"twitter:site\" content=\"@ariasassessors\" \/>\n<meta name=\"twitter:label1\" content=\"Escrit per\" \/>\n\t<meta name=\"twitter:data1\" content=\"btorras\" \/>\n\t<meta name=\"twitter:label2\" content=\"Temps estimat de lectura\" \/>\n\t<meta name=\"twitter:data2\" content=\"6 minuts\" \/>\n<script type=\"application\/ld+json\" class=\"yoast-schema-graph\">{\"@context\":\"https:\/\/schema.org\",\"@graph\":[{\"@type\":\"Article\",\"@id\":\"https:\/\/www.ariasassessors.com\/ca\/estrangers-a-espanya\/#article\",\"isPartOf\":{\"@id\":\"https:\/\/www.ariasassessors.com\/ca\/estrangers-a-espanya\/\"},\"author\":{\"name\":\"btorras\",\"@id\":\"https:\/\/www.ariasassessors.com\/#\/schema\/person\/63c6ad1775f0a9413c37932562673cef\"},\"headline\":\"ESTRANGERS A ESPANYA: 4 PROCEDIMENTS ESPECIALS PER A OBTENIR UNA AUTORITZACI\u00d3 DE RESID\u00c8NCIA TEMPORAL A ESPANYA\",\"datePublished\":\"2022-09-29T09:22:48+00:00\",\"dateModified\":\"2022-09-29T09:39:51+00:00\",\"mainEntityOfPage\":{\"@id\":\"https:\/\/www.ariasassessors.com\/ca\/estrangers-a-espanya\/\"},\"wordCount\":1333,\"commentCount\":0,\"publisher\":{\"@id\":\"https:\/\/www.ariasassessors.com\/#organization\"},\"image\":{\"@id\":\"https:\/\/www.ariasassessors.com\/ca\/estrangers-a-espanya\/#primaryimage\"},\"thumbnailUrl\":\"https:\/\/www.ariasassessors.com\/wp-content\/uploads\/2022\/09\/Arias_Blog_IMAGEN_DESTACADA-12.jpg\",\"articleSection\":[\"noticies\"],\"inLanguage\":\"ca\",\"potentialAction\":[{\"@type\":\"CommentAction\",\"name\":\"Comment\",\"target\":[\"https:\/\/www.ariasassessors.com\/ca\/estrangers-a-espanya\/#respond\"]}]},{\"@type\":\"WebPage\",\"@id\":\"https:\/\/www.ariasassessors.com\/ca\/estrangers-a-espanya\/\",\"url\":\"https:\/\/www.ariasassessors.com\/ca\/estrangers-a-espanya\/\",\"name\":\"ESTRANGERS A ESPANYA: 4 PROCEDIMENTS ESPECIALS PER A OBTENIR UNA AUTORITZACI\u00d3 DE RESID\u00c8NCIA TEMPORAL A ESPANYA | Arias Assessors\",\"isPartOf\":{\"@id\":\"https:\/\/www.ariasassessors.com\/#website\"},\"primaryImageOfPage\":{\"@id\":\"https:\/\/www.ariasassessors.com\/ca\/estrangers-a-espanya\/#primaryimage\"},\"image\":{\"@id\":\"https:\/\/www.ariasassessors.com\/ca\/estrangers-a-espanya\/#primaryimage\"},\"thumbnailUrl\":\"https:\/\/www.ariasassessors.com\/wp-content\/uploads\/2022\/09\/Arias_Blog_IMAGEN_DESTACADA-12.jpg\",\"datePublished\":\"2022-09-29T09:22:48+00:00\",\"dateModified\":\"2022-09-29T09:39:51+00:00\",\"description\":\"Els estrangers a Espanya podran obtenir una autoritzaci\u00f3 de resid\u00e8ncia per circumst\u00e0ncies excepcionals regulada en el t\u00edtol V.\",\"breadcrumb\":{\"@id\":\"https:\/\/www.ariasassessors.com\/ca\/estrangers-a-espanya\/#breadcrumb\"},\"inLanguage\":\"ca\",\"potentialAction\":[{\"@type\":\"ReadAction\",\"target\":[\"https:\/\/www.ariasassessors.com\/ca\/estrangers-a-espanya\/\"]}]},{\"@type\":\"ImageObject\",\"inLanguage\":\"ca\",\"@id\":\"https:\/\/www.ariasassessors.com\/ca\/estrangers-a-espanya\/#primaryimage\",\"url\":\"https:\/\/www.ariasassessors.com\/wp-content\/uploads\/2022\/09\/Arias_Blog_IMAGEN_DESTACADA-12.jpg\",\"contentUrl\":\"https:\/\/www.ariasassessors.com\/wp-content\/uploads\/2022\/09\/Arias_Blog_IMAGEN_DESTACADA-12.jpg\",\"width\":1920,\"height\":1202,\"caption\":\"extranjeros en espa\u00f1a\"},{\"@type\":\"BreadcrumbList\",\"@id\":\"https:\/\/www.ariasassessors.com\/ca\/estrangers-a-espanya\/#breadcrumb\",\"itemListElement\":[{\"@type\":\"ListItem\",\"position\":1,\"name\":\"Portada\",\"item\":\"https:\/\/www.ariasassessors.com\/ca\/\"},{\"@type\":\"ListItem\",\"position\":2,\"name\":\"ESTRANGERS A ESPANYA: 4 PROCEDIMENTS ESPECIALS PER A OBTENIR UNA AUTORITZACI\u00d3 DE RESID\u00c8NCIA TEMPORAL A ESPANYA\"}]},{\"@type\":\"WebSite\",\"@id\":\"https:\/\/www.ariasassessors.com\/#website\",\"url\":\"https:\/\/www.ariasassessors.com\/\",\"name\":\"Arias Assessors\",\"description\":\"Asesor\u00eda para aut\u00f3nomos, profesionales y PYMES\",\"publisher\":{\"@id\":\"https:\/\/www.ariasassessors.com\/#organization\"},\"potentialAction\":[{\"@type\":\"SearchAction\",\"target\":{\"@type\":\"EntryPoint\",\"urlTemplate\":\"https:\/\/www.ariasassessors.com\/?s={search_term_string}\"},\"query-input\":{\"@type\":\"PropertyValueSpecification\",\"valueRequired\":true,\"valueName\":\"search_term_string\"}}],\"inLanguage\":\"ca\"},{\"@type\":\"Organization\",\"@id\":\"https:\/\/www.ariasassessors.com\/#organization\",\"name\":\"Arias Assessors\",\"url\":\"https:\/\/www.ariasassessors.com\/\",\"logo\":{\"@type\":\"ImageObject\",\"inLanguage\":\"ca\",\"@id\":\"https:\/\/www.ariasassessors.com\/#\/schema\/logo\/image\/\",\"url\":\"https:\/\/www.ariasassessors.com\/wp-content\/uploads\/2019\/01\/arias-logo.png\",\"contentUrl\":\"https:\/\/www.ariasassessors.com\/wp-content\/uploads\/2019\/01\/arias-logo.png\",\"width\":349,\"height\":254,\"caption\":\"Arias Assessors\"},\"image\":{\"@id\":\"https:\/\/www.ariasassessors.com\/#\/schema\/logo\/image\/\"},\"sameAs\":[\"https:\/\/www.facebook.com\/ariasassessors\/\",\"https:\/\/x.com\/ariasassessors\",\"https:\/\/www.linkedin.com\/company\/r&amp;amp;r-growing-knowledge\/\"]},{\"@type\":\"Person\",\"@id\":\"https:\/\/www.ariasassessors.com\/#\/schema\/person\/63c6ad1775f0a9413c37932562673cef\",\"name\":\"btorras\",\"image\":{\"@type\":\"ImageObject\",\"inLanguage\":\"ca\",\"@id\":\"https:\/\/www.ariasassessors.com\/#\/schema\/person\/image\/\",\"url\":\"https:\/\/secure.gravatar.com\/avatar\/0531db351fc361fdbfd204c58fa2d6a3?s=96&d=mm&r=g\",\"contentUrl\":\"https:\/\/secure.gravatar.com\/avatar\/0531db351fc361fdbfd204c58fa2d6a3?s=96&d=mm&r=g\",\"caption\":\"btorras\"}}]}<\/script>\n<!-- \/ Yoast SEO plugin. -->","yoast_head_json":{"title":"ESTRANGERS A ESPANYA: 4 PROCEDIMENTS ESPECIALS PER A OBTENIR UNA AUTORITZACI\u00d3 DE RESID\u00c8NCIA TEMPORAL A ESPANYA | Arias Assessors","description":"Els estrangers a Espanya podran obtenir una autoritzaci\u00f3 de resid\u00e8ncia per circumst\u00e0ncies excepcionals regulada en el t\u00edtol V.","robots":{"index":"index","follow":"follow","max-snippet":"max-snippet:-1","max-image-preview":"max-image-preview:large","max-video-preview":"max-video-preview:-1"},"canonical":"https:\/\/www.ariasassessors.com\/ca\/estrangers-a-espanya\/","og_locale":"ca_ES","og_type":"article","og_title":"ESTRANGERS A ESPANYA: 4 PROCEDIMENTS ESPECIALS PER A OBTENIR UNA AUTORITZACI\u00d3 DE RESID\u00c8NCIA TEMPORAL A ESPANYA | Arias Assessors","og_description":"Els estrangers a Espanya podran obtenir una autoritzaci\u00f3 de resid\u00e8ncia per circumst\u00e0ncies excepcionals regulada en el t\u00edtol V.","og_url":"https:\/\/www.ariasassessors.com\/ca\/estrangers-a-espanya\/","og_site_name":"Arias Assessors","article_publisher":"https:\/\/www.facebook.com\/ariasassessors\/","article_published_time":"2022-09-29T09:22:48+00:00","article_modified_time":"2022-09-29T09:39:51+00:00","og_image":[{"width":1920,"height":1202,"url":"https:\/\/www.ariasassessors.com\/wp-content\/uploads\/2022\/09\/Arias_Blog_IMAGEN_DESTACADA-12.jpg","type":"image\/jpeg"}],"author":"btorras","twitter_card":"summary_large_image","twitter_creator":"@ariasassessors","twitter_site":"@ariasassessors","twitter_misc":{"Escrit per":"btorras","Temps estimat de lectura":"6 minuts"},"schema":{"@context":"https:\/\/schema.org","@graph":[{"@type":"Article","@id":"https:\/\/www.ariasassessors.com\/ca\/estrangers-a-espanya\/#article","isPartOf":{"@id":"https:\/\/www.ariasassessors.com\/ca\/estrangers-a-espanya\/"},"author":{"name":"btorras","@id":"https:\/\/www.ariasassessors.com\/#\/schema\/person\/63c6ad1775f0a9413c37932562673cef"},"headline":"ESTRANGERS A ESPANYA: 4 PROCEDIMENTS ESPECIALS PER A OBTENIR UNA AUTORITZACI\u00d3 DE RESID\u00c8NCIA TEMPORAL A ESPANYA","datePublished":"2022-09-29T09:22:48+00:00","dateModified":"2022-09-29T09:39:51+00:00","mainEntityOfPage":{"@id":"https:\/\/www.ariasassessors.com\/ca\/estrangers-a-espanya\/"},"wordCount":1333,"commentCount":0,"publisher":{"@id":"https:\/\/www.ariasassessors.com\/#organization"},"image":{"@id":"https:\/\/www.ariasassessors.com\/ca\/estrangers-a-espanya\/#primaryimage"},"thumbnailUrl":"https:\/\/www.ariasassessors.com\/wp-content\/uploads\/2022\/09\/Arias_Blog_IMAGEN_DESTACADA-12.jpg","articleSection":["noticies"],"inLanguage":"ca","potentialAction":[{"@type":"CommentAction","name":"Comment","target":["https:\/\/www.ariasassessors.com\/ca\/estrangers-a-espanya\/#respond"]}]},{"@type":"WebPage","@id":"https:\/\/www.ariasassessors.com\/ca\/estrangers-a-espanya\/","url":"https:\/\/www.ariasassessors.com\/ca\/estrangers-a-espanya\/","name":"ESTRANGERS A ESPANYA: 4 PROCEDIMENTS ESPECIALS PER A OBTENIR UNA AUTORITZACI\u00d3 DE RESID\u00c8NCIA TEMPORAL A ESPANYA | Arias Assessors","isPartOf":{"@id":"https:\/\/www.ariasassessors.com\/#website"},"primaryImageOfPage":{"@id":"https:\/\/www.ariasassessors.com\/ca\/estrangers-a-espanya\/#primaryimage"},"image":{"@id":"https:\/\/www.ariasassessors.com\/ca\/estrangers-a-espanya\/#primaryimage"},"thumbnailUrl":"https:\/\/www.ariasassessors.com\/wp-content\/uploads\/2022\/09\/Arias_Blog_IMAGEN_DESTACADA-12.jpg","datePublished":"2022-09-29T09:22:48+00:00","dateModified":"2022-09-29T09:39:51+00:00","description":"Els estrangers a Espanya podran obtenir una autoritzaci\u00f3 de resid\u00e8ncia per circumst\u00e0ncies excepcionals regulada en el t\u00edtol V.","breadcrumb":{"@id":"https:\/\/www.ariasassessors.com\/ca\/estrangers-a-espanya\/#breadcrumb"},"inLanguage":"ca","potentialAction":[{"@type":"ReadAction","target":["https:\/\/www.ariasassessors.com\/ca\/estrangers-a-espanya\/"]}]},{"@type":"ImageObject","inLanguage":"ca","@id":"https:\/\/www.ariasassessors.com\/ca\/estrangers-a-espanya\/#primaryimage","url":"https:\/\/www.ariasassessors.com\/wp-content\/uploads\/2022\/09\/Arias_Blog_IMAGEN_DESTACADA-12.jpg","contentUrl":"https:\/\/www.ariasassessors.com\/wp-content\/uploads\/2022\/09\/Arias_Blog_IMAGEN_DESTACADA-12.jpg","width":1920,"height":1202,"caption":"extranjeros en espa\u00f1a"},{"@type":"BreadcrumbList","@id":"https:\/\/www.ariasassessors.com\/ca\/estrangers-a-espanya\/#breadcrumb","itemListElement":[{"@type":"ListItem","position":1,"name":"Portada","item":"https:\/\/www.ariasassessors.com\/ca\/"},{"@type":"ListItem","position":2,"name":"ESTRANGERS A ESPANYA: 4 PROCEDIMENTS ESPECIALS PER A OBTENIR UNA AUTORITZACI\u00d3 DE RESID\u00c8NCIA TEMPORAL A ESPANYA"}]},{"@type":"WebSite","@id":"https:\/\/www.ariasassessors.com\/#website","url":"https:\/\/www.ariasassessors.com\/","name":"Arias Assessors","description":"Asesor\u00eda para aut\u00f3nomos, profesionales y PYMES","publisher":{"@id":"https:\/\/www.ariasassessors.com\/#organization"},"potentialAction":[{"@type":"SearchAction","target":{"@type":"EntryPoint","urlTemplate":"https:\/\/www.ariasassessors.com\/?s={search_term_string}"},"query-input":{"@type":"PropertyValueSpecification","valueRequired":true,"valueName":"search_term_string"}}],"inLanguage":"ca"},{"@type":"Organization","@id":"https:\/\/www.ariasassessors.com\/#organization","name":"Arias Assessors","url":"https:\/\/www.ariasassessors.com\/","logo":{"@type":"ImageObject","inLanguage":"ca","@id":"https:\/\/www.ariasassessors.com\/#\/schema\/logo\/image\/","url":"https:\/\/www.ariasassessors.com\/wp-content\/uploads\/2019\/01\/arias-logo.png","contentUrl":"https:\/\/www.ariasassessors.com\/wp-content\/uploads\/2019\/01\/arias-logo.png","width":349,"height":254,"caption":"Arias Assessors"},"image":{"@id":"https:\/\/www.ariasassessors.com\/#\/schema\/logo\/image\/"},"sameAs":["https:\/\/www.facebook.com\/ariasassessors\/","https:\/\/x.com\/ariasassessors","https:\/\/www.linkedin.com\/company\/r&amp;amp;r-growing-knowledge\/"]},{"@type":"Person","@id":"https:\/\/www.ariasassessors.com\/#\/schema\/person\/63c6ad1775f0a9413c37932562673cef","name":"btorras","image":{"@type":"ImageObject","inLanguage":"ca","@id":"https:\/\/www.ariasassessors.com\/#\/schema\/person\/image\/","url":"https:\/\/secure.gravatar.com\/avatar\/0531db351fc361fdbfd204c58fa2d6a3?s=96&d=mm&r=g","contentUrl":"https:\/\/secure.gravatar.com\/avatar\/0531db351fc361fdbfd204c58fa2d6a3?s=96&d=mm&r=g","caption":"btorras"}}]}},"_links":{"self":[{"href":"https:\/\/www.ariasassessors.com\/ca\/wp-json\/wp\/v2\/posts\/2071","targetHints":{"allow":["GET"]}}],"collection":[{"href":"https:\/\/www.ariasassessors.com\/ca\/wp-json\/wp\/v2\/posts"}],"about":[{"href":"https:\/\/www.ariasassessors.com\/ca\/wp-json\/wp\/v2\/types\/post"}],"author":[{"embeddable":true,"href":"https:\/\/www.ariasassessors.com\/ca\/wp-json\/wp\/v2\/users\/2"}],"replies":[{"embeddable":true,"href":"https:\/\/www.ariasassessors.com\/ca\/wp-json\/wp\/v2\/comments?post=2071"}],"version-history":[{"count":2,"href":"https:\/\/www.ariasassessors.com\/ca\/wp-json\/wp\/v2\/posts\/2071\/revisions"}],"predecessor-version":[{"id":2073,"href":"https:\/\/www.ariasassessors.com\/ca\/wp-json\/wp\/v2\/posts\/2071\/revisions\/2073"}],"wp:featuredmedia":[{"embeddable":true,"href":"https:\/\/www.ariasassessors.com\/ca\/wp-json\/wp\/v2\/media\/2068"}],"wp:attachment":[{"href":"https:\/\/www.ariasassessors.com\/ca\/wp-json\/wp\/v2\/media?parent=2071"}],"wp:term":[{"taxonomy":"category","embeddable":true,"href":"https:\/\/www.ariasassessors.com\/ca\/wp-json\/wp\/v2\/categories?post=2071"},{"taxonomy":"post_tag","embeddable":true,"href":"https:\/\/www.ariasassessors.com\/ca\/wp-json\/wp\/v2\/tags?post=2071"}],"curies":[{"name":"wp","href":"https:\/\/api.w.org\/{rel}","templated":true}]}}