{"id":2087,"date":"2022-10-11T12:29:46","date_gmt":"2022-10-11T10:29:46","guid":{"rendered":"https:\/\/www.ariasassessors.com\/ley-de-creacion-y-crecimiento-de-empresas\/"},"modified":"2022-10-11T12:51:09","modified_gmt":"2022-10-11T10:51:09","slug":"llei-de-creacio-i-creixement-de-empreses","status":"publish","type":"post","link":"https:\/\/www.ariasassessors.com\/ca\/llei-de-creacio-i-creixement-de-empreses\/","title":{"rendered":"Llei de creaci\u00f3 i creixement d&#8217;empreses publicada en el BOE (\u00abLlei crea i creix\u00bb)"},"content":{"rendered":"<p>El BOE del 29 de setembre de 2022 publica la\u00a0<strong>Llei 18\/2022, de 28 de setembre, de creaci\u00f3 i creixement d&#8217;empreses,<\/strong> que busca\u00a0fomentar el dinamisme del teixit productiu i respon a\u00a0les recomanacions espec\u00edfiques realitzades per diferents organismes internacionals per a millorar el clima de\u00a0negocis i augmentar la grand\u00e0ria i la productivitat de les empreses a Espanya.<\/p>\n<p><strong>Mesures per a agilitzar la creaci\u00f3 d&#8217;empreses<\/strong><\/p>\n<p>La nova llei modifica la<a href=\"https:\/\/www.iberley.es\/legislacion\/real-decreto-legislativo-1-2010-2-julio-aprueba-texto-refundido-ley-sociedades-capital-7918150\">\u00a0LSC<\/a>\u00a0per a\u00a0<strong>fixar el capital m\u00ednim per a la constituci\u00f3 de societats de responsabilitat limitada en un euro<\/strong>, amb supressi\u00f3 de l&#8217;exig\u00e8ncia de 3.000 euros de capital social m\u00ednim abans vigent. Aix\u00f2 porta aparellada<strong> l&#8217;eliminaci\u00f3 de la possibilitat que una societat opti per constituir-se en r\u00e8gim de formaci\u00f3 successiva<\/strong>, ja que aquest \u00e9s un r\u00e8gim concebut per a possibilitar la constituci\u00f3 d&#8217;una societat de responsabilitat limitada amb un capital social inferior al m\u00ednim legal de 3.000 euros, que desapareix. La seva supressi\u00f3 s&#8217;acompanya d&#8217;una\u00a0 disposici\u00f3 que precisa la forma en qu\u00e8 les societats subjectes al mateix que ho desitgin poden deixar d&#8217;estar-ho sense menyscapte de tercers.<\/p>\n<p>Aix\u00ed mateix,\u00a0per a les\u00a0<strong>societats de responsabilitat limitada amb capital social inferior a 3.000 euros<\/strong>\u00a0s&#8217;introdueixen\u00a0dues regles espec\u00edfiques\u00a0en favor dels creditors:<\/p>\n<ul>\n<li>Haur\u00e0 de\u00a0<strong>destinar-se a reserva\u00a0legal almenys el 20% del benefici<\/strong>\u00a0fins que la suma de la reserva legal i el capital\u00a0social aconsegueixi l&#8217;import de 3.000 euros.<\/li>\n<li>En cas de<strong>\u00a0liquidaci\u00f3<\/strong>, si el\u00a0patrimoni de la societat fos insuficient per a atendre el pagament de les obligacions\u00a0socials, els<strong>\u00a0socis respondran solid\u00e0riament de la difer\u00e8ncia<\/strong>\u00a0entre l&#8217;import\u00a0de 3.000 euros i la xifra del capital subscrit.<\/li>\n<\/ul>\n<p>Al seu torn, la norma\u00a0<strong>impulsa la utilitzaci\u00f3 del sistema\u00a0 de tramitaci\u00f3 telem\u00e0tica Centre d&#8217;Informaci\u00f3\u00a0 i Xarxa de Creaci\u00f3 d&#8217;Empreses (CIRCE)\u00a0i el Document \u00danic Electr\u00f2nic\u00a0(DUE)<\/strong>. De manera paral\u00b7lela, es\u00a0modifiquen els articles 15 i 16\u00a0de la\u00a0<a href=\"https:\/\/www.iberley.es\/legislacion\/ley-14-2013-27-sep-apoyo-emprendedores-internacionalizacion-12276646\">Llei 14\/2013, de 27 de setembre<\/a>,\u00a0de suport als emprenedors i la seva internacionalitzaci\u00f3, per a dotar-los de major\u00a0precisi\u00f3 en els tr\u00e0mits que es duen a terme i\u00a0<strong>millorar l&#8217;\u00fas del sistema\u00a0CIRCE.<\/strong> Per exemple, en relaci\u00f3 amb la constituci\u00f3 de societats de responsabilitat\u00a0limitada sense estatuts tipus s&#8217;estableix\u00a0l&#8217;\u00fas d&#8217;escriptura\u00a0 p\u00fablica amb format estandarditzat per a agilitzar la tramitaci\u00f3, es redueix el termini en qu\u00e8 el registrador haur\u00e0 d&#8217;inscriure de manera definitiva l&#8217;escriptura de constituci\u00f3\u00a0en el registre mercantil i es precisa que la seva publicaci\u00f3 en el BORME estar\u00e0 exempta del pagament de taxes.<\/p>\n<p>La reforma de\u00a0CIRCE\u00a0es\u00a0completar\u00e0 amb la pr\u00f2xima transposici\u00f3 de la Directiva (UE) 2019\/1151 del Parlament Europeu i del Consell, de 20 de juny de 2019; que exigeix, entre altres aspectes,\u00a0que una societat de responsabilitat limitada\u00a0pugui registrar-se \u00edntegrament en l\u00ednia en uns terminis determinats.<\/p>\n<p>Finalment,\u00a0<strong>es deroga el t\u00edtol XII de la\u00a0LSC, relatiu a la societat limitada nova empresa<\/strong>, desapareixent amb aix\u00f2 aquesta especialitat de societat limitada.<\/p>\n<p><strong>Millora de la regulaci\u00f3 i eliminaci\u00f3 d&#8217;obstacles a les activitats econ\u00f2miques<\/strong><\/p>\n<p>En aquest \u00e0mbit,\u00a0<strong>es modifica la<a href=\"https:\/\/www.iberley.es\/legislacion\/ley-20-2013-9-dic-garantia-unidad-mercado-12851440\">\u00a0Llei 20\/2013, de 9 de desembre<\/a>, de garantia de la unitat de mercat.<\/strong><\/p>\n<p>S&#8217;inclou<strong> un refor\u00e7 de les finestretes que els operadors poden usar per a reclamar, amplia la legitimaci\u00f3 de manera que qualsevol ciutad\u00e0 pugui interposar reclamacions<\/strong> sense necessitat de ser interessat, s&#8217;especifica <strong>que la necessitat i proporcionalitat dels l\u00edmits o requisits relacionats amb l&#8217;acc\u00e9s i l&#8217;exercici de les professions reglades es ponderar\u00e0<\/strong> conforme al Reial decret o 472\/2021, de 29 de juny, i es reforcen els mecanismes de cooperaci\u00f3 entre administracions. Aix\u00ed mateix, es crea un Observatori de Bones Pr\u00e0ctiques Reguladores.<\/p>\n<p>D&#8217;altra banda, es\u00a0<strong>modifica la\u00a0LJCA\u00a0quant al recurs contenci\u00f3s administratiu que pot interposar\u00a0la\u00a0CNMC\u00a0enfront de qualsevol disposici\u00f3 de\u00a0car\u00e0cter general o actuaci\u00f3 de qualsevol autoritat competent que es consideri\u00a0contr\u00e0ria a la llibertat d&#8217;establiment o de circulaci\u00f3.<\/strong> Es realitzen determinats ajustos al procediment per a la\u00a0garantia de la unitat de mercat conforme al criteri\u00a0jurisprudencial establert fins al moment i diverses modificacions normatives\u00a0adoptades des de la seva aprovaci\u00f3.<\/p>\n<p>Finalment, en aquest \u00e0mbit\u00a0<strong>es modifica la <a href=\"https:\/\/www.iberley.es\/legislacion\/ley-12-2012-26-dic-medidas-urgentes-liberalizacion-comercio-determinados-servicios-10349132\">Llei 12\/2012, de 26 de desembre<\/a>, de mesures urgents de liberalitzaci\u00f3 del comer\u00e7 i de determinats serveis, ampliant el cat\u00e0leg d&#8217;activitats\u00a0 exemptes de llic\u00e8ncia.<\/strong><\/p>\n<p><strong>Lluita contra la morositat comercial<\/strong><\/p>\n<p>A fi de millorar el compliment de la Llei de lluita contra la morositat comercial, s&#8217;incorporen les seg\u00fcents mesures:<\/p>\n<ul>\n<li>Impuls de\u00a0la\u00a0<strong>transpar\u00e8ncia respecte als per\u00edodes de\u00a0pagament de les operacions comercials<\/strong>\u00a0(es crear\u00e0 i regular\u00e0 un Observatori Estatal de la Morositat Privada).<\/li>\n<li>Ampliaci\u00f3 de l&#8217;<strong>obligaci\u00f3 d&#8217;expedir i remetre factures electr\u00f2niques a tots els empresaris i professionals.<\/strong> Les empreses de menor grand\u00e0ria comptaran amb un per\u00edode transitori de dos anys des de l&#8217;aprovaci\u00f3 del desenvolupament reglamentari per a la seva implementaci\u00f3, mentre que les grans empreses hauran de fer-ho en una primera etapa.<\/li>\n<li>Incorporaci\u00f3 d<strong>&#8216;incentius per al compliment dels terminis de pagament<\/strong>\u00a0(tant com\u00a0criteri d&#8217;acc\u00e9s a les\u00a0subvencions p\u00fabliques com refor\u00e7ant-se la normativa de contractaci\u00f3\u00a0p\u00fablica per a garantir que els adjudicataris abonin en temps el preu pactat amb\u00a0els subcontractistes).<\/li>\n<li>Introducci\u00f3 de l&#8217;obligaci\u00f3 que les societats mercantils<strong>\u00a0indiquin en les seves mem\u00f2ries anuals el per\u00edode mitj\u00e0 de pagament als seus prove\u00efdors<\/strong>\u00a0o el nombre de factures pagades en un per\u00edode inferior al m\u00e0xim establert en la normativa de morositat.<\/li>\n<\/ul>\n<p><strong>Millora de les vies de finan\u00e7ament per a promoure el creixement empresarial<\/strong><\/p>\n<p>Finalment, s&#8217;inclouen\u00a0\u00a0<strong>mesures per a potenciar els instruments de finan\u00e7ament del creixement empresarial<\/strong>, flexibilitzant els mecanismes de finan\u00e7ament alternatiu com\u00a0el\u00a0micromecenatge, la inversi\u00f3 col\u00b7lectiva i el capital de risc.<\/p>\n<ul>\n<li>El cap\u00edtol V de la nova llei introdueix un<strong>\u00a0nou r\u00e8gim jur\u00eddic per a les plataformes de finan\u00e7ament participatiu o\u00a0\u00abplataformes de\u00a0micromecenatge\u00bb<\/strong>. S&#8217;adapta a la legislaci\u00f3 espanyola el r\u00e8gim jur\u00eddic establert en l&#8217;\u00e0mbit europeu, perqu\u00e8 les plataformes autoritzades a Espanya puguin prestar els seus serveis lliurement en tot el territori de la UE. Es refor\u00e7a la protecci\u00f3 dels inversors i es permet la creaci\u00f3 d&#8217;instruments per a agrupar-los i reduir costos de gesti\u00f3. Per a ampliar l&#8217;univers de projectes empresarials elegibles s&#8217;eleven els llindars d&#8217;inversi\u00f3 per projecte de 2 a 5 milions d&#8217;euros i es modifiquen els l\u00edmits d&#8217;inversi\u00f3 per projecte per a inversors detallistes, que passen a ser el m\u00e9s alt entre 1.000 euros o el 5% de la riquesa.<\/li>\n<li>El cap\u00edtol VI introdueix un conjunt de<strong>\u00a0reformes per a impulsar i millorar la inversi\u00f3 col\u00b7lectiva i el capital de risc a Espanya<\/strong>. S&#8217;amplia el tipus d&#8217;empreses en les quals poden invertir aquestes entitats, incloent-hi empreses financeres amb un alt component tecnol\u00f2gic;\u00a0s&#8217;amplien les figures reconegudes per a fons tancats; i, en relaci\u00f3 amb\u00a0les\u00a0Institucions d&#8217;Inversi\u00f3 Col\u00b7lectiva, s&#8217;elimina el car\u00e0cter obligatori de l&#8217;informe trimestral, s&#8217;estableixen els mitjans telem\u00e0tics com a mitj\u00e0 de comunicaci\u00f3 per defecte i es flexibilitza el r\u00e8gim de diversificaci\u00f3 d&#8217;inversions de les entitats de capital de risc.<\/li>\n<\/ul>\n<p><strong>Entrada en vigor de la norma<\/strong><\/p>\n<p>L&#8217;entrada en vigor de la Llei 18\/2022, de 28 de setembre, es produir\u00e0\u00a0als 20 dies de la <strong>seva publicaci\u00f3 en el BOE, excepte:<\/strong><\/p>\n<ul>\n<li>El\u00a0<strong>cap\u00edtol V<\/strong>, que entrar\u00e0 en vigor a partir del 10 de novembre de 2022.<\/li>\n<li>L&#8217;<strong>article\u00a0 12, relatiu a la facturaci\u00f3 electr\u00f2nica entre empresaris i professionals<\/strong>, que produir\u00e0 efectes, per als empresaris i professionals la facturaci\u00f3 anual dels quals sigui superior a 8.000.000 d&#8217;euros, a l&#8217;any d&#8217;aprovar-se el desenvolupament reglamentari. Per a la resta dels empresaris i professionals, produir\u00e0 efectes al cap de dos anys d&#8217;aprovar-se aquest desenvolupament reglamentari. Al seu torn, l&#8217;entrada en vigor d&#8217;aquest article 12 est\u00e0 supeditada a l&#8217;obtenci\u00f3 de l&#8217;excepci\u00f3\u00a0 comunit\u00e0ria als articles 218 i 232 de la <a href=\"https:\/\/www.iberley.es\/legislacion\/directiva-2006-112-ce-28-nov-doue-sistema-comun-iva-12250060\">Directiva 2006\/112\/CE del Consell, de 28 de novembre<\/a>\u00a0de 2006, relativa al sistema com\u00fa de l&#8217;impost sobre el valor afegit.<\/li>\n<\/ul>\n","protected":false},"excerpt":{"rendered":"<p>El BOE del 29 de setembre de 2022 publica la\u00a0Llei 18\/2022, de 28 de setembre, de creaci\u00f3 i creixement d&#8217;empreses, que busca\u00a0fomentar el dinamisme del teixit productiu i respon a\u00a0les recomanacions espec\u00edfiques realitzades per diferents organismes internacionals per a millorar el clima de\u00a0negocis i augmentar&#8230;<\/p>\n","protected":false},"author":2,"featured_media":2085,"comment_status":"open","ping_status":"open","sticky":false,"template":"","format":"standard","meta":{"footnotes":""},"categories":[4],"tags":[],"class_list":["post-2087","post","type-post","status-publish","format-standard","has-post-thumbnail","hentry","category-noticies"],"yoast_head":"<!-- This site is optimized with the Yoast SEO plugin v24.3 - https:\/\/yoast.com\/wordpress\/plugins\/seo\/ -->\n<title>Llei de creaci\u00f3 i creixement d&#039;empreses publicada en el BOE (\u00abLlei crea i creix\u00bb) | Arias Assessors<\/title>\n<meta name=\"description\" content=\"El BOE publica la Llei de creaci\u00f3 i creixement d&#039;empreses que busca fomentar el dinamisme del teixit productiu.\" \/>\n<meta name=\"robots\" content=\"index, follow, max-snippet:-1, max-image-preview:large, max-video-preview:-1\" \/>\n<link rel=\"canonical\" href=\"https:\/\/www.ariasassessors.com\/ca\/llei-de-creacio-i-creixement-de-empreses\/\" \/>\n<meta property=\"og:locale\" content=\"ca_ES\" \/>\n<meta property=\"og:type\" content=\"article\" \/>\n<meta property=\"og:title\" content=\"Llei de creaci\u00f3 i creixement d&#039;empreses publicada en el BOE (\u00abLlei crea i creix\u00bb) | Arias Assessors\" \/>\n<meta property=\"og:description\" content=\"El BOE publica la Llei de creaci\u00f3 i creixement d&#039;empreses que busca fomentar el dinamisme del teixit productiu.\" \/>\n<meta property=\"og:url\" content=\"https:\/\/www.ariasassessors.com\/ca\/llei-de-creacio-i-creixement-de-empreses\/\" \/>\n<meta property=\"og:site_name\" content=\"Arias Assessors\" \/>\n<meta property=\"article:publisher\" content=\"https:\/\/www.facebook.com\/ariasassessors\/\" \/>\n<meta property=\"article:published_time\" content=\"2022-10-11T10:29:46+00:00\" \/>\n<meta property=\"article:modified_time\" content=\"2022-10-11T10:51:09+00:00\" \/>\n<meta property=\"og:image\" content=\"https:\/\/www.ariasassessors.com\/wp-content\/uploads\/2022\/10\/Arias_Blog_IMAGEN_DESTACADA-14.jpg\" \/>\n\t<meta property=\"og:image:width\" content=\"1920\" \/>\n\t<meta property=\"og:image:height\" content=\"1202\" \/>\n\t<meta property=\"og:image:type\" content=\"image\/jpeg\" \/>\n<meta name=\"author\" content=\"btorras\" \/>\n<meta name=\"twitter:card\" content=\"summary_large_image\" \/>\n<meta name=\"twitter:creator\" content=\"@ariasassessors\" \/>\n<meta name=\"twitter:site\" content=\"@ariasassessors\" \/>\n<meta name=\"twitter:label1\" content=\"Escrit per\" \/>\n\t<meta name=\"twitter:data1\" content=\"btorras\" \/>\n\t<meta name=\"twitter:label2\" content=\"Temps estimat de lectura\" \/>\n\t<meta name=\"twitter:data2\" content=\"6 minuts\" \/>\n<script type=\"application\/ld+json\" class=\"yoast-schema-graph\">{\"@context\":\"https:\/\/schema.org\",\"@graph\":[{\"@type\":\"Article\",\"@id\":\"https:\/\/www.ariasassessors.com\/ca\/llei-de-creacio-i-creixement-de-empreses\/#article\",\"isPartOf\":{\"@id\":\"https:\/\/www.ariasassessors.com\/ca\/llei-de-creacio-i-creixement-de-empreses\/\"},\"author\":{\"name\":\"btorras\",\"@id\":\"https:\/\/www.ariasassessors.com\/#\/schema\/person\/63c6ad1775f0a9413c37932562673cef\"},\"headline\":\"Llei de creaci\u00f3 i creixement d&#8217;empreses publicada en el BOE (\u00abLlei crea i creix\u00bb)\",\"datePublished\":\"2022-10-11T10:29:46+00:00\",\"dateModified\":\"2022-10-11T10:51:09+00:00\",\"mainEntityOfPage\":{\"@id\":\"https:\/\/www.ariasassessors.com\/ca\/llei-de-creacio-i-creixement-de-empreses\/\"},\"wordCount\":1307,\"commentCount\":0,\"publisher\":{\"@id\":\"https:\/\/www.ariasassessors.com\/#organization\"},\"image\":{\"@id\":\"https:\/\/www.ariasassessors.com\/ca\/llei-de-creacio-i-creixement-de-empreses\/#primaryimage\"},\"thumbnailUrl\":\"https:\/\/www.ariasassessors.com\/wp-content\/uploads\/2022\/10\/Arias_Blog_IMAGEN_DESTACADA-14.jpg\",\"articleSection\":[\"noticies\"],\"inLanguage\":\"ca\",\"potentialAction\":[{\"@type\":\"CommentAction\",\"name\":\"Comment\",\"target\":[\"https:\/\/www.ariasassessors.com\/ca\/llei-de-creacio-i-creixement-de-empreses\/#respond\"]}]},{\"@type\":\"WebPage\",\"@id\":\"https:\/\/www.ariasassessors.com\/ca\/llei-de-creacio-i-creixement-de-empreses\/\",\"url\":\"https:\/\/www.ariasassessors.com\/ca\/llei-de-creacio-i-creixement-de-empreses\/\",\"name\":\"Llei de creaci\u00f3 i creixement d'empreses publicada en el BOE (\u00abLlei crea i creix\u00bb) | Arias Assessors\",\"isPartOf\":{\"@id\":\"https:\/\/www.ariasassessors.com\/#website\"},\"primaryImageOfPage\":{\"@id\":\"https:\/\/www.ariasassessors.com\/ca\/llei-de-creacio-i-creixement-de-empreses\/#primaryimage\"},\"image\":{\"@id\":\"https:\/\/www.ariasassessors.com\/ca\/llei-de-creacio-i-creixement-de-empreses\/#primaryimage\"},\"thumbnailUrl\":\"https:\/\/www.ariasassessors.com\/wp-content\/uploads\/2022\/10\/Arias_Blog_IMAGEN_DESTACADA-14.jpg\",\"datePublished\":\"2022-10-11T10:29:46+00:00\",\"dateModified\":\"2022-10-11T10:51:09+00:00\",\"description\":\"El BOE publica la Llei de creaci\u00f3 i creixement d'empreses que busca fomentar el dinamisme del teixit productiu.\",\"breadcrumb\":{\"@id\":\"https:\/\/www.ariasassessors.com\/ca\/llei-de-creacio-i-creixement-de-empreses\/#breadcrumb\"},\"inLanguage\":\"ca\",\"potentialAction\":[{\"@type\":\"ReadAction\",\"target\":[\"https:\/\/www.ariasassessors.com\/ca\/llei-de-creacio-i-creixement-de-empreses\/\"]}]},{\"@type\":\"ImageObject\",\"inLanguage\":\"ca\",\"@id\":\"https:\/\/www.ariasassessors.com\/ca\/llei-de-creacio-i-creixement-de-empreses\/#primaryimage\",\"url\":\"https:\/\/www.ariasassessors.com\/wp-content\/uploads\/2022\/10\/Arias_Blog_IMAGEN_DESTACADA-14.jpg\",\"contentUrl\":\"https:\/\/www.ariasassessors.com\/wp-content\/uploads\/2022\/10\/Arias_Blog_IMAGEN_DESTACADA-14.jpg\",\"width\":1920,\"height\":1202,\"caption\":\"Ley de creaci\u00f3n\"},{\"@type\":\"BreadcrumbList\",\"@id\":\"https:\/\/www.ariasassessors.com\/ca\/llei-de-creacio-i-creixement-de-empreses\/#breadcrumb\",\"itemListElement\":[{\"@type\":\"ListItem\",\"position\":1,\"name\":\"Portada\",\"item\":\"https:\/\/www.ariasassessors.com\/ca\/\"},{\"@type\":\"ListItem\",\"position\":2,\"name\":\"Llei de creaci\u00f3 i creixement d&#8217;empreses publicada en el BOE (\u00abLlei crea i creix\u00bb)\"}]},{\"@type\":\"WebSite\",\"@id\":\"https:\/\/www.ariasassessors.com\/#website\",\"url\":\"https:\/\/www.ariasassessors.com\/\",\"name\":\"Arias Assessors\",\"description\":\"Asesor\u00eda para aut\u00f3nomos, profesionales y PYMES\",\"publisher\":{\"@id\":\"https:\/\/www.ariasassessors.com\/#organization\"},\"potentialAction\":[{\"@type\":\"SearchAction\",\"target\":{\"@type\":\"EntryPoint\",\"urlTemplate\":\"https:\/\/www.ariasassessors.com\/?s={search_term_string}\"},\"query-input\":{\"@type\":\"PropertyValueSpecification\",\"valueRequired\":true,\"valueName\":\"search_term_string\"}}],\"inLanguage\":\"ca\"},{\"@type\":\"Organization\",\"@id\":\"https:\/\/www.ariasassessors.com\/#organization\",\"name\":\"Arias Assessors\",\"url\":\"https:\/\/www.ariasassessors.com\/\",\"logo\":{\"@type\":\"ImageObject\",\"inLanguage\":\"ca\",\"@id\":\"https:\/\/www.ariasassessors.com\/#\/schema\/logo\/image\/\",\"url\":\"https:\/\/www.ariasassessors.com\/wp-content\/uploads\/2019\/01\/arias-logo.png\",\"contentUrl\":\"https:\/\/www.ariasassessors.com\/wp-content\/uploads\/2019\/01\/arias-logo.png\",\"width\":349,\"height\":254,\"caption\":\"Arias Assessors\"},\"image\":{\"@id\":\"https:\/\/www.ariasassessors.com\/#\/schema\/logo\/image\/\"},\"sameAs\":[\"https:\/\/www.facebook.com\/ariasassessors\/\",\"https:\/\/x.com\/ariasassessors\",\"https:\/\/www.linkedin.com\/company\/r&amp;amp;r-growing-knowledge\/\"]},{\"@type\":\"Person\",\"@id\":\"https:\/\/www.ariasassessors.com\/#\/schema\/person\/63c6ad1775f0a9413c37932562673cef\",\"name\":\"btorras\",\"image\":{\"@type\":\"ImageObject\",\"inLanguage\":\"ca\",\"@id\":\"https:\/\/www.ariasassessors.com\/#\/schema\/person\/image\/\",\"url\":\"https:\/\/secure.gravatar.com\/avatar\/0531db351fc361fdbfd204c58fa2d6a3?s=96&d=mm&r=g\",\"contentUrl\":\"https:\/\/secure.gravatar.com\/avatar\/0531db351fc361fdbfd204c58fa2d6a3?s=96&d=mm&r=g\",\"caption\":\"btorras\"}}]}<\/script>\n<!-- \/ Yoast SEO plugin. -->","yoast_head_json":{"title":"Llei de creaci\u00f3 i creixement d'empreses publicada en el BOE (\u00abLlei crea i creix\u00bb) | Arias Assessors","description":"El BOE publica la Llei de creaci\u00f3 i creixement d'empreses que busca fomentar el dinamisme del teixit productiu.","robots":{"index":"index","follow":"follow","max-snippet":"max-snippet:-1","max-image-preview":"max-image-preview:large","max-video-preview":"max-video-preview:-1"},"canonical":"https:\/\/www.ariasassessors.com\/ca\/llei-de-creacio-i-creixement-de-empreses\/","og_locale":"ca_ES","og_type":"article","og_title":"Llei de creaci\u00f3 i creixement d'empreses publicada en el BOE (\u00abLlei crea i creix\u00bb) | Arias Assessors","og_description":"El BOE publica la Llei de creaci\u00f3 i creixement d'empreses que busca fomentar el dinamisme del teixit productiu.","og_url":"https:\/\/www.ariasassessors.com\/ca\/llei-de-creacio-i-creixement-de-empreses\/","og_site_name":"Arias Assessors","article_publisher":"https:\/\/www.facebook.com\/ariasassessors\/","article_published_time":"2022-10-11T10:29:46+00:00","article_modified_time":"2022-10-11T10:51:09+00:00","og_image":[{"width":1920,"height":1202,"url":"https:\/\/www.ariasassessors.com\/wp-content\/uploads\/2022\/10\/Arias_Blog_IMAGEN_DESTACADA-14.jpg","type":"image\/jpeg"}],"author":"btorras","twitter_card":"summary_large_image","twitter_creator":"@ariasassessors","twitter_site":"@ariasassessors","twitter_misc":{"Escrit per":"btorras","Temps estimat de lectura":"6 minuts"},"schema":{"@context":"https:\/\/schema.org","@graph":[{"@type":"Article","@id":"https:\/\/www.ariasassessors.com\/ca\/llei-de-creacio-i-creixement-de-empreses\/#article","isPartOf":{"@id":"https:\/\/www.ariasassessors.com\/ca\/llei-de-creacio-i-creixement-de-empreses\/"},"author":{"name":"btorras","@id":"https:\/\/www.ariasassessors.com\/#\/schema\/person\/63c6ad1775f0a9413c37932562673cef"},"headline":"Llei de creaci\u00f3 i creixement d&#8217;empreses publicada en el BOE (\u00abLlei crea i creix\u00bb)","datePublished":"2022-10-11T10:29:46+00:00","dateModified":"2022-10-11T10:51:09+00:00","mainEntityOfPage":{"@id":"https:\/\/www.ariasassessors.com\/ca\/llei-de-creacio-i-creixement-de-empreses\/"},"wordCount":1307,"commentCount":0,"publisher":{"@id":"https:\/\/www.ariasassessors.com\/#organization"},"image":{"@id":"https:\/\/www.ariasassessors.com\/ca\/llei-de-creacio-i-creixement-de-empreses\/#primaryimage"},"thumbnailUrl":"https:\/\/www.ariasassessors.com\/wp-content\/uploads\/2022\/10\/Arias_Blog_IMAGEN_DESTACADA-14.jpg","articleSection":["noticies"],"inLanguage":"ca","potentialAction":[{"@type":"CommentAction","name":"Comment","target":["https:\/\/www.ariasassessors.com\/ca\/llei-de-creacio-i-creixement-de-empreses\/#respond"]}]},{"@type":"WebPage","@id":"https:\/\/www.ariasassessors.com\/ca\/llei-de-creacio-i-creixement-de-empreses\/","url":"https:\/\/www.ariasassessors.com\/ca\/llei-de-creacio-i-creixement-de-empreses\/","name":"Llei de creaci\u00f3 i creixement d'empreses publicada en el BOE (\u00abLlei crea i creix\u00bb) | Arias Assessors","isPartOf":{"@id":"https:\/\/www.ariasassessors.com\/#website"},"primaryImageOfPage":{"@id":"https:\/\/www.ariasassessors.com\/ca\/llei-de-creacio-i-creixement-de-empreses\/#primaryimage"},"image":{"@id":"https:\/\/www.ariasassessors.com\/ca\/llei-de-creacio-i-creixement-de-empreses\/#primaryimage"},"thumbnailUrl":"https:\/\/www.ariasassessors.com\/wp-content\/uploads\/2022\/10\/Arias_Blog_IMAGEN_DESTACADA-14.jpg","datePublished":"2022-10-11T10:29:46+00:00","dateModified":"2022-10-11T10:51:09+00:00","description":"El BOE publica la Llei de creaci\u00f3 i creixement d'empreses que busca fomentar el dinamisme del teixit productiu.","breadcrumb":{"@id":"https:\/\/www.ariasassessors.com\/ca\/llei-de-creacio-i-creixement-de-empreses\/#breadcrumb"},"inLanguage":"ca","potentialAction":[{"@type":"ReadAction","target":["https:\/\/www.ariasassessors.com\/ca\/llei-de-creacio-i-creixement-de-empreses\/"]}]},{"@type":"ImageObject","inLanguage":"ca","@id":"https:\/\/www.ariasassessors.com\/ca\/llei-de-creacio-i-creixement-de-empreses\/#primaryimage","url":"https:\/\/www.ariasassessors.com\/wp-content\/uploads\/2022\/10\/Arias_Blog_IMAGEN_DESTACADA-14.jpg","contentUrl":"https:\/\/www.ariasassessors.com\/wp-content\/uploads\/2022\/10\/Arias_Blog_IMAGEN_DESTACADA-14.jpg","width":1920,"height":1202,"caption":"Ley de creaci\u00f3n"},{"@type":"BreadcrumbList","@id":"https:\/\/www.ariasassessors.com\/ca\/llei-de-creacio-i-creixement-de-empreses\/#breadcrumb","itemListElement":[{"@type":"ListItem","position":1,"name":"Portada","item":"https:\/\/www.ariasassessors.com\/ca\/"},{"@type":"ListItem","position":2,"name":"Llei de creaci\u00f3 i creixement d&#8217;empreses publicada en el BOE (\u00abLlei crea i creix\u00bb)"}]},{"@type":"WebSite","@id":"https:\/\/www.ariasassessors.com\/#website","url":"https:\/\/www.ariasassessors.com\/","name":"Arias Assessors","description":"Asesor\u00eda para aut\u00f3nomos, profesionales y PYMES","publisher":{"@id":"https:\/\/www.ariasassessors.com\/#organization"},"potentialAction":[{"@type":"SearchAction","target":{"@type":"EntryPoint","urlTemplate":"https:\/\/www.ariasassessors.com\/?s={search_term_string}"},"query-input":{"@type":"PropertyValueSpecification","valueRequired":true,"valueName":"search_term_string"}}],"inLanguage":"ca"},{"@type":"Organization","@id":"https:\/\/www.ariasassessors.com\/#organization","name":"Arias Assessors","url":"https:\/\/www.ariasassessors.com\/","logo":{"@type":"ImageObject","inLanguage":"ca","@id":"https:\/\/www.ariasassessors.com\/#\/schema\/logo\/image\/","url":"https:\/\/www.ariasassessors.com\/wp-content\/uploads\/2019\/01\/arias-logo.png","contentUrl":"https:\/\/www.ariasassessors.com\/wp-content\/uploads\/2019\/01\/arias-logo.png","width":349,"height":254,"caption":"Arias Assessors"},"image":{"@id":"https:\/\/www.ariasassessors.com\/#\/schema\/logo\/image\/"},"sameAs":["https:\/\/www.facebook.com\/ariasassessors\/","https:\/\/x.com\/ariasassessors","https:\/\/www.linkedin.com\/company\/r&amp;amp;r-growing-knowledge\/"]},{"@type":"Person","@id":"https:\/\/www.ariasassessors.com\/#\/schema\/person\/63c6ad1775f0a9413c37932562673cef","name":"btorras","image":{"@type":"ImageObject","inLanguage":"ca","@id":"https:\/\/www.ariasassessors.com\/#\/schema\/person\/image\/","url":"https:\/\/secure.gravatar.com\/avatar\/0531db351fc361fdbfd204c58fa2d6a3?s=96&d=mm&r=g","contentUrl":"https:\/\/secure.gravatar.com\/avatar\/0531db351fc361fdbfd204c58fa2d6a3?s=96&d=mm&r=g","caption":"btorras"}}]}},"_links":{"self":[{"href":"https:\/\/www.ariasassessors.com\/ca\/wp-json\/wp\/v2\/posts\/2087","targetHints":{"allow":["GET"]}}],"collection":[{"href":"https:\/\/www.ariasassessors.com\/ca\/wp-json\/wp\/v2\/posts"}],"about":[{"href":"https:\/\/www.ariasassessors.com\/ca\/wp-json\/wp\/v2\/types\/post"}],"author":[{"embeddable":true,"href":"https:\/\/www.ariasassessors.com\/ca\/wp-json\/wp\/v2\/users\/2"}],"replies":[{"embeddable":true,"href":"https:\/\/www.ariasassessors.com\/ca\/wp-json\/wp\/v2\/comments?post=2087"}],"version-history":[{"count":2,"href":"https:\/\/www.ariasassessors.com\/ca\/wp-json\/wp\/v2\/posts\/2087\/revisions"}],"predecessor-version":[{"id":2089,"href":"https:\/\/www.ariasassessors.com\/ca\/wp-json\/wp\/v2\/posts\/2087\/revisions\/2089"}],"wp:featuredmedia":[{"embeddable":true,"href":"https:\/\/www.ariasassessors.com\/ca\/wp-json\/wp\/v2\/media\/2085"}],"wp:attachment":[{"href":"https:\/\/www.ariasassessors.com\/ca\/wp-json\/wp\/v2\/media?parent=2087"}],"wp:term":[{"taxonomy":"category","embeddable":true,"href":"https:\/\/www.ariasassessors.com\/ca\/wp-json\/wp\/v2\/categories?post=2087"},{"taxonomy":"post_tag","embeddable":true,"href":"https:\/\/www.ariasassessors.com\/ca\/wp-json\/wp\/v2\/tags?post=2087"}],"curies":[{"name":"wp","href":"https:\/\/api.w.org\/{rel}","templated":true}]}}