{"id":2112,"date":"2022-10-28T16:29:00","date_gmt":"2022-10-28T14:29:00","guid":{"rendered":"https:\/\/www.ariasassessors.com\/?p=2112"},"modified":"2022-10-28T16:29:44","modified_gmt":"2022-10-28T14:29:44","slug":"subvencions-generalitat-programa-tu1","status":"publish","type":"post","link":"https:\/\/www.ariasassessors.com\/ca\/subvencions-generalitat-programa-tu1\/","title":{"rendered":"Nova subvenci\u00f3 publicada per part de la Generalitat:  Subvencions del programa TU+1"},"content":{"rendered":"<p>L&#8217;objectiu de les subvencions del programa TU+1 \u00e9s incentivar les persones aut\u00f2nomes, sense treballadors\/es al seu c\u00e0rrec, perqu\u00e8 contractin persones de manera indefinida.<\/p>\n<p>L&#8217;ajut consisteix en subvencionar aquests contractes de forma que es fomenta la contractaci\u00f3 indefinida, es crea ocupaci\u00f3 i s&#8217;afavoreix el creixement dels negocis de persones aut\u00f2nomes.<\/p>\n<p><strong>El termini per fer la sol\u00b7licitud \u00e9s del 28 d&#8217;octubre de 2022, a les 9.00 h, fins a l&#8217;11 de novembre de 2022 a les 15.00 h<\/strong>.<\/p>\n<div id=\"ez-toc-container\" class=\"ez-toc-v2_0_72 counter-hierarchy ez-toc-counter ez-toc-grey ez-toc-container-direction\">\n<div class=\"ez-toc-title-container\">\n<p class=\"ez-toc-title\" style=\"cursor:inherit\">\u00cdndice de Contenidos<\/p>\n<span class=\"ez-toc-title-toggle\"><a href=\"#\" class=\"ez-toc-pull-right ez-toc-btn ez-toc-btn-xs ez-toc-btn-default ez-toc-toggle\" aria-label=\"Toggle Table of Content\"><span class=\"ez-toc-js-icon-con\"><span class=\"\"><span class=\"eztoc-hide\" style=\"display:none;\">Toggle<\/span><span class=\"ez-toc-icon-toggle-span\"><svg style=\"fill: #428bca;color:#428bca\" xmlns=\"http:\/\/www.w3.org\/2000\/svg\" class=\"list-377408\" width=\"20px\" height=\"20px\" viewBox=\"0 0 24 24\" fill=\"none\"><path d=\"M6 6H4v2h2V6zm14 0H8v2h12V6zM4 11h2v2H4v-2zm16 0H8v2h12v-2zM4 16h2v2H4v-2zm16 0H8v2h12v-2z\" fill=\"currentColor\"><\/path><\/svg><svg style=\"fill: #428bca;color:#428bca\" class=\"arrow-unsorted-368013\" xmlns=\"http:\/\/www.w3.org\/2000\/svg\" width=\"10px\" height=\"10px\" viewBox=\"0 0 24 24\" version=\"1.2\" baseProfile=\"tiny\"><path d=\"M18.2 9.3l-6.2-6.3-6.2 6.3c-.2.2-.3.4-.3.7s.1.5.3.7c.2.2.4.3.7.3h11c.3 0 .5-.1.7-.3.2-.2.3-.5.3-.7s-.1-.5-.3-.7zM5.8 14.7l6.2 6.3 6.2-6.3c.2-.2.3-.5.3-.7s-.1-.5-.3-.7c-.2-.2-.4-.3-.7-.3h-11c-.3 0-.5.1-.7.3-.2.2-.3.5-.3.7s.1.5.3.7z\"\/><\/svg><\/span><\/span><\/span><\/a><\/span><\/div>\n<nav><ul class='ez-toc-list ez-toc-list-level-1 eztoc-toggle-hide-by-default' ><li class='ez-toc-page-1 ez-toc-heading-level-2'><a class=\"ez-toc-link ez-toc-heading-1\" href=\"https:\/\/www.ariasassessors.com\/ca\/subvencions-generalitat-programa-tu1\/#Quins_son_els_requisits_especifics_que_he_de_complir_per_a_poder_optar_a_la_ayuda_del_programa_TU1\" title=\"Quins s\u00f3n els requisits espec\u00edfics que he de complir per a poder optar a la ayuda del programa TU+1?\">Quins s\u00f3n els requisits espec\u00edfics que he de complir per a poder optar a la ayuda del programa TU+1?<\/a><\/li><li class='ez-toc-page-1 ez-toc-heading-level-2'><a class=\"ez-toc-link ez-toc-heading-2\" href=\"https:\/\/www.ariasassessors.com\/ca\/subvencions-generalitat-programa-tu1\/#Quines_son_les_meves_obligacions\" title=\"Quines s\u00f3n les meves obligacions?\">Quines s\u00f3n les meves obligacions?<\/a><\/li><li class='ez-toc-page-1 ez-toc-heading-level-2'><a class=\"ez-toc-link ez-toc-heading-3\" href=\"https:\/\/www.ariasassessors.com\/ca\/subvencions-generalitat-programa-tu1\/#Estic_obligatda_a_fer_publicitat_dels_fons_rebuts\" title=\"Estic obligat\/da a fer publicitat dels fons rebuts?\">Estic obligat\/da a fer publicitat dels fons rebuts?<\/a><\/li><\/ul><\/nav><\/div>\n<h2><span class=\"ez-toc-section\" id=\"Quins_son_els_requisits_especifics_que_he_de_complir_per_a_poder_optar_a_la_ayuda_del_programa_TU1\"><\/span>Quins s\u00f3n els requisits espec\u00edfics que he de complir per a poder optar a la ayuda del programa TU+1?<span class=\"ez-toc-section-end\"><\/span><\/h2>\n<ol type=\"a\">\n<li>En cas de persones f\u00edsiques, estar donada d&#8217;alta al r\u00e8gim especial dels treballadors aut\u00f2noms (RETA), o a una mutualitat com a sistema alternatiu al RETA, com a persona treballadora aut\u00f2noma, en el moment de sol\u00b7licitar l\u2019ajut i per un per\u00edode m\u00ednim d\u2019un any ininterromput amb anterioritat a la data de presentaci\u00f3 de la sol\u00b7licitud.<\/li>\n<li>En cas de societats unipersonals, estar inscrita en el Registre Mercantil en el moment de sol\u00b7licitar l\u2019ajut per un per\u00edode m\u00ednim d\u2019un any ininterromput amb anterioritat a la data de presentaci\u00f3 de la sol\u00b7licitud.<\/li>\n<li>No tenir persones contractades al seu c\u00e0rrec en el moment de presentar la sol\u00b7licitud ni durant els 6 mesos anteriors.<\/li>\n<li>Tenir domicili fiscal a Catalunya. Aquest requisit s\u2019ha de mantenir durant tot el per\u00edode subvencionable.<\/li>\n<li>Disposar de capacitat t\u00e8cnica per executar l\u2019actuaci\u00f3 subvencionada.<\/li>\n<li>No haver estat benefici\u00e0ria d&#8217;aquest ajut o similar, segons especifiqui la convocat\u00f2ria corresponent.<\/li>\n<\/ol>\n<p>&nbsp;<\/p>\n<h2><span class=\"ez-toc-section\" id=\"Quines_son_les_meves_obligacions\"><\/span>Quines s\u00f3n les meves obligacions?<span class=\"ez-toc-section-end\"><\/span><\/h2>\n<p>L&#8217;activitat subvencionada consisteix en la formalitzaci\u00f3 d\u2019un contracte de treball indefinit per part de la persona f\u00edsica o jur\u00eddica benefici\u00e0ria d\u2019una persona en situaci\u00f3 d\u2019atur inscrita com a demandant d\u2019ocupaci\u00f3 no ocupada (DONO) en un termini m\u00e0xim de 2 mesos a comptar des del dia seg\u00fcent de la publicaci\u00f3 de la resoluci\u00f3 d\u2019atorgament i\u00a0<strong>durant un per\u00edode m\u00ednim de manteniment de 18 mesos<\/strong>.<\/p>\n<p>Els requisits i les obligacions es troben recollits en les bases 6 i 24 de l\u2019<a href=\"http:\/\/dogc.gencat.cat\/ca\/pdogc_canals_interns\/pdogc_resultats_fitxa\/?action=fitxa&amp;documentId=939145\" target=\"_blank\" rel=\"noopener\">Ordre EMT\/220\/2022, de 5 d\u2019octubre.<\/a><\/p>\n<h2><span class=\"ez-toc-section\" id=\"Estic_obligatda_a_fer_publicitat_dels_fons_rebuts\"><\/span>Estic obligat\/da a fer publicitat dels fons rebuts?<span class=\"ez-toc-section-end\"><\/span><\/h2>\n<p>Si, les persones f\u00edsiques i jur\u00eddiques benefici\u00e0ries de la subvenci\u00f3 hauran de donar visibilitat a l&#8217;origen dels fons rebuts, de tal manera que en la documentaci\u00f3 i els mitjans de difusi\u00f3 de les seves accions han de fer constar:<\/p>\n<ul>\n<li>Llegenda relativa al finan\u00e7ament p\u00fablic en el contracte formalitzat. Aquest haur\u00e0 d&#8217;incloure la seg\u00fcent frase:<br \/>\n\u201cContracte subvencionat per la Direcci\u00f3 General de Relacions Laborals, Treball Aut\u00f2nom i Seguretat i Salut Laboral del Departament d\u2019Empresa i Treball de la Generalitat de Catalunya d&#8217;acord amb l&#8217;Ordre EMT\/220\/2022, de 5 d\u2019octubre, per la qual s\u2019aproven les bases reguladores per a la concessi\u00f3 de subvencions per al desenvolupament del programa \u201cTU+1\u201d de foment de la contractaci\u00f3 indefinida d\u2019un treballador o treballadora per part d\u2019aut\u00f2noms sense treballadors o treballadores a c\u00e0rrec\u201d.<\/li>\n<li>Inclusi\u00f3 de la imatge institucional del Departament d\u2019Empresa i Treball, els logotips que amb aquesta finalitat es troben a l\u2019enlla\u00e7 seg\u00fcent:\u00a0<a href=\"https:\/\/identitatcorporativa.gencat.cat\/ca\/descarregues\/departaments-i-imatges-propies\/departament-dempresa-i-treball\/Identificacions-del-Departament\/departament\/\">https:\/\/identitatcorporativa.gencat.cat\/ca\/descarregues\/departaments-i-imatges-propies\/departament-dempresa-i-treball\/Identificacions-del-Departament\/departament\/<\/a><\/li>\n<li>Llegenda relativa al finan\u00e7ament p\u00fablic en cartells, plaques commemoratives, materials impresos, mitjans electr\u00f2nics o audiovisuals o b\u00e9 esments realitzats als mitjans de comunicaci\u00f3.<\/li>\n<\/ul>\n","protected":false},"excerpt":{"rendered":"<p>L&#8217;objectiu de les subvencions del programa TU+1 \u00e9s incentivar les persones aut\u00f2nomes, sense treballadors\/es al seu c\u00e0rrec, perqu\u00e8 contractin persones de manera indefinida. L&#8217;ajut consisteix en subvencionar aquests contractes de forma que es fomenta la contractaci\u00f3 indefinida, es crea ocupaci\u00f3 i s&#8217;afavoreix el creixement dels&#8230;<\/p>\n","protected":false},"author":2,"featured_media":2085,"comment_status":"open","ping_status":"open","sticky":false,"template":"","format":"standard","meta":{"footnotes":""},"categories":[4],"tags":[],"class_list":["post-2112","post","type-post","status-publish","format-standard","has-post-thumbnail","hentry","category-noticies"],"yoast_head":"<!-- This site is optimized with the Yoast SEO plugin v24.3 - https:\/\/yoast.com\/wordpress\/plugins\/seo\/ -->\n<title>Nova subvenci\u00f3 publicada per part de la Generalitat: Subvencions del programa TU+1 | Arias Assessors<\/title>\n<meta name=\"description\" content=\"La Generalitat de Catalunya ha publicat un nova subvenci\u00f3 dedicada als aut\u00f2noms que es diu Subvencions del programa TU+1\" \/>\n<meta name=\"robots\" content=\"index, follow, max-snippet:-1, max-image-preview:large, max-video-preview:-1\" \/>\n<link rel=\"canonical\" href=\"https:\/\/www.ariasassessors.com\/ca\/subvencions-generalitat-programa-tu1\/\" \/>\n<meta property=\"og:locale\" content=\"ca_ES\" \/>\n<meta property=\"og:type\" content=\"article\" \/>\n<meta property=\"og:title\" content=\"Nova subvenci\u00f3 publicada per part de la Generalitat: Subvencions del programa TU+1 | Arias Assessors\" \/>\n<meta property=\"og:description\" content=\"La Generalitat de Catalunya ha publicat un nova subvenci\u00f3 dedicada als aut\u00f2noms que es diu Subvencions del programa TU+1\" \/>\n<meta property=\"og:url\" content=\"https:\/\/www.ariasassessors.com\/ca\/subvencions-generalitat-programa-tu1\/\" \/>\n<meta property=\"og:site_name\" content=\"Arias Assessors\" \/>\n<meta property=\"article:publisher\" content=\"https:\/\/www.facebook.com\/ariasassessors\/\" \/>\n<meta property=\"article:published_time\" content=\"2022-10-28T14:29:00+00:00\" \/>\n<meta property=\"article:modified_time\" content=\"2022-10-28T14:29:44+00:00\" \/>\n<meta property=\"og:image\" content=\"https:\/\/www.ariasassessors.com\/wp-content\/uploads\/2022\/10\/Arias_Blog_IMAGEN_DESTACADA-14.jpg\" \/>\n\t<meta property=\"og:image:width\" content=\"1920\" \/>\n\t<meta property=\"og:image:height\" content=\"1202\" \/>\n\t<meta property=\"og:image:type\" content=\"image\/jpeg\" \/>\n<meta name=\"author\" content=\"btorras\" \/>\n<meta name=\"twitter:card\" content=\"summary_large_image\" \/>\n<meta name=\"twitter:creator\" content=\"@ariasassessors\" \/>\n<meta name=\"twitter:site\" content=\"@ariasassessors\" \/>\n<meta name=\"twitter:label1\" content=\"Escrit per\" \/>\n\t<meta name=\"twitter:data1\" content=\"btorras\" \/>\n\t<meta name=\"twitter:label2\" content=\"Temps estimat de lectura\" \/>\n\t<meta name=\"twitter:data2\" content=\"3 minuts\" \/>\n<script type=\"application\/ld+json\" class=\"yoast-schema-graph\">{\"@context\":\"https:\/\/schema.org\",\"@graph\":[{\"@type\":\"Article\",\"@id\":\"https:\/\/www.ariasassessors.com\/ca\/subvencions-generalitat-programa-tu1\/#article\",\"isPartOf\":{\"@id\":\"https:\/\/www.ariasassessors.com\/ca\/subvencions-generalitat-programa-tu1\/\"},\"author\":{\"name\":\"btorras\",\"@id\":\"https:\/\/www.ariasassessors.com\/#\/schema\/person\/63c6ad1775f0a9413c37932562673cef\"},\"headline\":\"Nova subvenci\u00f3 publicada per part de la Generalitat: Subvencions del programa TU+1\",\"datePublished\":\"2022-10-28T14:29:00+00:00\",\"dateModified\":\"2022-10-28T14:29:44+00:00\",\"mainEntityOfPage\":{\"@id\":\"https:\/\/www.ariasassessors.com\/ca\/subvencions-generalitat-programa-tu1\/\"},\"wordCount\":582,\"commentCount\":0,\"publisher\":{\"@id\":\"https:\/\/www.ariasassessors.com\/#organization\"},\"image\":{\"@id\":\"https:\/\/www.ariasassessors.com\/ca\/subvencions-generalitat-programa-tu1\/#primaryimage\"},\"thumbnailUrl\":\"https:\/\/www.ariasassessors.com\/wp-content\/uploads\/2022\/10\/Arias_Blog_IMAGEN_DESTACADA-14.jpg\",\"articleSection\":[\"noticies\"],\"inLanguage\":\"ca\",\"potentialAction\":[{\"@type\":\"CommentAction\",\"name\":\"Comment\",\"target\":[\"https:\/\/www.ariasassessors.com\/ca\/subvencions-generalitat-programa-tu1\/#respond\"]}]},{\"@type\":\"WebPage\",\"@id\":\"https:\/\/www.ariasassessors.com\/ca\/subvencions-generalitat-programa-tu1\/\",\"url\":\"https:\/\/www.ariasassessors.com\/ca\/subvencions-generalitat-programa-tu1\/\",\"name\":\"Nova subvenci\u00f3 publicada per part de la Generalitat: Subvencions del programa TU+1 | Arias Assessors\",\"isPartOf\":{\"@id\":\"https:\/\/www.ariasassessors.com\/#website\"},\"primaryImageOfPage\":{\"@id\":\"https:\/\/www.ariasassessors.com\/ca\/subvencions-generalitat-programa-tu1\/#primaryimage\"},\"image\":{\"@id\":\"https:\/\/www.ariasassessors.com\/ca\/subvencions-generalitat-programa-tu1\/#primaryimage\"},\"thumbnailUrl\":\"https:\/\/www.ariasassessors.com\/wp-content\/uploads\/2022\/10\/Arias_Blog_IMAGEN_DESTACADA-14.jpg\",\"datePublished\":\"2022-10-28T14:29:00+00:00\",\"dateModified\":\"2022-10-28T14:29:44+00:00\",\"description\":\"La Generalitat de Catalunya ha publicat un nova subvenci\u00f3 dedicada als aut\u00f2noms que es diu Subvencions del programa TU+1\",\"breadcrumb\":{\"@id\":\"https:\/\/www.ariasassessors.com\/ca\/subvencions-generalitat-programa-tu1\/#breadcrumb\"},\"inLanguage\":\"ca\",\"potentialAction\":[{\"@type\":\"ReadAction\",\"target\":[\"https:\/\/www.ariasassessors.com\/ca\/subvencions-generalitat-programa-tu1\/\"]}]},{\"@type\":\"ImageObject\",\"inLanguage\":\"ca\",\"@id\":\"https:\/\/www.ariasassessors.com\/ca\/subvencions-generalitat-programa-tu1\/#primaryimage\",\"url\":\"https:\/\/www.ariasassessors.com\/wp-content\/uploads\/2022\/10\/Arias_Blog_IMAGEN_DESTACADA-14.jpg\",\"contentUrl\":\"https:\/\/www.ariasassessors.com\/wp-content\/uploads\/2022\/10\/Arias_Blog_IMAGEN_DESTACADA-14.jpg\",\"width\":1920,\"height\":1202,\"caption\":\"Ley de creaci\u00f3n\"},{\"@type\":\"BreadcrumbList\",\"@id\":\"https:\/\/www.ariasassessors.com\/ca\/subvencions-generalitat-programa-tu1\/#breadcrumb\",\"itemListElement\":[{\"@type\":\"ListItem\",\"position\":1,\"name\":\"Portada\",\"item\":\"https:\/\/www.ariasassessors.com\/ca\/\"},{\"@type\":\"ListItem\",\"position\":2,\"name\":\"Nova subvenci\u00f3 publicada per part de la Generalitat: Subvencions del programa TU+1\"}]},{\"@type\":\"WebSite\",\"@id\":\"https:\/\/www.ariasassessors.com\/#website\",\"url\":\"https:\/\/www.ariasassessors.com\/\",\"name\":\"Arias Assessors\",\"description\":\"Asesor\u00eda para aut\u00f3nomos, profesionales y PYMES\",\"publisher\":{\"@id\":\"https:\/\/www.ariasassessors.com\/#organization\"},\"potentialAction\":[{\"@type\":\"SearchAction\",\"target\":{\"@type\":\"EntryPoint\",\"urlTemplate\":\"https:\/\/www.ariasassessors.com\/?s={search_term_string}\"},\"query-input\":{\"@type\":\"PropertyValueSpecification\",\"valueRequired\":true,\"valueName\":\"search_term_string\"}}],\"inLanguage\":\"ca\"},{\"@type\":\"Organization\",\"@id\":\"https:\/\/www.ariasassessors.com\/#organization\",\"name\":\"Arias Assessors\",\"url\":\"https:\/\/www.ariasassessors.com\/\",\"logo\":{\"@type\":\"ImageObject\",\"inLanguage\":\"ca\",\"@id\":\"https:\/\/www.ariasassessors.com\/#\/schema\/logo\/image\/\",\"url\":\"https:\/\/www.ariasassessors.com\/wp-content\/uploads\/2019\/01\/arias-logo.png\",\"contentUrl\":\"https:\/\/www.ariasassessors.com\/wp-content\/uploads\/2019\/01\/arias-logo.png\",\"width\":349,\"height\":254,\"caption\":\"Arias Assessors\"},\"image\":{\"@id\":\"https:\/\/www.ariasassessors.com\/#\/schema\/logo\/image\/\"},\"sameAs\":[\"https:\/\/www.facebook.com\/ariasassessors\/\",\"https:\/\/x.com\/ariasassessors\",\"https:\/\/www.linkedin.com\/company\/r&amp;amp;r-growing-knowledge\/\"]},{\"@type\":\"Person\",\"@id\":\"https:\/\/www.ariasassessors.com\/#\/schema\/person\/63c6ad1775f0a9413c37932562673cef\",\"name\":\"btorras\",\"image\":{\"@type\":\"ImageObject\",\"inLanguage\":\"ca\",\"@id\":\"https:\/\/www.ariasassessors.com\/#\/schema\/person\/image\/\",\"url\":\"https:\/\/secure.gravatar.com\/avatar\/0531db351fc361fdbfd204c58fa2d6a3?s=96&d=mm&r=g\",\"contentUrl\":\"https:\/\/secure.gravatar.com\/avatar\/0531db351fc361fdbfd204c58fa2d6a3?s=96&d=mm&r=g\",\"caption\":\"btorras\"}}]}<\/script>\n<!-- \/ Yoast SEO plugin. -->","yoast_head_json":{"title":"Nova subvenci\u00f3 publicada per part de la Generalitat: Subvencions del programa TU+1 | Arias Assessors","description":"La Generalitat de Catalunya ha publicat un nova subvenci\u00f3 dedicada als aut\u00f2noms que es diu Subvencions del programa TU+1","robots":{"index":"index","follow":"follow","max-snippet":"max-snippet:-1","max-image-preview":"max-image-preview:large","max-video-preview":"max-video-preview:-1"},"canonical":"https:\/\/www.ariasassessors.com\/ca\/subvencions-generalitat-programa-tu1\/","og_locale":"ca_ES","og_type":"article","og_title":"Nova subvenci\u00f3 publicada per part de la Generalitat: Subvencions del programa TU+1 | Arias Assessors","og_description":"La Generalitat de Catalunya ha publicat un nova subvenci\u00f3 dedicada als aut\u00f2noms que es diu Subvencions del programa TU+1","og_url":"https:\/\/www.ariasassessors.com\/ca\/subvencions-generalitat-programa-tu1\/","og_site_name":"Arias Assessors","article_publisher":"https:\/\/www.facebook.com\/ariasassessors\/","article_published_time":"2022-10-28T14:29:00+00:00","article_modified_time":"2022-10-28T14:29:44+00:00","og_image":[{"width":1920,"height":1202,"url":"https:\/\/www.ariasassessors.com\/wp-content\/uploads\/2022\/10\/Arias_Blog_IMAGEN_DESTACADA-14.jpg","type":"image\/jpeg"}],"author":"btorras","twitter_card":"summary_large_image","twitter_creator":"@ariasassessors","twitter_site":"@ariasassessors","twitter_misc":{"Escrit per":"btorras","Temps estimat de lectura":"3 minuts"},"schema":{"@context":"https:\/\/schema.org","@graph":[{"@type":"Article","@id":"https:\/\/www.ariasassessors.com\/ca\/subvencions-generalitat-programa-tu1\/#article","isPartOf":{"@id":"https:\/\/www.ariasassessors.com\/ca\/subvencions-generalitat-programa-tu1\/"},"author":{"name":"btorras","@id":"https:\/\/www.ariasassessors.com\/#\/schema\/person\/63c6ad1775f0a9413c37932562673cef"},"headline":"Nova subvenci\u00f3 publicada per part de la Generalitat: Subvencions del programa TU+1","datePublished":"2022-10-28T14:29:00+00:00","dateModified":"2022-10-28T14:29:44+00:00","mainEntityOfPage":{"@id":"https:\/\/www.ariasassessors.com\/ca\/subvencions-generalitat-programa-tu1\/"},"wordCount":582,"commentCount":0,"publisher":{"@id":"https:\/\/www.ariasassessors.com\/#organization"},"image":{"@id":"https:\/\/www.ariasassessors.com\/ca\/subvencions-generalitat-programa-tu1\/#primaryimage"},"thumbnailUrl":"https:\/\/www.ariasassessors.com\/wp-content\/uploads\/2022\/10\/Arias_Blog_IMAGEN_DESTACADA-14.jpg","articleSection":["noticies"],"inLanguage":"ca","potentialAction":[{"@type":"CommentAction","name":"Comment","target":["https:\/\/www.ariasassessors.com\/ca\/subvencions-generalitat-programa-tu1\/#respond"]}]},{"@type":"WebPage","@id":"https:\/\/www.ariasassessors.com\/ca\/subvencions-generalitat-programa-tu1\/","url":"https:\/\/www.ariasassessors.com\/ca\/subvencions-generalitat-programa-tu1\/","name":"Nova subvenci\u00f3 publicada per part de la Generalitat: Subvencions del programa TU+1 | Arias Assessors","isPartOf":{"@id":"https:\/\/www.ariasassessors.com\/#website"},"primaryImageOfPage":{"@id":"https:\/\/www.ariasassessors.com\/ca\/subvencions-generalitat-programa-tu1\/#primaryimage"},"image":{"@id":"https:\/\/www.ariasassessors.com\/ca\/subvencions-generalitat-programa-tu1\/#primaryimage"},"thumbnailUrl":"https:\/\/www.ariasassessors.com\/wp-content\/uploads\/2022\/10\/Arias_Blog_IMAGEN_DESTACADA-14.jpg","datePublished":"2022-10-28T14:29:00+00:00","dateModified":"2022-10-28T14:29:44+00:00","description":"La Generalitat de Catalunya ha publicat un nova subvenci\u00f3 dedicada als aut\u00f2noms que es diu Subvencions del programa TU+1","breadcrumb":{"@id":"https:\/\/www.ariasassessors.com\/ca\/subvencions-generalitat-programa-tu1\/#breadcrumb"},"inLanguage":"ca","potentialAction":[{"@type":"ReadAction","target":["https:\/\/www.ariasassessors.com\/ca\/subvencions-generalitat-programa-tu1\/"]}]},{"@type":"ImageObject","inLanguage":"ca","@id":"https:\/\/www.ariasassessors.com\/ca\/subvencions-generalitat-programa-tu1\/#primaryimage","url":"https:\/\/www.ariasassessors.com\/wp-content\/uploads\/2022\/10\/Arias_Blog_IMAGEN_DESTACADA-14.jpg","contentUrl":"https:\/\/www.ariasassessors.com\/wp-content\/uploads\/2022\/10\/Arias_Blog_IMAGEN_DESTACADA-14.jpg","width":1920,"height":1202,"caption":"Ley de creaci\u00f3n"},{"@type":"BreadcrumbList","@id":"https:\/\/www.ariasassessors.com\/ca\/subvencions-generalitat-programa-tu1\/#breadcrumb","itemListElement":[{"@type":"ListItem","position":1,"name":"Portada","item":"https:\/\/www.ariasassessors.com\/ca\/"},{"@type":"ListItem","position":2,"name":"Nova subvenci\u00f3 publicada per part de la Generalitat: Subvencions del programa TU+1"}]},{"@type":"WebSite","@id":"https:\/\/www.ariasassessors.com\/#website","url":"https:\/\/www.ariasassessors.com\/","name":"Arias Assessors","description":"Asesor\u00eda para aut\u00f3nomos, profesionales y PYMES","publisher":{"@id":"https:\/\/www.ariasassessors.com\/#organization"},"potentialAction":[{"@type":"SearchAction","target":{"@type":"EntryPoint","urlTemplate":"https:\/\/www.ariasassessors.com\/?s={search_term_string}"},"query-input":{"@type":"PropertyValueSpecification","valueRequired":true,"valueName":"search_term_string"}}],"inLanguage":"ca"},{"@type":"Organization","@id":"https:\/\/www.ariasassessors.com\/#organization","name":"Arias Assessors","url":"https:\/\/www.ariasassessors.com\/","logo":{"@type":"ImageObject","inLanguage":"ca","@id":"https:\/\/www.ariasassessors.com\/#\/schema\/logo\/image\/","url":"https:\/\/www.ariasassessors.com\/wp-content\/uploads\/2019\/01\/arias-logo.png","contentUrl":"https:\/\/www.ariasassessors.com\/wp-content\/uploads\/2019\/01\/arias-logo.png","width":349,"height":254,"caption":"Arias Assessors"},"image":{"@id":"https:\/\/www.ariasassessors.com\/#\/schema\/logo\/image\/"},"sameAs":["https:\/\/www.facebook.com\/ariasassessors\/","https:\/\/x.com\/ariasassessors","https:\/\/www.linkedin.com\/company\/r&amp;amp;r-growing-knowledge\/"]},{"@type":"Person","@id":"https:\/\/www.ariasassessors.com\/#\/schema\/person\/63c6ad1775f0a9413c37932562673cef","name":"btorras","image":{"@type":"ImageObject","inLanguage":"ca","@id":"https:\/\/www.ariasassessors.com\/#\/schema\/person\/image\/","url":"https:\/\/secure.gravatar.com\/avatar\/0531db351fc361fdbfd204c58fa2d6a3?s=96&d=mm&r=g","contentUrl":"https:\/\/secure.gravatar.com\/avatar\/0531db351fc361fdbfd204c58fa2d6a3?s=96&d=mm&r=g","caption":"btorras"}}]}},"_links":{"self":[{"href":"https:\/\/www.ariasassessors.com\/ca\/wp-json\/wp\/v2\/posts\/2112","targetHints":{"allow":["GET"]}}],"collection":[{"href":"https:\/\/www.ariasassessors.com\/ca\/wp-json\/wp\/v2\/posts"}],"about":[{"href":"https:\/\/www.ariasassessors.com\/ca\/wp-json\/wp\/v2\/types\/post"}],"author":[{"embeddable":true,"href":"https:\/\/www.ariasassessors.com\/ca\/wp-json\/wp\/v2\/users\/2"}],"replies":[{"embeddable":true,"href":"https:\/\/www.ariasassessors.com\/ca\/wp-json\/wp\/v2\/comments?post=2112"}],"version-history":[{"count":1,"href":"https:\/\/www.ariasassessors.com\/ca\/wp-json\/wp\/v2\/posts\/2112\/revisions"}],"predecessor-version":[{"id":2113,"href":"https:\/\/www.ariasassessors.com\/ca\/wp-json\/wp\/v2\/posts\/2112\/revisions\/2113"}],"wp:featuredmedia":[{"embeddable":true,"href":"https:\/\/www.ariasassessors.com\/ca\/wp-json\/wp\/v2\/media\/2085"}],"wp:attachment":[{"href":"https:\/\/www.ariasassessors.com\/ca\/wp-json\/wp\/v2\/media?parent=2112"}],"wp:term":[{"taxonomy":"category","embeddable":true,"href":"https:\/\/www.ariasassessors.com\/ca\/wp-json\/wp\/v2\/categories?post=2112"},{"taxonomy":"post_tag","embeddable":true,"href":"https:\/\/www.ariasassessors.com\/ca\/wp-json\/wp\/v2\/tags?post=2112"}],"curies":[{"name":"wp","href":"https:\/\/api.w.org\/{rel}","templated":true}]}}