{"id":2149,"date":"2022-11-21T09:55:03","date_gmt":"2022-11-21T08:55:03","guid":{"rendered":"https:\/\/www.ariasassessors.com\/dudas-factura-electronica\/"},"modified":"2022-11-21T10:13:29","modified_gmt":"2022-11-21T09:13:29","slug":"dudas-factura-electronica","status":"publish","type":"post","link":"https:\/\/www.ariasassessors.com\/ca\/dudas-factura-electronica\/","title":{"rendered":"Hisenda resol a trav\u00e9s del seu portal els dubtes que li plantegen els aut\u00f2noms sobre la factura electr\u00f2nica"},"content":{"rendered":"<p>La factura electr\u00f2nica obligat\u00f2ria \u00e9s una de les grans reformes a la qual els treballadors per compte propi hauran de fer front en els pr\u00f2xims anys. Es tracta <strong>d&#8217;una\u00a0 de les novetats incloses dins de la Llei Crea i Creix<\/strong>, aprovada pel Congr\u00e9s dels Diputats el passat 30 de juny i publicada en el BOE al setembre de 2022.<\/p>\n<p>Aquesta normativa obligar\u00e0 a tots els aut\u00f2noms i empreses a expedir i remetre factures utilitzant eines digitals, per a garantir aix\u00ed una major tra\u00e7abilitat i un control dels pagaments. Es tracta d&#8217;una mesura que preocupa una gran part dels aut\u00f2noms, ja que si no desenvolupen la factura digital en el termini establert,<strong> podrien sofrir multes de fins a 10.000 euros.<\/strong><\/p>\n<p>No obstant aix\u00f2, encara que a partir de 2023 la factura electr\u00f2nica prendr\u00e0 un important paper,<a href=\"https:\/\/www.autonomosyemprendedor.es\/articulo\/actualidad\/todos-autonomos-veran-obligados-recibir-facturas-electronicas\/20220823143432027577.html\">\u00a0la seva obligaci\u00f3 s&#8217;implementar\u00e0 en dues fases<\/a>, depenent de la facturaci\u00f3 de l&#8217;aut\u00f2nom. La primera fase ser\u00e0 per a totes les empreses i aut\u00f2noms que tinguin\u00a0una facturaci\u00f3 anual superior a vuit milions d&#8217;euros.<strong>\u00a0Tots ells estaran obligats a emetre factures electr\u00f2niques l&#8217;any que ve, \u00e9s a dir, en el termini d&#8217;un any des de la publicaci\u00f3 de la norma en el BOE.<\/strong><\/p>\n<p>La segona fase ser\u00e0 per a totes les empreses i aut\u00f2noms que tinguin\u00a0una facturaci\u00f3 anual inferior a vuit\u00a0milions d&#8217;euros. Tots ells\u00a0<strong>hauran d&#8217;aplicar aquesta mesura en un termini de tres anys des de l&#8217;entrada en vigor de la mesura<\/strong>. \u00c9s a dir,\u00a0ser\u00e0 en 2025 quan la factura electr\u00f2nica sigui obligat\u00f2ria per a aquests.\u00a0<strong>Encara que \u00e9s millor estar preparats, sobretot si es t\u00e9 com a client a alguna administraci\u00f3.<\/strong><\/p>\n<p>Actualment,<strong>\u00a0els aut\u00f2noms i petits negocis que prestin serveis a les administracions p\u00fabliques estan obligats a emetre factures electr\u00f2niques<\/strong>. Alguna cosa que succeeix des de gener de 2015. Per tant,\u00a0suposa una important novetat per a la resta dels aut\u00f2noms i negocis, <strong>pel que\u00a0 han estat moltes els dubtes que han anat sorgint en els \u00faltims mesos.<\/strong><\/p>\n<p>El Ministeri d&#8217;Hisenda, a trav\u00e9s del portal web\u00a0FacturaE, ha publicat una guia amb les preguntes m\u00e9s freq\u00fcents sobre l&#8217;emissi\u00f3 i recepci\u00f3 de factures electr\u00f2niques.<\/p>\n<div id=\"ez-toc-container\" class=\"ez-toc-v2_0_72 counter-hierarchy ez-toc-counter ez-toc-grey ez-toc-container-direction\">\n<div class=\"ez-toc-title-container\">\n<p class=\"ez-toc-title\" style=\"cursor:inherit\">\u00cdndice de Contenidos<\/p>\n<span class=\"ez-toc-title-toggle\"><a href=\"#\" class=\"ez-toc-pull-right ez-toc-btn ez-toc-btn-xs ez-toc-btn-default ez-toc-toggle\" aria-label=\"Toggle Table of Content\"><span class=\"ez-toc-js-icon-con\"><span class=\"\"><span class=\"eztoc-hide\" style=\"display:none;\">Toggle<\/span><span class=\"ez-toc-icon-toggle-span\"><svg style=\"fill: #428bca;color:#428bca\" xmlns=\"http:\/\/www.w3.org\/2000\/svg\" class=\"list-377408\" width=\"20px\" height=\"20px\" viewBox=\"0 0 24 24\" fill=\"none\"><path d=\"M6 6H4v2h2V6zm14 0H8v2h12V6zM4 11h2v2H4v-2zm16 0H8v2h12v-2zM4 16h2v2H4v-2zm16 0H8v2h12v-2z\" fill=\"currentColor\"><\/path><\/svg><svg style=\"fill: #428bca;color:#428bca\" class=\"arrow-unsorted-368013\" xmlns=\"http:\/\/www.w3.org\/2000\/svg\" width=\"10px\" height=\"10px\" viewBox=\"0 0 24 24\" version=\"1.2\" baseProfile=\"tiny\"><path d=\"M18.2 9.3l-6.2-6.3-6.2 6.3c-.2.2-.3.4-.3.7s.1.5.3.7c.2.2.4.3.7.3h11c.3 0 .5-.1.7-.3.2-.2.3-.5.3-.7s-.1-.5-.3-.7zM5.8 14.7l6.2 6.3 6.2-6.3c.2-.2.3-.5.3-.7s-.1-.5-.3-.7c-.2-.2-.4-.3-.7-.3h-11c-.3 0-.5.1-.7.3-.2.2-.3.5-.3.7s.1.5.3.7z\"\/><\/svg><\/span><\/span><\/span><\/a><\/span><\/div>\n<nav><ul class='ez-toc-list ez-toc-list-level-1 eztoc-toggle-hide-by-default' ><li class='ez-toc-page-1 ez-toc-heading-level-2'><a class=\"ez-toc-link ez-toc-heading-1\" href=\"https:\/\/www.ariasassessors.com\/ca\/dudas-factura-electronica\/#Que_es_necessita_per_a_poder_expedir_factures_electroniques\" title=\"Qu\u00e8 es necessita per a poder expedir factures electr\u00f2niques?\">Qu\u00e8 es necessita per a poder expedir factures electr\u00f2niques?<\/a><\/li><li class='ez-toc-page-1 ez-toc-heading-level-2'><a class=\"ez-toc-link ez-toc-heading-2\" href=\"https:\/\/www.ariasassessors.com\/ca\/dudas-factura-electronica\/#Serveix_qualsevol_programa_informatic_o_servei_de_facturacio_per_a_enviar_factures_electroniques\" title=\"Serveix qualsevol programa inform\u00e0tic o servei de facturaci\u00f3 per a enviar factures electr\u00f2niques?\">Serveix qualsevol programa inform\u00e0tic o servei de facturaci\u00f3 per a enviar factures electr\u00f2niques?<\/a><\/li><li class='ez-toc-page-1 ez-toc-heading-level-2'><a class=\"ez-toc-link ez-toc-heading-3\" href=\"https:\/\/www.ariasassessors.com\/ca\/dudas-factura-electronica\/#Es_pot_obligar_els_clients_a_acceptar_factures_electroniques\" title=\"Es pot obligar els clients a acceptar factures electr\u00f2niques?\">Es pot obligar els clients a acceptar factures electr\u00f2niques?<\/a><\/li><li class='ez-toc-page-1 ez-toc-heading-level-2'><a class=\"ez-toc-link ez-toc-heading-4\" href=\"https:\/\/www.ariasassessors.com\/ca\/dudas-factura-electronica\/#Quins_requisits_ha_de_complir_una_factura_electronica\" title=\"Quins requisits ha de complir una factura electr\u00f2nica?\">Quins requisits ha de complir una factura electr\u00f2nica?<\/a><\/li><li class='ez-toc-page-1 ez-toc-heading-level-2'><a class=\"ez-toc-link ez-toc-heading-5\" href=\"https:\/\/www.ariasassessors.com\/ca\/dudas-factura-electronica\/#Com_es_garanteix_lautenticitat_i_la_integritat_duna_factura_electronica\" title=\"Com es garanteix l&#8217;autenticitat i la integritat d&#8217;una factura electr\u00f2nica?\">Com es garanteix l&#8217;autenticitat i la integritat d&#8217;una factura electr\u00f2nica?<\/a><\/li><li class='ez-toc-page-1 ez-toc-heading-level-2'><a class=\"ez-toc-link ez-toc-heading-6\" href=\"https:\/\/www.ariasassessors.com\/ca\/dudas-factura-electronica\/#Es_obligatori_que_una_factura_electronica_estigui_signada_electronicament\" title=\"\u00c9s obligatori que una factura electr\u00f2nica estigui signada electr\u00f2nicament?\">\u00c9s obligatori que una factura electr\u00f2nica estigui signada electr\u00f2nicament?<\/a><\/li><li class='ez-toc-page-1 ez-toc-heading-level-2'><a class=\"ez-toc-link ez-toc-heading-7\" href=\"https:\/\/www.ariasassessors.com\/ca\/dudas-factura-electronica\/#Sadmet_com_a_factura_electronica_un_PDF_enviat_per_correu-e_sense_signatura_electronica\" title=\"S&#8217;admet com a factura electr\u00f2nica un PDF enviat per correu-e sense signatura electr\u00f2nica?\">S&#8217;admet com a factura electr\u00f2nica un PDF enviat per correu-e sense signatura electr\u00f2nica?<\/a><\/li><li class='ez-toc-page-1 ez-toc-heading-level-2'><a class=\"ez-toc-link ez-toc-heading-8\" href=\"https:\/\/www.ariasassessors.com\/ca\/dudas-factura-electronica\/#Que_cal_fer_amb_les_factures_electroniques_una_vegada_hagin_estat_enviades\" title=\"Qu\u00e8 cal fer amb les factures electr\u00f2niques una vegada hagin estat enviades?\">Qu\u00e8 cal fer amb les factures electr\u00f2niques una vegada hagin estat enviades?<\/a><\/li><li class='ez-toc-page-1 ez-toc-heading-level-2'><a class=\"ez-toc-link ez-toc-heading-9\" href=\"https:\/\/www.ariasassessors.com\/ca\/dudas-factura-electronica\/#Poden_pagar-me_una_factura_electronica_mitjancant_deute_domiciliat\" title=\"Poden pagar-me una factura electr\u00f2nica mitjan\u00e7ant deute domiciliat?\">Poden pagar-me una factura electr\u00f2nica mitjan\u00e7ant deute domiciliat?<\/a><\/li><li class='ez-toc-page-1 ez-toc-heading-level-2'><a class=\"ez-toc-link ez-toc-heading-10\" href=\"https:\/\/www.ariasassessors.com\/ca\/dudas-factura-electronica\/#Es_possible_instar_el_pagament_duna_factura_electronica_mitjancant_una_accio_executiva\" title=\"\u00c9s possible instar el pagament d&#8217;una factura electr\u00f2nica mitjan\u00e7ant una acci\u00f3 executiva?\">\u00c9s possible instar el pagament d&#8217;una factura electr\u00f2nica mitjan\u00e7ant una acci\u00f3 executiva?<\/a><\/li><\/ul><\/nav><\/div>\n<h2><span class=\"ez-toc-section\" id=\"Que_es_necessita_per_a_poder_expedir_factures_electroniques\"><\/span>Qu\u00e8 es necessita per a poder expedir factures electr\u00f2niques?<span class=\"ez-toc-section-end\"><\/span><\/h2>\n<p>Tal com expliquen des de la p\u00e0gina web oficial\u00a0FacturaE, actualment\u00a0<strong>hi ha tres maneres possibles d&#8217;expedir factures electr\u00f2niques<\/strong><\/p>\n<ul>\n<li>Mitjan\u00e7ant\u00a0<a href=\"https:\/\/www.autonomosyemprendedor.es\/articulo\/tu-negocio\/ventajas-tiene-autonomo-utilizar-programa-hacer-facturas\/20210504171541024381.html\">un<strong>\u00a0programa inform\u00e0tic<\/strong>\u00a0que cre\u00ef factures electr\u00f2nique<\/a>s. \u201cAquest programa pot estar instal\u00b7lat en l&#8217;ordinador o es pot accedir a ell a trav\u00e9s d&#8217;Internet. A vegades poden bastar els programes ofim\u00e0tics.<\/li>\n<li>Mitjan\u00e7ant la intermediaci\u00f3 d&#8217;un\u00a0 <strong>prestador de serveis de facturaci\u00f3<\/strong>\u00a0electr\u00f2nica<\/li>\n<li>Que siguin creades pel<strong> propi\u00a0 destinatari de la factura electr\u00f2nica<\/strong>, \u201cla qual cosa tamb\u00e9 es denomina informalment \u2018autofacturaci\u00f3\u2019\u201d.<\/li>\n<\/ul>\n<h2><span class=\"ez-toc-section\" id=\"Serveix_qualsevol_programa_informatic_o_servei_de_facturacio_per_a_enviar_factures_electroniques\"><\/span>Serveix qualsevol programa inform\u00e0tic o servei de facturaci\u00f3 per a enviar factures electr\u00f2niques?<span class=\"ez-toc-section-end\"><\/span><\/h2>\n<p>Un dels aspectes m\u00e9s importants que s&#8217;ha de tenir en compte a l&#8217;hora d<a href=\"https:\/\/www.ariasassessors.com\/ca\/factura-escanejada-es-factura-electronica\/\">&#8216;emetre factures<\/a> electr\u00f2niques \u00e9s el programa inform\u00e0tic a utilitzar.\u00a0<strong>No serveix qualsevol programa inform\u00e0tic o servei de facturaci\u00f3 per a enviar factures electr\u00f2niques.<\/strong><\/p>\n<p>\u201cCal assegurar-se que el programa inform\u00e0tic o el servei de facturaci\u00f3 pugui<strong>\u00a0crear factures amb uns requisits t\u00e8cnics compatibles amb els del destinatari de la factura electr\u00f2nica<\/strong>\u201d, recull el portal web dependent del Ministeri d&#8217;Hisenda.<\/p>\n<h2><span class=\"ez-toc-section\" id=\"Es_pot_obligar_els_clients_a_acceptar_factures_electroniques\"><\/span>Es pot obligar els clients a acceptar factures electr\u00f2niques?<span class=\"ez-toc-section-end\"><\/span><\/h2>\n<p>Actualment, per a poder enviar factures electr\u00f2niques,\u00a0<strong>es necessita el consentiment expr\u00e9s del destinatari<\/strong>. L&#8217;article 63.3 del text ref\u00f3s de la Llei General per a la Defensa dels Consumidors i Usuaris i altres lleis complement\u00e0ries, aprovat per Reial decret legislatiu 1\/2007, de 16 de novembre estableix que en els contractes amb consumidors i usuaris, aquests\u00a0<strong>tindran dret a rebre la factura en paper.<\/strong><\/p>\n<p>\u201cEn el seu cas, l&#8217;expedici\u00f3 de la factura electr\u00f2nica estar\u00e0 condicionada al fet que l&#8217;empresari hagi obtingut pr\u00e8viament el consentiment expr\u00e9s del consumidor.\u00a0<strong>La sol\u00b7licitud del consentiment haur\u00e0 de precisar la forma en la qual es procedir\u00e0 a rebre la factura electr\u00f2nica<\/strong>, aix\u00ed com la possibilitat que el destinatari que hagi donat el seu consentiment pugui revocar-lo i la forma en la qual podr\u00e0 realitzar-se aquesta revocaci\u00f3. El dret del consumidor i usuari a rebre la factura en paper no podr\u00e0 quedar condicionat al pagament de cap quantitat econ\u00f2mica\u201d, assenyala el Ministeri d&#8217;Hisenda a trav\u00e9s del portal\u00a0FacturaE.<\/p>\n<h2><span class=\"ez-toc-section\" id=\"Quins_requisits_ha_de_complir_una_factura_electronica\"><\/span>Quins requisits ha de complir una factura electr\u00f2nica?<span class=\"ez-toc-section-end\"><\/span><\/h2>\n<p>A m\u00e9s del consentiment del destinatari, la factura electr\u00f2nica<strong>\u00a0<a href=\"https:\/\/www.autonomosyemprendedor.es\/articulo\/tus-finanzas\/como-hace-correctamente-factura-autonomos-eviten-sanciones-hacienda\/20220921164445027798.html\">ha de complir la resta de requisits de qualsevol factura<\/a><\/strong>. El mitj\u00e0 d&#8217;expedici\u00f3 d&#8217;una factura, ja sigui electr\u00f2nica o en paper, \u201cha de garantir els seg\u00fcents requisits des de la seva expedici\u00f3 i durant tot el per\u00edode de conservaci\u00f3: llegibilitat, autenticitat i integritat\u201d. Amb la factura electr\u00f2nica, els dos \u00faltims requisits \u201cja estarien garantits\u201d.<\/p>\n<ul>\n<li><strong>Llegibilitat<\/strong>: significa que la factura electr\u00f2nica pugui ser llegida per humans.\u00a0\u201cEls aut\u00f2noms no han de preocupar-se per aquest requisit, ja que el faciliten els programes inform\u00e0tics de facturaci\u00f3 electr\u00f2nica o els programes ofim\u00e0tics (com els processadors de text). Tamb\u00e9 poden facilitar-la serveis en l\u00ednia a trav\u00e9s d&#8217;Internet\u201d.<\/li>\n<li><strong>Autenticitat de l&#8217;origen de la factura<\/strong>: significa que s&#8217;ha de garantir la identitat del prove\u00efdor dels b\u00e9ns o prestador dels serveis facturats, aix\u00ed com la de l&#8217;emissor de la factura, en cas de no ser el mateix.<\/li>\n<li><strong>Integritat del contingut de la factura<\/strong>: significa que s&#8217;ha de garantir que el contingut de la factura no ha estat modificat.<\/li>\n<\/ul>\n<h2><span class=\"ez-toc-section\" id=\"Com_es_garanteix_lautenticitat_i_la_integritat_duna_factura_electronica\"><\/span>Com es garanteix l&#8217;autenticitat i la integritat d&#8217;una factura electr\u00f2nica?<span class=\"ez-toc-section-end\"><\/span><\/h2>\n<p>L&#8217;autenticitat\u00a0 de l&#8217;origen i la integritat del contingut\u00a0d&#8217;una\u00a0factura electr\u00f2nica\u00a0es poden garantir<strong>\u00a0mitjan\u00e7ant els mateixos procediments que per a una factura en paper<\/strong>. \u00c9s a dir, \u201cmitjan\u00e7ant controls de gesti\u00f3 que permetin crear la pista d&#8217;auditoria fiable que estableixi la necess\u00e0ria connexi\u00f3 entre la factura i el lliurament de b\u00e9ns o prestaci\u00f3 de serveis que la mateixa documenta\u201d.<\/p>\n<p>No obstant aix\u00f2, per al cas particular de la\u00a0factura electr\u00f2nica,\u00a0<strong>la legislaci\u00f3 permet tres procediments espec\u00edfics<\/strong>\u00a0alternatius que garanteixen igualment l&#8217;autenticitat\u00a0 de l&#8217;origen i la integritat del contingut: la signatura electr\u00f2nica, l&#8217;intercanvi electr\u00f2nic de dades o els mitjans validats per l&#8217;Ag\u00e8ncia Estatal d&#8217;Administraci\u00f3 Tribut\u00e0ria (AEAT).<\/p>\n<h2><span class=\"ez-toc-section\" id=\"Es_obligatori_que_una_factura_electronica_estigui_signada_electronicament\"><\/span>\u00c9s obligatori que una factura electr\u00f2nica estigui signada electr\u00f2nicament?<span class=\"ez-toc-section-end\"><\/span><\/h2>\n<p>No \u00e9s necessari que una factura electr\u00f2nica sigui signada\u00a0<strong>a trav\u00e9s de la signatura electr\u00f2nica<\/strong>. Si b\u00e9 \u00e9s cert que la signatura electr\u00f2nica garanteix l&#8217;autenticitat de l&#8217;origen i la integritat del contingut de la factura,<strong>\u00a0hi ha altres formes alternatives de fer-lo.<\/strong><\/p>\n<p>\u201cPot fer-se tamb\u00e9 amb\u00a0<strong>controls de gesti\u00f3<\/strong>\u00a0que permetin crear la pista d&#8217;auditoria fiable que estableixi la necess\u00e0ria connexi\u00f3 entre la factura i el lliurament de b\u00e9ns o prestaci\u00f3 de servei que la mateixa documenta. Tamb\u00e9 pot fer-se amb l&#8217;<strong>intercanvi\u00a0 de dades o amb els mitjans validats per la\u00a0AEAT.<\/strong><\/p>\n<h2><span class=\"ez-toc-section\" id=\"Sadmet_com_a_factura_electronica_un_PDF_enviat_per_correu-e_sense_signatura_electronica\"><\/span>S&#8217;admet com a factura electr\u00f2nica un PDF enviat per correu-e sense signatura electr\u00f2nica?<span class=\"ez-toc-section-end\"><\/span><\/h2>\n<p>Algunes dels dubtes m\u00e9s freq\u00fcents que tenen els aut\u00f2noms estan relacionades amb el sistema que pot utilitzar-se per a realitzar les factures electr\u00f2niques.<\/p>\n<p>Tal com expliquen des del portal oficial\u00a0FacturaE,\u00a0<strong>les factures en format PDF seran admissibles, com qualsevol altre sistema adoptat<\/strong>, \u201cen la mesura en qu\u00e8 els controls de gesti\u00f3 usuals de l&#8217;activitat permetin crear una pista d&#8217;auditoria fiable que estableixi una connexi\u00f3 entre la factura i el lliurament de b\u00e9ns o la prestaci\u00f3 de serveis, o es garanteixin d&#8217;alguna altra manera l&#8217;autenticitat, integritat i llegibilitat de la factura\u201d.<\/p>\n<h2><span class=\"ez-toc-section\" id=\"Que_cal_fer_amb_les_factures_electroniques_una_vegada_hagin_estat_enviades\"><\/span>Qu\u00e8 cal fer amb les factures electr\u00f2niques una vegada hagin estat enviades?<span class=\"ez-toc-section-end\"><\/span><\/h2>\n<p>Igual que succeeix amb les factures en paper, els aut\u00f2noms\u00a0<strong>tenen l&#8217;obligaci\u00f3 de conservar les c\u00f2pies de les factures electr\u00f2nica<\/strong>\u00a0expedides durant el termini previst en la Llei 58\/2003, de 17 de desembre, General Tribut\u00e0ria. \u00c9s a dir, durant el termini de quatre anys.<\/p>\n<p>\u201cIgual que amb les factures en paper, les factures electr\u00f2niques han de conservar-se de manera que es garanteixin la seva llegibilitat, autenticitat i integritat. Tamb\u00e9\u00a0<strong>ha de garantir-se l&#8217;acc\u00e9s a ells per part de l&#8217;Administraci\u00f3 tribut\u00e0ria<\/strong>\u00a0sense demora, excepte causa degudament justificada. En el cas particular de les factures electr\u00f2niques, es garantir\u00e0 l&#8217;acc\u00e9s en l\u00ednia a les dades aix\u00ed com la seva c\u00e0rrega remota i utilitzaci\u00f3 per part de l&#8217;Administraci\u00f3 tribut\u00e0ria\u201d, expliquen des del Ministeri d&#8217;Hisenda.<\/p>\n<h2><span class=\"ez-toc-section\" id=\"Poden_pagar-me_una_factura_electronica_mitjancant_deute_domiciliat\"><\/span>Poden pagar-me una factura electr\u00f2nica mitjan\u00e7ant deute domiciliat?<span class=\"ez-toc-section-end\"><\/span><\/h2>\n<p>Tal com recull el portal web\u00a0FacturaE, una factura electr\u00f2nica<strong>\u00a0pot pagar-se mitjan\u00e7ant deute domiciliat si es compleixen els seg\u00fcents requisit<\/strong>s:<\/p>\n<ul>\n<li>Que el deutor acrediti el seu consentiment mitjan\u00e7ant el document que estableix la Llei 16\/2009, de 13 de novembre, de serveis de pagament<\/li>\n<li>Que en un annex de la factura electr\u00f2nica s&#8217;inclogui aquest document<\/li>\n<li>Que en una extensi\u00f3 de la factura electr\u00f2nica s&#8217;inclogui la identificaci\u00f3 del compte de pagament del deutor<\/li>\n<li>Que la factura electr\u00f2nica no s&#8217;hagi em\u00e8s a consumidors i usuaris<\/li>\n<li>Que la factura electr\u00f2nica no s&#8217;hagi em\u00e8s als \u00f2rgans, organismes i entitats integrants del sector p\u00fablic.<\/li>\n<\/ul>\n<h2><span class=\"ez-toc-section\" id=\"Es_possible_instar_el_pagament_duna_factura_electronica_mitjancant_una_accio_executiva\"><\/span>\u00c9s possible instar el pagament d&#8217;una factura electr\u00f2nica mitjan\u00e7ant una acci\u00f3 executiva?<span class=\"ez-toc-section-end\"><\/span><\/h2>\n<p>Una factura electr\u00f2nica portar\u00e0 aparellada execuci\u00f3 sempre que es compleixin els seg\u00fcents requisits:<\/p>\n<ul>\n<li>Que existeixi\u00a0<strong>un acord signat previ<\/strong> entre les parts pel qual la part deutora accepta dotar d&#8217;efic\u00e0cia executiva a cada factura i en el qual es fa refer\u00e8ncia a la relaci\u00f3 subjacent que hagi originat l&#8217;emissi\u00f3 de la factura.<\/li>\n<li>Que en un annex de la factura electr\u00f2nica s&#8217;inclogui aquest acord.<\/li>\n<li>Que en la factura electr\u00f2nica figuri el seu car\u00e0cter de t\u00edtol executiu.<\/li>\n<li>Que la factura electr\u00f2nica no s&#8217;hagi em\u00e8s a consumidors i usuaris.<\/li>\n<li>Que la factura electr\u00f2nica no s&#8217;hagi em\u00e8s als \u00f2rgans, organismes i entitats integrants del sector p\u00fablic.<\/li>\n<\/ul>\n<p>\u201cLa falta de pago de la factura que re\u00fana estos requisitos faculta al acreedor para instar su pago mediante el ejercicio de una acci\u00f3n ejecutiva de las previstas en el\u00a0<a href=\"https:\/\/www.boe.es\/buscar\/act.php?id=BOE-A-2000-323\">art\u00edculo 517 de la Ley 1\/2000, de 7 de enero, de Enjuiciamiento Civil<\/a>\u201d, explican.<\/p>\n<p>\u201cLa falta de pagament de la factura que reuneixi aquests requisits faculta al creditor per a instar el seu pagament mitjan\u00e7ant l&#8217;exercici d&#8217;una acci\u00f3 executiva de les previstes en l&#8217;<a href=\"https:\/\/www.boe.es\/buscar\/act.php?id=BOE-A-2000-323\">article\u00a0 517 de la Llei 1\/2000, de 7 de gener, d&#8217;Enjudiciament Civil<\/a>\u201d, expliquen.<\/p>\n<p>Not\u00edcia\u00a0extreta de\u00a0<a href=\"https:\/\/www.autonomosyemprendedor.es\/articulo\/tus-finanzas\/hacienda-resuelve-traves-portal-dudas-que-plantean-autonomos-factura-electronica\/20221114151749028204.html\">Auton\u00f3mos y emprenededores.<\/a><\/p>\n","protected":false},"excerpt":{"rendered":"<p>La factura electr\u00f2nica obligat\u00f2ria \u00e9s una de les grans reformes a la qual els treballadors per compte propi hauran de fer front en els pr\u00f2xims anys. Es tracta d&#8217;una\u00a0 de les novetats incloses dins de la Llei Crea i Creix, aprovada pel Congr\u00e9s dels Diputats&#8230;<\/p>\n","protected":false},"author":2,"featured_media":2147,"comment_status":"open","ping_status":"open","sticky":false,"template":"","format":"standard","meta":{"footnotes":""},"categories":[4],"tags":[],"class_list":["post-2149","post","type-post","status-publish","format-standard","has-post-thumbnail","hentry","category-noticies"],"yoast_head":"<!-- This site is optimized with the Yoast SEO plugin v24.3 - https:\/\/yoast.com\/wordpress\/plugins\/seo\/ -->\n<title>Hisenda resol a trav\u00e9s del seu portal els dubtes que li plantegen els aut\u00f2noms sobre la factura electr\u00f2nica | Arias Assessors<\/title>\n<meta name=\"description\" content=\"La factura electr\u00f3nica obligatoria es una de las grandes reformas a la que aut\u00f3nomos tendr\u00e1n que hacer frente en los pr\u00f3ximos a\u00f1os\" \/>\n<meta name=\"robots\" content=\"index, follow, max-snippet:-1, max-image-preview:large, max-video-preview:-1\" \/>\n<link rel=\"canonical\" href=\"https:\/\/www.ariasassessors.com\/ca\/dudas-factura-electronica\/\" \/>\n<meta property=\"og:locale\" content=\"ca_ES\" \/>\n<meta property=\"og:type\" content=\"article\" \/>\n<meta property=\"og:title\" content=\"Hisenda resol a trav\u00e9s del seu portal els dubtes que li plantegen els aut\u00f2noms sobre la factura electr\u00f2nica | Arias Assessors\" \/>\n<meta property=\"og:description\" content=\"La factura electr\u00f3nica obligatoria es una de las grandes reformas a la que aut\u00f3nomos tendr\u00e1n que hacer frente en los pr\u00f3ximos a\u00f1os\" \/>\n<meta property=\"og:url\" content=\"https:\/\/www.ariasassessors.com\/ca\/dudas-factura-electronica\/\" \/>\n<meta property=\"og:site_name\" content=\"Arias Assessors\" \/>\n<meta property=\"article:publisher\" content=\"https:\/\/www.facebook.com\/ariasassessors\/\" \/>\n<meta property=\"article:published_time\" content=\"2022-11-21T08:55:03+00:00\" \/>\n<meta property=\"article:modified_time\" content=\"2022-11-21T09:13:29+00:00\" \/>\n<meta property=\"og:image\" content=\"https:\/\/www.ariasassessors.com\/wp-content\/uploads\/2022\/11\/Arias_Blog_IMAGEN_DESTACADA-19.jpg\" \/>\n\t<meta property=\"og:image:width\" content=\"1920\" \/>\n\t<meta property=\"og:image:height\" content=\"1202\" \/>\n\t<meta property=\"og:image:type\" content=\"image\/jpeg\" \/>\n<meta name=\"author\" content=\"btorras\" \/>\n<meta name=\"twitter:card\" content=\"summary_large_image\" \/>\n<meta name=\"twitter:creator\" content=\"@ariasassessors\" \/>\n<meta name=\"twitter:site\" content=\"@ariasassessors\" \/>\n<meta name=\"twitter:label1\" content=\"Escrit per\" \/>\n\t<meta name=\"twitter:data1\" content=\"btorras\" \/>\n\t<meta name=\"twitter:label2\" content=\"Temps estimat de lectura\" \/>\n\t<meta name=\"twitter:data2\" content=\"8 minuts\" \/>\n<script type=\"application\/ld+json\" class=\"yoast-schema-graph\">{\"@context\":\"https:\/\/schema.org\",\"@graph\":[{\"@type\":\"Article\",\"@id\":\"https:\/\/www.ariasassessors.com\/ca\/dudas-factura-electronica\/#article\",\"isPartOf\":{\"@id\":\"https:\/\/www.ariasassessors.com\/ca\/dudas-factura-electronica\/\"},\"author\":{\"name\":\"btorras\",\"@id\":\"https:\/\/www.ariasassessors.com\/#\/schema\/person\/63c6ad1775f0a9413c37932562673cef\"},\"headline\":\"Hisenda resol a trav\u00e9s del seu portal els dubtes que li plantegen els aut\u00f2noms sobre la factura electr\u00f2nica\",\"datePublished\":\"2022-11-21T08:55:03+00:00\",\"dateModified\":\"2022-11-21T09:13:29+00:00\",\"mainEntityOfPage\":{\"@id\":\"https:\/\/www.ariasassessors.com\/ca\/dudas-factura-electronica\/\"},\"wordCount\":1784,\"commentCount\":0,\"publisher\":{\"@id\":\"https:\/\/www.ariasassessors.com\/#organization\"},\"image\":{\"@id\":\"https:\/\/www.ariasassessors.com\/ca\/dudas-factura-electronica\/#primaryimage\"},\"thumbnailUrl\":\"https:\/\/www.ariasassessors.com\/wp-content\/uploads\/2022\/11\/Arias_Blog_IMAGEN_DESTACADA-19.jpg\",\"articleSection\":[\"noticies\"],\"inLanguage\":\"ca\",\"potentialAction\":[{\"@type\":\"CommentAction\",\"name\":\"Comment\",\"target\":[\"https:\/\/www.ariasassessors.com\/ca\/dudas-factura-electronica\/#respond\"]}]},{\"@type\":\"WebPage\",\"@id\":\"https:\/\/www.ariasassessors.com\/ca\/dudas-factura-electronica\/\",\"url\":\"https:\/\/www.ariasassessors.com\/ca\/dudas-factura-electronica\/\",\"name\":\"Hisenda resol a trav\u00e9s del seu portal els dubtes que li plantegen els aut\u00f2noms sobre la factura electr\u00f2nica | Arias Assessors\",\"isPartOf\":{\"@id\":\"https:\/\/www.ariasassessors.com\/#website\"},\"primaryImageOfPage\":{\"@id\":\"https:\/\/www.ariasassessors.com\/ca\/dudas-factura-electronica\/#primaryimage\"},\"image\":{\"@id\":\"https:\/\/www.ariasassessors.com\/ca\/dudas-factura-electronica\/#primaryimage\"},\"thumbnailUrl\":\"https:\/\/www.ariasassessors.com\/wp-content\/uploads\/2022\/11\/Arias_Blog_IMAGEN_DESTACADA-19.jpg\",\"datePublished\":\"2022-11-21T08:55:03+00:00\",\"dateModified\":\"2022-11-21T09:13:29+00:00\",\"description\":\"La factura electr\u00f3nica obligatoria es una de las grandes reformas a la que aut\u00f3nomos tendr\u00e1n que hacer frente en los pr\u00f3ximos a\u00f1os\",\"breadcrumb\":{\"@id\":\"https:\/\/www.ariasassessors.com\/ca\/dudas-factura-electronica\/#breadcrumb\"},\"inLanguage\":\"ca\",\"potentialAction\":[{\"@type\":\"ReadAction\",\"target\":[\"https:\/\/www.ariasassessors.com\/ca\/dudas-factura-electronica\/\"]}]},{\"@type\":\"ImageObject\",\"inLanguage\":\"ca\",\"@id\":\"https:\/\/www.ariasassessors.com\/ca\/dudas-factura-electronica\/#primaryimage\",\"url\":\"https:\/\/www.ariasassessors.com\/wp-content\/uploads\/2022\/11\/Arias_Blog_IMAGEN_DESTACADA-19.jpg\",\"contentUrl\":\"https:\/\/www.ariasassessors.com\/wp-content\/uploads\/2022\/11\/Arias_Blog_IMAGEN_DESTACADA-19.jpg\",\"width\":1920,\"height\":1202,\"caption\":\"Factura electr\u00f3nica\"},{\"@type\":\"BreadcrumbList\",\"@id\":\"https:\/\/www.ariasassessors.com\/ca\/dudas-factura-electronica\/#breadcrumb\",\"itemListElement\":[{\"@type\":\"ListItem\",\"position\":1,\"name\":\"Portada\",\"item\":\"https:\/\/www.ariasassessors.com\/ca\/\"},{\"@type\":\"ListItem\",\"position\":2,\"name\":\"Hisenda resol a trav\u00e9s del seu portal els dubtes que li plantegen els aut\u00f2noms sobre la factura electr\u00f2nica\"}]},{\"@type\":\"WebSite\",\"@id\":\"https:\/\/www.ariasassessors.com\/#website\",\"url\":\"https:\/\/www.ariasassessors.com\/\",\"name\":\"Arias Assessors\",\"description\":\"Asesor\u00eda para aut\u00f3nomos, profesionales y PYMES\",\"publisher\":{\"@id\":\"https:\/\/www.ariasassessors.com\/#organization\"},\"potentialAction\":[{\"@type\":\"SearchAction\",\"target\":{\"@type\":\"EntryPoint\",\"urlTemplate\":\"https:\/\/www.ariasassessors.com\/?s={search_term_string}\"},\"query-input\":{\"@type\":\"PropertyValueSpecification\",\"valueRequired\":true,\"valueName\":\"search_term_string\"}}],\"inLanguage\":\"ca\"},{\"@type\":\"Organization\",\"@id\":\"https:\/\/www.ariasassessors.com\/#organization\",\"name\":\"Arias Assessors\",\"url\":\"https:\/\/www.ariasassessors.com\/\",\"logo\":{\"@type\":\"ImageObject\",\"inLanguage\":\"ca\",\"@id\":\"https:\/\/www.ariasassessors.com\/#\/schema\/logo\/image\/\",\"url\":\"https:\/\/www.ariasassessors.com\/wp-content\/uploads\/2019\/01\/arias-logo.png\",\"contentUrl\":\"https:\/\/www.ariasassessors.com\/wp-content\/uploads\/2019\/01\/arias-logo.png\",\"width\":349,\"height\":254,\"caption\":\"Arias Assessors\"},\"image\":{\"@id\":\"https:\/\/www.ariasassessors.com\/#\/schema\/logo\/image\/\"},\"sameAs\":[\"https:\/\/www.facebook.com\/ariasassessors\/\",\"https:\/\/x.com\/ariasassessors\",\"https:\/\/www.linkedin.com\/company\/r&amp;amp;r-growing-knowledge\/\"]},{\"@type\":\"Person\",\"@id\":\"https:\/\/www.ariasassessors.com\/#\/schema\/person\/63c6ad1775f0a9413c37932562673cef\",\"name\":\"btorras\",\"image\":{\"@type\":\"ImageObject\",\"inLanguage\":\"ca\",\"@id\":\"https:\/\/www.ariasassessors.com\/#\/schema\/person\/image\/\",\"url\":\"https:\/\/secure.gravatar.com\/avatar\/0531db351fc361fdbfd204c58fa2d6a3?s=96&d=mm&r=g\",\"contentUrl\":\"https:\/\/secure.gravatar.com\/avatar\/0531db351fc361fdbfd204c58fa2d6a3?s=96&d=mm&r=g\",\"caption\":\"btorras\"}}]}<\/script>\n<!-- \/ Yoast SEO plugin. -->","yoast_head_json":{"title":"Hisenda resol a trav\u00e9s del seu portal els dubtes que li plantegen els aut\u00f2noms sobre la factura electr\u00f2nica | Arias Assessors","description":"La factura electr\u00f3nica obligatoria es una de las grandes reformas a la que aut\u00f3nomos tendr\u00e1n que hacer frente en los pr\u00f3ximos a\u00f1os","robots":{"index":"index","follow":"follow","max-snippet":"max-snippet:-1","max-image-preview":"max-image-preview:large","max-video-preview":"max-video-preview:-1"},"canonical":"https:\/\/www.ariasassessors.com\/ca\/dudas-factura-electronica\/","og_locale":"ca_ES","og_type":"article","og_title":"Hisenda resol a trav\u00e9s del seu portal els dubtes que li plantegen els aut\u00f2noms sobre la factura electr\u00f2nica | Arias Assessors","og_description":"La factura electr\u00f3nica obligatoria es una de las grandes reformas a la que aut\u00f3nomos tendr\u00e1n que hacer frente en los pr\u00f3ximos a\u00f1os","og_url":"https:\/\/www.ariasassessors.com\/ca\/dudas-factura-electronica\/","og_site_name":"Arias Assessors","article_publisher":"https:\/\/www.facebook.com\/ariasassessors\/","article_published_time":"2022-11-21T08:55:03+00:00","article_modified_time":"2022-11-21T09:13:29+00:00","og_image":[{"width":1920,"height":1202,"url":"https:\/\/www.ariasassessors.com\/wp-content\/uploads\/2022\/11\/Arias_Blog_IMAGEN_DESTACADA-19.jpg","type":"image\/jpeg"}],"author":"btorras","twitter_card":"summary_large_image","twitter_creator":"@ariasassessors","twitter_site":"@ariasassessors","twitter_misc":{"Escrit per":"btorras","Temps estimat de lectura":"8 minuts"},"schema":{"@context":"https:\/\/schema.org","@graph":[{"@type":"Article","@id":"https:\/\/www.ariasassessors.com\/ca\/dudas-factura-electronica\/#article","isPartOf":{"@id":"https:\/\/www.ariasassessors.com\/ca\/dudas-factura-electronica\/"},"author":{"name":"btorras","@id":"https:\/\/www.ariasassessors.com\/#\/schema\/person\/63c6ad1775f0a9413c37932562673cef"},"headline":"Hisenda resol a trav\u00e9s del seu portal els dubtes que li plantegen els aut\u00f2noms sobre la factura electr\u00f2nica","datePublished":"2022-11-21T08:55:03+00:00","dateModified":"2022-11-21T09:13:29+00:00","mainEntityOfPage":{"@id":"https:\/\/www.ariasassessors.com\/ca\/dudas-factura-electronica\/"},"wordCount":1784,"commentCount":0,"publisher":{"@id":"https:\/\/www.ariasassessors.com\/#organization"},"image":{"@id":"https:\/\/www.ariasassessors.com\/ca\/dudas-factura-electronica\/#primaryimage"},"thumbnailUrl":"https:\/\/www.ariasassessors.com\/wp-content\/uploads\/2022\/11\/Arias_Blog_IMAGEN_DESTACADA-19.jpg","articleSection":["noticies"],"inLanguage":"ca","potentialAction":[{"@type":"CommentAction","name":"Comment","target":["https:\/\/www.ariasassessors.com\/ca\/dudas-factura-electronica\/#respond"]}]},{"@type":"WebPage","@id":"https:\/\/www.ariasassessors.com\/ca\/dudas-factura-electronica\/","url":"https:\/\/www.ariasassessors.com\/ca\/dudas-factura-electronica\/","name":"Hisenda resol a trav\u00e9s del seu portal els dubtes que li plantegen els aut\u00f2noms sobre la factura electr\u00f2nica | Arias Assessors","isPartOf":{"@id":"https:\/\/www.ariasassessors.com\/#website"},"primaryImageOfPage":{"@id":"https:\/\/www.ariasassessors.com\/ca\/dudas-factura-electronica\/#primaryimage"},"image":{"@id":"https:\/\/www.ariasassessors.com\/ca\/dudas-factura-electronica\/#primaryimage"},"thumbnailUrl":"https:\/\/www.ariasassessors.com\/wp-content\/uploads\/2022\/11\/Arias_Blog_IMAGEN_DESTACADA-19.jpg","datePublished":"2022-11-21T08:55:03+00:00","dateModified":"2022-11-21T09:13:29+00:00","description":"La factura electr\u00f3nica obligatoria es una de las grandes reformas a la que aut\u00f3nomos tendr\u00e1n que hacer frente en los pr\u00f3ximos a\u00f1os","breadcrumb":{"@id":"https:\/\/www.ariasassessors.com\/ca\/dudas-factura-electronica\/#breadcrumb"},"inLanguage":"ca","potentialAction":[{"@type":"ReadAction","target":["https:\/\/www.ariasassessors.com\/ca\/dudas-factura-electronica\/"]}]},{"@type":"ImageObject","inLanguage":"ca","@id":"https:\/\/www.ariasassessors.com\/ca\/dudas-factura-electronica\/#primaryimage","url":"https:\/\/www.ariasassessors.com\/wp-content\/uploads\/2022\/11\/Arias_Blog_IMAGEN_DESTACADA-19.jpg","contentUrl":"https:\/\/www.ariasassessors.com\/wp-content\/uploads\/2022\/11\/Arias_Blog_IMAGEN_DESTACADA-19.jpg","width":1920,"height":1202,"caption":"Factura electr\u00f3nica"},{"@type":"BreadcrumbList","@id":"https:\/\/www.ariasassessors.com\/ca\/dudas-factura-electronica\/#breadcrumb","itemListElement":[{"@type":"ListItem","position":1,"name":"Portada","item":"https:\/\/www.ariasassessors.com\/ca\/"},{"@type":"ListItem","position":2,"name":"Hisenda resol a trav\u00e9s del seu portal els dubtes que li plantegen els aut\u00f2noms sobre la factura electr\u00f2nica"}]},{"@type":"WebSite","@id":"https:\/\/www.ariasassessors.com\/#website","url":"https:\/\/www.ariasassessors.com\/","name":"Arias Assessors","description":"Asesor\u00eda para aut\u00f3nomos, profesionales y PYMES","publisher":{"@id":"https:\/\/www.ariasassessors.com\/#organization"},"potentialAction":[{"@type":"SearchAction","target":{"@type":"EntryPoint","urlTemplate":"https:\/\/www.ariasassessors.com\/?s={search_term_string}"},"query-input":{"@type":"PropertyValueSpecification","valueRequired":true,"valueName":"search_term_string"}}],"inLanguage":"ca"},{"@type":"Organization","@id":"https:\/\/www.ariasassessors.com\/#organization","name":"Arias Assessors","url":"https:\/\/www.ariasassessors.com\/","logo":{"@type":"ImageObject","inLanguage":"ca","@id":"https:\/\/www.ariasassessors.com\/#\/schema\/logo\/image\/","url":"https:\/\/www.ariasassessors.com\/wp-content\/uploads\/2019\/01\/arias-logo.png","contentUrl":"https:\/\/www.ariasassessors.com\/wp-content\/uploads\/2019\/01\/arias-logo.png","width":349,"height":254,"caption":"Arias Assessors"},"image":{"@id":"https:\/\/www.ariasassessors.com\/#\/schema\/logo\/image\/"},"sameAs":["https:\/\/www.facebook.com\/ariasassessors\/","https:\/\/x.com\/ariasassessors","https:\/\/www.linkedin.com\/company\/r&amp;amp;r-growing-knowledge\/"]},{"@type":"Person","@id":"https:\/\/www.ariasassessors.com\/#\/schema\/person\/63c6ad1775f0a9413c37932562673cef","name":"btorras","image":{"@type":"ImageObject","inLanguage":"ca","@id":"https:\/\/www.ariasassessors.com\/#\/schema\/person\/image\/","url":"https:\/\/secure.gravatar.com\/avatar\/0531db351fc361fdbfd204c58fa2d6a3?s=96&d=mm&r=g","contentUrl":"https:\/\/secure.gravatar.com\/avatar\/0531db351fc361fdbfd204c58fa2d6a3?s=96&d=mm&r=g","caption":"btorras"}}]}},"_links":{"self":[{"href":"https:\/\/www.ariasassessors.com\/ca\/wp-json\/wp\/v2\/posts\/2149","targetHints":{"allow":["GET"]}}],"collection":[{"href":"https:\/\/www.ariasassessors.com\/ca\/wp-json\/wp\/v2\/posts"}],"about":[{"href":"https:\/\/www.ariasassessors.com\/ca\/wp-json\/wp\/v2\/types\/post"}],"author":[{"embeddable":true,"href":"https:\/\/www.ariasassessors.com\/ca\/wp-json\/wp\/v2\/users\/2"}],"replies":[{"embeddable":true,"href":"https:\/\/www.ariasassessors.com\/ca\/wp-json\/wp\/v2\/comments?post=2149"}],"version-history":[{"count":2,"href":"https:\/\/www.ariasassessors.com\/ca\/wp-json\/wp\/v2\/posts\/2149\/revisions"}],"predecessor-version":[{"id":2151,"href":"https:\/\/www.ariasassessors.com\/ca\/wp-json\/wp\/v2\/posts\/2149\/revisions\/2151"}],"wp:featuredmedia":[{"embeddable":true,"href":"https:\/\/www.ariasassessors.com\/ca\/wp-json\/wp\/v2\/media\/2147"}],"wp:attachment":[{"href":"https:\/\/www.ariasassessors.com\/ca\/wp-json\/wp\/v2\/media?parent=2149"}],"wp:term":[{"taxonomy":"category","embeddable":true,"href":"https:\/\/www.ariasassessors.com\/ca\/wp-json\/wp\/v2\/categories?post=2149"},{"taxonomy":"post_tag","embeddable":true,"href":"https:\/\/www.ariasassessors.com\/ca\/wp-json\/wp\/v2\/tags?post=2149"}],"curies":[{"name":"wp","href":"https:\/\/api.w.org\/{rel}","templated":true}]}}