{"id":2192,"date":"2022-12-02T13:48:04","date_gmt":"2022-12-02T12:48:04","guid":{"rendered":"https:\/\/www.ariasassessors.com\/gastos-de-navidad-deduccion\/"},"modified":"2022-12-02T14:46:48","modified_gmt":"2022-12-02T13:46:48","slug":"gastos-de-navidad-deduccion","status":"publish","type":"post","link":"https:\/\/www.ariasassessors.com\/ca\/gastos-de-navidad-deduccion\/","title":{"rendered":"Els aut\u00f2noms poden deduir-se en IVA i IRPF algunes despeses de Nadal"},"content":{"rendered":"<p>Quan s&#8217;acosta l&#8217;\u00e8poca nadalenca, molts treballadors per compte propi tenen<strong>\u00a0el costum d&#8217;obsequiar amb determinats regals als seus empleats, clients o prove\u00efdors<\/strong>. Alguns decideixen fer-ho amb les famoses cistelles de nadal, targetes de felicitaci\u00f3 o petits regals\u00a0i altres, fins i tot, regalen d\u00e8cims de loteria. Aix\u00f2 sense comptar amb els menjars i sopars de Nadal, que s&#8217;han convertit en un costum\u00a0i que, sense lloc a dubte,\u00a0<strong>poden arribar a tenir un cost elevat per als negocis.<\/strong> Arribat el moment, \u00e9s com\u00fa que sorgeixi el dubte de si les despeses de nadal s\u00f3n dedu\u00efbles en IVA i en IRPF o si, per contra, no ho s\u00f3n.<\/p>\n<p>Amb el Nadal molt a la vora, molts s\u00f3n els aut\u00f2noms que comencen a pensar en com afrontar les despeses que s&#8217;ave\u00efnen. Tenint en compte l&#8217;increment dels costos i la situaci\u00f3 d&#8217;inflaci\u00f3 actual,<strong>\u00a0resulta f\u00e0cil predir que aquest nadal seran m\u00e9s costoses que altres anteriors.<\/strong> Per aquest motiu, con\u00e8ixer el tractament fiscal de tots aquests detalls nadalencs resulta, com menys, important.<\/p>\n<p>En moltes ocasions, aquest tipus d&#8217;obsequis\u00a0<a href=\"https:\/\/www.autonomosyemprendedor.es\/articulo\/tus-finanzas\/declaracion-trimestral-iva-que-autonomo-novel-debe-saber-presenta-primera-vez\/20220705135707027223.html\">poden incloure&#8217;s com a despesa en les declaracions<\/a>, amb l&#8217;objectiu de reduir la factura fiscal. No obstant aix\u00f2, \u00e9s important tenir en compte que<strong>\u00a0dependr\u00e0 del tipus de regal i de l&#8217;impost en el qual es vulgui incloure.<\/strong> Si b\u00e9 \u00e9s cert que, en gaireb\u00e9 tots els casos, \u00e9s possible deduir les despeses de nadal en IRPF i Impost de Societats, no ocorre el mateix a l&#8217;hora de fer-ho en l&#8217;Impost sobre el Valor Afegit (IVA), on pot deduir-se en pocs casos.<\/p>\n<div id=\"ez-toc-container\" class=\"ez-toc-v2_0_72 counter-hierarchy ez-toc-counter ez-toc-grey ez-toc-container-direction\">\n<div class=\"ez-toc-title-container\">\n<p class=\"ez-toc-title\" style=\"cursor:inherit\">\u00cdndice de Contenidos<\/p>\n<span class=\"ez-toc-title-toggle\"><a href=\"#\" class=\"ez-toc-pull-right ez-toc-btn ez-toc-btn-xs ez-toc-btn-default ez-toc-toggle\" aria-label=\"Toggle Table of Content\"><span class=\"ez-toc-js-icon-con\"><span class=\"\"><span class=\"eztoc-hide\" style=\"display:none;\">Toggle<\/span><span class=\"ez-toc-icon-toggle-span\"><svg style=\"fill: #428bca;color:#428bca\" xmlns=\"http:\/\/www.w3.org\/2000\/svg\" class=\"list-377408\" width=\"20px\" height=\"20px\" viewBox=\"0 0 24 24\" fill=\"none\"><path d=\"M6 6H4v2h2V6zm14 0H8v2h12V6zM4 11h2v2H4v-2zm16 0H8v2h12v-2zM4 16h2v2H4v-2zm16 0H8v2h12v-2z\" fill=\"currentColor\"><\/path><\/svg><svg style=\"fill: #428bca;color:#428bca\" class=\"arrow-unsorted-368013\" xmlns=\"http:\/\/www.w3.org\/2000\/svg\" width=\"10px\" height=\"10px\" viewBox=\"0 0 24 24\" version=\"1.2\" baseProfile=\"tiny\"><path d=\"M18.2 9.3l-6.2-6.3-6.2 6.3c-.2.2-.3.4-.3.7s.1.5.3.7c.2.2.4.3.7.3h11c.3 0 .5-.1.7-.3.2-.2.3-.5.3-.7s-.1-.5-.3-.7zM5.8 14.7l6.2 6.3 6.2-6.3c.2-.2.3-.5.3-.7s-.1-.5-.3-.7c-.2-.2-.4-.3-.7-.3h-11c-.3 0-.5.1-.7.3-.2.2-.3.5-.3.7s.1.5.3.7z\"\/><\/svg><\/span><\/span><\/span><\/a><\/span><\/div>\n<nav><ul class='ez-toc-list ez-toc-list-level-1 eztoc-toggle-hide-by-default' ><li class='ez-toc-page-1 ez-toc-heading-level-2'><a class=\"ez-toc-link ez-toc-heading-1\" href=\"https:\/\/www.ariasassessors.com\/ca\/gastos-de-navidad-deduccion\/#Cistelles_de_Nadal_el_regal_nadalenc_per_excellencia\" title=\"Cistelles de Nadal: el regal nadalenc per excel\u00b7l\u00e8ncia\">Cistelles de Nadal: el regal nadalenc per excel\u00b7l\u00e8ncia<\/a><\/li><li class='ez-toc-page-1 ez-toc-heading-level-2'><a class=\"ez-toc-link ez-toc-heading-2\" href=\"https:\/\/www.ariasassessors.com\/ca\/gastos-de-navidad-deduccion\/#Menjars_i_sopars_de_Nadal\" title=\"Menjars i sopars de Nadal.\">Menjars i sopars de Nadal.<\/a><\/li><li class='ez-toc-page-1 ez-toc-heading-level-2'><a class=\"ez-toc-link ez-toc-heading-3\" href=\"https:\/\/www.ariasassessors.com\/ca\/gastos-de-navidad-deduccion\/#Targetes_de_felicitacio_o_petits_regals\" title=\"Targetes de felicitaci\u00f3 o petits regals\">Targetes de felicitaci\u00f3 o petits regals<\/a><\/li><li class='ez-toc-page-1 ez-toc-heading-level-2'><a class=\"ez-toc-link ez-toc-heading-4\" href=\"https:\/\/www.ariasassessors.com\/ca\/gastos-de-navidad-deduccion\/#Que_succeeix_amb_els_decims_de_loteria\" title=\"Qu\u00e8 succeeix amb els d\u00e8cims de loteria?\">Qu\u00e8 succeeix amb els d\u00e8cims de loteria?<\/a><\/li><\/ul><\/nav><\/div>\n<h2><span class=\"ez-toc-section\" id=\"Cistelles_de_Nadal_el_regal_nadalenc_per_excellencia\"><\/span>Cistelles de Nadal: el regal nadalenc per excel\u00b7l\u00e8ncia<span class=\"ez-toc-section-end\"><\/span><\/h2>\n<p>Si d&#8217;alguna cosa no hi ha cap dubte, \u00e9s que les<strong>\u00a0cistelles de Nadal<\/strong>\u00a0s\u00f3n l&#8217;obsequi m\u00e9s freq\u00fcent durant aquestes dates. Molts aut\u00f2noms les utilitzen per a felicitar les festes als seus empleats, per\u00f2 tamb\u00e9 a clients o prove\u00efdors. Aquesta despesa, que a vegades pot ser molt elevat,<strong>\u00a0no \u00e9s dedu\u00efble en l&#8217;Impost sobre el Valor Afegit.<\/strong> Aix\u00f2 es deu al fet que l&#8217;article 96 de la Llei d&#8217;aquest impost estableix que \u201cno podran ser objecte de deducci\u00f3 els b\u00e9ns o serveis destinats a atencions a clients, assalariats o terceres persones\u201d.<\/p>\n<p>No obstant aix\u00f2,\u00a0<strong>aquestes despeses s\u00ed que s\u00f3n dedu\u00efbles en l&#8217;Impost de Societats.<\/strong> \u201cEls imports satisfets per les cistelles de Nadal s\u00f3n unes despeses dedu\u00efbles en l&#8217;Impost de societats. La mateixa Llei estableix que no es consideren donatius o liberalitats les despeses que, d&#8217;acord amb els usos i costums, <strong>s&#8217;efectu\u00efn amb el personal de l&#8217;empresa\u201d<\/strong>, van explicar des d&#8217;Asec Assessoria.<\/p>\n<p>Segons van assenyalar els experts, Hisenda diu que, en el cas concret de les cistelles de Nadal \u201cen la mesura en qu\u00e8\u00a0<strong>formin part dels usos i costums de l&#8217;empresa<\/strong>\u00a0respecte al seu personal\u00a0(\u00e9s a dir, que es repeteixin en el temps),\u00a0\u201ctindran la consideraci\u00f3 de despesa dedu\u00efble a l&#8217;efecte de l&#8217;Impost de societats, sense que sigui necessari que figurin en conveni col\u00b7lectiu o en alguna mena de pacte que els obligui a aix\u00f2\u201d.<\/p>\n<p>Per aix\u00f2, ser\u00e0\u00a0necessari justificar la despesa i la seva naturalesa, aix\u00ed com la seva adequaci\u00f3 als usos i costums. \u201c<strong>El primer any no s&#8217;ha de considerar com a despesa dedu\u00efble el lliurament de cistelles de Nadal als empleats<\/strong>. La resta dels anys, sempre que es pugui demostrar el costum, s\u00ed que es poden deduir\u201d, van recalcar des de\u00a0Asec\u00a0Assessoria. Aquesta justificaci\u00f3 podr\u00e0 fer-se mitjan\u00e7ant la presentaci\u00f3 de factures d&#8217;anys anteriors. \u201cNom\u00e9s ser\u00e0 dif\u00edcil imputar-ho com a despeses si \u00e9s el primer any que l&#8217;empresa ho fa\u201d.<\/p>\n<p><strong>Tambi\u00e9n podr\u00e1n deducirse estos gastos en el IRPF,<\/strong>\u00a0ya que la legislaci\u00f3n establece que \u201ctodos los gastos relacionados con actividades de relaciones p\u00fablicas con clientes y proveedores y que se repitan en el tiempo, desgravan en la declaraci\u00f3n de la renta. No obstante, tal y como explicaron los expertos consultados, no son un gasto cualquiera y\u00a0<strong>deber\u00e1n\u00a0<a href=\"https:\/\/www.autonomosyemprendedor.es\/articulo\/tu-negocio\/haga-gestor-sabes-debe-incluir-nomina-empleado\/20191029144858020916.html\" target=\"_blank\" rel=\"noopener\">tener la consideraci\u00f3n de retribuci\u00f3n<\/a>\u00a0en especie<\/strong>, por lo que se deber\u00e1n incluir en la Renta del aut\u00f3nomo junto a los salarios.<\/p>\n<p><strong>Tamb\u00e9 podran deduir-se aquestes despeses en l&#8217;IRPF<\/strong>,\u00a0ja que la legislaci\u00f3 estableix que \u201ctotes les despeses relacionades amb activitats de relacions p\u00fabliques amb clients i prove\u00efdors i que es repeteixin en el temps, desgraven en la declaraci\u00f3 de la renda. No obstant aix\u00f2, tal com van explicar els experts consultats, no s\u00f3n una despesa qualsevol i\u00a0<strong>hauran de\u00a0tenir <a href=\"https:\/\/www.autonomosyemprendedor.es\/articulo\/tu-negocio\/haga-gestor-sabes-debe-incluir-nomina-empleado\/20191029144858020916.html\">la consideraci\u00f3 de retribuci\u00f3\u00a0en esp\u00e8cie<\/a><\/strong>, per la qual cosa s&#8217;hauran d&#8217;incloure en la Renda de l&#8217;aut\u00f2nom al costat dels salaris.<\/p>\n<p>\u201cAix\u00f2 implica que tals conceptes considerats com a despesa dedu\u00efble en l&#8217;\u00e0mbit de l&#8217;empresa tinguin el tractament de retribuci\u00f3 en esp\u00e8cie del treball per compte d&#8217;altri per als empleats obsequiats amb els regals nadalencs, i que l&#8217;empresa hagi de realitzar el corresponent ingr\u00e9s a compte de la referida retribuci\u00f3 en esp\u00e8cie\u201d, van explicar des de\u00a0Asec\u00a0Assessoria.<\/p>\n<h2><span class=\"ez-toc-section\" id=\"Menjars_i_sopars_de_Nadal\"><\/span>Menjars i sopars de Nadal.<span class=\"ez-toc-section-end\"><\/span><\/h2>\n<p>Una dels costums m\u00e9s estesos en\u00a0gran part dels negocis espanyols s\u00f3n els menjars o sopars de Nadal. Cada vegada \u00e9s m\u00e9s com\u00fa aquest tipus de celebracions nadalenques, independentment de la grand\u00e0ria del negoci en q\u00fcesti\u00f3.<\/p>\n<p>Depenent de la grand\u00e0ria de la plantilla, els menjars o sopars nadalencs poden arribar a suposar un elevat cost per a l&#8217;aut\u00f2nom. No obstant aix\u00f2, \u00e9s important tenir en compte que\u00a0<a href=\"https:\/\/www.autonomosyemprendedor.es\/articulo\/tus-finanzas\/todos-gastos-equipamiento-que-autonomos-pueden-deducirse-tanto-iva-como-irpf\/20211126123513025560.html\"><strong>les despeses associades a aquesta celebraci\u00f3 no s\u00f3n dedu\u00efbles en IVA<\/strong><\/a>. Aix\u00f2 es deu al fet que, segons la Llei de l&#8217;Impost sobre el Valor Afegit (LIVA), \u201cels empresaris i professionals no poden deduir la quantitat abonada per la compra o adquisici\u00f3 de b\u00e9ns i serveis\u00a0<strong>que no estiguin directament vinculats amb l&#8217;activitat econ\u00f2mica\u201d.<\/strong><\/p>\n<p>\u201cSi b\u00e9 \u00e9s cert que els menjars o sopars de Nadal poden veure&#8217;s com alguna cosa associat a l&#8217;empresa o negoci, en realitat no estan vinculades a l&#8217;activitat econ\u00f2mica. Per aquest motiu, les despeses associades a aquestes celebracions no s\u00f3n dedu\u00efbles en IVA. Cal anar amb compte amb aix\u00f2, ja que,\u00a0<strong>en cas d&#8217;incloure&#8217;ls en la declaraci\u00f3 trimestral corresponent, Hisenda podria prendre cartes en l&#8217;assumpte<\/strong>\u00a0i podria ser bastant pitjor per a l&#8217;aut\u00f2nom en q\u00fcesti\u00f3\u201d, va explicar a aquest diari una experta fiscal.<\/p>\n<p>No obstant aix\u00f2, en termes d&#8217;IRPF i Impost de Societats no ocorreria el mateix. Encara que la llei diu que les liberalitats (aquelles despeses de nadal no relacionats amb l&#8217;activitat de l&#8217;empresa) no s\u00f3n dedu\u00efbles, hi ha una excepci\u00f3: en aquestes liberalitats no s&#8217;inclouen les despeses generades per activitats comercials i de relacions p\u00fabliques amb clients, prove\u00efdors, o despeses lligades al personal de l&#8217;empresa, \u201csempre que s&#8217;ajustin als usos i costums\u201d.<\/p>\n<p>\u00c9s a dir, els menjars i sopars de Nadal\u00a0<strong>s\u00ed que poden deduir-se en l&#8217;Impost de Societats i en IRPF<\/strong>. Aix\u00f2 s\u00ed, sempre haur\u00e0 d&#8217;existir una factura i s&#8217;hauran de complir els requisits gen\u00e8rics de\u00a0deducibilidad.<\/p>\n<h2><span class=\"ez-toc-section\" id=\"Targetes_de_felicitacio_o_petits_regals\"><\/span>Targetes de felicitaci\u00f3 o petits regals<span class=\"ez-toc-section-end\"><\/span><\/h2>\n<p>Tant les targetes de felicitaci\u00f3 com els petits regals nadalencs\u00a0<strong>poden incloure&#8217;s com una despesa dedu\u00efble tant en IVA com en IRPF<\/strong>. Aix\u00f2 s\u00ed, es podr\u00e0 fer sempre que es pugui demostrar que est\u00e0 relacionat amb l&#8217;activitat. \u201cLa seva concepci\u00f3 s&#8217;assembla a la de les targetes de visita, ja que \u00e9s una despesa que s&#8217;ent\u00e9n com a publicitat amb un client, un prove\u00efdor, i fins i tot amb els mateixos empleats. Per tant,\u00a0<strong>no \u00e9s una liberalitat, sin\u00f3 alguna cosa per a mantenir relacions. Aix\u00f2 \u00e9s el que ho fa dedu\u00efble\u201d,<\/strong> van explicar els experts.<\/p>\n<p>\u201cEn ser ent\u00e8s com una despesa en publicitat,<strong> \u00e9s\u00a0imprescindible que aparegui de manera clara el nom del negoci<\/strong>\u00a0o del professional en q\u00fcesti\u00f3\u201d, va explicar l&#8217;experta fiscal. Al seu torn, perqu\u00e8 aquesta despesa pugui ser dedu\u00efble en IVA,\u00a0el <strong>seu cost no podr\u00e0 superar el 200 euros anuals per destinatari.<\/strong><\/p>\n<h2><span class=\"ez-toc-section\" id=\"Que_succeeix_amb_els_decims_de_loteria\"><\/span>Qu\u00e8 succeeix amb els d\u00e8cims de loteria?<span class=\"ez-toc-section-end\"><\/span><\/h2>\n<p>En la Consulta Vinculant V2490-17 de 4 d&#8217;octubre de la Subdirecci\u00f3 General d&#8217;Impostos sobre la Renda de Persones F\u00edsiques,\u00a0les despeses incorregudes a fi de comprar d\u00e8cims de loteria destinats als clients s\u00ed que\u00a0<a href=\"https:\/\/www.autonomosyemprendedor.es\/articulo\/tu-negocio\/loteros-esperan-mejora-fiscal-algunos-premios-anime-ventas\/20201214174408023532.html\">es van considerar fiscalment dedu\u00efbles<\/a>,<strong>\u00a0sempre que hagin estat operacions de compra justificades amb una factura<\/strong>. El l\u00edmit dedu\u00efble en aquest cas ser\u00e0 l&#8217;1% de l&#8217;import net de la xifra de negocis del per\u00edode impositiu.<\/p>\n<p>No ocorreria el mateix en el qual caso que un aut\u00f2nom compri d\u00e8cims de loteria per a vendre entre els seus treballadors. En aquest cas,\u00a0<strong>no es consideraria una despesa dedu\u00efble perqu\u00e8 els empleats estarien abonant la quantitat del bitllet<\/strong>. \u00c9s a dir, no seria possible deduir-se aquesta despesa.<\/p>\n<p>Not\u00edcia extreta de <a href=\"https:\/\/www.autonomosyemprendedor.es\/articulo\/tus-finanzas\/cuales-son-gastos-navidenos-que-autonomos-pueden-deducirse-iva-irpf\/20221115160626028219.html\">autonomosyemprendedor.es<\/a><\/p>\n","protected":false},"excerpt":{"rendered":"<p>Quan s&#8217;acosta l&#8217;\u00e8poca nadalenca, molts treballadors per compte propi tenen\u00a0el costum d&#8217;obsequiar amb determinats regals als seus empleats, clients o prove\u00efdors. Alguns decideixen fer-ho amb les famoses cistelles de nadal, targetes de felicitaci\u00f3 o petits regals\u00a0i altres, fins i tot, regalen d\u00e8cims de loteria. Aix\u00f2&#8230;<\/p>\n","protected":false},"author":2,"featured_media":2190,"comment_status":"open","ping_status":"open","sticky":false,"template":"","format":"standard","meta":{"footnotes":""},"categories":[4],"tags":[],"class_list":["post-2192","post","type-post","status-publish","format-standard","has-post-thumbnail","hentry","category-noticies"],"yoast_head":"<!-- This site is optimized with the Yoast SEO plugin v24.3 - https:\/\/yoast.com\/wordpress\/plugins\/seo\/ -->\n<title>Els aut\u00f2noms poden deduir-se en IVA i IRPF algunes despeses de Nadal | Arias Assessors<\/title>\n<meta name=\"description\" content=\"\u00bfSab\u00edas que puedes deducirte algunos gastos de navidad? Si eres aut\u00f3nomo, probablemente puedas deducirte algunos de estos gastos.\" \/>\n<meta name=\"robots\" content=\"index, follow, max-snippet:-1, max-image-preview:large, max-video-preview:-1\" \/>\n<link rel=\"canonical\" href=\"https:\/\/www.ariasassessors.com\/ca\/gastos-de-navidad-deduccion\/\" \/>\n<meta property=\"og:locale\" content=\"ca_ES\" \/>\n<meta property=\"og:type\" content=\"article\" \/>\n<meta property=\"og:title\" content=\"Els aut\u00f2noms poden deduir-se en IVA i IRPF algunes despeses de Nadal | Arias Assessors\" \/>\n<meta property=\"og:description\" content=\"\u00bfSab\u00edas que puedes deducirte algunos gastos de navidad? Si eres aut\u00f3nomo, probablemente puedas deducirte algunos de estos gastos.\" \/>\n<meta property=\"og:url\" content=\"https:\/\/www.ariasassessors.com\/ca\/gastos-de-navidad-deduccion\/\" \/>\n<meta property=\"og:site_name\" content=\"Arias Assessors\" \/>\n<meta property=\"article:publisher\" content=\"https:\/\/www.facebook.com\/ariasassessors\/\" \/>\n<meta property=\"article:published_time\" content=\"2022-12-02T12:48:04+00:00\" \/>\n<meta property=\"article:modified_time\" content=\"2022-12-02T13:46:48+00:00\" \/>\n<meta property=\"og:image\" content=\"https:\/\/www.ariasassessors.com\/wp-content\/uploads\/2022\/12\/Arias_Blog_IMAGEN_DESTACADA-20.jpg\" \/>\n\t<meta property=\"og:image:width\" content=\"1920\" \/>\n\t<meta property=\"og:image:height\" content=\"1202\" \/>\n\t<meta property=\"og:image:type\" content=\"image\/jpeg\" \/>\n<meta name=\"author\" content=\"btorras\" \/>\n<meta name=\"twitter:card\" content=\"summary_large_image\" \/>\n<meta name=\"twitter:creator\" content=\"@ariasassessors\" \/>\n<meta name=\"twitter:site\" content=\"@ariasassessors\" \/>\n<meta name=\"twitter:label1\" content=\"Escrit per\" \/>\n\t<meta name=\"twitter:data1\" content=\"btorras\" \/>\n\t<meta name=\"twitter:label2\" content=\"Temps estimat de lectura\" \/>\n\t<meta name=\"twitter:data2\" content=\"7 minuts\" \/>\n<script type=\"application\/ld+json\" class=\"yoast-schema-graph\">{\"@context\":\"https:\/\/schema.org\",\"@graph\":[{\"@type\":\"Article\",\"@id\":\"https:\/\/www.ariasassessors.com\/ca\/gastos-de-navidad-deduccion\/#article\",\"isPartOf\":{\"@id\":\"https:\/\/www.ariasassessors.com\/ca\/gastos-de-navidad-deduccion\/\"},\"author\":{\"name\":\"btorras\",\"@id\":\"https:\/\/www.ariasassessors.com\/#\/schema\/person\/63c6ad1775f0a9413c37932562673cef\"},\"headline\":\"Els aut\u00f2noms poden deduir-se en IVA i IRPF algunes despeses de Nadal\",\"datePublished\":\"2022-12-02T12:48:04+00:00\",\"dateModified\":\"2022-12-02T13:46:48+00:00\",\"mainEntityOfPage\":{\"@id\":\"https:\/\/www.ariasassessors.com\/ca\/gastos-de-navidad-deduccion\/\"},\"wordCount\":1494,\"commentCount\":0,\"publisher\":{\"@id\":\"https:\/\/www.ariasassessors.com\/#organization\"},\"image\":{\"@id\":\"https:\/\/www.ariasassessors.com\/ca\/gastos-de-navidad-deduccion\/#primaryimage\"},\"thumbnailUrl\":\"https:\/\/www.ariasassessors.com\/wp-content\/uploads\/2022\/12\/Arias_Blog_IMAGEN_DESTACADA-20.jpg\",\"articleSection\":[\"noticies\"],\"inLanguage\":\"ca\",\"potentialAction\":[{\"@type\":\"CommentAction\",\"name\":\"Comment\",\"target\":[\"https:\/\/www.ariasassessors.com\/ca\/gastos-de-navidad-deduccion\/#respond\"]}]},{\"@type\":\"WebPage\",\"@id\":\"https:\/\/www.ariasassessors.com\/ca\/gastos-de-navidad-deduccion\/\",\"url\":\"https:\/\/www.ariasassessors.com\/ca\/gastos-de-navidad-deduccion\/\",\"name\":\"Els aut\u00f2noms poden deduir-se en IVA i IRPF algunes despeses de Nadal | Arias Assessors\",\"isPartOf\":{\"@id\":\"https:\/\/www.ariasassessors.com\/#website\"},\"primaryImageOfPage\":{\"@id\":\"https:\/\/www.ariasassessors.com\/ca\/gastos-de-navidad-deduccion\/#primaryimage\"},\"image\":{\"@id\":\"https:\/\/www.ariasassessors.com\/ca\/gastos-de-navidad-deduccion\/#primaryimage\"},\"thumbnailUrl\":\"https:\/\/www.ariasassessors.com\/wp-content\/uploads\/2022\/12\/Arias_Blog_IMAGEN_DESTACADA-20.jpg\",\"datePublished\":\"2022-12-02T12:48:04+00:00\",\"dateModified\":\"2022-12-02T13:46:48+00:00\",\"description\":\"\u00bfSab\u00edas que puedes deducirte algunos gastos de navidad? Si eres aut\u00f3nomo, probablemente puedas deducirte algunos de estos gastos.\",\"breadcrumb\":{\"@id\":\"https:\/\/www.ariasassessors.com\/ca\/gastos-de-navidad-deduccion\/#breadcrumb\"},\"inLanguage\":\"ca\",\"potentialAction\":[{\"@type\":\"ReadAction\",\"target\":[\"https:\/\/www.ariasassessors.com\/ca\/gastos-de-navidad-deduccion\/\"]}]},{\"@type\":\"ImageObject\",\"inLanguage\":\"ca\",\"@id\":\"https:\/\/www.ariasassessors.com\/ca\/gastos-de-navidad-deduccion\/#primaryimage\",\"url\":\"https:\/\/www.ariasassessors.com\/wp-content\/uploads\/2022\/12\/Arias_Blog_IMAGEN_DESTACADA-20.jpg\",\"contentUrl\":\"https:\/\/www.ariasassessors.com\/wp-content\/uploads\/2022\/12\/Arias_Blog_IMAGEN_DESTACADA-20.jpg\",\"width\":1920,\"height\":1202,\"caption\":\"Un hombre esta contento porque puede deducirse los gastos de navidad siendo autonomo\"},{\"@type\":\"BreadcrumbList\",\"@id\":\"https:\/\/www.ariasassessors.com\/ca\/gastos-de-navidad-deduccion\/#breadcrumb\",\"itemListElement\":[{\"@type\":\"ListItem\",\"position\":1,\"name\":\"Portada\",\"item\":\"https:\/\/www.ariasassessors.com\/ca\/\"},{\"@type\":\"ListItem\",\"position\":2,\"name\":\"Els aut\u00f2noms poden deduir-se en IVA i IRPF algunes despeses de Nadal\"}]},{\"@type\":\"WebSite\",\"@id\":\"https:\/\/www.ariasassessors.com\/#website\",\"url\":\"https:\/\/www.ariasassessors.com\/\",\"name\":\"Arias Assessors\",\"description\":\"Asesor\u00eda para aut\u00f3nomos, profesionales y PYMES\",\"publisher\":{\"@id\":\"https:\/\/www.ariasassessors.com\/#organization\"},\"potentialAction\":[{\"@type\":\"SearchAction\",\"target\":{\"@type\":\"EntryPoint\",\"urlTemplate\":\"https:\/\/www.ariasassessors.com\/?s={search_term_string}\"},\"query-input\":{\"@type\":\"PropertyValueSpecification\",\"valueRequired\":true,\"valueName\":\"search_term_string\"}}],\"inLanguage\":\"ca\"},{\"@type\":\"Organization\",\"@id\":\"https:\/\/www.ariasassessors.com\/#organization\",\"name\":\"Arias Assessors\",\"url\":\"https:\/\/www.ariasassessors.com\/\",\"logo\":{\"@type\":\"ImageObject\",\"inLanguage\":\"ca\",\"@id\":\"https:\/\/www.ariasassessors.com\/#\/schema\/logo\/image\/\",\"url\":\"https:\/\/www.ariasassessors.com\/wp-content\/uploads\/2019\/01\/arias-logo.png\",\"contentUrl\":\"https:\/\/www.ariasassessors.com\/wp-content\/uploads\/2019\/01\/arias-logo.png\",\"width\":349,\"height\":254,\"caption\":\"Arias Assessors\"},\"image\":{\"@id\":\"https:\/\/www.ariasassessors.com\/#\/schema\/logo\/image\/\"},\"sameAs\":[\"https:\/\/www.facebook.com\/ariasassessors\/\",\"https:\/\/x.com\/ariasassessors\",\"https:\/\/www.linkedin.com\/company\/r&amp;amp;r-growing-knowledge\/\"]},{\"@type\":\"Person\",\"@id\":\"https:\/\/www.ariasassessors.com\/#\/schema\/person\/63c6ad1775f0a9413c37932562673cef\",\"name\":\"btorras\",\"image\":{\"@type\":\"ImageObject\",\"inLanguage\":\"ca\",\"@id\":\"https:\/\/www.ariasassessors.com\/#\/schema\/person\/image\/\",\"url\":\"https:\/\/secure.gravatar.com\/avatar\/0531db351fc361fdbfd204c58fa2d6a3?s=96&d=mm&r=g\",\"contentUrl\":\"https:\/\/secure.gravatar.com\/avatar\/0531db351fc361fdbfd204c58fa2d6a3?s=96&d=mm&r=g\",\"caption\":\"btorras\"}}]}<\/script>\n<!-- \/ Yoast SEO plugin. -->","yoast_head_json":{"title":"Els aut\u00f2noms poden deduir-se en IVA i IRPF algunes despeses de Nadal | Arias Assessors","description":"\u00bfSab\u00edas que puedes deducirte algunos gastos de navidad? Si eres aut\u00f3nomo, probablemente puedas deducirte algunos de estos gastos.","robots":{"index":"index","follow":"follow","max-snippet":"max-snippet:-1","max-image-preview":"max-image-preview:large","max-video-preview":"max-video-preview:-1"},"canonical":"https:\/\/www.ariasassessors.com\/ca\/gastos-de-navidad-deduccion\/","og_locale":"ca_ES","og_type":"article","og_title":"Els aut\u00f2noms poden deduir-se en IVA i IRPF algunes despeses de Nadal | Arias Assessors","og_description":"\u00bfSab\u00edas que puedes deducirte algunos gastos de navidad? Si eres aut\u00f3nomo, probablemente puedas deducirte algunos de estos gastos.","og_url":"https:\/\/www.ariasassessors.com\/ca\/gastos-de-navidad-deduccion\/","og_site_name":"Arias Assessors","article_publisher":"https:\/\/www.facebook.com\/ariasassessors\/","article_published_time":"2022-12-02T12:48:04+00:00","article_modified_time":"2022-12-02T13:46:48+00:00","og_image":[{"width":1920,"height":1202,"url":"https:\/\/www.ariasassessors.com\/wp-content\/uploads\/2022\/12\/Arias_Blog_IMAGEN_DESTACADA-20.jpg","type":"image\/jpeg"}],"author":"btorras","twitter_card":"summary_large_image","twitter_creator":"@ariasassessors","twitter_site":"@ariasassessors","twitter_misc":{"Escrit per":"btorras","Temps estimat de lectura":"7 minuts"},"schema":{"@context":"https:\/\/schema.org","@graph":[{"@type":"Article","@id":"https:\/\/www.ariasassessors.com\/ca\/gastos-de-navidad-deduccion\/#article","isPartOf":{"@id":"https:\/\/www.ariasassessors.com\/ca\/gastos-de-navidad-deduccion\/"},"author":{"name":"btorras","@id":"https:\/\/www.ariasassessors.com\/#\/schema\/person\/63c6ad1775f0a9413c37932562673cef"},"headline":"Els aut\u00f2noms poden deduir-se en IVA i IRPF algunes despeses de Nadal","datePublished":"2022-12-02T12:48:04+00:00","dateModified":"2022-12-02T13:46:48+00:00","mainEntityOfPage":{"@id":"https:\/\/www.ariasassessors.com\/ca\/gastos-de-navidad-deduccion\/"},"wordCount":1494,"commentCount":0,"publisher":{"@id":"https:\/\/www.ariasassessors.com\/#organization"},"image":{"@id":"https:\/\/www.ariasassessors.com\/ca\/gastos-de-navidad-deduccion\/#primaryimage"},"thumbnailUrl":"https:\/\/www.ariasassessors.com\/wp-content\/uploads\/2022\/12\/Arias_Blog_IMAGEN_DESTACADA-20.jpg","articleSection":["noticies"],"inLanguage":"ca","potentialAction":[{"@type":"CommentAction","name":"Comment","target":["https:\/\/www.ariasassessors.com\/ca\/gastos-de-navidad-deduccion\/#respond"]}]},{"@type":"WebPage","@id":"https:\/\/www.ariasassessors.com\/ca\/gastos-de-navidad-deduccion\/","url":"https:\/\/www.ariasassessors.com\/ca\/gastos-de-navidad-deduccion\/","name":"Els aut\u00f2noms poden deduir-se en IVA i IRPF algunes despeses de Nadal | Arias Assessors","isPartOf":{"@id":"https:\/\/www.ariasassessors.com\/#website"},"primaryImageOfPage":{"@id":"https:\/\/www.ariasassessors.com\/ca\/gastos-de-navidad-deduccion\/#primaryimage"},"image":{"@id":"https:\/\/www.ariasassessors.com\/ca\/gastos-de-navidad-deduccion\/#primaryimage"},"thumbnailUrl":"https:\/\/www.ariasassessors.com\/wp-content\/uploads\/2022\/12\/Arias_Blog_IMAGEN_DESTACADA-20.jpg","datePublished":"2022-12-02T12:48:04+00:00","dateModified":"2022-12-02T13:46:48+00:00","description":"\u00bfSab\u00edas que puedes deducirte algunos gastos de navidad? Si eres aut\u00f3nomo, probablemente puedas deducirte algunos de estos gastos.","breadcrumb":{"@id":"https:\/\/www.ariasassessors.com\/ca\/gastos-de-navidad-deduccion\/#breadcrumb"},"inLanguage":"ca","potentialAction":[{"@type":"ReadAction","target":["https:\/\/www.ariasassessors.com\/ca\/gastos-de-navidad-deduccion\/"]}]},{"@type":"ImageObject","inLanguage":"ca","@id":"https:\/\/www.ariasassessors.com\/ca\/gastos-de-navidad-deduccion\/#primaryimage","url":"https:\/\/www.ariasassessors.com\/wp-content\/uploads\/2022\/12\/Arias_Blog_IMAGEN_DESTACADA-20.jpg","contentUrl":"https:\/\/www.ariasassessors.com\/wp-content\/uploads\/2022\/12\/Arias_Blog_IMAGEN_DESTACADA-20.jpg","width":1920,"height":1202,"caption":"Un hombre esta contento porque puede deducirse los gastos de navidad siendo autonomo"},{"@type":"BreadcrumbList","@id":"https:\/\/www.ariasassessors.com\/ca\/gastos-de-navidad-deduccion\/#breadcrumb","itemListElement":[{"@type":"ListItem","position":1,"name":"Portada","item":"https:\/\/www.ariasassessors.com\/ca\/"},{"@type":"ListItem","position":2,"name":"Els aut\u00f2noms poden deduir-se en IVA i IRPF algunes despeses de Nadal"}]},{"@type":"WebSite","@id":"https:\/\/www.ariasassessors.com\/#website","url":"https:\/\/www.ariasassessors.com\/","name":"Arias Assessors","description":"Asesor\u00eda para aut\u00f3nomos, profesionales y PYMES","publisher":{"@id":"https:\/\/www.ariasassessors.com\/#organization"},"potentialAction":[{"@type":"SearchAction","target":{"@type":"EntryPoint","urlTemplate":"https:\/\/www.ariasassessors.com\/?s={search_term_string}"},"query-input":{"@type":"PropertyValueSpecification","valueRequired":true,"valueName":"search_term_string"}}],"inLanguage":"ca"},{"@type":"Organization","@id":"https:\/\/www.ariasassessors.com\/#organization","name":"Arias Assessors","url":"https:\/\/www.ariasassessors.com\/","logo":{"@type":"ImageObject","inLanguage":"ca","@id":"https:\/\/www.ariasassessors.com\/#\/schema\/logo\/image\/","url":"https:\/\/www.ariasassessors.com\/wp-content\/uploads\/2019\/01\/arias-logo.png","contentUrl":"https:\/\/www.ariasassessors.com\/wp-content\/uploads\/2019\/01\/arias-logo.png","width":349,"height":254,"caption":"Arias Assessors"},"image":{"@id":"https:\/\/www.ariasassessors.com\/#\/schema\/logo\/image\/"},"sameAs":["https:\/\/www.facebook.com\/ariasassessors\/","https:\/\/x.com\/ariasassessors","https:\/\/www.linkedin.com\/company\/r&amp;amp;r-growing-knowledge\/"]},{"@type":"Person","@id":"https:\/\/www.ariasassessors.com\/#\/schema\/person\/63c6ad1775f0a9413c37932562673cef","name":"btorras","image":{"@type":"ImageObject","inLanguage":"ca","@id":"https:\/\/www.ariasassessors.com\/#\/schema\/person\/image\/","url":"https:\/\/secure.gravatar.com\/avatar\/0531db351fc361fdbfd204c58fa2d6a3?s=96&d=mm&r=g","contentUrl":"https:\/\/secure.gravatar.com\/avatar\/0531db351fc361fdbfd204c58fa2d6a3?s=96&d=mm&r=g","caption":"btorras"}}]}},"_links":{"self":[{"href":"https:\/\/www.ariasassessors.com\/ca\/wp-json\/wp\/v2\/posts\/2192","targetHints":{"allow":["GET"]}}],"collection":[{"href":"https:\/\/www.ariasassessors.com\/ca\/wp-json\/wp\/v2\/posts"}],"about":[{"href":"https:\/\/www.ariasassessors.com\/ca\/wp-json\/wp\/v2\/types\/post"}],"author":[{"embeddable":true,"href":"https:\/\/www.ariasassessors.com\/ca\/wp-json\/wp\/v2\/users\/2"}],"replies":[{"embeddable":true,"href":"https:\/\/www.ariasassessors.com\/ca\/wp-json\/wp\/v2\/comments?post=2192"}],"version-history":[{"count":2,"href":"https:\/\/www.ariasassessors.com\/ca\/wp-json\/wp\/v2\/posts\/2192\/revisions"}],"predecessor-version":[{"id":2194,"href":"https:\/\/www.ariasassessors.com\/ca\/wp-json\/wp\/v2\/posts\/2192\/revisions\/2194"}],"wp:featuredmedia":[{"embeddable":true,"href":"https:\/\/www.ariasassessors.com\/ca\/wp-json\/wp\/v2\/media\/2190"}],"wp:attachment":[{"href":"https:\/\/www.ariasassessors.com\/ca\/wp-json\/wp\/v2\/media?parent=2192"}],"wp:term":[{"taxonomy":"category","embeddable":true,"href":"https:\/\/www.ariasassessors.com\/ca\/wp-json\/wp\/v2\/categories?post=2192"},{"taxonomy":"post_tag","embeddable":true,"href":"https:\/\/www.ariasassessors.com\/ca\/wp-json\/wp\/v2\/tags?post=2192"}],"curies":[{"name":"wp","href":"https:\/\/api.w.org\/{rel}","templated":true}]}}