{"id":2210,"date":"2022-12-13T10:26:24","date_gmt":"2022-12-13T09:26:24","guid":{"rendered":"https:\/\/www.ariasassessors.com\/las-pensiones-subiran-en-2023\/"},"modified":"2022-12-13T10:34:52","modified_gmt":"2022-12-13T09:34:52","slug":"las-pensiones-subiran-en-2023","status":"publish","type":"post","link":"https:\/\/www.ariasassessors.com\/ca\/las-pensiones-subiran-en-2023\/","title":{"rendered":"Per a 2023 les pensions pujaran un 8,5%"},"content":{"rendered":"<p>Segons la f\u00f3rmula de\u00a0revaloraci\u00f3 de les pensions contributives establerta per la<a href=\"https:\/\/www.iberley.es\/legislacion\/ley-21-2021-28-dic-garantia-poder-adquisitivo-pensiones-27017435\">\u00a0Llei 21\/2021, de 28 de desembre<\/a>, de garantia del poder adquisitiu de les pensions i altres mesures de refor\u00e7 de la sostenibilitat financera i social del sistema p\u00fablic de pensions (<a href=\"https:\/\/www.iberley.es\/temas\/reforma-pensiones-2022-10841\">reforma de les pensions 2022<\/a>), en l&#8217;exercici 2023, es fixa una\u00a0<strong>previsi\u00f3 de revaloraci\u00f3 del 8,50 per cent<\/strong>, com determina la mitjana de l&#8217;IPC resultant dels dotze mesos compresos entre desembre de 2021 i novembre de 2022.<\/p>\n<p>Id\u00e8ntic percentatge d&#8217;increment experimentaran les quanties dels l\u00edmits de percepci\u00f3 de pensions p\u00fabliques, aix\u00ed com els imports dels havers reguladors aplicables per a la determinaci\u00f3 inicial de les del R\u00e8gim de Classes Passives de l&#8217;Estat i de les especials de guerra.<\/p>\n<p>En el cas de les\u00a0<a href=\"https:\/\/www.iberley.es\/temas\/pension-ordinaria-jubilacion-6341\">pensions de jubilaci\u00f3<\/a>:<\/p>\n<div class=\"table-responsive\">\n<table border=\"1\">\n<tbody>\n<tr>\n<td><\/td>\n<td><strong>Pensi\u00f3 m\u00ednima mensual (euros\/14 pagues)<\/strong><\/td>\n<td><strong>Ingressos anuals m\u00e0xims (euros)<\/strong><\/td>\n<\/tr>\n<tr>\n<td><strong>Pensi\u00f3 m\u00ednima per jubilaci\u00f3, per a\u00a0titulars amb 65 anys o m\u00e9s, amb c\u00f2njuge a c\u00e0rrec\u00a0(76 euros\/mes m\u00e9s)<\/strong><\/td>\n<td>966,20<\/td>\n<td>13.526,70<\/td>\n<\/tr>\n<tr>\n<td><strong>Pensi\u00f3 m\u00ednima per jubilaci\u00f3\u00a0amb 65 anys o m\u00e9s, amb c\u00f2njuge NO a c\u00e0rrec\u00a0(58 euros\/mes m\u00e9s)<\/strong><\/td>\n<td>743,22<\/td>\n<td>10.405,15<\/td>\n<\/tr>\n<tr>\n<td><strong>Pensi\u00f3 m\u00ednima per jubilaci\u00f3\u00a0amb\u00a065 anys o m\u00e9s, sense c\u00f2njuge\u00a0(61 euros\/mes m\u00e9s)<\/strong><\/td>\n<td>783,04<\/td>\n<td>10.962<\/td>\n<\/tr>\n<\/tbody>\n<\/table>\n<\/div>\n<p>* Font: dades prenent com a refer\u00e8ncia l&#8217;\u00cdndex de Preus de Consum (IPC) per al mes de novembre segons l&#8217;INE.<\/p>\n<p>L<strong>&#8216;import m\u00e0xim es fixa en 3.058,81 euros<\/strong>\u00a0(per primera vegada per sobre dels 3.000 euros), entenent aquesta quantitat referida a l&#8217;import d&#8217;una mensualitat ordin\u00e0ria, sense perjudici de les pagues extraordin\u00e0ries que poguessin correspondre.<\/p>\n<p>De la mateixa manera,<strong>\u00a0la previsi\u00f3 per a la revaloraci\u00f3 de les\u00a0pensions no contributives\u00a0\u00e9s d&#8217;un 15%.<\/strong><\/p>\n<p><a href=\"https:\/\/www.ariasassessors.com\/ca\/actualitat\/\">Not\u00edcia<\/a> extreta de: <a href=\"https:\/\/www.iberley.es\/noticias\/2023-pensiones-contributivas-subiran-8-5-32030?nolog=1&amp;sort=fecha&amp;noIndex\">Iberley<\/a><\/p>\n","protected":false},"excerpt":{"rendered":"<p>Segons la f\u00f3rmula de\u00a0revaloraci\u00f3 de les pensions contributives establerta per la\u00a0Llei 21\/2021, de 28 de desembre, de garantia del poder adquisitiu de les pensions i altres mesures de refor\u00e7 de la sostenibilitat financera i social del sistema p\u00fablic de pensions (reforma de les pensions 2022),&#8230;<\/p>\n","protected":false},"author":2,"featured_media":2207,"comment_status":"open","ping_status":"open","sticky":false,"template":"","format":"standard","meta":{"footnotes":""},"categories":[4],"tags":[],"class_list":["post-2210","post","type-post","status-publish","format-standard","has-post-thumbnail","hentry","category-noticies"],"yoast_head":"<!-- This site is optimized with the Yoast SEO plugin v24.3 - https:\/\/yoast.com\/wordpress\/plugins\/seo\/ -->\n<title>Per a 2023 les pensions pujaran un 8,5% | Arias Assessors<\/title>\n<meta name=\"description\" content=\"Seg\u00fan la f\u00f3rmula de\u00a0revalorizaci\u00f3n de las pensiones contributivas establecida por la\u00a0Ley, en 2023, se prev\u00e9 una revalorizaci\u00f3n del 8,50%\" \/>\n<meta name=\"robots\" content=\"index, follow, max-snippet:-1, max-image-preview:large, max-video-preview:-1\" \/>\n<link rel=\"canonical\" href=\"https:\/\/www.ariasassessors.com\/ca\/las-pensiones-subiran-en-2023\/\" \/>\n<meta property=\"og:locale\" content=\"ca_ES\" \/>\n<meta property=\"og:type\" content=\"article\" \/>\n<meta property=\"og:title\" content=\"Per a 2023 les pensions pujaran un 8,5% | Arias Assessors\" \/>\n<meta property=\"og:description\" content=\"Seg\u00fan la f\u00f3rmula de\u00a0revalorizaci\u00f3n de las pensiones contributivas establecida por la\u00a0Ley, en 2023, se prev\u00e9 una revalorizaci\u00f3n del 8,50%\" \/>\n<meta property=\"og:url\" content=\"https:\/\/www.ariasassessors.com\/ca\/las-pensiones-subiran-en-2023\/\" \/>\n<meta property=\"og:site_name\" content=\"Arias Assessors\" \/>\n<meta property=\"article:publisher\" content=\"https:\/\/www.facebook.com\/ariasassessors\/\" \/>\n<meta property=\"article:published_time\" content=\"2022-12-13T09:26:24+00:00\" \/>\n<meta property=\"article:modified_time\" content=\"2022-12-13T09:34:52+00:00\" \/>\n<meta property=\"og:image\" content=\"https:\/\/www.ariasassessors.com\/wp-content\/uploads\/2022\/12\/Arias_Blog_IMAGEN_DESTACADA-21.jpg\" \/>\n\t<meta property=\"og:image:width\" content=\"1920\" \/>\n\t<meta property=\"og:image:height\" content=\"1202\" \/>\n\t<meta property=\"og:image:type\" content=\"image\/jpeg\" \/>\n<meta name=\"author\" content=\"btorras\" \/>\n<meta name=\"twitter:card\" content=\"summary_large_image\" \/>\n<meta name=\"twitter:creator\" content=\"@ariasassessors\" \/>\n<meta name=\"twitter:site\" content=\"@ariasassessors\" \/>\n<meta name=\"twitter:label1\" content=\"Escrit per\" \/>\n\t<meta name=\"twitter:data1\" content=\"btorras\" \/>\n\t<meta name=\"twitter:label2\" content=\"Temps estimat de lectura\" \/>\n\t<meta name=\"twitter:data2\" content=\"2 minuts\" \/>\n<script type=\"application\/ld+json\" class=\"yoast-schema-graph\">{\"@context\":\"https:\/\/schema.org\",\"@graph\":[{\"@type\":\"Article\",\"@id\":\"https:\/\/www.ariasassessors.com\/ca\/las-pensiones-subiran-en-2023\/#article\",\"isPartOf\":{\"@id\":\"https:\/\/www.ariasassessors.com\/ca\/las-pensiones-subiran-en-2023\/\"},\"author\":{\"name\":\"btorras\",\"@id\":\"https:\/\/www.ariasassessors.com\/#\/schema\/person\/63c6ad1775f0a9413c37932562673cef\"},\"headline\":\"Per a 2023 les pensions pujaran un 8,5%\",\"datePublished\":\"2022-12-13T09:26:24+00:00\",\"dateModified\":\"2022-12-13T09:34:52+00:00\",\"mainEntityOfPage\":{\"@id\":\"https:\/\/www.ariasassessors.com\/ca\/las-pensiones-subiran-en-2023\/\"},\"wordCount\":282,\"commentCount\":0,\"publisher\":{\"@id\":\"https:\/\/www.ariasassessors.com\/#organization\"},\"image\":{\"@id\":\"https:\/\/www.ariasassessors.com\/ca\/las-pensiones-subiran-en-2023\/#primaryimage\"},\"thumbnailUrl\":\"https:\/\/www.ariasassessors.com\/wp-content\/uploads\/2022\/12\/Arias_Blog_IMAGEN_DESTACADA-21.jpg\",\"articleSection\":[\"noticies\"],\"inLanguage\":\"ca\",\"potentialAction\":[{\"@type\":\"CommentAction\",\"name\":\"Comment\",\"target\":[\"https:\/\/www.ariasassessors.com\/ca\/las-pensiones-subiran-en-2023\/#respond\"]}]},{\"@type\":\"WebPage\",\"@id\":\"https:\/\/www.ariasassessors.com\/ca\/las-pensiones-subiran-en-2023\/\",\"url\":\"https:\/\/www.ariasassessors.com\/ca\/las-pensiones-subiran-en-2023\/\",\"name\":\"Per a 2023 les pensions pujaran un 8,5% | Arias Assessors\",\"isPartOf\":{\"@id\":\"https:\/\/www.ariasassessors.com\/#website\"},\"primaryImageOfPage\":{\"@id\":\"https:\/\/www.ariasassessors.com\/ca\/las-pensiones-subiran-en-2023\/#primaryimage\"},\"image\":{\"@id\":\"https:\/\/www.ariasassessors.com\/ca\/las-pensiones-subiran-en-2023\/#primaryimage\"},\"thumbnailUrl\":\"https:\/\/www.ariasassessors.com\/wp-content\/uploads\/2022\/12\/Arias_Blog_IMAGEN_DESTACADA-21.jpg\",\"datePublished\":\"2022-12-13T09:26:24+00:00\",\"dateModified\":\"2022-12-13T09:34:52+00:00\",\"description\":\"Seg\u00fan la f\u00f3rmula de\u00a0revalorizaci\u00f3n de las pensiones contributivas establecida por la\u00a0Ley, en 2023, se prev\u00e9 una revalorizaci\u00f3n del 8,50%\",\"breadcrumb\":{\"@id\":\"https:\/\/www.ariasassessors.com\/ca\/las-pensiones-subiran-en-2023\/#breadcrumb\"},\"inLanguage\":\"ca\",\"potentialAction\":[{\"@type\":\"ReadAction\",\"target\":[\"https:\/\/www.ariasassessors.com\/ca\/las-pensiones-subiran-en-2023\/\"]}]},{\"@type\":\"ImageObject\",\"inLanguage\":\"ca\",\"@id\":\"https:\/\/www.ariasassessors.com\/ca\/las-pensiones-subiran-en-2023\/#primaryimage\",\"url\":\"https:\/\/www.ariasassessors.com\/wp-content\/uploads\/2022\/12\/Arias_Blog_IMAGEN_DESTACADA-21.jpg\",\"contentUrl\":\"https:\/\/www.ariasassessors.com\/wp-content\/uploads\/2022\/12\/Arias_Blog_IMAGEN_DESTACADA-21.jpg\",\"width\":1920,\"height\":1202,\"caption\":\"pensi\u00f3n\"},{\"@type\":\"BreadcrumbList\",\"@id\":\"https:\/\/www.ariasassessors.com\/ca\/las-pensiones-subiran-en-2023\/#breadcrumb\",\"itemListElement\":[{\"@type\":\"ListItem\",\"position\":1,\"name\":\"Portada\",\"item\":\"https:\/\/www.ariasassessors.com\/ca\/\"},{\"@type\":\"ListItem\",\"position\":2,\"name\":\"Per a 2023 les pensions pujaran un 8,5%\"}]},{\"@type\":\"WebSite\",\"@id\":\"https:\/\/www.ariasassessors.com\/#website\",\"url\":\"https:\/\/www.ariasassessors.com\/\",\"name\":\"Arias Assessors\",\"description\":\"Asesor\u00eda para aut\u00f3nomos, profesionales y PYMES\",\"publisher\":{\"@id\":\"https:\/\/www.ariasassessors.com\/#organization\"},\"potentialAction\":[{\"@type\":\"SearchAction\",\"target\":{\"@type\":\"EntryPoint\",\"urlTemplate\":\"https:\/\/www.ariasassessors.com\/?s={search_term_string}\"},\"query-input\":{\"@type\":\"PropertyValueSpecification\",\"valueRequired\":true,\"valueName\":\"search_term_string\"}}],\"inLanguage\":\"ca\"},{\"@type\":\"Organization\",\"@id\":\"https:\/\/www.ariasassessors.com\/#organization\",\"name\":\"Arias Assessors\",\"url\":\"https:\/\/www.ariasassessors.com\/\",\"logo\":{\"@type\":\"ImageObject\",\"inLanguage\":\"ca\",\"@id\":\"https:\/\/www.ariasassessors.com\/#\/schema\/logo\/image\/\",\"url\":\"https:\/\/www.ariasassessors.com\/wp-content\/uploads\/2019\/01\/arias-logo.png\",\"contentUrl\":\"https:\/\/www.ariasassessors.com\/wp-content\/uploads\/2019\/01\/arias-logo.png\",\"width\":349,\"height\":254,\"caption\":\"Arias Assessors\"},\"image\":{\"@id\":\"https:\/\/www.ariasassessors.com\/#\/schema\/logo\/image\/\"},\"sameAs\":[\"https:\/\/www.facebook.com\/ariasassessors\/\",\"https:\/\/x.com\/ariasassessors\",\"https:\/\/www.linkedin.com\/company\/r&amp;amp;r-growing-knowledge\/\"]},{\"@type\":\"Person\",\"@id\":\"https:\/\/www.ariasassessors.com\/#\/schema\/person\/63c6ad1775f0a9413c37932562673cef\",\"name\":\"btorras\",\"image\":{\"@type\":\"ImageObject\",\"inLanguage\":\"ca\",\"@id\":\"https:\/\/www.ariasassessors.com\/#\/schema\/person\/image\/\",\"url\":\"https:\/\/secure.gravatar.com\/avatar\/0531db351fc361fdbfd204c58fa2d6a3?s=96&d=mm&r=g\",\"contentUrl\":\"https:\/\/secure.gravatar.com\/avatar\/0531db351fc361fdbfd204c58fa2d6a3?s=96&d=mm&r=g\",\"caption\":\"btorras\"}}]}<\/script>\n<!-- \/ Yoast SEO plugin. -->","yoast_head_json":{"title":"Per a 2023 les pensions pujaran un 8,5% | Arias Assessors","description":"Seg\u00fan la f\u00f3rmula de\u00a0revalorizaci\u00f3n de las pensiones contributivas establecida por la\u00a0Ley, en 2023, se prev\u00e9 una revalorizaci\u00f3n del 8,50%","robots":{"index":"index","follow":"follow","max-snippet":"max-snippet:-1","max-image-preview":"max-image-preview:large","max-video-preview":"max-video-preview:-1"},"canonical":"https:\/\/www.ariasassessors.com\/ca\/las-pensiones-subiran-en-2023\/","og_locale":"ca_ES","og_type":"article","og_title":"Per a 2023 les pensions pujaran un 8,5% | Arias Assessors","og_description":"Seg\u00fan la f\u00f3rmula de\u00a0revalorizaci\u00f3n de las pensiones contributivas establecida por la\u00a0Ley, en 2023, se prev\u00e9 una revalorizaci\u00f3n del 8,50%","og_url":"https:\/\/www.ariasassessors.com\/ca\/las-pensiones-subiran-en-2023\/","og_site_name":"Arias Assessors","article_publisher":"https:\/\/www.facebook.com\/ariasassessors\/","article_published_time":"2022-12-13T09:26:24+00:00","article_modified_time":"2022-12-13T09:34:52+00:00","og_image":[{"width":1920,"height":1202,"url":"https:\/\/www.ariasassessors.com\/wp-content\/uploads\/2022\/12\/Arias_Blog_IMAGEN_DESTACADA-21.jpg","type":"image\/jpeg"}],"author":"btorras","twitter_card":"summary_large_image","twitter_creator":"@ariasassessors","twitter_site":"@ariasassessors","twitter_misc":{"Escrit per":"btorras","Temps estimat de lectura":"2 minuts"},"schema":{"@context":"https:\/\/schema.org","@graph":[{"@type":"Article","@id":"https:\/\/www.ariasassessors.com\/ca\/las-pensiones-subiran-en-2023\/#article","isPartOf":{"@id":"https:\/\/www.ariasassessors.com\/ca\/las-pensiones-subiran-en-2023\/"},"author":{"name":"btorras","@id":"https:\/\/www.ariasassessors.com\/#\/schema\/person\/63c6ad1775f0a9413c37932562673cef"},"headline":"Per a 2023 les pensions pujaran un 8,5%","datePublished":"2022-12-13T09:26:24+00:00","dateModified":"2022-12-13T09:34:52+00:00","mainEntityOfPage":{"@id":"https:\/\/www.ariasassessors.com\/ca\/las-pensiones-subiran-en-2023\/"},"wordCount":282,"commentCount":0,"publisher":{"@id":"https:\/\/www.ariasassessors.com\/#organization"},"image":{"@id":"https:\/\/www.ariasassessors.com\/ca\/las-pensiones-subiran-en-2023\/#primaryimage"},"thumbnailUrl":"https:\/\/www.ariasassessors.com\/wp-content\/uploads\/2022\/12\/Arias_Blog_IMAGEN_DESTACADA-21.jpg","articleSection":["noticies"],"inLanguage":"ca","potentialAction":[{"@type":"CommentAction","name":"Comment","target":["https:\/\/www.ariasassessors.com\/ca\/las-pensiones-subiran-en-2023\/#respond"]}]},{"@type":"WebPage","@id":"https:\/\/www.ariasassessors.com\/ca\/las-pensiones-subiran-en-2023\/","url":"https:\/\/www.ariasassessors.com\/ca\/las-pensiones-subiran-en-2023\/","name":"Per a 2023 les pensions pujaran un 8,5% | Arias Assessors","isPartOf":{"@id":"https:\/\/www.ariasassessors.com\/#website"},"primaryImageOfPage":{"@id":"https:\/\/www.ariasassessors.com\/ca\/las-pensiones-subiran-en-2023\/#primaryimage"},"image":{"@id":"https:\/\/www.ariasassessors.com\/ca\/las-pensiones-subiran-en-2023\/#primaryimage"},"thumbnailUrl":"https:\/\/www.ariasassessors.com\/wp-content\/uploads\/2022\/12\/Arias_Blog_IMAGEN_DESTACADA-21.jpg","datePublished":"2022-12-13T09:26:24+00:00","dateModified":"2022-12-13T09:34:52+00:00","description":"Seg\u00fan la f\u00f3rmula de\u00a0revalorizaci\u00f3n de las pensiones contributivas establecida por la\u00a0Ley, en 2023, se prev\u00e9 una revalorizaci\u00f3n del 8,50%","breadcrumb":{"@id":"https:\/\/www.ariasassessors.com\/ca\/las-pensiones-subiran-en-2023\/#breadcrumb"},"inLanguage":"ca","potentialAction":[{"@type":"ReadAction","target":["https:\/\/www.ariasassessors.com\/ca\/las-pensiones-subiran-en-2023\/"]}]},{"@type":"ImageObject","inLanguage":"ca","@id":"https:\/\/www.ariasassessors.com\/ca\/las-pensiones-subiran-en-2023\/#primaryimage","url":"https:\/\/www.ariasassessors.com\/wp-content\/uploads\/2022\/12\/Arias_Blog_IMAGEN_DESTACADA-21.jpg","contentUrl":"https:\/\/www.ariasassessors.com\/wp-content\/uploads\/2022\/12\/Arias_Blog_IMAGEN_DESTACADA-21.jpg","width":1920,"height":1202,"caption":"pensi\u00f3n"},{"@type":"BreadcrumbList","@id":"https:\/\/www.ariasassessors.com\/ca\/las-pensiones-subiran-en-2023\/#breadcrumb","itemListElement":[{"@type":"ListItem","position":1,"name":"Portada","item":"https:\/\/www.ariasassessors.com\/ca\/"},{"@type":"ListItem","position":2,"name":"Per a 2023 les pensions pujaran un 8,5%"}]},{"@type":"WebSite","@id":"https:\/\/www.ariasassessors.com\/#website","url":"https:\/\/www.ariasassessors.com\/","name":"Arias Assessors","description":"Asesor\u00eda para aut\u00f3nomos, profesionales y PYMES","publisher":{"@id":"https:\/\/www.ariasassessors.com\/#organization"},"potentialAction":[{"@type":"SearchAction","target":{"@type":"EntryPoint","urlTemplate":"https:\/\/www.ariasassessors.com\/?s={search_term_string}"},"query-input":{"@type":"PropertyValueSpecification","valueRequired":true,"valueName":"search_term_string"}}],"inLanguage":"ca"},{"@type":"Organization","@id":"https:\/\/www.ariasassessors.com\/#organization","name":"Arias Assessors","url":"https:\/\/www.ariasassessors.com\/","logo":{"@type":"ImageObject","inLanguage":"ca","@id":"https:\/\/www.ariasassessors.com\/#\/schema\/logo\/image\/","url":"https:\/\/www.ariasassessors.com\/wp-content\/uploads\/2019\/01\/arias-logo.png","contentUrl":"https:\/\/www.ariasassessors.com\/wp-content\/uploads\/2019\/01\/arias-logo.png","width":349,"height":254,"caption":"Arias Assessors"},"image":{"@id":"https:\/\/www.ariasassessors.com\/#\/schema\/logo\/image\/"},"sameAs":["https:\/\/www.facebook.com\/ariasassessors\/","https:\/\/x.com\/ariasassessors","https:\/\/www.linkedin.com\/company\/r&amp;amp;r-growing-knowledge\/"]},{"@type":"Person","@id":"https:\/\/www.ariasassessors.com\/#\/schema\/person\/63c6ad1775f0a9413c37932562673cef","name":"btorras","image":{"@type":"ImageObject","inLanguage":"ca","@id":"https:\/\/www.ariasassessors.com\/#\/schema\/person\/image\/","url":"https:\/\/secure.gravatar.com\/avatar\/0531db351fc361fdbfd204c58fa2d6a3?s=96&d=mm&r=g","contentUrl":"https:\/\/secure.gravatar.com\/avatar\/0531db351fc361fdbfd204c58fa2d6a3?s=96&d=mm&r=g","caption":"btorras"}}]}},"_links":{"self":[{"href":"https:\/\/www.ariasassessors.com\/ca\/wp-json\/wp\/v2\/posts\/2210","targetHints":{"allow":["GET"]}}],"collection":[{"href":"https:\/\/www.ariasassessors.com\/ca\/wp-json\/wp\/v2\/posts"}],"about":[{"href":"https:\/\/www.ariasassessors.com\/ca\/wp-json\/wp\/v2\/types\/post"}],"author":[{"embeddable":true,"href":"https:\/\/www.ariasassessors.com\/ca\/wp-json\/wp\/v2\/users\/2"}],"replies":[{"embeddable":true,"href":"https:\/\/www.ariasassessors.com\/ca\/wp-json\/wp\/v2\/comments?post=2210"}],"version-history":[{"count":3,"href":"https:\/\/www.ariasassessors.com\/ca\/wp-json\/wp\/v2\/posts\/2210\/revisions"}],"predecessor-version":[{"id":2213,"href":"https:\/\/www.ariasassessors.com\/ca\/wp-json\/wp\/v2\/posts\/2210\/revisions\/2213"}],"wp:featuredmedia":[{"embeddable":true,"href":"https:\/\/www.ariasassessors.com\/ca\/wp-json\/wp\/v2\/media\/2207"}],"wp:attachment":[{"href":"https:\/\/www.ariasassessors.com\/ca\/wp-json\/wp\/v2\/media?parent=2210"}],"wp:term":[{"taxonomy":"category","embeddable":true,"href":"https:\/\/www.ariasassessors.com\/ca\/wp-json\/wp\/v2\/categories?post=2210"},{"taxonomy":"post_tag","embeddable":true,"href":"https:\/\/www.ariasassessors.com\/ca\/wp-json\/wp\/v2\/tags?post=2210"}],"curies":[{"name":"wp","href":"https:\/\/api.w.org\/{rel}","templated":true}]}}