{"id":2233,"date":"2022-12-15T15:59:31","date_gmt":"2022-12-15T14:59:31","guid":{"rendered":"https:\/\/www.ariasassessors.com\/factura-electronica-obligatoria\/"},"modified":"2022-12-15T16:25:04","modified_gmt":"2022-12-15T15:25:04","slug":"factura-electronica-obligatoria","status":"publish","type":"post","link":"https:\/\/www.ariasassessors.com\/ca\/factura-electronica-obligatoria\/","title":{"rendered":"La factura electr\u00f2nica ser\u00e0 obligat\u00f2ria per a aut\u00f2noms i empreses amb la Llei Crea i Creix"},"content":{"rendered":"<p>Els temps canvien, les\u00a0<a href=\"https:\/\/www.infoautonomos.com\/facturas\/\">factures<\/a>\u00a0tamb\u00e9.<\/p>\n<p>Tant les empreses com els aut\u00f2noms hauran d&#8217;<strong>implementar\u00a0\u00a0la\u00a0factura electr\u00f2nica<\/strong>\u00a0en els seus negocis.<\/p>\n<p>La Llei Crea i Creix aprovada el mes de setembre passat dona el tret de sortida a un nou tipus de facturaci\u00f3.<\/p>\n<p>Av\u00eds a navegants: els que incompleixin s&#8217;enfrontaran a\u00a0<strong>dures\u00a0<a href=\"https:\/\/www.infoautonomos.com\/fiscalidad\/sanciones-hacienda\/\">sancions<\/a>.<\/strong><\/p>\n<div id=\"ez-toc-container\" class=\"ez-toc-v2_0_72 counter-hierarchy ez-toc-counter ez-toc-grey ez-toc-container-direction\">\n<div class=\"ez-toc-title-container\">\n<p class=\"ez-toc-title\" style=\"cursor:inherit\">\u00cdndice de Contenidos<\/p>\n<span class=\"ez-toc-title-toggle\"><a href=\"#\" class=\"ez-toc-pull-right ez-toc-btn ez-toc-btn-xs ez-toc-btn-default ez-toc-toggle\" aria-label=\"Toggle Table of Content\"><span class=\"ez-toc-js-icon-con\"><span class=\"\"><span class=\"eztoc-hide\" style=\"display:none;\">Toggle<\/span><span class=\"ez-toc-icon-toggle-span\"><svg style=\"fill: #428bca;color:#428bca\" xmlns=\"http:\/\/www.w3.org\/2000\/svg\" class=\"list-377408\" width=\"20px\" height=\"20px\" viewBox=\"0 0 24 24\" fill=\"none\"><path d=\"M6 6H4v2h2V6zm14 0H8v2h12V6zM4 11h2v2H4v-2zm16 0H8v2h12v-2zM4 16h2v2H4v-2zm16 0H8v2h12v-2z\" fill=\"currentColor\"><\/path><\/svg><svg style=\"fill: #428bca;color:#428bca\" class=\"arrow-unsorted-368013\" xmlns=\"http:\/\/www.w3.org\/2000\/svg\" width=\"10px\" height=\"10px\" viewBox=\"0 0 24 24\" version=\"1.2\" baseProfile=\"tiny\"><path d=\"M18.2 9.3l-6.2-6.3-6.2 6.3c-.2.2-.3.4-.3.7s.1.5.3.7c.2.2.4.3.7.3h11c.3 0 .5-.1.7-.3.2-.2.3-.5.3-.7s-.1-.5-.3-.7zM5.8 14.7l6.2 6.3 6.2-6.3c.2-.2.3-.5.3-.7s-.1-.5-.3-.7c-.2-.2-.4-.3-.7-.3h-11c-.3 0-.5.1-.7.3-.2.2-.3.5-.3.7s.1.5.3.7z\"\/><\/svg><\/span><\/span><\/span><\/a><\/span><\/div>\n<nav><ul class='ez-toc-list ez-toc-list-level-1 eztoc-toggle-hide-by-default' ><li class='ez-toc-page-1 ez-toc-heading-level-2'><a class=\"ez-toc-link ez-toc-heading-1\" href=\"https:\/\/www.ariasassessors.com\/ca\/factura-electronica-obligatoria\/#Que_es_la_factura_electronica\" title=\"Qu\u00e8 \u00e9s la factura electr\u00f2nica?\">Qu\u00e8 \u00e9s la factura electr\u00f2nica?<\/a><\/li><li class='ez-toc-page-1 ez-toc-heading-level-2'><a class=\"ez-toc-link ez-toc-heading-2\" href=\"https:\/\/www.ariasassessors.com\/ca\/factura-electronica-obligatoria\/#Quan_entrara_en_vigor\" title=\"Quan entrar\u00e0 en vigor?\">Quan entrar\u00e0 en vigor?<\/a><\/li><li class='ez-toc-page-1 ez-toc-heading-level-2'><a class=\"ez-toc-link ez-toc-heading-3\" href=\"https:\/\/www.ariasassessors.com\/ca\/factura-electronica-obligatoria\/#Quins_avantatges_ofereix_la_factura_electronica\" title=\"Quins avantatges ofereix la factura electr\u00f2nica?\">Quins avantatges ofereix la factura electr\u00f2nica?<\/a><\/li><li class='ez-toc-page-1 ez-toc-heading-level-2'><a class=\"ez-toc-link ez-toc-heading-4\" href=\"https:\/\/www.ariasassessors.com\/ca\/factura-electronica-obligatoria\/#Les_sancions_per_als_autonoms_que_incompleixin_la_normativa_sobre_la_factura-e\" title=\"Les sancions per als aut\u00f2noms que incompleixin la normativa sobre la factura-e\">Les sancions per als aut\u00f2noms que incompleixin la normativa sobre la factura-e<\/a><\/li><\/ul><\/nav><\/div>\n<h2><span class=\"ez-toc-section\" id=\"Que_es_la_factura_electronica\"><\/span>Qu\u00e8 \u00e9s la factura electr\u00f2nica?<span class=\"ez-toc-section-end\"><\/span><\/h2>\n<p>Tal com indica el Ministeri d&#8217;Hisenda: \u201cla factura electr\u00f2nica \u00e9s, abans de res, una factura\u201d. Per\u00f2 en aquest cas s&#8217;emet i rep en\u00a0<strong>format electr\u00f2nic.<\/strong><\/p>\n<p>T\u00e9 els mateixos efectes legals que la\u00a0<a href=\"https:\/\/www.infoautonomos.com\/facturas\/como-hacer-una-factura\/\">factura<\/a>\u00a0convencional de paper, la difer\u00e8ncia \u00e9s que la versi\u00f3 digital\u00a0<strong>est\u00e0 condicionada al consentiment del seu destinatari.<\/strong><\/p>\n<p>Existeixen dos tipus de factures electr\u00f2niques:<\/p>\n<ul>\n<li><strong>En format estructurat<\/strong>: amb dades generades autom\u00e0ticament pels sistemes de facturaci\u00f3. En general, en llenguatge XML.<\/li>\n<li><strong>En format no estructurat<\/strong>: solen emetre&#8217;s directament en format PDF, encara que tamb\u00e9 poden ser escanejades en paper.<\/li>\n<\/ul>\n<p>L&#8217;avantatge d&#8217;optar per una factura electr\u00f2nica estructurada \u00e9s que simplifica encara m\u00e9s el proc\u00e9s de facturaci\u00f3 i estalvia costos.<\/p>\n<h2><span class=\"ez-toc-section\" id=\"Quan_entrara_en_vigor\"><\/span>Quan entrar\u00e0 en vigor?<span class=\"ez-toc-section-end\"><\/span><\/h2>\n<p>La\u00a0factura electr\u00f2nica\u00a0<strong>entrar\u00e0 en vigor en 2023<\/strong>\u00a0per a tots aquells aut\u00f2noms o empreses que tinguin una facturaci\u00f3\u00a0<strong>superior a 8 milions d&#8217;euros anuals.<\/strong><\/p>\n<p>La resta d&#8217;aut\u00f2noms i empreses (facturacions inferiors a 8 milions d&#8217;euros) tindran de marge<strong>\u00a0fins a 2025<\/strong>\u00a0per a emetre totes les seves factures en format electr\u00f2nic.<\/p>\n<p><strong>Aquest \u00e9s el canvi que podr\u00e0s notar \u00abdes d&#8217;ara mateix\u00bb<\/strong><\/p>\n<p>Com hem esmentat, la factura electr\u00f2nica implica el consentiment per part del client.<\/p>\n<p>Si tens clients \u201cgrans\u201d, que facturin m\u00e9s de 8 milions d&#8217;euros a l&#8217;any, haur\u00e0s de\u00a0<strong>donar el teu consentiment de manera expressa o t\u00e0cita<\/strong>\u00a0perqu\u00e8 puguin facturar-te sense incomplir la Llei Crea i Creix.<\/p>\n<p>A m\u00e9s, aquest consentiment fa refer\u00e8ncia a una sola factura, per la qual cosa haur\u00e0s d&#8217;atorgar-ho de manera individual cada que vegada que una d&#8217;aquestes empreses t&#8217;emeti una factura.<\/p>\n<h2><span class=\"ez-toc-section\" id=\"Quins_avantatges_ofereix_la_factura_electronica\"><\/span>Quins avantatges ofereix la factura electr\u00f2nica?<span class=\"ez-toc-section-end\"><\/span><\/h2>\n<p>Els avantatges de la facturaci\u00f3 digital s\u00f3n nombroses:<\/p>\n<ul>\n<li>Eliminen el paper i contribueixen a la millora del medi ambient.<\/li>\n<li>\u00a0Estalvien costos, s\u00f3n m\u00e9s barates que les factures tradicionals.<\/li>\n<li>\u00a0Es cobren m\u00e9s de pressa.<\/li>\n<li>\u00a0Permeten un control prec\u00eds de la tra\u00e7abilitat d&#8217;aquestes.<\/li>\n<li>Facilita el treball dels departaments d&#8217;administraci\u00f3 perqu\u00e8 s\u00f3n m\u00e9s f\u00e0cils d&#8217;arxivar i recopilar.<\/li>\n<\/ul>\n<p>En general, s&#8217;estima que implementar la facturaci\u00f3 electr\u00f2nica permetr\u00e0 estalviar fins a un 60% dels costos als aut\u00f2noms.<\/p>\n<h2><span class=\"ez-toc-section\" id=\"Les_sancions_per_als_autonoms_que_incompleixin_la_normativa_sobre_la_factura-e\"><\/span>Les sancions per als aut\u00f2noms que incompleixin la normativa sobre la factura-e<span class=\"ez-toc-section-end\"><\/span><\/h2>\n<p>Les empreses i aut\u00f2noms tindran marge suficient per a adaptar-se a la nova realitat de les factures electr\u00f2niques (fins a 2025, tret que es facturi m\u00e9s de 8 milions d&#8217;euros).<\/p>\n<p>Es recomana implementar-la com m\u00e9s aviat millor per a acostumar-se a aquesta mena de facturaci\u00f3 perqu\u00e8\u00a0<strong>les\u00a0<a href=\"https:\/\/www.infoautonomos.com\/fiscalidad\/sanciones-hacienda\/\">sancions\u00a0<\/a>seran contundents.<\/strong><\/p>\n<p>Aquells<a href=\"https:\/\/www.ariasassessors.com\/ca\/fiscal\/\"> aut\u00f2noms<\/a> o empreses que no implementin aquest sistema podran rebre\u00a0<strong>sancions de fins a 10.000 euros.<\/strong><\/p>\n","protected":false},"excerpt":{"rendered":"<p>Els temps canvien, les\u00a0factures\u00a0tamb\u00e9. Tant les empreses com els aut\u00f2noms hauran d&#8217;implementar\u00a0\u00a0la\u00a0factura electr\u00f2nica\u00a0en els seus negocis. La Llei Crea i Creix aprovada el mes de setembre passat dona el tret de sortida a un nou tipus de facturaci\u00f3. Av\u00eds a navegants: els que incompleixin s&#8217;enfrontaran&#8230;<\/p>\n","protected":false},"author":2,"featured_media":2231,"comment_status":"open","ping_status":"open","sticky":false,"template":"","format":"standard","meta":{"footnotes":""},"categories":[4],"tags":[],"class_list":["post-2233","post","type-post","status-publish","format-standard","has-post-thumbnail","hentry","category-noticies"],"yoast_head":"<!-- This site is optimized with the Yoast SEO plugin v24.3 - https:\/\/yoast.com\/wordpress\/plugins\/seo\/ -->\n<title>La factura electr\u00f2nica ser\u00e0 obligat\u00f2ria per a aut\u00f2noms i empreses amb la Llei Crea i Creix | Arias Assessors<\/title>\n<meta name=\"description\" content=\"Tanto las empresas como los aut\u00f3nomos tendr\u00e1n que\u00a0implementar obligatoriamente\u00a0la\u00a0factura electr\u00f3nica\u00a0en sus negocios.\" \/>\n<meta name=\"robots\" content=\"index, follow, max-snippet:-1, max-image-preview:large, max-video-preview:-1\" \/>\n<link rel=\"canonical\" href=\"https:\/\/www.ariasassessors.com\/ca\/factura-electronica-obligatoria\/\" \/>\n<meta property=\"og:locale\" content=\"ca_ES\" \/>\n<meta property=\"og:type\" content=\"article\" \/>\n<meta property=\"og:title\" content=\"La factura electr\u00f2nica ser\u00e0 obligat\u00f2ria per a aut\u00f2noms i empreses amb la Llei Crea i Creix | Arias Assessors\" \/>\n<meta property=\"og:description\" content=\"Tanto las empresas como los aut\u00f3nomos tendr\u00e1n que\u00a0implementar obligatoriamente\u00a0la\u00a0factura electr\u00f3nica\u00a0en sus negocios.\" \/>\n<meta property=\"og:url\" content=\"https:\/\/www.ariasassessors.com\/ca\/factura-electronica-obligatoria\/\" \/>\n<meta property=\"og:site_name\" content=\"Arias Assessors\" \/>\n<meta property=\"article:publisher\" content=\"https:\/\/www.facebook.com\/ariasassessors\/\" \/>\n<meta property=\"article:published_time\" content=\"2022-12-15T14:59:31+00:00\" \/>\n<meta property=\"article:modified_time\" content=\"2022-12-15T15:25:04+00:00\" \/>\n<meta property=\"og:image\" content=\"https:\/\/www.ariasassessors.com\/wp-content\/uploads\/2022\/12\/Arias_Blog_IMAGEN_DESTACADA-22.jpg\" \/>\n\t<meta property=\"og:image:width\" content=\"1920\" \/>\n\t<meta property=\"og:image:height\" content=\"1202\" \/>\n\t<meta property=\"og:image:type\" content=\"image\/jpeg\" \/>\n<meta name=\"author\" content=\"btorras\" \/>\n<meta name=\"twitter:card\" content=\"summary_large_image\" \/>\n<meta name=\"twitter:creator\" content=\"@ariasassessors\" \/>\n<meta name=\"twitter:site\" content=\"@ariasassessors\" \/>\n<meta name=\"twitter:label1\" content=\"Escrit per\" \/>\n\t<meta name=\"twitter:data1\" content=\"btorras\" \/>\n\t<meta name=\"twitter:label2\" content=\"Temps estimat de lectura\" \/>\n\t<meta name=\"twitter:data2\" content=\"3 minuts\" \/>\n<script type=\"application\/ld+json\" class=\"yoast-schema-graph\">{\"@context\":\"https:\/\/schema.org\",\"@graph\":[{\"@type\":\"Article\",\"@id\":\"https:\/\/www.ariasassessors.com\/ca\/factura-electronica-obligatoria\/#article\",\"isPartOf\":{\"@id\":\"https:\/\/www.ariasassessors.com\/ca\/factura-electronica-obligatoria\/\"},\"author\":{\"name\":\"btorras\",\"@id\":\"https:\/\/www.ariasassessors.com\/#\/schema\/person\/63c6ad1775f0a9413c37932562673cef\"},\"headline\":\"La factura electr\u00f2nica ser\u00e0 obligat\u00f2ria per a aut\u00f2noms i empreses amb la Llei Crea i Creix\",\"datePublished\":\"2022-12-15T14:59:31+00:00\",\"dateModified\":\"2022-12-15T15:25:04+00:00\",\"mainEntityOfPage\":{\"@id\":\"https:\/\/www.ariasassessors.com\/ca\/factura-electronica-obligatoria\/\"},\"wordCount\":518,\"commentCount\":0,\"publisher\":{\"@id\":\"https:\/\/www.ariasassessors.com\/#organization\"},\"image\":{\"@id\":\"https:\/\/www.ariasassessors.com\/ca\/factura-electronica-obligatoria\/#primaryimage\"},\"thumbnailUrl\":\"https:\/\/www.ariasassessors.com\/wp-content\/uploads\/2022\/12\/Arias_Blog_IMAGEN_DESTACADA-22.jpg\",\"articleSection\":[\"noticies\"],\"inLanguage\":\"ca\",\"potentialAction\":[{\"@type\":\"CommentAction\",\"name\":\"Comment\",\"target\":[\"https:\/\/www.ariasassessors.com\/ca\/factura-electronica-obligatoria\/#respond\"]}]},{\"@type\":\"WebPage\",\"@id\":\"https:\/\/www.ariasassessors.com\/ca\/factura-electronica-obligatoria\/\",\"url\":\"https:\/\/www.ariasassessors.com\/ca\/factura-electronica-obligatoria\/\",\"name\":\"La factura electr\u00f2nica ser\u00e0 obligat\u00f2ria per a aut\u00f2noms i empreses amb la Llei Crea i Creix | Arias Assessors\",\"isPartOf\":{\"@id\":\"https:\/\/www.ariasassessors.com\/#website\"},\"primaryImageOfPage\":{\"@id\":\"https:\/\/www.ariasassessors.com\/ca\/factura-electronica-obligatoria\/#primaryimage\"},\"image\":{\"@id\":\"https:\/\/www.ariasassessors.com\/ca\/factura-electronica-obligatoria\/#primaryimage\"},\"thumbnailUrl\":\"https:\/\/www.ariasassessors.com\/wp-content\/uploads\/2022\/12\/Arias_Blog_IMAGEN_DESTACADA-22.jpg\",\"datePublished\":\"2022-12-15T14:59:31+00:00\",\"dateModified\":\"2022-12-15T15:25:04+00:00\",\"description\":\"Tanto las empresas como los aut\u00f3nomos tendr\u00e1n que\u00a0implementar obligatoriamente\u00a0la\u00a0factura electr\u00f3nica\u00a0en sus negocios.\",\"breadcrumb\":{\"@id\":\"https:\/\/www.ariasassessors.com\/ca\/factura-electronica-obligatoria\/#breadcrumb\"},\"inLanguage\":\"ca\",\"potentialAction\":[{\"@type\":\"ReadAction\",\"target\":[\"https:\/\/www.ariasassessors.com\/ca\/factura-electronica-obligatoria\/\"]}]},{\"@type\":\"ImageObject\",\"inLanguage\":\"ca\",\"@id\":\"https:\/\/www.ariasassessors.com\/ca\/factura-electronica-obligatoria\/#primaryimage\",\"url\":\"https:\/\/www.ariasassessors.com\/wp-content\/uploads\/2022\/12\/Arias_Blog_IMAGEN_DESTACADA-22.jpg\",\"contentUrl\":\"https:\/\/www.ariasassessors.com\/wp-content\/uploads\/2022\/12\/Arias_Blog_IMAGEN_DESTACADA-22.jpg\",\"width\":1920,\"height\":1202,\"caption\":\"factura electr\u00f3nica\"},{\"@type\":\"BreadcrumbList\",\"@id\":\"https:\/\/www.ariasassessors.com\/ca\/factura-electronica-obligatoria\/#breadcrumb\",\"itemListElement\":[{\"@type\":\"ListItem\",\"position\":1,\"name\":\"Portada\",\"item\":\"https:\/\/www.ariasassessors.com\/ca\/\"},{\"@type\":\"ListItem\",\"position\":2,\"name\":\"La factura electr\u00f2nica ser\u00e0 obligat\u00f2ria per a aut\u00f2noms i empreses amb la Llei Crea i Creix\"}]},{\"@type\":\"WebSite\",\"@id\":\"https:\/\/www.ariasassessors.com\/#website\",\"url\":\"https:\/\/www.ariasassessors.com\/\",\"name\":\"Arias Assessors\",\"description\":\"Asesor\u00eda para aut\u00f3nomos, profesionales y PYMES\",\"publisher\":{\"@id\":\"https:\/\/www.ariasassessors.com\/#organization\"},\"potentialAction\":[{\"@type\":\"SearchAction\",\"target\":{\"@type\":\"EntryPoint\",\"urlTemplate\":\"https:\/\/www.ariasassessors.com\/?s={search_term_string}\"},\"query-input\":{\"@type\":\"PropertyValueSpecification\",\"valueRequired\":true,\"valueName\":\"search_term_string\"}}],\"inLanguage\":\"ca\"},{\"@type\":\"Organization\",\"@id\":\"https:\/\/www.ariasassessors.com\/#organization\",\"name\":\"Arias Assessors\",\"url\":\"https:\/\/www.ariasassessors.com\/\",\"logo\":{\"@type\":\"ImageObject\",\"inLanguage\":\"ca\",\"@id\":\"https:\/\/www.ariasassessors.com\/#\/schema\/logo\/image\/\",\"url\":\"https:\/\/www.ariasassessors.com\/wp-content\/uploads\/2019\/01\/arias-logo.png\",\"contentUrl\":\"https:\/\/www.ariasassessors.com\/wp-content\/uploads\/2019\/01\/arias-logo.png\",\"width\":349,\"height\":254,\"caption\":\"Arias Assessors\"},\"image\":{\"@id\":\"https:\/\/www.ariasassessors.com\/#\/schema\/logo\/image\/\"},\"sameAs\":[\"https:\/\/www.facebook.com\/ariasassessors\/\",\"https:\/\/x.com\/ariasassessors\",\"https:\/\/www.linkedin.com\/company\/r&amp;amp;r-growing-knowledge\/\"]},{\"@type\":\"Person\",\"@id\":\"https:\/\/www.ariasassessors.com\/#\/schema\/person\/63c6ad1775f0a9413c37932562673cef\",\"name\":\"btorras\",\"image\":{\"@type\":\"ImageObject\",\"inLanguage\":\"ca\",\"@id\":\"https:\/\/www.ariasassessors.com\/#\/schema\/person\/image\/\",\"url\":\"https:\/\/secure.gravatar.com\/avatar\/0531db351fc361fdbfd204c58fa2d6a3?s=96&d=mm&r=g\",\"contentUrl\":\"https:\/\/secure.gravatar.com\/avatar\/0531db351fc361fdbfd204c58fa2d6a3?s=96&d=mm&r=g\",\"caption\":\"btorras\"}}]}<\/script>\n<!-- \/ Yoast SEO plugin. -->","yoast_head_json":{"title":"La factura electr\u00f2nica ser\u00e0 obligat\u00f2ria per a aut\u00f2noms i empreses amb la Llei Crea i Creix | Arias Assessors","description":"Tanto las empresas como los aut\u00f3nomos tendr\u00e1n que\u00a0implementar obligatoriamente\u00a0la\u00a0factura electr\u00f3nica\u00a0en sus negocios.","robots":{"index":"index","follow":"follow","max-snippet":"max-snippet:-1","max-image-preview":"max-image-preview:large","max-video-preview":"max-video-preview:-1"},"canonical":"https:\/\/www.ariasassessors.com\/ca\/factura-electronica-obligatoria\/","og_locale":"ca_ES","og_type":"article","og_title":"La factura electr\u00f2nica ser\u00e0 obligat\u00f2ria per a aut\u00f2noms i empreses amb la Llei Crea i Creix | Arias Assessors","og_description":"Tanto las empresas como los aut\u00f3nomos tendr\u00e1n que\u00a0implementar obligatoriamente\u00a0la\u00a0factura electr\u00f3nica\u00a0en sus negocios.","og_url":"https:\/\/www.ariasassessors.com\/ca\/factura-electronica-obligatoria\/","og_site_name":"Arias Assessors","article_publisher":"https:\/\/www.facebook.com\/ariasassessors\/","article_published_time":"2022-12-15T14:59:31+00:00","article_modified_time":"2022-12-15T15:25:04+00:00","og_image":[{"width":1920,"height":1202,"url":"https:\/\/www.ariasassessors.com\/wp-content\/uploads\/2022\/12\/Arias_Blog_IMAGEN_DESTACADA-22.jpg","type":"image\/jpeg"}],"author":"btorras","twitter_card":"summary_large_image","twitter_creator":"@ariasassessors","twitter_site":"@ariasassessors","twitter_misc":{"Escrit per":"btorras","Temps estimat de lectura":"3 minuts"},"schema":{"@context":"https:\/\/schema.org","@graph":[{"@type":"Article","@id":"https:\/\/www.ariasassessors.com\/ca\/factura-electronica-obligatoria\/#article","isPartOf":{"@id":"https:\/\/www.ariasassessors.com\/ca\/factura-electronica-obligatoria\/"},"author":{"name":"btorras","@id":"https:\/\/www.ariasassessors.com\/#\/schema\/person\/63c6ad1775f0a9413c37932562673cef"},"headline":"La factura electr\u00f2nica ser\u00e0 obligat\u00f2ria per a aut\u00f2noms i empreses amb la Llei Crea i Creix","datePublished":"2022-12-15T14:59:31+00:00","dateModified":"2022-12-15T15:25:04+00:00","mainEntityOfPage":{"@id":"https:\/\/www.ariasassessors.com\/ca\/factura-electronica-obligatoria\/"},"wordCount":518,"commentCount":0,"publisher":{"@id":"https:\/\/www.ariasassessors.com\/#organization"},"image":{"@id":"https:\/\/www.ariasassessors.com\/ca\/factura-electronica-obligatoria\/#primaryimage"},"thumbnailUrl":"https:\/\/www.ariasassessors.com\/wp-content\/uploads\/2022\/12\/Arias_Blog_IMAGEN_DESTACADA-22.jpg","articleSection":["noticies"],"inLanguage":"ca","potentialAction":[{"@type":"CommentAction","name":"Comment","target":["https:\/\/www.ariasassessors.com\/ca\/factura-electronica-obligatoria\/#respond"]}]},{"@type":"WebPage","@id":"https:\/\/www.ariasassessors.com\/ca\/factura-electronica-obligatoria\/","url":"https:\/\/www.ariasassessors.com\/ca\/factura-electronica-obligatoria\/","name":"La factura electr\u00f2nica ser\u00e0 obligat\u00f2ria per a aut\u00f2noms i empreses amb la Llei Crea i Creix | Arias Assessors","isPartOf":{"@id":"https:\/\/www.ariasassessors.com\/#website"},"primaryImageOfPage":{"@id":"https:\/\/www.ariasassessors.com\/ca\/factura-electronica-obligatoria\/#primaryimage"},"image":{"@id":"https:\/\/www.ariasassessors.com\/ca\/factura-electronica-obligatoria\/#primaryimage"},"thumbnailUrl":"https:\/\/www.ariasassessors.com\/wp-content\/uploads\/2022\/12\/Arias_Blog_IMAGEN_DESTACADA-22.jpg","datePublished":"2022-12-15T14:59:31+00:00","dateModified":"2022-12-15T15:25:04+00:00","description":"Tanto las empresas como los aut\u00f3nomos tendr\u00e1n que\u00a0implementar obligatoriamente\u00a0la\u00a0factura electr\u00f3nica\u00a0en sus negocios.","breadcrumb":{"@id":"https:\/\/www.ariasassessors.com\/ca\/factura-electronica-obligatoria\/#breadcrumb"},"inLanguage":"ca","potentialAction":[{"@type":"ReadAction","target":["https:\/\/www.ariasassessors.com\/ca\/factura-electronica-obligatoria\/"]}]},{"@type":"ImageObject","inLanguage":"ca","@id":"https:\/\/www.ariasassessors.com\/ca\/factura-electronica-obligatoria\/#primaryimage","url":"https:\/\/www.ariasassessors.com\/wp-content\/uploads\/2022\/12\/Arias_Blog_IMAGEN_DESTACADA-22.jpg","contentUrl":"https:\/\/www.ariasassessors.com\/wp-content\/uploads\/2022\/12\/Arias_Blog_IMAGEN_DESTACADA-22.jpg","width":1920,"height":1202,"caption":"factura electr\u00f3nica"},{"@type":"BreadcrumbList","@id":"https:\/\/www.ariasassessors.com\/ca\/factura-electronica-obligatoria\/#breadcrumb","itemListElement":[{"@type":"ListItem","position":1,"name":"Portada","item":"https:\/\/www.ariasassessors.com\/ca\/"},{"@type":"ListItem","position":2,"name":"La factura electr\u00f2nica ser\u00e0 obligat\u00f2ria per a aut\u00f2noms i empreses amb la Llei Crea i Creix"}]},{"@type":"WebSite","@id":"https:\/\/www.ariasassessors.com\/#website","url":"https:\/\/www.ariasassessors.com\/","name":"Arias Assessors","description":"Asesor\u00eda para aut\u00f3nomos, profesionales y PYMES","publisher":{"@id":"https:\/\/www.ariasassessors.com\/#organization"},"potentialAction":[{"@type":"SearchAction","target":{"@type":"EntryPoint","urlTemplate":"https:\/\/www.ariasassessors.com\/?s={search_term_string}"},"query-input":{"@type":"PropertyValueSpecification","valueRequired":true,"valueName":"search_term_string"}}],"inLanguage":"ca"},{"@type":"Organization","@id":"https:\/\/www.ariasassessors.com\/#organization","name":"Arias Assessors","url":"https:\/\/www.ariasassessors.com\/","logo":{"@type":"ImageObject","inLanguage":"ca","@id":"https:\/\/www.ariasassessors.com\/#\/schema\/logo\/image\/","url":"https:\/\/www.ariasassessors.com\/wp-content\/uploads\/2019\/01\/arias-logo.png","contentUrl":"https:\/\/www.ariasassessors.com\/wp-content\/uploads\/2019\/01\/arias-logo.png","width":349,"height":254,"caption":"Arias Assessors"},"image":{"@id":"https:\/\/www.ariasassessors.com\/#\/schema\/logo\/image\/"},"sameAs":["https:\/\/www.facebook.com\/ariasassessors\/","https:\/\/x.com\/ariasassessors","https:\/\/www.linkedin.com\/company\/r&amp;amp;r-growing-knowledge\/"]},{"@type":"Person","@id":"https:\/\/www.ariasassessors.com\/#\/schema\/person\/63c6ad1775f0a9413c37932562673cef","name":"btorras","image":{"@type":"ImageObject","inLanguage":"ca","@id":"https:\/\/www.ariasassessors.com\/#\/schema\/person\/image\/","url":"https:\/\/secure.gravatar.com\/avatar\/0531db351fc361fdbfd204c58fa2d6a3?s=96&d=mm&r=g","contentUrl":"https:\/\/secure.gravatar.com\/avatar\/0531db351fc361fdbfd204c58fa2d6a3?s=96&d=mm&r=g","caption":"btorras"}}]}},"_links":{"self":[{"href":"https:\/\/www.ariasassessors.com\/ca\/wp-json\/wp\/v2\/posts\/2233","targetHints":{"allow":["GET"]}}],"collection":[{"href":"https:\/\/www.ariasassessors.com\/ca\/wp-json\/wp\/v2\/posts"}],"about":[{"href":"https:\/\/www.ariasassessors.com\/ca\/wp-json\/wp\/v2\/types\/post"}],"author":[{"embeddable":true,"href":"https:\/\/www.ariasassessors.com\/ca\/wp-json\/wp\/v2\/users\/2"}],"replies":[{"embeddable":true,"href":"https:\/\/www.ariasassessors.com\/ca\/wp-json\/wp\/v2\/comments?post=2233"}],"version-history":[{"count":3,"href":"https:\/\/www.ariasassessors.com\/ca\/wp-json\/wp\/v2\/posts\/2233\/revisions"}],"predecessor-version":[{"id":2236,"href":"https:\/\/www.ariasassessors.com\/ca\/wp-json\/wp\/v2\/posts\/2233\/revisions\/2236"}],"wp:featuredmedia":[{"embeddable":true,"href":"https:\/\/www.ariasassessors.com\/ca\/wp-json\/wp\/v2\/media\/2231"}],"wp:attachment":[{"href":"https:\/\/www.ariasassessors.com\/ca\/wp-json\/wp\/v2\/media?parent=2233"}],"wp:term":[{"taxonomy":"category","embeddable":true,"href":"https:\/\/www.ariasassessors.com\/ca\/wp-json\/wp\/v2\/categories?post=2233"},{"taxonomy":"post_tag","embeddable":true,"href":"https:\/\/www.ariasassessors.com\/ca\/wp-json\/wp\/v2\/tags?post=2233"}],"curies":[{"name":"wp","href":"https:\/\/api.w.org\/{rel}","templated":true}]}}