{"id":2266,"date":"2023-01-04T10:35:30","date_gmt":"2023-01-04T09:35:30","guid":{"rendered":"https:\/\/www.ariasassessors.com\/?p=2266"},"modified":"2023-01-04T10:36:44","modified_gmt":"2023-01-04T09:36:44","slug":"noves-mesures-contra-la-inflacio-rebaixa-iva-aliments-xec-200-euros","status":"publish","type":"post","link":"https:\/\/www.ariasassessors.com\/ca\/noves-mesures-contra-la-inflacio-rebaixa-iva-aliments-xec-200-euros\/","title":{"rendered":"Noves mesures contra la inflaci\u00f3: rebaixa IVA aliments, xec 200 euros, ajudes transport&#8230;"},"content":{"rendered":"<div id=\"ez-toc-container\" class=\"ez-toc-v2_0_72 counter-hierarchy ez-toc-counter ez-toc-grey ez-toc-container-direction\">\n<div class=\"ez-toc-title-container\">\n<p class=\"ez-toc-title\" style=\"cursor:inherit\">\u00cdndice de Contenidos<\/p>\n<span class=\"ez-toc-title-toggle\"><a href=\"#\" class=\"ez-toc-pull-right ez-toc-btn ez-toc-btn-xs ez-toc-btn-default ez-toc-toggle\" aria-label=\"Toggle Table of Content\"><span class=\"ez-toc-js-icon-con\"><span class=\"\"><span class=\"eztoc-hide\" style=\"display:none;\">Toggle<\/span><span class=\"ez-toc-icon-toggle-span\"><svg style=\"fill: #428bca;color:#428bca\" xmlns=\"http:\/\/www.w3.org\/2000\/svg\" class=\"list-377408\" width=\"20px\" height=\"20px\" viewBox=\"0 0 24 24\" fill=\"none\"><path d=\"M6 6H4v2h2V6zm14 0H8v2h12V6zM4 11h2v2H4v-2zm16 0H8v2h12v-2zM4 16h2v2H4v-2zm16 0H8v2h12v-2z\" fill=\"currentColor\"><\/path><\/svg><svg style=\"fill: #428bca;color:#428bca\" class=\"arrow-unsorted-368013\" xmlns=\"http:\/\/www.w3.org\/2000\/svg\" width=\"10px\" height=\"10px\" viewBox=\"0 0 24 24\" version=\"1.2\" baseProfile=\"tiny\"><path d=\"M18.2 9.3l-6.2-6.3-6.2 6.3c-.2.2-.3.4-.3.7s.1.5.3.7c.2.2.4.3.7.3h11c.3 0 .5-.1.7-.3.2-.2.3-.5.3-.7s-.1-.5-.3-.7zM5.8 14.7l6.2 6.3 6.2-6.3c.2-.2.3-.5.3-.7s-.1-.5-.3-.7c-.2-.2-.4-.3-.7-.3h-11c-.3 0-.5.1-.7.3-.2.2-.3.5-.3.7s.1.5.3.7z\"\/><\/svg><\/span><\/span><\/span><\/a><\/span><\/div>\n<nav><ul class='ez-toc-list ez-toc-list-level-1 eztoc-toggle-hide-by-default' ><li class='ez-toc-page-1 ez-toc-heading-level-1'><a class=\"ez-toc-link ez-toc-heading-1\" href=\"https:\/\/www.ariasassessors.com\/ca\/noves-mesures-contra-la-inflacio-rebaixa-iva-aliments-xec-200-euros\/#Noves_mesures_contra_la_inflacio_rebaixa_IVA_aliments_xec_200_euros_ajudes_transport%E2%80%A6\" title=\"Noves mesures contra la inflaci\u00f3: rebaixa IVA aliments, xec 200 euros, ajudes transport&#8230;\">Noves mesures contra la inflaci\u00f3: rebaixa IVA aliments, xec 200 euros, ajudes transport&#8230;<\/a><ul class='ez-toc-list-level-2' ><li class='ez-toc-heading-level-2'><a class=\"ez-toc-link ez-toc-heading-2\" href=\"https:\/\/www.ariasassessors.com\/ca\/noves-mesures-contra-la-inflacio-rebaixa-iva-aliments-xec-200-euros\/#Mesures_en_relacio_amb_el_preu_dels_aliments\" title=\"Mesures en relaci\u00f3 amb el preu dels aliments\">Mesures en relaci\u00f3 amb el preu dels aliments<\/a><\/li><li class='ez-toc-page-1 ez-toc-heading-level-2'><a class=\"ez-toc-link ez-toc-heading-3\" href=\"https:\/\/www.ariasassessors.com\/ca\/noves-mesures-contra-la-inflacio-rebaixa-iva-aliments-xec-200-euros\/#Ajudes_a_les_families_xec_de_200_euros\" title=\"Ajudes a les fam\u00edlies: xec de 200 euros\">Ajudes a les fam\u00edlies: xec de 200 euros<\/a><\/li><li class='ez-toc-page-1 ez-toc-heading-level-2'><a class=\"ez-toc-link ez-toc-heading-4\" href=\"https:\/\/www.ariasassessors.com\/ca\/noves-mesures-contra-la-inflacio-rebaixa-iva-aliments-xec-200-euros\/#Mesures_en_materia_fiscal\" title=\"Mesures en mat\u00e8ria fiscal\">Mesures en mat\u00e8ria fiscal<\/a><\/li><li class='ez-toc-page-1 ez-toc-heading-level-2'><a class=\"ez-toc-link ez-toc-heading-5\" href=\"https:\/\/www.ariasassessors.com\/ca\/noves-mesures-contra-la-inflacio-rebaixa-iva-aliments-xec-200-euros\/#Mesures_mercantilsconcursals\" title=\"Mesures mercantils\/concursals\">Mesures mercantils\/concursals<\/a><\/li><li class='ez-toc-page-1 ez-toc-heading-level-2'><a class=\"ez-toc-link ez-toc-heading-6\" href=\"https:\/\/www.ariasassessors.com\/ca\/noves-mesures-contra-la-inflacio-rebaixa-iva-aliments-xec-200-euros\/#Mesures_en_materia_dhabitatge_limitacio_preu_del_lloguer_i_suspensio_dels_desnonaments\" title=\"Mesures en mat\u00e8ria d&#8217;habitatge: limitaci\u00f3 preu del lloguer i suspensi\u00f3 dels desnonaments\">Mesures en mat\u00e8ria d&#8217;habitatge: limitaci\u00f3 preu del lloguer i suspensi\u00f3 dels desnonaments<\/a><\/li><li class='ez-toc-page-1 ez-toc-heading-level-2'><a class=\"ez-toc-link ez-toc-heading-7\" href=\"https:\/\/www.ariasassessors.com\/ca\/noves-mesures-contra-la-inflacio-rebaixa-iva-aliments-xec-200-euros\/#Ajornament_pagament_quotes_Seguretat_Social\" title=\"Ajornament pagament quotes Seguretat Social\">Ajornament pagament quotes Seguretat Social<\/a><\/li><li class='ez-toc-page-1 ez-toc-heading-level-2'><a class=\"ez-toc-link ez-toc-heading-8\" href=\"https:\/\/www.ariasassessors.com\/ca\/noves-mesures-contra-la-inflacio-rebaixa-iva-aliments-xec-200-euros\/#Mesures_relatives_a_lingres_minim_vital_increment_del_15\" title=\"Mesures relatives a l&#8217;ingr\u00e9s m\u00ednim vital: increment del 15%\">Mesures relatives a l&#8217;ingr\u00e9s m\u00ednim vital: increment del 15%<\/a><\/li><li class='ez-toc-page-1 ez-toc-heading-level-2'><a class=\"ez-toc-link ez-toc-heading-9\" href=\"https:\/\/www.ariasassessors.com\/ca\/noves-mesures-contra-la-inflacio-rebaixa-iva-aliments-xec-200-euros\/#Mesures_per_als_afectats_per_lerupcio_del_volca_de_La_Palma\" title=\"Mesures per als afectats per l&#8217;erupci\u00f3 del volc\u00e0 de La Palma\">Mesures per als afectats per l&#8217;erupci\u00f3 del volc\u00e0 de La Palma<\/a><\/li><li class='ez-toc-page-1 ez-toc-heading-level-2'><a class=\"ez-toc-link ez-toc-heading-10\" href=\"https:\/\/www.ariasassessors.com\/ca\/noves-mesures-contra-la-inflacio-rebaixa-iva-aliments-xec-200-euros\/#Oferta_extraordinaria_docupacio_publica\" title=\"Oferta extraordin\u00e0ria d&#8217;ocupaci\u00f3 p\u00fablica\">Oferta extraordin\u00e0ria d&#8217;ocupaci\u00f3 p\u00fablica<\/a><\/li><li class='ez-toc-page-1 ez-toc-heading-level-2'><a class=\"ez-toc-link ez-toc-heading-11\" href=\"https:\/\/www.ariasassessors.com\/ca\/noves-mesures-contra-la-inflacio-rebaixa-iva-aliments-xec-200-euros\/#Altres_mesures_urgents\" title=\"Altres mesures urgents\">Altres mesures urgents<\/a><\/li><\/ul><\/li><\/ul><\/nav><\/div>\n<h1><span class=\"ez-toc-section\" id=\"Noves_mesures_contra_la_inflacio_rebaixa_IVA_aliments_xec_200_euros_ajudes_transport%E2%80%A6\"><\/span>Noves mesures contra la inflaci\u00f3: rebaixa IVA aliments, xec 200 euros, ajudes transport&#8230;<span class=\"ez-toc-section-end\"><\/span><\/h1>\n<p>Despr\u00e9s de l&#8217;\u00faltim Consell de ministres celebrat el 27 de desembre, el BOE de l&#8217;endem\u00e0 publica el<strong>\u00a0Reial decret llei 20\/2022, de 27 de desembre, de mesures de resposta a les conseq\u00fc\u00e8ncies econ\u00f2miques i socials de la Guerra d&#8217;Ucra\u00efna i de suport a la reconstrucci\u00f3 de l&#8217;illa de La Palma i a altres situacions de vulnerabilitat<\/strong>, amb entrada\u00a0<strong>en vigor el mateix dia de la seva publicaci\u00f3.<\/strong><\/p>\n<h2><span class=\"ez-toc-section\" id=\"Mesures_en_relacio_amb_el_preu_dels_aliments\"><\/span>Mesures en relaci\u00f3 amb el preu dels aliments<span class=\"ez-toc-section-end\"><\/span><\/h2>\n<ul>\n<li style=\"list-style-type: none;\">\n<ul>\n<li>Rebaixar del 4\u00a0 al <strong>0%<\/strong>\u00a0\u00a0el tipus impositiu de l&#8217;IVA\u00a0\u00a0que recau sobre els <strong>productes b\u00e0sics d&#8217;alimentaci\u00f3<\/strong> (productes frescos), fins ara subjectes al tipus redu\u00eft.<\/li>\n<li><strong>Minorar<\/strong> des del 10%\u00a0 vigent al 5%\u00a0\u00a0l&#8217;aplicable als <strong>olis i pastes alimentoses<\/strong>, per a contribuir a la reducci\u00f3 del preu final d&#8217;aquests aliments b\u00e0sics (permetr\u00e0 reduir-se el preu del pa, llet, fruites, hortalisses&#8230;).<\/li>\n<\/ul>\n<\/li>\n<\/ul>\n<p><strong>\u00a0 \u00a0 \u00a0 \u00a0 \u00a0 \u00a0 \u00a0 \u00a0 \u00a0 \u00a0 \u00a0 \u00a0 \u00a0 \u00a0 \u00a0 A TENIR EN COMPTE<\/strong>. Totes dues reduccions s&#8217;estableixen de manera temporal i extraordin\u00e0ria <strong>des de l&#8217;1\u00a0 de gener de 2023 fins al 30\u00a0 de juny de 2023<\/strong>, subjectes a\u00a0 \u00a0 \u00a0 \u00a0 \u00a0 \u00a0 \u00a0 \u00a0 \u00a0 \u00a0 \u00a0 \u00a0 \u00a0 \u00a0 \u00a0 \u00a0 \u00a0 \u00a0 \u00a0 \u00a0 l&#8217;<strong>evoluci\u00f3 de la taxa interanual de la inflaci\u00f3 subjacent<\/strong>.<\/p>\n<p>\u00c9s a dir, el tipus extraordinari del 5% tornar\u00e0 a ser del 10% a partir de l&#8217;1\u00a0 del mes de maig de 2023, en el cas que la taxa interanual de la inflaci\u00f3 subjacent del mes de mar\u00e7,\u00a0 \u00a0 \u00a0 \u00a0 \u00a0 \u00a0 \u00a0 \u00a0 \u00a0 \u00a0 \u00a0 \u00a0 \u00a0 \u00a0 \u00a0 \u00a0 \u00a0 \u00a0 \u00a0 \u00a0 \u00a0 \u00a0 publicada a l&#8217;abril, sigui inferior al 5,5%.<\/p>\n<p>I, el tipus extraordinari del 0% tornar\u00e0 a ser del 4%\u00a0 a partir del dia 1 del mes de maig de 2023, en el cas que la taxa interanual de la inflaci\u00f3 subjacent del mes de mar\u00e7, publicada\u00a0 \u00a0 \u00a0 \u00a0 \u00a0 \u00a0 \u00a0 \u00a0 \u00a0 \u00a0 \u00a0 \u00a0 \u00a0 \u00a0 \u00a0 \u00a0 \u00a0 a l&#8217;abril, sigui inferior al 5,5%.<\/p>\n<ul>\n<li>El tipus del rec\u00e0rrec d&#8217;equival\u00e8ncia corresponent a aquestes operacions tamb\u00e9 es redueix d&#8217;acord durant la seva vig\u00e8ncia i aplicaci\u00f3.<\/li>\n<\/ul>\n<h2><span class=\"ez-toc-section\" id=\"Ajudes_a_les_families_xec_de_200_euros\"><\/span>Ajudes a les fam\u00edlies: xec de 200 euros<span class=\"ez-toc-section-end\"><\/span><\/h2>\n<p>S&#8217;estableix per a les\u00a0<strong>fam\u00edlies amb rendes de fins a 27.000 euros una ajuda de 200 euros<\/strong>\u00a0per a reduir les situacions de vulnerabilitat econ\u00f2mica que no estiguin cobertes per altres prestacions de car\u00e0cter social.<\/p>\n<p>Aquesta ajuda, de\u00a0200 euros de quantia en\u00a0<strong>pagament \u00fanic<\/strong>, es dirigeix als qui hagin estat assalariats, aut\u00f2noms o aturats en\u00a02022, amb la finalitat de pal\u00b7liar situacions de vulnerabilitat econ\u00f2mica, no cobertes per altres prestacions de car\u00e0cter social, com \u00e9s el cas de les pensions o l&#8217;ingr\u00e9s m\u00ednim vital. Per a la percepci\u00f3 d&#8217;aquesta ajuda, s&#8217;estableixen aix\u00ed mateix uns m\u00e0xims d&#8217;ingressos i patrimonis conjunts en funci\u00f3 de la conviv\u00e8ncia en el domicili, amb l&#8217;objectiu que el col\u00b7lectiu de beneficiaris de l&#8217;ajuda respongui als principis de necessitat i progressivitat.<\/p>\n<h2><span class=\"ez-toc-section\" id=\"Mesures_en_materia_fiscal\"><\/span>Mesures en mat\u00e8ria fiscal<span class=\"ez-toc-section-end\"><\/span><\/h2>\n<ul>\n<li>Es <strong>prorroga, fins al 31\u00a0 de desembre de 2023, la reducci\u00f3 al 5%\u00a0 del tipus impositiu de l&#8217;IVA<\/strong>\u00a0\u00a0que recau sobre tots els components de la factura dels lliuraments de <strong>gas natural<\/strong>, aix\u00ed com <strong>dels lliuraments de briquetes o \u00abp\u00e8l\u00b7lets\u00bb<\/strong> procedents de la biomassa i a la fusta per a llenya utilitzats com a combustible en sistemes de calefacci\u00f3, a fi de minorar el seu import.<\/li>\n<li><strong>Pr\u00f2rroga de l&#8217;aplicaci\u00f3 del tipus impositiu del 5%\u00a0 de l&#8217;IVA\u00a0\u00a0a determinats subministraments d&#8217;energia el\u00e8ctrica fins al 31\u00a0 de desembre de\u00a02023 per a reduir la factura el\u00e8ctrica de les llars.<\/strong><\/li>\n<li><strong>Pr\u00f2rroga<\/strong> de la mesura consistent en l&#8217;aplicaci\u00f3 del <strong>tipus\u00a0 impositiu del 0,5%\u00a0 de l&#8217;Impost Especial sobre l&#8217;Electricitat, fins al 31\u00a0 de desembre de 2023.<\/strong><\/li>\n<li><strong>Prorrogar la suspensi\u00f3 temporal, fins al 31\u00a0 de desembre de\u00a02023, de l&#8217;Impost sobre el valor de la producci\u00f3 de l&#8217;energia el\u00e8ctrica.<\/strong><\/li>\n<li>Durant\u00a0<strong>tot l&#8217;any 2023 es prohibeix el tall subministro el\u00e8ctric, d&#8217;aigua i gas natural<\/strong>\u00a0als consumidors que tinguin la condici\u00f3 de consumidor\u00a0<strong>vulnerable<\/strong>,\u00a0vulnerable sever o en risc d&#8217;exclusi\u00f3 social.<\/li>\n<li>Limitar\u00a0<strong>fins al 30 de juny de 2023 el preu m\u00e0xim de la bombona de but\u00e0.<\/strong><\/li>\n<li><strong>Finalitzada el 31 de desembre de 2022 la bonificaci\u00f3 general de 20 c\u00e8ntims per litre de carburant.<\/strong> S&#8217;estableixen, en el seu lloc,\u00a0<strong>ajudes per a sectors espec\u00edfics:<\/strong>\n<ul>\n<li>S&#8217;est\u00e9n durant\u00a0<strong>tot 2023 la gratu\u00eftat del transport p\u00fablic<\/strong>\u00a0estatal ferroviari i terrestre de rodalia, *rodal\u00edes i mitjana dist\u00e0ncia. L&#8217;Estat bonificar\u00e0 el 30% del transport p\u00fablic urb\u00e0 i interurb\u00e0 per a totes aquelles Comunitats Aut\u00f2nomes o ajuntaments que bonifiquin, al seu torn, el 20% del preu.<\/li>\n<li>Es\u00a0<strong>prorrogaran durant tot 2023 les bonificacions per a transport de viatgers per ferrocarril<\/strong>\u00a0incloent la gratu\u00eftat en rodalia i mitjana dist\u00e0ncia. Aix\u00ed mateix, des de l&#8217;1 de febrer fins al 30 de juny, s&#8217;amplia del 50% al 100% la bonificaci\u00f3 del bitllet multiviatge d&#8217;autob\u00fas per a les l\u00ednies compet\u00e8ncia de l&#8217;Estat.<\/li>\n<li>Addicionalment, s&#8217;inclouen\u00a0<strong>ajudes espec\u00edfiques per als sectors m\u00e9s dependents dels preus dels carburants com a transport, agricultura i pesca.<\/strong>\n<ul>\n<li>Pels <strong>transportistes que usin gasoil professional s&#8217;estableix una ajuda de 20 c\u00e8ntims durant tres mesos i de 10 c\u00e8ntims per un per\u00edode addicional de tres mesos que es gestionar\u00e0 com a devoluci\u00f3 mensual per part de l&#8217;Ag\u00e8ncia Tribut\u00e0ria.<\/strong><\/li>\n<li>Pels titulars d&#8217;una <strong>autoritzaci\u00f3 de transport<\/strong> (autobusos, taxis, ambul\u00e0ncies, *VTC i mercaderies) s&#8217;estableix una <strong>ajuda directa<\/strong> pel consum estimat per a sis mesos, que ser\u00e0 de 300 a 3.690 euros.<\/li>\n<li>Pel <strong>sector agrari<\/strong> s&#8217;aprova una ajuda extraordin\u00e0ria i temporal <strong>fins al 30 de juny de 2023<\/strong> per als titulars d&#8217;explotacions agr\u00e0ries de fins a <strong>20 c\u00e8ntims per cada litre de gasoil adquirit en 2022<\/strong> i destinat exclusivament a l&#8217;\u00fas agrari pel qual el beneficiari obtingui la devoluci\u00f3 de les quotes de l&#8217;Impost sobre Hidrocarburs.<\/li>\n<li>Per al <strong>sector de la pesca<\/strong>, s&#8217;estableix una\u00a0<strong>ajuda directa<\/strong> als pesquers en funci\u00f3 del calador (nacional o internacional), la modalitat i l&#8217;eslora del vaixell. Les ajudes aniran <strong>des dels 1.100 euros fins a 300.000 euros per vaixell.<\/strong><\/li>\n<li>Tamb\u00e9 per a\u00a0<strong>tots dos sectors<\/strong>\u00a0s&#8217;aproven\u00a0<strong>ajudes addicionals amb l&#8217;objectiu de reduir la incid\u00e8ncia en els preus dels aliments<\/strong>\u00a0de l&#8217;augment dels costos de producci\u00f3 derivats de l&#8217;al\u00e7a de preus dels fertilitzants. Per a aix\u00f2, s&#8217;articula una ajuda directa per l&#8217;\u00fas de fertilitzants que es calcular\u00e0 per hect\u00e0rea en funci\u00f3 de la grand\u00e0ria de l&#8217;explotaci\u00f3 i del tipus de cultiu. Finalment, es prorroga durant sis mesos l&#8217;exempci\u00f3 de les taxes pesqueres.<\/li>\n<\/ul>\n<\/li>\n<li>Es\u00a0<strong>limita la pujada dels peatges<\/strong>\u00a0de les autopistes en 2023 al 4%.<\/li>\n<li>S&#8217;est\u00e9n les mesures adoptades en el Reial decret llei\u00a06\/2021, de\u00a020 d&#8217;abril, en l&#8217;\u00e0mbit dels deutes de naturalesa p\u00fablica, no tribut\u00e0ries ni duaneres,\u00a0<strong>prorrogant durant l&#8217;exercici\u00a02023\u00a0el\u00a0procediment excepcional i temporal per a la concessi\u00f3 d&#8217;ajornaments i\/o fraccionaments<\/strong>\u00a0amb dispensa de garantia per les Delegacions d&#8217;Economia i Hisenda.<\/li>\n<li><strong>S&#8217;aclareix el dret a continuar percebent la deducci\u00f3 per maternitat en l&#8217;Impost sobre la Renda de les Persones F\u00edsiques a partir d&#8217;1\u00a0 de gener de\u00a02023<\/strong>, encara que algun dels progenitors tingu\u00e9s dret al complement d&#8217;ajuda per a la inf\u00e0ncia respecte del mateix descendent, evitant d&#8217;aquesta manera que el canvi normatiu dut a terme en aquesta mat\u00e8ria perjudiqui les fam\u00edlies que fins ara venien gaudint d&#8217;aquella.<\/li>\n<li>S&#8217;acorda\u00a0<strong>prorrogar, fins al 30\u00a0 de juny de\u00a02023, l&#8217;aplicaci\u00f3 del tipus del 4%\u00a0 de l&#8217;IVA<\/strong>\u00a0\u00a0als lliuraments, importacions i adquisicions intracomunit\u00e0ries de les\u00a0<strong>m\u00e0scares\u00a0<\/strong>quir\u00fargiques d&#8217;un sol \u00fas.<\/li>\n<li>Prorrogar <strong>l&#8217;aplicaci\u00f3\u00a0 del 0% d&#8217;IVA\u00a0\u00a0a les vacunes<\/strong> contra el SARS-CoV-2 i proves diagn\u00f2stiques.<\/li>\n<\/ul>\n<\/li>\n<\/ul>\n<h2><span class=\"ez-toc-section\" id=\"Mesures_mercantilsconcursals\"><\/span>Mesures mercantils\/concursals<span class=\"ez-toc-section-end\"><\/span><\/h2>\n<ul>\n<li>S&#8217;introdueix, novament, una\u00a0<strong>morat\u00f2ria \u00abcomptable\u00bb<\/strong>\u00a0amb la finalitat d&#8217;evitar la liquidaci\u00f3 d&#8217;empreses que, en condicions normals, poden ser viables. Per aix\u00f2, es prorroga\u00a0la mesura excepcional prevista en l&#8217;article\u00a013 de la Llei\u00a03\/2020, de\u00a018 de setembre i, en conseq\u00fc\u00e8ncia,\u00a0<strong>a l&#8217;efecte de la causa legal de dissoluci\u00f3 per p\u00e8rdues, no es computaran les dels exercicis\u00a02020 i\u00a02021 durant un per\u00edode de\u00a03 exercicis comptables;<\/strong>\u00a0aix\u00f2 \u00e9s, les p\u00e8rdues dels exercicis\u00a02020 i\u00a02021 no es computaran ni en els exercicis comptables de\u00a02022 i\u00a02023 ni fins al moment del tancament de l&#8217;exercici\u00a02024. En el cas que tenint nom\u00e9s en compte el resultat dels exercicis\u00a02022, 2023 o\u00a02024, resultessin p\u00e8rdues que deixin redu\u00eft el patrimoni net a una quantitat inferior a la meitat del capital social, s\u00ed que s&#8217;apreciar\u00e0 concurr\u00e8ncia de la causa legal de dissoluci\u00f3 per p\u00e8rdues, havent d&#8217;actuar-se pels \u00f2rgans d&#8217;administraci\u00f3 en els termes previstos en l&#8217;article\u00a0363.1.e) del Text Ref\u00f3s de la\u00a0Llei de Societats de Capital, aprovat per Reial decret legislatiu\u00a01\/2020, de\u00a02 de juliol.<\/li>\n<\/ul>\n<h2><span class=\"ez-toc-section\" id=\"Mesures_en_materia_dhabitatge_limitacio_preu_del_lloguer_i_suspensio_dels_desnonaments\"><\/span>Mesures en mat\u00e8ria d&#8217;habitatge: limitaci\u00f3 preu del lloguer i suspensi\u00f3 dels desnonaments<span class=\"ez-toc-section-end\"><\/span><\/h2>\n<ul>\n<li>S&#8217;estableix\u00a0<strong>prolongar fins al 31\u00a0 de desembre de\u00a02023 la limitaci\u00f3 extraordin\u00e0ria de l&#8217;actualitzaci\u00f3 anual de la renda dels contractes d&#8217;arrendament d&#8217;habitatge<\/strong>, regulada en l&#8217;article\u00a018 de la Llei\u00a029\/1994, de\u00a024 de novembre, d&#8217;Arrendaments Urbans, de manera que, a falta d&#8217;acord entre les parts, l&#8217;actualitzaci\u00f3 de la renda no pugui superar el resultat d&#8217;aplicar la variaci\u00f3 anual de l&#8217;\u00cdndex de Garantia de Competitivitat.<\/li>\n<li>S&#8217;amplia <strong>fins al 30\u00a0 de juny de 2023 la suspensi\u00f3 dels procediments i llan\u00e7aments<\/strong> en els sup\u00f2sits i d&#8217;acord amb els tr\u00e0mits ja establerts, aix\u00ed com la possibilitat, fins al 31\u00a0 de juliol de 2023, de sol\u00b7licitar compensaci\u00f3 per part de l&#8217;arrendador o propietari, mesura ja recollida en el Reial decret llei 37\/2020, de 22 de desembre, de mesures urgents per a fer front a les situacions de vulnerabilitat social i econ\u00f2mica en l&#8217;\u00e0mbit de l&#8217;habitatge i en mat\u00e8ria de transports.<\/li>\n<li>Finalment, es contempla una\u00a0<strong>pr\u00f2rroga extraordin\u00e0ria del termini dels contractes d&#8217;arrendament de sis mesos<\/strong>\u00a0des de la data de finalitzaci\u00f3, durant la qual es continuaran aplicant els termes i condicions establerts per al contracte en vigor.<\/li>\n<\/ul>\n<h2><span class=\"ez-toc-section\" id=\"Ajornament_pagament_quotes_Seguretat_Social\"><\/span>Ajornament pagament quotes Seguretat Social<span class=\"ez-toc-section-end\"><\/span><\/h2>\n<p>es considera oport\u00fa prorrogar, igualment per un<strong>\u00a0termini de tres mesos m\u00e9s,\u00a0el\u00a0r\u00e8gim extraordinari d&#8217;ajornaments en el pagament de quotes de la Seguretat Social<\/strong>\u00a0a qu\u00e8 es refereixen l&#8217;article\u00a02 del Reial decret llei\u00a04\/2022, de\u00a015 de mar\u00e7, pel qual s&#8217;adopten mesures urgents de suport al sector agrari per causa de la sequera, l&#8217;article\u00a037 del Reial decret llei\u00a06\/2022, de\u00a029 de mar\u00e7, pel qual s&#8217;adopten mesures urgents en el marc del Pla Nacional de resposta a les conseq\u00fc\u00e8ncies econ\u00f2miques i socials de la guerra a Ucra\u00efna, i l&#8217;article\u00a028 del Reial decret llei\u00a06\/2022, de\u00a029 de mar\u00e7, pel qual s&#8217;adopten mesures urgents en el marc del Pla Nacional de resposta a les conseq\u00fc\u00e8ncies econ\u00f2miques i socials de la guerra a Ucra\u00efna.<\/p>\n<h2><span class=\"ez-toc-section\" id=\"Mesures_relatives_a_lingres_minim_vital_increment_del_15\"><\/span>Mesures relatives a l&#8217;ingr\u00e9s m\u00ednim vital: increment del 15%<span class=\"ez-toc-section-end\"><\/span><\/h2>\n<p>Es disposa estendre,\u00a0<strong>amb efectes d&#8217;1\u00a0 de gener de\u00a02023<\/strong>, per a tot l&#8217;any, l&#8217;increment extraordinari de la prestaci\u00f3 de l&#8217;ingr\u00e9s m\u00ednim vital que es va establir en l&#8217;article\u00a045 del Reial decret llei\u00a011\/2022, de\u00a025 de juny, a l&#8217;efecte del qual es complementa el percentatge que hagi d&#8217;aplicar-se a aquesta prestaci\u00f3 per a la seva actualitzaci\u00f3 d&#8217;acord amb el que es disposa en la Llei de Pressupostos Generals de l&#8217;Estat per a\u00a02023 en un percentatge igual a la difer\u00e8ncia entre aquell i el\u00a015%, de manera que l&#8217;ingr\u00e9s m\u00ednim vital experimenti per a\u00a02023\u00a0un\u00a0<strong>15% d&#8217;increment<\/strong>\u00a0respecte de la quantia que tenia a\u00a01 de gener de\u00a02022.<\/p>\n<h2><span class=\"ez-toc-section\" id=\"Mesures_per_als_afectats_per_lerupcio_del_volca_de_La_Palma\"><\/span>Mesures per als afectats per l&#8217;erupci\u00f3 del volc\u00e0 de La Palma<span class=\"ez-toc-section-end\"><\/span><\/h2>\n<p>En concret, es mant\u00e9 la <strong>morat\u00f2ria de pr\u00e9stecs hipotecaris i no hipotecaris<\/strong> pels afectats que l&#8217;haguessin sol\u00b7licitat, limitada a sis mesos.<\/p>\n<p>Es prorroguen <strong>fins al 30 de juny els Expedients de Regulaci\u00f3 Temporal d&#8217;Ocupaci\u00f3<\/strong> (ERTEs) derivats de les situacions de for\u00e7a major provocades per l&#8217;erupci\u00f3 del volc\u00e0, i s&#8217;inclouen com a possibles beneficiaris de les ajudes per danys materials en l&#8217;habitatge habitual no sols als propietaris sin\u00f3 als titulars de l&#8217;usdefruit sobre l&#8217;habitatge.<\/p>\n<p>Es prorroga al seu torn la<strong> prestaci\u00f3 per cessament d&#8217;activitat per a treballadors aut\u00f2noms fins a juny de 2023.<\/strong><\/p>\n<h2><span class=\"ez-toc-section\" id=\"Oferta_extraordinaria_docupacio_publica\"><\/span>Oferta extraordin\u00e0ria d&#8217;ocupaci\u00f3 p\u00fablica<span class=\"ez-toc-section-end\"><\/span><\/h2>\n<p>Amb car\u00e0cter addicional i complementari a l&#8217;oferta d&#8217;ocupaci\u00f3 p\u00fablica corresponent a l&#8217;any\u00a02022, s&#8217;aprova una<strong>\u00a0oferta d&#8217;ocupaci\u00f3 extraordin\u00e0ria de\u00a01.000 places<\/strong>.\u00a0L&#8217;execuci\u00f3 d&#8217;aquesta oferta d&#8217;ocupaci\u00f3 p\u00fablica extraordin\u00e0ria haur\u00e0 de realitzar-se en el termini improrrogable d&#8217;un any des de la publicaci\u00f3 de les respectives convocat\u00f2ries.<\/p>\n<h2><span class=\"ez-toc-section\" id=\"Altres_mesures_urgents\"><\/span>Altres mesures urgents<span class=\"ez-toc-section-end\"><\/span><\/h2>\n<ul>\n<li>Es modifica el text ref\u00f3s de la\u00a0Llei General de la Seguretat Social, per a\u00a0<strong>permetre l&#8217;activitat dels professionals jubilats i contribuir aix\u00ed a pal\u00b7liar la falta de facultatius d&#8217;atenci\u00f3 prim\u00e0ria, metges de fam\u00edlia o pediatres en el Sistema Nacional de Salut.<\/strong><\/li>\n<li>Es\u00a0<strong>prorroga<\/strong>\u00a0la vig\u00e8ncia del Reial decret\u00a0152\/2022, de\u00a022 de febrer, pel qual es fixa\u00a0el <strong>salari m\u00ednim interprofessional per a\u00a02022. Per tant, es prorroga l&#8217;SMI de 2022 per a 2023, mentre no s&#8217;arribi a un acord en relaci\u00f3 a la seva pujada.<\/strong><\/li>\n<li>El present reial decret llei adapta al <strong>nou per\u00edode de suport p\u00fablic que s&#8217;est\u00e9n fins al 30\u00a0 de juny de 2023<\/strong> les mesures en <strong>l&#8217;\u00e0mbit\u00a0 laboral<\/strong> de suport a les persones treballadores de l&#8217;article 44 del Reial decret llei 6\/2022, de 29 de mar\u00e7 pel qual s&#8217;adopten mesures urgents en el marc del Pla Nacional de resposta a les conseq\u00fc\u00e8ncies econ\u00f2miques i socials de la guerra a Ucra\u00efna, aix\u00ed com en l&#8217;article 1. Deu del Reial decret llei 11\/2022, de 25 de juny, pel qual s&#8217;adopten i es prorroguen determinades mesures per a respondre a les conseq\u00fc\u00e8ncies econ\u00f2miques i socials de la guerra a Ucra\u00efna, per a fer front a situacions de vulnerabilitat social i econ\u00f2mica, i per a la recuperaci\u00f3 econ\u00f2mica i social de l&#8217;illa de La Palma, de manera que:\n<ul>\n<li>Les empreses benefici\u00e0ries de les ajudes directes no podran justificar acomiadaments objectius basats en l&#8217;augment dels costos energ\u00e8tics.<\/li>\n<li>Les empreses que s&#8217;acullin a les mesures de reducci\u00f3 de jornada o suspensi\u00f3 de contractes regulades en l&#8217;article 47 de l&#8217;Estatut\u00a0 dels Treballadors per causes relacionades amb la invasi\u00f3 d&#8217;Ucra\u00efna i que es benefici\u00efn de suport p\u00fablic no podran utilitzar aquestes causes per a realitzar acomiadaments.<\/li>\n<\/ul>\n<\/li>\n<\/ul>\n<p>Not\u00edcia extreta de: <a href=\"https:\/\/www.iberley.es\/noticias\/nuevas-medidas-contra-inflacion-rebaja-iva-alimentos-cheque-200-euros-ayudas-transporte-32085\">https:\/\/www.iberley.es\/<\/a><\/p>\n","protected":false},"excerpt":{"rendered":"<p>Noves mesures contra la inflaci\u00f3: rebaixa IVA aliments, xec 200 euros, ajudes transport&#8230; Despr\u00e9s de l&#8217;\u00faltim Consell de ministres celebrat el 27 de desembre, el BOE de l&#8217;endem\u00e0 publica el\u00a0Reial decret llei 20\/2022, de 27 de desembre, de mesures de resposta a les conseq\u00fc\u00e8ncies econ\u00f2miques&#8230;<\/p>\n","protected":false},"author":2,"featured_media":2271,"comment_status":"open","ping_status":"open","sticky":false,"template":"","format":"standard","meta":{"footnotes":""},"categories":[4],"tags":[],"class_list":["post-2266","post","type-post","status-publish","format-standard","has-post-thumbnail","hentry","category-noticies"],"yoast_head":"<!-- This site is optimized with the Yoast SEO plugin v24.3 - https:\/\/yoast.com\/wordpress\/plugins\/seo\/ -->\n<title>Noves mesures contra la inflaci\u00f3: rebaixa IVA aliments, xec 200 euros, ajudes transport... | Arias Assessors<\/title>\n<meta name=\"description\" content=\"Descobreix quals s\u00f3n les noves mesures contra la inflaci\u00f3 entre les quals es troben la rebaixa de l&#039;IVA d&#039;alguns aliments, xec 200\u20ac...\" \/>\n<meta name=\"robots\" content=\"index, follow, max-snippet:-1, max-image-preview:large, max-video-preview:-1\" \/>\n<link rel=\"canonical\" href=\"https:\/\/www.ariasassessors.com\/ca\/noves-mesures-contra-la-inflacio-rebaixa-iva-aliments-xec-200-euros\/\" \/>\n<meta property=\"og:locale\" content=\"ca_ES\" \/>\n<meta property=\"og:type\" content=\"article\" \/>\n<meta property=\"og:title\" content=\"Noves mesures contra la inflaci\u00f3: rebaixa IVA aliments, xec 200 euros, ajudes transport... | Arias Assessors\" \/>\n<meta property=\"og:description\" content=\"Descobreix quals s\u00f3n les noves mesures contra la inflaci\u00f3 entre les quals es troben la rebaixa de l&#039;IVA d&#039;alguns aliments, xec 200\u20ac...\" \/>\n<meta property=\"og:url\" content=\"https:\/\/www.ariasassessors.com\/ca\/noves-mesures-contra-la-inflacio-rebaixa-iva-aliments-xec-200-euros\/\" \/>\n<meta property=\"og:site_name\" content=\"Arias Assessors\" \/>\n<meta property=\"article:publisher\" content=\"https:\/\/www.facebook.com\/ariasassessors\/\" \/>\n<meta property=\"article:published_time\" content=\"2023-01-04T09:35:30+00:00\" \/>\n<meta property=\"article:modified_time\" content=\"2023-01-04T09:36:44+00:00\" \/>\n<meta property=\"og:image\" content=\"https:\/\/www.ariasassessors.com\/wp-content\/uploads\/2023\/01\/Arias_Blog_IMAGEN_DESTACADA-2-1.png\" \/>\n\t<meta property=\"og:image:width\" content=\"1920\" \/>\n\t<meta property=\"og:image:height\" content=\"1202\" \/>\n\t<meta property=\"og:image:type\" content=\"image\/png\" \/>\n<meta name=\"author\" content=\"btorras\" \/>\n<meta name=\"twitter:card\" content=\"summary_large_image\" \/>\n<meta name=\"twitter:creator\" content=\"@ariasassessors\" \/>\n<meta name=\"twitter:site\" content=\"@ariasassessors\" \/>\n<meta name=\"twitter:label1\" content=\"Escrit per\" \/>\n\t<meta name=\"twitter:data1\" content=\"btorras\" \/>\n\t<meta name=\"twitter:label2\" content=\"Temps estimat de lectura\" \/>\n\t<meta name=\"twitter:data2\" content=\"11 minuts\" \/>\n<script type=\"application\/ld+json\" class=\"yoast-schema-graph\">{\"@context\":\"https:\/\/schema.org\",\"@graph\":[{\"@type\":\"Article\",\"@id\":\"https:\/\/www.ariasassessors.com\/ca\/noves-mesures-contra-la-inflacio-rebaixa-iva-aliments-xec-200-euros\/#article\",\"isPartOf\":{\"@id\":\"https:\/\/www.ariasassessors.com\/ca\/noves-mesures-contra-la-inflacio-rebaixa-iva-aliments-xec-200-euros\/\"},\"author\":{\"name\":\"btorras\",\"@id\":\"https:\/\/www.ariasassessors.com\/#\/schema\/person\/63c6ad1775f0a9413c37932562673cef\"},\"headline\":\"Noves mesures contra la inflaci\u00f3: rebaixa IVA aliments, xec 200 euros, ajudes transport&#8230;\",\"datePublished\":\"2023-01-04T09:35:30+00:00\",\"dateModified\":\"2023-01-04T09:36:44+00:00\",\"mainEntityOfPage\":{\"@id\":\"https:\/\/www.ariasassessors.com\/ca\/noves-mesures-contra-la-inflacio-rebaixa-iva-aliments-xec-200-euros\/\"},\"wordCount\":2266,\"commentCount\":0,\"publisher\":{\"@id\":\"https:\/\/www.ariasassessors.com\/#organization\"},\"image\":{\"@id\":\"https:\/\/www.ariasassessors.com\/ca\/noves-mesures-contra-la-inflacio-rebaixa-iva-aliments-xec-200-euros\/#primaryimage\"},\"thumbnailUrl\":\"https:\/\/www.ariasassessors.com\/wp-content\/uploads\/2023\/01\/Arias_Blog_IMAGEN_DESTACADA-2-1.png\",\"articleSection\":[\"noticies\"],\"inLanguage\":\"ca\",\"potentialAction\":[{\"@type\":\"CommentAction\",\"name\":\"Comment\",\"target\":[\"https:\/\/www.ariasassessors.com\/ca\/noves-mesures-contra-la-inflacio-rebaixa-iva-aliments-xec-200-euros\/#respond\"]}]},{\"@type\":\"WebPage\",\"@id\":\"https:\/\/www.ariasassessors.com\/ca\/noves-mesures-contra-la-inflacio-rebaixa-iva-aliments-xec-200-euros\/\",\"url\":\"https:\/\/www.ariasassessors.com\/ca\/noves-mesures-contra-la-inflacio-rebaixa-iva-aliments-xec-200-euros\/\",\"name\":\"Noves mesures contra la inflaci\u00f3: rebaixa IVA aliments, xec 200 euros, ajudes transport... | Arias Assessors\",\"isPartOf\":{\"@id\":\"https:\/\/www.ariasassessors.com\/#website\"},\"primaryImageOfPage\":{\"@id\":\"https:\/\/www.ariasassessors.com\/ca\/noves-mesures-contra-la-inflacio-rebaixa-iva-aliments-xec-200-euros\/#primaryimage\"},\"image\":{\"@id\":\"https:\/\/www.ariasassessors.com\/ca\/noves-mesures-contra-la-inflacio-rebaixa-iva-aliments-xec-200-euros\/#primaryimage\"},\"thumbnailUrl\":\"https:\/\/www.ariasassessors.com\/wp-content\/uploads\/2023\/01\/Arias_Blog_IMAGEN_DESTACADA-2-1.png\",\"datePublished\":\"2023-01-04T09:35:30+00:00\",\"dateModified\":\"2023-01-04T09:36:44+00:00\",\"description\":\"Descobreix quals s\u00f3n les noves mesures contra la inflaci\u00f3 entre les quals es troben la rebaixa de l'IVA d'alguns aliments, xec 200\u20ac...\",\"breadcrumb\":{\"@id\":\"https:\/\/www.ariasassessors.com\/ca\/noves-mesures-contra-la-inflacio-rebaixa-iva-aliments-xec-200-euros\/#breadcrumb\"},\"inLanguage\":\"ca\",\"potentialAction\":[{\"@type\":\"ReadAction\",\"target\":[\"https:\/\/www.ariasassessors.com\/ca\/noves-mesures-contra-la-inflacio-rebaixa-iva-aliments-xec-200-euros\/\"]}]},{\"@type\":\"ImageObject\",\"inLanguage\":\"ca\",\"@id\":\"https:\/\/www.ariasassessors.com\/ca\/noves-mesures-contra-la-inflacio-rebaixa-iva-aliments-xec-200-euros\/#primaryimage\",\"url\":\"https:\/\/www.ariasassessors.com\/wp-content\/uploads\/2023\/01\/Arias_Blog_IMAGEN_DESTACADA-2-1.png\",\"contentUrl\":\"https:\/\/www.ariasassessors.com\/wp-content\/uploads\/2023\/01\/Arias_Blog_IMAGEN_DESTACADA-2-1.png\",\"width\":1920,\"height\":1202,\"caption\":\"Noves mesures\"},{\"@type\":\"BreadcrumbList\",\"@id\":\"https:\/\/www.ariasassessors.com\/ca\/noves-mesures-contra-la-inflacio-rebaixa-iva-aliments-xec-200-euros\/#breadcrumb\",\"itemListElement\":[{\"@type\":\"ListItem\",\"position\":1,\"name\":\"Portada\",\"item\":\"https:\/\/www.ariasassessors.com\/ca\/\"},{\"@type\":\"ListItem\",\"position\":2,\"name\":\"Noves mesures contra la inflaci\u00f3: rebaixa IVA aliments, xec 200 euros, ajudes transport&#8230;\"}]},{\"@type\":\"WebSite\",\"@id\":\"https:\/\/www.ariasassessors.com\/#website\",\"url\":\"https:\/\/www.ariasassessors.com\/\",\"name\":\"Arias Assessors\",\"description\":\"Asesor\u00eda para aut\u00f3nomos, profesionales y PYMES\",\"publisher\":{\"@id\":\"https:\/\/www.ariasassessors.com\/#organization\"},\"potentialAction\":[{\"@type\":\"SearchAction\",\"target\":{\"@type\":\"EntryPoint\",\"urlTemplate\":\"https:\/\/www.ariasassessors.com\/?s={search_term_string}\"},\"query-input\":{\"@type\":\"PropertyValueSpecification\",\"valueRequired\":true,\"valueName\":\"search_term_string\"}}],\"inLanguage\":\"ca\"},{\"@type\":\"Organization\",\"@id\":\"https:\/\/www.ariasassessors.com\/#organization\",\"name\":\"Arias Assessors\",\"url\":\"https:\/\/www.ariasassessors.com\/\",\"logo\":{\"@type\":\"ImageObject\",\"inLanguage\":\"ca\",\"@id\":\"https:\/\/www.ariasassessors.com\/#\/schema\/logo\/image\/\",\"url\":\"https:\/\/www.ariasassessors.com\/wp-content\/uploads\/2019\/01\/arias-logo.png\",\"contentUrl\":\"https:\/\/www.ariasassessors.com\/wp-content\/uploads\/2019\/01\/arias-logo.png\",\"width\":349,\"height\":254,\"caption\":\"Arias Assessors\"},\"image\":{\"@id\":\"https:\/\/www.ariasassessors.com\/#\/schema\/logo\/image\/\"},\"sameAs\":[\"https:\/\/www.facebook.com\/ariasassessors\/\",\"https:\/\/x.com\/ariasassessors\",\"https:\/\/www.linkedin.com\/company\/r&amp;amp;r-growing-knowledge\/\"]},{\"@type\":\"Person\",\"@id\":\"https:\/\/www.ariasassessors.com\/#\/schema\/person\/63c6ad1775f0a9413c37932562673cef\",\"name\":\"btorras\",\"image\":{\"@type\":\"ImageObject\",\"inLanguage\":\"ca\",\"@id\":\"https:\/\/www.ariasassessors.com\/#\/schema\/person\/image\/\",\"url\":\"https:\/\/secure.gravatar.com\/avatar\/0531db351fc361fdbfd204c58fa2d6a3?s=96&d=mm&r=g\",\"contentUrl\":\"https:\/\/secure.gravatar.com\/avatar\/0531db351fc361fdbfd204c58fa2d6a3?s=96&d=mm&r=g\",\"caption\":\"btorras\"}}]}<\/script>\n<!-- \/ Yoast SEO plugin. -->","yoast_head_json":{"title":"Noves mesures contra la inflaci\u00f3: rebaixa IVA aliments, xec 200 euros, ajudes transport... | Arias Assessors","description":"Descobreix quals s\u00f3n les noves mesures contra la inflaci\u00f3 entre les quals es troben la rebaixa de l'IVA d'alguns aliments, xec 200\u20ac...","robots":{"index":"index","follow":"follow","max-snippet":"max-snippet:-1","max-image-preview":"max-image-preview:large","max-video-preview":"max-video-preview:-1"},"canonical":"https:\/\/www.ariasassessors.com\/ca\/noves-mesures-contra-la-inflacio-rebaixa-iva-aliments-xec-200-euros\/","og_locale":"ca_ES","og_type":"article","og_title":"Noves mesures contra la inflaci\u00f3: rebaixa IVA aliments, xec 200 euros, ajudes transport... | Arias Assessors","og_description":"Descobreix quals s\u00f3n les noves mesures contra la inflaci\u00f3 entre les quals es troben la rebaixa de l'IVA d'alguns aliments, xec 200\u20ac...","og_url":"https:\/\/www.ariasassessors.com\/ca\/noves-mesures-contra-la-inflacio-rebaixa-iva-aliments-xec-200-euros\/","og_site_name":"Arias Assessors","article_publisher":"https:\/\/www.facebook.com\/ariasassessors\/","article_published_time":"2023-01-04T09:35:30+00:00","article_modified_time":"2023-01-04T09:36:44+00:00","og_image":[{"width":1920,"height":1202,"url":"https:\/\/www.ariasassessors.com\/wp-content\/uploads\/2023\/01\/Arias_Blog_IMAGEN_DESTACADA-2-1.png","type":"image\/png"}],"author":"btorras","twitter_card":"summary_large_image","twitter_creator":"@ariasassessors","twitter_site":"@ariasassessors","twitter_misc":{"Escrit per":"btorras","Temps estimat de lectura":"11 minuts"},"schema":{"@context":"https:\/\/schema.org","@graph":[{"@type":"Article","@id":"https:\/\/www.ariasassessors.com\/ca\/noves-mesures-contra-la-inflacio-rebaixa-iva-aliments-xec-200-euros\/#article","isPartOf":{"@id":"https:\/\/www.ariasassessors.com\/ca\/noves-mesures-contra-la-inflacio-rebaixa-iva-aliments-xec-200-euros\/"},"author":{"name":"btorras","@id":"https:\/\/www.ariasassessors.com\/#\/schema\/person\/63c6ad1775f0a9413c37932562673cef"},"headline":"Noves mesures contra la inflaci\u00f3: rebaixa IVA aliments, xec 200 euros, ajudes transport&#8230;","datePublished":"2023-01-04T09:35:30+00:00","dateModified":"2023-01-04T09:36:44+00:00","mainEntityOfPage":{"@id":"https:\/\/www.ariasassessors.com\/ca\/noves-mesures-contra-la-inflacio-rebaixa-iva-aliments-xec-200-euros\/"},"wordCount":2266,"commentCount":0,"publisher":{"@id":"https:\/\/www.ariasassessors.com\/#organization"},"image":{"@id":"https:\/\/www.ariasassessors.com\/ca\/noves-mesures-contra-la-inflacio-rebaixa-iva-aliments-xec-200-euros\/#primaryimage"},"thumbnailUrl":"https:\/\/www.ariasassessors.com\/wp-content\/uploads\/2023\/01\/Arias_Blog_IMAGEN_DESTACADA-2-1.png","articleSection":["noticies"],"inLanguage":"ca","potentialAction":[{"@type":"CommentAction","name":"Comment","target":["https:\/\/www.ariasassessors.com\/ca\/noves-mesures-contra-la-inflacio-rebaixa-iva-aliments-xec-200-euros\/#respond"]}]},{"@type":"WebPage","@id":"https:\/\/www.ariasassessors.com\/ca\/noves-mesures-contra-la-inflacio-rebaixa-iva-aliments-xec-200-euros\/","url":"https:\/\/www.ariasassessors.com\/ca\/noves-mesures-contra-la-inflacio-rebaixa-iva-aliments-xec-200-euros\/","name":"Noves mesures contra la inflaci\u00f3: rebaixa IVA aliments, xec 200 euros, ajudes transport... | Arias Assessors","isPartOf":{"@id":"https:\/\/www.ariasassessors.com\/#website"},"primaryImageOfPage":{"@id":"https:\/\/www.ariasassessors.com\/ca\/noves-mesures-contra-la-inflacio-rebaixa-iva-aliments-xec-200-euros\/#primaryimage"},"image":{"@id":"https:\/\/www.ariasassessors.com\/ca\/noves-mesures-contra-la-inflacio-rebaixa-iva-aliments-xec-200-euros\/#primaryimage"},"thumbnailUrl":"https:\/\/www.ariasassessors.com\/wp-content\/uploads\/2023\/01\/Arias_Blog_IMAGEN_DESTACADA-2-1.png","datePublished":"2023-01-04T09:35:30+00:00","dateModified":"2023-01-04T09:36:44+00:00","description":"Descobreix quals s\u00f3n les noves mesures contra la inflaci\u00f3 entre les quals es troben la rebaixa de l'IVA d'alguns aliments, xec 200\u20ac...","breadcrumb":{"@id":"https:\/\/www.ariasassessors.com\/ca\/noves-mesures-contra-la-inflacio-rebaixa-iva-aliments-xec-200-euros\/#breadcrumb"},"inLanguage":"ca","potentialAction":[{"@type":"ReadAction","target":["https:\/\/www.ariasassessors.com\/ca\/noves-mesures-contra-la-inflacio-rebaixa-iva-aliments-xec-200-euros\/"]}]},{"@type":"ImageObject","inLanguage":"ca","@id":"https:\/\/www.ariasassessors.com\/ca\/noves-mesures-contra-la-inflacio-rebaixa-iva-aliments-xec-200-euros\/#primaryimage","url":"https:\/\/www.ariasassessors.com\/wp-content\/uploads\/2023\/01\/Arias_Blog_IMAGEN_DESTACADA-2-1.png","contentUrl":"https:\/\/www.ariasassessors.com\/wp-content\/uploads\/2023\/01\/Arias_Blog_IMAGEN_DESTACADA-2-1.png","width":1920,"height":1202,"caption":"Noves mesures"},{"@type":"BreadcrumbList","@id":"https:\/\/www.ariasassessors.com\/ca\/noves-mesures-contra-la-inflacio-rebaixa-iva-aliments-xec-200-euros\/#breadcrumb","itemListElement":[{"@type":"ListItem","position":1,"name":"Portada","item":"https:\/\/www.ariasassessors.com\/ca\/"},{"@type":"ListItem","position":2,"name":"Noves mesures contra la inflaci\u00f3: rebaixa IVA aliments, xec 200 euros, ajudes transport&#8230;"}]},{"@type":"WebSite","@id":"https:\/\/www.ariasassessors.com\/#website","url":"https:\/\/www.ariasassessors.com\/","name":"Arias Assessors","description":"Asesor\u00eda para aut\u00f3nomos, profesionales y PYMES","publisher":{"@id":"https:\/\/www.ariasassessors.com\/#organization"},"potentialAction":[{"@type":"SearchAction","target":{"@type":"EntryPoint","urlTemplate":"https:\/\/www.ariasassessors.com\/?s={search_term_string}"},"query-input":{"@type":"PropertyValueSpecification","valueRequired":true,"valueName":"search_term_string"}}],"inLanguage":"ca"},{"@type":"Organization","@id":"https:\/\/www.ariasassessors.com\/#organization","name":"Arias Assessors","url":"https:\/\/www.ariasassessors.com\/","logo":{"@type":"ImageObject","inLanguage":"ca","@id":"https:\/\/www.ariasassessors.com\/#\/schema\/logo\/image\/","url":"https:\/\/www.ariasassessors.com\/wp-content\/uploads\/2019\/01\/arias-logo.png","contentUrl":"https:\/\/www.ariasassessors.com\/wp-content\/uploads\/2019\/01\/arias-logo.png","width":349,"height":254,"caption":"Arias Assessors"},"image":{"@id":"https:\/\/www.ariasassessors.com\/#\/schema\/logo\/image\/"},"sameAs":["https:\/\/www.facebook.com\/ariasassessors\/","https:\/\/x.com\/ariasassessors","https:\/\/www.linkedin.com\/company\/r&amp;amp;r-growing-knowledge\/"]},{"@type":"Person","@id":"https:\/\/www.ariasassessors.com\/#\/schema\/person\/63c6ad1775f0a9413c37932562673cef","name":"btorras","image":{"@type":"ImageObject","inLanguage":"ca","@id":"https:\/\/www.ariasassessors.com\/#\/schema\/person\/image\/","url":"https:\/\/secure.gravatar.com\/avatar\/0531db351fc361fdbfd204c58fa2d6a3?s=96&d=mm&r=g","contentUrl":"https:\/\/secure.gravatar.com\/avatar\/0531db351fc361fdbfd204c58fa2d6a3?s=96&d=mm&r=g","caption":"btorras"}}]}},"_links":{"self":[{"href":"https:\/\/www.ariasassessors.com\/ca\/wp-json\/wp\/v2\/posts\/2266","targetHints":{"allow":["GET"]}}],"collection":[{"href":"https:\/\/www.ariasassessors.com\/ca\/wp-json\/wp\/v2\/posts"}],"about":[{"href":"https:\/\/www.ariasassessors.com\/ca\/wp-json\/wp\/v2\/types\/post"}],"author":[{"embeddable":true,"href":"https:\/\/www.ariasassessors.com\/ca\/wp-json\/wp\/v2\/users\/2"}],"replies":[{"embeddable":true,"href":"https:\/\/www.ariasassessors.com\/ca\/wp-json\/wp\/v2\/comments?post=2266"}],"version-history":[{"count":3,"href":"https:\/\/www.ariasassessors.com\/ca\/wp-json\/wp\/v2\/posts\/2266\/revisions"}],"predecessor-version":[{"id":2274,"href":"https:\/\/www.ariasassessors.com\/ca\/wp-json\/wp\/v2\/posts\/2266\/revisions\/2274"}],"wp:featuredmedia":[{"embeddable":true,"href":"https:\/\/www.ariasassessors.com\/ca\/wp-json\/wp\/v2\/media\/2271"}],"wp:attachment":[{"href":"https:\/\/www.ariasassessors.com\/ca\/wp-json\/wp\/v2\/media?parent=2266"}],"wp:term":[{"taxonomy":"category","embeddable":true,"href":"https:\/\/www.ariasassessors.com\/ca\/wp-json\/wp\/v2\/categories?post=2266"},{"taxonomy":"post_tag","embeddable":true,"href":"https:\/\/www.ariasassessors.com\/ca\/wp-json\/wp\/v2\/tags?post=2266"}],"curies":[{"name":"wp","href":"https:\/\/api.w.org\/{rel}","templated":true}]}}