{"id":2290,"date":"2023-01-19T18:12:25","date_gmt":"2023-01-19T17:12:25","guid":{"rendered":"https:\/\/www.ariasassessors.com\/?p=2290"},"modified":"2023-01-19T18:12:25","modified_gmt":"2023-01-19T17:12:25","slug":"prestacio-atur-proteccio-artistes","status":"publish","type":"post","link":"https:\/\/www.ariasassessors.com\/ca\/prestacio-atur-proteccio-artistes\/","title":{"rendered":"Nova prestaci\u00f3 per desocupaci\u00f3 i altres mesures de protecci\u00f3 per a artistes"},"content":{"rendered":"<div id=\"ez-toc-container\" class=\"ez-toc-v2_0_72 counter-hierarchy ez-toc-counter ez-toc-grey ez-toc-container-direction\">\n<div class=\"ez-toc-title-container\">\n<p class=\"ez-toc-title\" style=\"cursor:inherit\">\u00cdndice de Contenidos<\/p>\n<span class=\"ez-toc-title-toggle\"><a href=\"#\" class=\"ez-toc-pull-right ez-toc-btn ez-toc-btn-xs ez-toc-btn-default ez-toc-toggle\" aria-label=\"Toggle Table of Content\"><span class=\"ez-toc-js-icon-con\"><span class=\"\"><span class=\"eztoc-hide\" style=\"display:none;\">Toggle<\/span><span class=\"ez-toc-icon-toggle-span\"><svg style=\"fill: #428bca;color:#428bca\" xmlns=\"http:\/\/www.w3.org\/2000\/svg\" class=\"list-377408\" width=\"20px\" height=\"20px\" viewBox=\"0 0 24 24\" fill=\"none\"><path d=\"M6 6H4v2h2V6zm14 0H8v2h12V6zM4 11h2v2H4v-2zm16 0H8v2h12v-2zM4 16h2v2H4v-2zm16 0H8v2h12v-2z\" fill=\"currentColor\"><\/path><\/svg><svg style=\"fill: #428bca;color:#428bca\" class=\"arrow-unsorted-368013\" xmlns=\"http:\/\/www.w3.org\/2000\/svg\" width=\"10px\" height=\"10px\" viewBox=\"0 0 24 24\" version=\"1.2\" baseProfile=\"tiny\"><path d=\"M18.2 9.3l-6.2-6.3-6.2 6.3c-.2.2-.3.4-.3.7s.1.5.3.7c.2.2.4.3.7.3h11c.3 0 .5-.1.7-.3.2-.2.3-.5.3-.7s-.1-.5-.3-.7zM5.8 14.7l6.2 6.3 6.2-6.3c.2-.2.3-.5.3-.7s-.1-.5-.3-.7c-.2-.2-.4-.3-.7-.3h-11c-.3 0-.5.1-.7.3-.2.2-.3.5-.3.7s.1.5.3.7z\"\/><\/svg><\/span><\/span><\/span><\/a><\/span><\/div>\n<nav><ul class='ez-toc-list ez-toc-list-level-1 eztoc-toggle-hide-by-default' ><li class='ez-toc-page-1 ez-toc-heading-level-1'><a class=\"ez-toc-link ez-toc-heading-1\" href=\"https:\/\/www.ariasassessors.com\/ca\/prestacio-atur-proteccio-artistes\/#Nova_prestacio_per_desocupacio_i_altres_mesures_de_proteccio_per_a_artistes\" title=\"Nova prestaci\u00f3 per desocupaci\u00f3 i altres mesures de protecci\u00f3 per a artistes\">Nova prestaci\u00f3 per desocupaci\u00f3 i altres mesures de protecci\u00f3 per a artistes<\/a><ul class='ez-toc-list-level-2' ><li class='ez-toc-heading-level-2'><a class=\"ez-toc-link ez-toc-heading-2\" href=\"https:\/\/www.ariasassessors.com\/ca\/prestacio-atur-proteccio-artistes\/#Nova_prestacio_per_desocupacio_per_a_treballadors_del_sector_cultural_i_artistic\" title=\"Nova prestaci\u00f3 per desocupaci\u00f3 per a treballadors del sector cultural i art\u00edstic\">Nova prestaci\u00f3 per desocupaci\u00f3 per a treballadors del sector cultural i art\u00edstic<\/a><\/li><li class='ez-toc-page-1 ez-toc-heading-level-2'><a class=\"ez-toc-link ez-toc-heading-3\" href=\"https:\/\/www.ariasassessors.com\/ca\/prestacio-atur-proteccio-artistes\/#Compatibilitat_de_la_pensio_de_jubilacio_contributiva_i_no_contributiva_amb_lactivitat_artistica_o_els_seus_rendiments\" title=\"Compatibilitat de la pensi\u00f3 de jubilaci\u00f3 (contributiva i no contributiva) amb l&#8217;activitat art\u00edstica o els seus rendiments\">Compatibilitat de la pensi\u00f3 de jubilaci\u00f3 (contributiva i no contributiva) amb l&#8217;activitat art\u00edstica o els seus rendiments<\/a><\/li><li class='ez-toc-page-1 ez-toc-heading-level-2'><a class=\"ez-toc-link ez-toc-heading-4\" href=\"https:\/\/www.ariasassessors.com\/ca\/prestacio-atur-proteccio-artistes\/#Cotitzacio_reduida_per_als_artistes_autonoms_amb_baixos_ingressos\" title=\"Cotitzaci\u00f3 redu\u00efda per als artistes aut\u00f2noms amb baixos ingressos\">Cotitzaci\u00f3 redu\u00efda per als artistes aut\u00f2noms amb baixos ingressos<\/a><\/li><\/ul><\/li><\/ul><\/nav><\/div>\n<h1><span class=\"ez-toc-section\" id=\"Nova_prestacio_per_desocupacio_i_altres_mesures_de_proteccio_per_a_artistes\"><\/span>Nova prestaci\u00f3 per desocupaci\u00f3 i altres mesures de protecci\u00f3 per a artistes<span class=\"ez-toc-section-end\"><\/span><\/h1>\n<p>Entre les modificacions del Reial\u00a0 decret llei 1\/2023, de 10 de gener s&#8217;inclou la regulaci\u00f3 de la prestaci\u00f3 especial per desocupaci\u00f3 de les persones artistes. La nova reglamentaci\u00f3\u00a0entrar\u00e0 en vigor l&#8217;1 de juliol de 2023.<\/p>\n<p>Entre\u00a0altres novetats, el\u00a0Reial decret llei 1\/2023, de 10 de gener\u00a0millora de la protecci\u00f3 social de les persones artistes.<\/p>\n<h2><span class=\"ez-toc-section\" id=\"Nova_prestacio_per_desocupacio_per_a_treballadors_del_sector_cultural_i_artistic\"><\/span>Nova prestaci\u00f3 per desocupaci\u00f3 per a treballadors del sector cultural i art\u00edstic<span class=\"ez-toc-section-end\"><\/span><\/h2>\n<p>Amb efectes de l&#8217;1\u00a0 de juliol de 2023\u00a0la D.F. 13a e) del Reial decret llei 1\/2023, de 10 de gener,\u00a0ha afegit una nova D.A. 51a a la\u00a0*LGSS\u00a0regulant la nova\u00a0prestaci\u00f3 especial per desocupaci\u00f3\u00a0de les persones treballadores subjectes a la relaci\u00f3 laboral especial dels artistes.<\/p>\n<p>Les persones treballadores subjectes a la relaci\u00f3 laboral especial de les persones dedicades a les activitats art\u00edstiques, aix\u00ed com a les activitats t\u00e8cniques i auxiliars necess\u00e0ries per al seu desenvolupament, tindran dret a una prestaci\u00f3 per desocupaci\u00f3 especial.<\/p>\n<h2><span class=\"ez-toc-section\" id=\"Compatibilitat_de_la_pensio_de_jubilacio_contributiva_i_no_contributiva_amb_lactivitat_artistica_o_els_seus_rendiments\"><\/span>Compatibilitat de la pensi\u00f3 de jubilaci\u00f3 (contributiva i no contributiva) amb l&#8217;activitat art\u00edstica o els seus rendiments<span class=\"ez-toc-section-end\"><\/span><\/h2>\n<p>Amb efectes d&#8217;1 d&#8217;abril de 2023\u00a0es regula la compatibilitat de la pensi\u00f3 de jubilaci\u00f3 amb l&#8217;activitat art\u00edstica (art. 249 quater de la\u00a0*LGSS).<\/p>\n<p>El percebo del 100 per cent de l&#8217;import de la pensi\u00f3 de jubilaci\u00f3 contributiva ser\u00e0 compatible amb l&#8217;activitat art\u00edstica en els termes de l&#8217;analitzats en el tema: \u00abPrestacions en el R\u00e8gim Especial de la Seguretat Social per a Artistes\u00bb.<\/p>\n<p>Durant la realitzaci\u00f3 d&#8217;un treball per compte d&#8217;altri regulat en l&#8217;art. 249 quater compatible amb la pensi\u00f3 de jubilaci\u00f3, els empresaris estaran obligats a sol\u00b7licitar l&#8217;alta i cotitzar en el R\u00e8gim General de la Seguretat Social \u00fanicament per\u00a0conting\u00e8ncies professionals, segons la normativa reguladora d&#8217;aquest r\u00e8gim, si b\u00e9 quedaran subjectes a una cotitzaci\u00f3 especial de solidaritat del 9\u00a0 per cent\u00a0sobre la base de cotitzaci\u00f3 per conting\u00e8ncies comunes, no computable a l&#8217;efecte de prestacions, que es distribuir\u00e0 entre empresari i treballador, quedant a c\u00e0rrec de l&#8217;empresari el 7 per cent i del treballador el 2 per cent\u00a0(art. 153 ter de la\u00a0*LGSS).<\/p>\n<p>Els beneficiaris d&#8217;una pensi\u00f3 no contributiva podran compatibilitzar-la amb els rendiments de l&#8217;activitat art\u00edstica.\u00a0Com per a la resta dels col\u00b7lectius,\u00a0els artistes tindran dret a la pensi\u00f3 d&#8217;invalidesa no contributiva si compleixen els requisits exigits en l&#8217;art. 363 de la\u00a0*LGSS, on s&#8217;estableix la necessitat de\u00a0mancar de rendes o ingressos suficients. Per a aquest col\u00b7lectiu s&#8217;estableix la compatibilitzaci\u00f3 entre la *PNC i l&#8217;activitat art\u00edstica (art. 363.5 de la\u00a0*LGSS):<\/p>\n<p>\u00ab(&#8230;) no es computaran els rendiments obtinguts per l&#8217;exercici d&#8217;activitats art\u00edstiques a les quals es refereix l&#8217;article 249 quater, en tant no excedeixin de l&#8217;import del salari m\u00ednim interprofessional en c\u00f2mput anual. Els rendiments que excedeixin d&#8217;aquesta quantia es tindran en compte a l&#8217;efecte de la consideraci\u00f3 de les rendes o ingressos anuals a qu\u00e8 es refereix l&#8217;article 364.2\u00bb.<\/p>\n<h2><span class=\"ez-toc-section\" id=\"Cotitzacio_reduida_per_als_artistes_autonoms_amb_baixos_ingressos\"><\/span>Cotitzaci\u00f3 redu\u00efda per als artistes aut\u00f2noms amb baixos ingressos<span class=\"ez-toc-section-end\"><\/span><\/h2>\n<p>Finalment, la norma at\u00e9n l&#8217;especial situaci\u00f3 d&#8217;aut\u00f2noms artistes amb baixos ingressos, entesa (D.A. 1a del Reial\u00a0 decret llei 5\/2022, de 22 de mar\u00e7), pel qual s&#8217;adapta el r\u00e8gim de la relaci\u00f3 laboral de car\u00e0cter especial de les persones dedicades a les activitats art\u00edstiques, aix\u00ed com a les activitats t\u00e8cniques i auxiliars necess\u00e0ries per al seu desenvolupament, i es milloren les condicions laborals del sector. A aquest efecte, s&#8217;estableix en l&#8217;art. 313 bis de la\u00a0*LGSS\u00a0una\u00a0cotitzaci\u00f3 redu\u00efda\u00a0que permeti als aut\u00f2noms artistes compatibilitzar la seva activitat creativa i la seva inclusi\u00f3 en el sistema de Seguretat Social, en compliment del mandat contingut en la disposici\u00f3 addicional primera del citat reial decret llei. La disposici\u00f3 transit\u00f2ria cinquena determina quina ser\u00e0 la base de cotitzaci\u00f3 prevista en el par\u00e0graf primer de l&#8217;article per a 2023, aix\u00ed com la seva modificaci\u00f3 en anys posteriors mitjan\u00e7ant la Llei de Pressupostos Generals de l&#8217;Estat (en compliment de la *DD.*AA. 1a i 2a del Reial\u00a0 decret llei 5\/2022, de 22 de mar\u00e7).<\/p>\n","protected":false},"excerpt":{"rendered":"<p>Nova prestaci\u00f3 per desocupaci\u00f3 i altres mesures de protecci\u00f3 per a artistes Entre les modificacions del Reial\u00a0 decret llei 1\/2023, de 10 de gener s&#8217;inclou la regulaci\u00f3 de la prestaci\u00f3 especial per desocupaci\u00f3 de les persones artistes. La nova reglamentaci\u00f3\u00a0entrar\u00e0 en vigor l&#8217;1 de juliol&#8230;<\/p>\n","protected":false},"author":2,"featured_media":2288,"comment_status":"open","ping_status":"open","sticky":false,"template":"","format":"standard","meta":{"footnotes":""},"categories":[4],"tags":[],"class_list":["post-2290","post","type-post","status-publish","format-standard","has-post-thumbnail","hentry","category-noticies"],"yoast_head":"<!-- This site is optimized with the Yoast SEO plugin v24.3 - https:\/\/yoast.com\/wordpress\/plugins\/seo\/ -->\n<title>Nova prestaci\u00f3 per desocupaci\u00f3 i altres mesures de protecci\u00f3 per a artistes | Arias Assessors<\/title>\n<meta name=\"description\" content=\"Descobreix quines son les noves prestacions per l&#039;atur i altres mesures de protecci\u00f3 per artistes del Reial Decret-ley 1\/2023\" \/>\n<meta name=\"robots\" content=\"index, follow, max-snippet:-1, max-image-preview:large, max-video-preview:-1\" \/>\n<link rel=\"canonical\" href=\"https:\/\/www.ariasassessors.com\/ca\/prestacio-atur-proteccio-artistes\/\" \/>\n<meta property=\"og:locale\" content=\"ca_ES\" \/>\n<meta property=\"og:type\" content=\"article\" \/>\n<meta property=\"og:title\" content=\"Nova prestaci\u00f3 per desocupaci\u00f3 i altres mesures de protecci\u00f3 per a artistes | Arias Assessors\" \/>\n<meta property=\"og:description\" content=\"Descobreix quines son les noves prestacions per l&#039;atur i altres mesures de protecci\u00f3 per artistes del Reial Decret-ley 1\/2023\" \/>\n<meta property=\"og:url\" content=\"https:\/\/www.ariasassessors.com\/ca\/prestacio-atur-proteccio-artistes\/\" \/>\n<meta property=\"og:site_name\" content=\"Arias Assessors\" \/>\n<meta property=\"article:publisher\" content=\"https:\/\/www.facebook.com\/ariasassessors\/\" \/>\n<meta property=\"article:published_time\" content=\"2023-01-19T17:12:25+00:00\" \/>\n<meta property=\"og:image\" content=\"https:\/\/www.ariasassessors.com\/wp-content\/uploads\/2023\/01\/Arias_Blog_IMAGEN_DESTACADA-4-2.png\" \/>\n\t<meta property=\"og:image:width\" content=\"1920\" \/>\n\t<meta property=\"og:image:height\" content=\"1202\" \/>\n\t<meta property=\"og:image:type\" content=\"image\/png\" \/>\n<meta name=\"author\" content=\"btorras\" \/>\n<meta name=\"twitter:card\" content=\"summary_large_image\" \/>\n<meta name=\"twitter:creator\" content=\"@ariasassessors\" \/>\n<meta name=\"twitter:site\" content=\"@ariasassessors\" \/>\n<meta name=\"twitter:label1\" content=\"Escrit per\" \/>\n\t<meta name=\"twitter:data1\" content=\"btorras\" \/>\n\t<meta name=\"twitter:label2\" content=\"Temps estimat de lectura\" \/>\n\t<meta name=\"twitter:data2\" content=\"4 minuts\" \/>\n<script type=\"application\/ld+json\" class=\"yoast-schema-graph\">{\"@context\":\"https:\/\/schema.org\",\"@graph\":[{\"@type\":\"Article\",\"@id\":\"https:\/\/www.ariasassessors.com\/ca\/prestacio-atur-proteccio-artistes\/#article\",\"isPartOf\":{\"@id\":\"https:\/\/www.ariasassessors.com\/ca\/prestacio-atur-proteccio-artistes\/\"},\"author\":{\"name\":\"btorras\",\"@id\":\"https:\/\/www.ariasassessors.com\/#\/schema\/person\/63c6ad1775f0a9413c37932562673cef\"},\"headline\":\"Nova prestaci\u00f3 per desocupaci\u00f3 i altres mesures de protecci\u00f3 per a artistes\",\"datePublished\":\"2023-01-19T17:12:25+00:00\",\"dateModified\":\"2023-01-19T17:12:25+00:00\",\"mainEntityOfPage\":{\"@id\":\"https:\/\/www.ariasassessors.com\/ca\/prestacio-atur-proteccio-artistes\/\"},\"wordCount\":681,\"commentCount\":0,\"publisher\":{\"@id\":\"https:\/\/www.ariasassessors.com\/#organization\"},\"image\":{\"@id\":\"https:\/\/www.ariasassessors.com\/ca\/prestacio-atur-proteccio-artistes\/#primaryimage\"},\"thumbnailUrl\":\"https:\/\/www.ariasassessors.com\/wp-content\/uploads\/2023\/01\/Arias_Blog_IMAGEN_DESTACADA-4-2.png\",\"articleSection\":[\"noticies\"],\"inLanguage\":\"ca\",\"potentialAction\":[{\"@type\":\"CommentAction\",\"name\":\"Comment\",\"target\":[\"https:\/\/www.ariasassessors.com\/ca\/prestacio-atur-proteccio-artistes\/#respond\"]}]},{\"@type\":\"WebPage\",\"@id\":\"https:\/\/www.ariasassessors.com\/ca\/prestacio-atur-proteccio-artistes\/\",\"url\":\"https:\/\/www.ariasassessors.com\/ca\/prestacio-atur-proteccio-artistes\/\",\"name\":\"Nova prestaci\u00f3 per desocupaci\u00f3 i altres mesures de protecci\u00f3 per a artistes | Arias Assessors\",\"isPartOf\":{\"@id\":\"https:\/\/www.ariasassessors.com\/#website\"},\"primaryImageOfPage\":{\"@id\":\"https:\/\/www.ariasassessors.com\/ca\/prestacio-atur-proteccio-artistes\/#primaryimage\"},\"image\":{\"@id\":\"https:\/\/www.ariasassessors.com\/ca\/prestacio-atur-proteccio-artistes\/#primaryimage\"},\"thumbnailUrl\":\"https:\/\/www.ariasassessors.com\/wp-content\/uploads\/2023\/01\/Arias_Blog_IMAGEN_DESTACADA-4-2.png\",\"datePublished\":\"2023-01-19T17:12:25+00:00\",\"dateModified\":\"2023-01-19T17:12:25+00:00\",\"description\":\"Descobreix quines son les noves prestacions per l'atur i altres mesures de protecci\u00f3 per artistes del Reial Decret-ley 1\/2023\",\"breadcrumb\":{\"@id\":\"https:\/\/www.ariasassessors.com\/ca\/prestacio-atur-proteccio-artistes\/#breadcrumb\"},\"inLanguage\":\"ca\",\"potentialAction\":[{\"@type\":\"ReadAction\",\"target\":[\"https:\/\/www.ariasassessors.com\/ca\/prestacio-atur-proteccio-artistes\/\"]}]},{\"@type\":\"ImageObject\",\"inLanguage\":\"ca\",\"@id\":\"https:\/\/www.ariasassessors.com\/ca\/prestacio-atur-proteccio-artistes\/#primaryimage\",\"url\":\"https:\/\/www.ariasassessors.com\/wp-content\/uploads\/2023\/01\/Arias_Blog_IMAGEN_DESTACADA-4-2.png\",\"contentUrl\":\"https:\/\/www.ariasassessors.com\/wp-content\/uploads\/2023\/01\/Arias_Blog_IMAGEN_DESTACADA-4-2.png\",\"width\":1920,\"height\":1202,\"caption\":\"prestacion\"},{\"@type\":\"BreadcrumbList\",\"@id\":\"https:\/\/www.ariasassessors.com\/ca\/prestacio-atur-proteccio-artistes\/#breadcrumb\",\"itemListElement\":[{\"@type\":\"ListItem\",\"position\":1,\"name\":\"Portada\",\"item\":\"https:\/\/www.ariasassessors.com\/ca\/\"},{\"@type\":\"ListItem\",\"position\":2,\"name\":\"Nova prestaci\u00f3 per desocupaci\u00f3 i altres mesures de protecci\u00f3 per a artistes\"}]},{\"@type\":\"WebSite\",\"@id\":\"https:\/\/www.ariasassessors.com\/#website\",\"url\":\"https:\/\/www.ariasassessors.com\/\",\"name\":\"Arias Assessors\",\"description\":\"Asesor\u00eda para aut\u00f3nomos, profesionales y PYMES\",\"publisher\":{\"@id\":\"https:\/\/www.ariasassessors.com\/#organization\"},\"potentialAction\":[{\"@type\":\"SearchAction\",\"target\":{\"@type\":\"EntryPoint\",\"urlTemplate\":\"https:\/\/www.ariasassessors.com\/?s={search_term_string}\"},\"query-input\":{\"@type\":\"PropertyValueSpecification\",\"valueRequired\":true,\"valueName\":\"search_term_string\"}}],\"inLanguage\":\"ca\"},{\"@type\":\"Organization\",\"@id\":\"https:\/\/www.ariasassessors.com\/#organization\",\"name\":\"Arias Assessors\",\"url\":\"https:\/\/www.ariasassessors.com\/\",\"logo\":{\"@type\":\"ImageObject\",\"inLanguage\":\"ca\",\"@id\":\"https:\/\/www.ariasassessors.com\/#\/schema\/logo\/image\/\",\"url\":\"https:\/\/www.ariasassessors.com\/wp-content\/uploads\/2019\/01\/arias-logo.png\",\"contentUrl\":\"https:\/\/www.ariasassessors.com\/wp-content\/uploads\/2019\/01\/arias-logo.png\",\"width\":349,\"height\":254,\"caption\":\"Arias Assessors\"},\"image\":{\"@id\":\"https:\/\/www.ariasassessors.com\/#\/schema\/logo\/image\/\"},\"sameAs\":[\"https:\/\/www.facebook.com\/ariasassessors\/\",\"https:\/\/x.com\/ariasassessors\",\"https:\/\/www.linkedin.com\/company\/r&amp;amp;r-growing-knowledge\/\"]},{\"@type\":\"Person\",\"@id\":\"https:\/\/www.ariasassessors.com\/#\/schema\/person\/63c6ad1775f0a9413c37932562673cef\",\"name\":\"btorras\",\"image\":{\"@type\":\"ImageObject\",\"inLanguage\":\"ca\",\"@id\":\"https:\/\/www.ariasassessors.com\/#\/schema\/person\/image\/\",\"url\":\"https:\/\/secure.gravatar.com\/avatar\/0531db351fc361fdbfd204c58fa2d6a3?s=96&d=mm&r=g\",\"contentUrl\":\"https:\/\/secure.gravatar.com\/avatar\/0531db351fc361fdbfd204c58fa2d6a3?s=96&d=mm&r=g\",\"caption\":\"btorras\"}}]}<\/script>\n<!-- \/ Yoast SEO plugin. -->","yoast_head_json":{"title":"Nova prestaci\u00f3 per desocupaci\u00f3 i altres mesures de protecci\u00f3 per a artistes | Arias Assessors","description":"Descobreix quines son les noves prestacions per l'atur i altres mesures de protecci\u00f3 per artistes del Reial Decret-ley 1\/2023","robots":{"index":"index","follow":"follow","max-snippet":"max-snippet:-1","max-image-preview":"max-image-preview:large","max-video-preview":"max-video-preview:-1"},"canonical":"https:\/\/www.ariasassessors.com\/ca\/prestacio-atur-proteccio-artistes\/","og_locale":"ca_ES","og_type":"article","og_title":"Nova prestaci\u00f3 per desocupaci\u00f3 i altres mesures de protecci\u00f3 per a artistes | Arias Assessors","og_description":"Descobreix quines son les noves prestacions per l'atur i altres mesures de protecci\u00f3 per artistes del Reial Decret-ley 1\/2023","og_url":"https:\/\/www.ariasassessors.com\/ca\/prestacio-atur-proteccio-artistes\/","og_site_name":"Arias Assessors","article_publisher":"https:\/\/www.facebook.com\/ariasassessors\/","article_published_time":"2023-01-19T17:12:25+00:00","og_image":[{"width":1920,"height":1202,"url":"https:\/\/www.ariasassessors.com\/wp-content\/uploads\/2023\/01\/Arias_Blog_IMAGEN_DESTACADA-4-2.png","type":"image\/png"}],"author":"btorras","twitter_card":"summary_large_image","twitter_creator":"@ariasassessors","twitter_site":"@ariasassessors","twitter_misc":{"Escrit per":"btorras","Temps estimat de lectura":"4 minuts"},"schema":{"@context":"https:\/\/schema.org","@graph":[{"@type":"Article","@id":"https:\/\/www.ariasassessors.com\/ca\/prestacio-atur-proteccio-artistes\/#article","isPartOf":{"@id":"https:\/\/www.ariasassessors.com\/ca\/prestacio-atur-proteccio-artistes\/"},"author":{"name":"btorras","@id":"https:\/\/www.ariasassessors.com\/#\/schema\/person\/63c6ad1775f0a9413c37932562673cef"},"headline":"Nova prestaci\u00f3 per desocupaci\u00f3 i altres mesures de protecci\u00f3 per a artistes","datePublished":"2023-01-19T17:12:25+00:00","dateModified":"2023-01-19T17:12:25+00:00","mainEntityOfPage":{"@id":"https:\/\/www.ariasassessors.com\/ca\/prestacio-atur-proteccio-artistes\/"},"wordCount":681,"commentCount":0,"publisher":{"@id":"https:\/\/www.ariasassessors.com\/#organization"},"image":{"@id":"https:\/\/www.ariasassessors.com\/ca\/prestacio-atur-proteccio-artistes\/#primaryimage"},"thumbnailUrl":"https:\/\/www.ariasassessors.com\/wp-content\/uploads\/2023\/01\/Arias_Blog_IMAGEN_DESTACADA-4-2.png","articleSection":["noticies"],"inLanguage":"ca","potentialAction":[{"@type":"CommentAction","name":"Comment","target":["https:\/\/www.ariasassessors.com\/ca\/prestacio-atur-proteccio-artistes\/#respond"]}]},{"@type":"WebPage","@id":"https:\/\/www.ariasassessors.com\/ca\/prestacio-atur-proteccio-artistes\/","url":"https:\/\/www.ariasassessors.com\/ca\/prestacio-atur-proteccio-artistes\/","name":"Nova prestaci\u00f3 per desocupaci\u00f3 i altres mesures de protecci\u00f3 per a artistes | Arias Assessors","isPartOf":{"@id":"https:\/\/www.ariasassessors.com\/#website"},"primaryImageOfPage":{"@id":"https:\/\/www.ariasassessors.com\/ca\/prestacio-atur-proteccio-artistes\/#primaryimage"},"image":{"@id":"https:\/\/www.ariasassessors.com\/ca\/prestacio-atur-proteccio-artistes\/#primaryimage"},"thumbnailUrl":"https:\/\/www.ariasassessors.com\/wp-content\/uploads\/2023\/01\/Arias_Blog_IMAGEN_DESTACADA-4-2.png","datePublished":"2023-01-19T17:12:25+00:00","dateModified":"2023-01-19T17:12:25+00:00","description":"Descobreix quines son les noves prestacions per l'atur i altres mesures de protecci\u00f3 per artistes del Reial Decret-ley 1\/2023","breadcrumb":{"@id":"https:\/\/www.ariasassessors.com\/ca\/prestacio-atur-proteccio-artistes\/#breadcrumb"},"inLanguage":"ca","potentialAction":[{"@type":"ReadAction","target":["https:\/\/www.ariasassessors.com\/ca\/prestacio-atur-proteccio-artistes\/"]}]},{"@type":"ImageObject","inLanguage":"ca","@id":"https:\/\/www.ariasassessors.com\/ca\/prestacio-atur-proteccio-artistes\/#primaryimage","url":"https:\/\/www.ariasassessors.com\/wp-content\/uploads\/2023\/01\/Arias_Blog_IMAGEN_DESTACADA-4-2.png","contentUrl":"https:\/\/www.ariasassessors.com\/wp-content\/uploads\/2023\/01\/Arias_Blog_IMAGEN_DESTACADA-4-2.png","width":1920,"height":1202,"caption":"prestacion"},{"@type":"BreadcrumbList","@id":"https:\/\/www.ariasassessors.com\/ca\/prestacio-atur-proteccio-artistes\/#breadcrumb","itemListElement":[{"@type":"ListItem","position":1,"name":"Portada","item":"https:\/\/www.ariasassessors.com\/ca\/"},{"@type":"ListItem","position":2,"name":"Nova prestaci\u00f3 per desocupaci\u00f3 i altres mesures de protecci\u00f3 per a artistes"}]},{"@type":"WebSite","@id":"https:\/\/www.ariasassessors.com\/#website","url":"https:\/\/www.ariasassessors.com\/","name":"Arias Assessors","description":"Asesor\u00eda para aut\u00f3nomos, profesionales y PYMES","publisher":{"@id":"https:\/\/www.ariasassessors.com\/#organization"},"potentialAction":[{"@type":"SearchAction","target":{"@type":"EntryPoint","urlTemplate":"https:\/\/www.ariasassessors.com\/?s={search_term_string}"},"query-input":{"@type":"PropertyValueSpecification","valueRequired":true,"valueName":"search_term_string"}}],"inLanguage":"ca"},{"@type":"Organization","@id":"https:\/\/www.ariasassessors.com\/#organization","name":"Arias Assessors","url":"https:\/\/www.ariasassessors.com\/","logo":{"@type":"ImageObject","inLanguage":"ca","@id":"https:\/\/www.ariasassessors.com\/#\/schema\/logo\/image\/","url":"https:\/\/www.ariasassessors.com\/wp-content\/uploads\/2019\/01\/arias-logo.png","contentUrl":"https:\/\/www.ariasassessors.com\/wp-content\/uploads\/2019\/01\/arias-logo.png","width":349,"height":254,"caption":"Arias Assessors"},"image":{"@id":"https:\/\/www.ariasassessors.com\/#\/schema\/logo\/image\/"},"sameAs":["https:\/\/www.facebook.com\/ariasassessors\/","https:\/\/x.com\/ariasassessors","https:\/\/www.linkedin.com\/company\/r&amp;amp;r-growing-knowledge\/"]},{"@type":"Person","@id":"https:\/\/www.ariasassessors.com\/#\/schema\/person\/63c6ad1775f0a9413c37932562673cef","name":"btorras","image":{"@type":"ImageObject","inLanguage":"ca","@id":"https:\/\/www.ariasassessors.com\/#\/schema\/person\/image\/","url":"https:\/\/secure.gravatar.com\/avatar\/0531db351fc361fdbfd204c58fa2d6a3?s=96&d=mm&r=g","contentUrl":"https:\/\/secure.gravatar.com\/avatar\/0531db351fc361fdbfd204c58fa2d6a3?s=96&d=mm&r=g","caption":"btorras"}}]}},"_links":{"self":[{"href":"https:\/\/www.ariasassessors.com\/ca\/wp-json\/wp\/v2\/posts\/2290","targetHints":{"allow":["GET"]}}],"collection":[{"href":"https:\/\/www.ariasassessors.com\/ca\/wp-json\/wp\/v2\/posts"}],"about":[{"href":"https:\/\/www.ariasassessors.com\/ca\/wp-json\/wp\/v2\/types\/post"}],"author":[{"embeddable":true,"href":"https:\/\/www.ariasassessors.com\/ca\/wp-json\/wp\/v2\/users\/2"}],"replies":[{"embeddable":true,"href":"https:\/\/www.ariasassessors.com\/ca\/wp-json\/wp\/v2\/comments?post=2290"}],"version-history":[{"count":1,"href":"https:\/\/www.ariasassessors.com\/ca\/wp-json\/wp\/v2\/posts\/2290\/revisions"}],"predecessor-version":[{"id":2291,"href":"https:\/\/www.ariasassessors.com\/ca\/wp-json\/wp\/v2\/posts\/2290\/revisions\/2291"}],"wp:featuredmedia":[{"embeddable":true,"href":"https:\/\/www.ariasassessors.com\/ca\/wp-json\/wp\/v2\/media\/2288"}],"wp:attachment":[{"href":"https:\/\/www.ariasassessors.com\/ca\/wp-json\/wp\/v2\/media?parent=2290"}],"wp:term":[{"taxonomy":"category","embeddable":true,"href":"https:\/\/www.ariasassessors.com\/ca\/wp-json\/wp\/v2\/categories?post=2290"},{"taxonomy":"post_tag","embeddable":true,"href":"https:\/\/www.ariasassessors.com\/ca\/wp-json\/wp\/v2\/tags?post=2290"}],"curies":[{"name":"wp","href":"https:\/\/api.w.org\/{rel}","templated":true}]}}