{"id":2294,"date":"2023-01-26T13:42:40","date_gmt":"2023-01-26T12:42:40","guid":{"rendered":"https:\/\/www.ariasassessors.com\/?p=2294"},"modified":"2023-01-26T13:42:40","modified_gmt":"2023-01-26T12:42:40","slug":"agencia-espanyola-proteccio-de-dades-inclusio-treballador-grup-whatsapp","status":"publish","type":"post","link":"https:\/\/www.ariasassessors.com\/ca\/agencia-espanyola-proteccio-de-dades-inclusio-treballador-grup-whatsapp\/","title":{"rendered":"L&#8217;Ag\u00e8ncia Espanyola de Protecci\u00f3 de Dades valguda la inclusi\u00f3 del treballador en un grup de WhatsApp sense el seu consentiment"},"content":{"rendered":"<h1>L&#8217;Ag\u00e8ncia Espanyola de Protecci\u00f3 de Dades valguda la inclusi\u00f3 del treballador en un grup de WhatsApp sense el seu consentiment<\/h1>\n<p>Per a l&#8217;ag\u00e8ncia espanyola de protecci\u00f3 de dades (AEPD), la legitimaci\u00f3 pel tractament de les dades personals pot trobar-se en qualsevol dels apartats de l&#8217;art. 6.1 del RGPD, sempre que respecti els principis establerts en l&#8217;art. 5 del RGPD.<\/p>\n<p>La reclamaci\u00f3 es concreta en la inclusi\u00f3 sense el consentiment del treballador en dos grups de WhatsApp on es publiquen dades relatives a les rutes de repartiment, les persones que la realitzen, les hores, la ubicaci\u00f3 de les furgonetes en acabar la jornada laboral i diversa informaci\u00f3 laboral. Tots els integrants dels grups tenen acc\u00e9s a aquesta informaci\u00f3 dels altres companys.<\/p>\n<p>La legitimaci\u00f3 per al tractament de les dades personals pot trobar-se en qualsevol dels apartats assenyalats en l&#8217;apartat 1 de l&#8217;article 6 del RGPD referenciat. En l&#8217;\u00e0mbit de les relacions laborals, el tractament de les dades personals es basa jur\u00eddicament, de manera principal, en l&#8217;execuci\u00f3 del contracte de treball, encara que unes certes dades tamb\u00e9 podran tractar-se per a complir les exig\u00e8ncies imposades per la llei o per un conveni col\u00b7lectiu.<\/p>\n<p>El tractament de les dades personals ha de respectar els principis establerts en l&#8217;article 5 del RGPD referenciat. En aquest sup\u00f2sit s\u00f3n de destacar del principi de minimitzaci\u00f3 de dades, havent de ser els adequats, pertinents i limitats al necessari en relaci\u00f3 amb els fins perseguits; i el de confidencialitat, que no vagin a ser accedits per persones alienes al grup de treball.<\/p>\n<p>Per a l&#8217;AEPD, en la resoluci\u00f3 AEPD n\u00fam. EXP202105690 de 9 de gener de 2023 \u00ables dades objecte de tractament s\u00f3n els m\u00ednims necessaris per a l&#8217;organitzaci\u00f3 del treball particular dut a terme per la part reclamada, que ha informat els treballadors de la finalitat del tractament en els grups de WhatsApp creats amb la finalitat d&#8217;utilitzar aquesta via de comunicaci\u00f3 en assumptes relacionats amb el contracte de treball, condicions laborals, organitzaci\u00f3 i desenvolupament de tasques de treball i repartiment i mantenint la confidencialitat sobre ells\u00bb. Per tant, no s&#8217;han trobat evid\u00e8ncies que acreditin l&#8217;exist\u00e8ncia d&#8217;infracci\u00f3 en l&#8217;\u00e0mbit competencial de l&#8217;Ag\u00e8ncia Espanyola de Protecci\u00f3 de Dades.<\/p>\n<p>&nbsp;<\/p>\n<p>Noticia extreta de: <a href=\"https:\/\/www.iberley.es\/noticias\/la-aepd-valida-inclusion-trabajador-un-grupo-whatsapp-su-consentimiento-32166?nolog=1&amp;sort=fecha&amp;noIndex\">https:\/\/www.iberley.es\/<\/a><\/p>\n","protected":false},"excerpt":{"rendered":"<p>L&#8217;Ag\u00e8ncia Espanyola de Protecci\u00f3 de Dades valguda la inclusi\u00f3 del treballador en un grup de WhatsApp sense el seu consentiment Per a l&#8217;ag\u00e8ncia espanyola de protecci\u00f3 de dades (AEPD), la legitimaci\u00f3 pel tractament de les dades personals pot trobar-se en qualsevol dels apartats de l&#8217;art&#8230;.<\/p>\n","protected":false},"author":2,"featured_media":2297,"comment_status":"open","ping_status":"open","sticky":false,"template":"","format":"standard","meta":{"footnotes":""},"categories":[4],"tags":[],"class_list":["post-2294","post","type-post","status-publish","format-standard","has-post-thumbnail","hentry","category-noticies"],"yoast_head":"<!-- This site is optimized with the Yoast SEO plugin v24.3 - https:\/\/yoast.com\/wordpress\/plugins\/seo\/ -->\n<title>L&#039;Ag\u00e8ncia Espanyola de Protecci\u00f3 de Dades valguda la inclusi\u00f3 del treballador en un grup de WhatsApp sense el seu consentiment | Arias Assessors<\/title>\n<meta name=\"description\" content=\"L&#039;Ag\u00e8ncia Espanyola de Protecci\u00f3 de Dades valida la inclusi\u00f3 del treballador en un grup de WhatsApp sense el seu consentiment\" \/>\n<meta name=\"robots\" content=\"index, follow, max-snippet:-1, max-image-preview:large, max-video-preview:-1\" \/>\n<link rel=\"canonical\" href=\"https:\/\/www.ariasassessors.com\/ca\/agencia-espanyola-proteccio-de-dades-inclusio-treballador-grup-whatsapp\/\" \/>\n<meta property=\"og:locale\" content=\"ca_ES\" \/>\n<meta property=\"og:type\" content=\"article\" \/>\n<meta property=\"og:title\" content=\"L&#039;Ag\u00e8ncia Espanyola de Protecci\u00f3 de Dades valguda la inclusi\u00f3 del treballador en un grup de WhatsApp sense el seu consentiment | Arias Assessors\" \/>\n<meta property=\"og:description\" content=\"L&#039;Ag\u00e8ncia Espanyola de Protecci\u00f3 de Dades valida la inclusi\u00f3 del treballador en un grup de WhatsApp sense el seu consentiment\" \/>\n<meta property=\"og:url\" content=\"https:\/\/www.ariasassessors.com\/ca\/agencia-espanyola-proteccio-de-dades-inclusio-treballador-grup-whatsapp\/\" \/>\n<meta property=\"og:site_name\" content=\"Arias Assessors\" \/>\n<meta property=\"article:publisher\" content=\"https:\/\/www.facebook.com\/ariasassessors\/\" \/>\n<meta property=\"article:published_time\" content=\"2023-01-26T12:42:40+00:00\" \/>\n<meta property=\"og:image\" content=\"https:\/\/www.ariasassessors.com\/wp-content\/uploads\/2023\/01\/Arias_Blog_IMAGEN_DESTACADA-5-1.png\" \/>\n\t<meta property=\"og:image:width\" content=\"1920\" \/>\n\t<meta property=\"og:image:height\" content=\"1202\" \/>\n\t<meta property=\"og:image:type\" content=\"image\/png\" \/>\n<meta name=\"author\" content=\"btorras\" \/>\n<meta name=\"twitter:card\" content=\"summary_large_image\" \/>\n<meta name=\"twitter:creator\" content=\"@ariasassessors\" \/>\n<meta name=\"twitter:site\" content=\"@ariasassessors\" \/>\n<meta name=\"twitter:label1\" content=\"Escrit per\" \/>\n\t<meta name=\"twitter:data1\" content=\"btorras\" \/>\n\t<meta name=\"twitter:label2\" content=\"Temps estimat de lectura\" \/>\n\t<meta name=\"twitter:data2\" content=\"2 minuts\" \/>\n<script type=\"application\/ld+json\" class=\"yoast-schema-graph\">{\"@context\":\"https:\/\/schema.org\",\"@graph\":[{\"@type\":\"Article\",\"@id\":\"https:\/\/www.ariasassessors.com\/ca\/agencia-espanyola-proteccio-de-dades-inclusio-treballador-grup-whatsapp\/#article\",\"isPartOf\":{\"@id\":\"https:\/\/www.ariasassessors.com\/ca\/agencia-espanyola-proteccio-de-dades-inclusio-treballador-grup-whatsapp\/\"},\"author\":{\"name\":\"btorras\",\"@id\":\"https:\/\/www.ariasassessors.com\/#\/schema\/person\/63c6ad1775f0a9413c37932562673cef\"},\"headline\":\"L&#8217;Ag\u00e8ncia Espanyola de Protecci\u00f3 de Dades valguda la inclusi\u00f3 del treballador en un grup de WhatsApp sense el seu consentiment\",\"datePublished\":\"2023-01-26T12:42:40+00:00\",\"dateModified\":\"2023-01-26T12:42:40+00:00\",\"mainEntityOfPage\":{\"@id\":\"https:\/\/www.ariasassessors.com\/ca\/agencia-espanyola-proteccio-de-dades-inclusio-treballador-grup-whatsapp\/\"},\"wordCount\":398,\"commentCount\":0,\"publisher\":{\"@id\":\"https:\/\/www.ariasassessors.com\/#organization\"},\"image\":{\"@id\":\"https:\/\/www.ariasassessors.com\/ca\/agencia-espanyola-proteccio-de-dades-inclusio-treballador-grup-whatsapp\/#primaryimage\"},\"thumbnailUrl\":\"https:\/\/www.ariasassessors.com\/wp-content\/uploads\/2023\/01\/Arias_Blog_IMAGEN_DESTACADA-5-1.png\",\"articleSection\":[\"noticies\"],\"inLanguage\":\"ca\",\"potentialAction\":[{\"@type\":\"CommentAction\",\"name\":\"Comment\",\"target\":[\"https:\/\/www.ariasassessors.com\/ca\/agencia-espanyola-proteccio-de-dades-inclusio-treballador-grup-whatsapp\/#respond\"]}]},{\"@type\":\"WebPage\",\"@id\":\"https:\/\/www.ariasassessors.com\/ca\/agencia-espanyola-proteccio-de-dades-inclusio-treballador-grup-whatsapp\/\",\"url\":\"https:\/\/www.ariasassessors.com\/ca\/agencia-espanyola-proteccio-de-dades-inclusio-treballador-grup-whatsapp\/\",\"name\":\"L'Ag\u00e8ncia Espanyola de Protecci\u00f3 de Dades valguda la inclusi\u00f3 del treballador en un grup de WhatsApp sense el seu consentiment | Arias Assessors\",\"isPartOf\":{\"@id\":\"https:\/\/www.ariasassessors.com\/#website\"},\"primaryImageOfPage\":{\"@id\":\"https:\/\/www.ariasassessors.com\/ca\/agencia-espanyola-proteccio-de-dades-inclusio-treballador-grup-whatsapp\/#primaryimage\"},\"image\":{\"@id\":\"https:\/\/www.ariasassessors.com\/ca\/agencia-espanyola-proteccio-de-dades-inclusio-treballador-grup-whatsapp\/#primaryimage\"},\"thumbnailUrl\":\"https:\/\/www.ariasassessors.com\/wp-content\/uploads\/2023\/01\/Arias_Blog_IMAGEN_DESTACADA-5-1.png\",\"datePublished\":\"2023-01-26T12:42:40+00:00\",\"dateModified\":\"2023-01-26T12:42:40+00:00\",\"description\":\"L'Ag\u00e8ncia Espanyola de Protecci\u00f3 de Dades valida la inclusi\u00f3 del treballador en un grup de WhatsApp sense el seu consentiment\",\"breadcrumb\":{\"@id\":\"https:\/\/www.ariasassessors.com\/ca\/agencia-espanyola-proteccio-de-dades-inclusio-treballador-grup-whatsapp\/#breadcrumb\"},\"inLanguage\":\"ca\",\"potentialAction\":[{\"@type\":\"ReadAction\",\"target\":[\"https:\/\/www.ariasassessors.com\/ca\/agencia-espanyola-proteccio-de-dades-inclusio-treballador-grup-whatsapp\/\"]}]},{\"@type\":\"ImageObject\",\"inLanguage\":\"ca\",\"@id\":\"https:\/\/www.ariasassessors.com\/ca\/agencia-espanyola-proteccio-de-dades-inclusio-treballador-grup-whatsapp\/#primaryimage\",\"url\":\"https:\/\/www.ariasassessors.com\/wp-content\/uploads\/2023\/01\/Arias_Blog_IMAGEN_DESTACADA-5-1.png\",\"contentUrl\":\"https:\/\/www.ariasassessors.com\/wp-content\/uploads\/2023\/01\/Arias_Blog_IMAGEN_DESTACADA-5-1.png\",\"width\":1920,\"height\":1202,\"caption\":\"La Agencia Espa\u00f1ola de Protecci\u00f3n de Datos valida la inclusi\u00f3n del trabajador en un grupo de WhatsApp sin su consentimiento\"},{\"@type\":\"BreadcrumbList\",\"@id\":\"https:\/\/www.ariasassessors.com\/ca\/agencia-espanyola-proteccio-de-dades-inclusio-treballador-grup-whatsapp\/#breadcrumb\",\"itemListElement\":[{\"@type\":\"ListItem\",\"position\":1,\"name\":\"Portada\",\"item\":\"https:\/\/www.ariasassessors.com\/ca\/\"},{\"@type\":\"ListItem\",\"position\":2,\"name\":\"L&#8217;Ag\u00e8ncia Espanyola de Protecci\u00f3 de Dades valguda la inclusi\u00f3 del treballador en un grup de WhatsApp sense el seu consentiment\"}]},{\"@type\":\"WebSite\",\"@id\":\"https:\/\/www.ariasassessors.com\/#website\",\"url\":\"https:\/\/www.ariasassessors.com\/\",\"name\":\"Arias Assessors\",\"description\":\"Asesor\u00eda para aut\u00f3nomos, profesionales y PYMES\",\"publisher\":{\"@id\":\"https:\/\/www.ariasassessors.com\/#organization\"},\"potentialAction\":[{\"@type\":\"SearchAction\",\"target\":{\"@type\":\"EntryPoint\",\"urlTemplate\":\"https:\/\/www.ariasassessors.com\/?s={search_term_string}\"},\"query-input\":{\"@type\":\"PropertyValueSpecification\",\"valueRequired\":true,\"valueName\":\"search_term_string\"}}],\"inLanguage\":\"ca\"},{\"@type\":\"Organization\",\"@id\":\"https:\/\/www.ariasassessors.com\/#organization\",\"name\":\"Arias Assessors\",\"url\":\"https:\/\/www.ariasassessors.com\/\",\"logo\":{\"@type\":\"ImageObject\",\"inLanguage\":\"ca\",\"@id\":\"https:\/\/www.ariasassessors.com\/#\/schema\/logo\/image\/\",\"url\":\"https:\/\/www.ariasassessors.com\/wp-content\/uploads\/2019\/01\/arias-logo.png\",\"contentUrl\":\"https:\/\/www.ariasassessors.com\/wp-content\/uploads\/2019\/01\/arias-logo.png\",\"width\":349,\"height\":254,\"caption\":\"Arias Assessors\"},\"image\":{\"@id\":\"https:\/\/www.ariasassessors.com\/#\/schema\/logo\/image\/\"},\"sameAs\":[\"https:\/\/www.facebook.com\/ariasassessors\/\",\"https:\/\/x.com\/ariasassessors\",\"https:\/\/www.linkedin.com\/company\/r&amp;amp;r-growing-knowledge\/\"]},{\"@type\":\"Person\",\"@id\":\"https:\/\/www.ariasassessors.com\/#\/schema\/person\/63c6ad1775f0a9413c37932562673cef\",\"name\":\"btorras\",\"image\":{\"@type\":\"ImageObject\",\"inLanguage\":\"ca\",\"@id\":\"https:\/\/www.ariasassessors.com\/#\/schema\/person\/image\/\",\"url\":\"https:\/\/secure.gravatar.com\/avatar\/0531db351fc361fdbfd204c58fa2d6a3?s=96&d=mm&r=g\",\"contentUrl\":\"https:\/\/secure.gravatar.com\/avatar\/0531db351fc361fdbfd204c58fa2d6a3?s=96&d=mm&r=g\",\"caption\":\"btorras\"}}]}<\/script>\n<!-- \/ Yoast SEO plugin. -->","yoast_head_json":{"title":"L'Ag\u00e8ncia Espanyola de Protecci\u00f3 de Dades valguda la inclusi\u00f3 del treballador en un grup de WhatsApp sense el seu consentiment | Arias Assessors","description":"L'Ag\u00e8ncia Espanyola de Protecci\u00f3 de Dades valida la inclusi\u00f3 del treballador en un grup de WhatsApp sense el seu consentiment","robots":{"index":"index","follow":"follow","max-snippet":"max-snippet:-1","max-image-preview":"max-image-preview:large","max-video-preview":"max-video-preview:-1"},"canonical":"https:\/\/www.ariasassessors.com\/ca\/agencia-espanyola-proteccio-de-dades-inclusio-treballador-grup-whatsapp\/","og_locale":"ca_ES","og_type":"article","og_title":"L'Ag\u00e8ncia Espanyola de Protecci\u00f3 de Dades valguda la inclusi\u00f3 del treballador en un grup de WhatsApp sense el seu consentiment | Arias Assessors","og_description":"L'Ag\u00e8ncia Espanyola de Protecci\u00f3 de Dades valida la inclusi\u00f3 del treballador en un grup de WhatsApp sense el seu consentiment","og_url":"https:\/\/www.ariasassessors.com\/ca\/agencia-espanyola-proteccio-de-dades-inclusio-treballador-grup-whatsapp\/","og_site_name":"Arias Assessors","article_publisher":"https:\/\/www.facebook.com\/ariasassessors\/","article_published_time":"2023-01-26T12:42:40+00:00","og_image":[{"width":1920,"height":1202,"url":"https:\/\/www.ariasassessors.com\/wp-content\/uploads\/2023\/01\/Arias_Blog_IMAGEN_DESTACADA-5-1.png","type":"image\/png"}],"author":"btorras","twitter_card":"summary_large_image","twitter_creator":"@ariasassessors","twitter_site":"@ariasassessors","twitter_misc":{"Escrit per":"btorras","Temps estimat de lectura":"2 minuts"},"schema":{"@context":"https:\/\/schema.org","@graph":[{"@type":"Article","@id":"https:\/\/www.ariasassessors.com\/ca\/agencia-espanyola-proteccio-de-dades-inclusio-treballador-grup-whatsapp\/#article","isPartOf":{"@id":"https:\/\/www.ariasassessors.com\/ca\/agencia-espanyola-proteccio-de-dades-inclusio-treballador-grup-whatsapp\/"},"author":{"name":"btorras","@id":"https:\/\/www.ariasassessors.com\/#\/schema\/person\/63c6ad1775f0a9413c37932562673cef"},"headline":"L&#8217;Ag\u00e8ncia Espanyola de Protecci\u00f3 de Dades valguda la inclusi\u00f3 del treballador en un grup de WhatsApp sense el seu consentiment","datePublished":"2023-01-26T12:42:40+00:00","dateModified":"2023-01-26T12:42:40+00:00","mainEntityOfPage":{"@id":"https:\/\/www.ariasassessors.com\/ca\/agencia-espanyola-proteccio-de-dades-inclusio-treballador-grup-whatsapp\/"},"wordCount":398,"commentCount":0,"publisher":{"@id":"https:\/\/www.ariasassessors.com\/#organization"},"image":{"@id":"https:\/\/www.ariasassessors.com\/ca\/agencia-espanyola-proteccio-de-dades-inclusio-treballador-grup-whatsapp\/#primaryimage"},"thumbnailUrl":"https:\/\/www.ariasassessors.com\/wp-content\/uploads\/2023\/01\/Arias_Blog_IMAGEN_DESTACADA-5-1.png","articleSection":["noticies"],"inLanguage":"ca","potentialAction":[{"@type":"CommentAction","name":"Comment","target":["https:\/\/www.ariasassessors.com\/ca\/agencia-espanyola-proteccio-de-dades-inclusio-treballador-grup-whatsapp\/#respond"]}]},{"@type":"WebPage","@id":"https:\/\/www.ariasassessors.com\/ca\/agencia-espanyola-proteccio-de-dades-inclusio-treballador-grup-whatsapp\/","url":"https:\/\/www.ariasassessors.com\/ca\/agencia-espanyola-proteccio-de-dades-inclusio-treballador-grup-whatsapp\/","name":"L'Ag\u00e8ncia Espanyola de Protecci\u00f3 de Dades valguda la inclusi\u00f3 del treballador en un grup de WhatsApp sense el seu consentiment | Arias Assessors","isPartOf":{"@id":"https:\/\/www.ariasassessors.com\/#website"},"primaryImageOfPage":{"@id":"https:\/\/www.ariasassessors.com\/ca\/agencia-espanyola-proteccio-de-dades-inclusio-treballador-grup-whatsapp\/#primaryimage"},"image":{"@id":"https:\/\/www.ariasassessors.com\/ca\/agencia-espanyola-proteccio-de-dades-inclusio-treballador-grup-whatsapp\/#primaryimage"},"thumbnailUrl":"https:\/\/www.ariasassessors.com\/wp-content\/uploads\/2023\/01\/Arias_Blog_IMAGEN_DESTACADA-5-1.png","datePublished":"2023-01-26T12:42:40+00:00","dateModified":"2023-01-26T12:42:40+00:00","description":"L'Ag\u00e8ncia Espanyola de Protecci\u00f3 de Dades valida la inclusi\u00f3 del treballador en un grup de WhatsApp sense el seu consentiment","breadcrumb":{"@id":"https:\/\/www.ariasassessors.com\/ca\/agencia-espanyola-proteccio-de-dades-inclusio-treballador-grup-whatsapp\/#breadcrumb"},"inLanguage":"ca","potentialAction":[{"@type":"ReadAction","target":["https:\/\/www.ariasassessors.com\/ca\/agencia-espanyola-proteccio-de-dades-inclusio-treballador-grup-whatsapp\/"]}]},{"@type":"ImageObject","inLanguage":"ca","@id":"https:\/\/www.ariasassessors.com\/ca\/agencia-espanyola-proteccio-de-dades-inclusio-treballador-grup-whatsapp\/#primaryimage","url":"https:\/\/www.ariasassessors.com\/wp-content\/uploads\/2023\/01\/Arias_Blog_IMAGEN_DESTACADA-5-1.png","contentUrl":"https:\/\/www.ariasassessors.com\/wp-content\/uploads\/2023\/01\/Arias_Blog_IMAGEN_DESTACADA-5-1.png","width":1920,"height":1202,"caption":"La Agencia Espa\u00f1ola de Protecci\u00f3n de Datos valida la inclusi\u00f3n del trabajador en un grupo de WhatsApp sin su consentimiento"},{"@type":"BreadcrumbList","@id":"https:\/\/www.ariasassessors.com\/ca\/agencia-espanyola-proteccio-de-dades-inclusio-treballador-grup-whatsapp\/#breadcrumb","itemListElement":[{"@type":"ListItem","position":1,"name":"Portada","item":"https:\/\/www.ariasassessors.com\/ca\/"},{"@type":"ListItem","position":2,"name":"L&#8217;Ag\u00e8ncia Espanyola de Protecci\u00f3 de Dades valguda la inclusi\u00f3 del treballador en un grup de WhatsApp sense el seu consentiment"}]},{"@type":"WebSite","@id":"https:\/\/www.ariasassessors.com\/#website","url":"https:\/\/www.ariasassessors.com\/","name":"Arias Assessors","description":"Asesor\u00eda para aut\u00f3nomos, profesionales y PYMES","publisher":{"@id":"https:\/\/www.ariasassessors.com\/#organization"},"potentialAction":[{"@type":"SearchAction","target":{"@type":"EntryPoint","urlTemplate":"https:\/\/www.ariasassessors.com\/?s={search_term_string}"},"query-input":{"@type":"PropertyValueSpecification","valueRequired":true,"valueName":"search_term_string"}}],"inLanguage":"ca"},{"@type":"Organization","@id":"https:\/\/www.ariasassessors.com\/#organization","name":"Arias Assessors","url":"https:\/\/www.ariasassessors.com\/","logo":{"@type":"ImageObject","inLanguage":"ca","@id":"https:\/\/www.ariasassessors.com\/#\/schema\/logo\/image\/","url":"https:\/\/www.ariasassessors.com\/wp-content\/uploads\/2019\/01\/arias-logo.png","contentUrl":"https:\/\/www.ariasassessors.com\/wp-content\/uploads\/2019\/01\/arias-logo.png","width":349,"height":254,"caption":"Arias Assessors"},"image":{"@id":"https:\/\/www.ariasassessors.com\/#\/schema\/logo\/image\/"},"sameAs":["https:\/\/www.facebook.com\/ariasassessors\/","https:\/\/x.com\/ariasassessors","https:\/\/www.linkedin.com\/company\/r&amp;amp;r-growing-knowledge\/"]},{"@type":"Person","@id":"https:\/\/www.ariasassessors.com\/#\/schema\/person\/63c6ad1775f0a9413c37932562673cef","name":"btorras","image":{"@type":"ImageObject","inLanguage":"ca","@id":"https:\/\/www.ariasassessors.com\/#\/schema\/person\/image\/","url":"https:\/\/secure.gravatar.com\/avatar\/0531db351fc361fdbfd204c58fa2d6a3?s=96&d=mm&r=g","contentUrl":"https:\/\/secure.gravatar.com\/avatar\/0531db351fc361fdbfd204c58fa2d6a3?s=96&d=mm&r=g","caption":"btorras"}}]}},"_links":{"self":[{"href":"https:\/\/www.ariasassessors.com\/ca\/wp-json\/wp\/v2\/posts\/2294","targetHints":{"allow":["GET"]}}],"collection":[{"href":"https:\/\/www.ariasassessors.com\/ca\/wp-json\/wp\/v2\/posts"}],"about":[{"href":"https:\/\/www.ariasassessors.com\/ca\/wp-json\/wp\/v2\/types\/post"}],"author":[{"embeddable":true,"href":"https:\/\/www.ariasassessors.com\/ca\/wp-json\/wp\/v2\/users\/2"}],"replies":[{"embeddable":true,"href":"https:\/\/www.ariasassessors.com\/ca\/wp-json\/wp\/v2\/comments?post=2294"}],"version-history":[{"count":2,"href":"https:\/\/www.ariasassessors.com\/ca\/wp-json\/wp\/v2\/posts\/2294\/revisions"}],"predecessor-version":[{"id":2298,"href":"https:\/\/www.ariasassessors.com\/ca\/wp-json\/wp\/v2\/posts\/2294\/revisions\/2298"}],"wp:featuredmedia":[{"embeddable":true,"href":"https:\/\/www.ariasassessors.com\/ca\/wp-json\/wp\/v2\/media\/2297"}],"wp:attachment":[{"href":"https:\/\/www.ariasassessors.com\/ca\/wp-json\/wp\/v2\/media?parent=2294"}],"wp:term":[{"taxonomy":"category","embeddable":true,"href":"https:\/\/www.ariasassessors.com\/ca\/wp-json\/wp\/v2\/categories?post=2294"},{"taxonomy":"post_tag","embeddable":true,"href":"https:\/\/www.ariasassessors.com\/ca\/wp-json\/wp\/v2\/tags?post=2294"}],"curies":[{"name":"wp","href":"https:\/\/api.w.org\/{rel}","templated":true}]}}