{"id":2318,"date":"2023-02-08T14:05:49","date_gmt":"2023-02-08T13:05:49","guid":{"rendered":"https:\/\/www.ariasassessors.com\/?p=2318"},"modified":"2023-02-08T14:06:34","modified_gmt":"2023-02-08T13:06:34","slug":"custodia-compartida-no-eximeix-pagament-de-aliments","status":"publish","type":"post","link":"https:\/\/www.ariasassessors.com\/ca\/custodia-compartida-no-eximeix-pagament-de-aliments\/","title":{"rendered":"El Tribunal Suprem reitera que la cust\u00f2dia compartida no eximeix del pagament d&#8217;aliments"},"content":{"rendered":"<p>El Tribunal Suprem reitera la seva doctrina segons la qual el fet que entre els pares s&#8217;estableixi la cust\u00f2dia compartida no eximeixen del pagament d&#8217;aliments quan existeixi desproporci\u00f3 en els ingressos de tots dos progenitors.<\/p>\n<p>L&#8217;Alt Tribunal en sent\u00e8ncia<strong> n\u00fam. 866\/2022, de 9 de desembre, *ECLI:\u00c9S:TS:2022:4499 reitera la doctrina<\/strong> ja establerta per aquest, segons la qual <strong>els aliments estan subjectes al principi de proporcionalitat<\/strong>, sobre la base de la capacitat de tots dos progenitors i necessitat de l&#8217;alimentat <strong>(STS 656\/2021, de 4 d&#8217;octubre, ECLI:\u00c9S:TS:2021:3627).<\/strong><\/p>\n<p>El cas concret porta causa de la demanda promoguda pel pare de modificaci\u00f3 de les mesures adoptades per mutu acord en el procediment de guarda i cust\u00f2dia, en el qual s&#8217;havia decidit concedir la guarda i cust\u00f2dia a la mare. Davant un canvi en la situaci\u00f3 laboral, el pare sol\u00b7licita que s&#8217;estableixi la cust\u00f2dia compartida i la supressi\u00f3 de la pensi\u00f3 d&#8217;aliments. Aquesta sol\u00b7licitud \u00e9s denegada en primera inst\u00e0ncia, per\u00f2 en apel\u00b7laci\u00f3 d&#8217;estima el recurs, establint-se un r\u00e8gim de guarda i cust\u00f2dia compartida assumint els progenitors les despeses dels seus fills les setmanes que estiguin al seu c\u00e0rrec, amb despeses extraordin\u00e0ries al 50%.<\/p>\n<p>La mare recorre aquesta resoluci\u00f3 assenyalant que malgrat l&#8217;adopci\u00f3 de la cust\u00f2dia compartida, procediria haver establert una pensi\u00f3 d&#8217;aliments atesa la desproporci\u00f3 entre els ingressos de tots dos progenitors. D&#8217;una banda el pare amb treball estable i domicili propi, mentre que la mare es troba en situaci\u00f3 de desocupaci\u00f3 i viu en el domicili de l&#8217;\u00e0via dels menors. Aquesta difer\u00e8ncia, considera la mare, suposaria un perjudici als menors que passarien d&#8217;un m\u00f3n d&#8217;estretors amb la mare, mentre que el pare podria permetre uns certs luxes.<\/p>\n<p>El Tribunal Suprem estima el motiu i es remet a la jurisprud\u00e8ncia establerta pel mateix considerant que s&#8217;infringeix l&#8217;art. 142 del CC\u00a0\u00a0que determina que\u00a0el <strong>sistema de guarda i cust\u00f2dia compartida no eximeix de l&#8217;abonament de pensi\u00f3 aliment\u00e0ria<\/strong>. En aquest sentit estableix l&#8217;Alt Tribunal:<\/p>\n<p><em><span style=\"font-size: small;\">\u00abAquesta sala ha declarat en sent\u00e8ncia 656\/2021, de 4 d&#8217;octubre, que els aliments estan subjectes al principi de proporcionalitat, sobre la base de la capacitat de tots dos progenitors i necessitat de l&#8217;alimentat.\u00a0Aquesta Sala en sent\u00e8ncies 55\/2016, d&#8217;11 de febrer, i 564\/2017, de 17 d&#8217;octubre, entre altres, ha declarat que l&#8217;estada parit\u00e0ria no eximeix del pagament d&#8217;aliments quan existeixi desproporci\u00f3 en els ingressos de tots dos progenitors (art. 146 del C.\u00a0 Civil)\u00bb.<\/span><\/em><\/p>\n<p>&nbsp;<\/p>\n<p>Noticia extreta de: <a href=\"https:\/\/www.iberley.es\/noticias\/el-ts-reitera-que-custodia-compartida-no-exime-pago-alimentos-32179?nolog=1&amp;sort=fecha&amp;noIndex\">https:\/\/www.iberley.es<\/a><\/p>\n","protected":false},"excerpt":{"rendered":"<p>El Tribunal Suprem reitera la seva doctrina segons la qual el fet que entre els pares s&#8217;estableixi la cust\u00f2dia compartida no eximeixen del pagament d&#8217;aliments quan existeixi desproporci\u00f3 en els ingressos de tots dos progenitors. L&#8217;Alt Tribunal en sent\u00e8ncia n\u00fam. 866\/2022, de 9 de desembre,&#8230;<\/p>\n","protected":false},"author":2,"featured_media":2313,"comment_status":"open","ping_status":"open","sticky":false,"template":"","format":"standard","meta":{"footnotes":""},"categories":[4],"tags":[],"class_list":["post-2318","post","type-post","status-publish","format-standard","has-post-thumbnail","hentry","category-noticies"],"yoast_head":"<!-- This site is optimized with the Yoast SEO plugin v24.3 - https:\/\/yoast.com\/wordpress\/plugins\/seo\/ -->\n<title>El Tribunal Suprem reitera que la cust\u00f2dia compartida no eximeix del pagament d&#039;aliments | Arias Assessors<\/title>\n<meta name=\"description\" content=\"El Tribunal Suprem reitera el fet que els pares s&#039;estableixi la cust\u00f2dia compartida no eximeixen del pagament d&#039;aliments\" \/>\n<meta name=\"robots\" content=\"index, follow, max-snippet:-1, max-image-preview:large, max-video-preview:-1\" \/>\n<link rel=\"canonical\" href=\"https:\/\/www.ariasassessors.com\/ca\/custodia-compartida-no-eximeix-pagament-de-aliments\/\" \/>\n<meta property=\"og:locale\" content=\"ca_ES\" \/>\n<meta property=\"og:type\" content=\"article\" \/>\n<meta property=\"og:title\" content=\"El Tribunal Suprem reitera que la cust\u00f2dia compartida no eximeix del pagament d&#039;aliments | Arias Assessors\" \/>\n<meta property=\"og:description\" content=\"El Tribunal Suprem reitera el fet que els pares s&#039;estableixi la cust\u00f2dia compartida no eximeixen del pagament d&#039;aliments\" \/>\n<meta property=\"og:url\" content=\"https:\/\/www.ariasassessors.com\/ca\/custodia-compartida-no-eximeix-pagament-de-aliments\/\" \/>\n<meta property=\"og:site_name\" content=\"Arias Assessors\" \/>\n<meta property=\"article:publisher\" content=\"https:\/\/www.facebook.com\/ariasassessors\/\" \/>\n<meta property=\"article:published_time\" content=\"2023-02-08T13:05:49+00:00\" \/>\n<meta property=\"article:modified_time\" content=\"2023-02-08T13:06:34+00:00\" \/>\n<meta property=\"og:image\" content=\"https:\/\/www.ariasassessors.com\/wp-content\/uploads\/2023\/02\/Arias_Blog_IMAGEN_DESTACADA-6-2.png\" \/>\n\t<meta property=\"og:image:width\" content=\"1920\" \/>\n\t<meta property=\"og:image:height\" content=\"1202\" \/>\n\t<meta property=\"og:image:type\" content=\"image\/png\" \/>\n<meta name=\"author\" content=\"btorras\" \/>\n<meta name=\"twitter:card\" content=\"summary_large_image\" \/>\n<meta name=\"twitter:creator\" content=\"@ariasassessors\" \/>\n<meta name=\"twitter:site\" content=\"@ariasassessors\" \/>\n<meta name=\"twitter:label1\" content=\"Escrit per\" \/>\n\t<meta name=\"twitter:data1\" content=\"btorras\" \/>\n\t<meta name=\"twitter:label2\" content=\"Temps estimat de lectura\" \/>\n\t<meta name=\"twitter:data2\" content=\"2 minuts\" \/>\n<script type=\"application\/ld+json\" class=\"yoast-schema-graph\">{\"@context\":\"https:\/\/schema.org\",\"@graph\":[{\"@type\":\"Article\",\"@id\":\"https:\/\/www.ariasassessors.com\/ca\/custodia-compartida-no-eximeix-pagament-de-aliments\/#article\",\"isPartOf\":{\"@id\":\"https:\/\/www.ariasassessors.com\/ca\/custodia-compartida-no-eximeix-pagament-de-aliments\/\"},\"author\":{\"name\":\"btorras\",\"@id\":\"https:\/\/www.ariasassessors.com\/#\/schema\/person\/63c6ad1775f0a9413c37932562673cef\"},\"headline\":\"El Tribunal Suprem reitera que la cust\u00f2dia compartida no eximeix del pagament d&#8217;aliments\",\"datePublished\":\"2023-02-08T13:05:49+00:00\",\"dateModified\":\"2023-02-08T13:06:34+00:00\",\"mainEntityOfPage\":{\"@id\":\"https:\/\/www.ariasassessors.com\/ca\/custodia-compartida-no-eximeix-pagament-de-aliments\/\"},\"wordCount\":428,\"commentCount\":0,\"publisher\":{\"@id\":\"https:\/\/www.ariasassessors.com\/#organization\"},\"image\":{\"@id\":\"https:\/\/www.ariasassessors.com\/ca\/custodia-compartida-no-eximeix-pagament-de-aliments\/#primaryimage\"},\"thumbnailUrl\":\"https:\/\/www.ariasassessors.com\/wp-content\/uploads\/2023\/02\/Arias_Blog_IMAGEN_DESTACADA-6-2.png\",\"articleSection\":[\"noticies\"],\"inLanguage\":\"ca\",\"potentialAction\":[{\"@type\":\"CommentAction\",\"name\":\"Comment\",\"target\":[\"https:\/\/www.ariasassessors.com\/ca\/custodia-compartida-no-eximeix-pagament-de-aliments\/#respond\"]}]},{\"@type\":\"WebPage\",\"@id\":\"https:\/\/www.ariasassessors.com\/ca\/custodia-compartida-no-eximeix-pagament-de-aliments\/\",\"url\":\"https:\/\/www.ariasassessors.com\/ca\/custodia-compartida-no-eximeix-pagament-de-aliments\/\",\"name\":\"El Tribunal Suprem reitera que la cust\u00f2dia compartida no eximeix del pagament d'aliments | Arias Assessors\",\"isPartOf\":{\"@id\":\"https:\/\/www.ariasassessors.com\/#website\"},\"primaryImageOfPage\":{\"@id\":\"https:\/\/www.ariasassessors.com\/ca\/custodia-compartida-no-eximeix-pagament-de-aliments\/#primaryimage\"},\"image\":{\"@id\":\"https:\/\/www.ariasassessors.com\/ca\/custodia-compartida-no-eximeix-pagament-de-aliments\/#primaryimage\"},\"thumbnailUrl\":\"https:\/\/www.ariasassessors.com\/wp-content\/uploads\/2023\/02\/Arias_Blog_IMAGEN_DESTACADA-6-2.png\",\"datePublished\":\"2023-02-08T13:05:49+00:00\",\"dateModified\":\"2023-02-08T13:06:34+00:00\",\"description\":\"El Tribunal Suprem reitera el fet que els pares s'estableixi la cust\u00f2dia compartida no eximeixen del pagament d'aliments\",\"breadcrumb\":{\"@id\":\"https:\/\/www.ariasassessors.com\/ca\/custodia-compartida-no-eximeix-pagament-de-aliments\/#breadcrumb\"},\"inLanguage\":\"ca\",\"potentialAction\":[{\"@type\":\"ReadAction\",\"target\":[\"https:\/\/www.ariasassessors.com\/ca\/custodia-compartida-no-eximeix-pagament-de-aliments\/\"]}]},{\"@type\":\"ImageObject\",\"inLanguage\":\"ca\",\"@id\":\"https:\/\/www.ariasassessors.com\/ca\/custodia-compartida-no-eximeix-pagament-de-aliments\/#primaryimage\",\"url\":\"https:\/\/www.ariasassessors.com\/wp-content\/uploads\/2023\/02\/Arias_Blog_IMAGEN_DESTACADA-6-2.png\",\"contentUrl\":\"https:\/\/www.ariasassessors.com\/wp-content\/uploads\/2023\/02\/Arias_Blog_IMAGEN_DESTACADA-6-2.png\",\"width\":1920,\"height\":1202,\"caption\":\"pago de alimentos\"},{\"@type\":\"BreadcrumbList\",\"@id\":\"https:\/\/www.ariasassessors.com\/ca\/custodia-compartida-no-eximeix-pagament-de-aliments\/#breadcrumb\",\"itemListElement\":[{\"@type\":\"ListItem\",\"position\":1,\"name\":\"Portada\",\"item\":\"https:\/\/www.ariasassessors.com\/ca\/\"},{\"@type\":\"ListItem\",\"position\":2,\"name\":\"El Tribunal Suprem reitera que la cust\u00f2dia compartida no eximeix del pagament d&#8217;aliments\"}]},{\"@type\":\"WebSite\",\"@id\":\"https:\/\/www.ariasassessors.com\/#website\",\"url\":\"https:\/\/www.ariasassessors.com\/\",\"name\":\"Arias Assessors\",\"description\":\"Asesor\u00eda para aut\u00f3nomos, profesionales y PYMES\",\"publisher\":{\"@id\":\"https:\/\/www.ariasassessors.com\/#organization\"},\"potentialAction\":[{\"@type\":\"SearchAction\",\"target\":{\"@type\":\"EntryPoint\",\"urlTemplate\":\"https:\/\/www.ariasassessors.com\/?s={search_term_string}\"},\"query-input\":{\"@type\":\"PropertyValueSpecification\",\"valueRequired\":true,\"valueName\":\"search_term_string\"}}],\"inLanguage\":\"ca\"},{\"@type\":\"Organization\",\"@id\":\"https:\/\/www.ariasassessors.com\/#organization\",\"name\":\"Arias Assessors\",\"url\":\"https:\/\/www.ariasassessors.com\/\",\"logo\":{\"@type\":\"ImageObject\",\"inLanguage\":\"ca\",\"@id\":\"https:\/\/www.ariasassessors.com\/#\/schema\/logo\/image\/\",\"url\":\"https:\/\/www.ariasassessors.com\/wp-content\/uploads\/2019\/01\/arias-logo.png\",\"contentUrl\":\"https:\/\/www.ariasassessors.com\/wp-content\/uploads\/2019\/01\/arias-logo.png\",\"width\":349,\"height\":254,\"caption\":\"Arias Assessors\"},\"image\":{\"@id\":\"https:\/\/www.ariasassessors.com\/#\/schema\/logo\/image\/\"},\"sameAs\":[\"https:\/\/www.facebook.com\/ariasassessors\/\",\"https:\/\/x.com\/ariasassessors\",\"https:\/\/www.linkedin.com\/company\/r&amp;amp;r-growing-knowledge\/\"]},{\"@type\":\"Person\",\"@id\":\"https:\/\/www.ariasassessors.com\/#\/schema\/person\/63c6ad1775f0a9413c37932562673cef\",\"name\":\"btorras\",\"image\":{\"@type\":\"ImageObject\",\"inLanguage\":\"ca\",\"@id\":\"https:\/\/www.ariasassessors.com\/#\/schema\/person\/image\/\",\"url\":\"https:\/\/secure.gravatar.com\/avatar\/0531db351fc361fdbfd204c58fa2d6a3?s=96&d=mm&r=g\",\"contentUrl\":\"https:\/\/secure.gravatar.com\/avatar\/0531db351fc361fdbfd204c58fa2d6a3?s=96&d=mm&r=g\",\"caption\":\"btorras\"}}]}<\/script>\n<!-- \/ Yoast SEO plugin. -->","yoast_head_json":{"title":"El Tribunal Suprem reitera que la cust\u00f2dia compartida no eximeix del pagament d'aliments | Arias Assessors","description":"El Tribunal Suprem reitera el fet que els pares s'estableixi la cust\u00f2dia compartida no eximeixen del pagament d'aliments","robots":{"index":"index","follow":"follow","max-snippet":"max-snippet:-1","max-image-preview":"max-image-preview:large","max-video-preview":"max-video-preview:-1"},"canonical":"https:\/\/www.ariasassessors.com\/ca\/custodia-compartida-no-eximeix-pagament-de-aliments\/","og_locale":"ca_ES","og_type":"article","og_title":"El Tribunal Suprem reitera que la cust\u00f2dia compartida no eximeix del pagament d'aliments | Arias Assessors","og_description":"El Tribunal Suprem reitera el fet que els pares s'estableixi la cust\u00f2dia compartida no eximeixen del pagament d'aliments","og_url":"https:\/\/www.ariasassessors.com\/ca\/custodia-compartida-no-eximeix-pagament-de-aliments\/","og_site_name":"Arias Assessors","article_publisher":"https:\/\/www.facebook.com\/ariasassessors\/","article_published_time":"2023-02-08T13:05:49+00:00","article_modified_time":"2023-02-08T13:06:34+00:00","og_image":[{"width":1920,"height":1202,"url":"https:\/\/www.ariasassessors.com\/wp-content\/uploads\/2023\/02\/Arias_Blog_IMAGEN_DESTACADA-6-2.png","type":"image\/png"}],"author":"btorras","twitter_card":"summary_large_image","twitter_creator":"@ariasassessors","twitter_site":"@ariasassessors","twitter_misc":{"Escrit per":"btorras","Temps estimat de lectura":"2 minuts"},"schema":{"@context":"https:\/\/schema.org","@graph":[{"@type":"Article","@id":"https:\/\/www.ariasassessors.com\/ca\/custodia-compartida-no-eximeix-pagament-de-aliments\/#article","isPartOf":{"@id":"https:\/\/www.ariasassessors.com\/ca\/custodia-compartida-no-eximeix-pagament-de-aliments\/"},"author":{"name":"btorras","@id":"https:\/\/www.ariasassessors.com\/#\/schema\/person\/63c6ad1775f0a9413c37932562673cef"},"headline":"El Tribunal Suprem reitera que la cust\u00f2dia compartida no eximeix del pagament d&#8217;aliments","datePublished":"2023-02-08T13:05:49+00:00","dateModified":"2023-02-08T13:06:34+00:00","mainEntityOfPage":{"@id":"https:\/\/www.ariasassessors.com\/ca\/custodia-compartida-no-eximeix-pagament-de-aliments\/"},"wordCount":428,"commentCount":0,"publisher":{"@id":"https:\/\/www.ariasassessors.com\/#organization"},"image":{"@id":"https:\/\/www.ariasassessors.com\/ca\/custodia-compartida-no-eximeix-pagament-de-aliments\/#primaryimage"},"thumbnailUrl":"https:\/\/www.ariasassessors.com\/wp-content\/uploads\/2023\/02\/Arias_Blog_IMAGEN_DESTACADA-6-2.png","articleSection":["noticies"],"inLanguage":"ca","potentialAction":[{"@type":"CommentAction","name":"Comment","target":["https:\/\/www.ariasassessors.com\/ca\/custodia-compartida-no-eximeix-pagament-de-aliments\/#respond"]}]},{"@type":"WebPage","@id":"https:\/\/www.ariasassessors.com\/ca\/custodia-compartida-no-eximeix-pagament-de-aliments\/","url":"https:\/\/www.ariasassessors.com\/ca\/custodia-compartida-no-eximeix-pagament-de-aliments\/","name":"El Tribunal Suprem reitera que la cust\u00f2dia compartida no eximeix del pagament d'aliments | Arias Assessors","isPartOf":{"@id":"https:\/\/www.ariasassessors.com\/#website"},"primaryImageOfPage":{"@id":"https:\/\/www.ariasassessors.com\/ca\/custodia-compartida-no-eximeix-pagament-de-aliments\/#primaryimage"},"image":{"@id":"https:\/\/www.ariasassessors.com\/ca\/custodia-compartida-no-eximeix-pagament-de-aliments\/#primaryimage"},"thumbnailUrl":"https:\/\/www.ariasassessors.com\/wp-content\/uploads\/2023\/02\/Arias_Blog_IMAGEN_DESTACADA-6-2.png","datePublished":"2023-02-08T13:05:49+00:00","dateModified":"2023-02-08T13:06:34+00:00","description":"El Tribunal Suprem reitera el fet que els pares s'estableixi la cust\u00f2dia compartida no eximeixen del pagament d'aliments","breadcrumb":{"@id":"https:\/\/www.ariasassessors.com\/ca\/custodia-compartida-no-eximeix-pagament-de-aliments\/#breadcrumb"},"inLanguage":"ca","potentialAction":[{"@type":"ReadAction","target":["https:\/\/www.ariasassessors.com\/ca\/custodia-compartida-no-eximeix-pagament-de-aliments\/"]}]},{"@type":"ImageObject","inLanguage":"ca","@id":"https:\/\/www.ariasassessors.com\/ca\/custodia-compartida-no-eximeix-pagament-de-aliments\/#primaryimage","url":"https:\/\/www.ariasassessors.com\/wp-content\/uploads\/2023\/02\/Arias_Blog_IMAGEN_DESTACADA-6-2.png","contentUrl":"https:\/\/www.ariasassessors.com\/wp-content\/uploads\/2023\/02\/Arias_Blog_IMAGEN_DESTACADA-6-2.png","width":1920,"height":1202,"caption":"pago de alimentos"},{"@type":"BreadcrumbList","@id":"https:\/\/www.ariasassessors.com\/ca\/custodia-compartida-no-eximeix-pagament-de-aliments\/#breadcrumb","itemListElement":[{"@type":"ListItem","position":1,"name":"Portada","item":"https:\/\/www.ariasassessors.com\/ca\/"},{"@type":"ListItem","position":2,"name":"El Tribunal Suprem reitera que la cust\u00f2dia compartida no eximeix del pagament d&#8217;aliments"}]},{"@type":"WebSite","@id":"https:\/\/www.ariasassessors.com\/#website","url":"https:\/\/www.ariasassessors.com\/","name":"Arias Assessors","description":"Asesor\u00eda para aut\u00f3nomos, profesionales y PYMES","publisher":{"@id":"https:\/\/www.ariasassessors.com\/#organization"},"potentialAction":[{"@type":"SearchAction","target":{"@type":"EntryPoint","urlTemplate":"https:\/\/www.ariasassessors.com\/?s={search_term_string}"},"query-input":{"@type":"PropertyValueSpecification","valueRequired":true,"valueName":"search_term_string"}}],"inLanguage":"ca"},{"@type":"Organization","@id":"https:\/\/www.ariasassessors.com\/#organization","name":"Arias Assessors","url":"https:\/\/www.ariasassessors.com\/","logo":{"@type":"ImageObject","inLanguage":"ca","@id":"https:\/\/www.ariasassessors.com\/#\/schema\/logo\/image\/","url":"https:\/\/www.ariasassessors.com\/wp-content\/uploads\/2019\/01\/arias-logo.png","contentUrl":"https:\/\/www.ariasassessors.com\/wp-content\/uploads\/2019\/01\/arias-logo.png","width":349,"height":254,"caption":"Arias Assessors"},"image":{"@id":"https:\/\/www.ariasassessors.com\/#\/schema\/logo\/image\/"},"sameAs":["https:\/\/www.facebook.com\/ariasassessors\/","https:\/\/x.com\/ariasassessors","https:\/\/www.linkedin.com\/company\/r&amp;amp;r-growing-knowledge\/"]},{"@type":"Person","@id":"https:\/\/www.ariasassessors.com\/#\/schema\/person\/63c6ad1775f0a9413c37932562673cef","name":"btorras","image":{"@type":"ImageObject","inLanguage":"ca","@id":"https:\/\/www.ariasassessors.com\/#\/schema\/person\/image\/","url":"https:\/\/secure.gravatar.com\/avatar\/0531db351fc361fdbfd204c58fa2d6a3?s=96&d=mm&r=g","contentUrl":"https:\/\/secure.gravatar.com\/avatar\/0531db351fc361fdbfd204c58fa2d6a3?s=96&d=mm&r=g","caption":"btorras"}}]}},"_links":{"self":[{"href":"https:\/\/www.ariasassessors.com\/ca\/wp-json\/wp\/v2\/posts\/2318","targetHints":{"allow":["GET"]}}],"collection":[{"href":"https:\/\/www.ariasassessors.com\/ca\/wp-json\/wp\/v2\/posts"}],"about":[{"href":"https:\/\/www.ariasassessors.com\/ca\/wp-json\/wp\/v2\/types\/post"}],"author":[{"embeddable":true,"href":"https:\/\/www.ariasassessors.com\/ca\/wp-json\/wp\/v2\/users\/2"}],"replies":[{"embeddable":true,"href":"https:\/\/www.ariasassessors.com\/ca\/wp-json\/wp\/v2\/comments?post=2318"}],"version-history":[{"count":2,"href":"https:\/\/www.ariasassessors.com\/ca\/wp-json\/wp\/v2\/posts\/2318\/revisions"}],"predecessor-version":[{"id":2320,"href":"https:\/\/www.ariasassessors.com\/ca\/wp-json\/wp\/v2\/posts\/2318\/revisions\/2320"}],"wp:featuredmedia":[{"embeddable":true,"href":"https:\/\/www.ariasassessors.com\/ca\/wp-json\/wp\/v2\/media\/2313"}],"wp:attachment":[{"href":"https:\/\/www.ariasassessors.com\/ca\/wp-json\/wp\/v2\/media?parent=2318"}],"wp:term":[{"taxonomy":"category","embeddable":true,"href":"https:\/\/www.ariasassessors.com\/ca\/wp-json\/wp\/v2\/categories?post=2318"},{"taxonomy":"post_tag","embeddable":true,"href":"https:\/\/www.ariasassessors.com\/ca\/wp-json\/wp\/v2\/tags?post=2318"}],"curies":[{"name":"wp","href":"https:\/\/api.w.org\/{rel}","templated":true}]}}