{"id":2323,"date":"2023-02-10T09:50:43","date_gmt":"2023-02-10T08:50:43","guid":{"rendered":"https:\/\/www.ariasassessors.com\/?p=2323"},"modified":"2023-02-10T09:50:43","modified_gmt":"2023-02-10T08:50:43","slug":"salari-minim-increment-8-per-cent","status":"publish","type":"post","link":"https:\/\/www.ariasassessors.com\/ca\/salari-minim-increment-8-per-cent\/","title":{"rendered":"El salari m\u00ednim s&#8217;incrementar\u00e0 la 8 por cent per a 2023 aconseguint els 1.080 euros"},"content":{"rendered":"<h1>El salari m\u00ednim s&#8217;incrementar\u00e0 la 8 por cent per a 2023 aconseguint els 1.080 euros<\/h1>\n<p>Segons es va anunciar ahir, el <a href=\"https:\/\/www.ariasassessors.com\/ca\/evolucion-historica-del-salario-minimo-interprofesional\/\">Salari M\u00ednim Interprofessional (SMI)<\/a> en 2023 queda fixat en 1.080 euros mensuals en 14 pagues o 1260 en 12. La pujada prevista es d&#8217;un 8 per cent.<\/p>\n<p>Durant la seva compareixen\u00e7a en el Ple del Senat per a explicar les mesures econ\u00f2miques aprovades por l&#8217;Executiu per a afrontar la guerra d&#8217;Ucra\u00efna, s&#8217;ha anunciat una pujada del salari (acordada sense la patronal), del 8 per cent respecte al SMI vigent l&#8217;any anterior.<\/p>\n<p>Pel que s&#8217;ha anunciat, i mancant la publicaci\u00f3 del Reial decret pel que es fixi el salari m\u00ednim interprofessional pel 2023, l&#8217;increment tindr\u00e0 car\u00e0cter retroactiu l&#8217;1 de gener d&#8217;enguany. Recordem que fins a la publicaci\u00f3 del SMI 2023 es mantindr\u00e0 vigent el Reial decret 152\/2022, de 22 de febrer, pel que es fixa el salari m\u00ednim interprofessional pel 2022 (prorrogada por el Reial decret 152\/2022, de 22 de febrer).<\/p>\n<table style=\"border-collapse: collapse; width: 1201px; height: 345px;\" border=\"0\" width=\"560\" cellspacing=\"0\" cellpadding=\"0\">\n<tbody>\n<tr style=\"height: 105.75pt;\">\n<td class=\"xl65\" style=\"height: 105.75pt; width: 60pt;\" width=\"80\" height=\"141\"><strong>Per\u00edode<\/strong><\/td>\n<td class=\"xl65\" style=\"border-left: none; width: 60pt;\" width=\"80\"><strong>D\u00eda<\/strong><\/td>\n<td class=\"xl65\" style=\"border-left: none; width: 60pt; box-sizing: inherit; -webkit-tap-highlight-color: transparent;\" width=\"80\"><strong>14 pagas<\/strong><\/td>\n<td class=\"xl65\" style=\"border-left: none; width: 60pt; box-sizing: inherit; -webkit-tap-highlight-color: transparent;\" width=\"80\"><strong>12 pagas<\/strong><\/td>\n<td class=\"xl65\" style=\"border-left: none; width: 60pt; box-sizing: inherit; -webkit-tap-highlight-color: transparent;\" width=\"80\"><strong>Anual<\/strong><\/td>\n<td class=\"xl65\" style=\"border-left: none; width: 60pt; box-sizing: inherit; -webkit-tap-highlight-color: transparent;\" width=\"80\"><strong>Persones treballadores eventuals i temporals\u00a0<\/strong><\/td>\n<td class=\"xl65\" style=\"border-left: none; width: 60pt; box-sizing: inherit; -webkit-tap-highlight-color: transparent;\" width=\"80\"><strong>Empleats de la llar<\/strong><\/td>\n<\/tr>\n<tr style=\"height: 150.75pt;\">\n<td class=\"xl66\" style=\"height: 150.75pt; border-top: none; width: 60pt;\" width=\"80\" height=\"201\">Desde la publicaci\u00f3 del SMI 2023 i amb efectes retroactius fins al 01\/01\/2023.<\/td>\n<td class=\"xl66\" style=\"border-top: none; border-left: none; width: 60pt;\" width=\"80\">36 euros<\/td>\n<td class=\"xl66\" style=\"border-top: none; border-left: none; width: 60pt; box-sizing: inherit; -webkit-tap-highlight-color: transparent;\" width=\"80\">1.080 euros<\/td>\n<td class=\"xl66\" style=\"border-top: none; border-left: none; width: 60pt; box-sizing: inherit; -webkit-tap-highlight-color: transparent;\" width=\"80\">1.260 euros<\/td>\n<td class=\"xl66\" style=\"border-top: none; border-left: none; width: 60pt; box-sizing: inherit; -webkit-tap-highlight-color: transparent;\" width=\"80\">15.120 euros<\/td>\n<td class=\"xl66\" style=\"border-top: none; border-left: none; width: 60pt; box-sizing: inherit; -webkit-tap-highlight-color: transparent;\" width=\"80\">51,15 (per jornada legal en l&#8217;activitat)<\/td>\n<td class=\"xl66\" style=\"border-top: none; border-left: none; width: 60pt; box-sizing: inherit; -webkit-tap-highlight-color: transparent;\" width=\"80\">8,45 (per hora efectivament treballada)<\/td>\n<\/tr>\n<\/tbody>\n<\/table>\n<p>Noticia extreta de: <a href=\"https:\/\/www.iberley.es\/noticias\/el-salario-minimo-se-incrementara-8-ciento-2023-alcanzando-los-1080-euros-32189?nolog=1&amp;sort=fecha&amp;noIndex\">www.iberley.es<\/a><\/p>\n","protected":false},"excerpt":{"rendered":"<p>El salari m\u00ednim s&#8217;incrementar\u00e0 la 8 por cent per a 2023 aconseguint els 1.080 euros Segons es va anunciar ahir, el Salari M\u00ednim Interprofessional (SMI) en 2023 queda fixat en 1.080 euros mensuals en 14 pagues o 1260 en 12. La pujada prevista es d&#8217;un&#8230;<\/p>\n","protected":false},"author":2,"featured_media":1830,"comment_status":"open","ping_status":"open","sticky":false,"template":"","format":"standard","meta":{"footnotes":""},"categories":[4],"tags":[],"class_list":["post-2323","post","type-post","status-publish","format-standard","has-post-thumbnail","hentry","category-noticies"],"yoast_head":"<!-- This site is optimized with the Yoast SEO plugin v24.3 - https:\/\/yoast.com\/wordpress\/plugins\/seo\/ -->\n<title>El salari m\u00ednim s&#039;incrementar\u00e0 la 8 por cent per a 2023 aconseguint els 1.080 euros | Arias Assessors<\/title>\n<meta name=\"description\" content=\"Coneix els detalls de l&#039;augment del salari m\u00ednim per a 2023 a Espanya. Descobreix com s&#039;incrementar\u00e0 un 8%\" \/>\n<meta name=\"robots\" content=\"index, follow, max-snippet:-1, max-image-preview:large, max-video-preview:-1\" \/>\n<link rel=\"canonical\" href=\"https:\/\/www.ariasassessors.com\/ca\/salari-minim-increment-8-per-cent\/\" \/>\n<meta property=\"og:locale\" content=\"ca_ES\" \/>\n<meta property=\"og:type\" content=\"article\" \/>\n<meta property=\"og:title\" content=\"El salari m\u00ednim s&#039;incrementar\u00e0 la 8 por cent per a 2023 aconseguint els 1.080 euros | Arias Assessors\" \/>\n<meta property=\"og:description\" content=\"Coneix els detalls de l&#039;augment del salari m\u00ednim per a 2023 a Espanya. Descobreix com s&#039;incrementar\u00e0 un 8%\" \/>\n<meta property=\"og:url\" content=\"https:\/\/www.ariasassessors.com\/ca\/salari-minim-increment-8-per-cent\/\" \/>\n<meta property=\"og:site_name\" content=\"Arias Assessors\" \/>\n<meta property=\"article:publisher\" content=\"https:\/\/www.facebook.com\/ariasassessors\/\" \/>\n<meta property=\"article:published_time\" content=\"2023-02-10T08:50:43+00:00\" \/>\n<meta property=\"og:image\" content=\"https:\/\/www.ariasassessors.com\/wp-content\/uploads\/2022\/02\/Arias_Blog_IMAGEN_DESTACADA-9.jpg\" \/>\n\t<meta property=\"og:image:width\" content=\"1920\" \/>\n\t<meta property=\"og:image:height\" content=\"1202\" \/>\n\t<meta property=\"og:image:type\" content=\"image\/jpeg\" \/>\n<meta name=\"author\" content=\"btorras\" \/>\n<meta name=\"twitter:card\" content=\"summary_large_image\" \/>\n<meta name=\"twitter:creator\" content=\"@ariasassessors\" \/>\n<meta name=\"twitter:site\" content=\"@ariasassessors\" \/>\n<meta name=\"twitter:label1\" content=\"Escrit per\" \/>\n\t<meta name=\"twitter:data1\" content=\"btorras\" \/>\n\t<meta name=\"twitter:label2\" content=\"Temps estimat de lectura\" \/>\n\t<meta name=\"twitter:data2\" content=\"1 minut\" \/>\n<script type=\"application\/ld+json\" class=\"yoast-schema-graph\">{\"@context\":\"https:\/\/schema.org\",\"@graph\":[{\"@type\":\"Article\",\"@id\":\"https:\/\/www.ariasassessors.com\/ca\/salari-minim-increment-8-per-cent\/#article\",\"isPartOf\":{\"@id\":\"https:\/\/www.ariasassessors.com\/ca\/salari-minim-increment-8-per-cent\/\"},\"author\":{\"name\":\"btorras\",\"@id\":\"https:\/\/www.ariasassessors.com\/#\/schema\/person\/63c6ad1775f0a9413c37932562673cef\"},\"headline\":\"El salari m\u00ednim s&#8217;incrementar\u00e0 la 8 por cent per a 2023 aconseguint els 1.080 euros\",\"datePublished\":\"2023-02-10T08:50:43+00:00\",\"dateModified\":\"2023-02-10T08:50:43+00:00\",\"mainEntityOfPage\":{\"@id\":\"https:\/\/www.ariasassessors.com\/ca\/salari-minim-increment-8-per-cent\/\"},\"wordCount\":211,\"commentCount\":0,\"publisher\":{\"@id\":\"https:\/\/www.ariasassessors.com\/#organization\"},\"image\":{\"@id\":\"https:\/\/www.ariasassessors.com\/ca\/salari-minim-increment-8-per-cent\/#primaryimage\"},\"thumbnailUrl\":\"https:\/\/www.ariasassessors.com\/wp-content\/uploads\/2022\/02\/Arias_Blog_IMAGEN_DESTACADA-9.jpg\",\"articleSection\":[\"noticies\"],\"inLanguage\":\"ca\",\"potentialAction\":[{\"@type\":\"CommentAction\",\"name\":\"Comment\",\"target\":[\"https:\/\/www.ariasassessors.com\/ca\/salari-minim-increment-8-per-cent\/#respond\"]}]},{\"@type\":\"WebPage\",\"@id\":\"https:\/\/www.ariasassessors.com\/ca\/salari-minim-increment-8-per-cent\/\",\"url\":\"https:\/\/www.ariasassessors.com\/ca\/salari-minim-increment-8-per-cent\/\",\"name\":\"El salari m\u00ednim s'incrementar\u00e0 la 8 por cent per a 2023 aconseguint els 1.080 euros | Arias Assessors\",\"isPartOf\":{\"@id\":\"https:\/\/www.ariasassessors.com\/#website\"},\"primaryImageOfPage\":{\"@id\":\"https:\/\/www.ariasassessors.com\/ca\/salari-minim-increment-8-per-cent\/#primaryimage\"},\"image\":{\"@id\":\"https:\/\/www.ariasassessors.com\/ca\/salari-minim-increment-8-per-cent\/#primaryimage\"},\"thumbnailUrl\":\"https:\/\/www.ariasassessors.com\/wp-content\/uploads\/2022\/02\/Arias_Blog_IMAGEN_DESTACADA-9.jpg\",\"datePublished\":\"2023-02-10T08:50:43+00:00\",\"dateModified\":\"2023-02-10T08:50:43+00:00\",\"description\":\"Coneix els detalls de l'augment del salari m\u00ednim per a 2023 a Espanya. Descobreix com s'incrementar\u00e0 un 8%\",\"breadcrumb\":{\"@id\":\"https:\/\/www.ariasassessors.com\/ca\/salari-minim-increment-8-per-cent\/#breadcrumb\"},\"inLanguage\":\"ca\",\"potentialAction\":[{\"@type\":\"ReadAction\",\"target\":[\"https:\/\/www.ariasassessors.com\/ca\/salari-minim-increment-8-per-cent\/\"]}]},{\"@type\":\"ImageObject\",\"inLanguage\":\"ca\",\"@id\":\"https:\/\/www.ariasassessors.com\/ca\/salari-minim-increment-8-per-cent\/#primaryimage\",\"url\":\"https:\/\/www.ariasassessors.com\/wp-content\/uploads\/2022\/02\/Arias_Blog_IMAGEN_DESTACADA-9.jpg\",\"contentUrl\":\"https:\/\/www.ariasassessors.com\/wp-content\/uploads\/2022\/02\/Arias_Blog_IMAGEN_DESTACADA-9.jpg\",\"width\":1920,\"height\":1202,\"caption\":\"Salario m\u00ednimo\"},{\"@type\":\"BreadcrumbList\",\"@id\":\"https:\/\/www.ariasassessors.com\/ca\/salari-minim-increment-8-per-cent\/#breadcrumb\",\"itemListElement\":[{\"@type\":\"ListItem\",\"position\":1,\"name\":\"Portada\",\"item\":\"https:\/\/www.ariasassessors.com\/ca\/\"},{\"@type\":\"ListItem\",\"position\":2,\"name\":\"El salari m\u00ednim s&#8217;incrementar\u00e0 la 8 por cent per a 2023 aconseguint els 1.080 euros\"}]},{\"@type\":\"WebSite\",\"@id\":\"https:\/\/www.ariasassessors.com\/#website\",\"url\":\"https:\/\/www.ariasassessors.com\/\",\"name\":\"Arias Assessors\",\"description\":\"Asesor\u00eda para aut\u00f3nomos, profesionales y PYMES\",\"publisher\":{\"@id\":\"https:\/\/www.ariasassessors.com\/#organization\"},\"potentialAction\":[{\"@type\":\"SearchAction\",\"target\":{\"@type\":\"EntryPoint\",\"urlTemplate\":\"https:\/\/www.ariasassessors.com\/?s={search_term_string}\"},\"query-input\":{\"@type\":\"PropertyValueSpecification\",\"valueRequired\":true,\"valueName\":\"search_term_string\"}}],\"inLanguage\":\"ca\"},{\"@type\":\"Organization\",\"@id\":\"https:\/\/www.ariasassessors.com\/#organization\",\"name\":\"Arias Assessors\",\"url\":\"https:\/\/www.ariasassessors.com\/\",\"logo\":{\"@type\":\"ImageObject\",\"inLanguage\":\"ca\",\"@id\":\"https:\/\/www.ariasassessors.com\/#\/schema\/logo\/image\/\",\"url\":\"https:\/\/www.ariasassessors.com\/wp-content\/uploads\/2019\/01\/arias-logo.png\",\"contentUrl\":\"https:\/\/www.ariasassessors.com\/wp-content\/uploads\/2019\/01\/arias-logo.png\",\"width\":349,\"height\":254,\"caption\":\"Arias Assessors\"},\"image\":{\"@id\":\"https:\/\/www.ariasassessors.com\/#\/schema\/logo\/image\/\"},\"sameAs\":[\"https:\/\/www.facebook.com\/ariasassessors\/\",\"https:\/\/x.com\/ariasassessors\",\"https:\/\/www.linkedin.com\/company\/r&amp;amp;r-growing-knowledge\/\"]},{\"@type\":\"Person\",\"@id\":\"https:\/\/www.ariasassessors.com\/#\/schema\/person\/63c6ad1775f0a9413c37932562673cef\",\"name\":\"btorras\",\"image\":{\"@type\":\"ImageObject\",\"inLanguage\":\"ca\",\"@id\":\"https:\/\/www.ariasassessors.com\/#\/schema\/person\/image\/\",\"url\":\"https:\/\/secure.gravatar.com\/avatar\/0531db351fc361fdbfd204c58fa2d6a3?s=96&d=mm&r=g\",\"contentUrl\":\"https:\/\/secure.gravatar.com\/avatar\/0531db351fc361fdbfd204c58fa2d6a3?s=96&d=mm&r=g\",\"caption\":\"btorras\"}}]}<\/script>\n<!-- \/ Yoast SEO plugin. -->","yoast_head_json":{"title":"El salari m\u00ednim s'incrementar\u00e0 la 8 por cent per a 2023 aconseguint els 1.080 euros | Arias Assessors","description":"Coneix els detalls de l'augment del salari m\u00ednim per a 2023 a Espanya. Descobreix com s'incrementar\u00e0 un 8%","robots":{"index":"index","follow":"follow","max-snippet":"max-snippet:-1","max-image-preview":"max-image-preview:large","max-video-preview":"max-video-preview:-1"},"canonical":"https:\/\/www.ariasassessors.com\/ca\/salari-minim-increment-8-per-cent\/","og_locale":"ca_ES","og_type":"article","og_title":"El salari m\u00ednim s'incrementar\u00e0 la 8 por cent per a 2023 aconseguint els 1.080 euros | Arias Assessors","og_description":"Coneix els detalls de l'augment del salari m\u00ednim per a 2023 a Espanya. Descobreix com s'incrementar\u00e0 un 8%","og_url":"https:\/\/www.ariasassessors.com\/ca\/salari-minim-increment-8-per-cent\/","og_site_name":"Arias Assessors","article_publisher":"https:\/\/www.facebook.com\/ariasassessors\/","article_published_time":"2023-02-10T08:50:43+00:00","og_image":[{"width":1920,"height":1202,"url":"https:\/\/www.ariasassessors.com\/wp-content\/uploads\/2022\/02\/Arias_Blog_IMAGEN_DESTACADA-9.jpg","type":"image\/jpeg"}],"author":"btorras","twitter_card":"summary_large_image","twitter_creator":"@ariasassessors","twitter_site":"@ariasassessors","twitter_misc":{"Escrit per":"btorras","Temps estimat de lectura":"1 minut"},"schema":{"@context":"https:\/\/schema.org","@graph":[{"@type":"Article","@id":"https:\/\/www.ariasassessors.com\/ca\/salari-minim-increment-8-per-cent\/#article","isPartOf":{"@id":"https:\/\/www.ariasassessors.com\/ca\/salari-minim-increment-8-per-cent\/"},"author":{"name":"btorras","@id":"https:\/\/www.ariasassessors.com\/#\/schema\/person\/63c6ad1775f0a9413c37932562673cef"},"headline":"El salari m\u00ednim s&#8217;incrementar\u00e0 la 8 por cent per a 2023 aconseguint els 1.080 euros","datePublished":"2023-02-10T08:50:43+00:00","dateModified":"2023-02-10T08:50:43+00:00","mainEntityOfPage":{"@id":"https:\/\/www.ariasassessors.com\/ca\/salari-minim-increment-8-per-cent\/"},"wordCount":211,"commentCount":0,"publisher":{"@id":"https:\/\/www.ariasassessors.com\/#organization"},"image":{"@id":"https:\/\/www.ariasassessors.com\/ca\/salari-minim-increment-8-per-cent\/#primaryimage"},"thumbnailUrl":"https:\/\/www.ariasassessors.com\/wp-content\/uploads\/2022\/02\/Arias_Blog_IMAGEN_DESTACADA-9.jpg","articleSection":["noticies"],"inLanguage":"ca","potentialAction":[{"@type":"CommentAction","name":"Comment","target":["https:\/\/www.ariasassessors.com\/ca\/salari-minim-increment-8-per-cent\/#respond"]}]},{"@type":"WebPage","@id":"https:\/\/www.ariasassessors.com\/ca\/salari-minim-increment-8-per-cent\/","url":"https:\/\/www.ariasassessors.com\/ca\/salari-minim-increment-8-per-cent\/","name":"El salari m\u00ednim s'incrementar\u00e0 la 8 por cent per a 2023 aconseguint els 1.080 euros | Arias Assessors","isPartOf":{"@id":"https:\/\/www.ariasassessors.com\/#website"},"primaryImageOfPage":{"@id":"https:\/\/www.ariasassessors.com\/ca\/salari-minim-increment-8-per-cent\/#primaryimage"},"image":{"@id":"https:\/\/www.ariasassessors.com\/ca\/salari-minim-increment-8-per-cent\/#primaryimage"},"thumbnailUrl":"https:\/\/www.ariasassessors.com\/wp-content\/uploads\/2022\/02\/Arias_Blog_IMAGEN_DESTACADA-9.jpg","datePublished":"2023-02-10T08:50:43+00:00","dateModified":"2023-02-10T08:50:43+00:00","description":"Coneix els detalls de l'augment del salari m\u00ednim per a 2023 a Espanya. Descobreix com s'incrementar\u00e0 un 8%","breadcrumb":{"@id":"https:\/\/www.ariasassessors.com\/ca\/salari-minim-increment-8-per-cent\/#breadcrumb"},"inLanguage":"ca","potentialAction":[{"@type":"ReadAction","target":["https:\/\/www.ariasassessors.com\/ca\/salari-minim-increment-8-per-cent\/"]}]},{"@type":"ImageObject","inLanguage":"ca","@id":"https:\/\/www.ariasassessors.com\/ca\/salari-minim-increment-8-per-cent\/#primaryimage","url":"https:\/\/www.ariasassessors.com\/wp-content\/uploads\/2022\/02\/Arias_Blog_IMAGEN_DESTACADA-9.jpg","contentUrl":"https:\/\/www.ariasassessors.com\/wp-content\/uploads\/2022\/02\/Arias_Blog_IMAGEN_DESTACADA-9.jpg","width":1920,"height":1202,"caption":"Salario m\u00ednimo"},{"@type":"BreadcrumbList","@id":"https:\/\/www.ariasassessors.com\/ca\/salari-minim-increment-8-per-cent\/#breadcrumb","itemListElement":[{"@type":"ListItem","position":1,"name":"Portada","item":"https:\/\/www.ariasassessors.com\/ca\/"},{"@type":"ListItem","position":2,"name":"El salari m\u00ednim s&#8217;incrementar\u00e0 la 8 por cent per a 2023 aconseguint els 1.080 euros"}]},{"@type":"WebSite","@id":"https:\/\/www.ariasassessors.com\/#website","url":"https:\/\/www.ariasassessors.com\/","name":"Arias Assessors","description":"Asesor\u00eda para aut\u00f3nomos, profesionales y PYMES","publisher":{"@id":"https:\/\/www.ariasassessors.com\/#organization"},"potentialAction":[{"@type":"SearchAction","target":{"@type":"EntryPoint","urlTemplate":"https:\/\/www.ariasassessors.com\/?s={search_term_string}"},"query-input":{"@type":"PropertyValueSpecification","valueRequired":true,"valueName":"search_term_string"}}],"inLanguage":"ca"},{"@type":"Organization","@id":"https:\/\/www.ariasassessors.com\/#organization","name":"Arias Assessors","url":"https:\/\/www.ariasassessors.com\/","logo":{"@type":"ImageObject","inLanguage":"ca","@id":"https:\/\/www.ariasassessors.com\/#\/schema\/logo\/image\/","url":"https:\/\/www.ariasassessors.com\/wp-content\/uploads\/2019\/01\/arias-logo.png","contentUrl":"https:\/\/www.ariasassessors.com\/wp-content\/uploads\/2019\/01\/arias-logo.png","width":349,"height":254,"caption":"Arias Assessors"},"image":{"@id":"https:\/\/www.ariasassessors.com\/#\/schema\/logo\/image\/"},"sameAs":["https:\/\/www.facebook.com\/ariasassessors\/","https:\/\/x.com\/ariasassessors","https:\/\/www.linkedin.com\/company\/r&amp;amp;r-growing-knowledge\/"]},{"@type":"Person","@id":"https:\/\/www.ariasassessors.com\/#\/schema\/person\/63c6ad1775f0a9413c37932562673cef","name":"btorras","image":{"@type":"ImageObject","inLanguage":"ca","@id":"https:\/\/www.ariasassessors.com\/#\/schema\/person\/image\/","url":"https:\/\/secure.gravatar.com\/avatar\/0531db351fc361fdbfd204c58fa2d6a3?s=96&d=mm&r=g","contentUrl":"https:\/\/secure.gravatar.com\/avatar\/0531db351fc361fdbfd204c58fa2d6a3?s=96&d=mm&r=g","caption":"btorras"}}]}},"_links":{"self":[{"href":"https:\/\/www.ariasassessors.com\/ca\/wp-json\/wp\/v2\/posts\/2323","targetHints":{"allow":["GET"]}}],"collection":[{"href":"https:\/\/www.ariasassessors.com\/ca\/wp-json\/wp\/v2\/posts"}],"about":[{"href":"https:\/\/www.ariasassessors.com\/ca\/wp-json\/wp\/v2\/types\/post"}],"author":[{"embeddable":true,"href":"https:\/\/www.ariasassessors.com\/ca\/wp-json\/wp\/v2\/users\/2"}],"replies":[{"embeddable":true,"href":"https:\/\/www.ariasassessors.com\/ca\/wp-json\/wp\/v2\/comments?post=2323"}],"version-history":[{"count":2,"href":"https:\/\/www.ariasassessors.com\/ca\/wp-json\/wp\/v2\/posts\/2323\/revisions"}],"predecessor-version":[{"id":2326,"href":"https:\/\/www.ariasassessors.com\/ca\/wp-json\/wp\/v2\/posts\/2323\/revisions\/2326"}],"wp:featuredmedia":[{"embeddable":true,"href":"https:\/\/www.ariasassessors.com\/ca\/wp-json\/wp\/v2\/media\/1830"}],"wp:attachment":[{"href":"https:\/\/www.ariasassessors.com\/ca\/wp-json\/wp\/v2\/media?parent=2323"}],"wp:term":[{"taxonomy":"category","embeddable":true,"href":"https:\/\/www.ariasassessors.com\/ca\/wp-json\/wp\/v2\/categories?post=2323"},{"taxonomy":"post_tag","embeddable":true,"href":"https:\/\/www.ariasassessors.com\/ca\/wp-json\/wp\/v2\/tags?post=2323"}],"curies":[{"name":"wp","href":"https:\/\/api.w.org\/{rel}","templated":true}]}}