{"id":2339,"date":"2023-02-14T15:44:07","date_gmt":"2023-02-14T14:44:07","guid":{"rendered":"https:\/\/www.ariasassessors.com\/?p=2339"},"modified":"2023-02-14T15:44:25","modified_gmt":"2023-02-14T14:44:25","slug":"retornar-seguretat-social-quotes-cobrades-de-mes-als-autonoms-tarifa-plana","status":"publish","type":"post","link":"https:\/\/www.ariasassessors.com\/ca\/retornar-seguretat-social-quotes-cobrades-de-mes-als-autonoms-tarifa-plana\/","title":{"rendered":"Com retornar\u00e0 la Seguretat Social les quotes que ha cobrat de m\u00e9s als aut\u00f2noms en Tarifa Plana?"},"content":{"rendered":"<div id=\"ez-toc-container\" class=\"ez-toc-v2_0_72 counter-hierarchy ez-toc-counter ez-toc-grey ez-toc-container-direction\">\n<div class=\"ez-toc-title-container\">\n<p class=\"ez-toc-title\" style=\"cursor:inherit\">\u00cdndice de Contenidos<\/p>\n<span class=\"ez-toc-title-toggle\"><a href=\"#\" class=\"ez-toc-pull-right ez-toc-btn ez-toc-btn-xs ez-toc-btn-default ez-toc-toggle\" aria-label=\"Toggle Table of Content\"><span class=\"ez-toc-js-icon-con\"><span class=\"\"><span class=\"eztoc-hide\" style=\"display:none;\">Toggle<\/span><span class=\"ez-toc-icon-toggle-span\"><svg style=\"fill: #428bca;color:#428bca\" xmlns=\"http:\/\/www.w3.org\/2000\/svg\" class=\"list-377408\" width=\"20px\" height=\"20px\" viewBox=\"0 0 24 24\" fill=\"none\"><path d=\"M6 6H4v2h2V6zm14 0H8v2h12V6zM4 11h2v2H4v-2zm16 0H8v2h12v-2zM4 16h2v2H4v-2zm16 0H8v2h12v-2z\" fill=\"currentColor\"><\/path><\/svg><svg style=\"fill: #428bca;color:#428bca\" class=\"arrow-unsorted-368013\" xmlns=\"http:\/\/www.w3.org\/2000\/svg\" width=\"10px\" height=\"10px\" viewBox=\"0 0 24 24\" version=\"1.2\" baseProfile=\"tiny\"><path d=\"M18.2 9.3l-6.2-6.3-6.2 6.3c-.2.2-.3.4-.3.7s.1.5.3.7c.2.2.4.3.7.3h11c.3 0 .5-.1.7-.3.2-.2.3-.5.3-.7s-.1-.5-.3-.7zM5.8 14.7l6.2 6.3 6.2-6.3c.2-.2.3-.5.3-.7s-.1-.5-.3-.7c-.2-.2-.4-.3-.7-.3h-11c-.3 0-.5.1-.7.3-.2.2-.3.5-.3.7s.1.5.3.7z\"\/><\/svg><\/span><\/span><\/span><\/a><\/span><\/div>\n<nav><ul class='ez-toc-list ez-toc-list-level-1 eztoc-toggle-hide-by-default' ><li class='ez-toc-page-1 ez-toc-heading-level-1'><a class=\"ez-toc-link ez-toc-heading-1\" href=\"https:\/\/www.ariasassessors.com\/ca\/retornar-seguretat-social-quotes-cobrades-de-mes-als-autonoms-tarifa-plana\/#Com_retornara_la_Seguretat_Social_les_quotes_que_ha_cobrat_de_mes_als_autonoms_en_Tarifa_Plana\" title=\"Com retornar\u00e0 la Seguretat Social les quotes que ha cobrat de m\u00e9s als aut\u00f2noms en Tarifa Plana?\">Com retornar\u00e0 la Seguretat Social les quotes que ha cobrat de m\u00e9s als aut\u00f2noms en Tarifa Plana?<\/a><ul class='ez-toc-list-level-2' ><li class='ez-toc-heading-level-2'><a class=\"ez-toc-link ez-toc-heading-2\" href=\"https:\/\/www.ariasassessors.com\/ca\/retornar-seguretat-social-quotes-cobrades-de-mes-als-autonoms-tarifa-plana\/#Els_autonoms_hauran_de_pagar_la_quota_erronia_perque_sino_no_podra_reclamar-la_i_perdrien_la_bonificacio\" title=\"Els aut\u00f2noms hauran de pagar la quota err\u00f2nia\u00a0perqu\u00e8, sin\u00f3, no podr\u00e0 reclamar-la i perdrien la bonificaci\u00f3\">Els aut\u00f2noms hauran de pagar la quota err\u00f2nia\u00a0perqu\u00e8, sin\u00f3, no podr\u00e0 reclamar-la i perdrien la bonificaci\u00f3<\/a><\/li><li class='ez-toc-page-1 ez-toc-heading-level-2'><a class=\"ez-toc-link ez-toc-heading-3\" href=\"https:\/\/www.ariasassessors.com\/ca\/retornar-seguretat-social-quotes-cobrades-de-mes-als-autonoms-tarifa-plana\/#Que_ocorre_sense_un_autonom_en_Tarifa_Plana_no_abona_aquesta_quota_indeguda\" title=\"Qu\u00e8 ocorre sense un aut\u00f2nom en Tarifa Plana no abona aquesta quota indeguda?\">Qu\u00e8 ocorre sense un aut\u00f2nom en Tarifa Plana no abona aquesta quota indeguda?<\/a><\/li><li class='ez-toc-page-1 ez-toc-heading-level-2'><a class=\"ez-toc-link ez-toc-heading-4\" href=\"https:\/\/www.ariasassessors.com\/ca\/retornar-seguretat-social-quotes-cobrades-de-mes-als-autonoms-tarifa-plana\/#En_general_es_poden_recuperar_els_pagaments_de_quotes_indegudes_a_la_Seguretat_Social\" title=\"En general, es poden recuperar els pagaments de quotes indegudes a la Seguretat Social\">En general, es poden recuperar els pagaments de quotes indegudes a la Seguretat Social<\/a><\/li><\/ul><\/li><\/ul><\/nav><\/div>\n<h1 class=\"title\"><span class=\"ez-toc-section\" id=\"Com_retornara_la_Seguretat_Social_les_quotes_que_ha_cobrat_de_mes_als_autonoms_en_Tarifa_Plana\"><\/span>Com retornar\u00e0 la Seguretat Social les quotes que ha cobrat de m\u00e9s als aut\u00f2noms en Tarifa Plana?<span class=\"ez-toc-section-end\"><\/span><\/h1>\n<div class=\"summary\">\n<div class=\"summary\">La Seguretat Social ha explicat com solucionar\u00e0 i retornar\u00e0 els diners a milers d&#8217;aut\u00f2noms en Tarifa Plana als que ha arribat a cobrar en gener una quota de 300 euros en lloc dels 80 euros que els corresponia.<\/div>\n<div class=\"article-media\">\n<p>Milers de nous aut\u00f2noms que es van acollir a la Tarifa Plana a l&#8217;inici d&#8217;aquest any han vist com la Seguretat Social e<strong>ls cobrava fins a 300 euros de quota a gener en lloc dels 80 euros que els corresponia despr\u00e9s de la recent reforma que va aprovar el Govern<\/strong>. El Ministeri d&#8217;Inclusi\u00f3, Seguretat Social i Migracions va recon\u00e8ixer l&#8217;error en un comunicat i va assegurar que nom\u00e9s afecta als treballadors per compte propi que es van donar <strong>d&#8217;alta per primera vegada entre l&#8217;1 i el 9 de gener<\/strong> en el que ara es diu quota redu\u00efda que poden gaudir durant un any els nous emprenedors, amb una pr\u00f2rroga de 12 mesos m\u00e9s si els seus ingressos no superen el Salari M\u00ednim Interprofessional (SMI).Alguns d&#8217;aquests nous afiliats al RETA, en la seva majoria joves, van explicar a aquest mitj\u00e0 no tenir liquiditat suficient per fer front al gir de gaireb\u00e9 300 euros que sol\u00b7licita la Tresoreria. El ministeri s&#8217;ha comprom\u00e8s a retornar d&#8217;ofici la quota facturada <strong>sempre i quan l&#8217;aut\u00f2nom l&#8217;hagi pagat en la seva totalitat. \u00c9s a dir, primer hauran de pagar els 300 euros i, si no ho fan, podrien perdre la bonificaci\u00f3.<\/strong><\/p>\n<p>L&#8217;inici del 2023 ha estat una mica ca\u00f2tic per la Tresoreria de la Seguretat Social. A m\u00e9s de la pujada sense previ av\u00eds del 8,6% en les quotes de milers d&#8217;aut\u00f2noms que es troben en situaci\u00f3 de revaloritzaci\u00f3 autom\u00e0tica i que <strong>ha provocat la indignaci\u00f3 de gran part del col\u00b7lectiu<\/strong>, l&#8217;organisme s&#8217;acaba d&#8217;enfrontar a un altre malestar entre els nous emprenedors que han hagut de pagar unes cotitzacions tres vegades superiors a les que els corresponien. La Seguretat Social va explicar en un comunicat que &#8220;s&#8217;ha produ\u00eft una incid\u00e8ncia respecte dels treballadors en Tarifa Plana: no se&#8217;ls ha aplicat la reducci\u00f3 de 80 euros, sin\u00f3 que se&#8217;ls ha cobrat una quota m\u00ednima normal&#8221;.<\/p>\n<p>Precisament un jove emprenedor que recentment s&#8217;ha donat d&#8217;alta com a aut\u00f2nom\u00a0va explicar que \u201cm&#8217;han cobrat 261,10 euros de quota quan em corresponien 80 euros. Tinc 23 anys,\u00a0<strong>acabo d&#8217;iniciar la meva activitat i a penes tinc liquiditat per a afrontar aquest c\u00e0rrec<\/strong>\u00a0en el meu compte\u201d. El cas d&#8217;aquest treballador per compte propi no \u00e9s l&#8217;\u00fanic, diferents fonts van confirmar a aquest diari que la Tresoreria els havia aplicat injustament\u00a0<strong>pujades dispars que oscil\u00b7len des d&#8217;una pujada de 9 euros a uns altres que gaireb\u00e9 aconseguien els 300 euros<\/strong>.<\/p>\n<h2><span class=\"ez-toc-section\" id=\"Els_autonoms_hauran_de_pagar_la_quota_erronia_perque_sino_no_podra_reclamar-la_i_perdrien_la_bonificacio\"><\/span>Els aut\u00f2noms hauran de pagar la quota err\u00f2nia\u00a0perqu\u00e8, sin\u00f3, no podr\u00e0 reclamar-la i perdrien la bonificaci\u00f3<span class=\"ez-toc-section-end\"><\/span><\/h2>\n<p>El departament de comunicaci\u00f3 de la Seguretat Social va afirmar que la Tresoreria enviar\u00e0 \u201cals afectats\u201d\u00a0<strong>un correu electr\u00f2nic \u201cinformant de la situaci\u00f3 i de les actuacions correctores\u201d<\/strong>\u00a0que executaran per a solucionar la incid\u00e8ncia.<\/p>\n<p>La Seguretat Social\u00a0<strong>es va comprometre en una primera inst\u00e0ncia al \u201cc\u00e0lcul correcte\u201d<\/strong>\u00a0de les quotes el mes de febrer,\u00a0assegurant que els aut\u00f2noms que es van donar d&#8217;alta a partir de l&#8217;1 de gener\u00a0i que gaudeixen de la nova Tarifa Plana abonaran aquesta vegada\u00a0\u00a0\u201cexclusivament 80 euros\u201d.<\/p>\n<p>Respecte a la devoluci\u00f3 de l&#8217;exc\u00e9s de cobrament per part de la Tresoreria,<strong>\u00a0encara no hi ha data concreta<\/strong>. \u201cPr\u00f2ximament se&#8217;ls realitzar\u00e0 una devoluci\u00f3 en les seves quotes d&#8217;ofici\u201d, van afegir des de l&#8217;organisme. \u00c9s a dir, la Seguretat Social retornar\u00e0 la difer\u00e8ncia entre els 80 euros i la quota facturada. Recordem que perqu\u00e8 aquesta circumst\u00e0ncies es donin, l&#8217;aut\u00f2nom haur\u00e0 d&#8217;abonar el total de la incid\u00e8ncia que li ha estat facturada.<\/p>\n<h2><span class=\"ez-toc-section\" id=\"Que_ocorre_sense_un_autonom_en_Tarifa_Plana_no_abona_aquesta_quota_indeguda\"><\/span>Qu\u00e8 ocorre sense un aut\u00f2nom en Tarifa Plana no abona aquesta quota indeguda?<span class=\"ez-toc-section-end\"><\/span><\/h2>\n<p>Per normal general, si un aut\u00f2nom no pot abonar dins del termini i en la forma escaient la seva quota la Seguretat Social <strong>patir\u00e0 un rec\u00e0rrec en aquesta<\/strong>. En el cas d&#8217;estar en Tarifa Plana perdr\u00e0 aquest dret. \u201cImagina&#8217;t que est\u00e0s d&#8217;alta amb quota redu\u00efda i pel que sigui aquest mes no pots pagar la quota a la Seguretat Social com a aut\u00f2nom. Aquest mes et lleven la bonificaci\u00f3\u201d, van explicar des de l&#8217;Associaci\u00f3 Espanyola d&#8217;Assessors Fiscals i Gestors Tributaris (*Asefiget).<\/p>\n<p>A m\u00e9s, qualsevol demora, encara que sigui d&#8217;un nom\u00e9s dia, pot generar un rec\u00e0rrec de \u201cfins al 20% sobre la quota m\u00ednima, no sobre els 80 euros de quota que s&#8217;apliquen sota la Tarifa Plana. Mentre duri aquest deute amb la Seguretat Social, van afegir des de *Asefiget, els treballadors per compte propi hauran de pagar la quota completa fins que es liquidi el rec\u00e0rrec. Les bonificacions que hagi perdut durant aquest per\u00edode no podran recuperar-se.<\/p>\n<p>Aquests retards i les corresponents\u00a0<strong>sancions\/rec\u00e0rrecs es faran de manera escalonada<\/strong>\u00a0per part de la Tresoreria :\u00a03%\u00a0de la quota si es resol en el primer mes; de\u00a05%\u00a0de la quota si arriba a dos mesos;\u00a0<strong>10%<\/strong>\u00a0si triga tres mesos i\u00a0<strong>20%<\/strong>\u00a0si s&#8217;est\u00e9n durant m\u00e9s de tres mesos.<\/p>\n<h2><span class=\"ez-toc-section\" id=\"En_general_es_poden_recuperar_els_pagaments_de_quotes_indegudes_a_la_Seguretat_Social\"><\/span>En general, es poden recuperar els pagaments de quotes indegudes a la Seguretat Social<span class=\"ez-toc-section-end\"><\/span><\/h2>\n<p>Els aut\u00f2noms\u00a0<strong>tenen dret a la devoluci\u00f3 parcial o total dels ingressos realitzats per error a la Tresoreria<\/strong>. \u00c9s a dir, els errors que s&#8217;han pogut arribar a produir en el pagament de les quotes mensuals dels treballadors per compte propi.\u00a0Aix\u00ed ho va recordar Seguretat Social, a trav\u00e9s del seu portal informatiu, on tamb\u00e9 explica les excepcions en les quals els treballadors per compte propi no tenen dret a la devoluci\u00f3 total, aix\u00ed com el termini m\u00e0xim contemplat per a demanar l&#8217;abonament.<\/p>\n<p>Es tracta d&#8217;una situaci\u00f3 que pot donar-se entre els afiliats al RETA, a pesar que la Seguretat Social cobra la quota\u00a0de manera automatitzada als aut\u00f2noms. Per exemple, quan un aut\u00f2nom es dona d&#8217;alta el dia 15 d&#8217;un mes, i la Tresoreria li cobra per error, no\u00a0la meitat de la quota corresponent als dies que exercir\u00e0 d&#8217;alta, sin\u00f3 el\u00a0mes complet. Els experts van assegurar que\u00a0pot oc\u00f3rrer\u00a0<strong>&#8220;alguna fallada&#8221; inusual dins del sistema de cobrament de la Tresoreria<\/strong>. \u00c9s el cas de cobrar-li la quota completa del mes al treballador per compte propi en comptes de la difer\u00e8ncia de dies en qu\u00e8 va estar donat d&#8217;alta. Un altre exemple podria ser el cobrament de quotes en els casos en qu\u00e8 l&#8217;aut\u00f2nom\u00a0<strong>estigu\u00e9s exempt o tingu\u00e9s reduccions de cotitzacions gr\u00e0cies a les ajudes derivades dels tancaments decretats pel COVID-19<\/strong>. L&#8217;aut\u00f2nom tindr\u00e0 dret &#8211; va explicar la Tresoreria en el seu portal web &#8211;\u00a0a la devoluci\u00f3 dels ingressos indeguts, aix\u00ed com al cobrament de l&#8217;inter\u00e8s de demora que procedeixi en cada cas.<\/p>\n<\/div>\n<p>Noticia extreta de: <a href=\"https:\/\/www.autonomosyemprendedor.es\/articulo\/actualidad\/como-va-devolver-seguridad-social-cuotas-que-ha-cobrado-mas-autonomos-tarifa-plana\/20230202152607029116.html\">https:\/\/www.autonomosyemprendedor.es<\/a><\/p>\n<p>Si vols coneixer m\u00e9s noticies: <a href=\"https:\/\/www.ariasassessors.com\/ca\/actualitat\/\">https:\/\/www.ariasassessors.com\/ca\/actualitat\/<\/a><\/p>\n<\/div>\n","protected":false},"excerpt":{"rendered":"<p>Com retornar\u00e0 la Seguretat Social les quotes que ha cobrat de m\u00e9s als aut\u00f2noms en Tarifa Plana? La Seguretat Social ha explicat com solucionar\u00e0 i retornar\u00e0 els diners a milers d&#8217;aut\u00f2noms en Tarifa Plana als que ha arribat a cobrar en gener una quota de&#8230;<\/p>\n","protected":false},"author":2,"featured_media":2344,"comment_status":"open","ping_status":"open","sticky":false,"template":"","format":"standard","meta":{"footnotes":""},"categories":[4],"tags":[],"class_list":["post-2339","post","type-post","status-publish","format-standard","has-post-thumbnail","hentry","category-noticies"],"yoast_head":"<!-- This site is optimized with the Yoast SEO plugin v24.3 - https:\/\/yoast.com\/wordpress\/plugins\/seo\/ -->\n<title>Com retornar\u00e0 la Seguretat Social les quotes que ha cobrat de m\u00e9s als aut\u00f2noms en Tarifa Plana? | Arias Assessors<\/title>\n<meta name=\"description\" content=\"La Seguretat Social va detallar com retornar\u00e0 els diners als aut\u00f2noms que els va cobrar de m\u00e9s amb la Tarifa Plana\" \/>\n<meta name=\"robots\" content=\"index, follow, max-snippet:-1, max-image-preview:large, max-video-preview:-1\" \/>\n<link rel=\"canonical\" href=\"https:\/\/www.ariasassessors.com\/ca\/retornar-seguretat-social-quotes-cobrades-de-mes-als-autonoms-tarifa-plana\/\" \/>\n<meta property=\"og:locale\" content=\"ca_ES\" \/>\n<meta property=\"og:type\" content=\"article\" \/>\n<meta property=\"og:title\" content=\"Com retornar\u00e0 la Seguretat Social les quotes que ha cobrat de m\u00e9s als aut\u00f2noms en Tarifa Plana? | Arias Assessors\" \/>\n<meta property=\"og:description\" content=\"La Seguretat Social va detallar com retornar\u00e0 els diners als aut\u00f2noms que els va cobrar de m\u00e9s amb la Tarifa Plana\" \/>\n<meta property=\"og:url\" content=\"https:\/\/www.ariasassessors.com\/ca\/retornar-seguretat-social-quotes-cobrades-de-mes-als-autonoms-tarifa-plana\/\" \/>\n<meta property=\"og:site_name\" content=\"Arias Assessors\" \/>\n<meta property=\"article:publisher\" content=\"https:\/\/www.facebook.com\/ariasassessors\/\" \/>\n<meta property=\"article:published_time\" content=\"2023-02-14T14:44:07+00:00\" \/>\n<meta property=\"article:modified_time\" content=\"2023-02-14T14:44:25+00:00\" \/>\n<meta property=\"og:image\" content=\"https:\/\/www.ariasassessors.com\/wp-content\/uploads\/2023\/02\/Arias_Blog_IMAGEN_DESTACADA-7-1.png\" \/>\n\t<meta property=\"og:image:width\" content=\"1920\" \/>\n\t<meta property=\"og:image:height\" content=\"1202\" \/>\n\t<meta property=\"og:image:type\" content=\"image\/png\" \/>\n<meta name=\"author\" content=\"btorras\" \/>\n<meta name=\"twitter:card\" content=\"summary_large_image\" \/>\n<meta name=\"twitter:creator\" content=\"@ariasassessors\" \/>\n<meta name=\"twitter:site\" content=\"@ariasassessors\" \/>\n<meta name=\"twitter:label1\" content=\"Escrit per\" \/>\n\t<meta name=\"twitter:data1\" content=\"btorras\" \/>\n\t<meta name=\"twitter:label2\" content=\"Temps estimat de lectura\" \/>\n\t<meta name=\"twitter:data2\" content=\"6 minuts\" \/>\n<script type=\"application\/ld+json\" class=\"yoast-schema-graph\">{\"@context\":\"https:\/\/schema.org\",\"@graph\":[{\"@type\":\"Article\",\"@id\":\"https:\/\/www.ariasassessors.com\/ca\/retornar-seguretat-social-quotes-cobrades-de-mes-als-autonoms-tarifa-plana\/#article\",\"isPartOf\":{\"@id\":\"https:\/\/www.ariasassessors.com\/ca\/retornar-seguretat-social-quotes-cobrades-de-mes-als-autonoms-tarifa-plana\/\"},\"author\":{\"name\":\"btorras\",\"@id\":\"https:\/\/www.ariasassessors.com\/#\/schema\/person\/63c6ad1775f0a9413c37932562673cef\"},\"headline\":\"Com retornar\u00e0 la Seguretat Social les quotes que ha cobrat de m\u00e9s als aut\u00f2noms en Tarifa Plana?\",\"datePublished\":\"2023-02-14T14:44:07+00:00\",\"dateModified\":\"2023-02-14T14:44:25+00:00\",\"mainEntityOfPage\":{\"@id\":\"https:\/\/www.ariasassessors.com\/ca\/retornar-seguretat-social-quotes-cobrades-de-mes-als-autonoms-tarifa-plana\/\"},\"wordCount\":1200,\"commentCount\":0,\"publisher\":{\"@id\":\"https:\/\/www.ariasassessors.com\/#organization\"},\"image\":{\"@id\":\"https:\/\/www.ariasassessors.com\/ca\/retornar-seguretat-social-quotes-cobrades-de-mes-als-autonoms-tarifa-plana\/#primaryimage\"},\"thumbnailUrl\":\"https:\/\/www.ariasassessors.com\/wp-content\/uploads\/2023\/02\/Arias_Blog_IMAGEN_DESTACADA-7-1.png\",\"articleSection\":[\"noticies\"],\"inLanguage\":\"ca\",\"potentialAction\":[{\"@type\":\"CommentAction\",\"name\":\"Comment\",\"target\":[\"https:\/\/www.ariasassessors.com\/ca\/retornar-seguretat-social-quotes-cobrades-de-mes-als-autonoms-tarifa-plana\/#respond\"]}]},{\"@type\":\"WebPage\",\"@id\":\"https:\/\/www.ariasassessors.com\/ca\/retornar-seguretat-social-quotes-cobrades-de-mes-als-autonoms-tarifa-plana\/\",\"url\":\"https:\/\/www.ariasassessors.com\/ca\/retornar-seguretat-social-quotes-cobrades-de-mes-als-autonoms-tarifa-plana\/\",\"name\":\"Com retornar\u00e0 la Seguretat Social les quotes que ha cobrat de m\u00e9s als aut\u00f2noms en Tarifa Plana? | Arias Assessors\",\"isPartOf\":{\"@id\":\"https:\/\/www.ariasassessors.com\/#website\"},\"primaryImageOfPage\":{\"@id\":\"https:\/\/www.ariasassessors.com\/ca\/retornar-seguretat-social-quotes-cobrades-de-mes-als-autonoms-tarifa-plana\/#primaryimage\"},\"image\":{\"@id\":\"https:\/\/www.ariasassessors.com\/ca\/retornar-seguretat-social-quotes-cobrades-de-mes-als-autonoms-tarifa-plana\/#primaryimage\"},\"thumbnailUrl\":\"https:\/\/www.ariasassessors.com\/wp-content\/uploads\/2023\/02\/Arias_Blog_IMAGEN_DESTACADA-7-1.png\",\"datePublished\":\"2023-02-14T14:44:07+00:00\",\"dateModified\":\"2023-02-14T14:44:25+00:00\",\"description\":\"La Seguretat Social va detallar com retornar\u00e0 els diners als aut\u00f2noms que els va cobrar de m\u00e9s amb la Tarifa Plana\",\"breadcrumb\":{\"@id\":\"https:\/\/www.ariasassessors.com\/ca\/retornar-seguretat-social-quotes-cobrades-de-mes-als-autonoms-tarifa-plana\/#breadcrumb\"},\"inLanguage\":\"ca\",\"potentialAction\":[{\"@type\":\"ReadAction\",\"target\":[\"https:\/\/www.ariasassessors.com\/ca\/retornar-seguretat-social-quotes-cobrades-de-mes-als-autonoms-tarifa-plana\/\"]}]},{\"@type\":\"ImageObject\",\"inLanguage\":\"ca\",\"@id\":\"https:\/\/www.ariasassessors.com\/ca\/retornar-seguretat-social-quotes-cobrades-de-mes-als-autonoms-tarifa-plana\/#primaryimage\",\"url\":\"https:\/\/www.ariasassessors.com\/wp-content\/uploads\/2023\/02\/Arias_Blog_IMAGEN_DESTACADA-7-1.png\",\"contentUrl\":\"https:\/\/www.ariasassessors.com\/wp-content\/uploads\/2023\/02\/Arias_Blog_IMAGEN_DESTACADA-7-1.png\",\"width\":1920,\"height\":1202,\"caption\":\"Blog Seguridad Social Tarifa Plana\"},{\"@type\":\"BreadcrumbList\",\"@id\":\"https:\/\/www.ariasassessors.com\/ca\/retornar-seguretat-social-quotes-cobrades-de-mes-als-autonoms-tarifa-plana\/#breadcrumb\",\"itemListElement\":[{\"@type\":\"ListItem\",\"position\":1,\"name\":\"Portada\",\"item\":\"https:\/\/www.ariasassessors.com\/ca\/\"},{\"@type\":\"ListItem\",\"position\":2,\"name\":\"Com retornar\u00e0 la Seguretat Social les quotes que ha cobrat de m\u00e9s als aut\u00f2noms en Tarifa Plana?\"}]},{\"@type\":\"WebSite\",\"@id\":\"https:\/\/www.ariasassessors.com\/#website\",\"url\":\"https:\/\/www.ariasassessors.com\/\",\"name\":\"Arias Assessors\",\"description\":\"Asesor\u00eda para aut\u00f3nomos, profesionales y PYMES\",\"publisher\":{\"@id\":\"https:\/\/www.ariasassessors.com\/#organization\"},\"potentialAction\":[{\"@type\":\"SearchAction\",\"target\":{\"@type\":\"EntryPoint\",\"urlTemplate\":\"https:\/\/www.ariasassessors.com\/?s={search_term_string}\"},\"query-input\":{\"@type\":\"PropertyValueSpecification\",\"valueRequired\":true,\"valueName\":\"search_term_string\"}}],\"inLanguage\":\"ca\"},{\"@type\":\"Organization\",\"@id\":\"https:\/\/www.ariasassessors.com\/#organization\",\"name\":\"Arias Assessors\",\"url\":\"https:\/\/www.ariasassessors.com\/\",\"logo\":{\"@type\":\"ImageObject\",\"inLanguage\":\"ca\",\"@id\":\"https:\/\/www.ariasassessors.com\/#\/schema\/logo\/image\/\",\"url\":\"https:\/\/www.ariasassessors.com\/wp-content\/uploads\/2019\/01\/arias-logo.png\",\"contentUrl\":\"https:\/\/www.ariasassessors.com\/wp-content\/uploads\/2019\/01\/arias-logo.png\",\"width\":349,\"height\":254,\"caption\":\"Arias Assessors\"},\"image\":{\"@id\":\"https:\/\/www.ariasassessors.com\/#\/schema\/logo\/image\/\"},\"sameAs\":[\"https:\/\/www.facebook.com\/ariasassessors\/\",\"https:\/\/x.com\/ariasassessors\",\"https:\/\/www.linkedin.com\/company\/r&amp;amp;r-growing-knowledge\/\"]},{\"@type\":\"Person\",\"@id\":\"https:\/\/www.ariasassessors.com\/#\/schema\/person\/63c6ad1775f0a9413c37932562673cef\",\"name\":\"btorras\",\"image\":{\"@type\":\"ImageObject\",\"inLanguage\":\"ca\",\"@id\":\"https:\/\/www.ariasassessors.com\/#\/schema\/person\/image\/\",\"url\":\"https:\/\/secure.gravatar.com\/avatar\/0531db351fc361fdbfd204c58fa2d6a3?s=96&d=mm&r=g\",\"contentUrl\":\"https:\/\/secure.gravatar.com\/avatar\/0531db351fc361fdbfd204c58fa2d6a3?s=96&d=mm&r=g\",\"caption\":\"btorras\"}}]}<\/script>\n<!-- \/ Yoast SEO plugin. -->","yoast_head_json":{"title":"Com retornar\u00e0 la Seguretat Social les quotes que ha cobrat de m\u00e9s als aut\u00f2noms en Tarifa Plana? | Arias Assessors","description":"La Seguretat Social va detallar com retornar\u00e0 els diners als aut\u00f2noms que els va cobrar de m\u00e9s amb la Tarifa Plana","robots":{"index":"index","follow":"follow","max-snippet":"max-snippet:-1","max-image-preview":"max-image-preview:large","max-video-preview":"max-video-preview:-1"},"canonical":"https:\/\/www.ariasassessors.com\/ca\/retornar-seguretat-social-quotes-cobrades-de-mes-als-autonoms-tarifa-plana\/","og_locale":"ca_ES","og_type":"article","og_title":"Com retornar\u00e0 la Seguretat Social les quotes que ha cobrat de m\u00e9s als aut\u00f2noms en Tarifa Plana? | Arias Assessors","og_description":"La Seguretat Social va detallar com retornar\u00e0 els diners als aut\u00f2noms que els va cobrar de m\u00e9s amb la Tarifa Plana","og_url":"https:\/\/www.ariasassessors.com\/ca\/retornar-seguretat-social-quotes-cobrades-de-mes-als-autonoms-tarifa-plana\/","og_site_name":"Arias Assessors","article_publisher":"https:\/\/www.facebook.com\/ariasassessors\/","article_published_time":"2023-02-14T14:44:07+00:00","article_modified_time":"2023-02-14T14:44:25+00:00","og_image":[{"width":1920,"height":1202,"url":"https:\/\/www.ariasassessors.com\/wp-content\/uploads\/2023\/02\/Arias_Blog_IMAGEN_DESTACADA-7-1.png","type":"image\/png"}],"author":"btorras","twitter_card":"summary_large_image","twitter_creator":"@ariasassessors","twitter_site":"@ariasassessors","twitter_misc":{"Escrit per":"btorras","Temps estimat de lectura":"6 minuts"},"schema":{"@context":"https:\/\/schema.org","@graph":[{"@type":"Article","@id":"https:\/\/www.ariasassessors.com\/ca\/retornar-seguretat-social-quotes-cobrades-de-mes-als-autonoms-tarifa-plana\/#article","isPartOf":{"@id":"https:\/\/www.ariasassessors.com\/ca\/retornar-seguretat-social-quotes-cobrades-de-mes-als-autonoms-tarifa-plana\/"},"author":{"name":"btorras","@id":"https:\/\/www.ariasassessors.com\/#\/schema\/person\/63c6ad1775f0a9413c37932562673cef"},"headline":"Com retornar\u00e0 la Seguretat Social les quotes que ha cobrat de m\u00e9s als aut\u00f2noms en Tarifa Plana?","datePublished":"2023-02-14T14:44:07+00:00","dateModified":"2023-02-14T14:44:25+00:00","mainEntityOfPage":{"@id":"https:\/\/www.ariasassessors.com\/ca\/retornar-seguretat-social-quotes-cobrades-de-mes-als-autonoms-tarifa-plana\/"},"wordCount":1200,"commentCount":0,"publisher":{"@id":"https:\/\/www.ariasassessors.com\/#organization"},"image":{"@id":"https:\/\/www.ariasassessors.com\/ca\/retornar-seguretat-social-quotes-cobrades-de-mes-als-autonoms-tarifa-plana\/#primaryimage"},"thumbnailUrl":"https:\/\/www.ariasassessors.com\/wp-content\/uploads\/2023\/02\/Arias_Blog_IMAGEN_DESTACADA-7-1.png","articleSection":["noticies"],"inLanguage":"ca","potentialAction":[{"@type":"CommentAction","name":"Comment","target":["https:\/\/www.ariasassessors.com\/ca\/retornar-seguretat-social-quotes-cobrades-de-mes-als-autonoms-tarifa-plana\/#respond"]}]},{"@type":"WebPage","@id":"https:\/\/www.ariasassessors.com\/ca\/retornar-seguretat-social-quotes-cobrades-de-mes-als-autonoms-tarifa-plana\/","url":"https:\/\/www.ariasassessors.com\/ca\/retornar-seguretat-social-quotes-cobrades-de-mes-als-autonoms-tarifa-plana\/","name":"Com retornar\u00e0 la Seguretat Social les quotes que ha cobrat de m\u00e9s als aut\u00f2noms en Tarifa Plana? | Arias Assessors","isPartOf":{"@id":"https:\/\/www.ariasassessors.com\/#website"},"primaryImageOfPage":{"@id":"https:\/\/www.ariasassessors.com\/ca\/retornar-seguretat-social-quotes-cobrades-de-mes-als-autonoms-tarifa-plana\/#primaryimage"},"image":{"@id":"https:\/\/www.ariasassessors.com\/ca\/retornar-seguretat-social-quotes-cobrades-de-mes-als-autonoms-tarifa-plana\/#primaryimage"},"thumbnailUrl":"https:\/\/www.ariasassessors.com\/wp-content\/uploads\/2023\/02\/Arias_Blog_IMAGEN_DESTACADA-7-1.png","datePublished":"2023-02-14T14:44:07+00:00","dateModified":"2023-02-14T14:44:25+00:00","description":"La Seguretat Social va detallar com retornar\u00e0 els diners als aut\u00f2noms que els va cobrar de m\u00e9s amb la Tarifa Plana","breadcrumb":{"@id":"https:\/\/www.ariasassessors.com\/ca\/retornar-seguretat-social-quotes-cobrades-de-mes-als-autonoms-tarifa-plana\/#breadcrumb"},"inLanguage":"ca","potentialAction":[{"@type":"ReadAction","target":["https:\/\/www.ariasassessors.com\/ca\/retornar-seguretat-social-quotes-cobrades-de-mes-als-autonoms-tarifa-plana\/"]}]},{"@type":"ImageObject","inLanguage":"ca","@id":"https:\/\/www.ariasassessors.com\/ca\/retornar-seguretat-social-quotes-cobrades-de-mes-als-autonoms-tarifa-plana\/#primaryimage","url":"https:\/\/www.ariasassessors.com\/wp-content\/uploads\/2023\/02\/Arias_Blog_IMAGEN_DESTACADA-7-1.png","contentUrl":"https:\/\/www.ariasassessors.com\/wp-content\/uploads\/2023\/02\/Arias_Blog_IMAGEN_DESTACADA-7-1.png","width":1920,"height":1202,"caption":"Blog Seguridad Social Tarifa Plana"},{"@type":"BreadcrumbList","@id":"https:\/\/www.ariasassessors.com\/ca\/retornar-seguretat-social-quotes-cobrades-de-mes-als-autonoms-tarifa-plana\/#breadcrumb","itemListElement":[{"@type":"ListItem","position":1,"name":"Portada","item":"https:\/\/www.ariasassessors.com\/ca\/"},{"@type":"ListItem","position":2,"name":"Com retornar\u00e0 la Seguretat Social les quotes que ha cobrat de m\u00e9s als aut\u00f2noms en Tarifa Plana?"}]},{"@type":"WebSite","@id":"https:\/\/www.ariasassessors.com\/#website","url":"https:\/\/www.ariasassessors.com\/","name":"Arias Assessors","description":"Asesor\u00eda para aut\u00f3nomos, profesionales y PYMES","publisher":{"@id":"https:\/\/www.ariasassessors.com\/#organization"},"potentialAction":[{"@type":"SearchAction","target":{"@type":"EntryPoint","urlTemplate":"https:\/\/www.ariasassessors.com\/?s={search_term_string}"},"query-input":{"@type":"PropertyValueSpecification","valueRequired":true,"valueName":"search_term_string"}}],"inLanguage":"ca"},{"@type":"Organization","@id":"https:\/\/www.ariasassessors.com\/#organization","name":"Arias Assessors","url":"https:\/\/www.ariasassessors.com\/","logo":{"@type":"ImageObject","inLanguage":"ca","@id":"https:\/\/www.ariasassessors.com\/#\/schema\/logo\/image\/","url":"https:\/\/www.ariasassessors.com\/wp-content\/uploads\/2019\/01\/arias-logo.png","contentUrl":"https:\/\/www.ariasassessors.com\/wp-content\/uploads\/2019\/01\/arias-logo.png","width":349,"height":254,"caption":"Arias Assessors"},"image":{"@id":"https:\/\/www.ariasassessors.com\/#\/schema\/logo\/image\/"},"sameAs":["https:\/\/www.facebook.com\/ariasassessors\/","https:\/\/x.com\/ariasassessors","https:\/\/www.linkedin.com\/company\/r&amp;amp;r-growing-knowledge\/"]},{"@type":"Person","@id":"https:\/\/www.ariasassessors.com\/#\/schema\/person\/63c6ad1775f0a9413c37932562673cef","name":"btorras","image":{"@type":"ImageObject","inLanguage":"ca","@id":"https:\/\/www.ariasassessors.com\/#\/schema\/person\/image\/","url":"https:\/\/secure.gravatar.com\/avatar\/0531db351fc361fdbfd204c58fa2d6a3?s=96&d=mm&r=g","contentUrl":"https:\/\/secure.gravatar.com\/avatar\/0531db351fc361fdbfd204c58fa2d6a3?s=96&d=mm&r=g","caption":"btorras"}}]}},"_links":{"self":[{"href":"https:\/\/www.ariasassessors.com\/ca\/wp-json\/wp\/v2\/posts\/2339","targetHints":{"allow":["GET"]}}],"collection":[{"href":"https:\/\/www.ariasassessors.com\/ca\/wp-json\/wp\/v2\/posts"}],"about":[{"href":"https:\/\/www.ariasassessors.com\/ca\/wp-json\/wp\/v2\/types\/post"}],"author":[{"embeddable":true,"href":"https:\/\/www.ariasassessors.com\/ca\/wp-json\/wp\/v2\/users\/2"}],"replies":[{"embeddable":true,"href":"https:\/\/www.ariasassessors.com\/ca\/wp-json\/wp\/v2\/comments?post=2339"}],"version-history":[{"count":2,"href":"https:\/\/www.ariasassessors.com\/ca\/wp-json\/wp\/v2\/posts\/2339\/revisions"}],"predecessor-version":[{"id":2346,"href":"https:\/\/www.ariasassessors.com\/ca\/wp-json\/wp\/v2\/posts\/2339\/revisions\/2346"}],"wp:featuredmedia":[{"embeddable":true,"href":"https:\/\/www.ariasassessors.com\/ca\/wp-json\/wp\/v2\/media\/2344"}],"wp:attachment":[{"href":"https:\/\/www.ariasassessors.com\/ca\/wp-json\/wp\/v2\/media?parent=2339"}],"wp:term":[{"taxonomy":"category","embeddable":true,"href":"https:\/\/www.ariasassessors.com\/ca\/wp-json\/wp\/v2\/categories?post=2339"},{"taxonomy":"post_tag","embeddable":true,"href":"https:\/\/www.ariasassessors.com\/ca\/wp-json\/wp\/v2\/tags?post=2339"}],"curies":[{"name":"wp","href":"https:\/\/api.w.org\/{rel}","templated":true}]}}