{"id":2368,"date":"2023-03-09T17:13:49","date_gmt":"2023-03-09T16:13:49","guid":{"rendered":"https:\/\/www.ariasassessors.com\/?p=2368"},"modified":"2023-03-09T17:13:49","modified_gmt":"2023-03-09T16:13:49","slug":"que-son-les-factures-proforma-i-quan-poden-emetre-els-autonomos","status":"publish","type":"post","link":"https:\/\/www.ariasassessors.com\/ca\/que-son-les-factures-proforma-i-quan-poden-emetre-els-autonomos\/","title":{"rendered":"Qu\u00e8 s\u00f3n les factures proforma i en quines situacions poden emetre&#8217;les els aut\u00f2noms"},"content":{"rendered":"<div id=\"ez-toc-container\" class=\"ez-toc-v2_0_72 counter-hierarchy ez-toc-counter ez-toc-grey ez-toc-container-direction\">\n<div class=\"ez-toc-title-container\">\n<p class=\"ez-toc-title\" style=\"cursor:inherit\">\u00cdndice de Contenidos<\/p>\n<span class=\"ez-toc-title-toggle\"><a href=\"#\" class=\"ez-toc-pull-right ez-toc-btn ez-toc-btn-xs ez-toc-btn-default ez-toc-toggle\" aria-label=\"Toggle Table of Content\"><span class=\"ez-toc-js-icon-con\"><span class=\"\"><span class=\"eztoc-hide\" style=\"display:none;\">Toggle<\/span><span class=\"ez-toc-icon-toggle-span\"><svg style=\"fill: #428bca;color:#428bca\" xmlns=\"http:\/\/www.w3.org\/2000\/svg\" class=\"list-377408\" width=\"20px\" height=\"20px\" viewBox=\"0 0 24 24\" fill=\"none\"><path d=\"M6 6H4v2h2V6zm14 0H8v2h12V6zM4 11h2v2H4v-2zm16 0H8v2h12v-2zM4 16h2v2H4v-2zm16 0H8v2h12v-2z\" fill=\"currentColor\"><\/path><\/svg><svg style=\"fill: #428bca;color:#428bca\" class=\"arrow-unsorted-368013\" xmlns=\"http:\/\/www.w3.org\/2000\/svg\" width=\"10px\" height=\"10px\" viewBox=\"0 0 24 24\" version=\"1.2\" baseProfile=\"tiny\"><path d=\"M18.2 9.3l-6.2-6.3-6.2 6.3c-.2.2-.3.4-.3.7s.1.5.3.7c.2.2.4.3.7.3h11c.3 0 .5-.1.7-.3.2-.2.3-.5.3-.7s-.1-.5-.3-.7zM5.8 14.7l6.2 6.3 6.2-6.3c.2-.2.3-.5.3-.7s-.1-.5-.3-.7c-.2-.2-.4-.3-.7-.3h-11c-.3 0-.5.1-.7.3-.2.2-.3.5-.3.7s.1.5.3.7z\"\/><\/svg><\/span><\/span><\/span><\/a><\/span><\/div>\n<nav><ul class='ez-toc-list ez-toc-list-level-1 eztoc-toggle-hide-by-default' ><li class='ez-toc-page-1 ez-toc-heading-level-1'><a class=\"ez-toc-link ez-toc-heading-1\" href=\"https:\/\/www.ariasassessors.com\/ca\/que-son-les-factures-proforma-i-quan-poden-emetre-els-autonomos\/#Que_son_les_factures_proforma_i_en_quines_situacions_poden_emetreles_els_autonoms\" title=\"Qu\u00e8 s\u00f3n les factures proforma i en quines situacions poden emetre&#8217;les els aut\u00f2noms\">Qu\u00e8 s\u00f3n les factures proforma i en quines situacions poden emetre&#8217;les els aut\u00f2noms<\/a><ul class='ez-toc-list-level-2' ><li class='ez-toc-heading-level-2'><a class=\"ez-toc-link ez-toc-heading-2\" href=\"https:\/\/www.ariasassessors.com\/ca\/que-son-les-factures-proforma-i-quan-poden-emetre-els-autonomos\/#Que_es_una_factura_proforma_i_per_a_que_sutilitza\" title=\"Qu\u00e8 \u00e9s una factura proforma i per a qu\u00e8 s&#8217;utilitza\">Qu\u00e8 \u00e9s una factura proforma i per a qu\u00e8 s&#8217;utilitza<\/a><\/li><li class='ez-toc-page-1 ez-toc-heading-level-2'><a class=\"ez-toc-link ez-toc-heading-3\" href=\"https:\/\/www.ariasassessors.com\/ca\/que-son-les-factures-proforma-i-quan-poden-emetre-els-autonomos\/#La_factura_proforma_no_es_el_mateix_que_un_pressupost\" title=\"La factura proforma no \u00e9s el mateix que un pressupost\">La factura proforma no \u00e9s el mateix que un pressupost<\/a><\/li><li class='ez-toc-page-1 ez-toc-heading-level-2'><a class=\"ez-toc-link ez-toc-heading-4\" href=\"https:\/\/www.ariasassessors.com\/ca\/que-son-les-factures-proforma-i-quan-poden-emetre-els-autonomos\/#Serveix_per_fixar_un_pacte_entre_autonom_i_client\" title=\"Serveix per fixar un pacte entre aut\u00f2nom i client\">Serveix per fixar un pacte entre aut\u00f2nom i client<\/a><\/li><li class='ez-toc-page-1 ez-toc-heading-level-2'><a class=\"ez-toc-link ez-toc-heading-5\" href=\"https:\/\/www.ariasassessors.com\/ca\/que-son-les-factures-proforma-i-quan-poden-emetre-els-autonomos\/#Quins_son_els_elements_que_han_de_figurar_en_una_factura\" title=\"Quins s\u00f3n els elements que han de figurar en una factura?\">Quins s\u00f3n els elements que han de figurar en una factura?<\/a><\/li><li class='ez-toc-page-1 ez-toc-heading-level-2'><a class=\"ez-toc-link ez-toc-heading-6\" href=\"https:\/\/www.ariasassessors.com\/ca\/que-son-les-factures-proforma-i-quan-poden-emetre-els-autonomos\/#Cas_practic_de_com_preparar_una_factura\" title=\"Cas pr\u00e0ctic de com preparar una factura\">Cas pr\u00e0ctic de com preparar una factura<\/a><\/li><\/ul><\/li><\/ul><\/nav><\/div>\n<h1><span class=\"ez-toc-section\" id=\"Que_son_les_factures_proforma_i_en_quines_situacions_poden_emetreles_els_autonoms\"><\/span>Qu\u00e8 s\u00f3n les factures proforma i en quines situacions poden emetre&#8217;les els aut\u00f2noms<span class=\"ez-toc-section-end\"><\/span><\/h1>\n<p>Abans d&#8217;emetre una factura definitiva, \u00e9s com\u00fa que els negocis i els treballadors per compte propi utilitzin les factures proforma per acreditar l&#8217;inici d&#8217;una relaci\u00f3 comercial.<\/p>\n<p>La factura \u00e9s la base de la comptabilitat del negoci d&#8217;un aut\u00f2nom. Per llei, tots els treballadors per compte propi tenen l&#8217;obligaci\u00f3 d&#8217;expedir, lliurar i conservar justificants de totes les seves operacions per l&#8217;exercici de la seva activitat o, el que \u00e9s el mateix, <strong>d&#8217;emetre una factura per la venda d&#8217;un producte o la realitzaci\u00f3 d&#8217;un serve<\/strong>i.<\/p>\n<p>El primer aspecte que s&#8217;ha de con\u00e8ixer \u00e9s el tipus de factura que s&#8217;ha d&#8217;emetre o que es pot emetre en cada cas. Actualment, hi ha cinc tipus, la utilitzaci\u00f3 dels quals dep\u00e8n sempre del context, de l&#8217;import de la mateixa i del destinatari.<\/p>\n<p>Una de les factures que m\u00e9s acostumen a utilitzar els treballadors per compte propi \u00e9s la proforma, que, grosso modo,<strong> es tracta del document previ a la factura ordin\u00e0ria<\/strong>. Si b\u00e9 \u00e9s cert que a nivell fiscal no t\u00e9 validesa,<strong> s&#8217;utilitza molt formalitzar el pacte entre l&#8217;aut\u00f2nom i el client o fins i tot davant d&#8217;una entitat credit\u00edcia<\/strong>. En definitiva, serveix per acreditar que ha existit un inici d&#8217;activitat comercial.<\/p>\n<h2><span class=\"ez-toc-section\" id=\"Que_es_una_factura_proforma_i_per_a_que_sutilitza\"><\/span>Qu\u00e8 \u00e9s una factura proforma i per a qu\u00e8 s&#8217;utilitza<span class=\"ez-toc-section-end\"><\/span><\/h2>\n<p>Tal com va explicar a aquest diari una assessora fiscal, una factura proforma \u00e9s un document de car\u00e0cter informatiu <strong>que no t\u00e9 cap tipus de validesa comptable<\/strong>. Simplement, va assenyalar, &#8220;recull les dades relatives a una operaci\u00f3 de prestaci\u00f3 de b\u00e9ns o serveis&#8221;.<\/p>\n<p>Segons l&#8217;expert, aquest tipus de factura podria entendre&#8217;s <strong>com &#8220;una factura provisional&#8221;<\/strong> en la qual els treballadors per compte propi poden especificar els detalls d&#8217;una activitat comercial futura. &#8220;Una de les caracter\u00edstiques principals de la factura proforma \u00e9s que, al no tenir una validesa fiscal, es <strong>pot modificar totes les vegades que sigui necessari&#8221;<\/strong>, va assenyalar.<\/p>\n<p>Al ser utilitzada com\u00fament com una factura provisional i poder ser modificada sense l\u00edmits, va destacar l&#8217;assessora fiscal, &#8220;el que sol passar \u00e9s que, quan es tanca el tracte entre el negoci i el seu client, ja sigui una altra empresa, un prove\u00efdor o un client final, se&#8217;n van enviant noves versions de la factura proforma, <strong>amb els canvis que es van realitzant<\/strong>&#8220;.<\/p>\n<p>Aix\u00ed, quan ambdues parts consideren que la factura proforma \u00e9s correcta i correspon amb la relaci\u00f3 comercial que es dur\u00e0 a terme, &#8220;<strong>llavors \u00e9s quan s&#8217;emetr\u00e0 la factura definitiva<\/strong>, amb tot el que s&#8217;ha acordat mitjan\u00e7ant la factura proforma&#8221;, va afegir.<\/p>\n<h2><span class=\"ez-toc-section\" id=\"La_factura_proforma_no_es_el_mateix_que_un_pressupost\"><\/span>La factura proforma no \u00e9s el mateix que un pressupost<span class=\"ez-toc-section-end\"><\/span><\/h2>\n<p>La factura proforma, per definici\u00f3, pot confondre&#8217;s amb un pressupost. No obstant, no s\u00f3n el mateix, ja que hi ha diversos aspectes que els diferencien.<\/p>\n<p>Quan es lliura un pressupost, es fa amb l&#8217;objectiu d&#8217;indicar per escrit, de forma clara i desglossada, <strong>quant es cobrar\u00e0 a un client<\/strong> per la venda d&#8217;un producte o la prestaci\u00f3 d&#8217;un servei. \u00c9s a dir, serveix per informar, abans que hi hagi un acord comercial, de quines s\u00f3n les obligacions i les condicions per ambdues parts.<\/p>\n<p>&#8220;Quan l&#8217;aut\u00f2nom envia un pressupost, ja sigui a una altra empresa, a un prove\u00efdor o a un client, t\u00e9 l&#8217;obligaci\u00f3 de mantenir el preu que hagi establert en el mateix. Per aix\u00f2, abans de contractar a una empresa perqu\u00e8 preste un determinat servei, <strong>sempre es sol\u00b7licita un pressupost<\/strong>&#8220;, va explicar a aquest diari una assessora laboral.<\/p>\n<p>Encara que l&#8217;enviament d&#8217;un pressupost no \u00e9s obligatori, &#8220;el m\u00e9s recomanable \u00e9s enviar sempre el pressupost, ja que<strong> \u00e9s el primer pas perqu\u00e8 hi hagi un enteniment<\/strong> entre el que busca l&#8217;aut\u00f2nom o negoci i el que busca el client&#8221;. Aix\u00f2 s\u00ed, va explicar, si no el signen ambdues parts, &#8220;el pressupost careix de valor&#8221;.<\/p>\n<h2><span class=\"ez-toc-section\" id=\"Serveix_per_fixar_un_pacte_entre_autonom_i_client\"><\/span>Serveix per fixar un pacte entre aut\u00f2nom i client<span class=\"ez-toc-section-end\"><\/span><\/h2>\n<p>No obstant, la factura proforma \u00e9s un document, que encara que \u00e9s de car\u00e0cter provisional i no t\u00e9 validesa fiscal, s\u00ed atorga un pacte entre el negoci o aut\u00f2nom que ven un producte o presta un servei i el seu client, de manera que &#8220;amb la factura proforma, <strong>l&#8217;aut\u00f2nom es compromet a certes coses amb els seus clients<\/strong> i a complir amb la seva part, que, en aquest cas, \u00e9s la entrega d&#8217;un b\u00e9 o un servei&#8221;.<\/p>\n<p>L&#8217;altre gran factor que diferencia la factura proforma del pressupost, \u00e9s que aquest no ha de fer-se complint cap disseny o format. &#8220;En canvi, <strong>la factura proforma ha de ser est\u00e8ticament igual que la factura definitiva<\/strong>. Per aix\u00f2 s&#8217;ent\u00e9n la proforma com una factura provisional&#8221;, va explicar l&#8217;expert fiscal.<\/p>\n<p>&#8220;A la fi, l&#8217;emissi\u00f3 d&#8217;una factura proforma dep\u00e8n sempre de les necessitats del client. <strong>Pot ser que el client \u00fanicament demani el pressupost<\/strong> i, a continuaci\u00f3, la factura definitiva, o pot ser que el client sigui qui demani la factura proforma. Aix\u00f2, per exemple, moltes vegades succeeix perqu\u00e8 els bancs, per concedir determinats pr\u00e9stecs, sol\u00b7liciten als seus clients que justifiquin el motiu pel qual se sol\u00b7licita aquesta quantitat.<strong> La factura proforma \u00e9s una bona manera de demostrar-ho<\/strong> &#8220;, va explicar.<\/p>\n<div class=\"flex-1 overflow-hidden\">\n<div class=\"react-scroll-to-bottom--css-kiecj-79elbk h-full dark:bg-gray-800\">\n<div class=\"react-scroll-to-bottom--css-kiecj-1n7m0yu\">\n<div class=\"flex flex-col items-center text-sm dark:bg-gray-800\">\n<div class=\"w-full border-b border-black\/10 dark:border-gray-900\/50 text-gray-800 dark:text-gray-100 group bg-gray-50 dark:bg-[#444654]\">\n<div class=\"text-base gap-4 md:gap-6 m-auto md:max-w-2xl lg:max-w-2xl xl:max-w-3xl p-4 md:py-6 flex lg:px-0\">\n<div class=\"relative flex w-[calc(100%-50px)] flex-col gap-1 md:gap-3 lg:w-[calc(100%-115px)]\">\n<div class=\"flex justify-between\">\n<div class=\"text-gray-400 flex self-end lg:self-center justify-center mt-2 gap-3 md:gap-4 lg:gap-1 lg:absolute lg:top-0 lg:translate-x-full lg:right-0 lg:mt-0 lg:pl-2 invisible\">\n<p>Per exemple, va assenyalar, una persona vol reformar la seva cuina. \u201cAcudeix a un negoci que es dedica a aix\u00f2 i demana el pressupost. Despr\u00e9s, sabent el que li costaria, recorre a una entitat banc\u00e0ria per a sol\u00b7licitar un pr\u00e9stec, i all\u00ed se li sol\u00b7licita un justificant de l&#8217;operaci\u00f3. Nom\u00e9s amb el pressupost, no podr\u00e0 justificar per a qu\u00e8 vol aquests diners, no obstant aix\u00f2,\u00a0<strong>a trav\u00e9s de la factura proforma s\u00ed que podr\u00e0 fer-ho<\/strong>, ja que \u00e9s un pacte entre el client i el negoci, i per tant dona veracitat a la relaci\u00f3 comercial\u201d, va concloure.<\/p>\n<h2><span class=\"ez-toc-section\" id=\"Quins_son_els_elements_que_han_de_figurar_en_una_factura\"><\/span>Quins s\u00f3n els elements que han de figurar en una factura?<span class=\"ez-toc-section-end\"><\/span><\/h2>\n<p>Independentment del motiu pel qual s&#8217;emeti una factura, tots els documents\u00a0han de tenir una s\u00e8rie de dades b\u00e0siques\u00a0i comunes que recullen els principals elements de la transacci\u00f3 per la compra\/venda d&#8217;un b\u00e9 o un servei.<\/p>\n<p>Aquests elements\u00a0<strong>estan regulats per l&#8217;article 6 del Reial decret llei 1619\/2012, de 30 de novembre<\/strong>, i, per tant, l&#8217;aut\u00f2nom haur\u00e0 d&#8217;incorporar-los en cada factura que emeti. En el cas que s&#8217;emeti una factura proforma, ha d&#8217;especificar-se en la part superior del document.<\/p>\n<ul>\n<li><strong>Dades de l&#8217;aut\u00f2nom<\/strong>:\u00a0noms i cognoms de la persona que emet la factura; domicili; i NIF o CIF. Tamb\u00e9 pot afegir-se un tel\u00e8fon de contacte o un correu electr\u00f2nic.<\/li>\n<li><strong>N\u00famero\u00a0de factura<\/strong>: n\u00famero correlatiu de la s\u00e8rie de la factura. Han d&#8217;anar ordenats des de l&#8217;u (primera factura de l&#8217;exercici fiscal) d&#8217;ara endavant durant tot aquest exercici fiscal. Es tracta d&#8217;un dels elements que m\u00e9s problemes causa als aut\u00f2noms, b\u00e9 per error o b\u00e9 per omissi\u00f3. \u00c9s imprescindible vigilar la correlaci\u00f3, ja que Hisenda sol prestar especial atenci\u00f3 a aquest punt.<\/li>\n<li><strong>Data<\/strong>:\u00a0dia d&#8217;emissi\u00f3 de la factura. Ha de ser correlativa amb el n\u00famero de la factura.<\/li>\n<li><strong>Dades del remitent<\/strong>: nom i cognoms del remitent de la factura; adre\u00e7a; i NIF o CIF de la persona que rep la factura.<\/li>\n<li><strong>Concepte<\/strong>: en aquest punt ha de descriure&#8217;s la factura, per la qual cosa ha d&#8217;especificar-se el motiu pel qual s&#8217;emet aquest document, ja sigui un producte o un servei.<\/li>\n<li><strong>Base imposable<\/strong>: quantia de la factura sense incloure els impostos (IRPF i IVA).<\/li>\n<li><strong>Retenci\u00f3 d&#8217;IRPF<\/strong>: retenci\u00f3 per a aut\u00f2noms professionals que varia en la seva quantia depenent de la retenci\u00f3 que tingui.<\/li>\n<li><strong>IVA<\/strong>: quantitat d&#8217;Impost sobre el Valor Afegit que correspon cobrar en la factura. En la majoria de factures s&#8217;emetr\u00e0 a un 21%, tret que el tipus d&#8217;IVA del producte o servei sigui redu\u00eft (10%), *superreducido (4%) o exempt.<\/li>\n<li><strong>M\u00e8tode de pagament<\/strong>: mitj\u00e0 pel qual es rebr\u00e0 el cobrament de la factura en q\u00fcesti\u00f3.<\/li>\n<\/ul>\n<h2><span class=\"ez-toc-section\" id=\"Cas_practic_de_com_preparar_una_factura\"><\/span>Cas pr\u00e0ctic de com preparar una factura<span class=\"ez-toc-section-end\"><\/span><\/h2>\n<p>Prenent com a exemple un treballador per compte propi que es dedica a la comunicaci\u00f3 i al disseny gr\u00e0fic, a continuaci\u00f3 passarem a\u00a0elaborar una factura. En primer lloc, ser\u00e0 necessari\u00a0<strong>incloure les dades tant de l&#8217;aut\u00f2nom que emet la factura com de la persona o entitat que la rep.<\/strong><\/p>\n<p>En la part superior esquerra s&#8217;inclouran les dades de l&#8217;emissor (nom, direcci\u00f3 i CIF). En la part superior dreta s&#8217;inclouran les mateixes dades, per\u00f2 del receptor de la factura. A continuaci\u00f3, s&#8217;especificar\u00e0\u00a0el n\u00famero de factura, la data i el concepte, seguit de la quantitat i unitats del producte o servei.<\/p>\n<p>Una vegada detallats aquestes dades, inclourem la informaci\u00f3 fiscal i monet\u00e0ria. Aquest aut\u00f2nom va prestar els seus serveis a un client per\u00a0<strong>un import (base imposable) de\u00a0909,09 euros.<\/strong> Aplicant un tipus d&#8217;IVA del 21%, l&#8217;aut\u00f2nom haur\u00e0 de sumar a aquesta base, la quantitat de\u00a0190,91 euros.\u00a0Cal destacar, que encara que l&#8217;aut\u00f2nom hagi rebut l&#8217;IVA d&#8217;aquesta factura, ell ser\u00e0 l&#8217;encarregat de lliurar-li la quantitat corresponent a l&#8217;Ag\u00e8ncia Tribut\u00e0ria en la seva autoliquidaci\u00f3 trimestral corresponent.<\/p>\n<p>A m\u00e9s, depenent de la retenci\u00f3 sobre l&#8217;IRPF que tingui l&#8217;aut\u00f2nom, es calcular\u00e0 el total final de la factura. En aquest cas,\u00a0<strong>en tenir una retenci\u00f3 del 15%, es restar\u00e0 a la base imposable la quantitat de 136,36 euros<\/strong>, deixant un total de 963,64 euros (909,09 euros + 190,91 euros &#8211; 136,36 euros), que ser\u00e0 el que el client haur\u00e0 d&#8217;abonar. A m\u00e9s de les dades fiscals i el cost del producte o servei, l&#8217;aut\u00f2nom t\u00e9 l&#8217;obligaci\u00f3 d&#8217;incloure la resta d&#8217;elements que\u00a0es regulen en l&#8217;article 6 del Reial decret llei 1619\/2012, de 30 de novembre.<\/p>\n<\/div>\n<article id=\"post-2337\" class=\"post-2337 post type-post status-publish format-standard has-post-thumbnail hentry category-noticias\">\n<div class=\"post_content_holder\">\n<div class=\"post_text\">\n<div class=\"post_text_inner\">\u00a0Noticia extreta de: <a href=\"https:\/\/www.autonomosyemprendedor.es\/articulo\/tu-negocio\/que-son-facturas-proforma-que-situaciones-pueden-emitirlas-autonomos\/20230303152112029502.html\">https:\/\/www.autonomosyemprendedor.es\/<\/a><\/div>\n<\/div>\n<\/div>\n<\/article>\n<article id=\"post-2356\" class=\"post-2356 post type-post status-publish format-standard has-post-thumbnail hentry category-noticies\">\n<div class=\"post_content_holder\">\n<div class=\"post_text\">\n<div class=\"post_text_inner\">\n<p>Descobreix\u00a0<a href=\"https:\/\/www.ariasassessors.com\/actualidad\/\">mes noticies a l\u2019apartat de actualitat<\/a><\/p>\n<\/div>\n<\/div>\n<\/div>\n<\/article>\n<\/div>\n<\/div>\n<\/div>\n<\/div>\n<\/div>\n<\/div>\n<\/div>\n<\/div>\n","protected":false},"excerpt":{"rendered":"<p>Qu\u00e8 s\u00f3n les factures proforma i en quines situacions poden emetre&#8217;les els aut\u00f2noms Abans d&#8217;emetre una factura definitiva, \u00e9s com\u00fa que els negocis i els treballadors per compte propi utilitzin les factures proforma per acreditar l&#8217;inici d&#8217;una relaci\u00f3 comercial. La factura \u00e9s la base de&#8230;<\/p>\n","protected":false},"author":2,"featured_media":2370,"comment_status":"open","ping_status":"open","sticky":false,"template":"","format":"standard","meta":{"footnotes":""},"categories":[4],"tags":[],"class_list":["post-2368","post","type-post","status-publish","format-standard","has-post-thumbnail","hentry","category-noticies"],"yoast_head":"<!-- This site is optimized with the Yoast SEO plugin v24.3 - https:\/\/yoast.com\/wordpress\/plugins\/seo\/ -->\n<title>Qu\u00e8 s\u00f3n les factures proforma i en quines situacions poden emetre&#039;les els aut\u00f2noms | Arias Assessors<\/title>\n<meta name=\"description\" content=\"Vols saber qu\u00e8 s\u00f3n les factures proforma i quan poden ser \u00fatils per al teu negoci? Descobreix quines difer\u00e8ncies hi ha amb una factura normal!\" \/>\n<meta name=\"robots\" content=\"index, follow, max-snippet:-1, max-image-preview:large, max-video-preview:-1\" \/>\n<link rel=\"canonical\" href=\"https:\/\/www.ariasassessors.com\/ca\/que-son-les-factures-proforma-i-quan-poden-emetre-els-autonomos\/\" \/>\n<meta property=\"og:locale\" content=\"ca_ES\" \/>\n<meta property=\"og:type\" content=\"article\" \/>\n<meta property=\"og:title\" content=\"Qu\u00e8 s\u00f3n les factures proforma i en quines situacions poden emetre&#039;les els aut\u00f2noms | Arias Assessors\" \/>\n<meta property=\"og:description\" content=\"Vols saber qu\u00e8 s\u00f3n les factures proforma i quan poden ser \u00fatils per al teu negoci? Descobreix quines difer\u00e8ncies hi ha amb una factura normal!\" \/>\n<meta property=\"og:url\" content=\"https:\/\/www.ariasassessors.com\/ca\/que-son-les-factures-proforma-i-quan-poden-emetre-els-autonomos\/\" \/>\n<meta property=\"og:site_name\" content=\"Arias Assessors\" \/>\n<meta property=\"article:publisher\" content=\"https:\/\/www.facebook.com\/ariasassessors\/\" \/>\n<meta property=\"article:published_time\" content=\"2023-03-09T16:13:49+00:00\" \/>\n<meta property=\"og:image\" content=\"https:\/\/www.ariasassessors.com\/wp-content\/uploads\/2023\/03\/Arias_Blog_IMAGEN_DESTACADA-10-1.png\" \/>\n\t<meta property=\"og:image:width\" content=\"1920\" \/>\n\t<meta property=\"og:image:height\" content=\"1202\" \/>\n\t<meta property=\"og:image:type\" content=\"image\/png\" \/>\n<meta name=\"author\" content=\"btorras\" \/>\n<meta name=\"twitter:card\" content=\"summary_large_image\" \/>\n<meta name=\"twitter:creator\" content=\"@ariasassessors\" \/>\n<meta name=\"twitter:site\" content=\"@ariasassessors\" \/>\n<meta name=\"twitter:label1\" content=\"Escrit per\" \/>\n\t<meta name=\"twitter:data1\" content=\"btorras\" \/>\n\t<meta name=\"twitter:label2\" content=\"Temps estimat de lectura\" \/>\n\t<meta name=\"twitter:data2\" content=\"8 minuts\" \/>\n<script type=\"application\/ld+json\" class=\"yoast-schema-graph\">{\"@context\":\"https:\/\/schema.org\",\"@graph\":[{\"@type\":\"Article\",\"@id\":\"https:\/\/www.ariasassessors.com\/ca\/que-son-les-factures-proforma-i-quan-poden-emetre-els-autonomos\/#article\",\"isPartOf\":{\"@id\":\"https:\/\/www.ariasassessors.com\/ca\/que-son-les-factures-proforma-i-quan-poden-emetre-els-autonomos\/\"},\"author\":{\"name\":\"btorras\",\"@id\":\"https:\/\/www.ariasassessors.com\/#\/schema\/person\/63c6ad1775f0a9413c37932562673cef\"},\"headline\":\"Qu\u00e8 s\u00f3n les factures proforma i en quines situacions poden emetre&#8217;les els aut\u00f2noms\",\"datePublished\":\"2023-03-09T16:13:49+00:00\",\"dateModified\":\"2023-03-09T16:13:49+00:00\",\"mainEntityOfPage\":{\"@id\":\"https:\/\/www.ariasassessors.com\/ca\/que-son-les-factures-proforma-i-quan-poden-emetre-els-autonomos\/\"},\"wordCount\":1635,\"commentCount\":0,\"publisher\":{\"@id\":\"https:\/\/www.ariasassessors.com\/#organization\"},\"image\":{\"@id\":\"https:\/\/www.ariasassessors.com\/ca\/que-son-les-factures-proforma-i-quan-poden-emetre-els-autonomos\/#primaryimage\"},\"thumbnailUrl\":\"https:\/\/www.ariasassessors.com\/wp-content\/uploads\/2023\/03\/Arias_Blog_IMAGEN_DESTACADA-10-1.png\",\"articleSection\":[\"noticies\"],\"inLanguage\":\"ca\",\"potentialAction\":[{\"@type\":\"CommentAction\",\"name\":\"Comment\",\"target\":[\"https:\/\/www.ariasassessors.com\/ca\/que-son-les-factures-proforma-i-quan-poden-emetre-els-autonomos\/#respond\"]}]},{\"@type\":\"WebPage\",\"@id\":\"https:\/\/www.ariasassessors.com\/ca\/que-son-les-factures-proforma-i-quan-poden-emetre-els-autonomos\/\",\"url\":\"https:\/\/www.ariasassessors.com\/ca\/que-son-les-factures-proforma-i-quan-poden-emetre-els-autonomos\/\",\"name\":\"Qu\u00e8 s\u00f3n les factures proforma i en quines situacions poden emetre'les els aut\u00f2noms | Arias Assessors\",\"isPartOf\":{\"@id\":\"https:\/\/www.ariasassessors.com\/#website\"},\"primaryImageOfPage\":{\"@id\":\"https:\/\/www.ariasassessors.com\/ca\/que-son-les-factures-proforma-i-quan-poden-emetre-els-autonomos\/#primaryimage\"},\"image\":{\"@id\":\"https:\/\/www.ariasassessors.com\/ca\/que-son-les-factures-proforma-i-quan-poden-emetre-els-autonomos\/#primaryimage\"},\"thumbnailUrl\":\"https:\/\/www.ariasassessors.com\/wp-content\/uploads\/2023\/03\/Arias_Blog_IMAGEN_DESTACADA-10-1.png\",\"datePublished\":\"2023-03-09T16:13:49+00:00\",\"dateModified\":\"2023-03-09T16:13:49+00:00\",\"description\":\"Vols saber qu\u00e8 s\u00f3n les factures proforma i quan poden ser \u00fatils per al teu negoci? Descobreix quines difer\u00e8ncies hi ha amb una factura normal!\",\"breadcrumb\":{\"@id\":\"https:\/\/www.ariasassessors.com\/ca\/que-son-les-factures-proforma-i-quan-poden-emetre-els-autonomos\/#breadcrumb\"},\"inLanguage\":\"ca\",\"potentialAction\":[{\"@type\":\"ReadAction\",\"target\":[\"https:\/\/www.ariasassessors.com\/ca\/que-son-les-factures-proforma-i-quan-poden-emetre-els-autonomos\/\"]}]},{\"@type\":\"ImageObject\",\"inLanguage\":\"ca\",\"@id\":\"https:\/\/www.ariasassessors.com\/ca\/que-son-les-factures-proforma-i-quan-poden-emetre-els-autonomos\/#primaryimage\",\"url\":\"https:\/\/www.ariasassessors.com\/wp-content\/uploads\/2023\/03\/Arias_Blog_IMAGEN_DESTACADA-10-1.png\",\"contentUrl\":\"https:\/\/www.ariasassessors.com\/wp-content\/uploads\/2023\/03\/Arias_Blog_IMAGEN_DESTACADA-10-1.png\",\"width\":1920,\"height\":1202,\"caption\":\"facturas proforma\"},{\"@type\":\"BreadcrumbList\",\"@id\":\"https:\/\/www.ariasassessors.com\/ca\/que-son-les-factures-proforma-i-quan-poden-emetre-els-autonomos\/#breadcrumb\",\"itemListElement\":[{\"@type\":\"ListItem\",\"position\":1,\"name\":\"Portada\",\"item\":\"https:\/\/www.ariasassessors.com\/ca\/\"},{\"@type\":\"ListItem\",\"position\":2,\"name\":\"Qu\u00e8 s\u00f3n les factures proforma i en quines situacions poden emetre&#8217;les els aut\u00f2noms\"}]},{\"@type\":\"WebSite\",\"@id\":\"https:\/\/www.ariasassessors.com\/#website\",\"url\":\"https:\/\/www.ariasassessors.com\/\",\"name\":\"Arias Assessors\",\"description\":\"Asesor\u00eda para aut\u00f3nomos, profesionales y PYMES\",\"publisher\":{\"@id\":\"https:\/\/www.ariasassessors.com\/#organization\"},\"potentialAction\":[{\"@type\":\"SearchAction\",\"target\":{\"@type\":\"EntryPoint\",\"urlTemplate\":\"https:\/\/www.ariasassessors.com\/?s={search_term_string}\"},\"query-input\":{\"@type\":\"PropertyValueSpecification\",\"valueRequired\":true,\"valueName\":\"search_term_string\"}}],\"inLanguage\":\"ca\"},{\"@type\":\"Organization\",\"@id\":\"https:\/\/www.ariasassessors.com\/#organization\",\"name\":\"Arias Assessors\",\"url\":\"https:\/\/www.ariasassessors.com\/\",\"logo\":{\"@type\":\"ImageObject\",\"inLanguage\":\"ca\",\"@id\":\"https:\/\/www.ariasassessors.com\/#\/schema\/logo\/image\/\",\"url\":\"https:\/\/www.ariasassessors.com\/wp-content\/uploads\/2019\/01\/arias-logo.png\",\"contentUrl\":\"https:\/\/www.ariasassessors.com\/wp-content\/uploads\/2019\/01\/arias-logo.png\",\"width\":349,\"height\":254,\"caption\":\"Arias Assessors\"},\"image\":{\"@id\":\"https:\/\/www.ariasassessors.com\/#\/schema\/logo\/image\/\"},\"sameAs\":[\"https:\/\/www.facebook.com\/ariasassessors\/\",\"https:\/\/x.com\/ariasassessors\",\"https:\/\/www.linkedin.com\/company\/r&amp;amp;r-growing-knowledge\/\"]},{\"@type\":\"Person\",\"@id\":\"https:\/\/www.ariasassessors.com\/#\/schema\/person\/63c6ad1775f0a9413c37932562673cef\",\"name\":\"btorras\",\"image\":{\"@type\":\"ImageObject\",\"inLanguage\":\"ca\",\"@id\":\"https:\/\/www.ariasassessors.com\/#\/schema\/person\/image\/\",\"url\":\"https:\/\/secure.gravatar.com\/avatar\/0531db351fc361fdbfd204c58fa2d6a3?s=96&d=mm&r=g\",\"contentUrl\":\"https:\/\/secure.gravatar.com\/avatar\/0531db351fc361fdbfd204c58fa2d6a3?s=96&d=mm&r=g\",\"caption\":\"btorras\"}}]}<\/script>\n<!-- \/ Yoast SEO plugin. -->","yoast_head_json":{"title":"Qu\u00e8 s\u00f3n les factures proforma i en quines situacions poden emetre'les els aut\u00f2noms | Arias Assessors","description":"Vols saber qu\u00e8 s\u00f3n les factures proforma i quan poden ser \u00fatils per al teu negoci? Descobreix quines difer\u00e8ncies hi ha amb una factura normal!","robots":{"index":"index","follow":"follow","max-snippet":"max-snippet:-1","max-image-preview":"max-image-preview:large","max-video-preview":"max-video-preview:-1"},"canonical":"https:\/\/www.ariasassessors.com\/ca\/que-son-les-factures-proforma-i-quan-poden-emetre-els-autonomos\/","og_locale":"ca_ES","og_type":"article","og_title":"Qu\u00e8 s\u00f3n les factures proforma i en quines situacions poden emetre'les els aut\u00f2noms | Arias Assessors","og_description":"Vols saber qu\u00e8 s\u00f3n les factures proforma i quan poden ser \u00fatils per al teu negoci? Descobreix quines difer\u00e8ncies hi ha amb una factura normal!","og_url":"https:\/\/www.ariasassessors.com\/ca\/que-son-les-factures-proforma-i-quan-poden-emetre-els-autonomos\/","og_site_name":"Arias Assessors","article_publisher":"https:\/\/www.facebook.com\/ariasassessors\/","article_published_time":"2023-03-09T16:13:49+00:00","og_image":[{"width":1920,"height":1202,"url":"https:\/\/www.ariasassessors.com\/wp-content\/uploads\/2023\/03\/Arias_Blog_IMAGEN_DESTACADA-10-1.png","type":"image\/png"}],"author":"btorras","twitter_card":"summary_large_image","twitter_creator":"@ariasassessors","twitter_site":"@ariasassessors","twitter_misc":{"Escrit per":"btorras","Temps estimat de lectura":"8 minuts"},"schema":{"@context":"https:\/\/schema.org","@graph":[{"@type":"Article","@id":"https:\/\/www.ariasassessors.com\/ca\/que-son-les-factures-proforma-i-quan-poden-emetre-els-autonomos\/#article","isPartOf":{"@id":"https:\/\/www.ariasassessors.com\/ca\/que-son-les-factures-proforma-i-quan-poden-emetre-els-autonomos\/"},"author":{"name":"btorras","@id":"https:\/\/www.ariasassessors.com\/#\/schema\/person\/63c6ad1775f0a9413c37932562673cef"},"headline":"Qu\u00e8 s\u00f3n les factures proforma i en quines situacions poden emetre&#8217;les els aut\u00f2noms","datePublished":"2023-03-09T16:13:49+00:00","dateModified":"2023-03-09T16:13:49+00:00","mainEntityOfPage":{"@id":"https:\/\/www.ariasassessors.com\/ca\/que-son-les-factures-proforma-i-quan-poden-emetre-els-autonomos\/"},"wordCount":1635,"commentCount":0,"publisher":{"@id":"https:\/\/www.ariasassessors.com\/#organization"},"image":{"@id":"https:\/\/www.ariasassessors.com\/ca\/que-son-les-factures-proforma-i-quan-poden-emetre-els-autonomos\/#primaryimage"},"thumbnailUrl":"https:\/\/www.ariasassessors.com\/wp-content\/uploads\/2023\/03\/Arias_Blog_IMAGEN_DESTACADA-10-1.png","articleSection":["noticies"],"inLanguage":"ca","potentialAction":[{"@type":"CommentAction","name":"Comment","target":["https:\/\/www.ariasassessors.com\/ca\/que-son-les-factures-proforma-i-quan-poden-emetre-els-autonomos\/#respond"]}]},{"@type":"WebPage","@id":"https:\/\/www.ariasassessors.com\/ca\/que-son-les-factures-proforma-i-quan-poden-emetre-els-autonomos\/","url":"https:\/\/www.ariasassessors.com\/ca\/que-son-les-factures-proforma-i-quan-poden-emetre-els-autonomos\/","name":"Qu\u00e8 s\u00f3n les factures proforma i en quines situacions poden emetre'les els aut\u00f2noms | Arias Assessors","isPartOf":{"@id":"https:\/\/www.ariasassessors.com\/#website"},"primaryImageOfPage":{"@id":"https:\/\/www.ariasassessors.com\/ca\/que-son-les-factures-proforma-i-quan-poden-emetre-els-autonomos\/#primaryimage"},"image":{"@id":"https:\/\/www.ariasassessors.com\/ca\/que-son-les-factures-proforma-i-quan-poden-emetre-els-autonomos\/#primaryimage"},"thumbnailUrl":"https:\/\/www.ariasassessors.com\/wp-content\/uploads\/2023\/03\/Arias_Blog_IMAGEN_DESTACADA-10-1.png","datePublished":"2023-03-09T16:13:49+00:00","dateModified":"2023-03-09T16:13:49+00:00","description":"Vols saber qu\u00e8 s\u00f3n les factures proforma i quan poden ser \u00fatils per al teu negoci? Descobreix quines difer\u00e8ncies hi ha amb una factura normal!","breadcrumb":{"@id":"https:\/\/www.ariasassessors.com\/ca\/que-son-les-factures-proforma-i-quan-poden-emetre-els-autonomos\/#breadcrumb"},"inLanguage":"ca","potentialAction":[{"@type":"ReadAction","target":["https:\/\/www.ariasassessors.com\/ca\/que-son-les-factures-proforma-i-quan-poden-emetre-els-autonomos\/"]}]},{"@type":"ImageObject","inLanguage":"ca","@id":"https:\/\/www.ariasassessors.com\/ca\/que-son-les-factures-proforma-i-quan-poden-emetre-els-autonomos\/#primaryimage","url":"https:\/\/www.ariasassessors.com\/wp-content\/uploads\/2023\/03\/Arias_Blog_IMAGEN_DESTACADA-10-1.png","contentUrl":"https:\/\/www.ariasassessors.com\/wp-content\/uploads\/2023\/03\/Arias_Blog_IMAGEN_DESTACADA-10-1.png","width":1920,"height":1202,"caption":"facturas proforma"},{"@type":"BreadcrumbList","@id":"https:\/\/www.ariasassessors.com\/ca\/que-son-les-factures-proforma-i-quan-poden-emetre-els-autonomos\/#breadcrumb","itemListElement":[{"@type":"ListItem","position":1,"name":"Portada","item":"https:\/\/www.ariasassessors.com\/ca\/"},{"@type":"ListItem","position":2,"name":"Qu\u00e8 s\u00f3n les factures proforma i en quines situacions poden emetre&#8217;les els aut\u00f2noms"}]},{"@type":"WebSite","@id":"https:\/\/www.ariasassessors.com\/#website","url":"https:\/\/www.ariasassessors.com\/","name":"Arias Assessors","description":"Asesor\u00eda para aut\u00f3nomos, profesionales y PYMES","publisher":{"@id":"https:\/\/www.ariasassessors.com\/#organization"},"potentialAction":[{"@type":"SearchAction","target":{"@type":"EntryPoint","urlTemplate":"https:\/\/www.ariasassessors.com\/?s={search_term_string}"},"query-input":{"@type":"PropertyValueSpecification","valueRequired":true,"valueName":"search_term_string"}}],"inLanguage":"ca"},{"@type":"Organization","@id":"https:\/\/www.ariasassessors.com\/#organization","name":"Arias Assessors","url":"https:\/\/www.ariasassessors.com\/","logo":{"@type":"ImageObject","inLanguage":"ca","@id":"https:\/\/www.ariasassessors.com\/#\/schema\/logo\/image\/","url":"https:\/\/www.ariasassessors.com\/wp-content\/uploads\/2019\/01\/arias-logo.png","contentUrl":"https:\/\/www.ariasassessors.com\/wp-content\/uploads\/2019\/01\/arias-logo.png","width":349,"height":254,"caption":"Arias Assessors"},"image":{"@id":"https:\/\/www.ariasassessors.com\/#\/schema\/logo\/image\/"},"sameAs":["https:\/\/www.facebook.com\/ariasassessors\/","https:\/\/x.com\/ariasassessors","https:\/\/www.linkedin.com\/company\/r&amp;amp;r-growing-knowledge\/"]},{"@type":"Person","@id":"https:\/\/www.ariasassessors.com\/#\/schema\/person\/63c6ad1775f0a9413c37932562673cef","name":"btorras","image":{"@type":"ImageObject","inLanguage":"ca","@id":"https:\/\/www.ariasassessors.com\/#\/schema\/person\/image\/","url":"https:\/\/secure.gravatar.com\/avatar\/0531db351fc361fdbfd204c58fa2d6a3?s=96&d=mm&r=g","contentUrl":"https:\/\/secure.gravatar.com\/avatar\/0531db351fc361fdbfd204c58fa2d6a3?s=96&d=mm&r=g","caption":"btorras"}}]}},"_links":{"self":[{"href":"https:\/\/www.ariasassessors.com\/ca\/wp-json\/wp\/v2\/posts\/2368","targetHints":{"allow":["GET"]}}],"collection":[{"href":"https:\/\/www.ariasassessors.com\/ca\/wp-json\/wp\/v2\/posts"}],"about":[{"href":"https:\/\/www.ariasassessors.com\/ca\/wp-json\/wp\/v2\/types\/post"}],"author":[{"embeddable":true,"href":"https:\/\/www.ariasassessors.com\/ca\/wp-json\/wp\/v2\/users\/2"}],"replies":[{"embeddable":true,"href":"https:\/\/www.ariasassessors.com\/ca\/wp-json\/wp\/v2\/comments?post=2368"}],"version-history":[{"count":1,"href":"https:\/\/www.ariasassessors.com\/ca\/wp-json\/wp\/v2\/posts\/2368\/revisions"}],"predecessor-version":[{"id":2372,"href":"https:\/\/www.ariasassessors.com\/ca\/wp-json\/wp\/v2\/posts\/2368\/revisions\/2372"}],"wp:featuredmedia":[{"embeddable":true,"href":"https:\/\/www.ariasassessors.com\/ca\/wp-json\/wp\/v2\/media\/2370"}],"wp:attachment":[{"href":"https:\/\/www.ariasassessors.com\/ca\/wp-json\/wp\/v2\/media?parent=2368"}],"wp:term":[{"taxonomy":"category","embeddable":true,"href":"https:\/\/www.ariasassessors.com\/ca\/wp-json\/wp\/v2\/categories?post=2368"},{"taxonomy":"post_tag","embeddable":true,"href":"https:\/\/www.ariasassessors.com\/ca\/wp-json\/wp\/v2\/tags?post=2368"}],"curies":[{"name":"wp","href":"https:\/\/api.w.org\/{rel}","templated":true}]}}