{"id":2383,"date":"2023-03-17T16:18:06","date_gmt":"2023-03-17T15:18:06","guid":{"rendered":"https:\/\/www.ariasassessors.com\/?p=2383"},"modified":"2023-03-29T15:23:24","modified_gmt":"2023-03-29T13:23:24","slug":"hacienda-estudia-eliminar-iva-als-autonomos","status":"publish","type":"post","link":"https:\/\/www.ariasassessors.com\/ca\/hacienda-estudia-eliminar-iva-als-autonomos\/","title":{"rendered":"Hisenda estudia un r\u00e8gim per a eliminar l&#8217;IVA als aut\u00f2noms que facturin menys de 85.000 euros a l&#8217;any"},"content":{"rendered":"<div id=\"ez-toc-container\" class=\"ez-toc-v2_0_72 counter-hierarchy ez-toc-counter ez-toc-grey ez-toc-container-direction\">\n<div class=\"ez-toc-title-container\">\n<p class=\"ez-toc-title\" style=\"cursor:inherit\">\u00cdndice de Contenidos<\/p>\n<span class=\"ez-toc-title-toggle\"><a href=\"#\" class=\"ez-toc-pull-right ez-toc-btn ez-toc-btn-xs ez-toc-btn-default ez-toc-toggle\" aria-label=\"Toggle Table of Content\"><span class=\"ez-toc-js-icon-con\"><span class=\"\"><span class=\"eztoc-hide\" style=\"display:none;\">Toggle<\/span><span class=\"ez-toc-icon-toggle-span\"><svg style=\"fill: #428bca;color:#428bca\" xmlns=\"http:\/\/www.w3.org\/2000\/svg\" class=\"list-377408\" width=\"20px\" height=\"20px\" viewBox=\"0 0 24 24\" fill=\"none\"><path d=\"M6 6H4v2h2V6zm14 0H8v2h12V6zM4 11h2v2H4v-2zm16 0H8v2h12v-2zM4 16h2v2H4v-2zm16 0H8v2h12v-2z\" fill=\"currentColor\"><\/path><\/svg><svg style=\"fill: #428bca;color:#428bca\" class=\"arrow-unsorted-368013\" xmlns=\"http:\/\/www.w3.org\/2000\/svg\" width=\"10px\" height=\"10px\" viewBox=\"0 0 24 24\" version=\"1.2\" baseProfile=\"tiny\"><path d=\"M18.2 9.3l-6.2-6.3-6.2 6.3c-.2.2-.3.4-.3.7s.1.5.3.7c.2.2.4.3.7.3h11c.3 0 .5-.1.7-.3.2-.2.3-.5.3-.7s-.1-.5-.3-.7zM5.8 14.7l6.2 6.3 6.2-6.3c.2-.2.3-.5.3-.7s-.1-.5-.3-.7c-.2-.2-.4-.3-.7-.3h-11c-.3 0-.5.1-.7.3-.2.2-.3.5-.3.7s.1.5.3.7z\"\/><\/svg><\/span><\/span><\/span><\/a><\/span><\/div>\n<nav><ul class='ez-toc-list ez-toc-list-level-1 eztoc-toggle-hide-by-default' ><li class='ez-toc-page-1 ez-toc-heading-level-1'><a class=\"ez-toc-link ez-toc-heading-1\" href=\"https:\/\/www.ariasassessors.com\/ca\/hacienda-estudia-eliminar-iva-als-autonomos\/#Hisenda_estudia_un_regim_per_a_eliminar_lIVA_als_autonoms_que_facturin_menys_de_85000_euros_a_lany\" title=\"Hisenda estudia un r\u00e8gim per a eliminar l&#8217;IVA als aut\u00f2noms que facturin menys de 85.000 euros a l&#8217;any\">Hisenda estudia un r\u00e8gim per a eliminar l&#8217;IVA als aut\u00f2noms que facturin menys de 85.000 euros a l&#8217;any<\/a><ul class='ez-toc-list-level-2' ><li class='ez-toc-heading-level-2'><a class=\"ez-toc-link ez-toc-heading-2\" href=\"https:\/\/www.ariasassessors.com\/ca\/hacienda-estudia-eliminar-iva-als-autonomos\/#Els_autonoms_que_facturin_menys_de_85000_euros_podrien_deixar_de_presentar_lIVA_trimestral\" title=\"Els aut\u00f2noms que facturin menys de 85.000\u00a0euros podrien deixar de presentar l&#8217;IVA trimestral\">Els aut\u00f2noms que facturin menys de 85.000\u00a0euros podrien deixar de presentar l&#8217;IVA trimestral<\/a><\/li><li class='ez-toc-page-1 ez-toc-heading-level-2'><a class=\"ez-toc-link ez-toc-heading-3\" href=\"https:\/\/www.ariasassessors.com\/ca\/hacienda-estudia-eliminar-iva-als-autonomos\/#Presentar_lIVA_nomes_una_vegada_a_lany_i_no_haver_de_guardar_factures\" title=\"Presentar l&#8217;IVA nom\u00e9s una vegada a l&#8217;any i no haver de guardar factures\">Presentar l&#8217;IVA nom\u00e9s una vegada a l&#8217;any i no haver de guardar factures<\/a><\/li><li class='ez-toc-page-1 ez-toc-heading-level-2'><a class=\"ez-toc-link ez-toc-heading-4\" href=\"https:\/\/www.ariasassessors.com\/ca\/hacienda-estudia-eliminar-iva-als-autonomos\/#El_regim_de_franquicies_beneficiara_mes_als_autonoms_que_tenen_menys_despeses\" title=\"El r\u00e8gim de franqu\u00edcies beneficiar\u00e0 m\u00e9s als aut\u00f2noms que tenen menys despeses\">El r\u00e8gim de franqu\u00edcies beneficiar\u00e0 m\u00e9s als aut\u00f2noms que tenen menys despeses<\/a><\/li><li class='ez-toc-page-1 ez-toc-heading-level-2'><a class=\"ez-toc-link ez-toc-heading-5\" href=\"https:\/\/www.ariasassessors.com\/ca\/hacienda-estudia-eliminar-iva-als-autonomos\/#Una_transicio_cap_a_leliminacio_del_sistema_de_tributacio_per_moduls\" title=\"Una transici\u00f3 cap a l&#8217;eliminaci\u00f3 del sistema de tributaci\u00f3 per m\u00f2duls\">Una transici\u00f3 cap a l&#8217;eliminaci\u00f3 del sistema de tributaci\u00f3 per m\u00f2duls<\/a><\/li><\/ul><\/li><\/ul><\/nav><\/div>\n<h1><span class=\"ez-toc-section\" id=\"Hisenda_estudia_un_regim_per_a_eliminar_lIVA_als_autonoms_que_facturin_menys_de_85000_euros_a_lany\"><\/span>Hisenda estudia un r\u00e8gim per a eliminar l&#8217;IVA als aut\u00f2noms que facturin menys de 85.000 euros a l&#8217;any<span class=\"ez-toc-section-end\"><\/span><\/h1>\n<p>La Directora del Departament de Gesti\u00f3 Tribut\u00e0ria de l&#8217;Ag\u00e8ncia Tribut\u00e0ria va avan\u00e7ar que Hisenda est\u00e0 estudiant amb les organitzacions d&#8217;aut\u00f2noms un nou r\u00e8gim pel qual els petits negocis podrien quedar alliberats de declarar l&#8217;IVA.<\/p>\n<p>L&#8217;Ag\u00e8ncia Tribut\u00e0ria est\u00e0 treballant amb les organitzacions d&#8217;aut\u00f2noms\u00a0per a posar en marxa\u00a0un <strong>nou r\u00e8gim fiscal que permetria a milers d&#8217;aut\u00f2noms\u00a0 quedar al marge de l&#8217;IVA<\/strong>\u00a0i no haver de\u00a0presentar les seves autoliquidacions trimestrals. La idea que s&#8217;est\u00e0 remenant \u00e9s que tots els treballadors per compte propi que\u00a0<strong>facturin menys de 85.000 euros<\/strong>\u00a0(100.000 euros sense estan en activitats intracomunit\u00e0ries) nom\u00e9s hagin de presentar una declaraci\u00f3 anual de les seves vendes per a demostrar que compleixen els l\u00edmits per a no estar subjectes a aquest impost indirecte.<\/p>\n<p>Aquesta reforma va ser avan\u00e7ada per Rosa Prieto, Directora del Departament de Gesti\u00f3 Tribut\u00e0ria de l&#8217;Ag\u00e8ncia Tribut\u00e0ria, durant el segon dia de celebraci\u00f3 de l&#8217;IV f\u00f2rum d&#8217;Emprenedors i Aut\u00f2noms que organitza la Federaci\u00f3 Nacional d&#8217;Associacions de Treballadors Aut\u00f2noms (LLIGA). Durant l&#8217;esdeveniment van intervenir tamb\u00e9 diferents experts convidats com l&#8217;advocat fiscalista Javier Mart\u00edn o la Vicepresidenta de ATA, Celia Ferrero, que han format part d&#8217;una taula creada per l&#8217;Ag\u00e8ncia Tribut\u00e0ria per a dissenyar diferents aspectes del sistema tributari dels aut\u00f2noms entre els quals tamb\u00e9 es troba el<strong> sistema de m\u00f2duls<\/strong>\u00a0o el que es coneix com a\u00a0<strong>r\u00e8gim franquiciat de l&#8217;IVA per als petits negocis i professionals.<\/strong><\/p>\n<p>Segons va explicar la Directora del Departament de Gesti\u00f3 Tribut\u00e0ria de la *AEAT, Espanya seria ara mateix\u00a0<strong>l&#8217;\u00fanic pa\u00eds que no compta amb el r\u00e8gim franquiciat d&#8217;IVA<\/strong>\u00a0i &#8220;\u00e9s cert que podria ser una manera d&#8217;arribar a una r\u00e8gim m\u00e9s just&#8221;. En aquest moment, hi ha un grup de treball, en el qual participen LLIGA i CEOE, i que est\u00e0 estudiant les possibilitat d&#8217;implantar aquest sistema de cara a transposar la directiva de la UE que exigeix la seva posada en marxa. &#8220;Les seves caracter\u00edstiques pr\u00f2pies,\u00a0que permeti la directiva d&#8217;IVA, s&#8217;hauran de definir encara, per\u00f2<strong>\u00a0ja hi ha unanimitat a arribar a aquest r\u00e8gim de franqu\u00edcia<\/strong>&#8220;, va assegurar la representant de l&#8217;Ag\u00e8ncia Tribut\u00e0ria.<\/p>\n<p>Cal recordar que, avui dia, l&#8217;IVA no \u00e9s un impost que hagin de pagar els empresaris, ja que s\u00f3n nom\u00e9s mers transmissors: abonen l&#8217;impost quan realitzen una despesa per al seu negoci i el reben quan efectuen una venda. No obstant aix\u00f2, haver de liquidar el tribut trimestralment per a rendir comptes amb Hisenda\u00a0<strong>suposa una gran c\u00e0rrega administrativa per als negocis m\u00e9s petits<\/strong>\u00a0que l&#8217;Ag\u00e8ncia Tribut\u00e0ria i les organitzacions representatives del col\u00b7lectiu\u00a0<strong>busquen simplificar<\/strong>. La idea del r\u00e8gim de franqu\u00edcies que ja s&#8217;est\u00e0 duent a terme en la resta de pa\u00efsos de la Uni\u00f3 Europea seria simplificar el sistema i\u00a0apartar als petits empresaris d&#8217;aquesta obligaci\u00f3 de declarar l&#8217;IVA pel que\u00a0<strong>ja no haurien d&#8217;incloure\u00a0 aquest impost en les seves factures.<\/strong><\/p>\n<h2><span class=\"ez-toc-section\" id=\"Els_autonoms_que_facturin_menys_de_85000_euros_podrien_deixar_de_presentar_lIVA_trimestral\"><\/span>Els aut\u00f2noms que facturin menys de 85.000\u00a0euros podrien deixar de presentar l&#8217;IVA trimestral<span class=\"ez-toc-section-end\"><\/span><\/h2>\n<p>De moment, i a costa de con\u00e8ixer m\u00e9s detalls, la Vicepresidenta de ATA, una de les organitzacions que ha estat present en aquesta taula de treball va avan\u00e7ar algunes de les caracter\u00edstiques principals que tindria aquest nou r\u00e8gim de franqu\u00edcia que podria substituir pr\u00f2ximament als m\u00f2duls en IVA. &#8220;L&#8217;IVA franquiciat seria <strong>l&#8217;exempci\u00f3 d&#8217;IVA per a les persones f\u00edsiques que facturin menys de 85.000 euros o <\/strong>fins a<strong> 100.000 en el cas d&#8217;operacions intracomunit\u00e0ries<\/strong>. Per\u00f2 el m\u00e9s benefici\u00f3s seria la simplificaci\u00f3 i exempci\u00f3 d&#8217;obligacions formals que tindria la implantaci\u00f3 d&#8217;aquest nou sistema&#8221;, va apuntar Celia Ferrero.<\/p>\n<p>Segons les \u00faltimes\u00a0dades\u00a0disponibles de l&#8217;Ag\u00e8ncia Tribut\u00e0ria -corresponents a 2019- que es van lliurar al Ministeri d&#8217;Inclusi\u00f3, Seguretat Social i Migracions per a l&#8217;elaboraci\u00f3 de la\u00a0proposta de cotitzaci\u00f3 per rendiments reals dels\u00a0 aut\u00f2noms, aquest any hi havia m\u00e9s de dos milions de treballadors per compte propi amb uns beneficis inferiors als 1.125\u00a0euros al mes, o 13.500 euros a l&#8217;any -l&#8217;SMI de 2022-. Encara que aquestes xifres es refereixen a rendiments nets i no a facturaci\u00f3, en qualsevol cas, \u00e9s probable que en\u00a0aquell llavors,\u00a0<strong>almenys, dos de cada tres treballadors per compte propi espanyols estiguessin dins del llindar<\/strong>\u00a0per a poder acollir-se al nou r\u00e8gim de franqu\u00edcies d&#8217;IVA.<\/p>\n<h2><span class=\"ez-toc-section\" id=\"Presentar_lIVA_nomes_una_vegada_a_lany_i_no_haver_de_guardar_factures\"><\/span>Presentar l&#8217;IVA nom\u00e9s una vegada a l&#8217;any i no haver de guardar factures<span class=\"ez-toc-section-end\"><\/span><\/h2>\n<p>La posada en marxa del nou r\u00e8gim suposaria diversos avantatges per als aut\u00f2noms que puguin acollir-se a ell.\u00a0<strong>La idea seria rendir comptes amb Hisenda una sola vegada a l&#8217;any<\/strong>, perqu\u00e8 l&#8217;Ag\u00e8ncia Tribut\u00e0ria pugui comprovar que els treballadors per compte propi compleixen amb els l\u00edmits per a seguir en el sistema, a trav\u00e9s &#8220;una sola radiografia al gener, en comptes de liquidar cada trimestre. Sobretot perqu\u00e8 tant l&#8217;IVA franquiciat, com la factura electr\u00f2nica permetran subministrar molta informaci\u00f3 a la AEAT, Per tant, l&#8217;Administraci\u00f3 podr\u00e0 proveir m\u00e9s serveis, llibres registro, que <strong>ens podran ajudar a fer menys tr\u00e0mits<\/strong>&#8220;, va apuntar la Vicepresidenta de ATA, Celia Ferrero.<\/p>\n<p>Un altre dels beneficis m\u00e9s ressenyables del sistema en el qual s&#8217;est\u00e0 treballant seria que\u00a0<strong>no se suporta ni repercuteix l&#8217;IVA<\/strong>.\u00a0Aix\u00f2 significa que\u00a0<strong>no caldr\u00e0 guardar les factures<\/strong>\u00a0de cara a aquest impost, ja que no hi hauria despeses dedu\u00efbles en aquest tribut per als beneficiaris del r\u00e8gim de franqu\u00edcies.<\/p>\n<h2><span class=\"ez-toc-section\" id=\"El_regim_de_franquicies_beneficiara_mes_als_autonoms_que_tenen_menys_despeses\"><\/span>El r\u00e8gim de franqu\u00edcies beneficiar\u00e0 m\u00e9s als aut\u00f2noms que tenen menys despeses<span class=\"ez-toc-section-end\"><\/span><\/h2>\n<p>En el mateix sentit, l&#8217;advocat tributari Javier Mart\u00edn, de *FyJ Mart\u00edn advocats, un altre dels intervinents en l&#8217;IV F\u00f2rum de *ATA, va apuntar que els beneficis d&#8217;aquest r\u00e8gim de franqu\u00edcies dependran del tipus d&#8217;empresa que tingui cada aut\u00f2nom. &#8220;<strong>Si tinc una activitat amb molt poc IVA suportat m&#8217;interessa molt el r\u00e8gim de franqu\u00edcia<\/strong>, perqu\u00e8 no haur\u00e9 de repercutir ni tampoc podr\u00e9 deduir. Si tinc molt IVA suportat, el r\u00e8gim pot ser que no interessi. En tot cas, a un gran majoria s\u00ed que els ser\u00e0 benefici\u00f3s&#8221;.<\/p>\n<p>A m\u00e9s, una q\u00fcesti\u00f3 important \u00e9s que aquest sistema <strong>\u00e9s &#8220;un r\u00e8gim neutral<\/strong> per a qui rep la factura. El r\u00e8gim de criteri de caixa en IVA que es va incorporar a petici\u00f3 dels aut\u00f2noms tenia el problema que el que rep la factura no la hi pot deduir fins que no la paguen, i aix\u00f2 complica molt la gesti\u00f3 merament econ\u00f2mica d&#8217;un negoci. Per contra, el r\u00e8gim de franqu\u00edcia \u00e9s molt senzill: <strong>el franquiciat tindr\u00e0 un n\u00famero NIF IVA que permetr\u00e0 al client identificar que es pot admetre la factura sense cap problema, i aquesta persona quedar\u00e0 al marge de l&#8217;IVA<\/strong>&#8220;, va assegurar l&#8217;advocat tributari.<\/p>\n<h2><span class=\"ez-toc-section\" id=\"Una_transicio_cap_a_leliminacio_del_sistema_de_tributacio_per_moduls\"><\/span>Una transici\u00f3 cap a l&#8217;eliminaci\u00f3 del sistema de tributaci\u00f3 per m\u00f2duls<span class=\"ez-toc-section-end\"><\/span><\/h2>\n<p>Segons va explicar la Directora de gesti\u00f3 tribut\u00e0ria de la AEAT, Rosa Prieto, el mapa dels aut\u00f2noms en l&#8217;\u00e0mbit estatal es podria dividir en dues parts: a<strong>quells que estan tributant ara mateix en estimaci\u00f3 objectiva i els que estan estimaci\u00f3 directa<\/strong>. En objectiva caldria dividir-ho entre altres dues: <strong>els agricultors, que serien entorn a 900.000<\/strong> que presenten declaraci\u00f3 de la RENDA en aquest r\u00e8gim i <strong>al voltant de 355.000<\/strong> en 2021 que presenten RENDA en objectiva i no s\u00f3n agricultors.<\/p>\n<p>Des de 2017 a 2021 va haver-hi una disminuci\u00f3 de contribuents en el r\u00e8gim estimaci\u00f3 objectiva o per m\u00f2duls. <strong>En estimaci\u00f3 objectiva normal \u2013no agricultura- es va reduir la xifra d&#8217;aut\u00f2noms entorn a un 10%<\/strong>. En paral\u00b7lel va augmentant el nombre d&#8217;aut\u00f2noms que tributen en estimaci\u00f3 directa simplificada, que \u00e9s majoritari, entorn a 1,7 milions. En estimaci\u00f3 directa no arriba a 170.000, ja que cal tenir m\u00e9s de 600.000.<\/p>\n<p>En la taula de treball per a la futura reforma fiscal que afectar\u00e0 els aut\u00f2noms no sols s&#8217;ha tractat la posada en marxa del r\u00e8gim de franqu\u00edcies, sin\u00f3 tamb\u00e9<strong> l&#8217;eliminaci\u00f3 del sistema de m\u00f2duls en IRPF<\/strong>. Segons va explicar la directora de gesti\u00f3 tribut\u00e0ria, Rosa Prieto, &#8220;\u00e9s un repte veure qu\u00e8 es fa en els anys seg\u00fcents, per\u00f2 s\u00ed que ens sembla interessant fer <strong>una transici\u00f3 a altres r\u00e8gims<\/strong>, perqu\u00e8 el de m\u00f2duls ara mateix \u00e9s una anomalia. En IVA caldria passar al r\u00e8gim de franqu\u00edcies i en RENDA caldria passar a l&#8217;estimaci\u00f3 directa simplificada o normal&#8221;.<\/p>\n<p>Les negociacions per a aquest tr\u00e0nsit estarien centrades ara mateix en qu\u00e8 el pas de m\u00f2duls a estimaci\u00f3 directa <strong>sigui el menys perjudicial per als aut\u00f2noms<\/strong>, especialment d&#8217;alguns sectors com el transport. Ara mateix, hi ha diverses comunitats com Pa\u00eds Basc i Navarra que ja han fet aquesta transici\u00f3 i que estarien servint com a refer\u00e8ncia. En el seu cas, el que es va fer va ser establir un sistema d&#8217;estimaci\u00f3 directa &#8216;especial&#8217; per a algunes activitats com l&#8217;agricultura o el transport on <strong>puguin deduir-se de manera fixa fins m\u00e9s d&#8217;un 35 o 40% dels seus ingressos.<\/strong><\/p>\n<p>En aquest sentit, la vicepresidenta de ATA va explicar que <strong>l&#8217;objectivaci\u00f3 de les despeses dedu\u00efbles&#8221;, seria una de les claus per a poder transitar dels m\u00f2duls a l&#8217;estimaci\u00f3 directa en IRPF<\/strong> sense que aix\u00f2 afecti milers d&#8217;aut\u00f2noms moduleros. Segons Celia Ferrero, &#8220;una part essencial seria establir una unitat de criteri en la Inspecci\u00f3, que s&#8217;estableixin uns percentatges o quanties dedu\u00efbles per a cada despesa i que no faci falta justificar-los. Per exemple, si jo tinc dret a una deducci\u00f3 de manutenci\u00f3 de 26,6 euros al dia, no \u00e9s necessari justificar aquests 26,6 euros perqu\u00e8 ja els tinc. El que caldria justificar \u00e9s si supero aquesta quantitat. I aix\u00ed amb moltes altres despeses recurrents&#8221;.<\/p>\n<article id=\"post-2377\" class=\"post-2377 post type-post status-publish format-standard has-post-thumbnail hentry category-noticies\">\n<div class=\"post_content_holder\">\n<div class=\"post_text\">\n<div class=\"post_text_inner\">\n<p>Not\u00edcia extreta:\u00a0<a href=\"https:\/\/www.autonomosyemprendedor.es\/articulo\/actualidad\/hacienda-estudia-que-autonomos-ingresos-inferiores-85000-euros-deban-declarar-iva\/20230314110138029616.html\">https:\/\/www.autonomosyemprendedor.es\/<\/a><\/p>\n<p>M\u00e9s not\u00edcies en\u00a0<a href=\"https:\/\/www.ariasassessors.com\/actualidad\/\">l\u2019actualitat d\u2019Arias Assessors<\/a><\/p>\n<\/div>\n<\/div>\n<\/div>\n<\/article>\n","protected":false},"excerpt":{"rendered":"<p>Hisenda estudia un r\u00e8gim per a eliminar l&#8217;IVA als aut\u00f2noms que facturin menys de 85.000 euros a l&#8217;any La Directora del Departament de Gesti\u00f3 Tribut\u00e0ria de l&#8217;Ag\u00e8ncia Tribut\u00e0ria va avan\u00e7ar que Hisenda est\u00e0 estudiant amb les organitzacions d&#8217;aut\u00f2noms un nou r\u00e8gim pel qual els petits&#8230;<\/p>\n","protected":false},"author":2,"featured_media":2389,"comment_status":"open","ping_status":"open","sticky":false,"template":"","format":"standard","meta":{"footnotes":""},"categories":[4],"tags":[],"class_list":["post-2383","post","type-post","status-publish","format-standard","has-post-thumbnail","hentry","category-noticies"],"yoast_head":"<!-- This site is optimized with the Yoast SEO plugin v24.3 - https:\/\/yoast.com\/wordpress\/plugins\/seo\/ -->\n<title>Hisenda estudia un r\u00e8gim per a eliminar l&#039;IVA als aut\u00f2noms que facturin menys de 85.000 euros a l&#039;any | Arias Assessors<\/title>\n<meta name=\"description\" content=\"Hisenda est\u00e0 estudiant un nou r\u00e8gim pel qual els petits negocis podrien quedar alliberats de declarar l&#039;IVA.\" \/>\n<meta name=\"robots\" content=\"index, follow, max-snippet:-1, max-image-preview:large, max-video-preview:-1\" \/>\n<link rel=\"canonical\" href=\"https:\/\/www.ariasassessors.com\/ca\/hacienda-estudia-eliminar-iva-als-autonomos\/\" \/>\n<meta property=\"og:locale\" content=\"ca_ES\" \/>\n<meta property=\"og:type\" content=\"article\" \/>\n<meta property=\"og:title\" content=\"Hisenda estudia un r\u00e8gim per a eliminar l&#039;IVA als aut\u00f2noms que facturin menys de 85.000 euros a l&#039;any | Arias Assessors\" \/>\n<meta property=\"og:description\" content=\"Hisenda est\u00e0 estudiant un nou r\u00e8gim pel qual els petits negocis podrien quedar alliberats de declarar l&#039;IVA.\" \/>\n<meta property=\"og:url\" content=\"https:\/\/www.ariasassessors.com\/ca\/hacienda-estudia-eliminar-iva-als-autonomos\/\" \/>\n<meta property=\"og:site_name\" content=\"Arias Assessors\" \/>\n<meta property=\"article:publisher\" content=\"https:\/\/www.facebook.com\/ariasassessors\/\" \/>\n<meta property=\"article:published_time\" content=\"2023-03-17T15:18:06+00:00\" \/>\n<meta property=\"article:modified_time\" content=\"2023-03-29T13:23:24+00:00\" \/>\n<meta property=\"og:image\" content=\"https:\/\/www.ariasassessors.com\/wp-content\/uploads\/2023\/03\/Arias_Blog_IMAGEN_DESTACADA-12-1.png\" \/>\n\t<meta property=\"og:image:width\" content=\"1920\" \/>\n\t<meta property=\"og:image:height\" content=\"1202\" \/>\n\t<meta property=\"og:image:type\" content=\"image\/png\" \/>\n<meta name=\"author\" content=\"btorras\" \/>\n<meta name=\"twitter:card\" content=\"summary_large_image\" \/>\n<meta name=\"twitter:creator\" content=\"@ariasassessors\" \/>\n<meta name=\"twitter:site\" content=\"@ariasassessors\" \/>\n<meta name=\"twitter:label1\" content=\"Escrit per\" \/>\n\t<meta name=\"twitter:data1\" content=\"btorras\" \/>\n\t<meta name=\"twitter:label2\" content=\"Temps estimat de lectura\" \/>\n\t<meta name=\"twitter:data2\" content=\"8 minuts\" \/>\n<script type=\"application\/ld+json\" class=\"yoast-schema-graph\">{\"@context\":\"https:\/\/schema.org\",\"@graph\":[{\"@type\":\"Article\",\"@id\":\"https:\/\/www.ariasassessors.com\/ca\/hacienda-estudia-eliminar-iva-als-autonomos\/#article\",\"isPartOf\":{\"@id\":\"https:\/\/www.ariasassessors.com\/ca\/hacienda-estudia-eliminar-iva-als-autonomos\/\"},\"author\":{\"name\":\"btorras\",\"@id\":\"https:\/\/www.ariasassessors.com\/#\/schema\/person\/63c6ad1775f0a9413c37932562673cef\"},\"headline\":\"Hisenda estudia un r\u00e8gim per a eliminar l&#8217;IVA als aut\u00f2noms que facturin menys de 85.000 euros a l&#8217;any\",\"datePublished\":\"2023-03-17T15:18:06+00:00\",\"dateModified\":\"2023-03-29T13:23:24+00:00\",\"mainEntityOfPage\":{\"@id\":\"https:\/\/www.ariasassessors.com\/ca\/hacienda-estudia-eliminar-iva-als-autonomos\/\"},\"wordCount\":1697,\"commentCount\":0,\"publisher\":{\"@id\":\"https:\/\/www.ariasassessors.com\/#organization\"},\"image\":{\"@id\":\"https:\/\/www.ariasassessors.com\/ca\/hacienda-estudia-eliminar-iva-als-autonomos\/#primaryimage\"},\"thumbnailUrl\":\"https:\/\/www.ariasassessors.com\/wp-content\/uploads\/2023\/03\/Arias_Blog_IMAGEN_DESTACADA-12-1.png\",\"articleSection\":[\"noticies\"],\"inLanguage\":\"ca\",\"potentialAction\":[{\"@type\":\"CommentAction\",\"name\":\"Comment\",\"target\":[\"https:\/\/www.ariasassessors.com\/ca\/hacienda-estudia-eliminar-iva-als-autonomos\/#respond\"]}]},{\"@type\":\"WebPage\",\"@id\":\"https:\/\/www.ariasassessors.com\/ca\/hacienda-estudia-eliminar-iva-als-autonomos\/\",\"url\":\"https:\/\/www.ariasassessors.com\/ca\/hacienda-estudia-eliminar-iva-als-autonomos\/\",\"name\":\"Hisenda estudia un r\u00e8gim per a eliminar l'IVA als aut\u00f2noms que facturin menys de 85.000 euros a l'any | Arias Assessors\",\"isPartOf\":{\"@id\":\"https:\/\/www.ariasassessors.com\/#website\"},\"primaryImageOfPage\":{\"@id\":\"https:\/\/www.ariasassessors.com\/ca\/hacienda-estudia-eliminar-iva-als-autonomos\/#primaryimage\"},\"image\":{\"@id\":\"https:\/\/www.ariasassessors.com\/ca\/hacienda-estudia-eliminar-iva-als-autonomos\/#primaryimage\"},\"thumbnailUrl\":\"https:\/\/www.ariasassessors.com\/wp-content\/uploads\/2023\/03\/Arias_Blog_IMAGEN_DESTACADA-12-1.png\",\"datePublished\":\"2023-03-17T15:18:06+00:00\",\"dateModified\":\"2023-03-29T13:23:24+00:00\",\"description\":\"Hisenda est\u00e0 estudiant un nou r\u00e8gim pel qual els petits negocis podrien quedar alliberats de declarar l'IVA.\",\"breadcrumb\":{\"@id\":\"https:\/\/www.ariasassessors.com\/ca\/hacienda-estudia-eliminar-iva-als-autonomos\/#breadcrumb\"},\"inLanguage\":\"ca\",\"potentialAction\":[{\"@type\":\"ReadAction\",\"target\":[\"https:\/\/www.ariasassessors.com\/ca\/hacienda-estudia-eliminar-iva-als-autonomos\/\"]}]},{\"@type\":\"ImageObject\",\"inLanguage\":\"ca\",\"@id\":\"https:\/\/www.ariasassessors.com\/ca\/hacienda-estudia-eliminar-iva-als-autonomos\/#primaryimage\",\"url\":\"https:\/\/www.ariasassessors.com\/wp-content\/uploads\/2023\/03\/Arias_Blog_IMAGEN_DESTACADA-12-1.png\",\"contentUrl\":\"https:\/\/www.ariasassessors.com\/wp-content\/uploads\/2023\/03\/Arias_Blog_IMAGEN_DESTACADA-12-1.png\",\"width\":1920,\"height\":1202,\"caption\":\"elimina el iva\"},{\"@type\":\"BreadcrumbList\",\"@id\":\"https:\/\/www.ariasassessors.com\/ca\/hacienda-estudia-eliminar-iva-als-autonomos\/#breadcrumb\",\"itemListElement\":[{\"@type\":\"ListItem\",\"position\":1,\"name\":\"Portada\",\"item\":\"https:\/\/www.ariasassessors.com\/ca\/\"},{\"@type\":\"ListItem\",\"position\":2,\"name\":\"Hisenda estudia un r\u00e8gim per a eliminar l&#8217;IVA als aut\u00f2noms que facturin menys de 85.000 euros a l&#8217;any\"}]},{\"@type\":\"WebSite\",\"@id\":\"https:\/\/www.ariasassessors.com\/#website\",\"url\":\"https:\/\/www.ariasassessors.com\/\",\"name\":\"Arias Assessors\",\"description\":\"Asesor\u00eda para aut\u00f3nomos, profesionales y PYMES\",\"publisher\":{\"@id\":\"https:\/\/www.ariasassessors.com\/#organization\"},\"potentialAction\":[{\"@type\":\"SearchAction\",\"target\":{\"@type\":\"EntryPoint\",\"urlTemplate\":\"https:\/\/www.ariasassessors.com\/?s={search_term_string}\"},\"query-input\":{\"@type\":\"PropertyValueSpecification\",\"valueRequired\":true,\"valueName\":\"search_term_string\"}}],\"inLanguage\":\"ca\"},{\"@type\":\"Organization\",\"@id\":\"https:\/\/www.ariasassessors.com\/#organization\",\"name\":\"Arias Assessors\",\"url\":\"https:\/\/www.ariasassessors.com\/\",\"logo\":{\"@type\":\"ImageObject\",\"inLanguage\":\"ca\",\"@id\":\"https:\/\/www.ariasassessors.com\/#\/schema\/logo\/image\/\",\"url\":\"https:\/\/www.ariasassessors.com\/wp-content\/uploads\/2019\/01\/arias-logo.png\",\"contentUrl\":\"https:\/\/www.ariasassessors.com\/wp-content\/uploads\/2019\/01\/arias-logo.png\",\"width\":349,\"height\":254,\"caption\":\"Arias Assessors\"},\"image\":{\"@id\":\"https:\/\/www.ariasassessors.com\/#\/schema\/logo\/image\/\"},\"sameAs\":[\"https:\/\/www.facebook.com\/ariasassessors\/\",\"https:\/\/x.com\/ariasassessors\",\"https:\/\/www.linkedin.com\/company\/r&amp;amp;r-growing-knowledge\/\"]},{\"@type\":\"Person\",\"@id\":\"https:\/\/www.ariasassessors.com\/#\/schema\/person\/63c6ad1775f0a9413c37932562673cef\",\"name\":\"btorras\",\"image\":{\"@type\":\"ImageObject\",\"inLanguage\":\"ca\",\"@id\":\"https:\/\/www.ariasassessors.com\/#\/schema\/person\/image\/\",\"url\":\"https:\/\/secure.gravatar.com\/avatar\/0531db351fc361fdbfd204c58fa2d6a3?s=96&d=mm&r=g\",\"contentUrl\":\"https:\/\/secure.gravatar.com\/avatar\/0531db351fc361fdbfd204c58fa2d6a3?s=96&d=mm&r=g\",\"caption\":\"btorras\"}}]}<\/script>\n<!-- \/ Yoast SEO plugin. -->","yoast_head_json":{"title":"Hisenda estudia un r\u00e8gim per a eliminar l'IVA als aut\u00f2noms que facturin menys de 85.000 euros a l'any | Arias Assessors","description":"Hisenda est\u00e0 estudiant un nou r\u00e8gim pel qual els petits negocis podrien quedar alliberats de declarar l'IVA.","robots":{"index":"index","follow":"follow","max-snippet":"max-snippet:-1","max-image-preview":"max-image-preview:large","max-video-preview":"max-video-preview:-1"},"canonical":"https:\/\/www.ariasassessors.com\/ca\/hacienda-estudia-eliminar-iva-als-autonomos\/","og_locale":"ca_ES","og_type":"article","og_title":"Hisenda estudia un r\u00e8gim per a eliminar l'IVA als aut\u00f2noms que facturin menys de 85.000 euros a l'any | Arias Assessors","og_description":"Hisenda est\u00e0 estudiant un nou r\u00e8gim pel qual els petits negocis podrien quedar alliberats de declarar l'IVA.","og_url":"https:\/\/www.ariasassessors.com\/ca\/hacienda-estudia-eliminar-iva-als-autonomos\/","og_site_name":"Arias Assessors","article_publisher":"https:\/\/www.facebook.com\/ariasassessors\/","article_published_time":"2023-03-17T15:18:06+00:00","article_modified_time":"2023-03-29T13:23:24+00:00","og_image":[{"width":1920,"height":1202,"url":"https:\/\/www.ariasassessors.com\/wp-content\/uploads\/2023\/03\/Arias_Blog_IMAGEN_DESTACADA-12-1.png","type":"image\/png"}],"author":"btorras","twitter_card":"summary_large_image","twitter_creator":"@ariasassessors","twitter_site":"@ariasassessors","twitter_misc":{"Escrit per":"btorras","Temps estimat de lectura":"8 minuts"},"schema":{"@context":"https:\/\/schema.org","@graph":[{"@type":"Article","@id":"https:\/\/www.ariasassessors.com\/ca\/hacienda-estudia-eliminar-iva-als-autonomos\/#article","isPartOf":{"@id":"https:\/\/www.ariasassessors.com\/ca\/hacienda-estudia-eliminar-iva-als-autonomos\/"},"author":{"name":"btorras","@id":"https:\/\/www.ariasassessors.com\/#\/schema\/person\/63c6ad1775f0a9413c37932562673cef"},"headline":"Hisenda estudia un r\u00e8gim per a eliminar l&#8217;IVA als aut\u00f2noms que facturin menys de 85.000 euros a l&#8217;any","datePublished":"2023-03-17T15:18:06+00:00","dateModified":"2023-03-29T13:23:24+00:00","mainEntityOfPage":{"@id":"https:\/\/www.ariasassessors.com\/ca\/hacienda-estudia-eliminar-iva-als-autonomos\/"},"wordCount":1697,"commentCount":0,"publisher":{"@id":"https:\/\/www.ariasassessors.com\/#organization"},"image":{"@id":"https:\/\/www.ariasassessors.com\/ca\/hacienda-estudia-eliminar-iva-als-autonomos\/#primaryimage"},"thumbnailUrl":"https:\/\/www.ariasassessors.com\/wp-content\/uploads\/2023\/03\/Arias_Blog_IMAGEN_DESTACADA-12-1.png","articleSection":["noticies"],"inLanguage":"ca","potentialAction":[{"@type":"CommentAction","name":"Comment","target":["https:\/\/www.ariasassessors.com\/ca\/hacienda-estudia-eliminar-iva-als-autonomos\/#respond"]}]},{"@type":"WebPage","@id":"https:\/\/www.ariasassessors.com\/ca\/hacienda-estudia-eliminar-iva-als-autonomos\/","url":"https:\/\/www.ariasassessors.com\/ca\/hacienda-estudia-eliminar-iva-als-autonomos\/","name":"Hisenda estudia un r\u00e8gim per a eliminar l'IVA als aut\u00f2noms que facturin menys de 85.000 euros a l'any | Arias Assessors","isPartOf":{"@id":"https:\/\/www.ariasassessors.com\/#website"},"primaryImageOfPage":{"@id":"https:\/\/www.ariasassessors.com\/ca\/hacienda-estudia-eliminar-iva-als-autonomos\/#primaryimage"},"image":{"@id":"https:\/\/www.ariasassessors.com\/ca\/hacienda-estudia-eliminar-iva-als-autonomos\/#primaryimage"},"thumbnailUrl":"https:\/\/www.ariasassessors.com\/wp-content\/uploads\/2023\/03\/Arias_Blog_IMAGEN_DESTACADA-12-1.png","datePublished":"2023-03-17T15:18:06+00:00","dateModified":"2023-03-29T13:23:24+00:00","description":"Hisenda est\u00e0 estudiant un nou r\u00e8gim pel qual els petits negocis podrien quedar alliberats de declarar l'IVA.","breadcrumb":{"@id":"https:\/\/www.ariasassessors.com\/ca\/hacienda-estudia-eliminar-iva-als-autonomos\/#breadcrumb"},"inLanguage":"ca","potentialAction":[{"@type":"ReadAction","target":["https:\/\/www.ariasassessors.com\/ca\/hacienda-estudia-eliminar-iva-als-autonomos\/"]}]},{"@type":"ImageObject","inLanguage":"ca","@id":"https:\/\/www.ariasassessors.com\/ca\/hacienda-estudia-eliminar-iva-als-autonomos\/#primaryimage","url":"https:\/\/www.ariasassessors.com\/wp-content\/uploads\/2023\/03\/Arias_Blog_IMAGEN_DESTACADA-12-1.png","contentUrl":"https:\/\/www.ariasassessors.com\/wp-content\/uploads\/2023\/03\/Arias_Blog_IMAGEN_DESTACADA-12-1.png","width":1920,"height":1202,"caption":"elimina el iva"},{"@type":"BreadcrumbList","@id":"https:\/\/www.ariasassessors.com\/ca\/hacienda-estudia-eliminar-iva-als-autonomos\/#breadcrumb","itemListElement":[{"@type":"ListItem","position":1,"name":"Portada","item":"https:\/\/www.ariasassessors.com\/ca\/"},{"@type":"ListItem","position":2,"name":"Hisenda estudia un r\u00e8gim per a eliminar l&#8217;IVA als aut\u00f2noms que facturin menys de 85.000 euros a l&#8217;any"}]},{"@type":"WebSite","@id":"https:\/\/www.ariasassessors.com\/#website","url":"https:\/\/www.ariasassessors.com\/","name":"Arias Assessors","description":"Asesor\u00eda para aut\u00f3nomos, profesionales y PYMES","publisher":{"@id":"https:\/\/www.ariasassessors.com\/#organization"},"potentialAction":[{"@type":"SearchAction","target":{"@type":"EntryPoint","urlTemplate":"https:\/\/www.ariasassessors.com\/?s={search_term_string}"},"query-input":{"@type":"PropertyValueSpecification","valueRequired":true,"valueName":"search_term_string"}}],"inLanguage":"ca"},{"@type":"Organization","@id":"https:\/\/www.ariasassessors.com\/#organization","name":"Arias Assessors","url":"https:\/\/www.ariasassessors.com\/","logo":{"@type":"ImageObject","inLanguage":"ca","@id":"https:\/\/www.ariasassessors.com\/#\/schema\/logo\/image\/","url":"https:\/\/www.ariasassessors.com\/wp-content\/uploads\/2019\/01\/arias-logo.png","contentUrl":"https:\/\/www.ariasassessors.com\/wp-content\/uploads\/2019\/01\/arias-logo.png","width":349,"height":254,"caption":"Arias Assessors"},"image":{"@id":"https:\/\/www.ariasassessors.com\/#\/schema\/logo\/image\/"},"sameAs":["https:\/\/www.facebook.com\/ariasassessors\/","https:\/\/x.com\/ariasassessors","https:\/\/www.linkedin.com\/company\/r&amp;amp;r-growing-knowledge\/"]},{"@type":"Person","@id":"https:\/\/www.ariasassessors.com\/#\/schema\/person\/63c6ad1775f0a9413c37932562673cef","name":"btorras","image":{"@type":"ImageObject","inLanguage":"ca","@id":"https:\/\/www.ariasassessors.com\/#\/schema\/person\/image\/","url":"https:\/\/secure.gravatar.com\/avatar\/0531db351fc361fdbfd204c58fa2d6a3?s=96&d=mm&r=g","contentUrl":"https:\/\/secure.gravatar.com\/avatar\/0531db351fc361fdbfd204c58fa2d6a3?s=96&d=mm&r=g","caption":"btorras"}}]}},"_links":{"self":[{"href":"https:\/\/www.ariasassessors.com\/ca\/wp-json\/wp\/v2\/posts\/2383","targetHints":{"allow":["GET"]}}],"collection":[{"href":"https:\/\/www.ariasassessors.com\/ca\/wp-json\/wp\/v2\/posts"}],"about":[{"href":"https:\/\/www.ariasassessors.com\/ca\/wp-json\/wp\/v2\/types\/post"}],"author":[{"embeddable":true,"href":"https:\/\/www.ariasassessors.com\/ca\/wp-json\/wp\/v2\/users\/2"}],"replies":[{"embeddable":true,"href":"https:\/\/www.ariasassessors.com\/ca\/wp-json\/wp\/v2\/comments?post=2383"}],"version-history":[{"count":4,"href":"https:\/\/www.ariasassessors.com\/ca\/wp-json\/wp\/v2\/posts\/2383\/revisions"}],"predecessor-version":[{"id":2418,"href":"https:\/\/www.ariasassessors.com\/ca\/wp-json\/wp\/v2\/posts\/2383\/revisions\/2418"}],"wp:featuredmedia":[{"embeddable":true,"href":"https:\/\/www.ariasassessors.com\/ca\/wp-json\/wp\/v2\/media\/2389"}],"wp:attachment":[{"href":"https:\/\/www.ariasassessors.com\/ca\/wp-json\/wp\/v2\/media?parent=2383"}],"wp:term":[{"taxonomy":"category","embeddable":true,"href":"https:\/\/www.ariasassessors.com\/ca\/wp-json\/wp\/v2\/categories?post=2383"},{"taxonomy":"post_tag","embeddable":true,"href":"https:\/\/www.ariasassessors.com\/ca\/wp-json\/wp\/v2\/tags?post=2383"}],"curies":[{"name":"wp","href":"https:\/\/api.w.org\/{rel}","templated":true}]}}