{"id":2393,"date":"2023-03-20T15:25:17","date_gmt":"2023-03-20T14:25:17","guid":{"rendered":"https:\/\/www.ariasassessors.com\/?p=2393"},"modified":"2023-03-20T15:25:17","modified_gmt":"2023-03-20T14:25:17","slug":"augmenten-queixes-autonomos-com-declarar-impost-plastic","status":"publish","type":"post","link":"https:\/\/www.ariasassessors.com\/ca\/augmenten-queixes-autonomos-com-declarar-impost-plastic\/","title":{"rendered":"Augmenten les queixes dels aut\u00f2noms perqu\u00e8 no saben com declarar el nou impost del pl\u00e0stic"},"content":{"rendered":"<div id=\"ez-toc-container\" class=\"ez-toc-v2_0_72 counter-hierarchy ez-toc-counter ez-toc-grey ez-toc-container-direction\">\n<div class=\"ez-toc-title-container\">\n<p class=\"ez-toc-title\" style=\"cursor:inherit\">\u00cdndice de Contenidos<\/p>\n<span class=\"ez-toc-title-toggle\"><a href=\"#\" class=\"ez-toc-pull-right ez-toc-btn ez-toc-btn-xs ez-toc-btn-default ez-toc-toggle\" aria-label=\"Toggle Table of Content\"><span class=\"ez-toc-js-icon-con\"><span class=\"\"><span class=\"eztoc-hide\" style=\"display:none;\">Toggle<\/span><span class=\"ez-toc-icon-toggle-span\"><svg style=\"fill: #428bca;color:#428bca\" xmlns=\"http:\/\/www.w3.org\/2000\/svg\" class=\"list-377408\" width=\"20px\" height=\"20px\" viewBox=\"0 0 24 24\" fill=\"none\"><path d=\"M6 6H4v2h2V6zm14 0H8v2h12V6zM4 11h2v2H4v-2zm16 0H8v2h12v-2zM4 16h2v2H4v-2zm16 0H8v2h12v-2z\" fill=\"currentColor\"><\/path><\/svg><svg style=\"fill: #428bca;color:#428bca\" class=\"arrow-unsorted-368013\" xmlns=\"http:\/\/www.w3.org\/2000\/svg\" width=\"10px\" height=\"10px\" viewBox=\"0 0 24 24\" version=\"1.2\" baseProfile=\"tiny\"><path d=\"M18.2 9.3l-6.2-6.3-6.2 6.3c-.2.2-.3.4-.3.7s.1.5.3.7c.2.2.4.3.7.3h11c.3 0 .5-.1.7-.3.2-.2.3-.5.3-.7s-.1-.5-.3-.7zM5.8 14.7l6.2 6.3 6.2-6.3c.2-.2.3-.5.3-.7s-.1-.5-.3-.7c-.2-.2-.4-.3-.7-.3h-11c-.3 0-.5.1-.7.3-.2.2-.3.5-.3.7s.1.5.3.7z\"\/><\/svg><\/span><\/span><\/span><\/a><\/span><\/div>\n<nav><ul class='ez-toc-list ez-toc-list-level-1 eztoc-toggle-hide-by-default' ><li class='ez-toc-page-1 ez-toc-heading-level-1'><a class=\"ez-toc-link ez-toc-heading-1\" href=\"https:\/\/www.ariasassessors.com\/ca\/augmenten-queixes-autonomos-com-declarar-impost-plastic\/#Augmenten_les_queixes_dels_autonoms_perque_no_saben_com_declarar_el_nou_impost_del_plastic\" title=\"Augmenten les queixes dels aut\u00f2noms perqu\u00e8 no saben com declarar el nou impost del pl\u00e0stic\">Augmenten les queixes dels aut\u00f2noms perqu\u00e8 no saben com declarar el nou impost del pl\u00e0stic<\/a><ul class='ez-toc-list-level-2' ><li class='ez-toc-heading-level-2'><a class=\"ez-toc-link ez-toc-heading-2\" href=\"https:\/\/www.ariasassessors.com\/ca\/augmenten-queixes-autonomos-com-declarar-impost-plastic\/#LAgencia_Tributaria_eleva_les_queixes_dels_negocis_a_la_Direccio_General_de_Tributs\" title=\"L&#8217;Ag\u00e8ncia Tribut\u00e0ria eleva les queixes dels negocis a la Direcci\u00f3 General de Tributs\">L&#8217;Ag\u00e8ncia Tribut\u00e0ria eleva les queixes dels negocis a la Direcci\u00f3 General de Tributs<\/a><\/li><li class='ez-toc-page-1 ez-toc-heading-level-2'><a class=\"ez-toc-link ez-toc-heading-3\" href=\"https:\/\/www.ariasassessors.com\/ca\/augmenten-queixes-autonomos-com-declarar-impost-plastic\/#Els_experts_expliquen_les_principals_complicacions_pels_autonoms_que_han_de_declarar_limpost_al_plastic\" title=\"Els experts expliquen les principals complicacions pels aut\u00f2noms que han de declarar l&#8217;impost al pl\u00e0stic\">Els experts expliquen les principals complicacions pels aut\u00f2noms que han de declarar l&#8217;impost al pl\u00e0stic<\/a><\/li><li class='ez-toc-page-1 ez-toc-heading-level-2'><a class=\"ez-toc-link ez-toc-heading-4\" href=\"https:\/\/www.ariasassessors.com\/ca\/augmenten-queixes-autonomos-com-declarar-impost-plastic\/#Els_autonoms_que_utilitzin_plastics_no_reutilitzables_hauran_de_presentar_la_seva_autoliquidacio_a_labril\" title=\"Els aut\u00f2noms que utilitzin pl\u00e0stics no reutilitzables hauran de presentar la seva autoliquidaci\u00f3 a l&#8217;abril\">Els aut\u00f2noms que utilitzin pl\u00e0stics no reutilitzables hauran de presentar la seva autoliquidaci\u00f3 a l&#8217;abril<\/a><\/li><\/ul><\/li><\/ul><\/nav><\/div>\n<h1><span class=\"ez-toc-section\" id=\"Augmenten_les_queixes_dels_autonoms_perque_no_saben_com_declarar_el_nou_impost_del_plastic\"><\/span>Augmenten les queixes dels aut\u00f2noms perqu\u00e8 no saben com declarar el nou impost del pl\u00e0stic<span class=\"ez-toc-section-end\"><\/span><\/h1>\n<p>Davant la incertesa i confusi\u00f3 generalitzades entre els aut\u00f2noms que han de declarar el nou impost al pl\u00e0stic a l&#8217;abril, l&#8217;Ag\u00e8ncia Tribut\u00e0ria admet estar rebent multitud de queixes i dubtes. Aquestes s\u00f3n les m\u00e9s recurrents.<\/p>\n<p>Poc m\u00e9s de dos mesos despr\u00e9s de la seva entrada en vigor,\u00a0<strong>l&#8217;anomenat impost al pl\u00e0stic est\u00e0 generant grans problemes pels aut\u00f2noms<\/strong>\u00a0dedicats al Comer\u00e7, l&#8217;Hostaleria o l&#8217;Alimentaci\u00f3. Molts negocis i treballadors per compte propi han expressat les<strong>\u00a0dificultats que estan trobant per a quantificar els pl\u00e0stics no reutilitzables<\/strong>\u00a0que es troben en els envasos o embalatges que utilitzen en la seva operativa di\u00e0ria.<\/p>\n<p>Des del passat 1 de gener, els aut\u00f2noms que fabriquin o adquireixin envasos de pl\u00e0stic no reutilitzable a prove\u00efdors estrangers en els seus negocis han d&#8217;abonar a Hisenda, amb periodicitat mensual o trimestral, depenent del cas, una<strong>\u00a0taxa de 0,45 c\u00e8ntims per quilogram<\/strong>. Els problemes, segons van explicar, s&#8217;estan produint perqu\u00e8, en la majoria dels casos,\u00a0<strong>els negocis no tenen la capacitat de quantificar el seu pes i composici\u00f3.<\/strong><\/p>\n<p>Davant aquesta situaci\u00f3, segons va publicar El Mundo,\u00a0<strong>Hisenda estaria pensant a modificar la regulaci\u00f3 sobre l&#8217;impost al pl\u00e0stic<\/strong>, de manera que es faciliti als aut\u00f2noms realitzar aquest tr\u00e0mit i poder declarar correctament la quantitat de pl\u00e0stic no reutilitzable que usen en envasos o embalatges.<\/p>\n<p>Es tracta d&#8217;una q\u00fcesti\u00f3 urgent, tenint en compte que la majoria dels petits aut\u00f2noms que utilitzen envasos de pl\u00e0stic no reutilitzables en els seus negocis\u00a0<strong>hauran de fer front a la primera autoliquidaci\u00f3 trimestral d&#8217;aquest impost el mes vinent d&#8217;abril<\/strong>. Malgrat aix\u00f2, molts encara no saben com han d&#8217;actuar -o no tenen la capacitat- per a quantificar-ho.<\/p>\n<h2><span class=\"ez-toc-section\" id=\"LAgencia_Tributaria_eleva_les_queixes_dels_negocis_a_la_Direccio_General_de_Tributs\"><\/span>L&#8217;Ag\u00e8ncia Tribut\u00e0ria eleva les queixes dels negocis a la Direcci\u00f3 General de Tributs<span class=\"ez-toc-section-end\"><\/span><\/h2>\n<p>Consultats per aquest mitj\u00e0, l&#8217;Ag\u00e8ncia Tribut\u00e0ria\u00a0va<strong> recon\u00e8ixer\u00a0que les queixes dels negocis\u00a0estan existint<\/strong>\u00a0a mesura que s&#8217;acosta la data de realitzar la primera autoliquidaci\u00f3, el mes vinent d&#8217;abril. \u201c\u00c9s un impost totalment nou per a tots, tamb\u00e9 per a nosaltres\u201d, van explicar.<\/p>\n<p>En aquest sentit, des de la AEAT van recordar que, a trav\u00e9s del seu web, han posat a la disposici\u00f3 dels aut\u00f2noms i negocis que hauran de pagar l&#8217;impost al pl\u00e0stic un apartat amb tota la informaci\u00f3 necess\u00e0ria per a facilitar la tasca, incloent-hi un n\u00famero de tel\u00e8fon per a respondre qualsevol dubte que pugui sorgir durant el proc\u00e9s.<\/p>\n<p>No obstant aix\u00f2, les fonts consultades per aquest diari van afirmar que, sense un canvi normatiu, el poder d&#8217;acci\u00f3 de l&#8217;Ag\u00e8ncia Tribut\u00e0ria est\u00e0 limitat. \u201c<strong>Elevem totes les queixes que ens estan arribant a la Direcci\u00f3 General de Tributs<\/strong>\u00a0i estem a la disposici\u00f3 dels negocis per a reunir-nos quan sigui necessari. M\u00e9s no podem fer\u201d, van explicar.<\/p>\n<p>Aquest canvi de la legislaci\u00f3, tal com van valorar, hauria d&#8217;estar enfocat a <strong>l&#8217;objectivaci\u00f3 de criteris a l&#8217;hora de quantificar la quantitat de pl\u00e0stics<\/strong> d&#8217;un sol \u00fas que contenen determinats envasos o embalatges. Per exemple, la quantitat de voltes que es donen a un palet, un dels casos m\u00e9s comuns en el sector log\u00edstic.<\/p>\n<h2><span class=\"ez-toc-section\" id=\"Els_experts_expliquen_les_principals_complicacions_pels_autonoms_que_han_de_declarar_limpost_al_plastic\"><\/span>Els experts expliquen les principals complicacions pels aut\u00f2noms que han de declarar l&#8217;impost al pl\u00e0stic<span class=\"ez-toc-section-end\"><\/span><\/h2>\n<ul>\n<li><strong>Dificultat per a obtenir la informaci\u00f3 que requereix Hisenda<\/strong><\/li>\n<\/ul>\n<p>Les dificultats a les quals s&#8217;estan enfrontant milers de negocis dedicats al Comer\u00e7, l&#8217;Hostaleria o l&#8217;Alimentaci\u00f3 ja van ser avisades pels experts fa uns mesos. Aix\u00ed, des de l&#8217;Associaci\u00f3 Espanyola d&#8217;Assessors Fiscals (AEDAF) van alertar dels problemes que podria generar obligar a pagar el tribut a tots els aut\u00f2noms que utilitzin m\u00e9s de cinc quilograms de pl\u00e0stics no reutilitzables al mes.<\/p>\n<p>\u201cAquesta obligaci\u00f3 resulta<strong> impossible de gestionar pels que no s\u00f3n fabricants <\/strong>d&#8217;envasos de pl\u00e0stic. Molts\u00a0no <strong>tenen capacitat d&#8217;exigir aquesta informaci\u00f3 als seus prove\u00efdors\u00a0ni de certificar l&#8217;origen del pl\u00e0stic\u201d<\/strong>, van explicar, en aquest sentit, des de la AEDAF.<\/p>\n<p>En el mateix sentit, Albert Farr\u00e9s, assessor mediambiental de CECOT, la patronal multisectorial catalana, va explicar a aquest mitj\u00e0 que \u201cla majoria de prove\u00efdors intracomunitaris de pl\u00e0stics no donen aquesta informaci\u00f3 perqu\u00e8, als seus pa\u00efsos d&#8217;origen, no existeixen una llei que reguli aquesta q\u00fcesti\u00f3.\u201d<\/p>\n<ul>\n<li><strong>Elevats costos de gesti\u00f3<\/strong><\/li>\n<\/ul>\n<p>En el cas dels negocis m\u00e9s modestos, les quantitats a abonar a Hisenda per l&#8217;impost al pl\u00e0stic no seran massa elevades, encara que l&#8217;<strong>obligaci\u00f3\u00a0 de comptar amb un llibre de registre electr\u00f2nic<\/strong>, que ha de remetre&#8217;s a l&#8217;Ag\u00e8ncia Tribut\u00e0ria amb periodicitat mensual enumerant les operacions de compravenda de pl\u00e0stics no reutilitzables, \u00e9s la principal dificultat a la qual s&#8217;estan enfrontant.<\/p>\n<p>En aquest context, els elevats costos de gesti\u00f3 de l&#8217;impost al pl\u00e0stic s\u00f3n un altre dels problemes als quals s&#8217;estan enfrontant els negocis, sobretot els m\u00e9s petits. \u201cEls aut\u00f2noms que hagin de tributar l&#8217;impost a pl\u00e0stic han de donar-se d&#8217;alta en el registre, presentar el model 592 amb la periodicitat que correspongui i mantenir el llibre de registre d&#8217;exist\u00e8ncies. Tot, per a acabar pagant a Hisenda quantitats que, sovint, s\u00f3n bastant redu\u00efdes\u201d, va explicar Albert Farr\u00e9s.<\/p>\n<ul>\n<li><strong>Efectes sobre la inflaci\u00f3<\/strong><\/li>\n<\/ul>\n<p>En paral\u00b7lel, els experts consultats per aquest diari van alertar de l&#8217;<strong>impacte\u00a0 que l&#8217;impost al pl\u00e0stic est\u00e0 tenint sobre els preus<\/strong>. Sobretot, en sectors com la ind\u00fastria aliment\u00e0ria, molt dependents d&#8217;aquesta mena d&#8217;envasos. En aquest sentit, des de CECOT, la patronal multisectorial catalana, van recordar a aquest mitj\u00e0 que \u201cen un producte que es pot considerar tan b\u00e0sic com un iogurt, m\u00e9s del 65% del preu es correspon amb l&#8217;env\u00e0s.\u201d<\/p>\n<p>Davant aquesta situaci\u00f3,\u00a0<strong>l&#8217;impost al pl\u00e0stic podria estar retallant la rebaixa de l&#8217;IVA<\/strong>\u00a0per a determinats productes b\u00e0sics que romandr\u00e0 vigent fins a, almenys, el pr\u00f2xim 30 de juny. Aix\u00ed ho va recon\u00e8ixer el propi Govern en una recent resposta parlament\u00e0ria, en la qual van xifrar en\u00a0<strong>690 milions euros les seves previsions de recaptaci\u00f3 amb el nou tribut<\/strong>, mentre que\u00a0<strong>l&#8217;impacte de la rebaixa de l&#8217;IVA s&#8217;estima en 660 milions d&#8217;euros<\/strong>.<\/p>\n<h2><span class=\"ez-toc-section\" id=\"Els_autonoms_que_utilitzin_plastics_no_reutilitzables_hauran_de_presentar_la_seva_autoliquidacio_a_labril\"><\/span><strong>Els aut\u00f2noms que utilitzin pl\u00e0stics no reutilitzables hauran de presentar la seva autoliquidaci\u00f3 a l&#8217;abril<\/strong><span class=\"ez-toc-section-end\"><\/span><\/h2>\n<p>La majoria dels aut\u00f2noms que fabriquin o adquireixin pl\u00e0stics no reutilitzables en els seus negocis han de presentar l&#8217;autoliquidaci\u00f3 de l&#8217;impost amb periodicitat trimestral. \u00c9s a dir, el mes vinent hauran de tributar a Hisenda 0,45 c\u00e8ntims per cada quilogram de pl\u00e0stic adquirit durant els tres primers mesos de l&#8217;any.<\/p>\n<p>En paral\u00b7lel, i de manera mensual, tots els negocis han de remetre a l&#8217;Ag\u00e8ncia Tribut\u00e0ria un llibre d&#8217;exist\u00e8ncies, en el qual es registrin totes les operacions de compravenda de pl\u00e0stics d&#8217;un sol \u00fas, en el qual es constatin les dates, el pes o la classificaci\u00f3 del producte -envasis no reutilitzables, productes pl\u00e0stics semielaborats destinats a l&#8217;obtenci\u00f3 dels envasos o productes que continguin pl\u00e0stic- entre altres conceptes.<\/p>\n<p>Com a excepci\u00f3, l&#8217;<strong>Ag\u00e8ncia Tribut\u00e0ria permet enguany retardar la presentaci\u00f3 d&#8217;aquest registre fins al mes de juny<\/strong> pels treballadors per compte propi que ho desitgin, encara que aquests hauran de fer al juliol la liquidaci\u00f3 de l&#8217;impost corresponent als primers sis mesos de l&#8217;any en un sol pagament.<\/p>\n<p>Not\u00edcia extreta:\u00a0<a href=\"https:\/\/www.autonomosyemprendedor.es\/articulo\/actualidad\/aumentan-quejas-autonomos-porque-saben-como-declarar-nuevo-impuesto-plastico\/20230314142528029618.html\">https:\/\/www.autonomosyemprendedor.es\/<\/a><\/p>\n<p>M\u00e9s not\u00edcies en\u00a0<a href=\"https:\/\/www.ariasassessors.com\/actualidad\/\">l\u2019actualitat d\u2019Arias Assessors<\/a><\/p>\n","protected":false},"excerpt":{"rendered":"<p>Augmenten les queixes dels aut\u00f2noms perqu\u00e8 no saben com declarar el nou impost del pl\u00e0stic Davant la incertesa i confusi\u00f3 generalitzades entre els aut\u00f2noms que han de declarar el nou impost al pl\u00e0stic a l&#8217;abril, l&#8217;Ag\u00e8ncia Tribut\u00e0ria admet estar rebent multitud de queixes i dubtes&#8230;.<\/p>\n","protected":false},"author":2,"featured_media":2395,"comment_status":"open","ping_status":"open","sticky":false,"template":"","format":"standard","meta":{"footnotes":""},"categories":[4],"tags":[],"class_list":["post-2393","post","type-post","status-publish","format-standard","has-post-thumbnail","hentry","category-noticies"],"yoast_head":"<!-- This site is optimized with the Yoast SEO plugin v24.3 - https:\/\/yoast.com\/wordpress\/plugins\/seo\/ -->\n<title>Augmenten les queixes dels aut\u00f2noms perqu\u00e8 no saben com declarar el nou impost del pl\u00e0stic | Arias Assessors<\/title>\n<meta name=\"description\" content=\"Han augmentat les queixes davant la incertesa sobre com els aut\u00f2noms que han de declarar el nou impost al pl\u00e0stic a l&#039;abril\" \/>\n<meta name=\"robots\" content=\"index, follow, max-snippet:-1, max-image-preview:large, max-video-preview:-1\" \/>\n<link rel=\"canonical\" href=\"https:\/\/www.ariasassessors.com\/ca\/augmenten-queixes-autonomos-com-declarar-impost-plastic\/\" \/>\n<meta property=\"og:locale\" content=\"ca_ES\" \/>\n<meta property=\"og:type\" content=\"article\" \/>\n<meta property=\"og:title\" content=\"Augmenten les queixes dels aut\u00f2noms perqu\u00e8 no saben com declarar el nou impost del pl\u00e0stic | Arias Assessors\" \/>\n<meta property=\"og:description\" content=\"Han augmentat les queixes davant la incertesa sobre com els aut\u00f2noms que han de declarar el nou impost al pl\u00e0stic a l&#039;abril\" \/>\n<meta property=\"og:url\" content=\"https:\/\/www.ariasassessors.com\/ca\/augmenten-queixes-autonomos-com-declarar-impost-plastic\/\" \/>\n<meta property=\"og:site_name\" content=\"Arias Assessors\" \/>\n<meta property=\"article:publisher\" content=\"https:\/\/www.facebook.com\/ariasassessors\/\" \/>\n<meta property=\"article:published_time\" content=\"2023-03-20T14:25:17+00:00\" \/>\n<meta property=\"og:image\" content=\"https:\/\/www.ariasassessors.com\/wp-content\/uploads\/2023\/03\/Arias_Blog_IMAGEN_DESTACADA-13-1.png\" \/>\n\t<meta property=\"og:image:width\" content=\"1920\" \/>\n\t<meta property=\"og:image:height\" content=\"1202\" \/>\n\t<meta property=\"og:image:type\" content=\"image\/png\" \/>\n<meta name=\"author\" content=\"btorras\" \/>\n<meta name=\"twitter:card\" content=\"summary_large_image\" \/>\n<meta name=\"twitter:creator\" content=\"@ariasassessors\" \/>\n<meta name=\"twitter:site\" content=\"@ariasassessors\" \/>\n<meta name=\"twitter:label1\" content=\"Escrit per\" \/>\n\t<meta name=\"twitter:data1\" content=\"btorras\" \/>\n\t<meta name=\"twitter:label2\" content=\"Temps estimat de lectura\" \/>\n\t<meta name=\"twitter:data2\" content=\"6 minuts\" \/>\n<script type=\"application\/ld+json\" class=\"yoast-schema-graph\">{\"@context\":\"https:\/\/schema.org\",\"@graph\":[{\"@type\":\"Article\",\"@id\":\"https:\/\/www.ariasassessors.com\/ca\/augmenten-queixes-autonomos-com-declarar-impost-plastic\/#article\",\"isPartOf\":{\"@id\":\"https:\/\/www.ariasassessors.com\/ca\/augmenten-queixes-autonomos-com-declarar-impost-plastic\/\"},\"author\":{\"name\":\"btorras\",\"@id\":\"https:\/\/www.ariasassessors.com\/#\/schema\/person\/63c6ad1775f0a9413c37932562673cef\"},\"headline\":\"Augmenten les queixes dels aut\u00f2noms perqu\u00e8 no saben com declarar el nou impost del pl\u00e0stic\",\"datePublished\":\"2023-03-20T14:25:17+00:00\",\"dateModified\":\"2023-03-20T14:25:17+00:00\",\"mainEntityOfPage\":{\"@id\":\"https:\/\/www.ariasassessors.com\/ca\/augmenten-queixes-autonomos-com-declarar-impost-plastic\/\"},\"wordCount\":1270,\"commentCount\":0,\"publisher\":{\"@id\":\"https:\/\/www.ariasassessors.com\/#organization\"},\"image\":{\"@id\":\"https:\/\/www.ariasassessors.com\/ca\/augmenten-queixes-autonomos-com-declarar-impost-plastic\/#primaryimage\"},\"thumbnailUrl\":\"https:\/\/www.ariasassessors.com\/wp-content\/uploads\/2023\/03\/Arias_Blog_IMAGEN_DESTACADA-13-1.png\",\"articleSection\":[\"noticies\"],\"inLanguage\":\"ca\",\"potentialAction\":[{\"@type\":\"CommentAction\",\"name\":\"Comment\",\"target\":[\"https:\/\/www.ariasassessors.com\/ca\/augmenten-queixes-autonomos-com-declarar-impost-plastic\/#respond\"]}]},{\"@type\":\"WebPage\",\"@id\":\"https:\/\/www.ariasassessors.com\/ca\/augmenten-queixes-autonomos-com-declarar-impost-plastic\/\",\"url\":\"https:\/\/www.ariasassessors.com\/ca\/augmenten-queixes-autonomos-com-declarar-impost-plastic\/\",\"name\":\"Augmenten les queixes dels aut\u00f2noms perqu\u00e8 no saben com declarar el nou impost del pl\u00e0stic | Arias Assessors\",\"isPartOf\":{\"@id\":\"https:\/\/www.ariasassessors.com\/#website\"},\"primaryImageOfPage\":{\"@id\":\"https:\/\/www.ariasassessors.com\/ca\/augmenten-queixes-autonomos-com-declarar-impost-plastic\/#primaryimage\"},\"image\":{\"@id\":\"https:\/\/www.ariasassessors.com\/ca\/augmenten-queixes-autonomos-com-declarar-impost-plastic\/#primaryimage\"},\"thumbnailUrl\":\"https:\/\/www.ariasassessors.com\/wp-content\/uploads\/2023\/03\/Arias_Blog_IMAGEN_DESTACADA-13-1.png\",\"datePublished\":\"2023-03-20T14:25:17+00:00\",\"dateModified\":\"2023-03-20T14:25:17+00:00\",\"description\":\"Han augmentat les queixes davant la incertesa sobre com els aut\u00f2noms que han de declarar el nou impost al pl\u00e0stic a l'abril\",\"breadcrumb\":{\"@id\":\"https:\/\/www.ariasassessors.com\/ca\/augmenten-queixes-autonomos-com-declarar-impost-plastic\/#breadcrumb\"},\"inLanguage\":\"ca\",\"potentialAction\":[{\"@type\":\"ReadAction\",\"target\":[\"https:\/\/www.ariasassessors.com\/ca\/augmenten-queixes-autonomos-com-declarar-impost-plastic\/\"]}]},{\"@type\":\"ImageObject\",\"inLanguage\":\"ca\",\"@id\":\"https:\/\/www.ariasassessors.com\/ca\/augmenten-queixes-autonomos-com-declarar-impost-plastic\/#primaryimage\",\"url\":\"https:\/\/www.ariasassessors.com\/wp-content\/uploads\/2023\/03\/Arias_Blog_IMAGEN_DESTACADA-13-1.png\",\"contentUrl\":\"https:\/\/www.ariasassessors.com\/wp-content\/uploads\/2023\/03\/Arias_Blog_IMAGEN_DESTACADA-13-1.png\",\"width\":1920,\"height\":1202,\"caption\":\"impuesto al pl\u00e1stico\"},{\"@type\":\"BreadcrumbList\",\"@id\":\"https:\/\/www.ariasassessors.com\/ca\/augmenten-queixes-autonomos-com-declarar-impost-plastic\/#breadcrumb\",\"itemListElement\":[{\"@type\":\"ListItem\",\"position\":1,\"name\":\"Portada\",\"item\":\"https:\/\/www.ariasassessors.com\/ca\/\"},{\"@type\":\"ListItem\",\"position\":2,\"name\":\"Augmenten les queixes dels aut\u00f2noms perqu\u00e8 no saben com declarar el nou impost del pl\u00e0stic\"}]},{\"@type\":\"WebSite\",\"@id\":\"https:\/\/www.ariasassessors.com\/#website\",\"url\":\"https:\/\/www.ariasassessors.com\/\",\"name\":\"Arias Assessors\",\"description\":\"Asesor\u00eda para aut\u00f3nomos, profesionales y PYMES\",\"publisher\":{\"@id\":\"https:\/\/www.ariasassessors.com\/#organization\"},\"potentialAction\":[{\"@type\":\"SearchAction\",\"target\":{\"@type\":\"EntryPoint\",\"urlTemplate\":\"https:\/\/www.ariasassessors.com\/?s={search_term_string}\"},\"query-input\":{\"@type\":\"PropertyValueSpecification\",\"valueRequired\":true,\"valueName\":\"search_term_string\"}}],\"inLanguage\":\"ca\"},{\"@type\":\"Organization\",\"@id\":\"https:\/\/www.ariasassessors.com\/#organization\",\"name\":\"Arias Assessors\",\"url\":\"https:\/\/www.ariasassessors.com\/\",\"logo\":{\"@type\":\"ImageObject\",\"inLanguage\":\"ca\",\"@id\":\"https:\/\/www.ariasassessors.com\/#\/schema\/logo\/image\/\",\"url\":\"https:\/\/www.ariasassessors.com\/wp-content\/uploads\/2019\/01\/arias-logo.png\",\"contentUrl\":\"https:\/\/www.ariasassessors.com\/wp-content\/uploads\/2019\/01\/arias-logo.png\",\"width\":349,\"height\":254,\"caption\":\"Arias Assessors\"},\"image\":{\"@id\":\"https:\/\/www.ariasassessors.com\/#\/schema\/logo\/image\/\"},\"sameAs\":[\"https:\/\/www.facebook.com\/ariasassessors\/\",\"https:\/\/x.com\/ariasassessors\",\"https:\/\/www.linkedin.com\/company\/r&amp;amp;r-growing-knowledge\/\"]},{\"@type\":\"Person\",\"@id\":\"https:\/\/www.ariasassessors.com\/#\/schema\/person\/63c6ad1775f0a9413c37932562673cef\",\"name\":\"btorras\",\"image\":{\"@type\":\"ImageObject\",\"inLanguage\":\"ca\",\"@id\":\"https:\/\/www.ariasassessors.com\/#\/schema\/person\/image\/\",\"url\":\"https:\/\/secure.gravatar.com\/avatar\/0531db351fc361fdbfd204c58fa2d6a3?s=96&d=mm&r=g\",\"contentUrl\":\"https:\/\/secure.gravatar.com\/avatar\/0531db351fc361fdbfd204c58fa2d6a3?s=96&d=mm&r=g\",\"caption\":\"btorras\"}}]}<\/script>\n<!-- \/ Yoast SEO plugin. -->","yoast_head_json":{"title":"Augmenten les queixes dels aut\u00f2noms perqu\u00e8 no saben com declarar el nou impost del pl\u00e0stic | Arias Assessors","description":"Han augmentat les queixes davant la incertesa sobre com els aut\u00f2noms que han de declarar el nou impost al pl\u00e0stic a l'abril","robots":{"index":"index","follow":"follow","max-snippet":"max-snippet:-1","max-image-preview":"max-image-preview:large","max-video-preview":"max-video-preview:-1"},"canonical":"https:\/\/www.ariasassessors.com\/ca\/augmenten-queixes-autonomos-com-declarar-impost-plastic\/","og_locale":"ca_ES","og_type":"article","og_title":"Augmenten les queixes dels aut\u00f2noms perqu\u00e8 no saben com declarar el nou impost del pl\u00e0stic | Arias Assessors","og_description":"Han augmentat les queixes davant la incertesa sobre com els aut\u00f2noms que han de declarar el nou impost al pl\u00e0stic a l'abril","og_url":"https:\/\/www.ariasassessors.com\/ca\/augmenten-queixes-autonomos-com-declarar-impost-plastic\/","og_site_name":"Arias Assessors","article_publisher":"https:\/\/www.facebook.com\/ariasassessors\/","article_published_time":"2023-03-20T14:25:17+00:00","og_image":[{"width":1920,"height":1202,"url":"https:\/\/www.ariasassessors.com\/wp-content\/uploads\/2023\/03\/Arias_Blog_IMAGEN_DESTACADA-13-1.png","type":"image\/png"}],"author":"btorras","twitter_card":"summary_large_image","twitter_creator":"@ariasassessors","twitter_site":"@ariasassessors","twitter_misc":{"Escrit per":"btorras","Temps estimat de lectura":"6 minuts"},"schema":{"@context":"https:\/\/schema.org","@graph":[{"@type":"Article","@id":"https:\/\/www.ariasassessors.com\/ca\/augmenten-queixes-autonomos-com-declarar-impost-plastic\/#article","isPartOf":{"@id":"https:\/\/www.ariasassessors.com\/ca\/augmenten-queixes-autonomos-com-declarar-impost-plastic\/"},"author":{"name":"btorras","@id":"https:\/\/www.ariasassessors.com\/#\/schema\/person\/63c6ad1775f0a9413c37932562673cef"},"headline":"Augmenten les queixes dels aut\u00f2noms perqu\u00e8 no saben com declarar el nou impost del pl\u00e0stic","datePublished":"2023-03-20T14:25:17+00:00","dateModified":"2023-03-20T14:25:17+00:00","mainEntityOfPage":{"@id":"https:\/\/www.ariasassessors.com\/ca\/augmenten-queixes-autonomos-com-declarar-impost-plastic\/"},"wordCount":1270,"commentCount":0,"publisher":{"@id":"https:\/\/www.ariasassessors.com\/#organization"},"image":{"@id":"https:\/\/www.ariasassessors.com\/ca\/augmenten-queixes-autonomos-com-declarar-impost-plastic\/#primaryimage"},"thumbnailUrl":"https:\/\/www.ariasassessors.com\/wp-content\/uploads\/2023\/03\/Arias_Blog_IMAGEN_DESTACADA-13-1.png","articleSection":["noticies"],"inLanguage":"ca","potentialAction":[{"@type":"CommentAction","name":"Comment","target":["https:\/\/www.ariasassessors.com\/ca\/augmenten-queixes-autonomos-com-declarar-impost-plastic\/#respond"]}]},{"@type":"WebPage","@id":"https:\/\/www.ariasassessors.com\/ca\/augmenten-queixes-autonomos-com-declarar-impost-plastic\/","url":"https:\/\/www.ariasassessors.com\/ca\/augmenten-queixes-autonomos-com-declarar-impost-plastic\/","name":"Augmenten les queixes dels aut\u00f2noms perqu\u00e8 no saben com declarar el nou impost del pl\u00e0stic | Arias Assessors","isPartOf":{"@id":"https:\/\/www.ariasassessors.com\/#website"},"primaryImageOfPage":{"@id":"https:\/\/www.ariasassessors.com\/ca\/augmenten-queixes-autonomos-com-declarar-impost-plastic\/#primaryimage"},"image":{"@id":"https:\/\/www.ariasassessors.com\/ca\/augmenten-queixes-autonomos-com-declarar-impost-plastic\/#primaryimage"},"thumbnailUrl":"https:\/\/www.ariasassessors.com\/wp-content\/uploads\/2023\/03\/Arias_Blog_IMAGEN_DESTACADA-13-1.png","datePublished":"2023-03-20T14:25:17+00:00","dateModified":"2023-03-20T14:25:17+00:00","description":"Han augmentat les queixes davant la incertesa sobre com els aut\u00f2noms que han de declarar el nou impost al pl\u00e0stic a l'abril","breadcrumb":{"@id":"https:\/\/www.ariasassessors.com\/ca\/augmenten-queixes-autonomos-com-declarar-impost-plastic\/#breadcrumb"},"inLanguage":"ca","potentialAction":[{"@type":"ReadAction","target":["https:\/\/www.ariasassessors.com\/ca\/augmenten-queixes-autonomos-com-declarar-impost-plastic\/"]}]},{"@type":"ImageObject","inLanguage":"ca","@id":"https:\/\/www.ariasassessors.com\/ca\/augmenten-queixes-autonomos-com-declarar-impost-plastic\/#primaryimage","url":"https:\/\/www.ariasassessors.com\/wp-content\/uploads\/2023\/03\/Arias_Blog_IMAGEN_DESTACADA-13-1.png","contentUrl":"https:\/\/www.ariasassessors.com\/wp-content\/uploads\/2023\/03\/Arias_Blog_IMAGEN_DESTACADA-13-1.png","width":1920,"height":1202,"caption":"impuesto al pl\u00e1stico"},{"@type":"BreadcrumbList","@id":"https:\/\/www.ariasassessors.com\/ca\/augmenten-queixes-autonomos-com-declarar-impost-plastic\/#breadcrumb","itemListElement":[{"@type":"ListItem","position":1,"name":"Portada","item":"https:\/\/www.ariasassessors.com\/ca\/"},{"@type":"ListItem","position":2,"name":"Augmenten les queixes dels aut\u00f2noms perqu\u00e8 no saben com declarar el nou impost del pl\u00e0stic"}]},{"@type":"WebSite","@id":"https:\/\/www.ariasassessors.com\/#website","url":"https:\/\/www.ariasassessors.com\/","name":"Arias Assessors","description":"Asesor\u00eda para aut\u00f3nomos, profesionales y PYMES","publisher":{"@id":"https:\/\/www.ariasassessors.com\/#organization"},"potentialAction":[{"@type":"SearchAction","target":{"@type":"EntryPoint","urlTemplate":"https:\/\/www.ariasassessors.com\/?s={search_term_string}"},"query-input":{"@type":"PropertyValueSpecification","valueRequired":true,"valueName":"search_term_string"}}],"inLanguage":"ca"},{"@type":"Organization","@id":"https:\/\/www.ariasassessors.com\/#organization","name":"Arias Assessors","url":"https:\/\/www.ariasassessors.com\/","logo":{"@type":"ImageObject","inLanguage":"ca","@id":"https:\/\/www.ariasassessors.com\/#\/schema\/logo\/image\/","url":"https:\/\/www.ariasassessors.com\/wp-content\/uploads\/2019\/01\/arias-logo.png","contentUrl":"https:\/\/www.ariasassessors.com\/wp-content\/uploads\/2019\/01\/arias-logo.png","width":349,"height":254,"caption":"Arias Assessors"},"image":{"@id":"https:\/\/www.ariasassessors.com\/#\/schema\/logo\/image\/"},"sameAs":["https:\/\/www.facebook.com\/ariasassessors\/","https:\/\/x.com\/ariasassessors","https:\/\/www.linkedin.com\/company\/r&amp;amp;r-growing-knowledge\/"]},{"@type":"Person","@id":"https:\/\/www.ariasassessors.com\/#\/schema\/person\/63c6ad1775f0a9413c37932562673cef","name":"btorras","image":{"@type":"ImageObject","inLanguage":"ca","@id":"https:\/\/www.ariasassessors.com\/#\/schema\/person\/image\/","url":"https:\/\/secure.gravatar.com\/avatar\/0531db351fc361fdbfd204c58fa2d6a3?s=96&d=mm&r=g","contentUrl":"https:\/\/secure.gravatar.com\/avatar\/0531db351fc361fdbfd204c58fa2d6a3?s=96&d=mm&r=g","caption":"btorras"}}]}},"_links":{"self":[{"href":"https:\/\/www.ariasassessors.com\/ca\/wp-json\/wp\/v2\/posts\/2393","targetHints":{"allow":["GET"]}}],"collection":[{"href":"https:\/\/www.ariasassessors.com\/ca\/wp-json\/wp\/v2\/posts"}],"about":[{"href":"https:\/\/www.ariasassessors.com\/ca\/wp-json\/wp\/v2\/types\/post"}],"author":[{"embeddable":true,"href":"https:\/\/www.ariasassessors.com\/ca\/wp-json\/wp\/v2\/users\/2"}],"replies":[{"embeddable":true,"href":"https:\/\/www.ariasassessors.com\/ca\/wp-json\/wp\/v2\/comments?post=2393"}],"version-history":[{"count":1,"href":"https:\/\/www.ariasassessors.com\/ca\/wp-json\/wp\/v2\/posts\/2393\/revisions"}],"predecessor-version":[{"id":2397,"href":"https:\/\/www.ariasassessors.com\/ca\/wp-json\/wp\/v2\/posts\/2393\/revisions\/2397"}],"wp:featuredmedia":[{"embeddable":true,"href":"https:\/\/www.ariasassessors.com\/ca\/wp-json\/wp\/v2\/media\/2395"}],"wp:attachment":[{"href":"https:\/\/www.ariasassessors.com\/ca\/wp-json\/wp\/v2\/media?parent=2393"}],"wp:term":[{"taxonomy":"category","embeddable":true,"href":"https:\/\/www.ariasassessors.com\/ca\/wp-json\/wp\/v2\/categories?post=2393"},{"taxonomy":"post_tag","embeddable":true,"href":"https:\/\/www.ariasassessors.com\/ca\/wp-json\/wp\/v2\/tags?post=2393"}],"curies":[{"name":"wp","href":"https:\/\/api.w.org\/{rel}","templated":true}]}}