{"id":2399,"date":"2023-03-22T13:48:34","date_gmt":"2023-03-22T12:48:34","guid":{"rendered":"https:\/\/www.ariasassessors.com\/?p=2399"},"modified":"2023-03-22T13:49:51","modified_gmt":"2023-03-22T12:49:51","slug":"hisenda-avanca-com-seran-futures-factures-electroniques","status":"publish","type":"post","link":"https:\/\/www.ariasassessors.com\/ca\/hisenda-avanca-com-seran-futures-factures-electroniques\/","title":{"rendered":"Hisenda avan\u00e7a com seran les futures factures electr\u00f2niques que hauran d&#8217;emetre els aut\u00f2noms"},"content":{"rendered":"<div id=\"ez-toc-container\" class=\"ez-toc-v2_0_72 counter-hierarchy ez-toc-counter ez-toc-grey ez-toc-container-direction\">\n<div class=\"ez-toc-title-container\">\n<p class=\"ez-toc-title\" style=\"cursor:inherit\">\u00cdndice de Contenidos<\/p>\n<span class=\"ez-toc-title-toggle\"><a href=\"#\" class=\"ez-toc-pull-right ez-toc-btn ez-toc-btn-xs ez-toc-btn-default ez-toc-toggle\" aria-label=\"Toggle Table of Content\"><span class=\"ez-toc-js-icon-con\"><span class=\"\"><span class=\"eztoc-hide\" style=\"display:none;\">Toggle<\/span><span class=\"ez-toc-icon-toggle-span\"><svg style=\"fill: #428bca;color:#428bca\" xmlns=\"http:\/\/www.w3.org\/2000\/svg\" class=\"list-377408\" width=\"20px\" height=\"20px\" viewBox=\"0 0 24 24\" fill=\"none\"><path d=\"M6 6H4v2h2V6zm14 0H8v2h12V6zM4 11h2v2H4v-2zm16 0H8v2h12v-2zM4 16h2v2H4v-2zm16 0H8v2h12v-2z\" fill=\"currentColor\"><\/path><\/svg><svg style=\"fill: #428bca;color:#428bca\" class=\"arrow-unsorted-368013\" xmlns=\"http:\/\/www.w3.org\/2000\/svg\" width=\"10px\" height=\"10px\" viewBox=\"0 0 24 24\" version=\"1.2\" baseProfile=\"tiny\"><path d=\"M18.2 9.3l-6.2-6.3-6.2 6.3c-.2.2-.3.4-.3.7s.1.5.3.7c.2.2.4.3.7.3h11c.3 0 .5-.1.7-.3.2-.2.3-.5.3-.7s-.1-.5-.3-.7zM5.8 14.7l6.2 6.3 6.2-6.3c.2-.2.3-.5.3-.7s-.1-.5-.3-.7c-.2-.2-.4-.3-.7-.3h-11c-.3 0-.5.1-.7.3-.2.2-.3.5-.3.7s.1.5.3.7z\"\/><\/svg><\/span><\/span><\/span><\/a><\/span><\/div>\n<nav><ul class='ez-toc-list ez-toc-list-level-1 eztoc-toggle-hide-by-default' ><li class='ez-toc-page-1 ez-toc-heading-level-1'><a class=\"ez-toc-link ez-toc-heading-1\" href=\"https:\/\/www.ariasassessors.com\/ca\/hisenda-avanca-com-seran-futures-factures-electroniques\/#Hisenda_avanca_com_seran_les_futures_factures_electroniques_que_hauran_demetre_els_autonoms\" title=\"Hisenda avan\u00e7a com seran les futures factures electr\u00f2niques que hauran d&#8217;emetre els aut\u00f2noms\">Hisenda avan\u00e7a com seran les futures factures electr\u00f2niques que hauran d&#8217;emetre els aut\u00f2noms<\/a><ul class='ez-toc-list-level-2' ><li class='ez-toc-heading-level-2'><a class=\"ez-toc-link ez-toc-heading-2\" href=\"https:\/\/www.ariasassessors.com\/ca\/hisenda-avanca-com-seran-futures-factures-electroniques\/#Les_linies_mestres_del_nou_sistema_de_facturacio_electronica_per_a_autonoms_i_empreses\" title=\"Les l\u00ednies mestres del nou sistema de facturaci\u00f3 electr\u00f2nica per a aut\u00f2noms i empreses\">Les l\u00ednies mestres del nou sistema de facturaci\u00f3 electr\u00f2nica per a aut\u00f2noms i empreses<\/a><\/li><li class='ez-toc-page-1 ez-toc-heading-level-2'><a class=\"ez-toc-link ez-toc-heading-3\" href=\"https:\/\/www.ariasassessors.com\/ca\/hisenda-avanca-com-seran-futures-factures-electroniques\/#Quins_requisits_especifics_i_generals_hauran_de_complir_les_factures_electroniques\" title=\"Quins requisits espec\u00edfics i generals haur\u00e0n de complir les factures electr\u00f2niques?\">Quins requisits espec\u00edfics i generals haur\u00e0n de complir les factures electr\u00f2niques?<\/a><\/li><li class='ez-toc-page-1 ez-toc-heading-level-2'><a class=\"ez-toc-link ez-toc-heading-4\" href=\"https:\/\/www.ariasassessors.com\/ca\/hisenda-avanca-com-seran-futures-factures-electroniques\/#Condicions_perque_els_sistemes_siguin_legals\" title=\"Condicions perqu\u00e8 els sistemes siguin legals\">Condicions perqu\u00e8 els sistemes siguin legals<\/a><\/li><li class='ez-toc-page-1 ez-toc-heading-level-2'><a class=\"ez-toc-link ez-toc-heading-5\" href=\"https:\/\/www.ariasassessors.com\/ca\/hisenda-avanca-com-seran-futures-factures-electroniques\/#A_quines_sancions_senfrontarien_els_autonoms_per_incomplir_lobligacio_demetre_factures_electroniques\" title=\"A quines sancions s&#8217;enfrontarien els aut\u00f2noms per incomplir l&#8217;obligaci\u00f3 d&#8217;emetre factures electr\u00f2niques?\">A quines sancions s&#8217;enfrontarien els aut\u00f2noms per incomplir l&#8217;obligaci\u00f3 d&#8217;emetre factures electr\u00f2niques?<\/a><\/li><\/ul><\/li><\/ul><\/nav><\/div>\n<h1><span class=\"ez-toc-section\" id=\"Hisenda_avanca_com_seran_les_futures_factures_electroniques_que_hauran_demetre_els_autonoms\"><\/span>Hisenda avan\u00e7a com seran les futures factures electr\u00f2niques que hauran d&#8217;emetre els aut\u00f2noms<span class=\"ez-toc-section-end\"><\/span><\/h1>\n<p>El Govern ha tret a consulta p\u00fablica el reglament pel qual es desenvolupar\u00e0 la nova obligaci\u00f3 que tots els aut\u00f2noms i empreses emetin les seves factures de manera electr\u00f2nica. Aquestes seran les l\u00ednies mestres, a costa de petits retocs.<\/p>\n<p>El Ministeri d&#8217;Assumptes Econ\u00f2mics i Transformaci\u00f3 Digital i\u00a0Hisenda han tret a consulta p\u00fablica les<strong>\u00a0l\u00ednies mestres<\/strong>\u00a0per a establir el\u00a0<strong>reglament que regular\u00e0 la futura\u00a0obligaci\u00f3 d&#8217;emetre factures electr\u00f2niques<\/strong>\u00a0que afectar\u00e0 pr\u00f2ximament els aut\u00f2noms i empreses.\u00a0La Llei de Creaci\u00f3 i Creixement empresarial, m\u00e9s coneguda com a Llei Crea i Creix est\u00e0 publicada en el Butllet\u00ed Oficial de l&#8217;Estat (BOE) des del passat octubre. No obstant aix\u00f2, la norma va donar\u00a0un termini de sis mesos, fins a aquest mar\u00e7,\u00a0per a posar en marxa el reglament\u00a0que establir\u00e0 les condicions espec\u00edfiques d&#8217;aquesta nova obligaci\u00f3.<\/p>\n<p>&nbsp;<\/p>\n<p>De moment, el Govern\u00a0<strong>ja ha llan\u00e7at<\/strong> la consulta\u00a0sobre el projecte de Reial decret pel qual es desenvolupa la llei 18\/2022 de creaci\u00f3 i creixement d&#8217;empreses en el referit a la factura electr\u00f2nica entre empreses i professionals. Les organitzacions d&#8217;aut\u00f2noms i altres agents socials tenen\u00a0<strong>quinze dies per a remetre les seves aportacions<\/strong>\u00a0a l&#8217;Executiu abans que s&#8217;aprovi definitivament aquest reglament.<\/p>\n<p>Aquest nou sistema suposar\u00e0 un canvi en la relaci\u00f3 que tenen els aut\u00f2noms amb l&#8217;Ag\u00e8ncia Tribut\u00e0ria i en la disminuci\u00f3 del frau fiscal ja que tots els programes de facturaci\u00f3, per a ser legals,\u00a0<strong>hauran de remetre de manera autom\u00e0tica les factures al Fisc<\/strong>, per la qual cosa Hisenda sabr\u00e0 en temps\u00a0real\u00a0el que\u00a0han venut i gastat tots els negocis. A m\u00e9s, la nova obligaci\u00f3, segons recull el reglament,\u00a0<strong>pret\u00e9n ser una eina de lluita contra la morositat que sofreixen els petits negocis<\/strong>.<\/p>\n<p>Segons el text, &#8220;l&#8217;adopci\u00f3 de la factura electr\u00f2nica conforme als principis i requisits establerts\u00a0permetr\u00e0\u00a0equilibrar els poders de negociaci\u00f3, impulsar la digitalitzaci\u00f3 de les empreses de menor grand\u00e0ria i els professionals, llan\u00e7ar transpar\u00e8ncia sobre els terminis de pagament\u00a0de les empreses i professionals i\u00a0<strong>promoure el compliment de la normativa de morositat comercial<\/strong>&#8220;.<\/p>\n<p>A costa de les aportacions i modificacions que proposin els agents socials,\u00a0<strong>ja hi ha algunes q\u00fcestions que semblen ser clares<\/strong>\u00a0sobre el reglament que regular\u00e0 aquesta nova obligaci\u00f3. Una\u00a0d&#8217;ells s\u00f3n els terminis. Quan s&#8217;aprovi aquesta norma, les empreses amb una facturaci\u00f3 anual superior a vuit milions d&#8217;euros, tindran l&#8217;obligaci\u00f3 de facturar per mitjans electr\u00f2nics a partir dels dotze mesos posteriors a\u00a0l&#8217;aprovaci\u00f3 del reglament, La<strong>\u00a0resta d&#8217;empreses i professionals -que serien la majoria d&#8217;aut\u00f2noms i pimes espanyols- tindran\u00a024 mesos per a adaptar-se<\/strong>\u00a0despr\u00e9s de l&#8217;aprovaci\u00f3 del desenvolupament reglamentari.<\/p>\n<p>A m\u00e9s dels terminis el projecte de reglament que s&#8217;ha tret a consulta p\u00fablica tamb\u00e9 <strong>avan\u00e7a com ser\u00e0 l&#8217;arquitectura<\/strong>&#8221; o l\u00ednies mestres en les quals es basar\u00e0 el <strong>nou reglament que desenvolupa el sistema d&#8217;emissi\u00f3 de factures electr\u00f2niques<\/strong> per als aut\u00f2noms i empreses.<\/p>\n<h2><span class=\"ez-toc-section\" id=\"Les_linies_mestres_del_nou_sistema_de_facturacio_electronica_per_a_autonoms_i_empreses\"><\/span>Les l\u00ednies mestres del nou sistema de facturaci\u00f3 electr\u00f2nica per a aut\u00f2noms i empreses<span class=\"ez-toc-section-end\"><\/span><\/h2>\n<p>El reglament ja ha tra\u00e7at\u00a0<strong>les vuit l\u00ednies sobre les quals se sustentaran la nova obligaci\u00f3<\/strong>\u00a0que els aut\u00f2noms facturin per mitjans electr\u00f2nics. Aquests s\u00f3n:<\/p>\n<ol>\n<li><strong>Un sistema mitjan\u00e7at: <\/strong>El reglament\u00a0haur\u00e0 de\u00a0basar-se en\u00a0una\u00a0<strong>xarxa de plataformes d&#8217;intercanvi de factures electr\u00f2niques (existents i futures)<\/strong> subjectes a una regulaci\u00f3 de m\u00ednims quant a seguretat de la informaci\u00f3, de les transmissions i capacitats d&#8217;autenticaci\u00f3 i \u00fas de les diferents sintaxis de factura electr\u00f2nica admeses.<\/li>\n<li><strong>Sistema p\u00fablic d&#8217;intercanvi de factures amb l&#8217;Ag\u00e8ncia Tribut\u00e0ria: <\/strong>El reglament haur\u00e0 de complementar l&#8217;obligaci\u00f3 de facturaci\u00f3 amb la posada en marxa d&#8217;un <strong>sistema p\u00fablic d&#8217;intercanvi b\u00e0sic de factures proporcionat per l&#8217;Administraci\u00f3 p\u00fablica<\/strong> en el qual els emissors de les factures electr\u00f2niques o les seves plataformes designades tindran l&#8217;obligaci\u00f3 de dipositar-les en un format \u00fanic en la seu de l&#8217;Ag\u00e8ncia Tribut\u00e0ria, que les validar\u00e0 formalment i les posar\u00e0 a la disposici\u00f3 dels seus destinataris o els seus representants o plataformes en aquesta mateixa seu.<\/li>\n<li><strong>Format que permeti operar: <\/strong>El reglament haur\u00e0 d&#8217;imposar que els sistemes siguin interoperables, gr\u00e0cies a la capacitat t\u00e8cnica de les solucions inform\u00e0tiques i les plataformes per a\u00a0<strong>traduir els diferents formats estructurats m\u00e9s utilitzats<\/strong>\u00a0al nostre pa\u00eds i basats en est\u00e0ndards internacionals que seran admesos; sense perjudici de la possibilitat d&#8217;establir un est\u00e0ndard de refer\u00e8ncia per a la seva remissi\u00f3 a les Administracions P\u00fabliques.<\/li>\n<li><strong>Interconnexi\u00f3: <\/strong>El desenvolupament reglamentari haur\u00e0 d&#8217;assegurar la interconnexi\u00f3 de les plataformes, perqu\u00e8 cada usuari nom\u00e9s necessiti connectar-se a una plataforma ja que les plataformes d&#8217;intercanvi de factures electr\u00f2niques privades\u00a0<strong>tenen l&#8217;obligaci\u00f3 d&#8217;interconnectar-se amb qualssevol altres plataformes que li ho sol\u00b7licitin<\/strong>\u00a0sempre que aquestes \u00faltimes compleixin amb uns requisits m\u00ednims.<\/li>\n<li><strong>Capa\u00e7 d&#8217;intercanviar les dates de pagament de les factures: <\/strong>El nou reglament haur\u00e0 d&#8217;assegurar que els sistemes puguin\u00a0intercanviar, a m\u00e9s de la factura electr\u00f2nica,\u00a0<strong>la informaci\u00f3 de la data de pagament efectiu de les factures perqu\u00e8 es transmeti entre les parts i a l&#8217;Administraci\u00f3 P\u00fablica<\/strong>\u00a0per al seu seguiment.<\/li>\n<li><strong>Un sistema especial per al seu \u00fas per part de pimes i aut\u00f2noms: <\/strong>L&#8217;obligaci\u00f3 haur\u00e0 d&#8217;imposar-se de manera especial per a donar suport en el seu \u00fas per part de pimes i aut\u00f2noms, a trav\u00e9s de per\u00edodes transitoris m\u00e9s amplis, facilitats en l&#8217;intercanvi de factures electr\u00f2niques a trav\u00e9s del sistema p\u00fablic d&#8217;intercanvi i les ajudes del kit digital.<\/li>\n<li><strong>Sistema transparent per a lluitar contra la morositat: <\/strong>El reglament haur\u00e0 de potenciar la transpar\u00e8ncia com a arma enfront dels abusos en terminis de pagament que sofreixen, especialment, els petits negocis<\/li>\n<li><strong>Compliment de les obligacions fiscals: <\/strong>El desenvolupament reglamentari haur\u00e0 de tenir en compte el respecte a les obligacions fiscals i assegurar que els sistemes siguin complementaris amb\u00a0\u00a0la presentaci\u00f3 dels models fiscals a les Administracions P\u00fabliques.<\/li>\n<\/ol>\n<h2><span class=\"ez-toc-section\" id=\"Quins_requisits_especifics_i_generals_hauran_de_complir_les_factures_electroniques\"><\/span>Quins requisits espec\u00edfics i generals haur\u00e0n de complir les factures electr\u00f2niques?<span class=\"ez-toc-section-end\"><\/span><\/h2>\n<p>Una factura electr\u00f2nica t\u00e9\u00a0<strong>els mateixos efectes legals<\/strong>\u00a0que una factura en paper, \u00e9s a dir, \u00e9s un justificant de cobrament de productes o serveis. Per tant, ha de complir els mateixos requisits que les factures en paper (llegibilitat, autenticitat, terminis\u2026) i ha d&#8217;incloure la mateixa informaci\u00f3.\u00a0 Aquest document t\u00e9 un format estructurat, \u00e9s a dir, utilitza un llenguatge XML que facilita el seu tractament automatitzat. Aquest format permet generar i tramitar les factures electr\u00f2niques autom\u00e0ticament per sistemes inform\u00e0tics<\/p>\n<p>Segons la Llei Crea i Creix, aquestes factures electr\u00f2niques hauran de complir una s\u00e8rie de requisits per a ser legals. Aquests s\u00f3n:<\/p>\n<ul>\n<li>Les empreses hauran de comptar amb un programa de facturaci\u00f3 electr\u00f2nica per a emetre i rebre les factures<\/li>\n<li>Ser\u00e0 necessari comptar amb signatura electr\u00f2nica i totes les factures hauran de signar-se amb el certificat electr\u00f2nic<\/li>\n<li>Totes les factures hauran de complir els requisits del Reglament de Facturaci\u00f3, que encara no s&#8217;ha desenvolupat.<\/li>\n<li>El contingut de la factura-e haur\u00e0 de ser el mateix que el d&#8217;una factura convencional<\/li>\n<li>Totes les empreses i aut\u00f2noms hauran de facilitar l&#8217;acc\u00e9s digital a la factura electr\u00f2nica als seus destinataris. Els destinataris hauran de poder llegir, copiar, descarregar i imprimir les factures de manera gratu\u00efta. L&#8217;acc\u00e9s a la factura electr\u00f2nica haur\u00e0 de mantenir-se durant almenys quatre anys<\/li>\n<\/ul>\n<h2><span class=\"ez-toc-section\" id=\"Condicions_perque_els_sistemes_siguin_legals\"><\/span>Condicions perqu\u00e8 els sistemes siguin legals<span class=\"ez-toc-section-end\"><\/span><\/h2>\n<p>A m\u00e9s, les\u00a0condicions que hauran de complir els programes per a ser legals\u00a0estan recollides\u00a0<strong>en un altre projecte que el Govern va treure a consulta p\u00fablica l&#8217;any passat<\/strong>.\u00a0El text\u00a0segueix en constant modificaci\u00f3 i ha rebut diferents al\u00b7legacions i observacions per part d&#8217;experts i organitzacions de diferents \u00e0mbits, com la Federaci\u00f3 Nacional d&#8217;Associacions de Treballadors Aut\u00f2noms -LLIGA-, que va demanar que s&#8217;aclarissin alguns\u00a0<strong>conceptes com els terminis en els quals hauran de remetre les factures aquests programes.<\/strong><\/p>\n<p><strong>Aquestes s\u00f3n les condicions que hauran de complir els sistemes de facturaci\u00f3 per a ser legals:<\/strong><\/p>\n<ul>\n<li>Per cada lliurament de b\u00e9ns o prestaci\u00f3 de serveis haur\u00e0 de generar, de manera simult\u00e0nia o immediatament anterior a l&#8217;expedici\u00f3 de la factura, un registre de facturaci\u00f3 d&#8217;alta.<\/li>\n<li>Haur\u00e0 de garantir la integritat i inalterabilitat dels registres de facturaci\u00f3 de manera que, una vegada registrats les dades de facturaci\u00f3, aquests quedin protegits contra qualsevol acci\u00f3 que comprometi l&#8217;exactitud, autenticitat i *completitud de les dades emmagatzemades, de manera que cap de les dades registrades pugui ser alterat, ni pel propi sistema inform\u00e0tic, ni per l&#8217;usuari ni per cap dispositiu, sistema o programa inform\u00e0tic o electr\u00f2nic extern.<\/li>\n<li>Tamb\u00e9 haur\u00e0 de garantir la tra\u00e7abilitat dels registres de facturaci\u00f3, que hauran d&#8217;estar encadenats de manera que pugui verificar-se el seu rastre seguint la seva seq\u00fc\u00e8ncia de\u00a0\u00a0creaci\u00f3 des del primer a l&#8217;\u00faltim. El sistema inform\u00e0tic haur\u00e0 de proporcionar funcionalitats que permetin el seguiment de les dades\u00a0\u00a0registrades de manera clara i fiable.<\/li>\n<li>Comptar amb tots els registres de facturaci\u00f3 generats pel propi sistema inform\u00e0tic.<\/li>\n<li>Comptar amb\u00a0un registre d&#8217;esdeveniments que reculli autom\u00e0ticament totes les interaccions amb aquest sistema inform\u00e0tic, les operacions realitzades amb ell i els successos produ\u00efts durant el seu \u00fas, com l&#8217;arrencada i parada del sistema inform\u00e0tic<\/li>\n<li>En els sistemes inform\u00e0tics que suportin els processos de facturaci\u00f3, haur\u00e0 de trobar-se degudament dissociada la informaci\u00f3 amb transcend\u00e8ncia tribut\u00e0ria de la possible informaci\u00f3 confidencial de car\u00e0cter no patrimonial, de manera que l&#8217;Administraci\u00f3 tribut\u00e0ria pugui accedir directament a la informaci\u00f3 amb transcend\u00e8ncia tribut\u00e0ria.<\/li>\n<\/ul>\n<h2><span class=\"ez-toc-section\" id=\"A_quines_sancions_senfrontarien_els_autonoms_per_incomplir_lobligacio_demetre_factures_electroniques\"><\/span>A quines sancions s&#8217;enfrontarien els aut\u00f2noms per incomplir l&#8217;obligaci\u00f3 d&#8217;emetre factures electr\u00f2niques?<span class=\"ez-toc-section-end\"><\/span><\/h2>\n<p>La norma\u00a0recull importants sancions per a aquells negocis que no emetin les seves factures en el moment que estipula la Llei Crea i Creix.\u00a0\u00a0<strong>A partir de 2024 o 2025 -depenent de la facturaci\u00f3 que tingui el negoci-<\/strong>, aquells aut\u00f2noms que no s&#8217;adaptin a la normativa\u00a0i no ofereixin o facilitin la factura electr\u00f2nica, podran ser sancionats amb<strong>\u00a0fins a 10.000 euros de multa<\/strong>.\u00a0Aix\u00f2 tamb\u00e9 impedir\u00e0 que puguin accedir a subvencions, ajudes i contractacions p\u00fabliques.<\/p>\n<p>Not\u00edcia extreta: <a href=\"https:\/\/www.autonomosyemprendedor.es\/articulo\/actualidad\/hacienda-avanza-como-seran-futuras-facturas-electronicas-que-deberan-emitir-autonomos\/20230308150503029555.html\">https:\/\/www.autonomosyemprendedor.es\/<\/a><\/p>\n<article id=\"post-2393\" class=\"post-2393 post type-post status-publish format-standard has-post-thumbnail hentry category-noticies\">\n<div class=\"post_content_holder\">\n<div class=\"post_text\">\n<div class=\"post_text_inner\">\n<p>M\u00e9s not\u00edcies en\u00a0<a href=\"https:\/\/www.ariasassessors.com\/actualidad\/\">l\u2019actualitat d\u2019Arias Assessors<\/a><\/p>\n<\/div>\n<\/div>\n<\/div>\n<\/article>\n<p>&nbsp;<\/p>\n","protected":false},"excerpt":{"rendered":"<p>Hisenda avan\u00e7a com seran les futures factures electr\u00f2niques que hauran d&#8217;emetre els aut\u00f2noms El Govern ha tret a consulta p\u00fablica el reglament pel qual es desenvolupar\u00e0 la nova obligaci\u00f3 que tots els aut\u00f2noms i empreses emetin les seves factures de manera electr\u00f2nica. Aquestes seran les&#8230;<\/p>\n","protected":false},"author":2,"featured_media":2401,"comment_status":"open","ping_status":"open","sticky":false,"template":"","format":"standard","meta":{"footnotes":""},"categories":[4],"tags":[],"class_list":["post-2399","post","type-post","status-publish","format-standard","has-post-thumbnail","hentry","category-noticies"],"yoast_head":"<!-- This site is optimized with the Yoast SEO plugin v24.3 - https:\/\/yoast.com\/wordpress\/plugins\/seo\/ -->\n<title>Hisenda avan\u00e7a com seran les futures factures electr\u00f2niques que hauran d&#039;emetre els aut\u00f2noms | Arias Assessors<\/title>\n<meta name=\"description\" content=\"El Govern ha tret a consulta p\u00fablica el reglament de com es desenvoluparan les noves factures electr\u00f2niques\" \/>\n<meta name=\"robots\" content=\"index, follow, max-snippet:-1, max-image-preview:large, max-video-preview:-1\" \/>\n<link rel=\"canonical\" href=\"https:\/\/www.ariasassessors.com\/ca\/hisenda-avanca-com-seran-futures-factures-electroniques\/\" \/>\n<meta property=\"og:locale\" content=\"ca_ES\" \/>\n<meta property=\"og:type\" content=\"article\" \/>\n<meta property=\"og:title\" content=\"Hisenda avan\u00e7a com seran les futures factures electr\u00f2niques que hauran d&#039;emetre els aut\u00f2noms | Arias Assessors\" \/>\n<meta property=\"og:description\" content=\"El Govern ha tret a consulta p\u00fablica el reglament de com es desenvoluparan les noves factures electr\u00f2niques\" \/>\n<meta property=\"og:url\" content=\"https:\/\/www.ariasassessors.com\/ca\/hisenda-avanca-com-seran-futures-factures-electroniques\/\" \/>\n<meta property=\"og:site_name\" content=\"Arias Assessors\" \/>\n<meta property=\"article:publisher\" content=\"https:\/\/www.facebook.com\/ariasassessors\/\" \/>\n<meta property=\"article:published_time\" content=\"2023-03-22T12:48:34+00:00\" \/>\n<meta property=\"article:modified_time\" content=\"2023-03-22T12:49:51+00:00\" \/>\n<meta property=\"og:image\" content=\"https:\/\/www.ariasassessors.com\/wp-content\/uploads\/2023\/03\/Arias_Blog_IMAGEN_DESTACADA-10-1-1.png\" \/>\n\t<meta property=\"og:image:width\" content=\"1920\" \/>\n\t<meta property=\"og:image:height\" content=\"1202\" \/>\n\t<meta property=\"og:image:type\" content=\"image\/png\" \/>\n<meta name=\"author\" content=\"btorras\" \/>\n<meta name=\"twitter:card\" content=\"summary_large_image\" \/>\n<meta name=\"twitter:creator\" content=\"@ariasassessors\" \/>\n<meta name=\"twitter:site\" content=\"@ariasassessors\" \/>\n<meta name=\"twitter:label1\" content=\"Escrit per\" \/>\n\t<meta name=\"twitter:data1\" content=\"btorras\" \/>\n\t<meta name=\"twitter:label2\" content=\"Temps estimat de lectura\" \/>\n\t<meta name=\"twitter:data2\" content=\"8 minuts\" \/>\n<script type=\"application\/ld+json\" class=\"yoast-schema-graph\">{\"@context\":\"https:\/\/schema.org\",\"@graph\":[{\"@type\":\"Article\",\"@id\":\"https:\/\/www.ariasassessors.com\/ca\/hisenda-avanca-com-seran-futures-factures-electroniques\/#article\",\"isPartOf\":{\"@id\":\"https:\/\/www.ariasassessors.com\/ca\/hisenda-avanca-com-seran-futures-factures-electroniques\/\"},\"author\":{\"name\":\"btorras\",\"@id\":\"https:\/\/www.ariasassessors.com\/#\/schema\/person\/63c6ad1775f0a9413c37932562673cef\"},\"headline\":\"Hisenda avan\u00e7a com seran les futures factures electr\u00f2niques que hauran d&#8217;emetre els aut\u00f2noms\",\"datePublished\":\"2023-03-22T12:48:34+00:00\",\"dateModified\":\"2023-03-22T12:49:51+00:00\",\"mainEntityOfPage\":{\"@id\":\"https:\/\/www.ariasassessors.com\/ca\/hisenda-avanca-com-seran-futures-factures-electroniques\/\"},\"wordCount\":1759,\"commentCount\":0,\"publisher\":{\"@id\":\"https:\/\/www.ariasassessors.com\/#organization\"},\"image\":{\"@id\":\"https:\/\/www.ariasassessors.com\/ca\/hisenda-avanca-com-seran-futures-factures-electroniques\/#primaryimage\"},\"thumbnailUrl\":\"https:\/\/www.ariasassessors.com\/wp-content\/uploads\/2023\/03\/Arias_Blog_IMAGEN_DESTACADA-10-1-1.png\",\"articleSection\":[\"noticies\"],\"inLanguage\":\"ca\",\"potentialAction\":[{\"@type\":\"CommentAction\",\"name\":\"Comment\",\"target\":[\"https:\/\/www.ariasassessors.com\/ca\/hisenda-avanca-com-seran-futures-factures-electroniques\/#respond\"]}]},{\"@type\":\"WebPage\",\"@id\":\"https:\/\/www.ariasassessors.com\/ca\/hisenda-avanca-com-seran-futures-factures-electroniques\/\",\"url\":\"https:\/\/www.ariasassessors.com\/ca\/hisenda-avanca-com-seran-futures-factures-electroniques\/\",\"name\":\"Hisenda avan\u00e7a com seran les futures factures electr\u00f2niques que hauran d'emetre els aut\u00f2noms | Arias Assessors\",\"isPartOf\":{\"@id\":\"https:\/\/www.ariasassessors.com\/#website\"},\"primaryImageOfPage\":{\"@id\":\"https:\/\/www.ariasassessors.com\/ca\/hisenda-avanca-com-seran-futures-factures-electroniques\/#primaryimage\"},\"image\":{\"@id\":\"https:\/\/www.ariasassessors.com\/ca\/hisenda-avanca-com-seran-futures-factures-electroniques\/#primaryimage\"},\"thumbnailUrl\":\"https:\/\/www.ariasassessors.com\/wp-content\/uploads\/2023\/03\/Arias_Blog_IMAGEN_DESTACADA-10-1-1.png\",\"datePublished\":\"2023-03-22T12:48:34+00:00\",\"dateModified\":\"2023-03-22T12:49:51+00:00\",\"description\":\"El Govern ha tret a consulta p\u00fablica el reglament de com es desenvoluparan les noves factures electr\u00f2niques\",\"breadcrumb\":{\"@id\":\"https:\/\/www.ariasassessors.com\/ca\/hisenda-avanca-com-seran-futures-factures-electroniques\/#breadcrumb\"},\"inLanguage\":\"ca\",\"potentialAction\":[{\"@type\":\"ReadAction\",\"target\":[\"https:\/\/www.ariasassessors.com\/ca\/hisenda-avanca-com-seran-futures-factures-electroniques\/\"]}]},{\"@type\":\"ImageObject\",\"inLanguage\":\"ca\",\"@id\":\"https:\/\/www.ariasassessors.com\/ca\/hisenda-avanca-com-seran-futures-factures-electroniques\/#primaryimage\",\"url\":\"https:\/\/www.ariasassessors.com\/wp-content\/uploads\/2023\/03\/Arias_Blog_IMAGEN_DESTACADA-10-1-1.png\",\"contentUrl\":\"https:\/\/www.ariasassessors.com\/wp-content\/uploads\/2023\/03\/Arias_Blog_IMAGEN_DESTACADA-10-1-1.png\",\"width\":1920,\"height\":1202,\"caption\":\"facturas electr\u00f3nicas\"},{\"@type\":\"BreadcrumbList\",\"@id\":\"https:\/\/www.ariasassessors.com\/ca\/hisenda-avanca-com-seran-futures-factures-electroniques\/#breadcrumb\",\"itemListElement\":[{\"@type\":\"ListItem\",\"position\":1,\"name\":\"Portada\",\"item\":\"https:\/\/www.ariasassessors.com\/ca\/\"},{\"@type\":\"ListItem\",\"position\":2,\"name\":\"Hisenda avan\u00e7a com seran les futures factures electr\u00f2niques que hauran d&#8217;emetre els aut\u00f2noms\"}]},{\"@type\":\"WebSite\",\"@id\":\"https:\/\/www.ariasassessors.com\/#website\",\"url\":\"https:\/\/www.ariasassessors.com\/\",\"name\":\"Arias Assessors\",\"description\":\"Asesor\u00eda para aut\u00f3nomos, profesionales y PYMES\",\"publisher\":{\"@id\":\"https:\/\/www.ariasassessors.com\/#organization\"},\"potentialAction\":[{\"@type\":\"SearchAction\",\"target\":{\"@type\":\"EntryPoint\",\"urlTemplate\":\"https:\/\/www.ariasassessors.com\/?s={search_term_string}\"},\"query-input\":{\"@type\":\"PropertyValueSpecification\",\"valueRequired\":true,\"valueName\":\"search_term_string\"}}],\"inLanguage\":\"ca\"},{\"@type\":\"Organization\",\"@id\":\"https:\/\/www.ariasassessors.com\/#organization\",\"name\":\"Arias Assessors\",\"url\":\"https:\/\/www.ariasassessors.com\/\",\"logo\":{\"@type\":\"ImageObject\",\"inLanguage\":\"ca\",\"@id\":\"https:\/\/www.ariasassessors.com\/#\/schema\/logo\/image\/\",\"url\":\"https:\/\/www.ariasassessors.com\/wp-content\/uploads\/2019\/01\/arias-logo.png\",\"contentUrl\":\"https:\/\/www.ariasassessors.com\/wp-content\/uploads\/2019\/01\/arias-logo.png\",\"width\":349,\"height\":254,\"caption\":\"Arias Assessors\"},\"image\":{\"@id\":\"https:\/\/www.ariasassessors.com\/#\/schema\/logo\/image\/\"},\"sameAs\":[\"https:\/\/www.facebook.com\/ariasassessors\/\",\"https:\/\/x.com\/ariasassessors\",\"https:\/\/www.linkedin.com\/company\/r&amp;amp;r-growing-knowledge\/\"]},{\"@type\":\"Person\",\"@id\":\"https:\/\/www.ariasassessors.com\/#\/schema\/person\/63c6ad1775f0a9413c37932562673cef\",\"name\":\"btorras\",\"image\":{\"@type\":\"ImageObject\",\"inLanguage\":\"ca\",\"@id\":\"https:\/\/www.ariasassessors.com\/#\/schema\/person\/image\/\",\"url\":\"https:\/\/secure.gravatar.com\/avatar\/0531db351fc361fdbfd204c58fa2d6a3?s=96&d=mm&r=g\",\"contentUrl\":\"https:\/\/secure.gravatar.com\/avatar\/0531db351fc361fdbfd204c58fa2d6a3?s=96&d=mm&r=g\",\"caption\":\"btorras\"}}]}<\/script>\n<!-- \/ Yoast SEO plugin. -->","yoast_head_json":{"title":"Hisenda avan\u00e7a com seran les futures factures electr\u00f2niques que hauran d'emetre els aut\u00f2noms | Arias Assessors","description":"El Govern ha tret a consulta p\u00fablica el reglament de com es desenvoluparan les noves factures electr\u00f2niques","robots":{"index":"index","follow":"follow","max-snippet":"max-snippet:-1","max-image-preview":"max-image-preview:large","max-video-preview":"max-video-preview:-1"},"canonical":"https:\/\/www.ariasassessors.com\/ca\/hisenda-avanca-com-seran-futures-factures-electroniques\/","og_locale":"ca_ES","og_type":"article","og_title":"Hisenda avan\u00e7a com seran les futures factures electr\u00f2niques que hauran d'emetre els aut\u00f2noms | Arias Assessors","og_description":"El Govern ha tret a consulta p\u00fablica el reglament de com es desenvoluparan les noves factures electr\u00f2niques","og_url":"https:\/\/www.ariasassessors.com\/ca\/hisenda-avanca-com-seran-futures-factures-electroniques\/","og_site_name":"Arias Assessors","article_publisher":"https:\/\/www.facebook.com\/ariasassessors\/","article_published_time":"2023-03-22T12:48:34+00:00","article_modified_time":"2023-03-22T12:49:51+00:00","og_image":[{"width":1920,"height":1202,"url":"https:\/\/www.ariasassessors.com\/wp-content\/uploads\/2023\/03\/Arias_Blog_IMAGEN_DESTACADA-10-1-1.png","type":"image\/png"}],"author":"btorras","twitter_card":"summary_large_image","twitter_creator":"@ariasassessors","twitter_site":"@ariasassessors","twitter_misc":{"Escrit per":"btorras","Temps estimat de lectura":"8 minuts"},"schema":{"@context":"https:\/\/schema.org","@graph":[{"@type":"Article","@id":"https:\/\/www.ariasassessors.com\/ca\/hisenda-avanca-com-seran-futures-factures-electroniques\/#article","isPartOf":{"@id":"https:\/\/www.ariasassessors.com\/ca\/hisenda-avanca-com-seran-futures-factures-electroniques\/"},"author":{"name":"btorras","@id":"https:\/\/www.ariasassessors.com\/#\/schema\/person\/63c6ad1775f0a9413c37932562673cef"},"headline":"Hisenda avan\u00e7a com seran les futures factures electr\u00f2niques que hauran d&#8217;emetre els aut\u00f2noms","datePublished":"2023-03-22T12:48:34+00:00","dateModified":"2023-03-22T12:49:51+00:00","mainEntityOfPage":{"@id":"https:\/\/www.ariasassessors.com\/ca\/hisenda-avanca-com-seran-futures-factures-electroniques\/"},"wordCount":1759,"commentCount":0,"publisher":{"@id":"https:\/\/www.ariasassessors.com\/#organization"},"image":{"@id":"https:\/\/www.ariasassessors.com\/ca\/hisenda-avanca-com-seran-futures-factures-electroniques\/#primaryimage"},"thumbnailUrl":"https:\/\/www.ariasassessors.com\/wp-content\/uploads\/2023\/03\/Arias_Blog_IMAGEN_DESTACADA-10-1-1.png","articleSection":["noticies"],"inLanguage":"ca","potentialAction":[{"@type":"CommentAction","name":"Comment","target":["https:\/\/www.ariasassessors.com\/ca\/hisenda-avanca-com-seran-futures-factures-electroniques\/#respond"]}]},{"@type":"WebPage","@id":"https:\/\/www.ariasassessors.com\/ca\/hisenda-avanca-com-seran-futures-factures-electroniques\/","url":"https:\/\/www.ariasassessors.com\/ca\/hisenda-avanca-com-seran-futures-factures-electroniques\/","name":"Hisenda avan\u00e7a com seran les futures factures electr\u00f2niques que hauran d'emetre els aut\u00f2noms | Arias Assessors","isPartOf":{"@id":"https:\/\/www.ariasassessors.com\/#website"},"primaryImageOfPage":{"@id":"https:\/\/www.ariasassessors.com\/ca\/hisenda-avanca-com-seran-futures-factures-electroniques\/#primaryimage"},"image":{"@id":"https:\/\/www.ariasassessors.com\/ca\/hisenda-avanca-com-seran-futures-factures-electroniques\/#primaryimage"},"thumbnailUrl":"https:\/\/www.ariasassessors.com\/wp-content\/uploads\/2023\/03\/Arias_Blog_IMAGEN_DESTACADA-10-1-1.png","datePublished":"2023-03-22T12:48:34+00:00","dateModified":"2023-03-22T12:49:51+00:00","description":"El Govern ha tret a consulta p\u00fablica el reglament de com es desenvoluparan les noves factures electr\u00f2niques","breadcrumb":{"@id":"https:\/\/www.ariasassessors.com\/ca\/hisenda-avanca-com-seran-futures-factures-electroniques\/#breadcrumb"},"inLanguage":"ca","potentialAction":[{"@type":"ReadAction","target":["https:\/\/www.ariasassessors.com\/ca\/hisenda-avanca-com-seran-futures-factures-electroniques\/"]}]},{"@type":"ImageObject","inLanguage":"ca","@id":"https:\/\/www.ariasassessors.com\/ca\/hisenda-avanca-com-seran-futures-factures-electroniques\/#primaryimage","url":"https:\/\/www.ariasassessors.com\/wp-content\/uploads\/2023\/03\/Arias_Blog_IMAGEN_DESTACADA-10-1-1.png","contentUrl":"https:\/\/www.ariasassessors.com\/wp-content\/uploads\/2023\/03\/Arias_Blog_IMAGEN_DESTACADA-10-1-1.png","width":1920,"height":1202,"caption":"facturas electr\u00f3nicas"},{"@type":"BreadcrumbList","@id":"https:\/\/www.ariasassessors.com\/ca\/hisenda-avanca-com-seran-futures-factures-electroniques\/#breadcrumb","itemListElement":[{"@type":"ListItem","position":1,"name":"Portada","item":"https:\/\/www.ariasassessors.com\/ca\/"},{"@type":"ListItem","position":2,"name":"Hisenda avan\u00e7a com seran les futures factures electr\u00f2niques que hauran d&#8217;emetre els aut\u00f2noms"}]},{"@type":"WebSite","@id":"https:\/\/www.ariasassessors.com\/#website","url":"https:\/\/www.ariasassessors.com\/","name":"Arias Assessors","description":"Asesor\u00eda para aut\u00f3nomos, profesionales y PYMES","publisher":{"@id":"https:\/\/www.ariasassessors.com\/#organization"},"potentialAction":[{"@type":"SearchAction","target":{"@type":"EntryPoint","urlTemplate":"https:\/\/www.ariasassessors.com\/?s={search_term_string}"},"query-input":{"@type":"PropertyValueSpecification","valueRequired":true,"valueName":"search_term_string"}}],"inLanguage":"ca"},{"@type":"Organization","@id":"https:\/\/www.ariasassessors.com\/#organization","name":"Arias Assessors","url":"https:\/\/www.ariasassessors.com\/","logo":{"@type":"ImageObject","inLanguage":"ca","@id":"https:\/\/www.ariasassessors.com\/#\/schema\/logo\/image\/","url":"https:\/\/www.ariasassessors.com\/wp-content\/uploads\/2019\/01\/arias-logo.png","contentUrl":"https:\/\/www.ariasassessors.com\/wp-content\/uploads\/2019\/01\/arias-logo.png","width":349,"height":254,"caption":"Arias Assessors"},"image":{"@id":"https:\/\/www.ariasassessors.com\/#\/schema\/logo\/image\/"},"sameAs":["https:\/\/www.facebook.com\/ariasassessors\/","https:\/\/x.com\/ariasassessors","https:\/\/www.linkedin.com\/company\/r&amp;amp;r-growing-knowledge\/"]},{"@type":"Person","@id":"https:\/\/www.ariasassessors.com\/#\/schema\/person\/63c6ad1775f0a9413c37932562673cef","name":"btorras","image":{"@type":"ImageObject","inLanguage":"ca","@id":"https:\/\/www.ariasassessors.com\/#\/schema\/person\/image\/","url":"https:\/\/secure.gravatar.com\/avatar\/0531db351fc361fdbfd204c58fa2d6a3?s=96&d=mm&r=g","contentUrl":"https:\/\/secure.gravatar.com\/avatar\/0531db351fc361fdbfd204c58fa2d6a3?s=96&d=mm&r=g","caption":"btorras"}}]}},"_links":{"self":[{"href":"https:\/\/www.ariasassessors.com\/ca\/wp-json\/wp\/v2\/posts\/2399","targetHints":{"allow":["GET"]}}],"collection":[{"href":"https:\/\/www.ariasassessors.com\/ca\/wp-json\/wp\/v2\/posts"}],"about":[{"href":"https:\/\/www.ariasassessors.com\/ca\/wp-json\/wp\/v2\/types\/post"}],"author":[{"embeddable":true,"href":"https:\/\/www.ariasassessors.com\/ca\/wp-json\/wp\/v2\/users\/2"}],"replies":[{"embeddable":true,"href":"https:\/\/www.ariasassessors.com\/ca\/wp-json\/wp\/v2\/comments?post=2399"}],"version-history":[{"count":3,"href":"https:\/\/www.ariasassessors.com\/ca\/wp-json\/wp\/v2\/posts\/2399\/revisions"}],"predecessor-version":[{"id":2405,"href":"https:\/\/www.ariasassessors.com\/ca\/wp-json\/wp\/v2\/posts\/2399\/revisions\/2405"}],"wp:featuredmedia":[{"embeddable":true,"href":"https:\/\/www.ariasassessors.com\/ca\/wp-json\/wp\/v2\/media\/2401"}],"wp:attachment":[{"href":"https:\/\/www.ariasassessors.com\/ca\/wp-json\/wp\/v2\/media?parent=2399"}],"wp:term":[{"taxonomy":"category","embeddable":true,"href":"https:\/\/www.ariasassessors.com\/ca\/wp-json\/wp\/v2\/categories?post=2399"},{"taxonomy":"post_tag","embeddable":true,"href":"https:\/\/www.ariasassessors.com\/ca\/wp-json\/wp\/v2\/tags?post=2399"}],"curies":[{"name":"wp","href":"https:\/\/api.w.org\/{rel}","templated":true}]}}