{"id":2410,"date":"2023-03-28T13:03:10","date_gmt":"2023-03-28T11:03:10","guid":{"rendered":"https:\/\/www.ariasassessors.com\/?p=2410"},"modified":"2023-03-28T13:03:10","modified_gmt":"2023-03-28T11:03:10","slug":"1-dabril-ja-no-hauras-de-traslladar-els-teus-comunicats-de-baixa-a-lempresa","status":"publish","type":"post","link":"https:\/\/www.ariasassessors.com\/ca\/1-dabril-ja-no-hauras-de-traslladar-els-teus-comunicats-de-baixa-a-lempresa\/","title":{"rendered":"A partir de l&#8217;1 d&#8217;abril ja no haur\u00e0s de traslladar els teus comunicats de baixa a l&#8217;empresa"},"content":{"rendered":"<div id=\"ez-toc-container\" class=\"ez-toc-v2_0_72 counter-hierarchy ez-toc-counter ez-toc-grey ez-toc-container-direction\">\n<div class=\"ez-toc-title-container\">\n<p class=\"ez-toc-title\" style=\"cursor:inherit\">\u00cdndice de Contenidos<\/p>\n<span class=\"ez-toc-title-toggle\"><a href=\"#\" class=\"ez-toc-pull-right ez-toc-btn ez-toc-btn-xs ez-toc-btn-default ez-toc-toggle\" aria-label=\"Toggle Table of Content\"><span class=\"ez-toc-js-icon-con\"><span class=\"\"><span class=\"eztoc-hide\" style=\"display:none;\">Toggle<\/span><span class=\"ez-toc-icon-toggle-span\"><svg style=\"fill: #428bca;color:#428bca\" xmlns=\"http:\/\/www.w3.org\/2000\/svg\" class=\"list-377408\" width=\"20px\" height=\"20px\" viewBox=\"0 0 24 24\" fill=\"none\"><path d=\"M6 6H4v2h2V6zm14 0H8v2h12V6zM4 11h2v2H4v-2zm16 0H8v2h12v-2zM4 16h2v2H4v-2zm16 0H8v2h12v-2z\" fill=\"currentColor\"><\/path><\/svg><svg style=\"fill: #428bca;color:#428bca\" class=\"arrow-unsorted-368013\" xmlns=\"http:\/\/www.w3.org\/2000\/svg\" width=\"10px\" height=\"10px\" viewBox=\"0 0 24 24\" version=\"1.2\" baseProfile=\"tiny\"><path d=\"M18.2 9.3l-6.2-6.3-6.2 6.3c-.2.2-.3.4-.3.7s.1.5.3.7c.2.2.4.3.7.3h11c.3 0 .5-.1.7-.3.2-.2.3-.5.3-.7s-.1-.5-.3-.7zM5.8 14.7l6.2 6.3 6.2-6.3c.2-.2.3-.5.3-.7s-.1-.5-.3-.7c-.2-.2-.4-.3-.7-.3h-11c-.3 0-.5.1-.7.3-.2.2-.3.5-.3.7s.1.5.3.7z\"\/><\/svg><\/span><\/span><\/span><\/a><\/span><\/div>\n<nav><ul class='ez-toc-list ez-toc-list-level-1 eztoc-toggle-hide-by-default' ><li class='ez-toc-page-1 ez-toc-heading-level-1'><a class=\"ez-toc-link ez-toc-heading-1\" href=\"https:\/\/www.ariasassessors.com\/ca\/1-dabril-ja-no-hauras-de-traslladar-els-teus-comunicats-de-baixa-a-lempresa\/#A_partir_de_l1_dabril_ja_no_hauras_de_traslladar_els_teus_comunicats_de_baixa_a_lempresa\" title=\"A partir de l&#8217;1 d&#8217;abril ja no haur\u00e0s de traslladar els teus comunicats de baixa a l&#8217;empresa\">A partir de l&#8217;1 d&#8217;abril ja no haur\u00e0s de traslladar els teus comunicats de baixa a l&#8217;empresa<\/a><ul class='ez-toc-list-level-2' ><li class='ez-toc-heading-level-2'><a class=\"ez-toc-link ez-toc-heading-2\" href=\"https:\/\/www.ariasassessors.com\/ca\/1-dabril-ja-no-hauras-de-traslladar-els-teus-comunicats-de-baixa-a-lempresa\/#Beneficis_per_als_facultatius_sobre_els_comunicats_de_baixa\" title=\"Beneficis per als facultatius sobre els comunicats de baixa\">Beneficis per als facultatius sobre els comunicats de baixa<\/a><\/li><li class='ez-toc-page-1 ez-toc-heading-level-2'><a class=\"ez-toc-link ez-toc-heading-3\" href=\"https:\/\/www.ariasassessors.com\/ca\/1-dabril-ja-no-hauras-de-traslladar-els-teus-comunicats-de-baixa-a-lempresa\/#Novetats_en_us_de_llar\" title=\"Novetats en \u00fas de llar\">Novetats en \u00fas de llar<\/a><\/li><\/ul><\/li><\/ul><\/nav><\/div>\n<h1><span class=\"ez-toc-section\" id=\"A_partir_de_l1_dabril_ja_no_hauras_de_traslladar_els_teus_comunicats_de_baixa_a_lempresa\"><\/span>A partir de l&#8217;1 d&#8217;abril ja no haur\u00e0s de traslladar els teus comunicats de baixa a l&#8217;empresa<span class=\"ez-toc-section-end\"><\/span><\/h1>\n<p>El pr\u00f2xim 1 d&#8217;abril entra en vigor una important modificaci\u00f3 que servir\u00e0 per a simplificar els tr\u00e0mits relacionats amb les baixes per malaltia (Incapacitat Temporal (IT). A partir d&#8217;aquesta data, el facultatiu que expedeixi els comunicats m\u00e9dics de baixa, confirmaci\u00f3 o alta lliurar\u00e0 a la persona treballadora <strong>tan sols una c\u00f2pia del mateix<\/strong> i no ser\u00e0 necessari que la persona treballadora hagi de traslladar una c\u00f2pia d&#8217;aquest comunicat a l&#8217;empresa que el podr\u00e0 descarregar del Fitxer INSS Empreses.<\/p>\n<p>El nou sistema funcionar\u00e0 aix\u00ed: <strong>el Servei P\u00fablic de Salut, m\u00fatua o empresa col\u00b7laboradora remetr\u00e0 les dades contingudes en els comunicats<\/strong> m\u00e8dics de baixa, confirmaci\u00f3 i alta a l&#8217;Institut Nacional de la Seguretat Social (INSS) <strong>per via telem\u00e0tica.<\/strong><\/p>\n<p>Una vegada rebuda aquesta informaci\u00f3, <strong>les empreses podran consultar les dades a trav\u00e9s del Fitxer INSS Empreses<\/strong>. Quan l&#8217;empresa o l&#8217;ocupador no tingui obligaci\u00f3 d&#8217;incorporar-se al Sistema XARXA, les comunicacions es realitzaran per correu ordinari i per SMS. Aquesta informaci\u00f3 estar\u00e0 disponible tamb\u00e9 en la seu electr\u00f2nica de la Seguretat Social<\/p>\n<p>Les empreses, per part seva, tenen l&#8217;obligaci\u00f3 de remetre a l&#8217;INSS, en un termini m\u00e0xim de tres dies h\u00e0bils i a trav\u00e9s del Sistema XARXA, les dades econ\u00f2miques del comunicat m\u00e8dic de baixa. D&#8217;aquesta manera, <strong>les empreses ja no hauran de transmetre a l&#8217;INSS les dades econ\u00f2miques<\/strong> contingudes en els comunicats de confirmaci\u00f3 i d&#8217;alta, simplificant tamb\u00e9 aquests processos.<\/p>\n<h2><span class=\"ez-toc-section\" id=\"Beneficis_per_als_facultatius_sobre_els_comunicats_de_baixa\"><\/span>Beneficis per als facultatius sobre els comunicats de baixa<span class=\"ez-toc-section-end\"><\/span><\/h2>\n<p>Les novetats incloses en aquesta normativa tenen tamb\u00e9 repercussi\u00f3 en els Serveis P\u00fablics de Salut (SPS) de les Comunitats Aut\u00f2nomes, en la mesura en qu\u00e8 es facilita i agilitza la labor dels seus facultatius pel que fa a la gesti\u00f3 dels comunicats de IT.<\/p>\n<p>Una de les novetats que incidir\u00e0 en aquesta millora consisteix en el fet que l&#8217;INSS no exigir\u00e0 l&#8217;emplenament de la Classificaci\u00f3 Nacional d&#8217;Ocupacions (CNO) per part del facultatiu, la qual cosa suposa una disminuci\u00f3 de la c\u00e0rrega de treball que assumeixen ja que passar\u00e0 a ser voluntari per part dels serveis de salut.<\/p>\n<p>A m\u00e9s, amb la finalitat d&#8217;agilitzar i facilitar l&#8217;actuaci\u00f3 dels metges d&#8217;atenci\u00f3 prim\u00e0ria, seran ara les empreses les responsables d&#8217;emplenar la informaci\u00f3 de l&#8217;activitat funcional que desenvolupa el treballador, \u00e9s a dir, tant l&#8217;emplenament del CNO com una descripci\u00f3 de les funcions que exerceix el treballador i el detall del seu lloc de treball.<\/p>\n<p>Finalment, en l\u00ednia amb l&#8217;anterior, tampoc ser\u00e0 obligatori que el facultatiu empleni el nom de l&#8217;empresa, per\u00f2 s\u00ed que haur\u00e0 d&#8217;emplenar el camp corresponent al lloc de treball que el treballador li indiqui, que posteriorment es contrastar\u00e0 amb les dades que es facilitin per l&#8217;empresa a l&#8217;INSS.<\/p>\n<h2><span class=\"ez-toc-section\" id=\"Novetats_en_us_de_llar\"><\/span>Novetats en \u00fas de llar<span class=\"ez-toc-section-end\"><\/span><\/h2>\n<p>Les persones que presten serveis retribu\u00efts en l&#8217;\u00e0mbit de la llar familiar tampoc hauran d&#8217;efectuar aquestes comunicacions al titular de la llar familiar, sin\u00f3 que ser\u00e0 l&#8217;Institut Nacional de la Seguretat Social (INSS) qui ho comuniqui. Aix\u00ed, quan la persona empleada de llar inici\u00ef una baixa m\u00e8dica, l&#8217;INSS dirigir\u00e0 una comunicaci\u00f3 via SMS a l&#8217;ocupador. A m\u00e9s, s&#8217;enviar\u00e0 una comunicaci\u00f3 postal, per a informar-lo d&#8217;aquesta situaci\u00f3. Tamb\u00e9 es realitzar\u00e0 una comunicaci\u00f3 electr\u00f2nica que podr\u00e0 consultar-se en la Seu Electr\u00f2nica de la Seguretat Social.<\/p>\n<p>A partir d&#8217;ara, la persona ocupadora podr\u00e0 visualitzar informaci\u00f3 relativa a aquesta situaci\u00f3 de baixa m\u00e8dica a trav\u00e9s del Portal de la Tresoreria General de la Seguretat Social (TGSS), Importass, al qual pots accedir des d&#8217;aquest enlla\u00e7.<\/p>\n<p>Not\u00edcia extreta:<a href=\"https:\/\/revista.seg-social.es\/-\/novedades-incapacidad-temporal\"> https:\/\/revista.seg-social.es\/-\/novedades-incapacidad-temporal\u00a0<\/a><\/p>\n<article id=\"post-2393\" class=\"post-2393 post type-post status-publish format-standard has-post-thumbnail hentry category-noticies\">\n<div class=\"post_content_holder\">\n<div class=\"post_text\">\n<div class=\"post_text_inner\">\n<p>M\u00e9s not\u00edcies en\u00a0<a href=\"https:\/\/www.ariasassessors.com\/actualidad\/\">l\u2019actualitat d\u2019Arias Assessors<\/a><\/p>\n<\/div>\n<\/div>\n<\/div>\n<\/article>\n","protected":false},"excerpt":{"rendered":"<p>A partir de l&#8217;1 d&#8217;abril ja no haur\u00e0s de traslladar els teus comunicats de baixa a l&#8217;empresa El pr\u00f2xim 1 d&#8217;abril entra en vigor una important modificaci\u00f3 que servir\u00e0 per a simplificar els tr\u00e0mits relacionats amb les baixes per malaltia (Incapacitat Temporal (IT). A partir&#8230;<\/p>\n","protected":false},"author":2,"featured_media":2413,"comment_status":"open","ping_status":"open","sticky":false,"template":"","format":"standard","meta":{"footnotes":""},"categories":[4],"tags":[],"class_list":["post-2410","post","type-post","status-publish","format-standard","has-post-thumbnail","hentry","category-noticies"],"yoast_head":"<!-- This site is optimized with the Yoast SEO plugin v24.3 - https:\/\/yoast.com\/wordpress\/plugins\/seo\/ -->\n<title>A partir de l&#039;1 d&#039;abril ja no haur\u00e0s de traslladar els teus comunicats de baixa a l&#039;empresa | Arias Assessors<\/title>\n<meta name=\"description\" content=\"A partir de l&#039;1 d&#039;abril ja no haur\u00e0s de traslladar els teus comunicats de baixa a l&#039;empresa gracies al Servei P\u00fablic de Salut o m\u00fatua\" \/>\n<meta name=\"robots\" content=\"index, follow, max-snippet:-1, max-image-preview:large, max-video-preview:-1\" \/>\n<link rel=\"canonical\" href=\"https:\/\/www.ariasassessors.com\/ca\/1-dabril-ja-no-hauras-de-traslladar-els-teus-comunicats-de-baixa-a-lempresa\/\" \/>\n<meta property=\"og:locale\" content=\"ca_ES\" \/>\n<meta property=\"og:type\" content=\"article\" \/>\n<meta property=\"og:title\" content=\"A partir de l&#039;1 d&#039;abril ja no haur\u00e0s de traslladar els teus comunicats de baixa a l&#039;empresa | Arias Assessors\" \/>\n<meta property=\"og:description\" content=\"A partir de l&#039;1 d&#039;abril ja no haur\u00e0s de traslladar els teus comunicats de baixa a l&#039;empresa gracies al Servei P\u00fablic de Salut o m\u00fatua\" \/>\n<meta property=\"og:url\" content=\"https:\/\/www.ariasassessors.com\/ca\/1-dabril-ja-no-hauras-de-traslladar-els-teus-comunicats-de-baixa-a-lempresa\/\" \/>\n<meta property=\"og:site_name\" content=\"Arias Assessors\" \/>\n<meta property=\"article:publisher\" content=\"https:\/\/www.facebook.com\/ariasassessors\/\" \/>\n<meta property=\"article:published_time\" content=\"2023-03-28T11:03:10+00:00\" \/>\n<meta property=\"og:image\" content=\"https:\/\/www.ariasassessors.com\/wp-content\/uploads\/2023\/03\/Arias_Blog_IMAGEN_DESTACADA-11-1-1.png\" \/>\n\t<meta property=\"og:image:width\" content=\"1920\" \/>\n\t<meta property=\"og:image:height\" content=\"1202\" \/>\n\t<meta property=\"og:image:type\" content=\"image\/png\" \/>\n<meta name=\"author\" content=\"btorras\" \/>\n<meta name=\"twitter:card\" content=\"summary_large_image\" \/>\n<meta name=\"twitter:creator\" content=\"@ariasassessors\" \/>\n<meta name=\"twitter:site\" content=\"@ariasassessors\" \/>\n<meta name=\"twitter:label1\" content=\"Escrit per\" \/>\n\t<meta name=\"twitter:data1\" content=\"btorras\" \/>\n\t<meta name=\"twitter:label2\" content=\"Temps estimat de lectura\" \/>\n\t<meta name=\"twitter:data2\" content=\"3 minuts\" \/>\n<script type=\"application\/ld+json\" class=\"yoast-schema-graph\">{\"@context\":\"https:\/\/schema.org\",\"@graph\":[{\"@type\":\"Article\",\"@id\":\"https:\/\/www.ariasassessors.com\/ca\/1-dabril-ja-no-hauras-de-traslladar-els-teus-comunicats-de-baixa-a-lempresa\/#article\",\"isPartOf\":{\"@id\":\"https:\/\/www.ariasassessors.com\/ca\/1-dabril-ja-no-hauras-de-traslladar-els-teus-comunicats-de-baixa-a-lempresa\/\"},\"author\":{\"name\":\"btorras\",\"@id\":\"https:\/\/www.ariasassessors.com\/#\/schema\/person\/63c6ad1775f0a9413c37932562673cef\"},\"headline\":\"A partir de l&#8217;1 d&#8217;abril ja no haur\u00e0s de traslladar els teus comunicats de baixa a l&#8217;empresa\",\"datePublished\":\"2023-03-28T11:03:10+00:00\",\"dateModified\":\"2023-03-28T11:03:10+00:00\",\"mainEntityOfPage\":{\"@id\":\"https:\/\/www.ariasassessors.com\/ca\/1-dabril-ja-no-hauras-de-traslladar-els-teus-comunicats-de-baixa-a-lempresa\/\"},\"wordCount\":644,\"commentCount\":0,\"publisher\":{\"@id\":\"https:\/\/www.ariasassessors.com\/#organization\"},\"image\":{\"@id\":\"https:\/\/www.ariasassessors.com\/ca\/1-dabril-ja-no-hauras-de-traslladar-els-teus-comunicats-de-baixa-a-lempresa\/#primaryimage\"},\"thumbnailUrl\":\"https:\/\/www.ariasassessors.com\/wp-content\/uploads\/2023\/03\/Arias_Blog_IMAGEN_DESTACADA-11-1-1.png\",\"articleSection\":[\"noticies\"],\"inLanguage\":\"ca\",\"potentialAction\":[{\"@type\":\"CommentAction\",\"name\":\"Comment\",\"target\":[\"https:\/\/www.ariasassessors.com\/ca\/1-dabril-ja-no-hauras-de-traslladar-els-teus-comunicats-de-baixa-a-lempresa\/#respond\"]}]},{\"@type\":\"WebPage\",\"@id\":\"https:\/\/www.ariasassessors.com\/ca\/1-dabril-ja-no-hauras-de-traslladar-els-teus-comunicats-de-baixa-a-lempresa\/\",\"url\":\"https:\/\/www.ariasassessors.com\/ca\/1-dabril-ja-no-hauras-de-traslladar-els-teus-comunicats-de-baixa-a-lempresa\/\",\"name\":\"A partir de l'1 d'abril ja no haur\u00e0s de traslladar els teus comunicats de baixa a l'empresa | Arias Assessors\",\"isPartOf\":{\"@id\":\"https:\/\/www.ariasassessors.com\/#website\"},\"primaryImageOfPage\":{\"@id\":\"https:\/\/www.ariasassessors.com\/ca\/1-dabril-ja-no-hauras-de-traslladar-els-teus-comunicats-de-baixa-a-lempresa\/#primaryimage\"},\"image\":{\"@id\":\"https:\/\/www.ariasassessors.com\/ca\/1-dabril-ja-no-hauras-de-traslladar-els-teus-comunicats-de-baixa-a-lempresa\/#primaryimage\"},\"thumbnailUrl\":\"https:\/\/www.ariasassessors.com\/wp-content\/uploads\/2023\/03\/Arias_Blog_IMAGEN_DESTACADA-11-1-1.png\",\"datePublished\":\"2023-03-28T11:03:10+00:00\",\"dateModified\":\"2023-03-28T11:03:10+00:00\",\"description\":\"A partir de l'1 d'abril ja no haur\u00e0s de traslladar els teus comunicats de baixa a l'empresa gracies al Servei P\u00fablic de Salut o m\u00fatua\",\"breadcrumb\":{\"@id\":\"https:\/\/www.ariasassessors.com\/ca\/1-dabril-ja-no-hauras-de-traslladar-els-teus-comunicats-de-baixa-a-lempresa\/#breadcrumb\"},\"inLanguage\":\"ca\",\"potentialAction\":[{\"@type\":\"ReadAction\",\"target\":[\"https:\/\/www.ariasassessors.com\/ca\/1-dabril-ja-no-hauras-de-traslladar-els-teus-comunicats-de-baixa-a-lempresa\/\"]}]},{\"@type\":\"ImageObject\",\"inLanguage\":\"ca\",\"@id\":\"https:\/\/www.ariasassessors.com\/ca\/1-dabril-ja-no-hauras-de-traslladar-els-teus-comunicats-de-baixa-a-lempresa\/#primaryimage\",\"url\":\"https:\/\/www.ariasassessors.com\/wp-content\/uploads\/2023\/03\/Arias_Blog_IMAGEN_DESTACADA-11-1-1.png\",\"contentUrl\":\"https:\/\/www.ariasassessors.com\/wp-content\/uploads\/2023\/03\/Arias_Blog_IMAGEN_DESTACADA-11-1-1.png\",\"width\":1920,\"height\":1202,\"caption\":\"partes de baja\"},{\"@type\":\"BreadcrumbList\",\"@id\":\"https:\/\/www.ariasassessors.com\/ca\/1-dabril-ja-no-hauras-de-traslladar-els-teus-comunicats-de-baixa-a-lempresa\/#breadcrumb\",\"itemListElement\":[{\"@type\":\"ListItem\",\"position\":1,\"name\":\"Portada\",\"item\":\"https:\/\/www.ariasassessors.com\/ca\/\"},{\"@type\":\"ListItem\",\"position\":2,\"name\":\"A partir de l&#8217;1 d&#8217;abril ja no haur\u00e0s de traslladar els teus comunicats de baixa a l&#8217;empresa\"}]},{\"@type\":\"WebSite\",\"@id\":\"https:\/\/www.ariasassessors.com\/#website\",\"url\":\"https:\/\/www.ariasassessors.com\/\",\"name\":\"Arias Assessors\",\"description\":\"Asesor\u00eda para aut\u00f3nomos, profesionales y PYMES\",\"publisher\":{\"@id\":\"https:\/\/www.ariasassessors.com\/#organization\"},\"potentialAction\":[{\"@type\":\"SearchAction\",\"target\":{\"@type\":\"EntryPoint\",\"urlTemplate\":\"https:\/\/www.ariasassessors.com\/?s={search_term_string}\"},\"query-input\":{\"@type\":\"PropertyValueSpecification\",\"valueRequired\":true,\"valueName\":\"search_term_string\"}}],\"inLanguage\":\"ca\"},{\"@type\":\"Organization\",\"@id\":\"https:\/\/www.ariasassessors.com\/#organization\",\"name\":\"Arias Assessors\",\"url\":\"https:\/\/www.ariasassessors.com\/\",\"logo\":{\"@type\":\"ImageObject\",\"inLanguage\":\"ca\",\"@id\":\"https:\/\/www.ariasassessors.com\/#\/schema\/logo\/image\/\",\"url\":\"https:\/\/www.ariasassessors.com\/wp-content\/uploads\/2019\/01\/arias-logo.png\",\"contentUrl\":\"https:\/\/www.ariasassessors.com\/wp-content\/uploads\/2019\/01\/arias-logo.png\",\"width\":349,\"height\":254,\"caption\":\"Arias Assessors\"},\"image\":{\"@id\":\"https:\/\/www.ariasassessors.com\/#\/schema\/logo\/image\/\"},\"sameAs\":[\"https:\/\/www.facebook.com\/ariasassessors\/\",\"https:\/\/x.com\/ariasassessors\",\"https:\/\/www.linkedin.com\/company\/r&amp;amp;r-growing-knowledge\/\"]},{\"@type\":\"Person\",\"@id\":\"https:\/\/www.ariasassessors.com\/#\/schema\/person\/63c6ad1775f0a9413c37932562673cef\",\"name\":\"btorras\",\"image\":{\"@type\":\"ImageObject\",\"inLanguage\":\"ca\",\"@id\":\"https:\/\/www.ariasassessors.com\/#\/schema\/person\/image\/\",\"url\":\"https:\/\/secure.gravatar.com\/avatar\/0531db351fc361fdbfd204c58fa2d6a3?s=96&d=mm&r=g\",\"contentUrl\":\"https:\/\/secure.gravatar.com\/avatar\/0531db351fc361fdbfd204c58fa2d6a3?s=96&d=mm&r=g\",\"caption\":\"btorras\"}}]}<\/script>\n<!-- \/ Yoast SEO plugin. -->","yoast_head_json":{"title":"A partir de l'1 d'abril ja no haur\u00e0s de traslladar els teus comunicats de baixa a l'empresa | Arias Assessors","description":"A partir de l'1 d'abril ja no haur\u00e0s de traslladar els teus comunicats de baixa a l'empresa gracies al Servei P\u00fablic de Salut o m\u00fatua","robots":{"index":"index","follow":"follow","max-snippet":"max-snippet:-1","max-image-preview":"max-image-preview:large","max-video-preview":"max-video-preview:-1"},"canonical":"https:\/\/www.ariasassessors.com\/ca\/1-dabril-ja-no-hauras-de-traslladar-els-teus-comunicats-de-baixa-a-lempresa\/","og_locale":"ca_ES","og_type":"article","og_title":"A partir de l'1 d'abril ja no haur\u00e0s de traslladar els teus comunicats de baixa a l'empresa | Arias Assessors","og_description":"A partir de l'1 d'abril ja no haur\u00e0s de traslladar els teus comunicats de baixa a l'empresa gracies al Servei P\u00fablic de Salut o m\u00fatua","og_url":"https:\/\/www.ariasassessors.com\/ca\/1-dabril-ja-no-hauras-de-traslladar-els-teus-comunicats-de-baixa-a-lempresa\/","og_site_name":"Arias Assessors","article_publisher":"https:\/\/www.facebook.com\/ariasassessors\/","article_published_time":"2023-03-28T11:03:10+00:00","og_image":[{"width":1920,"height":1202,"url":"https:\/\/www.ariasassessors.com\/wp-content\/uploads\/2023\/03\/Arias_Blog_IMAGEN_DESTACADA-11-1-1.png","type":"image\/png"}],"author":"btorras","twitter_card":"summary_large_image","twitter_creator":"@ariasassessors","twitter_site":"@ariasassessors","twitter_misc":{"Escrit per":"btorras","Temps estimat de lectura":"3 minuts"},"schema":{"@context":"https:\/\/schema.org","@graph":[{"@type":"Article","@id":"https:\/\/www.ariasassessors.com\/ca\/1-dabril-ja-no-hauras-de-traslladar-els-teus-comunicats-de-baixa-a-lempresa\/#article","isPartOf":{"@id":"https:\/\/www.ariasassessors.com\/ca\/1-dabril-ja-no-hauras-de-traslladar-els-teus-comunicats-de-baixa-a-lempresa\/"},"author":{"name":"btorras","@id":"https:\/\/www.ariasassessors.com\/#\/schema\/person\/63c6ad1775f0a9413c37932562673cef"},"headline":"A partir de l&#8217;1 d&#8217;abril ja no haur\u00e0s de traslladar els teus comunicats de baixa a l&#8217;empresa","datePublished":"2023-03-28T11:03:10+00:00","dateModified":"2023-03-28T11:03:10+00:00","mainEntityOfPage":{"@id":"https:\/\/www.ariasassessors.com\/ca\/1-dabril-ja-no-hauras-de-traslladar-els-teus-comunicats-de-baixa-a-lempresa\/"},"wordCount":644,"commentCount":0,"publisher":{"@id":"https:\/\/www.ariasassessors.com\/#organization"},"image":{"@id":"https:\/\/www.ariasassessors.com\/ca\/1-dabril-ja-no-hauras-de-traslladar-els-teus-comunicats-de-baixa-a-lempresa\/#primaryimage"},"thumbnailUrl":"https:\/\/www.ariasassessors.com\/wp-content\/uploads\/2023\/03\/Arias_Blog_IMAGEN_DESTACADA-11-1-1.png","articleSection":["noticies"],"inLanguage":"ca","potentialAction":[{"@type":"CommentAction","name":"Comment","target":["https:\/\/www.ariasassessors.com\/ca\/1-dabril-ja-no-hauras-de-traslladar-els-teus-comunicats-de-baixa-a-lempresa\/#respond"]}]},{"@type":"WebPage","@id":"https:\/\/www.ariasassessors.com\/ca\/1-dabril-ja-no-hauras-de-traslladar-els-teus-comunicats-de-baixa-a-lempresa\/","url":"https:\/\/www.ariasassessors.com\/ca\/1-dabril-ja-no-hauras-de-traslladar-els-teus-comunicats-de-baixa-a-lempresa\/","name":"A partir de l'1 d'abril ja no haur\u00e0s de traslladar els teus comunicats de baixa a l'empresa | Arias Assessors","isPartOf":{"@id":"https:\/\/www.ariasassessors.com\/#website"},"primaryImageOfPage":{"@id":"https:\/\/www.ariasassessors.com\/ca\/1-dabril-ja-no-hauras-de-traslladar-els-teus-comunicats-de-baixa-a-lempresa\/#primaryimage"},"image":{"@id":"https:\/\/www.ariasassessors.com\/ca\/1-dabril-ja-no-hauras-de-traslladar-els-teus-comunicats-de-baixa-a-lempresa\/#primaryimage"},"thumbnailUrl":"https:\/\/www.ariasassessors.com\/wp-content\/uploads\/2023\/03\/Arias_Blog_IMAGEN_DESTACADA-11-1-1.png","datePublished":"2023-03-28T11:03:10+00:00","dateModified":"2023-03-28T11:03:10+00:00","description":"A partir de l'1 d'abril ja no haur\u00e0s de traslladar els teus comunicats de baixa a l'empresa gracies al Servei P\u00fablic de Salut o m\u00fatua","breadcrumb":{"@id":"https:\/\/www.ariasassessors.com\/ca\/1-dabril-ja-no-hauras-de-traslladar-els-teus-comunicats-de-baixa-a-lempresa\/#breadcrumb"},"inLanguage":"ca","potentialAction":[{"@type":"ReadAction","target":["https:\/\/www.ariasassessors.com\/ca\/1-dabril-ja-no-hauras-de-traslladar-els-teus-comunicats-de-baixa-a-lempresa\/"]}]},{"@type":"ImageObject","inLanguage":"ca","@id":"https:\/\/www.ariasassessors.com\/ca\/1-dabril-ja-no-hauras-de-traslladar-els-teus-comunicats-de-baixa-a-lempresa\/#primaryimage","url":"https:\/\/www.ariasassessors.com\/wp-content\/uploads\/2023\/03\/Arias_Blog_IMAGEN_DESTACADA-11-1-1.png","contentUrl":"https:\/\/www.ariasassessors.com\/wp-content\/uploads\/2023\/03\/Arias_Blog_IMAGEN_DESTACADA-11-1-1.png","width":1920,"height":1202,"caption":"partes de baja"},{"@type":"BreadcrumbList","@id":"https:\/\/www.ariasassessors.com\/ca\/1-dabril-ja-no-hauras-de-traslladar-els-teus-comunicats-de-baixa-a-lempresa\/#breadcrumb","itemListElement":[{"@type":"ListItem","position":1,"name":"Portada","item":"https:\/\/www.ariasassessors.com\/ca\/"},{"@type":"ListItem","position":2,"name":"A partir de l&#8217;1 d&#8217;abril ja no haur\u00e0s de traslladar els teus comunicats de baixa a l&#8217;empresa"}]},{"@type":"WebSite","@id":"https:\/\/www.ariasassessors.com\/#website","url":"https:\/\/www.ariasassessors.com\/","name":"Arias Assessors","description":"Asesor\u00eda para aut\u00f3nomos, profesionales y PYMES","publisher":{"@id":"https:\/\/www.ariasassessors.com\/#organization"},"potentialAction":[{"@type":"SearchAction","target":{"@type":"EntryPoint","urlTemplate":"https:\/\/www.ariasassessors.com\/?s={search_term_string}"},"query-input":{"@type":"PropertyValueSpecification","valueRequired":true,"valueName":"search_term_string"}}],"inLanguage":"ca"},{"@type":"Organization","@id":"https:\/\/www.ariasassessors.com\/#organization","name":"Arias Assessors","url":"https:\/\/www.ariasassessors.com\/","logo":{"@type":"ImageObject","inLanguage":"ca","@id":"https:\/\/www.ariasassessors.com\/#\/schema\/logo\/image\/","url":"https:\/\/www.ariasassessors.com\/wp-content\/uploads\/2019\/01\/arias-logo.png","contentUrl":"https:\/\/www.ariasassessors.com\/wp-content\/uploads\/2019\/01\/arias-logo.png","width":349,"height":254,"caption":"Arias Assessors"},"image":{"@id":"https:\/\/www.ariasassessors.com\/#\/schema\/logo\/image\/"},"sameAs":["https:\/\/www.facebook.com\/ariasassessors\/","https:\/\/x.com\/ariasassessors","https:\/\/www.linkedin.com\/company\/r&amp;amp;r-growing-knowledge\/"]},{"@type":"Person","@id":"https:\/\/www.ariasassessors.com\/#\/schema\/person\/63c6ad1775f0a9413c37932562673cef","name":"btorras","image":{"@type":"ImageObject","inLanguage":"ca","@id":"https:\/\/www.ariasassessors.com\/#\/schema\/person\/image\/","url":"https:\/\/secure.gravatar.com\/avatar\/0531db351fc361fdbfd204c58fa2d6a3?s=96&d=mm&r=g","contentUrl":"https:\/\/secure.gravatar.com\/avatar\/0531db351fc361fdbfd204c58fa2d6a3?s=96&d=mm&r=g","caption":"btorras"}}]}},"_links":{"self":[{"href":"https:\/\/www.ariasassessors.com\/ca\/wp-json\/wp\/v2\/posts\/2410","targetHints":{"allow":["GET"]}}],"collection":[{"href":"https:\/\/www.ariasassessors.com\/ca\/wp-json\/wp\/v2\/posts"}],"about":[{"href":"https:\/\/www.ariasassessors.com\/ca\/wp-json\/wp\/v2\/types\/post"}],"author":[{"embeddable":true,"href":"https:\/\/www.ariasassessors.com\/ca\/wp-json\/wp\/v2\/users\/2"}],"replies":[{"embeddable":true,"href":"https:\/\/www.ariasassessors.com\/ca\/wp-json\/wp\/v2\/comments?post=2410"}],"version-history":[{"count":2,"href":"https:\/\/www.ariasassessors.com\/ca\/wp-json\/wp\/v2\/posts\/2410\/revisions"}],"predecessor-version":[{"id":2415,"href":"https:\/\/www.ariasassessors.com\/ca\/wp-json\/wp\/v2\/posts\/2410\/revisions\/2415"}],"wp:featuredmedia":[{"embeddable":true,"href":"https:\/\/www.ariasassessors.com\/ca\/wp-json\/wp\/v2\/media\/2413"}],"wp:attachment":[{"href":"https:\/\/www.ariasassessors.com\/ca\/wp-json\/wp\/v2\/media?parent=2410"}],"wp:term":[{"taxonomy":"category","embeddable":true,"href":"https:\/\/www.ariasassessors.com\/ca\/wp-json\/wp\/v2\/categories?post=2410"},{"taxonomy":"post_tag","embeddable":true,"href":"https:\/\/www.ariasassessors.com\/ca\/wp-json\/wp\/v2\/tags?post=2410"}],"curies":[{"name":"wp","href":"https:\/\/api.w.org\/{rel}","templated":true}]}}