{"id":2417,"date":"2023-03-29T15:30:57","date_gmt":"2023-03-29T13:30:57","guid":{"rendered":"https:\/\/www.ariasassessors.com\/?p=2417"},"modified":"2023-03-29T15:32:39","modified_gmt":"2023-03-29T13:32:39","slug":"la-declaracio-del-iva-no-podra-presentarse-a-paper","status":"publish","type":"post","link":"https:\/\/www.ariasassessors.com\/ca\/la-declaracio-del-iva-no-podra-presentarse-a-paper\/","title":{"rendered":"La declaraci\u00f3 d&#8217;IVA d&#8217;abril no es podr\u00e0 presentar en paper: aix\u00ed hauran de fer-la digitalment els aut\u00f2noms"},"content":{"rendered":"<div id=\"ez-toc-container\" class=\"ez-toc-v2_0_72 counter-hierarchy ez-toc-counter ez-toc-grey ez-toc-container-direction\">\n<div class=\"ez-toc-title-container\">\n<p class=\"ez-toc-title\" style=\"cursor:inherit\">\u00cdndice de Contenidos<\/p>\n<span class=\"ez-toc-title-toggle\"><a href=\"#\" class=\"ez-toc-pull-right ez-toc-btn ez-toc-btn-xs ez-toc-btn-default ez-toc-toggle\" aria-label=\"Toggle Table of Content\"><span class=\"ez-toc-js-icon-con\"><span class=\"\"><span class=\"eztoc-hide\" style=\"display:none;\">Toggle<\/span><span class=\"ez-toc-icon-toggle-span\"><svg style=\"fill: #428bca;color:#428bca\" xmlns=\"http:\/\/www.w3.org\/2000\/svg\" class=\"list-377408\" width=\"20px\" height=\"20px\" viewBox=\"0 0 24 24\" fill=\"none\"><path d=\"M6 6H4v2h2V6zm14 0H8v2h12V6zM4 11h2v2H4v-2zm16 0H8v2h12v-2zM4 16h2v2H4v-2zm16 0H8v2h12v-2z\" fill=\"currentColor\"><\/path><\/svg><svg style=\"fill: #428bca;color:#428bca\" class=\"arrow-unsorted-368013\" xmlns=\"http:\/\/www.w3.org\/2000\/svg\" width=\"10px\" height=\"10px\" viewBox=\"0 0 24 24\" version=\"1.2\" baseProfile=\"tiny\"><path d=\"M18.2 9.3l-6.2-6.3-6.2 6.3c-.2.2-.3.4-.3.7s.1.5.3.7c.2.2.4.3.7.3h11c.3 0 .5-.1.7-.3.2-.2.3-.5.3-.7s-.1-.5-.3-.7zM5.8 14.7l6.2 6.3 6.2-6.3c.2-.2.3-.5.3-.7s-.1-.5-.3-.7c-.2-.2-.4-.3-.7-.3h-11c-.3 0-.5.1-.7.3-.2.2-.3.5-.3.7s.1.5.3.7z\"\/><\/svg><\/span><\/span><\/span><\/a><\/span><\/div>\n<nav><ul class='ez-toc-list ez-toc-list-level-1 eztoc-toggle-hide-by-default' ><li class='ez-toc-page-1 ez-toc-heading-level-1'><a class=\"ez-toc-link ez-toc-heading-1\" href=\"https:\/\/www.ariasassessors.com\/ca\/la-declaracio-del-iva-no-podra-presentarse-a-paper\/#La_declaracio_dIVA_dabril_no_es_podra_presentar_en_paper_aixi_hauran_de_fer-la_digitalment_els_autonoms\" title=\"La declaraci\u00f3 d&#8217;IVA d&#8217;abril no es podr\u00e0 presentar en paper: aix\u00ed hauran de fer-la digitalment els aut\u00f2noms\">La declaraci\u00f3 d&#8217;IVA d&#8217;abril no es podr\u00e0 presentar en paper: aix\u00ed hauran de fer-la digitalment els aut\u00f2noms<\/a><ul class='ez-toc-list-level-2' ><li class='ez-toc-heading-level-2'><a class=\"ez-toc-link ez-toc-heading-2\" href=\"https:\/\/www.ariasassessors.com\/ca\/la-declaracio-del-iva-no-podra-presentarse-a-paper\/#El_primer_pas_per_a_presentar_la_declaracio_dIVA_per_internet_es_obtenir_un_certificat_digital_o_Clve\" title=\"El primer pas per a presentar la declaraci\u00f3 d&#8217;IVA per internet \u00e9s obtenir un certificat digital o Cl@ve\">El primer pas per a presentar la declaraci\u00f3 d&#8217;IVA per internet \u00e9s obtenir un certificat digital o Cl@ve<\/a><\/li><li class='ez-toc-page-1 ez-toc-heading-level-2'><a class=\"ez-toc-link ez-toc-heading-3\" href=\"https:\/\/www.ariasassessors.com\/ca\/la-declaracio-del-iva-no-podra-presentarse-a-paper\/#Presentacio_telematica_de_la_declaracio_trimestral_dIVA_pas_a_pas\" title=\"Presentaci\u00f3 telem\u00e0tica de la declaraci\u00f3 trimestral d&#8217;IVA pas a pas\">Presentaci\u00f3 telem\u00e0tica de la declaraci\u00f3 trimestral d&#8217;IVA pas a pas<\/a><ul class='ez-toc-list-level-3' ><li class='ez-toc-heading-level-3'><a class=\"ez-toc-link ez-toc-heading-4\" href=\"https:\/\/www.ariasassessors.com\/ca\/la-declaracio-del-iva-no-podra-presentarse-a-paper\/#IVA_reportat_o_IVA_recaptat_de_la_casella_1_a_la_casella_27\" title=\"IVA reportat o IVA recaptat: de la casella 1 a la casella 27\">IVA reportat o IVA recaptat: de la casella 1 a la casella 27<\/a><\/li><li class='ez-toc-page-1 ez-toc-heading-level-3'><a class=\"ez-toc-link ez-toc-heading-5\" href=\"https:\/\/www.ariasassessors.com\/ca\/la-declaracio-del-iva-no-podra-presentarse-a-paper\/#IVA_deduible_o_despeses_que_es_poden_desgravar_de_la_casella_28_a_la_casella_45\" title=\"IVA dedu\u00efble o despeses que es poden desgravar: de la casella 28 a la casella 45\">IVA dedu\u00efble o despeses que es poden desgravar: de la casella 28 a la casella 45<\/a><\/li><li class='ez-toc-page-1 ez-toc-heading-level-3'><a class=\"ez-toc-link ez-toc-heading-6\" href=\"https:\/\/www.ariasassessors.com\/ca\/la-declaracio-del-iva-no-podra-presentarse-a-paper\/#Resultat_de_la_declaracio\" title=\"Resultat de la declaraci\u00f3\">Resultat de la declaraci\u00f3<\/a><\/li><\/ul><\/li><\/ul><\/li><\/ul><\/nav><\/div>\n<h1 class=\"title\"><span class=\"ez-toc-section\" id=\"La_declaracio_dIVA_dabril_no_es_podra_presentar_en_paper_aixi_hauran_de_fer-la_digitalment_els_autonoms\"><\/span>La declaraci\u00f3 d&#8217;IVA d&#8217;abril no es podr\u00e0 presentar en paper: aix\u00ed hauran de fer-la digitalment els aut\u00f2noms<span class=\"ez-toc-section-end\"><\/span><\/h1>\n<div class=\"summary\">\n<p>La propera declaraci\u00f3 trimestral d&#8217;IVA ja no es podr\u00e0 presentar en paper. Aquests s\u00f3n els passos que han de seguir els aut\u00f2noms per a fer-ho de manera telem\u00e0tica.<\/p>\n<p>Hisenda comen\u00e7ar\u00e0 a exigir en la propera declaraci\u00f3 d&#8217;IVA d&#8217;abril que tots els aut\u00f2noms <strong>la presentin\u00a0de manera telem\u00e0tica<\/strong>. Com ja va avan\u00e7ar aquest diari, despr\u00e9s de l&#8217;aprovaci\u00f3 el passat 18 de novembre de l&#8217;Ordre\u00a0\u00a0HAP\/2194\/2013,\u00a0tots els treballadors per compte propi tindran\u00a0prohibit declarar aquest impost en paper.<\/p>\n<\/div>\n<div>\n<p>La llei, segons van confirmar fonts de l&#8217;Ag\u00e8ncia Tribut\u00e0ria a aquest diari, obliga a <strong>presentar telem\u00e0ticament<\/strong> les autoliquidacions de l&#8217;Impost sobre el Valor Afegit <strong>referents a 2023<\/strong>. Aix\u00f2 significa que, en tot just unes setmanes, de l&#8217;1 al 20 d&#8217;abril, s&#8217;obrir\u00e0 el termini de la primera liquidaci\u00f3 trimestral de la hist\u00f2ria <strong>sense possibilitat de presentaci\u00f3 a trav\u00e9s de paper<\/strong>.<\/p>\n<p>Segons van explicar fonts de l&#8217;Ag\u00e8ncia Tribut\u00e0ria, &#8220;el m\u00e9s habitual \u00e9s que l&#8217;aut\u00f2nom tingui un gestor que s&#8217;encarregui de totes les seves obligacions i que, per tant, ja tingui una Cl@ve o certificat digital per a realitzar-les en el seu nom&#8221;. No obstant aix\u00f2, encara hi ha avui dia treballadors per compte propi que realitzen enc\u00e0rrecs de manera puntual i gestionen pel seu compte totes les seves obligacions, incloses les liquidacions d&#8217;impostos.<\/p>\n<p>Si no tinguessin un gestor que declari els seus impostos per ells,\u00a0els aut\u00f2noms hauran de presentar la seva primera declaraci\u00f3 trimestral de 2023 de manera telem\u00e0tica i per a aix\u00f2,\u00a0<strong>estaran obligats a tenir\u00a0Cl@ve\u00a0o certificat digital.<\/strong><\/p>\n<h2><span class=\"ez-toc-section\" id=\"El_primer_pas_per_a_presentar_la_declaracio_dIVA_per_internet_es_obtenir_un_certificat_digital_o_Clve\"><\/span>El primer pas per a presentar la declaraci\u00f3 d&#8217;IVA per internet \u00e9s obtenir un certificat digital o Cl@ve<span class=\"ez-toc-section-end\"><\/span><\/h2>\n<p>L&#8217;autoliquidaci\u00f3 de l&#8217;IVA es realitza gaireb\u00e9 sempre de manera trimestral, per la qual cosa l&#8217;aut\u00f2nom t\u00e9 l&#8217;obligaci\u00f3 de presentar el model 303 quatre vegades a l&#8217;any (abril, juliol, octubre i gener). A partir d&#8217;aquest mes d&#8217;abril, la liquidaci\u00f3 podr\u00e0 presentar-se \u00fanicament de manera telem\u00e0tica, <strong>mitjan\u00e7ant la utilitzaci\u00f3 de certificat electr\u00f2nic o Cl@ve PIN<\/strong>.<\/p>\n<p>Per a realitzar qualsevol tipus de gesti\u00f3 per via telem\u00e0tica amb l&#8217;Administraci\u00f3,<strong> \u00e9s necessari que es produeixi una autenticaci\u00f3 de la persona que realitza el tr\u00e0mit<\/strong>. \u00c9s l&#8217;\u00fanica manera de demostrar que l&#8217;aut\u00f2nom \u00e9s qui diu que ser.<\/p>\n<ul>\n<li><strong>Obtenci\u00f3 de certificat digital per a aut\u00f2noms persona f\u00edsica<\/strong><\/li>\n<\/ul>\n<p>En el cas dels aut\u00f2noms persona f\u00edsica,\u00a0el certificat digital compta amb les dades del treballador per compte propi, que estan autenticats per un organisme oficial. Entre les\u00a0moltes gestions que pot fer un aut\u00f2nom amb el certificat digital es troba la possibilitat de<strong>\u00a0signar documents digitalment\u00a0o presentar els impostos de manera electr\u00f2nica<\/strong>\u00a0i sense necessitat de sortir de casa.<\/p>\n<p>Per a obtenir-ho tenen dues opcions: mitjan\u00e7ant Certificat programari (com a arxiu descargable) o mitjan\u00e7ant DNI Electr\u00f2nic. La m\u00e9s senzilla \u00e9s la segona. Qualsevol aut\u00f2nom amb el DNIe actualitzat i v\u00e0lid <a href=\"https:\/\/www.sede.fnmt.gob.es\/certificados\/persona-fisica\/obtener-certificado-con-dnie\">podr\u00e0 obtenir el certificat<\/a> <strong>sense haver de despla\u00e7ar-se en cap moment a una Oficina d&#8217;Acreditaci\u00f3,<\/strong> a trav\u00e9s dels seg\u00fcents passos:<\/p>\n<p>-Tenir l&#8217;equip inform\u00e0tic preparat: abans de comen\u00e7ar amb el proc\u00e9s cal tenir instal\u00b7lat en l&#8217;ordinador\u00a0<strong>el programari criptogr\u00e0fic\u00a0DNIe<\/strong>\u00a0i els certificats arrels del\u00a0DNIe. Sempre tenint en compte que tot el proc\u00e9s ha de realitzar-se des del mateix ordinador, el mateix navegador (Internet Explorer o\u00a0Mozilla)\u00a0i utilitzant sempre el mateix usuari; i no formatar l&#8217;ordinador durant tot el proc\u00e9s.<\/p>\n<p>-Sol\u00b7licitar el certificat: amb el\u00a0DNIe\u00a0es podr\u00e0 realitzar\u00a0la <strong>sol\u00b7licitud del Certificat de Persona F\u00edsica<\/strong>. En finalitzar enviaran un codi, que ser\u00e0 necessari per a poder descarregar el document.<\/p>\n<p>-Descarregar el certificat: una hora despr\u00e9s d&#8217;haver realitzat el proc\u00e9s anterior, arribar\u00e0 un correu des del qual s&#8217;informar\u00e0 que ja es pot\u00a0<strong>descarregar el certificat.<\/strong><\/p>\n<ul>\n<li><strong>Obtenci\u00f3 de cl@ve per a aut\u00f2noms persona f\u00edsica<\/strong><\/li>\n<\/ul>\n<p>Tamb\u00e9 existeix la possibilitat d&#8217;identificar-se amb Cl@ve permanent. Per a l&#8217;activaci\u00f3 d&#8217;aquesta eina, el treballador per compte propi ha d&#8217;<strong>accedir al servei d&#8217;activaci\u00f3 de l&#8217;Ag\u00e8ncia Tribut\u00e0ria<\/strong> on se li demanar\u00e0 que introdueixi el seu usuari (DNI o NIE), <strong>adre\u00e7a de correu electr\u00f2nic<\/strong> (com a dada addicional de contrast) i el <strong>codi d&#8217;activaci\u00f3<\/strong> que li van enviar a aquesta adre\u00e7a mail.<\/p>\n<p>Si les dades s\u00f3n correctes, el sistema <strong>enviar\u00e0 un SMS al tel\u00e8fon m\u00f2bil<\/strong> de l&#8217;aut\u00f2nom amb un codi num\u00e8ric <strong>d&#8217;un sol \u00fas<\/strong> (One Time Password, OTP) que haur\u00e0 de teclejar en el camp del formulari corresponent. Si \u00e9s correcte, el sistema <strong>li permetr\u00e0 establir la contrasenya que ell desitja<\/strong>, sempre que compleixi amb unes caracter\u00edstiques m\u00ednimes de seguretat. Aquesta contrasenya ser\u00e0 la que haur\u00e0 d&#8217;utilitzar d&#8217;ara endavant cada vegada que un servei d&#8217;administraci\u00f3 electr\u00f2nica te la sol\u00b7liciti. Si, per contra, introdueix err\u00f2niament el codi d&#8217;activaci\u00f3 m\u00e9s de 5 vegades, el sistema l&#8217;informar\u00e0 i tot seguit bloquejar\u00e0 el codi d&#8217;activaci\u00f3. En aquest cas ser\u00e0 necessari generar un nou codi d&#8217;activaci\u00f3, per a aix\u00f2 haur\u00e0 de registrar-se de nou en Cl@ve.<\/p>\n<p>Per a registrar-te al sistema Cl@ve Permanent accedeix al seg\u00fcent enlla\u00e7: <a href=\"https:\/\/clave.gob.es\/clave_Home\/Clave-Permanente.html\">https:\/\/clave.gob.es\/clave_Home\/Clave-Permanente.html<\/a><\/p>\n<h2><span class=\"ez-toc-section\" id=\"Presentacio_telematica_de_la_declaracio_trimestral_dIVA_pas_a_pas\"><\/span>Presentaci\u00f3 telem\u00e0tica de la declaraci\u00f3 trimestral d&#8217;IVA pas a pas<span class=\"ez-toc-section-end\"><\/span><\/h2>\n<p>En cas que l&#8217;aut\u00f2nom no compti amb un gestor o assessor que completi per ell la seva declaraci\u00f3 d&#8217;IVA, si ja t\u00e9 manera d&#8217;acreditar-se, el segon que haur\u00e0 de fer ser\u00e0 accedir al <a href=\"https:\/\/sede.agenciatributaria.gob.es\/Sede\/procedimientoini\/G414.shtml\">formulari del model 303<\/a> a trav\u00e9s de la seu electr\u00f2nica de la AEAT, per al que es requereix identificaci\u00f3 amb certificat o DNI electr\u00f2nic, o b\u00e9 mitjan\u00e7ant el sistema Cl@ve PIN.<\/p>\n<p>Per a facilitar la presentaci\u00f3 de l&#8217;autoliquidaci\u00f3 de l&#8217;IVA, l&#8217;any 2020\u00a0<strong>es va instaurar l&#8217;esborrany de l&#8217;IVA, anomenat\u00a0Pre303<\/strong>. Amb aquest esborrany, moltes\u00a0de les caselles que l&#8217;aut\u00f2nom haur\u00e0 de completar ja estan assignades-especialment les dades identificatives-, de manera que en alguns casos requereix \u00fanicament una revisi\u00f3. En cas que sigui necessari, permet que els imports siguin modificats.<\/p>\n<p>Una vegada dins,\u00a0 l&#8217;aut\u00f2nom haur\u00e0 d&#8217;identificar-se, i emplenar les dades requerides en la finestra inicial:\u00a0<strong>NIF, Cognoms i nom o ra\u00f3 social i seleccionar l&#8217;exercici i per\u00edode<\/strong>. En aquest cas, el primer trimestre de 2023.\u00a0Despr\u00e9s, cal pr\u00e9mer a &#8220;Enviar&#8221;.<\/p>\n<p><a href=\"https:\/\/sede.agenciatributaria.gob.es\/static_files\/AEAT\/DIT\/A3C\/Categorias\/Presentacion_declaraciones\/IVA_mensuales_trimestrales\/Modelo_303\/Presentacion_elec_303\/IMG_presentacion_formulario_web\/M303_2021_01.png\" data-lightbox=\"images-undefined\"><img decoding=\"async\" class=\" lazyloaded\" src=\"https:\/\/sede.agenciatributaria.gob.es\/static_files\/AEAT\/DIT\/A3C\/Categorias\/Presentacion_declaraciones\/IVA_mensuales_trimestrales\/Modelo_303\/Presentacion_elec_303\/IMG_presentacion_formulario_web\/M303_2021_01.png\" alt=\"Ventana inicial\" data-src=\"https:\/\/sede.agenciatributaria.gob.es\/static_files\/AEAT\/DIT\/A3C\/Categorias\/Presentacion_declaraciones\/IVA_mensuales_trimestrales\/Modelo_303\/Presentacion_elec_303\/IMG_presentacion_formulario_web\/M303_2021_01.png\" \/><\/a><\/p>\n<p>Despr\u00e9s d&#8217;aix\u00f2, l&#8217;aut\u00f2nom accedir\u00e0\u00a0 a la\u00a0&#8220;Finestra Censal\u00a0IVA&#8221;, en la qual es mostra la informaci\u00f3 vigent en el per\u00edode de meritaci\u00f3 sobre l&#8217;IVA\u00a0\u00a0i l&#8217;IRPF.\u00a0 En la part superior, es troben les opcions disponibles: &#8220;Consulta i\/o modifica Les meves Dades Censals IVA&#8221;\u00a0i &#8220;Continuar amb la presentaci\u00f3 del model 303&#8221;.\u00a0<strong>Aquestes caselles solen estar ja completades per defecte.<\/strong><\/p>\n<p><a href=\"https:\/\/sede.agenciatributaria.gob.es\/static_files\/AEAT\/DIT\/A3C\/Categorias\/Presentacion_declaraciones\/IVA_mensuales_trimestrales\/Modelo_303\/Presentacion_elec_303\/IMG_presentacion_formulario_web\/ventana_censal1.png\" data-lightbox=\"images-undefined\"><img decoding=\"async\" class=\" lazyloaded\" src=\"https:\/\/sede.agenciatributaria.gob.es\/static_files\/AEAT\/DIT\/A3C\/Categorias\/Presentacion_declaraciones\/IVA_mensuales_trimestrales\/Modelo_303\/Presentacion_elec_303\/IMG_presentacion_formulario_web\/ventana_censal1.png\" alt=\"Ventana censal IVA\" data-src=\"https:\/\/sede.agenciatributaria.gob.es\/static_files\/AEAT\/DIT\/A3C\/Categorias\/Presentacion_declaraciones\/IVA_mensuales_trimestrales\/Modelo_303\/Presentacion_elec_303\/IMG_presentacion_formulario_web\/ventana_censal1.png\" \/><\/a><\/p>\n<p>Despr\u00e9s d&#8217;aix\u00f2, la part econ\u00f2mica del <strong>model\u00a0 303 s&#8217;organitza en tres fases diferents<\/strong>: l&#8217;IVA que s&#8217;ha recaptat, l&#8217;IVA que s&#8217;ha pagat i que es pot deduir, i el resultat final de la declaraci\u00f3.<\/p>\n<ul>\n<li>\n<h3 id=\"fase-1-iva-devengado-o-iva-recaudado-de-la-casilla-1-a-la-casilla-27\"><span class=\"ez-toc-section\" id=\"IVA_reportat_o_IVA_recaptat_de_la_casella_1_a_la_casella_27\"><\/span>IVA reportat o IVA recaptat: de la casella 1 a la casella 27<span class=\"ez-toc-section-end\"><\/span><\/h3>\n<\/li>\n<\/ul>\n<p>El contribuent\u00a0<strong>haur\u00e0 d&#8217;especificar l&#8217;import dels ingressos subjectes a IVA que ha recaptat<\/strong>\u00a0al llarg del trimestre i el tipus al qual estan subjectes:\u00a0superreducido\u00a0(4%), redu\u00eft (10%) i general (21%). Aix\u00f2 es far\u00e0\u00a0<strong>completant les caselles de la 1 a la 9<\/strong>. En les caselles 01, 04 i 07 s&#8217;introdueix l&#8217;import total dels ingressos subjectes a IVA al llarg del trimestre, mentre que en les caselles 02, 05 i 08 s&#8217;especificaran els tipus aplicables als quals estiguin subjectes els ingressos (diferenciant entre el 4%, el 10% i el 21%.<\/p>\n<p>Aquells aut\u00f2noms que hagin realitzat\u00a0<strong>operacions intracomunit\u00e0ries o un altre tipus d&#8217;operacions diferents<\/strong>\u00a0a la resta hauran d&#8217;introduir els imports corresponents entre les caselles 10 i 15. En cas que s&#8217;hagi facturat a comer\u00e7os que es trobin en el R\u00e8gim Especial de Rec\u00e0rrec d&#8217;Equival\u00e8ncia, s&#8217;hauran de declarar els imports entre les caselles 16 i 26. En l&#8217;\u00faltima casella d&#8217;aquesta fase, la n\u00famero 27, \u00e9s en la qual\u00a0<strong>haur\u00e0 de sumar-se el total de les quotes reportades<\/strong>, donant com a resultat l&#8217;import recaptat per l&#8217;aut\u00f2nom al llarg dels tres mesos.<\/p>\n<ul>\n<li>\n<h3 id=\"fase-2-iva-deducible-o-gastos-que-se-pueden-desgravar-de-la-casilla-28-a-la-casilla-45\"><span class=\"ez-toc-section\" id=\"IVA_deduible_o_despeses_que_es_poden_desgravar_de_la_casella_28_a_la_casella_45\"><\/span>IVA dedu\u00efble o despeses que es poden desgravar: de la casella 28 a la casella 45<span class=\"ez-toc-section-end\"><\/span><\/h3>\n<\/li>\n<\/ul>\n<p>En aquesta segona fase, l&#8217;aut\u00f2nom haur\u00e0 de reflectir els imports i quotes de les despeses dedu\u00efbles. \u00c9s a dir,\u00a0l<strong>&#8216;IVA que hagi pagat als seus prove\u00efdors per b\u00e9ns i serveis<\/strong>\u00a0i que puguin deduir-se en la seva declaraci\u00f3.<\/p>\n<p>En concret, les dades hauran d&#8217;introduir-se entre les caselles 28 i 39, fent constar les bases imposables i l&#8217;import de les quotes suportades dedu\u00efbles, distingint entre operacions corrents o operacions amb b\u00e9ns d&#8217;inversi\u00f3. La resta de les caselles d&#8217;aquesta fase serveixen perqu\u00e8\u00a0l&#8217;<strong>aut\u00f2nom pugui fer constar algun tipus de rectificaci\u00f3 o regularitzaci\u00f3 d&#8217;autoliquidacions anteriors.<\/strong> En l&#8217;\u00faltima casella, la n\u00famero 45, es posar\u00e0 el total a desgravar, \u00e9s a dir, la suma de totes les caselles anteriors.<\/p>\n<ul>\n<li>\n<h3 id=\"fase-3-resultado-de-la-declaracion\"><span class=\"ez-toc-section\" id=\"Resultat_de_la_declaracio\"><\/span>Resultat de la declaraci\u00f3<span class=\"ez-toc-section-end\"><\/span><\/h3>\n<\/li>\n<\/ul>\n<p>Una vegada s&#8217;hagin emplenat les caselles corresponents a l&#8217;IVA reportat i a l&#8217;IVA dedu\u00efble,\u00a0l&#8217;<strong>aut\u00f2nom haur\u00e0 de calcular el resultat total de la liquidaci\u00f3<\/strong>. Per a aix\u00f2, bastar\u00e0 amb restar la casella 45 a la casella 27. Aquesta dada haur\u00e0 d&#8217;introduir-se en la casella 46, que correspon al resultat final de l&#8217;autoliquidaci\u00f3 i que<strong>\u00a0reflectir\u00e0 la quantitat final que l&#8217;aut\u00f2nom haur\u00e0 d&#8217;ingressar a Hisenda.\u00a0<\/strong><\/p>\n<p>Una vegada completada la declaraci\u00f3, cal pr\u00e9mer a &#8220;Guardar&#8221;, per a emmagatzemar les dades de la declaraci\u00f3 en els servidors de la AEAT. Si ja existeix una declaraci\u00f3 guardada anteriorment se sobreescriur\u00e0.<\/p>\n<p><a href=\"https:\/\/sede.agenciatributaria.gob.es\/static_files\/AEAT\/DIT\/A3C\/Categorias\/Presentacion_declaraciones\/IVA_mensuales_trimestrales\/Modelo_303\/Presentacion_elec_303\/IMG_presentacion_formulario_web\/M303_2021_12.png\" data-lightbox=\"images-undefined\"><img decoding=\"async\" class=\" lazyloaded\" src=\"https:\/\/sede.agenciatributaria.gob.es\/static_files\/AEAT\/DIT\/A3C\/Categorias\/Presentacion_declaraciones\/IVA_mensuales_trimestrales\/Modelo_303\/Presentacion_elec_303\/IMG_presentacion_formulario_web\/M303_2021_12.png\" alt=\"Bot\u00f3n Guardar\" data-src=\"https:\/\/sede.agenciatributaria.gob.es\/static_files\/AEAT\/DIT\/A3C\/Categorias\/Presentacion_declaraciones\/IVA_mensuales_trimestrales\/Modelo_303\/Presentacion_elec_303\/IMG_presentacion_formulario_web\/M303_2021_12.png\" \/><\/a><\/p>\n<p>Despr\u00e9s d&#8217;aix\u00f2, cal pr\u00e9mer a &#8220;<strong>Presentar declaraci\u00f3&#8221;, per a procedir a l&#8217;enviament de la declaraci\u00f3.<\/strong><\/p>\n<\/div>\n<p>Si no existeixen errors, es pot realitzar la presentaci\u00f3 de la declaraci\u00f3.<strong>\u00a0Si el resultat \u00e9s a ingressar i no es domicilia l&#8217;ingr\u00e9s, s&#8217;haur\u00e0 d&#8217;obtenir primer el\u00a0NRC<\/strong>\u00a0i despr\u00e9s presentar l&#8217;autoliquidaci\u00f3. El\u00a0NRC\u00a0\u00e9s el N\u00famero de refer\u00e8ncia Complet, un codi de 22 car\u00e0cters que faciliten les entitats banc\u00e0ries i que serveix com a justificant del pagament. Des del propi formulari es pot connectar amb la passarel\u00b7la de pagament per a generar autom\u00e0ticament un\u00a0NRC\u00a0amb les dades que cont\u00e9 la declaraci\u00f3. Des de l&#8217;enlla\u00e7 &#8220;Realitzar pagament (obtenir\u00a0NRC)&#8221;\u00a0s&#8217;enlla\u00e7a amb la passarel\u00b7la de pagaments per a generar el pagament amb les dades que s&#8217;han consignat en el formulari.<\/p>\n<p>Una vegada introdu\u00eft el\u00a0NRC\u00a0en el camp &#8220;N\u00famero de refer\u00e8ncia\u00a0NRC&#8221;, fes clic a &#8220;Signar i Enviar&#8221;.<\/p>\n<p>El model 303 t\u00e9 integrada tamb\u00e9 l&#8217;opci\u00f3 de pagament per transfer\u00e8ncia des d&#8217;un compte bancari d&#8217;una\u00a0<strong>Entitat Banc\u00e0ria no col\u00b7laboradora<\/strong>,\u00a0triant en el desplegable &#8220;Seleccioni el tipus de Declaraci\u00f3&#8221;, &#8220;Reconeixement de deute i pagament per transfer\u00e8ncia&#8221;.<\/p>\n<p>Not\u00edcia extreta:\u00a0<a href=\"https:\/\/www.autonomosyemprendedor.es\/articulo\/actualidad\/autonomos-podran-presentar-proxima-declaracion-iva-papel-asi-hace-digitalmente\/20230328160039029823.html\">https:\/\/www.autonomosyemprendedor.es\/<\/a><\/p>\n<article id=\"post-2393\" class=\"post-2393 post type-post status-publish format-standard has-post-thumbnail hentry category-noticies\">\n<div class=\"post_content_holder\">\n<div class=\"post_text\">\n<div class=\"post_text_inner\">\n<p>M\u00e9s not\u00edcies en\u00a0<a href=\"https:\/\/www.ariasassessors.com\/actualidad\/\">l\u2019actualitat d\u2019Arias Assessors<\/a><\/p>\n<\/div>\n<\/div>\n<\/div>\n<\/article>\n","protected":false},"excerpt":{"rendered":"<p>La declaraci\u00f3 d&#8217;IVA d&#8217;abril no es podr\u00e0 presentar en paper: aix\u00ed hauran de fer-la digitalment els aut\u00f2noms La propera declaraci\u00f3 trimestral d&#8217;IVA ja no es podr\u00e0 presentar en paper. Aquests s\u00f3n els passos que han de seguir els aut\u00f2noms per a fer-ho de manera telem\u00e0tica&#8230;.<\/p>\n","protected":false},"author":2,"featured_media":2420,"comment_status":"open","ping_status":"open","sticky":false,"template":"","format":"standard","meta":{"footnotes":""},"categories":[4],"tags":[],"class_list":["post-2417","post","type-post","status-publish","format-standard","has-post-thumbnail","hentry","category-noticies"],"yoast_head":"<!-- This site is optimized with the Yoast SEO plugin v24.3 - https:\/\/yoast.com\/wordpress\/plugins\/seo\/ -->\n<title>La declaraci\u00f3 d&#039;IVA d&#039;abril no es podr\u00e0 presentar en paper: aix\u00ed hauran de fer-la digitalment els aut\u00f2noms | Arias Assessors<\/title>\n<meta name=\"description\" content=\"La propera declaraci\u00f3 d&#039;IVA ja no es podr\u00e0 presentar en paper. Ara caldr\u00e0 seguir altres passos de manera telem\u00e0tica.\" \/>\n<meta name=\"robots\" content=\"index, follow, max-snippet:-1, max-image-preview:large, max-video-preview:-1\" \/>\n<link rel=\"canonical\" href=\"https:\/\/www.ariasassessors.com\/ca\/la-declaracio-del-iva-no-podra-presentarse-a-paper\/\" \/>\n<meta property=\"og:locale\" content=\"ca_ES\" \/>\n<meta property=\"og:type\" content=\"article\" \/>\n<meta property=\"og:title\" content=\"La declaraci\u00f3 d&#039;IVA d&#039;abril no es podr\u00e0 presentar en paper: aix\u00ed hauran de fer-la digitalment els aut\u00f2noms | Arias Assessors\" \/>\n<meta property=\"og:description\" content=\"La propera declaraci\u00f3 d&#039;IVA ja no es podr\u00e0 presentar en paper. Ara caldr\u00e0 seguir altres passos de manera telem\u00e0tica.\" \/>\n<meta property=\"og:url\" content=\"https:\/\/www.ariasassessors.com\/ca\/la-declaracio-del-iva-no-podra-presentarse-a-paper\/\" \/>\n<meta property=\"og:site_name\" content=\"Arias Assessors\" \/>\n<meta property=\"article:publisher\" content=\"https:\/\/www.facebook.com\/ariasassessors\/\" \/>\n<meta property=\"article:published_time\" content=\"2023-03-29T13:30:57+00:00\" \/>\n<meta property=\"article:modified_time\" content=\"2023-03-29T13:32:39+00:00\" \/>\n<meta property=\"og:image\" content=\"https:\/\/www.ariasassessors.com\/wp-content\/uploads\/2023\/03\/Arias_Blog_IMAGEN_DESTACADA-12-1-1.png\" \/>\n\t<meta property=\"og:image:width\" content=\"1920\" \/>\n\t<meta property=\"og:image:height\" content=\"1202\" \/>\n\t<meta property=\"og:image:type\" content=\"image\/png\" \/>\n<meta name=\"author\" content=\"btorras\" \/>\n<meta name=\"twitter:card\" content=\"summary_large_image\" \/>\n<meta name=\"twitter:creator\" content=\"@ariasassessors\" \/>\n<meta name=\"twitter:site\" content=\"@ariasassessors\" \/>\n<meta name=\"twitter:label1\" content=\"Escrit per\" \/>\n\t<meta name=\"twitter:data1\" content=\"btorras\" \/>\n\t<meta name=\"twitter:label2\" content=\"Temps estimat de lectura\" \/>\n\t<meta name=\"twitter:data2\" content=\"9 minuts\" \/>\n<script type=\"application\/ld+json\" class=\"yoast-schema-graph\">{\"@context\":\"https:\/\/schema.org\",\"@graph\":[{\"@type\":\"Article\",\"@id\":\"https:\/\/www.ariasassessors.com\/ca\/la-declaracio-del-iva-no-podra-presentarse-a-paper\/#article\",\"isPartOf\":{\"@id\":\"https:\/\/www.ariasassessors.com\/ca\/la-declaracio-del-iva-no-podra-presentarse-a-paper\/\"},\"author\":{\"name\":\"btorras\",\"@id\":\"https:\/\/www.ariasassessors.com\/#\/schema\/person\/63c6ad1775f0a9413c37932562673cef\"},\"headline\":\"La declaraci\u00f3 d&#8217;IVA d&#8217;abril no es podr\u00e0 presentar en paper: aix\u00ed hauran de fer-la digitalment els aut\u00f2noms\",\"datePublished\":\"2023-03-29T13:30:57+00:00\",\"dateModified\":\"2023-03-29T13:32:39+00:00\",\"mainEntityOfPage\":{\"@id\":\"https:\/\/www.ariasassessors.com\/ca\/la-declaracio-del-iva-no-podra-presentarse-a-paper\/\"},\"wordCount\":1818,\"commentCount\":0,\"publisher\":{\"@id\":\"https:\/\/www.ariasassessors.com\/#organization\"},\"image\":{\"@id\":\"https:\/\/www.ariasassessors.com\/ca\/la-declaracio-del-iva-no-podra-presentarse-a-paper\/#primaryimage\"},\"thumbnailUrl\":\"https:\/\/www.ariasassessors.com\/wp-content\/uploads\/2023\/03\/Arias_Blog_IMAGEN_DESTACADA-12-1-1.png\",\"articleSection\":[\"noticies\"],\"inLanguage\":\"ca\",\"potentialAction\":[{\"@type\":\"CommentAction\",\"name\":\"Comment\",\"target\":[\"https:\/\/www.ariasassessors.com\/ca\/la-declaracio-del-iva-no-podra-presentarse-a-paper\/#respond\"]}]},{\"@type\":\"WebPage\",\"@id\":\"https:\/\/www.ariasassessors.com\/ca\/la-declaracio-del-iva-no-podra-presentarse-a-paper\/\",\"url\":\"https:\/\/www.ariasassessors.com\/ca\/la-declaracio-del-iva-no-podra-presentarse-a-paper\/\",\"name\":\"La declaraci\u00f3 d'IVA d'abril no es podr\u00e0 presentar en paper: aix\u00ed hauran de fer-la digitalment els aut\u00f2noms | Arias Assessors\",\"isPartOf\":{\"@id\":\"https:\/\/www.ariasassessors.com\/#website\"},\"primaryImageOfPage\":{\"@id\":\"https:\/\/www.ariasassessors.com\/ca\/la-declaracio-del-iva-no-podra-presentarse-a-paper\/#primaryimage\"},\"image\":{\"@id\":\"https:\/\/www.ariasassessors.com\/ca\/la-declaracio-del-iva-no-podra-presentarse-a-paper\/#primaryimage\"},\"thumbnailUrl\":\"https:\/\/www.ariasassessors.com\/wp-content\/uploads\/2023\/03\/Arias_Blog_IMAGEN_DESTACADA-12-1-1.png\",\"datePublished\":\"2023-03-29T13:30:57+00:00\",\"dateModified\":\"2023-03-29T13:32:39+00:00\",\"description\":\"La propera declaraci\u00f3 d'IVA ja no es podr\u00e0 presentar en paper. Ara caldr\u00e0 seguir altres passos de manera telem\u00e0tica.\",\"breadcrumb\":{\"@id\":\"https:\/\/www.ariasassessors.com\/ca\/la-declaracio-del-iva-no-podra-presentarse-a-paper\/#breadcrumb\"},\"inLanguage\":\"ca\",\"potentialAction\":[{\"@type\":\"ReadAction\",\"target\":[\"https:\/\/www.ariasassessors.com\/ca\/la-declaracio-del-iva-no-podra-presentarse-a-paper\/\"]}]},{\"@type\":\"ImageObject\",\"inLanguage\":\"ca\",\"@id\":\"https:\/\/www.ariasassessors.com\/ca\/la-declaracio-del-iva-no-podra-presentarse-a-paper\/#primaryimage\",\"url\":\"https:\/\/www.ariasassessors.com\/wp-content\/uploads\/2023\/03\/Arias_Blog_IMAGEN_DESTACADA-12-1-1.png\",\"contentUrl\":\"https:\/\/www.ariasassessors.com\/wp-content\/uploads\/2023\/03\/Arias_Blog_IMAGEN_DESTACADA-12-1-1.png\",\"width\":1920,\"height\":1202,\"caption\":\"declaraci\u00f3n del iva\"},{\"@type\":\"BreadcrumbList\",\"@id\":\"https:\/\/www.ariasassessors.com\/ca\/la-declaracio-del-iva-no-podra-presentarse-a-paper\/#breadcrumb\",\"itemListElement\":[{\"@type\":\"ListItem\",\"position\":1,\"name\":\"Portada\",\"item\":\"https:\/\/www.ariasassessors.com\/ca\/\"},{\"@type\":\"ListItem\",\"position\":2,\"name\":\"La declaraci\u00f3 d&#8217;IVA d&#8217;abril no es podr\u00e0 presentar en paper: aix\u00ed hauran de fer-la digitalment els aut\u00f2noms\"}]},{\"@type\":\"WebSite\",\"@id\":\"https:\/\/www.ariasassessors.com\/#website\",\"url\":\"https:\/\/www.ariasassessors.com\/\",\"name\":\"Arias Assessors\",\"description\":\"Asesor\u00eda para aut\u00f3nomos, profesionales y PYMES\",\"publisher\":{\"@id\":\"https:\/\/www.ariasassessors.com\/#organization\"},\"potentialAction\":[{\"@type\":\"SearchAction\",\"target\":{\"@type\":\"EntryPoint\",\"urlTemplate\":\"https:\/\/www.ariasassessors.com\/?s={search_term_string}\"},\"query-input\":{\"@type\":\"PropertyValueSpecification\",\"valueRequired\":true,\"valueName\":\"search_term_string\"}}],\"inLanguage\":\"ca\"},{\"@type\":\"Organization\",\"@id\":\"https:\/\/www.ariasassessors.com\/#organization\",\"name\":\"Arias Assessors\",\"url\":\"https:\/\/www.ariasassessors.com\/\",\"logo\":{\"@type\":\"ImageObject\",\"inLanguage\":\"ca\",\"@id\":\"https:\/\/www.ariasassessors.com\/#\/schema\/logo\/image\/\",\"url\":\"https:\/\/www.ariasassessors.com\/wp-content\/uploads\/2019\/01\/arias-logo.png\",\"contentUrl\":\"https:\/\/www.ariasassessors.com\/wp-content\/uploads\/2019\/01\/arias-logo.png\",\"width\":349,\"height\":254,\"caption\":\"Arias Assessors\"},\"image\":{\"@id\":\"https:\/\/www.ariasassessors.com\/#\/schema\/logo\/image\/\"},\"sameAs\":[\"https:\/\/www.facebook.com\/ariasassessors\/\",\"https:\/\/x.com\/ariasassessors\",\"https:\/\/www.linkedin.com\/company\/r&amp;amp;r-growing-knowledge\/\"]},{\"@type\":\"Person\",\"@id\":\"https:\/\/www.ariasassessors.com\/#\/schema\/person\/63c6ad1775f0a9413c37932562673cef\",\"name\":\"btorras\",\"image\":{\"@type\":\"ImageObject\",\"inLanguage\":\"ca\",\"@id\":\"https:\/\/www.ariasassessors.com\/#\/schema\/person\/image\/\",\"url\":\"https:\/\/secure.gravatar.com\/avatar\/0531db351fc361fdbfd204c58fa2d6a3?s=96&d=mm&r=g\",\"contentUrl\":\"https:\/\/secure.gravatar.com\/avatar\/0531db351fc361fdbfd204c58fa2d6a3?s=96&d=mm&r=g\",\"caption\":\"btorras\"}}]}<\/script>\n<!-- \/ Yoast SEO plugin. -->","yoast_head_json":{"title":"La declaraci\u00f3 d'IVA d'abril no es podr\u00e0 presentar en paper: aix\u00ed hauran de fer-la digitalment els aut\u00f2noms | Arias Assessors","description":"La propera declaraci\u00f3 d'IVA ja no es podr\u00e0 presentar en paper. Ara caldr\u00e0 seguir altres passos de manera telem\u00e0tica.","robots":{"index":"index","follow":"follow","max-snippet":"max-snippet:-1","max-image-preview":"max-image-preview:large","max-video-preview":"max-video-preview:-1"},"canonical":"https:\/\/www.ariasassessors.com\/ca\/la-declaracio-del-iva-no-podra-presentarse-a-paper\/","og_locale":"ca_ES","og_type":"article","og_title":"La declaraci\u00f3 d'IVA d'abril no es podr\u00e0 presentar en paper: aix\u00ed hauran de fer-la digitalment els aut\u00f2noms | Arias Assessors","og_description":"La propera declaraci\u00f3 d'IVA ja no es podr\u00e0 presentar en paper. Ara caldr\u00e0 seguir altres passos de manera telem\u00e0tica.","og_url":"https:\/\/www.ariasassessors.com\/ca\/la-declaracio-del-iva-no-podra-presentarse-a-paper\/","og_site_name":"Arias Assessors","article_publisher":"https:\/\/www.facebook.com\/ariasassessors\/","article_published_time":"2023-03-29T13:30:57+00:00","article_modified_time":"2023-03-29T13:32:39+00:00","og_image":[{"width":1920,"height":1202,"url":"https:\/\/www.ariasassessors.com\/wp-content\/uploads\/2023\/03\/Arias_Blog_IMAGEN_DESTACADA-12-1-1.png","type":"image\/png"}],"author":"btorras","twitter_card":"summary_large_image","twitter_creator":"@ariasassessors","twitter_site":"@ariasassessors","twitter_misc":{"Escrit per":"btorras","Temps estimat de lectura":"9 minuts"},"schema":{"@context":"https:\/\/schema.org","@graph":[{"@type":"Article","@id":"https:\/\/www.ariasassessors.com\/ca\/la-declaracio-del-iva-no-podra-presentarse-a-paper\/#article","isPartOf":{"@id":"https:\/\/www.ariasassessors.com\/ca\/la-declaracio-del-iva-no-podra-presentarse-a-paper\/"},"author":{"name":"btorras","@id":"https:\/\/www.ariasassessors.com\/#\/schema\/person\/63c6ad1775f0a9413c37932562673cef"},"headline":"La declaraci\u00f3 d&#8217;IVA d&#8217;abril no es podr\u00e0 presentar en paper: aix\u00ed hauran de fer-la digitalment els aut\u00f2noms","datePublished":"2023-03-29T13:30:57+00:00","dateModified":"2023-03-29T13:32:39+00:00","mainEntityOfPage":{"@id":"https:\/\/www.ariasassessors.com\/ca\/la-declaracio-del-iva-no-podra-presentarse-a-paper\/"},"wordCount":1818,"commentCount":0,"publisher":{"@id":"https:\/\/www.ariasassessors.com\/#organization"},"image":{"@id":"https:\/\/www.ariasassessors.com\/ca\/la-declaracio-del-iva-no-podra-presentarse-a-paper\/#primaryimage"},"thumbnailUrl":"https:\/\/www.ariasassessors.com\/wp-content\/uploads\/2023\/03\/Arias_Blog_IMAGEN_DESTACADA-12-1-1.png","articleSection":["noticies"],"inLanguage":"ca","potentialAction":[{"@type":"CommentAction","name":"Comment","target":["https:\/\/www.ariasassessors.com\/ca\/la-declaracio-del-iva-no-podra-presentarse-a-paper\/#respond"]}]},{"@type":"WebPage","@id":"https:\/\/www.ariasassessors.com\/ca\/la-declaracio-del-iva-no-podra-presentarse-a-paper\/","url":"https:\/\/www.ariasassessors.com\/ca\/la-declaracio-del-iva-no-podra-presentarse-a-paper\/","name":"La declaraci\u00f3 d'IVA d'abril no es podr\u00e0 presentar en paper: aix\u00ed hauran de fer-la digitalment els aut\u00f2noms | Arias Assessors","isPartOf":{"@id":"https:\/\/www.ariasassessors.com\/#website"},"primaryImageOfPage":{"@id":"https:\/\/www.ariasassessors.com\/ca\/la-declaracio-del-iva-no-podra-presentarse-a-paper\/#primaryimage"},"image":{"@id":"https:\/\/www.ariasassessors.com\/ca\/la-declaracio-del-iva-no-podra-presentarse-a-paper\/#primaryimage"},"thumbnailUrl":"https:\/\/www.ariasassessors.com\/wp-content\/uploads\/2023\/03\/Arias_Blog_IMAGEN_DESTACADA-12-1-1.png","datePublished":"2023-03-29T13:30:57+00:00","dateModified":"2023-03-29T13:32:39+00:00","description":"La propera declaraci\u00f3 d'IVA ja no es podr\u00e0 presentar en paper. Ara caldr\u00e0 seguir altres passos de manera telem\u00e0tica.","breadcrumb":{"@id":"https:\/\/www.ariasassessors.com\/ca\/la-declaracio-del-iva-no-podra-presentarse-a-paper\/#breadcrumb"},"inLanguage":"ca","potentialAction":[{"@type":"ReadAction","target":["https:\/\/www.ariasassessors.com\/ca\/la-declaracio-del-iva-no-podra-presentarse-a-paper\/"]}]},{"@type":"ImageObject","inLanguage":"ca","@id":"https:\/\/www.ariasassessors.com\/ca\/la-declaracio-del-iva-no-podra-presentarse-a-paper\/#primaryimage","url":"https:\/\/www.ariasassessors.com\/wp-content\/uploads\/2023\/03\/Arias_Blog_IMAGEN_DESTACADA-12-1-1.png","contentUrl":"https:\/\/www.ariasassessors.com\/wp-content\/uploads\/2023\/03\/Arias_Blog_IMAGEN_DESTACADA-12-1-1.png","width":1920,"height":1202,"caption":"declaraci\u00f3n del iva"},{"@type":"BreadcrumbList","@id":"https:\/\/www.ariasassessors.com\/ca\/la-declaracio-del-iva-no-podra-presentarse-a-paper\/#breadcrumb","itemListElement":[{"@type":"ListItem","position":1,"name":"Portada","item":"https:\/\/www.ariasassessors.com\/ca\/"},{"@type":"ListItem","position":2,"name":"La declaraci\u00f3 d&#8217;IVA d&#8217;abril no es podr\u00e0 presentar en paper: aix\u00ed hauran de fer-la digitalment els aut\u00f2noms"}]},{"@type":"WebSite","@id":"https:\/\/www.ariasassessors.com\/#website","url":"https:\/\/www.ariasassessors.com\/","name":"Arias Assessors","description":"Asesor\u00eda para aut\u00f3nomos, profesionales y PYMES","publisher":{"@id":"https:\/\/www.ariasassessors.com\/#organization"},"potentialAction":[{"@type":"SearchAction","target":{"@type":"EntryPoint","urlTemplate":"https:\/\/www.ariasassessors.com\/?s={search_term_string}"},"query-input":{"@type":"PropertyValueSpecification","valueRequired":true,"valueName":"search_term_string"}}],"inLanguage":"ca"},{"@type":"Organization","@id":"https:\/\/www.ariasassessors.com\/#organization","name":"Arias Assessors","url":"https:\/\/www.ariasassessors.com\/","logo":{"@type":"ImageObject","inLanguage":"ca","@id":"https:\/\/www.ariasassessors.com\/#\/schema\/logo\/image\/","url":"https:\/\/www.ariasassessors.com\/wp-content\/uploads\/2019\/01\/arias-logo.png","contentUrl":"https:\/\/www.ariasassessors.com\/wp-content\/uploads\/2019\/01\/arias-logo.png","width":349,"height":254,"caption":"Arias Assessors"},"image":{"@id":"https:\/\/www.ariasassessors.com\/#\/schema\/logo\/image\/"},"sameAs":["https:\/\/www.facebook.com\/ariasassessors\/","https:\/\/x.com\/ariasassessors","https:\/\/www.linkedin.com\/company\/r&amp;amp;r-growing-knowledge\/"]},{"@type":"Person","@id":"https:\/\/www.ariasassessors.com\/#\/schema\/person\/63c6ad1775f0a9413c37932562673cef","name":"btorras","image":{"@type":"ImageObject","inLanguage":"ca","@id":"https:\/\/www.ariasassessors.com\/#\/schema\/person\/image\/","url":"https:\/\/secure.gravatar.com\/avatar\/0531db351fc361fdbfd204c58fa2d6a3?s=96&d=mm&r=g","contentUrl":"https:\/\/secure.gravatar.com\/avatar\/0531db351fc361fdbfd204c58fa2d6a3?s=96&d=mm&r=g","caption":"btorras"}}]}},"_links":{"self":[{"href":"https:\/\/www.ariasassessors.com\/ca\/wp-json\/wp\/v2\/posts\/2417","targetHints":{"allow":["GET"]}}],"collection":[{"href":"https:\/\/www.ariasassessors.com\/ca\/wp-json\/wp\/v2\/posts"}],"about":[{"href":"https:\/\/www.ariasassessors.com\/ca\/wp-json\/wp\/v2\/types\/post"}],"author":[{"embeddable":true,"href":"https:\/\/www.ariasassessors.com\/ca\/wp-json\/wp\/v2\/users\/2"}],"replies":[{"embeddable":true,"href":"https:\/\/www.ariasassessors.com\/ca\/wp-json\/wp\/v2\/comments?post=2417"}],"version-history":[{"count":3,"href":"https:\/\/www.ariasassessors.com\/ca\/wp-json\/wp\/v2\/posts\/2417\/revisions"}],"predecessor-version":[{"id":2424,"href":"https:\/\/www.ariasassessors.com\/ca\/wp-json\/wp\/v2\/posts\/2417\/revisions\/2424"}],"wp:featuredmedia":[{"embeddable":true,"href":"https:\/\/www.ariasassessors.com\/ca\/wp-json\/wp\/v2\/media\/2420"}],"wp:attachment":[{"href":"https:\/\/www.ariasassessors.com\/ca\/wp-json\/wp\/v2\/media?parent=2417"}],"wp:term":[{"taxonomy":"category","embeddable":true,"href":"https:\/\/www.ariasassessors.com\/ca\/wp-json\/wp\/v2\/categories?post=2417"},{"taxonomy":"post_tag","embeddable":true,"href":"https:\/\/www.ariasassessors.com\/ca\/wp-json\/wp\/v2\/tags?post=2417"}],"curies":[{"name":"wp","href":"https:\/\/api.w.org\/{rel}","templated":true}]}}