{"id":2431,"date":"2023-04-13T13:02:56","date_gmt":"2023-04-13T11:02:56","guid":{"rendered":"https:\/\/www.ariasassessors.com\/?p=2431"},"modified":"2023-04-13T13:06:19","modified_gmt":"2023-04-13T11:06:19","slug":"agencia-tributaria-flexibilitza-els-aplacaments","status":"publish","type":"post","link":"https:\/\/www.ariasassessors.com\/ca\/agencia-tributaria-flexibilitza-els-aplacaments\/","title":{"rendered":"Amb efectes des del dia 15 d&#8217;abril de 2023, l&#8217;Ag\u00e8ncia Tribut\u00e0ria flexibilitza els ajornaments per a facilitar la liquiditat dels contribuents"},"content":{"rendered":"<h1>Amb efectes des del dia 15 d&#8217;abril de 2023, l&#8217;Ag\u00e8ncia Tribut\u00e0ria flexibilitza els ajornaments per a facilitar la liquiditat dels contribuents<\/h1>\n<p>Al costat de l&#8217;Ordre\u00a0HFP\/311\/2023, de 28 de mar\u00e7 (BOE 31-03-2023) s&#8217;han dictat dues Instruccions:<\/p>\n<ul>\n<li>Instrucci\u00f3 1\/2023, de 31 de mar\u00e7, de la Directora del Departament de Recaptaci\u00f3 de l&#8217;Ag\u00e8ncia Estatal d&#8217;Administraci\u00f3 Tribut\u00e0ria sobre les garanties necess\u00e0ries per a la concessi\u00f3 d&#8217;ajornaments i fraccionaments de pagament, i per a obtenir la suspensi\u00f3 dels actes administratius objecte de recurs i reclamaci\u00f3.<\/li>\n<li>Instrucci\u00f3 2\/2023, de 3 d&#8217;abril, de la Directora del Departament de Recaptaci\u00f3 de l&#8217;Ag\u00e8ncia Estatal d&#8217;Administraci\u00f3 Tribut\u00e0ria, sobre gesti\u00f3 d&#8217;ajornaments i fraccionaments de pagament<\/li>\n<\/ul>\n<p>Totes dues instruccions, <span style=\"text-decoration: underline;\"><strong>amb entrada en vigor el dia 15 d&#8217;abril de 2023<\/strong><\/span>, permetran donar una major flexibilitzaci\u00f3 en el pagament de deutes a trav\u00e9s de la figura dels ajornaments i fraccionaments de pagament a aquells ciutadans que aix\u00ed ho necessitin, aix\u00ed com en la constituci\u00f3 de garanties. Entre altres mesures, cal destacar les seg\u00fcents:<\/p>\n<ul>\n<li>Augment dels terminis de concessi\u00f3<\/li>\n<li>Tramitaci\u00f3 de manera automatitzada en els ajornaments fins a 50.000 euros, la tramitaci\u00f3 i la concessi\u00f3 dels quals podran ser realitzades en q\u00fcesti\u00f3 de segons<\/li>\n<li>Ampli ventall de possibilitats per a constituir garanties en els ajornaments o fraccionaments superiors a 50.000 euros que precisin la constituci\u00f3 de garanties<\/li>\n<\/ul>\n","protected":false},"excerpt":{"rendered":"<p>Amb efectes des del dia 15 d&#8217;abril de 2023, l&#8217;Ag\u00e8ncia Tribut\u00e0ria flexibilitza els ajornaments per a facilitar la liquiditat dels contribuents Al costat de l&#8217;Ordre\u00a0HFP\/311\/2023, de 28 de mar\u00e7 (BOE 31-03-2023) s&#8217;han dictat dues Instruccions: Instrucci\u00f3 1\/2023, de 31 de mar\u00e7, de la Directora del&#8230;<\/p>\n","protected":false},"author":2,"featured_media":2429,"comment_status":"open","ping_status":"open","sticky":false,"template":"","format":"standard","meta":{"footnotes":""},"categories":[4],"tags":[],"class_list":["post-2431","post","type-post","status-publish","format-standard","has-post-thumbnail","hentry","category-noticies"],"yoast_head":"<!-- This site is optimized with the Yoast SEO plugin v24.3 - https:\/\/yoast.com\/wordpress\/plugins\/seo\/ -->\n<title>Amb efectes des del dia 15 d&#039;abril de 2023, l&#039;Ag\u00e8ncia Tribut\u00e0ria flexibilitza els ajornaments per a facilitar la liquiditat dels contribuents | Arias Assessors<\/title>\n<meta name=\"description\" content=\"Amb efectes des del dia 15 d&#039;abril de 2023, l&#039;Ag\u00e8ncia Tribut\u00e0ria flexibilitza els ajornaments per a facilitar la liquiditat dels contribuents\" \/>\n<meta name=\"robots\" content=\"index, follow, max-snippet:-1, max-image-preview:large, max-video-preview:-1\" \/>\n<link rel=\"canonical\" href=\"https:\/\/www.ariasassessors.com\/ca\/agencia-tributaria-flexibilitza-els-aplacaments\/\" \/>\n<meta property=\"og:locale\" content=\"ca_ES\" \/>\n<meta property=\"og:type\" content=\"article\" \/>\n<meta property=\"og:title\" content=\"Amb efectes des del dia 15 d&#039;abril de 2023, l&#039;Ag\u00e8ncia Tribut\u00e0ria flexibilitza els ajornaments per a facilitar la liquiditat dels contribuents | Arias Assessors\" \/>\n<meta property=\"og:description\" content=\"Amb efectes des del dia 15 d&#039;abril de 2023, l&#039;Ag\u00e8ncia Tribut\u00e0ria flexibilitza els ajornaments per a facilitar la liquiditat dels contribuents\" \/>\n<meta property=\"og:url\" content=\"https:\/\/www.ariasassessors.com\/ca\/agencia-tributaria-flexibilitza-els-aplacaments\/\" \/>\n<meta property=\"og:site_name\" content=\"Arias Assessors\" \/>\n<meta property=\"article:publisher\" content=\"https:\/\/www.facebook.com\/ariasassessors\/\" \/>\n<meta property=\"article:published_time\" content=\"2023-04-13T11:02:56+00:00\" \/>\n<meta property=\"article:modified_time\" content=\"2023-04-13T11:06:19+00:00\" \/>\n<meta property=\"og:image\" content=\"https:\/\/www.ariasassessors.com\/wp-content\/uploads\/2023\/04\/Arias_Blog_IMAGEN_DESTACADA-13-1.png\" \/>\n\t<meta property=\"og:image:width\" content=\"1920\" \/>\n\t<meta property=\"og:image:height\" content=\"1202\" \/>\n\t<meta property=\"og:image:type\" content=\"image\/png\" \/>\n<meta name=\"author\" content=\"btorras\" \/>\n<meta name=\"twitter:card\" content=\"summary_large_image\" \/>\n<meta name=\"twitter:creator\" content=\"@ariasassessors\" \/>\n<meta name=\"twitter:site\" content=\"@ariasassessors\" \/>\n<meta name=\"twitter:label1\" content=\"Escrit per\" \/>\n\t<meta name=\"twitter:data1\" content=\"btorras\" \/>\n\t<meta name=\"twitter:label2\" content=\"Temps estimat de lectura\" \/>\n\t<meta name=\"twitter:data2\" content=\"1 minut\" \/>\n<script type=\"application\/ld+json\" class=\"yoast-schema-graph\">{\"@context\":\"https:\/\/schema.org\",\"@graph\":[{\"@type\":\"Article\",\"@id\":\"https:\/\/www.ariasassessors.com\/ca\/agencia-tributaria-flexibilitza-els-aplacaments\/#article\",\"isPartOf\":{\"@id\":\"https:\/\/www.ariasassessors.com\/ca\/agencia-tributaria-flexibilitza-els-aplacaments\/\"},\"author\":{\"name\":\"btorras\",\"@id\":\"https:\/\/www.ariasassessors.com\/#\/schema\/person\/63c6ad1775f0a9413c37932562673cef\"},\"headline\":\"Amb efectes des del dia 15 d&#8217;abril de 2023, l&#8217;Ag\u00e8ncia Tribut\u00e0ria flexibilitza els ajornaments per a facilitar la liquiditat dels contribuents\",\"datePublished\":\"2023-04-13T11:02:56+00:00\",\"dateModified\":\"2023-04-13T11:06:19+00:00\",\"mainEntityOfPage\":{\"@id\":\"https:\/\/www.ariasassessors.com\/ca\/agencia-tributaria-flexibilitza-els-aplacaments\/\"},\"wordCount\":234,\"commentCount\":0,\"publisher\":{\"@id\":\"https:\/\/www.ariasassessors.com\/#organization\"},\"image\":{\"@id\":\"https:\/\/www.ariasassessors.com\/ca\/agencia-tributaria-flexibilitza-els-aplacaments\/#primaryimage\"},\"thumbnailUrl\":\"https:\/\/www.ariasassessors.com\/wp-content\/uploads\/2023\/04\/Arias_Blog_IMAGEN_DESTACADA-13-1.png\",\"articleSection\":[\"noticies\"],\"inLanguage\":\"ca\",\"potentialAction\":[{\"@type\":\"CommentAction\",\"name\":\"Comment\",\"target\":[\"https:\/\/www.ariasassessors.com\/ca\/agencia-tributaria-flexibilitza-els-aplacaments\/#respond\"]}]},{\"@type\":\"WebPage\",\"@id\":\"https:\/\/www.ariasassessors.com\/ca\/agencia-tributaria-flexibilitza-els-aplacaments\/\",\"url\":\"https:\/\/www.ariasassessors.com\/ca\/agencia-tributaria-flexibilitza-els-aplacaments\/\",\"name\":\"Amb efectes des del dia 15 d'abril de 2023, l'Ag\u00e8ncia Tribut\u00e0ria flexibilitza els ajornaments per a facilitar la liquiditat dels contribuents | Arias Assessors\",\"isPartOf\":{\"@id\":\"https:\/\/www.ariasassessors.com\/#website\"},\"primaryImageOfPage\":{\"@id\":\"https:\/\/www.ariasassessors.com\/ca\/agencia-tributaria-flexibilitza-els-aplacaments\/#primaryimage\"},\"image\":{\"@id\":\"https:\/\/www.ariasassessors.com\/ca\/agencia-tributaria-flexibilitza-els-aplacaments\/#primaryimage\"},\"thumbnailUrl\":\"https:\/\/www.ariasassessors.com\/wp-content\/uploads\/2023\/04\/Arias_Blog_IMAGEN_DESTACADA-13-1.png\",\"datePublished\":\"2023-04-13T11:02:56+00:00\",\"dateModified\":\"2023-04-13T11:06:19+00:00\",\"description\":\"Amb efectes des del dia 15 d'abril de 2023, l'Ag\u00e8ncia Tribut\u00e0ria flexibilitza els ajornaments per a facilitar la liquiditat dels contribuents\",\"breadcrumb\":{\"@id\":\"https:\/\/www.ariasassessors.com\/ca\/agencia-tributaria-flexibilitza-els-aplacaments\/#breadcrumb\"},\"inLanguage\":\"ca\",\"potentialAction\":[{\"@type\":\"ReadAction\",\"target\":[\"https:\/\/www.ariasassessors.com\/ca\/agencia-tributaria-flexibilitza-els-aplacaments\/\"]}]},{\"@type\":\"ImageObject\",\"inLanguage\":\"ca\",\"@id\":\"https:\/\/www.ariasassessors.com\/ca\/agencia-tributaria-flexibilitza-els-aplacaments\/#primaryimage\",\"url\":\"https:\/\/www.ariasassessors.com\/wp-content\/uploads\/2023\/04\/Arias_Blog_IMAGEN_DESTACADA-13-1.png\",\"contentUrl\":\"https:\/\/www.ariasassessors.com\/wp-content\/uploads\/2023\/04\/Arias_Blog_IMAGEN_DESTACADA-13-1.png\",\"width\":1920,\"height\":1202,\"caption\":\"Agencia Tributaria\"},{\"@type\":\"BreadcrumbList\",\"@id\":\"https:\/\/www.ariasassessors.com\/ca\/agencia-tributaria-flexibilitza-els-aplacaments\/#breadcrumb\",\"itemListElement\":[{\"@type\":\"ListItem\",\"position\":1,\"name\":\"Portada\",\"item\":\"https:\/\/www.ariasassessors.com\/ca\/\"},{\"@type\":\"ListItem\",\"position\":2,\"name\":\"Amb efectes des del dia 15 d&#8217;abril de 2023, l&#8217;Ag\u00e8ncia Tribut\u00e0ria flexibilitza els ajornaments per a facilitar la liquiditat dels contribuents\"}]},{\"@type\":\"WebSite\",\"@id\":\"https:\/\/www.ariasassessors.com\/#website\",\"url\":\"https:\/\/www.ariasassessors.com\/\",\"name\":\"Arias Assessors\",\"description\":\"Asesor\u00eda para aut\u00f3nomos, profesionales y PYMES\",\"publisher\":{\"@id\":\"https:\/\/www.ariasassessors.com\/#organization\"},\"potentialAction\":[{\"@type\":\"SearchAction\",\"target\":{\"@type\":\"EntryPoint\",\"urlTemplate\":\"https:\/\/www.ariasassessors.com\/?s={search_term_string}\"},\"query-input\":{\"@type\":\"PropertyValueSpecification\",\"valueRequired\":true,\"valueName\":\"search_term_string\"}}],\"inLanguage\":\"ca\"},{\"@type\":\"Organization\",\"@id\":\"https:\/\/www.ariasassessors.com\/#organization\",\"name\":\"Arias Assessors\",\"url\":\"https:\/\/www.ariasassessors.com\/\",\"logo\":{\"@type\":\"ImageObject\",\"inLanguage\":\"ca\",\"@id\":\"https:\/\/www.ariasassessors.com\/#\/schema\/logo\/image\/\",\"url\":\"https:\/\/www.ariasassessors.com\/wp-content\/uploads\/2019\/01\/arias-logo.png\",\"contentUrl\":\"https:\/\/www.ariasassessors.com\/wp-content\/uploads\/2019\/01\/arias-logo.png\",\"width\":349,\"height\":254,\"caption\":\"Arias Assessors\"},\"image\":{\"@id\":\"https:\/\/www.ariasassessors.com\/#\/schema\/logo\/image\/\"},\"sameAs\":[\"https:\/\/www.facebook.com\/ariasassessors\/\",\"https:\/\/x.com\/ariasassessors\",\"https:\/\/www.linkedin.com\/company\/r&amp;amp;r-growing-knowledge\/\"]},{\"@type\":\"Person\",\"@id\":\"https:\/\/www.ariasassessors.com\/#\/schema\/person\/63c6ad1775f0a9413c37932562673cef\",\"name\":\"btorras\",\"image\":{\"@type\":\"ImageObject\",\"inLanguage\":\"ca\",\"@id\":\"https:\/\/www.ariasassessors.com\/#\/schema\/person\/image\/\",\"url\":\"https:\/\/secure.gravatar.com\/avatar\/0531db351fc361fdbfd204c58fa2d6a3?s=96&d=mm&r=g\",\"contentUrl\":\"https:\/\/secure.gravatar.com\/avatar\/0531db351fc361fdbfd204c58fa2d6a3?s=96&d=mm&r=g\",\"caption\":\"btorras\"}}]}<\/script>\n<!-- \/ Yoast SEO plugin. -->","yoast_head_json":{"title":"Amb efectes des del dia 15 d'abril de 2023, l'Ag\u00e8ncia Tribut\u00e0ria flexibilitza els ajornaments per a facilitar la liquiditat dels contribuents | Arias Assessors","description":"Amb efectes des del dia 15 d'abril de 2023, l'Ag\u00e8ncia Tribut\u00e0ria flexibilitza els ajornaments per a facilitar la liquiditat dels contribuents","robots":{"index":"index","follow":"follow","max-snippet":"max-snippet:-1","max-image-preview":"max-image-preview:large","max-video-preview":"max-video-preview:-1"},"canonical":"https:\/\/www.ariasassessors.com\/ca\/agencia-tributaria-flexibilitza-els-aplacaments\/","og_locale":"ca_ES","og_type":"article","og_title":"Amb efectes des del dia 15 d'abril de 2023, l'Ag\u00e8ncia Tribut\u00e0ria flexibilitza els ajornaments per a facilitar la liquiditat dels contribuents | Arias Assessors","og_description":"Amb efectes des del dia 15 d'abril de 2023, l'Ag\u00e8ncia Tribut\u00e0ria flexibilitza els ajornaments per a facilitar la liquiditat dels contribuents","og_url":"https:\/\/www.ariasassessors.com\/ca\/agencia-tributaria-flexibilitza-els-aplacaments\/","og_site_name":"Arias Assessors","article_publisher":"https:\/\/www.facebook.com\/ariasassessors\/","article_published_time":"2023-04-13T11:02:56+00:00","article_modified_time":"2023-04-13T11:06:19+00:00","og_image":[{"width":1920,"height":1202,"url":"https:\/\/www.ariasassessors.com\/wp-content\/uploads\/2023\/04\/Arias_Blog_IMAGEN_DESTACADA-13-1.png","type":"image\/png"}],"author":"btorras","twitter_card":"summary_large_image","twitter_creator":"@ariasassessors","twitter_site":"@ariasassessors","twitter_misc":{"Escrit per":"btorras","Temps estimat de lectura":"1 minut"},"schema":{"@context":"https:\/\/schema.org","@graph":[{"@type":"Article","@id":"https:\/\/www.ariasassessors.com\/ca\/agencia-tributaria-flexibilitza-els-aplacaments\/#article","isPartOf":{"@id":"https:\/\/www.ariasassessors.com\/ca\/agencia-tributaria-flexibilitza-els-aplacaments\/"},"author":{"name":"btorras","@id":"https:\/\/www.ariasassessors.com\/#\/schema\/person\/63c6ad1775f0a9413c37932562673cef"},"headline":"Amb efectes des del dia 15 d&#8217;abril de 2023, l&#8217;Ag\u00e8ncia Tribut\u00e0ria flexibilitza els ajornaments per a facilitar la liquiditat dels contribuents","datePublished":"2023-04-13T11:02:56+00:00","dateModified":"2023-04-13T11:06:19+00:00","mainEntityOfPage":{"@id":"https:\/\/www.ariasassessors.com\/ca\/agencia-tributaria-flexibilitza-els-aplacaments\/"},"wordCount":234,"commentCount":0,"publisher":{"@id":"https:\/\/www.ariasassessors.com\/#organization"},"image":{"@id":"https:\/\/www.ariasassessors.com\/ca\/agencia-tributaria-flexibilitza-els-aplacaments\/#primaryimage"},"thumbnailUrl":"https:\/\/www.ariasassessors.com\/wp-content\/uploads\/2023\/04\/Arias_Blog_IMAGEN_DESTACADA-13-1.png","articleSection":["noticies"],"inLanguage":"ca","potentialAction":[{"@type":"CommentAction","name":"Comment","target":["https:\/\/www.ariasassessors.com\/ca\/agencia-tributaria-flexibilitza-els-aplacaments\/#respond"]}]},{"@type":"WebPage","@id":"https:\/\/www.ariasassessors.com\/ca\/agencia-tributaria-flexibilitza-els-aplacaments\/","url":"https:\/\/www.ariasassessors.com\/ca\/agencia-tributaria-flexibilitza-els-aplacaments\/","name":"Amb efectes des del dia 15 d'abril de 2023, l'Ag\u00e8ncia Tribut\u00e0ria flexibilitza els ajornaments per a facilitar la liquiditat dels contribuents | Arias Assessors","isPartOf":{"@id":"https:\/\/www.ariasassessors.com\/#website"},"primaryImageOfPage":{"@id":"https:\/\/www.ariasassessors.com\/ca\/agencia-tributaria-flexibilitza-els-aplacaments\/#primaryimage"},"image":{"@id":"https:\/\/www.ariasassessors.com\/ca\/agencia-tributaria-flexibilitza-els-aplacaments\/#primaryimage"},"thumbnailUrl":"https:\/\/www.ariasassessors.com\/wp-content\/uploads\/2023\/04\/Arias_Blog_IMAGEN_DESTACADA-13-1.png","datePublished":"2023-04-13T11:02:56+00:00","dateModified":"2023-04-13T11:06:19+00:00","description":"Amb efectes des del dia 15 d'abril de 2023, l'Ag\u00e8ncia Tribut\u00e0ria flexibilitza els ajornaments per a facilitar la liquiditat dels contribuents","breadcrumb":{"@id":"https:\/\/www.ariasassessors.com\/ca\/agencia-tributaria-flexibilitza-els-aplacaments\/#breadcrumb"},"inLanguage":"ca","potentialAction":[{"@type":"ReadAction","target":["https:\/\/www.ariasassessors.com\/ca\/agencia-tributaria-flexibilitza-els-aplacaments\/"]}]},{"@type":"ImageObject","inLanguage":"ca","@id":"https:\/\/www.ariasassessors.com\/ca\/agencia-tributaria-flexibilitza-els-aplacaments\/#primaryimage","url":"https:\/\/www.ariasassessors.com\/wp-content\/uploads\/2023\/04\/Arias_Blog_IMAGEN_DESTACADA-13-1.png","contentUrl":"https:\/\/www.ariasassessors.com\/wp-content\/uploads\/2023\/04\/Arias_Blog_IMAGEN_DESTACADA-13-1.png","width":1920,"height":1202,"caption":"Agencia Tributaria"},{"@type":"BreadcrumbList","@id":"https:\/\/www.ariasassessors.com\/ca\/agencia-tributaria-flexibilitza-els-aplacaments\/#breadcrumb","itemListElement":[{"@type":"ListItem","position":1,"name":"Portada","item":"https:\/\/www.ariasassessors.com\/ca\/"},{"@type":"ListItem","position":2,"name":"Amb efectes des del dia 15 d&#8217;abril de 2023, l&#8217;Ag\u00e8ncia Tribut\u00e0ria flexibilitza els ajornaments per a facilitar la liquiditat dels contribuents"}]},{"@type":"WebSite","@id":"https:\/\/www.ariasassessors.com\/#website","url":"https:\/\/www.ariasassessors.com\/","name":"Arias Assessors","description":"Asesor\u00eda para aut\u00f3nomos, profesionales y PYMES","publisher":{"@id":"https:\/\/www.ariasassessors.com\/#organization"},"potentialAction":[{"@type":"SearchAction","target":{"@type":"EntryPoint","urlTemplate":"https:\/\/www.ariasassessors.com\/?s={search_term_string}"},"query-input":{"@type":"PropertyValueSpecification","valueRequired":true,"valueName":"search_term_string"}}],"inLanguage":"ca"},{"@type":"Organization","@id":"https:\/\/www.ariasassessors.com\/#organization","name":"Arias Assessors","url":"https:\/\/www.ariasassessors.com\/","logo":{"@type":"ImageObject","inLanguage":"ca","@id":"https:\/\/www.ariasassessors.com\/#\/schema\/logo\/image\/","url":"https:\/\/www.ariasassessors.com\/wp-content\/uploads\/2019\/01\/arias-logo.png","contentUrl":"https:\/\/www.ariasassessors.com\/wp-content\/uploads\/2019\/01\/arias-logo.png","width":349,"height":254,"caption":"Arias Assessors"},"image":{"@id":"https:\/\/www.ariasassessors.com\/#\/schema\/logo\/image\/"},"sameAs":["https:\/\/www.facebook.com\/ariasassessors\/","https:\/\/x.com\/ariasassessors","https:\/\/www.linkedin.com\/company\/r&amp;amp;r-growing-knowledge\/"]},{"@type":"Person","@id":"https:\/\/www.ariasassessors.com\/#\/schema\/person\/63c6ad1775f0a9413c37932562673cef","name":"btorras","image":{"@type":"ImageObject","inLanguage":"ca","@id":"https:\/\/www.ariasassessors.com\/#\/schema\/person\/image\/","url":"https:\/\/secure.gravatar.com\/avatar\/0531db351fc361fdbfd204c58fa2d6a3?s=96&d=mm&r=g","contentUrl":"https:\/\/secure.gravatar.com\/avatar\/0531db351fc361fdbfd204c58fa2d6a3?s=96&d=mm&r=g","caption":"btorras"}}]}},"_links":{"self":[{"href":"https:\/\/www.ariasassessors.com\/ca\/wp-json\/wp\/v2\/posts\/2431","targetHints":{"allow":["GET"]}}],"collection":[{"href":"https:\/\/www.ariasassessors.com\/ca\/wp-json\/wp\/v2\/posts"}],"about":[{"href":"https:\/\/www.ariasassessors.com\/ca\/wp-json\/wp\/v2\/types\/post"}],"author":[{"embeddable":true,"href":"https:\/\/www.ariasassessors.com\/ca\/wp-json\/wp\/v2\/users\/2"}],"replies":[{"embeddable":true,"href":"https:\/\/www.ariasassessors.com\/ca\/wp-json\/wp\/v2\/comments?post=2431"}],"version-history":[{"count":1,"href":"https:\/\/www.ariasassessors.com\/ca\/wp-json\/wp\/v2\/posts\/2431\/revisions"}],"predecessor-version":[{"id":2434,"href":"https:\/\/www.ariasassessors.com\/ca\/wp-json\/wp\/v2\/posts\/2431\/revisions\/2434"}],"wp:featuredmedia":[{"embeddable":true,"href":"https:\/\/www.ariasassessors.com\/ca\/wp-json\/wp\/v2\/media\/2429"}],"wp:attachment":[{"href":"https:\/\/www.ariasassessors.com\/ca\/wp-json\/wp\/v2\/media?parent=2431"}],"wp:term":[{"taxonomy":"category","embeddable":true,"href":"https:\/\/www.ariasassessors.com\/ca\/wp-json\/wp\/v2\/categories?post=2431"},{"taxonomy":"post_tag","embeddable":true,"href":"https:\/\/www.ariasassessors.com\/ca\/wp-json\/wp\/v2\/tags?post=2431"}],"curies":[{"name":"wp","href":"https:\/\/api.w.org\/{rel}","templated":true}]}}