{"id":2443,"date":"2023-04-17T10:44:02","date_gmt":"2023-04-17T08:44:02","guid":{"rendered":"https:\/\/www.ariasassessors.com\/?p=2443"},"modified":"2023-04-17T10:46:50","modified_gmt":"2023-04-17T08:46:50","slug":"alguns-autonoms-tenen-posibilitat-minorar-rendiments-renda-2023","status":"publish","type":"post","link":"https:\/\/www.ariasassessors.com\/ca\/alguns-autonoms-tenen-posibilitat-minorar-rendiments-renda-2023\/","title":{"rendered":"Alguns sectors d&#8217;aut\u00f2noms tenen la possibilitat de minorar els seus rendiments en aquesta RENDA de 2023"},"content":{"rendered":"<div id=\"ez-toc-container\" class=\"ez-toc-v2_0_72 counter-hierarchy ez-toc-counter ez-toc-grey ez-toc-container-direction\">\n<div class=\"ez-toc-title-container\">\n<p class=\"ez-toc-title\" style=\"cursor:inherit\">\u00cdndice de Contenidos<\/p>\n<span class=\"ez-toc-title-toggle\"><a href=\"#\" class=\"ez-toc-pull-right ez-toc-btn ez-toc-btn-xs ez-toc-btn-default ez-toc-toggle\" aria-label=\"Toggle Table of Content\"><span class=\"ez-toc-js-icon-con\"><span class=\"\"><span class=\"eztoc-hide\" style=\"display:none;\">Toggle<\/span><span class=\"ez-toc-icon-toggle-span\"><svg style=\"fill: #428bca;color:#428bca\" xmlns=\"http:\/\/www.w3.org\/2000\/svg\" class=\"list-377408\" width=\"20px\" height=\"20px\" viewBox=\"0 0 24 24\" fill=\"none\"><path d=\"M6 6H4v2h2V6zm14 0H8v2h12V6zM4 11h2v2H4v-2zm16 0H8v2h12v-2zM4 16h2v2H4v-2zm16 0H8v2h12v-2z\" fill=\"currentColor\"><\/path><\/svg><svg style=\"fill: #428bca;color:#428bca\" class=\"arrow-unsorted-368013\" xmlns=\"http:\/\/www.w3.org\/2000\/svg\" width=\"10px\" height=\"10px\" viewBox=\"0 0 24 24\" version=\"1.2\" baseProfile=\"tiny\"><path d=\"M18.2 9.3l-6.2-6.3-6.2 6.3c-.2.2-.3.4-.3.7s.1.5.3.7c.2.2.4.3.7.3h11c.3 0 .5-.1.7-.3.2-.2.3-.5.3-.7s-.1-.5-.3-.7zM5.8 14.7l6.2 6.3 6.2-6.3c.2-.2.3-.5.3-.7s-.1-.5-.3-.7c-.2-.2-.4-.3-.7-.3h-11c-.3 0-.5.1-.7.3-.2.2-.3.5-.3.7s.1.5.3.7z\"\/><\/svg><\/span><\/span><\/span><\/a><\/span><\/div>\n<nav><ul class='ez-toc-list ez-toc-list-level-1 eztoc-toggle-hide-by-default' ><li class='ez-toc-page-1 ez-toc-heading-level-1'><a class=\"ez-toc-link ez-toc-heading-1\" href=\"https:\/\/www.ariasassessors.com\/ca\/alguns-autonoms-tenen-posibilitat-minorar-rendiments-renda-2023\/#Alguns_sectors_dautonoms_tenen_la_possibilitat_de_minorar_els_seus_rendiments_en_aquesta_RENDA_de_2023\" title=\"Alguns sectors d&#8217;aut\u00f2noms tenen la possibilitat de minorar els seus rendiments en aquesta RENDA de 2023\">Alguns sectors d&#8217;aut\u00f2noms tenen la possibilitat de minorar els seus rendiments en aquesta RENDA de 2023<\/a><ul class='ez-toc-list-level-2' ><li class='ez-toc-heading-level-2'><a class=\"ez-toc-link ez-toc-heading-2\" href=\"https:\/\/www.ariasassessors.com\/ca\/alguns-autonoms-tenen-posibilitat-minorar-rendiments-renda-2023\/#Mes_de_350000_autonoms_en_moduls_podran_reduir_un_15_els_seus_rendiments_nets_a_declarar\" title=\"M\u00e9s de 350.000 aut\u00f2noms en m\u00f2duls podran reduir un 15% els seus rendiments nets a declarar\">M\u00e9s de 350.000 aut\u00f2noms en m\u00f2duls podran reduir un 15% els seus rendiments nets a declarar<\/a><\/li><li class='ez-toc-page-1 ez-toc-heading-level-2'><a class=\"ez-toc-link ez-toc-heading-3\" href=\"https:\/\/www.ariasassessors.com\/ca\/alguns-autonoms-tenen-posibilitat-minorar-rendiments-renda-2023\/#Mesures_especials_per_als_agricultors_o_ramaders_i_tambe_per_als_autonoms_de_La_Palma\" title=\"Mesures especials per als\u00a0agricultors o ramaders i tamb\u00e9 per als\u00a0aut\u00f2noms\u00a0de La Palma\">Mesures especials per als\u00a0agricultors o ramaders i tamb\u00e9 per als\u00a0aut\u00f2noms\u00a0de La Palma<\/a><\/li><li class='ez-toc-page-1 ez-toc-heading-level-2'><a class=\"ez-toc-link ez-toc-heading-4\" href=\"https:\/\/www.ariasassessors.com\/ca\/alguns-autonoms-tenen-posibilitat-minorar-rendiments-renda-2023\/#Altres_canvis_que_afectaran_els_autonoms_en_la_campanya_de_la_RENDA_a_presentar_en_2024\" title=\"Altres canvis que afectaran els aut\u00f2noms en la campanya de la RENDA a presentar en 2024\">Altres canvis que afectaran els aut\u00f2noms en la campanya de la RENDA a presentar en 2024<\/a><ul class='ez-toc-list-level-3' ><li class='ez-toc-heading-level-3'><a class=\"ez-toc-link ez-toc-heading-5\" href=\"https:\/\/www.ariasassessors.com\/ca\/alguns-autonoms-tenen-posibilitat-minorar-rendiments-renda-2023\/#Ampliacio_de_la_deduccio_per_maternitat_a_partir_de_la_proxima_RENDA\" title=\"Ampliaci\u00f3 de la deducci\u00f3 per maternitat a partir de la pr\u00f2xima RENDA\">Ampliaci\u00f3 de la deducci\u00f3 per maternitat a partir de la pr\u00f2xima RENDA<\/a><\/li><li class='ez-toc-page-1 ez-toc-heading-level-3'><a class=\"ez-toc-link ez-toc-heading-6\" href=\"https:\/\/www.ariasassessors.com\/ca\/alguns-autonoms-tenen-posibilitat-minorar-rendiments-renda-2023\/#Augment_de_les_despeses_de_dificil_justificacio_en_IRPF_per_a_autonoms_en_moduls_i_estimacio_directa\" title=\"Augment de les despeses de dif\u00edcil justificaci\u00f3 en IRPF per a aut\u00f2noms en m\u00f2duls i estimaci\u00f3 directa\">Augment de les despeses de dif\u00edcil justificaci\u00f3 en IRPF per a aut\u00f2noms en m\u00f2duls i estimaci\u00f3 directa<\/a><\/li><\/ul><\/li><\/ul><\/li><\/ul><\/nav><\/div>\n<h1><span class=\"ez-toc-section\" id=\"Alguns_sectors_dautonoms_tenen_la_possibilitat_de_minorar_els_seus_rendiments_en_aquesta_RENDA_de_2023\"><\/span>Alguns sectors d&#8217;aut\u00f2noms tenen la possibilitat de minorar els seus rendiments en aquesta RENDA de 2023<span class=\"ez-toc-section-end\"><\/span><\/h1>\n<p>Hisenda va aprovar diferents beneficis fiscals per a diversos col\u00b7lectius d&#8217;aut\u00f2noms amb els quals podran minorar els seus rendiments en aquesta RENDA de 2023. En aquesta campanya, alguns treballadors per compte propi podran beneficiar-se de reduccions m\u00e9s elevades que altres anys i pagar menys impostos.<\/p>\n<p>Diferents col\u00b7lectius d&#8217;aut\u00f2noms, com per exemple els moduleros, els agricultors i ramaders que tributen en aquest mateix sistema o els aut\u00f2noms afectats pel volc\u00e0 de La Palma es beneficiaran en aquesta declaraci\u00f3 d&#8217;IRPF de reduccions sobre el seu rendiment net m\u00e9s elevades que altres anys que els permetran pagar menys impostos. S&#8217;estima que en aquesta campanya, <strong>alguns\u00a0treballadors per compte propi<\/strong>\u00a0podran accedir\u00a0a alguns\u00a0avantatges fiscals\u00a0que va aprovar Hisenda\u00a0a la fi de 2022 i\u00a0<strong>reduir aix\u00ed el seu rendiment net subjecte a impostos<\/strong>.<\/p>\n<p>Les novetats que va posar en marxa Hisenda en la seva reforma fiscal van dirigides\u00a0a<strong>\u00a0diferents grups d&#8217;aut\u00f2noms: almenys 350.000 que tributarien per m\u00f2duls l&#8217;any passat en qualsevol activitat, i tamb\u00e9 els\u00a0agricultors o ramaders que van tributar en aquest mateix sistema<\/strong>.\u00a0\u00a0Aquestes mesures es van articular en l&#8217;ordre\u00a0HFP\/1172\/2022, de 29 de novembre, per la qual\u00a0<strong>desenvolupa per a 2023 el sistema d&#8217;estimaci\u00f3 objectiva<\/strong>.<\/p>\n<p>La nova norma no sols va prorrogar els actuals l\u00edmits\u00a0per a accedir i romandre en aquest r\u00e8gim, sin\u00f3 que a m\u00e9s va elevar\u00a0<strong>de manera excepcional, &#8220;per l&#8217;actual situaci\u00f3 econ\u00f2mica&#8221;, la reducci\u00f3 general<\/strong>\u00a0que se&#8217;ls aplica a molts contribuents. En el cas dels aut\u00f2noms en estimaci\u00f3 directa, els avantatges afectaran la seva declaraci\u00f3 d&#8217;IRPF de 2023, a presentar en 2024, per\u00f2\u00a0<strong>els que tributen en m\u00f2duls, els agricultors o els afectats pel volc\u00e0 de La Palma<\/strong>\u00a0podran<strong>\u00a0aplicar ja en aquesta RENDA<\/strong>\u00a0les noves reduccions fiscals\u00a0i <strong>pagar menys impostos que en anys anteriors.<\/strong><\/p>\n<h2><span class=\"ez-toc-section\" id=\"Mes_de_350000_autonoms_en_moduls_podran_reduir_un_15_els_seus_rendiments_nets_a_declarar\"><\/span>M\u00e9s de 350.000 aut\u00f2noms en m\u00f2duls podran reduir un 15% els seus rendiments nets a declarar<span class=\"ez-toc-section-end\"><\/span><\/h2>\n<p>A difer\u00e8ncia de l&#8217;estimaci\u00f3 directa, on els aut\u00f2noms paguen impostos segons el que hagin ingressat cada any, la declaraci\u00f3 d&#8217;IRPF amb l&#8217;estimaci\u00f3 objectiva es calcula mitjan\u00e7ant &#8220;m\u00f2duls&#8221;, que en funci\u00f3 del negoci que desenvolupa el treballador per compte propi,\u00a0<strong>donen com a resultat un import fix a pagar pels seus impostos<\/strong>,\u00a0independentment de quant hagi facturat durant l&#8217;any.<\/p>\n<p>Per a calcular aquest rendiment\u00a0<strong>primer\u00a0es\u00a0multipliquen\u00a0les unitats de m\u00f2duls<\/strong>\u00a0que li correspon a cada aut\u00f2nom\u00a0pel rendiment anual per unitat abans d&#8217;amortitzaci\u00f3. Aix\u00f2 dona un resultat, que \u00e9s major o menor en funci\u00f3 de si l&#8217;aut\u00f2nom t\u00e9 empleats, de l&#8217;energia que consumeix o dels metres quadrats del\u00a0seu local, entre molts altres par\u00e0metres. Una vegada calculat aix\u00f2, <strong>al resultat se li aplica una reducci\u00f3 general que habitualment \u00e9s del 5%.<\/strong><\/p>\n<p>Enguany,\u00a0<strong>Hisenda ha ampliat aquesta reducci\u00f3 del 5% al 15%<\/strong>,\u00a0per la qual cosa tots els treballadors per compte propi que van tributar en m\u00f2duls durant 2022 -s&#8217;estima que s\u00f3n m\u00e9s de 350.000-\u00a0es\u00a0<strong>podran restar un\u00a010%<\/strong>\u00a0m\u00e9s\u00a0en el c\u00e0lcul del seu rendiment net. El que, comptat i debatut, far\u00e0 que\u00a0<strong>paguin menys impostos<\/strong>\u00a0en la declaraci\u00f3 de la RENDA 2022, a presentar entre l&#8217;11\u00a0 d&#8217;abril\u00a0 i el 30 de juny d&#8217;enguany.<\/p>\n<p>Segons explica Hisenda en l&#8217;ordre publicada el passat 29 de novembre, d&#8217;una banda, &#8220;es mantenen per a l&#8217;exercici 2023 la quantia dels signes, \u00edndexs o m\u00f2duls, aix\u00ed com les instruccions d&#8217;aplicaci\u00f3&#8221;.\u00a0No obstant aix\u00f2, &#8220;a conseq\u00fc\u00e8ncia de l&#8217;actual situaci\u00f3 econ\u00f2mica, s&#8217;augmenta la reducci\u00f3 general sobre el rendiment net de m\u00f2duls\u00a0<strong>del 5%\u00a0al 15%, per al per\u00edode impositiu 2022<\/strong>.\u00a0Aquesta mesura resulta aplicable\u00a0<strong>a tots els contribuents<\/strong>\u00a0que determinin el rendiment net de la seva activitat econ\u00f2mica conformement al m\u00e8tode d&#8217;estimaci\u00f3 objectiva&#8221;. Es calcula que s\u00f3n gaireb\u00e9 600.000.<\/p>\n<p>I per a l&#8217;IRPF 2023,<strong>\u00a0a presentar entre abril i juny de 2024, la reducci\u00f3 general tamb\u00e9 augmentar\u00e0, encara que en aquest cas del &#8220;5% al 10%<\/strong>\u00a0per a tots els contribuents&#8221;:<\/p>\n<h2><span class=\"ez-toc-section\" id=\"Mesures_especials_per_als_agricultors_o_ramaders_i_tambe_per_als_autonoms_de_La_Palma\"><\/span>Mesures especials per als\u00a0agricultors o ramaders i tamb\u00e9 per als\u00a0aut\u00f2noms\u00a0de La Palma<span class=\"ez-toc-section-end\"><\/span><\/h2>\n<p>A m\u00e9s,<strong>\u00a0l&#8217;ordre tamb\u00e9 desenvolupa mesures especials\u00a0\u00a0per a les activitats agr\u00edcoles i ramaderes que tributen pel r\u00e8gim de m\u00f2duls<\/strong>\u00a0.&#8221;Amb la finalitat de compensar l&#8217;increment del cost de determinats inputs&#8221;, durant els\u00a0per\u00edodes impositius 2022 i 2023, aquests aut\u00f2noms podran minorar el seu\u00a0rendiment net previ &#8220;<strong>en\u00a0un 35% pel preu d&#8217;adquisici\u00f3 del gasoil agr\u00edcola i en el 15% del preu d&#8217;adquisici\u00f3 dels fertilitzants<\/strong>,\u00a0en tots dos casos, necessaris per al desenvolupament d&#8217;aquestes activitats&#8221;.<\/p>\n<p>Aix\u00ed mateix, a conseq\u00fc\u00e8ncia de l&#8217;elevat impacte que ha tingut la sequera, aix\u00ed com per l&#8217;increment de preus dels costos dels pinsos i de l&#8217;energia el\u00e8ctrica, l&#8217;ordre tamb\u00e9 converteix en &#8220;estructurals, les modificacions que per a 2021 es van establir per als \u00edndexs correctors per pinsos adquirits a tercers i per cultius en terres de regadiu que utilitzin, a aquest efecte, energia el\u00e8ctrica. Aquestes modificacions tamb\u00e9 es van aplicar en el per\u00edode impositiu 2022&#8221;.<\/p>\n<p>Finalment, a causa de les conseq\u00fc\u00e8ncies de les erupcions volc\u00e0niques ocorregudes a l&#8217;Illa de la Palma,\u00a0<strong>s&#8217;estableix per a les activitats econ\u00f2miques desenvolupades en aquesta illa, una reducci\u00f3 especial<\/strong>, similar a l&#8217;establerta per al terme municipal de Lorca, a causa del terratr\u00e8mol esdevingut en aquest municipi.\u00a0<strong>Aquestes reduccions s&#8217;aplicaran tant en 2022 com en 2023.<\/strong><\/p>\n<h2><span class=\"ez-toc-section\" id=\"Altres_canvis_que_afectaran_els_autonoms_en_la_campanya_de_la_RENDA_a_presentar_en_2024\"><\/span>Altres canvis que afectaran els aut\u00f2noms en la campanya de la RENDA a presentar en 2024<span class=\"ez-toc-section-end\"><\/span><\/h2>\n<h3><span class=\"ez-toc-section\" id=\"Ampliacio_de_la_deduccio_per_maternitat_a_partir_de_la_proxima_RENDA\"><\/span>Ampliaci\u00f3 de la deducci\u00f3 per maternitat a partir de la pr\u00f2xima RENDA<span class=\"ez-toc-section-end\"><\/span><\/h3>\n<p>La llei de pressupostos va incloure\u00a0canvis en la\u00a0deducci\u00f3 general de 100 euros al mes\u00a0o 1.200 euros anuals que\u00a0<strong>poden aplicar-se totes les mares aut\u00f2nomes o assalariades que tinguin fills menors de tres anys<\/strong>. Fins ara, Hisenda ha tingut un criteri consistent a restar d&#8217;aquest benefici fiscal cada mes que les mares estiguin\u00a0inactives i no hagin cotitzat. \u00c9s a dir, que en 2022 i per a la RENDA a presentar enguany, les treballadores per compte propi perdran\u00a0100 euros per cada mes que no hagin estat\u00a0donades d&#8217;alta en la Seguretat Social. Si per exemple es van donar de baixa dos mesos l&#8217;any passat, perdran 200 euros de deducci\u00f3.<\/p>\n<p>No obstant aix\u00f2, a partir d&#8217;enguany i\u00a0<strong>amb efectes en la pr\u00f2xima RENDA (a declarar en 2024)<\/strong>,\u00a0aix\u00f2 deixar\u00e0 en aquest cas. Hisenda ha modificat aquest criteri i ha\u00a0incl\u00f2s en els Pressupostos Generals de l&#8217;Estat un canvi que permet que\u00a0<strong>les aut\u00f2nomes\u00a0continuar cobrant aquests 1.200 euros a l&#8217;any de deducci\u00f3, sense cap retallada,\u00a0encara que s&#8217;hagin donat de baixa\u00a0<\/strong>i no hagin cotitzat durant algun mes.<\/p>\n<h3><span class=\"ez-toc-section\" id=\"Augment_de_les_despeses_de_dificil_justificacio_en_IRPF_per_a_autonoms_en_moduls_i_estimacio_directa\"><\/span>Augment de les despeses de dif\u00edcil justificaci\u00f3 en IRPF per a aut\u00f2noms en m\u00f2duls i estimaci\u00f3 directa<span class=\"ez-toc-section-end\"><\/span><\/h3>\n<p>Per al cas dels aut\u00f2noms en m\u00f2duls\u00a0que ja compten amb un ampliaci\u00f3 de les reduccions per a aquesta campanya de la RENDA, se&#8217;ls aplicar\u00e0 tamb\u00e9 una reducci\u00f3 en la seg\u00fcent declaraci\u00f3 d&#8217;IRPF, a presentar en 2024. En aquest cas, la reducci\u00f3 no ser\u00e0 del 15% com enguany, sin\u00f3\u00a0<strong>del 10%<\/strong>.<\/p>\n<p>A m\u00e9s, una altra de les mesures que es va incloure en els PGE \u00e9s <strong>l&#8217;augment\u00a0 del 5% al 7% de la reducci\u00f3 per despeses dedu\u00efbles dif\u00edcils de justificar per als aut\u00f2noms en estimaci\u00f3 directa<\/strong>.\u00a0Segons van estimar des d&#8217;Hisenda, aquesta rebaixa afectar\u00e0 \u00a0<strong>956.462 treballadors per compte propi<\/strong>.<\/p>\n<p>Per a beneficiar-se d&#8217;aquesta mesura nom\u00e9s hi haur\u00e0\u00a0que complir dues condicions que s\u00f3n \u00a0tributar per estimaci\u00f3 directa simplificada en IRPF i haver obtingut beneficis l&#8217;any anterior, que en aquest cas seria 2022. <strong>Aquesta reducci\u00f3 consisteix a aplicar un determinat percentatge sobre el benefici previ<\/strong>\u00a0de l&#8217;activitat. A partir de 2023 seria un 7%.<\/p>\n<p>&nbsp;<\/p>\n<article id=\"post-2337\" class=\"post-2337 post type-post status-publish format-standard has-post-thumbnail hentry category-noticias\">\n<div class=\"post_content_holder\">\n<div class=\"post_text\">\n<div class=\"post_text_inner\">\n<p>Si vols consultar m\u00e9s noticies: <a href=\"https:\/\/www.ariasassessors.com\/actualidad\/\">https:\/\/www.ariasassessors.com\/actualidad\/<\/a><\/p>\n<\/div>\n<\/div>\n<\/div>\n<\/article>\n<p>Noticia extreta: <a href=\"https:\/\/www.autonomosyemprendedor.es\/articulo\/actualidad\/autonomos-podran-presentar-proxima-declaracion-iva-papel-asi-hace-digitalmente\/20230328160039029823.html\">https:\/\/www.autonomosyemprendedor.es\/<\/a><\/p>\n","protected":false},"excerpt":{"rendered":"<p>Alguns sectors d&#8217;aut\u00f2noms tenen la possibilitat de minorar els seus rendiments en aquesta RENDA de 2023 Hisenda va aprovar diferents beneficis fiscals per a diversos col\u00b7lectius d&#8217;aut\u00f2noms amb els quals podran minorar els seus rendiments en aquesta RENDA de 2023. En aquesta campanya, alguns treballadors&#8230;<\/p>\n","protected":false},"author":2,"featured_media":2437,"comment_status":"open","ping_status":"open","sticky":false,"template":"","format":"standard","meta":{"footnotes":""},"categories":[4],"tags":[],"class_list":["post-2443","post","type-post","status-publish","format-standard","has-post-thumbnail","hentry","category-noticies"],"yoast_head":"<!-- This site is optimized with the Yoast SEO plugin v24.3 - https:\/\/yoast.com\/wordpress\/plugins\/seo\/ -->\n<title>Alguns sectors d&#039;aut\u00f2noms tenen la possibilitat de minorar els seus rendiments en aquesta RENDA de 2023 | Arias Assessors<\/title>\n<meta name=\"description\" content=\"Alguns treballadors per compte propi podran beneficiar-se de reduccions m\u00e9s elevades que altres anys i pagar menys impostos.\" \/>\n<meta name=\"robots\" content=\"index, follow, max-snippet:-1, max-image-preview:large, max-video-preview:-1\" \/>\n<link rel=\"canonical\" href=\"https:\/\/www.ariasassessors.com\/ca\/alguns-autonoms-tenen-posibilitat-minorar-rendiments-renda-2023\/\" \/>\n<meta property=\"og:locale\" content=\"ca_ES\" \/>\n<meta property=\"og:type\" content=\"article\" \/>\n<meta property=\"og:title\" content=\"Alguns sectors d&#039;aut\u00f2noms tenen la possibilitat de minorar els seus rendiments en aquesta RENDA de 2023 | Arias Assessors\" \/>\n<meta property=\"og:description\" content=\"Alguns treballadors per compte propi podran beneficiar-se de reduccions m\u00e9s elevades que altres anys i pagar menys impostos.\" \/>\n<meta property=\"og:url\" content=\"https:\/\/www.ariasassessors.com\/ca\/alguns-autonoms-tenen-posibilitat-minorar-rendiments-renda-2023\/\" \/>\n<meta property=\"og:site_name\" content=\"Arias Assessors\" \/>\n<meta property=\"article:publisher\" content=\"https:\/\/www.facebook.com\/ariasassessors\/\" \/>\n<meta property=\"article:published_time\" content=\"2023-04-17T08:44:02+00:00\" \/>\n<meta property=\"article:modified_time\" content=\"2023-04-17T08:46:50+00:00\" \/>\n<meta property=\"og:image\" content=\"https:\/\/www.ariasassessors.com\/wp-content\/uploads\/2023\/04\/Arias_Blog_IMAGEN_DESTACADA-14.png\" \/>\n\t<meta property=\"og:image:width\" content=\"1920\" \/>\n\t<meta property=\"og:image:height\" content=\"1202\" \/>\n\t<meta property=\"og:image:type\" content=\"image\/png\" \/>\n<meta name=\"author\" content=\"btorras\" \/>\n<meta name=\"twitter:card\" content=\"summary_large_image\" \/>\n<meta name=\"twitter:creator\" content=\"@ariasassessors\" \/>\n<meta name=\"twitter:site\" content=\"@ariasassessors\" \/>\n<meta name=\"twitter:label1\" content=\"Escrit per\" \/>\n\t<meta name=\"twitter:data1\" content=\"btorras\" \/>\n\t<meta name=\"twitter:label2\" content=\"Temps estimat de lectura\" \/>\n\t<meta name=\"twitter:data2\" content=\"6 minuts\" \/>\n<script type=\"application\/ld+json\" class=\"yoast-schema-graph\">{\"@context\":\"https:\/\/schema.org\",\"@graph\":[{\"@type\":\"Article\",\"@id\":\"https:\/\/www.ariasassessors.com\/ca\/alguns-autonoms-tenen-posibilitat-minorar-rendiments-renda-2023\/#article\",\"isPartOf\":{\"@id\":\"https:\/\/www.ariasassessors.com\/ca\/alguns-autonoms-tenen-posibilitat-minorar-rendiments-renda-2023\/\"},\"author\":{\"name\":\"btorras\",\"@id\":\"https:\/\/www.ariasassessors.com\/#\/schema\/person\/63c6ad1775f0a9413c37932562673cef\"},\"headline\":\"Alguns sectors d&#8217;aut\u00f2noms tenen la possibilitat de minorar els seus rendiments en aquesta RENDA de 2023\",\"datePublished\":\"2023-04-17T08:44:02+00:00\",\"dateModified\":\"2023-04-17T08:46:50+00:00\",\"mainEntityOfPage\":{\"@id\":\"https:\/\/www.ariasassessors.com\/ca\/alguns-autonoms-tenen-posibilitat-minorar-rendiments-renda-2023\/\"},\"wordCount\":1302,\"commentCount\":0,\"publisher\":{\"@id\":\"https:\/\/www.ariasassessors.com\/#organization\"},\"image\":{\"@id\":\"https:\/\/www.ariasassessors.com\/ca\/alguns-autonoms-tenen-posibilitat-minorar-rendiments-renda-2023\/#primaryimage\"},\"thumbnailUrl\":\"https:\/\/www.ariasassessors.com\/wp-content\/uploads\/2023\/04\/Arias_Blog_IMAGEN_DESTACADA-14.png\",\"articleSection\":[\"noticies\"],\"inLanguage\":\"ca\",\"potentialAction\":[{\"@type\":\"CommentAction\",\"name\":\"Comment\",\"target\":[\"https:\/\/www.ariasassessors.com\/ca\/alguns-autonoms-tenen-posibilitat-minorar-rendiments-renda-2023\/#respond\"]}]},{\"@type\":\"WebPage\",\"@id\":\"https:\/\/www.ariasassessors.com\/ca\/alguns-autonoms-tenen-posibilitat-minorar-rendiments-renda-2023\/\",\"url\":\"https:\/\/www.ariasassessors.com\/ca\/alguns-autonoms-tenen-posibilitat-minorar-rendiments-renda-2023\/\",\"name\":\"Alguns sectors d'aut\u00f2noms tenen la possibilitat de minorar els seus rendiments en aquesta RENDA de 2023 | Arias Assessors\",\"isPartOf\":{\"@id\":\"https:\/\/www.ariasassessors.com\/#website\"},\"primaryImageOfPage\":{\"@id\":\"https:\/\/www.ariasassessors.com\/ca\/alguns-autonoms-tenen-posibilitat-minorar-rendiments-renda-2023\/#primaryimage\"},\"image\":{\"@id\":\"https:\/\/www.ariasassessors.com\/ca\/alguns-autonoms-tenen-posibilitat-minorar-rendiments-renda-2023\/#primaryimage\"},\"thumbnailUrl\":\"https:\/\/www.ariasassessors.com\/wp-content\/uploads\/2023\/04\/Arias_Blog_IMAGEN_DESTACADA-14.png\",\"datePublished\":\"2023-04-17T08:44:02+00:00\",\"dateModified\":\"2023-04-17T08:46:50+00:00\",\"description\":\"Alguns treballadors per compte propi podran beneficiar-se de reduccions m\u00e9s elevades que altres anys i pagar menys impostos.\",\"breadcrumb\":{\"@id\":\"https:\/\/www.ariasassessors.com\/ca\/alguns-autonoms-tenen-posibilitat-minorar-rendiments-renda-2023\/#breadcrumb\"},\"inLanguage\":\"ca\",\"potentialAction\":[{\"@type\":\"ReadAction\",\"target\":[\"https:\/\/www.ariasassessors.com\/ca\/alguns-autonoms-tenen-posibilitat-minorar-rendiments-renda-2023\/\"]}]},{\"@type\":\"ImageObject\",\"inLanguage\":\"ca\",\"@id\":\"https:\/\/www.ariasassessors.com\/ca\/alguns-autonoms-tenen-posibilitat-minorar-rendiments-renda-2023\/#primaryimage\",\"url\":\"https:\/\/www.ariasassessors.com\/wp-content\/uploads\/2023\/04\/Arias_Blog_IMAGEN_DESTACADA-14.png\",\"contentUrl\":\"https:\/\/www.ariasassessors.com\/wp-content\/uploads\/2023\/04\/Arias_Blog_IMAGEN_DESTACADA-14.png\",\"width\":1920,\"height\":1202,\"caption\":\"Rendiments\"},{\"@type\":\"BreadcrumbList\",\"@id\":\"https:\/\/www.ariasassessors.com\/ca\/alguns-autonoms-tenen-posibilitat-minorar-rendiments-renda-2023\/#breadcrumb\",\"itemListElement\":[{\"@type\":\"ListItem\",\"position\":1,\"name\":\"Portada\",\"item\":\"https:\/\/www.ariasassessors.com\/ca\/\"},{\"@type\":\"ListItem\",\"position\":2,\"name\":\"Alguns sectors d&#8217;aut\u00f2noms tenen la possibilitat de minorar els seus rendiments en aquesta RENDA de 2023\"}]},{\"@type\":\"WebSite\",\"@id\":\"https:\/\/www.ariasassessors.com\/#website\",\"url\":\"https:\/\/www.ariasassessors.com\/\",\"name\":\"Arias Assessors\",\"description\":\"Asesor\u00eda para aut\u00f3nomos, profesionales y PYMES\",\"publisher\":{\"@id\":\"https:\/\/www.ariasassessors.com\/#organization\"},\"potentialAction\":[{\"@type\":\"SearchAction\",\"target\":{\"@type\":\"EntryPoint\",\"urlTemplate\":\"https:\/\/www.ariasassessors.com\/?s={search_term_string}\"},\"query-input\":{\"@type\":\"PropertyValueSpecification\",\"valueRequired\":true,\"valueName\":\"search_term_string\"}}],\"inLanguage\":\"ca\"},{\"@type\":\"Organization\",\"@id\":\"https:\/\/www.ariasassessors.com\/#organization\",\"name\":\"Arias Assessors\",\"url\":\"https:\/\/www.ariasassessors.com\/\",\"logo\":{\"@type\":\"ImageObject\",\"inLanguage\":\"ca\",\"@id\":\"https:\/\/www.ariasassessors.com\/#\/schema\/logo\/image\/\",\"url\":\"https:\/\/www.ariasassessors.com\/wp-content\/uploads\/2019\/01\/arias-logo.png\",\"contentUrl\":\"https:\/\/www.ariasassessors.com\/wp-content\/uploads\/2019\/01\/arias-logo.png\",\"width\":349,\"height\":254,\"caption\":\"Arias Assessors\"},\"image\":{\"@id\":\"https:\/\/www.ariasassessors.com\/#\/schema\/logo\/image\/\"},\"sameAs\":[\"https:\/\/www.facebook.com\/ariasassessors\/\",\"https:\/\/x.com\/ariasassessors\",\"https:\/\/www.linkedin.com\/company\/r&amp;amp;r-growing-knowledge\/\"]},{\"@type\":\"Person\",\"@id\":\"https:\/\/www.ariasassessors.com\/#\/schema\/person\/63c6ad1775f0a9413c37932562673cef\",\"name\":\"btorras\",\"image\":{\"@type\":\"ImageObject\",\"inLanguage\":\"ca\",\"@id\":\"https:\/\/www.ariasassessors.com\/#\/schema\/person\/image\/\",\"url\":\"https:\/\/secure.gravatar.com\/avatar\/0531db351fc361fdbfd204c58fa2d6a3?s=96&d=mm&r=g\",\"contentUrl\":\"https:\/\/secure.gravatar.com\/avatar\/0531db351fc361fdbfd204c58fa2d6a3?s=96&d=mm&r=g\",\"caption\":\"btorras\"}}]}<\/script>\n<!-- \/ Yoast SEO plugin. -->","yoast_head_json":{"title":"Alguns sectors d'aut\u00f2noms tenen la possibilitat de minorar els seus rendiments en aquesta RENDA de 2023 | Arias Assessors","description":"Alguns treballadors per compte propi podran beneficiar-se de reduccions m\u00e9s elevades que altres anys i pagar menys impostos.","robots":{"index":"index","follow":"follow","max-snippet":"max-snippet:-1","max-image-preview":"max-image-preview:large","max-video-preview":"max-video-preview:-1"},"canonical":"https:\/\/www.ariasassessors.com\/ca\/alguns-autonoms-tenen-posibilitat-minorar-rendiments-renda-2023\/","og_locale":"ca_ES","og_type":"article","og_title":"Alguns sectors d'aut\u00f2noms tenen la possibilitat de minorar els seus rendiments en aquesta RENDA de 2023 | Arias Assessors","og_description":"Alguns treballadors per compte propi podran beneficiar-se de reduccions m\u00e9s elevades que altres anys i pagar menys impostos.","og_url":"https:\/\/www.ariasassessors.com\/ca\/alguns-autonoms-tenen-posibilitat-minorar-rendiments-renda-2023\/","og_site_name":"Arias Assessors","article_publisher":"https:\/\/www.facebook.com\/ariasassessors\/","article_published_time":"2023-04-17T08:44:02+00:00","article_modified_time":"2023-04-17T08:46:50+00:00","og_image":[{"width":1920,"height":1202,"url":"https:\/\/www.ariasassessors.com\/wp-content\/uploads\/2023\/04\/Arias_Blog_IMAGEN_DESTACADA-14.png","type":"image\/png"}],"author":"btorras","twitter_card":"summary_large_image","twitter_creator":"@ariasassessors","twitter_site":"@ariasassessors","twitter_misc":{"Escrit per":"btorras","Temps estimat de lectura":"6 minuts"},"schema":{"@context":"https:\/\/schema.org","@graph":[{"@type":"Article","@id":"https:\/\/www.ariasassessors.com\/ca\/alguns-autonoms-tenen-posibilitat-minorar-rendiments-renda-2023\/#article","isPartOf":{"@id":"https:\/\/www.ariasassessors.com\/ca\/alguns-autonoms-tenen-posibilitat-minorar-rendiments-renda-2023\/"},"author":{"name":"btorras","@id":"https:\/\/www.ariasassessors.com\/#\/schema\/person\/63c6ad1775f0a9413c37932562673cef"},"headline":"Alguns sectors d&#8217;aut\u00f2noms tenen la possibilitat de minorar els seus rendiments en aquesta RENDA de 2023","datePublished":"2023-04-17T08:44:02+00:00","dateModified":"2023-04-17T08:46:50+00:00","mainEntityOfPage":{"@id":"https:\/\/www.ariasassessors.com\/ca\/alguns-autonoms-tenen-posibilitat-minorar-rendiments-renda-2023\/"},"wordCount":1302,"commentCount":0,"publisher":{"@id":"https:\/\/www.ariasassessors.com\/#organization"},"image":{"@id":"https:\/\/www.ariasassessors.com\/ca\/alguns-autonoms-tenen-posibilitat-minorar-rendiments-renda-2023\/#primaryimage"},"thumbnailUrl":"https:\/\/www.ariasassessors.com\/wp-content\/uploads\/2023\/04\/Arias_Blog_IMAGEN_DESTACADA-14.png","articleSection":["noticies"],"inLanguage":"ca","potentialAction":[{"@type":"CommentAction","name":"Comment","target":["https:\/\/www.ariasassessors.com\/ca\/alguns-autonoms-tenen-posibilitat-minorar-rendiments-renda-2023\/#respond"]}]},{"@type":"WebPage","@id":"https:\/\/www.ariasassessors.com\/ca\/alguns-autonoms-tenen-posibilitat-minorar-rendiments-renda-2023\/","url":"https:\/\/www.ariasassessors.com\/ca\/alguns-autonoms-tenen-posibilitat-minorar-rendiments-renda-2023\/","name":"Alguns sectors d'aut\u00f2noms tenen la possibilitat de minorar els seus rendiments en aquesta RENDA de 2023 | Arias Assessors","isPartOf":{"@id":"https:\/\/www.ariasassessors.com\/#website"},"primaryImageOfPage":{"@id":"https:\/\/www.ariasassessors.com\/ca\/alguns-autonoms-tenen-posibilitat-minorar-rendiments-renda-2023\/#primaryimage"},"image":{"@id":"https:\/\/www.ariasassessors.com\/ca\/alguns-autonoms-tenen-posibilitat-minorar-rendiments-renda-2023\/#primaryimage"},"thumbnailUrl":"https:\/\/www.ariasassessors.com\/wp-content\/uploads\/2023\/04\/Arias_Blog_IMAGEN_DESTACADA-14.png","datePublished":"2023-04-17T08:44:02+00:00","dateModified":"2023-04-17T08:46:50+00:00","description":"Alguns treballadors per compte propi podran beneficiar-se de reduccions m\u00e9s elevades que altres anys i pagar menys impostos.","breadcrumb":{"@id":"https:\/\/www.ariasassessors.com\/ca\/alguns-autonoms-tenen-posibilitat-minorar-rendiments-renda-2023\/#breadcrumb"},"inLanguage":"ca","potentialAction":[{"@type":"ReadAction","target":["https:\/\/www.ariasassessors.com\/ca\/alguns-autonoms-tenen-posibilitat-minorar-rendiments-renda-2023\/"]}]},{"@type":"ImageObject","inLanguage":"ca","@id":"https:\/\/www.ariasassessors.com\/ca\/alguns-autonoms-tenen-posibilitat-minorar-rendiments-renda-2023\/#primaryimage","url":"https:\/\/www.ariasassessors.com\/wp-content\/uploads\/2023\/04\/Arias_Blog_IMAGEN_DESTACADA-14.png","contentUrl":"https:\/\/www.ariasassessors.com\/wp-content\/uploads\/2023\/04\/Arias_Blog_IMAGEN_DESTACADA-14.png","width":1920,"height":1202,"caption":"Rendiments"},{"@type":"BreadcrumbList","@id":"https:\/\/www.ariasassessors.com\/ca\/alguns-autonoms-tenen-posibilitat-minorar-rendiments-renda-2023\/#breadcrumb","itemListElement":[{"@type":"ListItem","position":1,"name":"Portada","item":"https:\/\/www.ariasassessors.com\/ca\/"},{"@type":"ListItem","position":2,"name":"Alguns sectors d&#8217;aut\u00f2noms tenen la possibilitat de minorar els seus rendiments en aquesta RENDA de 2023"}]},{"@type":"WebSite","@id":"https:\/\/www.ariasassessors.com\/#website","url":"https:\/\/www.ariasassessors.com\/","name":"Arias Assessors","description":"Asesor\u00eda para aut\u00f3nomos, profesionales y PYMES","publisher":{"@id":"https:\/\/www.ariasassessors.com\/#organization"},"potentialAction":[{"@type":"SearchAction","target":{"@type":"EntryPoint","urlTemplate":"https:\/\/www.ariasassessors.com\/?s={search_term_string}"},"query-input":{"@type":"PropertyValueSpecification","valueRequired":true,"valueName":"search_term_string"}}],"inLanguage":"ca"},{"@type":"Organization","@id":"https:\/\/www.ariasassessors.com\/#organization","name":"Arias Assessors","url":"https:\/\/www.ariasassessors.com\/","logo":{"@type":"ImageObject","inLanguage":"ca","@id":"https:\/\/www.ariasassessors.com\/#\/schema\/logo\/image\/","url":"https:\/\/www.ariasassessors.com\/wp-content\/uploads\/2019\/01\/arias-logo.png","contentUrl":"https:\/\/www.ariasassessors.com\/wp-content\/uploads\/2019\/01\/arias-logo.png","width":349,"height":254,"caption":"Arias Assessors"},"image":{"@id":"https:\/\/www.ariasassessors.com\/#\/schema\/logo\/image\/"},"sameAs":["https:\/\/www.facebook.com\/ariasassessors\/","https:\/\/x.com\/ariasassessors","https:\/\/www.linkedin.com\/company\/r&amp;amp;r-growing-knowledge\/"]},{"@type":"Person","@id":"https:\/\/www.ariasassessors.com\/#\/schema\/person\/63c6ad1775f0a9413c37932562673cef","name":"btorras","image":{"@type":"ImageObject","inLanguage":"ca","@id":"https:\/\/www.ariasassessors.com\/#\/schema\/person\/image\/","url":"https:\/\/secure.gravatar.com\/avatar\/0531db351fc361fdbfd204c58fa2d6a3?s=96&d=mm&r=g","contentUrl":"https:\/\/secure.gravatar.com\/avatar\/0531db351fc361fdbfd204c58fa2d6a3?s=96&d=mm&r=g","caption":"btorras"}}]}},"_links":{"self":[{"href":"https:\/\/www.ariasassessors.com\/ca\/wp-json\/wp\/v2\/posts\/2443","targetHints":{"allow":["GET"]}}],"collection":[{"href":"https:\/\/www.ariasassessors.com\/ca\/wp-json\/wp\/v2\/posts"}],"about":[{"href":"https:\/\/www.ariasassessors.com\/ca\/wp-json\/wp\/v2\/types\/post"}],"author":[{"embeddable":true,"href":"https:\/\/www.ariasassessors.com\/ca\/wp-json\/wp\/v2\/users\/2"}],"replies":[{"embeddable":true,"href":"https:\/\/www.ariasassessors.com\/ca\/wp-json\/wp\/v2\/comments?post=2443"}],"version-history":[{"count":5,"href":"https:\/\/www.ariasassessors.com\/ca\/wp-json\/wp\/v2\/posts\/2443\/revisions"}],"predecessor-version":[{"id":2448,"href":"https:\/\/www.ariasassessors.com\/ca\/wp-json\/wp\/v2\/posts\/2443\/revisions\/2448"}],"wp:featuredmedia":[{"embeddable":true,"href":"https:\/\/www.ariasassessors.com\/ca\/wp-json\/wp\/v2\/media\/2437"}],"wp:attachment":[{"href":"https:\/\/www.ariasassessors.com\/ca\/wp-json\/wp\/v2\/media?parent=2443"}],"wp:term":[{"taxonomy":"category","embeddable":true,"href":"https:\/\/www.ariasassessors.com\/ca\/wp-json\/wp\/v2\/categories?post=2443"},{"taxonomy":"post_tag","embeddable":true,"href":"https:\/\/www.ariasassessors.com\/ca\/wp-json\/wp\/v2\/tags?post=2443"}],"curies":[{"name":"wp","href":"https:\/\/api.w.org\/{rel}","templated":true}]}}