{"id":2453,"date":"2023-04-17T14:28:54","date_gmt":"2023-04-17T12:28:54","guid":{"rendered":"https:\/\/www.ariasassessors.com\/?p=2453"},"modified":"2023-04-17T14:28:54","modified_gmt":"2023-04-17T12:28:54","slug":"els-autonoms-poden-contractar-un-empleat-menys-de-30-dies-si-sincrementa-la-seva-activitat","status":"publish","type":"post","link":"https:\/\/www.ariasassessors.com\/ca\/els-autonoms-poden-contractar-un-empleat-menys-de-30-dies-si-sincrementa-la-seva-activitat\/","title":{"rendered":"Els aut\u00f2noms poden contractar un empleat menys de 30 dies si s&#8217;incrementa la seva activitat"},"content":{"rendered":"<div id=\"ez-toc-container\" class=\"ez-toc-v2_0_72 counter-hierarchy ez-toc-counter ez-toc-grey ez-toc-container-direction\">\n<div class=\"ez-toc-title-container\">\n<p class=\"ez-toc-title\" style=\"cursor:inherit\">\u00cdndice de Contenidos<\/p>\n<span class=\"ez-toc-title-toggle\"><a href=\"#\" class=\"ez-toc-pull-right ez-toc-btn ez-toc-btn-xs ez-toc-btn-default ez-toc-toggle\" aria-label=\"Toggle Table of Content\"><span class=\"ez-toc-js-icon-con\"><span class=\"\"><span class=\"eztoc-hide\" style=\"display:none;\">Toggle<\/span><span class=\"ez-toc-icon-toggle-span\"><svg style=\"fill: #428bca;color:#428bca\" xmlns=\"http:\/\/www.w3.org\/2000\/svg\" class=\"list-377408\" width=\"20px\" height=\"20px\" viewBox=\"0 0 24 24\" fill=\"none\"><path d=\"M6 6H4v2h2V6zm14 0H8v2h12V6zM4 11h2v2H4v-2zm16 0H8v2h12v-2zM4 16h2v2H4v-2zm16 0H8v2h12v-2z\" fill=\"currentColor\"><\/path><\/svg><svg style=\"fill: #428bca;color:#428bca\" class=\"arrow-unsorted-368013\" xmlns=\"http:\/\/www.w3.org\/2000\/svg\" width=\"10px\" height=\"10px\" viewBox=\"0 0 24 24\" version=\"1.2\" baseProfile=\"tiny\"><path d=\"M18.2 9.3l-6.2-6.3-6.2 6.3c-.2.2-.3.4-.3.7s.1.5.3.7c.2.2.4.3.7.3h11c.3 0 .5-.1.7-.3.2-.2.3-.5.3-.7s-.1-.5-.3-.7zM5.8 14.7l6.2 6.3 6.2-6.3c.2-.2.3-.5.3-.7s-.1-.5-.3-.7c-.2-.2-.4-.3-.7-.3h-11c-.3 0-.5.1-.7.3-.2.2-.3.5-.3.7s.1.5.3.7z\"\/><\/svg><\/span><\/span><\/span><\/a><\/span><\/div>\n<nav><ul class='ez-toc-list ez-toc-list-level-1 eztoc-toggle-hide-by-default' ><li class='ez-toc-page-1 ez-toc-heading-level-1'><a class=\"ez-toc-link ez-toc-heading-1\" href=\"https:\/\/www.ariasassessors.com\/ca\/els-autonoms-poden-contractar-un-empleat-menys-de-30-dies-si-sincrementa-la-seva-activitat\/#Els_autonoms_poden_contractar_un_empleat_menys_de_30_dies_si_sincrementa_la_seva_activitat\" title=\"Els aut\u00f2noms poden contractar un empleat menys de 30 dies si s&#8217;incrementa la seva activitat\">Els aut\u00f2noms poden contractar un empleat menys de 30 dies si s&#8217;incrementa la seva activitat<\/a><ul class='ez-toc-list-level-2' ><li class='ez-toc-heading-level-2'><a class=\"ez-toc-link ez-toc-heading-2\" href=\"https:\/\/www.ariasassessors.com\/ca\/els-autonoms-poden-contractar-un-empleat-menys-de-30-dies-si-sincrementa-la-seva-activitat\/#Els_contractes_temporals_no_poden_excedir_90_dies_a_lany\" title=\"Els contractes temporals no poden excedir\u00a090 dies a l&#8217;any\">Els contractes temporals no poden excedir\u00a090 dies a l&#8217;any<\/a><\/li><li class='ez-toc-page-1 ez-toc-heading-level-2'><a class=\"ez-toc-link ez-toc-heading-3\" href=\"https:\/\/www.ariasassessors.com\/ca\/els-autonoms-poden-contractar-un-empleat-menys-de-30-dies-si-sincrementa-la-seva-activitat\/#El_Govern_eleva_la_penalitzacio_addicional_en_les_quotes_dels_contractes_inferiors_a_30_dies\" title=\"El Govern eleva la penalitzaci\u00f3 addicional en les quotes dels contractes inferiors a 30 dies\">El Govern eleva la penalitzaci\u00f3 addicional en les quotes dels contractes inferiors a 30 dies<\/a><\/li><\/ul><\/li><\/ul><\/nav><\/div>\n<h1><span class=\"ez-toc-section\" id=\"Els_autonoms_poden_contractar_un_empleat_menys_de_30_dies_si_sincrementa_la_seva_activitat\"><\/span>Els aut\u00f2noms poden contractar un empleat menys de 30 dies si s&#8217;incrementa la seva activitat<span class=\"ez-toc-section-end\"><\/span><\/h1>\n<p>Els aut\u00f2noms que tinguin pics d&#8217;activitat en per\u00edodes d&#8217;alta demanda poden contractar empleats menys de 30 dies. Tot dependr\u00e0 de la circumst\u00e0ncies i haur\u00e0 de ser justificat.<\/p>\n<p>Despr\u00e9s de la reforma laboral i la desaparici\u00f3 del contracte per obra i servei, els aut\u00f2noms poden formalitzar relacions laborals si la seva activitat aix\u00ed ho requereix.\u00a0L&#8217;advocat laboralista del bufet\u00a0AGM\u00a0advocats, Luis San Jos\u00e9\u00a0Gras, va recordar com poden utilitzar els aut\u00f2noms, especialment si tenen una alta demanda en la seva\u00a0activitat, els contractes temporals inferiors 30 dies que, en cap cas poden excedir de 90 dies a l&#8217;any. Aquest tipus de<strong> contractes poden ser \u00fatils\u00a0per a cobrir un pic inesperat de treball en la seva activitat, com succeeix, per exemple, per Setmana Santa o en el per\u00edode estival.<\/strong><\/p>\n<p>Abans de la reforma laboral del 2021,\u00a0\u201cten\u00edem fins a tres tipus de sup\u00f2sits pels quals pod\u00edem contractar per durada determinada: un era el derogat contracte per obra o servei determinat;\u00a0<strong>un altre el de circumst\u00e0ncies de la producci\u00f3 per l&#8217;acumulaci\u00f3 de tasques o exc\u00e9s de comandes sempre que aix\u00ed ho exigissin<\/strong>;\u00a0 i el d&#8217;interinitat, que canvia de denominaci\u00f3 i passa a dir-se de substituci\u00f3\u201d.<\/p>\n<p>Si un aut\u00f2nom, per les circumst\u00e0ncies de la seva producci\u00f3 ha de contractar personal,\u00a0<strong>haur\u00e0 de confeccionar el que es coneix com un contracte temporal de durada determinada.<\/strong> \u00c9s a dir, un acord laboral per a un determinat servei que\u00a0<strong>ha d&#8217;estar justificat i que ha de \u201cespecificar en l&#8217;objecte del contracte amb precisi\u00f3 i claredat la causa habilitant<\/strong>; les circumst\u00e0ncies concretes que ho justifiquen i la seva durada prevista\u201d. Tot dependr\u00e0, va aclarir l&#8217;advocat, de les circumst\u00e0ncies de la producci\u00f3.<\/p>\n<p>Els motius d&#8217;aquest contracte seran, segons diu la llei, &#8220;<strong>l&#8217;augment ocasional i imprevisible<\/strong>,\u00a0o aquelles oscil\u00b7lacions que generen un desajustament temporal d&#8217;ocupaci\u00f3 en l&#8217;empresa. Aquest tipus de contracte\u00a0<strong>no podr\u00e0<\/strong>\u00a0durar m\u00e9s de sis mesos, ampliables fins a altres sis mesos m\u00e9s&#8221;.\u00a0 En el cas que aquesta modalitat per circumst\u00e0ncies de la producci\u00f3 sigui\u00a0per a situacions ocasionals,\u00a0previsibles\u00a0i de durada redu\u00efda i delimitada,\u00a0nom\u00e9s es podr\u00e0 utilitzar durant\u00a090 dies i mai de manera continuada.<\/p>\n<p>\u00c9s a dir, caldria distingir entre\u00a0<strong>dues variants<\/strong>,\u00a0o b\u00e9 la causa \u00e9s\u00a0imprevisible o b\u00e9 \u00e9s previsible. Perqu\u00e8 un aut\u00f2nom pugui fer un contracte temporal d&#8217;aquest tipus quan la causa \u00e9s\u00a0imprevisible, <strong>la clau ser\u00e0 demostrar\u00a0si la\u00a0causa que obliga a contractar temporalment no es podia preveure de cap manera.<\/strong><\/p>\n<p>Per exemple, &#8220;imaginem un negoci\u00a0d&#8217;alimentaci\u00f3 o el bar d&#8217;un\u00a0poble\u00a0que abans no era\u00a0destinaci\u00f3 dels viatges de l&#8217;IMSERSO i, de sobte, comen\u00e7a a ser-ho durant uns mesos. Aix\u00f2 l&#8217;aut\u00f2nom no ho podia tenir en compte i podria refor\u00e7ar la seva plantilla per a\u00a0<strong>fer front a aquest augment de la demanda imprevisible.<\/strong>\u00a0O imaginem un negoci que es dediqu\u00e9s abans de l&#8217;esclat de la pand\u00e8mia a fabricar m\u00e0scares. Abans aquesta producci\u00f3 era poca per\u00f2, amb la crisi, l&#8217;empresa que les fabriqu\u00e9s segurament no tindria suficient plantilla i infraestructura per a fer front a aquest element imprevisible&#8221;, van explicar experts a aquest mitj\u00e0.<\/p>\n<h2><span class=\"ez-toc-section\" id=\"Els_contractes_temporals_no_poden_excedir_90_dies_a_lany\"><\/span>Els contractes temporals no poden excedir\u00a090 dies a l&#8217;any<span class=\"ez-toc-section-end\"><\/span><\/h2>\n<p>Seguint el mateix exemple, <strong>el contracte per circumst\u00e0ncies de la producci\u00f3 per causes previsibles aniria dirigit sobretot a hostaleria, van afirmar els\u00a0experts<\/strong>.\u00a0&#8220;Imaginem un restaurant que en un per\u00edode d&#8217;abril, maig juny o setembre i octubre,\u00a0ja sap que com tots els anys, hi haur\u00e0 m\u00e9s noces i batejos. O que per a Setmana Santa tindr\u00e0\u00a0 m\u00e9s sopars. Aix\u00f2 \u00e9s previsible, i pot fer un contracte per circumst\u00e0ncies de la producci\u00f3, per\u00f2 en aquest cas no es pot utilitzar durant un total de m\u00e9s de 90 dies per empresa i any,\u00a0contracti els treballadors que contracti. I a m\u00e9s,\u00a0<strong>haur\u00e0 de dividir-ho en blocs<\/strong>,\u00a0perqu\u00e8 no pot ser consecutiu. Aix\u00ed, per exemple, podria organitzar-se per a contractar temporals a l&#8217;estiu un mes, i per a octubre i novembre, dos mesos. <strong>Despr\u00e9s ja hauria de fer-los fixos<\/strong>&#8220;, van assenyalar els experts.<\/p>\n<h2><span class=\"ez-toc-section\" id=\"El_Govern_eleva_la_penalitzacio_addicional_en_les_quotes_dels_contractes_inferiors_a_30_dies\"><\/span>El Govern eleva la penalitzaci\u00f3 addicional en les quotes dels contractes inferiors a 30 dies<span class=\"ez-toc-section-end\"><\/span><\/h2>\n<p>A m\u00e9s de\u00a0la quota habitual a\u00a0la Seguretat Social, els aut\u00f2noms que formalitzin\u00a0contractes temporals inferiors a 30 dies ja estan pagant\u00a0un extra.\u00a0\u00a0<strong>El Govern va elevar\u00a0dels 27,53 euros a 29,74 euros la penalitzaci\u00f3 addicional en la quota<\/strong>\u00a0que hauran de pagar els aut\u00f2noms en aquests\u00a0contractes temporals. Aquest\u00a0plus en les cotitzacions va ser dissenyat\u00a0com a f\u00f3rmula per a\u00a0<strong><em>desincentivar que els negocis formalitzessin contractes curts despr\u00e9s de la reforma laboral de 2021.<\/em><\/strong><\/p>\n<p>Aquest augment del 8% va ser publicat el passat 31 de mar\u00e7 en el Butllet\u00ed Oficial de l&#8217;Estat en la nova ordre de bases de cotitzaci\u00f3 despr\u00e9s de l&#8217;aprovaci\u00f3 de la pujada del Salari M\u00ednim Interprofessional. Aquesta penalitzaci\u00f3, inclosa en el Reial decret llei 32\/2021, es calcula en funci\u00f3 a la base m\u00ednima de cotitzaci\u00f3 i que, igual que les altres, ha experimentat una pujada a l&#8217;inici del 2023. \u00c9s a dir,\u00a0<strong>aquesta penalitzaci\u00f3 es pagu\u00e9s en conjunt als costos laborals habituals de qualsevol assalariat.<\/strong><\/p>\n<p>Aquesta penalitzaci\u00f3\u00a0<strong>afecta directament alguns sectors, especialment en temporada alta, com la\u00a0hoteler\u00eda\u00a0o hostaleria<\/strong>. \u201c\u00c9s un altre cost laboral m\u00e9s. Tant de bo pogu\u00e9s aportar a tots els meus treballadors el millor contracte possible. Hi ha esdeveniments en els quals necessito nom\u00e9s un cambrer m\u00e9s. A m\u00e9s de pagar la seva cotitzaci\u00f3 haig de sumar-li una penalitzaci\u00f3 per ser un contracte inferior a 30 dies\u201d, va afirmar Jorge Yag\u00fce, aut\u00f2nom dedicat a la restauraci\u00f3 a la Costa del Sol.<\/p>\n<p>El treballador per compte propi va recon\u00e8ixer que la pujada del 8% no \u00e9s tan dr\u00e0stica, \u201ca penes s\u00f3n dos euros\u201d. No obstant aix\u00f2, l&#8217;aut\u00f2nom va afegir que \u201cdonar ocupaci\u00f3 hauria de ser premiat, no castigat amb m\u00e9s costos laborals\u201d. El restaurador va recon\u00e8ixer que es tracta d&#8217;una altra despesa m\u00e9s que haur\u00e0 d&#8217;assumir a la resta de costos fixos que asfixien\u00a0la seva activitat.<\/p>\n<p>Si vols consultar m\u00e9s not\u00edcies:<a href=\"https:\/\/www.ariasassessors.com\/ca\/actualitat\/\">\u00a0https:\/\/www.ariasassessors.com\/actualidad\/<\/a><\/p>\n<p>Not\u00edcia extreta de: <a href=\"https:\/\/www.autonomosyemprendedor.es\/articulo\/tu-negocio\/autonomos-pueden-contratar-empleado-menos-30-dias-incrementa-actividad\/20230411164845030002.html\">https:\/\/www.autonomosyemprendedor.es\/<\/a><\/p>\n","protected":false},"excerpt":{"rendered":"<p>Els aut\u00f2noms poden contractar un empleat menys de 30 dies si s&#8217;incrementa la seva activitat Els aut\u00f2noms que tinguin pics d&#8217;activitat en per\u00edodes d&#8217;alta demanda poden contractar empleats menys de 30 dies. Tot dependr\u00e0 de la circumst\u00e0ncies i haur\u00e0 de ser justificat. Despr\u00e9s de la&#8230;<\/p>\n","protected":false},"author":2,"featured_media":2451,"comment_status":"open","ping_status":"open","sticky":false,"template":"","format":"standard","meta":{"footnotes":""},"categories":[4],"tags":[],"class_list":["post-2453","post","type-post","status-publish","format-standard","has-post-thumbnail","hentry","category-noticies"],"yoast_head":"<!-- This site is optimized with the Yoast SEO plugin v24.3 - https:\/\/yoast.com\/wordpress\/plugins\/seo\/ -->\n<title>Els aut\u00f2noms poden contractar un empleat menys de 30 dies si s&#039;incrementa la seva activitat | Arias Assessors<\/title>\n<meta name=\"description\" content=\"Els aut\u00f2noms que tinguin pics d&#039;activitat en per\u00edodes d&#039;alta demanda poden contractar empleats menys de 30 dies.\" \/>\n<meta name=\"robots\" content=\"index, follow, max-snippet:-1, max-image-preview:large, max-video-preview:-1\" \/>\n<link rel=\"canonical\" href=\"https:\/\/www.ariasassessors.com\/ca\/els-autonoms-poden-contractar-un-empleat-menys-de-30-dies-si-sincrementa-la-seva-activitat\/\" \/>\n<meta property=\"og:locale\" content=\"ca_ES\" \/>\n<meta property=\"og:type\" content=\"article\" \/>\n<meta property=\"og:title\" content=\"Els aut\u00f2noms poden contractar un empleat menys de 30 dies si s&#039;incrementa la seva activitat | Arias Assessors\" \/>\n<meta property=\"og:description\" content=\"Els aut\u00f2noms que tinguin pics d&#039;activitat en per\u00edodes d&#039;alta demanda poden contractar empleats menys de 30 dies.\" \/>\n<meta property=\"og:url\" content=\"https:\/\/www.ariasassessors.com\/ca\/els-autonoms-poden-contractar-un-empleat-menys-de-30-dies-si-sincrementa-la-seva-activitat\/\" \/>\n<meta property=\"og:site_name\" content=\"Arias Assessors\" \/>\n<meta property=\"article:publisher\" content=\"https:\/\/www.facebook.com\/ariasassessors\/\" \/>\n<meta property=\"article:published_time\" content=\"2023-04-17T12:28:54+00:00\" \/>\n<meta property=\"og:image\" content=\"https:\/\/www.ariasassessors.com\/wp-content\/uploads\/2023\/04\/Arias_Blog_IMAGEN_DESTACADA-15.png\" \/>\n\t<meta property=\"og:image:width\" content=\"1920\" \/>\n\t<meta property=\"og:image:height\" content=\"1202\" \/>\n\t<meta property=\"og:image:type\" content=\"image\/png\" \/>\n<meta name=\"author\" content=\"btorras\" \/>\n<meta name=\"twitter:card\" content=\"summary_large_image\" \/>\n<meta name=\"twitter:creator\" content=\"@ariasassessors\" \/>\n<meta name=\"twitter:site\" content=\"@ariasassessors\" \/>\n<meta name=\"twitter:label1\" content=\"Escrit per\" \/>\n\t<meta name=\"twitter:data1\" content=\"btorras\" \/>\n\t<meta name=\"twitter:label2\" content=\"Temps estimat de lectura\" \/>\n\t<meta name=\"twitter:data2\" content=\"5 minuts\" \/>\n<script type=\"application\/ld+json\" class=\"yoast-schema-graph\">{\"@context\":\"https:\/\/schema.org\",\"@graph\":[{\"@type\":\"Article\",\"@id\":\"https:\/\/www.ariasassessors.com\/ca\/els-autonoms-poden-contractar-un-empleat-menys-de-30-dies-si-sincrementa-la-seva-activitat\/#article\",\"isPartOf\":{\"@id\":\"https:\/\/www.ariasassessors.com\/ca\/els-autonoms-poden-contractar-un-empleat-menys-de-30-dies-si-sincrementa-la-seva-activitat\/\"},\"author\":{\"name\":\"btorras\",\"@id\":\"https:\/\/www.ariasassessors.com\/#\/schema\/person\/63c6ad1775f0a9413c37932562673cef\"},\"headline\":\"Els aut\u00f2noms poden contractar un empleat menys de 30 dies si s&#8217;incrementa la seva activitat\",\"datePublished\":\"2023-04-17T12:28:54+00:00\",\"dateModified\":\"2023-04-17T12:28:54+00:00\",\"mainEntityOfPage\":{\"@id\":\"https:\/\/www.ariasassessors.com\/ca\/els-autonoms-poden-contractar-un-empleat-menys-de-30-dies-si-sincrementa-la-seva-activitat\/\"},\"wordCount\":1076,\"commentCount\":0,\"publisher\":{\"@id\":\"https:\/\/www.ariasassessors.com\/#organization\"},\"image\":{\"@id\":\"https:\/\/www.ariasassessors.com\/ca\/els-autonoms-poden-contractar-un-empleat-menys-de-30-dies-si-sincrementa-la-seva-activitat\/#primaryimage\"},\"thumbnailUrl\":\"https:\/\/www.ariasassessors.com\/wp-content\/uploads\/2023\/04\/Arias_Blog_IMAGEN_DESTACADA-15.png\",\"articleSection\":[\"noticies\"],\"inLanguage\":\"ca\",\"potentialAction\":[{\"@type\":\"CommentAction\",\"name\":\"Comment\",\"target\":[\"https:\/\/www.ariasassessors.com\/ca\/els-autonoms-poden-contractar-un-empleat-menys-de-30-dies-si-sincrementa-la-seva-activitat\/#respond\"]}]},{\"@type\":\"WebPage\",\"@id\":\"https:\/\/www.ariasassessors.com\/ca\/els-autonoms-poden-contractar-un-empleat-menys-de-30-dies-si-sincrementa-la-seva-activitat\/\",\"url\":\"https:\/\/www.ariasassessors.com\/ca\/els-autonoms-poden-contractar-un-empleat-menys-de-30-dies-si-sincrementa-la-seva-activitat\/\",\"name\":\"Els aut\u00f2noms poden contractar un empleat menys de 30 dies si s'incrementa la seva activitat | Arias Assessors\",\"isPartOf\":{\"@id\":\"https:\/\/www.ariasassessors.com\/#website\"},\"primaryImageOfPage\":{\"@id\":\"https:\/\/www.ariasassessors.com\/ca\/els-autonoms-poden-contractar-un-empleat-menys-de-30-dies-si-sincrementa-la-seva-activitat\/#primaryimage\"},\"image\":{\"@id\":\"https:\/\/www.ariasassessors.com\/ca\/els-autonoms-poden-contractar-un-empleat-menys-de-30-dies-si-sincrementa-la-seva-activitat\/#primaryimage\"},\"thumbnailUrl\":\"https:\/\/www.ariasassessors.com\/wp-content\/uploads\/2023\/04\/Arias_Blog_IMAGEN_DESTACADA-15.png\",\"datePublished\":\"2023-04-17T12:28:54+00:00\",\"dateModified\":\"2023-04-17T12:28:54+00:00\",\"description\":\"Els aut\u00f2noms que tinguin pics d'activitat en per\u00edodes d'alta demanda poden contractar empleats menys de 30 dies.\",\"breadcrumb\":{\"@id\":\"https:\/\/www.ariasassessors.com\/ca\/els-autonoms-poden-contractar-un-empleat-menys-de-30-dies-si-sincrementa-la-seva-activitat\/#breadcrumb\"},\"inLanguage\":\"ca\",\"potentialAction\":[{\"@type\":\"ReadAction\",\"target\":[\"https:\/\/www.ariasassessors.com\/ca\/els-autonoms-poden-contractar-un-empleat-menys-de-30-dies-si-sincrementa-la-seva-activitat\/\"]}]},{\"@type\":\"ImageObject\",\"inLanguage\":\"ca\",\"@id\":\"https:\/\/www.ariasassessors.com\/ca\/els-autonoms-poden-contractar-un-empleat-menys-de-30-dies-si-sincrementa-la-seva-activitat\/#primaryimage\",\"url\":\"https:\/\/www.ariasassessors.com\/wp-content\/uploads\/2023\/04\/Arias_Blog_IMAGEN_DESTACADA-15.png\",\"contentUrl\":\"https:\/\/www.ariasassessors.com\/wp-content\/uploads\/2023\/04\/Arias_Blog_IMAGEN_DESTACADA-15.png\",\"width\":1920,\"height\":1202,\"caption\":\"Aut\u00f3noms contracte empleats menys de 30 dies\"},{\"@type\":\"BreadcrumbList\",\"@id\":\"https:\/\/www.ariasassessors.com\/ca\/els-autonoms-poden-contractar-un-empleat-menys-de-30-dies-si-sincrementa-la-seva-activitat\/#breadcrumb\",\"itemListElement\":[{\"@type\":\"ListItem\",\"position\":1,\"name\":\"Portada\",\"item\":\"https:\/\/www.ariasassessors.com\/ca\/\"},{\"@type\":\"ListItem\",\"position\":2,\"name\":\"Els aut\u00f2noms poden contractar un empleat menys de 30 dies si s&#8217;incrementa la seva activitat\"}]},{\"@type\":\"WebSite\",\"@id\":\"https:\/\/www.ariasassessors.com\/#website\",\"url\":\"https:\/\/www.ariasassessors.com\/\",\"name\":\"Arias Assessors\",\"description\":\"Asesor\u00eda para aut\u00f3nomos, profesionales y PYMES\",\"publisher\":{\"@id\":\"https:\/\/www.ariasassessors.com\/#organization\"},\"potentialAction\":[{\"@type\":\"SearchAction\",\"target\":{\"@type\":\"EntryPoint\",\"urlTemplate\":\"https:\/\/www.ariasassessors.com\/?s={search_term_string}\"},\"query-input\":{\"@type\":\"PropertyValueSpecification\",\"valueRequired\":true,\"valueName\":\"search_term_string\"}}],\"inLanguage\":\"ca\"},{\"@type\":\"Organization\",\"@id\":\"https:\/\/www.ariasassessors.com\/#organization\",\"name\":\"Arias Assessors\",\"url\":\"https:\/\/www.ariasassessors.com\/\",\"logo\":{\"@type\":\"ImageObject\",\"inLanguage\":\"ca\",\"@id\":\"https:\/\/www.ariasassessors.com\/#\/schema\/logo\/image\/\",\"url\":\"https:\/\/www.ariasassessors.com\/wp-content\/uploads\/2019\/01\/arias-logo.png\",\"contentUrl\":\"https:\/\/www.ariasassessors.com\/wp-content\/uploads\/2019\/01\/arias-logo.png\",\"width\":349,\"height\":254,\"caption\":\"Arias Assessors\"},\"image\":{\"@id\":\"https:\/\/www.ariasassessors.com\/#\/schema\/logo\/image\/\"},\"sameAs\":[\"https:\/\/www.facebook.com\/ariasassessors\/\",\"https:\/\/x.com\/ariasassessors\",\"https:\/\/www.linkedin.com\/company\/r&amp;amp;r-growing-knowledge\/\"]},{\"@type\":\"Person\",\"@id\":\"https:\/\/www.ariasassessors.com\/#\/schema\/person\/63c6ad1775f0a9413c37932562673cef\",\"name\":\"btorras\",\"image\":{\"@type\":\"ImageObject\",\"inLanguage\":\"ca\",\"@id\":\"https:\/\/www.ariasassessors.com\/#\/schema\/person\/image\/\",\"url\":\"https:\/\/secure.gravatar.com\/avatar\/0531db351fc361fdbfd204c58fa2d6a3?s=96&d=mm&r=g\",\"contentUrl\":\"https:\/\/secure.gravatar.com\/avatar\/0531db351fc361fdbfd204c58fa2d6a3?s=96&d=mm&r=g\",\"caption\":\"btorras\"}}]}<\/script>\n<!-- \/ Yoast SEO plugin. -->","yoast_head_json":{"title":"Els aut\u00f2noms poden contractar un empleat menys de 30 dies si s'incrementa la seva activitat | Arias Assessors","description":"Els aut\u00f2noms que tinguin pics d'activitat en per\u00edodes d'alta demanda poden contractar empleats menys de 30 dies.","robots":{"index":"index","follow":"follow","max-snippet":"max-snippet:-1","max-image-preview":"max-image-preview:large","max-video-preview":"max-video-preview:-1"},"canonical":"https:\/\/www.ariasassessors.com\/ca\/els-autonoms-poden-contractar-un-empleat-menys-de-30-dies-si-sincrementa-la-seva-activitat\/","og_locale":"ca_ES","og_type":"article","og_title":"Els aut\u00f2noms poden contractar un empleat menys de 30 dies si s'incrementa la seva activitat | Arias Assessors","og_description":"Els aut\u00f2noms que tinguin pics d'activitat en per\u00edodes d'alta demanda poden contractar empleats menys de 30 dies.","og_url":"https:\/\/www.ariasassessors.com\/ca\/els-autonoms-poden-contractar-un-empleat-menys-de-30-dies-si-sincrementa-la-seva-activitat\/","og_site_name":"Arias Assessors","article_publisher":"https:\/\/www.facebook.com\/ariasassessors\/","article_published_time":"2023-04-17T12:28:54+00:00","og_image":[{"width":1920,"height":1202,"url":"https:\/\/www.ariasassessors.com\/wp-content\/uploads\/2023\/04\/Arias_Blog_IMAGEN_DESTACADA-15.png","type":"image\/png"}],"author":"btorras","twitter_card":"summary_large_image","twitter_creator":"@ariasassessors","twitter_site":"@ariasassessors","twitter_misc":{"Escrit per":"btorras","Temps estimat de lectura":"5 minuts"},"schema":{"@context":"https:\/\/schema.org","@graph":[{"@type":"Article","@id":"https:\/\/www.ariasassessors.com\/ca\/els-autonoms-poden-contractar-un-empleat-menys-de-30-dies-si-sincrementa-la-seva-activitat\/#article","isPartOf":{"@id":"https:\/\/www.ariasassessors.com\/ca\/els-autonoms-poden-contractar-un-empleat-menys-de-30-dies-si-sincrementa-la-seva-activitat\/"},"author":{"name":"btorras","@id":"https:\/\/www.ariasassessors.com\/#\/schema\/person\/63c6ad1775f0a9413c37932562673cef"},"headline":"Els aut\u00f2noms poden contractar un empleat menys de 30 dies si s&#8217;incrementa la seva activitat","datePublished":"2023-04-17T12:28:54+00:00","dateModified":"2023-04-17T12:28:54+00:00","mainEntityOfPage":{"@id":"https:\/\/www.ariasassessors.com\/ca\/els-autonoms-poden-contractar-un-empleat-menys-de-30-dies-si-sincrementa-la-seva-activitat\/"},"wordCount":1076,"commentCount":0,"publisher":{"@id":"https:\/\/www.ariasassessors.com\/#organization"},"image":{"@id":"https:\/\/www.ariasassessors.com\/ca\/els-autonoms-poden-contractar-un-empleat-menys-de-30-dies-si-sincrementa-la-seva-activitat\/#primaryimage"},"thumbnailUrl":"https:\/\/www.ariasassessors.com\/wp-content\/uploads\/2023\/04\/Arias_Blog_IMAGEN_DESTACADA-15.png","articleSection":["noticies"],"inLanguage":"ca","potentialAction":[{"@type":"CommentAction","name":"Comment","target":["https:\/\/www.ariasassessors.com\/ca\/els-autonoms-poden-contractar-un-empleat-menys-de-30-dies-si-sincrementa-la-seva-activitat\/#respond"]}]},{"@type":"WebPage","@id":"https:\/\/www.ariasassessors.com\/ca\/els-autonoms-poden-contractar-un-empleat-menys-de-30-dies-si-sincrementa-la-seva-activitat\/","url":"https:\/\/www.ariasassessors.com\/ca\/els-autonoms-poden-contractar-un-empleat-menys-de-30-dies-si-sincrementa-la-seva-activitat\/","name":"Els aut\u00f2noms poden contractar un empleat menys de 30 dies si s'incrementa la seva activitat | Arias Assessors","isPartOf":{"@id":"https:\/\/www.ariasassessors.com\/#website"},"primaryImageOfPage":{"@id":"https:\/\/www.ariasassessors.com\/ca\/els-autonoms-poden-contractar-un-empleat-menys-de-30-dies-si-sincrementa-la-seva-activitat\/#primaryimage"},"image":{"@id":"https:\/\/www.ariasassessors.com\/ca\/els-autonoms-poden-contractar-un-empleat-menys-de-30-dies-si-sincrementa-la-seva-activitat\/#primaryimage"},"thumbnailUrl":"https:\/\/www.ariasassessors.com\/wp-content\/uploads\/2023\/04\/Arias_Blog_IMAGEN_DESTACADA-15.png","datePublished":"2023-04-17T12:28:54+00:00","dateModified":"2023-04-17T12:28:54+00:00","description":"Els aut\u00f2noms que tinguin pics d'activitat en per\u00edodes d'alta demanda poden contractar empleats menys de 30 dies.","breadcrumb":{"@id":"https:\/\/www.ariasassessors.com\/ca\/els-autonoms-poden-contractar-un-empleat-menys-de-30-dies-si-sincrementa-la-seva-activitat\/#breadcrumb"},"inLanguage":"ca","potentialAction":[{"@type":"ReadAction","target":["https:\/\/www.ariasassessors.com\/ca\/els-autonoms-poden-contractar-un-empleat-menys-de-30-dies-si-sincrementa-la-seva-activitat\/"]}]},{"@type":"ImageObject","inLanguage":"ca","@id":"https:\/\/www.ariasassessors.com\/ca\/els-autonoms-poden-contractar-un-empleat-menys-de-30-dies-si-sincrementa-la-seva-activitat\/#primaryimage","url":"https:\/\/www.ariasassessors.com\/wp-content\/uploads\/2023\/04\/Arias_Blog_IMAGEN_DESTACADA-15.png","contentUrl":"https:\/\/www.ariasassessors.com\/wp-content\/uploads\/2023\/04\/Arias_Blog_IMAGEN_DESTACADA-15.png","width":1920,"height":1202,"caption":"Aut\u00f3noms contracte empleats menys de 30 dies"},{"@type":"BreadcrumbList","@id":"https:\/\/www.ariasassessors.com\/ca\/els-autonoms-poden-contractar-un-empleat-menys-de-30-dies-si-sincrementa-la-seva-activitat\/#breadcrumb","itemListElement":[{"@type":"ListItem","position":1,"name":"Portada","item":"https:\/\/www.ariasassessors.com\/ca\/"},{"@type":"ListItem","position":2,"name":"Els aut\u00f2noms poden contractar un empleat menys de 30 dies si s&#8217;incrementa la seva activitat"}]},{"@type":"WebSite","@id":"https:\/\/www.ariasassessors.com\/#website","url":"https:\/\/www.ariasassessors.com\/","name":"Arias Assessors","description":"Asesor\u00eda para aut\u00f3nomos, profesionales y PYMES","publisher":{"@id":"https:\/\/www.ariasassessors.com\/#organization"},"potentialAction":[{"@type":"SearchAction","target":{"@type":"EntryPoint","urlTemplate":"https:\/\/www.ariasassessors.com\/?s={search_term_string}"},"query-input":{"@type":"PropertyValueSpecification","valueRequired":true,"valueName":"search_term_string"}}],"inLanguage":"ca"},{"@type":"Organization","@id":"https:\/\/www.ariasassessors.com\/#organization","name":"Arias Assessors","url":"https:\/\/www.ariasassessors.com\/","logo":{"@type":"ImageObject","inLanguage":"ca","@id":"https:\/\/www.ariasassessors.com\/#\/schema\/logo\/image\/","url":"https:\/\/www.ariasassessors.com\/wp-content\/uploads\/2019\/01\/arias-logo.png","contentUrl":"https:\/\/www.ariasassessors.com\/wp-content\/uploads\/2019\/01\/arias-logo.png","width":349,"height":254,"caption":"Arias Assessors"},"image":{"@id":"https:\/\/www.ariasassessors.com\/#\/schema\/logo\/image\/"},"sameAs":["https:\/\/www.facebook.com\/ariasassessors\/","https:\/\/x.com\/ariasassessors","https:\/\/www.linkedin.com\/company\/r&amp;amp;r-growing-knowledge\/"]},{"@type":"Person","@id":"https:\/\/www.ariasassessors.com\/#\/schema\/person\/63c6ad1775f0a9413c37932562673cef","name":"btorras","image":{"@type":"ImageObject","inLanguage":"ca","@id":"https:\/\/www.ariasassessors.com\/#\/schema\/person\/image\/","url":"https:\/\/secure.gravatar.com\/avatar\/0531db351fc361fdbfd204c58fa2d6a3?s=96&d=mm&r=g","contentUrl":"https:\/\/secure.gravatar.com\/avatar\/0531db351fc361fdbfd204c58fa2d6a3?s=96&d=mm&r=g","caption":"btorras"}}]}},"_links":{"self":[{"href":"https:\/\/www.ariasassessors.com\/ca\/wp-json\/wp\/v2\/posts\/2453","targetHints":{"allow":["GET"]}}],"collection":[{"href":"https:\/\/www.ariasassessors.com\/ca\/wp-json\/wp\/v2\/posts"}],"about":[{"href":"https:\/\/www.ariasassessors.com\/ca\/wp-json\/wp\/v2\/types\/post"}],"author":[{"embeddable":true,"href":"https:\/\/www.ariasassessors.com\/ca\/wp-json\/wp\/v2\/users\/2"}],"replies":[{"embeddable":true,"href":"https:\/\/www.ariasassessors.com\/ca\/wp-json\/wp\/v2\/comments?post=2453"}],"version-history":[{"count":2,"href":"https:\/\/www.ariasassessors.com\/ca\/wp-json\/wp\/v2\/posts\/2453\/revisions"}],"predecessor-version":[{"id":2455,"href":"https:\/\/www.ariasassessors.com\/ca\/wp-json\/wp\/v2\/posts\/2453\/revisions\/2455"}],"wp:featuredmedia":[{"embeddable":true,"href":"https:\/\/www.ariasassessors.com\/ca\/wp-json\/wp\/v2\/media\/2451"}],"wp:attachment":[{"href":"https:\/\/www.ariasassessors.com\/ca\/wp-json\/wp\/v2\/media?parent=2453"}],"wp:term":[{"taxonomy":"category","embeddable":true,"href":"https:\/\/www.ariasassessors.com\/ca\/wp-json\/wp\/v2\/categories?post=2453"},{"taxonomy":"post_tag","embeddable":true,"href":"https:\/\/www.ariasassessors.com\/ca\/wp-json\/wp\/v2\/tags?post=2453"}],"curies":[{"name":"wp","href":"https:\/\/api.w.org\/{rel}","templated":true}]}}