{"id":2472,"date":"2023-04-19T14:36:57","date_gmt":"2023-04-19T12:36:57","guid":{"rendered":"https:\/\/www.ariasassessors.com\/?p=2472"},"modified":"2023-04-19T14:36:57","modified_gmt":"2023-04-19T12:36:57","slug":"campanya-de-la-renda-2022","status":"publish","type":"post","link":"https:\/\/www.ariasassessors.com\/ca\/campanya-de-la-renda-2022\/","title":{"rendered":"Arias Assessors: Destacats en La Sexta i Experts en Declaraci\u00f3 de la Renda 2022"},"content":{"rendered":"<div id=\"ez-toc-container\" class=\"ez-toc-v2_0_72 counter-hierarchy ez-toc-counter ez-toc-grey ez-toc-container-direction\">\n<div class=\"ez-toc-title-container\">\n<p class=\"ez-toc-title\" style=\"cursor:inherit\">\u00cdndice de Contenidos<\/p>\n<span class=\"ez-toc-title-toggle\"><a href=\"#\" class=\"ez-toc-pull-right ez-toc-btn ez-toc-btn-xs ez-toc-btn-default ez-toc-toggle\" aria-label=\"Toggle Table of Content\"><span class=\"ez-toc-js-icon-con\"><span class=\"\"><span class=\"eztoc-hide\" style=\"display:none;\">Toggle<\/span><span class=\"ez-toc-icon-toggle-span\"><svg style=\"fill: #428bca;color:#428bca\" xmlns=\"http:\/\/www.w3.org\/2000\/svg\" class=\"list-377408\" width=\"20px\" height=\"20px\" viewBox=\"0 0 24 24\" fill=\"none\"><path d=\"M6 6H4v2h2V6zm14 0H8v2h12V6zM4 11h2v2H4v-2zm16 0H8v2h12v-2zM4 16h2v2H4v-2zm16 0H8v2h12v-2z\" fill=\"currentColor\"><\/path><\/svg><svg style=\"fill: #428bca;color:#428bca\" class=\"arrow-unsorted-368013\" xmlns=\"http:\/\/www.w3.org\/2000\/svg\" width=\"10px\" height=\"10px\" viewBox=\"0 0 24 24\" version=\"1.2\" baseProfile=\"tiny\"><path d=\"M18.2 9.3l-6.2-6.3-6.2 6.3c-.2.2-.3.4-.3.7s.1.5.3.7c.2.2.4.3.7.3h11c.3 0 .5-.1.7-.3.2-.2.3-.5.3-.7s-.1-.5-.3-.7zM5.8 14.7l6.2 6.3 6.2-6.3c.2-.2.3-.5.3-.7s-.1-.5-.3-.7c-.2-.2-.4-.3-.7-.3h-11c-.3 0-.5.1-.7.3-.2.2-.3.5-.3.7s.1.5.3.7z\"\/><\/svg><\/span><\/span><\/span><\/a><\/span><\/div>\n<nav><ul class='ez-toc-list ez-toc-list-level-1 eztoc-toggle-hide-by-default' ><li class='ez-toc-page-1 ez-toc-heading-level-1'><a class=\"ez-toc-link ez-toc-heading-1\" href=\"https:\/\/www.ariasassessors.com\/ca\/campanya-de-la-renda-2022\/#Arias_Assessors_Destacats_en_La_Sexta_i_Experts_en_Declaracio_de_la_Renda_2022\" title=\"Arias\u00a0Assessors: Destacats en La Sexta i Experts en Declaraci\u00f3 de la Renda 2022\">Arias\u00a0Assessors: Destacats en La Sexta i Experts en Declaraci\u00f3 de la Renda 2022<\/a><ul class='ez-toc-list-level-2' ><li class='ez-toc-heading-level-2'><a class=\"ez-toc-link ez-toc-heading-2\" href=\"https:\/\/www.ariasassessors.com\/ca\/campanya-de-la-renda-2022\/#Declaracio_de_la_renda_2022_dates_clau_i_terminis_de_presentacio\" title=\"Declaraci\u00f3 de la renda 2022: dates clau i terminis de presentaci\u00f3\">Declaraci\u00f3 de la renda 2022: dates clau i terminis de presentaci\u00f3<\/a><\/li><li class='ez-toc-page-1 ez-toc-heading-level-2'><a class=\"ez-toc-link ez-toc-heading-3\" href=\"https:\/\/www.ariasassessors.com\/ca\/campanya-de-la-renda-2022\/#Documents_necessaris_per_a_realitzar_la_declaracio_de_la_renda\" title=\"Documents necessaris per a realitzar la declaraci\u00f3 de la renda\">Documents necessaris per a realitzar la declaraci\u00f3 de la renda<\/a><\/li><li class='ez-toc-page-1 ez-toc-heading-level-2'><a class=\"ez-toc-link ez-toc-heading-4\" href=\"https:\/\/www.ariasassessors.com\/ca\/campanya-de-la-renda-2022\/#Recomanacions_importants_per_a_realitzar_la_declaracio_de_la_renda\" title=\"Recomanacions importants per a realitzar la declaraci\u00f3 de la renda\">Recomanacions importants per a realitzar la declaraci\u00f3 de la renda<\/a><\/li><\/ul><\/li><\/ul><\/nav><\/div>\n<h1><span class=\"ez-toc-section\" id=\"Arias_Assessors_Destacats_en_La_Sexta_i_Experts_en_Declaracio_de_la_Renda_2022\"><\/span>Arias\u00a0Assessors: Destacats en La Sexta i Experts en Declaraci\u00f3 de la Renda 2022<span class=\"ez-toc-section-end\"><\/span><\/h1>\n<p>La declaraci\u00f3 de la renda \u00e9s una <strong>obligaci\u00f3 tribut\u00e0ria<\/strong> que tots els contribuents han de complir anualment per aix\u00f2 que des de <a href=\"https:\/\/www.lasexta.com\/\">La Sexta Not\u00edcies<\/a> ens van entrevistar per a con\u00e8ixer quals s\u00f3n els <strong>punts clau<\/strong> a tenir en compte a l&#8217;hora de realitzar la declaraci\u00f3 de la Renda del 2022.<\/p>\n<p>Adjuntem el curt de la Not\u00edcia.<\/p>\n<div style=\"width: 480px;\" class=\"wp-video\"><!--[if lt IE 9]><script>document.createElement('video');<\/script><![endif]-->\n<video class=\"wp-video-shortcode\" id=\"video-2472-1\" width=\"480\" height=\"848\" preload=\"metadata\" controls=\"controls\"><source type=\"video\/mp4\" src=\"https:\/\/www.ariasassessors.com\/wp-content\/uploads\/2023\/04\/Video-de-WhatsApp-2023-04-12-a-las-12.20.33.mp4?_=1\" \/><a href=\"https:\/\/www.ariasassessors.com\/wp-content\/uploads\/2023\/04\/Video-de-WhatsApp-2023-04-12-a-las-12.20.33.mp4\">https:\/\/www.ariasassessors.com\/wp-content\/uploads\/2023\/04\/Video-de-WhatsApp-2023-04-12-a-las-12.20.33.mp4<\/a><\/video><\/div>\n<p>En aquest article, t&#8217;oferim informaci\u00f3 detallada sobre la campanya de la renda 2022, <strong>els terminis de presentaci\u00f3, els documents necessaris<\/strong> i <strong>algunes recomanacions importants<\/strong> per a realitzar la teva declaraci\u00f3 de la renda correctament.<\/p>\n<h2><span class=\"ez-toc-section\" id=\"Declaracio_de_la_renda_2022_dates_clau_i_terminis_de_presentacio\"><\/span>\nDeclaraci\u00f3 de la renda 2022: dates clau i terminis de presentaci\u00f3<span class=\"ez-toc-section-end\"><\/span><\/h2>\n<p>La campanya de la renda 2022 a Espanya <strong>comen\u00e7a l&#8217;11 d&#8217;abril de 2023<\/strong> i<strong> finalitza el 30 de juny de 2023<\/strong>. \u00c9s fonamental presentar la declaraci\u00f3 de la renda dins d&#8217;aquest termini per a evitar sancions i rec\u00e0rrecs. Encara que sempre \u00e9s recomanable fer-ho al m\u00e9s aviat possible per a prevenir inconvenients d&#8217;\u00faltima hora.<\/p>\n<h2><span class=\"ez-toc-section\" id=\"Documents_necessaris_per_a_realitzar_la_declaracio_de_la_renda\"><\/span>\nDocuments necessaris per a realitzar la declaraci\u00f3 de la renda<span class=\"ez-toc-section-end\"><\/span><\/h2>\n<p>Abans de comen\u00e7ar a realitzar la declaraci\u00f3 de la renda, \u00e9s crucial tenir a m\u00e0 tots els documents necessaris per a complir amb l&#8217;obligaci\u00f3 tribut\u00e0ria. Aquests s\u00f3n els documents que necessitar\u00e0s per a fer la declaraci\u00f3 de la renda:<\/p>\n<p><strong>\u00a0&#8211; Certificat de retencions em\u00e8s pel pagador.<\/strong><br \/>\n<strong>\u00a0&#8211; Certificat de les aportacions a plans de pensions i a altres plans de previsi\u00f3 social.<\/strong><br \/>\n<strong>\u00a0&#8211; Certificat dels rendiments de comptes bancaris i dip\u00f2sits.<\/strong><br \/>\n<strong>\u00a0&#8211; Factures de les despeses dedu\u00efbles (habitatge, donatius, etc.).<\/strong><br \/>\n<strong>\u00a0&#8211; Informaci\u00f3 sobre la venda d&#8217;accions o b\u00e9ns immobles.<\/strong><br \/>\n<strong>\u00a0&#8211; Informaci\u00f3 sobre l&#8217;obtenci\u00f3 de subvencions o ajudes p\u00fabliques.<\/strong><\/p>\n<h2><span class=\"ez-toc-section\" id=\"Recomanacions_importants_per_a_realitzar_la_declaracio_de_la_renda\"><\/span>\nRecomanacions importants per a realitzar la declaraci\u00f3 de la renda<span class=\"ez-toc-section-end\"><\/span><\/h2>\n<p>&#8211; Comprova que les <strong>dades fiscals<\/strong> estan correctes abans de comen\u00e7ar a fer la declaraci\u00f3.<br \/>\n&#8211; Revisa les <strong>dades dels ingressos i despeses<\/strong> per a evitar errors en la declaraci\u00f3.<br \/>\n&#8211; Verifica les <strong>deduccions auton\u00f2miques<\/strong> que s&#8217;apliquen en cada comunitat aut\u00f2noma.<br \/>\n&#8211; Si tens dubtes, sol\u00b7licita<strong> ajuda<\/strong> d&#8217;un professional.<\/p>\n<p>La campanya de la renda 2022 ja ha comen\u00e7at, i \u00e9s essencial complir amb l&#8217;obligaci\u00f3 tribut\u00e0ria en els terminis establerts. Recorda tenir a m\u00e0 tots els documents necessaris i seguir les recomanacions que t&#8217;hem proporcionat per a evitar sancions i rec\u00e0rrecs. Si necessites ajuda, no dubtis a contactar amb un professional.<\/p>\n<p>Si vols consultar m\u00e9s not\u00edcies: <a href=\"https:\/\/www.ariasassessors.com\/ca\/actualitat\/\">https:\/\/www.ariasassessors.com\/ca\/actualitat\/<\/a><\/p>\n","protected":false},"excerpt":{"rendered":"<p>Arias\u00a0Assessors: Destacats en La Sexta i Experts en Declaraci\u00f3 de la Renda 2022 La declaraci\u00f3 de la renda \u00e9s una obligaci\u00f3 tribut\u00e0ria que tots els contribuents han de complir anualment per aix\u00f2 que des de La Sexta Not\u00edcies ens van entrevistar per a con\u00e8ixer quals&#8230;<\/p>\n","protected":false},"author":2,"featured_media":2470,"comment_status":"open","ping_status":"open","sticky":false,"template":"","format":"standard","meta":{"footnotes":""},"categories":[4],"tags":[],"class_list":["post-2472","post","type-post","status-publish","format-standard","has-post-thumbnail","hentry","category-noticies"],"yoast_head":"<!-- This site is optimized with the Yoast SEO plugin v24.3 - https:\/\/yoast.com\/wordpress\/plugins\/seo\/ -->\n<title>Arias Assessors: Destacats en La Sexta i Experts en Declaraci\u00f3 de la Renda 2022 | Arias Assessors<\/title>\n<meta name=\"description\" content=\"Arias Assessors: Destacats en La Sexta i Experts en Declaraci\u00f3 de la Renda 2022. Tots els punts clau a tenir en compte aquest 2023.\" \/>\n<meta name=\"robots\" content=\"index, follow, max-snippet:-1, max-image-preview:large, max-video-preview:-1\" \/>\n<link rel=\"canonical\" href=\"https:\/\/www.ariasassessors.com\/ca\/campanya-de-la-renda-2022\/\" \/>\n<meta property=\"og:locale\" content=\"ca_ES\" \/>\n<meta property=\"og:type\" content=\"article\" \/>\n<meta property=\"og:title\" content=\"Arias Assessors: Destacats en La Sexta i Experts en Declaraci\u00f3 de la Renda 2022 | Arias Assessors\" \/>\n<meta property=\"og:description\" content=\"Arias Assessors: Destacats en La Sexta i Experts en Declaraci\u00f3 de la Renda 2022. Tots els punts clau a tenir en compte aquest 2023.\" \/>\n<meta property=\"og:url\" content=\"https:\/\/www.ariasassessors.com\/ca\/campanya-de-la-renda-2022\/\" \/>\n<meta property=\"og:site_name\" content=\"Arias Assessors\" \/>\n<meta property=\"article:publisher\" content=\"https:\/\/www.facebook.com\/ariasassessors\/\" \/>\n<meta property=\"article:published_time\" content=\"2023-04-19T12:36:57+00:00\" \/>\n<meta property=\"og:image\" content=\"https:\/\/www.ariasassessors.com\/wp-content\/uploads\/2023\/04\/Arias_Blog_IMAGEN_DESTACADA-18.png\" \/>\n\t<meta property=\"og:image:width\" content=\"1920\" \/>\n\t<meta property=\"og:image:height\" content=\"1202\" \/>\n\t<meta property=\"og:image:type\" content=\"image\/png\" \/>\n<meta name=\"author\" content=\"btorras\" \/>\n<meta name=\"twitter:card\" content=\"summary_large_image\" \/>\n<meta name=\"twitter:creator\" content=\"@ariasassessors\" \/>\n<meta name=\"twitter:site\" content=\"@ariasassessors\" \/>\n<meta name=\"twitter:label1\" content=\"Escrit per\" \/>\n\t<meta name=\"twitter:data1\" content=\"btorras\" \/>\n\t<meta name=\"twitter:label2\" content=\"Temps estimat de lectura\" \/>\n\t<meta name=\"twitter:data2\" content=\"2 minuts\" \/>\n<script type=\"application\/ld+json\" class=\"yoast-schema-graph\">{\"@context\":\"https:\/\/schema.org\",\"@graph\":[{\"@type\":\"Article\",\"@id\":\"https:\/\/www.ariasassessors.com\/ca\/campanya-de-la-renda-2022\/#article\",\"isPartOf\":{\"@id\":\"https:\/\/www.ariasassessors.com\/ca\/campanya-de-la-renda-2022\/\"},\"author\":{\"name\":\"btorras\",\"@id\":\"https:\/\/www.ariasassessors.com\/#\/schema\/person\/63c6ad1775f0a9413c37932562673cef\"},\"headline\":\"Arias Assessors: Destacats en La Sexta i Experts en Declaraci\u00f3 de la Renda 2022\",\"datePublished\":\"2023-04-19T12:36:57+00:00\",\"dateModified\":\"2023-04-19T12:36:57+00:00\",\"mainEntityOfPage\":{\"@id\":\"https:\/\/www.ariasassessors.com\/ca\/campanya-de-la-renda-2022\/\"},\"wordCount\":446,\"commentCount\":0,\"publisher\":{\"@id\":\"https:\/\/www.ariasassessors.com\/#organization\"},\"image\":{\"@id\":\"https:\/\/www.ariasassessors.com\/ca\/campanya-de-la-renda-2022\/#primaryimage\"},\"thumbnailUrl\":\"https:\/\/www.ariasassessors.com\/wp-content\/uploads\/2023\/04\/Arias_Blog_IMAGEN_DESTACADA-18.png\",\"articleSection\":[\"noticies\"],\"inLanguage\":\"ca\",\"potentialAction\":[{\"@type\":\"CommentAction\",\"name\":\"Comment\",\"target\":[\"https:\/\/www.ariasassessors.com\/ca\/campanya-de-la-renda-2022\/#respond\"]}]},{\"@type\":\"WebPage\",\"@id\":\"https:\/\/www.ariasassessors.com\/ca\/campanya-de-la-renda-2022\/\",\"url\":\"https:\/\/www.ariasassessors.com\/ca\/campanya-de-la-renda-2022\/\",\"name\":\"Arias Assessors: Destacats en La Sexta i Experts en Declaraci\u00f3 de la Renda 2022 | Arias Assessors\",\"isPartOf\":{\"@id\":\"https:\/\/www.ariasassessors.com\/#website\"},\"primaryImageOfPage\":{\"@id\":\"https:\/\/www.ariasassessors.com\/ca\/campanya-de-la-renda-2022\/#primaryimage\"},\"image\":{\"@id\":\"https:\/\/www.ariasassessors.com\/ca\/campanya-de-la-renda-2022\/#primaryimage\"},\"thumbnailUrl\":\"https:\/\/www.ariasassessors.com\/wp-content\/uploads\/2023\/04\/Arias_Blog_IMAGEN_DESTACADA-18.png\",\"datePublished\":\"2023-04-19T12:36:57+00:00\",\"dateModified\":\"2023-04-19T12:36:57+00:00\",\"description\":\"Arias Assessors: Destacats en La Sexta i Experts en Declaraci\u00f3 de la Renda 2022. Tots els punts clau a tenir en compte aquest 2023.\",\"breadcrumb\":{\"@id\":\"https:\/\/www.ariasassessors.com\/ca\/campanya-de-la-renda-2022\/#breadcrumb\"},\"inLanguage\":\"ca\",\"potentialAction\":[{\"@type\":\"ReadAction\",\"target\":[\"https:\/\/www.ariasassessors.com\/ca\/campanya-de-la-renda-2022\/\"]}]},{\"@type\":\"ImageObject\",\"inLanguage\":\"ca\",\"@id\":\"https:\/\/www.ariasassessors.com\/ca\/campanya-de-la-renda-2022\/#primaryimage\",\"url\":\"https:\/\/www.ariasassessors.com\/wp-content\/uploads\/2023\/04\/Arias_Blog_IMAGEN_DESTACADA-18.png\",\"contentUrl\":\"https:\/\/www.ariasassessors.com\/wp-content\/uploads\/2023\/04\/Arias_Blog_IMAGEN_DESTACADA-18.png\",\"width\":1920,\"height\":1202,\"caption\":\"Arias Assessors\"},{\"@type\":\"BreadcrumbList\",\"@id\":\"https:\/\/www.ariasassessors.com\/ca\/campanya-de-la-renda-2022\/#breadcrumb\",\"itemListElement\":[{\"@type\":\"ListItem\",\"position\":1,\"name\":\"Portada\",\"item\":\"https:\/\/www.ariasassessors.com\/ca\/\"},{\"@type\":\"ListItem\",\"position\":2,\"name\":\"Arias Assessors: Destacats en La Sexta i Experts en Declaraci\u00f3 de la Renda 2022\"}]},{\"@type\":\"WebSite\",\"@id\":\"https:\/\/www.ariasassessors.com\/#website\",\"url\":\"https:\/\/www.ariasassessors.com\/\",\"name\":\"Arias Assessors\",\"description\":\"Asesor\u00eda para aut\u00f3nomos, profesionales y PYMES\",\"publisher\":{\"@id\":\"https:\/\/www.ariasassessors.com\/#organization\"},\"potentialAction\":[{\"@type\":\"SearchAction\",\"target\":{\"@type\":\"EntryPoint\",\"urlTemplate\":\"https:\/\/www.ariasassessors.com\/?s={search_term_string}\"},\"query-input\":{\"@type\":\"PropertyValueSpecification\",\"valueRequired\":true,\"valueName\":\"search_term_string\"}}],\"inLanguage\":\"ca\"},{\"@type\":\"Organization\",\"@id\":\"https:\/\/www.ariasassessors.com\/#organization\",\"name\":\"Arias Assessors\",\"url\":\"https:\/\/www.ariasassessors.com\/\",\"logo\":{\"@type\":\"ImageObject\",\"inLanguage\":\"ca\",\"@id\":\"https:\/\/www.ariasassessors.com\/#\/schema\/logo\/image\/\",\"url\":\"https:\/\/www.ariasassessors.com\/wp-content\/uploads\/2019\/01\/arias-logo.png\",\"contentUrl\":\"https:\/\/www.ariasassessors.com\/wp-content\/uploads\/2019\/01\/arias-logo.png\",\"width\":349,\"height\":254,\"caption\":\"Arias Assessors\"},\"image\":{\"@id\":\"https:\/\/www.ariasassessors.com\/#\/schema\/logo\/image\/\"},\"sameAs\":[\"https:\/\/www.facebook.com\/ariasassessors\/\",\"https:\/\/x.com\/ariasassessors\",\"https:\/\/www.linkedin.com\/company\/r&amp;amp;r-growing-knowledge\/\"]},{\"@type\":\"Person\",\"@id\":\"https:\/\/www.ariasassessors.com\/#\/schema\/person\/63c6ad1775f0a9413c37932562673cef\",\"name\":\"btorras\",\"image\":{\"@type\":\"ImageObject\",\"inLanguage\":\"ca\",\"@id\":\"https:\/\/www.ariasassessors.com\/#\/schema\/person\/image\/\",\"url\":\"https:\/\/secure.gravatar.com\/avatar\/0531db351fc361fdbfd204c58fa2d6a3?s=96&d=mm&r=g\",\"contentUrl\":\"https:\/\/secure.gravatar.com\/avatar\/0531db351fc361fdbfd204c58fa2d6a3?s=96&d=mm&r=g\",\"caption\":\"btorras\"}}]}<\/script>\n<!-- \/ Yoast SEO plugin. -->","yoast_head_json":{"title":"Arias Assessors: Destacats en La Sexta i Experts en Declaraci\u00f3 de la Renda 2022 | Arias Assessors","description":"Arias Assessors: Destacats en La Sexta i Experts en Declaraci\u00f3 de la Renda 2022. Tots els punts clau a tenir en compte aquest 2023.","robots":{"index":"index","follow":"follow","max-snippet":"max-snippet:-1","max-image-preview":"max-image-preview:large","max-video-preview":"max-video-preview:-1"},"canonical":"https:\/\/www.ariasassessors.com\/ca\/campanya-de-la-renda-2022\/","og_locale":"ca_ES","og_type":"article","og_title":"Arias Assessors: Destacats en La Sexta i Experts en Declaraci\u00f3 de la Renda 2022 | Arias Assessors","og_description":"Arias Assessors: Destacats en La Sexta i Experts en Declaraci\u00f3 de la Renda 2022. Tots els punts clau a tenir en compte aquest 2023.","og_url":"https:\/\/www.ariasassessors.com\/ca\/campanya-de-la-renda-2022\/","og_site_name":"Arias Assessors","article_publisher":"https:\/\/www.facebook.com\/ariasassessors\/","article_published_time":"2023-04-19T12:36:57+00:00","og_image":[{"width":1920,"height":1202,"url":"https:\/\/www.ariasassessors.com\/wp-content\/uploads\/2023\/04\/Arias_Blog_IMAGEN_DESTACADA-18.png","type":"image\/png"}],"author":"btorras","twitter_card":"summary_large_image","twitter_creator":"@ariasassessors","twitter_site":"@ariasassessors","twitter_misc":{"Escrit per":"btorras","Temps estimat de lectura":"2 minuts"},"schema":{"@context":"https:\/\/schema.org","@graph":[{"@type":"Article","@id":"https:\/\/www.ariasassessors.com\/ca\/campanya-de-la-renda-2022\/#article","isPartOf":{"@id":"https:\/\/www.ariasassessors.com\/ca\/campanya-de-la-renda-2022\/"},"author":{"name":"btorras","@id":"https:\/\/www.ariasassessors.com\/#\/schema\/person\/63c6ad1775f0a9413c37932562673cef"},"headline":"Arias Assessors: Destacats en La Sexta i Experts en Declaraci\u00f3 de la Renda 2022","datePublished":"2023-04-19T12:36:57+00:00","dateModified":"2023-04-19T12:36:57+00:00","mainEntityOfPage":{"@id":"https:\/\/www.ariasassessors.com\/ca\/campanya-de-la-renda-2022\/"},"wordCount":446,"commentCount":0,"publisher":{"@id":"https:\/\/www.ariasassessors.com\/#organization"},"image":{"@id":"https:\/\/www.ariasassessors.com\/ca\/campanya-de-la-renda-2022\/#primaryimage"},"thumbnailUrl":"https:\/\/www.ariasassessors.com\/wp-content\/uploads\/2023\/04\/Arias_Blog_IMAGEN_DESTACADA-18.png","articleSection":["noticies"],"inLanguage":"ca","potentialAction":[{"@type":"CommentAction","name":"Comment","target":["https:\/\/www.ariasassessors.com\/ca\/campanya-de-la-renda-2022\/#respond"]}]},{"@type":"WebPage","@id":"https:\/\/www.ariasassessors.com\/ca\/campanya-de-la-renda-2022\/","url":"https:\/\/www.ariasassessors.com\/ca\/campanya-de-la-renda-2022\/","name":"Arias Assessors: Destacats en La Sexta i Experts en Declaraci\u00f3 de la Renda 2022 | Arias Assessors","isPartOf":{"@id":"https:\/\/www.ariasassessors.com\/#website"},"primaryImageOfPage":{"@id":"https:\/\/www.ariasassessors.com\/ca\/campanya-de-la-renda-2022\/#primaryimage"},"image":{"@id":"https:\/\/www.ariasassessors.com\/ca\/campanya-de-la-renda-2022\/#primaryimage"},"thumbnailUrl":"https:\/\/www.ariasassessors.com\/wp-content\/uploads\/2023\/04\/Arias_Blog_IMAGEN_DESTACADA-18.png","datePublished":"2023-04-19T12:36:57+00:00","dateModified":"2023-04-19T12:36:57+00:00","description":"Arias Assessors: Destacats en La Sexta i Experts en Declaraci\u00f3 de la Renda 2022. Tots els punts clau a tenir en compte aquest 2023.","breadcrumb":{"@id":"https:\/\/www.ariasassessors.com\/ca\/campanya-de-la-renda-2022\/#breadcrumb"},"inLanguage":"ca","potentialAction":[{"@type":"ReadAction","target":["https:\/\/www.ariasassessors.com\/ca\/campanya-de-la-renda-2022\/"]}]},{"@type":"ImageObject","inLanguage":"ca","@id":"https:\/\/www.ariasassessors.com\/ca\/campanya-de-la-renda-2022\/#primaryimage","url":"https:\/\/www.ariasassessors.com\/wp-content\/uploads\/2023\/04\/Arias_Blog_IMAGEN_DESTACADA-18.png","contentUrl":"https:\/\/www.ariasassessors.com\/wp-content\/uploads\/2023\/04\/Arias_Blog_IMAGEN_DESTACADA-18.png","width":1920,"height":1202,"caption":"Arias Assessors"},{"@type":"BreadcrumbList","@id":"https:\/\/www.ariasassessors.com\/ca\/campanya-de-la-renda-2022\/#breadcrumb","itemListElement":[{"@type":"ListItem","position":1,"name":"Portada","item":"https:\/\/www.ariasassessors.com\/ca\/"},{"@type":"ListItem","position":2,"name":"Arias Assessors: Destacats en La Sexta i Experts en Declaraci\u00f3 de la Renda 2022"}]},{"@type":"WebSite","@id":"https:\/\/www.ariasassessors.com\/#website","url":"https:\/\/www.ariasassessors.com\/","name":"Arias Assessors","description":"Asesor\u00eda para aut\u00f3nomos, profesionales y PYMES","publisher":{"@id":"https:\/\/www.ariasassessors.com\/#organization"},"potentialAction":[{"@type":"SearchAction","target":{"@type":"EntryPoint","urlTemplate":"https:\/\/www.ariasassessors.com\/?s={search_term_string}"},"query-input":{"@type":"PropertyValueSpecification","valueRequired":true,"valueName":"search_term_string"}}],"inLanguage":"ca"},{"@type":"Organization","@id":"https:\/\/www.ariasassessors.com\/#organization","name":"Arias Assessors","url":"https:\/\/www.ariasassessors.com\/","logo":{"@type":"ImageObject","inLanguage":"ca","@id":"https:\/\/www.ariasassessors.com\/#\/schema\/logo\/image\/","url":"https:\/\/www.ariasassessors.com\/wp-content\/uploads\/2019\/01\/arias-logo.png","contentUrl":"https:\/\/www.ariasassessors.com\/wp-content\/uploads\/2019\/01\/arias-logo.png","width":349,"height":254,"caption":"Arias Assessors"},"image":{"@id":"https:\/\/www.ariasassessors.com\/#\/schema\/logo\/image\/"},"sameAs":["https:\/\/www.facebook.com\/ariasassessors\/","https:\/\/x.com\/ariasassessors","https:\/\/www.linkedin.com\/company\/r&amp;amp;r-growing-knowledge\/"]},{"@type":"Person","@id":"https:\/\/www.ariasassessors.com\/#\/schema\/person\/63c6ad1775f0a9413c37932562673cef","name":"btorras","image":{"@type":"ImageObject","inLanguage":"ca","@id":"https:\/\/www.ariasassessors.com\/#\/schema\/person\/image\/","url":"https:\/\/secure.gravatar.com\/avatar\/0531db351fc361fdbfd204c58fa2d6a3?s=96&d=mm&r=g","contentUrl":"https:\/\/secure.gravatar.com\/avatar\/0531db351fc361fdbfd204c58fa2d6a3?s=96&d=mm&r=g","caption":"btorras"}}]}},"_links":{"self":[{"href":"https:\/\/www.ariasassessors.com\/ca\/wp-json\/wp\/v2\/posts\/2472","targetHints":{"allow":["GET"]}}],"collection":[{"href":"https:\/\/www.ariasassessors.com\/ca\/wp-json\/wp\/v2\/posts"}],"about":[{"href":"https:\/\/www.ariasassessors.com\/ca\/wp-json\/wp\/v2\/types\/post"}],"author":[{"embeddable":true,"href":"https:\/\/www.ariasassessors.com\/ca\/wp-json\/wp\/v2\/users\/2"}],"replies":[{"embeddable":true,"href":"https:\/\/www.ariasassessors.com\/ca\/wp-json\/wp\/v2\/comments?post=2472"}],"version-history":[{"count":1,"href":"https:\/\/www.ariasassessors.com\/ca\/wp-json\/wp\/v2\/posts\/2472\/revisions"}],"predecessor-version":[{"id":2474,"href":"https:\/\/www.ariasassessors.com\/ca\/wp-json\/wp\/v2\/posts\/2472\/revisions\/2474"}],"wp:featuredmedia":[{"embeddable":true,"href":"https:\/\/www.ariasassessors.com\/ca\/wp-json\/wp\/v2\/media\/2470"}],"wp:attachment":[{"href":"https:\/\/www.ariasassessors.com\/ca\/wp-json\/wp\/v2\/media?parent=2472"}],"wp:term":[{"taxonomy":"category","embeddable":true,"href":"https:\/\/www.ariasassessors.com\/ca\/wp-json\/wp\/v2\/categories?post=2472"},{"taxonomy":"post_tag","embeddable":true,"href":"https:\/\/www.ariasassessors.com\/ca\/wp-json\/wp\/v2\/tags?post=2472"}],"curies":[{"name":"wp","href":"https:\/\/api.w.org\/{rel}","templated":true}]}}