{"id":2486,"date":"2023-05-08T15:02:55","date_gmt":"2023-05-08T13:02:55","guid":{"rendered":"https:\/\/www.ariasassessors.com\/?p=2486"},"modified":"2023-05-08T15:04:55","modified_gmt":"2023-05-08T13:04:55","slug":"impost-en-les-emissions-de-co2","status":"publish","type":"post","link":"https:\/\/www.ariasassessors.com\/ca\/impost-en-les-emissions-de-co2\/","title":{"rendered":"Impost en les emissions de CO\u2082 dels vehicles"},"content":{"rendered":"<div id=\"ez-toc-container\" class=\"ez-toc-v2_0_72 counter-hierarchy ez-toc-counter ez-toc-grey ez-toc-container-direction\">\n<div class=\"ez-toc-title-container\">\n<p class=\"ez-toc-title\" style=\"cursor:inherit\">\u00cdndice de Contenidos<\/p>\n<span class=\"ez-toc-title-toggle\"><a href=\"#\" class=\"ez-toc-pull-right ez-toc-btn ez-toc-btn-xs ez-toc-btn-default ez-toc-toggle\" aria-label=\"Toggle Table of Content\"><span class=\"ez-toc-js-icon-con\"><span class=\"\"><span class=\"eztoc-hide\" style=\"display:none;\">Toggle<\/span><span class=\"ez-toc-icon-toggle-span\"><svg style=\"fill: #428bca;color:#428bca\" xmlns=\"http:\/\/www.w3.org\/2000\/svg\" class=\"list-377408\" width=\"20px\" height=\"20px\" viewBox=\"0 0 24 24\" fill=\"none\"><path d=\"M6 6H4v2h2V6zm14 0H8v2h12V6zM4 11h2v2H4v-2zm16 0H8v2h12v-2zM4 16h2v2H4v-2zm16 0H8v2h12v-2z\" fill=\"currentColor\"><\/path><\/svg><svg style=\"fill: #428bca;color:#428bca\" class=\"arrow-unsorted-368013\" xmlns=\"http:\/\/www.w3.org\/2000\/svg\" width=\"10px\" height=\"10px\" viewBox=\"0 0 24 24\" version=\"1.2\" baseProfile=\"tiny\"><path d=\"M18.2 9.3l-6.2-6.3-6.2 6.3c-.2.2-.3.4-.3.7s.1.5.3.7c.2.2.4.3.7.3h11c.3 0 .5-.1.7-.3.2-.2.3-.5.3-.7s-.1-.5-.3-.7zM5.8 14.7l6.2 6.3 6.2-6.3c.2-.2.3-.5.3-.7s-.1-.5-.3-.7c-.2-.2-.4-.3-.7-.3h-11c-.3 0-.5.1-.7.3-.2.2-.3.5-.3.7s.1.5.3.7z\"\/><\/svg><\/span><\/span><\/span><\/a><\/span><\/div>\n<nav><ul class='ez-toc-list ez-toc-list-level-1 eztoc-toggle-hide-by-default' ><li class='ez-toc-page-1 ez-toc-heading-level-1'><a class=\"ez-toc-link ez-toc-heading-1\" href=\"https:\/\/www.ariasassessors.com\/ca\/impost-en-les-emissions-de-co2\/#Impost_en_les_emissions_de_CO%E2%82%82_dels_vehicles_publicacio_del_padro_provisional_l1_de_maig\" title=\"Impost en les emissions de CO\u2082 dels vehicles: publicaci\u00f3 del padr\u00f3 provisional l&#8217;1 de maig\">Impost en les emissions de CO\u2082 dels vehicles: publicaci\u00f3 del padr\u00f3 provisional l&#8217;1 de maig<\/a><ul class='ez-toc-list-level-2' ><li class='ez-toc-heading-level-2'><a class=\"ez-toc-link ez-toc-heading-2\" href=\"https:\/\/www.ariasassessors.com\/ca\/impost-en-les-emissions-de-co2\/#Qui_ha_de_pagar-ho_qui_esta_exempt_i_bonificacions\" title=\"Qui ha de pagar-ho, qui est\u00e0 exempt i bonificacions\">Qui ha de pagar-ho, qui est\u00e0 exempt i bonificacions<\/a><\/li><li class='ez-toc-page-1 ez-toc-heading-level-2'><a class=\"ez-toc-link ez-toc-heading-3\" href=\"https:\/\/www.ariasassessors.com\/ca\/impost-en-les-emissions-de-co2\/#Dates_canals_de_pagament_i_atencio\" title=\"Dates, canals de pagament i atenci\u00f3\">Dates, canals de pagament i atenci\u00f3<\/a><\/li><\/ul><\/li><\/ul><\/nav><\/div>\n<h1><span class=\"ez-toc-section\" id=\"Impost_en_les_emissions_de_CO%E2%82%82_dels_vehicles_publicacio_del_padro_provisional_l1_de_maig\"><\/span>Impost en les emissions de CO\u2082 dels vehicles: publicaci\u00f3 del padr\u00f3 provisional l&#8217;1 de maig<span class=\"ez-toc-section-end\"><\/span><\/h1>\n<p>L&#8217;Ag\u00e8ncia Tribut\u00e0ria de Catalunya (ATC)\u00a0publicar\u00e0 el <strong>padr\u00f3 provisional<\/strong>, corresponent a l&#8217;exercici 2022, de tots els vehicles que tributen per l&#8217;impost sobre les emissions de\u00a0CO\u00a02\u00a0a partir del dia\u00a0<strong>1 de maig de 2023.<\/strong><\/p>\n<p>Els contribuents podran consultar les dades del padr\u00f3 provisional i la quota que han de pagar en la seu electr\u00f2nica del\u00a0ATC\u00a0<a href=\"https:\/\/atc.gencat.cat\/ca\/inici\/\">atc.gencat.cat<\/a>\u00a0, accedint amb el NIF i la matr\u00edcula (per a un vehicle concret) o amb identificaci\u00f3 digital , utilitzant el\u00a0idCAT\u00a0M\u00f2bil o un altre certificat digital, que permet visualitzar tots els vehicles dels quals s&#8217;\u00e9s titular.\u00a0Si \u00e9s necessari realitzar alguna modificaci\u00f3, es podran presentar al\u00b7legacions fins al 5 de juny.<\/p>\n<p>Aquest impost verd, en l\u00ednia amb la fiscalitat ambiental que es promou a Europa per a lluitar contra el canvi clim\u00e0tic, grava les emissions de\u00a0CO\u00a02\u00a0de\u00a0turismes, furgonetes i motocicletes pel seu impacte directe en efecte d&#8217;hivernacle i escalfament global , i, per tant, per les conseq\u00fc\u00e8ncies que pot tenir en la salut de la ciutadania.<\/p>\n<p>La recaptaci\u00f3 es destina \u00edntegrament al Fons Clim\u00e0tic i al Fons del Patrimoni Natural, i retorna a les persones a trav\u00e9s de la inversi\u00f3 en accions per a millorar el medi ambient, fomentar la mobilitat sostenible i la transici\u00f3 energ\u00e8tica, prevenir incendis forestals i adaptar els boscos a l&#8217;emerg\u00e8ncia clim\u00e0tica, conservar els parcs naturals, restaurar els ecosistemes marins, i impulsar la recerca i la innovaci\u00f3 per a mitigar el canvi clim\u00e0tic.<\/p>\n<h2><span class=\"ez-toc-section\" id=\"Qui_ha_de_pagar-ho_qui_esta_exempt_i_bonificacions\"><\/span>Qui ha de pagar-ho, qui est\u00e0 exempt i bonificacions<span class=\"ez-toc-section-end\"><\/span><\/h2>\n<p>Han de pagar l&#8217;impost les persones f\u00edsiques i jur\u00eddiques que durant l&#8217;any 2022 han tingut domicili fiscal a Catalunya i han estat titulars d&#8217;un vehicle (turisme, furgoneta o motocicleta).\u00a0Tamb\u00e9 estan obligades les persones jur\u00eddiques sense resid\u00e8ncia fiscal a Catalunya per\u00f2 que, durant el 2022, han tingut un establiment, sucursal o oficina i han estat titulars d&#8217;algun vehicle domiciliat a Catalunya.<\/p>\n<p>Estan exempts de pagament els vehicles 100% el\u00e8ctrics, els ciclomotors, els camions o vehicles de m\u00e9s de 3,5 tones, els autocars, els vehicles autoritzats a transportar a m\u00e9s de 9 persones (incl\u00f2s el conductor) i els vehicles adaptats per a la conducci\u00f3 de persones amb mobilitat redu\u00efda.\u00a0Els vehicles amb matr\u00edcula de vehicle hist\u00f2ric i els vehicles cl\u00e0ssics gaudeixen d&#8217;una bonificaci\u00f3 del 100% de la quota \u00edntegra i, per tant, tampoc tributen.\u00a0Aix\u00ed mateix, no han de pagar l&#8217;impost els titulars dels vehicles que no superin els 6 euros de quota a ingressar.<\/p>\n<p>Cal destacar que, si es\u00a0domicilia el pagament de l&#8217;impost\u00a0abans del 17\/07\/2023, s&#8217;obt\u00e9 una\u00a0bonificaci\u00f3 del 2%\u00a0.\u00a0Es pot fer f\u00e0cilment des de la consulta del padr\u00f3 en la seu electr\u00f2nica del\u00a0ATC:\u00a0<a href=\"https:\/\/atc.gencat.cat\/ca\/tributs\/impost-emissions-vehicles\/acces-padro\/\">atc.gencat.cat\/co2padro<\/a>\u00a0.<\/p>\n<h2><span class=\"ez-toc-section\" id=\"Dates_canals_de_pagament_i_atencio\"><\/span><strong>Dates, canals de pagament i atenci\u00f3<\/strong><span class=\"ez-toc-section-end\"><\/span><\/h2>\n<p><strong>L&#8217;1\u00a0 de setembre de 2023<\/strong>\u00a0es publicar\u00e0 el<strong>\u00a0padr\u00f3 definitiu<\/strong>\u00a0de vehicles que tributen per l&#8217;impost.\u00a0Les\u00a0<strong>dates de pagament<\/strong>\u00a0s\u00f3n les seg\u00fcents:<\/p>\n<p>&#8211; Vehicles amb pagament domiciliat: c\u00e0rrec en compte el 20.11.2023.<\/p>\n<p>\u2013 Vehicles amb pagament no domiciliat: si ja van tributar l&#8217;any anterior, la data l\u00edmit de pagament ser\u00e0 el 20.11.2023.\u00a0Pel que respecta als vehicles de nova tributaci\u00f3, la data l\u00edmit de pagament s&#8217;indicar\u00e0 en la notificaci\u00f3 que rebr\u00e0 el titular.<\/p>\n<p>Si no s&#8217;ha domiciliat el pagament, es podr\u00e0 pagar a trav\u00e9s de la consulta del padr\u00f3 definitiu en la seu electr\u00f2nica del\u00a0ATC:\u00a0atc.gencat.cat\/co2padro\u00a0;\u00a0en el tel\u00e8fon 012, amb pagament automatitzat;\u00a0en el tel\u00e8fon de la\u00a0ATC\u00a0et crida (93 551 51 51);\u00a0en entitats financeres col\u00b7laboradores, en les oficines de Correus, i en totes les oficines i delegacions del\u00a0ATC, amb cita pr\u00e8via recomanada.\u00a0Tamb\u00e9 es pot utilitzar el codi\u00a0QR\u00a0que s&#8217;inclou en la carta de pagament.<\/p>\n<p>L&#8217;Ag\u00e8ncia Tribut\u00e0ria de Catalunya posa a la disposici\u00f3 de la ciutadania els seg\u00fcents\u00a0<strong>canals d&#8217;atenci\u00f3\u00a0<\/strong>:<\/p>\n<p><strong>Seu electr\u00f2nica del\u00a0ATC<\/strong>\u00a0: tota la informaci\u00f3 sobre l&#8217;impost, assistent virtual, consulta del padr\u00f3, pagament, domiciliaci\u00f3 i altres tr\u00e0mits relacionats\u00a0atc.gencat.cat\/impostco2\u00a0.<br \/>\n<strong>Tel\u00e8fon<\/strong>\u00a0012\u00a0Consultes de car\u00e0cter general i pagament automatitzat.<br \/>\n<strong>El\u00a0ATC\u00a0et crida (93 551 51 51)\u00a0<\/strong>.\u00a0Tel\u00e8fon assist\u00e8ncia en la tramitaci\u00f3.<br \/>\n<strong>Oficines del\u00a0ATC<\/strong>\u00a0.\u00a0Es recomana demanar cita pr\u00e8via en\u00a0atc.gencat.cat\/citaprevia\u00a0.<\/p>\n<p>Si vols consultar m\u00e9s not\u00edcies:\u00a0<a href=\"https:\/\/www.ariasassessors.com\/actualidad\/\">https:\/\/www.ariasassessors.com\/actualidad\/<\/a><\/p>\n<p>Not\u00edcia extreta de: <a href=\"https:\/\/atc.gencat.cat\/ca\/agencia\/noticies\/detall-noticia\/20230420-padro-provisional-CO2.html\">https:\/\/atc.gencat.cat\/ca\/agencia\/noticies\/<\/a><\/p>\n","protected":false},"excerpt":{"rendered":"<p>Impost en les emissions de CO\u2082 dels vehicles: publicaci\u00f3 del padr\u00f3 provisional l&#8217;1 de maig L&#8217;Ag\u00e8ncia Tribut\u00e0ria de Catalunya (ATC)\u00a0publicar\u00e0 el padr\u00f3 provisional, corresponent a l&#8217;exercici 2022, de tots els vehicles que tributen per l&#8217;impost sobre les emissions de\u00a0CO\u00a02\u00a0a partir del dia\u00a01 de maig de&#8230;<\/p>\n","protected":false},"author":2,"featured_media":2484,"comment_status":"open","ping_status":"open","sticky":false,"template":"","format":"standard","meta":{"footnotes":""},"categories":[4],"tags":[],"class_list":["post-2486","post","type-post","status-publish","format-standard","has-post-thumbnail","hentry","category-noticies"],"yoast_head":"<!-- This site is optimized with the Yoast SEO plugin v24.3 - https:\/\/yoast.com\/wordpress\/plugins\/seo\/ -->\n<title>Impost en les emissions de CO\u2082 dels vehicles | Arias Assessors<\/title>\n<meta name=\"description\" content=\"L&#039;Ag\u00e8ncia Tribut\u00e0ria de Catalunya publicar\u00e0 el padr\u00f3 provisional, de tots els vehicles que tributen per l&#039;impost en les emissions de CO\u2082\" \/>\n<meta name=\"robots\" content=\"index, follow, max-snippet:-1, max-image-preview:large, max-video-preview:-1\" \/>\n<link rel=\"canonical\" href=\"https:\/\/www.ariasassessors.com\/ca\/impost-en-les-emissions-de-co2\/\" \/>\n<meta property=\"og:locale\" content=\"ca_ES\" \/>\n<meta property=\"og:type\" content=\"article\" \/>\n<meta property=\"og:title\" content=\"Impost en les emissions de CO\u2082 dels vehicles | Arias Assessors\" \/>\n<meta property=\"og:description\" content=\"L&#039;Ag\u00e8ncia Tribut\u00e0ria de Catalunya publicar\u00e0 el padr\u00f3 provisional, de tots els vehicles que tributen per l&#039;impost en les emissions de CO\u2082\" \/>\n<meta property=\"og:url\" content=\"https:\/\/www.ariasassessors.com\/ca\/impost-en-les-emissions-de-co2\/\" \/>\n<meta property=\"og:site_name\" content=\"Arias Assessors\" \/>\n<meta property=\"article:publisher\" content=\"https:\/\/www.facebook.com\/ariasassessors\/\" \/>\n<meta property=\"article:published_time\" content=\"2023-05-08T13:02:55+00:00\" \/>\n<meta property=\"article:modified_time\" content=\"2023-05-08T13:04:55+00:00\" \/>\n<meta property=\"og:image\" content=\"https:\/\/www.ariasassessors.com\/wp-content\/uploads\/2023\/05\/Arias_Blog_IMAGEN_DESTACADA-20.png\" \/>\n\t<meta property=\"og:image:width\" content=\"1920\" \/>\n\t<meta property=\"og:image:height\" content=\"1202\" \/>\n\t<meta property=\"og:image:type\" content=\"image\/png\" \/>\n<meta name=\"author\" content=\"btorras\" \/>\n<meta name=\"twitter:card\" content=\"summary_large_image\" \/>\n<meta name=\"twitter:creator\" content=\"@ariasassessors\" \/>\n<meta name=\"twitter:site\" content=\"@ariasassessors\" \/>\n<meta name=\"twitter:label1\" content=\"Escrit per\" \/>\n\t<meta name=\"twitter:data1\" content=\"btorras\" \/>\n\t<meta name=\"twitter:label2\" content=\"Temps estimat de lectura\" \/>\n\t<meta name=\"twitter:data2\" content=\"4 minuts\" \/>\n<script type=\"application\/ld+json\" class=\"yoast-schema-graph\">{\"@context\":\"https:\/\/schema.org\",\"@graph\":[{\"@type\":\"Article\",\"@id\":\"https:\/\/www.ariasassessors.com\/ca\/impost-en-les-emissions-de-co2\/#article\",\"isPartOf\":{\"@id\":\"https:\/\/www.ariasassessors.com\/ca\/impost-en-les-emissions-de-co2\/\"},\"author\":{\"name\":\"btorras\",\"@id\":\"https:\/\/www.ariasassessors.com\/#\/schema\/person\/63c6ad1775f0a9413c37932562673cef\"},\"headline\":\"Impost en les emissions de CO\u2082 dels vehicles\",\"datePublished\":\"2023-05-08T13:02:55+00:00\",\"dateModified\":\"2023-05-08T13:04:55+00:00\",\"mainEntityOfPage\":{\"@id\":\"https:\/\/www.ariasassessors.com\/ca\/impost-en-les-emissions-de-co2\/\"},\"wordCount\":746,\"commentCount\":0,\"publisher\":{\"@id\":\"https:\/\/www.ariasassessors.com\/#organization\"},\"image\":{\"@id\":\"https:\/\/www.ariasassessors.com\/ca\/impost-en-les-emissions-de-co2\/#primaryimage\"},\"thumbnailUrl\":\"https:\/\/www.ariasassessors.com\/wp-content\/uploads\/2023\/05\/Arias_Blog_IMAGEN_DESTACADA-20.png\",\"articleSection\":[\"noticies\"],\"inLanguage\":\"ca\",\"potentialAction\":[{\"@type\":\"CommentAction\",\"name\":\"Comment\",\"target\":[\"https:\/\/www.ariasassessors.com\/ca\/impost-en-les-emissions-de-co2\/#respond\"]}]},{\"@type\":\"WebPage\",\"@id\":\"https:\/\/www.ariasassessors.com\/ca\/impost-en-les-emissions-de-co2\/\",\"url\":\"https:\/\/www.ariasassessors.com\/ca\/impost-en-les-emissions-de-co2\/\",\"name\":\"Impost en les emissions de CO\u2082 dels vehicles | Arias Assessors\",\"isPartOf\":{\"@id\":\"https:\/\/www.ariasassessors.com\/#website\"},\"primaryImageOfPage\":{\"@id\":\"https:\/\/www.ariasassessors.com\/ca\/impost-en-les-emissions-de-co2\/#primaryimage\"},\"image\":{\"@id\":\"https:\/\/www.ariasassessors.com\/ca\/impost-en-les-emissions-de-co2\/#primaryimage\"},\"thumbnailUrl\":\"https:\/\/www.ariasassessors.com\/wp-content\/uploads\/2023\/05\/Arias_Blog_IMAGEN_DESTACADA-20.png\",\"datePublished\":\"2023-05-08T13:02:55+00:00\",\"dateModified\":\"2023-05-08T13:04:55+00:00\",\"description\":\"L'Ag\u00e8ncia Tribut\u00e0ria de Catalunya publicar\u00e0 el padr\u00f3 provisional, de tots els vehicles que tributen per l'impost en les emissions de CO\u2082\",\"breadcrumb\":{\"@id\":\"https:\/\/www.ariasassessors.com\/ca\/impost-en-les-emissions-de-co2\/#breadcrumb\"},\"inLanguage\":\"ca\",\"potentialAction\":[{\"@type\":\"ReadAction\",\"target\":[\"https:\/\/www.ariasassessors.com\/ca\/impost-en-les-emissions-de-co2\/\"]}]},{\"@type\":\"ImageObject\",\"inLanguage\":\"ca\",\"@id\":\"https:\/\/www.ariasassessors.com\/ca\/impost-en-les-emissions-de-co2\/#primaryimage\",\"url\":\"https:\/\/www.ariasassessors.com\/wp-content\/uploads\/2023\/05\/Arias_Blog_IMAGEN_DESTACADA-20.png\",\"contentUrl\":\"https:\/\/www.ariasassessors.com\/wp-content\/uploads\/2023\/05\/Arias_Blog_IMAGEN_DESTACADA-20.png\",\"width\":1920,\"height\":1202,\"caption\":\"Impuesto en las emisiones de CO2 de los veh\u00edculos\"},{\"@type\":\"BreadcrumbList\",\"@id\":\"https:\/\/www.ariasassessors.com\/ca\/impost-en-les-emissions-de-co2\/#breadcrumb\",\"itemListElement\":[{\"@type\":\"ListItem\",\"position\":1,\"name\":\"Portada\",\"item\":\"https:\/\/www.ariasassessors.com\/ca\/\"},{\"@type\":\"ListItem\",\"position\":2,\"name\":\"Impost en les emissions de CO\u2082 dels vehicles\"}]},{\"@type\":\"WebSite\",\"@id\":\"https:\/\/www.ariasassessors.com\/#website\",\"url\":\"https:\/\/www.ariasassessors.com\/\",\"name\":\"Arias Assessors\",\"description\":\"Asesor\u00eda para aut\u00f3nomos, profesionales y PYMES\",\"publisher\":{\"@id\":\"https:\/\/www.ariasassessors.com\/#organization\"},\"potentialAction\":[{\"@type\":\"SearchAction\",\"target\":{\"@type\":\"EntryPoint\",\"urlTemplate\":\"https:\/\/www.ariasassessors.com\/?s={search_term_string}\"},\"query-input\":{\"@type\":\"PropertyValueSpecification\",\"valueRequired\":true,\"valueName\":\"search_term_string\"}}],\"inLanguage\":\"ca\"},{\"@type\":\"Organization\",\"@id\":\"https:\/\/www.ariasassessors.com\/#organization\",\"name\":\"Arias Assessors\",\"url\":\"https:\/\/www.ariasassessors.com\/\",\"logo\":{\"@type\":\"ImageObject\",\"inLanguage\":\"ca\",\"@id\":\"https:\/\/www.ariasassessors.com\/#\/schema\/logo\/image\/\",\"url\":\"https:\/\/www.ariasassessors.com\/wp-content\/uploads\/2019\/01\/arias-logo.png\",\"contentUrl\":\"https:\/\/www.ariasassessors.com\/wp-content\/uploads\/2019\/01\/arias-logo.png\",\"width\":349,\"height\":254,\"caption\":\"Arias Assessors\"},\"image\":{\"@id\":\"https:\/\/www.ariasassessors.com\/#\/schema\/logo\/image\/\"},\"sameAs\":[\"https:\/\/www.facebook.com\/ariasassessors\/\",\"https:\/\/x.com\/ariasassessors\",\"https:\/\/www.linkedin.com\/company\/r&amp;amp;r-growing-knowledge\/\"]},{\"@type\":\"Person\",\"@id\":\"https:\/\/www.ariasassessors.com\/#\/schema\/person\/63c6ad1775f0a9413c37932562673cef\",\"name\":\"btorras\",\"image\":{\"@type\":\"ImageObject\",\"inLanguage\":\"ca\",\"@id\":\"https:\/\/www.ariasassessors.com\/#\/schema\/person\/image\/\",\"url\":\"https:\/\/secure.gravatar.com\/avatar\/0531db351fc361fdbfd204c58fa2d6a3?s=96&d=mm&r=g\",\"contentUrl\":\"https:\/\/secure.gravatar.com\/avatar\/0531db351fc361fdbfd204c58fa2d6a3?s=96&d=mm&r=g\",\"caption\":\"btorras\"}}]}<\/script>\n<!-- \/ Yoast SEO plugin. -->","yoast_head_json":{"title":"Impost en les emissions de CO\u2082 dels vehicles | Arias Assessors","description":"L'Ag\u00e8ncia Tribut\u00e0ria de Catalunya publicar\u00e0 el padr\u00f3 provisional, de tots els vehicles que tributen per l'impost en les emissions de CO\u2082","robots":{"index":"index","follow":"follow","max-snippet":"max-snippet:-1","max-image-preview":"max-image-preview:large","max-video-preview":"max-video-preview:-1"},"canonical":"https:\/\/www.ariasassessors.com\/ca\/impost-en-les-emissions-de-co2\/","og_locale":"ca_ES","og_type":"article","og_title":"Impost en les emissions de CO\u2082 dels vehicles | Arias Assessors","og_description":"L'Ag\u00e8ncia Tribut\u00e0ria de Catalunya publicar\u00e0 el padr\u00f3 provisional, de tots els vehicles que tributen per l'impost en les emissions de CO\u2082","og_url":"https:\/\/www.ariasassessors.com\/ca\/impost-en-les-emissions-de-co2\/","og_site_name":"Arias Assessors","article_publisher":"https:\/\/www.facebook.com\/ariasassessors\/","article_published_time":"2023-05-08T13:02:55+00:00","article_modified_time":"2023-05-08T13:04:55+00:00","og_image":[{"width":1920,"height":1202,"url":"https:\/\/www.ariasassessors.com\/wp-content\/uploads\/2023\/05\/Arias_Blog_IMAGEN_DESTACADA-20.png","type":"image\/png"}],"author":"btorras","twitter_card":"summary_large_image","twitter_creator":"@ariasassessors","twitter_site":"@ariasassessors","twitter_misc":{"Escrit per":"btorras","Temps estimat de lectura":"4 minuts"},"schema":{"@context":"https:\/\/schema.org","@graph":[{"@type":"Article","@id":"https:\/\/www.ariasassessors.com\/ca\/impost-en-les-emissions-de-co2\/#article","isPartOf":{"@id":"https:\/\/www.ariasassessors.com\/ca\/impost-en-les-emissions-de-co2\/"},"author":{"name":"btorras","@id":"https:\/\/www.ariasassessors.com\/#\/schema\/person\/63c6ad1775f0a9413c37932562673cef"},"headline":"Impost en les emissions de CO\u2082 dels vehicles","datePublished":"2023-05-08T13:02:55+00:00","dateModified":"2023-05-08T13:04:55+00:00","mainEntityOfPage":{"@id":"https:\/\/www.ariasassessors.com\/ca\/impost-en-les-emissions-de-co2\/"},"wordCount":746,"commentCount":0,"publisher":{"@id":"https:\/\/www.ariasassessors.com\/#organization"},"image":{"@id":"https:\/\/www.ariasassessors.com\/ca\/impost-en-les-emissions-de-co2\/#primaryimage"},"thumbnailUrl":"https:\/\/www.ariasassessors.com\/wp-content\/uploads\/2023\/05\/Arias_Blog_IMAGEN_DESTACADA-20.png","articleSection":["noticies"],"inLanguage":"ca","potentialAction":[{"@type":"CommentAction","name":"Comment","target":["https:\/\/www.ariasassessors.com\/ca\/impost-en-les-emissions-de-co2\/#respond"]}]},{"@type":"WebPage","@id":"https:\/\/www.ariasassessors.com\/ca\/impost-en-les-emissions-de-co2\/","url":"https:\/\/www.ariasassessors.com\/ca\/impost-en-les-emissions-de-co2\/","name":"Impost en les emissions de CO\u2082 dels vehicles | Arias Assessors","isPartOf":{"@id":"https:\/\/www.ariasassessors.com\/#website"},"primaryImageOfPage":{"@id":"https:\/\/www.ariasassessors.com\/ca\/impost-en-les-emissions-de-co2\/#primaryimage"},"image":{"@id":"https:\/\/www.ariasassessors.com\/ca\/impost-en-les-emissions-de-co2\/#primaryimage"},"thumbnailUrl":"https:\/\/www.ariasassessors.com\/wp-content\/uploads\/2023\/05\/Arias_Blog_IMAGEN_DESTACADA-20.png","datePublished":"2023-05-08T13:02:55+00:00","dateModified":"2023-05-08T13:04:55+00:00","description":"L'Ag\u00e8ncia Tribut\u00e0ria de Catalunya publicar\u00e0 el padr\u00f3 provisional, de tots els vehicles que tributen per l'impost en les emissions de CO\u2082","breadcrumb":{"@id":"https:\/\/www.ariasassessors.com\/ca\/impost-en-les-emissions-de-co2\/#breadcrumb"},"inLanguage":"ca","potentialAction":[{"@type":"ReadAction","target":["https:\/\/www.ariasassessors.com\/ca\/impost-en-les-emissions-de-co2\/"]}]},{"@type":"ImageObject","inLanguage":"ca","@id":"https:\/\/www.ariasassessors.com\/ca\/impost-en-les-emissions-de-co2\/#primaryimage","url":"https:\/\/www.ariasassessors.com\/wp-content\/uploads\/2023\/05\/Arias_Blog_IMAGEN_DESTACADA-20.png","contentUrl":"https:\/\/www.ariasassessors.com\/wp-content\/uploads\/2023\/05\/Arias_Blog_IMAGEN_DESTACADA-20.png","width":1920,"height":1202,"caption":"Impuesto en las emisiones de CO2 de los veh\u00edculos"},{"@type":"BreadcrumbList","@id":"https:\/\/www.ariasassessors.com\/ca\/impost-en-les-emissions-de-co2\/#breadcrumb","itemListElement":[{"@type":"ListItem","position":1,"name":"Portada","item":"https:\/\/www.ariasassessors.com\/ca\/"},{"@type":"ListItem","position":2,"name":"Impost en les emissions de CO\u2082 dels vehicles"}]},{"@type":"WebSite","@id":"https:\/\/www.ariasassessors.com\/#website","url":"https:\/\/www.ariasassessors.com\/","name":"Arias Assessors","description":"Asesor\u00eda para aut\u00f3nomos, profesionales y PYMES","publisher":{"@id":"https:\/\/www.ariasassessors.com\/#organization"},"potentialAction":[{"@type":"SearchAction","target":{"@type":"EntryPoint","urlTemplate":"https:\/\/www.ariasassessors.com\/?s={search_term_string}"},"query-input":{"@type":"PropertyValueSpecification","valueRequired":true,"valueName":"search_term_string"}}],"inLanguage":"ca"},{"@type":"Organization","@id":"https:\/\/www.ariasassessors.com\/#organization","name":"Arias Assessors","url":"https:\/\/www.ariasassessors.com\/","logo":{"@type":"ImageObject","inLanguage":"ca","@id":"https:\/\/www.ariasassessors.com\/#\/schema\/logo\/image\/","url":"https:\/\/www.ariasassessors.com\/wp-content\/uploads\/2019\/01\/arias-logo.png","contentUrl":"https:\/\/www.ariasassessors.com\/wp-content\/uploads\/2019\/01\/arias-logo.png","width":349,"height":254,"caption":"Arias Assessors"},"image":{"@id":"https:\/\/www.ariasassessors.com\/#\/schema\/logo\/image\/"},"sameAs":["https:\/\/www.facebook.com\/ariasassessors\/","https:\/\/x.com\/ariasassessors","https:\/\/www.linkedin.com\/company\/r&amp;amp;r-growing-knowledge\/"]},{"@type":"Person","@id":"https:\/\/www.ariasassessors.com\/#\/schema\/person\/63c6ad1775f0a9413c37932562673cef","name":"btorras","image":{"@type":"ImageObject","inLanguage":"ca","@id":"https:\/\/www.ariasassessors.com\/#\/schema\/person\/image\/","url":"https:\/\/secure.gravatar.com\/avatar\/0531db351fc361fdbfd204c58fa2d6a3?s=96&d=mm&r=g","contentUrl":"https:\/\/secure.gravatar.com\/avatar\/0531db351fc361fdbfd204c58fa2d6a3?s=96&d=mm&r=g","caption":"btorras"}}]}},"_links":{"self":[{"href":"https:\/\/www.ariasassessors.com\/ca\/wp-json\/wp\/v2\/posts\/2486","targetHints":{"allow":["GET"]}}],"collection":[{"href":"https:\/\/www.ariasassessors.com\/ca\/wp-json\/wp\/v2\/posts"}],"about":[{"href":"https:\/\/www.ariasassessors.com\/ca\/wp-json\/wp\/v2\/types\/post"}],"author":[{"embeddable":true,"href":"https:\/\/www.ariasassessors.com\/ca\/wp-json\/wp\/v2\/users\/2"}],"replies":[{"embeddable":true,"href":"https:\/\/www.ariasassessors.com\/ca\/wp-json\/wp\/v2\/comments?post=2486"}],"version-history":[{"count":2,"href":"https:\/\/www.ariasassessors.com\/ca\/wp-json\/wp\/v2\/posts\/2486\/revisions"}],"predecessor-version":[{"id":2488,"href":"https:\/\/www.ariasassessors.com\/ca\/wp-json\/wp\/v2\/posts\/2486\/revisions\/2488"}],"wp:featuredmedia":[{"embeddable":true,"href":"https:\/\/www.ariasassessors.com\/ca\/wp-json\/wp\/v2\/media\/2484"}],"wp:attachment":[{"href":"https:\/\/www.ariasassessors.com\/ca\/wp-json\/wp\/v2\/media?parent=2486"}],"wp:term":[{"taxonomy":"category","embeddable":true,"href":"https:\/\/www.ariasassessors.com\/ca\/wp-json\/wp\/v2\/categories?post=2486"},{"taxonomy":"post_tag","embeddable":true,"href":"https:\/\/www.ariasassessors.com\/ca\/wp-json\/wp\/v2\/tags?post=2486"}],"curies":[{"name":"wp","href":"https:\/\/api.w.org\/{rel}","templated":true}]}}