{"id":2513,"date":"2023-05-18T16:37:22","date_gmt":"2023-05-18T14:37:22","guid":{"rendered":"https:\/\/www.ariasassessors.com\/?p=2513"},"modified":"2023-05-18T16:37:48","modified_gmt":"2023-05-18T14:37:48","slug":"autonoms-delcaracio-de-la-renda","status":"publish","type":"post","link":"https:\/\/www.ariasassessors.com\/ca\/autonoms-delcaracio-de-la-renda\/","title":{"rendered":"Quins aut\u00f2noms no han de presentar la declaraci\u00f3 de la RENDA"},"content":{"rendered":"<div class=\"traductor-textarea form-group\">\n<div class=\"textarea-desti col-xs-12 col-sm-6\">\n<div class=\"form-control second-textarea\">Els assessors fiscals de CaixaBank expliquen en quins casos deuran els aut\u00f2noms presentar la declaraci\u00f3 de la RENDA enguany i quan podrien estar exempts.<\/div>\n<div><\/div>\n<\/div>\n<\/div>\n<div class=\"traductor-checkbox form-group\">\n<div class=\"row\">\n<div class=\"col-sm-offset-2 col-sm-5\">\n<p>Fa ja gaireb\u00e9 un mes que va donar principi la campanya de la RENDA 2023 i, encara a hores d&#8217;ara, els assessors fiscals reben di\u00e0riament consultes d&#8217;aut\u00f2noms que no saben si enguany estaran <strong>obligats a presentar la declaraci\u00f3 d&#8217;IRPF<\/strong>. Alguns d&#8217;ells s\u00f3n treballadors per compte propi que van emprendre el seu negoci fa poc temps i encara no coneixen les seves obligacions fiscals. Uns altres van obtenir baixos ingressos en 2022 i no saben si enguany hauran de rendir comptes amb Hisenda.<\/p>\n<p>Aquest dubte encara s&#8217;ha repetit m\u00e9s en els \u00faltims mesos, amb l&#8217;entrada en vigor dels <strong>canvis introdu\u00efts pel Govern en el R\u00e8gim Especial de Treballadors Aut\u00f2noms<\/strong> (RETA), que ja han modificat les obligacions del col\u00b7lectiu amb la Seguretat Social i tamb\u00e9 <strong>afectaran en alguns aspectes a la seva relaci\u00f3 amb Hisenda.<\/strong><\/p>\n<p>No obstant aix\u00f2, &#8220;la realitat \u00e9s que gaireb\u00e9 tots els aut\u00f2noms estan obligats a realitzar la declaraci\u00f3 de la renda&#8221;, va assegurar Pedro Rodr\u00edguez Mateo, assessor fiscal de CaixaBank. Segons va explicar l&#8217;expert en fiscalitat a trav\u00e9s del Blog de CaixaBank, s\u00f3n <strong>&#8220;molt pocs&#8221; els treballadors per compte propi que es troben dins de l&#8217;excepci\u00f3<\/strong> que contempla la llei.<\/p>\n<\/div>\n<\/div>\n<\/div>\n<div>\n<div class=\"textarea-desti col-xs-12 col-sm-6\">\n<div id=\"ez-toc-container\" class=\"ez-toc-v2_0_72 counter-hierarchy ez-toc-counter ez-toc-grey ez-toc-container-direction\">\n<div class=\"ez-toc-title-container\">\n<p class=\"ez-toc-title\" style=\"cursor:inherit\">\u00cdndice de Contenidos<\/p>\n<span class=\"ez-toc-title-toggle\"><a href=\"#\" class=\"ez-toc-pull-right ez-toc-btn ez-toc-btn-xs ez-toc-btn-default ez-toc-toggle\" aria-label=\"Toggle Table of Content\"><span class=\"ez-toc-js-icon-con\"><span class=\"\"><span class=\"eztoc-hide\" style=\"display:none;\">Toggle<\/span><span class=\"ez-toc-icon-toggle-span\"><svg style=\"fill: #428bca;color:#428bca\" xmlns=\"http:\/\/www.w3.org\/2000\/svg\" class=\"list-377408\" width=\"20px\" height=\"20px\" viewBox=\"0 0 24 24\" fill=\"none\"><path d=\"M6 6H4v2h2V6zm14 0H8v2h12V6zM4 11h2v2H4v-2zm16 0H8v2h12v-2zM4 16h2v2H4v-2zm16 0H8v2h12v-2z\" fill=\"currentColor\"><\/path><\/svg><svg style=\"fill: #428bca;color:#428bca\" class=\"arrow-unsorted-368013\" xmlns=\"http:\/\/www.w3.org\/2000\/svg\" width=\"10px\" height=\"10px\" viewBox=\"0 0 24 24\" version=\"1.2\" baseProfile=\"tiny\"><path d=\"M18.2 9.3l-6.2-6.3-6.2 6.3c-.2.2-.3.4-.3.7s.1.5.3.7c.2.2.4.3.7.3h11c.3 0 .5-.1.7-.3.2-.2.3-.5.3-.7s-.1-.5-.3-.7zM5.8 14.7l6.2 6.3 6.2-6.3c.2-.2.3-.5.3-.7s-.1-.5-.3-.7c-.2-.2-.4-.3-.7-.3h-11c-.3 0-.5.1-.7.3-.2.2-.3.5-.3.7s.1.5.3.7z\"\/><\/svg><\/span><\/span><\/span><\/a><\/span><\/div>\n<nav><ul class='ez-toc-list ez-toc-list-level-1 eztoc-toggle-hide-by-default' ><li class='ez-toc-page-1 ez-toc-heading-level-2'><a class=\"ez-toc-link ez-toc-heading-1\" href=\"https:\/\/www.ariasassessors.com\/ca\/autonoms-delcaracio-de-la-renda\/#Tots_els_autonoms_que_van_ingressar_mes_de_1000_euros_nets_en_2022_han_de_presentar_la_RENDA\" title=\"Tots els aut\u00f2noms que van ingressar m\u00e9s de 1.000 euros nets en 2022 han de presentar la RENDA\">Tots els aut\u00f2noms que van ingressar m\u00e9s de 1.000 euros nets en 2022 han de presentar la RENDA<\/a><\/li><li class='ez-toc-page-1 ez-toc-heading-level-2'><a class=\"ez-toc-link ez-toc-heading-2\" href=\"https:\/\/www.ariasassessors.com\/ca\/autonoms-delcaracio-de-la-renda\/#Quins_autonoms_hauran_de_presentar_la_declaracio_de_la_renda_en_2024\" title=\"Quins aut\u00f2noms hauran de presentar la declaraci\u00f3 de la renda en 2024?\">Quins aut\u00f2noms hauran de presentar la declaraci\u00f3 de la renda en 2024?<\/a><\/li><\/ul><\/nav><\/div>\n<h2 class=\"form-control second-textarea\"><span class=\"ez-toc-section\" id=\"Tots_els_autonoms_que_van_ingressar_mes_de_1000_euros_nets_en_2022_han_de_presentar_la_RENDA\"><\/span>Tots els aut\u00f2noms que van ingressar m\u00e9s de 1.000 euros nets en 2022 han de presentar la RENDA<span class=\"ez-toc-section-end\"><\/span><\/h2>\n<p>El l\u00edmit d&#8217;ingressos que pot obtenir un aut\u00f2nom en un exercici per a quedar exempt de l&#8217;obligaci\u00f3 de presentar la declaraci\u00f3 d&#8217;IRPF est\u00e0 recollit en la Llei 35\/2006, que \u00e9s la que regula l&#8217;IRPF. &#8220;Enguany solament estarien <strong>exempts<\/strong> de presentar-la <strong>aquells els rendiments dels quals per activitats econ\u00f2miques no hagin superat els 1.000 euros<\/strong> en el seu conjunt i els que hagin sofert p\u00e8rdues patrimonials de quantia igual o superior a 500 euros durant el passat exercici&#8221;, va explicar Pedro Rodr\u00edguez Mateo.<\/p>\n<p>D&#8217;aquesta manera, els pocs aut\u00f2noms que quedaran exempts de declarar la RENDA s\u00f3n, per exemple, &#8220;<strong>aquells que hagin comen\u00e7at la seva activitat en els \u00faltims mesos de 2022<\/strong> i gaireb\u00e9 no hagin rebut ingressos. Tamb\u00e9 els que <strong>estiguin travessant una situaci\u00f3 cr\u00edtica<\/strong> o aquells que s&#8217;hagin endeutat. I si es volen acollir a la deducci\u00f3 per inversi\u00f3 en habitatge habitual o per un compte estalvio-empresa, fins i tot ells hauran de realitzar la declaraci\u00f3&#8221;, va afegir l&#8217;expert fiscal de CaixaBank.<\/p>\n<p>En tot cas, va apuntar Rodr\u00edguez, una cosa \u00e9s<strong> no tenir l&#8217;obligaci\u00f3 de fer la declaraci\u00f3 de la renda i una altra molt diferent \u00e9s no poder fer-la. &#8220;Tots els aut\u00f2noms poden fer la declaraci\u00f3 d&#8217;IRPF si volen.<\/strong> De fet, si la presenten, podrien accedir a les diferents deduccions previstes per l&#8217;Estat i les CC.\u00a0AA. \u2014com les citades\u2014, sempre que compleixin amb tots els requisits que demana Hisenda&#8221;.<\/p>\n<p>Aquesta \u00e9s la situaci\u00f3 per a la <strong>declaraci\u00f3 que es presentar\u00e0 en la primavera de 2023<\/strong>, \u00e9s a dir, la relativa a l&#8217;exercici fiscal de 2022. No obstant aix\u00f2, de cara a la seg\u00fcent RENDA, a presentar a l&#8217;any que ve, s&#8217;han introdu\u00eft canvis que modificaran l&#8217;obligaci\u00f3 de presentar aquest impost.<\/p>\n<\/div>\n<h2><span class=\"ez-toc-section\" id=\"Quins_autonoms_hauran_de_presentar_la_declaracio_de_la_renda_en_2024\"><\/span>Quins aut\u00f2noms hauran de presentar la declaraci\u00f3 de la renda en 2024?<span class=\"ez-toc-section-end\"><\/span><\/h2>\n<p>Segons va advertir l&#8217;assessor fiscal de CaixaBank, a partir de l&#8217;any que ve, \u00e9s a dir, en la Renda 2023 a presentar entre abril i juny de 2024, &#8220;s&#8217;eliminar\u00e0 fins i tot la petita exempci\u00f3 que contemplava la llei i <strong>tots els aut\u00f2noms estaran obligats a fer la declaraci\u00f3 de la renda&#8221;<\/strong>.<\/p>\n<p>Aix\u00ed va quedar regulat en el Reial decret llei 13\/2022 de 26 de juliol de 2022. La norma modifica l&#8217;article 96.2 de la Llei de l&#8217;IRPF i va establir l&#8217;obligaci\u00f3 de declarar per a <strong>totes les persones f\u00edsiques que hagin estat donades d&#8217;alta com a aut\u00f2noms<\/strong> en qualsevol moment a partir del dia 1 de gener de 2023.<\/p>\n<p>\u00c9s a dir, encara que una persona es don\u00e9s d&#8217;alta com a aut\u00f2nom solament un mes entre gener i desembre de 2023 per a facturar un negoci puntual de 300 euros, en 2024 estaria obligat a presentar la declaraci\u00f3 de l&#8217;IRPF.<\/p>\n<p>Aquesta novetat \u00e9s una <strong>conseq\u00fc\u00e8ncia del canvi en el sistema de cotitzaci\u00f3 per ingressos reals<\/strong> previst per la reforma de la Seguretat Social. &#8220;La majoria de les novetats introdu\u00efdes es refereixen a l&#8217;\u00e0mbit de les prestacions i cotitzacions, per\u00f2 tamb\u00e9 s&#8217;inclou alguna nova obligaci\u00f3 fiscal com, precisament, <strong>l&#8217;obligaci\u00f3 de presentar la declaraci\u00f3 de la renda amb independ\u00e8ncia dels rendiments<\/strong> obtinguts i del temps durant el qual s&#8217;hagi estat donat d&#8217;alta en el R\u00e8gim Especial de Treballadors Aut\u00f2noms, o en el R\u00e8gim Especial de la Seguretat Social dels Treballadors de la Mar&#8221;, va apuntar Pedro Rodr\u00edguez Mateo.<\/p>\n<p>De fet, declarar els ingressos, siguin quals siguin,<strong> \u00e9s necessari perqu\u00e8 la Tresoreria pugui determinar la quota<\/strong> per ingressos reals que l&#8217;aut\u00f2nom haur\u00e0 de pagar a l&#8217;any seg\u00fcent, Per a m\u00e9s informaci\u00f3 sobre aquesta i altres novetats fiscals, els aut\u00f2noms poden accedir al <a href=\"https:\/\/blog.caixabank.es\/blogcaixabank\/\">Blog de CaixaBank<\/a>.<\/p>\n<\/div>\n<p>&nbsp;<\/p>\n<p>Si vols consultar m\u00e9s not\u00edcies: <a href=\"https:\/\/www.ariasassessors.com\/actualidad\/\">https:\/\/www.ariasassessors.com\/actualidad\/\u00a0<\/a><\/p>\n<div class=\"traductor-textarea form-group\">\n<div class=\"textarea-desti col-xs-12 col-sm-6\">\n<div class=\"form-control second-textarea\">Not\u00edcia extreta de: <a href=\"https:\/\/www.autonomosyemprendedor.es\/articulo\/tus-finanzas\/que-autonomos-estarian-exentos-presentar-declaracion-renta-antes-30-junio\/20230505132233030350.html\"> www.autonomosyemprendedor.es\/articulo\/<\/a><\/div>\n<\/div>\n<\/div>\n<div class=\"traductor-checkbox form-group\">\n<div class=\"row\">\n<div class=\"col-sm-offset-2 col-sm-5\"><\/div>\n<\/div>\n<\/div>\n","protected":false},"excerpt":{"rendered":"<p>Els assessors fiscals de CaixaBank expliquen en quins casos deuran els aut\u00f2noms presentar la declaraci\u00f3 de la RENDA enguany i quan podrien estar exempts. Fa ja gaireb\u00e9 un mes que va donar principi la campanya de la RENDA 2023 i, encara a hores d&#8217;ara, els&#8230;<\/p>\n","protected":false},"author":2,"featured_media":2510,"comment_status":"open","ping_status":"open","sticky":false,"template":"","format":"standard","meta":{"footnotes":""},"categories":[4],"tags":[],"class_list":["post-2513","post","type-post","status-publish","format-standard","has-post-thumbnail","hentry","category-noticies"],"yoast_head":"<!-- This site is optimized with the Yoast SEO plugin v24.3 - https:\/\/yoast.com\/wordpress\/plugins\/seo\/ -->\n<title>Quins aut\u00f2noms no han de presentar la declaraci\u00f3 de la RENDA | Arias Assessors<\/title>\n<meta name=\"description\" content=\"Quins aut\u00f2noms estarien exempts de presentar la declaraci\u00f3 de la renda abans del 30 de Juny? Entra i coneix tota la informaci\u00f3.\" \/>\n<meta name=\"robots\" content=\"index, follow, max-snippet:-1, max-image-preview:large, max-video-preview:-1\" \/>\n<link rel=\"canonical\" href=\"https:\/\/www.ariasassessors.com\/ca\/autonoms-delcaracio-de-la-renda\/\" \/>\n<meta property=\"og:locale\" content=\"ca_ES\" \/>\n<meta property=\"og:type\" content=\"article\" \/>\n<meta property=\"og:title\" content=\"Quins aut\u00f2noms no han de presentar la declaraci\u00f3 de la RENDA | Arias Assessors\" \/>\n<meta property=\"og:description\" content=\"Quins aut\u00f2noms estarien exempts de presentar la declaraci\u00f3 de la renda abans del 30 de Juny? Entra i coneix tota la informaci\u00f3.\" \/>\n<meta property=\"og:url\" content=\"https:\/\/www.ariasassessors.com\/ca\/autonoms-delcaracio-de-la-renda\/\" \/>\n<meta property=\"og:site_name\" content=\"Arias Assessors\" \/>\n<meta property=\"article:publisher\" content=\"https:\/\/www.facebook.com\/ariasassessors\/\" \/>\n<meta property=\"article:published_time\" content=\"2023-05-18T14:37:22+00:00\" \/>\n<meta property=\"article:modified_time\" content=\"2023-05-18T14:37:48+00:00\" \/>\n<meta property=\"og:image\" content=\"https:\/\/www.ariasassessors.com\/wp-content\/uploads\/2023\/05\/Arias_Blog_IMAGEN_DESTACADA-22.png\" \/>\n\t<meta property=\"og:image:width\" content=\"1920\" \/>\n\t<meta property=\"og:image:height\" content=\"1202\" \/>\n\t<meta property=\"og:image:type\" content=\"image\/png\" \/>\n<meta name=\"author\" content=\"btorras\" \/>\n<meta name=\"twitter:card\" content=\"summary_large_image\" \/>\n<meta name=\"twitter:creator\" content=\"@ariasassessors\" \/>\n<meta name=\"twitter:site\" content=\"@ariasassessors\" \/>\n<meta name=\"twitter:label1\" content=\"Escrit per\" \/>\n\t<meta name=\"twitter:data1\" content=\"btorras\" \/>\n\t<meta name=\"twitter:label2\" content=\"Temps estimat de lectura\" \/>\n\t<meta name=\"twitter:data2\" content=\"4 minuts\" \/>\n<script type=\"application\/ld+json\" class=\"yoast-schema-graph\">{\"@context\":\"https:\/\/schema.org\",\"@graph\":[{\"@type\":\"Article\",\"@id\":\"https:\/\/www.ariasassessors.com\/ca\/autonoms-delcaracio-de-la-renda\/#article\",\"isPartOf\":{\"@id\":\"https:\/\/www.ariasassessors.com\/ca\/autonoms-delcaracio-de-la-renda\/\"},\"author\":{\"name\":\"btorras\",\"@id\":\"https:\/\/www.ariasassessors.com\/#\/schema\/person\/63c6ad1775f0a9413c37932562673cef\"},\"headline\":\"Quins aut\u00f2noms no han de presentar la declaraci\u00f3 de la RENDA\",\"datePublished\":\"2023-05-18T14:37:22+00:00\",\"dateModified\":\"2023-05-18T14:37:48+00:00\",\"mainEntityOfPage\":{\"@id\":\"https:\/\/www.ariasassessors.com\/ca\/autonoms-delcaracio-de-la-renda\/\"},\"wordCount\":878,\"commentCount\":0,\"publisher\":{\"@id\":\"https:\/\/www.ariasassessors.com\/#organization\"},\"image\":{\"@id\":\"https:\/\/www.ariasassessors.com\/ca\/autonoms-delcaracio-de-la-renda\/#primaryimage\"},\"thumbnailUrl\":\"https:\/\/www.ariasassessors.com\/wp-content\/uploads\/2023\/05\/Arias_Blog_IMAGEN_DESTACADA-22.png\",\"articleSection\":[\"noticies\"],\"inLanguage\":\"ca\",\"potentialAction\":[{\"@type\":\"CommentAction\",\"name\":\"Comment\",\"target\":[\"https:\/\/www.ariasassessors.com\/ca\/autonoms-delcaracio-de-la-renda\/#respond\"]}]},{\"@type\":\"WebPage\",\"@id\":\"https:\/\/www.ariasassessors.com\/ca\/autonoms-delcaracio-de-la-renda\/\",\"url\":\"https:\/\/www.ariasassessors.com\/ca\/autonoms-delcaracio-de-la-renda\/\",\"name\":\"Quins aut\u00f2noms no han de presentar la declaraci\u00f3 de la RENDA | Arias Assessors\",\"isPartOf\":{\"@id\":\"https:\/\/www.ariasassessors.com\/#website\"},\"primaryImageOfPage\":{\"@id\":\"https:\/\/www.ariasassessors.com\/ca\/autonoms-delcaracio-de-la-renda\/#primaryimage\"},\"image\":{\"@id\":\"https:\/\/www.ariasassessors.com\/ca\/autonoms-delcaracio-de-la-renda\/#primaryimage\"},\"thumbnailUrl\":\"https:\/\/www.ariasassessors.com\/wp-content\/uploads\/2023\/05\/Arias_Blog_IMAGEN_DESTACADA-22.png\",\"datePublished\":\"2023-05-18T14:37:22+00:00\",\"dateModified\":\"2023-05-18T14:37:48+00:00\",\"description\":\"Quins aut\u00f2noms estarien exempts de presentar la declaraci\u00f3 de la renda abans del 30 de Juny? Entra i coneix tota la informaci\u00f3.\",\"breadcrumb\":{\"@id\":\"https:\/\/www.ariasassessors.com\/ca\/autonoms-delcaracio-de-la-renda\/#breadcrumb\"},\"inLanguage\":\"ca\",\"potentialAction\":[{\"@type\":\"ReadAction\",\"target\":[\"https:\/\/www.ariasassessors.com\/ca\/autonoms-delcaracio-de-la-renda\/\"]}]},{\"@type\":\"ImageObject\",\"inLanguage\":\"ca\",\"@id\":\"https:\/\/www.ariasassessors.com\/ca\/autonoms-delcaracio-de-la-renda\/#primaryimage\",\"url\":\"https:\/\/www.ariasassessors.com\/wp-content\/uploads\/2023\/05\/Arias_Blog_IMAGEN_DESTACADA-22.png\",\"contentUrl\":\"https:\/\/www.ariasassessors.com\/wp-content\/uploads\/2023\/05\/Arias_Blog_IMAGEN_DESTACADA-22.png\",\"width\":1920,\"height\":1202,\"caption\":\"declaraci\u00f3 de la renta aut\u00f3nomos\"},{\"@type\":\"BreadcrumbList\",\"@id\":\"https:\/\/www.ariasassessors.com\/ca\/autonoms-delcaracio-de-la-renda\/#breadcrumb\",\"itemListElement\":[{\"@type\":\"ListItem\",\"position\":1,\"name\":\"Portada\",\"item\":\"https:\/\/www.ariasassessors.com\/ca\/\"},{\"@type\":\"ListItem\",\"position\":2,\"name\":\"Quins aut\u00f2noms no han de presentar la declaraci\u00f3 de la RENDA\"}]},{\"@type\":\"WebSite\",\"@id\":\"https:\/\/www.ariasassessors.com\/#website\",\"url\":\"https:\/\/www.ariasassessors.com\/\",\"name\":\"Arias Assessors\",\"description\":\"Asesor\u00eda para aut\u00f3nomos, profesionales y PYMES\",\"publisher\":{\"@id\":\"https:\/\/www.ariasassessors.com\/#organization\"},\"potentialAction\":[{\"@type\":\"SearchAction\",\"target\":{\"@type\":\"EntryPoint\",\"urlTemplate\":\"https:\/\/www.ariasassessors.com\/?s={search_term_string}\"},\"query-input\":{\"@type\":\"PropertyValueSpecification\",\"valueRequired\":true,\"valueName\":\"search_term_string\"}}],\"inLanguage\":\"ca\"},{\"@type\":\"Organization\",\"@id\":\"https:\/\/www.ariasassessors.com\/#organization\",\"name\":\"Arias Assessors\",\"url\":\"https:\/\/www.ariasassessors.com\/\",\"logo\":{\"@type\":\"ImageObject\",\"inLanguage\":\"ca\",\"@id\":\"https:\/\/www.ariasassessors.com\/#\/schema\/logo\/image\/\",\"url\":\"https:\/\/www.ariasassessors.com\/wp-content\/uploads\/2019\/01\/arias-logo.png\",\"contentUrl\":\"https:\/\/www.ariasassessors.com\/wp-content\/uploads\/2019\/01\/arias-logo.png\",\"width\":349,\"height\":254,\"caption\":\"Arias Assessors\"},\"image\":{\"@id\":\"https:\/\/www.ariasassessors.com\/#\/schema\/logo\/image\/\"},\"sameAs\":[\"https:\/\/www.facebook.com\/ariasassessors\/\",\"https:\/\/x.com\/ariasassessors\",\"https:\/\/www.linkedin.com\/company\/r&amp;amp;r-growing-knowledge\/\"]},{\"@type\":\"Person\",\"@id\":\"https:\/\/www.ariasassessors.com\/#\/schema\/person\/63c6ad1775f0a9413c37932562673cef\",\"name\":\"btorras\",\"image\":{\"@type\":\"ImageObject\",\"inLanguage\":\"ca\",\"@id\":\"https:\/\/www.ariasassessors.com\/#\/schema\/person\/image\/\",\"url\":\"https:\/\/secure.gravatar.com\/avatar\/0531db351fc361fdbfd204c58fa2d6a3?s=96&d=mm&r=g\",\"contentUrl\":\"https:\/\/secure.gravatar.com\/avatar\/0531db351fc361fdbfd204c58fa2d6a3?s=96&d=mm&r=g\",\"caption\":\"btorras\"}}]}<\/script>\n<!-- \/ Yoast SEO plugin. -->","yoast_head_json":{"title":"Quins aut\u00f2noms no han de presentar la declaraci\u00f3 de la RENDA | Arias Assessors","description":"Quins aut\u00f2noms estarien exempts de presentar la declaraci\u00f3 de la renda abans del 30 de Juny? Entra i coneix tota la informaci\u00f3.","robots":{"index":"index","follow":"follow","max-snippet":"max-snippet:-1","max-image-preview":"max-image-preview:large","max-video-preview":"max-video-preview:-1"},"canonical":"https:\/\/www.ariasassessors.com\/ca\/autonoms-delcaracio-de-la-renda\/","og_locale":"ca_ES","og_type":"article","og_title":"Quins aut\u00f2noms no han de presentar la declaraci\u00f3 de la RENDA | Arias Assessors","og_description":"Quins aut\u00f2noms estarien exempts de presentar la declaraci\u00f3 de la renda abans del 30 de Juny? Entra i coneix tota la informaci\u00f3.","og_url":"https:\/\/www.ariasassessors.com\/ca\/autonoms-delcaracio-de-la-renda\/","og_site_name":"Arias Assessors","article_publisher":"https:\/\/www.facebook.com\/ariasassessors\/","article_published_time":"2023-05-18T14:37:22+00:00","article_modified_time":"2023-05-18T14:37:48+00:00","og_image":[{"width":1920,"height":1202,"url":"https:\/\/www.ariasassessors.com\/wp-content\/uploads\/2023\/05\/Arias_Blog_IMAGEN_DESTACADA-22.png","type":"image\/png"}],"author":"btorras","twitter_card":"summary_large_image","twitter_creator":"@ariasassessors","twitter_site":"@ariasassessors","twitter_misc":{"Escrit per":"btorras","Temps estimat de lectura":"4 minuts"},"schema":{"@context":"https:\/\/schema.org","@graph":[{"@type":"Article","@id":"https:\/\/www.ariasassessors.com\/ca\/autonoms-delcaracio-de-la-renda\/#article","isPartOf":{"@id":"https:\/\/www.ariasassessors.com\/ca\/autonoms-delcaracio-de-la-renda\/"},"author":{"name":"btorras","@id":"https:\/\/www.ariasassessors.com\/#\/schema\/person\/63c6ad1775f0a9413c37932562673cef"},"headline":"Quins aut\u00f2noms no han de presentar la declaraci\u00f3 de la RENDA","datePublished":"2023-05-18T14:37:22+00:00","dateModified":"2023-05-18T14:37:48+00:00","mainEntityOfPage":{"@id":"https:\/\/www.ariasassessors.com\/ca\/autonoms-delcaracio-de-la-renda\/"},"wordCount":878,"commentCount":0,"publisher":{"@id":"https:\/\/www.ariasassessors.com\/#organization"},"image":{"@id":"https:\/\/www.ariasassessors.com\/ca\/autonoms-delcaracio-de-la-renda\/#primaryimage"},"thumbnailUrl":"https:\/\/www.ariasassessors.com\/wp-content\/uploads\/2023\/05\/Arias_Blog_IMAGEN_DESTACADA-22.png","articleSection":["noticies"],"inLanguage":"ca","potentialAction":[{"@type":"CommentAction","name":"Comment","target":["https:\/\/www.ariasassessors.com\/ca\/autonoms-delcaracio-de-la-renda\/#respond"]}]},{"@type":"WebPage","@id":"https:\/\/www.ariasassessors.com\/ca\/autonoms-delcaracio-de-la-renda\/","url":"https:\/\/www.ariasassessors.com\/ca\/autonoms-delcaracio-de-la-renda\/","name":"Quins aut\u00f2noms no han de presentar la declaraci\u00f3 de la RENDA | Arias Assessors","isPartOf":{"@id":"https:\/\/www.ariasassessors.com\/#website"},"primaryImageOfPage":{"@id":"https:\/\/www.ariasassessors.com\/ca\/autonoms-delcaracio-de-la-renda\/#primaryimage"},"image":{"@id":"https:\/\/www.ariasassessors.com\/ca\/autonoms-delcaracio-de-la-renda\/#primaryimage"},"thumbnailUrl":"https:\/\/www.ariasassessors.com\/wp-content\/uploads\/2023\/05\/Arias_Blog_IMAGEN_DESTACADA-22.png","datePublished":"2023-05-18T14:37:22+00:00","dateModified":"2023-05-18T14:37:48+00:00","description":"Quins aut\u00f2noms estarien exempts de presentar la declaraci\u00f3 de la renda abans del 30 de Juny? Entra i coneix tota la informaci\u00f3.","breadcrumb":{"@id":"https:\/\/www.ariasassessors.com\/ca\/autonoms-delcaracio-de-la-renda\/#breadcrumb"},"inLanguage":"ca","potentialAction":[{"@type":"ReadAction","target":["https:\/\/www.ariasassessors.com\/ca\/autonoms-delcaracio-de-la-renda\/"]}]},{"@type":"ImageObject","inLanguage":"ca","@id":"https:\/\/www.ariasassessors.com\/ca\/autonoms-delcaracio-de-la-renda\/#primaryimage","url":"https:\/\/www.ariasassessors.com\/wp-content\/uploads\/2023\/05\/Arias_Blog_IMAGEN_DESTACADA-22.png","contentUrl":"https:\/\/www.ariasassessors.com\/wp-content\/uploads\/2023\/05\/Arias_Blog_IMAGEN_DESTACADA-22.png","width":1920,"height":1202,"caption":"declaraci\u00f3 de la renta aut\u00f3nomos"},{"@type":"BreadcrumbList","@id":"https:\/\/www.ariasassessors.com\/ca\/autonoms-delcaracio-de-la-renda\/#breadcrumb","itemListElement":[{"@type":"ListItem","position":1,"name":"Portada","item":"https:\/\/www.ariasassessors.com\/ca\/"},{"@type":"ListItem","position":2,"name":"Quins aut\u00f2noms no han de presentar la declaraci\u00f3 de la RENDA"}]},{"@type":"WebSite","@id":"https:\/\/www.ariasassessors.com\/#website","url":"https:\/\/www.ariasassessors.com\/","name":"Arias Assessors","description":"Asesor\u00eda para aut\u00f3nomos, profesionales y PYMES","publisher":{"@id":"https:\/\/www.ariasassessors.com\/#organization"},"potentialAction":[{"@type":"SearchAction","target":{"@type":"EntryPoint","urlTemplate":"https:\/\/www.ariasassessors.com\/?s={search_term_string}"},"query-input":{"@type":"PropertyValueSpecification","valueRequired":true,"valueName":"search_term_string"}}],"inLanguage":"ca"},{"@type":"Organization","@id":"https:\/\/www.ariasassessors.com\/#organization","name":"Arias Assessors","url":"https:\/\/www.ariasassessors.com\/","logo":{"@type":"ImageObject","inLanguage":"ca","@id":"https:\/\/www.ariasassessors.com\/#\/schema\/logo\/image\/","url":"https:\/\/www.ariasassessors.com\/wp-content\/uploads\/2019\/01\/arias-logo.png","contentUrl":"https:\/\/www.ariasassessors.com\/wp-content\/uploads\/2019\/01\/arias-logo.png","width":349,"height":254,"caption":"Arias Assessors"},"image":{"@id":"https:\/\/www.ariasassessors.com\/#\/schema\/logo\/image\/"},"sameAs":["https:\/\/www.facebook.com\/ariasassessors\/","https:\/\/x.com\/ariasassessors","https:\/\/www.linkedin.com\/company\/r&amp;amp;r-growing-knowledge\/"]},{"@type":"Person","@id":"https:\/\/www.ariasassessors.com\/#\/schema\/person\/63c6ad1775f0a9413c37932562673cef","name":"btorras","image":{"@type":"ImageObject","inLanguage":"ca","@id":"https:\/\/www.ariasassessors.com\/#\/schema\/person\/image\/","url":"https:\/\/secure.gravatar.com\/avatar\/0531db351fc361fdbfd204c58fa2d6a3?s=96&d=mm&r=g","contentUrl":"https:\/\/secure.gravatar.com\/avatar\/0531db351fc361fdbfd204c58fa2d6a3?s=96&d=mm&r=g","caption":"btorras"}}]}},"_links":{"self":[{"href":"https:\/\/www.ariasassessors.com\/ca\/wp-json\/wp\/v2\/posts\/2513","targetHints":{"allow":["GET"]}}],"collection":[{"href":"https:\/\/www.ariasassessors.com\/ca\/wp-json\/wp\/v2\/posts"}],"about":[{"href":"https:\/\/www.ariasassessors.com\/ca\/wp-json\/wp\/v2\/types\/post"}],"author":[{"embeddable":true,"href":"https:\/\/www.ariasassessors.com\/ca\/wp-json\/wp\/v2\/users\/2"}],"replies":[{"embeddable":true,"href":"https:\/\/www.ariasassessors.com\/ca\/wp-json\/wp\/v2\/comments?post=2513"}],"version-history":[{"count":2,"href":"https:\/\/www.ariasassessors.com\/ca\/wp-json\/wp\/v2\/posts\/2513\/revisions"}],"predecessor-version":[{"id":2515,"href":"https:\/\/www.ariasassessors.com\/ca\/wp-json\/wp\/v2\/posts\/2513\/revisions\/2515"}],"wp:featuredmedia":[{"embeddable":true,"href":"https:\/\/www.ariasassessors.com\/ca\/wp-json\/wp\/v2\/media\/2510"}],"wp:attachment":[{"href":"https:\/\/www.ariasassessors.com\/ca\/wp-json\/wp\/v2\/media?parent=2513"}],"wp:term":[{"taxonomy":"category","embeddable":true,"href":"https:\/\/www.ariasassessors.com\/ca\/wp-json\/wp\/v2\/categories?post=2513"},{"taxonomy":"post_tag","embeddable":true,"href":"https:\/\/www.ariasassessors.com\/ca\/wp-json\/wp\/v2\/tags?post=2513"}],"curies":[{"name":"wp","href":"https:\/\/api.w.org\/{rel}","templated":true}]}}