{"id":2521,"date":"2023-05-29T13:08:29","date_gmt":"2023-05-29T11:08:29","guid":{"rendered":"https:\/\/www.ariasassessors.com\/?p=2521"},"modified":"2023-05-29T13:08:29","modified_gmt":"2023-05-29T11:08:29","slug":"noves-mesures-fiscals-per-la-llei-dhabitatge","status":"publish","type":"post","link":"https:\/\/www.ariasassessors.com\/ca\/noves-mesures-fiscals-per-la-llei-dhabitatge\/","title":{"rendered":"Noves mesures fiscals per la llei d&#8217;habitatge"},"content":{"rendered":"<p>La Llei 12\/2023, de 24 de maig, pel dret a l&#8217;habitatge, porta amb si incentius fiscals a l&#8217;arrendament d&#8217;habitatge en l&#8217;IRPF i rec\u00e0rrecs a l&#8217;IBI per a immobles desocupats amb car\u00e0cter permanent.<\/p>\n<p>S&#8217;ha publicat la Llei 12\/2023, de 24 de maig, pel dret a l&#8217;habitatge que porta amb si determinades mesures fiscals amb la finalitat d&#8217;estimular el lloguer d&#8217;habitatge habitual. Aquestes mesures fiscals es recullen en les disposicions finals segona i tercera de la llei de la citada llei d&#8217;habitatge. Les mesures recollides en la <strong>disposici\u00f3 final tercera entraran en vigor al mateix temps que la llei d&#8217;habitatge, \u00e9s a dir, el 26 de maig de 2023, mentre que els incentius fiscals recollits en la disposici\u00f3 final segona entraran en vigor l&#8217;1 de gener de 2024.<\/strong><\/p>\n<div id=\"ez-toc-container\" class=\"ez-toc-v2_0_72 counter-hierarchy ez-toc-counter ez-toc-grey ez-toc-container-direction\">\n<div class=\"ez-toc-title-container\">\n<p class=\"ez-toc-title\" style=\"cursor:inherit\">\u00cdndice de Contenidos<\/p>\n<span class=\"ez-toc-title-toggle\"><a href=\"#\" class=\"ez-toc-pull-right ez-toc-btn ez-toc-btn-xs ez-toc-btn-default ez-toc-toggle\" aria-label=\"Toggle Table of Content\"><span class=\"ez-toc-js-icon-con\"><span class=\"\"><span class=\"eztoc-hide\" style=\"display:none;\">Toggle<\/span><span class=\"ez-toc-icon-toggle-span\"><svg style=\"fill: #428bca;color:#428bca\" xmlns=\"http:\/\/www.w3.org\/2000\/svg\" class=\"list-377408\" width=\"20px\" height=\"20px\" viewBox=\"0 0 24 24\" fill=\"none\"><path d=\"M6 6H4v2h2V6zm14 0H8v2h12V6zM4 11h2v2H4v-2zm16 0H8v2h12v-2zM4 16h2v2H4v-2zm16 0H8v2h12v-2z\" fill=\"currentColor\"><\/path><\/svg><svg style=\"fill: #428bca;color:#428bca\" class=\"arrow-unsorted-368013\" xmlns=\"http:\/\/www.w3.org\/2000\/svg\" width=\"10px\" height=\"10px\" viewBox=\"0 0 24 24\" version=\"1.2\" baseProfile=\"tiny\"><path d=\"M18.2 9.3l-6.2-6.3-6.2 6.3c-.2.2-.3.4-.3.7s.1.5.3.7c.2.2.4.3.7.3h11c.3 0 .5-.1.7-.3.2-.2.3-.5.3-.7s-.1-.5-.3-.7zM5.8 14.7l6.2 6.3 6.2-6.3c.2-.2.3-.5.3-.7s-.1-.5-.3-.7c-.2-.2-.4-.3-.7-.3h-11c-.3 0-.5.1-.7.3-.2.2-.3.5-.3.7s.1.5.3.7z\"\/><\/svg><\/span><\/span><\/span><\/a><\/span><\/div>\n<nav><ul class='ez-toc-list ez-toc-list-level-1 eztoc-toggle-hide-by-default' ><li class='ez-toc-page-1 ez-toc-heading-level-2'><a class=\"ez-toc-link ez-toc-heading-1\" href=\"https:\/\/www.ariasassessors.com\/ca\/noves-mesures-fiscals-per-la-llei-dhabitatge\/#Incentius_Fiscals_a_larrendament_dhabitatge_en_IRPF\" title=\"Incentius Fiscals a l&#8217;arrendament d&#8217;habitatge en IRPF\">Incentius Fiscals a l&#8217;arrendament d&#8217;habitatge en IRPF<\/a><\/li><li class='ez-toc-page-1 ez-toc-heading-level-2'><a class=\"ez-toc-link ez-toc-heading-2\" href=\"https:\/\/www.ariasassessors.com\/ca\/noves-mesures-fiscals-per-la-llei-dhabitatge\/#Recarrec_en_lIBI_per_a_immobles_desocupats\" title=\"Rec\u00e0rrec en l&#8217;IBI per a immobles desocupats\">Rec\u00e0rrec en l&#8217;IBI per a immobles desocupats<\/a><\/li><\/ul><\/nav><\/div>\n<h2><span class=\"ez-toc-section\" id=\"Incentius_Fiscals_a_larrendament_dhabitatge_en_IRPF\"><\/span>Incentius Fiscals a l&#8217;arrendament d&#8217;habitatge en IRPF<span class=\"ez-toc-section-end\"><\/span><\/h2>\n<p>La disposici\u00f3 final segona de la llei d&#8217;habitatge recull una s\u00e8rie d&#8217;incentius fiscals aplicables en l&#8217;Impost sobre la Renda de les Persones F\u00edsiques (<a href=\"https:\/\/www.iberley.es\/legislacion\/ley-35-2006-28-noviembre-impuesto-sobre-renta-personas-fisicas-modificacion-parcial-leyes-impuestos-sobre-sociedades-sobre-renta-no-residentes-sobre-patrimonio-4140118\">IRPF<\/a>) als arrendaments d&#8217;immobles destinats a habitatge.<\/p>\n<p>Aix\u00ed, amb efectes per als contractes d&#8217;arrendament d&#8217;habitatge celebrats a partir de l&#8217;entrada en vigor de la llei d&#8217;habitatge, s&#8217;introdueixen modificacions en la\u00a0LIRPF\u00a0a l&#8217;hora de calcular el rendiment del capital immobiliari. Amb aquesta modificaci\u00f3, <strong>l&#8217;arrendador d&#8217;immobles destinats a habitatge reduir\u00e0 el seu rendiment net positiu<\/strong>:<\/p>\n<p>&#8211; En un <strong>90%<\/strong> quan s&#8217;hagu\u00e9s formalitzat pel mateix arrendador un nou contracte d&#8217;arrendament sobre un habitatge situat en una zona de mercat residencial\u00a0tensionado, en el qual la renda inicial s&#8217;hagu\u00e9s rebaixat en m\u00e9s d&#8217;un 5% en relaci\u00f3 amb l&#8217;\u00faltima renda de l&#8217;anterior contracte d&#8217;arrendament del mateix habitatge, una vegada aplicada, en el seu cas, la cl\u00e0usula d&#8217;actualitzaci\u00f3 anual del contracte anterior.<br \/>\n&#8211; En un <strong>70%<\/strong> quan no complint-se els requisits anteriors, el contribuent hagu\u00e9s llogat pro primera vegada l&#8217;habitatge i l&#8217;inquil\u00ed tingui entre 18 i 35 anys o quan l&#8217;arrendatari sigui una Administraci\u00f3 P\u00fablica o entitat sense fins lucratius que destini l&#8217;habitatge al lloguer social amb una renda mensual inferior a l&#8217;establerta en el programa d&#8217;ajudes al lloguer del pla estatal d&#8217;habitatge, o a l&#8217;allotjament de persones en situaci\u00f3 de vulnerabilitat econ\u00f2mica o quan l&#8217;habitatge estigui acolliment a algun programa p\u00fablic d&#8217;habitatge o qualificaci\u00f3 en virtut del qual l&#8217;Administraci\u00f3 competent estableixi una limitaci\u00f3 en la renda del lloguer. ?<br \/>\n&#8211; En un <strong>60%<\/strong> quan, no complint-se els requisits per a aplicar les reduccions anteriors, l&#8217;habitatge hagu\u00e9s estat objecte de rehabilitaci\u00f3 que hagu\u00e9s finalitzat en els dos anys anteriors a la data de la celebraci\u00f3 del contracte d&#8217;arrendament.<br \/>\n&#8211; En un<strong> 50%,<\/strong> en qualsevol altre cas.<\/p>\n<p>D&#8217;altra banda, es modifica la disposici\u00f3 transit\u00f2ria vint-i-vuitena de la\u00a0LIRPF\u00a0per a regular que, als contractes d&#8217;arrendament celebrats abans de l&#8217;entrada en vigor de la llei d&#8217;habitatge, s&#8217;aplicar\u00e0 el c\u00e0lcul del rendiment net del capital immobiliari previst en la redacci\u00f3 vigent a 31 de desembre de 2021 de la\u00a0LIRPF.<\/p>\n<h2><span class=\"ez-toc-section\" id=\"Recarrec_en_lIBI_per_a_immobles_desocupats\"><\/span>Rec\u00e0rrec en l&#8217;IBI per a immobles desocupats<span class=\"ez-toc-section-end\"><\/span><\/h2>\n<p>A trav\u00e9s de la disposici\u00f3 final tercera de la <a href=\"https:\/\/www.iberley.es\/legislacion\/ley-12-2023-24-may-derecho-vivienda-27195659\">Llei 12\/2023, de 24 de maig<\/a>, es modula el rec\u00e0rrec als immobles d&#8217;\u00fas residencial desocupats amb car\u00e0cter permanent en l&#8217;Impost sobre B\u00e9ns immobles (IBI).<\/p>\n<p>A aquest efecte, tindr\u00e0 la consideraci\u00f3 d&#8217;<strong>immoble<\/strong> desocupat amb car\u00e0cter permanent aquell que <strong>romangui desocupat, de forma continuada i sense causa justificada, per un termini superior a dos anys i pertanyin a titulars de quatre o m\u00e9s immobles d&#8217;\u00fas residencial.<\/strong><\/p>\n<p>En el cas d&#8217;immobles d&#8217;\u00fas residencial que es trobin desocupats amb car\u00e0cter permanent, els ajuntaments podran exigir un<strong> rec\u00e0rrec de fins al 50% de la quota l\u00edquida<\/strong> de l&#8217;impost, que podr\u00e0 incrementar-se al <strong>100% de la quota l\u00edquida de l&#8217;impost quan el per\u00edode de desocupaci\u00f3 sigui superior a tres anys<\/strong>, podent modular-se en funci\u00f3 del per\u00edode de temps de desocupaci\u00f3, i els ajuntaments podran incrementar el percentatge de rec\u00e0rrec en un <strong>50% addicional en cas d&#8217;immobles pertanyents a titulars de dos o m\u00e9s immobles d&#8217;\u00fas residencial que es trobin desocupats en el mateix terme municipal.<\/strong><\/p>\n<p>&nbsp;<\/p>\n<p>Si vols consultar m\u00e9s not\u00edcies: <a href=\"https:\/\/www.ariasassessors.com\/actualidad\/\">https:\/\/www.ariasassessors.com\/actualidad\/<\/a><\/p>\n<p>Not\u00edcia extreta de: <a href=\"https:\/\/www.iberley.es\/noticias\/medidas-extraordinarias-materia-alquiler-desahucios-covid-19-30147\">https:\/\/www.iberley.es\/noticias\/<\/a><\/p>\n<p>&nbsp;<\/p>\n","protected":false},"excerpt":{"rendered":"<p>La Llei 12\/2023, de 24 de maig, pel dret a l&#8217;habitatge, porta amb si incentius fiscals a l&#8217;arrendament d&#8217;habitatge en l&#8217;IRPF i rec\u00e0rrecs a l&#8217;IBI per a immobles desocupats amb car\u00e0cter permanent. S&#8217;ha publicat la Llei 12\/2023, de 24 de maig, pel dret a l&#8217;habitatge&#8230;<\/p>\n","protected":false},"author":2,"featured_media":2519,"comment_status":"open","ping_status":"open","sticky":false,"template":"","format":"standard","meta":{"footnotes":""},"categories":[4],"tags":[],"class_list":["post-2521","post","type-post","status-publish","format-standard","has-post-thumbnail","hentry","category-noticies"],"yoast_head":"<!-- This site is optimized with the Yoast SEO plugin v24.3 - https:\/\/yoast.com\/wordpress\/plugins\/seo\/ -->\n<title>Noves mesures fiscals per la llei d&#039;habitatge | Arias Assessors<\/title>\n<meta name=\"description\" content=\"Introdu\u00efdes noves mesures fiscals per la llei d&#039;habitatge. Entra i coneix tots els detalls sobre les noves mesures.\" \/>\n<meta name=\"robots\" content=\"index, follow, max-snippet:-1, max-image-preview:large, max-video-preview:-1\" \/>\n<link rel=\"canonical\" href=\"https:\/\/www.ariasassessors.com\/ca\/noves-mesures-fiscals-per-la-llei-dhabitatge\/\" \/>\n<meta property=\"og:locale\" content=\"ca_ES\" \/>\n<meta property=\"og:type\" content=\"article\" \/>\n<meta property=\"og:title\" content=\"Noves mesures fiscals per la llei d&#039;habitatge | Arias Assessors\" \/>\n<meta property=\"og:description\" content=\"Introdu\u00efdes noves mesures fiscals per la llei d&#039;habitatge. Entra i coneix tots els detalls sobre les noves mesures.\" \/>\n<meta property=\"og:url\" content=\"https:\/\/www.ariasassessors.com\/ca\/noves-mesures-fiscals-per-la-llei-dhabitatge\/\" \/>\n<meta property=\"og:site_name\" content=\"Arias Assessors\" \/>\n<meta property=\"article:publisher\" content=\"https:\/\/www.facebook.com\/ariasassessors\/\" \/>\n<meta property=\"article:published_time\" content=\"2023-05-29T11:08:29+00:00\" \/>\n<meta property=\"og:image\" content=\"https:\/\/www.ariasassessors.com\/wp-content\/uploads\/2023\/05\/Arias_Blog_IMAGEN_DESTACADA-23.png\" \/>\n\t<meta property=\"og:image:width\" content=\"1920\" \/>\n\t<meta property=\"og:image:height\" content=\"1202\" \/>\n\t<meta property=\"og:image:type\" content=\"image\/png\" \/>\n<meta name=\"author\" content=\"btorras\" \/>\n<meta name=\"twitter:card\" content=\"summary_large_image\" \/>\n<meta name=\"twitter:creator\" content=\"@ariasassessors\" \/>\n<meta name=\"twitter:site\" content=\"@ariasassessors\" \/>\n<meta name=\"twitter:label1\" content=\"Escrit per\" \/>\n\t<meta name=\"twitter:data1\" content=\"btorras\" \/>\n\t<meta name=\"twitter:label2\" content=\"Temps estimat de lectura\" \/>\n\t<meta name=\"twitter:data2\" content=\"3 minuts\" \/>\n<script type=\"application\/ld+json\" class=\"yoast-schema-graph\">{\"@context\":\"https:\/\/schema.org\",\"@graph\":[{\"@type\":\"Article\",\"@id\":\"https:\/\/www.ariasassessors.com\/ca\/noves-mesures-fiscals-per-la-llei-dhabitatge\/#article\",\"isPartOf\":{\"@id\":\"https:\/\/www.ariasassessors.com\/ca\/noves-mesures-fiscals-per-la-llei-dhabitatge\/\"},\"author\":{\"name\":\"btorras\",\"@id\":\"https:\/\/www.ariasassessors.com\/#\/schema\/person\/63c6ad1775f0a9413c37932562673cef\"},\"headline\":\"Noves mesures fiscals per la llei d&#8217;habitatge\",\"datePublished\":\"2023-05-29T11:08:29+00:00\",\"dateModified\":\"2023-05-29T11:08:29+00:00\",\"mainEntityOfPage\":{\"@id\":\"https:\/\/www.ariasassessors.com\/ca\/noves-mesures-fiscals-per-la-llei-dhabitatge\/\"},\"wordCount\":687,\"commentCount\":0,\"publisher\":{\"@id\":\"https:\/\/www.ariasassessors.com\/#organization\"},\"image\":{\"@id\":\"https:\/\/www.ariasassessors.com\/ca\/noves-mesures-fiscals-per-la-llei-dhabitatge\/#primaryimage\"},\"thumbnailUrl\":\"https:\/\/www.ariasassessors.com\/wp-content\/uploads\/2023\/05\/Arias_Blog_IMAGEN_DESTACADA-23.png\",\"articleSection\":[\"noticies\"],\"inLanguage\":\"ca\",\"potentialAction\":[{\"@type\":\"CommentAction\",\"name\":\"Comment\",\"target\":[\"https:\/\/www.ariasassessors.com\/ca\/noves-mesures-fiscals-per-la-llei-dhabitatge\/#respond\"]}]},{\"@type\":\"WebPage\",\"@id\":\"https:\/\/www.ariasassessors.com\/ca\/noves-mesures-fiscals-per-la-llei-dhabitatge\/\",\"url\":\"https:\/\/www.ariasassessors.com\/ca\/noves-mesures-fiscals-per-la-llei-dhabitatge\/\",\"name\":\"Noves mesures fiscals per la llei d'habitatge | Arias Assessors\",\"isPartOf\":{\"@id\":\"https:\/\/www.ariasassessors.com\/#website\"},\"primaryImageOfPage\":{\"@id\":\"https:\/\/www.ariasassessors.com\/ca\/noves-mesures-fiscals-per-la-llei-dhabitatge\/#primaryimage\"},\"image\":{\"@id\":\"https:\/\/www.ariasassessors.com\/ca\/noves-mesures-fiscals-per-la-llei-dhabitatge\/#primaryimage\"},\"thumbnailUrl\":\"https:\/\/www.ariasassessors.com\/wp-content\/uploads\/2023\/05\/Arias_Blog_IMAGEN_DESTACADA-23.png\",\"datePublished\":\"2023-05-29T11:08:29+00:00\",\"dateModified\":\"2023-05-29T11:08:29+00:00\",\"description\":\"Introdu\u00efdes noves mesures fiscals per la llei d'habitatge. Entra i coneix tots els detalls sobre les noves mesures.\",\"breadcrumb\":{\"@id\":\"https:\/\/www.ariasassessors.com\/ca\/noves-mesures-fiscals-per-la-llei-dhabitatge\/#breadcrumb\"},\"inLanguage\":\"ca\",\"potentialAction\":[{\"@type\":\"ReadAction\",\"target\":[\"https:\/\/www.ariasassessors.com\/ca\/noves-mesures-fiscals-per-la-llei-dhabitatge\/\"]}]},{\"@type\":\"ImageObject\",\"inLanguage\":\"ca\",\"@id\":\"https:\/\/www.ariasassessors.com\/ca\/noves-mesures-fiscals-per-la-llei-dhabitatge\/#primaryimage\",\"url\":\"https:\/\/www.ariasassessors.com\/wp-content\/uploads\/2023\/05\/Arias_Blog_IMAGEN_DESTACADA-23.png\",\"contentUrl\":\"https:\/\/www.ariasassessors.com\/wp-content\/uploads\/2023\/05\/Arias_Blog_IMAGEN_DESTACADA-23.png\",\"width\":1920,\"height\":1202,\"caption\":\"llei d'habitatge\"},{\"@type\":\"BreadcrumbList\",\"@id\":\"https:\/\/www.ariasassessors.com\/ca\/noves-mesures-fiscals-per-la-llei-dhabitatge\/#breadcrumb\",\"itemListElement\":[{\"@type\":\"ListItem\",\"position\":1,\"name\":\"Portada\",\"item\":\"https:\/\/www.ariasassessors.com\/ca\/\"},{\"@type\":\"ListItem\",\"position\":2,\"name\":\"Noves mesures fiscals per la llei d&#8217;habitatge\"}]},{\"@type\":\"WebSite\",\"@id\":\"https:\/\/www.ariasassessors.com\/#website\",\"url\":\"https:\/\/www.ariasassessors.com\/\",\"name\":\"Arias Assessors\",\"description\":\"Asesor\u00eda para aut\u00f3nomos, profesionales y PYMES\",\"publisher\":{\"@id\":\"https:\/\/www.ariasassessors.com\/#organization\"},\"potentialAction\":[{\"@type\":\"SearchAction\",\"target\":{\"@type\":\"EntryPoint\",\"urlTemplate\":\"https:\/\/www.ariasassessors.com\/?s={search_term_string}\"},\"query-input\":{\"@type\":\"PropertyValueSpecification\",\"valueRequired\":true,\"valueName\":\"search_term_string\"}}],\"inLanguage\":\"ca\"},{\"@type\":\"Organization\",\"@id\":\"https:\/\/www.ariasassessors.com\/#organization\",\"name\":\"Arias Assessors\",\"url\":\"https:\/\/www.ariasassessors.com\/\",\"logo\":{\"@type\":\"ImageObject\",\"inLanguage\":\"ca\",\"@id\":\"https:\/\/www.ariasassessors.com\/#\/schema\/logo\/image\/\",\"url\":\"https:\/\/www.ariasassessors.com\/wp-content\/uploads\/2019\/01\/arias-logo.png\",\"contentUrl\":\"https:\/\/www.ariasassessors.com\/wp-content\/uploads\/2019\/01\/arias-logo.png\",\"width\":349,\"height\":254,\"caption\":\"Arias Assessors\"},\"image\":{\"@id\":\"https:\/\/www.ariasassessors.com\/#\/schema\/logo\/image\/\"},\"sameAs\":[\"https:\/\/www.facebook.com\/ariasassessors\/\",\"https:\/\/x.com\/ariasassessors\",\"https:\/\/www.linkedin.com\/company\/r&amp;amp;r-growing-knowledge\/\"]},{\"@type\":\"Person\",\"@id\":\"https:\/\/www.ariasassessors.com\/#\/schema\/person\/63c6ad1775f0a9413c37932562673cef\",\"name\":\"btorras\",\"image\":{\"@type\":\"ImageObject\",\"inLanguage\":\"ca\",\"@id\":\"https:\/\/www.ariasassessors.com\/#\/schema\/person\/image\/\",\"url\":\"https:\/\/secure.gravatar.com\/avatar\/0531db351fc361fdbfd204c58fa2d6a3?s=96&d=mm&r=g\",\"contentUrl\":\"https:\/\/secure.gravatar.com\/avatar\/0531db351fc361fdbfd204c58fa2d6a3?s=96&d=mm&r=g\",\"caption\":\"btorras\"}}]}<\/script>\n<!-- \/ Yoast SEO plugin. -->","yoast_head_json":{"title":"Noves mesures fiscals per la llei d'habitatge | Arias Assessors","description":"Introdu\u00efdes noves mesures fiscals per la llei d'habitatge. Entra i coneix tots els detalls sobre les noves mesures.","robots":{"index":"index","follow":"follow","max-snippet":"max-snippet:-1","max-image-preview":"max-image-preview:large","max-video-preview":"max-video-preview:-1"},"canonical":"https:\/\/www.ariasassessors.com\/ca\/noves-mesures-fiscals-per-la-llei-dhabitatge\/","og_locale":"ca_ES","og_type":"article","og_title":"Noves mesures fiscals per la llei d'habitatge | Arias Assessors","og_description":"Introdu\u00efdes noves mesures fiscals per la llei d'habitatge. Entra i coneix tots els detalls sobre les noves mesures.","og_url":"https:\/\/www.ariasassessors.com\/ca\/noves-mesures-fiscals-per-la-llei-dhabitatge\/","og_site_name":"Arias Assessors","article_publisher":"https:\/\/www.facebook.com\/ariasassessors\/","article_published_time":"2023-05-29T11:08:29+00:00","og_image":[{"width":1920,"height":1202,"url":"https:\/\/www.ariasassessors.com\/wp-content\/uploads\/2023\/05\/Arias_Blog_IMAGEN_DESTACADA-23.png","type":"image\/png"}],"author":"btorras","twitter_card":"summary_large_image","twitter_creator":"@ariasassessors","twitter_site":"@ariasassessors","twitter_misc":{"Escrit per":"btorras","Temps estimat de lectura":"3 minuts"},"schema":{"@context":"https:\/\/schema.org","@graph":[{"@type":"Article","@id":"https:\/\/www.ariasassessors.com\/ca\/noves-mesures-fiscals-per-la-llei-dhabitatge\/#article","isPartOf":{"@id":"https:\/\/www.ariasassessors.com\/ca\/noves-mesures-fiscals-per-la-llei-dhabitatge\/"},"author":{"name":"btorras","@id":"https:\/\/www.ariasassessors.com\/#\/schema\/person\/63c6ad1775f0a9413c37932562673cef"},"headline":"Noves mesures fiscals per la llei d&#8217;habitatge","datePublished":"2023-05-29T11:08:29+00:00","dateModified":"2023-05-29T11:08:29+00:00","mainEntityOfPage":{"@id":"https:\/\/www.ariasassessors.com\/ca\/noves-mesures-fiscals-per-la-llei-dhabitatge\/"},"wordCount":687,"commentCount":0,"publisher":{"@id":"https:\/\/www.ariasassessors.com\/#organization"},"image":{"@id":"https:\/\/www.ariasassessors.com\/ca\/noves-mesures-fiscals-per-la-llei-dhabitatge\/#primaryimage"},"thumbnailUrl":"https:\/\/www.ariasassessors.com\/wp-content\/uploads\/2023\/05\/Arias_Blog_IMAGEN_DESTACADA-23.png","articleSection":["noticies"],"inLanguage":"ca","potentialAction":[{"@type":"CommentAction","name":"Comment","target":["https:\/\/www.ariasassessors.com\/ca\/noves-mesures-fiscals-per-la-llei-dhabitatge\/#respond"]}]},{"@type":"WebPage","@id":"https:\/\/www.ariasassessors.com\/ca\/noves-mesures-fiscals-per-la-llei-dhabitatge\/","url":"https:\/\/www.ariasassessors.com\/ca\/noves-mesures-fiscals-per-la-llei-dhabitatge\/","name":"Noves mesures fiscals per la llei d'habitatge | Arias Assessors","isPartOf":{"@id":"https:\/\/www.ariasassessors.com\/#website"},"primaryImageOfPage":{"@id":"https:\/\/www.ariasassessors.com\/ca\/noves-mesures-fiscals-per-la-llei-dhabitatge\/#primaryimage"},"image":{"@id":"https:\/\/www.ariasassessors.com\/ca\/noves-mesures-fiscals-per-la-llei-dhabitatge\/#primaryimage"},"thumbnailUrl":"https:\/\/www.ariasassessors.com\/wp-content\/uploads\/2023\/05\/Arias_Blog_IMAGEN_DESTACADA-23.png","datePublished":"2023-05-29T11:08:29+00:00","dateModified":"2023-05-29T11:08:29+00:00","description":"Introdu\u00efdes noves mesures fiscals per la llei d'habitatge. Entra i coneix tots els detalls sobre les noves mesures.","breadcrumb":{"@id":"https:\/\/www.ariasassessors.com\/ca\/noves-mesures-fiscals-per-la-llei-dhabitatge\/#breadcrumb"},"inLanguage":"ca","potentialAction":[{"@type":"ReadAction","target":["https:\/\/www.ariasassessors.com\/ca\/noves-mesures-fiscals-per-la-llei-dhabitatge\/"]}]},{"@type":"ImageObject","inLanguage":"ca","@id":"https:\/\/www.ariasassessors.com\/ca\/noves-mesures-fiscals-per-la-llei-dhabitatge\/#primaryimage","url":"https:\/\/www.ariasassessors.com\/wp-content\/uploads\/2023\/05\/Arias_Blog_IMAGEN_DESTACADA-23.png","contentUrl":"https:\/\/www.ariasassessors.com\/wp-content\/uploads\/2023\/05\/Arias_Blog_IMAGEN_DESTACADA-23.png","width":1920,"height":1202,"caption":"llei d'habitatge"},{"@type":"BreadcrumbList","@id":"https:\/\/www.ariasassessors.com\/ca\/noves-mesures-fiscals-per-la-llei-dhabitatge\/#breadcrumb","itemListElement":[{"@type":"ListItem","position":1,"name":"Portada","item":"https:\/\/www.ariasassessors.com\/ca\/"},{"@type":"ListItem","position":2,"name":"Noves mesures fiscals per la llei d&#8217;habitatge"}]},{"@type":"WebSite","@id":"https:\/\/www.ariasassessors.com\/#website","url":"https:\/\/www.ariasassessors.com\/","name":"Arias Assessors","description":"Asesor\u00eda para aut\u00f3nomos, profesionales y PYMES","publisher":{"@id":"https:\/\/www.ariasassessors.com\/#organization"},"potentialAction":[{"@type":"SearchAction","target":{"@type":"EntryPoint","urlTemplate":"https:\/\/www.ariasassessors.com\/?s={search_term_string}"},"query-input":{"@type":"PropertyValueSpecification","valueRequired":true,"valueName":"search_term_string"}}],"inLanguage":"ca"},{"@type":"Organization","@id":"https:\/\/www.ariasassessors.com\/#organization","name":"Arias Assessors","url":"https:\/\/www.ariasassessors.com\/","logo":{"@type":"ImageObject","inLanguage":"ca","@id":"https:\/\/www.ariasassessors.com\/#\/schema\/logo\/image\/","url":"https:\/\/www.ariasassessors.com\/wp-content\/uploads\/2019\/01\/arias-logo.png","contentUrl":"https:\/\/www.ariasassessors.com\/wp-content\/uploads\/2019\/01\/arias-logo.png","width":349,"height":254,"caption":"Arias Assessors"},"image":{"@id":"https:\/\/www.ariasassessors.com\/#\/schema\/logo\/image\/"},"sameAs":["https:\/\/www.facebook.com\/ariasassessors\/","https:\/\/x.com\/ariasassessors","https:\/\/www.linkedin.com\/company\/r&amp;amp;r-growing-knowledge\/"]},{"@type":"Person","@id":"https:\/\/www.ariasassessors.com\/#\/schema\/person\/63c6ad1775f0a9413c37932562673cef","name":"btorras","image":{"@type":"ImageObject","inLanguage":"ca","@id":"https:\/\/www.ariasassessors.com\/#\/schema\/person\/image\/","url":"https:\/\/secure.gravatar.com\/avatar\/0531db351fc361fdbfd204c58fa2d6a3?s=96&d=mm&r=g","contentUrl":"https:\/\/secure.gravatar.com\/avatar\/0531db351fc361fdbfd204c58fa2d6a3?s=96&d=mm&r=g","caption":"btorras"}}]}},"_links":{"self":[{"href":"https:\/\/www.ariasassessors.com\/ca\/wp-json\/wp\/v2\/posts\/2521","targetHints":{"allow":["GET"]}}],"collection":[{"href":"https:\/\/www.ariasassessors.com\/ca\/wp-json\/wp\/v2\/posts"}],"about":[{"href":"https:\/\/www.ariasassessors.com\/ca\/wp-json\/wp\/v2\/types\/post"}],"author":[{"embeddable":true,"href":"https:\/\/www.ariasassessors.com\/ca\/wp-json\/wp\/v2\/users\/2"}],"replies":[{"embeddable":true,"href":"https:\/\/www.ariasassessors.com\/ca\/wp-json\/wp\/v2\/comments?post=2521"}],"version-history":[{"count":1,"href":"https:\/\/www.ariasassessors.com\/ca\/wp-json\/wp\/v2\/posts\/2521\/revisions"}],"predecessor-version":[{"id":2522,"href":"https:\/\/www.ariasassessors.com\/ca\/wp-json\/wp\/v2\/posts\/2521\/revisions\/2522"}],"wp:featuredmedia":[{"embeddable":true,"href":"https:\/\/www.ariasassessors.com\/ca\/wp-json\/wp\/v2\/media\/2519"}],"wp:attachment":[{"href":"https:\/\/www.ariasassessors.com\/ca\/wp-json\/wp\/v2\/media?parent=2521"}],"wp:term":[{"taxonomy":"category","embeddable":true,"href":"https:\/\/www.ariasassessors.com\/ca\/wp-json\/wp\/v2\/categories?post=2521"},{"taxonomy":"post_tag","embeddable":true,"href":"https:\/\/www.ariasassessors.com\/ca\/wp-json\/wp\/v2\/tags?post=2521"}],"curies":[{"name":"wp","href":"https:\/\/api.w.org\/{rel}","templated":true}]}}