{"id":2540,"date":"2023-06-07T12:21:14","date_gmt":"2023-06-07T10:21:14","guid":{"rendered":"https:\/\/www.ariasassessors.com\/?p=2540"},"modified":"2023-06-07T12:21:14","modified_gmt":"2023-06-07T10:21:14","slug":"avancen-cobrament-renda-als-autonoms","status":"publish","type":"post","link":"https:\/\/www.ariasassessors.com\/ca\/avancen-cobrament-renda-als-autonoms\/","title":{"rendered":"L&#8217;Ag\u00e8ncia Tribut\u00e0ria avan\u00e7a els dies en qu\u00e8 girar\u00e0 el cobrament de la RENDA als aut\u00f2noms"},"content":{"rendered":"<div id=\"ez-toc-container\" class=\"ez-toc-v2_0_72 counter-hierarchy ez-toc-counter ez-toc-grey ez-toc-container-direction\">\n<div class=\"ez-toc-title-container\">\n<p class=\"ez-toc-title\" style=\"cursor:inherit\">\u00cdndice de Contenidos<\/p>\n<span class=\"ez-toc-title-toggle\"><a href=\"#\" class=\"ez-toc-pull-right ez-toc-btn ez-toc-btn-xs ez-toc-btn-default ez-toc-toggle\" aria-label=\"Toggle Table of Content\"><span class=\"ez-toc-js-icon-con\"><span class=\"\"><span class=\"eztoc-hide\" style=\"display:none;\">Toggle<\/span><span class=\"ez-toc-icon-toggle-span\"><svg style=\"fill: #428bca;color:#428bca\" xmlns=\"http:\/\/www.w3.org\/2000\/svg\" class=\"list-377408\" width=\"20px\" height=\"20px\" viewBox=\"0 0 24 24\" fill=\"none\"><path d=\"M6 6H4v2h2V6zm14 0H8v2h12V6zM4 11h2v2H4v-2zm16 0H8v2h12v-2zM4 16h2v2H4v-2zm16 0H8v2h12v-2z\" fill=\"currentColor\"><\/path><\/svg><svg style=\"fill: #428bca;color:#428bca\" class=\"arrow-unsorted-368013\" xmlns=\"http:\/\/www.w3.org\/2000\/svg\" width=\"10px\" height=\"10px\" viewBox=\"0 0 24 24\" version=\"1.2\" baseProfile=\"tiny\"><path d=\"M18.2 9.3l-6.2-6.3-6.2 6.3c-.2.2-.3.4-.3.7s.1.5.3.7c.2.2.4.3.7.3h11c.3 0 .5-.1.7-.3.2-.2.3-.5.3-.7s-.1-.5-.3-.7zM5.8 14.7l6.2 6.3 6.2-6.3c.2-.2.3-.5.3-.7s-.1-.5-.3-.7c-.2-.2-.4-.3-.7-.3h-11c-.3 0-.5.1-.7.3-.2.2-.3.5-.3.7s.1.5.3.7z\"\/><\/svg><\/span><\/span><\/span><\/a><\/span><\/div>\n<nav><ul class='ez-toc-list ez-toc-list-level-1 eztoc-toggle-hide-by-default' ><li class='ez-toc-page-1 ez-toc-heading-level-1'><a class=\"ez-toc-link ez-toc-heading-1\" href=\"https:\/\/www.ariasassessors.com\/ca\/avancen-cobrament-renda-als-autonoms\/#LAgencia_Tributaria_avanca_els_dies_en_que_girara_el_cobrament_de_la_RENDA_als_autonoms\" title=\"L&#8217;Ag\u00e8ncia Tribut\u00e0ria avan\u00e7a els dies en qu\u00e8 girar\u00e0 el cobrament de la RENDA als aut\u00f2noms\">L&#8217;Ag\u00e8ncia Tribut\u00e0ria avan\u00e7a els dies en qu\u00e8 girar\u00e0 el cobrament de la RENDA als aut\u00f2noms<\/a><ul class='ez-toc-list-level-2' ><li class='ez-toc-heading-level-2'><a class=\"ez-toc-link ez-toc-heading-2\" href=\"https:\/\/www.ariasassessors.com\/ca\/avancen-cobrament-renda-als-autonoms\/#En_quines_dates_cobra_Hisenda_el_resultat_de_la_RENDA_als_autonoms\" title=\"En quines dates cobra Hisenda el resultat de la RENDA als aut\u00f2noms?\">En quines dates cobra Hisenda el resultat de la RENDA als aut\u00f2noms?<\/a><\/li><li class='ez-toc-page-1 ez-toc-heading-level-2'><a class=\"ez-toc-link ez-toc-heading-3\" href=\"https:\/\/www.ariasassessors.com\/ca\/avancen-cobrament-renda-als-autonoms\/#Hisenda_cobrara_el_pagament_de_la_RENDA_el_dia_30_de_juny_si_lautonom_va_optar_per_la_domiciliacio\" title=\"Hisenda cobrar\u00e0 el pagament de la RENDA el dia 30 de juny, si l&#8217;aut\u00f2nom va optar per la domiciliaci\u00f3\">Hisenda cobrar\u00e0 el pagament de la RENDA el dia 30 de juny, si l&#8217;aut\u00f2nom va optar per la domiciliaci\u00f3<\/a><\/li><li class='ez-toc-page-1 ez-toc-heading-level-2'><a class=\"ez-toc-link ez-toc-heading-4\" href=\"https:\/\/www.ariasassessors.com\/ca\/avancen-cobrament-renda-als-autonoms\/#Terminis_per_a_presentar_la_RENDA_depenent_del_resultat_i_del_metode_triat_per_a_pagar\" title=\"Terminis per a presentar la RENDA, depenent del resultat i del m\u00e8tode triat per a pagar\">Terminis per a presentar la RENDA, depenent del resultat i del m\u00e8tode triat per a pagar<\/a><\/li><li class='ez-toc-page-1 ez-toc-heading-level-2'><a class=\"ez-toc-link ez-toc-heading-5\" href=\"https:\/\/www.ariasassessors.com\/ca\/avancen-cobrament-renda-als-autonoms\/#En_que_consisteix_el_fraccionament_de_lIRPF_anual\" title=\"En qu\u00e8 consisteix el fraccionament de l&#8217;IRPF anual?\">En qu\u00e8 consisteix el fraccionament de l&#8217;IRPF anual?<\/a><\/li><\/ul><\/li><\/ul><\/nav><\/div>\n<h1><span class=\"ez-toc-section\" id=\"LAgencia_Tributaria_avanca_els_dies_en_que_girara_el_cobrament_de_la_RENDA_als_autonoms\"><\/span><strong>L&#8217;Ag\u00e8ncia Tribut\u00e0ria avan\u00e7a els dies en qu\u00e8 girar\u00e0 el cobrament de la RENDA als aut\u00f2noms<\/strong><span class=\"ez-toc-section-end\"><\/span><\/h1>\n<p>L&#8217;Ag\u00e8ncia Tribut\u00e0ria ha avan\u00e7at els dies en qu\u00e8 cobrar\u00e0 als aut\u00f2noms la RENDA que els hagi sortit a pagar. Les dates dependran d&#8217;alguns factors.<\/p>\n<p>Diumenge passat es van complir dos mesos de l&#8217;inici de la campanya de l&#8217;Impost sobre la Renda de les Persones F\u00edsiques (IRPF) de 2022. Enguany, l&#8217;Ag\u00e8ncia Tribut\u00e0ria estima que <strong>es presentaran m\u00e9s de 22 milions de declaracions de la RENDA de les quals entorn a 7,6 milions sortiran amb resultat positiu<\/strong>, \u00e9s a dir, que ser\u00e0 <a href=\"https:\/\/www.autonomosyemprendedor.es\/articulo\/actualidad\/hacienda-explica-cual-es-fecha-limite-que-autonomos-presenten-renta-dependiendo-resultado-como-quieran-pagar\/20230510144001030412.html\">el contribuent el que hagi de pagar a Hisenda.<\/a><\/p>\n<p>Els aut\u00f2noms que van obtenir m\u00e9s ingressos que despeses dedu\u00efbles en 2022 i presentin la seva declaraci\u00f3 amb resultat a pagar <strong>hauran d&#8217;abonar l&#8217;IRPF en les dates que indica Hisenda<\/strong>. Segons van explicar fonts de l&#8217;Ag\u00e8ncia Tribut\u00e0ria a aquest diari, els terminis d&#8217;enguany depenen de diverses q\u00fcestions, com el <strong>m\u00e8tode de pagament que hagi triat el contribuent, el moment en qu\u00e8 s&#8217;hagi presentat<\/strong> la declaraci\u00f3 o <strong>si s&#8217;ha optat a fraccionament<\/strong>.<br \/>\nAquests terminis d&#8217;ingr\u00e9s s\u00f3n tan importants com els de presentaci\u00f3 de la declaraci\u00f3 ja que si l&#8217;aut\u00f2nom o qualsevol altre contribuent paga el seu resultat fora de la data l\u00edmit o no t\u00e9 diners en el compte el dia en qu\u00e8 Hisenda passa el cobrament, <strong>s&#8217;enfrontar\u00e0 a rec\u00e0rrecs d&#8217;un 1% per cada mes de retard i, en alguns casos, tamb\u00e9 sancions.<\/strong><\/p>\n<h2><span class=\"ez-toc-section\" id=\"En_quines_dates_cobra_Hisenda_el_resultat_de_la_RENDA_als_autonoms\"><\/span><strong>En quines dates cobra Hisenda el resultat de la RENDA als aut\u00f2noms?<\/strong><span class=\"ez-toc-section-end\"><\/span><\/h2>\n<p>Segons van explicar fonts de l&#8217;Ag\u00e8ncia Tribut\u00e0ria a aquest diari, el dia en qu\u00e8 el contribuent ha d&#8217;ingressar el resultat de la seva declaraci\u00f3 d&#8217;IRPF dep\u00e8n, fonamentalment, de <strong>si va triar la domiciliaci\u00f3 com a forma de cobrament o no.<\/strong> Si l&#8217;aut\u00f2nom decideix <strong>no domiciliar el pagament i tampoc demana ajornament<\/strong>, &#8220;haur\u00e0 de fer l&#8217;ingr\u00e9s en la seva entitat financera <strong>qualsevol dia entre la data en la qual va presentar la seva RENDA i el 30 de juny<\/strong>&#8220;.<\/p>\n<p>Q\u00fcesti\u00f3 diferent seria si l&#8217;aut\u00f2nom hagu\u00e9s<strong> triat la domiciliaci\u00f3 com a m\u00e8tode de pagament<\/strong>. Aquesta manera d&#8217;abonar el resultat de la RENDA \u00e9s la m\u00e9s c\u00f2moda per als treballadors per compte propi, ja que ser\u00e0 Hisenda directament la que giri el cobrament perqu\u00e8<strong> l&#8217;entitat financera carregui\u00a0automaticamente\u00a0l&#8217;import a pagar<\/strong> pel contribuent.<\/p>\n<p>En aquest sup\u00f2sit, no obstant aix\u00f2, \u00e9s important que l&#8217;aut\u00f2nom s&#8217;asseguri de disposar dels diners prou en el seu compte per al dia en qu\u00e8 es realitzi el c\u00e0rrec ja que si no hi hagu\u00e9s suficient saldo i l&#8217;entitat retorn\u00e9s el pagament, s&#8217;entendria que la liquidaci\u00f3 s&#8217;ha fet fora de termini.<\/p>\n<h2><span class=\"ez-toc-section\" id=\"Hisenda_cobrara_el_pagament_de_la_RENDA_el_dia_30_de_juny_si_lautonom_va_optar_per_la_domiciliacio\"><\/span><strong>Hisenda cobrar\u00e0 el pagament de la RENDA el dia 30 de juny, si l&#8217;aut\u00f2nom va optar per la domiciliaci\u00f3<\/strong><span class=\"ez-toc-section-end\"><\/span><\/h2>\n<p>Segons van explicar des de l&#8217;Ag\u00e8ncia Tribut\u00e0ria, si el contribuent ha triat la domiciliaci\u00f3 com a m\u00e8tode de pagament la data en la qual l&#8217;entitat financera carregar\u00e0 el cobrament en el compte bancari de l&#8217;aut\u00f2nom<strong> ser\u00e0 sempre el dia 30 de juny<\/strong>. Aix\u00f2 amb independ\u00e8ncia que s&#8217;hagi fraccionat el resultat de la declaraci\u00f3 o no.<\/p>\n<p><strong>Si a m\u00e9s es va triar el fraccionament<\/strong> del resultat de la declaraci\u00f3 en dues parts, primer un 60% i despr\u00e9s un 40%, el <strong>primer cobrament es far\u00e0 igualment el dia 30 de juny i el segon<\/strong>, si el contribuent no ingressa a Hisenda abans, es <strong>carregar\u00e0 en compte el dia 6 de novembre<\/strong>.<br \/>\nPer exemple, si un aut\u00f2nom hagu\u00e9s presentat la seva declaraci\u00f3 d&#8217;IRPF el passat 1 de juny amb resultat a pagar per un import de 1.000 euros podria:<\/p>\n<ul>\n<li>Ingressar 1.000 euros en qualsevol entitat financera col\u00b7laboradora amb l&#8217;Ag\u00e8ncia Tribut\u00e0ria entre l&#8217;1 i el 30 de juny si no va optar per domiciliaci\u00f3 banc\u00e0ria ni tampoc per fraccionament. Si hagu\u00e9s optat per fraccionar per\u00f2 no per la domiciliaci\u00f3 podria ingressar 600 euros qualsevol dia entre l&#8217;1 i el 30 de juny i 400 euros qualsevol dia entre l&#8217;1 de juliol i el 6 de novembre.<\/li>\n<li>Si va optar per domiciliaci\u00f3 banc\u00e0ria haur\u00e0 de disposar de 1.000 euros en el seu compte el dia 30 de juny perqu\u00e8 Hisenda li faci el c\u00e0rrec, si no va fraccionar el resultat. Si va fer fraccionament, haur\u00e0 de tenir el 30 de juny 600 euros en el seu compte i el dia 6 de novembre els 400 euros restants.<\/li>\n<\/ul>\n<h2><span class=\"ez-toc-section\" id=\"Terminis_per_a_presentar_la_RENDA_depenent_del_resultat_i_del_metode_triat_per_a_pagar\"><\/span><strong>Terminis per a presentar la RENDA, depenent del resultat i del m\u00e8tode triat per a pagar<\/strong><span class=\"ez-toc-section-end\"><\/span><\/h2>\n<p>A m\u00e9s de la data de pagament, els aut\u00f2noms tamb\u00e9 han de tenir en compte <strong>els terminis de presentaci\u00f3 de la RENDA<\/strong>. Segons van explicar des de l&#8217;Ag\u00e8ncia Tribut\u00e0ria, en general, el termini l\u00edmit per a presentar la declaraci\u00f3 d&#8217;IRPF si es fa a trav\u00e9s d&#8217;Internet \u00e9s el dia <strong>30 de juny<\/strong>, encara que sempre \u00e9s recomanable fer-ho abans per a evitar possibles errors d&#8217;\u00faltima hora. No obstant aix\u00f2, quan la declaraci\u00f3 surti a pagar i l&#8217;aut\u00f2nom desitgi que sigui Hisenda qui li cobri els impostos directament en el seu compte bancari, <strong>el termini acaba tres dies abans<\/strong>.<\/p>\n<p>Aix\u00ed doncs, les dates l\u00edmit de presentaci\u00f3 de l&#8217;IRPF s\u00f3n les seg\u00fcents per a cada cas:<\/p>\n<ul>\n<li><strong>Fins al 27 de juny<\/strong>: Si el resultat surt a ingressar i l&#8217;aut\u00f2nom est\u00e0 interessat a realitzar el pagament per domiciliaci\u00f3 banc\u00e0ria<\/li>\n<li><strong>Fins al 30 de juny<\/strong>: El termini s&#8217;est\u00e9n fins a l&#8217;\u00faltim dia del mes si el resultat ha sortit a retornar<\/li>\n<\/ul>\n<p>Segons van puntualitzar des de l&#8217;Ag\u00e8ncia Tribut\u00e0ria, si un aut\u00f2nom decideix fraccionar en dos pagaments la seva declaraci\u00f3 d&#8217;IRPF, per\u00f2 fa la presentaci\u00f3 m\u00e9s enll\u00e0 del dia 27 de juny no podr\u00e0 domiciliar el primer pagament per\u00f2 s\u00ed el segon, que es cobrar\u00e0 el dia 6 de novembre.<\/p>\n<h2><span class=\"ez-toc-section\" id=\"En_que_consisteix_el_fraccionament_de_lIRPF_anual\"><\/span><strong>En qu\u00e8 consisteix el fraccionament de l&#8217;IRPF anual?<\/strong><span class=\"ez-toc-section-end\"><\/span><\/h2>\n<p>Aquells contribuents el resultat dels quals de l&#8217;autoliquidaci\u00f3 sigui positiu i, per tant, deguin diners a Hisenda, poden afrontar el pagament de forma fraccionada, tant per domiciliaci\u00f3 com per altres m\u00e8todes de pagament. En concret, <strong>poden dividir el pagament en dos terminis sense interessos ni cap rec\u00e0rrec<\/strong>, tal com estableix l&#8217;article 97.2 de la Llei d&#8217;IRPF i l&#8217;article 62.2 del seu Reglament.<\/p>\n<ul>\n<li><strong>Primer pagament<\/strong>: el primer termini correspon al 60% de l&#8217;import resultant de la declaraci\u00f3. Pot pagar-se mitjan\u00e7ant deute en compte, targeta, en efectiu i a trav\u00e9s d&#8217;altres formes especials de pagament. En cas que es domicili\u00ef -presentant abans del 27 de juny-, la quantitat ser\u00e0 carregada en compte l&#8217;\u00faltim dia del termini de presentaci\u00f3 de la declaraci\u00f3, el<strong> 30 de juny<\/strong>. Aquesta data \u00e9s la mateixa independentment de la data en la qual es presenti l&#8217;autoliquidaci\u00f3.<\/li>\n<li><strong>Segon pagament<\/strong>: el segon termini correspon al 40% restant i es paga quatre mesos m\u00e9s tard, al <strong>novembre de 2023<\/strong>. Pot pagar-se mitjan\u00e7ant la domiciliaci\u00f3 banc\u00e0ria o realitzant un ingr\u00e9s.<\/li>\n<\/ul>\n<p>Un aut\u00f2nom que obtingui un resultat a pagar de 1.000 euros d&#8217;impostos en l&#8217;autoliquidaci\u00f3 de la Renda, i vulgui fraccionar el deute, pot seleccionar la domiciliaci\u00f3 banc\u00e0ria com a forma de pagament. En aquest moment disposar\u00e0 de dos terminis per a abonar l&#8217;impost sense interessos. El 30 de juny de 2023 es carregar\u00e0 en el seu compte el 60% de l&#8217;import, \u00e9s a dir, 600 euros. Passats quatre mesos, concretament el 7 de novembre de 2023, es carregar\u00e0 el 40% restant, un total de 400 euros.<\/p>\n<p>Es tracta de l&#8217;\u00fanic impost estatal que ofereix la possibilitat de fraccionar el pagament sense interessos. Quan es <a href=\"https:\/\/www.autonomosyemprendedor.es\/articulo\/guias-de-emprendimiento\/consejos-muy-utiles-declaracion-renta\/20190405171854019255.html\">presenta la declaraci\u00f3 de la renda<\/a> a trav\u00e9s de la p\u00e0gina web i surt un import positiu, autom\u00e0ticament se selecciona l&#8217;opci\u00f3 del pagament fraccionat. El contribuent que desitgi abonar-lo en un sol pagament, haur\u00e0 de canviar la casella, ja que el fraccionament es marca per defecte.<\/p>\n<p>Una de les novetats que estan en marxa des de l&#8217;any passat \u00e9s que el pagament pot realitzar-se a trav\u00e9s de diferents m\u00e8todes, no sols a trav\u00e9s de domiciliaci\u00f3 banc\u00e0ria. Ara tamb\u00e9 pot fer-se mitjan\u00e7ant transfer\u00e8ncia banc\u00e0ria o acudint a una entitat per a abonar l&#8217;import corresponent.<\/p>\n<p>&nbsp;<\/p>\n<p>Si vols consultar m\u00e9s not\u00edcies:\u00a0<a href=\"https:\/\/www.ariasassessors.com\/actualidad\/\">https:\/\/www.ariasassessors.com\/actualidad\/<\/a><\/p>\n<p>Not\u00edcia extreta de: <a href=\"https:\/\/www.autonomosyemprendedor.es\/articulo\/actualidad\/agencia-tributaria-avanza-dias-que-girara-cobro-renta-autonomos\/20230605155643030788.html\">https:\/\/www.autonomosyemprendedor.es\/articulo\/actualidad\/<\/a><\/p>\n","protected":false},"excerpt":{"rendered":"<p>L&#8217;Ag\u00e8ncia Tribut\u00e0ria avan\u00e7a els dies en qu\u00e8 girar\u00e0 el cobrament de la RENDA als aut\u00f2noms L&#8217;Ag\u00e8ncia Tribut\u00e0ria ha avan\u00e7at els dies en qu\u00e8 cobrar\u00e0 als aut\u00f2noms la RENDA que els hagi sortit a pagar. Les dates dependran d&#8217;alguns factors. Diumenge passat es van complir dos&#8230;<\/p>\n","protected":false},"author":2,"featured_media":2535,"comment_status":"open","ping_status":"open","sticky":false,"template":"","format":"standard","meta":{"footnotes":""},"categories":[4],"tags":[],"class_list":["post-2540","post","type-post","status-publish","format-standard","has-post-thumbnail","hentry","category-noticies"],"yoast_head":"<!-- This site is optimized with the Yoast SEO plugin v24.3 - https:\/\/yoast.com\/wordpress\/plugins\/seo\/ -->\n<title>Avancen el cobrament de la Renda als Aut\u00f2noms | Arias Assessors<\/title>\n<meta name=\"description\" content=\"L&#039;Ag\u00e8ncia Tribut\u00e0ria avan\u00e7a els dies en qu\u00e8 cobrar\u00e0 la RENDA als aut\u00f2noms. Les dates dependran d&#039;alguns factors.\" \/>\n<meta name=\"robots\" content=\"index, follow, max-snippet:-1, max-image-preview:large, max-video-preview:-1\" \/>\n<link rel=\"canonical\" href=\"https:\/\/www.ariasassessors.com\/ca\/avancen-cobrament-renda-als-autonoms\/\" \/>\n<meta property=\"og:locale\" content=\"ca_ES\" \/>\n<meta property=\"og:type\" content=\"article\" \/>\n<meta property=\"og:title\" content=\"Avancen el cobrament de la Renda als Aut\u00f2noms | Arias Assessors\" \/>\n<meta property=\"og:description\" content=\"L&#039;Ag\u00e8ncia Tribut\u00e0ria avan\u00e7a els dies en qu\u00e8 cobrar\u00e0 la RENDA als aut\u00f2noms. Les dates dependran d&#039;alguns factors.\" \/>\n<meta property=\"og:url\" content=\"https:\/\/www.ariasassessors.com\/ca\/avancen-cobrament-renda-als-autonoms\/\" \/>\n<meta property=\"og:site_name\" content=\"Arias Assessors\" \/>\n<meta property=\"article:publisher\" content=\"https:\/\/www.facebook.com\/ariasassessors\/\" \/>\n<meta property=\"article:published_time\" content=\"2023-06-07T10:21:14+00:00\" \/>\n<meta property=\"og:image\" content=\"https:\/\/www.ariasassessors.com\/wp-content\/uploads\/2023\/06\/Arias_Blog_IMAGEN_DESTACADA-24.png\" \/>\n\t<meta property=\"og:image:width\" content=\"1920\" \/>\n\t<meta property=\"og:image:height\" content=\"1202\" \/>\n\t<meta property=\"og:image:type\" content=\"image\/png\" \/>\n<meta name=\"author\" content=\"btorras\" \/>\n<meta name=\"twitter:card\" content=\"summary_large_image\" \/>\n<meta name=\"twitter:creator\" content=\"@ariasassessors\" \/>\n<meta name=\"twitter:site\" content=\"@ariasassessors\" \/>\n<meta name=\"twitter:label1\" content=\"Escrit per\" \/>\n\t<meta name=\"twitter:data1\" content=\"btorras\" \/>\n\t<meta name=\"twitter:label2\" content=\"Temps estimat de lectura\" \/>\n\t<meta name=\"twitter:data2\" content=\"7 minuts\" \/>\n<script type=\"application\/ld+json\" class=\"yoast-schema-graph\">{\"@context\":\"https:\/\/schema.org\",\"@graph\":[{\"@type\":\"Article\",\"@id\":\"https:\/\/www.ariasassessors.com\/ca\/avancen-cobrament-renda-als-autonoms\/#article\",\"isPartOf\":{\"@id\":\"https:\/\/www.ariasassessors.com\/ca\/avancen-cobrament-renda-als-autonoms\/\"},\"author\":{\"name\":\"btorras\",\"@id\":\"https:\/\/www.ariasassessors.com\/#\/schema\/person\/63c6ad1775f0a9413c37932562673cef\"},\"headline\":\"L&#8217;Ag\u00e8ncia Tribut\u00e0ria avan\u00e7a els dies en qu\u00e8 girar\u00e0 el cobrament de la RENDA als aut\u00f2noms\",\"datePublished\":\"2023-06-07T10:21:14+00:00\",\"dateModified\":\"2023-06-07T10:21:14+00:00\",\"mainEntityOfPage\":{\"@id\":\"https:\/\/www.ariasassessors.com\/ca\/avancen-cobrament-renda-als-autonoms\/\"},\"wordCount\":1399,\"commentCount\":0,\"publisher\":{\"@id\":\"https:\/\/www.ariasassessors.com\/#organization\"},\"image\":{\"@id\":\"https:\/\/www.ariasassessors.com\/ca\/avancen-cobrament-renda-als-autonoms\/#primaryimage\"},\"thumbnailUrl\":\"https:\/\/www.ariasassessors.com\/wp-content\/uploads\/2023\/06\/Arias_Blog_IMAGEN_DESTACADA-24.png\",\"articleSection\":[\"noticies\"],\"inLanguage\":\"ca\",\"potentialAction\":[{\"@type\":\"CommentAction\",\"name\":\"Comment\",\"target\":[\"https:\/\/www.ariasassessors.com\/ca\/avancen-cobrament-renda-als-autonoms\/#respond\"]}]},{\"@type\":\"WebPage\",\"@id\":\"https:\/\/www.ariasassessors.com\/ca\/avancen-cobrament-renda-als-autonoms\/\",\"url\":\"https:\/\/www.ariasassessors.com\/ca\/avancen-cobrament-renda-als-autonoms\/\",\"name\":\"Avancen el cobrament de la Renda als Aut\u00f2noms | Arias Assessors\",\"isPartOf\":{\"@id\":\"https:\/\/www.ariasassessors.com\/#website\"},\"primaryImageOfPage\":{\"@id\":\"https:\/\/www.ariasassessors.com\/ca\/avancen-cobrament-renda-als-autonoms\/#primaryimage\"},\"image\":{\"@id\":\"https:\/\/www.ariasassessors.com\/ca\/avancen-cobrament-renda-als-autonoms\/#primaryimage\"},\"thumbnailUrl\":\"https:\/\/www.ariasassessors.com\/wp-content\/uploads\/2023\/06\/Arias_Blog_IMAGEN_DESTACADA-24.png\",\"datePublished\":\"2023-06-07T10:21:14+00:00\",\"dateModified\":\"2023-06-07T10:21:14+00:00\",\"description\":\"L'Ag\u00e8ncia Tribut\u00e0ria avan\u00e7a els dies en qu\u00e8 cobrar\u00e0 la RENDA als aut\u00f2noms. Les dates dependran d'alguns factors.\",\"breadcrumb\":{\"@id\":\"https:\/\/www.ariasassessors.com\/ca\/avancen-cobrament-renda-als-autonoms\/#breadcrumb\"},\"inLanguage\":\"ca\",\"potentialAction\":[{\"@type\":\"ReadAction\",\"target\":[\"https:\/\/www.ariasassessors.com\/ca\/avancen-cobrament-renda-als-autonoms\/\"]}]},{\"@type\":\"ImageObject\",\"inLanguage\":\"ca\",\"@id\":\"https:\/\/www.ariasassessors.com\/ca\/avancen-cobrament-renda-als-autonoms\/#primaryimage\",\"url\":\"https:\/\/www.ariasassessors.com\/wp-content\/uploads\/2023\/06\/Arias_Blog_IMAGEN_DESTACADA-24.png\",\"contentUrl\":\"https:\/\/www.ariasassessors.com\/wp-content\/uploads\/2023\/06\/Arias_Blog_IMAGEN_DESTACADA-24.png\",\"width\":1920,\"height\":1202,\"caption\":\"renda als aut\u00f2noms\"},{\"@type\":\"BreadcrumbList\",\"@id\":\"https:\/\/www.ariasassessors.com\/ca\/avancen-cobrament-renda-als-autonoms\/#breadcrumb\",\"itemListElement\":[{\"@type\":\"ListItem\",\"position\":1,\"name\":\"Portada\",\"item\":\"https:\/\/www.ariasassessors.com\/ca\/\"},{\"@type\":\"ListItem\",\"position\":2,\"name\":\"L&#8217;Ag\u00e8ncia Tribut\u00e0ria avan\u00e7a els dies en qu\u00e8 girar\u00e0 el cobrament de la RENDA als aut\u00f2noms\"}]},{\"@type\":\"WebSite\",\"@id\":\"https:\/\/www.ariasassessors.com\/#website\",\"url\":\"https:\/\/www.ariasassessors.com\/\",\"name\":\"Arias Assessors\",\"description\":\"Asesor\u00eda para aut\u00f3nomos, profesionales y PYMES\",\"publisher\":{\"@id\":\"https:\/\/www.ariasassessors.com\/#organization\"},\"potentialAction\":[{\"@type\":\"SearchAction\",\"target\":{\"@type\":\"EntryPoint\",\"urlTemplate\":\"https:\/\/www.ariasassessors.com\/?s={search_term_string}\"},\"query-input\":{\"@type\":\"PropertyValueSpecification\",\"valueRequired\":true,\"valueName\":\"search_term_string\"}}],\"inLanguage\":\"ca\"},{\"@type\":\"Organization\",\"@id\":\"https:\/\/www.ariasassessors.com\/#organization\",\"name\":\"Arias Assessors\",\"url\":\"https:\/\/www.ariasassessors.com\/\",\"logo\":{\"@type\":\"ImageObject\",\"inLanguage\":\"ca\",\"@id\":\"https:\/\/www.ariasassessors.com\/#\/schema\/logo\/image\/\",\"url\":\"https:\/\/www.ariasassessors.com\/wp-content\/uploads\/2019\/01\/arias-logo.png\",\"contentUrl\":\"https:\/\/www.ariasassessors.com\/wp-content\/uploads\/2019\/01\/arias-logo.png\",\"width\":349,\"height\":254,\"caption\":\"Arias Assessors\"},\"image\":{\"@id\":\"https:\/\/www.ariasassessors.com\/#\/schema\/logo\/image\/\"},\"sameAs\":[\"https:\/\/www.facebook.com\/ariasassessors\/\",\"https:\/\/x.com\/ariasassessors\",\"https:\/\/www.linkedin.com\/company\/r&amp;amp;r-growing-knowledge\/\"]},{\"@type\":\"Person\",\"@id\":\"https:\/\/www.ariasassessors.com\/#\/schema\/person\/63c6ad1775f0a9413c37932562673cef\",\"name\":\"btorras\",\"image\":{\"@type\":\"ImageObject\",\"inLanguage\":\"ca\",\"@id\":\"https:\/\/www.ariasassessors.com\/#\/schema\/person\/image\/\",\"url\":\"https:\/\/secure.gravatar.com\/avatar\/0531db351fc361fdbfd204c58fa2d6a3?s=96&d=mm&r=g\",\"contentUrl\":\"https:\/\/secure.gravatar.com\/avatar\/0531db351fc361fdbfd204c58fa2d6a3?s=96&d=mm&r=g\",\"caption\":\"btorras\"}}]}<\/script>\n<!-- \/ Yoast SEO plugin. -->","yoast_head_json":{"title":"Avancen el cobrament de la Renda als Aut\u00f2noms | Arias Assessors","description":"L'Ag\u00e8ncia Tribut\u00e0ria avan\u00e7a els dies en qu\u00e8 cobrar\u00e0 la RENDA als aut\u00f2noms. Les dates dependran d'alguns factors.","robots":{"index":"index","follow":"follow","max-snippet":"max-snippet:-1","max-image-preview":"max-image-preview:large","max-video-preview":"max-video-preview:-1"},"canonical":"https:\/\/www.ariasassessors.com\/ca\/avancen-cobrament-renda-als-autonoms\/","og_locale":"ca_ES","og_type":"article","og_title":"Avancen el cobrament de la Renda als Aut\u00f2noms | Arias Assessors","og_description":"L'Ag\u00e8ncia Tribut\u00e0ria avan\u00e7a els dies en qu\u00e8 cobrar\u00e0 la RENDA als aut\u00f2noms. Les dates dependran d'alguns factors.","og_url":"https:\/\/www.ariasassessors.com\/ca\/avancen-cobrament-renda-als-autonoms\/","og_site_name":"Arias Assessors","article_publisher":"https:\/\/www.facebook.com\/ariasassessors\/","article_published_time":"2023-06-07T10:21:14+00:00","og_image":[{"width":1920,"height":1202,"url":"https:\/\/www.ariasassessors.com\/wp-content\/uploads\/2023\/06\/Arias_Blog_IMAGEN_DESTACADA-24.png","type":"image\/png"}],"author":"btorras","twitter_card":"summary_large_image","twitter_creator":"@ariasassessors","twitter_site":"@ariasassessors","twitter_misc":{"Escrit per":"btorras","Temps estimat de lectura":"7 minuts"},"schema":{"@context":"https:\/\/schema.org","@graph":[{"@type":"Article","@id":"https:\/\/www.ariasassessors.com\/ca\/avancen-cobrament-renda-als-autonoms\/#article","isPartOf":{"@id":"https:\/\/www.ariasassessors.com\/ca\/avancen-cobrament-renda-als-autonoms\/"},"author":{"name":"btorras","@id":"https:\/\/www.ariasassessors.com\/#\/schema\/person\/63c6ad1775f0a9413c37932562673cef"},"headline":"L&#8217;Ag\u00e8ncia Tribut\u00e0ria avan\u00e7a els dies en qu\u00e8 girar\u00e0 el cobrament de la RENDA als aut\u00f2noms","datePublished":"2023-06-07T10:21:14+00:00","dateModified":"2023-06-07T10:21:14+00:00","mainEntityOfPage":{"@id":"https:\/\/www.ariasassessors.com\/ca\/avancen-cobrament-renda-als-autonoms\/"},"wordCount":1399,"commentCount":0,"publisher":{"@id":"https:\/\/www.ariasassessors.com\/#organization"},"image":{"@id":"https:\/\/www.ariasassessors.com\/ca\/avancen-cobrament-renda-als-autonoms\/#primaryimage"},"thumbnailUrl":"https:\/\/www.ariasassessors.com\/wp-content\/uploads\/2023\/06\/Arias_Blog_IMAGEN_DESTACADA-24.png","articleSection":["noticies"],"inLanguage":"ca","potentialAction":[{"@type":"CommentAction","name":"Comment","target":["https:\/\/www.ariasassessors.com\/ca\/avancen-cobrament-renda-als-autonoms\/#respond"]}]},{"@type":"WebPage","@id":"https:\/\/www.ariasassessors.com\/ca\/avancen-cobrament-renda-als-autonoms\/","url":"https:\/\/www.ariasassessors.com\/ca\/avancen-cobrament-renda-als-autonoms\/","name":"Avancen el cobrament de la Renda als Aut\u00f2noms | Arias Assessors","isPartOf":{"@id":"https:\/\/www.ariasassessors.com\/#website"},"primaryImageOfPage":{"@id":"https:\/\/www.ariasassessors.com\/ca\/avancen-cobrament-renda-als-autonoms\/#primaryimage"},"image":{"@id":"https:\/\/www.ariasassessors.com\/ca\/avancen-cobrament-renda-als-autonoms\/#primaryimage"},"thumbnailUrl":"https:\/\/www.ariasassessors.com\/wp-content\/uploads\/2023\/06\/Arias_Blog_IMAGEN_DESTACADA-24.png","datePublished":"2023-06-07T10:21:14+00:00","dateModified":"2023-06-07T10:21:14+00:00","description":"L'Ag\u00e8ncia Tribut\u00e0ria avan\u00e7a els dies en qu\u00e8 cobrar\u00e0 la RENDA als aut\u00f2noms. Les dates dependran d'alguns factors.","breadcrumb":{"@id":"https:\/\/www.ariasassessors.com\/ca\/avancen-cobrament-renda-als-autonoms\/#breadcrumb"},"inLanguage":"ca","potentialAction":[{"@type":"ReadAction","target":["https:\/\/www.ariasassessors.com\/ca\/avancen-cobrament-renda-als-autonoms\/"]}]},{"@type":"ImageObject","inLanguage":"ca","@id":"https:\/\/www.ariasassessors.com\/ca\/avancen-cobrament-renda-als-autonoms\/#primaryimage","url":"https:\/\/www.ariasassessors.com\/wp-content\/uploads\/2023\/06\/Arias_Blog_IMAGEN_DESTACADA-24.png","contentUrl":"https:\/\/www.ariasassessors.com\/wp-content\/uploads\/2023\/06\/Arias_Blog_IMAGEN_DESTACADA-24.png","width":1920,"height":1202,"caption":"renda als aut\u00f2noms"},{"@type":"BreadcrumbList","@id":"https:\/\/www.ariasassessors.com\/ca\/avancen-cobrament-renda-als-autonoms\/#breadcrumb","itemListElement":[{"@type":"ListItem","position":1,"name":"Portada","item":"https:\/\/www.ariasassessors.com\/ca\/"},{"@type":"ListItem","position":2,"name":"L&#8217;Ag\u00e8ncia Tribut\u00e0ria avan\u00e7a els dies en qu\u00e8 girar\u00e0 el cobrament de la RENDA als aut\u00f2noms"}]},{"@type":"WebSite","@id":"https:\/\/www.ariasassessors.com\/#website","url":"https:\/\/www.ariasassessors.com\/","name":"Arias Assessors","description":"Asesor\u00eda para aut\u00f3nomos, profesionales y PYMES","publisher":{"@id":"https:\/\/www.ariasassessors.com\/#organization"},"potentialAction":[{"@type":"SearchAction","target":{"@type":"EntryPoint","urlTemplate":"https:\/\/www.ariasassessors.com\/?s={search_term_string}"},"query-input":{"@type":"PropertyValueSpecification","valueRequired":true,"valueName":"search_term_string"}}],"inLanguage":"ca"},{"@type":"Organization","@id":"https:\/\/www.ariasassessors.com\/#organization","name":"Arias Assessors","url":"https:\/\/www.ariasassessors.com\/","logo":{"@type":"ImageObject","inLanguage":"ca","@id":"https:\/\/www.ariasassessors.com\/#\/schema\/logo\/image\/","url":"https:\/\/www.ariasassessors.com\/wp-content\/uploads\/2019\/01\/arias-logo.png","contentUrl":"https:\/\/www.ariasassessors.com\/wp-content\/uploads\/2019\/01\/arias-logo.png","width":349,"height":254,"caption":"Arias Assessors"},"image":{"@id":"https:\/\/www.ariasassessors.com\/#\/schema\/logo\/image\/"},"sameAs":["https:\/\/www.facebook.com\/ariasassessors\/","https:\/\/x.com\/ariasassessors","https:\/\/www.linkedin.com\/company\/r&amp;amp;r-growing-knowledge\/"]},{"@type":"Person","@id":"https:\/\/www.ariasassessors.com\/#\/schema\/person\/63c6ad1775f0a9413c37932562673cef","name":"btorras","image":{"@type":"ImageObject","inLanguage":"ca","@id":"https:\/\/www.ariasassessors.com\/#\/schema\/person\/image\/","url":"https:\/\/secure.gravatar.com\/avatar\/0531db351fc361fdbfd204c58fa2d6a3?s=96&d=mm&r=g","contentUrl":"https:\/\/secure.gravatar.com\/avatar\/0531db351fc361fdbfd204c58fa2d6a3?s=96&d=mm&r=g","caption":"btorras"}}]}},"_links":{"self":[{"href":"https:\/\/www.ariasassessors.com\/ca\/wp-json\/wp\/v2\/posts\/2540","targetHints":{"allow":["GET"]}}],"collection":[{"href":"https:\/\/www.ariasassessors.com\/ca\/wp-json\/wp\/v2\/posts"}],"about":[{"href":"https:\/\/www.ariasassessors.com\/ca\/wp-json\/wp\/v2\/types\/post"}],"author":[{"embeddable":true,"href":"https:\/\/www.ariasassessors.com\/ca\/wp-json\/wp\/v2\/users\/2"}],"replies":[{"embeddable":true,"href":"https:\/\/www.ariasassessors.com\/ca\/wp-json\/wp\/v2\/comments?post=2540"}],"version-history":[{"count":1,"href":"https:\/\/www.ariasassessors.com\/ca\/wp-json\/wp\/v2\/posts\/2540\/revisions"}],"predecessor-version":[{"id":2541,"href":"https:\/\/www.ariasassessors.com\/ca\/wp-json\/wp\/v2\/posts\/2540\/revisions\/2541"}],"wp:featuredmedia":[{"embeddable":true,"href":"https:\/\/www.ariasassessors.com\/ca\/wp-json\/wp\/v2\/media\/2535"}],"wp:attachment":[{"href":"https:\/\/www.ariasassessors.com\/ca\/wp-json\/wp\/v2\/media?parent=2540"}],"wp:term":[{"taxonomy":"category","embeddable":true,"href":"https:\/\/www.ariasassessors.com\/ca\/wp-json\/wp\/v2\/categories?post=2540"},{"taxonomy":"post_tag","embeddable":true,"href":"https:\/\/www.ariasassessors.com\/ca\/wp-json\/wp\/v2\/tags?post=2540"}],"curies":[{"name":"wp","href":"https:\/\/api.w.org\/{rel}","templated":true}]}}