{"id":2561,"date":"2023-06-14T15:46:43","date_gmt":"2023-06-14T13:46:43","guid":{"rendered":"https:\/\/www.ariasassessors.com\/?p=2561"},"modified":"2023-06-14T15:46:43","modified_gmt":"2023-06-14T13:46:43","slug":"noves-deduccions-impost-de-societats","status":"publish","type":"post","link":"https:\/\/www.ariasassessors.com\/ca\/noves-deduccions-impost-de-societats\/","title":{"rendered":"Noves deduccions a les quals poden optar enguany els petits negocis en l&#8217;Impost de Societats"},"content":{"rendered":"<div id=\"ez-toc-container\" class=\"ez-toc-v2_0_72 counter-hierarchy ez-toc-counter ez-toc-grey ez-toc-container-direction\">\n<div class=\"ez-toc-title-container\">\n<p class=\"ez-toc-title\" style=\"cursor:inherit\">\u00cdndice de Contenidos<\/p>\n<span class=\"ez-toc-title-toggle\"><a href=\"#\" class=\"ez-toc-pull-right ez-toc-btn ez-toc-btn-xs ez-toc-btn-default ez-toc-toggle\" aria-label=\"Toggle Table of Content\"><span class=\"ez-toc-js-icon-con\"><span class=\"\"><span class=\"eztoc-hide\" style=\"display:none;\">Toggle<\/span><span class=\"ez-toc-icon-toggle-span\"><svg style=\"fill: #428bca;color:#428bca\" xmlns=\"http:\/\/www.w3.org\/2000\/svg\" class=\"list-377408\" width=\"20px\" height=\"20px\" viewBox=\"0 0 24 24\" fill=\"none\"><path d=\"M6 6H4v2h2V6zm14 0H8v2h12V6zM4 11h2v2H4v-2zm16 0H8v2h12v-2zM4 16h2v2H4v-2zm16 0H8v2h12v-2z\" fill=\"currentColor\"><\/path><\/svg><svg style=\"fill: #428bca;color:#428bca\" class=\"arrow-unsorted-368013\" xmlns=\"http:\/\/www.w3.org\/2000\/svg\" width=\"10px\" height=\"10px\" viewBox=\"0 0 24 24\" version=\"1.2\" baseProfile=\"tiny\"><path d=\"M18.2 9.3l-6.2-6.3-6.2 6.3c-.2.2-.3.4-.3.7s.1.5.3.7c.2.2.4.3.7.3h11c.3 0 .5-.1.7-.3.2-.2.3-.5.3-.7s-.1-.5-.3-.7zM5.8 14.7l6.2 6.3 6.2-6.3c.2-.2.3-.5.3-.7s-.1-.5-.3-.7c-.2-.2-.4-.3-.7-.3h-11c-.3 0-.5.1-.7.3-.2.2-.3.5-.3.7s.1.5.3.7z\"\/><\/svg><\/span><\/span><\/span><\/a><\/span><\/div>\n<nav><ul class='ez-toc-list ez-toc-list-level-1 eztoc-toggle-hide-by-default' ><li class='ez-toc-page-1 ez-toc-heading-level-1'><a class=\"ez-toc-link ez-toc-heading-1\" href=\"https:\/\/www.ariasassessors.com\/ca\/noves-deduccions-impost-de-societats\/#Noves_deduccions_a_les_quals_poden_optar_enguany_els_petits_negocis_en_lImpost_de_Societats\" title=\"Noves deduccions a les quals poden optar enguany els petits negocis en l&#8217;Impost de Societats\">Noves deduccions a les quals poden optar enguany els petits negocis en l&#8217;Impost de Societats<\/a><ul class='ez-toc-list-level-2' ><li class='ez-toc-heading-level-2'><a class=\"ez-toc-link ez-toc-heading-2\" href=\"https:\/\/www.ariasassessors.com\/ca\/noves-deduccions-impost-de-societats\/#Les_noves_despeses_que_ja_poden_incloure_les_pimes_en_la_seva_declaracio_de_lImpost_de_Societats_a_presentar_al_juliol\" title=\"Les noves despeses que ja poden incloure les pimes en la seva declaraci\u00f3 de l&#8217;Impost de Societats a presentar al juliol\">Les noves despeses que ja poden incloure les pimes en la seva declaraci\u00f3 de l&#8217;Impost de Societats a presentar al juliol<\/a><ul class='ez-toc-list-level-3' ><li class='ez-toc-heading-level-3'><a class=\"ez-toc-link ez-toc-heading-3\" href=\"https:\/\/www.ariasassessors.com\/ca\/noves-deduccions-impost-de-societats\/#El_sou_dels_socis\" title=\"El sou dels socis\">El sou dels socis<\/a><\/li><li class='ez-toc-page-1 ez-toc-heading-level-3'><a class=\"ez-toc-link ez-toc-heading-4\" href=\"https:\/\/www.ariasassessors.com\/ca\/noves-deduccions-impost-de-societats\/#Interessos_dels_interessos_i_despeses_dels_credits\" title=\"Interessos dels interessos i despeses dels cr\u00e8dits\">Interessos dels interessos i despeses dels cr\u00e8dits<\/a><\/li><li class='ez-toc-page-1 ez-toc-heading-level-3'><a class=\"ez-toc-link ez-toc-heading-5\" href=\"https:\/\/www.ariasassessors.com\/ca\/noves-deduccions-impost-de-societats\/#Interessos_dels_ajornaments_tributaris\" title=\"Interessos dels ajornaments tributaris\">Interessos dels ajornaments tributaris<\/a><\/li><\/ul><\/li><\/ul><\/li><\/ul><\/nav><\/div>\n<h1><span class=\"ez-toc-section\" id=\"Noves_deduccions_a_les_quals_poden_optar_enguany_els_petits_negocis_en_lImpost_de_Societats\"><\/span>Noves deduccions a les quals poden optar enguany els petits negocis en l&#8217;Impost de Societats<span class=\"ez-toc-section-end\"><\/span><\/h1>\n<p>A partir de l&#8217;1 de juliol totes les petites empreses hauran de fer el seu anual de l&#8217;Impost de Societats. Enguany, gr\u00e0cies a diverses sent\u00e8ncies del Suprem, podran aplicar per primera vegada noves deduccions.<\/p>\n<p>En menys d&#8217;un mes comen\u00e7ar\u00e0 el termini perqu\u00e8 els petits negocis declarin tots els seus ingressos i despeses de 2022 a trav\u00e9s del model 200 de declaraci\u00f3 anual de l&#8217;Impost de Societats. Enguany, per primera vegada, <strong>totes les pimes i microempreses podran deduir tres noves despeses<\/strong> que fins avui no estaven inclosos. El Tribunal Suprem va emetre entre 2021 i 2022 diverses sent\u00e8ncies que van asseure doctrina i van ampliar el nombre de desgravacions a les quals poden optar les empreses.<\/p>\n<p>Les sent\u00e8ncies del Tribunal Suprem van establir com a dedu\u00efbles algunes despeses que fins fa poc no ho eren. Aquestes deduccions que ja es poden aplicar en la declaraci\u00f3 anual de l&#8217;Impost de Societats s\u00f3n els <strong>salaris dels socis de l&#8217;empresa<\/strong>, les<strong> despeses dels pr\u00e9stecs<\/strong> que sol\u00b7liciten per al negoci o els interessos de demora per <strong>ajornar impostos.<\/strong><\/p>\n<p><strong>Com ja se sap, l&#8217;1 de juliol comen\u00e7ar\u00e0 el termini per a declarar el model 200 de l&#8217;Impost de Societats.<\/strong> Tots els negocis -incloses les microempreses i pimes- hauran de presentar aquesta declaraci\u00f3 abans del 20 de juliol, hagin tingut p\u00e8rdues o no. Les empreses s han de<strong> tenir molt en compte les deduccions a les quals poden accedir<\/strong>, ja que podrien suposar un estalvi de centenars d&#8217;euros i fins i tot decantar la balan\u00e7a i ser decisives a l&#8217;hora d&#8217;haver de pagar o no per aquest tribut.<\/p>\n<h2><span class=\"ez-toc-section\" id=\"Les_noves_despeses_que_ja_poden_incloure_les_pimes_en_la_seva_declaracio_de_lImpost_de_Societats_a_presentar_al_juliol\"><\/span><strong>Les noves despeses que ja poden incloure les pimes en la seva declaraci\u00f3 de l&#8217;Impost de Societats a presentar al juliol<\/strong><span class=\"ez-toc-section-end\"><\/span><\/h2>\n<p>A continuaci\u00f3 es resumeixen les tres noves despeses que els negocis poden deduir en societats des d&#8217;enguany gr\u00e0cies a diverses sent\u00e8ncies del Suprem. Totes elles, m\u00e9s de cinc, han fixat doctrina i permeten mitjan\u00e7ant la jurisprud\u00e8ncia que els treballadors per compte propi apliquin aquestes desgravacions.<\/p>\n<h3><span class=\"ez-toc-section\" id=\"El_sou_dels_socis\"><\/span><strong>El sou dels socis<\/strong><span class=\"ez-toc-section-end\"><\/span><\/h3>\n<p>El Tribunal Suprem va posar punt i final a mitjan enguany a un dels debats hist\u00f2rics que porta anys afectant milers d&#8217;aut\u00f2noms societaris i petits empresaris. <strong>L&#8217;Alt Tribunal va emetre el 6 i 11 de juliol de 2022 dues sent\u00e8ncies en les quals reconeix obertament el dret de les petites societats a deduir-se com a despesa el sou de qualsevol dels seus socis<\/strong>, majoritaris o no que treballin en en el negoci, encara que aquesta retribuci\u00f3 no s&#8217;hagi reflectit pr\u00e8viament en els estatuts de la societat.<\/p>\n<p>Aix\u00ed ho van comunicar des del Poder Judicial, on van considerar que totes dues sent\u00e8ncies del Suprem han assegut doctrina i &#8220;permetran a milers de petites i mitjanes empreses, deduir en el seu Impost de societats, les retribucions abonades als seus socis treballadors&#8221;.<\/p>\n<p>Fins avui, Hisenda impedia sovint la deducci\u00f3 del sou dels aut\u00f2noms societaris i altres socis per diversos motius, &#8220;per\u00f2 el m\u00e9s freq\u00fcent \u00e9s que anteposava l&#8217;\u00e0mbit mercantil al laboral. O, dit d&#8217;una altra manera, si no es detallava expressament en els estatuts de la societat que el soci era treballador i havia de cobrar un determinat import, se li tenia en compte autom\u00e0ticament com a empresa i se li impedia deduir-se un sou com a treballador, en considerar que aquest sou era una liberalitat&#8221;, va explicar Adolfo Jim\u00e9nez Ram\u00edrez, Vicepresident de la Federaci\u00f3 Espanyola d&#8217;Associacions Professionals de T\u00e8cnics Tributaris i Assessors Fiscals (FETTAF).<\/p>\n<p>El concepte de &#8220;liberalitat&#8221;- \u00e9s a dir, una donaci\u00f3 sense cap prestaci\u00f3 a canvi- ha vingut emparant a Hisenda des de fa anys per a tirar per terra la deducci\u00f3 del sou, ja que una liberalitat, per llei, no \u00e9s dedu\u00efble. No obstant aix\u00f2, &#8220;era un contrasentit que s&#8217;imped\u00eds deduir un sou en l&#8217;Impost de Societats per considerar-se liberalitat per\u00f2, alhora, al soci se li exig\u00eds practicar les retencions i declarar aquest sou en l&#8217;Impost de la Renda de les Persones F\u00edsiques (IRPF)&#8221;.<\/p>\n<p>L&#8217;important d&#8217;aquestes dues sent\u00e8ncies \u00e9s que destaquen per primera vegada que<strong> la clau est\u00e0 en &#8220;la realitat de la prestaci\u00f3 del servei, la seva efectiva retribuci\u00f3 i la seva correlaci\u00f3 amb l&#8217;activitat empresarial<\/strong>. Tot aix\u00f2 enfront de la tesi de l&#8217;Administraci\u00f3, que entenia que aquestes quantitats no eren dedu\u00efbles, per no ser obligat\u00f2ries&#8221;, va explicar Pablo G. V\u00e1zquez de GVA assessoris, expert fiscalista especialitzat en deduccions. De fet, a partir d&#8217;ara, amb aquestes dues sent\u00e8ncies el Tribunal Suprem ha deixat clar que &#8220;l&#8217;Administraci\u00f3 manca de facultats per a qualificar un determinat acte o negoci de forma\u00a0lib\u00e9rrima&#8221;\u00a0i haur\u00e0 de ser &#8220;acurada a l&#8217;hora de triar i d&#8217;aplicar els mecanismes que l&#8217;ordenament jur\u00eddic posa a la seva disposici\u00f3\u201d, va apuntar l&#8217;expert fiscalista.<\/p>\n<p>Enfront de la tesi de l&#8217;Ag\u00e8ncia Tribut\u00e0ria, que entenia que aquestes quantitats no eren dedu\u00efbles, per no ser obligat\u00f2ries (les qualificava de liberalitat), el <strong>Tribunal Suprem considera que la retribuci\u00f3 del soci treballador \u00e9s dedu\u00efble com a despesa<\/strong>. Aix\u00f2 s\u00ed, sempre que s&#8217;acrediti, com en qualsevol altra despesa &#8221; la corresponent inscripci\u00f3 comptable, s&#8217;imputi conformement a meritaci\u00f3 i revesteixi justificaci\u00f3 documental&#8221;, afirma la sent\u00e8ncia. \u00c9s a dir, quan compleixi els requisits b\u00e0sics i generals de\u00a0deducibilidad\u00a0en l&#8217;Impost de Societats.<\/p>\n<h3><span class=\"ez-toc-section\" id=\"Interessos_dels_interessos_i_despeses_dels_credits\"><\/span><strong><br \/>\nInteressos dels interessos i despeses dels cr\u00e8dits<\/strong><span class=\"ez-toc-section-end\"><\/span><\/h3>\n<p>Al juliol de 2022, l&#8217;Alt Tribunal va emetre una sent\u00e8ncia que va donar de nou la ra\u00f3 a un aut\u00f2nom societari enfront de l&#8217;Administraci\u00f3 a l&#8217;hora de practicar les seves deduccions. Aquesta vegada, <strong>els jutges van dictaminar a favor d&#8217;un treballador per compte propi al qual li va ser denegada la desgravaci\u00f3 dels interessos i altres despeses que havia suportat per un pr\u00e9stec que va sol\u00b7licitar per a la seva activitat.<\/strong><\/p>\n<p>En principi, els interessos -i altres costos- que suporten els aut\u00f2noms en sol\u00b7licitar un pr\u00e9stec s\u00f3n dedu\u00efbles en l&#8217;Impost de Societats. No obstant aix\u00f2, l&#8217;Ag\u00e8ncia Tribut\u00e0ria acostuma a denegar aquestes deduccions als negocis per considerar que no estan vinculades als seus ingressos. O, dit d&#8217;una altra manera, Hisenda tomba en alguns casos aquestes desgravacions perqu\u00e8, aparentment, no serveixen directament per a generar beneficis i, per tant, els considera com a &#8220;liberalitats&#8221;.<\/p>\n<p>Aquesta consideraci\u00f3 de liberalitat o donatiu \u00e9s un dels arguments m\u00e9s freq\u00fcents de l&#8217;Ag\u00e8ncia Tribut\u00e0ria per a tombar les deduccions que intenten practicar els aut\u00f2noms en l&#8217;Impost de Societats. Ara, l&#8217;Alt Tribunal s&#8217;ha vist obligat a estendre la seva doctrina i matisar que les despeses d&#8217;un pr\u00e9stec tampoc s\u00f3n una liberalitat i poden ser perfectament dedu\u00efbles encara que no hagin servit directament per a generar ingressos.<\/p>\n<p>Segons Jos\u00e9 Mar\u00eda Salcedo, advocat especialitzat en deduccions, del despatx Salcedo\u00a0Tax\u00a0Litigation, el Tribunal Suprem ha est\u00e8s a les despeses financeres una doctrina que ja va asseure en 2021, quan va recon\u00e8ixer que no era necessari que les despeses de representaci\u00f3 -per exemple, pagar un menjar amb un client en un restaurant- servissin directament per a generar un ingr\u00e9s. &#8220;Aquesta relaci\u00f3 entre les despeses i els ingressos no s&#8217;adapta a la realitat, perqu\u00e8 molts aut\u00f2noms poden convidar a un client a menjar amb la intenci\u00f3 que els contracti un servei i que despr\u00e9s no succeeixi. O que succeeixi per\u00f2 que sigui molt m\u00e9s tard. Sigui com sigui, la despesa \u00e9s aqu\u00ed i est\u00e0 vinculat a l&#8217;activitat. El mateix ocorre amb les despeses financeres. Un pr\u00e9stec pot servir per a pagar una campanya de publicitat que despr\u00e9s no tingui retorn o una inversi\u00f3 fallida&#8221;.<\/p>\n<p><strong>El Tribunal Suprem est\u00e9n aix\u00ed a les despeses financeres la mateixa doctrina que va utilitzar a principis d&#8217;enguany per a recolzar la\u00a0deducibilidad\u00a0de les despeses de representaci\u00f3.<\/strong> &#8220;La sent\u00e8ncia es basa en el mateix fonament i, a m\u00e9s, matisa que els interessos i altres costos d&#8217;un pr\u00e9stec encara es poden entendre menys com una liberalitat, perqu\u00e8 tenen un cost per al negoci, igual que el pr\u00e9stec del qual depenen&#8221;.<\/p>\n<p>Aquestes despeses seran dedu\u00efbles en l&#8217;Impost de Societats sempre que compleixin amb els requisits generals de\u00a0deducibilidad\u00a0de la despesa, aix\u00f2 \u00e9s, &#8220;inscripci\u00f3 comptable, imputaci\u00f3 conformement a meritaci\u00f3, i justificaci\u00f3 documental&#8221;, afegeix el Suprem.<\/p>\n<h3><span class=\"ez-toc-section\" id=\"Interessos_dels_ajornaments_tributaris\"><\/span><strong><br \/>\nInteressos dels ajornaments tributaris<\/strong><span class=\"ez-toc-section-end\"><\/span><\/h3>\n<p>El Tribunal Suprem va resoldre el 8 de febrer de 2021, mitjan\u00e7ant el recurs n\u00famero 3071\/2019, que<strong> els interessos de demora estan correlacionats amb els ingressos, perqu\u00e8 estan connectats amb l&#8217;exercici de l&#8217;activitat empresarial<\/strong> i han de ser dedu\u00efbles en l&#8217;Impost de Societats com gaireb\u00e9 qualsevol altra despesa que pugui suportar l&#8217;aut\u00f2nom en l&#8217;exercici de la seva activitat.<\/p>\n<p>La sent\u00e8ncia parteix del recurs d&#8217;una empresa a la qual Hisenda li havia denegat la deducci\u00f3 dels interessos de demora generats a conseq\u00fc\u00e8ncia de la regularitzaci\u00f3 de la seva situaci\u00f3 tribut\u00e0ria en 2014. L&#8217;Administraci\u00f3 justificava que, si es permetia deduir aquests interessos, la qual cosa realment s&#8217;estava fent era desvirtuar el car\u00e0cter indemnitzatori d&#8217;aquests interessos, que serveixen per a rescabalar al Fisc pel retard del contribuent.<\/p>\n<p>No obstant aix\u00f2, <strong>el Suprem difer\u00e8ncia entre la naturalesa dels interessos de demora, i la de les multes i sancions<\/strong> que se li imposen als negocis, que en cap cas s\u00f3n dedu\u00efbles. Per al Tribunal, la\u00a0deducibilidad\u00a0dels interessos es fonamenta en qu\u00e8 s\u00f3n una despesa financera amb una funci\u00f3 compensat\u00f2ria i no punitiva. \u00c9s a dir, serveixen per a indemnitzar i rescabalar a Hisenda, no per a castigar el contribuent.<\/p>\n<p>Concretament, l&#8217;Alt tribunal diu que no pot equiparar-se una sanci\u00f3 amb un inter\u00e8s que t\u00e9 la &#8220;finalitat de dissuadir als contribuents de la seva morositat en el pagament dels deutes tributaris i compensar a l&#8217;erari p\u00fablic&#8221; pel perjudici que suposa el retard. \u00c9s a dir, t\u00e9 l&#8217;objectiu &#8220;exclusivament de reparar&#8221; i no de &#8220;sancionar&#8221;.<\/p>\n<p>Aix\u00ed doncs, la sent\u00e8ncia &#8220;resol un debat hist\u00f2ric entorn a la deducibilidad d&#8217;aquests interessos, que en realitat ja s&#8217;havia resolt amb la pr\u00f2pia llei del IS. En tot cas, ara no cap ja una altra interpretaci\u00f3 per part dels funcionaris. &#8220;<strong>Seran dedu\u00efbles en els l\u00edmits previstos per la norma<\/strong>&#8220;, va explicar Jos\u00e9 Mar\u00eda\u00a0Mollinedo, secretari general del sindicat de t\u00e8cnics d&#8217;Hisenda,\u00a0Gesth. Cal recordar que per a incloure els interessos de demora -que suposen al voltant d&#8217;un 3,75% de la quantitat a pagar per les obligacions tribut\u00e0ries pendents- com a deducci\u00f3 existeixen uns l\u00edmits establerts en la Llei del\u00a0IS\u00a0(Impost de Societats): la despesa no pot superar el 30% del benefici operatiu de l&#8217;exercici o el l\u00edmit d&#8217;1 mili\u00f3 d&#8217;euros.<\/p>\n<p>&nbsp;<\/p>\n<p>Si vols consultar m\u00e9s not\u00edcies:\u00a0<a href=\"https:\/\/www.ariasassessors.com\/actualidad\/\">https:\/\/www.ariasassessors.com\/actualidad\/<\/a><\/p>\n<p>Not\u00edcia extreta de: <a href=\"https:\/\/www.autonomosyemprendedor.es\/articulo\/actualidad\/nuevas-deducciones-que-pueden-optar-ano-pequenos-negocios-impuesto-sociedades\/20230612142157030896.html\">www.autonomosyemprendedor.es\/articulo\/actualidad\/<\/a><\/p>\n","protected":false},"excerpt":{"rendered":"<p>Noves deduccions a les quals poden optar enguany els petits negocis en l&#8217;Impost de Societats A partir de l&#8217;1 de juliol totes les petites empreses hauran de fer el seu anual de l&#8217;Impost de Societats. Enguany, gr\u00e0cies a diverses sent\u00e8ncies del Suprem, podran aplicar per&#8230;<\/p>\n","protected":false},"author":2,"featured_media":2558,"comment_status":"open","ping_status":"open","sticky":false,"template":"","format":"standard","meta":{"footnotes":""},"categories":[4],"tags":[],"class_list":["post-2561","post","type-post","status-publish","format-standard","has-post-thumbnail","hentry","category-noticies"],"yoast_head":"<!-- This site is optimized with the Yoast SEO plugin v24.3 - https:\/\/yoast.com\/wordpress\/plugins\/seo\/ -->\n<title>Noves deduccions a les quals poden optar enguany els petits negocis en l&#039;Impost de Societats | Arias Assessors<\/title>\n<meta name=\"description\" content=\"Entra i coneix les noves deduccions a les quals poden optar enguany els petits negocis en l&#039;Impost de Societats. Arias Assessors\" \/>\n<meta name=\"robots\" content=\"index, follow, max-snippet:-1, max-image-preview:large, max-video-preview:-1\" \/>\n<link rel=\"canonical\" href=\"https:\/\/www.ariasassessors.com\/ca\/noves-deduccions-impost-de-societats\/\" \/>\n<meta property=\"og:locale\" content=\"ca_ES\" \/>\n<meta property=\"og:type\" content=\"article\" \/>\n<meta property=\"og:title\" content=\"Noves deduccions a les quals poden optar enguany els petits negocis en l&#039;Impost de Societats | Arias Assessors\" \/>\n<meta property=\"og:description\" content=\"Entra i coneix les noves deduccions a les quals poden optar enguany els petits negocis en l&#039;Impost de Societats. Arias Assessors\" \/>\n<meta property=\"og:url\" content=\"https:\/\/www.ariasassessors.com\/ca\/noves-deduccions-impost-de-societats\/\" \/>\n<meta property=\"og:site_name\" content=\"Arias Assessors\" \/>\n<meta property=\"article:publisher\" content=\"https:\/\/www.facebook.com\/ariasassessors\/\" \/>\n<meta property=\"article:published_time\" content=\"2023-06-14T13:46:43+00:00\" \/>\n<meta property=\"og:image\" content=\"https:\/\/www.ariasassessors.com\/wp-content\/uploads\/2023\/06\/Arias_Blog_IMAGEN_DESTACADA-26.png\" \/>\n\t<meta property=\"og:image:width\" content=\"1920\" \/>\n\t<meta property=\"og:image:height\" content=\"1202\" \/>\n\t<meta property=\"og:image:type\" content=\"image\/png\" \/>\n<meta name=\"author\" content=\"btorras\" \/>\n<meta name=\"twitter:card\" content=\"summary_large_image\" \/>\n<meta name=\"twitter:creator\" content=\"@ariasassessors\" \/>\n<meta name=\"twitter:site\" content=\"@ariasassessors\" \/>\n<meta name=\"twitter:label1\" content=\"Escrit per\" \/>\n\t<meta name=\"twitter:data1\" content=\"btorras\" \/>\n\t<meta name=\"twitter:label2\" content=\"Temps estimat de lectura\" \/>\n\t<meta name=\"twitter:data2\" content=\"8 minuts\" \/>\n<script type=\"application\/ld+json\" class=\"yoast-schema-graph\">{\"@context\":\"https:\/\/schema.org\",\"@graph\":[{\"@type\":\"Article\",\"@id\":\"https:\/\/www.ariasassessors.com\/ca\/noves-deduccions-impost-de-societats\/#article\",\"isPartOf\":{\"@id\":\"https:\/\/www.ariasassessors.com\/ca\/noves-deduccions-impost-de-societats\/\"},\"author\":{\"name\":\"btorras\",\"@id\":\"https:\/\/www.ariasassessors.com\/#\/schema\/person\/63c6ad1775f0a9413c37932562673cef\"},\"headline\":\"Noves deduccions a les quals poden optar enguany els petits negocis en l&#8217;Impost de Societats\",\"datePublished\":\"2023-06-14T13:46:43+00:00\",\"dateModified\":\"2023-06-14T13:46:43+00:00\",\"mainEntityOfPage\":{\"@id\":\"https:\/\/www.ariasassessors.com\/ca\/noves-deduccions-impost-de-societats\/\"},\"wordCount\":1829,\"commentCount\":0,\"publisher\":{\"@id\":\"https:\/\/www.ariasassessors.com\/#organization\"},\"image\":{\"@id\":\"https:\/\/www.ariasassessors.com\/ca\/noves-deduccions-impost-de-societats\/#primaryimage\"},\"thumbnailUrl\":\"https:\/\/www.ariasassessors.com\/wp-content\/uploads\/2023\/06\/Arias_Blog_IMAGEN_DESTACADA-26.png\",\"articleSection\":[\"noticies\"],\"inLanguage\":\"ca\",\"potentialAction\":[{\"@type\":\"CommentAction\",\"name\":\"Comment\",\"target\":[\"https:\/\/www.ariasassessors.com\/ca\/noves-deduccions-impost-de-societats\/#respond\"]}]},{\"@type\":\"WebPage\",\"@id\":\"https:\/\/www.ariasassessors.com\/ca\/noves-deduccions-impost-de-societats\/\",\"url\":\"https:\/\/www.ariasassessors.com\/ca\/noves-deduccions-impost-de-societats\/\",\"name\":\"Noves deduccions a les quals poden optar enguany els petits negocis en l'Impost de Societats | Arias Assessors\",\"isPartOf\":{\"@id\":\"https:\/\/www.ariasassessors.com\/#website\"},\"primaryImageOfPage\":{\"@id\":\"https:\/\/www.ariasassessors.com\/ca\/noves-deduccions-impost-de-societats\/#primaryimage\"},\"image\":{\"@id\":\"https:\/\/www.ariasassessors.com\/ca\/noves-deduccions-impost-de-societats\/#primaryimage\"},\"thumbnailUrl\":\"https:\/\/www.ariasassessors.com\/wp-content\/uploads\/2023\/06\/Arias_Blog_IMAGEN_DESTACADA-26.png\",\"datePublished\":\"2023-06-14T13:46:43+00:00\",\"dateModified\":\"2023-06-14T13:46:43+00:00\",\"description\":\"Entra i coneix les noves deduccions a les quals poden optar enguany els petits negocis en l'Impost de Societats. Arias Assessors\",\"breadcrumb\":{\"@id\":\"https:\/\/www.ariasassessors.com\/ca\/noves-deduccions-impost-de-societats\/#breadcrumb\"},\"inLanguage\":\"ca\",\"potentialAction\":[{\"@type\":\"ReadAction\",\"target\":[\"https:\/\/www.ariasassessors.com\/ca\/noves-deduccions-impost-de-societats\/\"]}]},{\"@type\":\"ImageObject\",\"inLanguage\":\"ca\",\"@id\":\"https:\/\/www.ariasassessors.com\/ca\/noves-deduccions-impost-de-societats\/#primaryimage\",\"url\":\"https:\/\/www.ariasassessors.com\/wp-content\/uploads\/2023\/06\/Arias_Blog_IMAGEN_DESTACADA-26.png\",\"contentUrl\":\"https:\/\/www.ariasassessors.com\/wp-content\/uploads\/2023\/06\/Arias_Blog_IMAGEN_DESTACADA-26.png\",\"width\":1920,\"height\":1202,\"caption\":\"impost de societats\"},{\"@type\":\"BreadcrumbList\",\"@id\":\"https:\/\/www.ariasassessors.com\/ca\/noves-deduccions-impost-de-societats\/#breadcrumb\",\"itemListElement\":[{\"@type\":\"ListItem\",\"position\":1,\"name\":\"Portada\",\"item\":\"https:\/\/www.ariasassessors.com\/ca\/\"},{\"@type\":\"ListItem\",\"position\":2,\"name\":\"Noves deduccions a les quals poden optar enguany els petits negocis en l&#8217;Impost de Societats\"}]},{\"@type\":\"WebSite\",\"@id\":\"https:\/\/www.ariasassessors.com\/#website\",\"url\":\"https:\/\/www.ariasassessors.com\/\",\"name\":\"Arias Assessors\",\"description\":\"Asesor\u00eda para aut\u00f3nomos, profesionales y PYMES\",\"publisher\":{\"@id\":\"https:\/\/www.ariasassessors.com\/#organization\"},\"potentialAction\":[{\"@type\":\"SearchAction\",\"target\":{\"@type\":\"EntryPoint\",\"urlTemplate\":\"https:\/\/www.ariasassessors.com\/?s={search_term_string}\"},\"query-input\":{\"@type\":\"PropertyValueSpecification\",\"valueRequired\":true,\"valueName\":\"search_term_string\"}}],\"inLanguage\":\"ca\"},{\"@type\":\"Organization\",\"@id\":\"https:\/\/www.ariasassessors.com\/#organization\",\"name\":\"Arias Assessors\",\"url\":\"https:\/\/www.ariasassessors.com\/\",\"logo\":{\"@type\":\"ImageObject\",\"inLanguage\":\"ca\",\"@id\":\"https:\/\/www.ariasassessors.com\/#\/schema\/logo\/image\/\",\"url\":\"https:\/\/www.ariasassessors.com\/wp-content\/uploads\/2019\/01\/arias-logo.png\",\"contentUrl\":\"https:\/\/www.ariasassessors.com\/wp-content\/uploads\/2019\/01\/arias-logo.png\",\"width\":349,\"height\":254,\"caption\":\"Arias Assessors\"},\"image\":{\"@id\":\"https:\/\/www.ariasassessors.com\/#\/schema\/logo\/image\/\"},\"sameAs\":[\"https:\/\/www.facebook.com\/ariasassessors\/\",\"https:\/\/x.com\/ariasassessors\",\"https:\/\/www.linkedin.com\/company\/r&amp;amp;r-growing-knowledge\/\"]},{\"@type\":\"Person\",\"@id\":\"https:\/\/www.ariasassessors.com\/#\/schema\/person\/63c6ad1775f0a9413c37932562673cef\",\"name\":\"btorras\",\"image\":{\"@type\":\"ImageObject\",\"inLanguage\":\"ca\",\"@id\":\"https:\/\/www.ariasassessors.com\/#\/schema\/person\/image\/\",\"url\":\"https:\/\/secure.gravatar.com\/avatar\/0531db351fc361fdbfd204c58fa2d6a3?s=96&d=mm&r=g\",\"contentUrl\":\"https:\/\/secure.gravatar.com\/avatar\/0531db351fc361fdbfd204c58fa2d6a3?s=96&d=mm&r=g\",\"caption\":\"btorras\"}}]}<\/script>\n<!-- \/ Yoast SEO plugin. -->","yoast_head_json":{"title":"Noves deduccions a les quals poden optar enguany els petits negocis en l'Impost de Societats | Arias Assessors","description":"Entra i coneix les noves deduccions a les quals poden optar enguany els petits negocis en l'Impost de Societats. Arias Assessors","robots":{"index":"index","follow":"follow","max-snippet":"max-snippet:-1","max-image-preview":"max-image-preview:large","max-video-preview":"max-video-preview:-1"},"canonical":"https:\/\/www.ariasassessors.com\/ca\/noves-deduccions-impost-de-societats\/","og_locale":"ca_ES","og_type":"article","og_title":"Noves deduccions a les quals poden optar enguany els petits negocis en l'Impost de Societats | Arias Assessors","og_description":"Entra i coneix les noves deduccions a les quals poden optar enguany els petits negocis en l'Impost de Societats. Arias Assessors","og_url":"https:\/\/www.ariasassessors.com\/ca\/noves-deduccions-impost-de-societats\/","og_site_name":"Arias Assessors","article_publisher":"https:\/\/www.facebook.com\/ariasassessors\/","article_published_time":"2023-06-14T13:46:43+00:00","og_image":[{"width":1920,"height":1202,"url":"https:\/\/www.ariasassessors.com\/wp-content\/uploads\/2023\/06\/Arias_Blog_IMAGEN_DESTACADA-26.png","type":"image\/png"}],"author":"btorras","twitter_card":"summary_large_image","twitter_creator":"@ariasassessors","twitter_site":"@ariasassessors","twitter_misc":{"Escrit per":"btorras","Temps estimat de lectura":"8 minuts"},"schema":{"@context":"https:\/\/schema.org","@graph":[{"@type":"Article","@id":"https:\/\/www.ariasassessors.com\/ca\/noves-deduccions-impost-de-societats\/#article","isPartOf":{"@id":"https:\/\/www.ariasassessors.com\/ca\/noves-deduccions-impost-de-societats\/"},"author":{"name":"btorras","@id":"https:\/\/www.ariasassessors.com\/#\/schema\/person\/63c6ad1775f0a9413c37932562673cef"},"headline":"Noves deduccions a les quals poden optar enguany els petits negocis en l&#8217;Impost de Societats","datePublished":"2023-06-14T13:46:43+00:00","dateModified":"2023-06-14T13:46:43+00:00","mainEntityOfPage":{"@id":"https:\/\/www.ariasassessors.com\/ca\/noves-deduccions-impost-de-societats\/"},"wordCount":1829,"commentCount":0,"publisher":{"@id":"https:\/\/www.ariasassessors.com\/#organization"},"image":{"@id":"https:\/\/www.ariasassessors.com\/ca\/noves-deduccions-impost-de-societats\/#primaryimage"},"thumbnailUrl":"https:\/\/www.ariasassessors.com\/wp-content\/uploads\/2023\/06\/Arias_Blog_IMAGEN_DESTACADA-26.png","articleSection":["noticies"],"inLanguage":"ca","potentialAction":[{"@type":"CommentAction","name":"Comment","target":["https:\/\/www.ariasassessors.com\/ca\/noves-deduccions-impost-de-societats\/#respond"]}]},{"@type":"WebPage","@id":"https:\/\/www.ariasassessors.com\/ca\/noves-deduccions-impost-de-societats\/","url":"https:\/\/www.ariasassessors.com\/ca\/noves-deduccions-impost-de-societats\/","name":"Noves deduccions a les quals poden optar enguany els petits negocis en l'Impost de Societats | Arias Assessors","isPartOf":{"@id":"https:\/\/www.ariasassessors.com\/#website"},"primaryImageOfPage":{"@id":"https:\/\/www.ariasassessors.com\/ca\/noves-deduccions-impost-de-societats\/#primaryimage"},"image":{"@id":"https:\/\/www.ariasassessors.com\/ca\/noves-deduccions-impost-de-societats\/#primaryimage"},"thumbnailUrl":"https:\/\/www.ariasassessors.com\/wp-content\/uploads\/2023\/06\/Arias_Blog_IMAGEN_DESTACADA-26.png","datePublished":"2023-06-14T13:46:43+00:00","dateModified":"2023-06-14T13:46:43+00:00","description":"Entra i coneix les noves deduccions a les quals poden optar enguany els petits negocis en l'Impost de Societats. Arias Assessors","breadcrumb":{"@id":"https:\/\/www.ariasassessors.com\/ca\/noves-deduccions-impost-de-societats\/#breadcrumb"},"inLanguage":"ca","potentialAction":[{"@type":"ReadAction","target":["https:\/\/www.ariasassessors.com\/ca\/noves-deduccions-impost-de-societats\/"]}]},{"@type":"ImageObject","inLanguage":"ca","@id":"https:\/\/www.ariasassessors.com\/ca\/noves-deduccions-impost-de-societats\/#primaryimage","url":"https:\/\/www.ariasassessors.com\/wp-content\/uploads\/2023\/06\/Arias_Blog_IMAGEN_DESTACADA-26.png","contentUrl":"https:\/\/www.ariasassessors.com\/wp-content\/uploads\/2023\/06\/Arias_Blog_IMAGEN_DESTACADA-26.png","width":1920,"height":1202,"caption":"impost de societats"},{"@type":"BreadcrumbList","@id":"https:\/\/www.ariasassessors.com\/ca\/noves-deduccions-impost-de-societats\/#breadcrumb","itemListElement":[{"@type":"ListItem","position":1,"name":"Portada","item":"https:\/\/www.ariasassessors.com\/ca\/"},{"@type":"ListItem","position":2,"name":"Noves deduccions a les quals poden optar enguany els petits negocis en l&#8217;Impost de Societats"}]},{"@type":"WebSite","@id":"https:\/\/www.ariasassessors.com\/#website","url":"https:\/\/www.ariasassessors.com\/","name":"Arias Assessors","description":"Asesor\u00eda para aut\u00f3nomos, profesionales y PYMES","publisher":{"@id":"https:\/\/www.ariasassessors.com\/#organization"},"potentialAction":[{"@type":"SearchAction","target":{"@type":"EntryPoint","urlTemplate":"https:\/\/www.ariasassessors.com\/?s={search_term_string}"},"query-input":{"@type":"PropertyValueSpecification","valueRequired":true,"valueName":"search_term_string"}}],"inLanguage":"ca"},{"@type":"Organization","@id":"https:\/\/www.ariasassessors.com\/#organization","name":"Arias Assessors","url":"https:\/\/www.ariasassessors.com\/","logo":{"@type":"ImageObject","inLanguage":"ca","@id":"https:\/\/www.ariasassessors.com\/#\/schema\/logo\/image\/","url":"https:\/\/www.ariasassessors.com\/wp-content\/uploads\/2019\/01\/arias-logo.png","contentUrl":"https:\/\/www.ariasassessors.com\/wp-content\/uploads\/2019\/01\/arias-logo.png","width":349,"height":254,"caption":"Arias Assessors"},"image":{"@id":"https:\/\/www.ariasassessors.com\/#\/schema\/logo\/image\/"},"sameAs":["https:\/\/www.facebook.com\/ariasassessors\/","https:\/\/x.com\/ariasassessors","https:\/\/www.linkedin.com\/company\/r&amp;amp;r-growing-knowledge\/"]},{"@type":"Person","@id":"https:\/\/www.ariasassessors.com\/#\/schema\/person\/63c6ad1775f0a9413c37932562673cef","name":"btorras","image":{"@type":"ImageObject","inLanguage":"ca","@id":"https:\/\/www.ariasassessors.com\/#\/schema\/person\/image\/","url":"https:\/\/secure.gravatar.com\/avatar\/0531db351fc361fdbfd204c58fa2d6a3?s=96&d=mm&r=g","contentUrl":"https:\/\/secure.gravatar.com\/avatar\/0531db351fc361fdbfd204c58fa2d6a3?s=96&d=mm&r=g","caption":"btorras"}}]}},"_links":{"self":[{"href":"https:\/\/www.ariasassessors.com\/ca\/wp-json\/wp\/v2\/posts\/2561","targetHints":{"allow":["GET"]}}],"collection":[{"href":"https:\/\/www.ariasassessors.com\/ca\/wp-json\/wp\/v2\/posts"}],"about":[{"href":"https:\/\/www.ariasassessors.com\/ca\/wp-json\/wp\/v2\/types\/post"}],"author":[{"embeddable":true,"href":"https:\/\/www.ariasassessors.com\/ca\/wp-json\/wp\/v2\/users\/2"}],"replies":[{"embeddable":true,"href":"https:\/\/www.ariasassessors.com\/ca\/wp-json\/wp\/v2\/comments?post=2561"}],"version-history":[{"count":2,"href":"https:\/\/www.ariasassessors.com\/ca\/wp-json\/wp\/v2\/posts\/2561\/revisions"}],"predecessor-version":[{"id":2563,"href":"https:\/\/www.ariasassessors.com\/ca\/wp-json\/wp\/v2\/posts\/2561\/revisions\/2563"}],"wp:featuredmedia":[{"embeddable":true,"href":"https:\/\/www.ariasassessors.com\/ca\/wp-json\/wp\/v2\/media\/2558"}],"wp:attachment":[{"href":"https:\/\/www.ariasassessors.com\/ca\/wp-json\/wp\/v2\/media?parent=2561"}],"wp:term":[{"taxonomy":"category","embeddable":true,"href":"https:\/\/www.ariasassessors.com\/ca\/wp-json\/wp\/v2\/categories?post=2561"},{"taxonomy":"post_tag","embeddable":true,"href":"https:\/\/www.ariasassessors.com\/ca\/wp-json\/wp\/v2\/tags?post=2561"}],"curies":[{"name":"wp","href":"https:\/\/api.w.org\/{rel}","templated":true}]}}