{"id":2577,"date":"2023-06-20T16:31:28","date_gmt":"2023-06-20T14:31:28","guid":{"rendered":"https:\/\/www.ariasassessors.com\/?p=2577"},"modified":"2023-06-20T16:31:28","modified_gmt":"2023-06-20T14:31:28","slug":"tramits-impossibles-per-a-autonoms-en-les-webs-hisenda","status":"publish","type":"post","link":"https:\/\/www.ariasassessors.com\/ca\/tramits-impossibles-per-a-autonoms-en-les-webs-hisenda\/","title":{"rendered":"Aquests s\u00f3n els tr\u00e0mits impossibles de gestionar per als aut\u00f2noms en les webs d&#8217;Hisenda i Seguretat Social"},"content":{"rendered":"<div class=\"textarea-origen col-xs-12 col-sm-6\">\n<div>\n<div>\n<div id=\"ez-toc-container\" class=\"ez-toc-v2_0_72 counter-hierarchy ez-toc-counter ez-toc-grey ez-toc-container-direction\">\n<div class=\"ez-toc-title-container\">\n<p class=\"ez-toc-title\" style=\"cursor:inherit\">\u00cdndice de Contenidos<\/p>\n<span class=\"ez-toc-title-toggle\"><a href=\"#\" class=\"ez-toc-pull-right ez-toc-btn ez-toc-btn-xs ez-toc-btn-default ez-toc-toggle\" aria-label=\"Toggle Table of Content\"><span class=\"ez-toc-js-icon-con\"><span class=\"\"><span class=\"eztoc-hide\" style=\"display:none;\">Toggle<\/span><span class=\"ez-toc-icon-toggle-span\"><svg style=\"fill: #428bca;color:#428bca\" xmlns=\"http:\/\/www.w3.org\/2000\/svg\" class=\"list-377408\" width=\"20px\" height=\"20px\" viewBox=\"0 0 24 24\" fill=\"none\"><path d=\"M6 6H4v2h2V6zm14 0H8v2h12V6zM4 11h2v2H4v-2zm16 0H8v2h12v-2zM4 16h2v2H4v-2zm16 0H8v2h12v-2z\" fill=\"currentColor\"><\/path><\/svg><svg style=\"fill: #428bca;color:#428bca\" class=\"arrow-unsorted-368013\" xmlns=\"http:\/\/www.w3.org\/2000\/svg\" width=\"10px\" height=\"10px\" viewBox=\"0 0 24 24\" version=\"1.2\" baseProfile=\"tiny\"><path d=\"M18.2 9.3l-6.2-6.3-6.2 6.3c-.2.2-.3.4-.3.7s.1.5.3.7c.2.2.4.3.7.3h11c.3 0 .5-.1.7-.3.2-.2.3-.5.3-.7s-.1-.5-.3-.7zM5.8 14.7l6.2 6.3 6.2-6.3c.2-.2.3-.5.3-.7s-.1-.5-.3-.7c-.2-.2-.4-.3-.7-.3h-11c-.3 0-.5.1-.7.3-.2.2-.3.5-.3.7s.1.5.3.7z\"\/><\/svg><\/span><\/span><\/span><\/a><\/span><\/div>\n<nav><ul class='ez-toc-list ez-toc-list-level-1 eztoc-toggle-hide-by-default' ><li class='ez-toc-page-1 ez-toc-heading-level-1'><a class=\"ez-toc-link ez-toc-heading-1\" href=\"https:\/\/www.ariasassessors.com\/ca\/tramits-impossibles-per-a-autonoms-en-les-webs-hisenda\/#Aquests_son_els_tramits_impossibles_de_gestionar_per_als_autonoms_en_les_webs_dHisenda_i_Seguretat_Social\" title=\"Aquests s\u00f3n els tr\u00e0mits impossibles de gestionar per als aut\u00f2noms en les webs d&#8217;Hisenda i Seguretat Social\">Aquests s\u00f3n els tr\u00e0mits impossibles de gestionar per als aut\u00f2noms en les webs d&#8217;Hisenda i Seguretat Social<\/a><ul class='ez-toc-list-level-2' ><li class='ez-toc-heading-level-2'><a class=\"ez-toc-link ez-toc-heading-2\" href=\"https:\/\/www.ariasassessors.com\/ca\/tramits-impossibles-per-a-autonoms-en-les-webs-hisenda\/#Aquests_son_els_tramits_digitals_amb_Hisenda_i_Seguretat_Social_que_resulten_mes_complexos\" title=\"Aquests s\u00f3n els tr\u00e0mits digitals amb Hisenda i Seguretat Social que resulten m\u00e9s complexos\">Aquests s\u00f3n els tr\u00e0mits digitals amb Hisenda i Seguretat Social que resulten m\u00e9s complexos<\/a><ul class='ez-toc-list-level-3' ><li class='ez-toc-heading-level-3'><a class=\"ez-toc-link ez-toc-heading-3\" href=\"https:\/\/www.ariasassessors.com\/ca\/tramits-impossibles-per-a-autonoms-en-les-webs-hisenda\/#Sollicitud_de_capitalitzacio_de_latur\" title=\"Sol\u00b7licitud de capitalitzaci\u00f3 de l&#8217;atur\">Sol\u00b7licitud de capitalitzaci\u00f3 de l&#8217;atur<\/a><\/li><li class='ez-toc-page-1 ez-toc-heading-level-3'><a class=\"ez-toc-link ez-toc-heading-4\" href=\"https:\/\/www.ariasassessors.com\/ca\/tramits-impossibles-per-a-autonoms-en-les-webs-hisenda\/#Donar-se_dalta_i_de_baixa_com_a_autonom\" title=\"Donar-se d&#8217;alta i de baixa com a aut\u00f2nom\">Donar-se d&#8217;alta i de baixa com a aut\u00f2nom<\/a><\/li><li class='ez-toc-page-1 ez-toc-heading-level-3'><a class=\"ez-toc-link ez-toc-heading-5\" href=\"https:\/\/www.ariasassessors.com\/ca\/tramits-impossibles-per-a-autonoms-en-les-webs-hisenda\/#Rectificacio_derrors_en_declaracions_censals\" title=\"Rectificaci\u00f3 d&#8217;errors en declaracions censals\">Rectificaci\u00f3 d&#8217;errors en declaracions censals<\/a><\/li><li class='ez-toc-page-1 ez-toc-heading-level-3'><a class=\"ez-toc-link ez-toc-heading-6\" href=\"https:\/\/www.ariasassessors.com\/ca\/tramits-impossibles-per-a-autonoms-en-les-webs-hisenda\/#Sollicitud_de_prestacions\" title=\"Sol\u00b7licitud de prestacions\">Sol\u00b7licitud de prestacions<\/a><\/li><li class='ez-toc-page-1 ez-toc-heading-level-3'><a class=\"ez-toc-link ez-toc-heading-7\" href=\"https:\/\/www.ariasassessors.com\/ca\/tramits-impossibles-per-a-autonoms-en-les-webs-hisenda\/#Realitzacio_de_consultes_personalitzades\" title=\"Realitzaci\u00f3 de consultes personalitzades\">Realitzaci\u00f3 de consultes personalitzades<\/a><\/li><\/ul><\/li><li class='ez-toc-page-1 ez-toc-heading-level-2'><a class=\"ez-toc-link ez-toc-heading-8\" href=\"https:\/\/www.ariasassessors.com\/ca\/tramits-impossibles-per-a-autonoms-en-les-webs-hisenda\/#La_digitalitzacio_obliga_alguns_autonoms_a_recorrer_a_ajuda_externa\" title=\"La digitalitzaci\u00f3 obliga alguns aut\u00f2noms a rec\u00f3rrer a ajuda externa\">La digitalitzaci\u00f3 obliga alguns aut\u00f2noms a rec\u00f3rrer a ajuda externa<\/a><\/li><li class='ez-toc-page-1 ez-toc-heading-level-2'><a class=\"ez-toc-link ez-toc-heading-9\" href=\"https:\/\/www.ariasassessors.com\/ca\/tramits-impossibles-per-a-autonoms-en-les-webs-hisenda\/#Realitzar_determinats_tramits_%E2%80%9Cper_lliure%E2%80%9D_sol_ser_mes_complex\" title=\"Realitzar determinats tr\u00e0mits \u201cper lliure\u201d sol ser m\u00e9s complex\">Realitzar determinats tr\u00e0mits \u201cper lliure\u201d sol ser m\u00e9s complex<\/a><\/li><\/ul><\/li><\/ul><\/nav><\/div>\n<h1><span class=\"ez-toc-section\" id=\"Aquests_son_els_tramits_impossibles_de_gestionar_per_als_autonoms_en_les_webs_dHisenda_i_Seguretat_Social\"><\/span>Aquests s\u00f3n els tr\u00e0mits impossibles de gestionar per als aut\u00f2noms en les webs d&#8217;Hisenda i Seguretat Social<span class=\"ez-toc-section-end\"><\/span><\/h1>\n<\/div>\n<\/div>\n<\/div>\n<div class=\"textarea-desti col-xs-12 col-sm-6\">\n<div class=\"textarea-origen col-xs-12 col-sm-6\">\n<div>\n<div>\n<div><\/div>\n<\/div>\n<\/div>\n<\/div>\n<div class=\"textarea-desti col-xs-12 col-sm-6\">\n<div class=\"form-control second-textarea\">La digitalitzaci\u00f3 obliga els aut\u00f2noms a tenir uns coneixements m\u00ednims per a poder gestionar els tr\u00e0mits administratius. No obstant aix\u00f2, la falta d&#8217;assessorament i l&#8217;escassetat de cites fan que, en la majoria dels casos, resulti imprescindible acudir a una m\u00e0 experta.<\/div>\n<div><\/div>\n<\/div>\n<div>Pr\u00e0cticament la totalitat dels tr\u00e0mits amb l&#8217;Administraci\u00f3 es fan ara de manera telem\u00e0tica, la qual cosa obliga els aut\u00f2noms a comunicar-se via digital. No \u00e9s \u00fanicament que alguns d&#8217;ells manquin de coneixements en aquesta mat\u00e8ria, sin\u00f3 que les pr\u00f2pies webs d&#8217;hisenda, Treball i Seguretat Social, lluny de simplificar els tr\u00e0mits, han complicat molts processos fins al punt que resulta impossible realitzar la gesti\u00f3. La presidenta del Col\u00b7legi de Graduats Socials de Madrid (CGSM), Eva\u00a0Torrecilla, <strong>reconeix que els tramitis amb l&#8217;Administraci\u00f3 \u201cs&#8217;han complicat\u201d<\/strong>, alguna cosa que genera una \u201cgran preocupaci\u00f3\u201d entre el col\u00b7lectiu.<\/p>\n<p>Segons va explicar a aquest diari la portaveu de l&#8217;Associaci\u00f3 Espanyola d&#8217;Assessors Fiscals i Gestors Tributaris (ASEFIGET), Mar\u00eda Dolores Ortega, la digitalitzaci\u00f3 hauria de suposar la facilitaci\u00f3 de moltes gestions, per\u00f2 \u00e9s cert que ara \u201crequereix d&#8217;una s\u00e8rie de coneixements, <strong>sobretot a l&#8217;hora de gestionar determinats tr\u00e0mits amb Hisenda i Seguretat Social<\/strong>\u201d.<\/p>\n<p>Sol\u00b7licitar la capitalitzaci\u00f3 de l&#8217;atur, donar-se d&#8217;alta com a aut\u00f2nom, emplenar models d&#8217;Hisenda o sol\u00b7licitar algun canvi en una declaraci\u00f3 censal s\u00f3n alguns dels tr\u00e0mits que, en paraules d&#8217;aquesta experta,<strong> estan causant m\u00e9s maldecaps als aut\u00f2noms<\/strong> i que, per tant, al final, en comptes de poder fer-los ells mateixos, tornen a requerir l&#8217;assist\u00e8ncia d&#8217;un professional especialitzat. La digitalitzaci\u00f3 no sembla que hagi simplificat els tr\u00e0mits.<\/div>\n<\/div>\n<div>\n<div class=\"textarea-origen col-xs-12 col-sm-6\">\n<div>\n<div>\n<div><\/div>\n<\/div>\n<\/div>\n<\/div>\n<div class=\"textarea-desti col-xs-12 col-sm-6\">\n<h2 class=\"form-control second-textarea\"><span class=\"ez-toc-section\" id=\"Aquests_son_els_tramits_digitals_amb_Hisenda_i_Seguretat_Social_que_resulten_mes_complexos\"><\/span>Aquests s\u00f3n els tr\u00e0mits digitals amb Hisenda i Seguretat Social que resulten m\u00e9s complexos<span class=\"ez-toc-section-end\"><\/span><\/h2>\n<div class=\"textarea-desti col-xs-12 col-sm-6\">\n<div class=\"form-control second-textarea\">Segons va explicar la portaveu de l&#8217;Associaci\u00f3 Espanyola d&#8217;Assessors Fiscals i Gestors Tributaris (Asefiget), Mar\u00eda Dolores Ortega, s\u00f3n diversos els tr\u00e0mits que estan resultant dif\u00edcils de gestionar digitalment per a una gran part dels aut\u00f2noms.<\/div>\n<div><\/div>\n<\/div>\n<div>\n<div class=\"traductor-textarea form-group\">\n<div class=\"textarea-desti col-xs-12 col-sm-6\">\n<h3 class=\"form-control second-textarea\"><span class=\"ez-toc-section\" id=\"Sollicitud_de_capitalitzacio_de_latur\"><\/span>Sol\u00b7licitud de capitalitzaci\u00f3 de l&#8217;atur<span class=\"ez-toc-section-end\"><\/span><\/h3>\n<p>Segons la seva experi\u00e8ncia, va explicar Ortega, \u201cel tr\u00e0mit que m\u00e9s dificultat t\u00e9 per als aut\u00f2noms \u00e9s la sol\u00b7licitud de prestaci\u00f3 del pagament \u00fanic de la desocupaci\u00f3 amb el Servei P\u00fablic d&#8217;Ocupaci\u00f3 Estatal (SEPE). <strong>\u00c9s una missi\u00f3 impossible<\/strong>\u201d.<\/p>\n<p>En paraules de l&#8217;experta, \u00e9s un tema \u201cbastant complex\u201d que s&#8217;ha de fer amb cita. No obstant aix\u00f2, va recalcar, \u201c<strong>\u00e9s molt complicat que et donin una cita de manera r\u00e0pida<\/strong>, ja que s&#8217;han de demanar a primera hora del mat\u00ed perqu\u00e8 s&#8217;acaben de seguida, i a m\u00e9s, poden donar-se en qualsevol Administraci\u00f3 de la comunitat on et trobis, podent ser bastanta lluny del teu domicili\u201d.<\/p>\n<p>Si b\u00e9 \u00e9s cert que si es disposa de certificat digital \u00e9s m\u00e9s senzill comunicar-se amb l&#8217;administraci\u00f3, i que, per tant, tot \u00e9s m\u00e9s r\u00e0pid ara, \u201cen el\u00a0SEPE\u00a0ens trobem que els aut\u00f2noms tenen molta dificultat perqu\u00e8 els donin informaci\u00f3, perqu\u00e8 els diguin com va el seu tr\u00e0mit\u201d.<\/p>\n<p>Antigament, va explicar, hi havia funcionaris que atenien i oferien una ajuda m\u00e9s personalitzada, \u201cper\u00f2 ara aix\u00f2 tendeix a desapar\u00e8ixer, perqu\u00e8 tot \u00e9s telem\u00e0tic i digital. No obstant aix\u00f2, <strong>no tots els aut\u00f2noms i emprenedors tenen els coneixements b\u00e0sics en mat\u00e8ria administrativa<\/strong>\u201d. Sens dubte, va sentenciar, \u201cel\u00a0SEPE\u00a0\u00e9s on m\u00e9s s&#8217;hauria de millorar\u201d.<\/p>\n<\/div>\n<\/div>\n<div class=\"traductor-checkbox form-group\">\n<div class=\"row\">\n<div class=\"col-sm-offset-2 col-sm-5\">\n<div class=\"traductor-textarea form-group\">\n<div class=\"textarea-desti col-xs-12 col-sm-6\">\n<h3 class=\"form-control second-textarea\"><span class=\"ez-toc-section\" id=\"Donar-se_dalta_i_de_baixa_com_a_autonom\"><\/span>Donar-se d&#8217;alta i de baixa com a aut\u00f2nom<span class=\"ez-toc-section-end\"><\/span><\/h3>\n<\/div>\n<\/div>\n<div class=\"traductor-checkbox form-group\">\n<div class=\"row\">\n<div class=\"col-sm-offset-2 col-sm-5\">Els assessors fiscals tenen la possibilitat de realitzar les gestions administratives de forma centralitzada a trav\u00e9s del programa\u00a0CIRCE. No obstant aix\u00f2, els aut\u00f2noms no tenen aquesta possibilitat i, en moltes ocasions, han d&#8217;acudir a diferents Administracions per a realitzar un tr\u00e0mit concret, alguna cosa que dificulta molt la gesti\u00f3 i provoca que es cometin errors.<\/p>\n<p>\u201cAl final, els aut\u00f2noms i les pimes han d&#8217;acudir a assessors, perqu\u00e8 necessiten que se&#8217;ls ofereixi una certa seguretat jur\u00eddica i fiscal. <strong>S\u00f3n molts els passos que cal donar i hi ha molts organismes diferents.<\/strong> Un aut\u00f2nom que no tingui coneixement en aquestes coses el tindr\u00e0 molt complicat. No coneixen els tr\u00e0mits, els passos que cal donar, els terminis o les obligacions, i \u00e9s normal, perqu\u00e8 no tenen per qu\u00e8 saber-ho\u201d, va explicar l&#8217;experta fiscal.<\/p>\n<p>Tramitar l&#8217;alta com a aut\u00f2nom \u00e9s una altra de les dificultats a les quals s&#8217;enfronten els treballadors per compte propi. \u201cSi no es fa a trav\u00e9s d&#8217;un assessor, l&#8217;aut\u00f2nom haur\u00e0 d&#8217;anar a dos organismes diferents per a donar-se d&#8217;alta, o fins i tot a tres en cas de sol\u00b7licitar la capitalitzaci\u00f3 de l&#8217;atur. Una vegada que s&#8217;hagi solucionat aix\u00f2 del pagament \u00fanic, necessites donar-te d&#8217;alta tant en Hisenda com en Seguretat social, la qual cosa suposa <strong>gestionar diferents tr\u00e0mits en dos organismes totalment diferents,<\/strong> cadascun amb les seves circumst\u00e0ncies i els seus passos espec\u00edfics\u201d, va explicar. El mateix succeeix amb els processos de baixa.<\/div>\n<div><\/div>\n<\/div>\n<div>\n<div class=\"traductor-textarea form-group\">\n<div class=\"textarea-desti col-xs-12 col-sm-6\">\n<h3 class=\"form-control second-textarea\"><span class=\"ez-toc-section\" id=\"Rectificacio_derrors_en_declaracions_censals\"><\/span>Rectificaci\u00f3 d&#8217;errors en declaracions censals<span class=\"ez-toc-section-end\"><\/span><\/h3>\n<p>Per a gestionar correctament els tr\u00e0mits amb l&#8217;Administraci\u00f3, va destacar Ortega, \u00e9s necessari tenir uns coneixements m\u00ednims b\u00e0sics, no sols a nivell administratiu, tamb\u00e9 a nivell fiscal. \u201cQuan es comunica un alta com a aut\u00f2nom, un dels documents que <a href=\"https:\/\/www.autonomosyemprendedor.es\/articulo\/guias-de-emprendimiento\/quieres-montar-empresa-atento-modelos-036-037\/20181022194651017947.html\">cal emplenar \u00e9s el model 036<\/a>, i no \u00e9s gens f\u00e0cil fer-ho.<strong> No \u00e9s intu\u00eftiu i necessita uns coneixements t\u00e8cnics<\/strong>, que al final impliquen la necessitat d&#8217;acudir a un assessor fiscal\u201d, va dir.<\/p>\n<p>El fet de no tenir coneixements b\u00e0sics en mat\u00e8ria administrativa pot portar a proporcionar informaci\u00f3 err\u00f2nia. \u201cSi, per exemple, dones d&#8217;alta que tens una obligaci\u00f3 i desconeixes el que implica aquesta obligaci\u00f3, si despr\u00e9s no compleixes amb el teu deure, pot trobar-te en problemes amb l&#8217;Administraci\u00f3\u201d, va sentenciar.<\/p>\n<p>A m\u00e9s, va destacar, avui dia, \u201ccom tot tendeix a digitalitzar-se, l&#8217;Administraci\u00f3 t\u00e9 molta informaci\u00f3 i reclama de seguida. I no \u00e9s f\u00e0cil accedir i fer canvis si hi ha algun error, sobretot en les declaracions censals. Si en una declaraci\u00f3 censal, quan tu et dones l&#8217;alta comets un error o comuniques una cosa incorrecta, <strong>no \u00e9s gens senzill canviar-lo en alguns casos<\/strong>. Perqu\u00e8 has d&#8217;acreditar que aquesta circumst\u00e0ncia no es dona o no les has tingut\u201d.<\/p>\n<p>Per exemple, si un aut\u00f2nom indica que tindr\u00e0 treballadors, ja sigui perqu\u00e8 s&#8217;equivoca o perqu\u00e8 pensi que els tindr\u00e0, \u201cgenera una obligaci\u00f3 que, si no coneixes les implicacions que aix\u00f2 suposa, pots trobar-te amb un problema. \u201cNo \u00e9s f\u00e0cil accedir a l&#8217;Administraci\u00f3 per a fer una variaci\u00f3 de dades per un error en una comunicaci\u00f3. <strong>Et demanen que justifiquis moltes coses<\/strong>\u201d, va matisar.<\/p>\n<p>El mateix ocorre si l&#8217;error l&#8217;ha com\u00e8s l&#8217;Administraci\u00f3. \u201cSi, per exemple, un aut\u00f2nom t\u00e9 un problema de recaptaci\u00f3 perqu\u00e8 li han em\u00e8s malament un rebut, alguna cosa que pot oc\u00f3rrer, no tindr\u00e0 una via senzilla per a resoldre-ho. Segurament haur\u00e0 de rec\u00f3rrer a un assessor per a aix\u00f2\u201d, va destacar Ortega.<\/p>\n<\/div>\n<\/div>\n<div class=\"traductor-checkbox form-group\">\n<div class=\"row\">\n<div class=\"col-sm-offset-2 col-sm-5\">\n<div class=\"textarea-desti col-xs-12 col-sm-6\">\n<h3 class=\"form-control second-textarea\"><span class=\"ez-toc-section\" id=\"Sollicitud_de_prestacions\"><\/span>Sol\u00b7licitud de prestacions<span class=\"ez-toc-section-end\"><\/span><\/h3>\n<\/div>\n<\/div>\n<\/div>\n<\/div>\n<\/div>\n<\/div>\n<\/div>\n<\/div>\n<\/div>\n<\/div>\n<\/div>\n<\/div>\n<div class=\"textarea-desti col-xs-12 col-sm-6\">\n<div>La sol\u00b7licitud de prestacions, malgrat que ha millorat bastant arran de la pand\u00e8mia per\u00a0Covid-10, continua sent un tr\u00e0mit que porta de cap a molts treballadors per compte propi. \u201cAmb la pand\u00e8mia tot es va procurar fer digital i telem\u00e0ticament. En el seu moment ens va enxampar a tots fos de joc, per\u00f2 ja ens hem anat acostumant&#8221;, va assenyalar.<\/p>\n<p>Aix\u00ed i tot, hi ha unes certes coses que, \u201cencara que sigui m\u00e9s f\u00e0cil per tenir el Certificat digital\u201d, en fer-les \u201c<strong>hi ha molts formularis que realment no s\u00f3n intu\u00eftius i s\u00f3n dif\u00edcils d&#8217;emplenar<\/strong>\u201d. Per exemple, va destacar l&#8217;experta, una persona major que no estigui acostumada al digital, \u201cno ho tindr\u00e0 senzill, per la qual cosa haur\u00e0 d&#8217;acudir a un assessor perqu\u00e8 li ho empleni\u201d. Tamb\u00e9 tindr\u00e0 l&#8217;opci\u00f3 de demanar cita, \u201cper\u00f2 tal com est\u00e0 aquest assumpte, no li ser\u00e0 f\u00e0cil tampoc\u201d.<\/div>\n<\/div>\n<div>\n<div class=\"textarea-origen col-xs-12 col-sm-6\">\n<div>\n<div>\n<div><\/div>\n<\/div>\n<\/div>\n<\/div>\n<div class=\"textarea-desti col-xs-12 col-sm-6\">\n<h3 class=\"form-control second-textarea\"><span class=\"ez-toc-section\" id=\"Realitzacio_de_consultes_personalitzades\"><\/span>Realitzaci\u00f3 de consultes personalitzades<span class=\"ez-toc-section-end\"><\/span><\/h3>\n<p>Aquells aut\u00f2noms que busquin assessorament sobre uns certs tr\u00e0mits, com pot ser la <a href=\"https:\/\/www.autonomosyemprendedor.es\/articulo\/actualidad\/graduados-sociales-alertan-colapso-tramitacion-jubilaciones-autonomos\/20230414133548030055.html\" target=\"_blank\" rel=\"noopener\">decisi\u00f3 de jubilar-se enguany<\/a> o esperar uns anys m\u00e9s, necessiten un assessorament personalitzat. No obstant aix\u00f2, segons va explicar Ortega, \u201cl&#8217;Administraci\u00f3 no ho fa\u201d.<\/p>\n<p>\u201cAbans hi havia tel\u00e8fons de consulta, per\u00f2 ara estan molt saturats i, a m\u00e9s, <strong>les consultes no ajuden molt, perqu\u00e8 tenen un nivell molt b\u00e0sic de coneixement<\/strong>. Est\u00e0 molt protocol\u00b7litzat i no et donen un assessorament m\u00e9s ampli per a unes certes gestions que igual s\u00f3n necess\u00e0ries\u201d, va assenyalar.<\/p>\n<p>En general, va afegir, quan els aut\u00f2noms han de realitzar un tr\u00e0mit que \u201cse surt d&#8217;una gesti\u00f3 habitual i normalitzada\u201d, es troben amb bastantes dificultats per a resoldre&#8217;l \u201csi no \u00e9s amb un assessor i els mitjans que aquest t\u00e9\u201d. En el cas dels assessors, va explicar, \u201ctenen uns mitjans de seu electr\u00f2nica via el seu certificat d&#8217;autoritzaci\u00f3 XARXA, amb els quals poden accedir a unes certes coses a les quals un aut\u00f2nom no t\u00e9 acc\u00e9s\u201d.<\/p>\n<div class=\"textarea-desti col-xs-12 col-sm-6\">\n<h2 class=\"form-control second-textarea\"><span class=\"ez-toc-section\" id=\"La_digitalitzacio_obliga_alguns_autonoms_a_recorrer_a_ajuda_externa\"><\/span>La digitalitzaci\u00f3 obliga alguns aut\u00f2noms a rec\u00f3rrer a ajuda externa<span class=\"ez-toc-section-end\"><\/span><\/h2>\n<p>Tal com va assenyalar la presidenta del Col\u00b7legi de Graduats Socials de Madrid (CGSM), Eva Torrecilla, els <strong>tr\u00e0mits amb l&#8217;Administraci\u00f3 \u201cs&#8217;han complicat\u201d<\/strong>, alguna cosa que genera una \u201cgran preocupaci\u00f3\u201d entre el col\u00b7lectiu.<\/p>\n<p>\u201cEls aut\u00f2noms estan obligats per llei a comunicar-se de manera telem\u00e0tica amb l&#8217;Administraci\u00f3. Cal tenir en compte que no tots els aut\u00f2noms tenen signatura digital o han sol\u00b7licitat la clau PIN, i <strong>molts no tenen els coneixements per a realitzar gestions administratives de manera digital<\/strong>\u201d, va explicar Torreta. D&#8217;aquesta manera, quan aquests utilitzaran els sistemes inform\u00e0tics que estableix la Seguretat Social o l&#8217;Ag\u00e8ncia Tribut\u00e0ria \u201ces veuen en aquesta impossibilitat de poder dir els qui s\u00f3n i fer les consultes pertinents, perqu\u00e8<strong> les oficines pr\u00e0cticament estan tancades per a les gestions di\u00e0ries<\/strong> de tr\u00e0mits com a sol\u00b7licituds de prestacions o consultes\u201d, va afegir.<\/p>\n<p>Com a col\u00b7lectiu, va denunciar la presidenta del Col\u00b7legi de Graduats Socials de Madrid (CGSM), estan \u201cbastant preocupats\u201d per la quantitat d&#8217;informaci\u00f3 i de gesti\u00f3 que ha de realitzar-se amb els mitjans dels quals actualment es disposa. \u201cDes de la pr\u00f2pia Administraci\u00f3 haurien de parlar entre ells <strong>perqu\u00e8 no fos necessari, per exemple, el fet que <a href=\"https:\/\/www.autonomosyemprendedor.es\/articulo\/actualidad\/seguridad-social-obligando-autonomos-comunicar-datos-que-tendria-acceso-graduados-sociales\/20230517133044030506.html\">hagin de rec\u00f3rrer als propis aut\u00f2noms per a tenir unes certes dades<\/a>\u201d<\/strong>, va explicar Eva\u00a0Torrecilla, qui va destacar \u201cla poca ajuda que s&#8217;est\u00e0 rebent\u201d.<\/p>\n<p>La visi\u00f3 \u00e9s similar per part de la portaveu de l&#8217;Associaci\u00f3 Espanyola d&#8217;Assessors Fiscals i Gestors Tributaris (ASEFIGET), Mar\u00eda Dolores Ortega, qui va explicar a aquest diari que, encara que la digitalitzaci\u00f3 suposa moltes facilitats, requereix una s\u00e8rie de coneixements, sobretot per a determinats tr\u00e0mits amb Hisenda i Seguretat Social.<\/p>\n<p>\u201cAl meu entendre, \u00e9s una mica temerari realitzar una s\u00e8rie de comunicacions amb l&#8217;Administraci\u00f3 sense previ assessorament amb un professional, perqu\u00e8 pot arribar a ser complicat. <strong>Hi ha molta inseguretat a l&#8217;hora de realitzar tr\u00e0mits<\/strong>, i \u00e9s necessari que alg\u00fa ho simplifiqui i expliqui tots els tr\u00e0mits necessaris. Un error a l&#8217;hora de presentar algun tr\u00e0mit davant l&#8217;Administraci\u00f3 pot comportar sancions econ\u00f2miques\u201d, va denunciar.<\/p>\n<h2><span class=\"ez-toc-section\" id=\"Realitzar_determinats_tramits_%E2%80%9Cper_lliure%E2%80%9D_sol_ser_mes_complex\"><\/span>Realitzar determinats tr\u00e0mits \u201cper lliure\u201d sol ser m\u00e9s complex<span class=\"ez-toc-section-end\"><\/span><\/h2>\n<p>Encara que, segons va explicar Eva\u00a0Torrecilla, alguns portals web de l&#8217;Administraci\u00f3 han canviat, aix\u00f2 no significa \u201cque a la persona que no sap com funciona li pugui resultar complex, <strong>ja que no sap qu\u00e8 ha de declarar o com ho ha de fer<\/strong>\u201d. A vegades, va afegir, s&#8217;obren desplegables informatius que intenten resoldre a determinades preguntes. No obstant aix\u00f2, en tractar-se d&#8217;Intel\u00b7lig\u00e8ncia Artificial, en moltes ocasions continua sent necess\u00e0ria la intervenci\u00f3 d&#8217;un expert en la mat\u00e8ria.<\/p>\n<p>\u201cEn el nostre cas, tenim una eina espec\u00edfica, anomenada\u00a0Casia, amb la qual podem comunicar-nos telem\u00e0ticament amb l&#8217;Administraci\u00f3, a costa de que ens responguin, sense saber quan o com. <strong>Aquest tipus d&#8217;eines no les t\u00e9 l&#8217;aut\u00f2nom<\/strong>, per la qual cosa ells \u00fanicament es troben amb una plataforma en la qual han de respondre a uns formularis i ja est\u00e0\u201d.<\/p>\n<p>Els assessors fiscals, per exemple, tenen la possibilitat de realitzar determinats tr\u00e0mits mitjan\u00e7ant el\u00a0CIRCE, la qual cosa, segons va explicar Mar\u00eda Dolores Ortega, se semblaria al que antigament es coneixia com a finestretes \u00faniques. \u201cNosaltres podem centralitzar-ho tot, i totes les gestions que necessita fer un aut\u00f2nom en diversos passos, <strong>nosaltres podem fer-lo tot alhora<\/strong>\u201d. A m\u00e9s, va explicar, en alguns casos hi ha determinades bonificacions. \u201cSi, per exemple, es constituir\u00e0 un Societat Limitada, conv\u00e9 realitzar-ho a trav\u00e9s del\u00a0CIRCE, perqu\u00e8 hi ha bonificaci\u00f3 en les taxes, tant en el Registre Mercantil com notarialment. <strong>El problema \u00e9s que els aut\u00f2noms no tenen acc\u00e9s a aquesta mena de programes<\/strong>\u201d, va assenyalar l&#8217;experta fiscal.<\/p>\n<p>&nbsp;<\/p>\n<\/div>\n<p>Si vols consultar m\u00e9s not\u00edcies: <a href=\"https:\/\/www.ariasassessors.com\/ca\/actualitat\/\">www.ariasassessors.com\/ca\/actualitat\/<\/a><\/p>\n<p>Not\u00edcia extreta de: <a href=\"https:\/\/www.autonomosyemprendedor.es\/articulo\/tu-negocio\/son-tramites-imposibles-gestionar-autonomos-webs-hacienda-seguridad-social\/20230615153816030955.html\">www.autonomosyemprendedor.es\/articulo\/tu-negocio\/<\/a><\/p>\n<\/div>\n<\/div>\n","protected":false},"excerpt":{"rendered":"<p>Aquests s\u00f3n els tr\u00e0mits impossibles de gestionar per als aut\u00f2noms en les webs d&#8217;Hisenda i Seguretat Social La digitalitzaci\u00f3 obliga els aut\u00f2noms a tenir uns coneixements m\u00ednims per a poder gestionar els tr\u00e0mits administratius. No obstant aix\u00f2, la falta d&#8217;assessorament i l&#8217;escassetat de cites fan&#8230;<\/p>\n","protected":false},"author":2,"featured_media":2573,"comment_status":"open","ping_status":"open","sticky":false,"template":"","format":"standard","meta":{"footnotes":""},"categories":[4],"tags":[],"class_list":["post-2577","post","type-post","status-publish","format-standard","has-post-thumbnail","hentry","category-noticies"],"yoast_head":"<!-- This site is optimized with the Yoast SEO plugin v24.3 - https:\/\/yoast.com\/wordpress\/plugins\/seo\/ -->\n<title>Tr\u00e0mits impossibles per a aut\u00f2noms en les webs d&#039;Hisenda<\/title>\n<meta name=\"description\" content=\"Coneix quals s\u00f3n els tr\u00e0mits impossibles de gestionar per als aut\u00f2noms en les webs d&#039;Hisenda i Seguretat Social - Arias Assessors\" \/>\n<meta name=\"robots\" content=\"index, follow, max-snippet:-1, max-image-preview:large, max-video-preview:-1\" \/>\n<link rel=\"canonical\" href=\"https:\/\/www.ariasassessors.com\/ca\/tramits-impossibles-per-a-autonoms-en-les-webs-hisenda\/\" \/>\n<meta property=\"og:locale\" content=\"ca_ES\" \/>\n<meta property=\"og:type\" content=\"article\" \/>\n<meta property=\"og:title\" content=\"Tr\u00e0mits impossibles per a aut\u00f2noms en les webs d&#039;Hisenda\" \/>\n<meta property=\"og:description\" content=\"Coneix quals s\u00f3n els tr\u00e0mits impossibles de gestionar per als aut\u00f2noms en les webs d&#039;Hisenda i Seguretat Social - Arias Assessors\" \/>\n<meta property=\"og:url\" content=\"https:\/\/www.ariasassessors.com\/ca\/tramits-impossibles-per-a-autonoms-en-les-webs-hisenda\/\" \/>\n<meta property=\"og:site_name\" content=\"Arias Assessors\" \/>\n<meta property=\"article:publisher\" content=\"https:\/\/www.facebook.com\/ariasassessors\/\" \/>\n<meta property=\"article:published_time\" content=\"2023-06-20T14:31:28+00:00\" \/>\n<meta property=\"og:image\" content=\"https:\/\/www.ariasassessors.com\/wp-content\/uploads\/2023\/06\/Arias_Blog_IMAGEN_DESTACADA-28.png\" \/>\n\t<meta property=\"og:image:width\" content=\"1920\" \/>\n\t<meta property=\"og:image:height\" content=\"1202\" \/>\n\t<meta property=\"og:image:type\" content=\"image\/png\" \/>\n<meta name=\"author\" content=\"btorras\" \/>\n<meta name=\"twitter:card\" content=\"summary_large_image\" \/>\n<meta name=\"twitter:creator\" content=\"@ariasassessors\" \/>\n<meta name=\"twitter:site\" content=\"@ariasassessors\" \/>\n<meta name=\"twitter:label1\" content=\"Escrit per\" \/>\n\t<meta name=\"twitter:data1\" content=\"btorras\" \/>\n\t<meta name=\"twitter:label2\" content=\"Temps estimat de lectura\" \/>\n\t<meta name=\"twitter:data2\" content=\"10 minuts\" \/>\n<script type=\"application\/ld+json\" class=\"yoast-schema-graph\">{\"@context\":\"https:\/\/schema.org\",\"@graph\":[{\"@type\":\"Article\",\"@id\":\"https:\/\/www.ariasassessors.com\/ca\/tramits-impossibles-per-a-autonoms-en-les-webs-hisenda\/#article\",\"isPartOf\":{\"@id\":\"https:\/\/www.ariasassessors.com\/ca\/tramits-impossibles-per-a-autonoms-en-les-webs-hisenda\/\"},\"author\":{\"name\":\"btorras\",\"@id\":\"https:\/\/www.ariasassessors.com\/#\/schema\/person\/63c6ad1775f0a9413c37932562673cef\"},\"headline\":\"Aquests s\u00f3n els tr\u00e0mits impossibles de gestionar per als aut\u00f2noms en les webs d&#8217;Hisenda i Seguretat Social\",\"datePublished\":\"2023-06-20T14:31:28+00:00\",\"dateModified\":\"2023-06-20T14:31:28+00:00\",\"mainEntityOfPage\":{\"@id\":\"https:\/\/www.ariasassessors.com\/ca\/tramits-impossibles-per-a-autonoms-en-les-webs-hisenda\/\"},\"wordCount\":2205,\"commentCount\":0,\"publisher\":{\"@id\":\"https:\/\/www.ariasassessors.com\/#organization\"},\"image\":{\"@id\":\"https:\/\/www.ariasassessors.com\/ca\/tramits-impossibles-per-a-autonoms-en-les-webs-hisenda\/#primaryimage\"},\"thumbnailUrl\":\"https:\/\/www.ariasassessors.com\/wp-content\/uploads\/2023\/06\/Arias_Blog_IMAGEN_DESTACADA-28.png\",\"articleSection\":[\"noticies\"],\"inLanguage\":\"ca\",\"potentialAction\":[{\"@type\":\"CommentAction\",\"name\":\"Comment\",\"target\":[\"https:\/\/www.ariasassessors.com\/ca\/tramits-impossibles-per-a-autonoms-en-les-webs-hisenda\/#respond\"]}]},{\"@type\":\"WebPage\",\"@id\":\"https:\/\/www.ariasassessors.com\/ca\/tramits-impossibles-per-a-autonoms-en-les-webs-hisenda\/\",\"url\":\"https:\/\/www.ariasassessors.com\/ca\/tramits-impossibles-per-a-autonoms-en-les-webs-hisenda\/\",\"name\":\"Tr\u00e0mits impossibles per a aut\u00f2noms en les webs d'Hisenda\",\"isPartOf\":{\"@id\":\"https:\/\/www.ariasassessors.com\/#website\"},\"primaryImageOfPage\":{\"@id\":\"https:\/\/www.ariasassessors.com\/ca\/tramits-impossibles-per-a-autonoms-en-les-webs-hisenda\/#primaryimage\"},\"image\":{\"@id\":\"https:\/\/www.ariasassessors.com\/ca\/tramits-impossibles-per-a-autonoms-en-les-webs-hisenda\/#primaryimage\"},\"thumbnailUrl\":\"https:\/\/www.ariasassessors.com\/wp-content\/uploads\/2023\/06\/Arias_Blog_IMAGEN_DESTACADA-28.png\",\"datePublished\":\"2023-06-20T14:31:28+00:00\",\"dateModified\":\"2023-06-20T14:31:28+00:00\",\"description\":\"Coneix quals s\u00f3n els tr\u00e0mits impossibles de gestionar per als aut\u00f2noms en les webs d'Hisenda i Seguretat Social - Arias Assessors\",\"breadcrumb\":{\"@id\":\"https:\/\/www.ariasassessors.com\/ca\/tramits-impossibles-per-a-autonoms-en-les-webs-hisenda\/#breadcrumb\"},\"inLanguage\":\"ca\",\"potentialAction\":[{\"@type\":\"ReadAction\",\"target\":[\"https:\/\/www.ariasassessors.com\/ca\/tramits-impossibles-per-a-autonoms-en-les-webs-hisenda\/\"]}]},{\"@type\":\"ImageObject\",\"inLanguage\":\"ca\",\"@id\":\"https:\/\/www.ariasassessors.com\/ca\/tramits-impossibles-per-a-autonoms-en-les-webs-hisenda\/#primaryimage\",\"url\":\"https:\/\/www.ariasassessors.com\/wp-content\/uploads\/2023\/06\/Arias_Blog_IMAGEN_DESTACADA-28.png\",\"contentUrl\":\"https:\/\/www.ariasassessors.com\/wp-content\/uploads\/2023\/06\/Arias_Blog_IMAGEN_DESTACADA-28.png\",\"width\":1920,\"height\":1202,\"caption\":\"tr\u00e0mits\"},{\"@type\":\"BreadcrumbList\",\"@id\":\"https:\/\/www.ariasassessors.com\/ca\/tramits-impossibles-per-a-autonoms-en-les-webs-hisenda\/#breadcrumb\",\"itemListElement\":[{\"@type\":\"ListItem\",\"position\":1,\"name\":\"Portada\",\"item\":\"https:\/\/www.ariasassessors.com\/ca\/\"},{\"@type\":\"ListItem\",\"position\":2,\"name\":\"Aquests s\u00f3n els tr\u00e0mits impossibles de gestionar per als aut\u00f2noms en les webs d&#8217;Hisenda i Seguretat Social\"}]},{\"@type\":\"WebSite\",\"@id\":\"https:\/\/www.ariasassessors.com\/#website\",\"url\":\"https:\/\/www.ariasassessors.com\/\",\"name\":\"Arias Assessors\",\"description\":\"Asesor\u00eda para aut\u00f3nomos, profesionales y PYMES\",\"publisher\":{\"@id\":\"https:\/\/www.ariasassessors.com\/#organization\"},\"potentialAction\":[{\"@type\":\"SearchAction\",\"target\":{\"@type\":\"EntryPoint\",\"urlTemplate\":\"https:\/\/www.ariasassessors.com\/?s={search_term_string}\"},\"query-input\":{\"@type\":\"PropertyValueSpecification\",\"valueRequired\":true,\"valueName\":\"search_term_string\"}}],\"inLanguage\":\"ca\"},{\"@type\":\"Organization\",\"@id\":\"https:\/\/www.ariasassessors.com\/#organization\",\"name\":\"Arias Assessors\",\"url\":\"https:\/\/www.ariasassessors.com\/\",\"logo\":{\"@type\":\"ImageObject\",\"inLanguage\":\"ca\",\"@id\":\"https:\/\/www.ariasassessors.com\/#\/schema\/logo\/image\/\",\"url\":\"https:\/\/www.ariasassessors.com\/wp-content\/uploads\/2019\/01\/arias-logo.png\",\"contentUrl\":\"https:\/\/www.ariasassessors.com\/wp-content\/uploads\/2019\/01\/arias-logo.png\",\"width\":349,\"height\":254,\"caption\":\"Arias Assessors\"},\"image\":{\"@id\":\"https:\/\/www.ariasassessors.com\/#\/schema\/logo\/image\/\"},\"sameAs\":[\"https:\/\/www.facebook.com\/ariasassessors\/\",\"https:\/\/x.com\/ariasassessors\",\"https:\/\/www.linkedin.com\/company\/r&amp;amp;r-growing-knowledge\/\"]},{\"@type\":\"Person\",\"@id\":\"https:\/\/www.ariasassessors.com\/#\/schema\/person\/63c6ad1775f0a9413c37932562673cef\",\"name\":\"btorras\",\"image\":{\"@type\":\"ImageObject\",\"inLanguage\":\"ca\",\"@id\":\"https:\/\/www.ariasassessors.com\/#\/schema\/person\/image\/\",\"url\":\"https:\/\/secure.gravatar.com\/avatar\/0531db351fc361fdbfd204c58fa2d6a3?s=96&d=mm&r=g\",\"contentUrl\":\"https:\/\/secure.gravatar.com\/avatar\/0531db351fc361fdbfd204c58fa2d6a3?s=96&d=mm&r=g\",\"caption\":\"btorras\"}}]}<\/script>\n<!-- \/ Yoast SEO plugin. -->","yoast_head_json":{"title":"Tr\u00e0mits impossibles per a aut\u00f2noms en les webs d'Hisenda","description":"Coneix quals s\u00f3n els tr\u00e0mits impossibles de gestionar per als aut\u00f2noms en les webs d'Hisenda i Seguretat Social - Arias Assessors","robots":{"index":"index","follow":"follow","max-snippet":"max-snippet:-1","max-image-preview":"max-image-preview:large","max-video-preview":"max-video-preview:-1"},"canonical":"https:\/\/www.ariasassessors.com\/ca\/tramits-impossibles-per-a-autonoms-en-les-webs-hisenda\/","og_locale":"ca_ES","og_type":"article","og_title":"Tr\u00e0mits impossibles per a aut\u00f2noms en les webs d'Hisenda","og_description":"Coneix quals s\u00f3n els tr\u00e0mits impossibles de gestionar per als aut\u00f2noms en les webs d'Hisenda i Seguretat Social - Arias Assessors","og_url":"https:\/\/www.ariasassessors.com\/ca\/tramits-impossibles-per-a-autonoms-en-les-webs-hisenda\/","og_site_name":"Arias Assessors","article_publisher":"https:\/\/www.facebook.com\/ariasassessors\/","article_published_time":"2023-06-20T14:31:28+00:00","og_image":[{"width":1920,"height":1202,"url":"https:\/\/www.ariasassessors.com\/wp-content\/uploads\/2023\/06\/Arias_Blog_IMAGEN_DESTACADA-28.png","type":"image\/png"}],"author":"btorras","twitter_card":"summary_large_image","twitter_creator":"@ariasassessors","twitter_site":"@ariasassessors","twitter_misc":{"Escrit per":"btorras","Temps estimat de lectura":"10 minuts"},"schema":{"@context":"https:\/\/schema.org","@graph":[{"@type":"Article","@id":"https:\/\/www.ariasassessors.com\/ca\/tramits-impossibles-per-a-autonoms-en-les-webs-hisenda\/#article","isPartOf":{"@id":"https:\/\/www.ariasassessors.com\/ca\/tramits-impossibles-per-a-autonoms-en-les-webs-hisenda\/"},"author":{"name":"btorras","@id":"https:\/\/www.ariasassessors.com\/#\/schema\/person\/63c6ad1775f0a9413c37932562673cef"},"headline":"Aquests s\u00f3n els tr\u00e0mits impossibles de gestionar per als aut\u00f2noms en les webs d&#8217;Hisenda i Seguretat Social","datePublished":"2023-06-20T14:31:28+00:00","dateModified":"2023-06-20T14:31:28+00:00","mainEntityOfPage":{"@id":"https:\/\/www.ariasassessors.com\/ca\/tramits-impossibles-per-a-autonoms-en-les-webs-hisenda\/"},"wordCount":2205,"commentCount":0,"publisher":{"@id":"https:\/\/www.ariasassessors.com\/#organization"},"image":{"@id":"https:\/\/www.ariasassessors.com\/ca\/tramits-impossibles-per-a-autonoms-en-les-webs-hisenda\/#primaryimage"},"thumbnailUrl":"https:\/\/www.ariasassessors.com\/wp-content\/uploads\/2023\/06\/Arias_Blog_IMAGEN_DESTACADA-28.png","articleSection":["noticies"],"inLanguage":"ca","potentialAction":[{"@type":"CommentAction","name":"Comment","target":["https:\/\/www.ariasassessors.com\/ca\/tramits-impossibles-per-a-autonoms-en-les-webs-hisenda\/#respond"]}]},{"@type":"WebPage","@id":"https:\/\/www.ariasassessors.com\/ca\/tramits-impossibles-per-a-autonoms-en-les-webs-hisenda\/","url":"https:\/\/www.ariasassessors.com\/ca\/tramits-impossibles-per-a-autonoms-en-les-webs-hisenda\/","name":"Tr\u00e0mits impossibles per a aut\u00f2noms en les webs d'Hisenda","isPartOf":{"@id":"https:\/\/www.ariasassessors.com\/#website"},"primaryImageOfPage":{"@id":"https:\/\/www.ariasassessors.com\/ca\/tramits-impossibles-per-a-autonoms-en-les-webs-hisenda\/#primaryimage"},"image":{"@id":"https:\/\/www.ariasassessors.com\/ca\/tramits-impossibles-per-a-autonoms-en-les-webs-hisenda\/#primaryimage"},"thumbnailUrl":"https:\/\/www.ariasassessors.com\/wp-content\/uploads\/2023\/06\/Arias_Blog_IMAGEN_DESTACADA-28.png","datePublished":"2023-06-20T14:31:28+00:00","dateModified":"2023-06-20T14:31:28+00:00","description":"Coneix quals s\u00f3n els tr\u00e0mits impossibles de gestionar per als aut\u00f2noms en les webs d'Hisenda i Seguretat Social - Arias Assessors","breadcrumb":{"@id":"https:\/\/www.ariasassessors.com\/ca\/tramits-impossibles-per-a-autonoms-en-les-webs-hisenda\/#breadcrumb"},"inLanguage":"ca","potentialAction":[{"@type":"ReadAction","target":["https:\/\/www.ariasassessors.com\/ca\/tramits-impossibles-per-a-autonoms-en-les-webs-hisenda\/"]}]},{"@type":"ImageObject","inLanguage":"ca","@id":"https:\/\/www.ariasassessors.com\/ca\/tramits-impossibles-per-a-autonoms-en-les-webs-hisenda\/#primaryimage","url":"https:\/\/www.ariasassessors.com\/wp-content\/uploads\/2023\/06\/Arias_Blog_IMAGEN_DESTACADA-28.png","contentUrl":"https:\/\/www.ariasassessors.com\/wp-content\/uploads\/2023\/06\/Arias_Blog_IMAGEN_DESTACADA-28.png","width":1920,"height":1202,"caption":"tr\u00e0mits"},{"@type":"BreadcrumbList","@id":"https:\/\/www.ariasassessors.com\/ca\/tramits-impossibles-per-a-autonoms-en-les-webs-hisenda\/#breadcrumb","itemListElement":[{"@type":"ListItem","position":1,"name":"Portada","item":"https:\/\/www.ariasassessors.com\/ca\/"},{"@type":"ListItem","position":2,"name":"Aquests s\u00f3n els tr\u00e0mits impossibles de gestionar per als aut\u00f2noms en les webs d&#8217;Hisenda i Seguretat Social"}]},{"@type":"WebSite","@id":"https:\/\/www.ariasassessors.com\/#website","url":"https:\/\/www.ariasassessors.com\/","name":"Arias Assessors","description":"Asesor\u00eda para aut\u00f3nomos, profesionales y PYMES","publisher":{"@id":"https:\/\/www.ariasassessors.com\/#organization"},"potentialAction":[{"@type":"SearchAction","target":{"@type":"EntryPoint","urlTemplate":"https:\/\/www.ariasassessors.com\/?s={search_term_string}"},"query-input":{"@type":"PropertyValueSpecification","valueRequired":true,"valueName":"search_term_string"}}],"inLanguage":"ca"},{"@type":"Organization","@id":"https:\/\/www.ariasassessors.com\/#organization","name":"Arias Assessors","url":"https:\/\/www.ariasassessors.com\/","logo":{"@type":"ImageObject","inLanguage":"ca","@id":"https:\/\/www.ariasassessors.com\/#\/schema\/logo\/image\/","url":"https:\/\/www.ariasassessors.com\/wp-content\/uploads\/2019\/01\/arias-logo.png","contentUrl":"https:\/\/www.ariasassessors.com\/wp-content\/uploads\/2019\/01\/arias-logo.png","width":349,"height":254,"caption":"Arias Assessors"},"image":{"@id":"https:\/\/www.ariasassessors.com\/#\/schema\/logo\/image\/"},"sameAs":["https:\/\/www.facebook.com\/ariasassessors\/","https:\/\/x.com\/ariasassessors","https:\/\/www.linkedin.com\/company\/r&amp;amp;r-growing-knowledge\/"]},{"@type":"Person","@id":"https:\/\/www.ariasassessors.com\/#\/schema\/person\/63c6ad1775f0a9413c37932562673cef","name":"btorras","image":{"@type":"ImageObject","inLanguage":"ca","@id":"https:\/\/www.ariasassessors.com\/#\/schema\/person\/image\/","url":"https:\/\/secure.gravatar.com\/avatar\/0531db351fc361fdbfd204c58fa2d6a3?s=96&d=mm&r=g","contentUrl":"https:\/\/secure.gravatar.com\/avatar\/0531db351fc361fdbfd204c58fa2d6a3?s=96&d=mm&r=g","caption":"btorras"}}]}},"_links":{"self":[{"href":"https:\/\/www.ariasassessors.com\/ca\/wp-json\/wp\/v2\/posts\/2577","targetHints":{"allow":["GET"]}}],"collection":[{"href":"https:\/\/www.ariasassessors.com\/ca\/wp-json\/wp\/v2\/posts"}],"about":[{"href":"https:\/\/www.ariasassessors.com\/ca\/wp-json\/wp\/v2\/types\/post"}],"author":[{"embeddable":true,"href":"https:\/\/www.ariasassessors.com\/ca\/wp-json\/wp\/v2\/users\/2"}],"replies":[{"embeddable":true,"href":"https:\/\/www.ariasassessors.com\/ca\/wp-json\/wp\/v2\/comments?post=2577"}],"version-history":[{"count":1,"href":"https:\/\/www.ariasassessors.com\/ca\/wp-json\/wp\/v2\/posts\/2577\/revisions"}],"predecessor-version":[{"id":2578,"href":"https:\/\/www.ariasassessors.com\/ca\/wp-json\/wp\/v2\/posts\/2577\/revisions\/2578"}],"wp:featuredmedia":[{"embeddable":true,"href":"https:\/\/www.ariasassessors.com\/ca\/wp-json\/wp\/v2\/media\/2573"}],"wp:attachment":[{"href":"https:\/\/www.ariasassessors.com\/ca\/wp-json\/wp\/v2\/media?parent=2577"}],"wp:term":[{"taxonomy":"category","embeddable":true,"href":"https:\/\/www.ariasassessors.com\/ca\/wp-json\/wp\/v2\/categories?post=2577"},{"taxonomy":"post_tag","embeddable":true,"href":"https:\/\/www.ariasassessors.com\/ca\/wp-json\/wp\/v2\/tags?post=2577"}],"curies":[{"name":"wp","href":"https:\/\/api.w.org\/{rel}","templated":true}]}}