{"id":2620,"date":"2023-06-27T14:59:07","date_gmt":"2023-06-27T12:59:07","guid":{"rendered":"https:\/\/www.ariasassessors.com\/?p=2620"},"modified":"2023-06-28T11:30:26","modified_gmt":"2023-06-28T09:30:26","slug":"circumstancies-pot-perdre-un-autonom-la-tarifa-plana","status":"publish","type":"post","link":"https:\/\/www.ariasassessors.com\/ca\/circumstancies-pot-perdre-un-autonom-la-tarifa-plana\/","title":{"rendered":"En quines circumst\u00e0ncies pot perdre un aut\u00f2nom la Tarifa Plana durant l&#8217;inici de la seva activitat?"},"content":{"rendered":"<div id=\"ez-toc-container\" class=\"ez-toc-v2_0_72 counter-hierarchy ez-toc-counter ez-toc-grey ez-toc-container-direction\">\n<div class=\"ez-toc-title-container\">\n<p class=\"ez-toc-title\" style=\"cursor:inherit\">\u00cdndice de Contenidos<\/p>\n<span class=\"ez-toc-title-toggle\"><a href=\"#\" class=\"ez-toc-pull-right ez-toc-btn ez-toc-btn-xs ez-toc-btn-default ez-toc-toggle\" aria-label=\"Toggle Table of Content\"><span class=\"ez-toc-js-icon-con\"><span class=\"\"><span class=\"eztoc-hide\" style=\"display:none;\">Toggle<\/span><span class=\"ez-toc-icon-toggle-span\"><svg style=\"fill: #428bca;color:#428bca\" xmlns=\"http:\/\/www.w3.org\/2000\/svg\" class=\"list-377408\" width=\"20px\" height=\"20px\" viewBox=\"0 0 24 24\" fill=\"none\"><path d=\"M6 6H4v2h2V6zm14 0H8v2h12V6zM4 11h2v2H4v-2zm16 0H8v2h12v-2zM4 16h2v2H4v-2zm16 0H8v2h12v-2z\" fill=\"currentColor\"><\/path><\/svg><svg style=\"fill: #428bca;color:#428bca\" class=\"arrow-unsorted-368013\" xmlns=\"http:\/\/www.w3.org\/2000\/svg\" width=\"10px\" height=\"10px\" viewBox=\"0 0 24 24\" version=\"1.2\" baseProfile=\"tiny\"><path d=\"M18.2 9.3l-6.2-6.3-6.2 6.3c-.2.2-.3.4-.3.7s.1.5.3.7c.2.2.4.3.7.3h11c.3 0 .5-.1.7-.3.2-.2.3-.5.3-.7s-.1-.5-.3-.7zM5.8 14.7l6.2 6.3 6.2-6.3c.2-.2.3-.5.3-.7s-.1-.5-.3-.7c-.2-.2-.4-.3-.7-.3h-11c-.3 0-.5.1-.7.3-.2.2-.3.5-.3.7s.1.5.3.7z\"\/><\/svg><\/span><\/span><\/span><\/a><\/span><\/div>\n<nav><ul class='ez-toc-list ez-toc-list-level-1 eztoc-toggle-hide-by-default' ><li class='ez-toc-page-1 ez-toc-heading-level-1'><a class=\"ez-toc-link ez-toc-heading-1\" href=\"https:\/\/www.ariasassessors.com\/ca\/circumstancies-pot-perdre-un-autonom-la-tarifa-plana\/#En_quines_circumstancies_pot_un_autonom_perdre_la_Tarifa_Plana_durant_linici_de_la_seva_activitat\" title=\"En quines circumst\u00e0ncies pot un aut\u00f2nom perdre la Tarifa Plana durant l&#8217;inici de la seva activitat?\">En quines circumst\u00e0ncies pot un aut\u00f2nom perdre la Tarifa Plana durant l&#8217;inici de la seva activitat?<\/a><ul class='ez-toc-list-level-2' ><li class='ez-toc-heading-level-2'><a class=\"ez-toc-link ez-toc-heading-2\" href=\"https:\/\/www.ariasassessors.com\/ca\/circumstancies-pot-perdre-un-autonom-la-tarifa-plana\/#Els_autonoms_en_Tarifa_Plana_que_es_donin_de_baixa_no_podran_recuperar-la_fins_que_hagin_passat_tres_anys\" title=\"Els aut\u00f2noms en Tarifa Plana que es donin de baixa no podran recuperar-la fins que hagin passat tres anys.\">Els aut\u00f2noms en Tarifa Plana que es donin de baixa no podran recuperar-la fins que hagin passat tres anys.<\/a><\/li><li class='ez-toc-page-1 ez-toc-heading-level-2'><a class=\"ez-toc-link ez-toc-heading-3\" href=\"https:\/\/www.ariasassessors.com\/ca\/circumstancies-pot-perdre-un-autonom-la-tarifa-plana\/#Els_autonoms_amb_ingressos_superiors_al_SMI_tambe_perdran_la_Tarifa_Plana\" title=\"Els aut\u00f2noms amb ingressos superiors al SMI tamb\u00e9 perdran la Tarifa Plana.\">Els aut\u00f2noms amb ingressos superiors al SMI tamb\u00e9 perdran la Tarifa Plana.<\/a><\/li><li class='ez-toc-page-1 ez-toc-heading-level-2'><a class=\"ez-toc-link ez-toc-heading-4\" href=\"https:\/\/www.ariasassessors.com\/ca\/circumstancies-pot-perdre-un-autonom-la-tarifa-plana\/#Pot_perdre_un_autonom_la_Tarifa_Plana_si_esta_malalt\" title=\"Pot perdre un aut\u00f2nom la Tarifa Plana si est\u00e0 malalt?\">Pot perdre un aut\u00f2nom la Tarifa Plana si est\u00e0 malalt?<\/a><\/li><li class='ez-toc-page-1 ez-toc-heading-level-2'><a class=\"ez-toc-link ez-toc-heading-5\" href=\"https:\/\/www.ariasassessors.com\/ca\/circumstancies-pot-perdre-un-autonom-la-tarifa-plana\/#Pot_perdre_un_autonom_la_Tarifa_Plana_si_esta_malalt-2\" title=\"Pot perdre un aut\u00f2nom la Tarifa Plana si est\u00e0 malalt?\">Pot perdre un aut\u00f2nom la Tarifa Plana si est\u00e0 malalt?<\/a><\/li><li class='ez-toc-page-1 ez-toc-heading-level-2'><a class=\"ez-toc-link ez-toc-heading-6\" href=\"https:\/\/www.ariasassessors.com\/ca\/circumstancies-pot-perdre-un-autonom-la-tarifa-plana\/#Quant_pagaran_els_autonoms_de_quota_minima_a_la_Seguretat_Social_en_els_dos_propers_anys\" title=\"Quant pagaran els aut\u00f2noms de quota m\u00ednima a la Seguretat Social en els dos propers anys?\">Quant pagaran els aut\u00f2noms de quota m\u00ednima a la Seguretat Social en els dos propers anys?<\/a><\/li><li class='ez-toc-page-1 ez-toc-heading-level-2'><a class=\"ez-toc-link ez-toc-heading-7\" href=\"https:\/\/www.ariasassessors.com\/ca\/circumstancies-pot-perdre-un-autonom-la-tarifa-plana\/#I_quina_sera_la_quota_de_la_base_minima_mes_alta_el_2024_i_el_2025\" title=\"I quina ser\u00e0 la quota de la base m\u00ednima m\u00e9s alta el 2024 i el 2025?\">I quina ser\u00e0 la quota de la base m\u00ednima m\u00e9s alta el 2024 i el 2025?<\/a><\/li><li class='ez-toc-page-1 ez-toc-heading-level-2'><a class=\"ez-toc-link ez-toc-heading-8\" href=\"https:\/\/www.ariasassessors.com\/ca\/circumstancies-pot-perdre-un-autonom-la-tarifa-plana\/#Quina_sera_la_quota_de_cotitzacio_dun_autonom_societari_el_2024_i_el_2025\" title=\"Quina ser\u00e0 la quota de cotitzaci\u00f3 d&#8217;un aut\u00f2nom societari el 2024 i el 2025?\">Quina ser\u00e0 la quota de cotitzaci\u00f3 d&#8217;un aut\u00f2nom societari el 2024 i el 2025?<\/a><\/li><li class='ez-toc-page-1 ez-toc-heading-level-2'><a class=\"ez-toc-link ez-toc-heading-9\" href=\"https:\/\/www.ariasassessors.com\/ca\/circumstancies-pot-perdre-un-autonom-la-tarifa-plana\/#Els_autonoms_collaboradors_tambe_tindran_una_base_minima_de_cotitzacio_de_1000_euros_al_mes\" title=\"Els aut\u00f2noms col\u00b7laboradors tamb\u00e9 tindran una base m\u00ednima de cotitzaci\u00f3 de 1.000 euros al mes.\">Els aut\u00f2noms col\u00b7laboradors tamb\u00e9 tindran una base m\u00ednima de cotitzaci\u00f3 de 1.000 euros al mes.<\/a><\/li><li class='ez-toc-page-1 ez-toc-heading-level-2'><a class=\"ez-toc-link ez-toc-heading-10\" href=\"https:\/\/www.ariasassessors.com\/ca\/circumstancies-pot-perdre-un-autonom-la-tarifa-plana\/#Aquest_es_el_periode_maxim_durant_el_qual_un_autonom_pot_gaudir_de_la_prestacio_per_incapacitat_temporal\" title=\"Aquest \u00e9s el per\u00edode m\u00e0xim durant el qual un aut\u00f2nom pot gaudir de la prestaci\u00f3 per incapacitat temporal.\">Aquest \u00e9s el per\u00edode m\u00e0xim durant el qual un aut\u00f2nom pot gaudir de la prestaci\u00f3 per incapacitat temporal.<\/a><\/li><li class='ez-toc-page-1 ez-toc-heading-level-2'><a class=\"ez-toc-link ez-toc-heading-11\" href=\"https:\/\/www.ariasassessors.com\/ca\/circumstancies-pot-perdre-un-autonom-la-tarifa-plana\/#Els_autonoms_en_principi_poden_percebre_la_incapacitat_temporal_durant_un_any\" title=\"Els aut\u00f2noms, en principi, poden percebre la incapacitat temporal durant un any.\">Els aut\u00f2noms, en principi, poden percebre la incapacitat temporal durant un any.<\/a><\/li><li class='ez-toc-page-1 ez-toc-heading-level-2'><a class=\"ez-toc-link ez-toc-heading-12\" href=\"https:\/\/www.ariasassessors.com\/ca\/circumstancies-pot-perdre-un-autonom-la-tarifa-plana\/#Quin_es_el_procediment_des_que_es_sollicita_la_prestacio_fins_que_aquesta_finalitza\" title=\"Quin \u00e9s el procediment des que es sol\u00b7licita la prestaci\u00f3 fins que aquesta finalitza\">Quin \u00e9s el procediment des que es sol\u00b7licita la prestaci\u00f3 fins que aquesta finalitza<\/a><\/li><li class='ez-toc-page-1 ez-toc-heading-level-2'><a class=\"ez-toc-link ez-toc-heading-13\" href=\"https:\/\/www.ariasassessors.com\/ca\/circumstancies-pot-perdre-un-autonom-la-tarifa-plana\/#Es_pot_percebre_fins_al_75_de_la_base_reguladora\" title=\"Es pot percebre fins al 75% de la base reguladora\">Es pot percebre fins al 75% de la base reguladora<\/a><\/li><li class='ez-toc-page-1 ez-toc-heading-level-2'><a class=\"ez-toc-link ez-toc-heading-14\" href=\"https:\/\/www.ariasassessors.com\/ca\/circumstancies-pot-perdre-un-autonom-la-tarifa-plana\/#Cal_complir_una_serie_de_requisits_per_poder_sollicitar_la_prestacio\" title=\"Cal complir una s\u00e8rie de requisits per poder sol\u00b7licitar la prestaci\u00f3\">Cal complir una s\u00e8rie de requisits per poder sol\u00b7licitar la prestaci\u00f3<\/a><\/li><li class='ez-toc-page-1 ez-toc-heading-level-2'><a class=\"ez-toc-link ez-toc-heading-15\" href=\"https:\/\/www.ariasassessors.com\/ca\/circumstancies-pot-perdre-un-autonom-la-tarifa-plana\/#Com_triar_el_millor_gestor_per_al_meu_negoci_deu_qualitats_que_ha_de_tenir_en_compte_lautonom\" title=\"Com triar el millor gestor per al meu negoci?: deu qualitats que ha de tenir en compte l&#8217;aut\u00f2nom\">Com triar el millor gestor per al meu negoci?: deu qualitats que ha de tenir en compte l&#8217;aut\u00f2nom<\/a><\/li><li class='ez-toc-page-1 ez-toc-heading-level-2'><a class=\"ez-toc-link ez-toc-heading-16\" href=\"https:\/\/www.ariasassessors.com\/ca\/circumstancies-pot-perdre-un-autonom-la-tarifa-plana\/#En_que_sha_de_fixar_un_autonom_en_triar_el_seu_assessor_o_gestor\" title=\"En qu\u00e8 s&#8217;ha de fixar un aut\u00f2nom en triar el seu assessor o gestor\">En qu\u00e8 s&#8217;ha de fixar un aut\u00f2nom en triar el seu assessor o gestor<\/a><ul class='ez-toc-list-level-3' ><li class='ez-toc-heading-level-3'><a class=\"ez-toc-link ez-toc-heading-17\" href=\"https:\/\/www.ariasassessors.com\/ca\/circumstancies-pot-perdre-un-autonom-la-tarifa-plana\/#Un_assessor_sense_asseguranca_de_responsabilitat_civil_es_un_perill_per_a_lautonom\" title=\"Un assessor sense asseguran\u00e7a de responsabilitat civil \u00e9s un perill per a l&#8217;aut\u00f2nom\">Un assessor sense asseguran\u00e7a de responsabilitat civil \u00e9s un perill per a l&#8217;aut\u00f2nom<\/a><\/li><li class='ez-toc-page-1 ez-toc-heading-level-3'><a class=\"ez-toc-link ez-toc-heading-18\" href=\"https:\/\/www.ariasassessors.com\/ca\/circumstancies-pot-perdre-un-autonom-la-tarifa-plana\/#No_nomes_gestionar_sino_assessorar\" title=\"No nom\u00e9s gestionar, sin\u00f3 assessorar\">No nom\u00e9s gestionar, sin\u00f3 assessorar<\/a><\/li><li class='ez-toc-page-1 ez-toc-heading-level-3'><a class=\"ez-toc-link ez-toc-heading-19\" href=\"https:\/\/www.ariasassessors.com\/ca\/circumstancies-pot-perdre-un-autonom-la-tarifa-plana\/#Disponibilitat_i_possibilitat_de_substitucio\" title=\"Disponibilitat i possibilitat de substituci\u00f3\">Disponibilitat i possibilitat de substituci\u00f3<\/a><\/li><li class='ez-toc-page-1 ez-toc-heading-level-3'><a class=\"ez-toc-link ez-toc-heading-20\" href=\"https:\/\/www.ariasassessors.com\/ca\/circumstancies-pot-perdre-un-autonom-la-tarifa-plana\/#Suport_integral_en_les_necessitats_de_lautonom\" title=\"Suport integral en les necessitats de l&#8217;aut\u00f2nom\">Suport integral en les necessitats de l&#8217;aut\u00f2nom<\/a><\/li><li class='ez-toc-page-1 ez-toc-heading-level-3'><a class=\"ez-toc-link ez-toc-heading-21\" href=\"https:\/\/www.ariasassessors.com\/ca\/circumstancies-pot-perdre-un-autonom-la-tarifa-plana\/#Experiencia_en_gestionar_autonoms_i_empreses\" title=\"Experi\u00e8ncia en gestionar aut\u00f2noms i empreses\">Experi\u00e8ncia en gestionar aut\u00f2noms i empreses<\/a><\/li><li class='ez-toc-page-1 ez-toc-heading-level-3'><a class=\"ez-toc-link ez-toc-heading-22\" href=\"https:\/\/www.ariasassessors.com\/ca\/circumstancies-pot-perdre-un-autonom-la-tarifa-plana\/#Que_estigui_degudament_digitalitzada_tant_pels_processos_com_per_les_comunicacions\" title=\"Que estigui degudament digitalitzada, tant pels processos com per les comunicacions\">Que estigui degudament digitalitzada, tant pels processos com per les comunicacions<\/a><\/li><li class='ez-toc-page-1 ez-toc-heading-level-3'><a class=\"ez-toc-link ez-toc-heading-23\" href=\"https:\/\/www.ariasassessors.com\/ca\/circumstancies-pot-perdre-un-autonom-la-tarifa-plana\/#Visibilitat_i_transparencia_en_lentorn_web\" title=\"Visibilitat i transpar\u00e8ncia en l&#8217;entorn web\">Visibilitat i transpar\u00e8ncia en l&#8217;entorn web<\/a><\/li><li class='ez-toc-page-1 ez-toc-heading-level-3'><a class=\"ez-toc-link ez-toc-heading-24\" href=\"https:\/\/www.ariasassessors.com\/ca\/circumstancies-pot-perdre-un-autonom-la-tarifa-plana\/#Opinions_en_plataformes_de_valoracio_de_serveis\" title=\"Opinions en plataformes de valoraci\u00f3 de serveis\">Opinions en plataformes de valoraci\u00f3 de serveis<\/a><\/li><\/ul><\/li><\/ul><\/li><\/ul><\/nav><\/div>\n<h1><span class=\"ez-toc-section\" id=\"En_quines_circumstancies_pot_un_autonom_perdre_la_Tarifa_Plana_durant_linici_de_la_seva_activitat\"><\/span>En quines circumst\u00e0ncies pot un aut\u00f2nom perdre la Tarifa Plana durant l&#8217;inici de la seva activitat?<span class=\"ez-toc-section-end\"><\/span><\/h1>\n<p>Els emprenedors que gaudeixen de la Tarifa Plana poden perdre aquesta bonificaci\u00f3 i, en alguns casos, fins i tot patir rec\u00e0rrecs del 35% sobre la quota m\u00ednima.<\/p>\n<p>Sota el nou sistema de cotitzaci\u00f3 per ingressos reals, les persones que es donin d&#8217;alta al RETA poden gaudir d&#8217;una bonificaci\u00f3 a la seva quota a la Seguretat Social durant 12 mesos, pagant 80 euros mensuals i durant altres 12 mesos m\u00e9s si els seus ingressos s\u00f3n inferiors al Salari M\u00ednim Interprofessional. No obstant aix\u00f2, aquests nous treballadors per compte propi poden perdre aquesta ajuda coneguda com a Tarifa Plana i fins i tot patir penalitzacions.<\/p>\n<p>Recentment, una jove aut\u00f2noma va comunicar a aquest mitj\u00e0 que havia patit <strong>un rec\u00e0rrec inusual a la seva quota: va haver d&#8217;ingressar 319,11 euros en lloc dels 80 euros que marca la Tarifa Plana i fins i tot per sobre de la base m\u00ednima, que s\u00f3n 290,10 euros.<\/strong> Aquesta sobre-cotitzaci\u00f3, va explicar l&#8217;advocat laboralista Alberto Ara, es deu al fet que l&#8217;aut\u00f2noma &#8220;<strong>es va demorar en el pagament<\/strong> de la seva quota a la Seguretat Social&#8221;. Els aut\u00f2noms que gaudeixen d&#8217;aquesta bonificaci\u00f3 &#8220;sempre han d&#8217;estar al corrent amb la Tresoreria, perqu\u00e8 els endarreriments poden comportar la p\u00e8rdua d&#8217;aquesta&#8221;, va afegir l&#8217;advocat.<\/p>\n<p>Aquest \u00e9s un cas en qu\u00e8 es perd la Tarifa Plana, encara que es pot recuperar si l&#8217;aut\u00f2nom rectifica a temps. En altres casos, la p\u00e8rdua pot ser m\u00e9s complicada. Per\u00f2 tornant al primer cas, qualsevol retard en el pagament de la Tarifa Plana, &#8220;encara que sigui d&#8217;un sol dia, <strong>pot suposar haver de pagar la quota m\u00ednima i generar un rec\u00e0rrec de fins al 35%<\/strong>&#8220;, assenyala Ara. En el cas de l&#8217;aut\u00f2noma, el rec\u00e0rrec que va patir va ser del 10%, \u00e9s a dir, de 29,01 euros.<\/p>\n<p>&nbsp;<\/p>\n<p><img loading=\"lazy\" decoding=\"async\" class=\"alignnone size-medium wp-image-2612\" src=\"https:\/\/www.ariasassessors.com\/wp-content\/uploads\/2023\/06\/2023062017492892345-220x300.webp\" alt=\"\" width=\"220\" height=\"300\" srcset=\"https:\/\/www.ariasassessors.com\/wp-content\/uploads\/2023\/06\/2023062017492892345-220x300.webp 220w, https:\/\/www.ariasassessors.com\/wp-content\/uploads\/2023\/06\/2023062017492892345-752x1024.webp 752w, https:\/\/www.ariasassessors.com\/wp-content\/uploads\/2023\/06\/2023062017492892345-768x1045.webp 768w, https:\/\/www.ariasassessors.com\/wp-content\/uploads\/2023\/06\/2023062017492892345-700x953.webp 700w, https:\/\/www.ariasassessors.com\/wp-content\/uploads\/2023\/06\/2023062017492892345.webp 1080w\" sizes=\"auto, (max-width: 220px) 100vw, 220px\" \/><\/p>\n<p><strong>L&#8217;aut\u00f2noma va explicar que en aquell moment no tenia prou diners al seu compte bancari per pagar la seva quota bonificada amb la Tarifa Plana,<\/strong> de manera que la Seguretat Social no va poder cobrar-la i va procedir a fer el rec\u00e0rrec abans esmentat. L&#8217;advocat va advertir que \u00e9s important liquidar el rec\u00e0rrec el m\u00e9s aviat possible. &#8220;Mentre duri aquesta deute amb la Seguretat Social, els treballadors per compte propi hauran de pagar la quota completa fins que es liquid\u00ef el rec\u00e0rrec i <strong>perdran la Tarifa Plana<\/strong>. Les bonificacions que hagin perdut durant aquest per\u00edode no es podran recuperar. <strong>Cada mes que no es pagui ser\u00e0 un mes en qu\u00e8 no es gaudeixi d&#8217;aquesta bonificaci\u00f3<\/strong>&#8220;, va afegir Ara.<\/p>\n<p>Aquests endarreriments i les corresponents <strong>sancions\/rec\u00e0rrecs es faran de forma esglaonada<\/strong> per part de la Tresoreria sobre la quota m\u00ednima (290,10 euros): un 10% si es resol en el primer mes; un 20% a partir del segon i un 35% en cas que la Seguretat Social hagi reclamat el pagament i el treballador per compte propi no l&#8217;hagi abonat. <strong>Aquests rec\u00e0rrecs tamb\u00e9 afecten qualsevol afiliat al RETA que no hagi pagat en temps i forma la seva quota a la Tresoreria<\/strong>. La recomanaci\u00f3, va assenyalar l&#8217;expert, \u00e9s mantenir al dia les obligacions i tenir liquiditat. &#8220;\u00c9s molt m\u00e9s f\u00e0cil pagar 80 euros a final de mes que anar aplicant rec\u00e0rrecs progressius sobre la quota m\u00ednima&#8221;, va concloure.<\/p>\n<p>Els aut\u00f2noms que hagin patit un rec\u00e0rrec per impagament a <strong>la Seguretat Social tenen dues formes de resoldre el seu deute amb la Tresoreria:<\/strong><\/p>\n<ol>\n<li>Acudint a una oficina f\u00edsica de la Seguretat Social. All\u00e0 haur\u00e0s de sol\u00b7licitar una carta de pagament per despr\u00e9s realitzar l&#8217;ingr\u00e9s al teu banc.<\/li>\n<\/ol>\n<ol>\n<li value=\"2\">Realitzant el pagament des de la seu electr\u00f2nica de la Seguretat Social.<\/li>\n<\/ol>\n<h2><span class=\"ez-toc-section\" id=\"Els_autonoms_en_Tarifa_Plana_que_es_donin_de_baixa_no_podran_recuperar-la_fins_que_hagin_passat_tres_anys\"><\/span>Els aut\u00f2noms en Tarifa Plana que es donin de baixa no podran recuperar-la fins que hagin passat tres anys.<span class=\"ez-toc-section-end\"><\/span><\/h2>\n<p>Un altre cas en qu\u00e8 un emprenedor pot perdre el dret a la quota bonificada \u00e9s que es doni de baixa com a aut\u00f2nom durant el temps en qu\u00e8 est\u00e0 gaudint d&#8217;aquesta ajuda. Si volgu\u00e9s donar-se d&#8217;alta i sol\u00b7licit\u00e9s de nou la Tarifa Plana, no se li concediria. La Seguretat Social va explicar en un document lliurat als gestors administratius que, per recuperar el dret a aquesta bonificaci\u00f3, &#8220;<strong>hauran de passar tres anys des de l&#8217;\u00faltima baixa com a aut\u00f2nom<\/strong>&#8220;.<\/p>\n<p>En canvi, un aut\u00f2nom que s&#8217;hagi donat de baixa al RETA i no estigui gaudint de la Tarifa Plana podr\u00e0 sol\u00b7licitar-la si es d\u00f3na d&#8217;alta de nou transcorreguts almenys dos anys.<\/p>\n<h2><span class=\"ez-toc-section\" id=\"Els_autonoms_amb_ingressos_superiors_al_SMI_tambe_perdran_la_Tarifa_Plana\"><\/span>Els aut\u00f2noms amb ingressos superiors al SMI tamb\u00e9 perdran la Tarifa Plana.<span class=\"ez-toc-section-end\"><\/span><\/h2>\n<p>El tercer cas en qu\u00e8 un aut\u00f2nom pot perdre la Tarifa Plana t\u00e9 a veure amb l&#8217;\u00faltima reforma del RETA en qu\u00e8 s&#8217;estipula que els treballadors per compte propi poden gaudir d&#8217;un segon any de quota bonificada i seguir pagant nom\u00e9s 80 euros al mes si els seus ingressos del primer any no superen el Salari M\u00ednim Interprofessional (15.120 euros a l&#8217;any).<\/p>\n<p>\u00d2bviament, si l&#8217;aut\u00f2nom en la seva declaraci\u00f3 de l&#8217;IRPF declara uns rendiments nets (ingressos menys despeses) superiors al SMI, <strong>perd el dret a sol\u00b7licitar la Tarifa Plana per als altres 12 mesos seg\u00fcents<\/strong>. Nom\u00e9s haur\u00e0 tingut dret a gaudir-ne durant un any.<\/p>\n<h2><span class=\"ez-toc-section\" id=\"Pot_perdre_un_autonom_la_Tarifa_Plana_si_esta_malalt\"><\/span>Pot perdre un aut\u00f2nom la Tarifa Plana si est\u00e0 malalt?<span class=\"ez-toc-section-end\"><\/span><\/h2>\n<p>A principios de este a\u00f1o, la Seguridad Social explic\u00f3 en documento que entreg\u00f3 a los gestores administrativos \u2013 tras la entrada en vigor del nuevo sistema de cotizaci\u00f3n por ingresos reales \u2013 que los aut\u00f3nomos \u201c<strong>que causen una baja por enfermedad<\/strong>, asegur\u00f3 la Seguridad Social, no perder\u00e1n el derecho a la Tarifa Plana\u201d. Sin embargo, la Tesorer\u00eda matiz\u00f3 que no se modificar\u00e1 la duraci\u00f3n de la misma por haber estado de baja por enfermedad.<\/p>\n<h2><span class=\"ez-toc-section\" id=\"Pot_perdre_un_autonom_la_Tarifa_Plana_si_esta_malalt-2\"><\/span>Pot perdre un aut\u00f2nom la Tarifa Plana si est\u00e0 malalt?<span class=\"ez-toc-section-end\"><\/span><\/h2>\n<p>A principis d&#8217;aquest any, la Seguretat Social va explicar en un document lliurat als gestors administratius &#8211; despr\u00e9s de l&#8217;entrada en vigor del nou sistema de cotitzaci\u00f3 per ingressos reals &#8211; que els aut\u00f2noms &#8220;que causin una baixa per malaltia, assegur\u00e0 la Seguretat Social, no perdran el dret a la Tarifa Plana&#8221;. No obstant aix\u00f2, la Tresoreria va matitzar que no es modificar\u00e0 la durada de la mateixa per haver estat de baixa per malaltia.<\/p>\n<p>&nbsp;<\/p>\n<h2><span class=\"ez-toc-section\" id=\"Quant_pagaran_els_autonoms_de_quota_minima_a_la_Seguretat_Social_en_els_dos_propers_anys\"><\/span>Quant pagaran els aut\u00f2noms de quota m\u00ednima a la Seguretat Social en els dos propers anys?<span class=\"ez-toc-section-end\"><\/span><\/h2>\n<p><a href=\"https:\/\/www.autonomosyemprendedor.es\/articulo\/actualidad\/consejos-que-autonomos-sepan-que-hacer-cuando-comiencen-cotizar-ingresos-reales-2023\/20221114174312028209.html\" target=\"_blank\" rel=\"noopener\">El Reial Decret Llei 13\/2022, que articula el sistema de cotizaci\u00f3 per ingresos reals<\/a>, estableix quines seran les quotes dels aut\u00f2noms per a l&#8217;any 2024 i 2025. Actualment, els treballadors per compte propi paguen una quota m\u00ednima de 291 euros al mes a la Seguretat Social amb una base de cotitzaci\u00f3 m\u00ednima de 950,98 euros si els seus rendiments nets s\u00f3n iguals o superiors als 1.166,79 euros mensuals: 14.001,48 euros anuals.<\/p>\n<p>No obstant aix\u00f2, <strong>el nou sistema estableix dues quotes m\u00ednimes<\/strong>: una per a aquells els rendiments dels quals siguin inferiors a 14.001,48 euros anuals, que s&#8217;acolliran a la denominada &#8216;Taula Redu\u00efda&#8217;, i una altra per a la resta de treballadors per compte propi &#8211; &#8220;Taula General&#8221; &#8211; que superin o igualin aquests ingressos nets.<\/p>\n<p>El 2023, els aut\u00f2noms <strong>els rendiments nets dels quals siguin inferiors als 14.001,48 euros anuals<\/strong> pagaran una quota m\u00ednima a la Seguretat Social de <strong>230 euros i cotitzaran per una base m\u00ednima de 751,63 euros. Per a l&#8217;any 2024, com assenyala el Reial Decret, la seva quota m\u00ednima passar\u00e0 a ser de 225 euros al mes<\/strong> i la seva base m\u00ednima de 735,29 euros. Finalment, <strong>el 2025, la quota m\u00ednima al &#8216;Tram 1&#8217; de la denominada &#8216;Taula Redu\u00efda&#8217; ser\u00e0 de 200 euros al mes<\/strong> amb una base m\u00ednima de 653,59 euros mensuals.<\/p>\n<p>&nbsp;<\/p>\n<p><img loading=\"lazy\" decoding=\"async\" class=\"alignnone size-medium wp-image-2614\" src=\"https:\/\/www.ariasassessors.com\/wp-content\/uploads\/2023\/06\/2023062616281895224-300x124.webp\" alt=\"\" width=\"300\" height=\"124\" srcset=\"https:\/\/www.ariasassessors.com\/wp-content\/uploads\/2023\/06\/2023062616281895224-300x124.webp 300w, https:\/\/www.ariasassessors.com\/wp-content\/uploads\/2023\/06\/2023062616281895224-1024x425.webp 1024w, https:\/\/www.ariasassessors.com\/wp-content\/uploads\/2023\/06\/2023062616281895224-768x319.webp 768w, https:\/\/www.ariasassessors.com\/wp-content\/uploads\/2023\/06\/2023062616281895224-700x290.webp 700w, https:\/\/www.ariasassessors.com\/wp-content\/uploads\/2023\/06\/2023062616281895224.webp 1287w\" sizes=\"auto, (max-width: 300px) 100vw, 300px\" \/><\/p>\n<p>Per contra, si un aut\u00f2nom t\u00e9 <strong>rendiments nets superiors o iguals als 1.166,70 euros<\/strong> mensuals, formar\u00e0 part de la denominada &#8216;Taula General&#8217; i pagar\u00e0 una quota m\u00ednima de <strong>291 euros el 2023, 2024 i 2025<\/strong>. \u00c9s a dir, els treballadors per compte propi no canviaran en els pr\u00f2xims dos anys de quota si cotitzen per la base m\u00ednima de la &#8216;Taula General&#8217; del sistema de cotitzaci\u00f3 per ingressos reals: 951 euros al mes.<\/p>\n<p>&nbsp;<\/p>\n<p><img loading=\"lazy\" decoding=\"async\" class=\"alignnone size-medium wp-image-2616\" src=\"https:\/\/www.ariasassessors.com\/wp-content\/uploads\/2023\/06\/2023062616281929461-300x124.webp\" alt=\"\" width=\"300\" height=\"124\" srcset=\"https:\/\/www.ariasassessors.com\/wp-content\/uploads\/2023\/06\/2023062616281929461-300x124.webp 300w, https:\/\/www.ariasassessors.com\/wp-content\/uploads\/2023\/06\/2023062616281929461-1024x425.webp 1024w, https:\/\/www.ariasassessors.com\/wp-content\/uploads\/2023\/06\/2023062616281929461-768x319.webp 768w, https:\/\/www.ariasassessors.com\/wp-content\/uploads\/2023\/06\/2023062616281929461-700x290.webp 700w, https:\/\/www.ariasassessors.com\/wp-content\/uploads\/2023\/06\/2023062616281929461.webp 1287w\" sizes=\"auto, (max-width: 300px) 100vw, 300px\" \/><\/p>\n<p>No obstant aix\u00f2, en el Real Decret Llei s&#8217;especifica que totes les quotes proposades en la norma <strong>podrien modificar-se en els pr\u00f2xims dos anys<\/strong>. El nou sistema de cotitzaci\u00f3 per ingressos reals, una de les principals reformes del R\u00e8gim Especial de Treballadors Aut\u00f2noms (RETA), actualment <strong>es troba en un proc\u00e9s d&#8217;adaptaci\u00f3.<\/strong><\/p>\n<p><strong>Tant el 2024 com el 2025, hi ha la possibilitat que la Llei de Pressupostos Generals de l&#8217;Estat pugui introduir alguna modificaci\u00f3, encara que no \u00e9s obligatori.<\/strong> Al desembre de cada any, es validaran o refutaran les taules de cotitzaci\u00f3 actualment vigents en el Real Decret Llei que enmarca el nou sistema d&#8217;ingressos reals. Abans de l&#8217;1 de gener de 2026, el Govern determinar\u00e0 el calendari d&#8217;aplicaci\u00f3 del nou sistema de cotitzaci\u00f3 per ingressos reals, el qual contemplar\u00e0 el desplegament de l&#8217;escala de trams d&#8217;ingressos i bases de cotitzaci\u00f3 al llarg del seg\u00fcent per\u00edode, amb un m\u00e0xim de sis anys.<\/p>\n<h2><span class=\"ez-toc-section\" id=\"I_quina_sera_la_quota_de_la_base_minima_mes_alta_el_2024_i_el_2025\"><\/span>I quina ser\u00e0 la quota de la base m\u00ednima m\u00e9s alta el 2024 i el 2025?<span class=\"ez-toc-section-end\"><\/span><\/h2>\n<p>Per contra, la quota m\u00ednima del tram m\u00e9s alt de la taula &#8211; Tram 12 de la &#8216;Taula General&#8217; del Reial Decret Llei 13\/2022 &#8211; ser\u00e0 el 2024 de 530 euros al mes amb una base m\u00ednima de 1.732,03 euros. Un any immediatament despr\u00e9s, el treballador per compte propi que es situ\u00ef en aquest tram de la taula pagar\u00e0 590 euros al mes de quota m\u00ednima m\u00e0xima i cotitzar\u00e0 per una base de 1.928,10 euros al mes.<\/p>\n<p><img loading=\"lazy\" decoding=\"async\" class=\"alignnone size-medium wp-image-2618\" src=\"https:\/\/www.ariasassessors.com\/wp-content\/uploads\/2023\/06\/2022091613352674809-246x300.webp\" alt=\"\" width=\"246\" height=\"300\" srcset=\"https:\/\/www.ariasassessors.com\/wp-content\/uploads\/2023\/06\/2022091613352674809-246x300.webp 246w, https:\/\/www.ariasassessors.com\/wp-content\/uploads\/2023\/06\/2022091613352674809.webp 400w\" sizes=\"auto, (max-width: 246px) 100vw, 246px\" \/><\/p>\n<h2><span class=\"ez-toc-section\" id=\"Quina_sera_la_quota_de_cotitzacio_dun_autonom_societari_el_2024_i_el_2025\"><\/span>Quina ser\u00e0 la quota de cotitzaci\u00f3 d&#8217;un aut\u00f2nom societari el 2024 i el 2025?<span class=\"ez-toc-section-end\"><\/span><\/h2>\n<p>&#8220;La cotitzaci\u00f3 d&#8217;un <a href=\"https:\/\/www.autonomosyemprendedor.es\/articulo\/actualidad\/autonomos-societarios-ahorraran-mas-800-euros-anuales-2023-reforma-cuotas\/20220726153911027386.html\" target=\"_blank\" rel=\"noopener\">aut\u00f3nom societari<\/a> \u00e9s pr\u00e0cticament igual que la d&#8217;un aut\u00f2nom persona f\u00edsica. La clau de la reforma del sistema de cotitzaci\u00f3 per a aquest col\u00b7lectiu \u00e9s que <strong>la base m\u00ednima de cotitzaci\u00f3 s&#8217;establir\u00e0 en 1.000 euros per al 2023.<\/strong> En el 2024 i el 2025 aquesta base s&#8217;establir\u00e0 o es definir\u00e0 en els Pressupostos Generals de l&#8217;Estat. A partir del 2026, passaran a formar part del grup 7 de cotitzaci\u00f3 del R\u00e8gim General (Auxiliars administratius en l&#8217;actualitat), on s&#8217;indicar\u00e0 quina \u00e9s la seva base de cotitzaci\u00f3&#8221;, va afirmar en anteriors declaracions Laura G\u00f3mez Lima, vicesecret\u00e0ria general de la Federaci\u00f3 Nacional d&#8217;Associacions de Treballadors Aut\u00f2noms (ATA).<\/p>\n<p>Si prenem com a refer\u00e8ncia les taules del Reial Decret Llei per als aut\u00f2noms persones f\u00edsiques per al 2024 i el 2025, els aut\u00f2noms societaris pagaran de quota mensual &#8211; cotitzant per una base m\u00ednima de 1.000 euros &#8211; 320 euros el 2024 i 350 euros el 2025.<\/p>\n<h2><span class=\"ez-toc-section\" id=\"Els_autonoms_collaboradors_tambe_tindran_una_base_minima_de_cotitzacio_de_1000_euros_al_mes\"><\/span>Els aut\u00f2noms col\u00b7laboradors tamb\u00e9 tindran una base m\u00ednima de cotitzaci\u00f3 de 1.000 euros al mes.<span class=\"ez-toc-section-end\"><\/span><\/h2>\n<p>A difer\u00e8ncia de la resta de treballadors per compte propi, els denominats col\u00b7laboradors &#8211; familiars directes que treballen en el negoci d&#8217;un aut\u00f2nom &#8211; no poden triar la seva base de cotitzaci\u00f3 m\u00ednima en el nou sistema d&#8217;ingressos reals. Com que els familiars col\u00b7laboradors no declararan els seus ingressos &#8211; ja que aquesta funci\u00f3 correspon a l&#8217;aut\u00f2nom responsable del negoci &#8211; tindran una base m\u00ednima de cotitzaci\u00f3 &#8211; igual que els societaris &#8211; de 1.000 euros al mes i una quota mensual m\u00ednima de 306 euros. Aix\u00f2 vol dir que no poden triar una base de cotitzaci\u00f3 inferior a la base m\u00ednima i adscriure&#8217;s a la &#8216;Taula Redu\u00efda&#8217; del nou sistema.<\/p>\n<p>Cal destacar que aquesta quota no ser\u00e0 fixa i que, com recull el Reial Decret, la base m\u00ednima de cotitzaci\u00f3 s&#8217;anir\u00e0 incrementant per equiparar-se al R\u00e8gim General de la Seguretat Social, de manera que tant el 2024 com els anys posteriors, previsiblement <strong>la quota m\u00ednima d&#8217;aquests aut\u00f2noms ser\u00e0 superior als 306 euros.<\/strong><\/p>\n<p>&nbsp;<\/p>\n<h2><span class=\"ez-toc-section\" id=\"Aquest_es_el_periode_maxim_durant_el_qual_un_autonom_pot_gaudir_de_la_prestacio_per_incapacitat_temporal\"><\/span>Aquest \u00e9s el per\u00edode m\u00e0xim durant el qual un aut\u00f2nom pot gaudir de la prestaci\u00f3 per incapacitat temporal.<span class=\"ez-toc-section-end\"><\/span><\/h2>\n<p>De la mateixa manera que els treballadors per compte d&#8217;altri, <strong>els aut\u00f2noms tenen dret a rebre una prestaci\u00f3 per incapacitat temporal.<\/strong> D&#8217;aquesta manera, poden cobrir les p\u00e8rdues d&#8217;ingressos que es produeixen en estar de baixa, ja sigui per malaltia comuna o per haver-se produ\u00eft un accident laboral. La quantia de la prestaci\u00f3 dep\u00e8n fonamentalment de la seva base de cotitzaci\u00f3, com m\u00e9s gran sigui, m\u00e9s prestaci\u00f3 rebran. No obstant aix\u00f2, segons ha aclarit la Seguretat Social, la cobertura per Incapacitat Temporal ha estat creada com a suport per a situacions puntuals, de manera que els aut\u00f2noms nom\u00e9s <strong>poden percebre aquesta prestaci\u00f3 durant un temps limitat.<\/strong><\/p>\n<p>En concret, de manera general, el temps m\u00e0xim durant el qual un treballador per compte propi <a href=\"https:\/\/www.autonomosyemprendedor.es\/articulo\/tu-negocio\/seguridad-social-cambia-algun-tramite-que-autonomos-pidan-baja-incapacidad-temporal\/20230103153029028768.html\">pot estar de baixa per incapacitat temporal<\/a> i, per tant, percebre la prestaci\u00f3 corresponent, \u00e9s d&#8217;un any. No obstant aix\u00f2, en determinades ocasions, <strong>el l\u00edmit podria ampliar-se uns quants mesos m\u00e9s.<\/strong><\/p>\n<h2><span class=\"ez-toc-section\" id=\"Els_autonoms_en_principi_poden_percebre_la_incapacitat_temporal_durant_un_any\"><\/span>Els aut\u00f2noms, en principi, poden percebre la incapacitat temporal durant un any.<span class=\"ez-toc-section-end\"><\/span><\/h2>\n<p>Tal com explica la Seguretat Social a trav\u00e9s del seu portal web, la prestaci\u00f3 econ\u00f2mica per incapacitat temporal &#8220;<strong>tracta de cobrir la falta d&#8217;ingressos que es produeix<\/strong> quan el treballador, a causa d&#8217;una malaltia o accident, est\u00e0 incapacitat temporalment per treballar&#8221; i requereix de l&#8217;assist\u00e8ncia sanit\u00e0ria de la Seguretat Social.<\/p>\n<p>Aquesta prestaci\u00f3 econ\u00f2mica est\u00e0 inclosa dins de l&#8217;acci\u00f3 protectora del R\u00e8gim General i dels r\u00e8gims especials de la Seguretat Social. \u00c9s a dir, <strong>no \u00e9s nom\u00e9s per a treballadors asalariats<\/strong>, sin\u00f3 que aquelles persones que estiguin donades d&#8217;alta en el R\u00e8gim Especial de Treballadors Aut\u00f2noms (RETA) tenen dret a aquesta prestaci\u00f3.<\/p>\n<p>Segons va explicar la Seguretat Social, la prestaci\u00f3 &#8220;s&#8217;abonar\u00e0 mentre el beneficiari es trobi en situaci\u00f3 d&#8217;incapacitat temporal&#8221;. No obstant aix\u00f2, <strong>la durada d&#8217;aquesta prestaci\u00f3 est\u00e0 limitada.<\/strong> En cas que es tracti d&#8217;un accident o malaltia, independentment de la causa, el temps m\u00e0xim durant el qual els aut\u00f2noms podran percebre la prestaci\u00f3 per incapacitat temporal ser\u00e0 de 365 dies.<\/p>\n<p><strong>Aquest temps podr\u00e0 prorrogar-se excepcionalment durant altres 180 dies<\/strong> &#8220;quan es presumeixi que, durant aquests, el treballador pugui ser donat d&#8217;alta m\u00e8dica per curaci\u00f3&#8221;. Cal destacar que, en aquesta pr\u00f2rroga de sis mesos, els aut\u00f2noms poden continuar cobrant, durant el temps que marqui la resoluci\u00f3 de l&#8217;Institut Nacional de la Seguretat Social (INSS), &#8220;<strong>la mateixa quantia que li correspongu\u00e9s<\/strong>, en funci\u00f3 de la seva base de cotitzaci\u00f3&#8221;.<\/p>\n<p>Aix\u00ed mateix, en cas que es produeixin <strong>per\u00edodes d&#8217;observaci\u00f3 per malaltia professional<\/strong>, la prestaci\u00f3 tindr\u00e0 una durada de sis mesos, que seran prorrogables altres sis mesos &#8220;quan s&#8217;estimi necessari per a l&#8217;estudi i diagn\u00f2stic de la malaltia&#8221;.<\/p>\n<h2><span class=\"ez-toc-section\" id=\"Quin_es_el_procediment_des_que_es_sollicita_la_prestacio_fins_que_aquesta_finalitza\"><\/span>Quin \u00e9s el procediment des que es sol\u00b7licita la prestaci\u00f3 fins que aquesta finalitza<span class=\"ez-toc-section-end\"><\/span><\/h2>\n<p>En el moment de la sol\u00b7licitud de la prestaci\u00f3, a m\u00e9s d&#8217;acreditar els requisits generals exigits, els aut\u00f2noms han de presentar davant de la Seguretat Social o la M\u00fatua Col\u00b7laboradora amb la Seguretat Social la declaraci\u00f3 de la cessaci\u00f3 temporal en l&#8217;activitat desenvolupada. <strong>El termini de presentaci\u00f3 haur\u00e0 d&#8217;estar &#8220;dins dels 15 dies seg\u00fcents a la data de la baixa&#8221;.<\/strong><\/p>\n<p>Segons va advertir la Seguretat Social, mentre duri la situaci\u00f3 d&#8217;incapacitat temporal &#8220;<strong>el treballador vindr\u00e0 obligat a presentar aquesta declaraci\u00f3 amb periodicitat semestral<\/strong>, a comptar des de la data en qu\u00e8 s&#8217;inici\u00ef la situaci\u00f3, si fos requerit per a aix\u00f2&#8221;. \u00c9s a dir, durant el temps en qu\u00e8 el treballador per compte propi es trobi en situaci\u00f3 de baixa, a m\u00e9s de passar les corresponents revisions m\u00e8diques, tamb\u00e9 haur\u00e0 de sotmetre&#8217;s al control per part de l&#8217;INSS, que es produir\u00e0 cada sis mesos.<\/p>\n<p>Segons van explicar des de l&#8217;assessoria Ajuda T Pymes, en cas que la m\u00fatua sol\u00b7liciti una revisi\u00f3 i l&#8217;aut\u00f2nom no s&#8217;hi presenti, la prestaci\u00f3 &#8220;ser\u00e0 suspesa i <strong>no es recuperar\u00e0 fins que es presenti una acreditaci\u00f3 v\u00e0lida<\/strong> que justifiqui la incompareixen\u00e7a&#8221;.<\/p>\n<p>Per poder estendre la prestaci\u00f3 fins a 180 dies m\u00e9s, l&#8217;aut\u00f2nom haur\u00e0 de sotmetre&#8217;s a una avaluaci\u00f3 per part de l&#8217;INSS, en la qual es determinar\u00e0 si, durant aquest per\u00edode afegit, el treballador podria ser donat d&#8217;alta m\u00e8dica per curaci\u00f3. En cas afirmatiu, es concediria la pr\u00f2rroga.<\/p>\n<p>Abans que hagi transcorregut el termini m\u00e0xim de pr\u00f2rroga, \u00e9s a dir, abans que finalitzin els 180 dies de baixa extraordinaris, l&#8217;INSS far\u00e0 una nova revisi\u00f3, despr\u00e9s de la qual <strong>emetr\u00e0 l&#8217;alta m\u00e8dica o <a href=\"https:\/\/www.autonomosyemprendedor.es\/articulo\/tu-negocio\/son-fases-que-deben-pasar-autonomos-que-seguridad-social-reconozca-incapacidad-permanente\/20230310155632029589.html\">iniciar\u00e1 un expediente de incapacidad permanente<\/a><\/strong>, segons correspongui.<\/p>\n<h2><span class=\"ez-toc-section\" id=\"Es_pot_percebre_fins_al_75_de_la_base_reguladora\"><\/span>Es pot percebre fins al 75% de la base reguladora<span class=\"ez-toc-section-end\"><\/span><\/h2>\n<p>La quantia de la prestaci\u00f3 per incapacitat temporal, segons va explicar la Seguretat Social, &#8220;s&#8217;obt\u00e9 aplicant els percentatges corresponents a la base reguladora&#8221;. \u00c9s a dir, a la base per la qual l&#8217;aut\u00f2nom est\u00e0 pagant la seva quota. Com m\u00e9s gran \u00e9s aquesta base, m\u00e9s ser\u00e0 la prestaci\u00f3 que obtingui i podr\u00e0 cobrir les seves despeses familiars. En cas que <strong>derivi de malaltia comuna o accident no laboral<\/strong>, el percentatge dependr\u00e0 del temps que duri la baixa:<\/p>\n<ul>\n<li>Des del quart dia de la baixa fins al vig\u00e8sim, ambd\u00f3s inclosos, el percentatge ser\u00e0 del 60% de la base reguladora.<\/li>\n<li>A partir del vig\u00e8sim primer dia de la baixa, el percentatge ser\u00e0 del 75% de la base reguladora.<\/li>\n<\/ul>\n<p>Si, en canvi, la incapacitat temporal <strong>deriva d&#8217;accident de treball o malaltia professional<\/strong>, &#8220;s&#8217;abonar\u00e0 el 75% de la base reguladora des del dia seg\u00fcent al de la baixa, sempre que l&#8217;interessat hagu\u00e9s optat per la cobertura de les conting\u00e8ncies professionals&#8221;, va explicar la Seguretat Social.<\/p>\n<p>La base reguladora, va aclarir la Seguretat Social, &#8220;estar\u00e0 constitu\u00efda per la base de cotitzaci\u00f3 del treballador <strong>corresponent al mes anterior al de la baixa m\u00e8dica, dividida en 30<\/strong>&#8220;. Aquesta base es mantindr\u00e0 durant tot el proc\u00e9s, incloses recaigudes, &#8220;tret que l&#8217;interessat hagu\u00e9s optat per una base de cotitzaci\u00f3 inferior, en aquest cas, s&#8217;hi tindr\u00e0 en compte aquesta \u00faltima&#8221;.<\/p>\n<h2><span class=\"ez-toc-section\" id=\"Cal_complir_una_serie_de_requisits_per_poder_sollicitar_la_prestacio\"><\/span>Cal complir una s\u00e8rie de requisits per poder sol\u00b7licitar la prestaci\u00f3<span class=\"ez-toc-section-end\"><\/span><\/h2>\n<p>Segons van explicar des de la gestoria Ajuda T Pymes, en cas que es tracti <strong>d&#8217;una baixa per malaltia comuna<\/strong>, ser\u00e0 necessari estar cotitzant per a conting\u00e8ncies comunes. No obstant aix\u00f2, van aclarir, aix\u00f2 \u00e9s alguna cosa de la qual els aut\u00f2noms &#8220;no hauran de preocupar-se, ja que s\u00f3n obligat\u00f2ries per a qualsevol treballador per compte propi, excepte <a href=\"https:\/\/www.autonomosyemprendedor.es\/articulo\/tu-negocio\/que-diferencia-falso-autonomo-autonomo-que-depende-solo-cliente\/20220930180130027861.html\">els aut\u00f3noms econ\u00f3micament dependients<\/a>\u201d, tambi\u00e9 anomenats \u201cTRADE\u201d.<\/p>\n<p>A m\u00e9s, \u00e9s necessari estar en situaci\u00f3 d&#8217;alta en el moment de la sol\u00b7licitud, aix\u00ed com &#8220;haver cotitzat un m\u00ednim de 180 dies en els \u00faltims cinc mesos&#8221;.<\/p>\n<p>D&#8217;altra banda, en cas que es tracti <strong>d&#8217;una baixa per accident laboral o malaltia professional,<\/strong> ser\u00e0 necessari estar cotitzant per a conting\u00e8ncies professionals, &#8220;percentatge que dep\u00e8n del CNAE de l&#8217;activitat&#8221;. En aquest tipus de baixes, van recordar des d&#8217;Ajuda T Pymes, &#8220;no ser\u00e0 obligatori haver cotitzat un m\u00ednim de 180 dies en els \u00faltims cinc anys&#8221;.<\/p>\n<p>Segons explica la Seguretat Social a trav\u00e9s del seu portal web, els treballadors compresos en l&#8217;\u00e0mbit d&#8217;aplicaci\u00f3 del RETA &#8220;hauran de formalitzar la cobertura de l&#8217;acci\u00f3 protectora per conting\u00e8ncies professionals i incapacitat temporal amb una m\u00fatua col\u00b7laboradora amb la Seguretat Social, <strong>havent d&#8217;optar per la mateixa m\u00fatua col\u00b7laboradora per a tota l&#8217;acci\u00f3 indicada<\/strong>&#8220;.<\/p>\n<p>L&#8217;opci\u00f3 a favor d&#8217;aquesta cobertura es podr\u00e0 realitzar en el moment de causar alta en el RETA, i els seus efectes coincidiran amb els de l&#8217;alta. Si no es du a terme aquesta opci\u00f3, &#8220;els treballadors podran optar per acollir-se a aquesta protecci\u00f3 mitjan\u00e7ant sol\u00b7licitud per escrit, <strong>que haur\u00e0 de formular-se abans de l&#8217;1 d&#8217;octubre de cada any<\/strong>, amb efectes des del dia 1 de gener de l&#8217;any seg\u00fcent&#8221;, va explicar la Seguretat Social.<\/p>\n<h2><span class=\"ez-toc-section\" id=\"Com_triar_el_millor_gestor_per_al_meu_negoci_deu_qualitats_que_ha_de_tenir_en_compte_lautonom\"><\/span>Com triar el millor gestor per al meu negoci?: deu qualitats que ha de tenir en compte l&#8217;aut\u00f2nom<span class=\"ez-toc-section-end\"><\/span><\/h2>\n<ol class=\"table-of-contents\">\n<li><a href=\"https:\/\/www.autonomosyemprendedor.es\/articulo\/tu-negocio\/como-elegir-mejor-gestor-negocio-diez-cualidades-que-debe-tener-cuenta-autonomo\/20230623161655031072.html#en-que-debe-fijarse-un-autonomo-al-escoger-a-su-asesor-o-gestor\">En qu\u00e8 s&#8217;ha de fixar un aut\u00f2nom abans d&#8217;escollir el seu assessor o gestor<\/a>\n<ul>\n<li><a href=\"https:\/\/www.autonomosyemprendedor.es\/articulo\/tu-negocio\/como-elegir-mejor-gestor-negocio-diez-cualidades-que-debe-tener-cuenta-autonomo\/20230623161655031072.html#un-asesor-sin-seguro-de-responsabilidad-civil-es-poco-profesional-y-un-peligro-para-el-autonomo\">Un assessor sense asseguran\u00e7a de responsabilitat civil \u00e9s un perill per a l&#8217;aut\u00f2nom<\/a><\/li>\n<li><a href=\"https:\/\/www.autonomosyemprendedor.es\/articulo\/tu-negocio\/como-elegir-mejor-gestor-negocio-diez-cualidades-que-debe-tener-cuenta-autonomo\/20230623161655031072.html#gestionar-y-asesorarnbsp-\">No nom\u00e9s \u00e9s gestionar, tamb\u00e9 \u00e9s assessorar<\/a><\/li>\n<li><a href=\"https:\/\/www.autonomosyemprendedor.es\/articulo\/tu-negocio\/como-elegir-mejor-gestor-negocio-diez-cualidades-que-debe-tener-cuenta-autonomo\/20230623161655031072.html#disponibilidad-todas-las-semanas-del-ano-y-posibilidad-de-sustitucion\">Disponibilitat i possibilitat de substituci\u00f3<\/a><\/li>\n<li><a href=\"https:\/\/www.autonomosyemprendedor.es\/articulo\/tu-negocio\/como-elegir-mejor-gestor-negocio-diez-cualidades-que-debe-tener-cuenta-autonomo\/20230623161655031072.html#apoyo-integral-en-las-necesidades-del-autonomo-que-suelen-ser-fiscal-contable-laboral-y-juridico\">Suport integral en les necessitats de l&#8217;aut\u00f2nom<\/a><\/li>\n<li><a href=\"https:\/\/www.autonomosyemprendedor.es\/articulo\/tu-negocio\/como-elegir-mejor-gestor-negocio-diez-cualidades-que-debe-tener-cuenta-autonomo\/20230623161655031072.html#experiencia-de-anos-en-gestionar-a-autonomos-y-empresas\">Experi\u00e8ncia en gestionar aut\u00f2noms i empreses<\/a><\/li>\n<li><a href=\"https:\/\/www.autonomosyemprendedor.es\/articulo\/tu-negocio\/como-elegir-mejor-gestor-negocio-diez-cualidades-que-debe-tener-cuenta-autonomo\/20230623161655031072.html#que-este-debidamente-digitalizada-tanto-para-los-procesos-de-trabajo-como-para-las-comunicaciones\">Digitalitzaci\u00f3, tant per als processos de treball com per a les comunicacions<\/a><\/li>\n<li><a href=\"https:\/\/www.autonomosyemprendedor.es\/articulo\/tu-negocio\/como-elegir-mejor-gestor-negocio-diez-cualidades-que-debe-tener-cuenta-autonomo\/20230623161655031072.html#la-gran-diferencia-de-precios-entre-asesorias\">La gran difer\u00e8ncia de preus entre assessoraments<\/a><\/li>\n<li><a href=\"https:\/\/www.autonomosyemprendedor.es\/articulo\/tu-negocio\/como-elegir-mejor-gestor-negocio-diez-cualidades-que-debe-tener-cuenta-autonomo\/20230623161655031072.html#visibilidad-y-transparencia-en-el-entorno-web\">Visibilitat i transpar\u00e8ncia<\/a><\/li>\n<li><a href=\"https:\/\/www.autonomosyemprendedor.es\/articulo\/tu-negocio\/como-elegir-mejor-gestor-negocio-diez-cualidades-que-debe-tener-cuenta-autonomo\/20230623161655031072.html#opiniones-en-plataformas-de-valoracion-de-servicios\">Opinions en plataformes de valoraci\u00f3 de serveis<\/a><\/li>\n<\/ul>\n<\/li>\n<\/ol>\n<div class=\"gptslot-optiscroll intesto\" data-lazy=\"true\" data-adunitid=\"1\">\n<div id=\"gpt-slot-20\" class=\"optiload\" data-google-query-id=\"COLLp9-74_8CFZPc3godfrcL_A\">&#8220;Un bon gestor ha de ser com un metge de cap\u00e7alera, ha de con\u00e8ixer tots els s\u00edmptomes d&#8217;una activitat per compte propi&#8221;, va resumir Fernando Jes\u00fas Santiago Ollero, president del Consell General de Col\u00b7legis de Gestors Administratius d&#8217;Espanya com a clau del que ha de ser un bon assessor d&#8217;un aut\u00f2nom. El l\u00edder dels gestors espanyols considera essencial que <strong>un aut\u00f2nom avalui correctament el seu assessor abans de contractar els seus serveis<\/strong>. D&#8217;altra manera, podria deixar al descobert aspectes &#8220;molt rellevants&#8221; per al seu negoci.<\/div>\n<\/div>\n<div data-google-query-id=\"COLLp9-74_8CFZPc3godfrcL_A\">\n<p>&#8220;No nom\u00e9s es tracta de saber sobre temes fiscals i laborals, que s\u00f3n els fonaments b\u00e0sics per a qualsevol gestor a Espanya, sin\u00f3 que tamb\u00e9 ha de tenir nocions de protecci\u00f3 de dades, d&#8217;igualtat, seguretat laboral o cada nova normativa que sorgisca en l&#8217;\u00e0mbit empresarial&#8221;, va afirmar Santiago Ollero.<\/p>\n<p>El president dels Gestors Administratius <strong>va instar els aut\u00f2noms a buscar un assessor de plena confian\u00e7a<\/strong>. &#8220;Si un gestor despatxa un emprenedor en 10 minuts no val la pena. Ha de ser alg\u00fa de confian\u00e7a, un confessant i fins i tot un bon amic&#8221;, va afegir Santiago Ollero.<\/p>\n<p>Els treballadors per compte propi -va continuar el president dels gestors d&#8217;Espanya- han de mantenir &#8220;una relaci\u00f3 profunda&#8221; amb el seu gestor i mostrar &#8220;confian\u00e7a m\u00fatua&#8221;. Els aut\u00f2noms s&#8217;acosten di\u00e0riament amb inquietuds que per a l&#8217;assessor &#8220;poden semblar una nimietat&#8221;. No obstant aix\u00f2, <strong>el gestor &#8220;ha de resoldre-ho com si fos un assumpte d&#8217;estat&#8221;<\/strong>, va exposar Santiago Ollero. Incluso, va matitzar, ha de prestar especial atenci\u00f3 a tots els aspectes que l&#8217;aut\u00f2nom crega tenir resolts.<\/p>\n<p>Tamb\u00e9, va destacar el president, &#8220;<strong>\u00e9s important trobar un professional que sigui aut\u00f2nom com tu<\/strong>&#8220;. La pr\u00f2pia experi\u00e8ncia dins del R\u00e8gim Especial de Treballadors Aut\u00f2noms (RETA) &#8220;<strong>permetr\u00e0 una major empatia<\/strong> i aplicar\u00e0 al negoci o activitat tot el que va aprendre com a treballador per compte propi&#8221;. Per aix\u00f2, va concloure Santiago Ollero, el client ha de mantenir una &#8220;<strong>xerrada profunda<\/strong>&#8221; amb el seu gestor per a no deixar &#8220;cap aspecte del seu negoci a l&#8217;atzar&#8221;.<\/p>\n<\/div>\n<div class=\"gptslot-optiscroll intesto\" data-lazy=\"true\" data-adunitid=\"1\">\n<div data-google-query-id=\"COLLp9-74_8CFZPc3godfrcL_A\">\n<h2 id=\"en-que-debe-fijarse-un-autonomo-al-escoger-a-su-asesor-o-gestor\"><span class=\"ez-toc-section\" id=\"En_que_sha_de_fixar_un_autonom_en_triar_el_seu_assessor_o_gestor\"><\/span>En qu\u00e8 s&#8217;ha de fixar un aut\u00f2nom en triar el seu assessor o gestor<span class=\"ez-toc-section-end\"><\/span><\/h2>\n<p>Durant el temps en qu\u00e8 es desenvolupa una activitat per compte propi, els aut\u00f2noms han de resoldre milers de tr\u00e0mits burocr\u00e0tics que, per norma general, s\u00f3n complicats i comporten un risc, ja que el titular d&#8217;un negoci respon davant de les Administracions, els seus prove\u00efdors i els seus clients. Fer-ho malament pot suposar rec\u00e0rrecs, multes i fins i tot responsabilitats penals. D&#8217;altra banda, l&#8217;aut\u00f2nom sol <strong>no tenir temps -i a vegades els coneixements-<\/strong> per encarregar-se dels tr\u00e0mits mensuals, trimestrals i anuals que exigeix una activitat. D&#8217;aqu\u00ed la necessitat de trobar un bon assessor o un bon gestor on descarregar tot aquest pes.<\/p>\n<\/div>\n<p>Per tot aix\u00f2, \u00e9s recomanable contractar un gestor que s&#8217;encarregui de totes les gestions burocr\u00e0tiques de l&#8217;activitat i aix\u00ed evitar sorpreses davant d&#8217;Hisenda o de la Seguretat Social. A m\u00e9s, el gestor <strong>ha d&#8217;acompanyar l&#8217;aut\u00f2nom al llarg de tota la seva traject\u00f2ria professional<\/strong>, fins i tot ajudar-lo en la sol\u00b7licitud de les possibles ajudes i subvencions disponibles i portar-li els comptes davant d&#8217;Hisenda.<\/p>\n<div data-google-query-id=\"COLLp9-74_8CFZPc3godfrcL_A\">\n<p>El president dels gestors i l&#8217;assessoria Ajuda T Pymes proposen un dec\u00e0leg on es repassen els aspectes m\u00e9s importants que un aut\u00f2nom ha de tenir presents per triar el seu gestor.<\/p>\n<\/div>\n<h3 id=\"un-asesor-sin-seguro-de-responsabilidad-civil-es-poco-profesional-y-un-peligro-para-el-autonomo\"><span class=\"ez-toc-section\" id=\"Un_assessor_sense_asseguranca_de_responsabilitat_civil_es_un_perill_per_a_lautonom\"><\/span>Un assessor sense asseguran\u00e7a de responsabilitat civil \u00e9s un perill per a l&#8217;aut\u00f2nom<span class=\"ez-toc-section-end\"><\/span><\/h3>\n<\/div>\n<p>Tots els professionals de l&#8217;assessoria s\u00f3n humans i poden cometre errors. I <strong>un error amb Hisenda o la Seguretat Social pot suposar sancions capaces d&#8217;arrossegar un negoci<\/strong>. Un assessor que no tingui darrere una asseguran\u00e7a de responsabilitat est\u00e0 enviant un missatge molt clar a qualsevol client: no destinar\u00e9 ni un sol c\u00e8ntim a protegir el teu negoci davant qualsevol error per la meva part.<\/p>\n<p>&#8220;L&#8217;asseguran\u00e7a de responsabilitat civil cobreix fins a 1,5 milions d&#8217;euros en cas que el gestor o assessor hagi com\u00e8s un error&#8221;, <strong>va explicar el president del Consell General de Col\u00b7legis de Gestors Administratius d&#8217;Espanya<\/strong>. Per aix\u00f2, van destacar els experts, \u00e9s recomanable que tots els tr\u00e0mits que un aut\u00f2nom realitzi amb el seu gestor quedin per escrit i tamb\u00e9 assegurar-se que l&#8217;assessor t\u00e9 l&#8217;asseguran\u00e7a de responsabilitat civil en cas que es produeixi un error.<\/p>\n<p>A m\u00e9s, &#8220;\u00e9s evident que si evita gastar els seus diners en una asseguran\u00e7a de responsabilitat civil, m\u00e9s dif\u00edcil ser\u00e0 encara que assumisca la seva pr\u00f2pia responsabilitat i el cost de qualsevol sanci\u00f3 imposada al seu client per una presumpta neglig\u00e8ncia o despistament&#8221;, van explicar els experts d&#8217;Ajuda T Pymes. &#8220;<strong>Assegurar-se que existeix una asseguran\u00e7a de responsabilitat civil \u00e9s molt m\u00e9s que una bona idea abans de contractar qualsevol servei de gestoria o assessoria<\/strong>. I que no existeix diga molt de qualsevol assessor&#8221;, van concloure.<\/p>\n<div class=\"gptslot-optiscroll intesto\" data-lazy=\"true\" data-adunitid=\"1\">\n<h3 id=\"gestionar-y-asesorarnbsp-\" dir=\"ltr\"><span class=\"ez-toc-section\" id=\"No_nomes_gestionar_sino_assessorar\"><\/span>No nom\u00e9s gestionar, sin\u00f3 assessorar<span class=\"ez-toc-section-end\"><\/span><\/h3>\n<p>Un assessor, a m\u00e9s de gestionar, assessora. Un aut\u00f2nom busca tenir un suport en el seu gestor no nom\u00e9s en la seva dif\u00edcil relaci\u00f3 amb les administracions p\u00fabliques. El gestor ha d&#8217;assessorar, aconsellar i fins i tot proposar. <strong>Adverteix sobre oportunitats i millors opcions<\/strong> davant de qualsevol petici\u00f3 o acte de l&#8217;aut\u00f2nom relacionat amb el servei contractat. Per tant, <strong>un gestor ha d&#8217;estar ben format en diverses mat\u00e8ries i al corrent de les \u00faltimes novetats legislatives per ser \u00fatil al seu client.<\/strong><\/p>\n<h3 id=\"disponibilidad-todas-las-semanas-del-ano-y-posibilidad-de-sustitucion\"><span class=\"ez-toc-section\" id=\"Disponibilitat_i_possibilitat_de_substitucio\"><\/span>Disponibilitat i possibilitat de substituci\u00f3<span class=\"ez-toc-section-end\"><\/span><\/h3>\n<p>A l&#8217;hora de buscar un gestor o assessor, tamb\u00e9 \u00e9s important tenir en compte un <strong>punt vital: la disponibilitat<\/strong>. Quan un aut\u00f2nom es queda sense assist\u00e8ncia, pot arribar a perdre molt de diners. \u00c9s important que en el cas que el gestor responsable no estigui disponible per malaltia, vacances o motius de for\u00e7a major, ho comuniqui directament a l&#8217;aut\u00f2nom i li <strong>busqui una alternativa per poder resoldre el problema<\/strong> que en aquest moment t\u00e9 el treballador per compte propi.<\/p>\n<h3 id=\"apoyo-integral-en-las-necesidades-del-autonomo-que-suelen-ser-fiscal-contable-laboral-y-juridico\"><span class=\"ez-toc-section\" id=\"Suport_integral_en_les_necessitats_de_lautonom\"><\/span>Suport integral en les necessitats de l&#8217;aut\u00f2nom<span class=\"ez-toc-section-end\"><\/span><\/h3>\n<p>Qualsevol aut\u00f2nom o pime est\u00e0 obligat a realitzar <strong>quatre tipus principals de tr\u00e0mits: fiscal, comptable, laboral i jur\u00eddic<\/strong>. Quan es comen\u00e7a de zero, pot ser suficient amb la gesti\u00f3 fiscal i comptable, per\u00f2 tot negoci est\u00e0 destinat a cr\u00e9ixer. Arribar\u00e0 un moment en qu\u00e8 contracti treballadors, o passi a crear una societat limitada, o hagi de resoldre una incid\u00e8ncia de tipus legal.<\/p>\n<\/div>\n<p>Canviar d&#8217;assessor \u00e9s una opci\u00f3, <strong>per\u00f2 es perd tota l&#8217;experi\u00e8ncia acumulada<\/strong> de l&#8217;anterior professional amb el projecte empresarial. No \u00e9s \u00f2ptim. &#8220;L&#8217;ideal \u00e9s escollir un servei d&#8217;assessoria que et cobri pel que realment necessites, per no pagar innecess\u00e0riament de m\u00e9s. Per\u00f2 que d<strong>isposi d&#8217;acc\u00e9s a altres serveis que qualsevol emprenedor pugui necessitar en un moment donat<\/strong>&#8220;, van afegir els especialistes d&#8217;Ajuda T Pymes.<\/p>\n<div class=\"gptslot-optiscroll intesto\" data-lazy=\"true\" data-adunitid=\"1\">\n<h3 id=\"experiencia-de-anos-en-gestionar-a-autonomos-y-empresas\"><span class=\"ez-toc-section\" id=\"Experiencia_en_gestionar_autonoms_i_empreses\"><\/span>Experi\u00e8ncia en gestionar aut\u00f2noms i empreses<span class=\"ez-toc-section-end\"><\/span><\/h3>\n<p>L&#8217;experi\u00e8ncia \u00e9s encara m\u00e9s important per als gestors i assessors que en molts altres oficis. Un sol error administratiu pot suposar greus conseq\u00fc\u00e8ncies per a l&#8217;aut\u00f2nom. &#8220;<strong>Posar la gesti\u00f3 d&#8217;un negoci en mans de alg\u00fa amb poca o nul\u00b7la experi\u00e8ncia fiscal o laboral \u00e9s convertir un projecte empresarial en un conillet d&#8217;\u00cdndies<\/strong>&#8220;, van afegir els experts.<\/p>\n<\/div>\n<p><strong>A vegades \u00e9s interessant una certa especialitzaci\u00f3 en el sector<\/strong> on treballa l&#8217;aut\u00f2nom o que pugui disposar de serveis especialitzats si es tracta d&#8217;una gran assessoria.<\/p>\n<p>Cada negoci t\u00e9 les seves particularitats fiscals. Hi ha petites <strong>assessoreries que s&#8217;especialitzen en un sector determinat<\/strong> i \u00e9s una gran decisi\u00f3 que augmenta la seva reputaci\u00f3 entre els aut\u00f2noms d&#8217;aquest \u00e0mbit.<\/p>\n<div class=\"gptslot-optiscroll intesto\" data-lazy=\"true\" data-adunitid=\"1\">\n<p>Alguns exemples de col\u00b7lectius, sectors i tipus de negocis que tenen una fiscalitat especial s\u00f3n els seg\u00fcents:<\/p>\n<ul>\n<li>Agricultors<\/li>\n<li>Aut\u00f2noms i empreses can\u00e0ries<\/li>\n<li>Comer\u00e7 electr\u00f2nic<\/li>\n<li>Transportistes<\/li>\n<li>Cooperatives<\/li>\n<li>Associacions i fundacions<\/li>\n<li>Aut\u00f2noms amb facturacions extracomunit\u00e0ries<\/li>\n<li>Criptomonedes<\/li>\n<\/ul>\n<p>&nbsp;<\/p>\n<h3 id=\"que-este-debidamente-digitalizada-tanto-para-los-procesos-de-trabajo-como-para-las-comunicaciones\"><span class=\"ez-toc-section\" id=\"Que_estigui_degudament_digitalitzada_tant_pels_processos_com_per_les_comunicacions\"><\/span>Que estigui degudament digitalitzada, tant pels processos com per les comunicacions<span class=\"ez-toc-section-end\"><\/span><\/h3>\n<p>Una particularitat del sector de l&#8217;assessoria i gestories \u00e9s el seu retard tecnol\u00f2gic. Encara hi ha molts i bons assessors que es resistes a beneficiar-se de les noves tecnologies.<\/p>\n<p>Ja existeixen assessoreries que treballen amb programari 100% a la n\u00favol, i en tot moment el client pot accedir a tots els comunicats i documents tramitats amb la seva assessoria; i fins i tot, que no tramiten cap presentaci\u00f3 de models fiscals sense una aprovaci\u00f3 expressa final del seu client.<\/p>\n<p>Un aspecte molt a valorar per a qualsevol aut\u00f2nom que hagi d&#8217;escollir el seu prove\u00efdor de serveis de gestoria \u00e9s la flexibilitat per contactar amb el seu assessor, ja sigui a trav\u00e9s de videotrucada, tel\u00e8fon o correu electr\u00f2nic.<\/p>\n<p>&#8220;Qualsevol aut\u00f2nom que vagi a contractar aquest tipus de servei ha de tenir en consideraci\u00f3 l&#8217;aposta per la digitalitzaci\u00f3 del seu prove\u00efdor de serveis d&#8217;assessoria&#8221;, van assegurar els experts d&#8217;Ajuda T Pymes.<\/p>\n<p>No \u00e9s f\u00e0cil valorar el preu a l&#8217;hora de contractar un assessor o una empresa d&#8217;assessoria, per\u00f2 <strong>darrere de tota tarifa hi ha un per qu\u00e8<\/strong>. Cal preguntar-se qu\u00e8 necessita el teu negoci d&#8217;aquella assessoria abans de contractar-la, i qu\u00e8 t&#8217;ofereix exactament pel que es pagar\u00e0. Un bon consell \u00e9s no pensar nom\u00e9s en el present, sin\u00f3, com a m\u00ednim, en les <strong>necessitats que poden sorgir almenys a mitj\u00e0 termini.<\/strong><\/p>\n<\/div>\n<p><strong>Podran gestionar tot l&#8217;\u00e0mbit laboral si contracto el meu primer treballador?<\/strong> Qui s&#8217;encarrega de digitalitzar les factures? Hi ha un programari de comptabilitat exclusiu? El programari tamb\u00e9 est\u00e0 preparat per a la gesti\u00f3 dels treballadors? <strong>Em notificaran si hi ha ajuts o bonificacions disponibles?<\/strong> Pujar\u00e0 el preu si genero m\u00e9s factures? Qu\u00e8 inclou exactament el servei? Puc canviar a un altre assessor si no connecto a nivell personal o professional? <strong>Si tinc una q\u00fcesti\u00f3 legal, necessito buscar un advocat o en tenen un a l&#8217;assessoria?<\/strong> No cal escatimar en preguntes abans d&#8217;escollir una assessoria, perqu\u00e8 en les respostes sol estar el per qu\u00e8 d&#8217;una tarifa extremadament econ\u00f2mica o cara.<\/p>\n<div class=\"gptslot-optiscroll intesto\" data-lazy=\"true\" data-adunitid=\"1\">\n<h3 id=\"visibilidad-y-transparencia-en-el-entorno-web\"><span class=\"ez-toc-section\" id=\"Visibilitat_i_transparencia_en_lentorn_web\"><\/span>Visibilitat i transpar\u00e8ncia en l&#8217;entorn web<span class=\"ez-toc-section-end\"><\/span><\/h3>\n<p>Que una assessoria tingui un lloc web o estigui present a les xarxes socials \u00e9s un factor a considerar a l&#8217;hora d&#8217;escollir aquest servei. Potser no t\u00e9 res a veure amb el seu rendiment, per\u00f2 <strong>demostra que no li importa ser trobada ni interactuar amb el p\u00fablic<\/strong>. Algunes, fins i tot, ofereixen en directe, gravacions i m\u00e0sters gratu\u00efts a tots els aut\u00f2noms, fins i tot si no s\u00f3n clients. Aix\u00ed que \u00e9s evident que hauran d&#8217;ofereix m\u00e9s als que s\u00ed ho s\u00f3n i paguen pels seus serveis.<\/p>\n<\/div>\n<p>Solen oc\u00f3rrer que molts professionals eviten al m\u00e0xim la seva pres\u00e8ncia a les xarxes o no crear una fitxa d&#8217;empresa a Google <strong>per dificultar l&#8217;expressi\u00f3 d&#8217;antics clients<\/strong> amb una mala experi\u00e8ncia.<\/p>\n<div class=\"gptslot-optiscroll intesto\" data-lazy=\"true\" data-adunitid=\"1\">\n<h3 id=\"opiniones-en-plataformas-de-valoracion-de-servicios\"><span class=\"ez-toc-section\" id=\"Opinions_en_plataformes_de_valoracio_de_serveis\"><\/span>Opinions en plataformes de valoraci\u00f3 de serveis<span class=\"ez-toc-section-end\"><\/span><\/h3>\n<p>La millor manera de comprovar si estem triant la assessoria adequada \u00e9s <strong>consultar les ressenyes i opinions al web.<\/strong> Gaireb\u00e9 totes les assessoreries tenen ressenyes d&#8217;usuaris de Google i, a m\u00e9s, hi ha altres plataformes amb major fiabilitat pel seu sistema de verificaci\u00f3 de ressenyes com ara TrustPilot.<\/p>\n<p data-evolink=\"https:\/\/www.autonomosyemprendedor.es\/articulo\/tu-negocio\/que-circunstancias-puede-autonomo-perder-tarifa-plana-largo-inicio-actividad\/20230620174844031018.html\" data-evotitle=\"\u00bfPuede un aut\u00f3nomo perder la Tarifa Plana?\" data-scrollama-index=\"0\">En qualsevol cas, per no caure en trampes, el millor \u00e9s guiar-se per aquests <strong>tres consells per decidir entre dues opcions d&#8217;assessoria mitjan\u00e7ant les valoracions:<\/strong><\/p>\n<ul>\n<li>Nom\u00e9s treure conclusions si hi ha moltes opinions, ja que \u00e9s el primer indici que hi ha una gran massa d&#8217;aut\u00f2noms gestionats i, per tant, experi\u00e8ncia i bagatge.<\/li>\n<li>Llegir les valoracions individualment i rebutjar tant les valoracions positives menys cre\u00efbles com les negatives que nom\u00e9s busquen fer mal a l&#8217;empresa i no trobar solucions.<\/li>\n<li>Buscar patrons comuns a les opinions que no es donin a altres assessoreries avaluades.<\/li>\n<\/ul>\n<\/div>\n<p>Si vols consultar m\u00e9s not\u00edcies:\u00a0<a href=\"https:\/\/www.ariasassessors.com\/actualidad\/\" target=\"_blank\" rel=\"noopener\">https:\/\/www.ariasassessors.com\/actualidad\/<\/a><\/p>\n<p>Not\u00edcia extreta de:<a href=\"https:\/\/www.autonomosyemprendedor.es\/articulo\/tu-negocio\/que-circunstancias-puede-autonomo-perder-tarifa-plana-largo-inicio-actividad\/20230620174844031018.html\" target=\"_blank\" rel=\"noopener\"> www.autonomosyemprendedor.es\/articulo\/<\/a><\/p>\n<div class=\"gptslot-optiscroll intesto\" data-lazy=\"true\" data-adunitid=\"1\">\n<p>&nbsp;<\/p>\n<\/div>\n","protected":false},"excerpt":{"rendered":"<p>En quines circumst\u00e0ncies pot un aut\u00f2nom perdre la Tarifa Plana durant l&#8217;inici de la seva activitat? Els emprenedors que gaudeixen de la Tarifa Plana poden perdre aquesta bonificaci\u00f3 i, en alguns casos, fins i tot patir rec\u00e0rrecs del 35% sobre la quota m\u00ednima. Sota el&#8230;<\/p>\n","protected":false},"author":2,"featured_media":2635,"comment_status":"open","ping_status":"open","sticky":false,"template":"","format":"standard","meta":{"footnotes":""},"categories":[4],"tags":[],"class_list":["post-2620","post","type-post","status-publish","format-standard","has-post-thumbnail","hentry","category-noticies"],"yoast_head":"<!-- This site is optimized with the Yoast SEO plugin v24.3 - https:\/\/yoast.com\/wordpress\/plugins\/seo\/ -->\n<title>Circumstancies que pot perde un Aut\u00f2nom la tarifa plana | Arias Assessors<\/title>\n<meta name=\"description\" content=\"Els emprenedors que gaudeixen de la Tarifa Plana poden perdre aquesta bonificaci\u00f3. Entra i coneix tots els detalls amb Arias Assessors.\" \/>\n<meta name=\"robots\" content=\"index, follow, max-snippet:-1, max-image-preview:large, max-video-preview:-1\" \/>\n<link rel=\"canonical\" href=\"https:\/\/www.ariasassessors.com\/ca\/circumstancies-pot-perdre-un-autonom-la-tarifa-plana\/\" \/>\n<meta property=\"og:locale\" content=\"ca_ES\" \/>\n<meta property=\"og:type\" content=\"article\" \/>\n<meta property=\"og:title\" content=\"Circumstancies que pot perde un Aut\u00f2nom la tarifa plana | Arias Assessors\" \/>\n<meta property=\"og:description\" content=\"Els emprenedors que gaudeixen de la Tarifa Plana poden perdre aquesta bonificaci\u00f3. Entra i coneix tots els detalls amb Arias Assessors.\" \/>\n<meta property=\"og:url\" content=\"https:\/\/www.ariasassessors.com\/ca\/circumstancies-pot-perdre-un-autonom-la-tarifa-plana\/\" \/>\n<meta property=\"og:site_name\" content=\"Arias Assessors\" \/>\n<meta property=\"article:publisher\" content=\"https:\/\/www.facebook.com\/ariasassessors\/\" \/>\n<meta property=\"article:published_time\" content=\"2023-06-27T12:59:07+00:00\" \/>\n<meta property=\"article:modified_time\" content=\"2023-06-28T09:30:26+00:00\" \/>\n<meta property=\"og:image\" content=\"https:\/\/www.ariasassessors.com\/wp-content\/uploads\/2023\/06\/Arias_Blog_IMAGEN_DESTACADA-32.png\" \/>\n\t<meta property=\"og:image:width\" content=\"1920\" \/>\n\t<meta property=\"og:image:height\" content=\"1202\" \/>\n\t<meta property=\"og:image:type\" content=\"image\/png\" \/>\n<meta name=\"author\" content=\"btorras\" \/>\n<meta name=\"twitter:card\" content=\"summary_large_image\" \/>\n<meta name=\"twitter:creator\" content=\"@ariasassessors\" \/>\n<meta name=\"twitter:site\" content=\"@ariasassessors\" \/>\n<meta name=\"twitter:label1\" content=\"Escrit per\" \/>\n\t<meta name=\"twitter:data1\" content=\"btorras\" \/>\n\t<meta name=\"twitter:label2\" content=\"Temps estimat de lectura\" \/>\n\t<meta name=\"twitter:data2\" content=\"25 minuts\" \/>\n<script type=\"application\/ld+json\" class=\"yoast-schema-graph\">{\"@context\":\"https:\/\/schema.org\",\"@graph\":[{\"@type\":\"Article\",\"@id\":\"https:\/\/www.ariasassessors.com\/ca\/circumstancies-pot-perdre-un-autonom-la-tarifa-plana\/#article\",\"isPartOf\":{\"@id\":\"https:\/\/www.ariasassessors.com\/ca\/circumstancies-pot-perdre-un-autonom-la-tarifa-plana\/\"},\"author\":{\"name\":\"btorras\",\"@id\":\"https:\/\/www.ariasassessors.com\/#\/schema\/person\/63c6ad1775f0a9413c37932562673cef\"},\"headline\":\"En quines circumst\u00e0ncies pot perdre un aut\u00f2nom la Tarifa Plana durant l&#8217;inici de la seva activitat?\",\"datePublished\":\"2023-06-27T12:59:07+00:00\",\"dateModified\":\"2023-06-28T09:30:26+00:00\",\"mainEntityOfPage\":{\"@id\":\"https:\/\/www.ariasassessors.com\/ca\/circumstancies-pot-perdre-un-autonom-la-tarifa-plana\/\"},\"wordCount\":5445,\"commentCount\":0,\"publisher\":{\"@id\":\"https:\/\/www.ariasassessors.com\/#organization\"},\"image\":{\"@id\":\"https:\/\/www.ariasassessors.com\/ca\/circumstancies-pot-perdre-un-autonom-la-tarifa-plana\/#primaryimage\"},\"thumbnailUrl\":\"https:\/\/www.ariasassessors.com\/wp-content\/uploads\/2023\/06\/Arias_Blog_IMAGEN_DESTACADA-32.png\",\"articleSection\":[\"noticies\"],\"inLanguage\":\"ca\",\"potentialAction\":[{\"@type\":\"CommentAction\",\"name\":\"Comment\",\"target\":[\"https:\/\/www.ariasassessors.com\/ca\/circumstancies-pot-perdre-un-autonom-la-tarifa-plana\/#respond\"]}]},{\"@type\":\"WebPage\",\"@id\":\"https:\/\/www.ariasassessors.com\/ca\/circumstancies-pot-perdre-un-autonom-la-tarifa-plana\/\",\"url\":\"https:\/\/www.ariasassessors.com\/ca\/circumstancies-pot-perdre-un-autonom-la-tarifa-plana\/\",\"name\":\"Circumstancies que pot perde un Aut\u00f2nom la tarifa plana | Arias Assessors\",\"isPartOf\":{\"@id\":\"https:\/\/www.ariasassessors.com\/#website\"},\"primaryImageOfPage\":{\"@id\":\"https:\/\/www.ariasassessors.com\/ca\/circumstancies-pot-perdre-un-autonom-la-tarifa-plana\/#primaryimage\"},\"image\":{\"@id\":\"https:\/\/www.ariasassessors.com\/ca\/circumstancies-pot-perdre-un-autonom-la-tarifa-plana\/#primaryimage\"},\"thumbnailUrl\":\"https:\/\/www.ariasassessors.com\/wp-content\/uploads\/2023\/06\/Arias_Blog_IMAGEN_DESTACADA-32.png\",\"datePublished\":\"2023-06-27T12:59:07+00:00\",\"dateModified\":\"2023-06-28T09:30:26+00:00\",\"description\":\"Els emprenedors que gaudeixen de la Tarifa Plana poden perdre aquesta bonificaci\u00f3. Entra i coneix tots els detalls amb Arias Assessors.\",\"breadcrumb\":{\"@id\":\"https:\/\/www.ariasassessors.com\/ca\/circumstancies-pot-perdre-un-autonom-la-tarifa-plana\/#breadcrumb\"},\"inLanguage\":\"ca\",\"potentialAction\":[{\"@type\":\"ReadAction\",\"target\":[\"https:\/\/www.ariasassessors.com\/ca\/circumstancies-pot-perdre-un-autonom-la-tarifa-plana\/\"]}]},{\"@type\":\"ImageObject\",\"inLanguage\":\"ca\",\"@id\":\"https:\/\/www.ariasassessors.com\/ca\/circumstancies-pot-perdre-un-autonom-la-tarifa-plana\/#primaryimage\",\"url\":\"https:\/\/www.ariasassessors.com\/wp-content\/uploads\/2023\/06\/Arias_Blog_IMAGEN_DESTACADA-32.png\",\"contentUrl\":\"https:\/\/www.ariasassessors.com\/wp-content\/uploads\/2023\/06\/Arias_Blog_IMAGEN_DESTACADA-32.png\",\"width\":1920,\"height\":1202,\"caption\":\"tarifa plana\"},{\"@type\":\"BreadcrumbList\",\"@id\":\"https:\/\/www.ariasassessors.com\/ca\/circumstancies-pot-perdre-un-autonom-la-tarifa-plana\/#breadcrumb\",\"itemListElement\":[{\"@type\":\"ListItem\",\"position\":1,\"name\":\"Portada\",\"item\":\"https:\/\/www.ariasassessors.com\/ca\/\"},{\"@type\":\"ListItem\",\"position\":2,\"name\":\"En quines circumst\u00e0ncies pot perdre un aut\u00f2nom la Tarifa Plana durant l&#8217;inici de la seva activitat?\"}]},{\"@type\":\"WebSite\",\"@id\":\"https:\/\/www.ariasassessors.com\/#website\",\"url\":\"https:\/\/www.ariasassessors.com\/\",\"name\":\"Arias Assessors\",\"description\":\"Asesor\u00eda para aut\u00f3nomos, profesionales y PYMES\",\"publisher\":{\"@id\":\"https:\/\/www.ariasassessors.com\/#organization\"},\"potentialAction\":[{\"@type\":\"SearchAction\",\"target\":{\"@type\":\"EntryPoint\",\"urlTemplate\":\"https:\/\/www.ariasassessors.com\/?s={search_term_string}\"},\"query-input\":{\"@type\":\"PropertyValueSpecification\",\"valueRequired\":true,\"valueName\":\"search_term_string\"}}],\"inLanguage\":\"ca\"},{\"@type\":\"Organization\",\"@id\":\"https:\/\/www.ariasassessors.com\/#organization\",\"name\":\"Arias Assessors\",\"url\":\"https:\/\/www.ariasassessors.com\/\",\"logo\":{\"@type\":\"ImageObject\",\"inLanguage\":\"ca\",\"@id\":\"https:\/\/www.ariasassessors.com\/#\/schema\/logo\/image\/\",\"url\":\"https:\/\/www.ariasassessors.com\/wp-content\/uploads\/2019\/01\/arias-logo.png\",\"contentUrl\":\"https:\/\/www.ariasassessors.com\/wp-content\/uploads\/2019\/01\/arias-logo.png\",\"width\":349,\"height\":254,\"caption\":\"Arias Assessors\"},\"image\":{\"@id\":\"https:\/\/www.ariasassessors.com\/#\/schema\/logo\/image\/\"},\"sameAs\":[\"https:\/\/www.facebook.com\/ariasassessors\/\",\"https:\/\/x.com\/ariasassessors\",\"https:\/\/www.linkedin.com\/company\/r&amp;amp;r-growing-knowledge\/\"]},{\"@type\":\"Person\",\"@id\":\"https:\/\/www.ariasassessors.com\/#\/schema\/person\/63c6ad1775f0a9413c37932562673cef\",\"name\":\"btorras\",\"image\":{\"@type\":\"ImageObject\",\"inLanguage\":\"ca\",\"@id\":\"https:\/\/www.ariasassessors.com\/#\/schema\/person\/image\/\",\"url\":\"https:\/\/secure.gravatar.com\/avatar\/0531db351fc361fdbfd204c58fa2d6a3?s=96&d=mm&r=g\",\"contentUrl\":\"https:\/\/secure.gravatar.com\/avatar\/0531db351fc361fdbfd204c58fa2d6a3?s=96&d=mm&r=g\",\"caption\":\"btorras\"}}]}<\/script>\n<!-- \/ Yoast SEO plugin. -->","yoast_head_json":{"title":"Circumstancies que pot perde un Aut\u00f2nom la tarifa plana | Arias Assessors","description":"Els emprenedors que gaudeixen de la Tarifa Plana poden perdre aquesta bonificaci\u00f3. Entra i coneix tots els detalls amb Arias Assessors.","robots":{"index":"index","follow":"follow","max-snippet":"max-snippet:-1","max-image-preview":"max-image-preview:large","max-video-preview":"max-video-preview:-1"},"canonical":"https:\/\/www.ariasassessors.com\/ca\/circumstancies-pot-perdre-un-autonom-la-tarifa-plana\/","og_locale":"ca_ES","og_type":"article","og_title":"Circumstancies que pot perde un Aut\u00f2nom la tarifa plana | Arias Assessors","og_description":"Els emprenedors que gaudeixen de la Tarifa Plana poden perdre aquesta bonificaci\u00f3. Entra i coneix tots els detalls amb Arias Assessors.","og_url":"https:\/\/www.ariasassessors.com\/ca\/circumstancies-pot-perdre-un-autonom-la-tarifa-plana\/","og_site_name":"Arias Assessors","article_publisher":"https:\/\/www.facebook.com\/ariasassessors\/","article_published_time":"2023-06-27T12:59:07+00:00","article_modified_time":"2023-06-28T09:30:26+00:00","og_image":[{"width":1920,"height":1202,"url":"https:\/\/www.ariasassessors.com\/wp-content\/uploads\/2023\/06\/Arias_Blog_IMAGEN_DESTACADA-32.png","type":"image\/png"}],"author":"btorras","twitter_card":"summary_large_image","twitter_creator":"@ariasassessors","twitter_site":"@ariasassessors","twitter_misc":{"Escrit per":"btorras","Temps estimat de lectura":"25 minuts"},"schema":{"@context":"https:\/\/schema.org","@graph":[{"@type":"Article","@id":"https:\/\/www.ariasassessors.com\/ca\/circumstancies-pot-perdre-un-autonom-la-tarifa-plana\/#article","isPartOf":{"@id":"https:\/\/www.ariasassessors.com\/ca\/circumstancies-pot-perdre-un-autonom-la-tarifa-plana\/"},"author":{"name":"btorras","@id":"https:\/\/www.ariasassessors.com\/#\/schema\/person\/63c6ad1775f0a9413c37932562673cef"},"headline":"En quines circumst\u00e0ncies pot perdre un aut\u00f2nom la Tarifa Plana durant l&#8217;inici de la seva activitat?","datePublished":"2023-06-27T12:59:07+00:00","dateModified":"2023-06-28T09:30:26+00:00","mainEntityOfPage":{"@id":"https:\/\/www.ariasassessors.com\/ca\/circumstancies-pot-perdre-un-autonom-la-tarifa-plana\/"},"wordCount":5445,"commentCount":0,"publisher":{"@id":"https:\/\/www.ariasassessors.com\/#organization"},"image":{"@id":"https:\/\/www.ariasassessors.com\/ca\/circumstancies-pot-perdre-un-autonom-la-tarifa-plana\/#primaryimage"},"thumbnailUrl":"https:\/\/www.ariasassessors.com\/wp-content\/uploads\/2023\/06\/Arias_Blog_IMAGEN_DESTACADA-32.png","articleSection":["noticies"],"inLanguage":"ca","potentialAction":[{"@type":"CommentAction","name":"Comment","target":["https:\/\/www.ariasassessors.com\/ca\/circumstancies-pot-perdre-un-autonom-la-tarifa-plana\/#respond"]}]},{"@type":"WebPage","@id":"https:\/\/www.ariasassessors.com\/ca\/circumstancies-pot-perdre-un-autonom-la-tarifa-plana\/","url":"https:\/\/www.ariasassessors.com\/ca\/circumstancies-pot-perdre-un-autonom-la-tarifa-plana\/","name":"Circumstancies que pot perde un Aut\u00f2nom la tarifa plana | Arias Assessors","isPartOf":{"@id":"https:\/\/www.ariasassessors.com\/#website"},"primaryImageOfPage":{"@id":"https:\/\/www.ariasassessors.com\/ca\/circumstancies-pot-perdre-un-autonom-la-tarifa-plana\/#primaryimage"},"image":{"@id":"https:\/\/www.ariasassessors.com\/ca\/circumstancies-pot-perdre-un-autonom-la-tarifa-plana\/#primaryimage"},"thumbnailUrl":"https:\/\/www.ariasassessors.com\/wp-content\/uploads\/2023\/06\/Arias_Blog_IMAGEN_DESTACADA-32.png","datePublished":"2023-06-27T12:59:07+00:00","dateModified":"2023-06-28T09:30:26+00:00","description":"Els emprenedors que gaudeixen de la Tarifa Plana poden perdre aquesta bonificaci\u00f3. Entra i coneix tots els detalls amb Arias Assessors.","breadcrumb":{"@id":"https:\/\/www.ariasassessors.com\/ca\/circumstancies-pot-perdre-un-autonom-la-tarifa-plana\/#breadcrumb"},"inLanguage":"ca","potentialAction":[{"@type":"ReadAction","target":["https:\/\/www.ariasassessors.com\/ca\/circumstancies-pot-perdre-un-autonom-la-tarifa-plana\/"]}]},{"@type":"ImageObject","inLanguage":"ca","@id":"https:\/\/www.ariasassessors.com\/ca\/circumstancies-pot-perdre-un-autonom-la-tarifa-plana\/#primaryimage","url":"https:\/\/www.ariasassessors.com\/wp-content\/uploads\/2023\/06\/Arias_Blog_IMAGEN_DESTACADA-32.png","contentUrl":"https:\/\/www.ariasassessors.com\/wp-content\/uploads\/2023\/06\/Arias_Blog_IMAGEN_DESTACADA-32.png","width":1920,"height":1202,"caption":"tarifa plana"},{"@type":"BreadcrumbList","@id":"https:\/\/www.ariasassessors.com\/ca\/circumstancies-pot-perdre-un-autonom-la-tarifa-plana\/#breadcrumb","itemListElement":[{"@type":"ListItem","position":1,"name":"Portada","item":"https:\/\/www.ariasassessors.com\/ca\/"},{"@type":"ListItem","position":2,"name":"En quines circumst\u00e0ncies pot perdre un aut\u00f2nom la Tarifa Plana durant l&#8217;inici de la seva activitat?"}]},{"@type":"WebSite","@id":"https:\/\/www.ariasassessors.com\/#website","url":"https:\/\/www.ariasassessors.com\/","name":"Arias Assessors","description":"Asesor\u00eda para aut\u00f3nomos, profesionales y PYMES","publisher":{"@id":"https:\/\/www.ariasassessors.com\/#organization"},"potentialAction":[{"@type":"SearchAction","target":{"@type":"EntryPoint","urlTemplate":"https:\/\/www.ariasassessors.com\/?s={search_term_string}"},"query-input":{"@type":"PropertyValueSpecification","valueRequired":true,"valueName":"search_term_string"}}],"inLanguage":"ca"},{"@type":"Organization","@id":"https:\/\/www.ariasassessors.com\/#organization","name":"Arias Assessors","url":"https:\/\/www.ariasassessors.com\/","logo":{"@type":"ImageObject","inLanguage":"ca","@id":"https:\/\/www.ariasassessors.com\/#\/schema\/logo\/image\/","url":"https:\/\/www.ariasassessors.com\/wp-content\/uploads\/2019\/01\/arias-logo.png","contentUrl":"https:\/\/www.ariasassessors.com\/wp-content\/uploads\/2019\/01\/arias-logo.png","width":349,"height":254,"caption":"Arias Assessors"},"image":{"@id":"https:\/\/www.ariasassessors.com\/#\/schema\/logo\/image\/"},"sameAs":["https:\/\/www.facebook.com\/ariasassessors\/","https:\/\/x.com\/ariasassessors","https:\/\/www.linkedin.com\/company\/r&amp;amp;r-growing-knowledge\/"]},{"@type":"Person","@id":"https:\/\/www.ariasassessors.com\/#\/schema\/person\/63c6ad1775f0a9413c37932562673cef","name":"btorras","image":{"@type":"ImageObject","inLanguage":"ca","@id":"https:\/\/www.ariasassessors.com\/#\/schema\/person\/image\/","url":"https:\/\/secure.gravatar.com\/avatar\/0531db351fc361fdbfd204c58fa2d6a3?s=96&d=mm&r=g","contentUrl":"https:\/\/secure.gravatar.com\/avatar\/0531db351fc361fdbfd204c58fa2d6a3?s=96&d=mm&r=g","caption":"btorras"}}]}},"_links":{"self":[{"href":"https:\/\/www.ariasassessors.com\/ca\/wp-json\/wp\/v2\/posts\/2620","targetHints":{"allow":["GET"]}}],"collection":[{"href":"https:\/\/www.ariasassessors.com\/ca\/wp-json\/wp\/v2\/posts"}],"about":[{"href":"https:\/\/www.ariasassessors.com\/ca\/wp-json\/wp\/v2\/types\/post"}],"author":[{"embeddable":true,"href":"https:\/\/www.ariasassessors.com\/ca\/wp-json\/wp\/v2\/users\/2"}],"replies":[{"embeddable":true,"href":"https:\/\/www.ariasassessors.com\/ca\/wp-json\/wp\/v2\/comments?post=2620"}],"version-history":[{"count":5,"href":"https:\/\/www.ariasassessors.com\/ca\/wp-json\/wp\/v2\/posts\/2620\/revisions"}],"predecessor-version":[{"id":2634,"href":"https:\/\/www.ariasassessors.com\/ca\/wp-json\/wp\/v2\/posts\/2620\/revisions\/2634"}],"wp:featuredmedia":[{"embeddable":true,"href":"https:\/\/www.ariasassessors.com\/ca\/wp-json\/wp\/v2\/media\/2635"}],"wp:attachment":[{"href":"https:\/\/www.ariasassessors.com\/ca\/wp-json\/wp\/v2\/media?parent=2620"}],"wp:term":[{"taxonomy":"category","embeddable":true,"href":"https:\/\/www.ariasassessors.com\/ca\/wp-json\/wp\/v2\/categories?post=2620"},{"taxonomy":"post_tag","embeddable":true,"href":"https:\/\/www.ariasassessors.com\/ca\/wp-json\/wp\/v2\/tags?post=2620"}],"curies":[{"name":"wp","href":"https:\/\/api.w.org\/{rel}","templated":true}]}}