{"id":2642,"date":"2023-06-28T17:33:03","date_gmt":"2023-06-28T15:33:03","guid":{"rendered":"https:\/\/www.ariasassessors.com\/rebaja-iva-alimentos-y-otras-medidas-fiscales\/"},"modified":"2023-06-28T17:43:25","modified_gmt":"2023-06-28T15:43:25","slug":"rebaixa-iva-dels-aliments-i-altres-mesures","status":"publish","type":"post","link":"https:\/\/www.ariasassessors.com\/ca\/rebaixa-iva-dels-aliments-i-altres-mesures\/","title":{"rendered":"Aprovada la pr\u00f2rroga de la rebaixa de l&#8217;IVA dels aliments i altres mesures fiscals"},"content":{"rendered":"<p>El Consell de Ministres celebrat el 27 de juny de 2023 ha prorrogat\u00a0la rebaixa de l&#8217;IVA\u00a0\u00a0dels aliments, la limitaci\u00f3 del preu de la bombona de but\u00e0 i el suport als transportistes i a la Palma fins a final d&#8217;any. Aix\u00ed mateix, tamb\u00e9 ha incorporat una nova deducci\u00f3 del 15% en l&#8217;IRPF per la compra d&#8217;un vehicle el\u00e8ctric nou i adoptat mesures per a afavorir la instal\u00b7laci\u00f3 de punts de rec\u00e0rrega per a ells.<\/p>\n<p>El Consell de Ministres celebrat el 27 de juny de 2023 ha aprovat un Reial decret llei, pendent de publicaci\u00f3 en el BOE, per mitj\u00e0 del qual es\u00a0<strong>prorroguen determinades mesures de resposta a les conseq\u00fc\u00e8ncies econ\u00f2miques i socials derivades de la guerra d&#8217;Ucra\u00efna, de suport a la reconstrucci\u00f3 de l&#8217;illa de La Palma i a altres situacions de vulnerabilitat. Aix\u00ed, algunes de les mesures adoptades en 2022 per a abaratir el cost de la vida i refor\u00e7ar la lluita contra la inflaci\u00f3, s&#8217;estenen\u00a0 fins al 31 de desembre de 2023<\/strong>.<\/p>\n<p>En particular, es mantenen bona part de les mesures previstes en el\u00a0Reial decret llei 20\/2022, de 27 de desembre, entre les quals es troben:<\/p>\n<p>&#8211; Les <strong>rebaixes de l&#8217;IVA\u00a0\u00a0al preu final dels aliments<\/strong>. Els aliments de primera necessitat mantindran un IVA del 0%,\u00a0 aix\u00ed com aquells altres que van veure redu\u00eft el seu tipus del 10 al 5%, com les parts i els olis alimentosos.<\/p>\n<p>Es mantenen les rebaixes de l&#8217;IVA\u00a0\u00a0del 4 al 0% en els productes de primera necessitat i del 10 al 5% en altres productes b\u00e0sics, amb vig\u00e8ncia\u00a0<strong>fins al 31 de desembre de 2023, sempre que la taxa interanual de la inflaci\u00f3 subjacent estigui per sobre del 5,5%.<\/strong> En cas contrari, si aquesta taxa cau per sota d&#8217;aquest l\u00edmit (la dada es coneixer\u00e0 a l&#8217;octubre),\u00a0es recuperaria el tipus impositiu habitual de l&#8217;IVA\u00a0\u00a0d&#8217;aquests aliments en els dos \u00faltims mesos de l&#8217;any.<\/p>\n<p>D&#8217;altra banda, els\u00a0<strong>llistats d&#8217;aliments afectats romanen inalterats<\/strong>. En el cas de l&#8217;IVA\u00a0\u00a0que passa del 4 al 0%, els productes de primera necessitat afectats continuen sent el\u00a0pa com\u00fa, la massa de pa com\u00fa congelada i el pa com\u00fa congelat destinats exclusivament a l&#8217;elaboraci\u00f3 del pa com\u00fa; les farines panificables, les llets produ\u00efdes per qualsevol esp\u00e8cie animal (natural, certificada, pasteuritzada, concentrada, desnatada, esterilitzada,\u00a0UHT, evaporada i en pols); els formatges; els ous; aix\u00ed com les fruites, verdures, hortalisses, llegums, tubercles i cereals, que tinguin la condici\u00f3 de productes naturals d&#8217;acord amb el Codi Alimentari i les disposicions dictades per al seu desenvolupament. Per part seva, la rebaixa del 10 al 5% d&#8217;IVA,\u00a0 continuar\u00e0 referida a les pastes alimentoses i els olis, incl\u00f2s el d&#8217;oliva.<\/p>\n<p>&#8211; La <strong>limitaci\u00f3 del cost final de la bombona de but\u00e0<\/strong>.<br \/>\n&#8211; Les <strong>bonificacions als abonaments de transport de les CCAA.<\/strong><br \/>\n&#8211; Les <strong>ajudes als transportistes<\/strong>.<\/p>\n<p>No obstant aix\u00f2, no es recullen altres decisions que ja s&#8217;havien aprovat a la fi de 2022, com les rebaixes de l&#8217;IVA\u00a0\u00a0en la llum i el gas o la suspensi\u00f3 de l&#8217;Impost Especial sobre l&#8217;Electricitat, al ja contemplar-se\u00a0la seva aplicaci\u00f3 estaria vigent fins al 31 de desembre de 2023.<\/p>\n<p>Finalment, el Reial decret llei ara aprovat tamb\u00e9\u00a0<strong>inclou una deducci\u00f3 del 15% en l&#8217;IRPF per a la compra d&#8217;un vehicle el\u00e8ctric nou<\/strong>, mesures de\u00a0<strong>foment de la instal\u00b7laci\u00f3 de punts de rec\u00e0rrega per a aquests cotxes.<\/strong><\/p>\n<p>La mesura s&#8217;estendr\u00e0\u00a0<strong>fins al 31 de desembre de 2024 i ser\u00e0 susceptible d&#8217;ampliar-se a desembre de 2025<\/strong>\u00a0quan es doni el vistiplau a l&#8217;addenda del Pla de Recuperaci\u00f3 que el Consell de ministres va aprovar a principis de juny.<\/p>\n<p>Juntament amb el pagament complet, s&#8217;admetran\u00a0altres opcions per a accedir a la desgravaci\u00f3, com l&#8217;abonament al venedor d&#8217;una quantitat a compte per a l&#8217;adquisici\u00f3 del vehicle d&#8217;almenys el 25% (en tal cas, la deducci\u00f3 es dur\u00e0 a terme en el per\u00edode en el qual s&#8217;aboni aquesta quantitat de bestreta). La base m\u00e0xima de la deducci\u00f3 ser\u00e0 de 20.000 euros, xifra constitu\u00efda per l&#8217;adquisici\u00f3, despeses i tributs inherents a una compra d&#8217;aquest tipus.<\/p>\n<p>Paral\u00b7lelament,\u00a0es <strong>fomenta amb mesures similars la instal\u00b7laci\u00f3 de punts de rec\u00e0rrega per a aquests cotxes<\/strong>. Els particulars podran accedir a una\u00a0<strong>deducci\u00f3 del 15% en l&#8217;IRPF si instal\u00b7len aquests punts endollables<\/strong>\u00a0per a recarregar la bateria en un immoble de la seva propietat. El requisit \u00e9s fer-lo\u00a0<strong>abans del 31 de desembre de 2024<\/strong>\u00a0i que aquest sistema no estigui vinculat a una activitat econ\u00f2mica. En el cas <strong>d&#8217;empreses\u00a0 i aut\u00f2noms, es posar\u00e0 en marxa una amortitzaci\u00f3 anticipada en el\u00a0IS<\/strong>\u00a0per als qui instal\u00b7lin aquests sistemes de rec\u00e0rrega de bateries, que s&#8217;executar\u00e0 en funci\u00f3 de les circumst\u00e0ncies de cada beneficiari i\u00a0podr\u00e0 ser gaudida pels qui instal\u00b7lin aquests punts endollables en els exercicis 2023, 2024 o 2025. Aix\u00f2 complementa a l&#8217;amortitzaci\u00f3 ja disponible en\u00a0IS\u00a0per a la compra de vehicles el\u00e8ctrics.<\/p>\n<p><strong>Descomptes en el transport p\u00fablic i per a transportistes<\/strong><\/p>\n<p>Es\u00a0<strong>prorroga el paquet d&#8217;ajudes directes per a promoure una rebaixa d&#8217;almenys el 50% del preu dels abonaments i t\u00edtols multiviatge del transport p\u00fablic col\u00b7lectiu urb\u00e0 i interurb\u00e0<\/strong>\u00a0durant el segon semestre de 2023. Aix\u00ed, se subvenciona\u00a0durant sis mesos m\u00e9s la rebaixa del 30% del transport a les comunitats aut\u00f2nomes i les entitats locals que es comprometin a implantar i complementar els descomptes perqu\u00e8, com a m\u00ednim, es redueixi a la meitat el preu dels serveis de transport terrestre de la seva compet\u00e8ncia per als viatgers habituals.<\/p>\n<p>D&#8217;altra banda, <strong>s&#8217;amplia\u00a0\u00a0fins al 31 de desembre de 2023 la bonificaci\u00f3 als combustibles per al sector del transport professional per carretera<\/strong>. Aquesta mesura s&#8217;articula\u00a0en dues fases: la primera contempla la pr\u00f2rroga del descompte de 10 c\u00e8ntims per litre de combustible consumit fins al 30 de setembre de 2023, i la segona una bonificaci\u00f3 de 5 c\u00e8ntims d&#8217;euros entre l&#8217;1 d&#8217;octubre i el 31 de desembre de 2023.\u00a0Per a les flotes mogudes per gas es preveu una compensaci\u00f3 de 13 c\u00e8ntims fins a setembre i de 7 c\u00e8ntims d&#8217;euros durant l&#8217;\u00faltim trimestre de l&#8217;any, donades les especials circumst\u00e0ncies a les quals s&#8217;enfronta el preu del gas en aquesta etapa.<\/p>\n<p>En tal sentit, es recullen\u00a0<strong>dos mecanismes per a calcular i abonar les ajudes de 10 i 5 c\u00e8ntims<\/strong>\u00a0d&#8217;euros per litre als transportistes\u00a0<strong>en funci\u00f3 de si tenen dret o no a la devoluci\u00f3 parcial de l&#8217;Impost sobre Hidrocarburs<\/strong>. Per a les\u00a0empreses que es beneficien de la devoluci\u00f3 del gasoil professional, l&#8217;ajuda s&#8217;abonar\u00e0 en finalitzar cada mes d&#8217;aplicaci\u00f3 de la mesura, al costat de la devoluci\u00f3 parcial de l&#8217;Impost d&#8217;Hidrocarburs, i es calcular\u00e0 en funci\u00f3 dels litres consumits i pagats amb les targetes de gasoil professional.<\/p>\n<p>D&#8217;altra banda, s&#8217;estableix un sistema d&#8217;ajudes directes per a les empreses i treballadors aut\u00f2noms que no es beneficien de la devoluci\u00f3 del gasoil professional; que haur\u00e0 de sol\u00b7licitar-se\u00a0a trav\u00e9s de la seu electr\u00f2nica de la\u00a0AEAT\u00a0entre el 18 de setembre i el 31 d&#8217;octubre de 2023, i que, una vegada aprovada, s&#8217;abonar\u00e0 en un \u00fanic pagament.<\/p>\n<p>&nbsp;<\/p>\n<p>Si vols consultar m\u00e9s not\u00edcies:\u00a0<a href=\"https:\/\/www.ariasassessors.com\/ca\/actualitat\/\">www.ariasassessors.com\/ca\/actualitat\/<\/a><\/p>\n","protected":false},"excerpt":{"rendered":"<p>El Consell de Ministres celebrat el 27 de juny de 2023 ha prorrogat\u00a0la rebaixa de l&#8217;IVA\u00a0\u00a0dels aliments, la limitaci\u00f3 del preu de la bombona de but\u00e0 i el suport als transportistes i a la Palma fins a final d&#8217;any. Aix\u00ed mateix, tamb\u00e9 ha incorporat una&#8230;<\/p>\n","protected":false},"author":2,"featured_media":2639,"comment_status":"open","ping_status":"open","sticky":false,"template":"","format":"standard","meta":{"footnotes":""},"categories":[4],"tags":[],"class_list":["post-2642","post","type-post","status-publish","format-standard","has-post-thumbnail","hentry","category-noticies"],"yoast_head":"<!-- This site is optimized with the Yoast SEO plugin v24.3 - https:\/\/yoast.com\/wordpress\/plugins\/seo\/ -->\n<title>Rebaixa IVA d&#039;aliments i altres mesures fiscals | Arias Assessors<\/title>\n<meta name=\"description\" content=\"Aprovada la pr\u00f2rroga de la rebaixa de l&#039;IVA dels aliments i altres mesures fiscals. entra i coneix tots els detalls amb Arias Assessors.\" \/>\n<meta name=\"robots\" content=\"index, follow, max-snippet:-1, max-image-preview:large, max-video-preview:-1\" \/>\n<link rel=\"canonical\" href=\"https:\/\/www.ariasassessors.com\/ca\/rebaixa-iva-dels-aliments-i-altres-mesures\/\" \/>\n<meta property=\"og:locale\" content=\"ca_ES\" \/>\n<meta property=\"og:type\" content=\"article\" \/>\n<meta property=\"og:title\" content=\"Rebaixa IVA d&#039;aliments i altres mesures fiscals | Arias Assessors\" \/>\n<meta property=\"og:description\" content=\"Aprovada la pr\u00f2rroga de la rebaixa de l&#039;IVA dels aliments i altres mesures fiscals. entra i coneix tots els detalls amb Arias Assessors.\" \/>\n<meta property=\"og:url\" content=\"https:\/\/www.ariasassessors.com\/ca\/rebaixa-iva-dels-aliments-i-altres-mesures\/\" \/>\n<meta property=\"og:site_name\" content=\"Arias Assessors\" \/>\n<meta property=\"article:publisher\" content=\"https:\/\/www.facebook.com\/ariasassessors\/\" \/>\n<meta property=\"article:published_time\" content=\"2023-06-28T15:33:03+00:00\" \/>\n<meta property=\"article:modified_time\" content=\"2023-06-28T15:43:25+00:00\" \/>\n<meta property=\"og:image\" content=\"https:\/\/www.ariasassessors.com\/wp-content\/uploads\/2023\/06\/Arias_Blog_IMAGEN_DESTACADA-33.png\" \/>\n\t<meta property=\"og:image:width\" content=\"1920\" \/>\n\t<meta property=\"og:image:height\" content=\"1202\" \/>\n\t<meta property=\"og:image:type\" content=\"image\/png\" \/>\n<meta name=\"author\" content=\"btorras\" \/>\n<meta name=\"twitter:card\" content=\"summary_large_image\" \/>\n<meta name=\"twitter:creator\" content=\"@ariasassessors\" \/>\n<meta name=\"twitter:site\" content=\"@ariasassessors\" \/>\n<meta name=\"twitter:label1\" content=\"Escrit per\" \/>\n\t<meta name=\"twitter:data1\" content=\"btorras\" \/>\n\t<meta name=\"twitter:label2\" content=\"Temps estimat de lectura\" \/>\n\t<meta name=\"twitter:data2\" content=\"6 minuts\" \/>\n<script type=\"application\/ld+json\" class=\"yoast-schema-graph\">{\"@context\":\"https:\/\/schema.org\",\"@graph\":[{\"@type\":\"Article\",\"@id\":\"https:\/\/www.ariasassessors.com\/ca\/rebaixa-iva-dels-aliments-i-altres-mesures\/#article\",\"isPartOf\":{\"@id\":\"https:\/\/www.ariasassessors.com\/ca\/rebaixa-iva-dels-aliments-i-altres-mesures\/\"},\"author\":{\"name\":\"btorras\",\"@id\":\"https:\/\/www.ariasassessors.com\/#\/schema\/person\/63c6ad1775f0a9413c37932562673cef\"},\"headline\":\"Aprovada la pr\u00f2rroga de la rebaixa de l&#8217;IVA dels aliments i altres mesures fiscals\",\"datePublished\":\"2023-06-28T15:33:03+00:00\",\"dateModified\":\"2023-06-28T15:43:25+00:00\",\"mainEntityOfPage\":{\"@id\":\"https:\/\/www.ariasassessors.com\/ca\/rebaixa-iva-dels-aliments-i-altres-mesures\/\"},\"wordCount\":1177,\"commentCount\":0,\"publisher\":{\"@id\":\"https:\/\/www.ariasassessors.com\/#organization\"},\"image\":{\"@id\":\"https:\/\/www.ariasassessors.com\/ca\/rebaixa-iva-dels-aliments-i-altres-mesures\/#primaryimage\"},\"thumbnailUrl\":\"https:\/\/www.ariasassessors.com\/wp-content\/uploads\/2023\/06\/Arias_Blog_IMAGEN_DESTACADA-33.png\",\"articleSection\":[\"noticies\"],\"inLanguage\":\"ca\",\"potentialAction\":[{\"@type\":\"CommentAction\",\"name\":\"Comment\",\"target\":[\"https:\/\/www.ariasassessors.com\/ca\/rebaixa-iva-dels-aliments-i-altres-mesures\/#respond\"]}]},{\"@type\":\"WebPage\",\"@id\":\"https:\/\/www.ariasassessors.com\/ca\/rebaixa-iva-dels-aliments-i-altres-mesures\/\",\"url\":\"https:\/\/www.ariasassessors.com\/ca\/rebaixa-iva-dels-aliments-i-altres-mesures\/\",\"name\":\"Rebaixa IVA d'aliments i altres mesures fiscals | Arias Assessors\",\"isPartOf\":{\"@id\":\"https:\/\/www.ariasassessors.com\/#website\"},\"primaryImageOfPage\":{\"@id\":\"https:\/\/www.ariasassessors.com\/ca\/rebaixa-iva-dels-aliments-i-altres-mesures\/#primaryimage\"},\"image\":{\"@id\":\"https:\/\/www.ariasassessors.com\/ca\/rebaixa-iva-dels-aliments-i-altres-mesures\/#primaryimage\"},\"thumbnailUrl\":\"https:\/\/www.ariasassessors.com\/wp-content\/uploads\/2023\/06\/Arias_Blog_IMAGEN_DESTACADA-33.png\",\"datePublished\":\"2023-06-28T15:33:03+00:00\",\"dateModified\":\"2023-06-28T15:43:25+00:00\",\"description\":\"Aprovada la pr\u00f2rroga de la rebaixa de l'IVA dels aliments i altres mesures fiscals. entra i coneix tots els detalls amb Arias Assessors.\",\"breadcrumb\":{\"@id\":\"https:\/\/www.ariasassessors.com\/ca\/rebaixa-iva-dels-aliments-i-altres-mesures\/#breadcrumb\"},\"inLanguage\":\"ca\",\"potentialAction\":[{\"@type\":\"ReadAction\",\"target\":[\"https:\/\/www.ariasassessors.com\/ca\/rebaixa-iva-dels-aliments-i-altres-mesures\/\"]}]},{\"@type\":\"ImageObject\",\"inLanguage\":\"ca\",\"@id\":\"https:\/\/www.ariasassessors.com\/ca\/rebaixa-iva-dels-aliments-i-altres-mesures\/#primaryimage\",\"url\":\"https:\/\/www.ariasassessors.com\/wp-content\/uploads\/2023\/06\/Arias_Blog_IMAGEN_DESTACADA-33.png\",\"contentUrl\":\"https:\/\/www.ariasassessors.com\/wp-content\/uploads\/2023\/06\/Arias_Blog_IMAGEN_DESTACADA-33.png\",\"width\":1920,\"height\":1202,\"caption\":\"iva de los alimentos\"},{\"@type\":\"BreadcrumbList\",\"@id\":\"https:\/\/www.ariasassessors.com\/ca\/rebaixa-iva-dels-aliments-i-altres-mesures\/#breadcrumb\",\"itemListElement\":[{\"@type\":\"ListItem\",\"position\":1,\"name\":\"Portada\",\"item\":\"https:\/\/www.ariasassessors.com\/ca\/\"},{\"@type\":\"ListItem\",\"position\":2,\"name\":\"Aprovada la pr\u00f2rroga de la rebaixa de l&#8217;IVA dels aliments i altres mesures fiscals\"}]},{\"@type\":\"WebSite\",\"@id\":\"https:\/\/www.ariasassessors.com\/#website\",\"url\":\"https:\/\/www.ariasassessors.com\/\",\"name\":\"Arias Assessors\",\"description\":\"Asesor\u00eda para aut\u00f3nomos, profesionales y PYMES\",\"publisher\":{\"@id\":\"https:\/\/www.ariasassessors.com\/#organization\"},\"potentialAction\":[{\"@type\":\"SearchAction\",\"target\":{\"@type\":\"EntryPoint\",\"urlTemplate\":\"https:\/\/www.ariasassessors.com\/?s={search_term_string}\"},\"query-input\":{\"@type\":\"PropertyValueSpecification\",\"valueRequired\":true,\"valueName\":\"search_term_string\"}}],\"inLanguage\":\"ca\"},{\"@type\":\"Organization\",\"@id\":\"https:\/\/www.ariasassessors.com\/#organization\",\"name\":\"Arias Assessors\",\"url\":\"https:\/\/www.ariasassessors.com\/\",\"logo\":{\"@type\":\"ImageObject\",\"inLanguage\":\"ca\",\"@id\":\"https:\/\/www.ariasassessors.com\/#\/schema\/logo\/image\/\",\"url\":\"https:\/\/www.ariasassessors.com\/wp-content\/uploads\/2019\/01\/arias-logo.png\",\"contentUrl\":\"https:\/\/www.ariasassessors.com\/wp-content\/uploads\/2019\/01\/arias-logo.png\",\"width\":349,\"height\":254,\"caption\":\"Arias Assessors\"},\"image\":{\"@id\":\"https:\/\/www.ariasassessors.com\/#\/schema\/logo\/image\/\"},\"sameAs\":[\"https:\/\/www.facebook.com\/ariasassessors\/\",\"https:\/\/x.com\/ariasassessors\",\"https:\/\/www.linkedin.com\/company\/r&amp;amp;r-growing-knowledge\/\"]},{\"@type\":\"Person\",\"@id\":\"https:\/\/www.ariasassessors.com\/#\/schema\/person\/63c6ad1775f0a9413c37932562673cef\",\"name\":\"btorras\",\"image\":{\"@type\":\"ImageObject\",\"inLanguage\":\"ca\",\"@id\":\"https:\/\/www.ariasassessors.com\/#\/schema\/person\/image\/\",\"url\":\"https:\/\/secure.gravatar.com\/avatar\/0531db351fc361fdbfd204c58fa2d6a3?s=96&d=mm&r=g\",\"contentUrl\":\"https:\/\/secure.gravatar.com\/avatar\/0531db351fc361fdbfd204c58fa2d6a3?s=96&d=mm&r=g\",\"caption\":\"btorras\"}}]}<\/script>\n<!-- \/ Yoast SEO plugin. -->","yoast_head_json":{"title":"Rebaixa IVA d'aliments i altres mesures fiscals | Arias Assessors","description":"Aprovada la pr\u00f2rroga de la rebaixa de l'IVA dels aliments i altres mesures fiscals. entra i coneix tots els detalls amb Arias Assessors.","robots":{"index":"index","follow":"follow","max-snippet":"max-snippet:-1","max-image-preview":"max-image-preview:large","max-video-preview":"max-video-preview:-1"},"canonical":"https:\/\/www.ariasassessors.com\/ca\/rebaixa-iva-dels-aliments-i-altres-mesures\/","og_locale":"ca_ES","og_type":"article","og_title":"Rebaixa IVA d'aliments i altres mesures fiscals | Arias Assessors","og_description":"Aprovada la pr\u00f2rroga de la rebaixa de l'IVA dels aliments i altres mesures fiscals. entra i coneix tots els detalls amb Arias Assessors.","og_url":"https:\/\/www.ariasassessors.com\/ca\/rebaixa-iva-dels-aliments-i-altres-mesures\/","og_site_name":"Arias Assessors","article_publisher":"https:\/\/www.facebook.com\/ariasassessors\/","article_published_time":"2023-06-28T15:33:03+00:00","article_modified_time":"2023-06-28T15:43:25+00:00","og_image":[{"width":1920,"height":1202,"url":"https:\/\/www.ariasassessors.com\/wp-content\/uploads\/2023\/06\/Arias_Blog_IMAGEN_DESTACADA-33.png","type":"image\/png"}],"author":"btorras","twitter_card":"summary_large_image","twitter_creator":"@ariasassessors","twitter_site":"@ariasassessors","twitter_misc":{"Escrit per":"btorras","Temps estimat de lectura":"6 minuts"},"schema":{"@context":"https:\/\/schema.org","@graph":[{"@type":"Article","@id":"https:\/\/www.ariasassessors.com\/ca\/rebaixa-iva-dels-aliments-i-altres-mesures\/#article","isPartOf":{"@id":"https:\/\/www.ariasassessors.com\/ca\/rebaixa-iva-dels-aliments-i-altres-mesures\/"},"author":{"name":"btorras","@id":"https:\/\/www.ariasassessors.com\/#\/schema\/person\/63c6ad1775f0a9413c37932562673cef"},"headline":"Aprovada la pr\u00f2rroga de la rebaixa de l&#8217;IVA dels aliments i altres mesures fiscals","datePublished":"2023-06-28T15:33:03+00:00","dateModified":"2023-06-28T15:43:25+00:00","mainEntityOfPage":{"@id":"https:\/\/www.ariasassessors.com\/ca\/rebaixa-iva-dels-aliments-i-altres-mesures\/"},"wordCount":1177,"commentCount":0,"publisher":{"@id":"https:\/\/www.ariasassessors.com\/#organization"},"image":{"@id":"https:\/\/www.ariasassessors.com\/ca\/rebaixa-iva-dels-aliments-i-altres-mesures\/#primaryimage"},"thumbnailUrl":"https:\/\/www.ariasassessors.com\/wp-content\/uploads\/2023\/06\/Arias_Blog_IMAGEN_DESTACADA-33.png","articleSection":["noticies"],"inLanguage":"ca","potentialAction":[{"@type":"CommentAction","name":"Comment","target":["https:\/\/www.ariasassessors.com\/ca\/rebaixa-iva-dels-aliments-i-altres-mesures\/#respond"]}]},{"@type":"WebPage","@id":"https:\/\/www.ariasassessors.com\/ca\/rebaixa-iva-dels-aliments-i-altres-mesures\/","url":"https:\/\/www.ariasassessors.com\/ca\/rebaixa-iva-dels-aliments-i-altres-mesures\/","name":"Rebaixa IVA d'aliments i altres mesures fiscals | Arias Assessors","isPartOf":{"@id":"https:\/\/www.ariasassessors.com\/#website"},"primaryImageOfPage":{"@id":"https:\/\/www.ariasassessors.com\/ca\/rebaixa-iva-dels-aliments-i-altres-mesures\/#primaryimage"},"image":{"@id":"https:\/\/www.ariasassessors.com\/ca\/rebaixa-iva-dels-aliments-i-altres-mesures\/#primaryimage"},"thumbnailUrl":"https:\/\/www.ariasassessors.com\/wp-content\/uploads\/2023\/06\/Arias_Blog_IMAGEN_DESTACADA-33.png","datePublished":"2023-06-28T15:33:03+00:00","dateModified":"2023-06-28T15:43:25+00:00","description":"Aprovada la pr\u00f2rroga de la rebaixa de l'IVA dels aliments i altres mesures fiscals. entra i coneix tots els detalls amb Arias Assessors.","breadcrumb":{"@id":"https:\/\/www.ariasassessors.com\/ca\/rebaixa-iva-dels-aliments-i-altres-mesures\/#breadcrumb"},"inLanguage":"ca","potentialAction":[{"@type":"ReadAction","target":["https:\/\/www.ariasassessors.com\/ca\/rebaixa-iva-dels-aliments-i-altres-mesures\/"]}]},{"@type":"ImageObject","inLanguage":"ca","@id":"https:\/\/www.ariasassessors.com\/ca\/rebaixa-iva-dels-aliments-i-altres-mesures\/#primaryimage","url":"https:\/\/www.ariasassessors.com\/wp-content\/uploads\/2023\/06\/Arias_Blog_IMAGEN_DESTACADA-33.png","contentUrl":"https:\/\/www.ariasassessors.com\/wp-content\/uploads\/2023\/06\/Arias_Blog_IMAGEN_DESTACADA-33.png","width":1920,"height":1202,"caption":"iva de los alimentos"},{"@type":"BreadcrumbList","@id":"https:\/\/www.ariasassessors.com\/ca\/rebaixa-iva-dels-aliments-i-altres-mesures\/#breadcrumb","itemListElement":[{"@type":"ListItem","position":1,"name":"Portada","item":"https:\/\/www.ariasassessors.com\/ca\/"},{"@type":"ListItem","position":2,"name":"Aprovada la pr\u00f2rroga de la rebaixa de l&#8217;IVA dels aliments i altres mesures fiscals"}]},{"@type":"WebSite","@id":"https:\/\/www.ariasassessors.com\/#website","url":"https:\/\/www.ariasassessors.com\/","name":"Arias Assessors","description":"Asesor\u00eda para aut\u00f3nomos, profesionales y PYMES","publisher":{"@id":"https:\/\/www.ariasassessors.com\/#organization"},"potentialAction":[{"@type":"SearchAction","target":{"@type":"EntryPoint","urlTemplate":"https:\/\/www.ariasassessors.com\/?s={search_term_string}"},"query-input":{"@type":"PropertyValueSpecification","valueRequired":true,"valueName":"search_term_string"}}],"inLanguage":"ca"},{"@type":"Organization","@id":"https:\/\/www.ariasassessors.com\/#organization","name":"Arias Assessors","url":"https:\/\/www.ariasassessors.com\/","logo":{"@type":"ImageObject","inLanguage":"ca","@id":"https:\/\/www.ariasassessors.com\/#\/schema\/logo\/image\/","url":"https:\/\/www.ariasassessors.com\/wp-content\/uploads\/2019\/01\/arias-logo.png","contentUrl":"https:\/\/www.ariasassessors.com\/wp-content\/uploads\/2019\/01\/arias-logo.png","width":349,"height":254,"caption":"Arias Assessors"},"image":{"@id":"https:\/\/www.ariasassessors.com\/#\/schema\/logo\/image\/"},"sameAs":["https:\/\/www.facebook.com\/ariasassessors\/","https:\/\/x.com\/ariasassessors","https:\/\/www.linkedin.com\/company\/r&amp;amp;r-growing-knowledge\/"]},{"@type":"Person","@id":"https:\/\/www.ariasassessors.com\/#\/schema\/person\/63c6ad1775f0a9413c37932562673cef","name":"btorras","image":{"@type":"ImageObject","inLanguage":"ca","@id":"https:\/\/www.ariasassessors.com\/#\/schema\/person\/image\/","url":"https:\/\/secure.gravatar.com\/avatar\/0531db351fc361fdbfd204c58fa2d6a3?s=96&d=mm&r=g","contentUrl":"https:\/\/secure.gravatar.com\/avatar\/0531db351fc361fdbfd204c58fa2d6a3?s=96&d=mm&r=g","caption":"btorras"}}]}},"_links":{"self":[{"href":"https:\/\/www.ariasassessors.com\/ca\/wp-json\/wp\/v2\/posts\/2642","targetHints":{"allow":["GET"]}}],"collection":[{"href":"https:\/\/www.ariasassessors.com\/ca\/wp-json\/wp\/v2\/posts"}],"about":[{"href":"https:\/\/www.ariasassessors.com\/ca\/wp-json\/wp\/v2\/types\/post"}],"author":[{"embeddable":true,"href":"https:\/\/www.ariasassessors.com\/ca\/wp-json\/wp\/v2\/users\/2"}],"replies":[{"embeddable":true,"href":"https:\/\/www.ariasassessors.com\/ca\/wp-json\/wp\/v2\/comments?post=2642"}],"version-history":[{"count":3,"href":"https:\/\/www.ariasassessors.com\/ca\/wp-json\/wp\/v2\/posts\/2642\/revisions"}],"predecessor-version":[{"id":2645,"href":"https:\/\/www.ariasassessors.com\/ca\/wp-json\/wp\/v2\/posts\/2642\/revisions\/2645"}],"wp:featuredmedia":[{"embeddable":true,"href":"https:\/\/www.ariasassessors.com\/ca\/wp-json\/wp\/v2\/media\/2639"}],"wp:attachment":[{"href":"https:\/\/www.ariasassessors.com\/ca\/wp-json\/wp\/v2\/media?parent=2642"}],"wp:term":[{"taxonomy":"category","embeddable":true,"href":"https:\/\/www.ariasassessors.com\/ca\/wp-json\/wp\/v2\/categories?post=2642"},{"taxonomy":"post_tag","embeddable":true,"href":"https:\/\/www.ariasassessors.com\/ca\/wp-json\/wp\/v2\/tags?post=2642"}],"curies":[{"name":"wp","href":"https:\/\/api.w.org\/{rel}","templated":true}]}}