{"id":2653,"date":"2023-07-05T16:55:14","date_gmt":"2023-07-05T14:55:14","guid":{"rendered":"https:\/\/www.ariasassessors.com\/la-agencia-tributaria-esta-usando-la-devolucion-de-la-renta-para-cobrarse-las-deudas-de-los-autonomos\/"},"modified":"2023-07-05T17:09:49","modified_gmt":"2023-07-05T15:09:49","slug":"agencia-tributaria-esta-utilitzant-la-renta-per-cobrar-deutes-dels-autonoms","status":"publish","type":"post","link":"https:\/\/www.ariasassessors.com\/ca\/agencia-tributaria-esta-utilitzant-la-renta-per-cobrar-deutes-dels-autonoms\/","title":{"rendered":"L&#8217;Ag\u00e8ncia Tribut\u00e0ria est\u00e0 usant la devoluci\u00f3 de la RENDA per a cobrar-se els deutes dels aut\u00f2noms"},"content":{"rendered":"<p>L&#8217;Ag\u00e8ncia Tribut\u00e0ria est\u00e0 usant, igual que en anys anteriors, la devoluci\u00f3 de la RENDA dels aut\u00f2noms per a cobrar-se altres deutes pendents de qualsevol administraci\u00f3 de l&#8217;Estat per impostos o fins i tot per sancions.<\/p>\n<p>L&#8217;Ag\u00e8ncia Tribut\u00e0ria ja est\u00e0 descomptant de la\u00a0devoluci\u00f3 de la RENDA\u00a0que han sol\u00b7licitat\u00a0alguns aut\u00f2noms\u00a0<strong>tots els deutes per impostos, sancions o altres pagaments de qualsevol administraci\u00f3 de l&#8217;Estat que tinguessin arracades<\/strong>.\u00a0Hisenda utilitza aquest m\u00e8tode per a cobrar-se els deutes dels contribuents que tenen amb qualsevol ministeri. De fet,\u00a0&#8220;<strong>aquesta compensaci\u00f3 es\u00a0va fent durant la campanya, segons es van realitzant, les declaracions van passant abans pels filtres de recaptaci\u00f3<\/strong>&#8220;, van apuntar fonts de la\u00a0AEAT\u00a0a aquest diari.<\/p>\n<p>Segons aquestes mateixes fonts, el mecanisme de compensaci\u00f3, que serveix perqu\u00e8 l&#8217;Ag\u00e8ncia Tribut\u00e0ria es cobri sancions fiscals,\u00a0impostos i fins a multes de tr\u00e0nsit descomptant els diners de la devoluci\u00f3 de la RENDA, se sol fer des del primer moment que comencen les declaracions a retornar. &#8220;El gruix de devolucions s&#8217;ha realitzat ja. Per\u00f2,\u00a0<strong>si es revisa m\u00e9s una devoluci\u00f3 i\u00a0et retornen m\u00e9s endavant, passaria igualment\u00a0per aquest filtre de compensaci\u00f3 de deutes&#8221;.<\/strong><\/p>\n<p>Ara que acabar\u00e0 en escassos dies la campanya de declaraci\u00f3 d&#8217;IRPF, molts treballadors per compte propi que esperen un pagament pels seus impostos, podrien trobar-se que l&#8217;Administraci\u00f3 els retorni\u00a0<strong>finalment menys diners del que pensaven, o fins i tot no els pagui res.\u00a0<\/strong><\/p>\n<p><a href=\"https:\/\/www.autonomosyemprendedor.es\/articulo\/actualidad\/hacienda-explica-que-autonomos-que-aun-ha-devuelto-renta-podrian-estar-siendo-comprobados\/20211223154513025742.html\" target=\"_blank\" rel=\"noopener\">Com ja va avan\u00e7ar aquest diari<\/a>, un dels motius m\u00e9s freq\u00fcents pels\u00a0Hisenda no ha paga\u00a0la devoluci\u00f3 de l&#8217;IRPF dels aut\u00f2noms \u00e9s que\u00a0estiguin<strong>\u00a0immersos\u00a0en una comprovaci\u00f3<\/strong>\u00a0o\u00a0que\u00a0l&#8217;Ag\u00e8ncia Tribut\u00e0ria\u00a0indagui\u00a0en les despeses i en els ingressos que van declarar per a veure si realment es corresponen amb la realitat.\u00a0 El\u00a0<strong>segon cas<\/strong>\u00a0pel qual es podria demorar el recobrament dels impostos\u00a0a favor del contribuent, que \u00e9s\u00a0<strong>la compensaci\u00f3 d&#8217;ofici regulada\u00a0en els articles 53\u00a0 i 58 del Reglament General de Recaptaci\u00f3<\/strong>.<\/p>\n<div class=\"textarea-desti col-xs-12 col-sm-6\">\n<div id=\"ez-toc-container\" class=\"ez-toc-v2_0_72 counter-hierarchy ez-toc-counter ez-toc-grey ez-toc-container-direction\">\n<div class=\"ez-toc-title-container\">\n<p class=\"ez-toc-title\" style=\"cursor:inherit\">\u00cdndice de Contenidos<\/p>\n<span class=\"ez-toc-title-toggle\"><a href=\"#\" class=\"ez-toc-pull-right ez-toc-btn ez-toc-btn-xs ez-toc-btn-default ez-toc-toggle\" aria-label=\"Toggle Table of Content\"><span class=\"ez-toc-js-icon-con\"><span class=\"\"><span class=\"eztoc-hide\" style=\"display:none;\">Toggle<\/span><span class=\"ez-toc-icon-toggle-span\"><svg style=\"fill: #428bca;color:#428bca\" xmlns=\"http:\/\/www.w3.org\/2000\/svg\" class=\"list-377408\" width=\"20px\" height=\"20px\" viewBox=\"0 0 24 24\" fill=\"none\"><path d=\"M6 6H4v2h2V6zm14 0H8v2h12V6zM4 11h2v2H4v-2zm16 0H8v2h12v-2zM4 16h2v2H4v-2zm16 0H8v2h12v-2z\" fill=\"currentColor\"><\/path><\/svg><svg style=\"fill: #428bca;color:#428bca\" class=\"arrow-unsorted-368013\" xmlns=\"http:\/\/www.w3.org\/2000\/svg\" width=\"10px\" height=\"10px\" viewBox=\"0 0 24 24\" version=\"1.2\" baseProfile=\"tiny\"><path d=\"M18.2 9.3l-6.2-6.3-6.2 6.3c-.2.2-.3.4-.3.7s.1.5.3.7c.2.2.4.3.7.3h11c.3 0 .5-.1.7-.3.2-.2.3-.5.3-.7s-.1-.5-.3-.7zM5.8 14.7l6.2 6.3 6.2-6.3c.2-.2.3-.5.3-.7s-.1-.5-.3-.7c-.2-.2-.4-.3-.7-.3h-11c-.3 0-.5.1-.7.3-.2.2-.3.5-.3.7s.1.5.3.7z\"\/><\/svg><\/span><\/span><\/span><\/a><\/span><\/div>\n<nav><ul class='ez-toc-list ez-toc-list-level-1 eztoc-toggle-hide-by-default' ><li class='ez-toc-page-1 ez-toc-heading-level-2'><a class=\"ez-toc-link ez-toc-heading-1\" href=\"https:\/\/www.ariasassessors.com\/ca\/agencia-tributaria-esta-utilitzant-la-renta-per-cobrar-deutes-dels-autonoms\/#Hisenda_pot_cobrar-se_de_la_devolucio_dIRPF_deutes_de_qualsevol_administracio\" title=\"Hisenda pot cobrar-se de la devoluci\u00f3 d&#8217;IRPF deutes de\u00a0qualsevol administraci\u00f3\">Hisenda pot cobrar-se de la devoluci\u00f3 d&#8217;IRPF deutes de\u00a0qualsevol administraci\u00f3<\/a><\/li><li class='ez-toc-page-1 ez-toc-heading-level-2'><a class=\"ez-toc-link ez-toc-heading-2\" href=\"https:\/\/www.ariasassessors.com\/ca\/agencia-tributaria-esta-utilitzant-la-renta-per-cobrar-deutes-dels-autonoms\/#Com_funciona_la_compensacio\" title=\"Com funciona la compensaci\u00f3?\">Com funciona la compensaci\u00f3?<\/a><\/li><\/ul><\/nav><\/div>\n<h2 class=\"form-control second-textarea\"><span class=\"ez-toc-section\" id=\"Hisenda_pot_cobrar-se_de_la_devolucio_dIRPF_deutes_de_qualsevol_administracio\"><\/span>Hisenda pot cobrar-se de la devoluci\u00f3 d&#8217;IRPF deutes de\u00a0qualsevol administraci\u00f3<span class=\"ez-toc-section-end\"><\/span><\/h2>\n<\/div>\n<p>La norma\u00a0preveu al punt 1 que els\u00a0<strong>deutes ven\u00e7uts, l\u00edquides i exigibles a favor de la Hisenda p\u00fablica<\/strong>\u00a0que\u00a0hagi de satisfer un ens territorial, un organisme aut\u00f2nom, la Seguretat Social o una entitat de dret p\u00fablic\u00a0seran compensables d&#8217;ofici, una vegada transcorregut el termini d&#8217;ingr\u00e9s en per\u00edode voluntari&#8221;.\u00a0A aix\u00f2, s&#8217;afegeix que &#8220;quan un deutor a la Hisenda p\u00fablica no compr\u00e8s en l&#8217;article anterior sigui, al seu torn, creditor d&#8217;aquella per un cr\u00e8dit reconegut, <strong>una vegada transcorregut el per\u00edode voluntari\u00a0es compensar\u00e0 d&#8217;ofici el deute i els rec\u00e0rrecs del per\u00edode executiu que procedeixin amb el cr\u00e8dit&#8221;<\/strong>.<\/p>\n<p>De fet, el mecanisme no ha de renovar-se cada any, ja que forma part del reglament de recaptaci\u00f3. Quan hi ha una devoluci\u00f3 que practicar a un contribuent i aquest\u00a0t\u00e9 un deute, es pot compensar.\u00a0<strong>I aquest deute no t\u00e9 per qu\u00e8 ser amb Hisenda sin\u00f3 amb qualsevol entitat que li\u00a0toqui a la\u00a0AEAT\u00a0gestionar en fase executiva.<\/strong><\/p>\n<p>Cada any, l&#8217;\u00e0rea de recaptaci\u00f3 t\u00e9 uns deutes que gestionar, ja siguin\u00a0tribut\u00e0ries\u00a0 o\u00a0<strong>amb altres ens que els encarreguin la gesti\u00f3 per conveni.\u00a0Hi haur\u00e0\u00a0suposats de multes de tr\u00e0nsit, sancions per infraccions fiscals o qualssevol diners que tingui arracada d&#8217;abonar el contribuent a una Administraci\u00f3<\/strong>, com pot ser una Comunitat Aut\u00f2noma o un altre organisme amb el qual col\u00b7labori l&#8217;Ag\u00e8ncia. En definits comptes, pot ser qualsevol deute que li correspon a l&#8217;Ag\u00e8ncia Tribut\u00e0ria cobrar en fase executiva&#8221;, van apuntar les mateixes fonts.<\/p>\n<div class=\"traductor-textarea form-group\">\n<div class=\"textarea-desti col-xs-12 col-sm-6\">\n<h2 class=\"form-control second-textarea\"><span class=\"ez-toc-section\" id=\"Com_funciona_la_compensacio\"><\/span>Com funciona la compensaci\u00f3?<span class=\"ez-toc-section-end\"><\/span><\/h2>\n<\/div>\n<\/div>\n<p>Segons indica la norma, l<strong>&#8216;inici del procediment de compensaci\u00f3 es notificar\u00e0 a l&#8217;entitat -o subjecte-\u00a0<\/strong>corresponent indicant el tipus d&#8217;obligaci\u00f3 i el cr\u00e8dit que seran objecte de compensaci\u00f3\u00a0en la quantitat concurrent.<\/p>\n<p>Despr\u00e9s de realitzar el proc\u00e9s, es preveuen\u00a0diferents suposats:\u00a0<strong>que continu\u00ef existint deute despr\u00e9s de la compensaci\u00f3 o que quedi extingida.<\/strong>\u00a0&#8220;Adoptat l&#8217;acord de compensaci\u00f3, es declararan extingides els deutes i cr\u00e8dits en la quantitat concurrent. Aquest acord ser\u00e0 notificat a l&#8217;interessat i servir\u00e0 com a justificant de l&#8217;extinci\u00f3 del deute&#8221;.<\/p>\n<p>No obstant aix\u00f2, &#8220;si el cr\u00e8dit \u00e9s inferior al deute, la\u00a0part de deute que excedeixi del cr\u00e8dit seguir\u00e0 el r\u00e8gim ordinari, iniciant-se el procediment de constrenyiment, si no \u00e9s ingressada al seu venciment, o continuant aquest procediment, si ja s&#8217;hagu\u00e9s iniciat amb anterioritat, <strong>sent possible practicar compensacions successives amb els cr\u00e8dits que posteriorment puguin recon\u00e8ixer-se<\/strong>\u00a0a favor de l&#8217;obligat al pagament&#8221;.<\/p>\n<p>En altres paraules,\u00a0<strong>si l&#8217;aut\u00f2nom devia m\u00e9s pels deutes pendents del que li correspondria de devoluci\u00f3, els diners de la Renda\u00a0servir\u00e0 per a reduir el deute ajornat,\u00a0que s&#8217;haur\u00e0 de pagar en els mateixos terminis establerts i sota les mateixes condicions.<\/strong> <strong>I\u00a0si el deute era inferior al que havia de cobrar de devoluci\u00f3, la part que &#8216;sobre&#8217;, se li abonar\u00e0 abans d&#8217;un determinat termini.<\/strong><\/p>\n<p>Si vols consultar m\u00e9s not\u00edcies: <a href=\"https:\/\/www.ariasassessors.com\/ca\/actualitat\/\">https:\/\/www.ariasassessors.com\/actualidad\/<\/a><\/p>\n<div class=\"traductor-textarea form-group\">\n<div class=\"textarea-desti col-xs-12 col-sm-6\">\n<div class=\"form-control second-textarea\">Not\u00edcia extreta de: <a href=\"https:\/\/www.autonomosyemprendedor.es\/articulo\/actualidad\/agencia-tributaria-usando-devolucion-renta-cobrarse-deudas-autonomos\/20230628161624031135.html\" target=\"_blank\" rel=\"noopener\">www.autonomosyemprendedor.es\/articulo\/actualidad\/<\/a><\/div>\n<\/div>\n<\/div>\n","protected":false},"excerpt":{"rendered":"<p>L&#8217;Ag\u00e8ncia Tribut\u00e0ria est\u00e0 usant, igual que en anys anteriors, la devoluci\u00f3 de la RENDA dels aut\u00f2noms per a cobrar-se altres deutes pendents de qualsevol administraci\u00f3 de l&#8217;Estat per impostos o fins i tot per sancions. L&#8217;Ag\u00e8ncia Tribut\u00e0ria ja est\u00e0 descomptant de la\u00a0devoluci\u00f3 de la RENDA\u00a0que&#8230;<\/p>\n","protected":false},"author":2,"featured_media":2650,"comment_status":"open","ping_status":"open","sticky":false,"template":"","format":"standard","meta":{"footnotes":""},"categories":[4],"tags":[],"class_list":["post-2653","post","type-post","status-publish","format-standard","has-post-thumbnail","hentry","category-noticies"],"yoast_head":"<!-- This site is optimized with the Yoast SEO plugin v24.3 - https:\/\/yoast.com\/wordpress\/plugins\/seo\/ -->\n<title>Ag\u00e8ncia Tribut\u00e0ria cobra deutes dels aut\u00f2noms amb la RENDA |<\/title>\n<meta name=\"description\" content=\"L&#039;Ag\u00e8ncia Tribut\u00e0ria est\u00e0 usant la devoluci\u00f3 de la RENDA per a cobrar-se els deutes dels aut\u00f2noms. Entra i coneix tota la informaci\u00f3\" \/>\n<meta name=\"robots\" content=\"index, follow, max-snippet:-1, max-image-preview:large, max-video-preview:-1\" \/>\n<link rel=\"canonical\" href=\"https:\/\/www.ariasassessors.com\/ca\/agencia-tributaria-esta-utilitzant-la-renta-per-cobrar-deutes-dels-autonoms\/\" \/>\n<meta property=\"og:locale\" content=\"ca_ES\" \/>\n<meta property=\"og:type\" content=\"article\" \/>\n<meta property=\"og:title\" content=\"Ag\u00e8ncia Tribut\u00e0ria cobra deutes dels aut\u00f2noms amb la RENDA |\" \/>\n<meta property=\"og:description\" content=\"L&#039;Ag\u00e8ncia Tribut\u00e0ria est\u00e0 usant la devoluci\u00f3 de la RENDA per a cobrar-se els deutes dels aut\u00f2noms. Entra i coneix tota la informaci\u00f3\" \/>\n<meta property=\"og:url\" content=\"https:\/\/www.ariasassessors.com\/ca\/agencia-tributaria-esta-utilitzant-la-renta-per-cobrar-deutes-dels-autonoms\/\" \/>\n<meta property=\"og:site_name\" content=\"Arias Assessors\" \/>\n<meta property=\"article:publisher\" content=\"https:\/\/www.facebook.com\/ariasassessors\/\" \/>\n<meta property=\"article:published_time\" content=\"2023-07-05T14:55:14+00:00\" \/>\n<meta property=\"article:modified_time\" content=\"2023-07-05T15:09:49+00:00\" \/>\n<meta property=\"og:image\" content=\"https:\/\/www.ariasassessors.com\/wp-content\/uploads\/2023\/07\/Arias_Blog_IMAGEN_DESTACADA-34.png\" \/>\n\t<meta property=\"og:image:width\" content=\"1920\" \/>\n\t<meta property=\"og:image:height\" content=\"1202\" \/>\n\t<meta property=\"og:image:type\" content=\"image\/png\" \/>\n<meta name=\"author\" content=\"btorras\" \/>\n<meta name=\"twitter:card\" content=\"summary_large_image\" \/>\n<meta name=\"twitter:creator\" content=\"@ariasassessors\" \/>\n<meta name=\"twitter:site\" content=\"@ariasassessors\" \/>\n<meta name=\"twitter:label1\" content=\"Escrit per\" \/>\n\t<meta name=\"twitter:data1\" content=\"btorras\" \/>\n\t<meta name=\"twitter:label2\" content=\"Temps estimat de lectura\" \/>\n\t<meta name=\"twitter:data2\" content=\"4 minuts\" \/>\n<script type=\"application\/ld+json\" class=\"yoast-schema-graph\">{\"@context\":\"https:\/\/schema.org\",\"@graph\":[{\"@type\":\"Article\",\"@id\":\"https:\/\/www.ariasassessors.com\/ca\/agencia-tributaria-esta-utilitzant-la-renta-per-cobrar-deutes-dels-autonoms\/#article\",\"isPartOf\":{\"@id\":\"https:\/\/www.ariasassessors.com\/ca\/agencia-tributaria-esta-utilitzant-la-renta-per-cobrar-deutes-dels-autonoms\/\"},\"author\":{\"name\":\"btorras\",\"@id\":\"https:\/\/www.ariasassessors.com\/#\/schema\/person\/63c6ad1775f0a9413c37932562673cef\"},\"headline\":\"L&#8217;Ag\u00e8ncia Tribut\u00e0ria est\u00e0 usant la devoluci\u00f3 de la RENDA per a cobrar-se els deutes dels aut\u00f2noms\",\"datePublished\":\"2023-07-05T14:55:14+00:00\",\"dateModified\":\"2023-07-05T15:09:49+00:00\",\"mainEntityOfPage\":{\"@id\":\"https:\/\/www.ariasassessors.com\/ca\/agencia-tributaria-esta-utilitzant-la-renta-per-cobrar-deutes-dels-autonoms\/\"},\"wordCount\":879,\"commentCount\":0,\"publisher\":{\"@id\":\"https:\/\/www.ariasassessors.com\/#organization\"},\"image\":{\"@id\":\"https:\/\/www.ariasassessors.com\/ca\/agencia-tributaria-esta-utilitzant-la-renta-per-cobrar-deutes-dels-autonoms\/#primaryimage\"},\"thumbnailUrl\":\"https:\/\/www.ariasassessors.com\/wp-content\/uploads\/2023\/07\/Arias_Blog_IMAGEN_DESTACADA-34.png\",\"articleSection\":[\"noticies\"],\"inLanguage\":\"ca\",\"potentialAction\":[{\"@type\":\"CommentAction\",\"name\":\"Comment\",\"target\":[\"https:\/\/www.ariasassessors.com\/ca\/agencia-tributaria-esta-utilitzant-la-renta-per-cobrar-deutes-dels-autonoms\/#respond\"]}]},{\"@type\":\"WebPage\",\"@id\":\"https:\/\/www.ariasassessors.com\/ca\/agencia-tributaria-esta-utilitzant-la-renta-per-cobrar-deutes-dels-autonoms\/\",\"url\":\"https:\/\/www.ariasassessors.com\/ca\/agencia-tributaria-esta-utilitzant-la-renta-per-cobrar-deutes-dels-autonoms\/\",\"name\":\"Ag\u00e8ncia Tribut\u00e0ria cobra deutes dels aut\u00f2noms amb la RENDA |\",\"isPartOf\":{\"@id\":\"https:\/\/www.ariasassessors.com\/#website\"},\"primaryImageOfPage\":{\"@id\":\"https:\/\/www.ariasassessors.com\/ca\/agencia-tributaria-esta-utilitzant-la-renta-per-cobrar-deutes-dels-autonoms\/#primaryimage\"},\"image\":{\"@id\":\"https:\/\/www.ariasassessors.com\/ca\/agencia-tributaria-esta-utilitzant-la-renta-per-cobrar-deutes-dels-autonoms\/#primaryimage\"},\"thumbnailUrl\":\"https:\/\/www.ariasassessors.com\/wp-content\/uploads\/2023\/07\/Arias_Blog_IMAGEN_DESTACADA-34.png\",\"datePublished\":\"2023-07-05T14:55:14+00:00\",\"dateModified\":\"2023-07-05T15:09:49+00:00\",\"description\":\"L'Ag\u00e8ncia Tribut\u00e0ria est\u00e0 usant la devoluci\u00f3 de la RENDA per a cobrar-se els deutes dels aut\u00f2noms. Entra i coneix tota la informaci\u00f3\",\"breadcrumb\":{\"@id\":\"https:\/\/www.ariasassessors.com\/ca\/agencia-tributaria-esta-utilitzant-la-renta-per-cobrar-deutes-dels-autonoms\/#breadcrumb\"},\"inLanguage\":\"ca\",\"potentialAction\":[{\"@type\":\"ReadAction\",\"target\":[\"https:\/\/www.ariasassessors.com\/ca\/agencia-tributaria-esta-utilitzant-la-renta-per-cobrar-deutes-dels-autonoms\/\"]}]},{\"@type\":\"ImageObject\",\"inLanguage\":\"ca\",\"@id\":\"https:\/\/www.ariasassessors.com\/ca\/agencia-tributaria-esta-utilitzant-la-renta-per-cobrar-deutes-dels-autonoms\/#primaryimage\",\"url\":\"https:\/\/www.ariasassessors.com\/wp-content\/uploads\/2023\/07\/Arias_Blog_IMAGEN_DESTACADA-34.png\",\"contentUrl\":\"https:\/\/www.ariasassessors.com\/wp-content\/uploads\/2023\/07\/Arias_Blog_IMAGEN_DESTACADA-34.png\",\"width\":1920,\"height\":1202,\"caption\":\"deudas de aut\u00f3nomos\"},{\"@type\":\"BreadcrumbList\",\"@id\":\"https:\/\/www.ariasassessors.com\/ca\/agencia-tributaria-esta-utilitzant-la-renta-per-cobrar-deutes-dels-autonoms\/#breadcrumb\",\"itemListElement\":[{\"@type\":\"ListItem\",\"position\":1,\"name\":\"Portada\",\"item\":\"https:\/\/www.ariasassessors.com\/ca\/\"},{\"@type\":\"ListItem\",\"position\":2,\"name\":\"L&#8217;Ag\u00e8ncia Tribut\u00e0ria est\u00e0 usant la devoluci\u00f3 de la RENDA per a cobrar-se els deutes dels aut\u00f2noms\"}]},{\"@type\":\"WebSite\",\"@id\":\"https:\/\/www.ariasassessors.com\/#website\",\"url\":\"https:\/\/www.ariasassessors.com\/\",\"name\":\"Arias Assessors\",\"description\":\"Asesor\u00eda para aut\u00f3nomos, profesionales y PYMES\",\"publisher\":{\"@id\":\"https:\/\/www.ariasassessors.com\/#organization\"},\"potentialAction\":[{\"@type\":\"SearchAction\",\"target\":{\"@type\":\"EntryPoint\",\"urlTemplate\":\"https:\/\/www.ariasassessors.com\/?s={search_term_string}\"},\"query-input\":{\"@type\":\"PropertyValueSpecification\",\"valueRequired\":true,\"valueName\":\"search_term_string\"}}],\"inLanguage\":\"ca\"},{\"@type\":\"Organization\",\"@id\":\"https:\/\/www.ariasassessors.com\/#organization\",\"name\":\"Arias Assessors\",\"url\":\"https:\/\/www.ariasassessors.com\/\",\"logo\":{\"@type\":\"ImageObject\",\"inLanguage\":\"ca\",\"@id\":\"https:\/\/www.ariasassessors.com\/#\/schema\/logo\/image\/\",\"url\":\"https:\/\/www.ariasassessors.com\/wp-content\/uploads\/2019\/01\/arias-logo.png\",\"contentUrl\":\"https:\/\/www.ariasassessors.com\/wp-content\/uploads\/2019\/01\/arias-logo.png\",\"width\":349,\"height\":254,\"caption\":\"Arias Assessors\"},\"image\":{\"@id\":\"https:\/\/www.ariasassessors.com\/#\/schema\/logo\/image\/\"},\"sameAs\":[\"https:\/\/www.facebook.com\/ariasassessors\/\",\"https:\/\/x.com\/ariasassessors\",\"https:\/\/www.linkedin.com\/company\/r&amp;amp;r-growing-knowledge\/\"]},{\"@type\":\"Person\",\"@id\":\"https:\/\/www.ariasassessors.com\/#\/schema\/person\/63c6ad1775f0a9413c37932562673cef\",\"name\":\"btorras\",\"image\":{\"@type\":\"ImageObject\",\"inLanguage\":\"ca\",\"@id\":\"https:\/\/www.ariasassessors.com\/#\/schema\/person\/image\/\",\"url\":\"https:\/\/secure.gravatar.com\/avatar\/0531db351fc361fdbfd204c58fa2d6a3?s=96&d=mm&r=g\",\"contentUrl\":\"https:\/\/secure.gravatar.com\/avatar\/0531db351fc361fdbfd204c58fa2d6a3?s=96&d=mm&r=g\",\"caption\":\"btorras\"}}]}<\/script>\n<!-- \/ Yoast SEO plugin. -->","yoast_head_json":{"title":"Ag\u00e8ncia Tribut\u00e0ria cobra deutes dels aut\u00f2noms amb la RENDA |","description":"L'Ag\u00e8ncia Tribut\u00e0ria est\u00e0 usant la devoluci\u00f3 de la RENDA per a cobrar-se els deutes dels aut\u00f2noms. Entra i coneix tota la informaci\u00f3","robots":{"index":"index","follow":"follow","max-snippet":"max-snippet:-1","max-image-preview":"max-image-preview:large","max-video-preview":"max-video-preview:-1"},"canonical":"https:\/\/www.ariasassessors.com\/ca\/agencia-tributaria-esta-utilitzant-la-renta-per-cobrar-deutes-dels-autonoms\/","og_locale":"ca_ES","og_type":"article","og_title":"Ag\u00e8ncia Tribut\u00e0ria cobra deutes dels aut\u00f2noms amb la RENDA |","og_description":"L'Ag\u00e8ncia Tribut\u00e0ria est\u00e0 usant la devoluci\u00f3 de la RENDA per a cobrar-se els deutes dels aut\u00f2noms. Entra i coneix tota la informaci\u00f3","og_url":"https:\/\/www.ariasassessors.com\/ca\/agencia-tributaria-esta-utilitzant-la-renta-per-cobrar-deutes-dels-autonoms\/","og_site_name":"Arias Assessors","article_publisher":"https:\/\/www.facebook.com\/ariasassessors\/","article_published_time":"2023-07-05T14:55:14+00:00","article_modified_time":"2023-07-05T15:09:49+00:00","og_image":[{"width":1920,"height":1202,"url":"https:\/\/www.ariasassessors.com\/wp-content\/uploads\/2023\/07\/Arias_Blog_IMAGEN_DESTACADA-34.png","type":"image\/png"}],"author":"btorras","twitter_card":"summary_large_image","twitter_creator":"@ariasassessors","twitter_site":"@ariasassessors","twitter_misc":{"Escrit per":"btorras","Temps estimat de lectura":"4 minuts"},"schema":{"@context":"https:\/\/schema.org","@graph":[{"@type":"Article","@id":"https:\/\/www.ariasassessors.com\/ca\/agencia-tributaria-esta-utilitzant-la-renta-per-cobrar-deutes-dels-autonoms\/#article","isPartOf":{"@id":"https:\/\/www.ariasassessors.com\/ca\/agencia-tributaria-esta-utilitzant-la-renta-per-cobrar-deutes-dels-autonoms\/"},"author":{"name":"btorras","@id":"https:\/\/www.ariasassessors.com\/#\/schema\/person\/63c6ad1775f0a9413c37932562673cef"},"headline":"L&#8217;Ag\u00e8ncia Tribut\u00e0ria est\u00e0 usant la devoluci\u00f3 de la RENDA per a cobrar-se els deutes dels aut\u00f2noms","datePublished":"2023-07-05T14:55:14+00:00","dateModified":"2023-07-05T15:09:49+00:00","mainEntityOfPage":{"@id":"https:\/\/www.ariasassessors.com\/ca\/agencia-tributaria-esta-utilitzant-la-renta-per-cobrar-deutes-dels-autonoms\/"},"wordCount":879,"commentCount":0,"publisher":{"@id":"https:\/\/www.ariasassessors.com\/#organization"},"image":{"@id":"https:\/\/www.ariasassessors.com\/ca\/agencia-tributaria-esta-utilitzant-la-renta-per-cobrar-deutes-dels-autonoms\/#primaryimage"},"thumbnailUrl":"https:\/\/www.ariasassessors.com\/wp-content\/uploads\/2023\/07\/Arias_Blog_IMAGEN_DESTACADA-34.png","articleSection":["noticies"],"inLanguage":"ca","potentialAction":[{"@type":"CommentAction","name":"Comment","target":["https:\/\/www.ariasassessors.com\/ca\/agencia-tributaria-esta-utilitzant-la-renta-per-cobrar-deutes-dels-autonoms\/#respond"]}]},{"@type":"WebPage","@id":"https:\/\/www.ariasassessors.com\/ca\/agencia-tributaria-esta-utilitzant-la-renta-per-cobrar-deutes-dels-autonoms\/","url":"https:\/\/www.ariasassessors.com\/ca\/agencia-tributaria-esta-utilitzant-la-renta-per-cobrar-deutes-dels-autonoms\/","name":"Ag\u00e8ncia Tribut\u00e0ria cobra deutes dels aut\u00f2noms amb la RENDA |","isPartOf":{"@id":"https:\/\/www.ariasassessors.com\/#website"},"primaryImageOfPage":{"@id":"https:\/\/www.ariasassessors.com\/ca\/agencia-tributaria-esta-utilitzant-la-renta-per-cobrar-deutes-dels-autonoms\/#primaryimage"},"image":{"@id":"https:\/\/www.ariasassessors.com\/ca\/agencia-tributaria-esta-utilitzant-la-renta-per-cobrar-deutes-dels-autonoms\/#primaryimage"},"thumbnailUrl":"https:\/\/www.ariasassessors.com\/wp-content\/uploads\/2023\/07\/Arias_Blog_IMAGEN_DESTACADA-34.png","datePublished":"2023-07-05T14:55:14+00:00","dateModified":"2023-07-05T15:09:49+00:00","description":"L'Ag\u00e8ncia Tribut\u00e0ria est\u00e0 usant la devoluci\u00f3 de la RENDA per a cobrar-se els deutes dels aut\u00f2noms. Entra i coneix tota la informaci\u00f3","breadcrumb":{"@id":"https:\/\/www.ariasassessors.com\/ca\/agencia-tributaria-esta-utilitzant-la-renta-per-cobrar-deutes-dels-autonoms\/#breadcrumb"},"inLanguage":"ca","potentialAction":[{"@type":"ReadAction","target":["https:\/\/www.ariasassessors.com\/ca\/agencia-tributaria-esta-utilitzant-la-renta-per-cobrar-deutes-dels-autonoms\/"]}]},{"@type":"ImageObject","inLanguage":"ca","@id":"https:\/\/www.ariasassessors.com\/ca\/agencia-tributaria-esta-utilitzant-la-renta-per-cobrar-deutes-dels-autonoms\/#primaryimage","url":"https:\/\/www.ariasassessors.com\/wp-content\/uploads\/2023\/07\/Arias_Blog_IMAGEN_DESTACADA-34.png","contentUrl":"https:\/\/www.ariasassessors.com\/wp-content\/uploads\/2023\/07\/Arias_Blog_IMAGEN_DESTACADA-34.png","width":1920,"height":1202,"caption":"deudas de aut\u00f3nomos"},{"@type":"BreadcrumbList","@id":"https:\/\/www.ariasassessors.com\/ca\/agencia-tributaria-esta-utilitzant-la-renta-per-cobrar-deutes-dels-autonoms\/#breadcrumb","itemListElement":[{"@type":"ListItem","position":1,"name":"Portada","item":"https:\/\/www.ariasassessors.com\/ca\/"},{"@type":"ListItem","position":2,"name":"L&#8217;Ag\u00e8ncia Tribut\u00e0ria est\u00e0 usant la devoluci\u00f3 de la RENDA per a cobrar-se els deutes dels aut\u00f2noms"}]},{"@type":"WebSite","@id":"https:\/\/www.ariasassessors.com\/#website","url":"https:\/\/www.ariasassessors.com\/","name":"Arias Assessors","description":"Asesor\u00eda para aut\u00f3nomos, profesionales y PYMES","publisher":{"@id":"https:\/\/www.ariasassessors.com\/#organization"},"potentialAction":[{"@type":"SearchAction","target":{"@type":"EntryPoint","urlTemplate":"https:\/\/www.ariasassessors.com\/?s={search_term_string}"},"query-input":{"@type":"PropertyValueSpecification","valueRequired":true,"valueName":"search_term_string"}}],"inLanguage":"ca"},{"@type":"Organization","@id":"https:\/\/www.ariasassessors.com\/#organization","name":"Arias Assessors","url":"https:\/\/www.ariasassessors.com\/","logo":{"@type":"ImageObject","inLanguage":"ca","@id":"https:\/\/www.ariasassessors.com\/#\/schema\/logo\/image\/","url":"https:\/\/www.ariasassessors.com\/wp-content\/uploads\/2019\/01\/arias-logo.png","contentUrl":"https:\/\/www.ariasassessors.com\/wp-content\/uploads\/2019\/01\/arias-logo.png","width":349,"height":254,"caption":"Arias Assessors"},"image":{"@id":"https:\/\/www.ariasassessors.com\/#\/schema\/logo\/image\/"},"sameAs":["https:\/\/www.facebook.com\/ariasassessors\/","https:\/\/x.com\/ariasassessors","https:\/\/www.linkedin.com\/company\/r&amp;amp;r-growing-knowledge\/"]},{"@type":"Person","@id":"https:\/\/www.ariasassessors.com\/#\/schema\/person\/63c6ad1775f0a9413c37932562673cef","name":"btorras","image":{"@type":"ImageObject","inLanguage":"ca","@id":"https:\/\/www.ariasassessors.com\/#\/schema\/person\/image\/","url":"https:\/\/secure.gravatar.com\/avatar\/0531db351fc361fdbfd204c58fa2d6a3?s=96&d=mm&r=g","contentUrl":"https:\/\/secure.gravatar.com\/avatar\/0531db351fc361fdbfd204c58fa2d6a3?s=96&d=mm&r=g","caption":"btorras"}}]}},"_links":{"self":[{"href":"https:\/\/www.ariasassessors.com\/ca\/wp-json\/wp\/v2\/posts\/2653","targetHints":{"allow":["GET"]}}],"collection":[{"href":"https:\/\/www.ariasassessors.com\/ca\/wp-json\/wp\/v2\/posts"}],"about":[{"href":"https:\/\/www.ariasassessors.com\/ca\/wp-json\/wp\/v2\/types\/post"}],"author":[{"embeddable":true,"href":"https:\/\/www.ariasassessors.com\/ca\/wp-json\/wp\/v2\/users\/2"}],"replies":[{"embeddable":true,"href":"https:\/\/www.ariasassessors.com\/ca\/wp-json\/wp\/v2\/comments?post=2653"}],"version-history":[{"count":2,"href":"https:\/\/www.ariasassessors.com\/ca\/wp-json\/wp\/v2\/posts\/2653\/revisions"}],"predecessor-version":[{"id":2655,"href":"https:\/\/www.ariasassessors.com\/ca\/wp-json\/wp\/v2\/posts\/2653\/revisions\/2655"}],"wp:featuredmedia":[{"embeddable":true,"href":"https:\/\/www.ariasassessors.com\/ca\/wp-json\/wp\/v2\/media\/2650"}],"wp:attachment":[{"href":"https:\/\/www.ariasassessors.com\/ca\/wp-json\/wp\/v2\/media?parent=2653"}],"wp:term":[{"taxonomy":"category","embeddable":true,"href":"https:\/\/www.ariasassessors.com\/ca\/wp-json\/wp\/v2\/categories?post=2653"},{"taxonomy":"post_tag","embeddable":true,"href":"https:\/\/www.ariasassessors.com\/ca\/wp-json\/wp\/v2\/tags?post=2653"}],"curies":[{"name":"wp","href":"https:\/\/api.w.org\/{rel}","templated":true}]}}