{"id":2717,"date":"2023-07-12T12:59:27","date_gmt":"2023-07-12T10:59:27","guid":{"rendered":"https:\/\/www.ariasassessors.com\/seguridad-social-bonifica-cuota-autonomos-que-tengan-mas-de-65-anos\/"},"modified":"2023-07-12T13:16:40","modified_gmt":"2023-07-12T11:16:40","slug":"seguretat-social-bonifica-quota-autonomos-que-tinguin-mes-de-65-anys","status":"publish","type":"post","link":"https:\/\/www.ariasassessors.com\/ca\/seguretat-social-bonifica-quota-autonomos-que-tinguin-mes-de-65-anys\/","title":{"rendered":"La Seguretat Social bonifica la quota als aut\u00f2noms que tinguin m\u00e9s de 65 anys: quant paguen en 2023?"},"content":{"rendered":"<p>Els aut\u00f2noms que tinguin m\u00e9s de 65 anys, per\u00f2 continu\u00efn treballant sense accedir a la pensi\u00f3, poden accedir a una bonificaci\u00f3 especial en les seves cotitzacions. Aix\u00f2 \u00e9s el que pagaran per la seva quota en 2023.<\/p>\n<p>Els aut\u00f2noms que\u00a0<a href=\"https:\/\/www.autonomosyemprendedor.es\/articulo\/actualidad\/seguridad-social-publica-guia-jubilacion-demorada-interes-suscitado-nueva-formula-pago\/20230601160252030732.html\" target=\"_blank\" rel=\"noopener\">compleixin l&#8217;edat de jubilaci\u00f3 i vulguin seguir donats d&#8217;alta<\/a>\u00a0en el R\u00e8gim Especial de Treballadors Aut\u00f2noms (RETA) tenen diferents possibilitats per a seguir al capdavant del seu negoci. Els treballadors per compte propi poden accedir a la jubilaci\u00f3 activa i cobrar una part de la seva pensi\u00f3 o, <strong>simplement, continuar treballant i accedir m\u00e9s endavant a una prestaci\u00f3 m\u00e9s alta<\/strong>\u00a0gr\u00e0cies als\u00a0 incentius a la jubilaci\u00f3 demorada.\u00a0<strong>En qualsevol cas la seva quota mensual ser\u00e0 sempre m\u00e9s redu\u00efda.<\/strong><\/p>\n<p>La Seguretat Social ofereix diferents beneficis als aut\u00f2noms que segueixin en actiu m\u00e9s enll\u00e0 de l&#8217;edat legal.\u00a0<strong>Si decideixen no acollir-se a la jubilaci\u00f3 activa i continuar treballant sense cobrar la pensi\u00f3<\/strong>\u00a0podran optar a una\u00a0<strong>bonificaci\u00f3 de m\u00e9s del 90%\u00a0de la seva quota<\/strong>.\u00a0 A m\u00e9s, durant el temps que continu\u00efn treballant i sense percebre la prestaci\u00f3\u00a0<strong>aniran augmentant un 4% anual la seva futura pensi\u00f3.<\/strong><\/p>\n<p>Avui dia, els aut\u00f2noms que tinguin m\u00e9s de 67 anys o que tinguin 65 anys i m\u00e9s de 38 anys i 6 mesos cotitzats\u00a0<strong>quedaran autom\u00e0ticament exempts de pagar la major part de la seva base<\/strong>\u00a0de cotitzaci\u00f3. De fet, els treballadors per compte propi que hagin complert l&#8217;edat legal per a jubilar-se en 2023 i no cobrin una pensi\u00f3\u00a0<strong>abonaran a penes 30 euros de quota mensual\u00a0si cotitzen per la base m\u00ednima.<\/strong><\/p>\n<div id=\"ez-toc-container\" class=\"ez-toc-v2_0_72 counter-hierarchy ez-toc-counter ez-toc-grey ez-toc-container-direction\">\n<div class=\"ez-toc-title-container\">\n<p class=\"ez-toc-title\" style=\"cursor:inherit\">\u00cdndice de Contenidos<\/p>\n<span class=\"ez-toc-title-toggle\"><a href=\"#\" class=\"ez-toc-pull-right ez-toc-btn ez-toc-btn-xs ez-toc-btn-default ez-toc-toggle\" aria-label=\"Toggle Table of Content\"><span class=\"ez-toc-js-icon-con\"><span class=\"\"><span class=\"eztoc-hide\" style=\"display:none;\">Toggle<\/span><span class=\"ez-toc-icon-toggle-span\"><svg style=\"fill: #428bca;color:#428bca\" xmlns=\"http:\/\/www.w3.org\/2000\/svg\" class=\"list-377408\" width=\"20px\" height=\"20px\" viewBox=\"0 0 24 24\" fill=\"none\"><path d=\"M6 6H4v2h2V6zm14 0H8v2h12V6zM4 11h2v2H4v-2zm16 0H8v2h12v-2zM4 16h2v2H4v-2zm16 0H8v2h12v-2z\" fill=\"currentColor\"><\/path><\/svg><svg style=\"fill: #428bca;color:#428bca\" class=\"arrow-unsorted-368013\" xmlns=\"http:\/\/www.w3.org\/2000\/svg\" width=\"10px\" height=\"10px\" viewBox=\"0 0 24 24\" version=\"1.2\" baseProfile=\"tiny\"><path d=\"M18.2 9.3l-6.2-6.3-6.2 6.3c-.2.2-.3.4-.3.7s.1.5.3.7c.2.2.4.3.7.3h11c.3 0 .5-.1.7-.3.2-.2.3-.5.3-.7s-.1-.5-.3-.7zM5.8 14.7l6.2 6.3 6.2-6.3c.2-.2.3-.5.3-.7s-.1-.5-.3-.7c-.2-.2-.4-.3-.7-.3h-11c-.3 0-.5.1-.7.3-.2.2-.3.5-.3.7s.1.5.3.7z\"\/><\/svg><\/span><\/span><\/span><\/a><\/span><\/div>\n<nav><ul class='ez-toc-list ez-toc-list-level-1 eztoc-toggle-hide-by-default' ><li class='ez-toc-page-1 ez-toc-heading-level-2'><a class=\"ez-toc-link ez-toc-heading-1\" href=\"https:\/\/www.ariasassessors.com\/ca\/seguretat-social-bonifica-quota-autonomos-que-tinguin-mes-de-65-anys\/#Quina_quota_han_de_pagar_els_autonoms_que_continuin_treballant_despres_dhaver_complert_ledat_de_jubilacio\" title=\"Quina quota han de pagar els aut\u00f2noms que continu\u00efn treballant despr\u00e9s d&#8217;haver complert l&#8217;edat de jubilaci\u00f3?\">Quina quota han de pagar els aut\u00f2noms que continu\u00efn treballant despr\u00e9s d&#8217;haver complert l&#8217;edat de jubilaci\u00f3?<\/a><ul class='ez-toc-list-level-3' ><li class='ez-toc-heading-level-3'><a class=\"ez-toc-link ez-toc-heading-2\" href=\"https:\/\/www.ariasassessors.com\/ca\/seguretat-social-bonifica-quota-autonomos-que-tinguin-mes-de-65-anys\/#Que_succeeix_amb_la_pensio_dels_autonoms_de_mes_de_65_anys\" title=\"Qu\u00e8 succeeix amb la pensi\u00f3 dels aut\u00f2noms de m\u00e9s de 65 anys?\">Qu\u00e8 succeeix amb la pensi\u00f3 dels aut\u00f2noms de m\u00e9s de 65 anys?<\/a><\/li><\/ul><\/li><li class='ez-toc-page-1 ez-toc-heading-level-2'><a class=\"ez-toc-link ez-toc-heading-3\" href=\"https:\/\/www.ariasassessors.com\/ca\/seguretat-social-bonifica-quota-autonomos-que-tinguin-mes-de-65-anys\/#Els_autonoms_en_jubilacio_activa_pagaran_%E2%80%9Cuna_quota_de_solidaritat%E2%80%9D\" title=\"Els aut\u00f2noms en jubilaci\u00f3 activa pagaran\u00a0&#8220;una quota de solidaritat&#8221;\">Els aut\u00f2noms en jubilaci\u00f3 activa pagaran\u00a0&#8220;una quota de solidaritat&#8221;<\/a><ul class='ez-toc-list-level-3' ><li class='ez-toc-heading-level-3'><a class=\"ez-toc-link ez-toc-heading-4\" href=\"https:\/\/www.ariasassessors.com\/ca\/seguretat-social-bonifica-quota-autonomos-que-tinguin-mes-de-65-anys\/#Com_calcular_la_quota_segons_els_rendiments_nets_en_jubilacio_activa\" title=\"Com calcular la quota segons els rendiments nets en jubilaci\u00f3 activa?\">Com calcular la quota segons els rendiments nets en jubilaci\u00f3 activa?<\/a><\/li><\/ul><\/li><\/ul><\/nav><\/div>\n<h2><span class=\"ez-toc-section\" id=\"Quina_quota_han_de_pagar_els_autonoms_que_continuin_treballant_despres_dhaver_complert_ledat_de_jubilacio\"><\/span>Quina quota han de pagar els aut\u00f2noms que continu\u00efn treballant despr\u00e9s d&#8217;haver complert l&#8217;edat de jubilaci\u00f3?<span class=\"ez-toc-section-end\"><\/span><\/h2>\n<p>El nou sistema de cotitzaci\u00f3 per ingressos reals va mantenir la majoria de les bonificacions a la Seguretat Social a les quals tenen dret els aut\u00f2noms. Una d&#8217;elles \u00e9s <strong>l&#8217;exempci\u00f3\u00a0 de cotitzar per als treballadors per compte propi que hagin complert l&#8217;edat legal<\/strong>\u00a0de jubilaci\u00f3 i continu\u00efn<strong>\u00a0treballant sense cobrar pensi\u00f3.<\/strong><\/p>\n<p>L&#8217;article 311 de la Llei General de la Seguretat Social regula la cotitzaci\u00f3 al r\u00e8gim especial a partir de l&#8217;edat de jubilaci\u00f3. Segons aquesta norma,\u00a0 els aut\u00f2noms &#8220;quedaran\u00a0exempts\u00a0de cotitzar a la Seguretat Social,\u00a0<strong>excepte, per incapacitat temporal i per conting\u00e8ncies professionals<\/strong>, una vegada hagin aconseguit l&#8217;edat d&#8217;acc\u00e9s a la pensi\u00f3 de jubilaci\u00f3 que en cada cas resulti d&#8217;aplicaci\u00f3&#8221;.<\/p>\n<p>Segons va explicar Jos\u00e9 Carlos Pi\u00f1ero, Director de l&#8217;\u00c0rea Jur\u00eddica de la Federaci\u00f3 Nacional d&#8217;Associacions de Treballadors Aut\u00f2noms (LLIGA), a\u00a0dia d&#8217;avui,\u00a0el <strong>tipus aplicable per conting\u00e8ncies professionals \u00e9s un 1,30%\u00a0i el d&#8217;Incapacitat\u00a0 Temporal inclosa en les conting\u00e8ncies comunes \u00e9s d&#8217;un 1,56%.<\/strong>\u00a0&#8220;Per tant, els aut\u00f2noms que compleixin l&#8217;edat legal i segueixin al capdavant del seu negoci, hauran de pagar nom\u00e9s\u00a0un 2,86%\u00a0de la seva base de cotitzaci\u00f3 a la Seguretat Social&#8221;.<\/p>\n<p>Si, per exemple, un\u00a0aut\u00f2nom\u00a0hagu\u00e9s complert aquest any 65 anys i tingu\u00e9s m\u00e9s de 38 anys i mig cotitzats a la Seguretat Social podria beneficiar-se d&#8217;aquesta exoneraci\u00f3. El tipus de cotitzaci\u00f3 que hauria de pagar seria 2,86% de 960,6 euros, que \u00e9s la base m\u00ednima en 2023. Per tant,\u00a0<strong>la seva quota a pagar seria de 27,5 euros al mes.<\/strong>\u00a0El restant, m\u00e9s de 250 euros, quedaria a c\u00e0rrec de la Seguretat Social.<\/p>\n<div class=\"textarea-origen col-xs-12 col-sm-6\">\n<div>\n<div>\n<div><\/div>\n<\/div>\n<\/div>\n<\/div>\n<div class=\"textarea-desti col-xs-12 col-sm-6\">\n<div class=\"form-control second-textarea\">Els\u00a0<strong>requisits\u00a0<\/strong>per a beneficiar-se d&#8217;aquesta exoneraci\u00f3 serien els seg\u00fcents:<\/div>\n<\/div>\n<ul>\n<li>Estar donat d&#8217;alta en el R\u00e8gim Especial de Treballadors Aut\u00f2noms (RETA)<\/li>\n<li>Haver complert seixanta-set anys d&#8217;edat o haver complert\u00a0\u00a0seixanta-cinc anys quan s&#8217;acreditin trenta-vuit anys i sis mesos de cotitzaci\u00f3, sense que es tingui en compte la part proporcional corresponent a les pagues extraordin\u00e0ries.<\/li>\n<li>\n<div class=\"traductor-textarea form-group\">\n<div class=\"textarea-desti col-xs-12 col-sm-6\">\n<div class=\"form-control second-textarea\">No haver accedit a la modalitat de jubilaci\u00f3 activa, que t\u00e9 assignada una quota de solidaritat diferent<\/div>\n<\/div>\n<\/div>\n<div class=\"traductor-checkbox form-group\"><\/div>\n<\/li>\n<\/ul>\n<h3><span class=\"ez-toc-section\" id=\"Que_succeeix_amb_la_pensio_dels_autonoms_de_mes_de_65_anys\"><\/span>Qu\u00e8 succeeix amb la pensi\u00f3 dels aut\u00f2noms de m\u00e9s de 65 anys?<span class=\"ez-toc-section-end\"><\/span><\/h3>\n<p>Els aut\u00f2noms que hagin complert l&#8217;edat legal i decideixin seguir al capdavant del seu negoci\u00a0sense accedir a la jubilaci\u00f3 activa, passaran autom\u00e0ticament a generar els\u00a0beneficis vinculats a la jubilaci\u00f3 demorada.<\/p>\n<p>Des de l&#8217;1 de gener de 2022, aquelles persones que prenguin la decisi\u00f3 de retardar volunt\u00e0riament el moment de la seva jubilaci\u00f3 percebran un complement econ\u00f2mic en la pensi\u00f3 quan decideix jubilar-se, a triar entre aquestes dues opcions:<\/p>\n<p>&#8211; Un percentatge addicional del<strong> 4%\u00a0 per cada any complet cotitzat<\/strong> despr\u00e9s de complir l&#8217;edat ordin\u00e0ria, la qual cosa suposar\u00e0 un augment de la quantia de la pensi\u00f3.<\/p>\n<p>&#8211; <strong>Una quantitat a tant al\u00e7at per any cotitzat<\/strong>, que dependr\u00e0 dels anys que s&#8217;hagi cotitzat quan s&#8217;arriba a l&#8217;edat de jubilaci\u00f3, i que va des dels 5.000 als 12.000 euros aproximadament. Es rep en el moment de la jubilaci\u00f3.<\/p>\n<p>Ara, amb l&#8217;entrada en vigor del Reial decret 371\/2023 el passat 18 de maig de 2023,\u00a0<strong>tamb\u00e9 es permet optar per una f\u00f3rmula mixta<\/strong>, que consisteix en una combinaci\u00f3 de les opcions anteriors i que no t\u00e9 car\u00e0cter retroactiu.<\/p>\n<h2><span class=\"ez-toc-section\" id=\"Els_autonoms_en_jubilacio_activa_pagaran_%E2%80%9Cuna_quota_de_solidaritat%E2%80%9D\"><\/span>Els aut\u00f2noms en jubilaci\u00f3 activa pagaran\u00a0&#8220;una quota de solidaritat&#8221;<span class=\"ez-toc-section-end\"><\/span><\/h2>\n<p>D&#8217;altra banda, els aut\u00f2noms tamb\u00e9 tenen l&#8217;opci\u00f3 de continuar treballant i cobrar una part de la seva pensi\u00f3, per\u00f2 renunciar a continuar elevant la prestaci\u00f3 que cobraran quan es jubilin. Aquesta modalitat, denominada jubilaci\u00f3 activa, s&#8217;ha tornat a regular en\u00a0el\u00a0 Reial decret llei 13\/2022, de 26 de juliol, pel qual s&#8217;estableix un nou sistema de cotitzaci\u00f3 per als treballadors per compte propi o aut\u00f2noms.<\/p>\n<p>La norma\u00a0preveu en el seu article 301\u00a0la &#8220;<strong>cotitzaci\u00f3 en sup\u00f2sits de compatibilitat de jubilaci\u00f3 i treball per compte propi<\/strong>&#8220;.\u00a0Segons diu,\u00a0&#8220;durant la realitzaci\u00f3 d&#8217;un treball per compte propi compatible amb la pensi\u00f3 de jubilaci\u00f3, les persones treballadores per compte propi o aut\u00f2nomes cotitzaran a aquest r\u00e8gim especial\u00a0<strong>\u00fanicament per incapacitat temporal i per conting\u00e8ncies professionals, conforme al que es preveu en aquest cap\u00edtol, si b\u00e9 quedaran subjectes a una cotitzaci\u00f3 especial de solidaritat del 9\u00a0 per cent<\/strong>\u00a0sobre la seva base de cotitzaci\u00f3 per conting\u00e8ncies comunes, no computable a l&#8217;efecte de prestacions&#8221;.<\/p>\n<p>Segons la nova taula de tipus aplicables per a 2023, les conting\u00e8ncies professionals s\u00f3n un 1,3%, la Incapacitat Temporal un 1,55% i la nova quota de solidaritat que estableix la normativa \u00e9s d&#8217;un 9%.\u00a0<strong>Aix\u00f2 dona un percentatge del 11,85% a aplicar a la base que li correspongui a l&#8217;aut\u00f2nom segons els seus rendiments<\/strong>.<\/p>\n<h3><span class=\"ez-toc-section\" id=\"Com_calcular_la_quota_segons_els_rendiments_nets_en_jubilacio_activa\"><\/span>Com calcular la quota segons els rendiments nets en jubilaci\u00f3 activa?<span class=\"ez-toc-section-end\"><\/span><\/h3>\n<p>D&#8217;aquesta manera, per a calcular la quota caldria con\u00e8ixer els rendiments nets que ha obtingut l&#8217;aut\u00f2nom en jubilaci\u00f3 activa a trav\u00e9s del seu negoci. Si per exemple, aquest treballador per compte propi obtingu\u00e9s uns beneficis anuals de 30.000 euros\u00a0<strong>-2.500 euros al mes<\/strong>-, li correspondria una base de cotitzaci\u00f3 m\u00ednima de\u00a0<strong>1.078,43 euros al mes<\/strong>.\u00a0Per tant, i\u00a0<strong>aplicant un 11,85% a aquesta base<\/strong>, hauria de pagar com a m\u00ednim\u00a0<strong>una quota de\u00a0127,74 euros al mes.<\/strong><\/p>\n<p>En el pitjor dels casos, si l&#8217;aut\u00f2nom obtingu\u00e9s molt pocs rendiments,\u00a0<strong>8.040 euros a l&#8217;any -670 euros al mes- o menys, la quota m\u00ednima que podria pagar seria de\u00a0 88,9 euros<\/strong>, per la qual cosa en aquest cas les seves quotes s\u00ed que es reduirien respecte a l&#8217;any passat.<\/p>\n<p>&nbsp;<\/p>\n<div class=\"textarea-origen col-xs-12 col-sm-6\">\n<div>\n<div>\n<div><\/div>\n<\/div>\n<\/div>\n<\/div>\n<div class=\"textarea-desti col-xs-12 col-sm-6\">\n<div class=\"form-control second-textarea\">Si vols consultar m\u00e9s not\u00edcies: <a href=\"https:\/\/www.ariasassessors.com\/ca\/actualitat\/\">https:\/\/www.ariasassessors.com\/actualidad\/<\/a><\/div>\n<\/div>\n<div class=\"textarea-origen col-xs-12 col-sm-6\">\n<div>\n<div>\n<div><\/div>\n<\/div>\n<\/div>\n<\/div>\n<div class=\"textarea-desti col-xs-12 col-sm-6\">\n<div class=\"form-control second-textarea\">Not\u00edcia extreta de: <a href=\"https:\/\/www.autonomosyemprendedor.es\/articulo\/actualidad\/seguridad-social-bonifica-cuota-autonomos-que-tengan-mas-65-anos-cuanto-pagan-2023\/20230706160314031252.html\" target=\"_blank\" rel=\"noopener\">www.autonomosyemprendedor.es\/articulo\/actualidad\/<\/a><\/div>\n<\/div>\n","protected":false},"excerpt":{"rendered":"<p>Els aut\u00f2noms que tinguin m\u00e9s de 65 anys, per\u00f2 continu\u00efn treballant sense accedir a la pensi\u00f3, poden accedir a una bonificaci\u00f3 especial en les seves cotitzacions. Aix\u00f2 \u00e9s el que pagaran per la seva quota en 2023. Els aut\u00f2noms que\u00a0compleixin l&#8217;edat de jubilaci\u00f3 i vulguin&#8230;<\/p>\n","protected":false},"author":2,"featured_media":2688,"comment_status":"open","ping_status":"open","sticky":false,"template":"","format":"standard","meta":{"footnotes":""},"categories":[4],"tags":[],"class_list":["post-2717","post","type-post","status-publish","format-standard","has-post-thumbnail","hentry","category-noticies"],"yoast_head":"<!-- This site is optimized with the Yoast SEO plugin v24.3 - https:\/\/yoast.com\/wordpress\/plugins\/seo\/ -->\n<title>Bonificaci\u00f3 en la quota d&#039;aut\u00f2noms que tinguin m\u00e9s de 65 anys<\/title>\n<meta name=\"description\" content=\"Els aut\u00f2noms que tinguin m\u00e9s de 65 anys i continu\u00efn treballant sense la pensi\u00f3, poden accedir a una bonificaci\u00f3 en les seves cotitzacions.\" \/>\n<meta name=\"robots\" content=\"index, follow, max-snippet:-1, max-image-preview:large, max-video-preview:-1\" \/>\n<link rel=\"canonical\" href=\"https:\/\/www.ariasassessors.com\/ca\/seguretat-social-bonifica-quota-autonomos-que-tinguin-mes-de-65-anys\/\" \/>\n<meta property=\"og:locale\" content=\"ca_ES\" \/>\n<meta property=\"og:type\" content=\"article\" \/>\n<meta property=\"og:title\" content=\"Bonificaci\u00f3 en la quota d&#039;aut\u00f2noms que tinguin m\u00e9s de 65 anys\" \/>\n<meta property=\"og:description\" content=\"Els aut\u00f2noms que tinguin m\u00e9s de 65 anys i continu\u00efn treballant sense la pensi\u00f3, poden accedir a una bonificaci\u00f3 en les seves cotitzacions.\" \/>\n<meta property=\"og:url\" content=\"https:\/\/www.ariasassessors.com\/ca\/seguretat-social-bonifica-quota-autonomos-que-tinguin-mes-de-65-anys\/\" \/>\n<meta property=\"og:site_name\" content=\"Arias Assessors\" \/>\n<meta property=\"article:publisher\" content=\"https:\/\/www.facebook.com\/ariasassessors\/\" \/>\n<meta property=\"article:published_time\" content=\"2023-07-12T10:59:27+00:00\" \/>\n<meta property=\"article:modified_time\" content=\"2023-07-12T11:16:40+00:00\" \/>\n<meta property=\"og:image\" content=\"https:\/\/www.ariasassessors.com\/wp-content\/uploads\/2023\/07\/Arias_Blog_IMAGEN_DESTACADA-38.png\" \/>\n\t<meta property=\"og:image:width\" content=\"1920\" \/>\n\t<meta property=\"og:image:height\" content=\"1202\" \/>\n\t<meta property=\"og:image:type\" content=\"image\/png\" \/>\n<meta name=\"author\" content=\"btorras\" \/>\n<meta name=\"twitter:card\" content=\"summary_large_image\" \/>\n<meta name=\"twitter:creator\" content=\"@ariasassessors\" \/>\n<meta name=\"twitter:site\" content=\"@ariasassessors\" \/>\n<meta name=\"twitter:label1\" content=\"Escrit per\" \/>\n\t<meta name=\"twitter:data1\" content=\"btorras\" \/>\n\t<meta name=\"twitter:label2\" content=\"Temps estimat de lectura\" \/>\n\t<meta name=\"twitter:data2\" content=\"6 minuts\" \/>\n<script type=\"application\/ld+json\" class=\"yoast-schema-graph\">{\"@context\":\"https:\/\/schema.org\",\"@graph\":[{\"@type\":\"Article\",\"@id\":\"https:\/\/www.ariasassessors.com\/ca\/seguretat-social-bonifica-quota-autonomos-que-tinguin-mes-de-65-anys\/#article\",\"isPartOf\":{\"@id\":\"https:\/\/www.ariasassessors.com\/ca\/seguretat-social-bonifica-quota-autonomos-que-tinguin-mes-de-65-anys\/\"},\"author\":{\"name\":\"btorras\",\"@id\":\"https:\/\/www.ariasassessors.com\/#\/schema\/person\/63c6ad1775f0a9413c37932562673cef\"},\"headline\":\"La Seguretat Social bonifica la quota als aut\u00f2noms que tinguin m\u00e9s de 65 anys: quant paguen en 2023?\",\"datePublished\":\"2023-07-12T10:59:27+00:00\",\"dateModified\":\"2023-07-12T11:16:40+00:00\",\"mainEntityOfPage\":{\"@id\":\"https:\/\/www.ariasassessors.com\/ca\/seguretat-social-bonifica-quota-autonomos-que-tinguin-mes-de-65-anys\/\"},\"wordCount\":1232,\"commentCount\":0,\"publisher\":{\"@id\":\"https:\/\/www.ariasassessors.com\/#organization\"},\"image\":{\"@id\":\"https:\/\/www.ariasassessors.com\/ca\/seguretat-social-bonifica-quota-autonomos-que-tinguin-mes-de-65-anys\/#primaryimage\"},\"thumbnailUrl\":\"https:\/\/www.ariasassessors.com\/wp-content\/uploads\/2023\/07\/Arias_Blog_IMAGEN_DESTACADA-38.png\",\"articleSection\":[\"noticies\"],\"inLanguage\":\"ca\",\"potentialAction\":[{\"@type\":\"CommentAction\",\"name\":\"Comment\",\"target\":[\"https:\/\/www.ariasassessors.com\/ca\/seguretat-social-bonifica-quota-autonomos-que-tinguin-mes-de-65-anys\/#respond\"]}]},{\"@type\":\"WebPage\",\"@id\":\"https:\/\/www.ariasassessors.com\/ca\/seguretat-social-bonifica-quota-autonomos-que-tinguin-mes-de-65-anys\/\",\"url\":\"https:\/\/www.ariasassessors.com\/ca\/seguretat-social-bonifica-quota-autonomos-que-tinguin-mes-de-65-anys\/\",\"name\":\"Bonificaci\u00f3 en la quota d'aut\u00f2noms que tinguin m\u00e9s de 65 anys\",\"isPartOf\":{\"@id\":\"https:\/\/www.ariasassessors.com\/#website\"},\"primaryImageOfPage\":{\"@id\":\"https:\/\/www.ariasassessors.com\/ca\/seguretat-social-bonifica-quota-autonomos-que-tinguin-mes-de-65-anys\/#primaryimage\"},\"image\":{\"@id\":\"https:\/\/www.ariasassessors.com\/ca\/seguretat-social-bonifica-quota-autonomos-que-tinguin-mes-de-65-anys\/#primaryimage\"},\"thumbnailUrl\":\"https:\/\/www.ariasassessors.com\/wp-content\/uploads\/2023\/07\/Arias_Blog_IMAGEN_DESTACADA-38.png\",\"datePublished\":\"2023-07-12T10:59:27+00:00\",\"dateModified\":\"2023-07-12T11:16:40+00:00\",\"description\":\"Els aut\u00f2noms que tinguin m\u00e9s de 65 anys i continu\u00efn treballant sense la pensi\u00f3, poden accedir a una bonificaci\u00f3 en les seves cotitzacions.\",\"breadcrumb\":{\"@id\":\"https:\/\/www.ariasassessors.com\/ca\/seguretat-social-bonifica-quota-autonomos-que-tinguin-mes-de-65-anys\/#breadcrumb\"},\"inLanguage\":\"ca\",\"potentialAction\":[{\"@type\":\"ReadAction\",\"target\":[\"https:\/\/www.ariasassessors.com\/ca\/seguretat-social-bonifica-quota-autonomos-que-tinguin-mes-de-65-anys\/\"]}]},{\"@type\":\"ImageObject\",\"inLanguage\":\"ca\",\"@id\":\"https:\/\/www.ariasassessors.com\/ca\/seguretat-social-bonifica-quota-autonomos-que-tinguin-mes-de-65-anys\/#primaryimage\",\"url\":\"https:\/\/www.ariasassessors.com\/wp-content\/uploads\/2023\/07\/Arias_Blog_IMAGEN_DESTACADA-38.png\",\"contentUrl\":\"https:\/\/www.ariasassessors.com\/wp-content\/uploads\/2023\/07\/Arias_Blog_IMAGEN_DESTACADA-38.png\",\"width\":1920,\"height\":1202,\"caption\":\"aut\u00f2noms que tinguin m\u00e9s de 65 anys\"},{\"@type\":\"BreadcrumbList\",\"@id\":\"https:\/\/www.ariasassessors.com\/ca\/seguretat-social-bonifica-quota-autonomos-que-tinguin-mes-de-65-anys\/#breadcrumb\",\"itemListElement\":[{\"@type\":\"ListItem\",\"position\":1,\"name\":\"Portada\",\"item\":\"https:\/\/www.ariasassessors.com\/ca\/\"},{\"@type\":\"ListItem\",\"position\":2,\"name\":\"La Seguretat Social bonifica la quota als aut\u00f2noms que tinguin m\u00e9s de 65 anys: quant paguen en 2023?\"}]},{\"@type\":\"WebSite\",\"@id\":\"https:\/\/www.ariasassessors.com\/#website\",\"url\":\"https:\/\/www.ariasassessors.com\/\",\"name\":\"Arias Assessors\",\"description\":\"Asesor\u00eda para aut\u00f3nomos, profesionales y PYMES\",\"publisher\":{\"@id\":\"https:\/\/www.ariasassessors.com\/#organization\"},\"potentialAction\":[{\"@type\":\"SearchAction\",\"target\":{\"@type\":\"EntryPoint\",\"urlTemplate\":\"https:\/\/www.ariasassessors.com\/?s={search_term_string}\"},\"query-input\":{\"@type\":\"PropertyValueSpecification\",\"valueRequired\":true,\"valueName\":\"search_term_string\"}}],\"inLanguage\":\"ca\"},{\"@type\":\"Organization\",\"@id\":\"https:\/\/www.ariasassessors.com\/#organization\",\"name\":\"Arias Assessors\",\"url\":\"https:\/\/www.ariasassessors.com\/\",\"logo\":{\"@type\":\"ImageObject\",\"inLanguage\":\"ca\",\"@id\":\"https:\/\/www.ariasassessors.com\/#\/schema\/logo\/image\/\",\"url\":\"https:\/\/www.ariasassessors.com\/wp-content\/uploads\/2019\/01\/arias-logo.png\",\"contentUrl\":\"https:\/\/www.ariasassessors.com\/wp-content\/uploads\/2019\/01\/arias-logo.png\",\"width\":349,\"height\":254,\"caption\":\"Arias Assessors\"},\"image\":{\"@id\":\"https:\/\/www.ariasassessors.com\/#\/schema\/logo\/image\/\"},\"sameAs\":[\"https:\/\/www.facebook.com\/ariasassessors\/\",\"https:\/\/x.com\/ariasassessors\",\"https:\/\/www.linkedin.com\/company\/r&amp;amp;r-growing-knowledge\/\"]},{\"@type\":\"Person\",\"@id\":\"https:\/\/www.ariasassessors.com\/#\/schema\/person\/63c6ad1775f0a9413c37932562673cef\",\"name\":\"btorras\",\"image\":{\"@type\":\"ImageObject\",\"inLanguage\":\"ca\",\"@id\":\"https:\/\/www.ariasassessors.com\/#\/schema\/person\/image\/\",\"url\":\"https:\/\/secure.gravatar.com\/avatar\/0531db351fc361fdbfd204c58fa2d6a3?s=96&d=mm&r=g\",\"contentUrl\":\"https:\/\/secure.gravatar.com\/avatar\/0531db351fc361fdbfd204c58fa2d6a3?s=96&d=mm&r=g\",\"caption\":\"btorras\"}}]}<\/script>\n<!-- \/ Yoast SEO plugin. -->","yoast_head_json":{"title":"Bonificaci\u00f3 en la quota d'aut\u00f2noms que tinguin m\u00e9s de 65 anys","description":"Els aut\u00f2noms que tinguin m\u00e9s de 65 anys i continu\u00efn treballant sense la pensi\u00f3, poden accedir a una bonificaci\u00f3 en les seves cotitzacions.","robots":{"index":"index","follow":"follow","max-snippet":"max-snippet:-1","max-image-preview":"max-image-preview:large","max-video-preview":"max-video-preview:-1"},"canonical":"https:\/\/www.ariasassessors.com\/ca\/seguretat-social-bonifica-quota-autonomos-que-tinguin-mes-de-65-anys\/","og_locale":"ca_ES","og_type":"article","og_title":"Bonificaci\u00f3 en la quota d'aut\u00f2noms que tinguin m\u00e9s de 65 anys","og_description":"Els aut\u00f2noms que tinguin m\u00e9s de 65 anys i continu\u00efn treballant sense la pensi\u00f3, poden accedir a una bonificaci\u00f3 en les seves cotitzacions.","og_url":"https:\/\/www.ariasassessors.com\/ca\/seguretat-social-bonifica-quota-autonomos-que-tinguin-mes-de-65-anys\/","og_site_name":"Arias Assessors","article_publisher":"https:\/\/www.facebook.com\/ariasassessors\/","article_published_time":"2023-07-12T10:59:27+00:00","article_modified_time":"2023-07-12T11:16:40+00:00","og_image":[{"width":1920,"height":1202,"url":"https:\/\/www.ariasassessors.com\/wp-content\/uploads\/2023\/07\/Arias_Blog_IMAGEN_DESTACADA-38.png","type":"image\/png"}],"author":"btorras","twitter_card":"summary_large_image","twitter_creator":"@ariasassessors","twitter_site":"@ariasassessors","twitter_misc":{"Escrit per":"btorras","Temps estimat de lectura":"6 minuts"},"schema":{"@context":"https:\/\/schema.org","@graph":[{"@type":"Article","@id":"https:\/\/www.ariasassessors.com\/ca\/seguretat-social-bonifica-quota-autonomos-que-tinguin-mes-de-65-anys\/#article","isPartOf":{"@id":"https:\/\/www.ariasassessors.com\/ca\/seguretat-social-bonifica-quota-autonomos-que-tinguin-mes-de-65-anys\/"},"author":{"name":"btorras","@id":"https:\/\/www.ariasassessors.com\/#\/schema\/person\/63c6ad1775f0a9413c37932562673cef"},"headline":"La Seguretat Social bonifica la quota als aut\u00f2noms que tinguin m\u00e9s de 65 anys: quant paguen en 2023?","datePublished":"2023-07-12T10:59:27+00:00","dateModified":"2023-07-12T11:16:40+00:00","mainEntityOfPage":{"@id":"https:\/\/www.ariasassessors.com\/ca\/seguretat-social-bonifica-quota-autonomos-que-tinguin-mes-de-65-anys\/"},"wordCount":1232,"commentCount":0,"publisher":{"@id":"https:\/\/www.ariasassessors.com\/#organization"},"image":{"@id":"https:\/\/www.ariasassessors.com\/ca\/seguretat-social-bonifica-quota-autonomos-que-tinguin-mes-de-65-anys\/#primaryimage"},"thumbnailUrl":"https:\/\/www.ariasassessors.com\/wp-content\/uploads\/2023\/07\/Arias_Blog_IMAGEN_DESTACADA-38.png","articleSection":["noticies"],"inLanguage":"ca","potentialAction":[{"@type":"CommentAction","name":"Comment","target":["https:\/\/www.ariasassessors.com\/ca\/seguretat-social-bonifica-quota-autonomos-que-tinguin-mes-de-65-anys\/#respond"]}]},{"@type":"WebPage","@id":"https:\/\/www.ariasassessors.com\/ca\/seguretat-social-bonifica-quota-autonomos-que-tinguin-mes-de-65-anys\/","url":"https:\/\/www.ariasassessors.com\/ca\/seguretat-social-bonifica-quota-autonomos-que-tinguin-mes-de-65-anys\/","name":"Bonificaci\u00f3 en la quota d'aut\u00f2noms que tinguin m\u00e9s de 65 anys","isPartOf":{"@id":"https:\/\/www.ariasassessors.com\/#website"},"primaryImageOfPage":{"@id":"https:\/\/www.ariasassessors.com\/ca\/seguretat-social-bonifica-quota-autonomos-que-tinguin-mes-de-65-anys\/#primaryimage"},"image":{"@id":"https:\/\/www.ariasassessors.com\/ca\/seguretat-social-bonifica-quota-autonomos-que-tinguin-mes-de-65-anys\/#primaryimage"},"thumbnailUrl":"https:\/\/www.ariasassessors.com\/wp-content\/uploads\/2023\/07\/Arias_Blog_IMAGEN_DESTACADA-38.png","datePublished":"2023-07-12T10:59:27+00:00","dateModified":"2023-07-12T11:16:40+00:00","description":"Els aut\u00f2noms que tinguin m\u00e9s de 65 anys i continu\u00efn treballant sense la pensi\u00f3, poden accedir a una bonificaci\u00f3 en les seves cotitzacions.","breadcrumb":{"@id":"https:\/\/www.ariasassessors.com\/ca\/seguretat-social-bonifica-quota-autonomos-que-tinguin-mes-de-65-anys\/#breadcrumb"},"inLanguage":"ca","potentialAction":[{"@type":"ReadAction","target":["https:\/\/www.ariasassessors.com\/ca\/seguretat-social-bonifica-quota-autonomos-que-tinguin-mes-de-65-anys\/"]}]},{"@type":"ImageObject","inLanguage":"ca","@id":"https:\/\/www.ariasassessors.com\/ca\/seguretat-social-bonifica-quota-autonomos-que-tinguin-mes-de-65-anys\/#primaryimage","url":"https:\/\/www.ariasassessors.com\/wp-content\/uploads\/2023\/07\/Arias_Blog_IMAGEN_DESTACADA-38.png","contentUrl":"https:\/\/www.ariasassessors.com\/wp-content\/uploads\/2023\/07\/Arias_Blog_IMAGEN_DESTACADA-38.png","width":1920,"height":1202,"caption":"aut\u00f2noms que tinguin m\u00e9s de 65 anys"},{"@type":"BreadcrumbList","@id":"https:\/\/www.ariasassessors.com\/ca\/seguretat-social-bonifica-quota-autonomos-que-tinguin-mes-de-65-anys\/#breadcrumb","itemListElement":[{"@type":"ListItem","position":1,"name":"Portada","item":"https:\/\/www.ariasassessors.com\/ca\/"},{"@type":"ListItem","position":2,"name":"La Seguretat Social bonifica la quota als aut\u00f2noms que tinguin m\u00e9s de 65 anys: quant paguen en 2023?"}]},{"@type":"WebSite","@id":"https:\/\/www.ariasassessors.com\/#website","url":"https:\/\/www.ariasassessors.com\/","name":"Arias Assessors","description":"Asesor\u00eda para aut\u00f3nomos, profesionales y PYMES","publisher":{"@id":"https:\/\/www.ariasassessors.com\/#organization"},"potentialAction":[{"@type":"SearchAction","target":{"@type":"EntryPoint","urlTemplate":"https:\/\/www.ariasassessors.com\/?s={search_term_string}"},"query-input":{"@type":"PropertyValueSpecification","valueRequired":true,"valueName":"search_term_string"}}],"inLanguage":"ca"},{"@type":"Organization","@id":"https:\/\/www.ariasassessors.com\/#organization","name":"Arias Assessors","url":"https:\/\/www.ariasassessors.com\/","logo":{"@type":"ImageObject","inLanguage":"ca","@id":"https:\/\/www.ariasassessors.com\/#\/schema\/logo\/image\/","url":"https:\/\/www.ariasassessors.com\/wp-content\/uploads\/2019\/01\/arias-logo.png","contentUrl":"https:\/\/www.ariasassessors.com\/wp-content\/uploads\/2019\/01\/arias-logo.png","width":349,"height":254,"caption":"Arias Assessors"},"image":{"@id":"https:\/\/www.ariasassessors.com\/#\/schema\/logo\/image\/"},"sameAs":["https:\/\/www.facebook.com\/ariasassessors\/","https:\/\/x.com\/ariasassessors","https:\/\/www.linkedin.com\/company\/r&amp;amp;r-growing-knowledge\/"]},{"@type":"Person","@id":"https:\/\/www.ariasassessors.com\/#\/schema\/person\/63c6ad1775f0a9413c37932562673cef","name":"btorras","image":{"@type":"ImageObject","inLanguage":"ca","@id":"https:\/\/www.ariasassessors.com\/#\/schema\/person\/image\/","url":"https:\/\/secure.gravatar.com\/avatar\/0531db351fc361fdbfd204c58fa2d6a3?s=96&d=mm&r=g","contentUrl":"https:\/\/secure.gravatar.com\/avatar\/0531db351fc361fdbfd204c58fa2d6a3?s=96&d=mm&r=g","caption":"btorras"}}]}},"_links":{"self":[{"href":"https:\/\/www.ariasassessors.com\/ca\/wp-json\/wp\/v2\/posts\/2717","targetHints":{"allow":["GET"]}}],"collection":[{"href":"https:\/\/www.ariasassessors.com\/ca\/wp-json\/wp\/v2\/posts"}],"about":[{"href":"https:\/\/www.ariasassessors.com\/ca\/wp-json\/wp\/v2\/types\/post"}],"author":[{"embeddable":true,"href":"https:\/\/www.ariasassessors.com\/ca\/wp-json\/wp\/v2\/users\/2"}],"replies":[{"embeddable":true,"href":"https:\/\/www.ariasassessors.com\/ca\/wp-json\/wp\/v2\/comments?post=2717"}],"version-history":[{"count":2,"href":"https:\/\/www.ariasassessors.com\/ca\/wp-json\/wp\/v2\/posts\/2717\/revisions"}],"predecessor-version":[{"id":2719,"href":"https:\/\/www.ariasassessors.com\/ca\/wp-json\/wp\/v2\/posts\/2717\/revisions\/2719"}],"wp:featuredmedia":[{"embeddable":true,"href":"https:\/\/www.ariasassessors.com\/ca\/wp-json\/wp\/v2\/media\/2688"}],"wp:attachment":[{"href":"https:\/\/www.ariasassessors.com\/ca\/wp-json\/wp\/v2\/media?parent=2717"}],"wp:term":[{"taxonomy":"category","embeddable":true,"href":"https:\/\/www.ariasassessors.com\/ca\/wp-json\/wp\/v2\/categories?post=2717"},{"taxonomy":"post_tag","embeddable":true,"href":"https:\/\/www.ariasassessors.com\/ca\/wp-json\/wp\/v2\/tags?post=2717"}],"curies":[{"name":"wp","href":"https:\/\/api.w.org\/{rel}","templated":true}]}}