{"id":2725,"date":"2023-07-12T13:26:33","date_gmt":"2023-07-12T11:26:33","guid":{"rendered":"https:\/\/www.ariasassessors.com\/autonomos-facturas-retencion-irpf-inferior-al-15\/"},"modified":"2023-07-12T13:39:12","modified_gmt":"2023-07-12T11:39:12","slug":"autonoms-factures-retencio-irpf-inferior-al-15","status":"publish","type":"post","link":"https:\/\/www.ariasassessors.com\/ca\/autonoms-factures-retencio-irpf-inferior-al-15\/","title":{"rendered":"Quins aut\u00f2noms poden aplicar en les seves factures una retenci\u00f3 en l&#8217;IRPF inferior al 15%?"},"content":{"rendered":"<div class=\"summary\">L&#8217;Ag\u00e8ncia Tribut\u00e0ria permet a alguns aut\u00f2noms aplicar de manera excepcional la retenci\u00f3 d&#8217;IRPF inferior al 15% en les seves factures. No obstant aix\u00f2, no sempre compensa aplicar aquests tipus redu\u00efts.<br \/>\nCada any, l&#8217;Ag\u00e8ncia Tribut\u00e0ria publica el quadre de<a href=\"https:\/\/www.autonomosyemprendedor.es\/articulo\/tus-finanzas\/hacienda-ha-publicado-retenciones-que-tendran-que-aplicar-ano-autonomos-facturas\/20230118100249028919.html\" target=\"_blank\" rel=\"noopener\">\u00a0retencions que hauran d&#8217;aplicar<\/a>\u00a0els aut\u00f2noms en les seves factures per a<strong>\u00a0anar avan\u00e7ant l&#8217;IRPF a Hisenda<\/strong>. Habitualment, els treballadors per compte propi solen estar obligats a aplicar sempre un 15% de retenci\u00f3 sobre la seva base imposable. Aquests diners \u00e9s un avan\u00e7ament a compte que fan a l&#8217;Administraci\u00f3 i que,\u00a0<strong>despr\u00e9s, s&#8217;ajusta a trav\u00e9s de la declaraci\u00f3 de la RENDA.<\/strong><\/p>\n<p>Les retencions en les factures serveixen per a anar avan\u00e7ant l&#8217;impost sobre les persones f\u00edsiques\u00a0a l&#8217;Ag\u00e8ncia Tribut\u00e0ria. En presentar la declaraci\u00f3 d&#8217;IRPF a l&#8217;any seg\u00fcent, si l&#8217;aut\u00f2nom ha pagat m\u00e9s del que li correspondria pel seu tram,\u00a0<strong>Hisenda li retornar\u00e0 diners<\/strong>.\u00a0Per\u00f2 si ha pagat menys del que hauria d&#8217;haver abonat,\u00a0<strong>ser\u00e0 ell qui hagi de pagar m\u00e9s en la RENDA<\/strong>. La Llei preveu algunes\u00a0<strong>execpciones\u00a0en les quals un aut\u00f2nom pot aplicar una retenci\u00f3 inferior<\/strong>\u00a0perqu\u00e8 es preveu que tindr\u00e0 pocs ingressos per diferents circumst\u00e0ncies.<\/p>\n<p><strong>Per norma general, tots els treballadors per compte propi\u00a0han d&#8217;aplicar en les seves factures una retenci\u00f3 del 15%.<\/strong> Aquest \u00e9s el tipus gen\u00e8ric al qual estan sotmesos la majoria d&#8217;aut\u00f2noms. No obstant aix\u00f2,\u00a0<strong>hi ha excepcions\u00a0<\/strong>com, per exemple, per a aquells professionals amb negocis de\u00a0<strong>recent creaci\u00f3<\/strong>, \u00e9s a dir, que acabin d&#8217;iniciar la seva activitat i tamb\u00e9 per als que desenvolupin cert tipus <strong>d&#8217;activitats\u00a0 en l&#8217;entorn rural<\/strong>. A m\u00e9s, el Reial decret 31\/2023 va posar en marxa enguany un nou tipus redu\u00eft del 7% per a<strong> aut\u00f2noms de\u00a0les\u00a0&#8220;arts esc\u00e8niques<\/strong>, <strong>audiovisuals i musicals<\/strong>&#8221;\u00a0aix\u00ed com per a les persones que realitzen\u00a0<strong>activitats t\u00e8cniques<\/strong>\u00a0o auxiliars necess\u00e0ries per al desenvolupament d&#8217;aquesta activitat.<\/p>\n<p>Segons Jordi Rovira,\u00a0CEO\u00a0i Soci de l&#8217;\u00e0rea Fiscal i Tribut\u00e0ria del despatx\u00a0AGM\u00a0advocats, &#8220;<strong>no sempre \u00e9s recomanable que els aut\u00f2noms apliquin una retenci\u00f3 inferior al 15%<\/strong>&#8221;\u00a0ja que, en alguns casos, l&#8217;\u00fanica cosa que estaran fent ser\u00e0\u00a0<strong>posposar el pagament d&#8217;un impost que abonaran igualment<\/strong>\u00a0i\u00a0al qual hauran de fer front\u00a0 de cop en la declaraci\u00f3 anual de la RENDA. &#8220;En altres circumst\u00e0ncies, si l&#8217;aut\u00f2nom t\u00e9 pocs ingressos o moltes despeses i preveu que l&#8217;IRPF li sortir\u00e0 a retornar, <strong>les retencions redu\u00efdes tamb\u00e9 poden ser una manera d&#8217;avan\u00e7ar la devoluci\u00f3<\/strong>\u00a0i obtenir liquiditat&#8221;, va apuntar l&#8217;advocat.<\/div>\n<div>\n<div class=\"traductor-textarea form-group\">\n<div class=\"textarea-desti col-xs-12 col-sm-6\">\n<div id=\"ez-toc-container\" class=\"ez-toc-v2_0_72 counter-hierarchy ez-toc-counter ez-toc-grey ez-toc-container-direction\">\n<div class=\"ez-toc-title-container\">\n<p class=\"ez-toc-title\" style=\"cursor:inherit\">\u00cdndice de Contenidos<\/p>\n<span class=\"ez-toc-title-toggle\"><a href=\"#\" class=\"ez-toc-pull-right ez-toc-btn ez-toc-btn-xs ez-toc-btn-default ez-toc-toggle\" aria-label=\"Toggle Table of Content\"><span class=\"ez-toc-js-icon-con\"><span class=\"\"><span class=\"eztoc-hide\" style=\"display:none;\">Toggle<\/span><span class=\"ez-toc-icon-toggle-span\"><svg style=\"fill: #428bca;color:#428bca\" xmlns=\"http:\/\/www.w3.org\/2000\/svg\" class=\"list-377408\" width=\"20px\" height=\"20px\" viewBox=\"0 0 24 24\" fill=\"none\"><path d=\"M6 6H4v2h2V6zm14 0H8v2h12V6zM4 11h2v2H4v-2zm16 0H8v2h12v-2zM4 16h2v2H4v-2zm16 0H8v2h12v-2z\" fill=\"currentColor\"><\/path><\/svg><svg style=\"fill: #428bca;color:#428bca\" class=\"arrow-unsorted-368013\" xmlns=\"http:\/\/www.w3.org\/2000\/svg\" width=\"10px\" height=\"10px\" viewBox=\"0 0 24 24\" version=\"1.2\" baseProfile=\"tiny\"><path d=\"M18.2 9.3l-6.2-6.3-6.2 6.3c-.2.2-.3.4-.3.7s.1.5.3.7c.2.2.4.3.7.3h11c.3 0 .5-.1.7-.3.2-.2.3-.5.3-.7s-.1-.5-.3-.7zM5.8 14.7l6.2 6.3 6.2-6.3c.2-.2.3-.5.3-.7s-.1-.5-.3-.7c-.2-.2-.4-.3-.7-.3h-11c-.3 0-.5.1-.7.3-.2.2-.3.5-.3.7s.1.5.3.7z\"\/><\/svg><\/span><\/span><\/span><\/a><\/span><\/div>\n<nav><ul class='ez-toc-list ez-toc-list-level-1 eztoc-toggle-hide-by-default' ><li class='ez-toc-page-1 ez-toc-heading-level-2'><a class=\"ez-toc-link ez-toc-heading-1\" href=\"https:\/\/www.ariasassessors.com\/ca\/autonoms-factures-retencio-irpf-inferior-al-15\/#Quins_autonoms_poden_aplicar_a_lIRPF_inferior_al_15_de_retencio_en_les_seves_factures\" title=\"Quins aut\u00f2noms poden aplicar a l&#8217;IRPF inferior al 15% de retenci\u00f3 en les seves factures?\">Quins aut\u00f2noms poden aplicar a l&#8217;IRPF inferior al 15% de retenci\u00f3 en les seves factures?<\/a><ul class='ez-toc-list-level-3' ><li class='ez-toc-heading-level-3'><a class=\"ez-toc-link ez-toc-heading-2\" href=\"https:\/\/www.ariasassessors.com\/ca\/autonoms-factures-retencio-irpf-inferior-al-15\/#Autonoms_que_acabin_diniciar_la_seva_activitat\" title=\"Aut\u00f2noms que acabin d&#8217;iniciar la seva activitat\">Aut\u00f2noms que acabin d&#8217;iniciar la seva activitat<\/a><\/li><li class='ez-toc-page-1 ez-toc-heading-level-3'><a class=\"ez-toc-link ez-toc-heading-3\" href=\"https:\/\/www.ariasassessors.com\/ca\/autonoms-factures-retencio-irpf-inferior-al-15\/#Autonoms_de_lart_i_la_cultura\" title=\"Aut\u00f2noms de l&#8217;art i la cultura\">Aut\u00f2noms de l&#8217;art i la cultura<\/a><\/li><li class='ez-toc-page-1 ez-toc-heading-level-3'><a class=\"ez-toc-link ez-toc-heading-4\" href=\"https:\/\/www.ariasassessors.com\/ca\/autonoms-factures-retencio-irpf-inferior-al-15\/#Altres_activitats_economiques_amb_dret_a_un_tipus_reduit\" title=\"Altres activitats econ\u00f2miques amb dret a un tipus redu\u00eft\">Altres activitats econ\u00f2miques amb dret a un tipus redu\u00eft<\/a><\/li><\/ul><\/li><li class='ez-toc-page-1 ez-toc-heading-level-2'><a class=\"ez-toc-link ez-toc-heading-5\" href=\"https:\/\/www.ariasassessors.com\/ca\/autonoms-factures-retencio-irpf-inferior-al-15\/#Compensa_aplicar_menys_dun_15_de_retencio_en_les_factures\" title=\"Compensa aplicar menys d&#8217;un 15% de retenci\u00f3 en les factures?\">Compensa aplicar menys d&#8217;un 15% de retenci\u00f3 en les factures?<\/a><\/li><\/ul><\/nav><\/div>\n<h2 class=\"form-control second-textarea\"><span class=\"ez-toc-section\" id=\"Quins_autonoms_poden_aplicar_a_lIRPF_inferior_al_15_de_retencio_en_les_seves_factures\"><\/span>Quins aut\u00f2noms poden aplicar a l&#8217;IRPF inferior al 15% de retenci\u00f3 en les seves factures?<span class=\"ez-toc-section-end\"><\/span><\/h2>\n<\/div>\n<\/div>\n<p>Per a aquells aut\u00f2noms que volunt\u00e0riament vulguin reduir les seves retencions, l&#8217;Ag\u00e8ncia Tribut\u00e0ria publica cada any <strong>el quadre informatiu sobre les retencions\u00a0en l&#8217;Impost de la Renda sobre les Persones F\u00edsiques (IRPF)<\/strong>\u00a0que han d&#8217;aplicar\u00a0\u00a0els aut\u00f2noms en totes les seves factures i els casos en els quals es pot optar a un\u00a0tipus redu\u00eft.<\/p>\n<h3><span class=\"ez-toc-section\" id=\"Autonoms_que_acabin_diniciar_la_seva_activitat\"><\/span>\nAut\u00f2noms que acabin d&#8217;iniciar la seva activitat<span class=\"ez-toc-section-end\"><\/span><\/h3>\n<p>Els aut\u00f2noms que acaben d&#8217;iniciar la seva activitat s\u00f3n una de les excepcions m\u00e9s habituals de treballadors per compte propi que poden aplicar un tipus redu\u00eft. Aquests professionals poden aplicar en les seves factures, de manera excepcional, un 7% de retenci\u00f3 durant el<strong>\u00a0primer any d&#8217;inici d&#8217;activitat i durant els dos seg\u00fcents.\u00a0<\/strong><\/p>\n<p>Aquesta reducci\u00f3 \u00e9s opcional, per la qual cosa els aut\u00f2noms que acabin d&#8217;iniciar la seva activitat i prevegin que tindran molts beneficis des d&#8217;un primer moment poden aplicar directament el tipus del 15% en les seves factures, si aix\u00ed ho desitgen, per a evitar pagar m\u00e9s de cop a l&#8217;any que ve en la RENDA.<\/p>\n<div class=\"traductor-textarea form-group\">\n<div class=\"textarea-desti col-xs-12 col-sm-6\">\n<h3 class=\"form-control second-textarea\"><span class=\"ez-toc-section\" id=\"Autonoms_de_lart_i_la_cultura\"><\/span>Aut\u00f2noms de l&#8217;art i la cultura<span class=\"ez-toc-section-end\"><\/span><\/h3>\n<\/div>\n<\/div>\n<p>El\u00a0Consell de Ministres va aprovar a l&#8217;inici de l&#8217;any\u00a0el Reial decret 31\/2023, de 24 de gener, pel qual es modifica el\u00a0<strong>Reglament d&#8217;IRPF.<\/strong>\u00a0Amb la posada en marxa d&#8217;aquesta norma, l&#8217;Executiu reduir\u00e0\u00a0del <strong>15% al 7%<\/strong>\u00a0<a href=\"https:\/\/www.autonomosyemprendedor.es\/articulo\/tus-finanzas\/hacienda-ha-publicado-retenciones-que-tendran-que-aplicar-ano-autonomos-facturas\/20230118100249028919.html\" target=\"_blank\" rel=\"noopener\">les\u00a0retencions per IRPF que han d&#8217;aplicar<\/a>\u00a0en les seves factures els\u00a0<strong>aut\u00f2noms artistes, vinculats a negocis de les &#8220;arts esc\u00e8niques, audiovisuals i musicals<\/strong>&#8221;\u00a0aix\u00ed com de les persones que realitzen<strong>\u00a0activitats t\u00e8cniques<\/strong>\u00a0o auxiliars necess\u00e0ries per al desenvolupament d&#8217;aquesta activitat.<\/p>\n<p>La nova llei diu que\u00a0<strong>aquesta reducci\u00f3 del 15% al 7% ser\u00e0 aplicable per a una desena de grups d&#8217;ep\u00edgrafs on es troben emmarcats milers d&#8217;aut\u00f2noms<\/strong>\u00a0\u00a0de\u00a0les &#8220;arts esc\u00e8niques, audiovisuals i musicals, aix\u00ed com de les persones que realitzen activitats t\u00e8cniques o auxiliars necess\u00e0ries per al desenvolupament d&#8217;aquesta activitat&#8221;. Sempre,\u00a0aix\u00f2 s\u00ed que els seus rendiments nets hagin estat inferiors a 15.000 euros en 2022.<\/p>\n<p>Per a poder aplicar aquest benefici\u00a0fiscal,\u00a0la nova llei modifica\u00a0l&#8217;apartat 1 de l&#8217;article 95 del Reglament d&#8217;IRPF i aclareix quins ep\u00edgrafs poden aplicar una reducci\u00f3 del 7% en l&#8217;IRPF de les seves factures, sempre que compleixin les altres condicions. Aquests s\u00f3n:<\/p>\n<ul>\n<li>\n<div class=\"textarea-origen col-xs-12 col-sm-6\">\n<div>\n<div>\n<div>Grup 01 secci\u00f3 tercera de l&#8217;IAE:\u00a0\u00a0<strong>Activitats relacionades amb el cinema, el teatre i el circ.<\/strong><\/div>\n<\/div>\n<\/div>\n<\/div>\n<\/li>\n<li>Grup 02\u00a0secci\u00f3 tercera de l&#8217;IAE:\u00a0<strong>Activitats relacionades amb el ball.<\/strong><\/li>\n<li>Grup 03\u00a0secci\u00f3 tercera de l&#8217;IAE<strong>:\u00a0Activitats relacionades amb la m\u00fasica\u00a0 <\/strong><\/li>\n<li>Grup 851 secci\u00f3 segona de l&#8217;IAE:\u00a0<strong>Representants t\u00e8cnics de l&#8217;espectacle<\/strong><\/li>\n<li>Grup 852\u00a0secci\u00f3 segona de l&#8217;IAE:\u00a0<strong>Apoderats i representants taurins<\/strong><\/li>\n<li>Grup 853\u00a0secci\u00f3 segona de l&#8217;IAE:\u00a0<strong>Agents de col\u00b7locaci\u00f3 d&#8217;artistes<\/strong><\/li>\n<li>Grup 861\u00a0secci\u00f3 segona de l&#8217;IAE:\u00a0<strong>Pintors, escultors, ceramistes, artesans, gravadors i artistes similars.<\/strong><\/li>\n<li>Grup 862\u00a0secci\u00f3 segona de l&#8217;IAE:\u00a0<strong>Restauradors d&#8217;obres d&#8217;art<\/strong><\/li>\n<li>Grup 864 secci\u00f3 segona de l&#8217;IAE:\u00a0<strong>escriptors i guionistes<\/strong><\/li>\n<li>Grup 869 secci\u00f3 segona de l&#8217;IAE:\u00a0<strong>\u00abaltres professionals relacionats amb les activitats art\u00edstiques i culturals.<\/strong><\/li>\n<\/ul>\n<h3><span class=\"ez-toc-section\" id=\"Altres_activitats_economiques_amb_dret_a_un_tipus_reduit\"><\/span>Altres activitats econ\u00f2miques amb dret a un tipus redu\u00eft<span class=\"ez-toc-section-end\"><\/span><\/h3>\n<div class=\"textarea-desti col-xs-12 col-sm-6\">\n<div class=\"form-control second-textarea\">La Llei tamb\u00e9 preveu altres activitats vinculades al sector agrari que poden aplicar retencions fins i tot m\u00e9s redu\u00efdes del 7% en les seves factures. Aquestes s\u00f3n:<\/div>\n<\/div>\n<ul>\n<li>Activitats agr\u00edcoles i ramaderes en general:\u00a02%<\/li>\n<li>Activitats d&#8217;engreixament de porc\u00ed i avicultura\u00a01%<\/li>\n<li>\n<div class=\"traductor-textarea form-group\">\n<div class=\"textarea-desti col-xs-12 col-sm-6\">\n<div class=\"form-control second-textarea\">Activitats forestals: 2%<\/div>\n<\/div>\n<\/div>\n<div class=\"traductor-checkbox form-group\"><\/div>\n<\/li>\n<\/ul>\n<h2><span class=\"ez-toc-section\" id=\"Compensa_aplicar_menys_dun_15_de_retencio_en_les_factures\"><\/span>Compensa aplicar menys d&#8217;un 15% de retenci\u00f3 en les factures?<span class=\"ez-toc-section-end\"><\/span><\/h2>\n<p>Molts aut\u00f2noms que acaben d&#8217;iniciar la seva activitat o que estan al capdavant d&#8217;un sector beneficiari d&#8217;algun tipus redu\u00eft de retenci\u00f3 es plantegen\u00a0<strong>si val la pena pagar menys del 15% d&#8217;IRPF en les factures<\/strong>.\u00a0Segons va explicar Jordi Rovira,\u00a0CEO\u00a0i Soci de l&#8217;\u00e0rea Fiscal i Tribut\u00e0ria del despatx\u00a0AGM\u00a0advocats, aplicar o no la retenci\u00f3 redu\u00efda en una factura<strong>\u00a0no \u00e9s una q\u00fcesti\u00f3 de benefici o guany,<\/strong>\u00a0ja que aquests diners nom\u00e9s s&#8217;avan\u00e7a a l&#8217;Ag\u00e8ncia Tribut\u00e0ria i\u00a0<strong>despr\u00e9s s&#8217;ajustar\u00e0 en la declaraci\u00f3 de la RENDA<\/strong>&#8221;<\/p>\n<p>De fet, segons va apuntar l&#8217;advocat,\u00a0<strong>la idea inicial\u00a0amb la qual s&#8217;articula el 15%<\/strong>\u00a0de retenci\u00f3 en les factures\u00a0<strong>\u00e9s que cap contribuent hagi de pagar en la RENDA ni tampoc li surti el resultat a retornar<\/strong>\u00a0perqu\u00e8, en un principi, les seves retencions haurien d&#8217;haver estat les que li corresponen pels seus ingressos. Aix\u00f2, evidentment, no sempre succeeix perqu\u00e8 un aut\u00f2nom pot tenir molts beneficis i haver de pagar m\u00e9s en RENDA o moltes despeses i correspondre-li en realitat menys retenci\u00f3 que el tipus general.<\/p>\n<p>Per tant,\u00a0&#8220;<strong>\u00e9s una q\u00fcesti\u00f3 d&#8217;organitzaci\u00f3 fiscal<\/strong>.\u00a0I\u00a0si un aut\u00f2nom decideix avan\u00e7ar menys diners pagant un 7% d&#8217;IRPF, hauria d&#8217;intentar guardar alguna cosa si despr\u00e9s t\u00e9 beneficis per a evitar pagar tot de cop en la declaraci\u00f3 de la RENDA&#8221;, va apuntar Rovira. De la mateixa manera, si el treballador per compte propi no \u00e9s capa\u00e7 d&#8217;administrar aquests diners, seria millor que abon\u00e9s directament el tipus general del 15% per a no haver de pagar despr\u00e9s en la declaraci\u00f3 anual.<\/p>\n<p>&nbsp;<\/p>\n<\/div>\n<p>Si vols consultar m\u00e9s not\u00edcies: <a href=\"https:\/\/www.ariasassessors.com\/ca\/actualitat\/\" target=\"_blank\" rel=\"noopener\">www.ariasassessors.com\/actualidad\/<\/a><\/p>\n<div class=\"traductor-textarea form-group\">\n<div class=\"textarea-desti col-xs-12 col-sm-6\">\n<div class=\"form-control second-textarea\">Not\u00edcia extreta de: <a href=\"https:\/\/www.autonomosyemprendedor.es\/articulo\/tus-finanzas\/que-autonomos-pueden-aplicar-facturas-retencion-irpf-inferior-15\/20230707143925031269.html\" target=\"_blank\" rel=\"noopener\">www.autonomosyemprendedor.es\/articulo\/<\/a><\/div>\n<\/div>\n<\/div>\n","protected":false},"excerpt":{"rendered":"<p>L&#8217;Ag\u00e8ncia Tribut\u00e0ria permet a alguns aut\u00f2noms aplicar de manera excepcional la retenci\u00f3 d&#8217;IRPF inferior al 15% en les seves factures. No obstant aix\u00f2, no sempre compensa aplicar aquests tipus redu\u00efts. Cada any, l&#8217;Ag\u00e8ncia Tribut\u00e0ria publica el quadre de\u00a0retencions que hauran d&#8217;aplicar\u00a0els aut\u00f2noms en les seves&#8230;<\/p>\n","protected":false},"author":2,"featured_media":2722,"comment_status":"open","ping_status":"open","sticky":false,"template":"","format":"standard","meta":{"footnotes":""},"categories":[4],"tags":[],"class_list":["post-2725","post","type-post","status-publish","format-standard","has-post-thumbnail","hentry","category-noticies"],"yoast_head":"<!-- This site is optimized with the Yoast SEO plugin v24.3 - https:\/\/yoast.com\/wordpress\/plugins\/seo\/ -->\n<title>Aut\u00f2noms podran aplicar retenci\u00f3 IRPF inferior al 15% | Arias Assessors<\/title>\n<meta name=\"description\" content=\"L&#039;Ag\u00e8ncia Tribut\u00e0ria permet a alguns aut\u00f2noms aplicar de manera excepcional la retenci\u00f3 d&#039;IRPF inferior al 15% en les seves factures.\" \/>\n<meta name=\"robots\" content=\"index, follow, max-snippet:-1, max-image-preview:large, max-video-preview:-1\" \/>\n<link rel=\"canonical\" href=\"https:\/\/www.ariasassessors.com\/ca\/autonoms-factures-retencio-irpf-inferior-al-15\/\" \/>\n<meta property=\"og:locale\" content=\"ca_ES\" \/>\n<meta property=\"og:type\" content=\"article\" \/>\n<meta property=\"og:title\" content=\"Aut\u00f2noms podran aplicar retenci\u00f3 IRPF inferior al 15% | Arias Assessors\" \/>\n<meta property=\"og:description\" content=\"L&#039;Ag\u00e8ncia Tribut\u00e0ria permet a alguns aut\u00f2noms aplicar de manera excepcional la retenci\u00f3 d&#039;IRPF inferior al 15% en les seves factures.\" \/>\n<meta property=\"og:url\" content=\"https:\/\/www.ariasassessors.com\/ca\/autonoms-factures-retencio-irpf-inferior-al-15\/\" \/>\n<meta property=\"og:site_name\" content=\"Arias Assessors\" \/>\n<meta property=\"article:publisher\" content=\"https:\/\/www.facebook.com\/ariasassessors\/\" \/>\n<meta property=\"article:published_time\" content=\"2023-07-12T11:26:33+00:00\" \/>\n<meta property=\"article:modified_time\" content=\"2023-07-12T11:39:12+00:00\" \/>\n<meta property=\"og:image\" content=\"https:\/\/www.ariasassessors.com\/wp-content\/uploads\/2023\/07\/Screenshot_189.png\" \/>\n\t<meta property=\"og:image:width\" content=\"1517\" \/>\n\t<meta property=\"og:image:height\" content=\"848\" \/>\n\t<meta property=\"og:image:type\" content=\"image\/png\" \/>\n<meta name=\"author\" content=\"btorras\" \/>\n<meta name=\"twitter:card\" content=\"summary_large_image\" \/>\n<meta name=\"twitter:creator\" content=\"@ariasassessors\" \/>\n<meta name=\"twitter:site\" content=\"@ariasassessors\" \/>\n<meta name=\"twitter:label1\" content=\"Escrit per\" \/>\n\t<meta name=\"twitter:data1\" content=\"btorras\" \/>\n\t<meta name=\"twitter:label2\" content=\"Temps estimat de lectura\" \/>\n\t<meta name=\"twitter:data2\" content=\"6 minuts\" \/>\n<script type=\"application\/ld+json\" class=\"yoast-schema-graph\">{\"@context\":\"https:\/\/schema.org\",\"@graph\":[{\"@type\":\"Article\",\"@id\":\"https:\/\/www.ariasassessors.com\/ca\/autonoms-factures-retencio-irpf-inferior-al-15\/#article\",\"isPartOf\":{\"@id\":\"https:\/\/www.ariasassessors.com\/ca\/autonoms-factures-retencio-irpf-inferior-al-15\/\"},\"author\":{\"name\":\"btorras\",\"@id\":\"https:\/\/www.ariasassessors.com\/#\/schema\/person\/63c6ad1775f0a9413c37932562673cef\"},\"headline\":\"Quins aut\u00f2noms poden aplicar en les seves factures una retenci\u00f3 en l&#8217;IRPF inferior al 15%?\",\"datePublished\":\"2023-07-12T11:26:33+00:00\",\"dateModified\":\"2023-07-12T11:39:12+00:00\",\"mainEntityOfPage\":{\"@id\":\"https:\/\/www.ariasassessors.com\/ca\/autonoms-factures-retencio-irpf-inferior-al-15\/\"},\"wordCount\":1301,\"commentCount\":0,\"publisher\":{\"@id\":\"https:\/\/www.ariasassessors.com\/#organization\"},\"image\":{\"@id\":\"https:\/\/www.ariasassessors.com\/ca\/autonoms-factures-retencio-irpf-inferior-al-15\/#primaryimage\"},\"thumbnailUrl\":\"https:\/\/www.ariasassessors.com\/wp-content\/uploads\/2023\/07\/Screenshot_189.png\",\"articleSection\":[\"noticies\"],\"inLanguage\":\"ca\",\"potentialAction\":[{\"@type\":\"CommentAction\",\"name\":\"Comment\",\"target\":[\"https:\/\/www.ariasassessors.com\/ca\/autonoms-factures-retencio-irpf-inferior-al-15\/#respond\"]}]},{\"@type\":\"WebPage\",\"@id\":\"https:\/\/www.ariasassessors.com\/ca\/autonoms-factures-retencio-irpf-inferior-al-15\/\",\"url\":\"https:\/\/www.ariasassessors.com\/ca\/autonoms-factures-retencio-irpf-inferior-al-15\/\",\"name\":\"Aut\u00f2noms podran aplicar retenci\u00f3 IRPF inferior al 15% | Arias Assessors\",\"isPartOf\":{\"@id\":\"https:\/\/www.ariasassessors.com\/#website\"},\"primaryImageOfPage\":{\"@id\":\"https:\/\/www.ariasassessors.com\/ca\/autonoms-factures-retencio-irpf-inferior-al-15\/#primaryimage\"},\"image\":{\"@id\":\"https:\/\/www.ariasassessors.com\/ca\/autonoms-factures-retencio-irpf-inferior-al-15\/#primaryimage\"},\"thumbnailUrl\":\"https:\/\/www.ariasassessors.com\/wp-content\/uploads\/2023\/07\/Screenshot_189.png\",\"datePublished\":\"2023-07-12T11:26:33+00:00\",\"dateModified\":\"2023-07-12T11:39:12+00:00\",\"description\":\"L'Ag\u00e8ncia Tribut\u00e0ria permet a alguns aut\u00f2noms aplicar de manera excepcional la retenci\u00f3 d'IRPF inferior al 15% en les seves factures.\",\"breadcrumb\":{\"@id\":\"https:\/\/www.ariasassessors.com\/ca\/autonoms-factures-retencio-irpf-inferior-al-15\/#breadcrumb\"},\"inLanguage\":\"ca\",\"potentialAction\":[{\"@type\":\"ReadAction\",\"target\":[\"https:\/\/www.ariasassessors.com\/ca\/autonoms-factures-retencio-irpf-inferior-al-15\/\"]}]},{\"@type\":\"ImageObject\",\"inLanguage\":\"ca\",\"@id\":\"https:\/\/www.ariasassessors.com\/ca\/autonoms-factures-retencio-irpf-inferior-al-15\/#primaryimage\",\"url\":\"https:\/\/www.ariasassessors.com\/wp-content\/uploads\/2023\/07\/Screenshot_189.png\",\"contentUrl\":\"https:\/\/www.ariasassessors.com\/wp-content\/uploads\/2023\/07\/Screenshot_189.png\",\"width\":1517,\"height\":848,\"caption\":\"IRPF inferior al 15%\"},{\"@type\":\"BreadcrumbList\",\"@id\":\"https:\/\/www.ariasassessors.com\/ca\/autonoms-factures-retencio-irpf-inferior-al-15\/#breadcrumb\",\"itemListElement\":[{\"@type\":\"ListItem\",\"position\":1,\"name\":\"Portada\",\"item\":\"https:\/\/www.ariasassessors.com\/ca\/\"},{\"@type\":\"ListItem\",\"position\":2,\"name\":\"Quins aut\u00f2noms poden aplicar en les seves factures una retenci\u00f3 en l&#8217;IRPF inferior al 15%?\"}]},{\"@type\":\"WebSite\",\"@id\":\"https:\/\/www.ariasassessors.com\/#website\",\"url\":\"https:\/\/www.ariasassessors.com\/\",\"name\":\"Arias Assessors\",\"description\":\"Asesor\u00eda para aut\u00f3nomos, profesionales y PYMES\",\"publisher\":{\"@id\":\"https:\/\/www.ariasassessors.com\/#organization\"},\"potentialAction\":[{\"@type\":\"SearchAction\",\"target\":{\"@type\":\"EntryPoint\",\"urlTemplate\":\"https:\/\/www.ariasassessors.com\/?s={search_term_string}\"},\"query-input\":{\"@type\":\"PropertyValueSpecification\",\"valueRequired\":true,\"valueName\":\"search_term_string\"}}],\"inLanguage\":\"ca\"},{\"@type\":\"Organization\",\"@id\":\"https:\/\/www.ariasassessors.com\/#organization\",\"name\":\"Arias Assessors\",\"url\":\"https:\/\/www.ariasassessors.com\/\",\"logo\":{\"@type\":\"ImageObject\",\"inLanguage\":\"ca\",\"@id\":\"https:\/\/www.ariasassessors.com\/#\/schema\/logo\/image\/\",\"url\":\"https:\/\/www.ariasassessors.com\/wp-content\/uploads\/2019\/01\/arias-logo.png\",\"contentUrl\":\"https:\/\/www.ariasassessors.com\/wp-content\/uploads\/2019\/01\/arias-logo.png\",\"width\":349,\"height\":254,\"caption\":\"Arias Assessors\"},\"image\":{\"@id\":\"https:\/\/www.ariasassessors.com\/#\/schema\/logo\/image\/\"},\"sameAs\":[\"https:\/\/www.facebook.com\/ariasassessors\/\",\"https:\/\/x.com\/ariasassessors\",\"https:\/\/www.linkedin.com\/company\/r&amp;amp;r-growing-knowledge\/\"]},{\"@type\":\"Person\",\"@id\":\"https:\/\/www.ariasassessors.com\/#\/schema\/person\/63c6ad1775f0a9413c37932562673cef\",\"name\":\"btorras\",\"image\":{\"@type\":\"ImageObject\",\"inLanguage\":\"ca\",\"@id\":\"https:\/\/www.ariasassessors.com\/#\/schema\/person\/image\/\",\"url\":\"https:\/\/secure.gravatar.com\/avatar\/0531db351fc361fdbfd204c58fa2d6a3?s=96&d=mm&r=g\",\"contentUrl\":\"https:\/\/secure.gravatar.com\/avatar\/0531db351fc361fdbfd204c58fa2d6a3?s=96&d=mm&r=g\",\"caption\":\"btorras\"}}]}<\/script>\n<!-- \/ Yoast SEO plugin. -->","yoast_head_json":{"title":"Aut\u00f2noms podran aplicar retenci\u00f3 IRPF inferior al 15% | Arias Assessors","description":"L'Ag\u00e8ncia Tribut\u00e0ria permet a alguns aut\u00f2noms aplicar de manera excepcional la retenci\u00f3 d'IRPF inferior al 15% en les seves factures.","robots":{"index":"index","follow":"follow","max-snippet":"max-snippet:-1","max-image-preview":"max-image-preview:large","max-video-preview":"max-video-preview:-1"},"canonical":"https:\/\/www.ariasassessors.com\/ca\/autonoms-factures-retencio-irpf-inferior-al-15\/","og_locale":"ca_ES","og_type":"article","og_title":"Aut\u00f2noms podran aplicar retenci\u00f3 IRPF inferior al 15% | Arias Assessors","og_description":"L'Ag\u00e8ncia Tribut\u00e0ria permet a alguns aut\u00f2noms aplicar de manera excepcional la retenci\u00f3 d'IRPF inferior al 15% en les seves factures.","og_url":"https:\/\/www.ariasassessors.com\/ca\/autonoms-factures-retencio-irpf-inferior-al-15\/","og_site_name":"Arias Assessors","article_publisher":"https:\/\/www.facebook.com\/ariasassessors\/","article_published_time":"2023-07-12T11:26:33+00:00","article_modified_time":"2023-07-12T11:39:12+00:00","og_image":[{"width":1517,"height":848,"url":"https:\/\/www.ariasassessors.com\/wp-content\/uploads\/2023\/07\/Screenshot_189.png","type":"image\/png"}],"author":"btorras","twitter_card":"summary_large_image","twitter_creator":"@ariasassessors","twitter_site":"@ariasassessors","twitter_misc":{"Escrit per":"btorras","Temps estimat de lectura":"6 minuts"},"schema":{"@context":"https:\/\/schema.org","@graph":[{"@type":"Article","@id":"https:\/\/www.ariasassessors.com\/ca\/autonoms-factures-retencio-irpf-inferior-al-15\/#article","isPartOf":{"@id":"https:\/\/www.ariasassessors.com\/ca\/autonoms-factures-retencio-irpf-inferior-al-15\/"},"author":{"name":"btorras","@id":"https:\/\/www.ariasassessors.com\/#\/schema\/person\/63c6ad1775f0a9413c37932562673cef"},"headline":"Quins aut\u00f2noms poden aplicar en les seves factures una retenci\u00f3 en l&#8217;IRPF inferior al 15%?","datePublished":"2023-07-12T11:26:33+00:00","dateModified":"2023-07-12T11:39:12+00:00","mainEntityOfPage":{"@id":"https:\/\/www.ariasassessors.com\/ca\/autonoms-factures-retencio-irpf-inferior-al-15\/"},"wordCount":1301,"commentCount":0,"publisher":{"@id":"https:\/\/www.ariasassessors.com\/#organization"},"image":{"@id":"https:\/\/www.ariasassessors.com\/ca\/autonoms-factures-retencio-irpf-inferior-al-15\/#primaryimage"},"thumbnailUrl":"https:\/\/www.ariasassessors.com\/wp-content\/uploads\/2023\/07\/Screenshot_189.png","articleSection":["noticies"],"inLanguage":"ca","potentialAction":[{"@type":"CommentAction","name":"Comment","target":["https:\/\/www.ariasassessors.com\/ca\/autonoms-factures-retencio-irpf-inferior-al-15\/#respond"]}]},{"@type":"WebPage","@id":"https:\/\/www.ariasassessors.com\/ca\/autonoms-factures-retencio-irpf-inferior-al-15\/","url":"https:\/\/www.ariasassessors.com\/ca\/autonoms-factures-retencio-irpf-inferior-al-15\/","name":"Aut\u00f2noms podran aplicar retenci\u00f3 IRPF inferior al 15% | Arias Assessors","isPartOf":{"@id":"https:\/\/www.ariasassessors.com\/#website"},"primaryImageOfPage":{"@id":"https:\/\/www.ariasassessors.com\/ca\/autonoms-factures-retencio-irpf-inferior-al-15\/#primaryimage"},"image":{"@id":"https:\/\/www.ariasassessors.com\/ca\/autonoms-factures-retencio-irpf-inferior-al-15\/#primaryimage"},"thumbnailUrl":"https:\/\/www.ariasassessors.com\/wp-content\/uploads\/2023\/07\/Screenshot_189.png","datePublished":"2023-07-12T11:26:33+00:00","dateModified":"2023-07-12T11:39:12+00:00","description":"L'Ag\u00e8ncia Tribut\u00e0ria permet a alguns aut\u00f2noms aplicar de manera excepcional la retenci\u00f3 d'IRPF inferior al 15% en les seves factures.","breadcrumb":{"@id":"https:\/\/www.ariasassessors.com\/ca\/autonoms-factures-retencio-irpf-inferior-al-15\/#breadcrumb"},"inLanguage":"ca","potentialAction":[{"@type":"ReadAction","target":["https:\/\/www.ariasassessors.com\/ca\/autonoms-factures-retencio-irpf-inferior-al-15\/"]}]},{"@type":"ImageObject","inLanguage":"ca","@id":"https:\/\/www.ariasassessors.com\/ca\/autonoms-factures-retencio-irpf-inferior-al-15\/#primaryimage","url":"https:\/\/www.ariasassessors.com\/wp-content\/uploads\/2023\/07\/Screenshot_189.png","contentUrl":"https:\/\/www.ariasassessors.com\/wp-content\/uploads\/2023\/07\/Screenshot_189.png","width":1517,"height":848,"caption":"IRPF inferior al 15%"},{"@type":"BreadcrumbList","@id":"https:\/\/www.ariasassessors.com\/ca\/autonoms-factures-retencio-irpf-inferior-al-15\/#breadcrumb","itemListElement":[{"@type":"ListItem","position":1,"name":"Portada","item":"https:\/\/www.ariasassessors.com\/ca\/"},{"@type":"ListItem","position":2,"name":"Quins aut\u00f2noms poden aplicar en les seves factures una retenci\u00f3 en l&#8217;IRPF inferior al 15%?"}]},{"@type":"WebSite","@id":"https:\/\/www.ariasassessors.com\/#website","url":"https:\/\/www.ariasassessors.com\/","name":"Arias Assessors","description":"Asesor\u00eda para aut\u00f3nomos, profesionales y PYMES","publisher":{"@id":"https:\/\/www.ariasassessors.com\/#organization"},"potentialAction":[{"@type":"SearchAction","target":{"@type":"EntryPoint","urlTemplate":"https:\/\/www.ariasassessors.com\/?s={search_term_string}"},"query-input":{"@type":"PropertyValueSpecification","valueRequired":true,"valueName":"search_term_string"}}],"inLanguage":"ca"},{"@type":"Organization","@id":"https:\/\/www.ariasassessors.com\/#organization","name":"Arias Assessors","url":"https:\/\/www.ariasassessors.com\/","logo":{"@type":"ImageObject","inLanguage":"ca","@id":"https:\/\/www.ariasassessors.com\/#\/schema\/logo\/image\/","url":"https:\/\/www.ariasassessors.com\/wp-content\/uploads\/2019\/01\/arias-logo.png","contentUrl":"https:\/\/www.ariasassessors.com\/wp-content\/uploads\/2019\/01\/arias-logo.png","width":349,"height":254,"caption":"Arias Assessors"},"image":{"@id":"https:\/\/www.ariasassessors.com\/#\/schema\/logo\/image\/"},"sameAs":["https:\/\/www.facebook.com\/ariasassessors\/","https:\/\/x.com\/ariasassessors","https:\/\/www.linkedin.com\/company\/r&amp;amp;r-growing-knowledge\/"]},{"@type":"Person","@id":"https:\/\/www.ariasassessors.com\/#\/schema\/person\/63c6ad1775f0a9413c37932562673cef","name":"btorras","image":{"@type":"ImageObject","inLanguage":"ca","@id":"https:\/\/www.ariasassessors.com\/#\/schema\/person\/image\/","url":"https:\/\/secure.gravatar.com\/avatar\/0531db351fc361fdbfd204c58fa2d6a3?s=96&d=mm&r=g","contentUrl":"https:\/\/secure.gravatar.com\/avatar\/0531db351fc361fdbfd204c58fa2d6a3?s=96&d=mm&r=g","caption":"btorras"}}]}},"_links":{"self":[{"href":"https:\/\/www.ariasassessors.com\/ca\/wp-json\/wp\/v2\/posts\/2725","targetHints":{"allow":["GET"]}}],"collection":[{"href":"https:\/\/www.ariasassessors.com\/ca\/wp-json\/wp\/v2\/posts"}],"about":[{"href":"https:\/\/www.ariasassessors.com\/ca\/wp-json\/wp\/v2\/types\/post"}],"author":[{"embeddable":true,"href":"https:\/\/www.ariasassessors.com\/ca\/wp-json\/wp\/v2\/users\/2"}],"replies":[{"embeddable":true,"href":"https:\/\/www.ariasassessors.com\/ca\/wp-json\/wp\/v2\/comments?post=2725"}],"version-history":[{"count":2,"href":"https:\/\/www.ariasassessors.com\/ca\/wp-json\/wp\/v2\/posts\/2725\/revisions"}],"predecessor-version":[{"id":2727,"href":"https:\/\/www.ariasassessors.com\/ca\/wp-json\/wp\/v2\/posts\/2725\/revisions\/2727"}],"wp:featuredmedia":[{"embeddable":true,"href":"https:\/\/www.ariasassessors.com\/ca\/wp-json\/wp\/v2\/media\/2722"}],"wp:attachment":[{"href":"https:\/\/www.ariasassessors.com\/ca\/wp-json\/wp\/v2\/media?parent=2725"}],"wp:term":[{"taxonomy":"category","embeddable":true,"href":"https:\/\/www.ariasassessors.com\/ca\/wp-json\/wp\/v2\/categories?post=2725"},{"taxonomy":"post_tag","embeddable":true,"href":"https:\/\/www.ariasassessors.com\/ca\/wp-json\/wp\/v2\/tags?post=2725"}],"curies":[{"name":"wp","href":"https:\/\/api.w.org\/{rel}","templated":true}]}}