{"id":2733,"date":"2023-07-13T12:21:38","date_gmt":"2023-07-13T10:21:38","guid":{"rendered":"https:\/\/www.ariasassessors.com\/an-considera-tiempo-de-trabajo-el-empleado-por-trabajadores-designados-en-mesas-electorales\/"},"modified":"2023-07-13T12:26:03","modified_gmt":"2023-07-13T10:26:03","slug":"an-considera-temps-de-treball-el-empleat-per-treballadors-designats-en-meses-electorals","status":"publish","type":"post","link":"https:\/\/www.ariasassessors.com\/ca\/an-considera-temps-de-treball-el-empleat-per-treballadors-designats-en-meses-electorals\/","title":{"rendered":"El temps utilitzat com a membre de les meses electorals dels processos d&#8217;elecci\u00f3 de representants de les persones treballadores \u00e9s temps de treball"},"content":{"rendered":"<p>La\u00a0AN, rectificant el criteri mantingut en sent\u00e8ncia precedent, estima la demanda dels sindicats i considera com a\u00a0temps de treball \u2014amb car\u00e0cter general\u2014 l&#8217;empleat pels treballadors designats President i Vocals de les meses electorals en els processos de selecci\u00f3 de representants dels treballadors de l&#8217;empresa.<\/p>\n<p>La\u00a0<a href=\"https:\/\/www.iberley.es\/jurisprudencia\/sentencia-social-audiencia-nacional-5-6-23-48508378\" target=\"_blank\" rel=\"noopener\">SANT n\u00fam. 67\/2023, de 26 de maig de 2023,\u00a0ECLI:\u00c9S:AN:2023:2843<\/a>,\u00a0reconeix com a temps de treball l&#8217;acompliment de funcions com a membres de les meses electorals en els processos d&#8217;elecci\u00f3 dels representants dels treballadors en l&#8217;empresa.<\/p>\n<p>Partint que\u00a0no \u00e9s possible considerar iguals el proc\u00e9s electoral regulat per la\u00a0<a href=\"https:\/\/www.iberley.es\/legislacion\/ley-organica-16-2003-28-nov-modificacion-ley-organica-regimen-electoral-general-645670\" target=\"_blank\" rel=\"noopener\">Llei org\u00e0nica del R\u00e8gim Electoral General\u00a0<\/a>amb el proc\u00e9s d&#8217;elecci\u00f3 dels representants en l&#8217;empresa (RD 1884\/1994), doncs,\u00a0\u00ab<em>(&#8230;) a trav\u00e9s de les primeres, es fa efectiu el dret de sufragi dels ciutadans previst i reconegut en l&#8217;art. 23.1\u00a0CE, a trav\u00e9s de les segones s&#8217;institucionalitza el dret de participaci\u00f3 dels treballadors en l&#8217;empresa (art. 61\u00a0ET)\u00a0a trav\u00e9s dels \u00f2rgans de representaci\u00f3 prevists en els\u00a0arts. 62 i 63 del mateix text legal (delegats de personal i comit\u00e8s d&#8217;empresa)<\/em>\u00bb,\u00a0<strong>la\u00a0AN\u00a0reconeix que el nomenament dels membres de la mesa electoral com a treballadors \u00e9s irrenunciable, per la qual cosa se&#8217;ls exigeix romandre durant la celebraci\u00f3 d&#8217;aquest proc\u00e9s en el centre de treball, en temps de treball i sota la supervisi\u00f3 de l&#8217;empresari.<\/strong>\u00a0Aix\u00f2 significa que,\u00a0\u00ab<em>(&#8230;) durant el proc\u00e9s d&#8217;elecci\u00f3, les funcions del treballador deixen de ser les inherents al seu lloc de treball o activitat ordin\u00e0ria en l&#8217;empresa, per a ser substitu\u00efdes, de manera irrenunciable, per aquelles que conformen el mandat legal i que es dirigeixen a fer efectiu el dret de participaci\u00f3 dels treballadors en l&#8217;empresa\u00bb<\/em>.<\/p>\n<p>A\u00a0judici de la Sala social,\u00a0\u00ab<em>(&#8230;) entendre que les citades funcions s\u00f3n alienes a l&#8217;\u00e0mbit d&#8217;organitzaci\u00f3 empresarial, encara que efectivament no \u00e9s l&#8217;empresari qui inici\u00ef el proc\u00e9s d&#8217;elecci\u00f3 de representants resulta incoherent amb tot l&#8217;exposat\u00bb<\/em>.<\/p>\n<p>A pesar que l&#8217;article 37.3 de l<a href=\"https:\/\/www.iberley.es\/legislacion\/real-decreto-legislativo-2-2015-23-octubre-aprueba-texto-refundido-ley-estatuto-trabajadores-23860101\" target=\"_blank\" rel=\"noopener\">&#8216;Estatut\u00a0 dels Treballadors<\/a>\u00a0reconeix entre les seves llic\u00e8ncies la concedida per al compliment d&#8217;un deure inexcusable de car\u00e0cter p\u00fablic i personal, la mateixa no s&#8217;emmarca dins de l&#8217;\u00e0mbit professional. Aix\u00f2 es deu al fet que l&#8217;article 37.3 de l&#8217;<a href=\"https:\/\/www.iberley.es\/legislacion\/real-decreto-legislativo-2-2015-23-octubre-aprueba-texto-refundido-ley-estatuto-trabajadores-23860101\" target=\"_blank\" rel=\"noopener\">Estatut\u00a0 dels Treballadors<\/a>\u00a0assenyala que el treballador \u00abpodr\u00e0 absentar-se del treball\u00bb, la qual cosa desconnecta les llic\u00e8ncies atorgades amb l&#8217;activitat professional del treballador.<\/p>\n<p>Per tot l&#8217;anterior,<strong>\u00a0la\u00a0AN\u00a0ha decidit recon\u00e8ixer el temps de treball dedicat a l&#8217;acompliment de funcions com a membres de les meses electorals en els processos d&#8217;elecci\u00f3 dels representants dels treballadors en l&#8217;empresa.<\/strong>\u00a0Aix\u00ed mateix, la sent\u00e8ncia tamb\u00e9 estableix que l&#8217;exercici de les funcions dels membres de la mesa electoral est\u00e0 subjecte a la disciplina empresarial, la qual cosa implica que el temps invertit en aquest proc\u00e9s no ha de ser objecte d&#8217;una llic\u00e8ncia retribu\u00efda aliena a l&#8217;acompliment de les seves funcions.<\/p>\n<p>&nbsp;<\/p>\n<div class=\"traductor-textarea form-group\">\n<div class=\"textarea-desti col-xs-12 col-sm-6\">\n<div class=\"form-control second-textarea\">Si vols consultar m\u00e9s not\u00edcies: <a href=\"https:\/\/www.ariasassessors.com\/ca\/actualitat\/\" target=\"_blank\" rel=\"noopener\">www.ariasassessors.com\/actualidad\/<\/a><\/div>\n<\/div>\n<\/div>\n<div class=\"traductor-textarea form-group\">\n<div class=\"textarea-desti col-xs-12 col-sm-6\">\n<div class=\"form-control second-textarea\">Not\u00edcia extreta de: <a href=\"https:\/\/www.iberley.es\/noticias\/informacion-empresa-debe-facilitar-representantes-trabajadores-27403\" target=\"_blank\" rel=\"noopener\">www.iberley.es\/noticias\/informacion-empresa-debe-facilitar-representantes-trabajadores<\/a><\/div>\n<\/div>\n<\/div>\n","protected":false},"excerpt":{"rendered":"<p>La\u00a0AN, rectificant el criteri mantingut en sent\u00e8ncia precedent, estima la demanda dels sindicats i considera com a\u00a0temps de treball \u2014amb car\u00e0cter general\u2014 l&#8217;empleat pels treballadors designats President i Vocals de les meses electorals en els processos de selecci\u00f3 de representants dels treballadors de l&#8217;empresa. La\u00a0SANT&#8230;<\/p>\n","protected":false},"author":2,"featured_media":2730,"comment_status":"open","ping_status":"open","sticky":false,"template":"","format":"standard","meta":{"footnotes":""},"categories":[4],"tags":[],"class_list":["post-2733","post","type-post","status-publish","format-standard","has-post-thumbnail","hentry","category-noticies"],"yoast_head":"<!-- This site is optimized with the Yoast SEO plugin v24.3 - https:\/\/yoast.com\/wordpress\/plugins\/seo\/ -->\n<title>El temps utilitzat com a membre de les meses electorals dels processos d&#039;elecci\u00f3 de representants de les persones treballadores \u00e9s temps de treball | Arias Assessors<\/title>\n<meta name=\"description\" content=\"La AN considera com a temps de treball l&#039;empleat pels treballadors designats President i Vocals de les meses electorals.\" \/>\n<meta name=\"robots\" content=\"index, follow, max-snippet:-1, max-image-preview:large, max-video-preview:-1\" \/>\n<link rel=\"canonical\" href=\"https:\/\/www.ariasassessors.com\/ca\/an-considera-temps-de-treball-el-empleat-per-treballadors-designats-en-meses-electorals\/\" \/>\n<meta property=\"og:locale\" content=\"ca_ES\" \/>\n<meta property=\"og:type\" content=\"article\" \/>\n<meta property=\"og:title\" content=\"El temps utilitzat com a membre de les meses electorals dels processos d&#039;elecci\u00f3 de representants de les persones treballadores \u00e9s temps de treball | Arias Assessors\" \/>\n<meta property=\"og:description\" content=\"La AN considera com a temps de treball l&#039;empleat pels treballadors designats President i Vocals de les meses electorals.\" \/>\n<meta property=\"og:url\" content=\"https:\/\/www.ariasassessors.com\/ca\/an-considera-temps-de-treball-el-empleat-per-treballadors-designats-en-meses-electorals\/\" \/>\n<meta property=\"og:site_name\" content=\"Arias Assessors\" \/>\n<meta property=\"article:publisher\" content=\"https:\/\/www.facebook.com\/ariasassessors\/\" \/>\n<meta property=\"article:published_time\" content=\"2023-07-13T10:21:38+00:00\" \/>\n<meta property=\"article:modified_time\" content=\"2023-07-13T10:26:03+00:00\" \/>\n<meta property=\"og:image\" content=\"https:\/\/www.ariasassessors.com\/wp-content\/uploads\/2023\/07\/Arias_Blog_IMAGEN_DESTACADA-40.png\" \/>\n\t<meta property=\"og:image:width\" content=\"1920\" \/>\n\t<meta property=\"og:image:height\" content=\"1202\" \/>\n\t<meta property=\"og:image:type\" content=\"image\/png\" \/>\n<meta name=\"author\" content=\"btorras\" \/>\n<meta name=\"twitter:card\" content=\"summary_large_image\" \/>\n<meta name=\"twitter:creator\" content=\"@ariasassessors\" \/>\n<meta name=\"twitter:site\" content=\"@ariasassessors\" \/>\n<meta name=\"twitter:label1\" content=\"Escrit per\" \/>\n\t<meta name=\"twitter:data1\" content=\"btorras\" \/>\n\t<meta name=\"twitter:label2\" content=\"Temps estimat de lectura\" \/>\n\t<meta name=\"twitter:data2\" content=\"3 minuts\" \/>\n<script type=\"application\/ld+json\" class=\"yoast-schema-graph\">{\"@context\":\"https:\/\/schema.org\",\"@graph\":[{\"@type\":\"Article\",\"@id\":\"https:\/\/www.ariasassessors.com\/ca\/an-considera-temps-de-treball-el-empleat-per-treballadors-designats-en-meses-electorals\/#article\",\"isPartOf\":{\"@id\":\"https:\/\/www.ariasassessors.com\/ca\/an-considera-temps-de-treball-el-empleat-per-treballadors-designats-en-meses-electorals\/\"},\"author\":{\"name\":\"btorras\",\"@id\":\"https:\/\/www.ariasassessors.com\/#\/schema\/person\/63c6ad1775f0a9413c37932562673cef\"},\"headline\":\"El temps utilitzat com a membre de les meses electorals dels processos d&#8217;elecci\u00f3 de representants de les persones treballadores \u00e9s temps de treball\",\"datePublished\":\"2023-07-13T10:21:38+00:00\",\"dateModified\":\"2023-07-13T10:26:03+00:00\",\"mainEntityOfPage\":{\"@id\":\"https:\/\/www.ariasassessors.com\/ca\/an-considera-temps-de-treball-el-empleat-per-treballadors-designats-en-meses-electorals\/\"},\"wordCount\":522,\"commentCount\":0,\"publisher\":{\"@id\":\"https:\/\/www.ariasassessors.com\/#organization\"},\"image\":{\"@id\":\"https:\/\/www.ariasassessors.com\/ca\/an-considera-temps-de-treball-el-empleat-per-treballadors-designats-en-meses-electorals\/#primaryimage\"},\"thumbnailUrl\":\"https:\/\/www.ariasassessors.com\/wp-content\/uploads\/2023\/07\/Arias_Blog_IMAGEN_DESTACADA-40.png\",\"articleSection\":[\"noticies\"],\"inLanguage\":\"ca\",\"potentialAction\":[{\"@type\":\"CommentAction\",\"name\":\"Comment\",\"target\":[\"https:\/\/www.ariasassessors.com\/ca\/an-considera-temps-de-treball-el-empleat-per-treballadors-designats-en-meses-electorals\/#respond\"]}]},{\"@type\":\"WebPage\",\"@id\":\"https:\/\/www.ariasassessors.com\/ca\/an-considera-temps-de-treball-el-empleat-per-treballadors-designats-en-meses-electorals\/\",\"url\":\"https:\/\/www.ariasassessors.com\/ca\/an-considera-temps-de-treball-el-empleat-per-treballadors-designats-en-meses-electorals\/\",\"name\":\"El temps utilitzat com a membre de les meses electorals dels processos d'elecci\u00f3 de representants de les persones treballadores \u00e9s temps de treball | Arias Assessors\",\"isPartOf\":{\"@id\":\"https:\/\/www.ariasassessors.com\/#website\"},\"primaryImageOfPage\":{\"@id\":\"https:\/\/www.ariasassessors.com\/ca\/an-considera-temps-de-treball-el-empleat-per-treballadors-designats-en-meses-electorals\/#primaryimage\"},\"image\":{\"@id\":\"https:\/\/www.ariasassessors.com\/ca\/an-considera-temps-de-treball-el-empleat-per-treballadors-designats-en-meses-electorals\/#primaryimage\"},\"thumbnailUrl\":\"https:\/\/www.ariasassessors.com\/wp-content\/uploads\/2023\/07\/Arias_Blog_IMAGEN_DESTACADA-40.png\",\"datePublished\":\"2023-07-13T10:21:38+00:00\",\"dateModified\":\"2023-07-13T10:26:03+00:00\",\"description\":\"La AN considera com a temps de treball l'empleat pels treballadors designats President i Vocals de les meses electorals.\",\"breadcrumb\":{\"@id\":\"https:\/\/www.ariasassessors.com\/ca\/an-considera-temps-de-treball-el-empleat-per-treballadors-designats-en-meses-electorals\/#breadcrumb\"},\"inLanguage\":\"ca\",\"potentialAction\":[{\"@type\":\"ReadAction\",\"target\":[\"https:\/\/www.ariasassessors.com\/ca\/an-considera-temps-de-treball-el-empleat-per-treballadors-designats-en-meses-electorals\/\"]}]},{\"@type\":\"ImageObject\",\"inLanguage\":\"ca\",\"@id\":\"https:\/\/www.ariasassessors.com\/ca\/an-considera-temps-de-treball-el-empleat-per-treballadors-designats-en-meses-electorals\/#primaryimage\",\"url\":\"https:\/\/www.ariasassessors.com\/wp-content\/uploads\/2023\/07\/Arias_Blog_IMAGEN_DESTACADA-40.png\",\"contentUrl\":\"https:\/\/www.ariasassessors.com\/wp-content\/uploads\/2023\/07\/Arias_Blog_IMAGEN_DESTACADA-40.png\",\"width\":1920,\"height\":1202},{\"@type\":\"BreadcrumbList\",\"@id\":\"https:\/\/www.ariasassessors.com\/ca\/an-considera-temps-de-treball-el-empleat-per-treballadors-designats-en-meses-electorals\/#breadcrumb\",\"itemListElement\":[{\"@type\":\"ListItem\",\"position\":1,\"name\":\"Portada\",\"item\":\"https:\/\/www.ariasassessors.com\/ca\/\"},{\"@type\":\"ListItem\",\"position\":2,\"name\":\"El temps utilitzat com a membre de les meses electorals dels processos d&#8217;elecci\u00f3 de representants de les persones treballadores \u00e9s temps de treball\"}]},{\"@type\":\"WebSite\",\"@id\":\"https:\/\/www.ariasassessors.com\/#website\",\"url\":\"https:\/\/www.ariasassessors.com\/\",\"name\":\"Arias Assessors\",\"description\":\"Asesor\u00eda para aut\u00f3nomos, profesionales y PYMES\",\"publisher\":{\"@id\":\"https:\/\/www.ariasassessors.com\/#organization\"},\"potentialAction\":[{\"@type\":\"SearchAction\",\"target\":{\"@type\":\"EntryPoint\",\"urlTemplate\":\"https:\/\/www.ariasassessors.com\/?s={search_term_string}\"},\"query-input\":{\"@type\":\"PropertyValueSpecification\",\"valueRequired\":true,\"valueName\":\"search_term_string\"}}],\"inLanguage\":\"ca\"},{\"@type\":\"Organization\",\"@id\":\"https:\/\/www.ariasassessors.com\/#organization\",\"name\":\"Arias Assessors\",\"url\":\"https:\/\/www.ariasassessors.com\/\",\"logo\":{\"@type\":\"ImageObject\",\"inLanguage\":\"ca\",\"@id\":\"https:\/\/www.ariasassessors.com\/#\/schema\/logo\/image\/\",\"url\":\"https:\/\/www.ariasassessors.com\/wp-content\/uploads\/2019\/01\/arias-logo.png\",\"contentUrl\":\"https:\/\/www.ariasassessors.com\/wp-content\/uploads\/2019\/01\/arias-logo.png\",\"width\":349,\"height\":254,\"caption\":\"Arias Assessors\"},\"image\":{\"@id\":\"https:\/\/www.ariasassessors.com\/#\/schema\/logo\/image\/\"},\"sameAs\":[\"https:\/\/www.facebook.com\/ariasassessors\/\",\"https:\/\/x.com\/ariasassessors\",\"https:\/\/www.linkedin.com\/company\/r&amp;amp;r-growing-knowledge\/\"]},{\"@type\":\"Person\",\"@id\":\"https:\/\/www.ariasassessors.com\/#\/schema\/person\/63c6ad1775f0a9413c37932562673cef\",\"name\":\"btorras\",\"image\":{\"@type\":\"ImageObject\",\"inLanguage\":\"ca\",\"@id\":\"https:\/\/www.ariasassessors.com\/#\/schema\/person\/image\/\",\"url\":\"https:\/\/secure.gravatar.com\/avatar\/0531db351fc361fdbfd204c58fa2d6a3?s=96&d=mm&r=g\",\"contentUrl\":\"https:\/\/secure.gravatar.com\/avatar\/0531db351fc361fdbfd204c58fa2d6a3?s=96&d=mm&r=g\",\"caption\":\"btorras\"}}]}<\/script>\n<!-- \/ Yoast SEO plugin. -->","yoast_head_json":{"title":"El temps utilitzat com a membre de les meses electorals dels processos d'elecci\u00f3 de representants de les persones treballadores \u00e9s temps de treball | Arias Assessors","description":"La AN considera com a temps de treball l'empleat pels treballadors designats President i Vocals de les meses electorals.","robots":{"index":"index","follow":"follow","max-snippet":"max-snippet:-1","max-image-preview":"max-image-preview:large","max-video-preview":"max-video-preview:-1"},"canonical":"https:\/\/www.ariasassessors.com\/ca\/an-considera-temps-de-treball-el-empleat-per-treballadors-designats-en-meses-electorals\/","og_locale":"ca_ES","og_type":"article","og_title":"El temps utilitzat com a membre de les meses electorals dels processos d'elecci\u00f3 de representants de les persones treballadores \u00e9s temps de treball | Arias Assessors","og_description":"La AN considera com a temps de treball l'empleat pels treballadors designats President i Vocals de les meses electorals.","og_url":"https:\/\/www.ariasassessors.com\/ca\/an-considera-temps-de-treball-el-empleat-per-treballadors-designats-en-meses-electorals\/","og_site_name":"Arias Assessors","article_publisher":"https:\/\/www.facebook.com\/ariasassessors\/","article_published_time":"2023-07-13T10:21:38+00:00","article_modified_time":"2023-07-13T10:26:03+00:00","og_image":[{"width":1920,"height":1202,"url":"https:\/\/www.ariasassessors.com\/wp-content\/uploads\/2023\/07\/Arias_Blog_IMAGEN_DESTACADA-40.png","type":"image\/png"}],"author":"btorras","twitter_card":"summary_large_image","twitter_creator":"@ariasassessors","twitter_site":"@ariasassessors","twitter_misc":{"Escrit per":"btorras","Temps estimat de lectura":"3 minuts"},"schema":{"@context":"https:\/\/schema.org","@graph":[{"@type":"Article","@id":"https:\/\/www.ariasassessors.com\/ca\/an-considera-temps-de-treball-el-empleat-per-treballadors-designats-en-meses-electorals\/#article","isPartOf":{"@id":"https:\/\/www.ariasassessors.com\/ca\/an-considera-temps-de-treball-el-empleat-per-treballadors-designats-en-meses-electorals\/"},"author":{"name":"btorras","@id":"https:\/\/www.ariasassessors.com\/#\/schema\/person\/63c6ad1775f0a9413c37932562673cef"},"headline":"El temps utilitzat com a membre de les meses electorals dels processos d&#8217;elecci\u00f3 de representants de les persones treballadores \u00e9s temps de treball","datePublished":"2023-07-13T10:21:38+00:00","dateModified":"2023-07-13T10:26:03+00:00","mainEntityOfPage":{"@id":"https:\/\/www.ariasassessors.com\/ca\/an-considera-temps-de-treball-el-empleat-per-treballadors-designats-en-meses-electorals\/"},"wordCount":522,"commentCount":0,"publisher":{"@id":"https:\/\/www.ariasassessors.com\/#organization"},"image":{"@id":"https:\/\/www.ariasassessors.com\/ca\/an-considera-temps-de-treball-el-empleat-per-treballadors-designats-en-meses-electorals\/#primaryimage"},"thumbnailUrl":"https:\/\/www.ariasassessors.com\/wp-content\/uploads\/2023\/07\/Arias_Blog_IMAGEN_DESTACADA-40.png","articleSection":["noticies"],"inLanguage":"ca","potentialAction":[{"@type":"CommentAction","name":"Comment","target":["https:\/\/www.ariasassessors.com\/ca\/an-considera-temps-de-treball-el-empleat-per-treballadors-designats-en-meses-electorals\/#respond"]}]},{"@type":"WebPage","@id":"https:\/\/www.ariasassessors.com\/ca\/an-considera-temps-de-treball-el-empleat-per-treballadors-designats-en-meses-electorals\/","url":"https:\/\/www.ariasassessors.com\/ca\/an-considera-temps-de-treball-el-empleat-per-treballadors-designats-en-meses-electorals\/","name":"El temps utilitzat com a membre de les meses electorals dels processos d'elecci\u00f3 de representants de les persones treballadores \u00e9s temps de treball | Arias Assessors","isPartOf":{"@id":"https:\/\/www.ariasassessors.com\/#website"},"primaryImageOfPage":{"@id":"https:\/\/www.ariasassessors.com\/ca\/an-considera-temps-de-treball-el-empleat-per-treballadors-designats-en-meses-electorals\/#primaryimage"},"image":{"@id":"https:\/\/www.ariasassessors.com\/ca\/an-considera-temps-de-treball-el-empleat-per-treballadors-designats-en-meses-electorals\/#primaryimage"},"thumbnailUrl":"https:\/\/www.ariasassessors.com\/wp-content\/uploads\/2023\/07\/Arias_Blog_IMAGEN_DESTACADA-40.png","datePublished":"2023-07-13T10:21:38+00:00","dateModified":"2023-07-13T10:26:03+00:00","description":"La AN considera com a temps de treball l'empleat pels treballadors designats President i Vocals de les meses electorals.","breadcrumb":{"@id":"https:\/\/www.ariasassessors.com\/ca\/an-considera-temps-de-treball-el-empleat-per-treballadors-designats-en-meses-electorals\/#breadcrumb"},"inLanguage":"ca","potentialAction":[{"@type":"ReadAction","target":["https:\/\/www.ariasassessors.com\/ca\/an-considera-temps-de-treball-el-empleat-per-treballadors-designats-en-meses-electorals\/"]}]},{"@type":"ImageObject","inLanguage":"ca","@id":"https:\/\/www.ariasassessors.com\/ca\/an-considera-temps-de-treball-el-empleat-per-treballadors-designats-en-meses-electorals\/#primaryimage","url":"https:\/\/www.ariasassessors.com\/wp-content\/uploads\/2023\/07\/Arias_Blog_IMAGEN_DESTACADA-40.png","contentUrl":"https:\/\/www.ariasassessors.com\/wp-content\/uploads\/2023\/07\/Arias_Blog_IMAGEN_DESTACADA-40.png","width":1920,"height":1202},{"@type":"BreadcrumbList","@id":"https:\/\/www.ariasassessors.com\/ca\/an-considera-temps-de-treball-el-empleat-per-treballadors-designats-en-meses-electorals\/#breadcrumb","itemListElement":[{"@type":"ListItem","position":1,"name":"Portada","item":"https:\/\/www.ariasassessors.com\/ca\/"},{"@type":"ListItem","position":2,"name":"El temps utilitzat com a membre de les meses electorals dels processos d&#8217;elecci\u00f3 de representants de les persones treballadores \u00e9s temps de treball"}]},{"@type":"WebSite","@id":"https:\/\/www.ariasassessors.com\/#website","url":"https:\/\/www.ariasassessors.com\/","name":"Arias Assessors","description":"Asesor\u00eda para aut\u00f3nomos, profesionales y PYMES","publisher":{"@id":"https:\/\/www.ariasassessors.com\/#organization"},"potentialAction":[{"@type":"SearchAction","target":{"@type":"EntryPoint","urlTemplate":"https:\/\/www.ariasassessors.com\/?s={search_term_string}"},"query-input":{"@type":"PropertyValueSpecification","valueRequired":true,"valueName":"search_term_string"}}],"inLanguage":"ca"},{"@type":"Organization","@id":"https:\/\/www.ariasassessors.com\/#organization","name":"Arias Assessors","url":"https:\/\/www.ariasassessors.com\/","logo":{"@type":"ImageObject","inLanguage":"ca","@id":"https:\/\/www.ariasassessors.com\/#\/schema\/logo\/image\/","url":"https:\/\/www.ariasassessors.com\/wp-content\/uploads\/2019\/01\/arias-logo.png","contentUrl":"https:\/\/www.ariasassessors.com\/wp-content\/uploads\/2019\/01\/arias-logo.png","width":349,"height":254,"caption":"Arias Assessors"},"image":{"@id":"https:\/\/www.ariasassessors.com\/#\/schema\/logo\/image\/"},"sameAs":["https:\/\/www.facebook.com\/ariasassessors\/","https:\/\/x.com\/ariasassessors","https:\/\/www.linkedin.com\/company\/r&amp;amp;r-growing-knowledge\/"]},{"@type":"Person","@id":"https:\/\/www.ariasassessors.com\/#\/schema\/person\/63c6ad1775f0a9413c37932562673cef","name":"btorras","image":{"@type":"ImageObject","inLanguage":"ca","@id":"https:\/\/www.ariasassessors.com\/#\/schema\/person\/image\/","url":"https:\/\/secure.gravatar.com\/avatar\/0531db351fc361fdbfd204c58fa2d6a3?s=96&d=mm&r=g","contentUrl":"https:\/\/secure.gravatar.com\/avatar\/0531db351fc361fdbfd204c58fa2d6a3?s=96&d=mm&r=g","caption":"btorras"}}]}},"_links":{"self":[{"href":"https:\/\/www.ariasassessors.com\/ca\/wp-json\/wp\/v2\/posts\/2733","targetHints":{"allow":["GET"]}}],"collection":[{"href":"https:\/\/www.ariasassessors.com\/ca\/wp-json\/wp\/v2\/posts"}],"about":[{"href":"https:\/\/www.ariasassessors.com\/ca\/wp-json\/wp\/v2\/types\/post"}],"author":[{"embeddable":true,"href":"https:\/\/www.ariasassessors.com\/ca\/wp-json\/wp\/v2\/users\/2"}],"replies":[{"embeddable":true,"href":"https:\/\/www.ariasassessors.com\/ca\/wp-json\/wp\/v2\/comments?post=2733"}],"version-history":[{"count":2,"href":"https:\/\/www.ariasassessors.com\/ca\/wp-json\/wp\/v2\/posts\/2733\/revisions"}],"predecessor-version":[{"id":2735,"href":"https:\/\/www.ariasassessors.com\/ca\/wp-json\/wp\/v2\/posts\/2733\/revisions\/2735"}],"wp:featuredmedia":[{"embeddable":true,"href":"https:\/\/www.ariasassessors.com\/ca\/wp-json\/wp\/v2\/media\/2730"}],"wp:attachment":[{"href":"https:\/\/www.ariasassessors.com\/ca\/wp-json\/wp\/v2\/media?parent=2733"}],"wp:term":[{"taxonomy":"category","embeddable":true,"href":"https:\/\/www.ariasassessors.com\/ca\/wp-json\/wp\/v2\/categories?post=2733"},{"taxonomy":"post_tag","embeddable":true,"href":"https:\/\/www.ariasassessors.com\/ca\/wp-json\/wp\/v2\/tags?post=2733"}],"curies":[{"name":"wp","href":"https:\/\/api.w.org\/{rel}","templated":true}]}}