{"id":2739,"date":"2023-07-21T13:16:33","date_gmt":"2023-07-21T11:16:33","guid":{"rendered":"https:\/\/www.ariasassessors.com\/?p=2739"},"modified":"2023-07-21T13:21:25","modified_gmt":"2023-07-21T11:21:25","slug":"que-riesgos-tiene-darse-de-alta-como-autonomo-en-el-extranjero-para-pagar-menos-cotizaciones","status":"publish","type":"post","link":"https:\/\/www.ariasassessors.com\/ca\/que-riesgos-tiene-darse-de-alta-como-autonomo-en-el-extranjero-para-pagar-menos-cotizaciones\/","title":{"rendered":"\u00bfQu\u00e9 riesgos tiene darse de alta como aut\u00f3nomo en el extranjero para pagar menos cotizaciones?"},"content":{"rendered":"<p>El Col\u00b7legi\u00a0Oficial d&#8217;Agents\u00a0Comercials\u00a0de Barcelona (COACB)\u00a0ha advertit de l&#8217;aparici\u00f3 de plataformes en l\u00ednia que ofereixen als\u00a0aut\u00f2noms espanyols treballar\u00a0a Espanya i pagar\u00a0la quota\u00a0a l&#8217;estranger. Podria suposar la p\u00e8rdua de\u00a0les seves cotitzacions a la Seguretat Social i ser investigats.<\/p>\n<p>El Col\u00b7legi\u00a0Oficial d&#8217;Agents\u00a0Comercials\u00a0de Barcelona (COACB)\u00a0ha alertat de l&#8217;aparici\u00f3 de plataformes\u00a0que ofereixen diferents f\u00f3rmules perqu\u00e8 els aut\u00f2noms treballin a Espanya per\u00f2 cotitzin\u00a0menys i paguin menys imposats\u00a0per estar donats d&#8217;alta a l&#8217;estranger. Aquests serveis \u2013 presumptament legals \u2013\u00a0prometen avantatges fiscals i menys\u00a0quota\u00a0que les que els treballadors per compte propi han de pagar\u00a0actualment a Espanya. No obstant aix\u00f2, els emprenedors que optin per aquesta opci\u00f3 corren el risc de \u201cperdre absolutament totes les seves cotitzacions\u201d i fins i tot tenir problemes amb Hisenda,\u00a0van assegurar els agents comercials.<\/p>\n<p>\u201cDes de fa m\u00e9s de dos anys rebem consultes privades sobre la legalitat i pertin\u00e8ncia d&#8217;aquests serveis\u201d, va advertir Jordi Mart\u00ed, gerent de\u00a0COACB. \u201cEls particulars ens comentaven que se&#8217;ls havia ofert la possibilitat de tributar a l&#8217;estranger o exercir per compte propi amb un cost inferior al que suposa emprendre a Espanya\u201d, va afegir l&#8217;expert.<\/p>\n<p>Despr\u00e9s d&#8217;aquestes consultes,\u00a0COACB\u00a0va decidir investigar si realment era possible o no exercir per compte propi a Espanya tributant a l&#8217;estranger. \u201c\u00daltimament s&#8217;estan obrint molts negocis amb aquest prop\u00f2sit. Es tracta d&#8217;una\u00a0 \u201csorprenent enginyeria fiscal\u201d, va agregar Mart\u00ed. Per\u00f2, va sentenciar ,&#8221;fins avui podria ser legal per\u00f2 tamb\u00e9 perill\u00f3s&#8221;.<\/p>\n<p><img loading=\"lazy\" decoding=\"async\" class=\"size-medium wp-image-2745 alignleft\" src=\"https:\/\/www.ariasassessors.com\/wp-content\/uploads\/2023\/07\/Arias_Blog_IMAGEN_DESTACADA-42-300x188.png\" alt=\"\" width=\"300\" height=\"188\" srcset=\"https:\/\/www.ariasassessors.com\/wp-content\/uploads\/2023\/07\/Arias_Blog_IMAGEN_DESTACADA-42-300x188.png 300w, https:\/\/www.ariasassessors.com\/wp-content\/uploads\/2023\/07\/Arias_Blog_IMAGEN_DESTACADA-42-1024x641.png 1024w, https:\/\/www.ariasassessors.com\/wp-content\/uploads\/2023\/07\/Arias_Blog_IMAGEN_DESTACADA-42-768x481.png 768w, https:\/\/www.ariasassessors.com\/wp-content\/uploads\/2023\/07\/Arias_Blog_IMAGEN_DESTACADA-42-1536x962.png 1536w, https:\/\/www.ariasassessors.com\/wp-content\/uploads\/2023\/07\/Arias_Blog_IMAGEN_DESTACADA-42-700x438.png 700w, https:\/\/www.ariasassessors.com\/wp-content\/uploads\/2023\/07\/Arias_Blog_IMAGEN_DESTACADA-42.png 1920w\" sizes=\"auto, (max-width: 300px) 100vw, 300px\" \/><\/p>\n<p>&nbsp;<\/p>\n<h2><\/h2>\n<h2><\/h2>\n<h2><\/h2>\n<div id=\"ez-toc-container\" class=\"ez-toc-v2_0_72 counter-hierarchy ez-toc-counter ez-toc-grey ez-toc-container-direction\">\n<div class=\"ez-toc-title-container\">\n<p class=\"ez-toc-title\" style=\"cursor:inherit\">\u00cdndice de Contenidos<\/p>\n<span class=\"ez-toc-title-toggle\"><a href=\"#\" class=\"ez-toc-pull-right ez-toc-btn ez-toc-btn-xs ez-toc-btn-default ez-toc-toggle\" aria-label=\"Toggle Table of Content\"><span class=\"ez-toc-js-icon-con\"><span class=\"\"><span class=\"eztoc-hide\" style=\"display:none;\">Toggle<\/span><span class=\"ez-toc-icon-toggle-span\"><svg style=\"fill: #428bca;color:#428bca\" xmlns=\"http:\/\/www.w3.org\/2000\/svg\" class=\"list-377408\" width=\"20px\" height=\"20px\" viewBox=\"0 0 24 24\" fill=\"none\"><path d=\"M6 6H4v2h2V6zm14 0H8v2h12V6zM4 11h2v2H4v-2zm16 0H8v2h12v-2zM4 16h2v2H4v-2zm16 0H8v2h12v-2z\" fill=\"currentColor\"><\/path><\/svg><svg style=\"fill: #428bca;color:#428bca\" class=\"arrow-unsorted-368013\" xmlns=\"http:\/\/www.w3.org\/2000\/svg\" width=\"10px\" height=\"10px\" viewBox=\"0 0 24 24\" version=\"1.2\" baseProfile=\"tiny\"><path d=\"M18.2 9.3l-6.2-6.3-6.2 6.3c-.2.2-.3.4-.3.7s.1.5.3.7c.2.2.4.3.7.3h11c.3 0 .5-.1.7-.3.2-.2.3-.5.3-.7s-.1-.5-.3-.7zM5.8 14.7l6.2 6.3 6.2-6.3c.2-.2.3-.5.3-.7s-.1-.5-.3-.7c-.2-.2-.4-.3-.7-.3h-11c-.3 0-.5.1-.7.3-.2.2-.3.5-.3.7s.1.5.3.7z\"\/><\/svg><\/span><\/span><\/span><\/a><\/span><\/div>\n<nav><ul class='ez-toc-list ez-toc-list-level-1 eztoc-toggle-hide-by-default' ><li class='ez-toc-page-1 ez-toc-heading-level-2'><a class=\"ez-toc-link ez-toc-heading-1\" href=\"https:\/\/www.ariasassessors.com\/ca\/que-riesgos-tiene-darse-de-alta-como-autonomo-en-el-extranjero-para-pagar-menos-cotizaciones\/#Quins_riscos_comporta_donar-se_dalta_com_a_autonom_a_lestranger_en_un_servei_en_linia\" title=\"Quins riscos comporta donar-se d&#8217;alta com a aut\u00f2nom a l&#8217;estranger en un servei en l\u00ednia?\">Quins riscos comporta donar-se d&#8217;alta com a aut\u00f2nom a l&#8217;estranger en un servei en l\u00ednia?<\/a><\/li><li class='ez-toc-page-1 ez-toc-heading-level-2'><a class=\"ez-toc-link ez-toc-heading-2\" href=\"https:\/\/www.ariasassessors.com\/ca\/que-riesgos-tiene-darse-de-alta-como-autonomo-en-el-extranjero-para-pagar-menos-cotizaciones\/#Que_prometen_les_plataformes_en_linia_que_donen_dalta_als_autonoms_espanyols_a_lestranger\" title=\"Qu\u00e8 prometen les plataformes en l\u00ednia\u00a0que donen d&#8217;alta als aut\u00f2noms espanyols a l&#8217;estranger?\">Qu\u00e8 prometen les plataformes en l\u00ednia\u00a0que donen d&#8217;alta als aut\u00f2noms espanyols a l&#8217;estranger?<\/a><\/li><li class='ez-toc-page-1 ez-toc-heading-level-2'><a class=\"ez-toc-link ez-toc-heading-3\" href=\"https:\/\/www.ariasassessors.com\/ca\/que-riesgos-tiene-darse-de-alta-como-autonomo-en-el-extranjero-para-pagar-menos-cotizaciones\/#Que_prometen_les_plataformes_en_linia_que_donen_dalta_als_autonoms_espanyols_a_lestranger-2\" title=\"Qu\u00e8 prometen les plataformes en l\u00ednia\u00a0que donen d&#8217;alta als aut\u00f2noms espanyols a l&#8217;estranger?\">Qu\u00e8 prometen les plataformes en l\u00ednia\u00a0que donen d&#8217;alta als aut\u00f2noms espanyols a l&#8217;estranger?<\/a><\/li><li class='ez-toc-page-1 ez-toc-heading-level-2'><a class=\"ez-toc-link ez-toc-heading-4\" href=\"https:\/\/www.ariasassessors.com\/ca\/que-riesgos-tiene-darse-de-alta-como-autonomo-en-el-extranjero-para-pagar-menos-cotizaciones\/#Teletreball_a_lestiu_la_Justicia_aclareix_si_un_empleat_pot_traslladar-se_a_un_altre_lloc_sense_avisar_lempresa\" title=\"Teletreball a l&#8217;estiu: la Just\u00edcia aclareix si un empleat pot traslladar-se a un altre lloc sense avisar l&#8217;empresa\">Teletreball a l&#8217;estiu: la Just\u00edcia aclareix si un empleat pot traslladar-se a un altre lloc sense avisar l&#8217;empresa<\/a><\/li><li class='ez-toc-page-1 ez-toc-heading-level-2'><a class=\"ez-toc-link ez-toc-heading-5\" href=\"https:\/\/www.ariasassessors.com\/ca\/que-riesgos-tiene-darse-de-alta-como-autonomo-en-el-extranjero-para-pagar-menos-cotizaciones\/#Cal_tenir_diferenciar_entre_teletreball_i_treball_a_distancia\" title=\"Cal tenir diferenciar entre teletreball i treball a dist\u00e0ncia\">Cal tenir diferenciar entre teletreball i treball a dist\u00e0ncia<\/a><\/li><li class='ez-toc-page-1 ez-toc-heading-level-2'><a class=\"ez-toc-link ez-toc-heading-6\" href=\"https:\/\/www.ariasassessors.com\/ca\/que-riesgos-tiene-darse-de-alta-como-autonomo-en-el-extranjero-para-pagar-menos-cotizaciones\/#Pot_un_empleat_teletreballar_des_de_la_seva_segona_residencia\" title=\"Pot un empleat teletreballar des de la seva segona resid\u00e8ncia?\">Pot un empleat teletreballar des de la seva segona resid\u00e8ncia?<\/a><\/li><li class='ez-toc-page-1 ez-toc-heading-level-2'><a class=\"ez-toc-link ez-toc-heading-7\" href=\"https:\/\/www.ariasassessors.com\/ca\/que-riesgos-tiene-darse-de-alta-como-autonomo-en-el-extranjero-para-pagar-menos-cotizaciones\/#Algunes_obligacions_dels_ocupadors_que_estableix_la_llei\" title=\"Algunes obligacions dels ocupadors que estableix la llei\">Algunes obligacions dels ocupadors que estableix la llei<\/a><\/li><li class='ez-toc-page-1 ez-toc-heading-level-2'><a class=\"ez-toc-link ez-toc-heading-8\" href=\"https:\/\/www.ariasassessors.com\/ca\/que-riesgos-tiene-darse-de-alta-como-autonomo-en-el-extranjero-para-pagar-menos-cotizaciones\/#Es_realment_cert_que_els_autonoms_espanyols_paguen_la_quota_mes_alta_de_tota_la_Unio_Europea\" title=\"\u00c9s realment cert que els aut\u00f2noms espanyols paguen la quota m\u00e9s alta de tota la Uni\u00f3 Europea?\">\u00c9s realment cert que els aut\u00f2noms espanyols paguen la quota m\u00e9s alta de tota la Uni\u00f3 Europea?<\/a><\/li><li class='ez-toc-page-1 ez-toc-heading-level-2'><a class=\"ez-toc-link ez-toc-heading-9\" href=\"https:\/\/www.ariasassessors.com\/ca\/que-riesgos-tiene-darse-de-alta-como-autonomo-en-el-extranjero-para-pagar-menos-cotizaciones\/#Espanya_es_el_pais_dEuropa_que_mes_protegeix_els_autonoms\" title=\"Espanya \u00e9s el pa\u00eds d&#8217;Europa que m\u00e9s protegeix els aut\u00f2noms\">Espanya \u00e9s el pa\u00eds d&#8217;Europa que m\u00e9s protegeix els aut\u00f2noms<\/a><\/li><li class='ez-toc-page-1 ez-toc-heading-level-2'><a class=\"ez-toc-link ez-toc-heading-10\" href=\"https:\/\/www.ariasassessors.com\/ca\/que-riesgos-tiene-darse-de-alta-como-autonomo-en-el-extranjero-para-pagar-menos-cotizaciones\/#%C2%BFCuanto_pagan_de_cuota_los_autonomos_en_los_principales_paises_europeos_y_que_reciben_a_cambio\" title=\"\u00bfCu\u00e1nto pagan de cuota los aut\u00f3nomos en los principales\u00a0pa\u00edses europeos y qu\u00e9 reciben a cambio?\">\u00bfCu\u00e1nto pagan de cuota los aut\u00f3nomos en los principales\u00a0pa\u00edses europeos y qu\u00e9 reciben a cambio?<\/a><\/li><li class='ez-toc-page-1 ez-toc-heading-level-2'><a class=\"ez-toc-link ez-toc-heading-11\" href=\"https:\/\/www.ariasassessors.com\/ca\/que-riesgos-tiene-darse-de-alta-como-autonomo-en-el-extranjero-para-pagar-menos-cotizaciones\/#El_ministro_Escriva_subio_las_cotizaciones_sin_previo_aviso_en_enero\" title=\"El ministro Escriv\u00e1 subi\u00f3 las cotizaciones sin previo\u00a0aviso en enero\">El ministro Escriv\u00e1 subi\u00f3 las cotizaciones sin previo\u00a0aviso en enero<\/a><\/li><li class='ez-toc-page-1 ez-toc-heading-level-2'><a class=\"ez-toc-link ez-toc-heading-12\" href=\"https:\/\/www.ariasassessors.com\/ca\/que-riesgos-tiene-darse-de-alta-como-autonomo-en-el-extranjero-para-pagar-menos-cotizaciones\/#%C2%BFComo_pueden_proteger_los_autonomos_su_local_u_oficina_de_las_plagas_de_insectos_en_verano\" title=\"\u00bfC\u00f3mo pueden proteger los aut\u00f3nomos su local u oficina de las plagas de insectos en verano?\">\u00bfC\u00f3mo pueden proteger los aut\u00f3nomos su local u oficina de las plagas de insectos en verano?<\/a><\/li><li class='ez-toc-page-1 ez-toc-heading-level-2'><a class=\"ez-toc-link ez-toc-heading-13\" href=\"https:\/\/www.ariasassessors.com\/ca\/que-riesgos-tiene-darse-de-alta-como-autonomo-en-el-extranjero-para-pagar-menos-cotizaciones\/#Proteccion_contra_insectos_y_polen_en_locales_u_oficinas\" title=\"Protecci\u00f3n contra insectos y polen en locales u oficinas\">Protecci\u00f3n contra insectos y polen en locales u oficinas<\/a><ul class='ez-toc-list-level-3' ><li class='ez-toc-heading-level-3'><a class=\"ez-toc-link ez-toc-heading-14\" href=\"https:\/\/www.ariasassessors.com\/ca\/que-riesgos-tiene-darse-de-alta-como-autonomo-en-el-extranjero-para-pagar-menos-cotizaciones\/#La_clave_para_controlar_el_polen_esta_en_la_calidad_del_aire\" title=\"La clave para controlar el polen est\u00e1 en la calidad del aire\">La clave para controlar el polen est\u00e1 en la calidad del aire<\/a><\/li><\/ul><\/li><\/ul><\/nav><\/div>\n<h2><span class=\"ez-toc-section\" id=\"Quins_riscos_comporta_donar-se_dalta_com_a_autonom_a_lestranger_en_un_servei_en_linia\"><\/span>Quins riscos comporta donar-se d&#8217;alta com a aut\u00f2nom a l&#8217;estranger en un servei en l\u00ednia?<span class=\"ez-toc-section-end\"><\/span><\/h2>\n<p>\u201cL&#8217;alerta que volem llan\u00e7ar no \u00e9s sobre la legalitat d&#8217;aquest servei \u00e9s de la\u00a0responsabilitat que contreu el *tributante en cotitzar a l&#8217;estranger i exercir a Espanya\u201d, va matisar l&#8217;expert. La decisi\u00f3, va continuar, dep\u00e8n exclusivament del particular. \u201cSi alguna l\u00ednia d&#8217;aquesta tributaci\u00f3 est\u00e0 mal plantejada o Hisenda decideix investigar-li, el problema pot ser grav\u00edssim\u201d,\u00a0va advertir Mart\u00ed.<\/p>\n<p>Segons Mart\u00ed aix\u00f2 suposa dos reptes o riscos per a Espanya. El primer \u00e9s que si un aut\u00f2nom decideix donar-se d&#8217;alta a l&#8217;estranger en una plataforma en l\u00ednia, pot ser que aquesta\u00a0plataforma \u201cdesaparegui de la nit al dia\u201d i per tant totes les cotitzacions, impostos i gestions de l&#8217;emprenedor \u201cs&#8217;esfumin\u201d.<\/p>\n<p>La *COACB ha volgut alertar tamb\u00e9 al futur Govern d&#8217;Espanya que aquest tipus d&#8217;accions s&#8217;incrementaran en els pr\u00f2xims anys si els aut\u00f2noms espanyols continuen tenint &#8220;la quota m\u00e9s alta d&#8217;Europa&#8221;.<\/p>\n<p>&nbsp;<\/p>\n<h2><span class=\"ez-toc-section\" id=\"Que_prometen_les_plataformes_en_linia_que_donen_dalta_als_autonoms_espanyols_a_lestranger\"><\/span>Qu\u00e8 prometen les plataformes en l\u00ednia\u00a0que donen d&#8217;alta als aut\u00f2noms espanyols a l&#8217;estranger?<span class=\"ez-toc-section-end\"><\/span><\/h2>\n<p>Segons fonts fiscals consultades per aquest mitj\u00e0, qualsevol ciutad\u00e0 que busqui en internet les seg\u00fcents paraules, \u201caut\u00f2nom tributar noruega\u201d, trobar\u00e0 alguns portals web que ofereixen la possibilitat de\u00a0\u201ctreballar des d&#8217;Espanya, sense quota d&#8217;aut\u00f2noms\u201d. \u201cVendre&#8217;t un DNI \u00e9s una cosa que hauria d&#8217;alertar a tots\u201d, va asseverar Mart\u00ed. A continuaci\u00f3, exposarem alguns productes i serveis que ofereixen aquest tipus de negocis.<\/p>\n<p>La plataforma en q\u00fcesti\u00f3, el nom de la qual mantindrem en l&#8217;anonimat, ofereix el que ella mateixa denomina\u00a0\u2018M\u00f2dul Noruec\u2019 per a exercir per compte propi a Espanya.\u00a0\u201cEl M\u00f2dul Noruec \u00e9s una societat de responsabilitat limitada (SL) amb seu social a Noruega, formada per un o diversos membres. Aquests membres poden ser tant persones f\u00edsiques, com a persones jur\u00eddiques (Altres empreses)\u201d, afirma el servei.<\/p>\n<p>&nbsp;<\/p>\n<h2><span class=\"ez-toc-section\" id=\"Que_prometen_les_plataformes_en_linia_que_donen_dalta_als_autonoms_espanyols_a_lestranger-2\"><\/span>Qu\u00e8 prometen les plataformes en l\u00ednia\u00a0que donen d&#8217;alta als aut\u00f2noms espanyols a l&#8217;estranger?<span class=\"ez-toc-section-end\"><\/span><\/h2>\n<p>Segons fonts fiscals consultades per aquest mitj\u00e0, qualsevol ciutad\u00e0 que busqui en internet les seg\u00fcents paraules, \u201caut\u00f2nom tributar noruega\u201d, trobar\u00e0 alguns portals web que ofereixen la possibilitat de\u00a0\u201ctreballar des d&#8217;Espanya, sense quota d&#8217;aut\u00f2noms\u201d. \u201cVendre&#8217;t un DNI \u00e9s una cosa que hauria d&#8217;alertar a tots\u201d, va asseverar Mart\u00ed. A continuaci\u00f3, exposarem alguns productes i serveis que ofereixen aquest tipus de negocis.<\/p>\n<p>La plataforma en q\u00fcesti\u00f3, el nom de la qual mantindrem en l&#8217;anonimat, ofereix el que ella mateixa denomina\u00a0\u2018M\u00f2dul Noruec\u2019 per a exercir per compte propi a Espanya.\u00a0\u201cEl M\u00f2dul Noruec \u00e9s una societat de responsabilitat limitada (SL) amb seu social a Noruega, formada per un o diversos membres. Aquests membres poden ser tant persones f\u00edsiques, com a persones jur\u00eddiques (Altres empreses)\u201d, afirma el servei.<\/p>\n<p>Segons aquest negoci, les seves pr\u00e0ctiques actuen \u201csota el marc legal del *EEE (Espai Econ\u00f2mic Europeu), lleis de lliure comer\u00e7 signades a Brussel\u00b7les i EFTA (Associaci\u00f3 Europea de Lliure Comer\u00e7) oferint des del 2008 a qualsevol ciutad\u00e0 del m\u00f3n, la possibilitat de millorar el seu futur econ\u00f2mic, mantenint la plena legalitat, com qualsevol altra empresa Europea\u201d.<\/p>\n<p>Entre els seus serveis, oferta als interessats les seg\u00fcents oportunitats:<\/p>\n<ul>\n<li><strong>\u201cTreballar des d&#8217;Espanya, sense quota d&#8217;aut\u00f2noms<\/strong>. (Sense establiment permanent)\u201d, assegura el negoci.<\/li>\n<li>\u201c<strong>Operar amb IVA Transfronterer<\/strong> i operar amb Llindar d&#8217;IVA. (Augmentant el teu marge de beneficis un 21%)\u201d\u201d.<\/li>\n<li>\u201c<strong>Desgravar com a despeses l&#8217;\u00fas de la teva llar com a oficina.<\/strong> (Lloguer, aigua, llum, gas, gasolina, vestuari, mobiliari,etc.\u201d.<\/li>\n<li>\u201cConstituir la teva empresa sense necessitat d&#8217;aportar capital social. (Estalvia&#8217;t els 3.000 euros).<\/li>\n<li>\u201c<strong>Declarar anualment. Oblida el pes de cada trimestre i centra&#8217;t en el que importa<\/strong>\u201d.<\/li>\n<li>\u201cSer persona jur\u00eddica. Limita la teva responsabilitat jur\u00eddica enfront de tercers.(Protegeix el teu patrimoni personal)\u201d.<\/li>\n<li>\u201cReduir l&#8217;impost de societats al 19% sobre beneficis.(Ingressos \u2013 Despeses)\u201d.<\/li>\n<li>\u201cCompte bancari on vulguis, incl\u00f2s Espanya o qualsevol altre pa\u00eds. (T&#8217;assessorem)\u201d.<\/li>\n<li>\u201c<strong>Facturar a qualsevol part del m\u00f3n, <span id=\"[9,16]\" class=\"word\">visquis <\/span><span id=\"[6,8]\" class=\"word\">on<\/span> <span id=\"[9,16]\" class=\"word\">visquis<\/span><\/strong>\u201d.<\/li>\n<li>\u201cGaudir d&#8217;una operativa simple, legal i protectora del teu b\u00e9ns personals\u201d.<\/li>\n<li>\u201cPossibilitat de sol\u00b7licitar DNI Noruec, cotitzar a la Jubilaci\u00f3 Estatal Noruega amb paga assegurada i molt m\u00e9s\u2026\u201d.<\/li>\n<li>\u201cA m\u00e9s no necessites despla\u00e7ar-te a Noruega, nosaltres ens encarreguem de tot el proc\u00e9s, perqu\u00e8 tinguis la teva empresa en temps r\u00e8cord. Vol saber m\u00e9s? Contacta&#8217;ns!\u201d, conclou aquest exemple de servei perqu\u00e8 els aut\u00f2noms poden donar-se d&#8217;alta a l&#8217;estranger.<\/li>\n<\/ul>\n<p>&nbsp;<\/p>\n<h2><span class=\"ez-toc-section\" id=\"Teletreball_a_lestiu_la_Justicia_aclareix_si_un_empleat_pot_traslladar-se_a_un_altre_lloc_sense_avisar_lempresa\"><\/span>Teletreball a l&#8217;estiu: la Just\u00edcia aclareix si un empleat pot traslladar-se a un altre lloc sense avisar l&#8217;empresa<span class=\"ez-toc-section-end\"><\/span><\/h2>\n<p>El teletreball continua estant encara molt present i molts negocis amb empleats han implementat de forma permanent un model h\u00edbrid en el qual es combinen ambdues opcions de treball. Ara, amb l&#8217;arribada de l&#8217;estiu, \u00e9s com\u00fa que m\u00e9s negocis, a m\u00e9s d&#8217;adaptar les seves jornades i convertir-les en intensives, <a href=\"https:\/\/www.autonomosyemprendedor.es\/articulo\/tu-negocio\/claves-tener-cuenta-autonomos-que-quieran-implantar-teletrabajo-negocio\/20221215153541028543.html\"><strong>permetin tamb\u00e9 que els seus empleats tamb\u00e9 puguin teletreballar<\/strong><\/a>.<\/p>\n<p>Per\u00f2 des d&#8217;on pot treballar un empleat? <strong>El lloc de treball pot ser una decisi\u00f3 unilateral<\/strong>?\u00a0\u00bfPot un empleat teletreballar des d&#8217;un lloc d&#8217;estiueig sense consultar-ho amb la seva empresa?<\/p>\n<p>En els \u00faltims anys, els tribunals ja s&#8217;han pronunciat diverses vegades sobre aquesta q\u00fcesti\u00f3, <strong>donant la ra\u00f3 a les empreses i no als empleats<\/strong>. \u00c9s el cas, per exemple, d&#8217;una sent\u00e8ncia del Tribunal Superior de Just\u00edcia de Madrid, que va declarar la proced\u00e8ncia de <strong>l&#8217;acomiadament d&#8217;un empleat que va modificar el seu domicili de treball sense comptar amb l&#8217;autoritzaci\u00f3 de l&#8217;empresa<\/strong>.<\/p>\n<p>&nbsp;<\/p>\n<h2><span class=\"ez-toc-section\" id=\"Cal_tenir_diferenciar_entre_teletreball_i_treball_a_distancia\"><\/span>Cal tenir diferenciar entre teletreball i treball a dist\u00e0ncia<span class=\"ez-toc-section-end\"><\/span><\/h2>\n<p>Un dels canvis laborals m\u00e9s rellevants que va portar la pand\u00e8mia va ser la implantaci\u00f3 del treball a dist\u00e0ncia en molts negocis. De fet, en poc m\u00e9s d&#8217;un any, el percentatge d&#8217;empleats que es trobaven sota aquesta manera de treballar es va quadruplicar. En aquest context, a la fi de 2020,\u00a0el <strong>Govern va aprovar la nova Llei de teletreball<\/strong>, que va suposar un abans i un despr\u00e9s en aquesta modalitat de treball i que va endurir les sancions per als negocis que incomplissin amb el que es disposa en aquesta normativa.<\/p>\n<p>Aix\u00ed, els treballadors aut\u00f2noms amb empleats que treballin des de casa -o que tinguin possibilitat de fer-ho- han de tenir en compte\u00a0la<strong> Llei 10\/2021 de Treball a dist\u00e0ncia, que va entrar en vigor l&#8217;1 d&#8217;octubre de 2021<\/strong>. Aquesta llei regula tot el relatiu a aquest m\u00e8tode de treball, que va ser propulsat per la pand\u00e8mia i que, avui dia, continua sent present en una gran part de les empreses i negocis espanyols.<\/p>\n<p><strong>Una dels grans dubtes que sorgeixen, sobretot quan arriba l&#8217;\u00e8poca estival<\/strong> o dates tan familiars com el Nadal, \u00e9s si els empleats poden triar el seu lloc de treball sense avisar a l&#8217;empresa o si, per contra,\u00a0<strong>l&#8217;aut\u00f2nom ocupador ha de donar sempre el seu vistiplau i arribar a un acord\u00a0expl\u00edcit <\/strong>amb els seus treballadors.<\/p>\n<p>Segons va explicar a aquest diari l&#8217;advocat laboralista i soci del despatx *AGM Advocats, Luis San Jos\u00e9, el primer que cal tenir en compte a l&#8217;hora de resoldre les q\u00fcestions relatives al teletreball i la seva possible ubicaci\u00f3 \u00e9s que hi ha dos conceptes diferents i, com a tal, han de tractar-se per separat.<\/p>\n<p>\u201cPrimer de tot, cal diferenciar entre el teletreball i el treball a dist\u00e0ncia.\u00a0<strong>El teletreball \u00e9s ocasional i es desenvolupa en un lloc allunyat de la seu de l&#8217;empresa<\/strong>, per\u00f2 mantenint-se connectat per a atendre reunions, comunicacions entre companys, aix\u00ed com anomenades a clients o a prove\u00efdors, entre altres. \u00c9s aquell que es duu a terme mitjan\u00e7ant l&#8217;\u00fas exclusiu o prevalent de mitjans i sistemes inform\u00e0tics, telem\u00e0tics i de telecomunicaci\u00f3\u201d, va explicar San Jos\u00e9.<\/p>\n<p>Tot aix\u00f2, va afegir, \u201ces fa\u00a0<strong>des del seu domicili o lloc o espai assignat per l&#8217;empresa<\/strong>. \u00c9s a dir, el teletreball<strong>\u00a0no es realitza per una lliure decisi\u00f3 del treballador<\/strong>,\u00a0sin\u00f3 m\u00e9s aviat per atorgar-lo l&#8217;empresari\u201d. Aquest seria el cas, per exemple, d&#8217;una empresa que permet als seus empleats teletreballar durant els mesos d&#8217;estiu. Una mesura ocasional proposta per l&#8217;empresa i que facilita la conciliaci\u00f3 durant aquesta \u00e8poca de l&#8217;any.<\/p>\n<p>Per part seva, segons va explicar a aquest diari l&#8217;advocat consolat,\u00a0<strong>el treball a dist\u00e0ncia \u201ces realitzada de manera cont\u00ednua i no ocasional an\u00e9s de la seu empresarial\u201d<\/strong>. En aquest cas, va matisar l&#8217;advocat, \u201c\u00e9s una forma d&#8217;organitzaci\u00f3 en la qual el treballador\u00a0<strong>t\u00e9 l&#8217;opci\u00f3 de triar lliurement el lloc des d&#8217;on s&#8217;executa l&#8217;activitat laboral, ja sigui l&#8217;habitatge habitual, la casa de la platja, o un altre lloc triat per ell mateix\u201d<\/strong>.\u00a0Aquest seria el cas d&#8217;una empresa la seu de la qual, per exemple, es troba a Barcelona i permet que els seus empleats no hagin de residir en aquesta prov\u00edncia per a formar part de la plantilla.<\/p>\n<h2><\/h2>\n<h2><span class=\"ez-toc-section\" id=\"Pot_un_empleat_teletreballar_des_de_la_seva_segona_residencia\"><\/span>Pot un empleat teletreballar des de la seva segona resid\u00e8ncia?<span class=\"ez-toc-section-end\"><\/span><\/h2>\n<p>Una de les grans q\u00fcestions que sorgeixen, principalment durant els mesos d&#8217;estiu, \u00e9s si els empleats poden teletreballar des de la seva segona resid\u00e8ncia. Segons va explicar l&#8217;advocat laboralista, \u201cal principi s\u00ed,\u00a0<strong>sempre que es compleixi amb els est\u00e0ndards que assenyala la Llei de Prevenci\u00f3 de Riscos Laborals\u201d<\/strong>.<\/p>\n<p>No obstant aix\u00f2, va afegir, \u201cla resposta final sempre la t\u00e9 l&#8217;empresa\u201d, per la qual cosa \u201c\u00e9s millor\u201d\u00a0<strong>que aquesta sempre tingui const\u00e0ncia del lloc des del qual teletreballen els seus empleats<\/strong>, perqu\u00e8 es pugui realitzar l&#8217;avaluaci\u00f3 de riscos laborals del seu lloc de treball.<\/p>\n<p>En altres paraules, va concloure l&#8217;advocat de *AGM Advocats, Luis San Jos\u00e9, \u201cl&#8217;empresa haur\u00e0 d&#8217;obtenir tota la informaci\u00f3 sobre els riscos als quals est\u00e0 exposada la persona que treballa a dist\u00e0ncia o en teletreball\u201d.<\/p>\n<p>De fet, ja hi ha hagut en els \u00faltims anys diverses sent\u00e8ncies que s&#8217;han pronunciat sobre aquesta q\u00fcesti\u00f3, donant la ra\u00f3 a les empreses i no als empleats. La sent\u00e8ncia n\u00famero 901\/2021, de 20 d&#8217;octubre de 2021, dictada per la Sala social del Tribunal Superior de Just\u00edcia de Madrid, per exemple, va declarar<strong>\u00a0la proced\u00e8ncia de l&#8217;acomiadament d&#8217;un empleat que va modificar el seu domicili de treball sense comptar l&#8217;autoritzaci\u00f3 de l&#8217;empresa<\/strong>.<\/p>\n<p>Aix\u00f2 es va deure al fet que en la nova ubicaci\u00f3 no hi havia bona connexi\u00f3 a internet i, per tant, no podia exercir correctament les seves obligacions. Aix\u00f2 ha ocorregut tamb\u00e9 en altres ocasions per no disposar d&#8217;un espai apte per a treballar.<\/p>\n<p>&nbsp;<\/p>\n<h2><span class=\"ez-toc-section\" id=\"Algunes_obligacions_dels_ocupadors_que_estableix_la_llei\"><\/span>Algunes obligacions dels ocupadors que estableix la llei<span class=\"ez-toc-section-end\"><\/span><\/h2>\n<div class=\"evo-articolo-spons evostep\" data-evosend=\"1\" data-evolink=\"https:\/\/www.autonomosyemprendedor.es\/articulo\/tu-negocio\/puede-empleado-cambiar-lugar-teletrabajo-verano-avisar-previamente-empresa\/20230720152914031424.html\" data-evotitle=\"Teletrabajo en verano: la Justicia aclara si un empleado puede trasladarse a otro lugar sin avisar a la empresa\" data-scrollama-index=\"0\">\n<p>La Llei del teletreball recull tamb\u00e9 uns certs aspectes que tots els negocis han de complir des de la seva entrada en vigor si ofereixen als seus assalariats\u00a0<strong>la possibilitat de complir amb la seva jornada laboral des dels seus domicilis<\/strong>. Per exemple, la voluntarietat d&#8217;aquest.<\/p>\n<p>A m\u00e9s, la norma estableix que &#8220;<strong>les empreses hauran de subministrar les eines, mitjans o equips fungibles<\/strong>. \u00c9s a dir el material necessari per a dur a terme el treball com un ordinador, una taula, una cadira, etc.\u00a0 I deixa en mans de la negociaci\u00f3 col\u00b7lectiva, a trav\u00e9s d&#8217;una disposici\u00f3 transit\u00f2ria, quina ser\u00e0 la despesa que haur\u00e0 d&#8217;abonar l&#8217;ocupador pel consum d&#8217;electricitat, wifi o gas que comporti el teletreball del seu empleat.<\/p>\n<div class=\"evo-articolo-spons-text\">\n<h2><span class=\"ez-toc-section\" id=\"Es_realment_cert_que_els_autonoms_espanyols_paguen_la_quota_mes_alta_de_tota_la_Unio_Europea\"><\/span>\u00c9s realment cert que els aut\u00f2noms espanyols paguen la quota m\u00e9s alta de tota la Uni\u00f3 Europea?<span class=\"ez-toc-section-end\"><\/span><\/h2>\n<p>\u201c<strong>Es totalmente falso que los aut\u00f3nomos espa\u00f1oles pagan m\u00e1s cuota que el resto de Europa<\/strong>\u201d, asever\u00f3 Celia Ferrero, vicepresidenta de la Federaci\u00f3n Nacional de Asociaciones de \u201c<strong>\u00c9s totalment fals que els aut\u00f2noms espanyols paguen m\u00e9s quota que la resta d&#8217;Europa<\/strong>\u201d, va asseverar Celia Ferrero, vicepresidenta de la Federaci\u00f3 Nacional d&#8217;Associacions de Treballadors Aut\u00f2noms (LLIGA) i una de les grans expertes en Seguretat Social encarregada des de fa anys de representar al col\u00b7lectiu en les taules de di\u00e0leg social. Entre altres coses, va afegir, \u201cperqu\u00e8 el sistema de<a href=\"https:\/\/www.autonomosyemprendedor.es\/articulo\/actualidad\/cuanto-pagan-autonomos-cuota-otros-paises-europeos-que-prestaciones-da-derecho\/20220712154555027288.html\" target=\"_blank\" rel=\"noopener\"> protecci\u00f3 social per als treballadors per compte propi del nostre pa\u00eds no \u00e9s comparable a la resta<\/a>\u201d. No \u00e9s nom\u00e9s el que es paga, sin\u00f3 el que s&#8217;obt\u00e9 a canvi. En la majoria de pa\u00efsos els aut\u00f2noms no tenen a penes prestacions i han d&#8217;acudir a les assegurances privades per a obtenir, per exemple, les cures sanit\u00e0ries en cas de malaltia.<\/p>\n<p>Un mantra bastant est\u00e8s, fins i tot entre alguns entesos en la mat\u00e8ria, \u00e9s que els aut\u00f2noms a Espanya paguen una quota molt alta a la Seguretat Social, m\u00e9s que els seus col\u00b7legues de pa\u00efsos ve\u00efns. No obstant aix\u00f2, els experts asseguren que a Espanya, a difer\u00e8ncia de la resta de pa\u00efsos de la UE, es paga una quota que cobreix totes les conting\u00e8ncies, des de la baixa per malaltia fins a la qual es produeix per maternitat, des de l&#8217;accident al cessament\u00a0 d&#8217;activitat, des de la jubilaci\u00f3 a la incapacitat, exactament igual que un assalariat.<\/p>\n<p>No obstant aix\u00f2,\u00a0en la majoria de pa\u00efsos europeus els aut\u00f2noms a penes si obtenen prestacions per les seves quotes. \u00c9s a dir, les\u00a0cotitzacions dels aut\u00f2noms espanyols els atorguen\u00a0una s\u00e8rie de prestacions i\u00a0<strong>drets que s\u00f3n inexistents en la resta de pa\u00efsos de la Uni\u00f3 Europea<\/strong>.<\/p>\n<p>\u201cTots <strong>els estats membres tenen sistemes mixtos<\/strong>. Fonamentats, en la majoria dels casos, per un pilar universal i solidari\u00a0 als quals se sumen\u00a0altres pilars complementaris o alternatius\u201d, va explicar la vicepresidenta de *ATA.\u00a0En el cas d&#8217;Espanya, del pilar universal i solidari \u201csurten totes les pensions contributives i les prestacions socials \u00a0\u2013 com el cessament d&#8217;activitat &#8211; que poden gaudir els aut\u00f2noms a Espanya\u201d, va afegir Ferrero.\u00a0<strong>Les cotitzacions dels treballadors per compte propi a Espanya cobreixen un espectre tan amplio de conting\u00e8ncies que no requereixen d&#8217;assegurances complement\u00e0ries. \u201cLa resta de pa\u00efsos europeus s\u00ed que necessiten complements a les seves quotes, en la majoria dels casos han de pagar a l&#8217;Estat i, a m\u00e9s, a un sistema de protecci\u00f3 privat de manera obligat\u00f2ria\u201d, va comentar la vicepresidenta.<\/strong><\/p>\n<\/div>\n<\/div>\n<p>A\u00a0<strong>Alemanya<\/strong>, va afirmar Ferrero, \u201cels aut\u00f2noms paguen una quota que ronda els 140 euros (que varia en funci\u00f3 dels seus ingressos) per\u00f2 estan obligats a complementar-vos amb assegurances privades.\u00a0<strong>Al final si sumes les seves cotitzacions i els complements, la quota \u00e9s molt m\u00e9s alta que a Espanya<\/strong>\u201d, va aclarir.<\/p>\n<p>\u201cJo crec que per molt mal que semblin que estan les coses al nostre pa\u00eds, els estrangers acudeixen principalment per la nostra cobertura sanit\u00e0ria.\u00a0<strong>A It\u00e0lia, per exemple, un aut\u00f2nom ha de pagar la seva asseguran\u00e7a m\u00e8dica per fora\u00a0de\u00a0la seva quota d&#8217;afiliaci\u00f3.\u00a0 \u00c9s a dir, no compta amb la sanitat universal com a Espanya i si malalta, ha de costejar-ho ell.<\/strong><\/p>\n<p>Fins i tot, un emprenedor d&#8217;un altre pa\u00eds que treballi\u00a0a Espanya compta amb la sanitat p\u00fablica\u2013 que \u00e9s universal per a ell i la seva fam\u00edlia -, prestacions com el cessament d&#8217;activitat, ajudes per a l&#8217;emprenedoria o, per citar alguna en concret, les recents ajudes a la digitalitzaci\u00f3 dels negocis\u201d, va assenyalar.<\/p>\n<p>Aix\u00ed mateix, va concloure Ferrero, \u201cels aut\u00f2noms tenen sota el pilar solidari cobertes totes les seves necessitats i a m\u00e9s \u2013 gr\u00e0cies als complements com el Pla de Pensions d&#8217;Ocupaci\u00f3 Simplificada \u2013\u00a0<strong>els treballadors per compte propi poden augmentar les seves\u00a0prestacions\u00a0com la\u00a0jubilaci\u00f3 si ho desitgen.\u00a0En la resta d&#8217;estats membres de la Uni\u00f3 Europea no existeix aquesta opci\u00f3\u201d.<\/strong><\/p>\n<p>&nbsp;<\/p>\n<div class=\"evo-articolo-spons evostep\" data-evosend=\"1\" data-evolink=\"https:\/\/www.autonomosyemprendedor.es\/articulo\/tu-negocio\/puede-empleado-cambiar-lugar-teletrabajo-verano-avisar-previamente-empresa\/20230720152914031424.html\" data-evotitle=\"Teletrabajo en verano: la Justicia aclara si un empleado puede trasladarse a otro lugar sin avisar a la empresa\" data-scrollama-index=\"0\">\n<div class=\"evo-articolo-spons-text\">\n<h2><span class=\"ez-toc-section\" id=\"Espanya_es_el_pais_dEuropa_que_mes_protegeix_els_autonoms\"><\/span>Espanya \u00e9s el pa\u00eds d&#8217;Europa que m\u00e9s protegeix els aut\u00f2noms<span class=\"ez-toc-section-end\"><\/span><\/h2>\n<p>Un informe elaborat per *ATA revela que Espanya titulat \u2018Acc\u00e9s a la Protecci\u00f3 Social dels treballadors sigui com sigui la seva forma d&#8217;ocupaci\u00f3 en el marc del Pilar Europeu de Drets Socials\u2019 revela que els treballadors per compte propi del nostre pa\u00eds s\u00f3n els que compten amb el major escut de protecci\u00f3 social d&#8217;Europa.<\/p>\n<p>A m\u00e9s, amb l&#8217;entrada en vigor del sistema de cotitzaci\u00f3 per ingressos reals (Reial decret llei 13\/2022),\u00a0\u201c<strong>s&#8217;han cobert i millorat aspectes com els accidents de treball i que la prestaci\u00f3 per cessament d&#8217;activitat deixi de ser volunt\u00e0ria<\/strong>\u201d, va corroborar Ferrero.<\/p>\n<p>A continuaci\u00f3, recollim les cobertures socials que actualment gaudeixen a trav\u00e9s de les seves cotitzacions els afiliats al RETA a Espanya enfront de la resta de pa\u00efsos europeus:<\/p>\n<table border=\"1\" width=\"0\" cellspacing=\"0\" cellpadding=\"0\">\n<thead>\n<tr>\n<td colspan=\"3\" width=\"567\"><b>La protecci\u00f3 social dels treballadors aut\u00f2noms espanyols<\/b><\/td>\n<\/tr>\n<tr>\n<td width=\"104\"><b>Prestaci\u00f3<\/b><\/td>\n<td width=\"170\"><b>Enfront dels treballadors assalariats a Espanya<\/b><\/td>\n<td width=\"293\"><b>Enfront de la resta de treballadors<\/b><\/p>\n<p>aut\u00f2noms a la UE (mitjana)<\/td>\n<\/tr>\n<\/thead>\n<tbody>\n<tr>\n<td width=\"104\"><b>Assist\u00e8ncia Sanit\u00e0ria<\/b><\/td>\n<td valign=\"top\" width=\"170\">La mateixa cobertura que per als assalariats, no dep\u00e8n de cotitzacions ni carreres de cotitzaci\u00f3<\/td>\n<td valign=\"top\" width=\"293\">Universal i gratu\u00efta, sense copagaments, a Espanya. En alguns pa\u00efsos de la UE existeixen copagaments (Cro\u00e0cia) i\/o el reemborsament de despeses sanit\u00e0ries pr\u00e8viament incorregudes (Fran\u00e7a, Alemanya, B\u00e8lgica)<\/td>\n<\/tr>\n<tr>\n<td width=\"104\"><b>Incapacitat Temporal<\/b><\/td>\n<td valign=\"top\" width=\"170\">Volunt\u00e0ria per als aut\u00f2noms agraris i en casos de pluriactivitat, a difer\u00e8ncia de l&#8217;obligatorietat que afecta la resta d&#8217;aut\u00f2noms. Es cobreix amb c\u00e0rrec a la SS des del 4t dia. Els assalariats des del 16\u00e8.<\/td>\n<td valign=\"top\" width=\"293\">Cobertura obligat\u00f2ria similar al cas representatiu europeu. Obligat\u00f2ria nom\u00e9s per a unes certes activitats en (Alemanya, \u00c0ustria i Litu\u00e0nia) No coberta per la quota b\u00e0sica i requereix cotitzaci\u00f3 addicional (ex. Alemanya, Su\u00efssa, It\u00e0lia, Gr\u00e8cia i Holanda). En tots els pa\u00efsos el per\u00edode de car\u00e8ncia \u00e9s superior al cas espanyol.<\/td>\n<\/tr>\n<tr>\n<td width=\"104\"><b>Jubilaci\u00f3<\/b><\/td>\n<td valign=\"top\" width=\"170\">Mateixes condicions nominals que per als assalariats, per\u00f2 pensions efectives sensiblement menors per l&#8217;elecci\u00f3 de bases m\u00ednimes. Jubilaci\u00f3 Activa m\u00e9s avantatjosa per a aut\u00f2noms amb assalariats.<\/td>\n<td valign=\"top\" width=\"293\">Condicions nominals menys exigents que als pa\u00efsos m\u00e9s avan\u00e7ats de la UE, per\u00f2 similars a les de la mitjana europea. A Fran\u00e7a, Noruega, Finl\u00e0ndia, Su\u00e8cia o Su\u00efssa (voluntari), cohabiten una prestaci\u00f3 m\u00ednima amb car\u00e0cter universal i una prestaci\u00f3 complement\u00e0ria lligada als ingressos per cotitzaci\u00f3. Al Regne Unit els aut\u00f2noms nom\u00e9s tenen dret a la pensi\u00f3 b\u00e0sica estatal<\/td>\n<\/tr>\n<\/tbody>\n<\/table>\n<p>&nbsp;<\/p>\n<table border=\"1\" width=\"0\" cellspacing=\"0\" cellpadding=\"0\">\n<thead>\n<tr>\n<td colspan=\"3\" width=\"567\"><b>La protecci\u00f3n social de los trabajadores aut\u00f3nomos espa\u00f1oles<\/b><\/td>\n<\/tr>\n<tr>\n<td width=\"104\"><b>Prestaci\u00f3n<\/b><\/td>\n<td width=\"170\"><b>Frente a los trabajadores asalariados en Espa\u00f1a<\/b><\/td>\n<td width=\"293\"><b>Frente al resto de trabajadores<\/b><\/p>\n<p><b>aut\u00f3nomos en la UE (media)<\/b><\/td>\n<\/tr>\n<\/thead>\n<tbody>\n<tr>\n<td width=\"104\"><b>Asistencia Sanitaria<\/b><\/td>\n<td valign=\"top\" width=\"170\">La misma cobertura que para los asalariados, no depende de cotizaciones ni carreras de cotizaci\u00f3n<\/td>\n<td valign=\"top\" width=\"293\">Universal y gratuita, sin copagos, en Espa\u00f1a. En algunos pa\u00edses de la UE existen copagos (Croacia) y\/o el reembolso de gastos sanitarios previamente incurridos (Francia, Alemania, B\u00e9lgica)<\/td>\n<\/tr>\n<tr>\n<td width=\"104\"><b>Incapacidad Temporal<\/b><\/td>\n<td valign=\"top\" width=\"170\">Voluntaria para los aut\u00f3nomos agrarios y en casos de pluriactividad, a diferencia de la obligatoriedad que afecta al resto de aut\u00f3nomos. Se cubre con cargo a la SS desde el 4\u00ba d\u00eda. Los asalariados desde el 16\u00ba.<\/td>\n<td valign=\"top\" width=\"293\">Cobertura obligatoria similar al caso representativo europeo. Obligatoria s\u00f3lo para ciertas actividades en (Alemania, Austria y Lituania) No cubierta por la cuota b\u00e1sica y requiere cotizaci\u00f3n adicional (ej. Alemania, Suiza, Italia, Grecia y Holanda). En todos los pa\u00edses el periodo de carencia es superior al caso espa\u00f1ol.<\/td>\n<\/tr>\n<tr>\n<td width=\"104\"><b>Jubilaci\u00f3n<\/b><\/td>\n<td valign=\"top\" width=\"170\">Mismas condiciones nominales que para los asalariados, pero pensiones efectivas sensiblemente menores por la elecci\u00f3n de bases m\u00ednimas. Jubilaci\u00f3n Activa m\u00e1s ventajosa para aut\u00f3nomos con asalariados<\/td>\n<td valign=\"top\" width=\"293\">Condiciones nominales menos exigentes que en los pa\u00edses m\u00e1s avanzados de la UE, pero similares a las de la media europea. En Francia, Noruega, Finlandia, Suecia o Suiza (voluntario), cohabitan una prestaci\u00f3n m\u00ednima con car\u00e1cter universal y una prestaci\u00f3n complementaria ligada a los ingresos por cotizaci\u00f3n. En Reino Unido los aut\u00f3nomos s\u00f3lo tienen derecho a la pensi\u00f3n b\u00e1sica estatal<\/td>\n<\/tr>\n<tr>\n<td width=\"104\"><b>Desempleo<\/b><\/p>\n<p><b>(Cese de Actividad)<\/b><\/td>\n<td valign=\"top\" width=\"170\">Voluntaria para la mayor\u00eda de aut\u00f3nomos (obligatoria para asalariados). Menor periodo de disfrute y ausencia de subsidio equivalente<\/td>\n<td valign=\"top\" width=\"293\">En bastantes pa\u00edses de la UE no existe esta prestaci\u00f3n para los aut\u00f3nomos (Reino Unido, B\u00e9lgica, Grecia, Alemania, Francia, Bulgaria, Estonia o Chipre, entre otros).\u00a0 En Reino Unido, Grecia, Alemania o Estonia, existe sin embargo la posibilidad de acceder a una prestaci\u00f3n no contributiva. Es obligatoria en pa\u00edses como Portugal, Finlandia o Suecia y voluntaria como en Espa\u00f1a en Dinamarca, Austria, Rumania o Irlanda, aunque los periodos de\u00a0 cotizaci\u00f3n exigibles son mayores.<\/td>\n<\/tr>\n<tr>\n<td width=\"104\"><b>Maternidad\/<\/b><\/p>\n<p><b>Paternidad<\/b><\/td>\n<td valign=\"top\" width=\"170\">Mismas condiciones que para los asalariados. A la reincorporaci\u00f3n tras los permisos de maternidad\/paternidad, los aut\u00f3nomos disfrutan de condiciones m\u00e1s ventajosas<\/td>\n<td valign=\"top\" width=\"293\">Mejores condiciones generales, ya que en algunos pa\u00edses de la UE, los permisos de paternidad o no existen o est\u00e1n muy postergados respecto a los de maternidad (B\u00e9lgica, Dinamarca, Grecia, entre otros), tanto en el acceso como en los periodos de las bajas. Alemania, no con car\u00e1cter general, no dispensa de prestaci\u00f3n por maternidad (acceso voluntario para agricultores).<\/td>\n<\/tr>\n<tr>\n<td width=\"104\"><b>Accidentes de Trabajo y Enfermedad Profesional<\/b><\/td>\n<td valign=\"top\" width=\"170\">Obligatorio para los TRADE,\u00a0 similar cobertura que para los asalariados, y voluntario para el resto<\/td>\n<td valign=\"top\" width=\"293\">En Espa\u00f1a es voluntaria, como en Dinamarca, Polonia o Suiza. Es obligatoria, en Portugal, Suecia Irlanda o Austria. Esta cobertura no existe en muchos pa\u00edses para los aut\u00f3nomos (B\u00e9lgica, Reino Unido u Holanda), est\u00e1 contemplada s\u00f3lo para agricultores (Francia, Alemania, Noruega -en ambas accesible de forma voluntaria limitada para ciertas actividades-, Luxemburgo o Italia)<\/td>\n<\/tr>\n<tr>\n<td width=\"104\"><b>Viudedad y Orfandad<\/b><\/td>\n<td valign=\"top\" width=\"170\">Id\u00e9ntica protecci\u00f3n nominal que para los asalariados, pero prestaciones m\u00e1s reducidas por causa de bases y carreras de cotizaci\u00f3n m\u00e1s reducidas<\/td>\n<td valign=\"top\" width=\"293\">Similar protecci\u00f3n que en el resto de la UE, aunque hay pa\u00edses en los que o no existen pensiones propiamente dichas de supervivencia (Dinamarca) o son voluntarias (Finlandia, Alemania)<\/td>\n<\/tr>\n<tr>\n<td width=\"104\"><b>Dependencia (Cuidados de Larga Duraci\u00f3n)<\/b><\/td>\n<td valign=\"top\" width=\"170\">Prestaciones universales, previa calificaci\u00f3n m\u00e9dica, condicionadas a recursos, como para los asalariados<\/td>\n<td valign=\"top\" width=\"293\">Cobertura insuficiente en Espa\u00f1a frente a la media de la UE, debido a la ausencia de seguros de dependencia propiamente dichos y limitaci\u00f3n de recursos. Alemania, B\u00e9lgica-Flandes, Grecia y Francia, entre varios otros,\u00a0 tienen seguros de dependencia<\/td>\n<\/tr>\n<tr>\n<td width=\"104\"><b>Incapacidad Permanente<\/b><\/td>\n<td valign=\"top\" width=\"170\">Cobertura nominal similar para trabajadores aut\u00f3nomos y asalariados, pero prestaciones inferiores por las razones mencionadas. Incapacidad sobrevenida incluida<\/td>\n<td valign=\"top\" width=\"293\">Cobertura similar en Espa\u00f1a a la de la mayor\u00eda de los pa\u00edses de la UE, pero sin periodos de carencia ni prestaciones a tanto alzado como en algunos pa\u00edses (B\u00e9lgica, Francia o Alemania). Se cubren con car\u00e1cter universal por condici\u00f3n de residente y no de cotizante, de forma \u00edntegra en el caso de Dinamarca, Holanda, Suecia y Reino Unido, y en Noruega o Finlandia de forma parcial.<\/td>\n<\/tr>\n<tr>\n<td width=\"104\"><b>Prestaciones Familiares<\/b><\/td>\n<td valign=\"top\" width=\"170\">Son prestaciones universales que no distinguen por estatuto laboral<\/td>\n<td valign=\"top\" width=\"293\">En general, insuficientes respecto al caso medio en la UE<\/td>\n<\/tr>\n<tr>\n<td colspan=\"3\" valign=\"top\" width=\"567\">Nota: la comparaci\u00f3n con la UE debe interpretarse teniendo en cuenta que se trata de valoraciones medias y que hay varios pa\u00edses europeos claramente mas avanzados y otros tantos claramente menos avanzados que Espa\u00f1a.<\/td>\n<\/tr>\n<\/tbody>\n<\/table>\n<\/div>\n<\/div>\n<p>&nbsp;<\/p>\n<p>&nbsp;<\/p>\n<h2><span class=\"ez-toc-section\" id=\"%C2%BFCuanto_pagan_de_cuota_los_autonomos_en_los_principales_paises_europeos_y_que_reciben_a_cambio\"><\/span>\u00bfCu\u00e1nto pagan de cuota los aut\u00f3nomos en los principales\u00a0pa\u00edses europeos y qu\u00e9 reciben a cambio?<span class=\"ez-toc-section-end\"><\/span><\/h2>\n<ul>\n<li><strong>Reino unido\u00a0<\/strong><\/li>\n<\/ul>\n<p>Reino Unido tiene un sistema de Seguridad Social que se basa en niveles de ingresos. Las personas\u00a0que trabajan por cuenta propia\u00a0<strong>y generen menos de 6.475 libras al a\u00f1o\u00a0 -7657,17 euros- no tienen obligaci\u00f3n de cotizar,<\/strong>\u00a0aunque tampoco tendr\u00e1n derecho a la mayor\u00eda de coberturas b\u00e1sicas.<\/p>\n<p>Los aut\u00f3nomos brit\u00e1nicos cuyos ingresos sean\u00a0<strong>superiores a 7.657 euros estar\u00e1n sujetos a dos posibles tipos de cotizaci\u00f3n,\u00a0<\/strong>seg\u00fan los beneficios obtenidos en el a\u00f1o:<\/p>\n<p>\u2022\u00a0<strong>Cotizaciones a la Clase 2. Cuota\u00a0\u00fanica de\u00a03,55 euros a la semana:\u00a0<\/strong>Cotizar\u00e1n aqu\u00ed los aut\u00f3nomos cuyos beneficios sean iguales o superiores a 7.657 euros\u00a0\u00a0pero inferiores a\u00a0 11.235 euros.<\/p>\n<p>\u2022<strong>\u00a0Cotizaciones a la Clase 4<\/strong>.\u00a0<strong>Un 9 % de los beneficios obtenidos<\/strong>: Aqu\u00ed cotizar\u00e1n los aut\u00f3nomos que ingresen entre 11.235 euros y 59.500 euros. A partir de los 59.500 euros hay un 2% adicional de cotizaci\u00f3n sobre los beneficios que superen este importe.<\/p>\n<p>Si bien es cierto que en Reino Unido, los aut\u00f3nomos que ingresan menos de 11.200 euros apenas pagar\u00edan 12 euros al mes de cuota, no hay que olvidar que<strong>\u00a0no tendr\u00e1n derecho a apenas\u00a0coberturas y sus prestaciones, ser\u00e1n las m\u00e1s b\u00e1sicas:\u00a0<\/strong><\/p>\n<p>-Pensi\u00f3n b\u00e1sica del Estado y la Nueva Pensi\u00f3n estatal; subsidio por Maternidad (Maternity Allowances): prestaci\u00f3n por Incapacidad; prestaciones por muerte y supervivencia.<\/p>\n<p>Sin embargo,<strong>\u00a0no tienen cobertura por pensi\u00f3n adicional del Estado (la jubilaci\u00f3n contributiva espa\u00f1ola) o desempleo (<\/strong>cese de actividad)<\/p>\n<ul>\n<li><strong>Francia<\/strong><\/li>\n<\/ul>\n<p>En Francia, los aut\u00f3nomos tienen derecho a una bonificaci\u00f3n durante el primer a\u00f1o de actividad -similar a nuestra tarifa plana- aunque en este caso\u00a0<strong>no pagan nada durante esos doce primeros meses.\u00a0<\/strong><\/p>\n<p>A partir de ese primer a\u00f1o, las cuotas en el pa\u00eds galo se calculan en funci\u00f3n de los ingresos obtenidos y\u00a0<strong>el tipo aplicable var\u00eda en funci\u00f3n del sector de actividad.<\/strong>\u00a0 Las tasas que se aplican y que conforman la cuota son, en l\u00edneas generales:<\/p>\n<ul>\n<li>12% de los ingresos para actividades comerciales<\/li>\n<li>22% de los ingresos para servicios y para profesiones liberales no reguladas<\/li>\n<li>22% para profesiones liberales reguladas (como pueden ser psic\u00f3logos o abogados)<\/li>\n<\/ul>\n<p>Hay que tener en cuenta que algunas prestaciones como<strong>\u00a0el cese de actividad se tienen que pagar aparte.<\/strong>\u00a0Por lo general, los tipos aplicables dan derecho a:<\/p>\n<ul>\n<li>Asistencia sanitaria.<\/li>\n<li>Jubilaci\u00f3n.<\/li>\n<li>Pensi\u00f3n de viudedad.<\/li>\n<li>Pensi\u00f3n de invalidez.<\/li>\n<\/ul>\n<p>Las dem\u00e1s coberturas, habitualmente, se tienen que contratar bajo seguros privados o complementarios.<\/p>\n<ul>\n<li><strong>Alemania<\/strong><\/li>\n<\/ul>\n<p>El sistema alem\u00e1n es uno de los m\u00e1s complicados de analizar, ya que en \u00e9l se entremezclan muchas veces impuestos y cotizaci\u00f3n. Normalmente,\u00a0la cuota es de\u00a0<strong>140 euros a partir de 1.700 euros de los ingresos mensuales,\u00a0<\/strong>y por debajo de esa cantidad no se paga.\u00a0Hay que pagar aparte un\u00a0<strong>seguro m\u00e9dico obligatorio de alrededor de 200 euros al mes.<\/strong><\/p>\n<p>Tampoco hay que olvidar la Incapacidad Temporal, la pensi\u00f3n o el cese de actividad no est\u00e1n cubiertas por la cuota b\u00e1sica y requieren muchas veces de cotizaci\u00f3n adicional.<\/p>\n<ul>\n<li><strong>Portugal:\u00a0<\/strong><\/li>\n<\/ul>\n<p>Al igual que en Francia<strong>, en Portugal durante el primer a\u00f1o los aut\u00f3nomos est\u00e1n exentos de pagar cuota.<\/strong>\u00a0Despu\u00e9s el tipo de cotizaci\u00f3n se fija entre\u00a0<strong>un 21,4% sobre\u00a0la base de cotizaci\u00f3n\u00a0<\/strong>del trabajador por cuenta propia. La\u00a0<strong>m\u00ednima es de 664,8 euros<\/strong>\u00a0y la m\u00e1xima de 5.318 euros al mes.<\/p>\n<p>Esto \u00faltimo, exceptuando algunos casos como los aut\u00f3nomos sin ingresos que s\u00f3lo tendr\u00edan que aportar 20 euros de cuota.<\/p>\n<p>En este caso, el pa\u00eds luso ofrece a cambio de esta cuota unas<strong>\u00a0protecciones muy similares a Espa\u00f1a<\/strong>\u00a0para los aut\u00f3nomos, como pueden ser cese de actividad, Incapacidad Temporal -denominado subsidio de enfermedad-; paternidad y maternidad; pensi\u00f3n de jubilaci\u00f3n; incapacidades permanentes&#8230;<\/p>\n<ul>\n<li><strong>Pa\u00edses Bajos:<\/strong><\/li>\n<\/ul>\n<p>En Pa\u00edses bajos se exige a los aut\u00f3nomos pagar tan s\u00f3lo u<strong>na cuota fija de unos 50 euros anuales,\u00a0<\/strong>que se abona a trav\u00e9s de la C\u00e1mara de Comercio. Ahora bien, esta cuota no da pr\u00e1cticamente\u00a0ninguna protecci\u00f3n al trabajador por cuenta propia y, por lo tanto,\u00a0<strong>se le obliga a contratar una cobertura m\u00e9dica privada que cuesta entorno a 100 euros al me<\/strong>s. Adem\u00e1s, es recomendable contratar\u00a0<strong>otros seguros accesorios.<\/strong><\/p>\n<p>Sin embargo, s\u00ed existen seguros nacionales\u00a0 de jubilaci\u00f3n, viudedad, gastos especiales de asistencia sanitaria, etc\u00e9tera.\u00a0<strong>La diferencia en este caso es que las cuotas de estas coberturas las cobra la Agencia Tributaria holandesa y no la Seguridad Social.<\/strong><\/p>\n<h2><span class=\"ez-toc-section\" id=\"El_ministro_Escriva_subio_las_cotizaciones_sin_previo_aviso_en_enero\"><\/span>El ministro Escriv\u00e1 subi\u00f3 las cotizaciones sin previo\u00a0aviso en enero<span class=\"ez-toc-section-end\"><\/span><\/h2>\n<p>Tambi\u00e9n es cierto que los aut\u00f3nomos se han quejado, y\u00a0ATA ha venido denunci\u00e1ndolo\u00a0en repetidas ocasiones, los diversos\u00a0incumplimientos de los pactos sobre cotizaciones a los que se hab\u00eda llegado con el ministerio de Inclusi\u00f3n, Seguridad Social y Migraciones. Uno de los m\u00e1s sonados fue\u00a0<strong>la subida un 8,6% de las cuotas en enero de este a\u00f1o<\/strong>, sin previo aviso. Realmente fue un doble incremento: por un lado por<strong>\u00a0efecto del nuevo Mecanismo de Equidad Intergeneracional\u00a0(MEI)\u00a0<\/strong>derivado de la reforma de las pensiones y, por otro, por la decisi\u00f3n unilateral de realizar una de las mayores subidas\u00a0que han experimentado las\u00a0bases de cotizaci\u00f3n para aquellos aut\u00f3nomos -la\u00a0gran mayor\u00eda-\u00a0que eligieron la &#8220;revalorizaci\u00f3n autom\u00e1tica&#8221;.<\/p>\n<p>Lorenzo Amor, presidente de ATA denunci\u00f3 que el ministro Jos\u00e9 Luis<strong>\u00a0Escriv\u00e1 pact\u00f3\u00a0una subida del 0,6% en el IMEI y luego decidi\u00f3 elevarla hasta el doble<\/strong>, concretamente hasta el 1,6%. Todo ello ha repercutido, no s\u00f3lo en las cotizaciones de los aut\u00f3nomos sino en las de sus empleados.<\/p>\n<h2><span class=\"ez-toc-section\" id=\"%C2%BFComo_pueden_proteger_los_autonomos_su_local_u_oficina_de_las_plagas_de_insectos_en_verano\"><\/span>\u00bfC\u00f3mo pueden proteger los aut\u00f3nomos su local u oficina de las plagas de insectos en verano?<span class=\"ez-toc-section-end\"><\/span><\/h2>\n<p>A partir de la primavera y durante todo el verano,<strong>\u00a0muchos\u00a0locales y oficinas sufren la aparici\u00f3n de insectos y polen<\/strong>\u00a0que pueden suponer un verdadero problema para el negocio, sobre todo si trabajan de cara al p\u00fablico. Las moscas, mosquitos o cucarachas, as\u00ed como los \u00e1caros y el polen son frecuentes por estas fechas y perjudican tanto la\u00a0<strong>calidad del aire como el ambiente y la salud en el espacio de trabajo<\/strong>.<\/p>\n<p>Por un lado, los insectos como las cucarachas, mosquitos y hormigas pueden invadir la oficina\u00a0generando incomodidad y mala imagen. El polen, por su parte, que a menudo es invisible para nuestros ojos, puede perjudicar la calidad del aire en cualquier lugar.\u00a0No hay que olvidar que\u00a0<strong>el polen es uno de los al\u00e9rgenos m\u00e1s comunes y es responsable de desencadenar una serie de reacciones en los bronquios de clientes y empleados.\u00a0<\/strong>Los s\u00edntomas pueden variar desde leves a severos, e incluyen estornudos, congesti\u00f3n nasal, irritaci\u00f3n ocular y, en los peores casos, ataques de asma.<\/p>\n<p>La protecci\u00f3n contra insectos y polen puede parecer una tarea ardua, pero con los recursos y herramientas adecuados, el aut\u00f3nomo puede convertir su oficina o su local\u00a0en un espacio libre de estos molestos intrusos.<\/p>\n<h2><span class=\"ez-toc-section\" id=\"Proteccion_contra_insectos_y_polen_en_locales_u_oficinas\"><\/span>Protecci\u00f3n contra insectos y polen en locales u oficinas<span class=\"ez-toc-section-end\"><\/span><\/h2>\n<p>La primera l\u00ednea de defensa contra los insectos suele ser siempre la\u00a0<strong>prevenci\u00f3n ya que, en el momento en el que aparece una plaga, es mucho m\u00e1s complicado erradicarla.<\/strong>\u00a0Para prevenir que esto ocurra,\u00a0es fundamental mantener limpios los espacios, y asegurarse de<strong>\u00a0sellar cualquier entrada potencial<\/strong>\u00a0para los insectos.<\/p>\n<p>No hay que olvidar que todos ellos, desde las cucarachas hasta las moscas y los mosquitos suelen verse\u00a0<strong>atra\u00eddos por los restos de comida y los espacios oscuros y h\u00famedos.<\/strong>\u00a0 Por ello, es especialmente importante mantener la higiene en el lugar de trabajo, especialmente si el negocio est\u00e1 enfocado a la hosteler\u00eda o a la venta de cualquier alimento.<\/p>\n<p>Una vez limpio y ventilado el lugar de trabajo, se puede empezar a prevenir la entrada de insectos al negocio\u00a0con varias herramientas como, por ejemplo,\u00a0las\u00a0<a href=\"https:\/\/www.mosquiteras.org\/mosquiteras-para-puertas\" target=\"_blank\" rel=\"noopener\">mosquiteras para puertas<\/a>. Estos elementos est\u00e1n<strong>\u00a0dise\u00f1ados para permitir la ventilaci\u00f3n y la entrada de luz a la oficina\u00a0<\/strong>o al local al mismo tiempo que<strong>\u00a0evitan que los insectos se cuelen<\/strong>. Adem\u00e1s, se pueden instalar en todas las puertas que den al exterior, incluyendo la principal, la del patio o incluso la del balc\u00f3n, si lo hubiera.<\/p>\n<h3><span class=\"ez-toc-section\" id=\"La_clave_para_controlar_el_polen_esta_en_la_calidad_del_aire\"><\/span>La clave para controlar el polen est\u00e1 en la calidad del aire<span class=\"ez-toc-section-end\"><\/span><\/h3>\n<p>En cuanto al polen, la clave siempre est\u00e1 en mantener una buena\u00a0calidad del aire. Para ello, una de las soluciones m\u00e1s habituales es<strong>\u00a0usar filtros de aire.\u00a0<\/strong>Los filtros de aire pueden ayudar a reducir la cantidad de polen y otros al\u00e9rgenos en el negocio,\u00a0mejorando la calidad del aire y la salud respiratoria,<strong>\u00a0sin que sea necesario dejar de abrir las puertas y ventilar el local.<\/strong><\/p>\n<p class=\"evo-first-article\" data-evolink=\"https:\/\/www.autonomosyemprendedor.es\/articulo\/tu-negocio\/que-riesgos-tiene-darse-alta-como-autonomo-extranjero-pagar-menos-cotizaciones\/20230717160514031375.html\" data-evotitle=\"\u00bfQu\u00e9 riesgos tiene darse de alta como aut\u00f3nomo en el extranjero para pagar menos cot...\" data-scrollama-index=\"0\">Otra opci\u00f3n para reducir el polen es el uso de\u00a0<strong>purificadores de aire.\u00a0<\/strong>Estos dispositivos pueden ayudar a filtrar el polen y otros al\u00e9rgenos,\u00a0reduciendo la posibilidad de reacciones al\u00e9rgicas.<\/p>\n","protected":false},"excerpt":{"rendered":"<p>El Col\u00b7legi\u00a0Oficial d&#8217;Agents\u00a0Comercials\u00a0de Barcelona (COACB)\u00a0ha advertit de l&#8217;aparici\u00f3 de plataformes en l\u00ednia que ofereixen als\u00a0aut\u00f2noms espanyols treballar\u00a0a Espanya i pagar\u00a0la quota\u00a0a l&#8217;estranger. Podria suposar la p\u00e8rdua de\u00a0les seves cotitzacions a la Seguretat Social i ser investigats. El Col\u00b7legi\u00a0Oficial d&#8217;Agents\u00a0Comercials\u00a0de Barcelona (COACB)\u00a0ha alertat de l&#8217;aparici\u00f3 de&#8230;<\/p>\n","protected":false},"author":2,"featured_media":2785,"comment_status":"open","ping_status":"open","sticky":false,"template":"","format":"standard","meta":{"footnotes":""},"categories":[4],"tags":[],"class_list":["post-2739","post","type-post","status-publish","format-standard","has-post-thumbnail","hentry","category-noticies"],"yoast_head":"<!-- This site is optimized with the Yoast SEO plugin v24.3 - https:\/\/yoast.com\/wordpress\/plugins\/seo\/ -->\n<title>\u00bfQu\u00e9 riesgos tiene darse de alta como aut\u00f3nomo en el extranjero para pagar menos cotizaciones? | Arias Assessors<\/title>\n<meta name=\"robots\" content=\"index, follow, max-snippet:-1, max-image-preview:large, max-video-preview:-1\" \/>\n<link rel=\"canonical\" href=\"https:\/\/www.ariasassessors.com\/ca\/que-riesgos-tiene-darse-de-alta-como-autonomo-en-el-extranjero-para-pagar-menos-cotizaciones\/\" \/>\n<meta property=\"og:locale\" content=\"ca_ES\" \/>\n<meta property=\"og:type\" content=\"article\" \/>\n<meta property=\"og:title\" content=\"\u00bfQu\u00e9 riesgos tiene darse de alta como aut\u00f3nomo en el extranjero para pagar menos cotizaciones? | Arias Assessors\" \/>\n<meta property=\"og:description\" content=\"El Col\u00b7legi\u00a0Oficial d&#8217;Agents\u00a0Comercials\u00a0de Barcelona (COACB)\u00a0ha advertit de l&#8217;aparici\u00f3 de plataformes en l\u00ednia que ofereixen als\u00a0aut\u00f2noms espanyols treballar\u00a0a Espanya i pagar\u00a0la quota\u00a0a l&#8217;estranger. Podria suposar la p\u00e8rdua de\u00a0les seves cotitzacions a la Seguretat Social i ser investigats. El Col\u00b7legi\u00a0Oficial d&#8217;Agents\u00a0Comercials\u00a0de Barcelona (COACB)\u00a0ha alertat de l&#8217;aparici\u00f3 de...\" \/>\n<meta property=\"og:url\" content=\"https:\/\/www.ariasassessors.com\/ca\/que-riesgos-tiene-darse-de-alta-como-autonomo-en-el-extranjero-para-pagar-menos-cotizaciones\/\" \/>\n<meta property=\"og:site_name\" content=\"Arias Assessors\" \/>\n<meta property=\"article:publisher\" content=\"https:\/\/www.facebook.com\/ariasassessors\/\" \/>\n<meta property=\"article:published_time\" content=\"2023-07-21T11:16:33+00:00\" \/>\n<meta property=\"article:modified_time\" content=\"2023-07-21T11:21:25+00:00\" \/>\n<meta property=\"og:image\" content=\"https:\/\/www.ariasassessors.com\/wp-content\/uploads\/2023\/07\/Arias_Blog_IMAGEN_DESTACADA-45.png\" \/>\n\t<meta property=\"og:image:width\" content=\"1920\" \/>\n\t<meta property=\"og:image:height\" content=\"1202\" \/>\n\t<meta property=\"og:image:type\" content=\"image\/png\" \/>\n<meta name=\"author\" content=\"btorras\" \/>\n<meta name=\"twitter:card\" content=\"summary_large_image\" \/>\n<meta name=\"twitter:creator\" content=\"@ariasassessors\" \/>\n<meta name=\"twitter:site\" content=\"@ariasassessors\" \/>\n<meta name=\"twitter:label1\" content=\"Escrit per\" \/>\n\t<meta name=\"twitter:data1\" content=\"btorras\" \/>\n\t<meta name=\"twitter:label2\" content=\"Temps estimat de lectura\" \/>\n\t<meta name=\"twitter:data2\" content=\"25 minuts\" \/>\n<script type=\"application\/ld+json\" class=\"yoast-schema-graph\">{\"@context\":\"https:\/\/schema.org\",\"@graph\":[{\"@type\":\"Article\",\"@id\":\"https:\/\/www.ariasassessors.com\/ca\/que-riesgos-tiene-darse-de-alta-como-autonomo-en-el-extranjero-para-pagar-menos-cotizaciones\/#article\",\"isPartOf\":{\"@id\":\"https:\/\/www.ariasassessors.com\/ca\/que-riesgos-tiene-darse-de-alta-como-autonomo-en-el-extranjero-para-pagar-menos-cotizaciones\/\"},\"author\":{\"name\":\"btorras\",\"@id\":\"https:\/\/www.ariasassessors.com\/#\/schema\/person\/63c6ad1775f0a9413c37932562673cef\"},\"headline\":\"\u00bfQu\u00e9 riesgos tiene darse de alta como aut\u00f3nomo en el extranjero para pagar menos cotizaciones?\",\"datePublished\":\"2023-07-21T11:16:33+00:00\",\"dateModified\":\"2023-07-21T11:21:25+00:00\",\"mainEntityOfPage\":{\"@id\":\"https:\/\/www.ariasassessors.com\/ca\/que-riesgos-tiene-darse-de-alta-como-autonomo-en-el-extranjero-para-pagar-menos-cotizaciones\/\"},\"wordCount\":5632,\"commentCount\":0,\"publisher\":{\"@id\":\"https:\/\/www.ariasassessors.com\/#organization\"},\"image\":{\"@id\":\"https:\/\/www.ariasassessors.com\/ca\/que-riesgos-tiene-darse-de-alta-como-autonomo-en-el-extranjero-para-pagar-menos-cotizaciones\/#primaryimage\"},\"thumbnailUrl\":\"https:\/\/www.ariasassessors.com\/wp-content\/uploads\/2023\/07\/Arias_Blog_IMAGEN_DESTACADA-45.png\",\"articleSection\":[\"noticies\"],\"inLanguage\":\"ca\",\"potentialAction\":[{\"@type\":\"CommentAction\",\"name\":\"Comment\",\"target\":[\"https:\/\/www.ariasassessors.com\/ca\/que-riesgos-tiene-darse-de-alta-como-autonomo-en-el-extranjero-para-pagar-menos-cotizaciones\/#respond\"]}]},{\"@type\":\"WebPage\",\"@id\":\"https:\/\/www.ariasassessors.com\/ca\/que-riesgos-tiene-darse-de-alta-como-autonomo-en-el-extranjero-para-pagar-menos-cotizaciones\/\",\"url\":\"https:\/\/www.ariasassessors.com\/ca\/que-riesgos-tiene-darse-de-alta-como-autonomo-en-el-extranjero-para-pagar-menos-cotizaciones\/\",\"name\":\"\u00bfQu\u00e9 riesgos tiene darse de alta como aut\u00f3nomo en el extranjero para pagar menos cotizaciones? | Arias Assessors\",\"isPartOf\":{\"@id\":\"https:\/\/www.ariasassessors.com\/#website\"},\"primaryImageOfPage\":{\"@id\":\"https:\/\/www.ariasassessors.com\/ca\/que-riesgos-tiene-darse-de-alta-como-autonomo-en-el-extranjero-para-pagar-menos-cotizaciones\/#primaryimage\"},\"image\":{\"@id\":\"https:\/\/www.ariasassessors.com\/ca\/que-riesgos-tiene-darse-de-alta-como-autonomo-en-el-extranjero-para-pagar-menos-cotizaciones\/#primaryimage\"},\"thumbnailUrl\":\"https:\/\/www.ariasassessors.com\/wp-content\/uploads\/2023\/07\/Arias_Blog_IMAGEN_DESTACADA-45.png\",\"datePublished\":\"2023-07-21T11:16:33+00:00\",\"dateModified\":\"2023-07-21T11:21:25+00:00\",\"breadcrumb\":{\"@id\":\"https:\/\/www.ariasassessors.com\/ca\/que-riesgos-tiene-darse-de-alta-como-autonomo-en-el-extranjero-para-pagar-menos-cotizaciones\/#breadcrumb\"},\"inLanguage\":\"ca\",\"potentialAction\":[{\"@type\":\"ReadAction\",\"target\":[\"https:\/\/www.ariasassessors.com\/ca\/que-riesgos-tiene-darse-de-alta-como-autonomo-en-el-extranjero-para-pagar-menos-cotizaciones\/\"]}]},{\"@type\":\"ImageObject\",\"inLanguage\":\"ca\",\"@id\":\"https:\/\/www.ariasassessors.com\/ca\/que-riesgos-tiene-darse-de-alta-como-autonomo-en-el-extranjero-para-pagar-menos-cotizaciones\/#primaryimage\",\"url\":\"https:\/\/www.ariasassessors.com\/wp-content\/uploads\/2023\/07\/Arias_Blog_IMAGEN_DESTACADA-45.png\",\"contentUrl\":\"https:\/\/www.ariasassessors.com\/wp-content\/uploads\/2023\/07\/Arias_Blog_IMAGEN_DESTACADA-45.png\",\"width\":1920,\"height\":1202},{\"@type\":\"BreadcrumbList\",\"@id\":\"https:\/\/www.ariasassessors.com\/ca\/que-riesgos-tiene-darse-de-alta-como-autonomo-en-el-extranjero-para-pagar-menos-cotizaciones\/#breadcrumb\",\"itemListElement\":[{\"@type\":\"ListItem\",\"position\":1,\"name\":\"Portada\",\"item\":\"https:\/\/www.ariasassessors.com\/ca\/\"},{\"@type\":\"ListItem\",\"position\":2,\"name\":\"\u00bfQu\u00e9 riesgos tiene darse de alta como aut\u00f3nomo en el extranjero para pagar menos cotizaciones?\"}]},{\"@type\":\"WebSite\",\"@id\":\"https:\/\/www.ariasassessors.com\/#website\",\"url\":\"https:\/\/www.ariasassessors.com\/\",\"name\":\"Arias Assessors\",\"description\":\"Asesor\u00eda para aut\u00f3nomos, profesionales y PYMES\",\"publisher\":{\"@id\":\"https:\/\/www.ariasassessors.com\/#organization\"},\"potentialAction\":[{\"@type\":\"SearchAction\",\"target\":{\"@type\":\"EntryPoint\",\"urlTemplate\":\"https:\/\/www.ariasassessors.com\/?s={search_term_string}\"},\"query-input\":{\"@type\":\"PropertyValueSpecification\",\"valueRequired\":true,\"valueName\":\"search_term_string\"}}],\"inLanguage\":\"ca\"},{\"@type\":\"Organization\",\"@id\":\"https:\/\/www.ariasassessors.com\/#organization\",\"name\":\"Arias Assessors\",\"url\":\"https:\/\/www.ariasassessors.com\/\",\"logo\":{\"@type\":\"ImageObject\",\"inLanguage\":\"ca\",\"@id\":\"https:\/\/www.ariasassessors.com\/#\/schema\/logo\/image\/\",\"url\":\"https:\/\/www.ariasassessors.com\/wp-content\/uploads\/2019\/01\/arias-logo.png\",\"contentUrl\":\"https:\/\/www.ariasassessors.com\/wp-content\/uploads\/2019\/01\/arias-logo.png\",\"width\":349,\"height\":254,\"caption\":\"Arias Assessors\"},\"image\":{\"@id\":\"https:\/\/www.ariasassessors.com\/#\/schema\/logo\/image\/\"},\"sameAs\":[\"https:\/\/www.facebook.com\/ariasassessors\/\",\"https:\/\/x.com\/ariasassessors\",\"https:\/\/www.linkedin.com\/company\/r&amp;amp;r-growing-knowledge\/\"]},{\"@type\":\"Person\",\"@id\":\"https:\/\/www.ariasassessors.com\/#\/schema\/person\/63c6ad1775f0a9413c37932562673cef\",\"name\":\"btorras\",\"image\":{\"@type\":\"ImageObject\",\"inLanguage\":\"ca\",\"@id\":\"https:\/\/www.ariasassessors.com\/#\/schema\/person\/image\/\",\"url\":\"https:\/\/secure.gravatar.com\/avatar\/0531db351fc361fdbfd204c58fa2d6a3?s=96&d=mm&r=g\",\"contentUrl\":\"https:\/\/secure.gravatar.com\/avatar\/0531db351fc361fdbfd204c58fa2d6a3?s=96&d=mm&r=g\",\"caption\":\"btorras\"}}]}<\/script>\n<!-- \/ Yoast SEO plugin. -->","yoast_head_json":{"title":"\u00bfQu\u00e9 riesgos tiene darse de alta como aut\u00f3nomo en el extranjero para pagar menos cotizaciones? | Arias Assessors","robots":{"index":"index","follow":"follow","max-snippet":"max-snippet:-1","max-image-preview":"max-image-preview:large","max-video-preview":"max-video-preview:-1"},"canonical":"https:\/\/www.ariasassessors.com\/ca\/que-riesgos-tiene-darse-de-alta-como-autonomo-en-el-extranjero-para-pagar-menos-cotizaciones\/","og_locale":"ca_ES","og_type":"article","og_title":"\u00bfQu\u00e9 riesgos tiene darse de alta como aut\u00f3nomo en el extranjero para pagar menos cotizaciones? | Arias Assessors","og_description":"El Col\u00b7legi\u00a0Oficial d&#8217;Agents\u00a0Comercials\u00a0de Barcelona (COACB)\u00a0ha advertit de l&#8217;aparici\u00f3 de plataformes en l\u00ednia que ofereixen als\u00a0aut\u00f2noms espanyols treballar\u00a0a Espanya i pagar\u00a0la quota\u00a0a l&#8217;estranger. Podria suposar la p\u00e8rdua de\u00a0les seves cotitzacions a la Seguretat Social i ser investigats. El Col\u00b7legi\u00a0Oficial d&#8217;Agents\u00a0Comercials\u00a0de Barcelona (COACB)\u00a0ha alertat de l&#8217;aparici\u00f3 de...","og_url":"https:\/\/www.ariasassessors.com\/ca\/que-riesgos-tiene-darse-de-alta-como-autonomo-en-el-extranjero-para-pagar-menos-cotizaciones\/","og_site_name":"Arias Assessors","article_publisher":"https:\/\/www.facebook.com\/ariasassessors\/","article_published_time":"2023-07-21T11:16:33+00:00","article_modified_time":"2023-07-21T11:21:25+00:00","og_image":[{"width":1920,"height":1202,"url":"https:\/\/www.ariasassessors.com\/wp-content\/uploads\/2023\/07\/Arias_Blog_IMAGEN_DESTACADA-45.png","type":"image\/png"}],"author":"btorras","twitter_card":"summary_large_image","twitter_creator":"@ariasassessors","twitter_site":"@ariasassessors","twitter_misc":{"Escrit per":"btorras","Temps estimat de lectura":"25 minuts"},"schema":{"@context":"https:\/\/schema.org","@graph":[{"@type":"Article","@id":"https:\/\/www.ariasassessors.com\/ca\/que-riesgos-tiene-darse-de-alta-como-autonomo-en-el-extranjero-para-pagar-menos-cotizaciones\/#article","isPartOf":{"@id":"https:\/\/www.ariasassessors.com\/ca\/que-riesgos-tiene-darse-de-alta-como-autonomo-en-el-extranjero-para-pagar-menos-cotizaciones\/"},"author":{"name":"btorras","@id":"https:\/\/www.ariasassessors.com\/#\/schema\/person\/63c6ad1775f0a9413c37932562673cef"},"headline":"\u00bfQu\u00e9 riesgos tiene darse de alta como aut\u00f3nomo en el extranjero para pagar menos cotizaciones?","datePublished":"2023-07-21T11:16:33+00:00","dateModified":"2023-07-21T11:21:25+00:00","mainEntityOfPage":{"@id":"https:\/\/www.ariasassessors.com\/ca\/que-riesgos-tiene-darse-de-alta-como-autonomo-en-el-extranjero-para-pagar-menos-cotizaciones\/"},"wordCount":5632,"commentCount":0,"publisher":{"@id":"https:\/\/www.ariasassessors.com\/#organization"},"image":{"@id":"https:\/\/www.ariasassessors.com\/ca\/que-riesgos-tiene-darse-de-alta-como-autonomo-en-el-extranjero-para-pagar-menos-cotizaciones\/#primaryimage"},"thumbnailUrl":"https:\/\/www.ariasassessors.com\/wp-content\/uploads\/2023\/07\/Arias_Blog_IMAGEN_DESTACADA-45.png","articleSection":["noticies"],"inLanguage":"ca","potentialAction":[{"@type":"CommentAction","name":"Comment","target":["https:\/\/www.ariasassessors.com\/ca\/que-riesgos-tiene-darse-de-alta-como-autonomo-en-el-extranjero-para-pagar-menos-cotizaciones\/#respond"]}]},{"@type":"WebPage","@id":"https:\/\/www.ariasassessors.com\/ca\/que-riesgos-tiene-darse-de-alta-como-autonomo-en-el-extranjero-para-pagar-menos-cotizaciones\/","url":"https:\/\/www.ariasassessors.com\/ca\/que-riesgos-tiene-darse-de-alta-como-autonomo-en-el-extranjero-para-pagar-menos-cotizaciones\/","name":"\u00bfQu\u00e9 riesgos tiene darse de alta como aut\u00f3nomo en el extranjero para pagar menos cotizaciones? | Arias Assessors","isPartOf":{"@id":"https:\/\/www.ariasassessors.com\/#website"},"primaryImageOfPage":{"@id":"https:\/\/www.ariasassessors.com\/ca\/que-riesgos-tiene-darse-de-alta-como-autonomo-en-el-extranjero-para-pagar-menos-cotizaciones\/#primaryimage"},"image":{"@id":"https:\/\/www.ariasassessors.com\/ca\/que-riesgos-tiene-darse-de-alta-como-autonomo-en-el-extranjero-para-pagar-menos-cotizaciones\/#primaryimage"},"thumbnailUrl":"https:\/\/www.ariasassessors.com\/wp-content\/uploads\/2023\/07\/Arias_Blog_IMAGEN_DESTACADA-45.png","datePublished":"2023-07-21T11:16:33+00:00","dateModified":"2023-07-21T11:21:25+00:00","breadcrumb":{"@id":"https:\/\/www.ariasassessors.com\/ca\/que-riesgos-tiene-darse-de-alta-como-autonomo-en-el-extranjero-para-pagar-menos-cotizaciones\/#breadcrumb"},"inLanguage":"ca","potentialAction":[{"@type":"ReadAction","target":["https:\/\/www.ariasassessors.com\/ca\/que-riesgos-tiene-darse-de-alta-como-autonomo-en-el-extranjero-para-pagar-menos-cotizaciones\/"]}]},{"@type":"ImageObject","inLanguage":"ca","@id":"https:\/\/www.ariasassessors.com\/ca\/que-riesgos-tiene-darse-de-alta-como-autonomo-en-el-extranjero-para-pagar-menos-cotizaciones\/#primaryimage","url":"https:\/\/www.ariasassessors.com\/wp-content\/uploads\/2023\/07\/Arias_Blog_IMAGEN_DESTACADA-45.png","contentUrl":"https:\/\/www.ariasassessors.com\/wp-content\/uploads\/2023\/07\/Arias_Blog_IMAGEN_DESTACADA-45.png","width":1920,"height":1202},{"@type":"BreadcrumbList","@id":"https:\/\/www.ariasassessors.com\/ca\/que-riesgos-tiene-darse-de-alta-como-autonomo-en-el-extranjero-para-pagar-menos-cotizaciones\/#breadcrumb","itemListElement":[{"@type":"ListItem","position":1,"name":"Portada","item":"https:\/\/www.ariasassessors.com\/ca\/"},{"@type":"ListItem","position":2,"name":"\u00bfQu\u00e9 riesgos tiene darse de alta como aut\u00f3nomo en el extranjero para pagar menos cotizaciones?"}]},{"@type":"WebSite","@id":"https:\/\/www.ariasassessors.com\/#website","url":"https:\/\/www.ariasassessors.com\/","name":"Arias Assessors","description":"Asesor\u00eda para aut\u00f3nomos, profesionales y PYMES","publisher":{"@id":"https:\/\/www.ariasassessors.com\/#organization"},"potentialAction":[{"@type":"SearchAction","target":{"@type":"EntryPoint","urlTemplate":"https:\/\/www.ariasassessors.com\/?s={search_term_string}"},"query-input":{"@type":"PropertyValueSpecification","valueRequired":true,"valueName":"search_term_string"}}],"inLanguage":"ca"},{"@type":"Organization","@id":"https:\/\/www.ariasassessors.com\/#organization","name":"Arias Assessors","url":"https:\/\/www.ariasassessors.com\/","logo":{"@type":"ImageObject","inLanguage":"ca","@id":"https:\/\/www.ariasassessors.com\/#\/schema\/logo\/image\/","url":"https:\/\/www.ariasassessors.com\/wp-content\/uploads\/2019\/01\/arias-logo.png","contentUrl":"https:\/\/www.ariasassessors.com\/wp-content\/uploads\/2019\/01\/arias-logo.png","width":349,"height":254,"caption":"Arias Assessors"},"image":{"@id":"https:\/\/www.ariasassessors.com\/#\/schema\/logo\/image\/"},"sameAs":["https:\/\/www.facebook.com\/ariasassessors\/","https:\/\/x.com\/ariasassessors","https:\/\/www.linkedin.com\/company\/r&amp;amp;r-growing-knowledge\/"]},{"@type":"Person","@id":"https:\/\/www.ariasassessors.com\/#\/schema\/person\/63c6ad1775f0a9413c37932562673cef","name":"btorras","image":{"@type":"ImageObject","inLanguage":"ca","@id":"https:\/\/www.ariasassessors.com\/#\/schema\/person\/image\/","url":"https:\/\/secure.gravatar.com\/avatar\/0531db351fc361fdbfd204c58fa2d6a3?s=96&d=mm&r=g","contentUrl":"https:\/\/secure.gravatar.com\/avatar\/0531db351fc361fdbfd204c58fa2d6a3?s=96&d=mm&r=g","caption":"btorras"}}]}},"_links":{"self":[{"href":"https:\/\/www.ariasassessors.com\/ca\/wp-json\/wp\/v2\/posts\/2739","targetHints":{"allow":["GET"]}}],"collection":[{"href":"https:\/\/www.ariasassessors.com\/ca\/wp-json\/wp\/v2\/posts"}],"about":[{"href":"https:\/\/www.ariasassessors.com\/ca\/wp-json\/wp\/v2\/types\/post"}],"author":[{"embeddable":true,"href":"https:\/\/www.ariasassessors.com\/ca\/wp-json\/wp\/v2\/users\/2"}],"replies":[{"embeddable":true,"href":"https:\/\/www.ariasassessors.com\/ca\/wp-json\/wp\/v2\/comments?post=2739"}],"version-history":[{"count":5,"href":"https:\/\/www.ariasassessors.com\/ca\/wp-json\/wp\/v2\/posts\/2739\/revisions"}],"predecessor-version":[{"id":2747,"href":"https:\/\/www.ariasassessors.com\/ca\/wp-json\/wp\/v2\/posts\/2739\/revisions\/2747"}],"wp:featuredmedia":[{"embeddable":true,"href":"https:\/\/www.ariasassessors.com\/ca\/wp-json\/wp\/v2\/media\/2785"}],"wp:attachment":[{"href":"https:\/\/www.ariasassessors.com\/ca\/wp-json\/wp\/v2\/media?parent=2739"}],"wp:term":[{"taxonomy":"category","embeddable":true,"href":"https:\/\/www.ariasassessors.com\/ca\/wp-json\/wp\/v2\/categories?post=2739"},{"taxonomy":"post_tag","embeddable":true,"href":"https:\/\/www.ariasassessors.com\/ca\/wp-json\/wp\/v2\/tags?post=2739"}],"curies":[{"name":"wp","href":"https:\/\/api.w.org\/{rel}","templated":true}]}}