{"id":2755,"date":"2023-07-22T12:00:18","date_gmt":"2023-07-22T10:00:18","guid":{"rendered":"https:\/\/www.ariasassessors.com\/?p=2755"},"modified":"2023-07-21T13:37:49","modified_gmt":"2023-07-21T11:37:49","slug":"dietes-de-transport-privilegi-irpf","status":"publish","type":"post","link":"https:\/\/www.ariasassessors.com\/ca\/dietes-de-transport-privilegi-irpf\/","title":{"rendered":"Els empleats dels negocis que cobrin dietes de transport ara tindran major exempci\u00f3 en l&#8217;IRPF"},"content":{"rendered":"<p>El l\u00edmit exempt de tributar en l&#8217;IRPF per despeses de locomoci\u00f3 que paguen aut\u00f2noms i empreses als seus empleats ha pujat fins als\u00a026 c\u00e8ntims per quil\u00f2metre. Aquesta desgravaci\u00f3 portava 18 anys congelada.<\/p>\n<p>L&#8217;import exempt de tributar en l&#8217;IRPF de les\u00a0<strong>despeses de despla\u00e7ament que els aut\u00f2noms i negocis paguen als seus assalariats\u00a0s&#8217;ha incrementat des dels 19 fins als 26 c\u00e8ntims per quil\u00f2metre<\/strong>. Aix\u00ed s&#8217;ha publicat en el Butllet\u00ed Oficial de l&#8217;Estat (BOE), despr\u00e9s de 18 anys sense modificar-se.<\/p>\n<p>L&#8217;increment de les despeses de locomoci\u00f3 exempts de cotitzar en l&#8217;IRPF\u00a0<strong>ha estat una de les reclamacions que<\/strong>\u00a0<a href=\"https:\/\/www.autonomosyemprendedor.es\/articulo\/tus-finanzas\/economistas-reclaman-revision-dietas-gastos-transporte-empleados-exentas-irpf\/20230608162936030857.html\" target=\"_blank\" rel=\"noopener\">els economistes porten fent diversos mesos<\/a>, en un context d&#8217;inflaci\u00f3 on el combustible ha estat un dels productes que m\u00e9s s&#8217;ha incrementat, malgrat ser indispensable per al desenvolupament de l&#8217;activitat de milers d&#8217;aut\u00f2noms i negocis.<\/p>\n<p>Segons van valorar a aquest diari des del Consell General d&#8217;Economistes (CGE), l&#8217;increment dels imports exempts d&#8217;IRPF relatius a les despeses de locomoci\u00f3 que paguen aut\u00f2noms i empreses als seus empleats \u00e9s una not\u00edcia \u201cpositiva\u201d, per\u00f2 que encara\u00a0<strong>es troba lluny dels costos reals que suposa l&#8217;\u00fas del vehicle<\/strong>\u00a0per als assalariats. Malgrat aix\u00f2, els economistes\u00a0van <strong>recomanar als aut\u00f2noms i negocis que no ho hagin fet ja comen\u00e7ar a abonar, \u201ccom a m\u00ednim\u201d, els 26 c\u00e8ntims per quil\u00f2metre<\/strong>\u00a0que indica la nova normativa.<\/p>\n<p>A m\u00e9s, la nova ordre publicada en el BOE no fa refer\u00e8ncia a<strong>\u00a0les dietes alimentoses que els aut\u00f2noms i negocis paguen als seus assalariats en alguns casos.\u00a0L&#8217;import exempt per aquest concepte porta cinc anys fixat en els 11 euros diaris.<\/strong> No obstant aix\u00f2, els economistes van avisar que aquesta quantitat no es correspon amb el preu d&#8217;un men\u00fa del dia en moltes parts d&#8217;Espanya, per la qual cosa els assalariats hauran de tributar com a retribuci\u00f3 en esp\u00e8cie per les quantitats restants.<\/p>\n<div id=\"ez-toc-container\" class=\"ez-toc-v2_0_72 counter-hierarchy ez-toc-counter ez-toc-grey ez-toc-container-direction\">\n<div class=\"ez-toc-title-container\">\n<p class=\"ez-toc-title\" style=\"cursor:inherit\">\u00cdndice de Contenidos<\/p>\n<span class=\"ez-toc-title-toggle\"><a href=\"#\" class=\"ez-toc-pull-right ez-toc-btn ez-toc-btn-xs ez-toc-btn-default ez-toc-toggle\" aria-label=\"Toggle Table of Content\"><span class=\"ez-toc-js-icon-con\"><span class=\"\"><span class=\"eztoc-hide\" style=\"display:none;\">Toggle<\/span><span class=\"ez-toc-icon-toggle-span\"><svg style=\"fill: #428bca;color:#428bca\" xmlns=\"http:\/\/www.w3.org\/2000\/svg\" class=\"list-377408\" width=\"20px\" height=\"20px\" viewBox=\"0 0 24 24\" fill=\"none\"><path d=\"M6 6H4v2h2V6zm14 0H8v2h12V6zM4 11h2v2H4v-2zm16 0H8v2h12v-2zM4 16h2v2H4v-2zm16 0H8v2h12v-2z\" fill=\"currentColor\"><\/path><\/svg><svg style=\"fill: #428bca;color:#428bca\" class=\"arrow-unsorted-368013\" xmlns=\"http:\/\/www.w3.org\/2000\/svg\" width=\"10px\" height=\"10px\" viewBox=\"0 0 24 24\" version=\"1.2\" baseProfile=\"tiny\"><path d=\"M18.2 9.3l-6.2-6.3-6.2 6.3c-.2.2-.3.4-.3.7s.1.5.3.7c.2.2.4.3.7.3h11c.3 0 .5-.1.7-.3.2-.2.3-.5.3-.7s-.1-.5-.3-.7zM5.8 14.7l6.2 6.3 6.2-6.3c.2-.2.3-.5.3-.7s-.1-.5-.3-.7c-.2-.2-.4-.3-.7-.3h-11c-.3 0-.5.1-.7.3-.2.2-.3.5-.3.7s.1.5.3.7z\"\/><\/svg><\/span><\/span><\/span><\/a><\/span><\/div>\n<nav><ul class='ez-toc-list ez-toc-list-level-1 eztoc-toggle-hide-by-default' ><li class='ez-toc-page-1 ez-toc-heading-level-2'><a class=\"ez-toc-link ez-toc-heading-1\" href=\"https:\/\/www.ariasassessors.com\/ca\/dietes-de-transport-privilegi-irpf\/#Els_economistes_recomanen_als_negocis_pagar_un_minim_26_centims_per_quilometre\" title=\"Els economistes recomanen als negocis pagar un m\u00ednim 26 c\u00e8ntims per quil\u00f2metre\">Els economistes recomanen als negocis pagar un m\u00ednim 26 c\u00e8ntims per quil\u00f2metre<\/a><\/li><li class='ez-toc-page-1 ez-toc-heading-level-2'><a class=\"ez-toc-link ez-toc-heading-2\" href=\"https:\/\/www.ariasassessors.com\/ca\/dietes-de-transport-privilegi-irpf\/#Els_economistes_demanen_que_tambe_sactualitzi_limport_de_les_dietes_alimentoses_exemptes_de_tributar\" title=\"Els economistes demanen que tamb\u00e9 s&#8217;actualitzi l&#8217;import de les dietes alimentoses exemptes\u00a0de tributar\">Els economistes demanen que tamb\u00e9 s&#8217;actualitzi l&#8217;import de les dietes alimentoses exemptes\u00a0de tributar<\/a><\/li><\/ul><\/nav><\/div>\n<h2><span class=\"ez-toc-section\" id=\"Els_economistes_recomanen_als_negocis_pagar_un_minim_26_centims_per_quilometre\"><\/span>Els economistes recomanen als negocis pagar un m\u00ednim 26 c\u00e8ntims per quil\u00f2metre<span class=\"ez-toc-section-end\"><\/span><\/h2>\n<p>Despr\u00e9s de l&#8217;increment de la despesa de locomoci\u00f3 exempt de tributar en l&#8217;Impost sobre la Renda de les Persones F\u00edsiques (IRPF), els economistes\u00a0van <strong>recomanar als negocis i aut\u00f2noms el pagament de, com a m\u00ednim, aquesta quantitat als treballadors per compte d&#8217;altri<\/strong>\u00a0que hagin de despla\u00e7ar-se en l&#8217;exercici de les seves funcions.<\/p>\n<p>\u201cLes empreses haurien d&#8217;adequar-se a aquests 26 c\u00e8ntims per a pagar, com a m\u00ednim, aquesta quantia als treballadors que hagin de despla\u00e7ar-se durant les seves jornades laborals.\u00a0<strong>S&#8217;hauran d&#8217;actualitzar en els convenis, i no haurien de quedar-se per sota<\/strong>\u201d, va explicar a aquest diari Rub\u00e9n Gimeno, director del servei d&#8217;Estudis del Registre d&#8217;Economistes Assessors Fiscals (REAF)\u00a0del\u00a0CGE.<\/p>\n<p>Aix\u00ed mateix, aquesta quantitat -0,26 euros per quil\u00f2metre-\u00a0<strong>podria ser presa com a refer\u00e8ncia per als aut\u00f2noms que repercuteixin les despeses de locomoci\u00f3 en les factures que emeten als seus clients<\/strong>. No obstant aix\u00f2, tal com va recordar a aquest diari Rub\u00e9n Gimeno, els costos reals derivats del combustible i el desgast dels vehicles superen amb escreix aquestes quantitats exemptes.<\/p>\n<p>En concret,\u00a0<strong>el cost real per quil\u00f2metre, segons les estimacions del\u00a0REAF, rondaria els 47 c\u00e8ntims<\/strong>. Per tant, en cas que els negocis paguin als seus assalariats aquesta quantitat, haurien de declarar com a retribuci\u00f3 en esp\u00e8cie 21 c\u00e8ntims per cada quil\u00f2metre que realitzin en l&#8217;exercici del seu treball. O, cosa que \u00e9s el mateix,<strong>\u00a0210 euros per cada 1.000 quil\u00f2metres o 1.050 euros si fes 5.000 quil\u00f2metres anuals<\/strong>\u00a0despla\u00e7ant-se durant la seva jornada laboral.<\/p>\n<p>Davant aquesta situaci\u00f3, l&#8217;economista del REAF va qualificar la pujada com a \u201cpositiva, ja que portava congelat des de 2005. No obstant aix\u00f2, es queda bastant curt si es t\u00e9 en compte el cost real del despla\u00e7ament. La pujada als 26 c\u00e8ntims nom\u00e9s cobreix la inflaci\u00f3 acumulada des de llavors. En realitat, les despeses de desgast dels vehicles segueixen sense tenir-se en compte\u201d, va valorar a aquest mitj\u00e0.<\/p>\n<div class=\"textarea-desti col-xs-12 col-sm-6\">\n<h2 class=\"form-control second-textarea\"><span class=\"ez-toc-section\" id=\"Els_economistes_demanen_que_tambe_sactualitzi_limport_de_les_dietes_alimentoses_exemptes_de_tributar\"><\/span>Els economistes demanen que tamb\u00e9 s&#8217;actualitzi l&#8217;import de les dietes alimentoses exemptes\u00a0de tributar<span class=\"ez-toc-section-end\"><\/span><\/h2>\n<\/div>\n<p>En paral\u00b7lel, una altra de les reclamacions que els economistes porten mesos explicant ha de veure amb l&#8217;import exempt de tributar en l&#8217;IRPF corresponent a les dietes alimentoses dels assalariats. Segons van recordar, segueix fixat en 11 euros al dia, una xifra que en molts casos \u00e9s inferior al preu que paguen per un men\u00fa del dia.<\/p>\n<p>\u201cEstan exemptes els lliuraments a empleats de productes a preus rebaixats que es realitzin en menjadors d&#8217;empresa, incloses les f\u00f3rmules indirectes de prestaci\u00f3 d&#8217;aquest servei admeses per la legislaci\u00f3 laboral \u2013per exemple, els vals de menjar- la quantia del qual no superi els 11 euros diaris.\u00a0<strong>Si aquesta quantitat fos superior, existir\u00e0 retribuci\u00f3 en esp\u00e8cie per l&#8217;exc\u00e9s<\/strong>\u201d, van explicar des del Consell General d&#8217;Economistes.<\/p>\n<p>Establint el preu mitj\u00e0 calculat pel\u00a0REAF\u00a0\u201313 euros-, el desajustament amb l&#8217;import exempt de tributar en l&#8217;IRPF ascendiria a dos euros diaris. Multiplicant aquesta quantitat per 20 dies de treball mensuals,\u00a0<strong>els assalariats estarien declarant com a retribuci\u00f3 en esp\u00e8cie un m\u00ednim de 480 euros addicionals cada any<\/strong>.<\/p>\n<p>\u201cIgual que ens han acabat fent cas amb les despeses de locomoci\u00f3, continuem reclamant que s&#8217;incrementi la quantitat exempta en les dietes. Si no s&#8217;actualitza, des del\u00a0CGE\u00a0continuarem insistint en la necessitat que aix\u00ed es faci\u201d, va valorar a aquest diari Rub\u00e9n Gimeno.<\/p>\n<p>En aquest punt, cal recordar que, en el cas dels aut\u00f2noms,\u00a0<strong>els imports m\u00e0xims dedu\u00efbles en concepte de dietes di\u00e0ries per manutenci\u00f3 dins de les seves declaracions d&#8217;IRPF ascendeixen a 26,67 euros diaris<\/strong>. En aquest import es poden incloure els desdejunis, el menjar\u00a0o el\u00a0sopar\u00a0que realitzin durant el dia sempre que es justifiquin correctament, ja que en molts casos es veuen obligats a realitzar-les fora de casa a causa de la seva activitat.<\/p>\n<p>Si vols consultar m\u00e9s not\u00edcies: <a href=\"https:\/\/www.ariasassessors.com\/ca\/actualitat\/\" target=\"_blank\" rel=\"noopener\">www.ariasassessors.com\/actualidad\/<\/a><\/p>\n<div class=\"textarea-origen col-xs-12 col-sm-6\">\n<div>\n<div>\n<div><\/div>\n<\/div>\n<\/div>\n<\/div>\n<div class=\"textarea-desti col-xs-12 col-sm-6\">\n<div class=\"form-control second-textarea\">Not\u00edcia extreta de:<a href=\"https:\/\/www.autonomosyemprendedor.es\/articulo\/tus-finanzas\/empleados-negocios-que-cobren-dietas-transporte-ahora-tendran-mayor-exencion-irpf\/20230717152946031372.html\" target=\"_blank\" rel=\"noopener\"> www.autonomosyemprendedor.es\/articulo\/tus-finanzas\/<\/a><\/div>\n<\/div>\n<p>&nbsp;<\/p>\n","protected":false},"excerpt":{"rendered":"<p>El l\u00edmit exempt de tributar en l&#8217;IRPF per despeses de locomoci\u00f3 que paguen aut\u00f2noms i empreses als seus empleats ha pujat fins als\u00a026 c\u00e8ntims per quil\u00f2metre. Aquesta desgravaci\u00f3 portava 18 anys congelada. L&#8217;import exempt de tributar en l&#8217;IRPF de les\u00a0despeses de despla\u00e7ament que els aut\u00f2noms&#8230;<\/p>\n","protected":false},"author":2,"featured_media":2743,"comment_status":"open","ping_status":"open","sticky":false,"template":"","format":"standard","meta":{"footnotes":""},"categories":[4],"tags":[],"class_list":["post-2755","post","type-post","status-publish","format-standard","has-post-thumbnail","hentry","category-noticies"],"yoast_head":"<!-- This site is optimized with the Yoast SEO plugin v24.3 - https:\/\/yoast.com\/wordpress\/plugins\/seo\/ -->\n<title>Les dietes de transport ara tindran privilegi en IRPF | Arias Assessors<\/title>\n<meta name=\"description\" content=\"Els empleats dels negocis que cobrin dietes de transport ara tindran major exempci\u00f3 en l&#039;IRPF. Arias Assessors\" \/>\n<meta name=\"robots\" content=\"index, follow, max-snippet:-1, max-image-preview:large, max-video-preview:-1\" \/>\n<link rel=\"canonical\" href=\"https:\/\/www.ariasassessors.com\/ca\/dietes-de-transport-privilegi-irpf\/\" \/>\n<meta property=\"og:locale\" content=\"ca_ES\" \/>\n<meta property=\"og:type\" content=\"article\" \/>\n<meta property=\"og:title\" content=\"Les dietes de transport ara tindran privilegi en IRPF | Arias Assessors\" \/>\n<meta property=\"og:description\" content=\"Els empleats dels negocis que cobrin dietes de transport ara tindran major exempci\u00f3 en l&#039;IRPF. Arias Assessors\" \/>\n<meta property=\"og:url\" content=\"https:\/\/www.ariasassessors.com\/ca\/dietes-de-transport-privilegi-irpf\/\" \/>\n<meta property=\"og:site_name\" content=\"Arias Assessors\" \/>\n<meta property=\"article:publisher\" content=\"https:\/\/www.facebook.com\/ariasassessors\/\" \/>\n<meta property=\"article:published_time\" content=\"2023-07-22T10:00:18+00:00\" \/>\n<meta property=\"article:modified_time\" content=\"2023-07-21T11:37:49+00:00\" \/>\n<meta property=\"og:image\" content=\"https:\/\/www.ariasassessors.com\/wp-content\/uploads\/2023\/07\/Arias_Blog_IMAGEN_DESTACADA-41.png\" \/>\n\t<meta property=\"og:image:width\" content=\"1920\" \/>\n\t<meta property=\"og:image:height\" content=\"1202\" \/>\n\t<meta property=\"og:image:type\" content=\"image\/png\" \/>\n<meta name=\"author\" content=\"btorras\" \/>\n<meta name=\"twitter:card\" content=\"summary_large_image\" \/>\n<meta name=\"twitter:creator\" content=\"@ariasassessors\" \/>\n<meta name=\"twitter:site\" content=\"@ariasassessors\" \/>\n<meta name=\"twitter:label1\" content=\"Escrit per\" \/>\n\t<meta name=\"twitter:data1\" content=\"btorras\" \/>\n\t<meta name=\"twitter:label2\" content=\"Temps estimat de lectura\" \/>\n\t<meta name=\"twitter:data2\" content=\"5 minuts\" \/>\n<script type=\"application\/ld+json\" class=\"yoast-schema-graph\">{\"@context\":\"https:\/\/schema.org\",\"@graph\":[{\"@type\":\"Article\",\"@id\":\"https:\/\/www.ariasassessors.com\/ca\/dietes-de-transport-privilegi-irpf\/#article\",\"isPartOf\":{\"@id\":\"https:\/\/www.ariasassessors.com\/ca\/dietes-de-transport-privilegi-irpf\/\"},\"author\":{\"name\":\"btorras\",\"@id\":\"https:\/\/www.ariasassessors.com\/#\/schema\/person\/63c6ad1775f0a9413c37932562673cef\"},\"headline\":\"Els empleats dels negocis que cobrin dietes de transport ara tindran major exempci\u00f3 en l&#8217;IRPF\",\"datePublished\":\"2023-07-22T10:00:18+00:00\",\"dateModified\":\"2023-07-21T11:37:49+00:00\",\"mainEntityOfPage\":{\"@id\":\"https:\/\/www.ariasassessors.com\/ca\/dietes-de-transport-privilegi-irpf\/\"},\"wordCount\":1003,\"commentCount\":0,\"publisher\":{\"@id\":\"https:\/\/www.ariasassessors.com\/#organization\"},\"image\":{\"@id\":\"https:\/\/www.ariasassessors.com\/ca\/dietes-de-transport-privilegi-irpf\/#primaryimage\"},\"thumbnailUrl\":\"https:\/\/www.ariasassessors.com\/wp-content\/uploads\/2023\/07\/Arias_Blog_IMAGEN_DESTACADA-41.png\",\"articleSection\":[\"noticies\"],\"inLanguage\":\"ca\",\"potentialAction\":[{\"@type\":\"CommentAction\",\"name\":\"Comment\",\"target\":[\"https:\/\/www.ariasassessors.com\/ca\/dietes-de-transport-privilegi-irpf\/#respond\"]}]},{\"@type\":\"WebPage\",\"@id\":\"https:\/\/www.ariasassessors.com\/ca\/dietes-de-transport-privilegi-irpf\/\",\"url\":\"https:\/\/www.ariasassessors.com\/ca\/dietes-de-transport-privilegi-irpf\/\",\"name\":\"Les dietes de transport ara tindran privilegi en IRPF | Arias Assessors\",\"isPartOf\":{\"@id\":\"https:\/\/www.ariasassessors.com\/#website\"},\"primaryImageOfPage\":{\"@id\":\"https:\/\/www.ariasassessors.com\/ca\/dietes-de-transport-privilegi-irpf\/#primaryimage\"},\"image\":{\"@id\":\"https:\/\/www.ariasassessors.com\/ca\/dietes-de-transport-privilegi-irpf\/#primaryimage\"},\"thumbnailUrl\":\"https:\/\/www.ariasassessors.com\/wp-content\/uploads\/2023\/07\/Arias_Blog_IMAGEN_DESTACADA-41.png\",\"datePublished\":\"2023-07-22T10:00:18+00:00\",\"dateModified\":\"2023-07-21T11:37:49+00:00\",\"description\":\"Els empleats dels negocis que cobrin dietes de transport ara tindran major exempci\u00f3 en l'IRPF. Arias Assessors\",\"breadcrumb\":{\"@id\":\"https:\/\/www.ariasassessors.com\/ca\/dietes-de-transport-privilegi-irpf\/#breadcrumb\"},\"inLanguage\":\"ca\",\"potentialAction\":[{\"@type\":\"ReadAction\",\"target\":[\"https:\/\/www.ariasassessors.com\/ca\/dietes-de-transport-privilegi-irpf\/\"]}]},{\"@type\":\"ImageObject\",\"inLanguage\":\"ca\",\"@id\":\"https:\/\/www.ariasassessors.com\/ca\/dietes-de-transport-privilegi-irpf\/#primaryimage\",\"url\":\"https:\/\/www.ariasassessors.com\/wp-content\/uploads\/2023\/07\/Arias_Blog_IMAGEN_DESTACADA-41.png\",\"contentUrl\":\"https:\/\/www.ariasassessors.com\/wp-content\/uploads\/2023\/07\/Arias_Blog_IMAGEN_DESTACADA-41.png\",\"width\":1920,\"height\":1202},{\"@type\":\"BreadcrumbList\",\"@id\":\"https:\/\/www.ariasassessors.com\/ca\/dietes-de-transport-privilegi-irpf\/#breadcrumb\",\"itemListElement\":[{\"@type\":\"ListItem\",\"position\":1,\"name\":\"Portada\",\"item\":\"https:\/\/www.ariasassessors.com\/ca\/\"},{\"@type\":\"ListItem\",\"position\":2,\"name\":\"Els empleats dels negocis que cobrin dietes de transport ara tindran major exempci\u00f3 en l&#8217;IRPF\"}]},{\"@type\":\"WebSite\",\"@id\":\"https:\/\/www.ariasassessors.com\/#website\",\"url\":\"https:\/\/www.ariasassessors.com\/\",\"name\":\"Arias Assessors\",\"description\":\"Asesor\u00eda para aut\u00f3nomos, profesionales y PYMES\",\"publisher\":{\"@id\":\"https:\/\/www.ariasassessors.com\/#organization\"},\"potentialAction\":[{\"@type\":\"SearchAction\",\"target\":{\"@type\":\"EntryPoint\",\"urlTemplate\":\"https:\/\/www.ariasassessors.com\/?s={search_term_string}\"},\"query-input\":{\"@type\":\"PropertyValueSpecification\",\"valueRequired\":true,\"valueName\":\"search_term_string\"}}],\"inLanguage\":\"ca\"},{\"@type\":\"Organization\",\"@id\":\"https:\/\/www.ariasassessors.com\/#organization\",\"name\":\"Arias Assessors\",\"url\":\"https:\/\/www.ariasassessors.com\/\",\"logo\":{\"@type\":\"ImageObject\",\"inLanguage\":\"ca\",\"@id\":\"https:\/\/www.ariasassessors.com\/#\/schema\/logo\/image\/\",\"url\":\"https:\/\/www.ariasassessors.com\/wp-content\/uploads\/2019\/01\/arias-logo.png\",\"contentUrl\":\"https:\/\/www.ariasassessors.com\/wp-content\/uploads\/2019\/01\/arias-logo.png\",\"width\":349,\"height\":254,\"caption\":\"Arias Assessors\"},\"image\":{\"@id\":\"https:\/\/www.ariasassessors.com\/#\/schema\/logo\/image\/\"},\"sameAs\":[\"https:\/\/www.facebook.com\/ariasassessors\/\",\"https:\/\/x.com\/ariasassessors\",\"https:\/\/www.linkedin.com\/company\/r&amp;amp;r-growing-knowledge\/\"]},{\"@type\":\"Person\",\"@id\":\"https:\/\/www.ariasassessors.com\/#\/schema\/person\/63c6ad1775f0a9413c37932562673cef\",\"name\":\"btorras\",\"image\":{\"@type\":\"ImageObject\",\"inLanguage\":\"ca\",\"@id\":\"https:\/\/www.ariasassessors.com\/#\/schema\/person\/image\/\",\"url\":\"https:\/\/secure.gravatar.com\/avatar\/0531db351fc361fdbfd204c58fa2d6a3?s=96&d=mm&r=g\",\"contentUrl\":\"https:\/\/secure.gravatar.com\/avatar\/0531db351fc361fdbfd204c58fa2d6a3?s=96&d=mm&r=g\",\"caption\":\"btorras\"}}]}<\/script>\n<!-- \/ Yoast SEO plugin. -->","yoast_head_json":{"title":"Les dietes de transport ara tindran privilegi en IRPF | Arias Assessors","description":"Els empleats dels negocis que cobrin dietes de transport ara tindran major exempci\u00f3 en l'IRPF. Arias Assessors","robots":{"index":"index","follow":"follow","max-snippet":"max-snippet:-1","max-image-preview":"max-image-preview:large","max-video-preview":"max-video-preview:-1"},"canonical":"https:\/\/www.ariasassessors.com\/ca\/dietes-de-transport-privilegi-irpf\/","og_locale":"ca_ES","og_type":"article","og_title":"Les dietes de transport ara tindran privilegi en IRPF | Arias Assessors","og_description":"Els empleats dels negocis que cobrin dietes de transport ara tindran major exempci\u00f3 en l'IRPF. Arias Assessors","og_url":"https:\/\/www.ariasassessors.com\/ca\/dietes-de-transport-privilegi-irpf\/","og_site_name":"Arias Assessors","article_publisher":"https:\/\/www.facebook.com\/ariasassessors\/","article_published_time":"2023-07-22T10:00:18+00:00","article_modified_time":"2023-07-21T11:37:49+00:00","og_image":[{"width":1920,"height":1202,"url":"https:\/\/www.ariasassessors.com\/wp-content\/uploads\/2023\/07\/Arias_Blog_IMAGEN_DESTACADA-41.png","type":"image\/png"}],"author":"btorras","twitter_card":"summary_large_image","twitter_creator":"@ariasassessors","twitter_site":"@ariasassessors","twitter_misc":{"Escrit per":"btorras","Temps estimat de lectura":"5 minuts"},"schema":{"@context":"https:\/\/schema.org","@graph":[{"@type":"Article","@id":"https:\/\/www.ariasassessors.com\/ca\/dietes-de-transport-privilegi-irpf\/#article","isPartOf":{"@id":"https:\/\/www.ariasassessors.com\/ca\/dietes-de-transport-privilegi-irpf\/"},"author":{"name":"btorras","@id":"https:\/\/www.ariasassessors.com\/#\/schema\/person\/63c6ad1775f0a9413c37932562673cef"},"headline":"Els empleats dels negocis que cobrin dietes de transport ara tindran major exempci\u00f3 en l&#8217;IRPF","datePublished":"2023-07-22T10:00:18+00:00","dateModified":"2023-07-21T11:37:49+00:00","mainEntityOfPage":{"@id":"https:\/\/www.ariasassessors.com\/ca\/dietes-de-transport-privilegi-irpf\/"},"wordCount":1003,"commentCount":0,"publisher":{"@id":"https:\/\/www.ariasassessors.com\/#organization"},"image":{"@id":"https:\/\/www.ariasassessors.com\/ca\/dietes-de-transport-privilegi-irpf\/#primaryimage"},"thumbnailUrl":"https:\/\/www.ariasassessors.com\/wp-content\/uploads\/2023\/07\/Arias_Blog_IMAGEN_DESTACADA-41.png","articleSection":["noticies"],"inLanguage":"ca","potentialAction":[{"@type":"CommentAction","name":"Comment","target":["https:\/\/www.ariasassessors.com\/ca\/dietes-de-transport-privilegi-irpf\/#respond"]}]},{"@type":"WebPage","@id":"https:\/\/www.ariasassessors.com\/ca\/dietes-de-transport-privilegi-irpf\/","url":"https:\/\/www.ariasassessors.com\/ca\/dietes-de-transport-privilegi-irpf\/","name":"Les dietes de transport ara tindran privilegi en IRPF | Arias Assessors","isPartOf":{"@id":"https:\/\/www.ariasassessors.com\/#website"},"primaryImageOfPage":{"@id":"https:\/\/www.ariasassessors.com\/ca\/dietes-de-transport-privilegi-irpf\/#primaryimage"},"image":{"@id":"https:\/\/www.ariasassessors.com\/ca\/dietes-de-transport-privilegi-irpf\/#primaryimage"},"thumbnailUrl":"https:\/\/www.ariasassessors.com\/wp-content\/uploads\/2023\/07\/Arias_Blog_IMAGEN_DESTACADA-41.png","datePublished":"2023-07-22T10:00:18+00:00","dateModified":"2023-07-21T11:37:49+00:00","description":"Els empleats dels negocis que cobrin dietes de transport ara tindran major exempci\u00f3 en l'IRPF. Arias Assessors","breadcrumb":{"@id":"https:\/\/www.ariasassessors.com\/ca\/dietes-de-transport-privilegi-irpf\/#breadcrumb"},"inLanguage":"ca","potentialAction":[{"@type":"ReadAction","target":["https:\/\/www.ariasassessors.com\/ca\/dietes-de-transport-privilegi-irpf\/"]}]},{"@type":"ImageObject","inLanguage":"ca","@id":"https:\/\/www.ariasassessors.com\/ca\/dietes-de-transport-privilegi-irpf\/#primaryimage","url":"https:\/\/www.ariasassessors.com\/wp-content\/uploads\/2023\/07\/Arias_Blog_IMAGEN_DESTACADA-41.png","contentUrl":"https:\/\/www.ariasassessors.com\/wp-content\/uploads\/2023\/07\/Arias_Blog_IMAGEN_DESTACADA-41.png","width":1920,"height":1202},{"@type":"BreadcrumbList","@id":"https:\/\/www.ariasassessors.com\/ca\/dietes-de-transport-privilegi-irpf\/#breadcrumb","itemListElement":[{"@type":"ListItem","position":1,"name":"Portada","item":"https:\/\/www.ariasassessors.com\/ca\/"},{"@type":"ListItem","position":2,"name":"Els empleats dels negocis que cobrin dietes de transport ara tindran major exempci\u00f3 en l&#8217;IRPF"}]},{"@type":"WebSite","@id":"https:\/\/www.ariasassessors.com\/#website","url":"https:\/\/www.ariasassessors.com\/","name":"Arias Assessors","description":"Asesor\u00eda para aut\u00f3nomos, profesionales y PYMES","publisher":{"@id":"https:\/\/www.ariasassessors.com\/#organization"},"potentialAction":[{"@type":"SearchAction","target":{"@type":"EntryPoint","urlTemplate":"https:\/\/www.ariasassessors.com\/?s={search_term_string}"},"query-input":{"@type":"PropertyValueSpecification","valueRequired":true,"valueName":"search_term_string"}}],"inLanguage":"ca"},{"@type":"Organization","@id":"https:\/\/www.ariasassessors.com\/#organization","name":"Arias Assessors","url":"https:\/\/www.ariasassessors.com\/","logo":{"@type":"ImageObject","inLanguage":"ca","@id":"https:\/\/www.ariasassessors.com\/#\/schema\/logo\/image\/","url":"https:\/\/www.ariasassessors.com\/wp-content\/uploads\/2019\/01\/arias-logo.png","contentUrl":"https:\/\/www.ariasassessors.com\/wp-content\/uploads\/2019\/01\/arias-logo.png","width":349,"height":254,"caption":"Arias Assessors"},"image":{"@id":"https:\/\/www.ariasassessors.com\/#\/schema\/logo\/image\/"},"sameAs":["https:\/\/www.facebook.com\/ariasassessors\/","https:\/\/x.com\/ariasassessors","https:\/\/www.linkedin.com\/company\/r&amp;amp;r-growing-knowledge\/"]},{"@type":"Person","@id":"https:\/\/www.ariasassessors.com\/#\/schema\/person\/63c6ad1775f0a9413c37932562673cef","name":"btorras","image":{"@type":"ImageObject","inLanguage":"ca","@id":"https:\/\/www.ariasassessors.com\/#\/schema\/person\/image\/","url":"https:\/\/secure.gravatar.com\/avatar\/0531db351fc361fdbfd204c58fa2d6a3?s=96&d=mm&r=g","contentUrl":"https:\/\/secure.gravatar.com\/avatar\/0531db351fc361fdbfd204c58fa2d6a3?s=96&d=mm&r=g","caption":"btorras"}}]}},"_links":{"self":[{"href":"https:\/\/www.ariasassessors.com\/ca\/wp-json\/wp\/v2\/posts\/2755","targetHints":{"allow":["GET"]}}],"collection":[{"href":"https:\/\/www.ariasassessors.com\/ca\/wp-json\/wp\/v2\/posts"}],"about":[{"href":"https:\/\/www.ariasassessors.com\/ca\/wp-json\/wp\/v2\/types\/post"}],"author":[{"embeddable":true,"href":"https:\/\/www.ariasassessors.com\/ca\/wp-json\/wp\/v2\/users\/2"}],"replies":[{"embeddable":true,"href":"https:\/\/www.ariasassessors.com\/ca\/wp-json\/wp\/v2\/comments?post=2755"}],"version-history":[{"count":2,"href":"https:\/\/www.ariasassessors.com\/ca\/wp-json\/wp\/v2\/posts\/2755\/revisions"}],"predecessor-version":[{"id":2757,"href":"https:\/\/www.ariasassessors.com\/ca\/wp-json\/wp\/v2\/posts\/2755\/revisions\/2757"}],"wp:featuredmedia":[{"embeddable":true,"href":"https:\/\/www.ariasassessors.com\/ca\/wp-json\/wp\/v2\/media\/2743"}],"wp:attachment":[{"href":"https:\/\/www.ariasassessors.com\/ca\/wp-json\/wp\/v2\/media?parent=2755"}],"wp:term":[{"taxonomy":"category","embeddable":true,"href":"https:\/\/www.ariasassessors.com\/ca\/wp-json\/wp\/v2\/categories?post=2755"},{"taxonomy":"post_tag","embeddable":true,"href":"https:\/\/www.ariasassessors.com\/ca\/wp-json\/wp\/v2\/tags?post=2755"}],"curies":[{"name":"wp","href":"https:\/\/api.w.org\/{rel}","templated":true}]}}