{"id":2764,"date":"2023-07-23T12:05:52","date_gmt":"2023-07-23T10:05:52","guid":{"rendered":"https:\/\/www.ariasassessors.com\/?p=2764"},"modified":"2023-07-21T14:39:09","modified_gmt":"2023-07-21T12:39:09","slug":"negocis-turisticos-ingressessin-mes-aquest-estiu","status":"publish","type":"post","link":"https:\/\/www.ariasassessors.com\/ca\/negocis-turisticos-ingressessin-mes-aquest-estiu\/","title":{"rendered":"Els negocis tur\u00edstics ingressaran aquest estiu un 11% m\u00e9s que en 2019, segons les previsions del sector"},"content":{"rendered":"<p>Els negocis del sector tur\u00edstic ingressaran aquest estiu un 10,9% m\u00e9s que en 2019, l&#8217;any previ a la pand\u00e8mia. No obstant aix\u00f2, descomptant la inflaci\u00f3 el PIB tur\u00edstic continuar\u00e0 sent un 1% inferior al d&#8217;aquest any, segons\u00a0Exceltur.<\/p>\n<p>La facturaci\u00f3 dels negocis dedicats al sector tur\u00edstic\u00a0ser\u00e0 enguany un 10,9% superior a la de 2019, l&#8217;estiu previ a la pand\u00e8mia. Aix\u00ed s&#8217;ha destacat en l&#8217;informe d&#8217;estiu de\u00a0Exceltur, que avan\u00e7a un \u201coptimisme generalitzat\u201d producte de la \u201cpotent\u201d resposta de la demanda europea i nacional en el primer semestre, la\u00a0creixent despesa del turista americ\u00e0 i el gradual retorn dels visitants asi\u00e0tics.<\/p>\n<p>Es tracta d&#8217;una confirmaci\u00f3 de les perspectives avan\u00e7ades pels experts en les \u00faltimes setmanes, degut, principalment, a l&#8217;increment del nombre de turistes internacionals, els qui\u00a0porten mesos sostenint a milers de negocis dedicats al sector tur\u00edstic. No obstant aix\u00f2, els mateixos experts\u00a0van anticipar una caiguda del consum en l&#8217;\u00faltim trimestre, quan finalitzi la temporada vacacional.<\/p>\n<p>A m\u00e9s, l&#8217;an\u00e0lisi de\u00a0Exceltur\u00a0va mostrar un increment en l&#8217;activitat tur\u00edstica durant la primera meitat de l&#8217;any.\u00a0Durant la primavera, els negocis van facturar un 15% m\u00e9s que en el mateix per\u00edode de temps, a causa de l&#8217;augment de preus dels \u00faltims anys. Prova d&#8217;aix\u00f2 \u00e9s que, descomptant la inflaci\u00f3, el PIB tur\u00edstic tancar\u00e0 l&#8217;any encara un 1% per sota dels nivells de 2019.<\/p>\n<p>\u201cSegons les nostres estimacions, l&#8217;any 2023 el turisme\u00a0generar\u00e0 ja 178.000 milions d&#8217;euros, explicant el 20% del creixement econ\u00f2mic espanyol en aquest any i el 20% de la creaci\u00f3 d&#8217;ocupaci\u00f3\u201d, van explicar des de\u00a0Exceltur.<\/p>\n<div class=\"traductor-textarea form-group\">\n<div class=\"textarea-desti col-xs-12 col-sm-6\">\n<div id=\"ez-toc-container\" class=\"ez-toc-v2_0_72 counter-hierarchy ez-toc-counter ez-toc-grey ez-toc-container-direction\">\n<div class=\"ez-toc-title-container\">\n<p class=\"ez-toc-title\" style=\"cursor:inherit\">\u00cdndice de Contenidos<\/p>\n<span class=\"ez-toc-title-toggle\"><a href=\"#\" class=\"ez-toc-pull-right ez-toc-btn ez-toc-btn-xs ez-toc-btn-default ez-toc-toggle\" aria-label=\"Toggle Table of Content\"><span class=\"ez-toc-js-icon-con\"><span class=\"\"><span class=\"eztoc-hide\" style=\"display:none;\">Toggle<\/span><span class=\"ez-toc-icon-toggle-span\"><svg style=\"fill: #428bca;color:#428bca\" xmlns=\"http:\/\/www.w3.org\/2000\/svg\" class=\"list-377408\" width=\"20px\" height=\"20px\" viewBox=\"0 0 24 24\" fill=\"none\"><path d=\"M6 6H4v2h2V6zm14 0H8v2h12V6zM4 11h2v2H4v-2zm16 0H8v2h12v-2zM4 16h2v2H4v-2zm16 0H8v2h12v-2z\" fill=\"currentColor\"><\/path><\/svg><svg style=\"fill: #428bca;color:#428bca\" class=\"arrow-unsorted-368013\" xmlns=\"http:\/\/www.w3.org\/2000\/svg\" width=\"10px\" height=\"10px\" viewBox=\"0 0 24 24\" version=\"1.2\" baseProfile=\"tiny\"><path d=\"M18.2 9.3l-6.2-6.3-6.2 6.3c-.2.2-.3.4-.3.7s.1.5.3.7c.2.2.4.3.7.3h11c.3 0 .5-.1.7-.3.2-.2.3-.5.3-.7s-.1-.5-.3-.7zM5.8 14.7l6.2 6.3 6.2-6.3c.2-.2.3-.5.3-.7s-.1-.5-.3-.7c-.2-.2-.4-.3-.7-.3h-11c-.3 0-.5.1-.7.3-.2.2-.3.5-.3.7s.1.5.3.7z\"\/><\/svg><\/span><\/span><\/span><\/a><\/span><\/div>\n<nav><ul class='ez-toc-list ez-toc-list-level-1 eztoc-toggle-hide-by-default' ><li class='ez-toc-page-1 ez-toc-heading-level-2'><a class=\"ez-toc-link ez-toc-heading-1\" href=\"https:\/\/www.ariasassessors.com\/ca\/negocis-turisticos-ingressessin-mes-aquest-estiu\/#Barcelona_i_Madrid_son_les_ciutats_on_mes_creixera_la_facturacio_dels_negocis_turistics\" title=\"Barcelona i Madrid s\u00f3n les ciutats on m\u00e9s creixer\u00e0 la facturaci\u00f3 dels negocis tur\u00edstics\">Barcelona i Madrid s\u00f3n les ciutats on m\u00e9s creixer\u00e0 la facturaci\u00f3 dels negocis tur\u00edstics<\/a><\/li><li class='ez-toc-page-1 ez-toc-heading-level-2'><a class=\"ez-toc-link ez-toc-heading-2\" href=\"https:\/\/www.ariasassessors.com\/ca\/negocis-turisticos-ingressessin-mes-aquest-estiu\/#El_preu_dels_allotjaments_turistics_creix_un_146_aquest_estiu\" title=\"El preu dels allotjaments tur\u00edstics creix un 14,6% aquest estiu\">El preu dels allotjaments tur\u00edstics creix un 14,6% aquest estiu<\/a><\/li><\/ul><\/nav><\/div>\n<h2 class=\"form-control second-textarea\"><span class=\"ez-toc-section\" id=\"Barcelona_i_Madrid_son_les_ciutats_on_mes_creixera_la_facturacio_dels_negocis_turistics\"><\/span>Barcelona i Madrid s\u00f3n les ciutats on m\u00e9s creixer\u00e0 la facturaci\u00f3 dels negocis tur\u00edstics<span class=\"ez-toc-section-end\"><\/span><\/h2>\n<\/div>\n<\/div>\n<p>Per ciutats, l&#8217;informe de\u00a0Exceltur\u00a0va mostrar com la demanda internacional de llarg radi i aquelles amb acc\u00e9s a AVE i localitzades en la costa amb un major component vacacional,\u00a0continuaran sent Barcelona, amb un 23,2% m\u00e9s d&#8217;ingressos en els negocis tur\u00edstics;\u00a0Madrid\u00a0(20,1%) i les ciutats basques, on la facturaci\u00f3 creixer\u00e0 un 24%.<\/p>\n<p>Ateses les comunitats aut\u00f2nomes,\u00a0les Illes Balears ser\u00e0 la regi\u00f3 on m\u00e9s creixeran els ingressos durant l&#8217;estiu, amb un creixement del 25,8%, al costat d&#8217;Ast\u00faries (23%), Pa\u00eds Basc (21,2%), Gal\u00edcia (17,6%) i Cant\u00e0bria (14,4%), segons les previsions que es recullen en l&#8217;estudi de\u00a0Exceltur.<\/p>\n<p>Finalment, respecte al tipus d&#8217;activitat on m\u00e9s creixeran els ingressos dels aut\u00f2noms i negocis, les empreses i equipaments d&#8217;oci, amb un 13,4%; i els hotels, amb un 12,2%; presenten les majors perspectives de millora de la seva facturaci\u00f3 per a l&#8217;estiu, mentre les empreses de transport de passatgers (7,4%), empreses de lloguer (8,2%) i grans grups d&#8217;ag\u00e8ncies de viatges (8,8%) esperen accelerar la seva senda de recuperaci\u00f3 respecte al segon trimestre, segons l&#8217;informe.<\/p>\n<div class=\"textarea-desti col-xs-12 col-sm-6\">\n<h2 class=\"form-control second-textarea\"><span class=\"ez-toc-section\" id=\"El_preu_dels_allotjaments_turistics_creix_un_146_aquest_estiu\"><\/span>El preu dels allotjaments tur\u00edstics creix un 14,6% aquest estiu<span class=\"ez-toc-section-end\"><\/span><\/h2>\n<\/div>\n<p>En paral\u00b7lel a les dades de\u00a0Excelsur, la plataforma\u00a0eBooking\u00a0tamb\u00e9 constata l&#8217;increment dels ingressos tur\u00edstics durant la temporada d&#8217;estiu de 2023. Aix\u00ed, el preu dels allotjaments tur\u00edstics ser\u00e0 enguany un 14,6% de mitjana m\u00e9s alt que durant l&#8217;any passat.\u00a0El preu mitj\u00e0 per nit se situar\u00e0 en els 158 euros, en lloc dels 135 euros que costava en 2022.<\/p>\n<p>Aquest increment de tarifes serveix per a continuar amb la tend\u00e8ncia a l&#8217;al\u00e7a en els preus de l&#8217;\u00faltim any, \u201csi b\u00e9\u00a0la pujada ser\u00e0 una mica menor que per Setmana Santa, quan les reserves van ser un 22% m\u00e9s cares que en 2022, i que durant el pont de maig, amb un increment del preu del 25% respecte a l&#8217;any anterior&#8221;, va assenyalar Toni\u00a0Raurich, director d&#8217;ebooking.com.<\/p>\n<p>No obstant aix\u00f2, aquesta q\u00fcesti\u00f3 suposar\u00e0 un risc per a alguns negocis. Per a Toni\u00a0Raurich, aquest increment dels preus\u00a0podria convertir-se en un problema per als negocis des d&#8217;aquesta mateixa temporada d&#8217;estiu. \u201cNo estem solos i el sector hoteler ha de ser conscient que una pujada excessiva dels preus\u00a0es traduiria autom\u00e0ticament en una\u00a0pivotaci\u00f3n\u00a0de la demanda cap a altres zones\u00a0de menor preu\u201d, va explicar.<\/p>\n<div class=\"textarea-origen col-xs-12 col-sm-6\">\n<div>\n<div>\n<div><\/div>\n<\/div>\n<\/div>\n<\/div>\n<div class=\"textarea-desti col-xs-12 col-sm-6\">\n<div class=\"form-control second-textarea\">Si vols consultar m\u00e9s not\u00edcies: <a href=\"https:\/\/www.ariasassessors.com\/ca\/actualitat\/\" target=\"_blank\" rel=\"noopener\">www.ariasassessors.com\/actualidad\/<\/a><\/div>\n<\/div>\n<div class=\"traductor-textarea form-group\">\n<div class=\"textarea-desti col-xs-12 col-sm-6\">\n<div class=\"form-control second-textarea\">Not\u00edcia extreta de: <a href=\"https:\/\/www.autonomosyemprendedor.es\/articulo\/noticias-de-empresa\/negocios-turisticos-ingresaran-verano-11-mas-que-2019-previsiones-sector\/20230717122210031364.html\" target=\"_blank\" rel=\"noopener\">www.autonomosyemprendedor.es\/articulo\/noticias-de-empresa\/<\/a><\/div>\n<\/div>\n<\/div>\n","protected":false},"excerpt":{"rendered":"<p>Els negocis del sector tur\u00edstic ingressaran aquest estiu un 10,9% m\u00e9s que en 2019, l&#8217;any previ a la pand\u00e8mia. No obstant aix\u00f2, descomptant la inflaci\u00f3 el PIB tur\u00edstic continuar\u00e0 sent un 1% inferior al d&#8217;aquest any, segons\u00a0Exceltur. La facturaci\u00f3 dels negocis dedicats al sector tur\u00edstic\u00a0ser\u00e0&#8230;<\/p>\n","protected":false},"author":2,"featured_media":2761,"comment_status":"open","ping_status":"open","sticky":false,"template":"","format":"standard","meta":{"footnotes":""},"categories":[4],"tags":[],"class_list":["post-2764","post","type-post","status-publish","format-standard","has-post-thumbnail","hentry","category-noticies"],"yoast_head":"<!-- This site is optimized with the Yoast SEO plugin v24.3 - https:\/\/yoast.com\/wordpress\/plugins\/seo\/ -->\n<title>Negocis tur\u00edstics ingresar\u00e0n un 11% mes aquest estiu | Arias Assessors<\/title>\n<meta name=\"description\" content=\"Entra y conoce todos los detalles.Els negocis tur\u00edstics ingressaran aquest estiu un 10,9% m\u00e9s que en 2019, l&#039;any previ a la pand\u00e8mia.\" \/>\n<meta name=\"robots\" content=\"index, follow, max-snippet:-1, max-image-preview:large, max-video-preview:-1\" \/>\n<link rel=\"canonical\" href=\"https:\/\/www.ariasassessors.com\/ca\/negocis-turisticos-ingressessin-mes-aquest-estiu\/\" \/>\n<meta property=\"og:locale\" content=\"ca_ES\" \/>\n<meta property=\"og:type\" content=\"article\" \/>\n<meta property=\"og:title\" content=\"Negocis tur\u00edstics ingresar\u00e0n un 11% mes aquest estiu | Arias Assessors\" \/>\n<meta property=\"og:description\" content=\"Entra y conoce todos los detalles.Els negocis tur\u00edstics ingressaran aquest estiu un 10,9% m\u00e9s que en 2019, l&#039;any previ a la pand\u00e8mia.\" \/>\n<meta property=\"og:url\" content=\"https:\/\/www.ariasassessors.com\/ca\/negocis-turisticos-ingressessin-mes-aquest-estiu\/\" \/>\n<meta property=\"og:site_name\" content=\"Arias Assessors\" \/>\n<meta property=\"article:publisher\" content=\"https:\/\/www.facebook.com\/ariasassessors\/\" \/>\n<meta property=\"article:published_time\" content=\"2023-07-23T10:05:52+00:00\" \/>\n<meta property=\"article:modified_time\" content=\"2023-07-21T12:39:09+00:00\" \/>\n<meta property=\"og:image\" content=\"https:\/\/www.ariasassessors.com\/wp-content\/uploads\/2023\/07\/Arias_Blog_IMAGEN_DESTACADA-43.png\" \/>\n\t<meta property=\"og:image:width\" content=\"1920\" \/>\n\t<meta property=\"og:image:height\" content=\"1202\" \/>\n\t<meta property=\"og:image:type\" content=\"image\/png\" \/>\n<meta name=\"author\" content=\"btorras\" \/>\n<meta name=\"twitter:card\" content=\"summary_large_image\" \/>\n<meta name=\"twitter:creator\" content=\"@ariasassessors\" \/>\n<meta name=\"twitter:site\" content=\"@ariasassessors\" \/>\n<meta name=\"twitter:label1\" content=\"Escrit per\" \/>\n\t<meta name=\"twitter:data1\" content=\"btorras\" \/>\n\t<meta name=\"twitter:label2\" content=\"Temps estimat de lectura\" \/>\n\t<meta name=\"twitter:data2\" content=\"4 minuts\" \/>\n<script type=\"application\/ld+json\" class=\"yoast-schema-graph\">{\"@context\":\"https:\/\/schema.org\",\"@graph\":[{\"@type\":\"Article\",\"@id\":\"https:\/\/www.ariasassessors.com\/ca\/negocis-turisticos-ingressessin-mes-aquest-estiu\/#article\",\"isPartOf\":{\"@id\":\"https:\/\/www.ariasassessors.com\/ca\/negocis-turisticos-ingressessin-mes-aquest-estiu\/\"},\"author\":{\"name\":\"btorras\",\"@id\":\"https:\/\/www.ariasassessors.com\/#\/schema\/person\/63c6ad1775f0a9413c37932562673cef\"},\"headline\":\"Els negocis tur\u00edstics ingressaran aquest estiu un 11% m\u00e9s que en 2019, segons les previsions del sector\",\"datePublished\":\"2023-07-23T10:05:52+00:00\",\"dateModified\":\"2023-07-21T12:39:09+00:00\",\"mainEntityOfPage\":{\"@id\":\"https:\/\/www.ariasassessors.com\/ca\/negocis-turisticos-ingressessin-mes-aquest-estiu\/\"},\"wordCount\":696,\"commentCount\":0,\"publisher\":{\"@id\":\"https:\/\/www.ariasassessors.com\/#organization\"},\"image\":{\"@id\":\"https:\/\/www.ariasassessors.com\/ca\/negocis-turisticos-ingressessin-mes-aquest-estiu\/#primaryimage\"},\"thumbnailUrl\":\"https:\/\/www.ariasassessors.com\/wp-content\/uploads\/2023\/07\/Arias_Blog_IMAGEN_DESTACADA-43.png\",\"articleSection\":[\"noticies\"],\"inLanguage\":\"ca\",\"potentialAction\":[{\"@type\":\"CommentAction\",\"name\":\"Comment\",\"target\":[\"https:\/\/www.ariasassessors.com\/ca\/negocis-turisticos-ingressessin-mes-aquest-estiu\/#respond\"]}]},{\"@type\":\"WebPage\",\"@id\":\"https:\/\/www.ariasassessors.com\/ca\/negocis-turisticos-ingressessin-mes-aquest-estiu\/\",\"url\":\"https:\/\/www.ariasassessors.com\/ca\/negocis-turisticos-ingressessin-mes-aquest-estiu\/\",\"name\":\"Negocis tur\u00edstics ingresar\u00e0n un 11% mes aquest estiu | Arias Assessors\",\"isPartOf\":{\"@id\":\"https:\/\/www.ariasassessors.com\/#website\"},\"primaryImageOfPage\":{\"@id\":\"https:\/\/www.ariasassessors.com\/ca\/negocis-turisticos-ingressessin-mes-aquest-estiu\/#primaryimage\"},\"image\":{\"@id\":\"https:\/\/www.ariasassessors.com\/ca\/negocis-turisticos-ingressessin-mes-aquest-estiu\/#primaryimage\"},\"thumbnailUrl\":\"https:\/\/www.ariasassessors.com\/wp-content\/uploads\/2023\/07\/Arias_Blog_IMAGEN_DESTACADA-43.png\",\"datePublished\":\"2023-07-23T10:05:52+00:00\",\"dateModified\":\"2023-07-21T12:39:09+00:00\",\"description\":\"Entra y conoce todos los detalles.Els negocis tur\u00edstics ingressaran aquest estiu un 10,9% m\u00e9s que en 2019, l'any previ a la pand\u00e8mia.\",\"breadcrumb\":{\"@id\":\"https:\/\/www.ariasassessors.com\/ca\/negocis-turisticos-ingressessin-mes-aquest-estiu\/#breadcrumb\"},\"inLanguage\":\"ca\",\"potentialAction\":[{\"@type\":\"ReadAction\",\"target\":[\"https:\/\/www.ariasassessors.com\/ca\/negocis-turisticos-ingressessin-mes-aquest-estiu\/\"]}]},{\"@type\":\"ImageObject\",\"inLanguage\":\"ca\",\"@id\":\"https:\/\/www.ariasassessors.com\/ca\/negocis-turisticos-ingressessin-mes-aquest-estiu\/#primaryimage\",\"url\":\"https:\/\/www.ariasassessors.com\/wp-content\/uploads\/2023\/07\/Arias_Blog_IMAGEN_DESTACADA-43.png\",\"contentUrl\":\"https:\/\/www.ariasassessors.com\/wp-content\/uploads\/2023\/07\/Arias_Blog_IMAGEN_DESTACADA-43.png\",\"width\":1920,\"height\":1202,\"caption\":\"negocios tur\u00edsticos\"},{\"@type\":\"BreadcrumbList\",\"@id\":\"https:\/\/www.ariasassessors.com\/ca\/negocis-turisticos-ingressessin-mes-aquest-estiu\/#breadcrumb\",\"itemListElement\":[{\"@type\":\"ListItem\",\"position\":1,\"name\":\"Portada\",\"item\":\"https:\/\/www.ariasassessors.com\/ca\/\"},{\"@type\":\"ListItem\",\"position\":2,\"name\":\"Els negocis tur\u00edstics ingressaran aquest estiu un 11% m\u00e9s que en 2019, segons les previsions del sector\"}]},{\"@type\":\"WebSite\",\"@id\":\"https:\/\/www.ariasassessors.com\/#website\",\"url\":\"https:\/\/www.ariasassessors.com\/\",\"name\":\"Arias Assessors\",\"description\":\"Asesor\u00eda para aut\u00f3nomos, profesionales y PYMES\",\"publisher\":{\"@id\":\"https:\/\/www.ariasassessors.com\/#organization\"},\"potentialAction\":[{\"@type\":\"SearchAction\",\"target\":{\"@type\":\"EntryPoint\",\"urlTemplate\":\"https:\/\/www.ariasassessors.com\/?s={search_term_string}\"},\"query-input\":{\"@type\":\"PropertyValueSpecification\",\"valueRequired\":true,\"valueName\":\"search_term_string\"}}],\"inLanguage\":\"ca\"},{\"@type\":\"Organization\",\"@id\":\"https:\/\/www.ariasassessors.com\/#organization\",\"name\":\"Arias Assessors\",\"url\":\"https:\/\/www.ariasassessors.com\/\",\"logo\":{\"@type\":\"ImageObject\",\"inLanguage\":\"ca\",\"@id\":\"https:\/\/www.ariasassessors.com\/#\/schema\/logo\/image\/\",\"url\":\"https:\/\/www.ariasassessors.com\/wp-content\/uploads\/2019\/01\/arias-logo.png\",\"contentUrl\":\"https:\/\/www.ariasassessors.com\/wp-content\/uploads\/2019\/01\/arias-logo.png\",\"width\":349,\"height\":254,\"caption\":\"Arias Assessors\"},\"image\":{\"@id\":\"https:\/\/www.ariasassessors.com\/#\/schema\/logo\/image\/\"},\"sameAs\":[\"https:\/\/www.facebook.com\/ariasassessors\/\",\"https:\/\/x.com\/ariasassessors\",\"https:\/\/www.linkedin.com\/company\/r&amp;amp;r-growing-knowledge\/\"]},{\"@type\":\"Person\",\"@id\":\"https:\/\/www.ariasassessors.com\/#\/schema\/person\/63c6ad1775f0a9413c37932562673cef\",\"name\":\"btorras\",\"image\":{\"@type\":\"ImageObject\",\"inLanguage\":\"ca\",\"@id\":\"https:\/\/www.ariasassessors.com\/#\/schema\/person\/image\/\",\"url\":\"https:\/\/secure.gravatar.com\/avatar\/0531db351fc361fdbfd204c58fa2d6a3?s=96&d=mm&r=g\",\"contentUrl\":\"https:\/\/secure.gravatar.com\/avatar\/0531db351fc361fdbfd204c58fa2d6a3?s=96&d=mm&r=g\",\"caption\":\"btorras\"}}]}<\/script>\n<!-- \/ Yoast SEO plugin. -->","yoast_head_json":{"title":"Negocis tur\u00edstics ingresar\u00e0n un 11% mes aquest estiu | Arias Assessors","description":"Entra y conoce todos los detalles.Els negocis tur\u00edstics ingressaran aquest estiu un 10,9% m\u00e9s que en 2019, l'any previ a la pand\u00e8mia.","robots":{"index":"index","follow":"follow","max-snippet":"max-snippet:-1","max-image-preview":"max-image-preview:large","max-video-preview":"max-video-preview:-1"},"canonical":"https:\/\/www.ariasassessors.com\/ca\/negocis-turisticos-ingressessin-mes-aquest-estiu\/","og_locale":"ca_ES","og_type":"article","og_title":"Negocis tur\u00edstics ingresar\u00e0n un 11% mes aquest estiu | Arias Assessors","og_description":"Entra y conoce todos los detalles.Els negocis tur\u00edstics ingressaran aquest estiu un 10,9% m\u00e9s que en 2019, l'any previ a la pand\u00e8mia.","og_url":"https:\/\/www.ariasassessors.com\/ca\/negocis-turisticos-ingressessin-mes-aquest-estiu\/","og_site_name":"Arias Assessors","article_publisher":"https:\/\/www.facebook.com\/ariasassessors\/","article_published_time":"2023-07-23T10:05:52+00:00","article_modified_time":"2023-07-21T12:39:09+00:00","og_image":[{"width":1920,"height":1202,"url":"https:\/\/www.ariasassessors.com\/wp-content\/uploads\/2023\/07\/Arias_Blog_IMAGEN_DESTACADA-43.png","type":"image\/png"}],"author":"btorras","twitter_card":"summary_large_image","twitter_creator":"@ariasassessors","twitter_site":"@ariasassessors","twitter_misc":{"Escrit per":"btorras","Temps estimat de lectura":"4 minuts"},"schema":{"@context":"https:\/\/schema.org","@graph":[{"@type":"Article","@id":"https:\/\/www.ariasassessors.com\/ca\/negocis-turisticos-ingressessin-mes-aquest-estiu\/#article","isPartOf":{"@id":"https:\/\/www.ariasassessors.com\/ca\/negocis-turisticos-ingressessin-mes-aquest-estiu\/"},"author":{"name":"btorras","@id":"https:\/\/www.ariasassessors.com\/#\/schema\/person\/63c6ad1775f0a9413c37932562673cef"},"headline":"Els negocis tur\u00edstics ingressaran aquest estiu un 11% m\u00e9s que en 2019, segons les previsions del sector","datePublished":"2023-07-23T10:05:52+00:00","dateModified":"2023-07-21T12:39:09+00:00","mainEntityOfPage":{"@id":"https:\/\/www.ariasassessors.com\/ca\/negocis-turisticos-ingressessin-mes-aquest-estiu\/"},"wordCount":696,"commentCount":0,"publisher":{"@id":"https:\/\/www.ariasassessors.com\/#organization"},"image":{"@id":"https:\/\/www.ariasassessors.com\/ca\/negocis-turisticos-ingressessin-mes-aquest-estiu\/#primaryimage"},"thumbnailUrl":"https:\/\/www.ariasassessors.com\/wp-content\/uploads\/2023\/07\/Arias_Blog_IMAGEN_DESTACADA-43.png","articleSection":["noticies"],"inLanguage":"ca","potentialAction":[{"@type":"CommentAction","name":"Comment","target":["https:\/\/www.ariasassessors.com\/ca\/negocis-turisticos-ingressessin-mes-aquest-estiu\/#respond"]}]},{"@type":"WebPage","@id":"https:\/\/www.ariasassessors.com\/ca\/negocis-turisticos-ingressessin-mes-aquest-estiu\/","url":"https:\/\/www.ariasassessors.com\/ca\/negocis-turisticos-ingressessin-mes-aquest-estiu\/","name":"Negocis tur\u00edstics ingresar\u00e0n un 11% mes aquest estiu | Arias Assessors","isPartOf":{"@id":"https:\/\/www.ariasassessors.com\/#website"},"primaryImageOfPage":{"@id":"https:\/\/www.ariasassessors.com\/ca\/negocis-turisticos-ingressessin-mes-aquest-estiu\/#primaryimage"},"image":{"@id":"https:\/\/www.ariasassessors.com\/ca\/negocis-turisticos-ingressessin-mes-aquest-estiu\/#primaryimage"},"thumbnailUrl":"https:\/\/www.ariasassessors.com\/wp-content\/uploads\/2023\/07\/Arias_Blog_IMAGEN_DESTACADA-43.png","datePublished":"2023-07-23T10:05:52+00:00","dateModified":"2023-07-21T12:39:09+00:00","description":"Entra y conoce todos los detalles.Els negocis tur\u00edstics ingressaran aquest estiu un 10,9% m\u00e9s que en 2019, l'any previ a la pand\u00e8mia.","breadcrumb":{"@id":"https:\/\/www.ariasassessors.com\/ca\/negocis-turisticos-ingressessin-mes-aquest-estiu\/#breadcrumb"},"inLanguage":"ca","potentialAction":[{"@type":"ReadAction","target":["https:\/\/www.ariasassessors.com\/ca\/negocis-turisticos-ingressessin-mes-aquest-estiu\/"]}]},{"@type":"ImageObject","inLanguage":"ca","@id":"https:\/\/www.ariasassessors.com\/ca\/negocis-turisticos-ingressessin-mes-aquest-estiu\/#primaryimage","url":"https:\/\/www.ariasassessors.com\/wp-content\/uploads\/2023\/07\/Arias_Blog_IMAGEN_DESTACADA-43.png","contentUrl":"https:\/\/www.ariasassessors.com\/wp-content\/uploads\/2023\/07\/Arias_Blog_IMAGEN_DESTACADA-43.png","width":1920,"height":1202,"caption":"negocios tur\u00edsticos"},{"@type":"BreadcrumbList","@id":"https:\/\/www.ariasassessors.com\/ca\/negocis-turisticos-ingressessin-mes-aquest-estiu\/#breadcrumb","itemListElement":[{"@type":"ListItem","position":1,"name":"Portada","item":"https:\/\/www.ariasassessors.com\/ca\/"},{"@type":"ListItem","position":2,"name":"Els negocis tur\u00edstics ingressaran aquest estiu un 11% m\u00e9s que en 2019, segons les previsions del sector"}]},{"@type":"WebSite","@id":"https:\/\/www.ariasassessors.com\/#website","url":"https:\/\/www.ariasassessors.com\/","name":"Arias Assessors","description":"Asesor\u00eda para aut\u00f3nomos, profesionales y PYMES","publisher":{"@id":"https:\/\/www.ariasassessors.com\/#organization"},"potentialAction":[{"@type":"SearchAction","target":{"@type":"EntryPoint","urlTemplate":"https:\/\/www.ariasassessors.com\/?s={search_term_string}"},"query-input":{"@type":"PropertyValueSpecification","valueRequired":true,"valueName":"search_term_string"}}],"inLanguage":"ca"},{"@type":"Organization","@id":"https:\/\/www.ariasassessors.com\/#organization","name":"Arias Assessors","url":"https:\/\/www.ariasassessors.com\/","logo":{"@type":"ImageObject","inLanguage":"ca","@id":"https:\/\/www.ariasassessors.com\/#\/schema\/logo\/image\/","url":"https:\/\/www.ariasassessors.com\/wp-content\/uploads\/2019\/01\/arias-logo.png","contentUrl":"https:\/\/www.ariasassessors.com\/wp-content\/uploads\/2019\/01\/arias-logo.png","width":349,"height":254,"caption":"Arias Assessors"},"image":{"@id":"https:\/\/www.ariasassessors.com\/#\/schema\/logo\/image\/"},"sameAs":["https:\/\/www.facebook.com\/ariasassessors\/","https:\/\/x.com\/ariasassessors","https:\/\/www.linkedin.com\/company\/r&amp;amp;r-growing-knowledge\/"]},{"@type":"Person","@id":"https:\/\/www.ariasassessors.com\/#\/schema\/person\/63c6ad1775f0a9413c37932562673cef","name":"btorras","image":{"@type":"ImageObject","inLanguage":"ca","@id":"https:\/\/www.ariasassessors.com\/#\/schema\/person\/image\/","url":"https:\/\/secure.gravatar.com\/avatar\/0531db351fc361fdbfd204c58fa2d6a3?s=96&d=mm&r=g","contentUrl":"https:\/\/secure.gravatar.com\/avatar\/0531db351fc361fdbfd204c58fa2d6a3?s=96&d=mm&r=g","caption":"btorras"}}]}},"_links":{"self":[{"href":"https:\/\/www.ariasassessors.com\/ca\/wp-json\/wp\/v2\/posts\/2764","targetHints":{"allow":["GET"]}}],"collection":[{"href":"https:\/\/www.ariasassessors.com\/ca\/wp-json\/wp\/v2\/posts"}],"about":[{"href":"https:\/\/www.ariasassessors.com\/ca\/wp-json\/wp\/v2\/types\/post"}],"author":[{"embeddable":true,"href":"https:\/\/www.ariasassessors.com\/ca\/wp-json\/wp\/v2\/users\/2"}],"replies":[{"embeddable":true,"href":"https:\/\/www.ariasassessors.com\/ca\/wp-json\/wp\/v2\/comments?post=2764"}],"version-history":[{"count":2,"href":"https:\/\/www.ariasassessors.com\/ca\/wp-json\/wp\/v2\/posts\/2764\/revisions"}],"predecessor-version":[{"id":2766,"href":"https:\/\/www.ariasassessors.com\/ca\/wp-json\/wp\/v2\/posts\/2764\/revisions\/2766"}],"wp:featuredmedia":[{"embeddable":true,"href":"https:\/\/www.ariasassessors.com\/ca\/wp-json\/wp\/v2\/media\/2761"}],"wp:attachment":[{"href":"https:\/\/www.ariasassessors.com\/ca\/wp-json\/wp\/v2\/media?parent=2764"}],"wp:term":[{"taxonomy":"category","embeddable":true,"href":"https:\/\/www.ariasassessors.com\/ca\/wp-json\/wp\/v2\/categories?post=2764"},{"taxonomy":"post_tag","embeddable":true,"href":"https:\/\/www.ariasassessors.com\/ca\/wp-json\/wp\/v2\/tags?post=2764"}],"curies":[{"name":"wp","href":"https:\/\/api.w.org\/{rel}","templated":true}]}}