{"id":2775,"date":"2023-08-03T13:26:28","date_gmt":"2023-08-03T11:26:28","guid":{"rendered":"https:\/\/www.ariasassessors.com\/obligaciones-fiscales-de-los-autonomos-a-la-vuelta-del-verano\/"},"modified":"2023-08-03T13:41:44","modified_gmt":"2023-08-03T11:41:44","slug":"obligacions-fiscals-de-els-autonoms-a-la-volta-de-l-estiu","status":"publish","type":"post","link":"https:\/\/www.ariasassessors.com\/ca\/obligacions-fiscals-de-els-autonoms-a-la-volta-de-l-estiu\/","title":{"rendered":"Totes les obligacions fiscals que tindran els aut\u00f2noms a la volta de l&#8217;estiu"},"content":{"rendered":"<p>A partir de setembre, els aut\u00f2noms hauran de fer front a la presentaci\u00f3 i pagament de diferents impostos. Aquestes s\u00f3n totes les obligacions fiscals que els esperen a la volta de l&#8217;estiu.<\/p>\n<p>Molts aut\u00f2noms consideren la tardor com un reinici del curs i tenen ra\u00f3 perqu\u00e8\u00a0el quart i\u00a0\u00faltim trimestre\u00a0de l&#8217;any sol ser una carrera costa amunt per a tancar l&#8217;exercici.\u00a0 Alhora, aquesta la volta de les vacances coincideix amb moltes\u00a0obligacions fiscals per als aut\u00f2noms, tant\u00a0<a href=\"https:\/\/www.autonomosyemprendedor.es\/articulo\/tus-finanzas\/nueva-formula-hacienda-que-autonomos-corrijan-errores-declaraciones-impuestos\/20230523171145030588.html\" target=\"_blank\" rel=\"noopener\">declaracions d&#8217;impostos<\/a>\u00a0com\u00a0<strong>liquidacions i pagaments. En definitiva,\u00a0en la\u00a0recta final del 2023,\u00a0es concentren bona part dels deures<\/strong>\u00a0que tenen\u00a0els treballadors per compte propi amb Hisenda.<\/p>\n<p><strong>A partir de setembre<\/strong>,\u00a0els aut\u00f2noms hauran de presentar la seva\u00a0<strong>liquidaci\u00f3 trimestral d&#8217;IVA,<\/strong> pagar el\u00a0<strong>segon termini de la declaraci\u00f3 anual de la RENDA\u00a0<\/strong>-si van triar fraccionar-la en dues, com fa la majoria del col\u00b7lectiu-, declarar els rendiments obtinguts pels seus habitatges tur\u00edstics, si les tenen; o pagar l&#8217;IRPF mensual o l&#8217;impost de societats trimestral, si van triar aquestes modalitats de\u00a0fraccionament per als seus impostos.<\/p>\n<p>A m\u00e9s, en aquests \u00faltims quatre mesos, alguns aut\u00f2noms han d&#8217;estar al corrent d&#8217;altres dates que podrien interessar-los, com el\u00a0<strong>termini l\u00edmit per a donar-se d&#8217;alta o baixa en\u00a0\u00a0el Compte Corrent Tributari (CCT)<\/strong>,\u00a0un sistema que permet als contribuents la compensaci\u00f3 de cr\u00e8dits i deutes amb l&#8217;Administraci\u00f3.<\/p>\n<p>Tamb\u00e9 a final d&#8217;any \u00e9s el\u00a0termini m\u00e0xim per a comunicar la\u00a0<strong>ren\u00fancia al sistema<\/strong> de m\u00f2duls\u00a0-perqu\u00e8 a l&#8217;aut\u00f2nom ja no li interessa aquesta opci\u00f3 o perqu\u00e8 ja no compleix els requisits- i tamb\u00e9 per a donar-se d&#8217;alta per primera vegada. Aix\u00f2 \u00faltim, sempre que Hisenda decideixi prorrogar el r\u00e8gim\u00a0un any m\u00e9s.<\/p>\n<div id=\"ez-toc-container\" class=\"ez-toc-v2_0_72 counter-hierarchy ez-toc-counter ez-toc-grey ez-toc-container-direction\">\n<div class=\"ez-toc-title-container\">\n<p class=\"ez-toc-title\" style=\"cursor:inherit\">\u00cdndice de Contenidos<\/p>\n<span class=\"ez-toc-title-toggle\"><a href=\"#\" class=\"ez-toc-pull-right ez-toc-btn ez-toc-btn-xs ez-toc-btn-default ez-toc-toggle\" aria-label=\"Toggle Table of Content\"><span class=\"ez-toc-js-icon-con\"><span class=\"\"><span class=\"eztoc-hide\" style=\"display:none;\">Toggle<\/span><span class=\"ez-toc-icon-toggle-span\"><svg style=\"fill: #428bca;color:#428bca\" xmlns=\"http:\/\/www.w3.org\/2000\/svg\" class=\"list-377408\" width=\"20px\" height=\"20px\" viewBox=\"0 0 24 24\" fill=\"none\"><path d=\"M6 6H4v2h2V6zm14 0H8v2h12V6zM4 11h2v2H4v-2zm16 0H8v2h12v-2zM4 16h2v2H4v-2zm16 0H8v2h12v-2z\" fill=\"currentColor\"><\/path><\/svg><svg style=\"fill: #428bca;color:#428bca\" class=\"arrow-unsorted-368013\" xmlns=\"http:\/\/www.w3.org\/2000\/svg\" width=\"10px\" height=\"10px\" viewBox=\"0 0 24 24\" version=\"1.2\" baseProfile=\"tiny\"><path d=\"M18.2 9.3l-6.2-6.3-6.2 6.3c-.2.2-.3.4-.3.7s.1.5.3.7c.2.2.4.3.7.3h11c.3 0 .5-.1.7-.3.2-.2.3-.5.3-.7s-.1-.5-.3-.7zM5.8 14.7l6.2 6.3 6.2-6.3c.2-.2.3-.5.3-.7s-.1-.5-.3-.7c-.2-.2-.4-.3-.7-.3h-11c-.3 0-.5.1-.7.3-.2.2-.3.5-.3.7s.1.5.3.7z\"\/><\/svg><\/span><\/span><\/span><\/a><\/span><\/div>\n<nav><ul class='ez-toc-list ez-toc-list-level-1 eztoc-toggle-hide-by-default' ><li class='ez-toc-page-1 ez-toc-heading-level-2'><a class=\"ez-toc-link ez-toc-heading-1\" href=\"https:\/\/www.ariasassessors.com\/ca\/obligacions-fiscals-de-els-autonoms-a-la-volta-de-l-estiu\/#Dates_de_les_principals_obligacions_fiscals_dels_autonoms_a_partir_de_setembre\" title=\"Dates de les principals obligacions fiscals dels aut\u00f2noms a partir de setembre\">Dates de les principals obligacions fiscals dels aut\u00f2noms a partir de setembre<\/a><ul class='ez-toc-list-level-3' ><li class='ez-toc-heading-level-3'><a class=\"ez-toc-link ez-toc-heading-2\" href=\"https:\/\/www.ariasassessors.com\/ca\/obligacions-fiscals-de-els-autonoms-a-la-volta-de-l-estiu\/#Octubre_de_2023\" title=\"Octubre de 2023\">Octubre de 2023<\/a><\/li><li class='ez-toc-page-1 ez-toc-heading-level-3'><a class=\"ez-toc-link ez-toc-heading-3\" href=\"https:\/\/www.ariasassessors.com\/ca\/obligacions-fiscals-de-els-autonoms-a-la-volta-de-l-estiu\/#Novembre_de_2023\" title=\"Novembre de 2023\">Novembre de 2023<\/a><\/li><li class='ez-toc-page-1 ez-toc-heading-level-3'><a class=\"ez-toc-link ez-toc-heading-4\" href=\"https:\/\/www.ariasassessors.com\/ca\/obligacions-fiscals-de-els-autonoms-a-la-volta-de-l-estiu\/#Desembre_de_2023\" title=\"Desembre de 2023\">Desembre de 2023<\/a><\/li><\/ul><\/li><\/ul><\/nav><\/div>\n<h2><span class=\"ez-toc-section\" id=\"Dates_de_les_principals_obligacions_fiscals_dels_autonoms_a_partir_de_setembre\"><\/span>Dates de les principals obligacions fiscals dels aut\u00f2noms a partir de setembre<span class=\"ez-toc-section-end\"><\/span><\/h2>\n<p><strong>Agost \u00e9s un dels mesos m\u00e9s lleugers<\/strong>\u00a0a nivell d&#8217;obligacions fiscals per als aut\u00f2noms. En aquests 30 dies, els treballadors per compte propi nom\u00e9s hauran de presentar el\u00a0<strong>model 111<\/strong>,\u00a0que \u00e9s el que utilitzen per a declarar i ingressar les retencions d&#8217;IRPF que hagin practicat als seus treballadors o als\u00a0professionals i empresaris amb els quals treballen.<\/p>\n<p>Tamb\u00e9 hauran de declarar\u00a0\u00a0el\u00a0<strong>model 115<\/strong>,\u00a0que \u00e9s amb el qual les empreses donen compte\u00a0a Hisenda de les retencions de l&#8217;IRPF que han practicat pel pagament de la renda del\u00a0\u00a0seu local.<\/p>\n<p>Despr\u00e9s d&#8217;aquesta pausa, arriba\u00a0<strong>setembre i arrenca un dels per\u00edodes amb m\u00e9s obligacions fiscals<\/strong> per als aut\u00f2noms. Aquest \u00e9s el calendari amb tots els models i pagaments que hauran de fer els treballadors per compte propi en els quatre \u00faltims mesos de 2023.<\/p>\n<div class=\"traductor-textarea form-group\">\n<div class=\"textarea-desti col-xs-12 col-sm-6\">\n<div class=\"form-control second-textarea\"><strong>Setembre de 2023<\/strong><\/div>\n<div><\/div>\n<\/div>\n<\/div>\n<article><strong>Fins el 20 de setembre<\/strong><\/p>\n<ul>\n<li><strong>Model 111 i model 115:<\/strong>\u00a0\u00e9s la data l\u00edmit que tenen els aut\u00f2noms i pimes per a presentar els models 111 i 115 corresponents a agost de 2023. El model 111 \u00e9s el que utilitzen per a declarar i ingressar les retencions d&#8217;IRPF que hagin practicat a treballadors, professionals o empresaris; i el model 115 \u00e9s amb el qual els aut\u00f2noms i empreses declararan a Hisenda les retencions de l&#8217;IRPF sobre els lloguers urbans.<\/li>\n<li><strong>Model 349<\/strong>: declaraci\u00f3 recapitulativa d&#8217;operacions intracomunit\u00e0ries. Corresponent als mesos de juliol i agost de 2023<\/li>\n<li><strong>Model 592<\/strong>: Impost especial sobre els envasos de pl\u00e0stic no reutilitzables. Corresponent a agost de 2023<\/li>\n<\/ul>\n<h3><span class=\"ez-toc-section\" id=\"Octubre_de_2023\"><\/span><strong>Octubre de 2023<\/strong><span class=\"ez-toc-section-end\"><\/span><\/h3>\n<p><strong>Fins el 2 d&#8217;octubre<\/strong><\/p>\n<ul>\n<li><strong>Model 360 i 361<\/strong>: sol\u00b7licitud de devoluci\u00f3 de l&#8217;IVA\u00a0\u00a0suportat. Corresponent a l&#8217;exercici 2022.<\/li>\n<li><strong>Model 303:<\/strong> els aut\u00f2noms hauran de presentar el model d&#8217;autoliquidaci\u00f3 d&#8217;IVA referent a agost de 2023.<\/li>\n<\/ul>\n<p><strong>Fins el 20 d&#8217;octubre<\/strong><\/p>\n<ul>\n<li><strong>Model 111 i model 115<\/strong>: \u00e9s la data l\u00edmit que tenen els aut\u00f2noms i pimes per a presentar els models 111 i 115 corresponents a setembre de 2023. El model 111 \u00e9s el que utilitzen per a declarar i ingressar les retencions d&#8217;IRPF que hagin practicat a treballadors, professionals o empresaris; i el model 115 \u00e9s amb el qual els aut\u00f2noms i empreses declararan a Hisenda les retencions de l&#8217;IRPF sobre els lloguers urbans.<\/li>\n<li><strong>Models 130 i 131<\/strong>:\u00a0per a efectuar els pagaments fraccionats de Renda a trav\u00e9s del model 130 (estimaci\u00f3 directa) i 131 (m\u00f2duls).<\/li>\n<li><strong>Model 349<\/strong>:\u00a0declaraci\u00f3 recapitulativa d&#8217;operacions intracomunit\u00e0ries. Cal presentar el model 349 referent a setembre de 2023 i al tercer trimestre de 2023.<\/li>\n<li><strong>Model 303<\/strong>:\u00a0autoliquidaci\u00f3 de l&#8217;IVA del tercer trimestre de 2023.<\/li>\n<li><strong>Model 309<\/strong>:\u00a0de Declaraci\u00f3-liquidaci\u00f3 no peri\u00f2dica sobre el tercer trimestre de 2023.<\/li>\n<li><strong>Model 592:<\/strong> Impost especial sobre els envasos de pl\u00e0stic no reutilitzables. Declaraci\u00f3 mensual corresponent a setembre de 2023 i declaraci\u00f3 trimestral corresponent al tercer trimestre de l&#8217;any.<\/li>\n<\/ul>\n<p><strong>Fins el 30 d&#8217;octubre<\/strong><\/p>\n<ul>\n<li>\n<div class=\"traductor-textarea form-group\">\n<div class=\"textarea-desti col-xs-12 col-sm-6\">\n<div class=\"form-control second-textarea\">Model 303: els aut\u00f2noms hauran de presentar el model d&#8217;autoliquidaci\u00f3 mensual\u00a0d&#8217;IVA referent a setembre de 2023<\/div>\n<\/div>\n<\/div>\n<div class=\"traductor-checkbox form-group\"><\/div>\n<\/li>\n<\/ul>\n<p><strong>Fins el 31 d&#8217;octubre<\/strong><\/p>\n<ul>\n<li><strong>Model 179:<\/strong>\u00a0declaraci\u00f3 informativa trimestral de la cessi\u00f3 d&#8217;\u00fas d&#8217;habitatges amb finalitats tur\u00edstics. Tercer trimestre de 2023.<\/li>\n<li><strong>Model 235:<\/strong>\u00a0declaraci\u00f3 informativa d&#8217;actualitzaci\u00f3 de determinats mecanismes transfronterers comercialitzables.<\/li>\n<li><strong>Sol\u00b7licitud d&#8217;inclusi\u00f3 per a l&#8217;any 2024:<\/strong>\u00a0CCT\u00a0(Compte Corrent Tributari): la ren\u00fancia s&#8217;haur\u00e0 de formular en el model de \u201cSol\u00b7licitud d&#8217;inclusi\u00f3\/comunicaci\u00f3 de ren\u00fancia al sistema de compte corrent en mat\u00e8ria tribut\u00e0ria\u201d<\/li>\n<\/ul>\n<h3><span class=\"ez-toc-section\" id=\"Novembre_de_2023\"><\/span>Novembre de 2023<span class=\"ez-toc-section-end\"><\/span><\/h3>\n<p><strong>Fins el 6 de novembre<\/strong><\/p>\n<ul>\n<li>Els aut\u00f2noms que hagin fraccionat el pagament de la declaraci\u00f3 de la\u00a0Renda, hauran d&#8217;abonar\u00a0 la segona i \u00faltima quota el pr\u00f2xim 6 de novembre de 2023.<\/li>\n<\/ul>\n<p><strong>Fins el 20 de novembre<\/strong><\/p>\n<ul>\n<li><strong>Model 111 i model 115:<\/strong> \u00e9s la data l\u00edmit que tenen els aut\u00f2noms i pimes per a presentar els models 111 i 115 corresponents a octubre de 2023. El model 111 \u00e9s el que utilitzen per a declarar i ingressar les retencions d&#8217;IRPF que hagin practicat a treballadors, professionals o empresaris; i el model 115 \u00e9s amb el qual els aut\u00f2noms i empreses declararan a Hisenda les retencions de l&#8217;IRPF sobre els lloguers urbans.<\/li>\n<li><strong>Model 349:<\/strong>\u00a0declaraci\u00f3 recapitulativa d&#8217;operacions intracomunit\u00e0ries, corresponent a octubre de 2023.<\/li>\n<li><strong>Model 592:<\/strong>\u00a0Impost especial sobre els envasos de pl\u00e0stic no reutilitzables. Correspon a octubre de 2023.<\/li>\n<\/ul>\n<p><strong>Fins el 30 de novembre<\/strong><\/p>\n<ul>\n<li><strong>Model 303:<\/strong>\u00a0els aut\u00f2noms hauran de presentar el model d&#8217;autoliquidaci\u00f3 d&#8217;IVA referent a octubre de 2023.<\/li>\n<li><strong>Model 232:<\/strong> declaraci\u00f3 informativa d&#8217;operacions vinculades i d&#8217;operacions i situacions relacionades amb pa\u00efsos o territoris qualificats com a paradisos fiscals.<\/li>\n<\/ul>\n<h3><span class=\"ez-toc-section\" id=\"Desembre_de_2023\"><\/span>Desembre de 2023<span class=\"ez-toc-section-end\"><\/span><\/h3>\n<p><strong>Fins el 20 de desembre<\/strong><\/p>\n<ul>\n<li><strong>Model 111 i model 115:<\/strong>\u00a0\u00e9s la data l\u00edmit que tenen els aut\u00f2noms i pimes per a presentar els models 111 i 115 corresponents a novembre de 2023. El model 111 \u00e9s el que utilitzen per a declarar i ingressar les retencions d&#8217;IRPF que hagin practicat a treballadors, professionals o empresaris; i el model 115 \u00e9s amb el qual els aut\u00f2noms i empreses declararan a Hisenda les retencions de l&#8217;IRPF sobre els lloguers urbans.<\/li>\n<li><strong>Model 349:<\/strong>\u00a0declaraci\u00f3 recapitulativa d&#8217;operacions intracomunit\u00e0ries, corresponent a novembre de 2023<\/li>\n<\/ul>\n<ul>\n<li><strong>Model 592<\/strong>: Impost especial sobre els envasos de pl\u00e0stic no reutilitzables. Correspon a novembre de 2023.<\/li>\n<\/ul>\n<p>Si vols consultar m\u00e9s not\u00edcies: <a href=\"https:\/\/www.ariasassessors.com\/ca\/actualitat\/\">https:\/\/www.ariasassessors.com\/actualidad\/<\/a><\/p>\n<p>Not\u00edcia extreta de: <a href=\"https:\/\/www.autonomosyemprendedor.es\/articulo\/tus-finanzas\/son-todas-obligaciones-fiscales-que-tendran-autonomos\/20230728144526031539.html\" target=\"_blank\" rel=\"noopener\">https:\/\/www.autonomosyemprendedor.es\/articulo\/tus-finanzas\/son-todas-obligaciones-fiscales-que-tendran-autonomos\/20230728144526031539.html<\/a><\/p>\n<\/article>\n","protected":false},"excerpt":{"rendered":"<p>A partir de setembre, els aut\u00f2noms hauran de fer front a la presentaci\u00f3 i pagament de diferents impostos. Aquestes s\u00f3n totes les obligacions fiscals que els esperen a la volta de l&#8217;estiu. Molts aut\u00f2noms consideren la tardor com un reinici del curs i tenen ra\u00f3&#8230;<\/p>\n","protected":false},"author":2,"featured_media":2769,"comment_status":"open","ping_status":"open","sticky":false,"template":"","format":"standard","meta":{"footnotes":""},"categories":[4],"tags":[],"class_list":["post-2775","post","type-post","status-publish","format-standard","has-post-thumbnail","hentry","category-noticies"],"yoast_head":"<!-- This site is optimized with the Yoast SEO plugin v24.3 - https:\/\/yoast.com\/wordpress\/plugins\/seo\/ -->\n<title>Obligacions fiscals dels aut\u00f2noms a la volta de l&#039;estiu<\/title>\n<meta name=\"description\" content=\"Els aut\u00f2noms a la volta de l&#039;estiu hauran de fer front a la presentaci\u00f3 i pagament de diferents impostos. Arias Assessors\" \/>\n<meta name=\"robots\" content=\"index, follow, max-snippet:-1, max-image-preview:large, max-video-preview:-1\" \/>\n<link rel=\"canonical\" href=\"https:\/\/www.ariasassessors.com\/ca\/obligacions-fiscals-de-els-autonoms-a-la-volta-de-l-estiu\/\" \/>\n<meta property=\"og:locale\" content=\"ca_ES\" \/>\n<meta property=\"og:type\" content=\"article\" \/>\n<meta property=\"og:title\" content=\"Obligacions fiscals dels aut\u00f2noms a la volta de l&#039;estiu\" \/>\n<meta property=\"og:description\" content=\"Els aut\u00f2noms a la volta de l&#039;estiu hauran de fer front a la presentaci\u00f3 i pagament de diferents impostos. Arias Assessors\" \/>\n<meta property=\"og:url\" content=\"https:\/\/www.ariasassessors.com\/ca\/obligacions-fiscals-de-els-autonoms-a-la-volta-de-l-estiu\/\" \/>\n<meta property=\"og:site_name\" content=\"Arias Assessors\" \/>\n<meta property=\"article:publisher\" content=\"https:\/\/www.facebook.com\/ariasassessors\/\" \/>\n<meta property=\"article:published_time\" content=\"2023-08-03T11:26:28+00:00\" \/>\n<meta property=\"article:modified_time\" content=\"2023-08-03T11:41:44+00:00\" \/>\n<meta property=\"og:image\" content=\"https:\/\/www.ariasassessors.com\/wp-content\/uploads\/2023\/08\/Arias_Blog_IMAGEN_DESTACADA-44.png\" \/>\n\t<meta property=\"og:image:width\" content=\"1920\" \/>\n\t<meta property=\"og:image:height\" content=\"1202\" \/>\n\t<meta property=\"og:image:type\" content=\"image\/png\" \/>\n<meta name=\"author\" content=\"btorras\" \/>\n<meta name=\"twitter:card\" content=\"summary_large_image\" \/>\n<meta name=\"twitter:creator\" content=\"@ariasassessors\" \/>\n<meta name=\"twitter:site\" content=\"@ariasassessors\" \/>\n<meta name=\"twitter:label1\" content=\"Escrit per\" \/>\n\t<meta name=\"twitter:data1\" content=\"btorras\" \/>\n\t<meta name=\"twitter:label2\" content=\"Temps estimat de lectura\" \/>\n\t<meta name=\"twitter:data2\" content=\"6 minuts\" \/>\n<script type=\"application\/ld+json\" class=\"yoast-schema-graph\">{\"@context\":\"https:\/\/schema.org\",\"@graph\":[{\"@type\":\"Article\",\"@id\":\"https:\/\/www.ariasassessors.com\/ca\/obligacions-fiscals-de-els-autonoms-a-la-volta-de-l-estiu\/#article\",\"isPartOf\":{\"@id\":\"https:\/\/www.ariasassessors.com\/ca\/obligacions-fiscals-de-els-autonoms-a-la-volta-de-l-estiu\/\"},\"author\":{\"name\":\"btorras\",\"@id\":\"https:\/\/www.ariasassessors.com\/#\/schema\/person\/63c6ad1775f0a9413c37932562673cef\"},\"headline\":\"Totes les obligacions fiscals que tindran els aut\u00f2noms a la volta de l&#8217;estiu\",\"datePublished\":\"2023-08-03T11:26:28+00:00\",\"dateModified\":\"2023-08-03T11:41:44+00:00\",\"mainEntityOfPage\":{\"@id\":\"https:\/\/www.ariasassessors.com\/ca\/obligacions-fiscals-de-els-autonoms-a-la-volta-de-l-estiu\/\"},\"wordCount\":1135,\"commentCount\":0,\"publisher\":{\"@id\":\"https:\/\/www.ariasassessors.com\/#organization\"},\"image\":{\"@id\":\"https:\/\/www.ariasassessors.com\/ca\/obligacions-fiscals-de-els-autonoms-a-la-volta-de-l-estiu\/#primaryimage\"},\"thumbnailUrl\":\"https:\/\/www.ariasassessors.com\/wp-content\/uploads\/2023\/08\/Arias_Blog_IMAGEN_DESTACADA-44.png\",\"articleSection\":[\"noticies\"],\"inLanguage\":\"ca\",\"potentialAction\":[{\"@type\":\"CommentAction\",\"name\":\"Comment\",\"target\":[\"https:\/\/www.ariasassessors.com\/ca\/obligacions-fiscals-de-els-autonoms-a-la-volta-de-l-estiu\/#respond\"]}]},{\"@type\":\"WebPage\",\"@id\":\"https:\/\/www.ariasassessors.com\/ca\/obligacions-fiscals-de-els-autonoms-a-la-volta-de-l-estiu\/\",\"url\":\"https:\/\/www.ariasassessors.com\/ca\/obligacions-fiscals-de-els-autonoms-a-la-volta-de-l-estiu\/\",\"name\":\"Obligacions fiscals dels aut\u00f2noms a la volta de l'estiu\",\"isPartOf\":{\"@id\":\"https:\/\/www.ariasassessors.com\/#website\"},\"primaryImageOfPage\":{\"@id\":\"https:\/\/www.ariasassessors.com\/ca\/obligacions-fiscals-de-els-autonoms-a-la-volta-de-l-estiu\/#primaryimage\"},\"image\":{\"@id\":\"https:\/\/www.ariasassessors.com\/ca\/obligacions-fiscals-de-els-autonoms-a-la-volta-de-l-estiu\/#primaryimage\"},\"thumbnailUrl\":\"https:\/\/www.ariasassessors.com\/wp-content\/uploads\/2023\/08\/Arias_Blog_IMAGEN_DESTACADA-44.png\",\"datePublished\":\"2023-08-03T11:26:28+00:00\",\"dateModified\":\"2023-08-03T11:41:44+00:00\",\"description\":\"Els aut\u00f2noms a la volta de l'estiu hauran de fer front a la presentaci\u00f3 i pagament de diferents impostos. Arias Assessors\",\"breadcrumb\":{\"@id\":\"https:\/\/www.ariasassessors.com\/ca\/obligacions-fiscals-de-els-autonoms-a-la-volta-de-l-estiu\/#breadcrumb\"},\"inLanguage\":\"ca\",\"potentialAction\":[{\"@type\":\"ReadAction\",\"target\":[\"https:\/\/www.ariasassessors.com\/ca\/obligacions-fiscals-de-els-autonoms-a-la-volta-de-l-estiu\/\"]}]},{\"@type\":\"ImageObject\",\"inLanguage\":\"ca\",\"@id\":\"https:\/\/www.ariasassessors.com\/ca\/obligacions-fiscals-de-els-autonoms-a-la-volta-de-l-estiu\/#primaryimage\",\"url\":\"https:\/\/www.ariasassessors.com\/wp-content\/uploads\/2023\/08\/Arias_Blog_IMAGEN_DESTACADA-44.png\",\"contentUrl\":\"https:\/\/www.ariasassessors.com\/wp-content\/uploads\/2023\/08\/Arias_Blog_IMAGEN_DESTACADA-44.png\",\"width\":1920,\"height\":1202},{\"@type\":\"BreadcrumbList\",\"@id\":\"https:\/\/www.ariasassessors.com\/ca\/obligacions-fiscals-de-els-autonoms-a-la-volta-de-l-estiu\/#breadcrumb\",\"itemListElement\":[{\"@type\":\"ListItem\",\"position\":1,\"name\":\"Portada\",\"item\":\"https:\/\/www.ariasassessors.com\/ca\/\"},{\"@type\":\"ListItem\",\"position\":2,\"name\":\"Totes les obligacions fiscals que tindran els aut\u00f2noms a la volta de l&#8217;estiu\"}]},{\"@type\":\"WebSite\",\"@id\":\"https:\/\/www.ariasassessors.com\/#website\",\"url\":\"https:\/\/www.ariasassessors.com\/\",\"name\":\"Arias Assessors\",\"description\":\"Asesor\u00eda para aut\u00f3nomos, profesionales y PYMES\",\"publisher\":{\"@id\":\"https:\/\/www.ariasassessors.com\/#organization\"},\"potentialAction\":[{\"@type\":\"SearchAction\",\"target\":{\"@type\":\"EntryPoint\",\"urlTemplate\":\"https:\/\/www.ariasassessors.com\/?s={search_term_string}\"},\"query-input\":{\"@type\":\"PropertyValueSpecification\",\"valueRequired\":true,\"valueName\":\"search_term_string\"}}],\"inLanguage\":\"ca\"},{\"@type\":\"Organization\",\"@id\":\"https:\/\/www.ariasassessors.com\/#organization\",\"name\":\"Arias Assessors\",\"url\":\"https:\/\/www.ariasassessors.com\/\",\"logo\":{\"@type\":\"ImageObject\",\"inLanguage\":\"ca\",\"@id\":\"https:\/\/www.ariasassessors.com\/#\/schema\/logo\/image\/\",\"url\":\"https:\/\/www.ariasassessors.com\/wp-content\/uploads\/2019\/01\/arias-logo.png\",\"contentUrl\":\"https:\/\/www.ariasassessors.com\/wp-content\/uploads\/2019\/01\/arias-logo.png\",\"width\":349,\"height\":254,\"caption\":\"Arias Assessors\"},\"image\":{\"@id\":\"https:\/\/www.ariasassessors.com\/#\/schema\/logo\/image\/\"},\"sameAs\":[\"https:\/\/www.facebook.com\/ariasassessors\/\",\"https:\/\/x.com\/ariasassessors\",\"https:\/\/www.linkedin.com\/company\/r&amp;amp;r-growing-knowledge\/\"]},{\"@type\":\"Person\",\"@id\":\"https:\/\/www.ariasassessors.com\/#\/schema\/person\/63c6ad1775f0a9413c37932562673cef\",\"name\":\"btorras\",\"image\":{\"@type\":\"ImageObject\",\"inLanguage\":\"ca\",\"@id\":\"https:\/\/www.ariasassessors.com\/#\/schema\/person\/image\/\",\"url\":\"https:\/\/secure.gravatar.com\/avatar\/0531db351fc361fdbfd204c58fa2d6a3?s=96&d=mm&r=g\",\"contentUrl\":\"https:\/\/secure.gravatar.com\/avatar\/0531db351fc361fdbfd204c58fa2d6a3?s=96&d=mm&r=g\",\"caption\":\"btorras\"}}]}<\/script>\n<!-- \/ Yoast SEO plugin. -->","yoast_head_json":{"title":"Obligacions fiscals dels aut\u00f2noms a la volta de l'estiu","description":"Els aut\u00f2noms a la volta de l'estiu hauran de fer front a la presentaci\u00f3 i pagament de diferents impostos. Arias Assessors","robots":{"index":"index","follow":"follow","max-snippet":"max-snippet:-1","max-image-preview":"max-image-preview:large","max-video-preview":"max-video-preview:-1"},"canonical":"https:\/\/www.ariasassessors.com\/ca\/obligacions-fiscals-de-els-autonoms-a-la-volta-de-l-estiu\/","og_locale":"ca_ES","og_type":"article","og_title":"Obligacions fiscals dels aut\u00f2noms a la volta de l'estiu","og_description":"Els aut\u00f2noms a la volta de l'estiu hauran de fer front a la presentaci\u00f3 i pagament de diferents impostos. Arias Assessors","og_url":"https:\/\/www.ariasassessors.com\/ca\/obligacions-fiscals-de-els-autonoms-a-la-volta-de-l-estiu\/","og_site_name":"Arias Assessors","article_publisher":"https:\/\/www.facebook.com\/ariasassessors\/","article_published_time":"2023-08-03T11:26:28+00:00","article_modified_time":"2023-08-03T11:41:44+00:00","og_image":[{"width":1920,"height":1202,"url":"https:\/\/www.ariasassessors.com\/wp-content\/uploads\/2023\/08\/Arias_Blog_IMAGEN_DESTACADA-44.png","type":"image\/png"}],"author":"btorras","twitter_card":"summary_large_image","twitter_creator":"@ariasassessors","twitter_site":"@ariasassessors","twitter_misc":{"Escrit per":"btorras","Temps estimat de lectura":"6 minuts"},"schema":{"@context":"https:\/\/schema.org","@graph":[{"@type":"Article","@id":"https:\/\/www.ariasassessors.com\/ca\/obligacions-fiscals-de-els-autonoms-a-la-volta-de-l-estiu\/#article","isPartOf":{"@id":"https:\/\/www.ariasassessors.com\/ca\/obligacions-fiscals-de-els-autonoms-a-la-volta-de-l-estiu\/"},"author":{"name":"btorras","@id":"https:\/\/www.ariasassessors.com\/#\/schema\/person\/63c6ad1775f0a9413c37932562673cef"},"headline":"Totes les obligacions fiscals que tindran els aut\u00f2noms a la volta de l&#8217;estiu","datePublished":"2023-08-03T11:26:28+00:00","dateModified":"2023-08-03T11:41:44+00:00","mainEntityOfPage":{"@id":"https:\/\/www.ariasassessors.com\/ca\/obligacions-fiscals-de-els-autonoms-a-la-volta-de-l-estiu\/"},"wordCount":1135,"commentCount":0,"publisher":{"@id":"https:\/\/www.ariasassessors.com\/#organization"},"image":{"@id":"https:\/\/www.ariasassessors.com\/ca\/obligacions-fiscals-de-els-autonoms-a-la-volta-de-l-estiu\/#primaryimage"},"thumbnailUrl":"https:\/\/www.ariasassessors.com\/wp-content\/uploads\/2023\/08\/Arias_Blog_IMAGEN_DESTACADA-44.png","articleSection":["noticies"],"inLanguage":"ca","potentialAction":[{"@type":"CommentAction","name":"Comment","target":["https:\/\/www.ariasassessors.com\/ca\/obligacions-fiscals-de-els-autonoms-a-la-volta-de-l-estiu\/#respond"]}]},{"@type":"WebPage","@id":"https:\/\/www.ariasassessors.com\/ca\/obligacions-fiscals-de-els-autonoms-a-la-volta-de-l-estiu\/","url":"https:\/\/www.ariasassessors.com\/ca\/obligacions-fiscals-de-els-autonoms-a-la-volta-de-l-estiu\/","name":"Obligacions fiscals dels aut\u00f2noms a la volta de l'estiu","isPartOf":{"@id":"https:\/\/www.ariasassessors.com\/#website"},"primaryImageOfPage":{"@id":"https:\/\/www.ariasassessors.com\/ca\/obligacions-fiscals-de-els-autonoms-a-la-volta-de-l-estiu\/#primaryimage"},"image":{"@id":"https:\/\/www.ariasassessors.com\/ca\/obligacions-fiscals-de-els-autonoms-a-la-volta-de-l-estiu\/#primaryimage"},"thumbnailUrl":"https:\/\/www.ariasassessors.com\/wp-content\/uploads\/2023\/08\/Arias_Blog_IMAGEN_DESTACADA-44.png","datePublished":"2023-08-03T11:26:28+00:00","dateModified":"2023-08-03T11:41:44+00:00","description":"Els aut\u00f2noms a la volta de l'estiu hauran de fer front a la presentaci\u00f3 i pagament de diferents impostos. Arias Assessors","breadcrumb":{"@id":"https:\/\/www.ariasassessors.com\/ca\/obligacions-fiscals-de-els-autonoms-a-la-volta-de-l-estiu\/#breadcrumb"},"inLanguage":"ca","potentialAction":[{"@type":"ReadAction","target":["https:\/\/www.ariasassessors.com\/ca\/obligacions-fiscals-de-els-autonoms-a-la-volta-de-l-estiu\/"]}]},{"@type":"ImageObject","inLanguage":"ca","@id":"https:\/\/www.ariasassessors.com\/ca\/obligacions-fiscals-de-els-autonoms-a-la-volta-de-l-estiu\/#primaryimage","url":"https:\/\/www.ariasassessors.com\/wp-content\/uploads\/2023\/08\/Arias_Blog_IMAGEN_DESTACADA-44.png","contentUrl":"https:\/\/www.ariasassessors.com\/wp-content\/uploads\/2023\/08\/Arias_Blog_IMAGEN_DESTACADA-44.png","width":1920,"height":1202},{"@type":"BreadcrumbList","@id":"https:\/\/www.ariasassessors.com\/ca\/obligacions-fiscals-de-els-autonoms-a-la-volta-de-l-estiu\/#breadcrumb","itemListElement":[{"@type":"ListItem","position":1,"name":"Portada","item":"https:\/\/www.ariasassessors.com\/ca\/"},{"@type":"ListItem","position":2,"name":"Totes les obligacions fiscals que tindran els aut\u00f2noms a la volta de l&#8217;estiu"}]},{"@type":"WebSite","@id":"https:\/\/www.ariasassessors.com\/#website","url":"https:\/\/www.ariasassessors.com\/","name":"Arias Assessors","description":"Asesor\u00eda para aut\u00f3nomos, profesionales y PYMES","publisher":{"@id":"https:\/\/www.ariasassessors.com\/#organization"},"potentialAction":[{"@type":"SearchAction","target":{"@type":"EntryPoint","urlTemplate":"https:\/\/www.ariasassessors.com\/?s={search_term_string}"},"query-input":{"@type":"PropertyValueSpecification","valueRequired":true,"valueName":"search_term_string"}}],"inLanguage":"ca"},{"@type":"Organization","@id":"https:\/\/www.ariasassessors.com\/#organization","name":"Arias Assessors","url":"https:\/\/www.ariasassessors.com\/","logo":{"@type":"ImageObject","inLanguage":"ca","@id":"https:\/\/www.ariasassessors.com\/#\/schema\/logo\/image\/","url":"https:\/\/www.ariasassessors.com\/wp-content\/uploads\/2019\/01\/arias-logo.png","contentUrl":"https:\/\/www.ariasassessors.com\/wp-content\/uploads\/2019\/01\/arias-logo.png","width":349,"height":254,"caption":"Arias Assessors"},"image":{"@id":"https:\/\/www.ariasassessors.com\/#\/schema\/logo\/image\/"},"sameAs":["https:\/\/www.facebook.com\/ariasassessors\/","https:\/\/x.com\/ariasassessors","https:\/\/www.linkedin.com\/company\/r&amp;amp;r-growing-knowledge\/"]},{"@type":"Person","@id":"https:\/\/www.ariasassessors.com\/#\/schema\/person\/63c6ad1775f0a9413c37932562673cef","name":"btorras","image":{"@type":"ImageObject","inLanguage":"ca","@id":"https:\/\/www.ariasassessors.com\/#\/schema\/person\/image\/","url":"https:\/\/secure.gravatar.com\/avatar\/0531db351fc361fdbfd204c58fa2d6a3?s=96&d=mm&r=g","contentUrl":"https:\/\/secure.gravatar.com\/avatar\/0531db351fc361fdbfd204c58fa2d6a3?s=96&d=mm&r=g","caption":"btorras"}}]}},"_links":{"self":[{"href":"https:\/\/www.ariasassessors.com\/ca\/wp-json\/wp\/v2\/posts\/2775","targetHints":{"allow":["GET"]}}],"collection":[{"href":"https:\/\/www.ariasassessors.com\/ca\/wp-json\/wp\/v2\/posts"}],"about":[{"href":"https:\/\/www.ariasassessors.com\/ca\/wp-json\/wp\/v2\/types\/post"}],"author":[{"embeddable":true,"href":"https:\/\/www.ariasassessors.com\/ca\/wp-json\/wp\/v2\/users\/2"}],"replies":[{"embeddable":true,"href":"https:\/\/www.ariasassessors.com\/ca\/wp-json\/wp\/v2\/comments?post=2775"}],"version-history":[{"count":2,"href":"https:\/\/www.ariasassessors.com\/ca\/wp-json\/wp\/v2\/posts\/2775\/revisions"}],"predecessor-version":[{"id":2777,"href":"https:\/\/www.ariasassessors.com\/ca\/wp-json\/wp\/v2\/posts\/2775\/revisions\/2777"}],"wp:featuredmedia":[{"embeddable":true,"href":"https:\/\/www.ariasassessors.com\/ca\/wp-json\/wp\/v2\/media\/2769"}],"wp:attachment":[{"href":"https:\/\/www.ariasassessors.com\/ca\/wp-json\/wp\/v2\/media?parent=2775"}],"wp:term":[{"taxonomy":"category","embeddable":true,"href":"https:\/\/www.ariasassessors.com\/ca\/wp-json\/wp\/v2\/categories?post=2775"},{"taxonomy":"post_tag","embeddable":true,"href":"https:\/\/www.ariasassessors.com\/ca\/wp-json\/wp\/v2\/tags?post=2775"}],"curies":[{"name":"wp","href":"https:\/\/api.w.org\/{rel}","templated":true}]}}