{"id":2801,"date":"2023-08-23T16:46:32","date_gmt":"2023-08-23T14:46:32","guid":{"rendered":"https:\/\/www.ariasassessors.com\/seguridad-social-detalla-como-deben-calcular-su-cuota-los-autonomos-societarios-o-los-colaboradores\/"},"modified":"2023-08-23T16:58:00","modified_gmt":"2023-08-23T14:58:00","slug":"seguridad-social-detalla-como-deben-calcular-su-cuota-los-autonomos-societarios-o-los-colaboradores","status":"publish","type":"post","link":"https:\/\/www.ariasassessors.com\/ca\/seguridad-social-detalla-como-deben-calcular-su-cuota-los-autonomos-societarios-o-los-colaboradores\/","title":{"rendered":"Seguretat Social detalla com han de calcular la seva quota els aut\u00f2noms societaris o els col\u00b7laboradors"},"content":{"rendered":"<p>La Tresoreria\u00a0explica\u00a0com han de calcular la seva quota per ingressos reals alguns col\u00b7lectius d&#8217;aut\u00f2noms, com els societaris, els col\u00b7laboradors familiars, artistes o religiosos. Tenen difer\u00e8ncies amb els aut\u00f2noms persona f\u00edsica.<\/p>\n<ol class=\"table-of-contents\">\n<li><a href=\"https:\/\/www.autonomosyemprendedor.es\/articulo\/tus-finanzas\/seguridad-social-detalla-como-deben-calcular-cuota-autonomos-societarios-colaboradores\/20230822125653031872.html#estas-son-las-particularidades-que-algunos-autonomos-tienen-al-calcular-sus-cuotas-por-ingresos-reales\" target=\"_blank\" rel=\"noopener\">Aquestes s\u00f3n les particularitats que alguns aut\u00f2noms tenen en calcular les seves quotes per ingressos reals<\/a>\n<ul>\n<li><a href=\"https:\/\/www.autonomosyemprendedor.es\/articulo\/tus-finanzas\/seguridad-social-detalla-como-deben-calcular-cuota-autonomos-societarios-colaboradores\/20230822125653031872.html#autonomos-societarios\">Aut\u00f2noms societaris<\/a><\/li>\n<li><a href=\"https:\/\/www.autonomosyemprendedor.es\/articulo\/tus-finanzas\/seguridad-social-detalla-como-deben-calcular-cuota-autonomos-societarios-colaboradores\/20230822125653031872.html#autonomos-colaboradores-familiares\">Aut\u00f2noms colaboradors familiars<\/a><\/li>\n<li><a href=\"https:\/\/www.autonomosyemprendedor.es\/articulo\/tus-finanzas\/seguridad-social-detalla-como-deben-calcular-cuota-autonomos-societarios-colaboradores\/20230822125653031872.html#autonomos-artistas\">Aut\u00f2noms artistas<\/a><\/li>\n<li><a href=\"https:\/\/www.autonomosyemprendedor.es\/articulo\/tus-finanzas\/seguridad-social-detalla-como-deben-calcular-cuota-autonomos-societarios-colaboradores\/20230822125653031872.html#los-autonomos-religiosos-de-la-iglesia-catolica-no-estan-sujetos-al-nuevo-sistema\">Els aut\u00f2noms religiosos de la Iglesia Cat\u00f2lica no estan subjectes al nou sistema<\/a><\/li>\n<\/ul>\n<\/li>\n<\/ol>\n<p>Des del passat 1 de gener, pr\u00e0cticament la totalitat dels aut\u00f2noms -excepte els religiosos de l&#8217;Esgl\u00e9sia Cat\u00f2lica- van passar a cotitzar en funci\u00f3 dels seus rendiments nets. Es tracta d&#8217;una f\u00f3rmula per\u00a0la qual els treballadors per compte propi, en general,\u00a0abonen les seves quotes a la Seguretat Social en funci\u00f3 dels seus\u00a0rendiments, per a aix\u00f2 s&#8217;han de calcular els seus ingressos i restar les seves despeses dedu\u00efbles. \u00c9s a dir, la majoria dels aut\u00f2noms hauran de con\u00e8ixer la seva\u00a0facturaci\u00f3 anual, a la qual\u00a0caldria restar-li les despeses dedu\u00efbles, afegint un 7% per despeses gen\u00e8riques de dif\u00edcil justificaci\u00f3.<\/p>\n<p>No obstant aix\u00f2, existeixen uns certs col\u00b7lectius d&#8217;aut\u00f2noms,\u00a0com els societaris, els col\u00b7laboradors familiars o els aut\u00f2noms artistes\u00a0el sistema dels quals per a calcular la quota que han d&#8217;abonar al R\u00e8gim Especial de Treballadors Aut\u00f2noms (RETA) \u00e9s diferent.\u00a0A m\u00e9s, en el cas dels religiosos de l&#8217;Esgl\u00e9sia Cat\u00f2lica, el nou sistema per ingressos reals no afecta a les seves cotitzacions, segons van explicar des de la Tresoreria.<\/p>\n<p>La Seguretat Social ha explicat\u00a0com han de calcular la seva quota\u00a0els treballadors per compte propi, depenent del col\u00b7lectiu d&#8217;aut\u00f2noms al qual pertanyin. Aquestes condicions\u00a0no estan incloses en la calculadora de quota que la Tresoreria ha posat a la disposici\u00f3 dels aut\u00f2noms en el seu web, ja que no discrimina per col\u00b7lectius amb particularitats, per la qual cosa conv\u00e9 tenir-les en compte per a evitar confusions.<\/p>\n<div id=\"ez-toc-container\" class=\"ez-toc-v2_0_72 counter-hierarchy ez-toc-counter ez-toc-grey ez-toc-container-direction\">\n<div class=\"ez-toc-title-container\">\n<p class=\"ez-toc-title\" style=\"cursor:inherit\">\u00cdndice de Contenidos<\/p>\n<span class=\"ez-toc-title-toggle\"><a href=\"#\" class=\"ez-toc-pull-right ez-toc-btn ez-toc-btn-xs ez-toc-btn-default ez-toc-toggle\" aria-label=\"Toggle Table of Content\"><span class=\"ez-toc-js-icon-con\"><span class=\"\"><span class=\"eztoc-hide\" style=\"display:none;\">Toggle<\/span><span class=\"ez-toc-icon-toggle-span\"><svg style=\"fill: #428bca;color:#428bca\" xmlns=\"http:\/\/www.w3.org\/2000\/svg\" class=\"list-377408\" width=\"20px\" height=\"20px\" viewBox=\"0 0 24 24\" fill=\"none\"><path d=\"M6 6H4v2h2V6zm14 0H8v2h12V6zM4 11h2v2H4v-2zm16 0H8v2h12v-2zM4 16h2v2H4v-2zm16 0H8v2h12v-2z\" fill=\"currentColor\"><\/path><\/svg><svg style=\"fill: #428bca;color:#428bca\" class=\"arrow-unsorted-368013\" xmlns=\"http:\/\/www.w3.org\/2000\/svg\" width=\"10px\" height=\"10px\" viewBox=\"0 0 24 24\" version=\"1.2\" baseProfile=\"tiny\"><path d=\"M18.2 9.3l-6.2-6.3-6.2 6.3c-.2.2-.3.4-.3.7s.1.5.3.7c.2.2.4.3.7.3h11c.3 0 .5-.1.7-.3.2-.2.3-.5.3-.7s-.1-.5-.3-.7zM5.8 14.7l6.2 6.3 6.2-6.3c.2-.2.3-.5.3-.7s-.1-.5-.3-.7c-.2-.2-.4-.3-.7-.3h-11c-.3 0-.5.1-.7.3-.2.2-.3.5-.3.7s.1.5.3.7z\"\/><\/svg><\/span><\/span><\/span><\/a><\/span><\/div>\n<nav><ul class='ez-toc-list ez-toc-list-level-1 eztoc-toggle-hide-by-default' ><li class='ez-toc-page-1 ez-toc-heading-level-2'><a class=\"ez-toc-link ez-toc-heading-1\" href=\"https:\/\/www.ariasassessors.com\/ca\/seguridad-social-detalla-como-deben-calcular-su-cuota-los-autonomos-societarios-o-los-colaboradores\/#Aquestes_son_les_particularitats_que_alguns_autonoms_tenen_en_calcular_les_seves_quotes_per_ingressos_reals\" title=\"Aquestes s\u00f3n les particularitats que alguns aut\u00f2noms tenen en calcular les seves quotes per ingressos reals\">Aquestes s\u00f3n les particularitats que alguns aut\u00f2noms tenen en calcular les seves quotes per ingressos reals<\/a><\/li><li class='ez-toc-page-1 ez-toc-heading-level-2'><a class=\"ez-toc-link ez-toc-heading-2\" href=\"https:\/\/www.ariasassessors.com\/ca\/seguridad-social-detalla-como-deben-calcular-su-cuota-los-autonomos-societarios-o-los-colaboradores\/#Autonoms_societaris\" title=\"Aut\u00f2noms societaris\">Aut\u00f2noms societaris<\/a><ul class='ez-toc-list-level-3' ><li class='ez-toc-heading-level-3'><a class=\"ez-toc-link ez-toc-heading-3\" href=\"https:\/\/www.ariasassessors.com\/ca\/seguridad-social-detalla-como-deben-calcular-su-cuota-los-autonomos-societarios-o-los-colaboradores\/#Autonoms_collaboradors_familiars\" title=\"Aut\u00f2noms col\u00b7laboradors familiars\">Aut\u00f2noms col\u00b7laboradors familiars<\/a><\/li><li class='ez-toc-page-1 ez-toc-heading-level-3'><a class=\"ez-toc-link ez-toc-heading-4\" href=\"https:\/\/www.ariasassessors.com\/ca\/seguridad-social-detalla-como-deben-calcular-su-cuota-los-autonomos-societarios-o-los-colaboradores\/#Autonoms_artistas\" title=\"Aut\u00f2noms artistas\">Aut\u00f2noms artistas<\/a><\/li><li class='ez-toc-page-1 ez-toc-heading-level-3'><a class=\"ez-toc-link ez-toc-heading-5\" href=\"https:\/\/www.ariasassessors.com\/ca\/seguridad-social-detalla-como-deben-calcular-su-cuota-los-autonomos-societarios-o-los-colaboradores\/#Els_autonoms_religiosos_de_lEsglesia_Catolica_no_estan_subjectes_al_nou_sistema\" title=\"Els aut\u00f2noms religiosos de l&#8217;Esgl\u00e9sia Cat\u00f2lica no estan subjectes al nou sistema\">Els aut\u00f2noms religiosos de l&#8217;Esgl\u00e9sia Cat\u00f2lica no estan subjectes al nou sistema<\/a><\/li><\/ul><\/li><\/ul><\/nav><\/div>\n<h2 id=\"estas-son-las-particularidades-que-algunos-autonomos-tienen-al-calcular-sus-cuotas-por-ingresos-reales\"><span class=\"ez-toc-section\" id=\"Aquestes_son_les_particularitats_que_alguns_autonoms_tenen_en_calcular_les_seves_quotes_per_ingressos_reals\"><\/span>Aquestes s\u00f3n les particularitats que alguns aut\u00f2noms tenen en calcular les seves quotes per ingressos reals<span class=\"ez-toc-section-end\"><\/span><\/h2>\n<div class=\"traductor-textarea form-group\">\n<div class=\"textarea-desti col-xs-12 col-sm-6\">\n<h2 class=\"form-control second-textarea\"><span class=\"ez-toc-section\" id=\"Autonoms_societaris\"><\/span>Aut\u00f2noms societaris<span class=\"ez-toc-section-end\"><\/span><\/h2>\n<\/div>\n<\/div>\n<p>Segons van explicar des de la Seguretat Social, a l&#8217;hora de calcular la seva quota per ingressos reals, els aut\u00f2noms societaris han d&#8217;incloure com a rendiments nets computables els seg\u00fcents:<\/p>\n<ul>\n<li>Els rendiments dineraris o en esp\u00e8cie\u00a0que derivin de la societat.<\/li>\n<li>Els rendiments de treball\u00a0derivats de l&#8217;activitat en l&#8217;empresa, en cas de tenir una n\u00f2mina.<\/li>\n<li>\n<div class=\"traductor-textarea form-group\">\n<div class=\"textarea-desti col-xs-12 col-sm-6\">\n<div class=\"form-control second-textarea\">Els\u00a0rendiments obtinguts de la pr\u00f2pia activitat econ\u00f2mica.<\/div>\n<\/div>\n<\/div>\n<div class=\"traductor-checkbox form-group\"><\/div>\n<\/li>\n<\/ul>\n<p>\u201cUna vegada calculats els rendiments nets obtinguts de les diferents activitats com a aut\u00f2nom,\u00a0se sumar\u00e0 l&#8217;import de les quotes abonades a la Seguretat Social. El c\u00e0lcul d&#8217;aquests rendiments nets es realitzar\u00e0 segons el que es preveu en la normativa sobre l&#8217;Impost sobre la Renda de les Persones F\u00edsiques (IRPF)\u201d, van explicar des de la Tresoreria.<\/p>\n<p>D&#8217;altra banda, en el cas dels aut\u00f2noms societaris que hagin estat donats d&#8217;alta en el R\u00e8gim Especial de Treballadors Aut\u00f2noms (RETA) un m\u00ednim de 90 dies durant l&#8217;any natural,\u00a0la deducci\u00f3 per despeses gen\u00e8riques -de dif\u00edcil justificaci\u00f3- es redueix\u00a0al 3%.\u00a0Aix\u00f2 \u00e9s pel fet que, sovint, aquest tipus de treballadors per compte propi ja dedueixen unes certes despeses en l&#8217;Impost de Societats.<\/p>\n<p>D&#8217;altra banda, tal com van explicar des de la Seguretat Social, els aut\u00f2noms societaris que hagin estat d&#8217;alta en el RETA \u201calmenys 90 dies l&#8217;any natural,\u00a0la base de cotitzaci\u00f3 m\u00ednima no podr\u00e0 ser inferior a 1.000 euros, amb independ\u00e8ncia de la previsi\u00f3 de rendiments.\u201d \u00c9s a dir,\u00a0com a m\u00ednim, els aut\u00f2noms societaris pagaran, aquest 2023, una quota al RETA de 306 euros, segons les taules de la Tresoreria.<\/p>\n<div class=\"traductor-textarea form-group\">\n<div class=\"textarea-desti col-xs-12 col-sm-6\">\n<h3 class=\"form-control second-textarea\"><span class=\"ez-toc-section\" id=\"Autonoms_collaboradors_familiars\"><\/span>Aut\u00f2noms col\u00b7laboradors familiars<span class=\"ez-toc-section-end\"><\/span><\/h3>\n<\/div>\n<\/div>\n<p>Els aut\u00f2noms col\u00b7laboradors que estiguin donats d&#8217;alta m\u00e9s de 90 dies durant l&#8217;any natural tamb\u00e9 tenen, igual que els societaris,\u00a0una base m\u00ednima de cotitzaci\u00f3 de 1.000 euros. Fins i tot, encara que els seus rendiments nets siguin inferiors a aquesta xifra, segons van explicar des de la Seguretat Social.<\/p>\n<p>No obstant aix\u00f2, els aut\u00f2noms col\u00b7laboradors familiars estan subjectes a\u00a0uns certs beneficis durant els seus primers dos anys d&#8217;activitat: una reducci\u00f3 del 50% durant els primers 18 mesos i del 25% durant els sis seg\u00fcents. \u00c9s a dir,\u00a0153 euros de quota en el primer any i mig d&#8217;activitat, i 229,5 euros mensuals fins a complir els dos anys\u00a0d&#8217;alta en el RETA.<\/p>\n<h3 id=\"autonomos-artistas\"><span class=\"ez-toc-section\" id=\"Autonoms_artistas\"><\/span>Aut\u00f2noms artistas<span class=\"ez-toc-section-end\"><\/span><\/h3>\n<p>En el cas dels aut\u00f2noms artistes, la Seguretat Social estableix un sistema especial per a calcular -i reportar- les seves quotes al RETA,\u00a0sempre que compleixin amb la condici\u00f3 de comptar amb uns rendiments nets inferiors a 3.000 euros a l&#8217;any. O, cosa que \u00e9s el mateix, 250 euros al mes.<\/p>\n<p>En aquests casos, es permet\u00a0cotitzar per una base redu\u00efda de 526,14 euros mensuals. \u00c9s a dir,\u00a0161 euros al mes, en lloc dels 234,51 euros de quota m\u00ednima\u00a0que enguany pagaran els treballadors per compte propi.<\/p>\n<p>A m\u00e9s, els aut\u00f2noms artistes que compleixin amb aquestes condicions\u00a0podran sol\u00b7licitar a la Tresoreria la meritaci\u00f3 de les seves quotes al RETA de manera trimestral, en lloc de mes a mes. En aquests casos, els mesos de pagament seran abril -les quotes del primer trimestre-, juliol, octubre i gener, respectivament.<\/p>\n<p>Finalment, \u201camb car\u00e0cter general,\u00a0no es procedir\u00e0 a la regularitzaci\u00f3 de quotes quan la mitjana dels rendiments nets mensuals obtinguts sigui igual o inferior als 3.000 euros\u00a0anuals\u201d, van explicar des de la Seguretat Social. En cas contrari, la Tresoreria s\u00ed que procedir\u00e0 a la regularitzaci\u00f3 de quotes.<\/p>\n<h3 id=\"los-autonomos-religiosos-de-la-iglesia-catolica-no-estan-sujetos-al-nuevo-sistema\"><span class=\"ez-toc-section\" id=\"Els_autonoms_religiosos_de_lEsglesia_Catolica_no_estan_subjectes_al_nou_sistema\"><\/span>Els aut\u00f2noms religiosos de l&#8217;Esgl\u00e9sia Cat\u00f2lica no estan subjectes al nou sistema<span class=\"ez-toc-section-end\"><\/span><\/h3>\n<p>Finalment, en el cas dels religiosos de l&#8217;Esgl\u00e9sia Cat\u00f2lica que cotitzen dins del R\u00e8gim Especial de Treballadors Aut\u00f2noms, la Seguretat Social va recordar que aquest col\u00b7lectiu \u201cno cotitza conforme al nou sistema de cotitzaci\u00f3 per a aut\u00f2noms. Per a l&#8217;any 2023, hauran de triar una base de cotitzaci\u00f3 no inferior a 898,69 euros al mes ni superior a 4.495,50 euros al mes\u201d, van afegir.<\/p>\n<p>Prenent com a refer\u00e8ncia la calculadora de la Tresoreria, els sacerdots, monges i altres religiosos de l&#8217;Esgl\u00e9sia Cat\u00f2lica\u00a0haurien d&#8217;abonar mensualment una quota m\u00ednima d&#8217;uns 280 euros, i un m\u00e0xim de 1.402,60 euros, la quantitat m\u00e9s elevada que es contempla en el RETA per a enguany.<\/p>\n","protected":false},"excerpt":{"rendered":"<p>La Tresoreria\u00a0explica\u00a0com han de calcular la seva quota per ingressos reals alguns col\u00b7lectius d&#8217;aut\u00f2noms, com els societaris, els col\u00b7laboradors familiars, artistes o religiosos. Tenen difer\u00e8ncies amb els aut\u00f2noms persona f\u00edsica. Aquestes s\u00f3n les particularitats que alguns aut\u00f2noms tenen en calcular les seves quotes per ingressos&#8230;<\/p>\n","protected":false},"author":2,"featured_media":2803,"comment_status":"open","ping_status":"open","sticky":false,"template":"","format":"standard","meta":{"footnotes":""},"categories":[4],"tags":[],"class_list":["post-2801","post","type-post","status-publish","format-standard","has-post-thumbnail","hentry","category-noticies"],"yoast_head":"<!-- This site is optimized with the Yoast SEO plugin v24.3 - https:\/\/yoast.com\/wordpress\/plugins\/seo\/ -->\n<title>Seguretat Social detalla com han de calcular la seva quota els aut\u00f2noms societaris o els col\u00b7laboradors | Arias Assessors<\/title>\n<meta name=\"robots\" content=\"index, follow, max-snippet:-1, max-image-preview:large, max-video-preview:-1\" \/>\n<link rel=\"canonical\" href=\"https:\/\/www.ariasassessors.com\/ca\/seguridad-social-detalla-como-deben-calcular-su-cuota-los-autonomos-societarios-o-los-colaboradores\/\" \/>\n<meta property=\"og:locale\" content=\"ca_ES\" \/>\n<meta property=\"og:type\" content=\"article\" \/>\n<meta property=\"og:title\" content=\"Seguretat Social detalla com han de calcular la seva quota els aut\u00f2noms societaris o els col\u00b7laboradors | Arias Assessors\" \/>\n<meta property=\"og:description\" content=\"La Tresoreria\u00a0explica\u00a0com han de calcular la seva quota per ingressos reals alguns col\u00b7lectius d&#8217;aut\u00f2noms, com els societaris, els col\u00b7laboradors familiars, artistes o religiosos. Tenen difer\u00e8ncies amb els aut\u00f2noms persona f\u00edsica. Aquestes s\u00f3n les particularitats que alguns aut\u00f2noms tenen en calcular les seves quotes per ingressos...\" \/>\n<meta property=\"og:url\" content=\"https:\/\/www.ariasassessors.com\/ca\/seguridad-social-detalla-como-deben-calcular-su-cuota-los-autonomos-societarios-o-los-colaboradores\/\" \/>\n<meta property=\"og:site_name\" content=\"Arias Assessors\" \/>\n<meta property=\"article:publisher\" content=\"https:\/\/www.facebook.com\/ariasassessors\/\" \/>\n<meta property=\"article:published_time\" content=\"2023-08-23T14:46:32+00:00\" \/>\n<meta property=\"article:modified_time\" content=\"2023-08-23T14:58:00+00:00\" \/>\n<meta property=\"og:image\" content=\"https:\/\/www.ariasassessors.com\/wp-content\/uploads\/2023\/08\/Arias_Blog_IMAGEN_DESTACADA-48.png\" \/>\n\t<meta property=\"og:image:width\" content=\"1920\" \/>\n\t<meta property=\"og:image:height\" content=\"1202\" \/>\n\t<meta property=\"og:image:type\" content=\"image\/png\" \/>\n<meta name=\"author\" content=\"btorras\" \/>\n<meta name=\"twitter:card\" content=\"summary_large_image\" \/>\n<meta name=\"twitter:creator\" content=\"@ariasassessors\" \/>\n<meta name=\"twitter:site\" content=\"@ariasassessors\" \/>\n<meta name=\"twitter:label1\" content=\"Escrit per\" \/>\n\t<meta name=\"twitter:data1\" content=\"btorras\" \/>\n\t<meta name=\"twitter:label2\" content=\"Temps estimat de lectura\" \/>\n\t<meta name=\"twitter:data2\" content=\"5 minuts\" \/>\n<script type=\"application\/ld+json\" class=\"yoast-schema-graph\">{\"@context\":\"https:\/\/schema.org\",\"@graph\":[{\"@type\":\"Article\",\"@id\":\"https:\/\/www.ariasassessors.com\/ca\/seguridad-social-detalla-como-deben-calcular-su-cuota-los-autonomos-societarios-o-los-colaboradores\/#article\",\"isPartOf\":{\"@id\":\"https:\/\/www.ariasassessors.com\/ca\/seguridad-social-detalla-como-deben-calcular-su-cuota-los-autonomos-societarios-o-los-colaboradores\/\"},\"author\":{\"name\":\"btorras\",\"@id\":\"https:\/\/www.ariasassessors.com\/#\/schema\/person\/63c6ad1775f0a9413c37932562673cef\"},\"headline\":\"Seguretat Social detalla com han de calcular la seva quota els aut\u00f2noms societaris o els col\u00b7laboradors\",\"datePublished\":\"2023-08-23T14:46:32+00:00\",\"dateModified\":\"2023-08-23T14:58:00+00:00\",\"mainEntityOfPage\":{\"@id\":\"https:\/\/www.ariasassessors.com\/ca\/seguridad-social-detalla-como-deben-calcular-su-cuota-los-autonomos-societarios-o-los-colaboradores\/\"},\"wordCount\":1088,\"commentCount\":0,\"publisher\":{\"@id\":\"https:\/\/www.ariasassessors.com\/#organization\"},\"image\":{\"@id\":\"https:\/\/www.ariasassessors.com\/ca\/seguridad-social-detalla-como-deben-calcular-su-cuota-los-autonomos-societarios-o-los-colaboradores\/#primaryimage\"},\"thumbnailUrl\":\"https:\/\/www.ariasassessors.com\/wp-content\/uploads\/2023\/08\/Arias_Blog_IMAGEN_DESTACADA-48.png\",\"articleSection\":[\"noticies\"],\"inLanguage\":\"ca\",\"potentialAction\":[{\"@type\":\"CommentAction\",\"name\":\"Comment\",\"target\":[\"https:\/\/www.ariasassessors.com\/ca\/seguridad-social-detalla-como-deben-calcular-su-cuota-los-autonomos-societarios-o-los-colaboradores\/#respond\"]}]},{\"@type\":\"WebPage\",\"@id\":\"https:\/\/www.ariasassessors.com\/ca\/seguridad-social-detalla-como-deben-calcular-su-cuota-los-autonomos-societarios-o-los-colaboradores\/\",\"url\":\"https:\/\/www.ariasassessors.com\/ca\/seguridad-social-detalla-como-deben-calcular-su-cuota-los-autonomos-societarios-o-los-colaboradores\/\",\"name\":\"Seguretat Social detalla com han de calcular la seva quota els aut\u00f2noms societaris o els col\u00b7laboradors | Arias Assessors\",\"isPartOf\":{\"@id\":\"https:\/\/www.ariasassessors.com\/#website\"},\"primaryImageOfPage\":{\"@id\":\"https:\/\/www.ariasassessors.com\/ca\/seguridad-social-detalla-como-deben-calcular-su-cuota-los-autonomos-societarios-o-los-colaboradores\/#primaryimage\"},\"image\":{\"@id\":\"https:\/\/www.ariasassessors.com\/ca\/seguridad-social-detalla-como-deben-calcular-su-cuota-los-autonomos-societarios-o-los-colaboradores\/#primaryimage\"},\"thumbnailUrl\":\"https:\/\/www.ariasassessors.com\/wp-content\/uploads\/2023\/08\/Arias_Blog_IMAGEN_DESTACADA-48.png\",\"datePublished\":\"2023-08-23T14:46:32+00:00\",\"dateModified\":\"2023-08-23T14:58:00+00:00\",\"breadcrumb\":{\"@id\":\"https:\/\/www.ariasassessors.com\/ca\/seguridad-social-detalla-como-deben-calcular-su-cuota-los-autonomos-societarios-o-los-colaboradores\/#breadcrumb\"},\"inLanguage\":\"ca\",\"potentialAction\":[{\"@type\":\"ReadAction\",\"target\":[\"https:\/\/www.ariasassessors.com\/ca\/seguridad-social-detalla-como-deben-calcular-su-cuota-los-autonomos-societarios-o-los-colaboradores\/\"]}]},{\"@type\":\"ImageObject\",\"inLanguage\":\"ca\",\"@id\":\"https:\/\/www.ariasassessors.com\/ca\/seguridad-social-detalla-como-deben-calcular-su-cuota-los-autonomos-societarios-o-los-colaboradores\/#primaryimage\",\"url\":\"https:\/\/www.ariasassessors.com\/wp-content\/uploads\/2023\/08\/Arias_Blog_IMAGEN_DESTACADA-48.png\",\"contentUrl\":\"https:\/\/www.ariasassessors.com\/wp-content\/uploads\/2023\/08\/Arias_Blog_IMAGEN_DESTACADA-48.png\",\"width\":1920,\"height\":1202},{\"@type\":\"BreadcrumbList\",\"@id\":\"https:\/\/www.ariasassessors.com\/ca\/seguridad-social-detalla-como-deben-calcular-su-cuota-los-autonomos-societarios-o-los-colaboradores\/#breadcrumb\",\"itemListElement\":[{\"@type\":\"ListItem\",\"position\":1,\"name\":\"Portada\",\"item\":\"https:\/\/www.ariasassessors.com\/ca\/\"},{\"@type\":\"ListItem\",\"position\":2,\"name\":\"Seguretat Social detalla com han de calcular la seva quota els aut\u00f2noms societaris o els col\u00b7laboradors\"}]},{\"@type\":\"WebSite\",\"@id\":\"https:\/\/www.ariasassessors.com\/#website\",\"url\":\"https:\/\/www.ariasassessors.com\/\",\"name\":\"Arias Assessors\",\"description\":\"Asesor\u00eda para aut\u00f3nomos, profesionales y PYMES\",\"publisher\":{\"@id\":\"https:\/\/www.ariasassessors.com\/#organization\"},\"potentialAction\":[{\"@type\":\"SearchAction\",\"target\":{\"@type\":\"EntryPoint\",\"urlTemplate\":\"https:\/\/www.ariasassessors.com\/?s={search_term_string}\"},\"query-input\":{\"@type\":\"PropertyValueSpecification\",\"valueRequired\":true,\"valueName\":\"search_term_string\"}}],\"inLanguage\":\"ca\"},{\"@type\":\"Organization\",\"@id\":\"https:\/\/www.ariasassessors.com\/#organization\",\"name\":\"Arias Assessors\",\"url\":\"https:\/\/www.ariasassessors.com\/\",\"logo\":{\"@type\":\"ImageObject\",\"inLanguage\":\"ca\",\"@id\":\"https:\/\/www.ariasassessors.com\/#\/schema\/logo\/image\/\",\"url\":\"https:\/\/www.ariasassessors.com\/wp-content\/uploads\/2019\/01\/arias-logo.png\",\"contentUrl\":\"https:\/\/www.ariasassessors.com\/wp-content\/uploads\/2019\/01\/arias-logo.png\",\"width\":349,\"height\":254,\"caption\":\"Arias Assessors\"},\"image\":{\"@id\":\"https:\/\/www.ariasassessors.com\/#\/schema\/logo\/image\/\"},\"sameAs\":[\"https:\/\/www.facebook.com\/ariasassessors\/\",\"https:\/\/x.com\/ariasassessors\",\"https:\/\/www.linkedin.com\/company\/r&amp;amp;r-growing-knowledge\/\"]},{\"@type\":\"Person\",\"@id\":\"https:\/\/www.ariasassessors.com\/#\/schema\/person\/63c6ad1775f0a9413c37932562673cef\",\"name\":\"btorras\",\"image\":{\"@type\":\"ImageObject\",\"inLanguage\":\"ca\",\"@id\":\"https:\/\/www.ariasassessors.com\/#\/schema\/person\/image\/\",\"url\":\"https:\/\/secure.gravatar.com\/avatar\/0531db351fc361fdbfd204c58fa2d6a3?s=96&d=mm&r=g\",\"contentUrl\":\"https:\/\/secure.gravatar.com\/avatar\/0531db351fc361fdbfd204c58fa2d6a3?s=96&d=mm&r=g\",\"caption\":\"btorras\"}}]}<\/script>\n<!-- \/ Yoast SEO plugin. -->","yoast_head_json":{"title":"Seguretat Social detalla com han de calcular la seva quota els aut\u00f2noms societaris o els col\u00b7laboradors | Arias Assessors","robots":{"index":"index","follow":"follow","max-snippet":"max-snippet:-1","max-image-preview":"max-image-preview:large","max-video-preview":"max-video-preview:-1"},"canonical":"https:\/\/www.ariasassessors.com\/ca\/seguridad-social-detalla-como-deben-calcular-su-cuota-los-autonomos-societarios-o-los-colaboradores\/","og_locale":"ca_ES","og_type":"article","og_title":"Seguretat Social detalla com han de calcular la seva quota els aut\u00f2noms societaris o els col\u00b7laboradors | Arias Assessors","og_description":"La Tresoreria\u00a0explica\u00a0com han de calcular la seva quota per ingressos reals alguns col\u00b7lectius d&#8217;aut\u00f2noms, com els societaris, els col\u00b7laboradors familiars, artistes o religiosos. Tenen difer\u00e8ncies amb els aut\u00f2noms persona f\u00edsica. Aquestes s\u00f3n les particularitats que alguns aut\u00f2noms tenen en calcular les seves quotes per ingressos...","og_url":"https:\/\/www.ariasassessors.com\/ca\/seguridad-social-detalla-como-deben-calcular-su-cuota-los-autonomos-societarios-o-los-colaboradores\/","og_site_name":"Arias Assessors","article_publisher":"https:\/\/www.facebook.com\/ariasassessors\/","article_published_time":"2023-08-23T14:46:32+00:00","article_modified_time":"2023-08-23T14:58:00+00:00","og_image":[{"width":1920,"height":1202,"url":"https:\/\/www.ariasassessors.com\/wp-content\/uploads\/2023\/08\/Arias_Blog_IMAGEN_DESTACADA-48.png","type":"image\/png"}],"author":"btorras","twitter_card":"summary_large_image","twitter_creator":"@ariasassessors","twitter_site":"@ariasassessors","twitter_misc":{"Escrit per":"btorras","Temps estimat de lectura":"5 minuts"},"schema":{"@context":"https:\/\/schema.org","@graph":[{"@type":"Article","@id":"https:\/\/www.ariasassessors.com\/ca\/seguridad-social-detalla-como-deben-calcular-su-cuota-los-autonomos-societarios-o-los-colaboradores\/#article","isPartOf":{"@id":"https:\/\/www.ariasassessors.com\/ca\/seguridad-social-detalla-como-deben-calcular-su-cuota-los-autonomos-societarios-o-los-colaboradores\/"},"author":{"name":"btorras","@id":"https:\/\/www.ariasassessors.com\/#\/schema\/person\/63c6ad1775f0a9413c37932562673cef"},"headline":"Seguretat Social detalla com han de calcular la seva quota els aut\u00f2noms societaris o els col\u00b7laboradors","datePublished":"2023-08-23T14:46:32+00:00","dateModified":"2023-08-23T14:58:00+00:00","mainEntityOfPage":{"@id":"https:\/\/www.ariasassessors.com\/ca\/seguridad-social-detalla-como-deben-calcular-su-cuota-los-autonomos-societarios-o-los-colaboradores\/"},"wordCount":1088,"commentCount":0,"publisher":{"@id":"https:\/\/www.ariasassessors.com\/#organization"},"image":{"@id":"https:\/\/www.ariasassessors.com\/ca\/seguridad-social-detalla-como-deben-calcular-su-cuota-los-autonomos-societarios-o-los-colaboradores\/#primaryimage"},"thumbnailUrl":"https:\/\/www.ariasassessors.com\/wp-content\/uploads\/2023\/08\/Arias_Blog_IMAGEN_DESTACADA-48.png","articleSection":["noticies"],"inLanguage":"ca","potentialAction":[{"@type":"CommentAction","name":"Comment","target":["https:\/\/www.ariasassessors.com\/ca\/seguridad-social-detalla-como-deben-calcular-su-cuota-los-autonomos-societarios-o-los-colaboradores\/#respond"]}]},{"@type":"WebPage","@id":"https:\/\/www.ariasassessors.com\/ca\/seguridad-social-detalla-como-deben-calcular-su-cuota-los-autonomos-societarios-o-los-colaboradores\/","url":"https:\/\/www.ariasassessors.com\/ca\/seguridad-social-detalla-como-deben-calcular-su-cuota-los-autonomos-societarios-o-los-colaboradores\/","name":"Seguretat Social detalla com han de calcular la seva quota els aut\u00f2noms societaris o els col\u00b7laboradors | Arias Assessors","isPartOf":{"@id":"https:\/\/www.ariasassessors.com\/#website"},"primaryImageOfPage":{"@id":"https:\/\/www.ariasassessors.com\/ca\/seguridad-social-detalla-como-deben-calcular-su-cuota-los-autonomos-societarios-o-los-colaboradores\/#primaryimage"},"image":{"@id":"https:\/\/www.ariasassessors.com\/ca\/seguridad-social-detalla-como-deben-calcular-su-cuota-los-autonomos-societarios-o-los-colaboradores\/#primaryimage"},"thumbnailUrl":"https:\/\/www.ariasassessors.com\/wp-content\/uploads\/2023\/08\/Arias_Blog_IMAGEN_DESTACADA-48.png","datePublished":"2023-08-23T14:46:32+00:00","dateModified":"2023-08-23T14:58:00+00:00","breadcrumb":{"@id":"https:\/\/www.ariasassessors.com\/ca\/seguridad-social-detalla-como-deben-calcular-su-cuota-los-autonomos-societarios-o-los-colaboradores\/#breadcrumb"},"inLanguage":"ca","potentialAction":[{"@type":"ReadAction","target":["https:\/\/www.ariasassessors.com\/ca\/seguridad-social-detalla-como-deben-calcular-su-cuota-los-autonomos-societarios-o-los-colaboradores\/"]}]},{"@type":"ImageObject","inLanguage":"ca","@id":"https:\/\/www.ariasassessors.com\/ca\/seguridad-social-detalla-como-deben-calcular-su-cuota-los-autonomos-societarios-o-los-colaboradores\/#primaryimage","url":"https:\/\/www.ariasassessors.com\/wp-content\/uploads\/2023\/08\/Arias_Blog_IMAGEN_DESTACADA-48.png","contentUrl":"https:\/\/www.ariasassessors.com\/wp-content\/uploads\/2023\/08\/Arias_Blog_IMAGEN_DESTACADA-48.png","width":1920,"height":1202},{"@type":"BreadcrumbList","@id":"https:\/\/www.ariasassessors.com\/ca\/seguridad-social-detalla-como-deben-calcular-su-cuota-los-autonomos-societarios-o-los-colaboradores\/#breadcrumb","itemListElement":[{"@type":"ListItem","position":1,"name":"Portada","item":"https:\/\/www.ariasassessors.com\/ca\/"},{"@type":"ListItem","position":2,"name":"Seguretat Social detalla com han de calcular la seva quota els aut\u00f2noms societaris o els col\u00b7laboradors"}]},{"@type":"WebSite","@id":"https:\/\/www.ariasassessors.com\/#website","url":"https:\/\/www.ariasassessors.com\/","name":"Arias Assessors","description":"Asesor\u00eda para aut\u00f3nomos, profesionales y PYMES","publisher":{"@id":"https:\/\/www.ariasassessors.com\/#organization"},"potentialAction":[{"@type":"SearchAction","target":{"@type":"EntryPoint","urlTemplate":"https:\/\/www.ariasassessors.com\/?s={search_term_string}"},"query-input":{"@type":"PropertyValueSpecification","valueRequired":true,"valueName":"search_term_string"}}],"inLanguage":"ca"},{"@type":"Organization","@id":"https:\/\/www.ariasassessors.com\/#organization","name":"Arias Assessors","url":"https:\/\/www.ariasassessors.com\/","logo":{"@type":"ImageObject","inLanguage":"ca","@id":"https:\/\/www.ariasassessors.com\/#\/schema\/logo\/image\/","url":"https:\/\/www.ariasassessors.com\/wp-content\/uploads\/2019\/01\/arias-logo.png","contentUrl":"https:\/\/www.ariasassessors.com\/wp-content\/uploads\/2019\/01\/arias-logo.png","width":349,"height":254,"caption":"Arias Assessors"},"image":{"@id":"https:\/\/www.ariasassessors.com\/#\/schema\/logo\/image\/"},"sameAs":["https:\/\/www.facebook.com\/ariasassessors\/","https:\/\/x.com\/ariasassessors","https:\/\/www.linkedin.com\/company\/r&amp;amp;r-growing-knowledge\/"]},{"@type":"Person","@id":"https:\/\/www.ariasassessors.com\/#\/schema\/person\/63c6ad1775f0a9413c37932562673cef","name":"btorras","image":{"@type":"ImageObject","inLanguage":"ca","@id":"https:\/\/www.ariasassessors.com\/#\/schema\/person\/image\/","url":"https:\/\/secure.gravatar.com\/avatar\/0531db351fc361fdbfd204c58fa2d6a3?s=96&d=mm&r=g","contentUrl":"https:\/\/secure.gravatar.com\/avatar\/0531db351fc361fdbfd204c58fa2d6a3?s=96&d=mm&r=g","caption":"btorras"}}]}},"_links":{"self":[{"href":"https:\/\/www.ariasassessors.com\/ca\/wp-json\/wp\/v2\/posts\/2801","targetHints":{"allow":["GET"]}}],"collection":[{"href":"https:\/\/www.ariasassessors.com\/ca\/wp-json\/wp\/v2\/posts"}],"about":[{"href":"https:\/\/www.ariasassessors.com\/ca\/wp-json\/wp\/v2\/types\/post"}],"author":[{"embeddable":true,"href":"https:\/\/www.ariasassessors.com\/ca\/wp-json\/wp\/v2\/users\/2"}],"replies":[{"embeddable":true,"href":"https:\/\/www.ariasassessors.com\/ca\/wp-json\/wp\/v2\/comments?post=2801"}],"version-history":[{"count":2,"href":"https:\/\/www.ariasassessors.com\/ca\/wp-json\/wp\/v2\/posts\/2801\/revisions"}],"predecessor-version":[{"id":2805,"href":"https:\/\/www.ariasassessors.com\/ca\/wp-json\/wp\/v2\/posts\/2801\/revisions\/2805"}],"wp:featuredmedia":[{"embeddable":true,"href":"https:\/\/www.ariasassessors.com\/ca\/wp-json\/wp\/v2\/media\/2803"}],"wp:attachment":[{"href":"https:\/\/www.ariasassessors.com\/ca\/wp-json\/wp\/v2\/media?parent=2801"}],"wp:term":[{"taxonomy":"category","embeddable":true,"href":"https:\/\/www.ariasassessors.com\/ca\/wp-json\/wp\/v2\/categories?post=2801"},{"taxonomy":"post_tag","embeddable":true,"href":"https:\/\/www.ariasassessors.com\/ca\/wp-json\/wp\/v2\/tags?post=2801"}],"curies":[{"name":"wp","href":"https:\/\/api.w.org\/{rel}","templated":true}]}}