{"id":2853,"date":"2023-08-30T10:14:46","date_gmt":"2023-08-30T08:14:46","guid":{"rendered":"https:\/\/www.ariasassessors.com\/?p=2853"},"modified":"2023-08-31T12:17:19","modified_gmt":"2023-08-31T10:17:19","slug":"hisenda-obligara-a-declarar-la-renda-a-qualsevol-persona-que-es-doni-dalta-com-a-autonom-en-2023","status":"publish","type":"post","link":"https:\/\/www.ariasassessors.com\/ca\/hisenda-obligara-a-declarar-la-renda-a-qualsevol-persona-que-es-doni-dalta-com-a-autonom-en-2023\/","title":{"rendered":"Hisenda obligar\u00e0 a declarar la RENDA a qualsevol persona que es doni d&#8217;alta com a aut\u00f2nom en 2023"},"content":{"rendered":"<p>Qualsevol contribuent que s&#8217;hagi donat d&#8217;alta com a aut\u00f2nom entre gener i desembre de 2023 estar\u00e0 obligat a declarar la RENDA a l&#8217;any que ve, independentment dels seus ingressos i del temps que duri la seva situaci\u00f3.<\/p>\n<p>El mes de gener passat va entrar en vigor el sistema de cotitzaci\u00f3 per ingressos reals, un r\u00e8gim que ha incl\u00f2s diferents canvis per als aut\u00f2noms en les seves quotes per\u00f2 tamb\u00e9 en els seus impostos. Una de les novetats m\u00e9s importants per al col\u00b7lectiu \u00e9s que, per primera vegada, <strong>qualsevol emprenedor<\/strong> que decideixi donar-se <strong>d&#8217;alta com a aut\u00f2nom en 2023<\/strong> passar\u00e0 autom\u00e0ticament a estar <a href=\"https:\/\/www.autonomosyemprendedor.es\/articulo\/actualidad\/partir-que-limite-estaran-obligados-autonomos-hacer-declaracion-renta-ano\/20230210100331029230.html\">obligat a declarar la RENDA.<\/a><\/p>\n<p>Fins avui, els aut\u00f2noms, com qualsevol altre contribuent, <strong>tenien uns l\u00edmits que determinaven la seva obligaci\u00f3<\/strong> o no de presentar la declaraci\u00f3 anual d&#8217;IRPF. En el cas dels treballadors per compte propi, nom\u00e9s havien de declarar IRPF aquells que haguessin obtingut uns rendiments nets -beneficis- superiors a 1.000 euros a l&#8217;any.<\/p>\n<p>Segons les dades que maneja la Seguretat Social a partir de les xifres de l&#8217;Ag\u00e8ncia Tribut\u00e0ria, <strong>hi hauria entorn a 200.000 aut\u00f2noms que, en 2023, no estaven obligats<\/strong> a presentar la RENDA i<strong> a l&#8217;any que ve hauran de fer-la<\/strong>. Sol ser el cas d&#8217;alguns contribuents, <strong>aut\u00f2noms en pluriactivitat<\/strong>, que compatibilitzen el seu lloc com a assalariats amb una font extra d&#8217;ingressos. Tamb\u00e9 de determinats treballadors per compte propi en situaci\u00f3 de vulnerabilitat que obtenen <strong>beneficis molt baixos<\/strong> per la seva activitat.<\/p>\n<p>No obstant aix\u00f2, a partir d&#8217;enguany,\u00a0totes les persones que hagin estat d&#8217;alta com a aut\u00f2noms, independentment dels ingressos que percebin i del temps que duri la seva situaci\u00f3 com a aut\u00f2nom, passaran a estar obligats\u00a0a\u00a0<strong>presentar la RENDA a l&#8217;any que ve perqu\u00e8 la Tresoreria pugui saber quins han estat els seus ingressos i aix\u00ed determinar la seva quota<\/strong>\u00a0a pagar a l&#8217;any seg\u00fcent.<\/p>\n<div id=\"ez-toc-container\" class=\"ez-toc-v2_0_72 counter-hierarchy ez-toc-counter ez-toc-grey ez-toc-container-direction\">\n<div class=\"ez-toc-title-container\">\n<p class=\"ez-toc-title\" style=\"cursor:inherit\">\u00cdndice de Contenidos<\/p>\n<span class=\"ez-toc-title-toggle\"><a href=\"#\" class=\"ez-toc-pull-right ez-toc-btn ez-toc-btn-xs ez-toc-btn-default ez-toc-toggle\" aria-label=\"Toggle Table of Content\"><span class=\"ez-toc-js-icon-con\"><span class=\"\"><span class=\"eztoc-hide\" style=\"display:none;\">Toggle<\/span><span class=\"ez-toc-icon-toggle-span\"><svg style=\"fill: #428bca;color:#428bca\" xmlns=\"http:\/\/www.w3.org\/2000\/svg\" class=\"list-377408\" width=\"20px\" height=\"20px\" viewBox=\"0 0 24 24\" fill=\"none\"><path d=\"M6 6H4v2h2V6zm14 0H8v2h12V6zM4 11h2v2H4v-2zm16 0H8v2h12v-2zM4 16h2v2H4v-2zm16 0H8v2h12v-2z\" fill=\"currentColor\"><\/path><\/svg><svg style=\"fill: #428bca;color:#428bca\" class=\"arrow-unsorted-368013\" xmlns=\"http:\/\/www.w3.org\/2000\/svg\" width=\"10px\" height=\"10px\" viewBox=\"0 0 24 24\" version=\"1.2\" baseProfile=\"tiny\"><path d=\"M18.2 9.3l-6.2-6.3-6.2 6.3c-.2.2-.3.4-.3.7s.1.5.3.7c.2.2.4.3.7.3h11c.3 0 .5-.1.7-.3.2-.2.3-.5.3-.7s-.1-.5-.3-.7zM5.8 14.7l6.2 6.3 6.2-6.3c.2-.2.3-.5.3-.7s-.1-.5-.3-.7c-.2-.2-.4-.3-.7-.3h-11c-.3 0-.5.1-.7.3-.2.2-.3.5-.3.7s.1.5.3.7z\"\/><\/svg><\/span><\/span><\/span><\/a><\/span><\/div>\n<nav><ul class='ez-toc-list ez-toc-list-level-1 eztoc-toggle-hide-by-default' ><li class='ez-toc-page-1 ez-toc-heading-level-2'><a class=\"ez-toc-link ez-toc-heading-1\" href=\"https:\/\/www.ariasassessors.com\/ca\/hisenda-obligara-a-declarar-la-renda-a-qualsevol-persona-que-es-doni-dalta-com-a-autonom-en-2023\/#Tots_els_autonoms_dalta_entre_gener_i_desembre_hauran_de_presentar_la_RENDA_en_2024\" title=\"Tots els aut\u00f2noms d&#8217;alta entre gener i desembre hauran de presentar la RENDA en 2024\">Tots els aut\u00f2noms d&#8217;alta entre gener i desembre hauran de presentar la RENDA en 2024<\/a><\/li><li class='ez-toc-page-1 ez-toc-heading-level-2'><a class=\"ez-toc-link ez-toc-heading-2\" href=\"https:\/\/www.ariasassessors.com\/ca\/hisenda-obligara-a-declarar-la-renda-a-qualsevol-persona-que-es-doni-dalta-com-a-autonom-en-2023\/#Tots_els_autonoms_dalta_entre_gener_i_desembre_hauran_de_presentar_la_RENDA_en_2024-2\" title=\"Tots els aut\u00f2noms d&#8217;alta entre gener i desembre hauran de presentar la RENDA en 2024\">Tots els aut\u00f2noms d&#8217;alta entre gener i desembre hauran de presentar la RENDA en 2024<\/a><\/li><li class='ez-toc-page-1 ez-toc-heading-level-2'><a class=\"ez-toc-link ez-toc-heading-3\" href=\"https:\/\/www.ariasassessors.com\/ca\/hisenda-obligara-a-declarar-la-renda-a-qualsevol-persona-que-es-doni-dalta-com-a-autonom-en-2023\/#A_alguns_autonoms_els_pot_compensar_la_nova_obligacio_de_declarar_la_RENDA_en_2024\" title=\"A alguns aut\u00f2noms els pot compensar la nova obligaci\u00f3 de declarar la RENDA en 2024\">A alguns aut\u00f2noms els pot compensar la nova obligaci\u00f3 de declarar la RENDA en 2024<\/a><\/li><li class='ez-toc-page-1 ez-toc-heading-level-2'><a class=\"ez-toc-link ez-toc-heading-4\" href=\"https:\/\/www.ariasassessors.com\/ca\/hisenda-obligara-a-declarar-la-renda-a-qualsevol-persona-que-es-doni-dalta-com-a-autonom-en-2023\/#El_31_dagost_es_lultim_dia_perque_els_autonoms_canviin_les_seves_quotes_de_cara_a_la_tardor\" title=\"El 31 d&#8217;agost \u00e9s l&#8217;\u00faltim dia perqu\u00e8 els aut\u00f2noms canvi\u00efn les seves quotes de cara a la tardor\">El 31 d&#8217;agost \u00e9s l&#8217;\u00faltim dia perqu\u00e8 els aut\u00f2noms canvi\u00efn les seves quotes de cara a la tardor<\/a><\/li><li class='ez-toc-page-1 ez-toc-heading-level-2'><a class=\"ez-toc-link ez-toc-heading-5\" href=\"https:\/\/www.ariasassessors.com\/ca\/hisenda-obligara-a-declarar-la-renda-a-qualsevol-persona-que-es-doni-dalta-com-a-autonom-en-2023\/#El_simulador_de_quotes_es_una_eina_util_pero_no_permet_incloure_les_deduccions\" title=\"El simulador de quotes \u00e9s una eina \u00fatil, per\u00f2 no permet incloure les deduccions\">El simulador de quotes \u00e9s una eina \u00fatil, per\u00f2 no permet incloure les deduccions<\/a><\/li><li class='ez-toc-page-1 ez-toc-heading-level-2'><a class=\"ez-toc-link ez-toc-heading-6\" href=\"https:\/\/www.ariasassessors.com\/ca\/hisenda-obligara-a-declarar-la-renda-a-qualsevol-persona-que-es-doni-dalta-com-a-autonom-en-2023\/#El_simulador_de_la_Tresoreria_hauria_despecificar_els_tipus_que_paguen_els_autonoms_per_cada_contingencia\" title=\"El simulador de la Tresoreria hauria d&#8217;especificar els tipus que paguen els aut\u00f2noms per cada conting\u00e8ncia\">El simulador de la Tresoreria hauria d&#8217;especificar els tipus que paguen els aut\u00f2noms per cada conting\u00e8ncia<\/a><ul class='ez-toc-list-level-3' ><li class='ez-toc-heading-level-3'><a class=\"ez-toc-link ez-toc-heading-7\" href=\"https:\/\/www.ariasassessors.com\/ca\/hisenda-obligara-a-declarar-la-renda-a-qualsevol-persona-que-es-doni-dalta-com-a-autonom-en-2023\/#Quines_contingencies_inclou_la_quota_dautonoms_i_a_quines_prestacions_dona_dret\" title=\"Quines conting\u00e8ncies inclou la quota d&#8217;aut\u00f2noms i a quines prestacions dona dret?\">Quines conting\u00e8ncies inclou la quota d&#8217;aut\u00f2noms i a quines prestacions dona dret?<\/a><\/li><\/ul><\/li><li class='ez-toc-page-1 ez-toc-heading-level-2'><a class=\"ez-toc-link ez-toc-heading-8\" href=\"https:\/\/www.ariasassessors.com\/ca\/hisenda-obligara-a-declarar-la-renda-a-qualsevol-persona-que-es-doni-dalta-com-a-autonom-en-2023\/#Els_autonoms_encara_poden_canviar_dues_vegades_mes_la_seva_quota_enguany\" title=\"Els aut\u00f2noms encara poden canviar dues vegades m\u00e9s la seva quota enguany\">Els aut\u00f2noms encara poden canviar dues vegades m\u00e9s la seva quota enguany<\/a><\/li><li class='ez-toc-page-1 ez-toc-heading-level-2'><a class=\"ez-toc-link ez-toc-heading-9\" href=\"https:\/\/www.ariasassessors.com\/ca\/hisenda-obligara-a-declarar-la-renda-a-qualsevol-persona-que-es-doni-dalta-com-a-autonom-en-2023\/#Eliminacio_de_tramits_administratius_i_rebaixes_en_els_impostos\" title=\"Eliminaci\u00f3 de tr\u00e0mits administratius i rebaixes en els impostos\">Eliminaci\u00f3 de tr\u00e0mits administratius i rebaixes en els impostos<\/a><\/li><li class='ez-toc-page-1 ez-toc-heading-level-2'><a class=\"ez-toc-link ez-toc-heading-10\" href=\"https:\/\/www.ariasassessors.com\/ca\/hisenda-obligara-a-declarar-la-renda-a-qualsevol-persona-que-es-doni-dalta-com-a-autonom-en-2023\/#Gairebe_un_milio_deuros_per_a_les_pastisseries\" title=\"Gaireb\u00e9 un mili\u00f3 d&#8217;euros per a les pastisseries\">Gaireb\u00e9 un mili\u00f3 d&#8217;euros per a les pastisseries<\/a><\/li><li class='ez-toc-page-1 ez-toc-heading-level-2'><a class=\"ez-toc-link ez-toc-heading-11\" href=\"https:\/\/www.ariasassessors.com\/ca\/hisenda-obligara-a-declarar-la-renda-a-qualsevol-persona-que-es-doni-dalta-com-a-autonom-en-2023\/#Els_Premis_Autonom_de_lAny_2023_guardonen_al_Comerc_a_la_Junta_dAndalusia_i_a_tres_hostalers\" title=\"Els Premis Aut\u00f2nom de l&#8217;Any 2023 guardonen al Comer\u00e7, a la Junta d&#8217;Andalusia i a tres hostalers\">Els Premis Aut\u00f2nom de l&#8217;Any 2023 guardonen al Comer\u00e7, a la Junta d&#8217;Andalusia i a tres hostalers<\/a><\/li><li class='ez-toc-page-1 ez-toc-heading-level-2'><a class=\"ez-toc-link ez-toc-heading-12\" href=\"https:\/\/www.ariasassessors.com\/ca\/hisenda-obligara-a-declarar-la-renda-a-qualsevol-persona-que-es-doni-dalta-com-a-autonom-en-2023\/#Premi_Autonom_de_lAny\" title=\"Premi Aut\u00f2nom de l&#8217;Any\">Premi Aut\u00f2nom de l&#8217;Any<\/a><\/li><li class='ez-toc-page-1 ez-toc-heading-level-2'><a class=\"ez-toc-link ez-toc-heading-13\" href=\"https:\/\/www.ariasassessors.com\/ca\/hisenda-obligara-a-declarar-la-renda-a-qualsevol-persona-que-es-doni-dalta-com-a-autonom-en-2023\/#Premi_a_la_Millor_Iniciativa_Institucional\" title=\"Premi a la Millor Iniciativa Institucional\">Premi a la Millor Iniciativa Institucional<\/a><\/li><li class='ez-toc-page-1 ez-toc-heading-level-2'><a class=\"ez-toc-link ez-toc-heading-14\" href=\"https:\/\/www.ariasassessors.com\/ca\/hisenda-obligara-a-declarar-la-renda-a-qualsevol-persona-que-es-doni-dalta-com-a-autonom-en-2023\/#Premi_a_la_trajectoria_professional\" title=\"Premi a la traject\u00f2ria professional\">Premi a la traject\u00f2ria professional<\/a><\/li><li class='ez-toc-page-1 ez-toc-heading-level-2'><a class=\"ez-toc-link ez-toc-heading-15\" href=\"https:\/\/www.ariasassessors.com\/ca\/hisenda-obligara-a-declarar-la-renda-a-qualsevol-persona-que-es-doni-dalta-com-a-autonom-en-2023\/#Premi_al_Mitja_de_comunicacio\" title=\"Premi al Mitj\u00e0 de comunicaci\u00f3\">Premi al Mitj\u00e0 de comunicaci\u00f3<\/a><\/li><li class='ez-toc-page-1 ez-toc-heading-level-2'><a class=\"ez-toc-link ez-toc-heading-16\" href=\"https:\/\/www.ariasassessors.com\/ca\/hisenda-obligara-a-declarar-la-renda-a-qualsevol-persona-que-es-doni-dalta-com-a-autonom-en-2023\/#Premi_Emprenedor\" title=\"Premi Emprenedor\">Premi Emprenedor<\/a><\/li><\/ul><\/nav><\/div>\n<h2><span class=\"ez-toc-section\" id=\"Tots_els_autonoms_dalta_entre_gener_i_desembre_hauran_de_presentar_la_RENDA_en_2024\"><\/span>Tots els aut\u00f2noms d&#8217;alta entre gener i desembre hauran de presentar la RENDA en 2024<span class=\"ez-toc-section-end\"><\/span><\/h2>\n<p>Aix\u00ed va quedar reflectit en el\u00a0<strong>Reial decret llei 13\/2022<\/strong>, de 26 de juliol, que estableix el nou sistema de cotitzaci\u00f3 per ingressos reals. Aquesta norma modifica l&#8217;article 96.2 de la Llei de l&#8217;IRPF per a establir l&#8217;obligaci\u00f3 de declarar per a totes aquelles persones f\u00edsiques que\u00a0<strong>en qualsevol moment del per\u00edode impositiu haguessin estat d&#8217;alta com a aut\u00f2noms<\/strong>.<\/p>\n<p>Per tant i <strong>segons aquesta normativa<\/strong>, qualsevol persona que decideixi <strong>donar-se d&#8217;alta com a aut\u00f2nom entre l&#8217;1 de gener i el 31 de desembre de 2023<\/strong> quedar\u00e0 autom\u00e0ticament <strong>obligada a presentar la RENDA al juny de 2024<\/strong>.<\/p>\n<p><strong>En 2024 hi hauria 200.000 aut\u00f2noms m\u00e9s obligats a fer la RENDA<\/strong><\/p>\n<p>L&#8217;article\u00a096.2 de la Llei de l&#8217;IRPF\u00a0estableix els l\u00edmits d&#8217;ingressos -ja sigui per treball com a assalariat, per rendes d&#8217;immobles o per activitats econ\u00f2miques- per a estar obligat a declarar la RENDA. Amb l&#8217;entrada en vigor de la normativa cotitzaci\u00f3 per ingressos reals\u00a0<strong>s&#8217;afegeix un \u00faltim par\u00e0graf<\/strong>\u00a0que diu que &#8220;estaran en qualsevol cas obligades a declarar totes aquelles persones f\u00edsiques que en qualsevol moment del per\u00edode impositiu haguessin estat d&#8217;alta, com a treballadors per compte propi, en el R\u00e8gim Especial de Treballadors per Compte Propi o Aut\u00f2noms, o en el R\u00e8gim Especial de la Seguretat Social dels Treballadors de la Mar&#8221;.<\/p>\n<p>El ministre d&#8217;Inclusi\u00f3, Seguretat Social i Migracions va avan\u00e7ar l&#8217;any passat que, en aquells dies,t<strong>hi hauria m\u00e9s de 200.000 treballadors per compte propi que no presentaven la declaraci\u00f3 d&#8217;IRPF i que, amb el nou sistema, passaran a estar obligats<\/strong> a declarar la RENDA<\/p>\n<p>Seria el cas, <strong>per exemple<\/strong>,\u00a0d&#8217;un contribuent que va percebre\u00a0durant l&#8217;any\u00a0 uns <strong>rendiments -beneficis- de 500 euros<\/strong> per un negoci i que no t\u00e9 altres ingressos. Aquesta persona, en la passada RENDA 2022 &#8211; que es va declarar\u00a0entre maig i juny de 2023- no va tenir\u00a0l&#8217;obligaci\u00f3 de presentar IRPF ja que\u00a0la llei en vigor fins al passat 31 de desembre eximia de declarar als\u00a0\u00a0contribuents que obtinguin exclusivament rendiments del treball, de capital o d&#8217;activitats econ\u00f2miques, aix\u00ed com guanys patrimonials, amb el l\u00edmit\u00a0conjunt de 1.000 euros anuals i p\u00e8rdues patrimonials de quantia inferior a 500 euros.<\/p>\n<p><strong>No obstant aix\u00f2, des de l&#8217;1 de gener de 2023<\/strong>\u00a0i per tant a partir de la declaraci\u00f3 de Renda de 2023,<strong>\u00a0a presentar en 2024,\u00a0aquest mateix contribuent estaria obligat<\/strong>\u00a0a presentar la renda encara que hagu\u00e9s generat en 2023 uns beneficis de nom\u00e9s 500 euros.<\/p>\n<p>&nbsp;<\/p>\n<h2><span class=\"ez-toc-section\" id=\"Tots_els_autonoms_dalta_entre_gener_i_desembre_hauran_de_presentar_la_RENDA_en_2024-2\"><\/span>Tots els aut\u00f2noms d&#8217;alta entre gener i desembre hauran de presentar la RENDA en 2024<span class=\"ez-toc-section-end\"><\/span><\/h2>\n<p>Aix\u00ed va quedar reflectit en el\u00a0<strong>Reial decret llei 13\/2022<\/strong>, de 26 de juliol, que estableix el nou sistema de cotitzaci\u00f3 per ingressos reals. Aquesta norma modifica l&#8217;article 96.2 de la Llei de l&#8217;IRPF per a establir l&#8217;obligaci\u00f3 de declarar per a totes aquelles persones f\u00edsiques que\u00a0<strong>en qualsevol moment del per\u00edode impositiu haguessin estat d&#8217;alta com a aut\u00f2noms.<\/strong><\/p>\n<p>Per tant i s<strong>egons aquesta normativa<\/strong>, qualsevol persona que decideixi <strong>donar-se d&#8217;alta com a aut\u00f2nom entre l&#8217;1 de gener i el 31 de desembre de 2023<\/strong> quedar\u00e0 autom\u00e0ticament <strong>obligada a presentar la RENDA al juny de 2024.<\/strong><\/p>\n<p><strong>En 2024 hi hauria 200.000 aut\u00f2noms m\u00e9s obligats a fer la RENDA<\/strong><\/p>\n<p>L&#8217;article\u00a096.2 de la Llei de l&#8217;IRPF\u00a0estableix els l\u00edmits d&#8217;ingressos -ja sigui per treball com a assalariat, per rendes d&#8217;immobles o per activitats econ\u00f2miques- per a estar obligat a declarar la RENDA. Amb l&#8217;entrada en vigor de la normativa cotitzaci\u00f3 per ingressos reals\u00a0<strong>s&#8217;afegeix un \u00faltim par\u00e0graf<\/strong>\u00a0que diu que &#8220;estaran en qualsevol cas obligades a declarar totes aquelles persones f\u00edsiques que en qualsevol moment del per\u00edode impositiu haguessin estat d&#8217;alta, com a treballadors per compte propi, en el R\u00e8gim Especial de Treballadors per Compte Propi o Aut\u00f2noms, o en el R\u00e8gim Especial de la Seguretat Social dels Treballadors de la Mar&#8221;.<\/p>\n<p>El ministre d&#8217;Inclusi\u00f3, Seguretat Social i Migracions va avan\u00e7ar l&#8217;any passat que, en aquells dies,\u00a0hi hauria\u00a0<strong>m\u00e9s de 200.000 treballadors per compte propi que no presentaven la declaraci\u00f3 d&#8217;IRPF i que, amb el nou sistema, passaran a estar obligats<\/strong>\u00a0a declarar la RENDA<\/p>\n<p>Seria el cas, <strong>per exemple<\/strong>,\u00a0d&#8217;un contribuent que va percebre\u00a0durant l&#8217;any\u00a0 uns <strong>rendiments -beneficis- de 500 euros<\/strong> per un negoci i que no t\u00e9 altres ingressos. Aquesta persona, en la passada RENDA 2022 &#8211; que es va declarar\u00a0entre maig i juny de 2023- no va tenir\u00a0l&#8217;obligaci\u00f3 de presentar IRPF ja que\u00a0la llei en vigor fins al passat 31 de desembre eximia de declarar als\u00a0\u00a0contribuents que obtinguin exclusivament rendiments del treball, de capital o d&#8217;activitats econ\u00f2miques, aix\u00ed com guanys patrimonials, amb el l\u00edmit\u00a0conjunt de 1.000 euros anuals i p\u00e8rdues patrimonials de quantia inferior a 500 euros.<\/p>\n<p><strong>No obstant aix\u00f2, des de l&#8217;1 de gener de 2023<\/strong>\u00a0i per tant a partir de la declaraci\u00f3 de Renda de 2023,\u00a0<strong>a presentar en 2024,\u00a0aquest mateix contribuent estaria obligat<\/strong>\u00a0a presentar la renda encara que hagu\u00e9s generat en 2023 uns beneficis de nom\u00e9s 500 euros.<\/p>\n<p>&nbsp;<\/p>\n<h2><span class=\"ez-toc-section\" id=\"A_alguns_autonoms_els_pot_compensar_la_nova_obligacio_de_declarar_la_RENDA_en_2024\"><\/span>A alguns aut\u00f2noms els pot compensar la nova obligaci\u00f3 de declarar la RENDA en 2024<span class=\"ez-toc-section-end\"><\/span><\/h2>\n<p>A pesar que aquesta nova obligaci\u00f3 de declarar la RENDA pel mer fet de ser aut\u00f2nom pot suposar m\u00e9s tr\u00e0mits i burocr\u00e0cia per a molts contribuents, diversos assessors fiscals van recon\u00e8ixer a aquest diari que, <strong>en alguns casos, pot ser benefici\u00f3s fer-la.<\/strong><\/p>\n<p>En moltes ocasions, van apuntar els experts, <strong>quan un aut\u00f2nom t\u00e9 uns ingressos tan baixos com per a haver quedat exempt fins a aquest any de declarar l&#8217;IRPF<\/strong>, \u00e9s molt <strong>probable que si fa la RENDA acabi pagant molt poc o fins i tot rebent algun tipus de devoluci\u00f3<\/strong> arran de les deduccions i reduccions disponibles.<\/p>\n<p>Les deduccions m\u00e9s espec\u00edfiques <strong>es troben en les comunitats aut\u00f2nomes<\/strong>, a les quals els professionals es podran acollir en funci\u00f3 d&#8217;on estiguin desenvolupant les seves activitats. No obstant aix\u00f2, en pr\u00e0cticament totes el ventall de reduccions\u00a0dins de l&#8217;IRPF\u00a0 \u00e9s molt ampli: poden anar des de\u00a0constituir-se com a professional aut\u00f2nom,\u00a0traslladar l&#8217;activitat a una zona en perill de despoblaci\u00f3,\u00a0pel lloguer de l&#8217;habitatge, fins\u00a0per tenir un fill menor de tres anys.<\/p>\n<h2><span class=\"ez-toc-section\" id=\"El_31_dagost_es_lultim_dia_perque_els_autonoms_canviin_les_seves_quotes_de_cara_a_la_tardor\"><\/span>El 31 d&#8217;agost \u00e9s l&#8217;\u00faltim dia perqu\u00e8 els aut\u00f2noms canvi\u00efn les seves quotes de cara a la tardor<span class=\"ez-toc-section-end\"><\/span><\/h2>\n<p>En tot just uns dies, dijous que ve, 31 d&#8217;agost,<strong> ven\u00e7 el cinqu\u00e8 -i pen\u00faltim- termini de l&#8217;any perqu\u00e8 aquells aut\u00f2noms que vulguin canviar la quota<\/strong> que abonen mensualment al R\u00e8gim Especial de Treballadors Aut\u00f2noms (RETA) puguin fer-ho en els \u00faltims quatre mesos del 2023.<\/p>\n<p>Es tracta d&#8217;una data important, tenint en compte que molts aut\u00f2noms poden aprofitar l&#8217;\u00faltim quadrimestre de l&#8217;any per a <strong>actualitzar la seva quota en funci\u00f3 dels seus ingressos reals, i aix\u00ed evitar haver de regularitzar la seva situaci\u00f3 amb la Seguretat Social<\/strong> a partir del pr\u00f2xim any.<\/p>\n<p>Des d&#8217;el mes de gener passat, els treballadors per compte propi cotitzen a la Seguretat Social en funci\u00f3 dels seus rendiments nets. \u00c9s a dir,<strong> la seva quota al RETA es decideix despr\u00e9s de restar als seus ingressos les despeses dedu\u00efbles i el percentatge de despeses de dif\u00edcil justificaci\u00f3<\/strong>, que en el cas dels aut\u00f2noms persona f\u00edsica ascendeix al 7%.<\/p>\n<p>Tal com van recordar els experts de la Federaci\u00f3 Nacional d&#8217;Associacions de Treballadors Aut\u00f2noms (LLIGA) consultats per aquest diari, els aut\u00f2noms poden calcular la quota que han de pagar al RETA <strong>a trav\u00e9s del simulador de la Seguretat Social<\/strong> (<a href=\"https:\/\/portal.seg-social.gob.es\/wps\/portal\/importass\/importass\/tramites\/simuladorRETAPublico\">pot consultar-se en l&#8217;enlla\u00e7<\/a>), una eina \u00fatil per\u00f2 que, segons van recon\u00e8ixer, <strong>presenta alguns problemes que\u00a0els treballadors per compte propi han de tenir en compte.<\/strong><\/p>\n<p>&nbsp;<\/p>\n<h2><span class=\"ez-toc-section\" id=\"El_simulador_de_quotes_es_una_eina_util_pero_no_permet_incloure_les_deduccions\"><\/span>El simulador de quotes \u00e9s una eina \u00fatil, per\u00f2 no permet incloure les deduccions<span class=\"ez-toc-section-end\"><\/span><\/h2>\n<p>Segons va valorar a aquest mitj\u00e0 Laura G\u00f3mez, sotssecret\u00e0ria general de la Federaci\u00f3 Nacional d&#8217;Associacions de Treballadors Aut\u00f2noms (LLIGA), el simulador de la Seguretat Social \u00e9s \u201cen si, una eina molt \u00fatil i senzilla perqu\u00e8 els aut\u00f2noms puguin calcular de manera r\u00e0pida el que pagaran en funci\u00f3 dels seus rendiments nets.\u201d<\/p>\n<p>No obstant aix\u00f2, existeixen algunes q\u00fcestions que fan que la calculadora <strong>no estigui del tot optimitzada.<\/strong> Per exemple, <strong>no es puguin incloure les deduccions dels aut\u00f2noms<\/strong>; o, segons va explicar Laura G\u00f3mez, que aquests<strong> tri\u00efn\u00a0les seves quotes dins d&#8217;un\u00a0rang d&#8217;ingressos, alguna cosa que \u201cno \u00e9s del tot correcte<\/strong>, perqu\u00e8 <strong>en realitat els aut\u00f2noms no trien aquesta, sin\u00f3 la base de cotitzaci\u00f3.\u201d<\/strong><\/p>\n<p>Aquesta q\u00fcesti\u00f3 \u201cpot induir a error, i li fem un mal servei als aut\u00f2noms perqu\u00e8 realment entenguin el que \u00e9s el R\u00e8gim d&#8217;Aut\u00f2noms. \u00c9s clar que volen saber el que pagaran, per\u00f2 hem d&#8217;explicar-los tamb\u00e9 el que cotitzaran, que al final \u00e9s el que els comptar\u00e0 tant en el present com en el futur, <strong>ja que totes les seves prestacions es decideixen en funci\u00f3 de la base de cotitzaci\u00f3 que tri\u00efn, no de la seva quota<\/strong>\u201d, va explicar la sotssecret\u00e0ria general de ATA.<\/p>\n<h2><span class=\"ez-toc-section\" id=\"El_simulador_de_la_Tresoreria_hauria_despecificar_els_tipus_que_paguen_els_autonoms_per_cada_contingencia\"><\/span>El simulador de la Tresoreria hauria d&#8217;especificar els tipus que paguen els aut\u00f2noms per cada conting\u00e8ncia<span class=\"ez-toc-section-end\"><\/span><\/h2>\n<p>A m\u00e9s, Laura G\u00f3mez va recordar que el simulador de quotes de la Seguretat Social <strong>no desglossa per percentatges les conting\u00e8ncies que els aut\u00f2noms paguen dins de les seves quotes<\/strong>, alguna cosa que serveix per a definir-les i que canvien cada any. Aix\u00ed, els treballadors per compte propi podrien veure com les seves quotes s&#8217;incrementen d&#8217;un any a un altre i no saber a qu\u00e8 respon aquesta pujada.<\/p>\n<p>\u201cEs deuria tamb\u00e9 intentar aclarir el tipus que t\u00e9 cada tipus de conting\u00e8ncia, alguna cosa que no s&#8217;inclou en la calculadora. Aquests percentatges canvien anualment, i <strong>estaria b\u00e9 que s&#8217;incloguessin perqu\u00e8 l&#8217;aut\u00f2nom pugui fer una previsi\u00f3 m\u00e9s ajustada cada any<\/strong>\u201d, va expressar la sotssecret\u00e0ria general de ATA.<\/p>\n<p>En ess\u00e8ncia, una s\u00e8rie d&#8217;informaci\u00f3 addicional que no seria dif\u00edcil d&#8217;incloure el simulador, i que milloraria l&#8217;eina per a \u201cper a ensenyar millor de qu\u00e8 es tracta el R\u00e8gim d&#8217;Aut\u00f2noms, per qu\u00e8 es paga i a qu\u00e8 es t\u00e9 dret\u201d, va explicar a aquest diari Laura G\u00f3mez.<\/p>\n<p>&nbsp;<\/p>\n<h3><span class=\"ez-toc-section\" id=\"Quines_contingencies_inclou_la_quota_dautonoms_i_a_quines_prestacions_dona_dret\"><\/span>Quines conting\u00e8ncies inclou la quota d&#8217;aut\u00f2noms i a quines prestacions dona dret?<span class=\"ez-toc-section-end\"><\/span><\/h3>\n<p>Tal com pot observar-se en el simulador, posant el cas d&#8217;un aut\u00f2nom els rendiments nets del qual -ingressos menys despeses dedu\u00efbles i un 7% addicional en despeses de dif\u00edcil justificaci\u00f3- ascendissin a 1.500 euros, la quota a pagar ascendiria a 468 euros al mes, que correspondrien als seg\u00fcents conceptes:<\/p>\n<ul>\n<li><strong>Conting\u00e8ncies comunes<\/strong>: 424,50 euros. Aquestes conting\u00e8ncies inclouen les prestacions per malaltia, accident no laboral, naixement i cura del menor, risc durant l&#8217;embar\u00e0s i lact\u00e0ncia o vidu\u00eftat i orfandat.<\/li>\n<li><strong>Conting\u00e8ncies professionals<\/strong>: 19,50 euros. Aquesta partida es destina a cobrir les baixes per accidents i malalties laborals.<\/li>\n<li><strong>Cessament d&#8217;activitat<\/strong>: 13,50 euros.<\/li>\n<li><strong>Formaci\u00f3 professional<\/strong>: 1,50 euros.<\/li>\n<li><strong>Mecanisme d&#8217;Equitat Intergeneracional (<\/strong><strong>MEI): 9,00 euros.<\/strong><\/li>\n<\/ul>\n<p>A m\u00e9s, la Seguretat Social va enumerar totes les situacions protegides per als treballadors per compte propi que cotitzen en el RETA:<\/p>\n<ul>\n<li>Baixa m\u00e8dica per malaltia comuna i accident no laboral.<\/li>\n<li>Baixa m\u00e8dica per malaltia professional o accident laboral.<\/li>\n<li>Naixement i cura de menor.<\/li>\n<li>Risc durant l&#8217;embar\u00e0s i lact\u00e0ncia.<\/li>\n<li>Incapacitat permanent.<\/li>\n<li>Vidu\u00eftat i orfandat.<\/li>\n<li>Cessament d&#8217;activitat per causes involunt\u00e0ries.<\/li>\n<li>Jubilaci\u00f3.<\/li>\n<\/ul>\n<h2><span class=\"ez-toc-section\" id=\"Els_autonoms_encara_poden_canviar_dues_vegades_mes_la_seva_quota_enguany\"><\/span>Els aut\u00f2noms encara poden canviar dues vegades m\u00e9s la seva quota enguany<span class=\"ez-toc-section-end\"><\/span><\/h2>\n<p>Des de l&#8217;entrada en vigor del nou sistema de cotitzaci\u00f3 per ingressos reals, els aut\u00f2noms poden canviar de quota en fins a sis ocasions al llarg de l&#8217;any, dues vegades m\u00e9s que amb l&#8217;anterior sistema de cotitzaci\u00f3. Aix\u00ed, el 31 d&#8217;agost conclour\u00e0 el cinqu\u00e8 per\u00edode. Fins a aquesta data, <strong>els aut\u00f2noms podran triar un canvi en la seva base de cotitzaci\u00f3 -i, per tant, de la seva quota- per als mesos de setembre i octubre<\/strong>.<\/p>\n<p>Tal com es recull en la legislaci\u00f3, la resta de terminis es divideix l&#8217;any de la seg\u00fcent forma:<\/p>\n<ul>\n<li>1 de mar\u00e7, si la sol\u00b7licitud es formula entre l&#8217;1 de gener i el 28\/29 de febrer.<\/li>\n<li>1 de maig, si la sol\u00b7licitud es formula entre l&#8217;1 de mar\u00e7 i el 30 d&#8217;abril.<\/li>\n<li>1 de juliol, si la sol\u00b7licitud es formula entre l&#8217;1 de maig i el 30 de juny.<\/li>\n<li><strong>1 de setembre, si la sol\u00b7licitud es formula entre l&#8217;1 de juliol i el 31 d&#8217;agost.<\/strong><\/li>\n<li>1 de novembre, si la sol\u00b7licitud es formula entre l&#8217;1 de setembre i el 31 d&#8217;octubre.<\/li>\n<li>1 de gener de l&#8217;any seg\u00fcent, si la sol\u00b7licitud es formula entre l&#8217;1 de novembre i el 31 de desembre.<\/li>\n<\/ul>\n<p><strong>L&#8217;ampliaci\u00f3\u00a0del nombre de vegades que un aut\u00f2nom pot canviar a l&#8217;any la seva base de cotitzaci\u00f3<\/strong>\u00a0\u00e9s una mesura que prov\u00e9 de les organitzacions d&#8217;aut\u00f2noms. De fet, aquesta \u00e9s una de les peticions que ha realitzat en diverses ocasions la\u00a0<strong>Federaci\u00f3 Nacional d&#8217;Associacions de Treballadors Aut\u00f2noms (ATA)<\/strong>,\u00a0que sempre ha defensat la necessitat que tenen\u00a0els professionals per compte propi d&#8217;aprofitar\u00a0 els mesos en qu\u00e8 hagin tingut\u00a0majors rendiments econ\u00f2mics per a cotitzar m\u00e9s, i poder baixar-se la quota\u00a0en els per\u00edodes d&#8217;activitat en els quals obtinguin menys ingressos.<\/p>\n<p>Madrid anuncia ajudes per als petits negocis tradicionals amb m\u00e9s de 50 anys d&#8217;antiguitat<\/p>\n<p>La Comunitat de Madrid ha anunciat el programa <em><strong>Comer\u00e7os amb Solera,<\/strong><\/em> un pla de suport espec\u00edfic per a establiments comercials, hostalers i artesans, que compten amb <strong>m\u00e9s de 50 anys d&#8217;antiguitat.<\/strong> Tindran prioritat a l&#8217;hora d&#8217;accedir a ajudes auton\u00f2miques, que es convocaran pr\u00f2ximament, en tot el concernent a la <strong>modernitzaci\u00f3 de la seva activitat i a les rebaixes fiscals.<\/strong><\/p>\n<p>Per a aix\u00f2, el Govern regional ha modificat les bases reguladores de les ajudes per a la modernitzaci\u00f3 i digitalitzaci\u00f3 de negocis comercials i artesans, de manera que aquelles que tinguin m\u00e9s de 50 anys de vida puguin obtenir una major puntuaci\u00f3. Es preveu que prop de 1.500 comer\u00e7os es beneficiaran d&#8217;aquesta iniciativa.<\/p>\n<p>Solen ser botigues i petits comer\u00e7os de barri, que regenten aquests negocis familiars i tradicionals. Van passant de generaci\u00f3 a generaci\u00f3 i s\u00f3n molt volguts en els barris de la capital i en localitats i petits pobles de la regi\u00f3 de Madrid.<\/p>\n<p>&nbsp;<\/p>\n<h2><span class=\"ez-toc-section\" id=\"Eliminacio_de_tramits_administratius_i_rebaixes_en_els_impostos\"><\/span>Eliminaci\u00f3 de tr\u00e0mits administratius i rebaixes en els impostos<span class=\"ez-toc-section-end\"><\/span><\/h2>\n<p>En el programa Comer\u00e7os amb Solera tamb\u00e9 s&#8217;han tingut en compte <strong>accions concretes per a solucionar el que puguin suposar traves administratives<\/strong>, que alenteixen o entorpeixen generar nous negocis, com per exemple l&#8217;eliminaci\u00f3 de les llic\u00e8ncies urban\u00edstiques per a tots els locals d&#8217;hostaleria i restauraci\u00f3, substituint-les per declaraci\u00f3 responsable.<\/p>\n<p>D&#8217;igual forma, el govern de la Comunitat de Madrid est\u00e0 en contacte amb els ajuntaments de la regi\u00f3 per a estudiar <strong>rebaixes d&#8217;impostos<\/strong>, tant municipals com auton\u00f2mics, com pugui ser l&#8217;Impost de B\u00e9ns immobles (IBI), Transmissions Patrimonials, Actes Jur\u00eddics Documentals, aix\u00ed com les taxes que abonin per les seves activitats.<\/p>\n<h2><span class=\"ez-toc-section\" id=\"Gairebe_un_milio_deuros_per_a_les_pastisseries\"><\/span>Gaireb\u00e9 un mili\u00f3 d&#8217;euros per a les pastisseries<span class=\"ez-toc-section-end\"><\/span><\/h2>\n<p>La Comunitat de Madrid compta des de 2016 amb una <strong>l\u00ednia d&#8217;ajudes per a petits i mitjans negocis<\/strong>. En l&#8217;actualitat, a la regi\u00f3 madrilenya <strong>hi ha m\u00e9s de 3.100 locals d&#8217;aquestes caracter\u00edstiques que ocupen a gaireb\u00e9 8.850 persones<\/strong>. Aquestes ajudes estan dirigides a finan\u00e7ar projectes d&#8217;inversi\u00f3 en aquesta mena d&#8217;establiments. Ja s&#8217;han vist beneficiats 772 negocis comercials, dels quals hi ha 80 que pertanyen al sector pastisser i que han gestionat ajudes per valor de 969.208,11 euros per a reformar i millorar el seu equipament i la tecnologia que utilitzen.<\/p>\n<h2><span class=\"ez-toc-section\" id=\"Els_Premis_Autonom_de_lAny_2023_guardonen_al_Comerc_a_la_Junta_dAndalusia_i_a_tres_hostalers\"><\/span>Els Premis Aut\u00f2nom de l&#8217;Any 2023 guardonen al Comer\u00e7, a la Junta d&#8217;Andalusia i a tres hostalers<span class=\"ez-toc-section-end\"><\/span><\/h2>\n<p>El jurat dels\u00a0premis Aut\u00f2noms de l&#8217;Any que organitza la Federaci\u00f3 Nacional de Treballadors Aut\u00f2noms ja ha em\u00e8s el seu veredicte per a aquesta que ser\u00e0 la seva vint-i-dosena edici\u00f3. En aquests guardons\u00a0es ve reconeixent des de fa ja m\u00e9s de cinc lustres\u00a0la labor de persones o institucions que destaquen per les seves iniciatives en benefici dels aut\u00f2noms i els emprenedors. Enguany, el jurat ha decidit atorgar el seu major guard\u00f3 als comerciants d&#8217;Espanya per l&#8217;esfor\u00e7 que estan desenvolupant per a mantenir els seus negocis des de la pand\u00e8mia. malgrat els problemes que estan patint.<\/p>\n<p>Aix\u00ed mateix, s&#8217;ha premiat per la seva traject\u00f2ria professional al capdavant de de negocis d&#8217;hostaleria\u00a0 als gaditans Fernando Hermoso, Fernando C\u00f3rdoba i Antonio Mota. I destaca tamb\u00e9 el premi concedit a la Junta d&#8217;Andalusia per les seves pol\u00edtiques de suport i ajudes econ\u00f2miques als aut\u00f2noms que estan aconseguint reactivar tot el teixit productiu en aquesta CCAA. L&#8217;acte lliurament es realitzar\u00e0 el pr\u00f2xim 20 de novembre a Madrid.<\/p>\n<p>&nbsp;<\/p>\n<h2><span class=\"ez-toc-section\" id=\"Premi_Autonom_de_lAny\"><\/span>Premi Aut\u00f2nom de l&#8217;Any<span class=\"ez-toc-section-end\"><\/span><\/h2>\n<p>Aquest premi ha estat\u00a0concedit al <strong>conjunt dels aut\u00f2noms del comer\u00e7 en reconeixement a la lluita per mantenir la seva activitat malgrat la crisi que est\u00e0 patint el sector<\/strong>, i ser\u00e0 recollit per la Confederaci\u00f3 Espanyola de Comer\u00e7. Aquest col\u00b7lectiu d&#8217;aut\u00f2noms, \u00e9s\u00a0el m\u00e9s castigat durant\u00a0els \u00faltims anys sofrint\u00a0el tancament de 54 negocis\u00a0al dia. No obstant aix\u00f2, i segons va ressaltar la federaci\u00f3, \u201c<strong>els comer\u00e7os de proximitat s\u00f3n els que ens permeten fer les nostres compres di\u00e0ries<\/strong>\u201d. El seu esfor\u00e7 durant aquest temps despr\u00e9s de la pand\u00e8mia ha estat\u00a0reconegut amb aquest guard\u00f3 amb el qual reclama ajudes directes al comer\u00e7.<\/p>\n<p>&nbsp;<\/p>\n<h2><span class=\"ez-toc-section\" id=\"Premi_a_la_Millor_Iniciativa_Institucional\"><\/span>Premi a la Millor Iniciativa Institucional<span class=\"ez-toc-section-end\"><\/span><\/h2>\n<p>Enguany, la <strong>Junta d&#8217;Andalusia rebr\u00e0\u00a0una distinci\u00f3 per les seves iniciatives en favor dels treballadors per compte propi<\/strong>, on destaquen l&#8217;ajudes\u00a0 per a aut\u00f2noms que ha posat en marxa durant els \u00faltims anys, entre elles, ATA <strong>va subratllar el Decret llei per a subvencionar<\/strong><a href=\"https:\/\/portal.seg-social.gob.es\/wps\/portal\/importass\/importass\/tramites\/simuladorRETAPublico\"><strong> els sobrecostos energ\u00e8tics<\/strong> derivats de la guerra d&#8217;Ucra\u00efna<\/a>, amb quanties entre els 300 i els 2.000.000 d&#8217;euros i que estan dirigides als aut\u00f2noms i pimes andaluses afectades per l&#8217;increment del preu del gas natural i l&#8217;electricitat.<\/p>\n<p>Aquest decret, convalidat pel parlament andal\u00fas per unanimitat, est\u00e0 incl\u00f2s en el marc del Pacte Social i Econ\u00f2mic com a mesura extraordin\u00e0ria. Un pacte que va ser signat amb la Confederaci\u00f3 d&#8217;Empresaris d&#8217;Andalusia, CCOO i UGT pel qual s&#8217;acorden\u00a0mesures de suport als aut\u00f2noms i pimes, i de reactivaci\u00f3 de l&#8217;economia andalusa. Entre altres mesures, la Junta va aprovar tamb\u00e9 \u201c<a href=\"https:\/\/www.autonomosyemprendedor.es\/articulo\/ayudas-y-subvenciones\/andalucia-publica-boja-bases-requisitos-solicitar-cuota-cero-autonomos\/20230703150938031203.html\">la tarifa<\/a> zero per a aut\u00f2noms i ajudes a l&#8217;inici de l&#8217;activitat\u201d i t\u00e9 en marxa \u201cun ambici\u00f3s pla de reducci\u00f3 de traves administratives\u201d.<\/p>\n<h2><span class=\"ez-toc-section\" id=\"Premi_a_la_trajectoria_professional\"><\/span>Premi a la traject\u00f2ria professional<span class=\"ez-toc-section-end\"><\/span><\/h2>\n<p>Aquests s&#8217;han atorgat a tres empresaris hostalers andalusos. Han estat\u00a0<strong>reconeguts per \u201cquaranta anys abanderant l&#8217;hostaleria de qualitat\u201d<\/strong>, de la qual s\u00f3n \u201csant i senya\u201d, tant de Cadis com a nivell internacional. Per a l&#8217;edici\u00f3 d&#8217;aquest any 2023, donada la traject\u00f2ria impecable dels tres, no es triar\u00e0 un professional sin\u00f3 que es premiar\u00e0 de manera excepcional als tres empresaris, va confirmar Lorenzo Amor, president de ATA.<\/p>\n<p>Un dels premiats va ser <strong>Fernando Hermoso, de Casa Bigoti<\/strong>, a Sanl\u00facar de Barrameda. El seu avi va obrir una taverna en Baix de Guia, per a servir camamilla als mariners.\u00a0Local que, en 1969, la segona generaci\u00f3 de la fam\u00edlia va decidir renovar, incloent-hi tapes i guisats tradicionals. En l&#8217;actualitat, est\u00e0 regentat per la tercera generaci\u00f3, de la m\u00e0 de Fernando i els seus fills. Mantenen la taverna original a m\u00e9s de dues sales \u00e0mplies amb vista al vedat de Do\u00f1ana i el restaurant s&#8217;ha convertit en \u201cemblema de la cuina marinera del sud d&#8217;Espanya\u201d.<\/p>\n<p><strong>Fernando C\u00f3rdoba, del restaurant El Faro en el Port de Santa Mar\u00eda<\/strong>, ha estat un altre dels premiats. El jurat va ressaltar la seva \u201ccuidada cuina de temporada amb plats que neixen del seu propi hort\u201d amb la finalitat de gratificar altament als comensals, una tasca que es ve exercint en aquest local des de la seva obertura en 1988. Segons van informar des de ATA, pel seu restaurant han passat reis, ministres, artistes i altres personalitats importants. \u201cEl seu talent i discreci\u00f3 li han fet alg\u00fa molt volgut i admirat en la professi\u00f3\u201d van apuntar.<\/p>\n<p>El tercer premiat per la seva traject\u00f2ria professional ha estat\u00a0<strong>Antonio Mota, de Restaurant Antonio, en Zahara de los Atunes<\/strong>. Aquest restaurador, despr\u00e9s de convertir-se en alcalde i regidor de Festes de la localitat, va decidir emprendre i establir-se en una casa de menjars amb dues habitacions per al descans dels visitants a la fi de 1970. Va fer cr\u00e9ixer el seu negoci fins a convertir-lo en un hotel de 60 habitacions amb un restaurant aclamat en la seva terra. LLIGA va assenyalar \u201cque sigui gaireb\u00e9 impossible trobar taula sense una reserva amb mesos d&#8217;antelaci\u00f3 \u00e9s nom\u00e9s un senyal m\u00e9s que el p\u00fablic avala el seu treball\u201d.<\/p>\n<p>&nbsp;<\/p>\n<h2><span class=\"ez-toc-section\" id=\"Premi_al_Mitja_de_comunicacio\"><\/span>Premi al Mitj\u00e0 de comunicaci\u00f3<span class=\"ez-toc-section-end\"><\/span><\/h2>\n<p>Aquest reconeixement ha anat\u00a0a parar a l&#8217;aut\u00f2nom <strong>Javier Pe\u00f1a i el seu equip, al capdavant de Madrid Treballa<\/strong>, de la cadena Onda Madrid. El programa repassa l&#8217;actualitat del mercat de treball, amb esment especial als sectors d&#8217;aut\u00f2noms i emprenedors en les jornades dels dimarts. Des de ATA han recalcat la import\u00e0ncia de \u201catorgar visibilitat als petits negocis, aix\u00ed com a les hist\u00f2ries personals que hi ha darrere\u201d, motiu pel qual rep aquest reconeixement.<\/p>\n<h2><span class=\"ez-toc-section\" id=\"Premi_Emprenedor\"><\/span>Premi Emprenedor<span class=\"ez-toc-section-end\"><\/span><\/h2>\n<p>LLIGA ha lliurat per cinqu\u00e8 any consecutiu aquest premi a l&#8217;Emprenedor. Aquest 2023 va ser atorgat a<strong> Rosa Lagarrigue, avalat en els seus m\u00e9s de quatre d\u00e8cades al capdavant de RLM<\/strong>. Aquesta pionera de la representaci\u00f3 art\u00edstica es va convertir en \u201creferent de la ind\u00fastria musical i de l&#8217;entreteniment\u201d, i gaudeix d&#8217;ampli reconeixement per haver desenvolupat les carreres d&#8217;artistes com a Mecano, Raphael, Miguel Bos\u00e9, Alejandro Sanz o Rozal\u00e9n. Segons ATA, en l&#8217;actualitat es troba apostant pel g\u00e8nere flamenc, a trav\u00e9s de les carreres d&#8217;artistes com Sara Baras o Israel Fern\u00e1ndez. Ha rebut el premi per \u201cla seva contribuci\u00f3 al m\u00f3n empresarial i de l&#8217;emprenedoria\u201d.<\/p>\n<p>Per a la federaci\u00f3\u00a0ha estat imprescindible recon\u00e8ixer el treball de les persones, institucions, mitjans de comunicaci\u00f3 i empreses que treballen en benefici d&#8217;aquest col\u00b7lectiu. \u201cRecon\u00e8ixer el treball ben fet i destacar exemples que dignifiquin a la figura del microempresari\u201d serveixen per a fomentar en la societat en desenvolupament del principal teixit productiu: els aut\u00f2noms.<\/p>\n","protected":false},"excerpt":{"rendered":"<p>Qualsevol contribuent que s&#8217;hagi donat d&#8217;alta com a aut\u00f2nom entre gener i desembre de 2023 estar\u00e0 obligat a declarar la RENDA a l&#8217;any que ve, independentment dels seus ingressos i del temps que duri la seva situaci\u00f3. El mes de gener passat va entrar en&#8230;<\/p>\n","protected":false},"author":2,"featured_media":2857,"comment_status":"open","ping_status":"open","sticky":false,"template":"","format":"standard","meta":{"footnotes":""},"categories":[4],"tags":[],"class_list":["post-2853","post","type-post","status-publish","format-standard","has-post-thumbnail","hentry","category-noticies"],"yoast_head":"<!-- This site is optimized with the Yoast SEO plugin v24.3 - https:\/\/yoast.com\/wordpress\/plugins\/seo\/ -->\n<title>Hisenda obligar\u00e0 a declarar la RENDA a qualsevol persona que es doni d&#039;alta com a aut\u00f2nom en 2023 | Arias Assessors<\/title>\n<meta name=\"robots\" content=\"index, follow, max-snippet:-1, max-image-preview:large, max-video-preview:-1\" \/>\n<link rel=\"canonical\" href=\"https:\/\/www.ariasassessors.com\/ca\/hisenda-obligara-a-declarar-la-renda-a-qualsevol-persona-que-es-doni-dalta-com-a-autonom-en-2023\/\" \/>\n<meta property=\"og:locale\" content=\"ca_ES\" \/>\n<meta property=\"og:type\" content=\"article\" \/>\n<meta property=\"og:title\" content=\"Hisenda obligar\u00e0 a declarar la RENDA a qualsevol persona que es doni d&#039;alta com a aut\u00f2nom en 2023 | Arias Assessors\" \/>\n<meta property=\"og:description\" content=\"Qualsevol contribuent que s&#8217;hagi donat d&#8217;alta com a aut\u00f2nom entre gener i desembre de 2023 estar\u00e0 obligat a declarar la RENDA a l&#8217;any que ve, independentment dels seus ingressos i del temps que duri la seva situaci\u00f3. El mes de gener passat va entrar en...\" \/>\n<meta property=\"og:url\" content=\"https:\/\/www.ariasassessors.com\/ca\/hisenda-obligara-a-declarar-la-renda-a-qualsevol-persona-que-es-doni-dalta-com-a-autonom-en-2023\/\" \/>\n<meta property=\"og:site_name\" content=\"Arias Assessors\" \/>\n<meta property=\"article:publisher\" content=\"https:\/\/www.facebook.com\/ariasassessors\/\" \/>\n<meta property=\"article:published_time\" content=\"2023-08-30T08:14:46+00:00\" \/>\n<meta property=\"article:modified_time\" content=\"2023-08-31T10:17:19+00:00\" \/>\n<meta property=\"og:image\" content=\"https:\/\/www.ariasassessors.com\/wp-content\/uploads\/2023\/08\/Arias_Blog_IMAGEN_DESTACADA-53.png\" \/>\n\t<meta property=\"og:image:width\" content=\"1920\" \/>\n\t<meta property=\"og:image:height\" content=\"1202\" \/>\n\t<meta property=\"og:image:type\" content=\"image\/png\" \/>\n<meta name=\"author\" content=\"btorras\" \/>\n<meta name=\"twitter:card\" content=\"summary_large_image\" \/>\n<meta name=\"twitter:creator\" content=\"@ariasassessors\" \/>\n<meta name=\"twitter:site\" content=\"@ariasassessors\" \/>\n<meta name=\"twitter:label1\" content=\"Escrit per\" \/>\n\t<meta name=\"twitter:data1\" content=\"btorras\" \/>\n\t<meta name=\"twitter:label2\" content=\"Temps estimat de lectura\" \/>\n\t<meta name=\"twitter:data2\" content=\"20 minuts\" \/>\n<script type=\"application\/ld+json\" class=\"yoast-schema-graph\">{\"@context\":\"https:\/\/schema.org\",\"@graph\":[{\"@type\":\"Article\",\"@id\":\"https:\/\/www.ariasassessors.com\/ca\/hisenda-obligara-a-declarar-la-renda-a-qualsevol-persona-que-es-doni-dalta-com-a-autonom-en-2023\/#article\",\"isPartOf\":{\"@id\":\"https:\/\/www.ariasassessors.com\/ca\/hisenda-obligara-a-declarar-la-renda-a-qualsevol-persona-que-es-doni-dalta-com-a-autonom-en-2023\/\"},\"author\":{\"name\":\"btorras\",\"@id\":\"https:\/\/www.ariasassessors.com\/#\/schema\/person\/63c6ad1775f0a9413c37932562673cef\"},\"headline\":\"Hisenda obligar\u00e0 a declarar la RENDA a qualsevol persona que es doni d&#8217;alta com a aut\u00f2nom en 2023\",\"datePublished\":\"2023-08-30T08:14:46+00:00\",\"dateModified\":\"2023-08-31T10:17:19+00:00\",\"mainEntityOfPage\":{\"@id\":\"https:\/\/www.ariasassessors.com\/ca\/hisenda-obligara-a-declarar-la-renda-a-qualsevol-persona-que-es-doni-dalta-com-a-autonom-en-2023\/\"},\"wordCount\":4061,\"commentCount\":0,\"publisher\":{\"@id\":\"https:\/\/www.ariasassessors.com\/#organization\"},\"image\":{\"@id\":\"https:\/\/www.ariasassessors.com\/ca\/hisenda-obligara-a-declarar-la-renda-a-qualsevol-persona-que-es-doni-dalta-com-a-autonom-en-2023\/#primaryimage\"},\"thumbnailUrl\":\"https:\/\/www.ariasassessors.com\/wp-content\/uploads\/2023\/08\/Arias_Blog_IMAGEN_DESTACADA-53.png\",\"articleSection\":[\"noticies\"],\"inLanguage\":\"ca\",\"potentialAction\":[{\"@type\":\"CommentAction\",\"name\":\"Comment\",\"target\":[\"https:\/\/www.ariasassessors.com\/ca\/hisenda-obligara-a-declarar-la-renda-a-qualsevol-persona-que-es-doni-dalta-com-a-autonom-en-2023\/#respond\"]}]},{\"@type\":\"WebPage\",\"@id\":\"https:\/\/www.ariasassessors.com\/ca\/hisenda-obligara-a-declarar-la-renda-a-qualsevol-persona-que-es-doni-dalta-com-a-autonom-en-2023\/\",\"url\":\"https:\/\/www.ariasassessors.com\/ca\/hisenda-obligara-a-declarar-la-renda-a-qualsevol-persona-que-es-doni-dalta-com-a-autonom-en-2023\/\",\"name\":\"Hisenda obligar\u00e0 a declarar la RENDA a qualsevol persona que es doni d'alta com a aut\u00f2nom en 2023 | Arias Assessors\",\"isPartOf\":{\"@id\":\"https:\/\/www.ariasassessors.com\/#website\"},\"primaryImageOfPage\":{\"@id\":\"https:\/\/www.ariasassessors.com\/ca\/hisenda-obligara-a-declarar-la-renda-a-qualsevol-persona-que-es-doni-dalta-com-a-autonom-en-2023\/#primaryimage\"},\"image\":{\"@id\":\"https:\/\/www.ariasassessors.com\/ca\/hisenda-obligara-a-declarar-la-renda-a-qualsevol-persona-que-es-doni-dalta-com-a-autonom-en-2023\/#primaryimage\"},\"thumbnailUrl\":\"https:\/\/www.ariasassessors.com\/wp-content\/uploads\/2023\/08\/Arias_Blog_IMAGEN_DESTACADA-53.png\",\"datePublished\":\"2023-08-30T08:14:46+00:00\",\"dateModified\":\"2023-08-31T10:17:19+00:00\",\"breadcrumb\":{\"@id\":\"https:\/\/www.ariasassessors.com\/ca\/hisenda-obligara-a-declarar-la-renda-a-qualsevol-persona-que-es-doni-dalta-com-a-autonom-en-2023\/#breadcrumb\"},\"inLanguage\":\"ca\",\"potentialAction\":[{\"@type\":\"ReadAction\",\"target\":[\"https:\/\/www.ariasassessors.com\/ca\/hisenda-obligara-a-declarar-la-renda-a-qualsevol-persona-que-es-doni-dalta-com-a-autonom-en-2023\/\"]}]},{\"@type\":\"ImageObject\",\"inLanguage\":\"ca\",\"@id\":\"https:\/\/www.ariasassessors.com\/ca\/hisenda-obligara-a-declarar-la-renda-a-qualsevol-persona-que-es-doni-dalta-com-a-autonom-en-2023\/#primaryimage\",\"url\":\"https:\/\/www.ariasassessors.com\/wp-content\/uploads\/2023\/08\/Arias_Blog_IMAGEN_DESTACADA-53.png\",\"contentUrl\":\"https:\/\/www.ariasassessors.com\/wp-content\/uploads\/2023\/08\/Arias_Blog_IMAGEN_DESTACADA-53.png\",\"width\":1920,\"height\":1202},{\"@type\":\"BreadcrumbList\",\"@id\":\"https:\/\/www.ariasassessors.com\/ca\/hisenda-obligara-a-declarar-la-renda-a-qualsevol-persona-que-es-doni-dalta-com-a-autonom-en-2023\/#breadcrumb\",\"itemListElement\":[{\"@type\":\"ListItem\",\"position\":1,\"name\":\"Portada\",\"item\":\"https:\/\/www.ariasassessors.com\/ca\/\"},{\"@type\":\"ListItem\",\"position\":2,\"name\":\"Hisenda obligar\u00e0 a declarar la RENDA a qualsevol persona que es doni d&#8217;alta com a aut\u00f2nom en 2023\"}]},{\"@type\":\"WebSite\",\"@id\":\"https:\/\/www.ariasassessors.com\/#website\",\"url\":\"https:\/\/www.ariasassessors.com\/\",\"name\":\"Arias Assessors\",\"description\":\"Asesor\u00eda para aut\u00f3nomos, profesionales y PYMES\",\"publisher\":{\"@id\":\"https:\/\/www.ariasassessors.com\/#organization\"},\"potentialAction\":[{\"@type\":\"SearchAction\",\"target\":{\"@type\":\"EntryPoint\",\"urlTemplate\":\"https:\/\/www.ariasassessors.com\/?s={search_term_string}\"},\"query-input\":{\"@type\":\"PropertyValueSpecification\",\"valueRequired\":true,\"valueName\":\"search_term_string\"}}],\"inLanguage\":\"ca\"},{\"@type\":\"Organization\",\"@id\":\"https:\/\/www.ariasassessors.com\/#organization\",\"name\":\"Arias Assessors\",\"url\":\"https:\/\/www.ariasassessors.com\/\",\"logo\":{\"@type\":\"ImageObject\",\"inLanguage\":\"ca\",\"@id\":\"https:\/\/www.ariasassessors.com\/#\/schema\/logo\/image\/\",\"url\":\"https:\/\/www.ariasassessors.com\/wp-content\/uploads\/2019\/01\/arias-logo.png\",\"contentUrl\":\"https:\/\/www.ariasassessors.com\/wp-content\/uploads\/2019\/01\/arias-logo.png\",\"width\":349,\"height\":254,\"caption\":\"Arias Assessors\"},\"image\":{\"@id\":\"https:\/\/www.ariasassessors.com\/#\/schema\/logo\/image\/\"},\"sameAs\":[\"https:\/\/www.facebook.com\/ariasassessors\/\",\"https:\/\/x.com\/ariasassessors\",\"https:\/\/www.linkedin.com\/company\/r&amp;amp;r-growing-knowledge\/\"]},{\"@type\":\"Person\",\"@id\":\"https:\/\/www.ariasassessors.com\/#\/schema\/person\/63c6ad1775f0a9413c37932562673cef\",\"name\":\"btorras\",\"image\":{\"@type\":\"ImageObject\",\"inLanguage\":\"ca\",\"@id\":\"https:\/\/www.ariasassessors.com\/#\/schema\/person\/image\/\",\"url\":\"https:\/\/secure.gravatar.com\/avatar\/0531db351fc361fdbfd204c58fa2d6a3?s=96&d=mm&r=g\",\"contentUrl\":\"https:\/\/secure.gravatar.com\/avatar\/0531db351fc361fdbfd204c58fa2d6a3?s=96&d=mm&r=g\",\"caption\":\"btorras\"}}]}<\/script>\n<!-- \/ Yoast SEO plugin. -->","yoast_head_json":{"title":"Hisenda obligar\u00e0 a declarar la RENDA a qualsevol persona que es doni d'alta com a aut\u00f2nom en 2023 | Arias Assessors","robots":{"index":"index","follow":"follow","max-snippet":"max-snippet:-1","max-image-preview":"max-image-preview:large","max-video-preview":"max-video-preview:-1"},"canonical":"https:\/\/www.ariasassessors.com\/ca\/hisenda-obligara-a-declarar-la-renda-a-qualsevol-persona-que-es-doni-dalta-com-a-autonom-en-2023\/","og_locale":"ca_ES","og_type":"article","og_title":"Hisenda obligar\u00e0 a declarar la RENDA a qualsevol persona que es doni d'alta com a aut\u00f2nom en 2023 | Arias Assessors","og_description":"Qualsevol contribuent que s&#8217;hagi donat d&#8217;alta com a aut\u00f2nom entre gener i desembre de 2023 estar\u00e0 obligat a declarar la RENDA a l&#8217;any que ve, independentment dels seus ingressos i del temps que duri la seva situaci\u00f3. El mes de gener passat va entrar en...","og_url":"https:\/\/www.ariasassessors.com\/ca\/hisenda-obligara-a-declarar-la-renda-a-qualsevol-persona-que-es-doni-dalta-com-a-autonom-en-2023\/","og_site_name":"Arias Assessors","article_publisher":"https:\/\/www.facebook.com\/ariasassessors\/","article_published_time":"2023-08-30T08:14:46+00:00","article_modified_time":"2023-08-31T10:17:19+00:00","og_image":[{"width":1920,"height":1202,"url":"https:\/\/www.ariasassessors.com\/wp-content\/uploads\/2023\/08\/Arias_Blog_IMAGEN_DESTACADA-53.png","type":"image\/png"}],"author":"btorras","twitter_card":"summary_large_image","twitter_creator":"@ariasassessors","twitter_site":"@ariasassessors","twitter_misc":{"Escrit per":"btorras","Temps estimat de lectura":"20 minuts"},"schema":{"@context":"https:\/\/schema.org","@graph":[{"@type":"Article","@id":"https:\/\/www.ariasassessors.com\/ca\/hisenda-obligara-a-declarar-la-renda-a-qualsevol-persona-que-es-doni-dalta-com-a-autonom-en-2023\/#article","isPartOf":{"@id":"https:\/\/www.ariasassessors.com\/ca\/hisenda-obligara-a-declarar-la-renda-a-qualsevol-persona-que-es-doni-dalta-com-a-autonom-en-2023\/"},"author":{"name":"btorras","@id":"https:\/\/www.ariasassessors.com\/#\/schema\/person\/63c6ad1775f0a9413c37932562673cef"},"headline":"Hisenda obligar\u00e0 a declarar la RENDA a qualsevol persona que es doni d&#8217;alta com a aut\u00f2nom en 2023","datePublished":"2023-08-30T08:14:46+00:00","dateModified":"2023-08-31T10:17:19+00:00","mainEntityOfPage":{"@id":"https:\/\/www.ariasassessors.com\/ca\/hisenda-obligara-a-declarar-la-renda-a-qualsevol-persona-que-es-doni-dalta-com-a-autonom-en-2023\/"},"wordCount":4061,"commentCount":0,"publisher":{"@id":"https:\/\/www.ariasassessors.com\/#organization"},"image":{"@id":"https:\/\/www.ariasassessors.com\/ca\/hisenda-obligara-a-declarar-la-renda-a-qualsevol-persona-que-es-doni-dalta-com-a-autonom-en-2023\/#primaryimage"},"thumbnailUrl":"https:\/\/www.ariasassessors.com\/wp-content\/uploads\/2023\/08\/Arias_Blog_IMAGEN_DESTACADA-53.png","articleSection":["noticies"],"inLanguage":"ca","potentialAction":[{"@type":"CommentAction","name":"Comment","target":["https:\/\/www.ariasassessors.com\/ca\/hisenda-obligara-a-declarar-la-renda-a-qualsevol-persona-que-es-doni-dalta-com-a-autonom-en-2023\/#respond"]}]},{"@type":"WebPage","@id":"https:\/\/www.ariasassessors.com\/ca\/hisenda-obligara-a-declarar-la-renda-a-qualsevol-persona-que-es-doni-dalta-com-a-autonom-en-2023\/","url":"https:\/\/www.ariasassessors.com\/ca\/hisenda-obligara-a-declarar-la-renda-a-qualsevol-persona-que-es-doni-dalta-com-a-autonom-en-2023\/","name":"Hisenda obligar\u00e0 a declarar la RENDA a qualsevol persona que es doni d'alta com a aut\u00f2nom en 2023 | Arias Assessors","isPartOf":{"@id":"https:\/\/www.ariasassessors.com\/#website"},"primaryImageOfPage":{"@id":"https:\/\/www.ariasassessors.com\/ca\/hisenda-obligara-a-declarar-la-renda-a-qualsevol-persona-que-es-doni-dalta-com-a-autonom-en-2023\/#primaryimage"},"image":{"@id":"https:\/\/www.ariasassessors.com\/ca\/hisenda-obligara-a-declarar-la-renda-a-qualsevol-persona-que-es-doni-dalta-com-a-autonom-en-2023\/#primaryimage"},"thumbnailUrl":"https:\/\/www.ariasassessors.com\/wp-content\/uploads\/2023\/08\/Arias_Blog_IMAGEN_DESTACADA-53.png","datePublished":"2023-08-30T08:14:46+00:00","dateModified":"2023-08-31T10:17:19+00:00","breadcrumb":{"@id":"https:\/\/www.ariasassessors.com\/ca\/hisenda-obligara-a-declarar-la-renda-a-qualsevol-persona-que-es-doni-dalta-com-a-autonom-en-2023\/#breadcrumb"},"inLanguage":"ca","potentialAction":[{"@type":"ReadAction","target":["https:\/\/www.ariasassessors.com\/ca\/hisenda-obligara-a-declarar-la-renda-a-qualsevol-persona-que-es-doni-dalta-com-a-autonom-en-2023\/"]}]},{"@type":"ImageObject","inLanguage":"ca","@id":"https:\/\/www.ariasassessors.com\/ca\/hisenda-obligara-a-declarar-la-renda-a-qualsevol-persona-que-es-doni-dalta-com-a-autonom-en-2023\/#primaryimage","url":"https:\/\/www.ariasassessors.com\/wp-content\/uploads\/2023\/08\/Arias_Blog_IMAGEN_DESTACADA-53.png","contentUrl":"https:\/\/www.ariasassessors.com\/wp-content\/uploads\/2023\/08\/Arias_Blog_IMAGEN_DESTACADA-53.png","width":1920,"height":1202},{"@type":"BreadcrumbList","@id":"https:\/\/www.ariasassessors.com\/ca\/hisenda-obligara-a-declarar-la-renda-a-qualsevol-persona-que-es-doni-dalta-com-a-autonom-en-2023\/#breadcrumb","itemListElement":[{"@type":"ListItem","position":1,"name":"Portada","item":"https:\/\/www.ariasassessors.com\/ca\/"},{"@type":"ListItem","position":2,"name":"Hisenda obligar\u00e0 a declarar la RENDA a qualsevol persona que es doni d&#8217;alta com a aut\u00f2nom en 2023"}]},{"@type":"WebSite","@id":"https:\/\/www.ariasassessors.com\/#website","url":"https:\/\/www.ariasassessors.com\/","name":"Arias Assessors","description":"Asesor\u00eda para aut\u00f3nomos, profesionales y PYMES","publisher":{"@id":"https:\/\/www.ariasassessors.com\/#organization"},"potentialAction":[{"@type":"SearchAction","target":{"@type":"EntryPoint","urlTemplate":"https:\/\/www.ariasassessors.com\/?s={search_term_string}"},"query-input":{"@type":"PropertyValueSpecification","valueRequired":true,"valueName":"search_term_string"}}],"inLanguage":"ca"},{"@type":"Organization","@id":"https:\/\/www.ariasassessors.com\/#organization","name":"Arias Assessors","url":"https:\/\/www.ariasassessors.com\/","logo":{"@type":"ImageObject","inLanguage":"ca","@id":"https:\/\/www.ariasassessors.com\/#\/schema\/logo\/image\/","url":"https:\/\/www.ariasassessors.com\/wp-content\/uploads\/2019\/01\/arias-logo.png","contentUrl":"https:\/\/www.ariasassessors.com\/wp-content\/uploads\/2019\/01\/arias-logo.png","width":349,"height":254,"caption":"Arias Assessors"},"image":{"@id":"https:\/\/www.ariasassessors.com\/#\/schema\/logo\/image\/"},"sameAs":["https:\/\/www.facebook.com\/ariasassessors\/","https:\/\/x.com\/ariasassessors","https:\/\/www.linkedin.com\/company\/r&amp;amp;r-growing-knowledge\/"]},{"@type":"Person","@id":"https:\/\/www.ariasassessors.com\/#\/schema\/person\/63c6ad1775f0a9413c37932562673cef","name":"btorras","image":{"@type":"ImageObject","inLanguage":"ca","@id":"https:\/\/www.ariasassessors.com\/#\/schema\/person\/image\/","url":"https:\/\/secure.gravatar.com\/avatar\/0531db351fc361fdbfd204c58fa2d6a3?s=96&d=mm&r=g","contentUrl":"https:\/\/secure.gravatar.com\/avatar\/0531db351fc361fdbfd204c58fa2d6a3?s=96&d=mm&r=g","caption":"btorras"}}]}},"_links":{"self":[{"href":"https:\/\/www.ariasassessors.com\/ca\/wp-json\/wp\/v2\/posts\/2853","targetHints":{"allow":["GET"]}}],"collection":[{"href":"https:\/\/www.ariasassessors.com\/ca\/wp-json\/wp\/v2\/posts"}],"about":[{"href":"https:\/\/www.ariasassessors.com\/ca\/wp-json\/wp\/v2\/types\/post"}],"author":[{"embeddable":true,"href":"https:\/\/www.ariasassessors.com\/ca\/wp-json\/wp\/v2\/users\/2"}],"replies":[{"embeddable":true,"href":"https:\/\/www.ariasassessors.com\/ca\/wp-json\/wp\/v2\/comments?post=2853"}],"version-history":[{"count":1,"href":"https:\/\/www.ariasassessors.com\/ca\/wp-json\/wp\/v2\/posts\/2853\/revisions"}],"predecessor-version":[{"id":2854,"href":"https:\/\/www.ariasassessors.com\/ca\/wp-json\/wp\/v2\/posts\/2853\/revisions\/2854"}],"wp:featuredmedia":[{"embeddable":true,"href":"https:\/\/www.ariasassessors.com\/ca\/wp-json\/wp\/v2\/media\/2857"}],"wp:attachment":[{"href":"https:\/\/www.ariasassessors.com\/ca\/wp-json\/wp\/v2\/media?parent=2853"}],"wp:term":[{"taxonomy":"category","embeddable":true,"href":"https:\/\/www.ariasassessors.com\/ca\/wp-json\/wp\/v2\/categories?post=2853"},{"taxonomy":"post_tag","embeddable":true,"href":"https:\/\/www.ariasassessors.com\/ca\/wp-json\/wp\/v2\/tags?post=2853"}],"curies":[{"name":"wp","href":"https:\/\/api.w.org\/{rel}","templated":true}]}}