{"id":2862,"date":"2023-09-01T09:07:52","date_gmt":"2023-09-01T07:07:52","guid":{"rendered":"https:\/\/www.ariasassessors.com\/?p=2862"},"modified":"2023-08-31T13:46:30","modified_gmt":"2023-08-31T11:46:30","slug":"deduccio-fiscal-del-vehicle-que-usa-lautonom-o-els-seus-empleats-nota-dhisenda-amb-nous-criteris","status":"publish","type":"post","link":"https:\/\/www.ariasassessors.com\/ca\/deduccio-fiscal-del-vehicle-que-usa-lautonom-o-els-seus-empleats-nota-dhisenda-amb-nous-criteris\/","title":{"rendered":"Deducci\u00f3 fiscal del vehicle que usa l&#8217;aut\u00f2nom o els seus empleats: nota d&#8217;Hisenda amb nous criteris"},"content":{"rendered":"<p>L&#8217;Ag\u00e8ncia Tribut\u00e0ria ha em\u00e8s una nota interna en la qual aclareix els criteris que est\u00e0 seguint per a determinar quan poden deduir els aut\u00f2noms l&#8217;IVA o IRPF d&#8217;un vehicle, tant si \u00e9s per a \u00fas de l&#8217;empresari com dels seus empleats.<\/p>\n<p>L&#8217;Ag\u00e8ncia Tribut\u00e0ria ha publicat una nota interna on aclareix els <a href=\"https:\/\/www.autonomosyemprendedor.es\/articulo\/actualidad\/requisitos-que-exigira-hacienda-autonomos-poder-deducir-facturas-renta-ano\/20220406192601026465.html\">criteris que est\u00e0 tenint en compte l&#8217;Administraci\u00f3<\/a> a l&#8217;hora <strong>d&#8217;admetre o rebutjar les deduccions<\/strong> d&#8217;impostos que practiquen els aut\u00f2noms i empreses, <strong>tant per a ells com per als seus empleats<\/strong>. El document explica com han de procedir els funcionaris de la AEAT per a determinar <strong>quan poden deduir les empreses les quotes d&#8217;IVA i IRPF<\/strong> suportades en comprar un vehicle, depenent de si \u00e9s per a \u00fas de l&#8217;empresari o si se cedeix als treballadors.<\/p>\n<p>Segons van confirmar fonts de l&#8217;Ag\u00e8ncia Tribut\u00e0ria a aquest diari, aquesta &#8220;nota interna&#8221; <strong>no suposa un canvi de criteri<\/strong> com a tal, sin\u00f3 que serveix per a &#8220;<strong>exposar la situaci\u00f3 actual<\/strong>&#8220;, la qual cosa t\u00e9 en compte Hisenda de cara a les deduccions en IVA i IRPF que practiquen els negocis, despr\u00e9s de les <strong>\u00faltimes sent\u00e8ncies<\/strong> de l&#8217;Audi\u00e8ncia Nacional i del Tribunal Econ\u00f2mic Administratiu, que han establert <strong>jurisprud\u00e8ncia<\/strong>.<\/p>\n<p>La nota d&#8217;Hisenda tracta <strong>una de les deduccions m\u00e9s controvertides<\/strong> dels aut\u00f2noms, la del vehicle que compren o lloguen per a usar en l&#8217;activitat professional o per a cedir als seus empleats. Totes dues q\u00fcestions han suscitat dubtes hist\u00f2ricament per la <strong>complexitat que t\u00e9 per als treballadors per compte propi acreditar que el cotxe<\/strong> que han adquirit <strong>va destinat realment perqu\u00e8 l&#8217;usi el propi treballador per compte propi<\/strong> per a visitar a clients o desenvolupar la seva activitat, <strong>o els seus empleats per a treballar<\/strong>.<\/p>\n<p>Segons va explicar Javier Mart\u00edn Fern\u00e1ndez,\u00a0Soci Director de F&amp;J Mart\u00edn *Abogados i advocat especialitzat en fiscalitat, &#8220;en primer lloc, <strong>la nota es refereix a l&#8217;\u00fas del vehicle de l&#8217;empresa per part de treballadors<\/strong> tant en IVA com en IRPF. La *deducibilidad \u00e9s per a l&#8217;empresari i es determina que si es troba a la disposici\u00f3 del treballador, <strong>en funci\u00f3 de la jornada laboral, segons el conveni col\u00b7lectiu, la qual cosa estigui fora d&#8217;aquest horari no ser\u00e0 dedu\u00efble<\/strong> i s&#8217;haur\u00e0 d&#8217;imputar a l&#8217;empleat com a retribuci\u00f3 en esp\u00e8cie&#8221;.<\/p>\n<p><strong>Diferent cas seria si el vehicle \u00e9s per a \u00fas de l&#8217;aut\u00f2nom<\/strong>. &#8220;En aquest sup\u00f2sit, la normativa el deixa clar: en IRPF nom\u00e9s poden deduir la compra del vehicle els aut\u00f2noms que es dediquen al transport, comercials o similars. <strong>En IVA s&#8217;aplica el criteri del 50%<\/strong> si l&#8217;aut\u00f2nom no \u00e9s un professional del transport&#8221;, va afegir el Soci Director de F&amp;J Mart\u00edn *Abogados. Ara b\u00e9, l&#8217;Ag\u00e8ncia Tribut\u00e0ria tamb\u00e9 ha aclarit respecte a aquest criteri que<strong>\u00a0pot aplicar-se un percentatge inferior<\/strong>, en alguns casos.<\/p>\n<div id=\"ez-toc-container\" class=\"ez-toc-v2_0_72 counter-hierarchy ez-toc-counter ez-toc-grey ez-toc-container-direction\">\n<div class=\"ez-toc-title-container\">\n<p class=\"ez-toc-title\" style=\"cursor:inherit\">\u00cdndice de Contenidos<\/p>\n<span class=\"ez-toc-title-toggle\"><a href=\"#\" class=\"ez-toc-pull-right ez-toc-btn ez-toc-btn-xs ez-toc-btn-default ez-toc-toggle\" aria-label=\"Toggle Table of Content\"><span class=\"ez-toc-js-icon-con\"><span class=\"\"><span class=\"eztoc-hide\" style=\"display:none;\">Toggle<\/span><span class=\"ez-toc-icon-toggle-span\"><svg style=\"fill: #428bca;color:#428bca\" xmlns=\"http:\/\/www.w3.org\/2000\/svg\" class=\"list-377408\" width=\"20px\" height=\"20px\" viewBox=\"0 0 24 24\" fill=\"none\"><path d=\"M6 6H4v2h2V6zm14 0H8v2h12V6zM4 11h2v2H4v-2zm16 0H8v2h12v-2zM4 16h2v2H4v-2zm16 0H8v2h12v-2z\" fill=\"currentColor\"><\/path><\/svg><svg style=\"fill: #428bca;color:#428bca\" class=\"arrow-unsorted-368013\" xmlns=\"http:\/\/www.w3.org\/2000\/svg\" width=\"10px\" height=\"10px\" viewBox=\"0 0 24 24\" version=\"1.2\" baseProfile=\"tiny\"><path d=\"M18.2 9.3l-6.2-6.3-6.2 6.3c-.2.2-.3.4-.3.7s.1.5.3.7c.2.2.4.3.7.3h11c.3 0 .5-.1.7-.3.2-.2.3-.5.3-.7s-.1-.5-.3-.7zM5.8 14.7l6.2 6.3 6.2-6.3c.2-.2.3-.5.3-.7s-.1-.5-.3-.7c-.2-.2-.4-.3-.7-.3h-11c-.3 0-.5.1-.7.3-.2.2-.3.5-.3.7s.1.5.3.7z\"\/><\/svg><\/span><\/span><\/span><\/a><\/span><\/div>\n<nav><ul class='ez-toc-list ez-toc-list-level-1 eztoc-toggle-hide-by-default' ><li class='ez-toc-page-1 ez-toc-heading-level-2'><a class=\"ez-toc-link ez-toc-heading-1\" href=\"https:\/\/www.ariasassessors.com\/ca\/deduccio-fiscal-del-vehicle-que-usa-lautonom-o-els-seus-empleats-nota-dhisenda-amb-nous-criteris\/#Criteris_dHisenda_sobre_com_han_de_deduir-se_fiscalment_els_autonoms_el_seu_vehicle_i_el_dels_seus_empleats\" title=\"Criteris d&#8217;Hisenda sobre com han de deduir-se fiscalment els aut\u00f2noms el seu vehicle i el dels seus empleats\">Criteris d&#8217;Hisenda sobre com han de deduir-se fiscalment els aut\u00f2noms el seu vehicle i el dels seus empleats<\/a><ul class='ez-toc-list-level-3' ><li class='ez-toc-heading-level-3'><a class=\"ez-toc-link ez-toc-heading-2\" href=\"https:\/\/www.ariasassessors.com\/ca\/deduccio-fiscal-del-vehicle-que-usa-lautonom-o-els-seus-empleats-nota-dhisenda-amb-nous-criteris\/#Quant_poden_deduir_els_autonoms_per_IVA_i_IRPF_dels_vehicles_que_cedeixen_als_seus_treballadors\" title=\"Quant poden deduir els aut\u00f2noms per IVA i IRPF dels vehicles que cedeixen als seus treballadors?\">Quant poden deduir els aut\u00f2noms per IVA i IRPF dels vehicles que cedeixen als seus treballadors?<\/a><\/li><li class='ez-toc-page-1 ez-toc-heading-level-3'><a class=\"ez-toc-link ez-toc-heading-3\" href=\"https:\/\/www.ariasassessors.com\/ca\/deduccio-fiscal-del-vehicle-que-usa-lautonom-o-els-seus-empleats-nota-dhisenda-amb-nous-criteris\/#Quines_regles_aplica_Hisenda_per_a_la_deduccio_en_IVA_del_vehicle_que_usa_lautonom\" title=\"Quines regles aplica Hisenda per a la deducci\u00f3 en IVA del vehicle que usa l&#8217;aut\u00f2nom?\">Quines regles aplica Hisenda per a la deducci\u00f3 en IVA del vehicle que usa l&#8217;aut\u00f2nom?<\/a><\/li><\/ul><\/li><li class='ez-toc-page-1 ez-toc-heading-level-2'><a class=\"ez-toc-link ez-toc-heading-4\" href=\"https:\/\/www.ariasassessors.com\/ca\/deduccio-fiscal-del-vehicle-que-usa-lautonom-o-els-seus-empleats-nota-dhisenda-amb-nous-criteris\/#Cinc_formules_perque_els_autonoms_aconsegueixin_financament_per_al_seu_negoci\" title=\"Cinc f\u00f3rmules perqu\u00e8 els aut\u00f2noms aconsegueixin finan\u00e7ament per al seu negoci\">Cinc f\u00f3rmules perqu\u00e8 els aut\u00f2noms aconsegueixin finan\u00e7ament per al seu negoci<\/a><\/li><li class='ez-toc-page-1 ez-toc-heading-level-2'><a class=\"ez-toc-link ez-toc-heading-5\" href=\"https:\/\/www.ariasassessors.com\/ca\/deduccio-fiscal-del-vehicle-que-usa-lautonom-o-els-seus-empleats-nota-dhisenda-amb-nous-criteris\/#Cinc_metodes_que_tenen_els_autonoms_per_a_aconseguir_financament\" title=\"Cinc m\u00e8todes que tenen els aut\u00f2noms per a aconseguir finan\u00e7ament\">Cinc m\u00e8todes que tenen els aut\u00f2noms per a aconseguir finan\u00e7ament<\/a><ul class='ez-toc-list-level-3' ><li class='ez-toc-heading-level-3'><a class=\"ez-toc-link ez-toc-heading-6\" href=\"https:\/\/www.ariasassessors.com\/ca\/deduccio-fiscal-del-vehicle-que-usa-lautonom-o-els-seus-empleats-nota-dhisenda-amb-nous-criteris\/#Prestec_amb_Garantia_Hipotecaria\" title=\"Pr\u00e9stec amb Garantia Hipotec\u00e0ria\">Pr\u00e9stec amb Garantia Hipotec\u00e0ria<\/a><\/li><\/ul><\/li><li class='ez-toc-page-1 ez-toc-heading-level-2'><a class=\"ez-toc-link ez-toc-heading-7\" href=\"https:\/\/www.ariasassessors.com\/ca\/deduccio-fiscal-del-vehicle-que-usa-lautonom-o-els-seus-empleats-nota-dhisenda-amb-nous-criteris\/#Els_avantatges_per_als_autonoms_daccedir_a_loctubre_al_Compte_Corrent_Tributari_i_compensar_deutes\" title=\"Els avantatges per als aut\u00f2noms d&#8217;accedir a l&#8217;octubre al Compte Corrent Tributari i compensar deutes\">Els avantatges per als aut\u00f2noms d&#8217;accedir a l&#8217;octubre al Compte Corrent Tributari i compensar deutes<\/a><\/li><li class='ez-toc-page-1 ez-toc-heading-level-2'><a class=\"ez-toc-link ez-toc-heading-8\" href=\"https:\/\/www.ariasassessors.com\/ca\/deduccio-fiscal-del-vehicle-que-usa-lautonom-o-els-seus-empleats-nota-dhisenda-amb-nous-criteris\/#Qui_poden_acollir-se_al_sistema_de_Compte_Corrent_Tributari\" title=\"Qui poden acollir-se al sistema de Compte Corrent Tributari?\">Qui poden acollir-se al sistema de Compte Corrent Tributari?<\/a><ul class='ez-toc-list-level-3' ><li class='ez-toc-heading-level-3'><a class=\"ez-toc-link ez-toc-heading-9\" href=\"https:\/\/www.ariasassessors.com\/ca\/deduccio-fiscal-del-vehicle-que-usa-lautonom-o-els-seus-empleats-nota-dhisenda-amb-nous-criteris\/#Quins_son_els_impostos_que_poden_compensar_els_autonoms\" title=\"Quins s\u00f3n els impostos que poden compensar els aut\u00f2noms?\">Quins s\u00f3n els impostos que poden compensar els aut\u00f2noms?<\/a><\/li><\/ul><\/li><li class='ez-toc-page-1 ez-toc-heading-level-2'><a class=\"ez-toc-link ez-toc-heading-10\" href=\"https:\/\/www.ariasassessors.com\/ca\/deduccio-fiscal-del-vehicle-que-usa-lautonom-o-els-seus-empleats-nota-dhisenda-amb-nous-criteris\/#Com_se_sollicita_la_inclusio_en_el_compte_corrent\" title=\"Com se sol\u00b7licita la inclusi\u00f3 en el compte corrent?\">Com se sol\u00b7licita la inclusi\u00f3 en el compte corrent?<\/a><\/li><li class='ez-toc-page-1 ez-toc-heading-level-2'><a class=\"ez-toc-link ez-toc-heading-11\" href=\"https:\/\/www.ariasassessors.com\/ca\/deduccio-fiscal-del-vehicle-que-usa-lautonom-o-els-seus-empleats-nota-dhisenda-amb-nous-criteris\/#Un_autonom_pot_estar_en_el_Regim_de_Recarrec_dEquivalencia_i_en_el_regim_dIVA_alhora\" title=\"Un aut\u00f2nom pot estar en el R\u00e8gim de Rec\u00e0rrec d&#8217;Equival\u00e8ncia i en el r\u00e8gim d&#8217;IVA alhora?\">Un aut\u00f2nom pot estar en el R\u00e8gim de Rec\u00e0rrec d&#8217;Equival\u00e8ncia i en el r\u00e8gim d&#8217;IVA alhora?<\/a><\/li><li class='ez-toc-page-1 ez-toc-heading-level-2'><a class=\"ez-toc-link ez-toc-heading-12\" href=\"https:\/\/www.ariasassessors.com\/ca\/deduccio-fiscal-del-vehicle-que-usa-lautonom-o-els-seus-empleats-nota-dhisenda-amb-nous-criteris\/#Puc_estar_en_Regim_de_Recarrec_dEquivalencia_i_en_el_regim_general_dIVA_alhora\" title=\"Puc estar en R\u00e8gim de Rec\u00e0rrec d&#8217;Equival\u00e8ncia i en el r\u00e8gim general d&#8217;IVA alhora?\">Puc estar en R\u00e8gim de Rec\u00e0rrec d&#8217;Equival\u00e8ncia i en el r\u00e8gim general d&#8217;IVA alhora?<\/a><\/li><li class='ez-toc-page-1 ez-toc-heading-level-2'><a class=\"ez-toc-link ez-toc-heading-13\" href=\"https:\/\/www.ariasassessors.com\/ca\/deduccio-fiscal-del-vehicle-que-usa-lautonom-o-els-seus-empleats-nota-dhisenda-amb-nous-criteris\/#Presenta_avantatges_aquest_regim\" title=\"Presenta avantatges aquest r\u00e8gim?\">Presenta avantatges aquest r\u00e8gim?<\/a><\/li><\/ul><\/nav><\/div>\n<h2><span class=\"ez-toc-section\" id=\"Criteris_dHisenda_sobre_com_han_de_deduir-se_fiscalment_els_autonoms_el_seu_vehicle_i_el_dels_seus_empleats\"><\/span>Criteris d&#8217;Hisenda sobre com han de deduir-se fiscalment els aut\u00f2noms el seu vehicle i el dels seus empleats<span class=\"ez-toc-section-end\"><\/span><\/h2>\n<p>Segons van explicar des de l&#8217;Ag\u00e8ncia Tribut\u00e0ria a trav\u00e9s de la nota interna, la cessi\u00f3 de vehicles a empleats per part de les seves empreses ha estat objecte d&#8217;an\u00e0lisi recentment pel Tribunal de Just\u00edcia de la Uni\u00f3 Europea, l&#8217;Audi\u00e8ncia Nacional i el Tribunal Economicoadministratiu Central. Aix\u00f2 ha suposat &#8220;<strong>un canvi en algun dels criteris d&#8217;aplicaci\u00f3 de les regles que fins a aquesta nova jurisprud\u00e8ncia i doctrina tenia<\/strong> en compte l&#8217;Administraci\u00f3 tribut\u00e0ria&#8221;.<\/p>\n<p>A m\u00e9s, d&#8217;altra banda, Hisenda tamb\u00e9 va aprofitar en aquesta nota\u00a0per a aclarir el criteri que t\u00e9 de cara a les deduccions per als aut\u00f2noms quan el vehicle \u00e9s per a \u00fas de l&#8217;empresari. <strong>La\u00a0AEAT\u00a0va recordar que la famosa deducci\u00f3 del 50% de l&#8217;IVA en adquirir un vehicle per als treballadors<\/strong> -que s&#8217;ha ent\u00e8s durant molt de temps com a universal-\u00a0<strong>dep\u00e8n de cada cas<\/strong> i l&#8217;Administraci\u00f3 es reserva sempre el dret a practicar una <strong>deducci\u00f3 inferior<\/strong> si acredita que el treballador per compte propi usa menys de la meitat del temps el cotxe o furgoneta per al seu negoci.<\/p>\n<h3><span class=\"ez-toc-section\" id=\"Quant_poden_deduir_els_autonoms_per_IVA_i_IRPF_dels_vehicles_que_cedeixen_als_seus_treballadors\"><\/span>Quant poden deduir els aut\u00f2noms per IVA i IRPF dels vehicles que cedeixen als seus treballadors?<span class=\"ez-toc-section-end\"><\/span><\/h3>\n<p>Els vehicles que els aut\u00f2noms o empreses compren <strong>per a cedir als seus treballadors<\/strong> per a l&#8217;acompliment del treball s\u00f3n, <strong>al principi, dedu\u00efbles punt en IVA o en IRPF<\/strong>. Sempre, aix\u00f2 s\u00ed, que es pugui demostrar que el cotxe o furgoneta \u00e9s necessari perqu\u00e8 l&#8217;empleat desenvolupi la seva activitat laboral.<\/p>\n<p>En primer lloc, segons l&#8217;Ag\u00e8ncia Tribut\u00e0ria, tant l&#8217;Audi\u00e8ncia Nacional com el\u00a0TEAC\u00a0han establert que <strong>correspon a l&#8217;empresa acreditar<\/strong> la necessitat de l&#8217;\u00fas del vehicle per a l&#8217;acompliment de l&#8217;activitat laboral per part del treballador.<\/p>\n<p>En segon lloc, va apuntar Hisenda en la seva nota, &#8220;<strong>una vegada provada la necessitat del vehicle per a l&#8217;acompliment de l&#8217;activitat laboral i determinada l&#8217;exist\u00e8ncia<\/strong> d&#8217;un \u00fas particular, el criteri aplicable (&#8230;.) que ha estat concretat per l&#8217;Audi\u00e8ncia Nacional\u00a0prenent en consideraci\u00f3 <strong>la totalitat del temps anual que no correspon a la jornada laboral<\/strong> dels treballadors&#8221;.<\/p>\n<p>D&#8217;aquesta manera,<strong> l&#8217;ocupador podr\u00e0 deduir solament en IVA i IRPF la part proporcional a la jornada laboral del seu empleat<\/strong>, que \u00e9s el temps en el qual el seu treballador usa el vehicle. &#8220;Per tant, en IRPF, l&#8217;empresari pot <strong>deduir-se l&#8217;amortitzaci\u00f3 del vehicle en el percentatge d&#8217;hores que treballa el seu empleat<\/strong> a l&#8217;any. <strong>La resta, haur\u00e0 de ser comptabilitzat com a retribuci\u00f3 en esp\u00e8cie<\/strong> que percep el treballador i pot deduir-se l&#8217;empresari com a despesa salarial&#8221;, va explicar Javier Mart\u00edn, Soci Director de\u00a0FyJ\u00a0Mart\u00edn\u00a0Abogados.<\/p>\n<p>Si, per exemple, el treballador tingu\u00e9s una jornada laboral de 40 hores setmanals, que suposa al voltant del 23% de les hores totals de la setmana, seria aquest 23% el que podria deduir l&#8217;aut\u00f2nom en IRPF. <strong>Aquest criteri s&#8217;aplica igualment a l&#8217;IVA, encara que en aquest cas, l\u00f2gicament, aquesta part seria l&#8217;\u00fanica cosa dedu\u00efble<\/strong> ja que la resta no es podria imputar com a retribuci\u00f3 en esp\u00e8cie.<\/p>\n<h3><span class=\"ez-toc-section\" id=\"Quines_regles_aplica_Hisenda_per_a_la_deduccio_en_IVA_del_vehicle_que_usa_lautonom\"><\/span>Quines regles aplica Hisenda per a la deducci\u00f3 en IVA del vehicle que usa l&#8217;aut\u00f2nom?<span class=\"ez-toc-section-end\"><\/span><\/h3>\n<p>La nota interna de l&#8217;Ag\u00e8ncia Tribut\u00e0ria tamb\u00e9 aclareix la <strong>deducibilidad del vehicle en IVA i IRPF quan \u00e9s l&#8217;aut\u00f2nom qui usa aquest cotxe o furgoneta<\/strong>.\u00a0 Segons l&#8217;advocat Javier Mart\u00edn, en aquest cas, &#8220;el criteri \u00e9s diferent i la normativa \u00e9s clara&#8221;. En IRPF nom\u00e9s \u00e9s possible la deducci\u00f3 quan l&#8217;empresari forma part d&#8217;algunes de les activitats que marca la llei, com el transport.<strong> En IVA, es pot aplicar el criteri del 50%<\/strong> i els aut\u00f2noms que no formen part d&#8217;aquestes activitats podrien deduir la meitat de les quotes suportades per la compra.<\/p>\n<p>Ara b\u00e9, segons va puntualitzar l&#8217;Ag\u00e8ncia Tribut\u00e0ria, <strong>aquest criteri del 50% no \u00e9s universal i no t\u00e9 per qu\u00e8 aplicar-se en tots els casos<\/strong>. &#8220;Si l&#8217;Administraci\u00f3 acredita <strong>un grau d&#8217;afectaci\u00f3 inferior<\/strong> al percentatge del 50 per 100 ser\u00e0 el que hagi d&#8217;aplicar-se,\u00a0sense perjudici que sigui el propi subjecte passiu el que hagi d&#8217;efectuar l&#8217;ajust, a l&#8217;al\u00e7a o a la baixa, en un per\u00edode posterior a aquell en qu\u00e8 va suportar la quota&#8221;.<\/p>\n<p>\u00c9s a dir, els aut\u00f2noms que utilitzin el seu vehicle per a l&#8217;activitat i per a la seva vida laboral <strong>s&#8217;exposen tamb\u00e9 en IVA a una possible revisi\u00f3 amb un &#8220;ajust&#8221; a la baixa<\/strong>. Hisenda podria entendre que li correspon nom\u00e9s un 20% o un 30% de deducci\u00f3, o &#8220;<strong>fins i tot que no li correspon res, si l&#8217;activitat de l&#8217;aut\u00f2nom no requereix de l&#8217;\u00fas de vehicle<\/strong> i no necessita anar a visitar a client&#8221;, va apuntar l&#8217;advocat de\u00a0JyF\u00a0Mart\u00edn\u00a0Abogados.<\/p>\n<h2><span class=\"ez-toc-section\" id=\"Cinc_formules_perque_els_autonoms_aconsegueixin_financament_per_al_seu_negoci\"><\/span>Cinc f\u00f3rmules perqu\u00e8 els aut\u00f2noms aconsegueixin finan\u00e7ament per al seu negoci<span class=\"ez-toc-section-end\"><\/span><\/h2>\n<p>Cada vegada m\u00e9s aut\u00f2noms necessiten finan\u00e7ament\u00a0per a tirar endavant el seu projecte, invertir o simplement cobrir les despeses del seu negoci en moments de necessitat. La cerca de <strong>finan\u00e7ament pot ser un proc\u00e9s complex<\/strong> en el qual els emprenedors naveguen per a assegurar la viabilitat i perviv\u00e8ncia de les seves activitats aix\u00ed com la garantia de creixement.<\/p>\n<p>El normal i m\u00e9s aconsellable \u00e9s que\u00a0els aut\u00f2noms acudeixin a les entitats financeres quan necessiten liquiditat. Per\u00f2 tamb\u00e9 existeixen altres f\u00f3rmules m\u00e9s enll\u00e0 de les l\u00ednies de cr\u00e8dits com s\u00f3n els <strong>pr\u00e9stecs hipotecaris<\/strong>, <strong>amb la garantia d&#8217;un habitatge o local<\/strong>,\u00a0que solen tenir grans avantatges\u00a0en\u00a0quant als\u00a0interessos que es paguen, m\u00e9s baixos que la resta. Tamb\u00e9\u00a0<strong>els bancs ofereixen altres f\u00f3rmules<\/strong> interm\u00e8dies entre el lloguer i el finan\u00e7ament, com poden ser el confirming i el factoring.<\/p>\n<p>Qualsevol d&#8217;aquestes modalitats poden convenir a l&#8217;aut\u00f2nom depenent de les seves necessitats, dels avals i ingressos amb els quals compti i dels plans que tingui amb el seu negoci. A continuaci\u00f3, des de la plataforma especialitzada en finan\u00e7ament <a href=\"https:\/\/www.autonomosyemprendedor.es\/articulo\/actualidad\/requisitos-que-exigira-hacienda-autonomos-poder-deducir-facturas-renta-ano\/20220406192601026465.html\">Financer.com<\/a>,\u00a0un dels comparadors l\u00edders a Espanya especialitzat en productes financers, ofereixen <strong>cinc idees perqu\u00e8 els aut\u00f2noms obtinguin liquiditat o aconsegueixin algun actiu<\/strong>, com un vehicle, maquin\u00e0ria i fins al local\u00a0per al seu negoci.<\/p>\n<h2><span class=\"ez-toc-section\" id=\"Cinc_metodes_que_tenen_els_autonoms_per_a_aconseguir_financament\"><\/span>Cinc m\u00e8todes que tenen els aut\u00f2noms per a aconseguir finan\u00e7ament<span class=\"ez-toc-section-end\"><\/span><\/h2>\n<h3><span class=\"ez-toc-section\" id=\"Prestec_amb_Garantia_Hipotecaria\"><\/span>Pr\u00e9stec amb Garantia Hipotec\u00e0ria<span class=\"ez-toc-section-end\"><\/span><\/h3>\n<p>Segons el comparador &#8216;Financer.com&#8217;, els pr\u00e9stecs hipotecaris s\u00f3n<strong> una de les fonts de finan\u00e7ament m\u00e9s populars per a crear una empresa<\/strong>.\u00a0 En aquesta modalitat, es col\u00b7loca una propietat valuosa com a garantia de pagament. Aix\u00f2 no sols brinda una<strong> taxa d&#8217;inter\u00e8s potencialment m\u00e9s atractiva<\/strong> a causa de la reducci\u00f3 del risc per al prestador, sin\u00f3 que tamb\u00e9 permet a les persones amb historials crediticis menys propicis accedir a un finan\u00e7ament substancial,<\/p>\n<p>Accedint al seg\u00fcent enlla\u00e7 es pot consultar i comparar <a href=\"https:\/\/financer.com\/es\/prestamos\/prestamos-garantia-hipotecaria\/\">quin \u00e9s el millor pr\u00e9stec amb garantia hipotec\u00e0ria que ofereixen en Financer.com<\/a>. En tot cas, apunten des del comparador, \u00e9s\u00a0important discernir\u00a0entre aquesta mena de pr\u00e9stec i la hipoteca convencional: mentre que aquesta \u00faltima es destina principalment a l&#8217;adquisici\u00f3 d&#8217;habitatges, <strong>el pr\u00e9stec amb garantia hipotec\u00e0ria es pot utilitzar per a una gamma diversificada de projectes<\/strong>.<\/p>\n<p><strong>R\u00e8nting<\/strong><br \/>\nAquest model contractual implica el <strong>pagament mensual per l&#8217;\u00fas d&#8217;un actiu<\/strong>, no sols un vehicle, sin\u00f3 qualsevol tipus de maquin\u00e0ria per al negoci. Aquesta modalitat de lloguer permet adquirir qualsevol b\u00e9 moble o immoble per al negoci sense fer un gran desemborsament per a aix\u00f2, encara que aquest mai ser\u00e0 propietat de l&#8217;aut\u00f2nom. Al final del contracte, les empreses tenen l&#8217;opci\u00f3 de retornar l&#8217;actiu o\u00a0\u00a0renovar el contracte.<\/p>\n<p>Aquesta alternativa pot ser particularment beneficiosa per a aquelles companyies que desitgen mantenir els seus fluxos d&#8217;efectiu sense veure&#8217;s llastrades per compres d&#8217;actius fixos.<\/p>\n<p><strong>Fons de deute<\/strong><br \/>\nAmb aquesta modalitat l&#8217;empresa emet deute que els inversors adquireixen, transformant-se en creditors d&#8217;aquesta. <strong>La companyia es compromet a reemborsar el pr\u00e9stec amb interessos que s\u00f3n determinats pels inversors<\/strong>.<\/p>\n<p>Encara que aquest enfocament pot augmentar la c\u00e0rrega financera a llarg termini, <strong>atorga a les empreses la flexibilitat d&#8217;invertir el capital recaptat<\/strong> segons les seves <strong>necessitats<\/strong> i objectius espec\u00edfics. Per als inversors, aquest tipus d&#8217;instrument ofereix l&#8217;oportunitat de diversificar les seves carteres i obtenir rendiments atractius.<\/p>\n<p><strong>Factoring<\/strong><br \/>\nEn ess\u00e8ncia, aquesta modalitat consisteix en el fet que <strong>les entitats financeres avancen el cobrament de factures als clients de l&#8217;empresa<\/strong> i assumeixen <strong>la responsabilitat de recuperar aquestes quantitats<\/strong> en el futur.<\/p>\n<p>Aquest enfocament pot resultar especialment avantatj\u00f3s per a les empreses que enfronten desafiaments de liquiditat a curt termini, ja que els brinda acc\u00e9s immediat als fons necessaris per a executar operacions.<\/p>\n<p><strong>Confirming<\/strong><br \/>\n<strong>Quan una empresa no pot complir amb els terminis de pagament establerts<\/strong> amb els seus prove\u00efdors, l&#8217;entitat financera interv\u00e9 per a facilitar el proc\u00e9s i assumir part o la totalitat de la deutes. \u00c9s a dir, cobreix a l&#8217;aut\u00f2nom perqu\u00e8 pugui continuar comprant.\u00a0Aquesta modalitat no sols assegura la continu\u00eftat de les cadenes de subministrament, sin\u00f3 que tamb\u00e9 enforteix la confian\u00e7a en les relacions comercials.<\/p>\n<p>El confirming demostra ser una eina important en l&#8217;entorn empresarial, on les <strong>relacions s\u00f2lides i la gesti\u00f3 eficient de pagaments s\u00f3n essencials<\/strong> per al creixement de l&#8217;empresa.<\/p>\n<p>En qualsevol cas, apunten des del comparador Financer.com, <strong>l&#8217;acc\u00e9s al model de finan\u00e7ament adequat \u00e9s un factor crucial<\/strong> per a l&#8217;\u00e8xit empresarial. Des de les innovadores opcions de r\u00e8nting fins a les estrat\u00e8gies d&#8217;emissi\u00f3 de deute, les empreses tenen a la seva disposici\u00f3 una varietat de m\u00e8todes per a obtenir els recursos financers necessaris. &#8220;<strong>Cada enfocament t\u00e9 els seus propis avantatges i consideracions<\/strong> a tenir en compte,\u00a0la qual cosa exigeix una an\u00e0lisi exhaustiva de les necessitats i objectius de l&#8217;empresa&#8221;, van apuntar des de la plataforma.<\/p>\n<p>&nbsp;<\/p>\n<h2><span class=\"ez-toc-section\" id=\"Els_avantatges_per_als_autonoms_daccedir_a_loctubre_al_Compte_Corrent_Tributari_i_compensar_deutes\"><\/span>Els avantatges per als aut\u00f2noms d&#8217;accedir a l&#8217;octubre al Compte Corrent Tributari i compensar deutes<span class=\"ez-toc-section-end\"><\/span><\/h2>\n<p>L&#8217;Ag\u00e8ncia Tribut\u00e0ria obrir\u00e0 el <strong>pr\u00f2xim 1 d&#8217;octubre<\/strong> el termini perqu\u00e8 els aut\u00f2noms s&#8217;acullin si vol al Compte Corrent Tributari, un sistema tan \u00fatil com desconegut per a molts aut\u00f2noms. Els treballadors per compte propi que s&#8217;acullin a aquesta eina podran compensar els deutes que tinguin arracades de pagar a Hisenda pels seus impostos amb els diners que el Fisc els ha de retornar.<\/p>\n<p>Els aut\u00f2noms presenten cada any desenes d&#8217;autoliquidacions,<strong> principalment d&#8217;impostos com l&#8217;IVA o l&#8217;IRPF<\/strong>.\u00a0 En aquestes declaracions, el resultat pot sortir a pagar -el contribuent ha d&#8217;abonar diners a Hisenda-, o a retornar -\u00e9s l&#8217;Ag\u00e8ncia Tribut\u00e0ria la que ha de pagar al treballador per compte propi-. El Compte Corrent Tributari ajuda a alleugerir els tr\u00e0mits referents als tributs dels aut\u00f2noms compensant directament les difer\u00e8ncies entre el que deu l&#8217;Administraci\u00f3 al contribuent i viceversa.<\/p>\n<p>Aix\u00ed, per exemple, si un aut\u00f2nom tingu\u00e9s una quantitat pendent de rebre per part d&#8217;Hisenda de 500 euros en concepte de la seva declaraci\u00f3 anual de la RENDA, per\u00f2 durant el tercer trimestre -entre juliol i setembre- obtingu\u00e9s un resultat a pagar de 1.000 euros per l&#8217;IVA, el sistema li compensaria autom\u00e0ticament el seu deute, que li quedaria en un resultat final de 500 euros. Aquest seria l&#8217;import que hauria d&#8217;abonar per la seva autoliquidaci\u00f3, en aquest cas, entre l&#8217;1 i el 20 d&#8217;octubre, ja que \u00e9s el termini que correspon als per\u00edodes de declaraci\u00f3 de l&#8217;IVA.<\/p>\n<p>Segons fonts de l&#8217;Ag\u00e8ncia Tribut\u00e0ria, el termini per a sol\u00b7licitar acollir-se a aquest sistema de Compte Corrent Tributari comen\u00e7a l&#8217;1 d&#8217;octubre i <strong>finalitzar\u00e0 el dia 31 del mateix mes<\/strong>. Aquesta sol\u00b7licitud, no obstant aix\u00f2,<strong> tindr\u00e0 efectes des de l&#8217;1 de gener de 2024<\/strong>.<\/p>\n<h2><span class=\"ez-toc-section\" id=\"Qui_poden_acollir-se_al_sistema_de_Compte_Corrent_Tributari\"><\/span>Qui poden acollir-se al sistema de Compte Corrent Tributari?<span class=\"ez-toc-section-end\"><\/span><\/h2>\n<p>La normativa estableix que els requisits que han de complir els contribuents per a acollir-se\u00a0al sistema de Compte Corrent Tributari s\u00f3n:<\/p>\n<ul>\n<li>Ser empresari o professional obligat a presentar de manera peri\u00f2dica les liquidacions tribut\u00e0ries de l&#8217;IVA i de retencions i ingressos a compte.<\/li>\n<li>Tenir una suma de cr\u00e8dits reconeguts durant l&#8217;exercici anterior a la sol\u00b7licitud equivalent al 40% dels deutes tributaris reportats en el mateix per\u00edode de temps.<\/li>\n<li>Haver presentat les autoliquidacions de l&#8217;IRPF, de l&#8217;Impost de Societats o a l&#8217;Impost sobre la Renda de no Residents en l&#8217;\u00faltim any.<\/li>\n<li>Estar donat d&#8217;alta en l&#8217;IAE o en el Cens d&#8217;Empresaris, Professionals i Retenidors les persones o entitats obligades.<\/li>\n<li>Haver presentat les autoliquidacions i declaracions anuals de l&#8217;IVA en l&#8217;\u00faltim any.<\/li>\n<li>No mantenir deutes o sancions tribut\u00e0ries amb l&#8217;Administraci\u00f3 en per\u00edode executiu tret que es trobin ajornades, fraccionades o suspeses.<\/li>\n<li>No tenir responsabilitats pendents d&#8217;ingr\u00e9s a causa de delicte contra la Hisenda P\u00fablica en sent\u00e8ncia ferma.<\/li>\n<li>No haver renunciat al sistema de Compte Corrent Tributari o que no hagi estat revocada la seva inclusi\u00f3 durant l&#8217;any natural en qu\u00e8 s&#8217;executi la sol\u00b7licitud ni l&#8217;any natural anterior.<\/li>\n<\/ul>\n<h3><span class=\"ez-toc-section\" id=\"Quins_son_els_impostos_que_poden_compensar_els_autonoms\"><\/span>Quins s\u00f3n els impostos que poden compensar els aut\u00f2noms?<span class=\"ez-toc-section-end\"><\/span><\/h3>\n<p>Els treballadors per compte propi <strong>podran compensar els cr\u00e8dits reconeguts de l&#8217;IRPF, l&#8217;Impost de Societats, l&#8217;Impost sobre la Renda de no Residents en els sup\u00f2sits designats o l&#8217;IVA<\/strong>. En el cas de les devolucions, consistiran en aquelles que sorgeixin de les autoliquidacions d&#8217;aquests mateixos tributs, i, a m\u00e9s, dels pagaments o retencions a compte d&#8217;aquests.<\/p>\n<p>Els deutes que no entren dins del sistema de compte corrent, s\u00f3n les<strong> derivades de declaracions i liquidacions presentades fora de termini<\/strong>; els deutes que es derivin de<strong> liquidacions provisionals o definitives practicades pels \u00f2rgans<\/strong> de l&#8217;Administraci\u00f3; les <strong>devolucions reconegudes en els procediments especials de revisi\u00f3<\/strong> i les reportades en concepte <strong>d&#8217;IVA per les importacions<\/strong>.<\/p>\n<h2><span class=\"ez-toc-section\" id=\"Com_se_sollicita_la_inclusio_en_el_compte_corrent\"><\/span>Com se sol\u00b7licita la inclusi\u00f3 en el compte corrent?<span class=\"ez-toc-section-end\"><\/span><\/h2>\n<p>Els aut\u00f2noms poden acollir-se a aquest sistema mitjan\u00e7ant formulari durant aquest mes d&#8217;octubre amb vista al fet que es faci efectiu el procediment l&#8217;any natural seg\u00fcent. Es presentar\u00e0 mitjan\u00e7ant <strong>el model de sol\u00b7licitud disponible a trav\u00e9s de l&#8217;Ag\u00e8ncia Tribut\u00e0ria<\/strong> per a la seva presentaci\u00f3 telem\u00e0tica, al qual es pot accedir a trav\u00e9s de la seva p\u00e0gina web mitjan\u00e7ant DNI o Cl@ve M\u00f2bil.<\/p>\n<p>Si despr\u00e9s de la revisi\u00f3 de la documentaci\u00f3 pertinent no es consider\u00e9s que es compleixen tots els requisits per a accedir, <strong>es concedir\u00e0 a l&#8217;interessat un termini de 15 dies<\/strong>, a partir de l&#8217;endem\u00e0, per a efectuar les possibles al\u00b7legacions. El termini de resoluci\u00f3 definitiva \u00e9s de tres mesos; si no hi ha resoluci\u00f3 en aquest termini ni al comen\u00e7ament de l&#8217;any natural seg\u00fcent, la sol\u00b7licitud es donar\u00e0 per desestimada.<\/p>\n<p>Per contra, si la *AEAT concedeix la proposta, anir\u00e0 fent anotacions en el compte corrent de manera trimestral els dies 31 de mar\u00e7, 30 de juny, 30 de setembre, i 31 de desembre. Aquestes anotacions indicaran els deutes o devolucions resultants d&#8217;aplicar la compensaci\u00f3. A partir d&#8217;aquestes dates, l&#8217;obligat t\u00e9 deu\u00a0dies per a formular les seves al\u00b7legacions. <strong>Els cr\u00e8dits i d\u00e8bits no seran exigibles de manera individual durant la vig\u00e8ncia del compte corrent, sin\u00f3 pel saldo resultant de la mateixa despr\u00e9s de la liquidaci\u00f3<\/strong>. En cas que la liquidaci\u00f3 provisional an\u00e9s una quantitat a ingressar, els deutes hauran de pagar-se en el termini que marqui la normativa de cada impost.<\/p>\n<h2><span class=\"ez-toc-section\" id=\"Un_autonom_pot_estar_en_el_Regim_de_Recarrec_dEquivalencia_i_en_el_regim_dIVA_alhora\"><\/span>Un aut\u00f2nom pot estar en el R\u00e8gim de Rec\u00e0rrec d&#8217;Equival\u00e8ncia i en el r\u00e8gim d&#8217;IVA alhora?<span class=\"ez-toc-section-end\"><\/span><\/h2>\n<p>El R\u00e8gim de Rec\u00e0rrec d&#8217;Equival\u00e8ncia \u00e9s <strong>un r\u00e8gim especial de l&#8217;IVA<\/strong> que afecta els comerciants minoristes. Engloba a tots els aut\u00f2noms persones f\u00edsiques que es dediquin al comer\u00e7 al detall en l&#8217;IAE (Impost d&#8217;activitats Econ\u00f2miques) i que <strong>no realitzin modificacions o transformacions dels seus productes<\/strong>, explica\u00a0l&#8217;Ag\u00e8ncia Tribut\u00e0ria. Aquests aut\u00f2noms estan obligats a pagar l&#8217;IVA als seus prove\u00efdors a trav\u00e9s del R\u00e8gim de Rec\u00e0rrec d&#8217;Equival\u00e8ncia, pel\u00a0qual els repercuteixen un impost\u00a0m\u00e9s alt en les factures.<\/p>\n<p>En lloc de presentar la liquidaci\u00f3 trimestral de l&#8217;IVA a l&#8217;Ag\u00e8ncia Tribut\u00e0ria, <strong>aquest impost s&#8217;inclou en el rebut del prove\u00efdor<\/strong>, aix\u00ed que l&#8217;aut\u00f2nom haur\u00e0 de pagar-li<strong> a m\u00e9s de l&#8217;IVA un rec\u00e0rrec corresponent al tipus impositiu que se li aplica<\/strong>. Amb el que \u00e9s el prove\u00efdor el que paga posteriorment el tribut a Hisenda. El tipus impositiu vindr\u00e0 a assenyalar quant m\u00e9s es pagar\u00e0 pel rec\u00e0rrec.\u00a0\u00c9s a dir, quina \u00e9s la quota estipulada per a aquest percentatge d&#8217;IVA. Per exemple, si el comerciant compra al seu prove\u00efdor un b\u00e9, el prove\u00efdor li cobrar\u00e0 el 21%, m\u00e9s el rec\u00e0rrec estipulat per a aquest tipus, que en aquest cas \u00e9s del 5,2%. Aquest rec\u00e0rrec apareixer\u00e0 cobrat per separat.<\/p>\n<p>Aquesta obligat a algun sector a estar en R\u00e8gim de Rec\u00e0rrec d&#8217;Equival\u00e8ncia?<\/p>\n<p>\u201c<strong>Estan obligats tots aquells comerciants minoristes que siguin persona f\u00edsica<\/strong>\u201d, \u00e9s a dir, \u201caquell que compra i ven el producte en el mateix estat\u201d, va subratllar Javier Mart\u00edn, advocat fiscal i Catedr\u00e0tic de Dret Financer i Tributari,\u00a0les vendes del qual al consumidor final durant l&#8217;any representin com a m\u00ednim el 80% de les vendes totals realitzades. L&#8217;Ag\u00e8ncia Tribut\u00e0ria afegeix com a excepci\u00f3 a aquells que comercialitzin els seg\u00fcents productes:<\/p>\n<ul>\n<li>Vehicles accionats a motor per a circular per carretera i els seus remolcs.<\/li>\n<li>Embarcacions i vaixells.<\/li>\n<li>Avions, avionetes, velers i altres aeronaus.<\/li>\n<li>Accessoris i peces de recanvi dels mitjans de transport compresos en els n\u00fameros anteriors.<\/li>\n<li>Joies, joies, pedres precioses, perles naturals o conreades, objectes elaborats totalment o parcialment amb or o plat\u00ed. Bijuteria fina que contingui pedres precioses, perles naturals o els<\/li>\n<li>referits metalls, encara que sigui en forma de banyat o xapat, tret que el contingut d&#8217;or o plat\u00ed tingui un gruix inferior a 35 micres.<\/li>\n<li>Peces de vestir o d&#8217;adorn personal confeccionades amb pells de car\u00e0cter sumptuari. S&#8217;exceptuen del que es disposa en aquest n\u00famero les bosses, carteres i objectes similars, aix\u00ed com, les<\/li>\n<li>peces confeccionades exclusivament amb retalls o desaprofitaments, caps, potes, cues, retallades, etc., o amb pells corrents o d&#8217;imitaci\u00f3.<\/li>\n<li>Objectes d&#8217;art originals, antiguitats i objectes de col\u00b7lecci\u00f3 definits en l&#8217;article 136 de la Llei de l&#8217;IVA.<\/li>\n<li>B\u00e9ns que hagin estat utilitzats pel subjecte passiu transmitent o per tercers amb anterioritat a la seva transmissi\u00f3.<\/li>\n<li>Aparells i accessoris per a l&#8217;avicultura i apicultura.<\/li>\n<li>Productes petrol\u00edfers la fabricaci\u00f3 dels quals, importaci\u00f3 o venda est\u00e0 subjecta als Impostos Especials.<\/li>\n<li>Maquin\u00e0ria d&#8217;\u00fas industrial.<\/li>\n<li>Materials i articles per a la construcci\u00f3 d&#8217;edificacions o urbanitzacions.<\/li>\n<li>Minerals, excepte el carb\u00f3.<\/li>\n<li>Ferros, acers i altres metalls i els seus aliatges, no manufacturats.<\/li>\n<li>Or d&#8217;inversi\u00f3 definit en l&#8217;article 140 de la Llei de l&#8217;IVA.<\/li>\n<\/ul>\n<p>&nbsp;<\/p>\n<h2><span class=\"ez-toc-section\" id=\"Puc_estar_en_Regim_de_Recarrec_dEquivalencia_i_en_el_regim_general_dIVA_alhora\"><\/span>Puc estar en R\u00e8gim de Rec\u00e0rrec d&#8217;Equival\u00e8ncia i en el r\u00e8gim general d&#8217;IVA alhora?<span class=\"ez-toc-section-end\"><\/span><\/h2>\n<p>Si l&#8217;aut\u00f2nom es troba desenvolupant una labor en la qual, a m\u00e9s de la venda a particulars, est\u00e0 realitzant vendes a altres aut\u00f2noms acollits a aquest r\u00e8gim especial (fins a un 20% de les seves operacions segons exigeix l&#8217;Ag\u00e8ncia Tribut\u00e0ria), o ven productes pertanyents a les excepcions esmentades anteriorment, <strong>la resposta \u00e9s s\u00ed<\/strong>.<\/p>\n<p>\u201cExisteixen casos en els quals es pot donar\u201d va aclarir Javier Mart\u00edn. Tenint en compte les exempcions del punt anterior, \u201csi alg\u00fa t\u00e9 una joieria i entre els seus productes ven articles d&#8217;or, aquests \u00faltims estan subjectes al r\u00e8gim general, no al rec\u00e0rrec d&#8217;equival\u00e8ncia\u201d. \u00a0Si t\u00e9 a la botiga altres articles que no estiguin estipulats com a excepcions per l&#8217;Ag\u00e8ncia Tribut\u00e0ria, aquests articles estaran subjectes al R\u00e8gim de Rec\u00e0rrec d&#8217;Equival\u00e8ncia.<\/p>\n<p>En aquest exemple, en qu\u00e8 \u201cl&#8217;aut\u00f2nom t\u00e9 vendes en rec\u00e0rrec d&#8217;equival\u00e8ncia i vendes en r\u00e8gim general, cal portar els llibres-registro d&#8217;IVA i <strong>consignar de forma a part<\/strong>, en aquests llibres de registre, la qual cosa <strong>s\u00f3n les vendes i compres en rec\u00e0rrec d&#8217;equival\u00e8ncia<\/strong>\u201d<\/p>\n<h2><span class=\"ez-toc-section\" id=\"Presenta_avantatges_aquest_regim\"><\/span>Presenta avantatges aquest r\u00e8gim?<span class=\"ez-toc-section-end\"><\/span><\/h2>\n<p>M\u00e9s que avantatges, el r\u00e8gim alleuja algunes obligacions de tipus administratiu, <strong>com eludir l&#8217;obligaci\u00f3 de presentar les liquidacions trimestrals de l&#8217;IVA i portar els seus llibres corresponents o emetre factures als clients finals (tret que les sol\u00b7licitin)<\/strong>. L&#8217;Ag\u00e8ncia Tribut\u00e0ria permet simplificar aquestes gestions a trav\u00e9s de r\u00e8gim, per\u00f2, a canvi, <strong>obliga a pagar un IVA m\u00e9s alt del normal en la facturaci\u00f3<\/strong>; \u201ca l&#8217;efecte d&#8217;IVA l&#8217;aut\u00f2nom estaria totalment al marge, per\u00f2\u00a0haur\u00e0 de complir les obligacions de l&#8217;impost sobre les vendes\u201d va assenyalar Mart\u00edn.<\/p>\n<p>A m\u00e9s \u201c<strong>es tracta d&#8217;un r\u00e8gim obsolet<\/strong>, que es va establir perqu\u00e8 siguin els prove\u00efdors que embenin el producte els que ingressen l&#8217;IVA corresponent a la venda\u201d en un moment en qu\u00e8 les necessitats del paradigma comercial eren unes altres, \u201cper\u00f2 <strong>som l&#8217;\u00fanic pa\u00eds de la Uni\u00f3 Europea que l&#8217;aplica<\/strong>\u201d. L&#8217;advocat no va descartar\u00a0que en la pr\u00f2xima reforma que hagi de llei de l&#8217;IVA desaparegui.<\/p>\n<p>D&#8217;altra banda, presenta obligacions a les quals est\u00e0 subjecte l&#8217;aut\u00f2nom, com<strong> comunicar als prove\u00efdors que es troba en aquest r\u00e8gim especial<\/strong>, amb la finalitat que puguin repercutir el rec\u00e0rrec equivalent.<\/p>\n","protected":false},"excerpt":{"rendered":"<p>L&#8217;Ag\u00e8ncia Tribut\u00e0ria ha em\u00e8s una nota interna en la qual aclareix els criteris que est\u00e0 seguint per a determinar quan poden deduir els aut\u00f2noms l&#8217;IVA o IRPF d&#8217;un vehicle, tant si \u00e9s per a \u00fas de l&#8217;empresari com dels seus empleats. L&#8217;Ag\u00e8ncia Tribut\u00e0ria ha publicat&#8230;<\/p>\n","protected":false},"author":2,"featured_media":2860,"comment_status":"open","ping_status":"open","sticky":false,"template":"","format":"standard","meta":{"footnotes":""},"categories":[4],"tags":[],"class_list":["post-2862","post","type-post","status-publish","format-standard","has-post-thumbnail","hentry","category-noticies"],"yoast_head":"<!-- This site is optimized with the Yoast SEO plugin v24.3 - https:\/\/yoast.com\/wordpress\/plugins\/seo\/ -->\n<title>Deducci\u00f3 fiscal del vehicle que usa l&#039;aut\u00f2nom o els seus empleats: nota d&#039;Hisenda amb nous criteris | Arias Assessors<\/title>\n<meta name=\"robots\" content=\"index, follow, max-snippet:-1, max-image-preview:large, max-video-preview:-1\" \/>\n<link rel=\"canonical\" href=\"https:\/\/www.ariasassessors.com\/ca\/deduccio-fiscal-del-vehicle-que-usa-lautonom-o-els-seus-empleats-nota-dhisenda-amb-nous-criteris\/\" \/>\n<meta property=\"og:locale\" content=\"ca_ES\" \/>\n<meta property=\"og:type\" content=\"article\" \/>\n<meta property=\"og:title\" content=\"Deducci\u00f3 fiscal del vehicle que usa l&#039;aut\u00f2nom o els seus empleats: nota d&#039;Hisenda amb nous criteris | Arias Assessors\" \/>\n<meta property=\"og:description\" content=\"L&#8217;Ag\u00e8ncia Tribut\u00e0ria ha em\u00e8s una nota interna en la qual aclareix els criteris que est\u00e0 seguint per a determinar quan poden deduir els aut\u00f2noms l&#8217;IVA o IRPF d&#8217;un vehicle, tant si \u00e9s per a \u00fas de l&#8217;empresari com dels seus empleats. L&#8217;Ag\u00e8ncia Tribut\u00e0ria ha publicat...\" \/>\n<meta property=\"og:url\" content=\"https:\/\/www.ariasassessors.com\/ca\/deduccio-fiscal-del-vehicle-que-usa-lautonom-o-els-seus-empleats-nota-dhisenda-amb-nous-criteris\/\" \/>\n<meta property=\"og:site_name\" content=\"Arias Assessors\" \/>\n<meta property=\"article:publisher\" content=\"https:\/\/www.facebook.com\/ariasassessors\/\" \/>\n<meta property=\"article:published_time\" content=\"2023-09-01T07:07:52+00:00\" \/>\n<meta property=\"article:modified_time\" content=\"2023-08-31T11:46:30+00:00\" \/>\n<meta property=\"og:image\" content=\"https:\/\/www.ariasassessors.com\/wp-content\/uploads\/2023\/08\/Arias_Blog_IMAGEN_DESTACADA-54.png\" \/>\n\t<meta property=\"og:image:width\" content=\"1920\" \/>\n\t<meta property=\"og:image:height\" content=\"1202\" \/>\n\t<meta property=\"og:image:type\" content=\"image\/png\" \/>\n<meta name=\"author\" content=\"btorras\" \/>\n<meta name=\"twitter:card\" content=\"summary_large_image\" \/>\n<meta name=\"twitter:creator\" content=\"@ariasassessors\" \/>\n<meta name=\"twitter:site\" content=\"@ariasassessors\" \/>\n<meta name=\"twitter:label1\" content=\"Escrit per\" \/>\n\t<meta name=\"twitter:data1\" content=\"btorras\" \/>\n\t<meta name=\"twitter:label2\" content=\"Temps estimat de lectura\" \/>\n\t<meta name=\"twitter:data2\" content=\"18 minuts\" \/>\n<script type=\"application\/ld+json\" class=\"yoast-schema-graph\">{\"@context\":\"https:\/\/schema.org\",\"@graph\":[{\"@type\":\"Article\",\"@id\":\"https:\/\/www.ariasassessors.com\/ca\/deduccio-fiscal-del-vehicle-que-usa-lautonom-o-els-seus-empleats-nota-dhisenda-amb-nous-criteris\/#article\",\"isPartOf\":{\"@id\":\"https:\/\/www.ariasassessors.com\/ca\/deduccio-fiscal-del-vehicle-que-usa-lautonom-o-els-seus-empleats-nota-dhisenda-amb-nous-criteris\/\"},\"author\":{\"name\":\"btorras\",\"@id\":\"https:\/\/www.ariasassessors.com\/#\/schema\/person\/63c6ad1775f0a9413c37932562673cef\"},\"headline\":\"Deducci\u00f3 fiscal del vehicle que usa l&#8217;aut\u00f2nom o els seus empleats: nota d&#8217;Hisenda amb nous criteris\",\"datePublished\":\"2023-09-01T07:07:52+00:00\",\"dateModified\":\"2023-08-31T11:46:30+00:00\",\"mainEntityOfPage\":{\"@id\":\"https:\/\/www.ariasassessors.com\/ca\/deduccio-fiscal-del-vehicle-que-usa-lautonom-o-els-seus-empleats-nota-dhisenda-amb-nous-criteris\/\"},\"wordCount\":4060,\"commentCount\":0,\"publisher\":{\"@id\":\"https:\/\/www.ariasassessors.com\/#organization\"},\"image\":{\"@id\":\"https:\/\/www.ariasassessors.com\/ca\/deduccio-fiscal-del-vehicle-que-usa-lautonom-o-els-seus-empleats-nota-dhisenda-amb-nous-criteris\/#primaryimage\"},\"thumbnailUrl\":\"https:\/\/www.ariasassessors.com\/wp-content\/uploads\/2023\/08\/Arias_Blog_IMAGEN_DESTACADA-54.png\",\"articleSection\":[\"noticies\"],\"inLanguage\":\"ca\",\"potentialAction\":[{\"@type\":\"CommentAction\",\"name\":\"Comment\",\"target\":[\"https:\/\/www.ariasassessors.com\/ca\/deduccio-fiscal-del-vehicle-que-usa-lautonom-o-els-seus-empleats-nota-dhisenda-amb-nous-criteris\/#respond\"]}]},{\"@type\":\"WebPage\",\"@id\":\"https:\/\/www.ariasassessors.com\/ca\/deduccio-fiscal-del-vehicle-que-usa-lautonom-o-els-seus-empleats-nota-dhisenda-amb-nous-criteris\/\",\"url\":\"https:\/\/www.ariasassessors.com\/ca\/deduccio-fiscal-del-vehicle-que-usa-lautonom-o-els-seus-empleats-nota-dhisenda-amb-nous-criteris\/\",\"name\":\"Deducci\u00f3 fiscal del vehicle que usa l'aut\u00f2nom o els seus empleats: nota d'Hisenda amb nous criteris | Arias Assessors\",\"isPartOf\":{\"@id\":\"https:\/\/www.ariasassessors.com\/#website\"},\"primaryImageOfPage\":{\"@id\":\"https:\/\/www.ariasassessors.com\/ca\/deduccio-fiscal-del-vehicle-que-usa-lautonom-o-els-seus-empleats-nota-dhisenda-amb-nous-criteris\/#primaryimage\"},\"image\":{\"@id\":\"https:\/\/www.ariasassessors.com\/ca\/deduccio-fiscal-del-vehicle-que-usa-lautonom-o-els-seus-empleats-nota-dhisenda-amb-nous-criteris\/#primaryimage\"},\"thumbnailUrl\":\"https:\/\/www.ariasassessors.com\/wp-content\/uploads\/2023\/08\/Arias_Blog_IMAGEN_DESTACADA-54.png\",\"datePublished\":\"2023-09-01T07:07:52+00:00\",\"dateModified\":\"2023-08-31T11:46:30+00:00\",\"breadcrumb\":{\"@id\":\"https:\/\/www.ariasassessors.com\/ca\/deduccio-fiscal-del-vehicle-que-usa-lautonom-o-els-seus-empleats-nota-dhisenda-amb-nous-criteris\/#breadcrumb\"},\"inLanguage\":\"ca\",\"potentialAction\":[{\"@type\":\"ReadAction\",\"target\":[\"https:\/\/www.ariasassessors.com\/ca\/deduccio-fiscal-del-vehicle-que-usa-lautonom-o-els-seus-empleats-nota-dhisenda-amb-nous-criteris\/\"]}]},{\"@type\":\"ImageObject\",\"inLanguage\":\"ca\",\"@id\":\"https:\/\/www.ariasassessors.com\/ca\/deduccio-fiscal-del-vehicle-que-usa-lautonom-o-els-seus-empleats-nota-dhisenda-amb-nous-criteris\/#primaryimage\",\"url\":\"https:\/\/www.ariasassessors.com\/wp-content\/uploads\/2023\/08\/Arias_Blog_IMAGEN_DESTACADA-54.png\",\"contentUrl\":\"https:\/\/www.ariasassessors.com\/wp-content\/uploads\/2023\/08\/Arias_Blog_IMAGEN_DESTACADA-54.png\",\"width\":1920,\"height\":1202},{\"@type\":\"BreadcrumbList\",\"@id\":\"https:\/\/www.ariasassessors.com\/ca\/deduccio-fiscal-del-vehicle-que-usa-lautonom-o-els-seus-empleats-nota-dhisenda-amb-nous-criteris\/#breadcrumb\",\"itemListElement\":[{\"@type\":\"ListItem\",\"position\":1,\"name\":\"Portada\",\"item\":\"https:\/\/www.ariasassessors.com\/ca\/\"},{\"@type\":\"ListItem\",\"position\":2,\"name\":\"Deducci\u00f3 fiscal del vehicle que usa l&#8217;aut\u00f2nom o els seus empleats: nota d&#8217;Hisenda amb nous criteris\"}]},{\"@type\":\"WebSite\",\"@id\":\"https:\/\/www.ariasassessors.com\/#website\",\"url\":\"https:\/\/www.ariasassessors.com\/\",\"name\":\"Arias Assessors\",\"description\":\"Asesor\u00eda para aut\u00f3nomos, profesionales y PYMES\",\"publisher\":{\"@id\":\"https:\/\/www.ariasassessors.com\/#organization\"},\"potentialAction\":[{\"@type\":\"SearchAction\",\"target\":{\"@type\":\"EntryPoint\",\"urlTemplate\":\"https:\/\/www.ariasassessors.com\/?s={search_term_string}\"},\"query-input\":{\"@type\":\"PropertyValueSpecification\",\"valueRequired\":true,\"valueName\":\"search_term_string\"}}],\"inLanguage\":\"ca\"},{\"@type\":\"Organization\",\"@id\":\"https:\/\/www.ariasassessors.com\/#organization\",\"name\":\"Arias Assessors\",\"url\":\"https:\/\/www.ariasassessors.com\/\",\"logo\":{\"@type\":\"ImageObject\",\"inLanguage\":\"ca\",\"@id\":\"https:\/\/www.ariasassessors.com\/#\/schema\/logo\/image\/\",\"url\":\"https:\/\/www.ariasassessors.com\/wp-content\/uploads\/2019\/01\/arias-logo.png\",\"contentUrl\":\"https:\/\/www.ariasassessors.com\/wp-content\/uploads\/2019\/01\/arias-logo.png\",\"width\":349,\"height\":254,\"caption\":\"Arias Assessors\"},\"image\":{\"@id\":\"https:\/\/www.ariasassessors.com\/#\/schema\/logo\/image\/\"},\"sameAs\":[\"https:\/\/www.facebook.com\/ariasassessors\/\",\"https:\/\/x.com\/ariasassessors\",\"https:\/\/www.linkedin.com\/company\/r&amp;amp;r-growing-knowledge\/\"]},{\"@type\":\"Person\",\"@id\":\"https:\/\/www.ariasassessors.com\/#\/schema\/person\/63c6ad1775f0a9413c37932562673cef\",\"name\":\"btorras\",\"image\":{\"@type\":\"ImageObject\",\"inLanguage\":\"ca\",\"@id\":\"https:\/\/www.ariasassessors.com\/#\/schema\/person\/image\/\",\"url\":\"https:\/\/secure.gravatar.com\/avatar\/0531db351fc361fdbfd204c58fa2d6a3?s=96&d=mm&r=g\",\"contentUrl\":\"https:\/\/secure.gravatar.com\/avatar\/0531db351fc361fdbfd204c58fa2d6a3?s=96&d=mm&r=g\",\"caption\":\"btorras\"}}]}<\/script>\n<!-- \/ Yoast SEO plugin. -->","yoast_head_json":{"title":"Deducci\u00f3 fiscal del vehicle que usa l'aut\u00f2nom o els seus empleats: nota d'Hisenda amb nous criteris | Arias Assessors","robots":{"index":"index","follow":"follow","max-snippet":"max-snippet:-1","max-image-preview":"max-image-preview:large","max-video-preview":"max-video-preview:-1"},"canonical":"https:\/\/www.ariasassessors.com\/ca\/deduccio-fiscal-del-vehicle-que-usa-lautonom-o-els-seus-empleats-nota-dhisenda-amb-nous-criteris\/","og_locale":"ca_ES","og_type":"article","og_title":"Deducci\u00f3 fiscal del vehicle que usa l'aut\u00f2nom o els seus empleats: nota d'Hisenda amb nous criteris | Arias Assessors","og_description":"L&#8217;Ag\u00e8ncia Tribut\u00e0ria ha em\u00e8s una nota interna en la qual aclareix els criteris que est\u00e0 seguint per a determinar quan poden deduir els aut\u00f2noms l&#8217;IVA o IRPF d&#8217;un vehicle, tant si \u00e9s per a \u00fas de l&#8217;empresari com dels seus empleats. L&#8217;Ag\u00e8ncia Tribut\u00e0ria ha publicat...","og_url":"https:\/\/www.ariasassessors.com\/ca\/deduccio-fiscal-del-vehicle-que-usa-lautonom-o-els-seus-empleats-nota-dhisenda-amb-nous-criteris\/","og_site_name":"Arias Assessors","article_publisher":"https:\/\/www.facebook.com\/ariasassessors\/","article_published_time":"2023-09-01T07:07:52+00:00","article_modified_time":"2023-08-31T11:46:30+00:00","og_image":[{"width":1920,"height":1202,"url":"https:\/\/www.ariasassessors.com\/wp-content\/uploads\/2023\/08\/Arias_Blog_IMAGEN_DESTACADA-54.png","type":"image\/png"}],"author":"btorras","twitter_card":"summary_large_image","twitter_creator":"@ariasassessors","twitter_site":"@ariasassessors","twitter_misc":{"Escrit per":"btorras","Temps estimat de lectura":"18 minuts"},"schema":{"@context":"https:\/\/schema.org","@graph":[{"@type":"Article","@id":"https:\/\/www.ariasassessors.com\/ca\/deduccio-fiscal-del-vehicle-que-usa-lautonom-o-els-seus-empleats-nota-dhisenda-amb-nous-criteris\/#article","isPartOf":{"@id":"https:\/\/www.ariasassessors.com\/ca\/deduccio-fiscal-del-vehicle-que-usa-lautonom-o-els-seus-empleats-nota-dhisenda-amb-nous-criteris\/"},"author":{"name":"btorras","@id":"https:\/\/www.ariasassessors.com\/#\/schema\/person\/63c6ad1775f0a9413c37932562673cef"},"headline":"Deducci\u00f3 fiscal del vehicle que usa l&#8217;aut\u00f2nom o els seus empleats: nota d&#8217;Hisenda amb nous criteris","datePublished":"2023-09-01T07:07:52+00:00","dateModified":"2023-08-31T11:46:30+00:00","mainEntityOfPage":{"@id":"https:\/\/www.ariasassessors.com\/ca\/deduccio-fiscal-del-vehicle-que-usa-lautonom-o-els-seus-empleats-nota-dhisenda-amb-nous-criteris\/"},"wordCount":4060,"commentCount":0,"publisher":{"@id":"https:\/\/www.ariasassessors.com\/#organization"},"image":{"@id":"https:\/\/www.ariasassessors.com\/ca\/deduccio-fiscal-del-vehicle-que-usa-lautonom-o-els-seus-empleats-nota-dhisenda-amb-nous-criteris\/#primaryimage"},"thumbnailUrl":"https:\/\/www.ariasassessors.com\/wp-content\/uploads\/2023\/08\/Arias_Blog_IMAGEN_DESTACADA-54.png","articleSection":["noticies"],"inLanguage":"ca","potentialAction":[{"@type":"CommentAction","name":"Comment","target":["https:\/\/www.ariasassessors.com\/ca\/deduccio-fiscal-del-vehicle-que-usa-lautonom-o-els-seus-empleats-nota-dhisenda-amb-nous-criteris\/#respond"]}]},{"@type":"WebPage","@id":"https:\/\/www.ariasassessors.com\/ca\/deduccio-fiscal-del-vehicle-que-usa-lautonom-o-els-seus-empleats-nota-dhisenda-amb-nous-criteris\/","url":"https:\/\/www.ariasassessors.com\/ca\/deduccio-fiscal-del-vehicle-que-usa-lautonom-o-els-seus-empleats-nota-dhisenda-amb-nous-criteris\/","name":"Deducci\u00f3 fiscal del vehicle que usa l'aut\u00f2nom o els seus empleats: nota d'Hisenda amb nous criteris | Arias Assessors","isPartOf":{"@id":"https:\/\/www.ariasassessors.com\/#website"},"primaryImageOfPage":{"@id":"https:\/\/www.ariasassessors.com\/ca\/deduccio-fiscal-del-vehicle-que-usa-lautonom-o-els-seus-empleats-nota-dhisenda-amb-nous-criteris\/#primaryimage"},"image":{"@id":"https:\/\/www.ariasassessors.com\/ca\/deduccio-fiscal-del-vehicle-que-usa-lautonom-o-els-seus-empleats-nota-dhisenda-amb-nous-criteris\/#primaryimage"},"thumbnailUrl":"https:\/\/www.ariasassessors.com\/wp-content\/uploads\/2023\/08\/Arias_Blog_IMAGEN_DESTACADA-54.png","datePublished":"2023-09-01T07:07:52+00:00","dateModified":"2023-08-31T11:46:30+00:00","breadcrumb":{"@id":"https:\/\/www.ariasassessors.com\/ca\/deduccio-fiscal-del-vehicle-que-usa-lautonom-o-els-seus-empleats-nota-dhisenda-amb-nous-criteris\/#breadcrumb"},"inLanguage":"ca","potentialAction":[{"@type":"ReadAction","target":["https:\/\/www.ariasassessors.com\/ca\/deduccio-fiscal-del-vehicle-que-usa-lautonom-o-els-seus-empleats-nota-dhisenda-amb-nous-criteris\/"]}]},{"@type":"ImageObject","inLanguage":"ca","@id":"https:\/\/www.ariasassessors.com\/ca\/deduccio-fiscal-del-vehicle-que-usa-lautonom-o-els-seus-empleats-nota-dhisenda-amb-nous-criteris\/#primaryimage","url":"https:\/\/www.ariasassessors.com\/wp-content\/uploads\/2023\/08\/Arias_Blog_IMAGEN_DESTACADA-54.png","contentUrl":"https:\/\/www.ariasassessors.com\/wp-content\/uploads\/2023\/08\/Arias_Blog_IMAGEN_DESTACADA-54.png","width":1920,"height":1202},{"@type":"BreadcrumbList","@id":"https:\/\/www.ariasassessors.com\/ca\/deduccio-fiscal-del-vehicle-que-usa-lautonom-o-els-seus-empleats-nota-dhisenda-amb-nous-criteris\/#breadcrumb","itemListElement":[{"@type":"ListItem","position":1,"name":"Portada","item":"https:\/\/www.ariasassessors.com\/ca\/"},{"@type":"ListItem","position":2,"name":"Deducci\u00f3 fiscal del vehicle que usa l&#8217;aut\u00f2nom o els seus empleats: nota d&#8217;Hisenda amb nous criteris"}]},{"@type":"WebSite","@id":"https:\/\/www.ariasassessors.com\/#website","url":"https:\/\/www.ariasassessors.com\/","name":"Arias Assessors","description":"Asesor\u00eda para aut\u00f3nomos, profesionales y PYMES","publisher":{"@id":"https:\/\/www.ariasassessors.com\/#organization"},"potentialAction":[{"@type":"SearchAction","target":{"@type":"EntryPoint","urlTemplate":"https:\/\/www.ariasassessors.com\/?s={search_term_string}"},"query-input":{"@type":"PropertyValueSpecification","valueRequired":true,"valueName":"search_term_string"}}],"inLanguage":"ca"},{"@type":"Organization","@id":"https:\/\/www.ariasassessors.com\/#organization","name":"Arias Assessors","url":"https:\/\/www.ariasassessors.com\/","logo":{"@type":"ImageObject","inLanguage":"ca","@id":"https:\/\/www.ariasassessors.com\/#\/schema\/logo\/image\/","url":"https:\/\/www.ariasassessors.com\/wp-content\/uploads\/2019\/01\/arias-logo.png","contentUrl":"https:\/\/www.ariasassessors.com\/wp-content\/uploads\/2019\/01\/arias-logo.png","width":349,"height":254,"caption":"Arias Assessors"},"image":{"@id":"https:\/\/www.ariasassessors.com\/#\/schema\/logo\/image\/"},"sameAs":["https:\/\/www.facebook.com\/ariasassessors\/","https:\/\/x.com\/ariasassessors","https:\/\/www.linkedin.com\/company\/r&amp;amp;r-growing-knowledge\/"]},{"@type":"Person","@id":"https:\/\/www.ariasassessors.com\/#\/schema\/person\/63c6ad1775f0a9413c37932562673cef","name":"btorras","image":{"@type":"ImageObject","inLanguage":"ca","@id":"https:\/\/www.ariasassessors.com\/#\/schema\/person\/image\/","url":"https:\/\/secure.gravatar.com\/avatar\/0531db351fc361fdbfd204c58fa2d6a3?s=96&d=mm&r=g","contentUrl":"https:\/\/secure.gravatar.com\/avatar\/0531db351fc361fdbfd204c58fa2d6a3?s=96&d=mm&r=g","caption":"btorras"}}]}},"_links":{"self":[{"href":"https:\/\/www.ariasassessors.com\/ca\/wp-json\/wp\/v2\/posts\/2862","targetHints":{"allow":["GET"]}}],"collection":[{"href":"https:\/\/www.ariasassessors.com\/ca\/wp-json\/wp\/v2\/posts"}],"about":[{"href":"https:\/\/www.ariasassessors.com\/ca\/wp-json\/wp\/v2\/types\/post"}],"author":[{"embeddable":true,"href":"https:\/\/www.ariasassessors.com\/ca\/wp-json\/wp\/v2\/users\/2"}],"replies":[{"embeddable":true,"href":"https:\/\/www.ariasassessors.com\/ca\/wp-json\/wp\/v2\/comments?post=2862"}],"version-history":[{"count":1,"href":"https:\/\/www.ariasassessors.com\/ca\/wp-json\/wp\/v2\/posts\/2862\/revisions"}],"predecessor-version":[{"id":2864,"href":"https:\/\/www.ariasassessors.com\/ca\/wp-json\/wp\/v2\/posts\/2862\/revisions\/2864"}],"wp:featuredmedia":[{"embeddable":true,"href":"https:\/\/www.ariasassessors.com\/ca\/wp-json\/wp\/v2\/media\/2860"}],"wp:attachment":[{"href":"https:\/\/www.ariasassessors.com\/ca\/wp-json\/wp\/v2\/media?parent=2862"}],"wp:term":[{"taxonomy":"category","embeddable":true,"href":"https:\/\/www.ariasassessors.com\/ca\/wp-json\/wp\/v2\/categories?post=2862"},{"taxonomy":"post_tag","embeddable":true,"href":"https:\/\/www.ariasassessors.com\/ca\/wp-json\/wp\/v2\/tags?post=2862"}],"curies":[{"name":"wp","href":"https:\/\/api.w.org\/{rel}","templated":true}]}}