{"id":2894,"date":"2023-09-12T17:45:28","date_gmt":"2023-09-12T15:45:28","guid":{"rendered":"https:\/\/www.ariasassessors.com\/publicacio-del-padro-definitiu-de-limpost-sobre-les-emissions-de-co2-dels-vehicles-consulta-la-teva-quota-i-el-periode-de-pagament\/"},"modified":"2023-09-12T17:49:53","modified_gmt":"2023-09-12T15:49:53","slug":"publicacio-del-padro-definitiu-de-limpost-sobre-les-emissions-de-co2-dels-vehicles-consulta-la-teva-quota-i-el-periode-de-pagament","status":"publish","type":"post","link":"https:\/\/www.ariasassessors.com\/ca\/publicacio-del-padro-definitiu-de-limpost-sobre-les-emissions-de-co2-dels-vehicles-consulta-la-teva-quota-i-el-periode-de-pagament\/","title":{"rendered":"Publicaci\u00f3n del padr\u00f3n definitivo del impuesto sobre las emisiones de CO\u2082 de los veh\u00edculos: consulta tu cuota y el periodo de pago"},"content":{"rendered":"<p>La Agencia Tributaria de Catalu\u00f1a (ATC)\u00a0ha publicado el padr\u00f3n definitivo correspondiendo al ejercicio 2022 de todos los veh\u00edculos que tributan por el impuesto sobre las emisiones de CO\u2082.<\/p>\n<p>A partir del 1 de septiembre, las personas que sean titulares de uno o m\u00e1s veh\u00edculos pueden consultar los datos del padr\u00f3n definitivo y la cuota que tienen que pagar en la sede electr\u00f3nica de la\u00a0ATC\u00a0atc.gencat.cat, accediendo con el NIF y la matr\u00edcula (para un veh\u00edculo concreto) o con identificaci\u00f3n digital, utilizando la\u00a0idCAT\u00a0M\u00f3vil u otro certificado digital, para visualizar todos los veh\u00edculos sujetos al impuesto de los cuales se es titular.<\/p>\n<p>Este impuesto verde, en l\u00ednea con la fiscalidad ambiental que se promueve a Europa para luchar contra el cambio clim\u00e1tico, graba las emisiones de CO\u2082 de turismos, furgonetas y motocicletas por su impacto directo en el efecto invernadero y el calentamiento global, y, por lo tanto, sobre la salud de las personas.<\/p>\n<p><strong>Fechas y canales de pago<\/strong><\/p>\n<p>En cuanto a los veh\u00edculos que tienen el pago domiciliado, se recibir\u00e1 un cargo en cuenta el 20.11.2023.<\/p>\n<p>Los veh\u00edculos que no tienen el pago domiciliado:<\/p>\n<p>Si ya tributaron el a\u00f1o anterior, la fecha tope de pago es el 20.11.2023. Para facilitar el pago de los veh\u00edculos que ya constaban al padr\u00f3n el a\u00f1o anterior, el titular recibir\u00e1 en su domicilio una carta informativa junto con una carta de pago con el importe a ingresar.<br \/>\nEn cuanto a los veh\u00edculos de nueva tributaci\u00f3n, se tiene que pagar seg\u00fan la fecha que se indique a la notificaci\u00f3n que el titular recibir\u00e1 en su domicilio.<\/p>\n<p>Este ejercicio, para facilitar un acceso m\u00e1s inmediato a la carta informativa, tambi\u00e9n se incorpora la novedad de poder acceder a trav\u00e9s del canal electr\u00f3nico desde las Notificaciones electr\u00f3nicas de la sede electr\u00f3nica de la\u00a0ATC, sin necesidad de estar subscrito a la notificaci\u00f3n electr\u00f3nica. Solo hay que identificarse con el\u00a0idCAT\u00a0M\u00f3vil u otro certificado digital y se podr\u00e1 disponer en el momento de la carta para hacer el pago a trav\u00e9s de los diferentes medios habilitados.<\/p>\n<p>En caso de que, al recibir la notificaci\u00f3n para pagar el impuesto, se encuentre alg\u00fan dato incorrecto, se puede interponer un recurso accediendo en la p\u00e1gina de consulta del padr\u00f3n.<\/p>\n<p><strong>C\u00f3mo se puede pagar?<\/strong><\/p>\n<p>Si no se ha domiciliado el pago, desde el d\u00eda 1 de septiembre se puede pagar a trav\u00e9s de la consulta del padr\u00f3n definitivo a la sede electr\u00f3nica de la\u00a0ATC\u00a0(con tarjeta, cargo en cuenta corriente y\u00a0Bizum); al tel\u00e9fono 012, con pago automatizado; al tel\u00e9fono del\u00a0ATC\u00a0os truca (93 551 51 51); en entidades financieras colaboradoras; a las oficinas de Correos, y a todas las oficinas y delegaciones de la\u00a0ATC, con cita recomendada. Tambi\u00e9n se puede utilizar el c\u00f3digo\u00a0QR\u00a0que se incluye a la carta de pago.<\/p>\n<p><strong>Qui\u00e9n tiene que pagar el impuesto?<\/strong><\/p>\n<p>Tienen que pagar el impuesto las personas f\u00edsicas y jur\u00eddicas que durante el a\u00f1o 2022 han tenido domicilio fiscal en Catalu\u00f1a y han estado titulares de un veh\u00edculo (turismo, furgoneta o motocicleta). En concreto, est\u00e1n sujetos los turismos y motocicletas con unas emisiones oficiales de m\u00e1s de 120 g\/CO2 por km (y de m\u00e1s de 160 g\/CO2 por km, en el caso de las furgonetas) y que tengan una cuota a ingresar superior en 6 euros.<\/p>\n<p>Tambi\u00e9n est\u00e1n obligadas las personas jur\u00eddicas sin residencia fiscal en Catalu\u00f1a pero que, durante el 2022, han tenido un establecimiento, sucursal u oficina y han estado titulares de alg\u00fan veh\u00edculo domiciliado en Catalu\u00f1a.<\/p>\n<p><strong>Quien no est\u00e1 sujeto o est\u00e1 exento?<\/strong><\/p>\n<p>No est\u00e1n sujetos al pago los veh\u00edculos 100% el\u00e9ctricos, los ciclomotores, los camiones o veh\u00edculos de m\u00e1s de 3,5 toneladas, los autocares y los veh\u00edculos autorizados a transportar m\u00e1s de 9 personas (incluyendo el conductor).<\/p>\n<p>est\u00e1n exentos los veh\u00edculos adaptados para la conducci\u00f3n de personas con movilidad reducida. Los veh\u00edculos con matr\u00edcula de veh\u00edculo hist\u00f3rico y los veh\u00edculos cl\u00e1sicos disfrutan de una bonificaci\u00f3n del 100% de la cuota \u00edntegra y, por lo tanto, tampoco tributan. As\u00ed mismo, no tienen que pagar el impuesto los titulares de los veh\u00edculos que no superen los 6 euros de cuota a ingresar.<\/p>\n<p><strong>Donde va la recaudaci\u00f3n?<\/strong><\/p>\n<p>Todo el que se recauda con el impuesto se destina \u00edntegramente al Fondo Clim\u00e1tico y al Fondo del Patrimonio Natural, y devuelve a las personas a trav\u00e9s de la inversi\u00f3n en acciones para mejorar el medio ambiente, fomentar la movilidad sostenible y la transici\u00f3n energ\u00e9tica, prevenir incendios forestales y adaptar los bosques a la emergencia clim\u00e1tica, conservar los parques naturales, restaurar los ecosistemas marinos, e impulsar la investigaci\u00f3n y la innovaci\u00f3n para mitigar el cambio clim\u00e1tico.<\/p>\n<p><strong>Canals de atenci\u00f3n a disposici\u00f3n de la ciudadan\u00eda<\/strong><\/p>\n<p>&#8211; Suyo electr\u00f3nica de la ATC: toda la informaci\u00f3n sobre el impuesto, asistente virtual, consulta del padr\u00f3n, pago, domiciliaci\u00f3n y otros tr\u00e1mites relacionados atc.gencat.cat\/impostco2.<br \/>\n&#8211; Tel\u00e9fono 012. Consultas de car\u00e1cter general y pago automatizado.<br \/>\n&#8211; El ATC os truca (93 551 51 51). Tel\u00e9fono de asistencia en la tramitaci\u00f3n.<br \/>\n&#8211; Oficinas de la ATC. Asistencia en la tramitaci\u00f3n. Se recomienda pedir cita.<br \/>\n&#8211; Oficinas de la red Tributos de Catalu\u00f1a: informaci\u00f3n general sobre el impuesto tributs.cat\/ca\/oficines.<\/p>\n<p>Para saber m\u00e1s, visit\u00e1is el web impostco2.gencat.cat.<\/p>\n","protected":false},"excerpt":{"rendered":"<p>La Agencia Tributaria de Catalu\u00f1a (ATC)\u00a0ha publicado el padr\u00f3n definitivo correspondiendo al ejercicio 2022 de todos los veh\u00edculos que tributan por el impuesto sobre las emisiones de CO\u2082. A partir del 1 de septiembre, las personas que sean titulares de uno o m\u00e1s veh\u00edculos pueden&#8230;<\/p>\n","protected":false},"author":2,"featured_media":2891,"comment_status":"open","ping_status":"open","sticky":false,"template":"","format":"standard","meta":{"footnotes":""},"categories":[4],"tags":[],"class_list":["post-2894","post","type-post","status-publish","format-standard","has-post-thumbnail","hentry","category-noticies"],"yoast_head":"<!-- This site is optimized with the Yoast SEO plugin v24.3 - https:\/\/yoast.com\/wordpress\/plugins\/seo\/ -->\n<title>Publicaci\u00f3n del padr\u00f3n definitivo del impuesto sobre las emisiones de CO\u2082 de los veh\u00edculos: consulta tu cuota y el periodo de pago | Arias Assessors<\/title>\n<meta name=\"robots\" content=\"index, follow, max-snippet:-1, max-image-preview:large, max-video-preview:-1\" \/>\n<link rel=\"canonical\" href=\"https:\/\/www.ariasassessors.com\/ca\/publicacio-del-padro-definitiu-de-limpost-sobre-les-emissions-de-co2-dels-vehicles-consulta-la-teva-quota-i-el-periode-de-pagament\/\" \/>\n<meta property=\"og:locale\" content=\"ca_ES\" \/>\n<meta property=\"og:type\" content=\"article\" \/>\n<meta property=\"og:title\" content=\"Publicaci\u00f3n del padr\u00f3n definitivo del impuesto sobre las emisiones de CO\u2082 de los veh\u00edculos: consulta tu cuota y el periodo de pago | Arias Assessors\" \/>\n<meta property=\"og:description\" content=\"La Agencia Tributaria de Catalu\u00f1a (ATC)\u00a0ha publicado el padr\u00f3n definitivo correspondiendo al ejercicio 2022 de todos los veh\u00edculos que tributan por el impuesto sobre las emisiones de CO\u2082. A partir del 1 de septiembre, las personas que sean titulares de uno o m\u00e1s veh\u00edculos pueden...\" \/>\n<meta property=\"og:url\" content=\"https:\/\/www.ariasassessors.com\/ca\/publicacio-del-padro-definitiu-de-limpost-sobre-les-emissions-de-co2-dels-vehicles-consulta-la-teva-quota-i-el-periode-de-pagament\/\" \/>\n<meta property=\"og:site_name\" content=\"Arias Assessors\" \/>\n<meta property=\"article:publisher\" content=\"https:\/\/www.facebook.com\/ariasassessors\/\" \/>\n<meta property=\"article:published_time\" content=\"2023-09-12T15:45:28+00:00\" \/>\n<meta property=\"article:modified_time\" content=\"2023-09-12T15:49:53+00:00\" \/>\n<meta property=\"og:image\" content=\"https:\/\/www.ariasassessors.com\/wp-content\/uploads\/2023\/09\/Arias_Blog_IMAGEN_DESTACADA-58.png\" \/>\n\t<meta property=\"og:image:width\" content=\"1920\" \/>\n\t<meta property=\"og:image:height\" content=\"1202\" \/>\n\t<meta property=\"og:image:type\" content=\"image\/png\" \/>\n<meta name=\"author\" content=\"btorras\" \/>\n<meta name=\"twitter:card\" content=\"summary_large_image\" \/>\n<meta name=\"twitter:creator\" content=\"@ariasassessors\" \/>\n<meta name=\"twitter:site\" content=\"@ariasassessors\" \/>\n<meta name=\"twitter:label1\" content=\"Escrit per\" \/>\n\t<meta name=\"twitter:data1\" content=\"btorras\" \/>\n\t<meta name=\"twitter:label2\" content=\"Temps estimat de lectura\" \/>\n\t<meta name=\"twitter:data2\" content=\"4 minuts\" \/>\n<script type=\"application\/ld+json\" class=\"yoast-schema-graph\">{\"@context\":\"https:\/\/schema.org\",\"@graph\":[{\"@type\":\"Article\",\"@id\":\"https:\/\/www.ariasassessors.com\/ca\/publicacio-del-padro-definitiu-de-limpost-sobre-les-emissions-de-co2-dels-vehicles-consulta-la-teva-quota-i-el-periode-de-pagament\/#article\",\"isPartOf\":{\"@id\":\"https:\/\/www.ariasassessors.com\/ca\/publicacio-del-padro-definitiu-de-limpost-sobre-les-emissions-de-co2-dels-vehicles-consulta-la-teva-quota-i-el-periode-de-pagament\/\"},\"author\":{\"name\":\"btorras\",\"@id\":\"https:\/\/www.ariasassessors.com\/#\/schema\/person\/63c6ad1775f0a9413c37932562673cef\"},\"headline\":\"Publicaci\u00f3n del padr\u00f3n definitivo del impuesto sobre las emisiones de CO\u2082 de los veh\u00edculos: consulta tu cuota y el periodo de pago\",\"datePublished\":\"2023-09-12T15:45:28+00:00\",\"dateModified\":\"2023-09-12T15:49:53+00:00\",\"mainEntityOfPage\":{\"@id\":\"https:\/\/www.ariasassessors.com\/ca\/publicacio-del-padro-definitiu-de-limpost-sobre-les-emissions-de-co2-dels-vehicles-consulta-la-teva-quota-i-el-periode-de-pagament\/\"},\"wordCount\":979,\"commentCount\":0,\"publisher\":{\"@id\":\"https:\/\/www.ariasassessors.com\/#organization\"},\"image\":{\"@id\":\"https:\/\/www.ariasassessors.com\/ca\/publicacio-del-padro-definitiu-de-limpost-sobre-les-emissions-de-co2-dels-vehicles-consulta-la-teva-quota-i-el-periode-de-pagament\/#primaryimage\"},\"thumbnailUrl\":\"https:\/\/www.ariasassessors.com\/wp-content\/uploads\/2023\/09\/Arias_Blog_IMAGEN_DESTACADA-58.png\",\"articleSection\":[\"noticies\"],\"inLanguage\":\"ca\",\"potentialAction\":[{\"@type\":\"CommentAction\",\"name\":\"Comment\",\"target\":[\"https:\/\/www.ariasassessors.com\/ca\/publicacio-del-padro-definitiu-de-limpost-sobre-les-emissions-de-co2-dels-vehicles-consulta-la-teva-quota-i-el-periode-de-pagament\/#respond\"]}]},{\"@type\":\"WebPage\",\"@id\":\"https:\/\/www.ariasassessors.com\/ca\/publicacio-del-padro-definitiu-de-limpost-sobre-les-emissions-de-co2-dels-vehicles-consulta-la-teva-quota-i-el-periode-de-pagament\/\",\"url\":\"https:\/\/www.ariasassessors.com\/ca\/publicacio-del-padro-definitiu-de-limpost-sobre-les-emissions-de-co2-dels-vehicles-consulta-la-teva-quota-i-el-periode-de-pagament\/\",\"name\":\"Publicaci\u00f3n del padr\u00f3n definitivo del impuesto sobre las emisiones de CO\u2082 de los veh\u00edculos: consulta tu cuota y el periodo de pago | Arias Assessors\",\"isPartOf\":{\"@id\":\"https:\/\/www.ariasassessors.com\/#website\"},\"primaryImageOfPage\":{\"@id\":\"https:\/\/www.ariasassessors.com\/ca\/publicacio-del-padro-definitiu-de-limpost-sobre-les-emissions-de-co2-dels-vehicles-consulta-la-teva-quota-i-el-periode-de-pagament\/#primaryimage\"},\"image\":{\"@id\":\"https:\/\/www.ariasassessors.com\/ca\/publicacio-del-padro-definitiu-de-limpost-sobre-les-emissions-de-co2-dels-vehicles-consulta-la-teva-quota-i-el-periode-de-pagament\/#primaryimage\"},\"thumbnailUrl\":\"https:\/\/www.ariasassessors.com\/wp-content\/uploads\/2023\/09\/Arias_Blog_IMAGEN_DESTACADA-58.png\",\"datePublished\":\"2023-09-12T15:45:28+00:00\",\"dateModified\":\"2023-09-12T15:49:53+00:00\",\"breadcrumb\":{\"@id\":\"https:\/\/www.ariasassessors.com\/ca\/publicacio-del-padro-definitiu-de-limpost-sobre-les-emissions-de-co2-dels-vehicles-consulta-la-teva-quota-i-el-periode-de-pagament\/#breadcrumb\"},\"inLanguage\":\"ca\",\"potentialAction\":[{\"@type\":\"ReadAction\",\"target\":[\"https:\/\/www.ariasassessors.com\/ca\/publicacio-del-padro-definitiu-de-limpost-sobre-les-emissions-de-co2-dels-vehicles-consulta-la-teva-quota-i-el-periode-de-pagament\/\"]}]},{\"@type\":\"ImageObject\",\"inLanguage\":\"ca\",\"@id\":\"https:\/\/www.ariasassessors.com\/ca\/publicacio-del-padro-definitiu-de-limpost-sobre-les-emissions-de-co2-dels-vehicles-consulta-la-teva-quota-i-el-periode-de-pagament\/#primaryimage\",\"url\":\"https:\/\/www.ariasassessors.com\/wp-content\/uploads\/2023\/09\/Arias_Blog_IMAGEN_DESTACADA-58.png\",\"contentUrl\":\"https:\/\/www.ariasassessors.com\/wp-content\/uploads\/2023\/09\/Arias_Blog_IMAGEN_DESTACADA-58.png\",\"width\":1920,\"height\":1202},{\"@type\":\"BreadcrumbList\",\"@id\":\"https:\/\/www.ariasassessors.com\/ca\/publicacio-del-padro-definitiu-de-limpost-sobre-les-emissions-de-co2-dels-vehicles-consulta-la-teva-quota-i-el-periode-de-pagament\/#breadcrumb\",\"itemListElement\":[{\"@type\":\"ListItem\",\"position\":1,\"name\":\"Portada\",\"item\":\"https:\/\/www.ariasassessors.com\/ca\/\"},{\"@type\":\"ListItem\",\"position\":2,\"name\":\"Publicaci\u00f3n del padr\u00f3n definitivo del impuesto sobre las emisiones de CO\u2082 de los veh\u00edculos: consulta tu cuota y el periodo de pago\"}]},{\"@type\":\"WebSite\",\"@id\":\"https:\/\/www.ariasassessors.com\/#website\",\"url\":\"https:\/\/www.ariasassessors.com\/\",\"name\":\"Arias Assessors\",\"description\":\"Asesor\u00eda para aut\u00f3nomos, profesionales y PYMES\",\"publisher\":{\"@id\":\"https:\/\/www.ariasassessors.com\/#organization\"},\"potentialAction\":[{\"@type\":\"SearchAction\",\"target\":{\"@type\":\"EntryPoint\",\"urlTemplate\":\"https:\/\/www.ariasassessors.com\/?s={search_term_string}\"},\"query-input\":{\"@type\":\"PropertyValueSpecification\",\"valueRequired\":true,\"valueName\":\"search_term_string\"}}],\"inLanguage\":\"ca\"},{\"@type\":\"Organization\",\"@id\":\"https:\/\/www.ariasassessors.com\/#organization\",\"name\":\"Arias Assessors\",\"url\":\"https:\/\/www.ariasassessors.com\/\",\"logo\":{\"@type\":\"ImageObject\",\"inLanguage\":\"ca\",\"@id\":\"https:\/\/www.ariasassessors.com\/#\/schema\/logo\/image\/\",\"url\":\"https:\/\/www.ariasassessors.com\/wp-content\/uploads\/2019\/01\/arias-logo.png\",\"contentUrl\":\"https:\/\/www.ariasassessors.com\/wp-content\/uploads\/2019\/01\/arias-logo.png\",\"width\":349,\"height\":254,\"caption\":\"Arias Assessors\"},\"image\":{\"@id\":\"https:\/\/www.ariasassessors.com\/#\/schema\/logo\/image\/\"},\"sameAs\":[\"https:\/\/www.facebook.com\/ariasassessors\/\",\"https:\/\/x.com\/ariasassessors\",\"https:\/\/www.linkedin.com\/company\/r&amp;amp;r-growing-knowledge\/\"]},{\"@type\":\"Person\",\"@id\":\"https:\/\/www.ariasassessors.com\/#\/schema\/person\/63c6ad1775f0a9413c37932562673cef\",\"name\":\"btorras\",\"image\":{\"@type\":\"ImageObject\",\"inLanguage\":\"ca\",\"@id\":\"https:\/\/www.ariasassessors.com\/#\/schema\/person\/image\/\",\"url\":\"https:\/\/secure.gravatar.com\/avatar\/0531db351fc361fdbfd204c58fa2d6a3?s=96&d=mm&r=g\",\"contentUrl\":\"https:\/\/secure.gravatar.com\/avatar\/0531db351fc361fdbfd204c58fa2d6a3?s=96&d=mm&r=g\",\"caption\":\"btorras\"}}]}<\/script>\n<!-- \/ Yoast SEO plugin. -->","yoast_head_json":{"title":"Publicaci\u00f3n del padr\u00f3n definitivo del impuesto sobre las emisiones de CO\u2082 de los veh\u00edculos: consulta tu cuota y el periodo de pago | Arias Assessors","robots":{"index":"index","follow":"follow","max-snippet":"max-snippet:-1","max-image-preview":"max-image-preview:large","max-video-preview":"max-video-preview:-1"},"canonical":"https:\/\/www.ariasassessors.com\/ca\/publicacio-del-padro-definitiu-de-limpost-sobre-les-emissions-de-co2-dels-vehicles-consulta-la-teva-quota-i-el-periode-de-pagament\/","og_locale":"ca_ES","og_type":"article","og_title":"Publicaci\u00f3n del padr\u00f3n definitivo del impuesto sobre las emisiones de CO\u2082 de los veh\u00edculos: consulta tu cuota y el periodo de pago | Arias Assessors","og_description":"La Agencia Tributaria de Catalu\u00f1a (ATC)\u00a0ha publicado el padr\u00f3n definitivo correspondiendo al ejercicio 2022 de todos los veh\u00edculos que tributan por el impuesto sobre las emisiones de CO\u2082. A partir del 1 de septiembre, las personas que sean titulares de uno o m\u00e1s veh\u00edculos pueden...","og_url":"https:\/\/www.ariasassessors.com\/ca\/publicacio-del-padro-definitiu-de-limpost-sobre-les-emissions-de-co2-dels-vehicles-consulta-la-teva-quota-i-el-periode-de-pagament\/","og_site_name":"Arias Assessors","article_publisher":"https:\/\/www.facebook.com\/ariasassessors\/","article_published_time":"2023-09-12T15:45:28+00:00","article_modified_time":"2023-09-12T15:49:53+00:00","og_image":[{"width":1920,"height":1202,"url":"https:\/\/www.ariasassessors.com\/wp-content\/uploads\/2023\/09\/Arias_Blog_IMAGEN_DESTACADA-58.png","type":"image\/png"}],"author":"btorras","twitter_card":"summary_large_image","twitter_creator":"@ariasassessors","twitter_site":"@ariasassessors","twitter_misc":{"Escrit per":"btorras","Temps estimat de lectura":"4 minuts"},"schema":{"@context":"https:\/\/schema.org","@graph":[{"@type":"Article","@id":"https:\/\/www.ariasassessors.com\/ca\/publicacio-del-padro-definitiu-de-limpost-sobre-les-emissions-de-co2-dels-vehicles-consulta-la-teva-quota-i-el-periode-de-pagament\/#article","isPartOf":{"@id":"https:\/\/www.ariasassessors.com\/ca\/publicacio-del-padro-definitiu-de-limpost-sobre-les-emissions-de-co2-dels-vehicles-consulta-la-teva-quota-i-el-periode-de-pagament\/"},"author":{"name":"btorras","@id":"https:\/\/www.ariasassessors.com\/#\/schema\/person\/63c6ad1775f0a9413c37932562673cef"},"headline":"Publicaci\u00f3n del padr\u00f3n definitivo del impuesto sobre las emisiones de CO\u2082 de los veh\u00edculos: consulta tu cuota y el periodo de pago","datePublished":"2023-09-12T15:45:28+00:00","dateModified":"2023-09-12T15:49:53+00:00","mainEntityOfPage":{"@id":"https:\/\/www.ariasassessors.com\/ca\/publicacio-del-padro-definitiu-de-limpost-sobre-les-emissions-de-co2-dels-vehicles-consulta-la-teva-quota-i-el-periode-de-pagament\/"},"wordCount":979,"commentCount":0,"publisher":{"@id":"https:\/\/www.ariasassessors.com\/#organization"},"image":{"@id":"https:\/\/www.ariasassessors.com\/ca\/publicacio-del-padro-definitiu-de-limpost-sobre-les-emissions-de-co2-dels-vehicles-consulta-la-teva-quota-i-el-periode-de-pagament\/#primaryimage"},"thumbnailUrl":"https:\/\/www.ariasassessors.com\/wp-content\/uploads\/2023\/09\/Arias_Blog_IMAGEN_DESTACADA-58.png","articleSection":["noticies"],"inLanguage":"ca","potentialAction":[{"@type":"CommentAction","name":"Comment","target":["https:\/\/www.ariasassessors.com\/ca\/publicacio-del-padro-definitiu-de-limpost-sobre-les-emissions-de-co2-dels-vehicles-consulta-la-teva-quota-i-el-periode-de-pagament\/#respond"]}]},{"@type":"WebPage","@id":"https:\/\/www.ariasassessors.com\/ca\/publicacio-del-padro-definitiu-de-limpost-sobre-les-emissions-de-co2-dels-vehicles-consulta-la-teva-quota-i-el-periode-de-pagament\/","url":"https:\/\/www.ariasassessors.com\/ca\/publicacio-del-padro-definitiu-de-limpost-sobre-les-emissions-de-co2-dels-vehicles-consulta-la-teva-quota-i-el-periode-de-pagament\/","name":"Publicaci\u00f3n del padr\u00f3n definitivo del impuesto sobre las emisiones de CO\u2082 de los veh\u00edculos: consulta tu cuota y el periodo de pago | Arias Assessors","isPartOf":{"@id":"https:\/\/www.ariasassessors.com\/#website"},"primaryImageOfPage":{"@id":"https:\/\/www.ariasassessors.com\/ca\/publicacio-del-padro-definitiu-de-limpost-sobre-les-emissions-de-co2-dels-vehicles-consulta-la-teva-quota-i-el-periode-de-pagament\/#primaryimage"},"image":{"@id":"https:\/\/www.ariasassessors.com\/ca\/publicacio-del-padro-definitiu-de-limpost-sobre-les-emissions-de-co2-dels-vehicles-consulta-la-teva-quota-i-el-periode-de-pagament\/#primaryimage"},"thumbnailUrl":"https:\/\/www.ariasassessors.com\/wp-content\/uploads\/2023\/09\/Arias_Blog_IMAGEN_DESTACADA-58.png","datePublished":"2023-09-12T15:45:28+00:00","dateModified":"2023-09-12T15:49:53+00:00","breadcrumb":{"@id":"https:\/\/www.ariasassessors.com\/ca\/publicacio-del-padro-definitiu-de-limpost-sobre-les-emissions-de-co2-dels-vehicles-consulta-la-teva-quota-i-el-periode-de-pagament\/#breadcrumb"},"inLanguage":"ca","potentialAction":[{"@type":"ReadAction","target":["https:\/\/www.ariasassessors.com\/ca\/publicacio-del-padro-definitiu-de-limpost-sobre-les-emissions-de-co2-dels-vehicles-consulta-la-teva-quota-i-el-periode-de-pagament\/"]}]},{"@type":"ImageObject","inLanguage":"ca","@id":"https:\/\/www.ariasassessors.com\/ca\/publicacio-del-padro-definitiu-de-limpost-sobre-les-emissions-de-co2-dels-vehicles-consulta-la-teva-quota-i-el-periode-de-pagament\/#primaryimage","url":"https:\/\/www.ariasassessors.com\/wp-content\/uploads\/2023\/09\/Arias_Blog_IMAGEN_DESTACADA-58.png","contentUrl":"https:\/\/www.ariasassessors.com\/wp-content\/uploads\/2023\/09\/Arias_Blog_IMAGEN_DESTACADA-58.png","width":1920,"height":1202},{"@type":"BreadcrumbList","@id":"https:\/\/www.ariasassessors.com\/ca\/publicacio-del-padro-definitiu-de-limpost-sobre-les-emissions-de-co2-dels-vehicles-consulta-la-teva-quota-i-el-periode-de-pagament\/#breadcrumb","itemListElement":[{"@type":"ListItem","position":1,"name":"Portada","item":"https:\/\/www.ariasassessors.com\/ca\/"},{"@type":"ListItem","position":2,"name":"Publicaci\u00f3n del padr\u00f3n definitivo del impuesto sobre las emisiones de CO\u2082 de los veh\u00edculos: consulta tu cuota y el periodo de pago"}]},{"@type":"WebSite","@id":"https:\/\/www.ariasassessors.com\/#website","url":"https:\/\/www.ariasassessors.com\/","name":"Arias Assessors","description":"Asesor\u00eda para aut\u00f3nomos, profesionales y PYMES","publisher":{"@id":"https:\/\/www.ariasassessors.com\/#organization"},"potentialAction":[{"@type":"SearchAction","target":{"@type":"EntryPoint","urlTemplate":"https:\/\/www.ariasassessors.com\/?s={search_term_string}"},"query-input":{"@type":"PropertyValueSpecification","valueRequired":true,"valueName":"search_term_string"}}],"inLanguage":"ca"},{"@type":"Organization","@id":"https:\/\/www.ariasassessors.com\/#organization","name":"Arias Assessors","url":"https:\/\/www.ariasassessors.com\/","logo":{"@type":"ImageObject","inLanguage":"ca","@id":"https:\/\/www.ariasassessors.com\/#\/schema\/logo\/image\/","url":"https:\/\/www.ariasassessors.com\/wp-content\/uploads\/2019\/01\/arias-logo.png","contentUrl":"https:\/\/www.ariasassessors.com\/wp-content\/uploads\/2019\/01\/arias-logo.png","width":349,"height":254,"caption":"Arias Assessors"},"image":{"@id":"https:\/\/www.ariasassessors.com\/#\/schema\/logo\/image\/"},"sameAs":["https:\/\/www.facebook.com\/ariasassessors\/","https:\/\/x.com\/ariasassessors","https:\/\/www.linkedin.com\/company\/r&amp;amp;r-growing-knowledge\/"]},{"@type":"Person","@id":"https:\/\/www.ariasassessors.com\/#\/schema\/person\/63c6ad1775f0a9413c37932562673cef","name":"btorras","image":{"@type":"ImageObject","inLanguage":"ca","@id":"https:\/\/www.ariasassessors.com\/#\/schema\/person\/image\/","url":"https:\/\/secure.gravatar.com\/avatar\/0531db351fc361fdbfd204c58fa2d6a3?s=96&d=mm&r=g","contentUrl":"https:\/\/secure.gravatar.com\/avatar\/0531db351fc361fdbfd204c58fa2d6a3?s=96&d=mm&r=g","caption":"btorras"}}]}},"_links":{"self":[{"href":"https:\/\/www.ariasassessors.com\/ca\/wp-json\/wp\/v2\/posts\/2894","targetHints":{"allow":["GET"]}}],"collection":[{"href":"https:\/\/www.ariasassessors.com\/ca\/wp-json\/wp\/v2\/posts"}],"about":[{"href":"https:\/\/www.ariasassessors.com\/ca\/wp-json\/wp\/v2\/types\/post"}],"author":[{"embeddable":true,"href":"https:\/\/www.ariasassessors.com\/ca\/wp-json\/wp\/v2\/users\/2"}],"replies":[{"embeddable":true,"href":"https:\/\/www.ariasassessors.com\/ca\/wp-json\/wp\/v2\/comments?post=2894"}],"version-history":[{"count":1,"href":"https:\/\/www.ariasassessors.com\/ca\/wp-json\/wp\/v2\/posts\/2894\/revisions"}],"predecessor-version":[{"id":2897,"href":"https:\/\/www.ariasassessors.com\/ca\/wp-json\/wp\/v2\/posts\/2894\/revisions\/2897"}],"wp:featuredmedia":[{"embeddable":true,"href":"https:\/\/www.ariasassessors.com\/ca\/wp-json\/wp\/v2\/media\/2891"}],"wp:attachment":[{"href":"https:\/\/www.ariasassessors.com\/ca\/wp-json\/wp\/v2\/media?parent=2894"}],"wp:term":[{"taxonomy":"category","embeddable":true,"href":"https:\/\/www.ariasassessors.com\/ca\/wp-json\/wp\/v2\/categories?post=2894"},{"taxonomy":"post_tag","embeddable":true,"href":"https:\/\/www.ariasassessors.com\/ca\/wp-json\/wp\/v2\/tags?post=2894"}],"curies":[{"name":"wp","href":"https:\/\/api.w.org\/{rel}","templated":true}]}}