{"id":2902,"date":"2023-09-26T13:20:51","date_gmt":"2023-09-26T11:20:51","guid":{"rendered":"https:\/\/www.ariasassessors.com\/la-seguridad-social-finalmente-revisara-las-ayudas-dadas-a-mas-de-150-000-autonomos-durante-el-covid\/"},"modified":"2023-09-26T13:34:45","modified_gmt":"2023-09-26T11:34:45","slug":"la-seguridad-social-finalmente-revisara-las-ayudas-dadas-a-mas-de-150-000-autonomos-durante-el-covid","status":"publish","type":"post","link":"https:\/\/www.ariasassessors.com\/ca\/la-seguridad-social-finalmente-revisara-las-ayudas-dadas-a-mas-de-150-000-autonomos-durante-el-covid\/","title":{"rendered":"La Seguretat Social finalment &#8220;revisar\u00e0&#8221; les ajudes donades a m\u00e9s de 150.000 aut\u00f2noms durant el COVID"},"content":{"rendered":"<p>La Seguretat Social finalment comen\u00e7ar\u00e0 a revisar durant els pr\u00f2xims mesos les prestacions per cessament d&#8217;activitat que va concedir a m\u00e9s de 150.000 aut\u00f2noms quan es va decretar l&#8217;estat d&#8217;alarma per la pand\u00e8mia del\u00a0COVID. Per a\u00a0ATA, \u00e9s una mesura &#8220;absurda&#8221;, m\u00e0ximament si milers d&#8217;ells haguessin de retornar les ajudes.<\/p>\n<p>La <a href=\"https:\/\/www.autonomosyemprendedor.es\/articulo\/actualidad\/mutuas-avisan-que-261872-autonomos-estan-riesgo-tener-que-devolver-ayudas-pandemia\/20230428115918030285.html\" target=\"_blank\" rel=\"noopener\">Seguretat Social es posar\u00e0 a revisar<\/a>\u00a0a partir de setembre i durant els pr\u00f2xims mesos\u00a0les <strong>ajudes que va concedir a m\u00e9s de 150.0000 aut\u00f2noms al principi de la pand\u00e8mia<\/strong>, quan es va decretar l&#8217;Estat d&#8217;Alarma i es va obligar molts negocis a tirar el tancament. Com ja va avan\u00e7ar aquest diari, existeix el risc\u00a0que, acabada aquesta auditoria, milers d&#8217;aut\u00f2noms podrien haver de retornar -per no complir els requisits establerts-\u00a0les\u00a0<strong>prestacions extraordin\u00e0ries per cessament d&#8217;activitat que van percebre fa tres anys al principi dels confinaments pel COVID<\/strong>.<\/p>\n<p>La Federaci\u00f3 Nacional d&#8217;Associacions de Treballadors Aut\u00f2noms <strong>(ATA) va tenir coneixement i\u00a0 va confirmar<\/strong> a aquest diari que la Seguretat Social <strong>ha decidit iniciar un procediment de revisi\u00f3 que afectar\u00e0 finalment\u00a0 m\u00e9s de 150.000 aut\u00f2noms<\/strong> que van percebre algunes de les prestacions per <strong>cessament d&#8217;activitat<\/strong> durant els pitjors mesos de la pand\u00e8mia. Tenint en compte que aquesta prestaci\u00f3 hauria aconseguit, almenys, a 1,5 milions de treballadors per compte propi en el moment m\u00e9s \u00e0lgid de la pand\u00e8mia, hi hauria ara mateix <strong>m\u00e9s d&#8217;un 10% dels beneficiaris<\/strong> exposats a revisi\u00f3 i, en cas de trobar-los alguna irregularitat, a haver de <strong>retornar milers d&#8217;euros<\/strong> d&#8217;ajudes\u00a0 que els van ser concedides per veure&#8217;s obligats a tancar el negoci.<\/p>\n<p><strong>Per a\u00a0ATA\u00a0aix\u00f2 constitueix un &#8220;esc\u00e0ndol&#8221;<\/strong> perqu\u00e8 aquestes subvencions es van concebre en un moment<strong> d&#8217;Estat d&#8217;Alarma que el\u00a0propi Tribunal Constitucional ja va qualificar en diferents sent\u00e8ncies com a &#8220;inconstitucional&#8221;.<\/strong><\/p>\n<p>Per tant, assegura la primera organitzaci\u00f3 d&#8217;aut\u00f2noms del pa\u00eds,\u00a0no tindria sentit &#8220;que <strong>aquests aut\u00f2noms, als quals se&#8217;ls va obligar a tancar per un decret inconstitucional<\/strong>,\u00a0ara\u00a0se&#8217;ls revisi i potser se&#8217;ls reclama la\u00a0devoluci\u00f3 de les ajudes per no complir unes normes. Repetim,\u00a0arran d&#8217;un <strong>Estat d&#8217;Alarma que va ser declarat il\u00b7legal<\/strong>&#8220;.<\/p>\n<p>La Federaci\u00f3 es va mostrar &#8220;preocupada&#8221; per aquests fets que qualifica com a <strong>&#8220;absurds&#8221; i va explicar que &#8220;si en aquest pa\u00eds cal amnistiar a alg\u00fa ha de ser a aquests m\u00e9s de 150.000 aut\u00f2noms que no han com\u00e8s cap delicte i als quals se&#8217;ls va obligar a tancar, a confinar-se, i ara es revisa les ajudes que van rebre amb el perill d&#8217;haver de retornar, potser, l&#8217;almoina de compensaci\u00f3 que se&#8217;ls va donar\u00a0pels danys causats en el seu negoci arran d&#8217;un decret d&#8217;Estat d&#8217;Alarma que va ser declarat inconstitucional&#8221;.<\/strong><\/p>\n<div id=\"ez-toc-container\" class=\"ez-toc-v2_0_72 counter-hierarchy ez-toc-counter ez-toc-grey ez-toc-container-direction\">\n<div class=\"ez-toc-title-container\">\n<p class=\"ez-toc-title\" style=\"cursor:inherit\">\u00cdndice de Contenidos<\/p>\n<span class=\"ez-toc-title-toggle\"><a href=\"#\" class=\"ez-toc-pull-right ez-toc-btn ez-toc-btn-xs ez-toc-btn-default ez-toc-toggle\" aria-label=\"Toggle Table of Content\"><span class=\"ez-toc-js-icon-con\"><span class=\"\"><span class=\"eztoc-hide\" style=\"display:none;\">Toggle<\/span><span class=\"ez-toc-icon-toggle-span\"><svg style=\"fill: #428bca;color:#428bca\" xmlns=\"http:\/\/www.w3.org\/2000\/svg\" class=\"list-377408\" width=\"20px\" height=\"20px\" viewBox=\"0 0 24 24\" fill=\"none\"><path d=\"M6 6H4v2h2V6zm14 0H8v2h12V6zM4 11h2v2H4v-2zm16 0H8v2h12v-2zM4 16h2v2H4v-2zm16 0H8v2h12v-2z\" fill=\"currentColor\"><\/path><\/svg><svg style=\"fill: #428bca;color:#428bca\" class=\"arrow-unsorted-368013\" xmlns=\"http:\/\/www.w3.org\/2000\/svg\" width=\"10px\" height=\"10px\" viewBox=\"0 0 24 24\" version=\"1.2\" baseProfile=\"tiny\"><path d=\"M18.2 9.3l-6.2-6.3-6.2 6.3c-.2.2-.3.4-.3.7s.1.5.3.7c.2.2.4.3.7.3h11c.3 0 .5-.1.7-.3.2-.2.3-.5.3-.7s-.1-.5-.3-.7zM5.8 14.7l6.2 6.3 6.2-6.3c.2-.2.3-.5.3-.7s-.1-.5-.3-.7c-.2-.2-.4-.3-.7-.3h-11c-.3 0-.5.1-.7.3-.2.2-.3.5-.3.7s.1.5.3.7z\"\/><\/svg><\/span><\/span><\/span><\/a><\/span><\/div>\n<nav><ul class='ez-toc-list ez-toc-list-level-1 eztoc-toggle-hide-by-default' ><li class='ez-toc-page-1 ez-toc-heading-level-2'><a class=\"ez-toc-link ez-toc-heading-1\" href=\"https:\/\/www.ariasassessors.com\/ca\/la-seguridad-social-finalmente-revisara-las-ayudas-dadas-a-mas-de-150-000-autonomos-durante-el-covid\/#150000_autonoms_seran_revisats_per_a_veure_si_han_de_retornar_les_ajudes_que_van_rebre_durant_el_COVID\" title=\"150.000 aut\u00f2noms seran revisats per a veure\u00a0si han de retornar\u00a0les ajudes que van rebre durant el\u00a0COVID\">150.000 aut\u00f2noms seran revisats per a veure\u00a0si han de retornar\u00a0les ajudes que van rebre durant el\u00a0COVID<\/a><\/li><li class='ez-toc-page-1 ez-toc-heading-level-2'><a class=\"ez-toc-link ez-toc-heading-2\" href=\"https:\/\/www.ariasassessors.com\/ca\/la-seguridad-social-finalmente-revisara-las-ayudas-dadas-a-mas-de-150-000-autonomos-durante-el-covid\/#150000_autonoms_seran_revisats_per_a_veure_si_han_de_retornar_les_ajudes_que_van_rebre_durant_el_COVID-2\" title=\"150.000 aut\u00f2noms seran revisats per a veure si han de retornar les ajudes que van rebre durant el COVID\">150.000 aut\u00f2noms seran revisats per a veure si han de retornar les ajudes que van rebre durant el COVID<\/a><ul class='ez-toc-list-level-3' ><li class='ez-toc-heading-level-3'><a class=\"ez-toc-link ez-toc-heading-3\" href=\"https:\/\/www.ariasassessors.com\/ca\/la-seguridad-social-finalmente-revisara-las-ayudas-dadas-a-mas-de-150-000-autonomos-durante-el-covid\/#Hi_hauria_molts_casos_en_els_quals_les_ajudes_son_dificils_de_justificar\" title=\"Hi hauria\u00a0molts casos en els quals les ajudes s\u00f3n dif\u00edcils de justificar\">Hi hauria\u00a0molts casos en els quals les ajudes s\u00f3n dif\u00edcils de justificar<\/a><\/li><\/ul><\/li><li class='ez-toc-page-1 ez-toc-heading-level-2'><a class=\"ez-toc-link ez-toc-heading-4\" href=\"https:\/\/www.ariasassessors.com\/ca\/la-seguridad-social-finalmente-revisara-las-ayudas-dadas-a-mas-de-150-000-autonomos-durante-el-covid\/#ATA_diu_que_si_a_algu_cal_%E2%80%9Camnistiar%E2%80%9D_es_als_150000_autonoms_que_sarrisquen_a_retornar_les_ajudes_per_la_pandemia\" title=\"ATA diu que si a alg\u00fa cal &#8220;amnistiar&#8221; \u00e9s als 150.000 aut\u00f2noms que s&#8217;arrisquen a retornar les ajudes per la pand\u00e8mia\">ATA diu que si a alg\u00fa cal &#8220;amnistiar&#8221; \u00e9s als 150.000 aut\u00f2noms que s&#8217;arrisquen a retornar les ajudes per la pand\u00e8mia<\/a><\/li><\/ul><\/nav><\/div>\n<h2><span class=\"ez-toc-section\" id=\"150000_autonoms_seran_revisats_per_a_veure_si_han_de_retornar_les_ajudes_que_van_rebre_durant_el_COVID\"><\/span>150.000 aut\u00f2noms seran revisats per a veure\u00a0si han de retornar\u00a0les ajudes que van rebre durant el\u00a0COVID<span class=\"ez-toc-section-end\"><\/span><\/h2>\n<p>Aquests m\u00e9s 150.000 aut\u00f2noms que, segons\u00a0ATA, es veuran immersos en una revisi\u00f3 de les prestacions que van cobrar en 2020\u00a0<strong>s&#8217;arrisquen a\u00a0retornar, com a m\u00ednim, 660 euros m\u00e9s l&#8217;exoneraci\u00f3 de la seva quota<\/strong> per cadascun dels tres mesos que percebessin la prestaci\u00f3 per tancament o caiguda d&#8217;ingressos, tot motivat per les regles que van establir els diferents decrets emesos pel Govern durant l&#8217;Estat d&#8217;Alarma.<\/p>\n<p>La revisi\u00f3 i possible devoluci\u00f3<strong> es deuria al fet que aquests treballadors haurien incomplert les condicions -moltes vegades lleonines-\u00a0d&#8217;aquestes ajudes<\/strong>, com poden ser\u00a0no haver acreditat el tancament\u00a0o estar per sobre del percentatge de caiguda\u00a0de facturaci\u00f3 requerit en la norma, entre altres.<\/p>\n<p>Fins i tot en alguns casos s&#8217;estaria plantejant sol\u00b7licitar la devoluci\u00f3 de les ajudes als aut\u00f2noms per <strong>causes, segons\u00a0ATA, tan &#8220;absurdes&#8221; com haver compatibilitzat el cessament d&#8217;activitat amb altres prestacions<\/strong> com la maternitat, quan \u00e9s ben sabut\u00a0que el propi Govern va <strong>rectificar en el seu moment i va recon\u00e8ixer la compatibilitat entre totes dues prestacions<\/strong>.<\/p>\n<div class=\"traductor-textarea form-group\">\n<div class=\"textarea-desti col-xs-12 col-sm-6\">\n<h2 class=\"form-control second-textarea\"><span class=\"ez-toc-section\" id=\"150000_autonoms_seran_revisats_per_a_veure_si_han_de_retornar_les_ajudes_que_van_rebre_durant_el_COVID-2\"><\/span>150.000 aut\u00f2noms seran revisats per a veure si han de retornar les ajudes que van rebre durant el COVID<span class=\"ez-toc-section-end\"><\/span><\/h2>\n<\/div>\n<\/div>\n<p>Aquests m\u00e9s 150.000 aut\u00f2noms que, segons\u00a0ATA, es veuran immersos en una revisi\u00f3 de les prestacions que van cobrar en 2020\u00a0s&#8217;arrisquen a\u00a0retornar, com a m\u00ednim, 660 euros m\u00e9s l&#8217;exoneraci\u00f3 de la seva quota per cadascun dels tres mesos que percebessin la prestaci\u00f3 per tancament o caiguda d&#8217;ingressos, tot motivat per les regles que van establir els diferents decrets emesos pel Govern durant l&#8217;Estat d&#8217;Alarma.<\/p>\n<p>La revisi\u00f3 i possible devoluci\u00f3 es deuria al fet que aquests treballadors haurien incomplert les condicions -moltes vegades lleonines-\u00a0d&#8217;aquestes ajudes, com poden ser\u00a0no haver acreditat el tancament\u00a0o estar per sobre del percentatge de caiguda\u00a0de facturaci\u00f3 requerit en la norma, entre altres.<\/p>\n<p>Fins i tot en alguns casos s&#8217;estaria plantejant sol\u00b7licitar la devoluci\u00f3 de les ajudes als aut\u00f2noms per causes, segons\u00a0ATA, tan &#8220;absurdes&#8221; com haver compatibilitzat el cessament d&#8217;activitat amb altres prestacions com la maternitat, quan \u00e9s ben sabut\u00a0que el propi Govern va rectificar en el seu moment i va recon\u00e8ixer la compatibilitat entre totes dues prestacions.<\/p>\n<p>Aix\u00ed ho va comunicar fa m\u00e9s de tres anys Lorenzo Amor, president de ATA, a trav\u00e9s de les seves xarxes socials:<\/p>\n<p><em>Bienvenida la nueva rectificaci\u00f3n del Gobierno!!!<\/em><br \/>\n<em>Hoy publica el BOE,y tras la denuncia de\u00a0<a href=\"https:\/\/twitter.com\/autonomosata?ref_src=twsrc%5Etfw\">@autonomosata<\/a>\u00a0de muchos casos como este de Antonio<\/em><br \/>\n<em>Los aut\u00f3nomos que cobren otra prestaci\u00f3n de Seguridad Social,podr\u00e1n acceder a la prestaci\u00f3n por cese de actividad<\/em><br \/>\n<em>Enhorabuena Antonio!\u00a0<a href=\"https:\/\/t.co\/4L57jtIoQA\">pic.twitter.com\/4L57jtIoQA<\/a><\/em><\/p>\n<h3><span class=\"ez-toc-section\" id=\"Hi_hauria_molts_casos_en_els_quals_les_ajudes_son_dificils_de_justificar\"><\/span>Hi hauria\u00a0molts casos en els quals les ajudes s\u00f3n dif\u00edcils de justificar<span class=\"ez-toc-section-end\"><\/span><\/h3>\n<p>Les prestacions per cessament d&#8217;activitat durant la pand\u00e8mia es van concedir per dos motius: el primer va ser\u00a0<strong>haver tancat el negoci arran de l&#8217;Estat d&#8217;Alarma<\/strong> i el segon, per als negocis considerats essencials, <strong>no haver-se vist obligats a tancar per\u00f2 haver suportat una caiguda de facturaci\u00f3 superior al 75%.<\/strong><\/p>\n<p>Per tant, l\u00f2gicament, les revisions que pretendria dur a terme la Seguretat social a aquests m\u00e9s de 150.000 aut\u00f2noms es deurien, fonamentalment a aquestes causes. <strong>Segurament, per no haver justificat degudament aquesta caiguda<\/strong> per sobre del 75% de la facturaci\u00f3 o aquesta <strong>obligaci\u00f3 de tancar el negoci<\/strong>.<\/p>\n<p>A m\u00e9s, uns altres dels motius importants pels quals es podrien reclamar les ajudes als aut\u00f2noms serien <strong>no\u00a0estar en aquest moment al corrent de pagament de les obligacions amb la Seguretat Social<\/strong> -per exemple, per tenir cotitzacions pendents d&#8217;abonar o no haver aportat la\u00a0documentaci\u00f3 requerida, entre altres causes.<\/p>\n<p>Quant als motius, <strong>segons\u00a0ATA,\u00a0no t\u00e9 sentit revisar la incompatibilitat del cessament d&#8217;activitat, per exemple, amb la maternitat\u00a0&#8220;quan el Govern va recon\u00e8ixer que aquest \u00faltim requeriment era un error.<\/strong> I encara amb tot, pensa reclamar les ajudes\u00a0als aut\u00f2noms que percebien en aquest moment altres prestacions que res tenen a veure amb el cessament d&#8217;activitat ni la situaci\u00f3 extraordin\u00e0ria que s&#8217;estava vivint en aquells dies&#8221;.<\/p>\n<p>A m\u00e9s, segons el parer de\u00a0ATA, tamb\u00e9 <strong>va haver-hi altres fallades del Reial Decret <\/strong>que podrien estar generant moltes d&#8217;aquestes revisions com per exemple <strong>l&#8217;exig\u00e8ncia\u00a0 d&#8217;acreditar la caiguda d&#8217;un 75% dels ingressos<\/strong>\u00a0per a aut\u00f2noms com a arquitectes o dissenyadors que treballen per projectes en determinades \u00e8poques de l&#8217;any i\u00a0<strong>no poden justificar moltes vegades tal caiguda.\u00a0O els aut\u00f2noms en m\u00f2duls, que no han de fer balan\u00e7 anual i que t\u00e9\u00a0molt complicat justificar\u00a0caiguda d&#8217;ingressos. Les casu\u00edstiques i la inseguretat jur\u00eddica en aquells moments eren molt grans.<\/strong><\/p>\n<p>&#8220;Una vegada m\u00e9s\u00a0<strong>s&#8217;estan exigint responsabilitats als aut\u00f2noms sense tenir en compte l&#8217;absoluta vulnerabilitat i excepcionalitat<\/strong>\u00a0en la qual es trobaven en aquest moment. <strong>I la inseguretat jur\u00eddica en la qual es trobaven en aquell moment milers d&#8217;aut\u00f2noms que nom\u00e9s veien els seus negocis tancats.<\/strong><\/p>\n<h2><span class=\"ez-toc-section\" id=\"ATA_diu_que_si_a_algu_cal_%E2%80%9Camnistiar%E2%80%9D_es_als_150000_autonoms_que_sarrisquen_a_retornar_les_ajudes_per_la_pandemia\"><\/span>ATA diu que si a alg\u00fa cal &#8220;amnistiar&#8221; \u00e9s als 150.000 aut\u00f2noms que s&#8217;arrisquen a retornar les ajudes per la pand\u00e8mia<span class=\"ez-toc-section-end\"><\/span><\/h2>\n<p>De fet, i despr\u00e9s de tenir coneixement de la xifra d&#8217;aut\u00f2noms que finalment estaran sotmesos a una revisi\u00f3 de les seves ajudes i s&#8217;estan arriscant a retornar les ajudes, <strong>el president de\u00a0ATA\u00a0va sol\u00b7licitar &#8220;amnistiar&#8221; a tots aquests treballadors per compte propi.\u00a0<\/strong><\/p>\n<p>Segons\u00a0ATA, &#8220;la prestaci\u00f3 per cessament d&#8217;activitat <strong>parteix d&#8217;un confinament i un Estat d&#8217;Alarma declarat inconstitucional i per tant il\u00b7legal.<\/strong> No t\u00e9 sentit que a aquests aut\u00f2noms que se&#8217;ls va obligar a tancar, se&#8217;ls reclami una devoluci\u00f3 d&#8217;ajudes,\u00a0\u00a0per no complir una norma arran d&#8217;un estat d&#8217;alarma declarat\u00a0inconstitucional&#8221;.<\/p>\n<p>Per aix\u00f2, la Federaci\u00f3 demana &#8221;\u00a0amnistia per als<strong> 150.000 aut\u00f2noms que sense haver com\u00e8s cap delicte ni ser pr\u00f2fugs de la just\u00edcia se&#8217;ls est\u00e0 reclamant l&#8217;almoina<\/strong> de compensaci\u00f3 que se&#8217;ls va donar per tots aquests danys&#8221;.<\/p>\n","protected":false},"excerpt":{"rendered":"<p>La Seguretat Social finalment comen\u00e7ar\u00e0 a revisar durant els pr\u00f2xims mesos les prestacions per cessament d&#8217;activitat que va concedir a m\u00e9s de 150.000 aut\u00f2noms quan es va decretar l&#8217;estat d&#8217;alarma per la pand\u00e8mia del\u00a0COVID. Per a\u00a0ATA, \u00e9s una mesura &#8220;absurda&#8221;, m\u00e0ximament si milers d&#8217;ells haguessin&#8230;<\/p>\n","protected":false},"author":2,"featured_media":2905,"comment_status":"open","ping_status":"open","sticky":false,"template":"","format":"standard","meta":{"footnotes":""},"categories":[4],"tags":[],"class_list":["post-2902","post","type-post","status-publish","format-standard","has-post-thumbnail","hentry","category-noticies"],"yoast_head":"<!-- This site is optimized with the Yoast SEO plugin v24.3 - https:\/\/yoast.com\/wordpress\/plugins\/seo\/ -->\n<title>La Seguretat Social finalment &quot;revisar\u00e0&quot; les ajudes donades a m\u00e9s de 150.000 aut\u00f2noms durant el COVID | Arias Assessors<\/title>\n<meta name=\"robots\" content=\"index, follow, max-snippet:-1, max-image-preview:large, max-video-preview:-1\" \/>\n<link rel=\"canonical\" href=\"https:\/\/www.ariasassessors.com\/ca\/la-seguridad-social-finalmente-revisara-las-ayudas-dadas-a-mas-de-150-000-autonomos-durante-el-covid\/\" \/>\n<meta property=\"og:locale\" content=\"ca_ES\" \/>\n<meta property=\"og:type\" content=\"article\" \/>\n<meta property=\"og:title\" content=\"La Seguretat Social finalment &quot;revisar\u00e0&quot; les ajudes donades a m\u00e9s de 150.000 aut\u00f2noms durant el COVID | Arias Assessors\" \/>\n<meta property=\"og:description\" content=\"La Seguretat Social finalment comen\u00e7ar\u00e0 a revisar durant els pr\u00f2xims mesos les prestacions per cessament d&#8217;activitat que va concedir a m\u00e9s de 150.000 aut\u00f2noms quan es va decretar l&#8217;estat d&#8217;alarma per la pand\u00e8mia del\u00a0COVID. Per a\u00a0ATA, \u00e9s una mesura &#8220;absurda&#8221;, m\u00e0ximament si milers d&#8217;ells haguessin...\" \/>\n<meta property=\"og:url\" content=\"https:\/\/www.ariasassessors.com\/ca\/la-seguridad-social-finalmente-revisara-las-ayudas-dadas-a-mas-de-150-000-autonomos-durante-el-covid\/\" \/>\n<meta property=\"og:site_name\" content=\"Arias Assessors\" \/>\n<meta property=\"article:publisher\" content=\"https:\/\/www.facebook.com\/ariasassessors\/\" \/>\n<meta property=\"article:published_time\" content=\"2023-09-26T11:20:51+00:00\" \/>\n<meta property=\"article:modified_time\" content=\"2023-09-26T11:34:45+00:00\" \/>\n<meta property=\"og:image\" content=\"https:\/\/www.ariasassessors.com\/wp-content\/uploads\/2023\/09\/Arias_Blog_IMAGEN_DESTACADA-59.png\" \/>\n\t<meta property=\"og:image:width\" content=\"1920\" \/>\n\t<meta property=\"og:image:height\" content=\"1202\" \/>\n\t<meta property=\"og:image:type\" content=\"image\/png\" \/>\n<meta name=\"author\" content=\"btorras\" \/>\n<meta name=\"twitter:card\" content=\"summary_large_image\" \/>\n<meta name=\"twitter:creator\" content=\"@ariasassessors\" \/>\n<meta name=\"twitter:site\" content=\"@ariasassessors\" \/>\n<meta name=\"twitter:label1\" content=\"Escrit per\" \/>\n\t<meta name=\"twitter:data1\" content=\"btorras\" \/>\n\t<meta name=\"twitter:label2\" content=\"Temps estimat de lectura\" \/>\n\t<meta name=\"twitter:data2\" content=\"7 minuts\" \/>\n<script type=\"application\/ld+json\" class=\"yoast-schema-graph\">{\"@context\":\"https:\/\/schema.org\",\"@graph\":[{\"@type\":\"Article\",\"@id\":\"https:\/\/www.ariasassessors.com\/ca\/la-seguridad-social-finalmente-revisara-las-ayudas-dadas-a-mas-de-150-000-autonomos-durante-el-covid\/#article\",\"isPartOf\":{\"@id\":\"https:\/\/www.ariasassessors.com\/ca\/la-seguridad-social-finalmente-revisara-las-ayudas-dadas-a-mas-de-150-000-autonomos-durante-el-covid\/\"},\"author\":{\"name\":\"btorras\",\"@id\":\"https:\/\/www.ariasassessors.com\/#\/schema\/person\/63c6ad1775f0a9413c37932562673cef\"},\"headline\":\"La Seguretat Social finalment &#8220;revisar\u00e0&#8221; les ajudes donades a m\u00e9s de 150.000 aut\u00f2noms durant el COVID\",\"datePublished\":\"2023-09-26T11:20:51+00:00\",\"dateModified\":\"2023-09-26T11:34:45+00:00\",\"mainEntityOfPage\":{\"@id\":\"https:\/\/www.ariasassessors.com\/ca\/la-seguridad-social-finalmente-revisara-las-ayudas-dadas-a-mas-de-150-000-autonomos-durante-el-covid\/\"},\"wordCount\":1470,\"commentCount\":0,\"publisher\":{\"@id\":\"https:\/\/www.ariasassessors.com\/#organization\"},\"image\":{\"@id\":\"https:\/\/www.ariasassessors.com\/ca\/la-seguridad-social-finalmente-revisara-las-ayudas-dadas-a-mas-de-150-000-autonomos-durante-el-covid\/#primaryimage\"},\"thumbnailUrl\":\"https:\/\/www.ariasassessors.com\/wp-content\/uploads\/2023\/09\/Arias_Blog_IMAGEN_DESTACADA-59.png\",\"articleSection\":[\"noticies\"],\"inLanguage\":\"ca\",\"potentialAction\":[{\"@type\":\"CommentAction\",\"name\":\"Comment\",\"target\":[\"https:\/\/www.ariasassessors.com\/ca\/la-seguridad-social-finalmente-revisara-las-ayudas-dadas-a-mas-de-150-000-autonomos-durante-el-covid\/#respond\"]}]},{\"@type\":\"WebPage\",\"@id\":\"https:\/\/www.ariasassessors.com\/ca\/la-seguridad-social-finalmente-revisara-las-ayudas-dadas-a-mas-de-150-000-autonomos-durante-el-covid\/\",\"url\":\"https:\/\/www.ariasassessors.com\/ca\/la-seguridad-social-finalmente-revisara-las-ayudas-dadas-a-mas-de-150-000-autonomos-durante-el-covid\/\",\"name\":\"La Seguretat Social finalment \\\"revisar\u00e0\\\" les ajudes donades a m\u00e9s de 150.000 aut\u00f2noms durant el COVID | Arias Assessors\",\"isPartOf\":{\"@id\":\"https:\/\/www.ariasassessors.com\/#website\"},\"primaryImageOfPage\":{\"@id\":\"https:\/\/www.ariasassessors.com\/ca\/la-seguridad-social-finalmente-revisara-las-ayudas-dadas-a-mas-de-150-000-autonomos-durante-el-covid\/#primaryimage\"},\"image\":{\"@id\":\"https:\/\/www.ariasassessors.com\/ca\/la-seguridad-social-finalmente-revisara-las-ayudas-dadas-a-mas-de-150-000-autonomos-durante-el-covid\/#primaryimage\"},\"thumbnailUrl\":\"https:\/\/www.ariasassessors.com\/wp-content\/uploads\/2023\/09\/Arias_Blog_IMAGEN_DESTACADA-59.png\",\"datePublished\":\"2023-09-26T11:20:51+00:00\",\"dateModified\":\"2023-09-26T11:34:45+00:00\",\"breadcrumb\":{\"@id\":\"https:\/\/www.ariasassessors.com\/ca\/la-seguridad-social-finalmente-revisara-las-ayudas-dadas-a-mas-de-150-000-autonomos-durante-el-covid\/#breadcrumb\"},\"inLanguage\":\"ca\",\"potentialAction\":[{\"@type\":\"ReadAction\",\"target\":[\"https:\/\/www.ariasassessors.com\/ca\/la-seguridad-social-finalmente-revisara-las-ayudas-dadas-a-mas-de-150-000-autonomos-durante-el-covid\/\"]}]},{\"@type\":\"ImageObject\",\"inLanguage\":\"ca\",\"@id\":\"https:\/\/www.ariasassessors.com\/ca\/la-seguridad-social-finalmente-revisara-las-ayudas-dadas-a-mas-de-150-000-autonomos-durante-el-covid\/#primaryimage\",\"url\":\"https:\/\/www.ariasassessors.com\/wp-content\/uploads\/2023\/09\/Arias_Blog_IMAGEN_DESTACADA-59.png\",\"contentUrl\":\"https:\/\/www.ariasassessors.com\/wp-content\/uploads\/2023\/09\/Arias_Blog_IMAGEN_DESTACADA-59.png\",\"width\":1920,\"height\":1202},{\"@type\":\"BreadcrumbList\",\"@id\":\"https:\/\/www.ariasassessors.com\/ca\/la-seguridad-social-finalmente-revisara-las-ayudas-dadas-a-mas-de-150-000-autonomos-durante-el-covid\/#breadcrumb\",\"itemListElement\":[{\"@type\":\"ListItem\",\"position\":1,\"name\":\"Portada\",\"item\":\"https:\/\/www.ariasassessors.com\/ca\/\"},{\"@type\":\"ListItem\",\"position\":2,\"name\":\"La Seguretat Social finalment \u00abrevisar\u00e0\u00bb les ajudes donades a m\u00e9s de 150.000 aut\u00f2noms durant el COVID\"}]},{\"@type\":\"WebSite\",\"@id\":\"https:\/\/www.ariasassessors.com\/#website\",\"url\":\"https:\/\/www.ariasassessors.com\/\",\"name\":\"Arias Assessors\",\"description\":\"Asesor\u00eda para aut\u00f3nomos, profesionales y PYMES\",\"publisher\":{\"@id\":\"https:\/\/www.ariasassessors.com\/#organization\"},\"potentialAction\":[{\"@type\":\"SearchAction\",\"target\":{\"@type\":\"EntryPoint\",\"urlTemplate\":\"https:\/\/www.ariasassessors.com\/?s={search_term_string}\"},\"query-input\":{\"@type\":\"PropertyValueSpecification\",\"valueRequired\":true,\"valueName\":\"search_term_string\"}}],\"inLanguage\":\"ca\"},{\"@type\":\"Organization\",\"@id\":\"https:\/\/www.ariasassessors.com\/#organization\",\"name\":\"Arias Assessors\",\"url\":\"https:\/\/www.ariasassessors.com\/\",\"logo\":{\"@type\":\"ImageObject\",\"inLanguage\":\"ca\",\"@id\":\"https:\/\/www.ariasassessors.com\/#\/schema\/logo\/image\/\",\"url\":\"https:\/\/www.ariasassessors.com\/wp-content\/uploads\/2019\/01\/arias-logo.png\",\"contentUrl\":\"https:\/\/www.ariasassessors.com\/wp-content\/uploads\/2019\/01\/arias-logo.png\",\"width\":349,\"height\":254,\"caption\":\"Arias Assessors\"},\"image\":{\"@id\":\"https:\/\/www.ariasassessors.com\/#\/schema\/logo\/image\/\"},\"sameAs\":[\"https:\/\/www.facebook.com\/ariasassessors\/\",\"https:\/\/x.com\/ariasassessors\",\"https:\/\/www.linkedin.com\/company\/r&amp;amp;r-growing-knowledge\/\"]},{\"@type\":\"Person\",\"@id\":\"https:\/\/www.ariasassessors.com\/#\/schema\/person\/63c6ad1775f0a9413c37932562673cef\",\"name\":\"btorras\",\"image\":{\"@type\":\"ImageObject\",\"inLanguage\":\"ca\",\"@id\":\"https:\/\/www.ariasassessors.com\/#\/schema\/person\/image\/\",\"url\":\"https:\/\/secure.gravatar.com\/avatar\/0531db351fc361fdbfd204c58fa2d6a3?s=96&d=mm&r=g\",\"contentUrl\":\"https:\/\/secure.gravatar.com\/avatar\/0531db351fc361fdbfd204c58fa2d6a3?s=96&d=mm&r=g\",\"caption\":\"btorras\"}}]}<\/script>\n<!-- \/ Yoast SEO plugin. -->","yoast_head_json":{"title":"La Seguretat Social finalment \"revisar\u00e0\" les ajudes donades a m\u00e9s de 150.000 aut\u00f2noms durant el COVID | Arias Assessors","robots":{"index":"index","follow":"follow","max-snippet":"max-snippet:-1","max-image-preview":"max-image-preview:large","max-video-preview":"max-video-preview:-1"},"canonical":"https:\/\/www.ariasassessors.com\/ca\/la-seguridad-social-finalmente-revisara-las-ayudas-dadas-a-mas-de-150-000-autonomos-durante-el-covid\/","og_locale":"ca_ES","og_type":"article","og_title":"La Seguretat Social finalment \"revisar\u00e0\" les ajudes donades a m\u00e9s de 150.000 aut\u00f2noms durant el COVID | Arias Assessors","og_description":"La Seguretat Social finalment comen\u00e7ar\u00e0 a revisar durant els pr\u00f2xims mesos les prestacions per cessament d&#8217;activitat que va concedir a m\u00e9s de 150.000 aut\u00f2noms quan es va decretar l&#8217;estat d&#8217;alarma per la pand\u00e8mia del\u00a0COVID. Per a\u00a0ATA, \u00e9s una mesura &#8220;absurda&#8221;, m\u00e0ximament si milers d&#8217;ells haguessin...","og_url":"https:\/\/www.ariasassessors.com\/ca\/la-seguridad-social-finalmente-revisara-las-ayudas-dadas-a-mas-de-150-000-autonomos-durante-el-covid\/","og_site_name":"Arias Assessors","article_publisher":"https:\/\/www.facebook.com\/ariasassessors\/","article_published_time":"2023-09-26T11:20:51+00:00","article_modified_time":"2023-09-26T11:34:45+00:00","og_image":[{"width":1920,"height":1202,"url":"https:\/\/www.ariasassessors.com\/wp-content\/uploads\/2023\/09\/Arias_Blog_IMAGEN_DESTACADA-59.png","type":"image\/png"}],"author":"btorras","twitter_card":"summary_large_image","twitter_creator":"@ariasassessors","twitter_site":"@ariasassessors","twitter_misc":{"Escrit per":"btorras","Temps estimat de lectura":"7 minuts"},"schema":{"@context":"https:\/\/schema.org","@graph":[{"@type":"Article","@id":"https:\/\/www.ariasassessors.com\/ca\/la-seguridad-social-finalmente-revisara-las-ayudas-dadas-a-mas-de-150-000-autonomos-durante-el-covid\/#article","isPartOf":{"@id":"https:\/\/www.ariasassessors.com\/ca\/la-seguridad-social-finalmente-revisara-las-ayudas-dadas-a-mas-de-150-000-autonomos-durante-el-covid\/"},"author":{"name":"btorras","@id":"https:\/\/www.ariasassessors.com\/#\/schema\/person\/63c6ad1775f0a9413c37932562673cef"},"headline":"La Seguretat Social finalment &#8220;revisar\u00e0&#8221; les ajudes donades a m\u00e9s de 150.000 aut\u00f2noms durant el COVID","datePublished":"2023-09-26T11:20:51+00:00","dateModified":"2023-09-26T11:34:45+00:00","mainEntityOfPage":{"@id":"https:\/\/www.ariasassessors.com\/ca\/la-seguridad-social-finalmente-revisara-las-ayudas-dadas-a-mas-de-150-000-autonomos-durante-el-covid\/"},"wordCount":1470,"commentCount":0,"publisher":{"@id":"https:\/\/www.ariasassessors.com\/#organization"},"image":{"@id":"https:\/\/www.ariasassessors.com\/ca\/la-seguridad-social-finalmente-revisara-las-ayudas-dadas-a-mas-de-150-000-autonomos-durante-el-covid\/#primaryimage"},"thumbnailUrl":"https:\/\/www.ariasassessors.com\/wp-content\/uploads\/2023\/09\/Arias_Blog_IMAGEN_DESTACADA-59.png","articleSection":["noticies"],"inLanguage":"ca","potentialAction":[{"@type":"CommentAction","name":"Comment","target":["https:\/\/www.ariasassessors.com\/ca\/la-seguridad-social-finalmente-revisara-las-ayudas-dadas-a-mas-de-150-000-autonomos-durante-el-covid\/#respond"]}]},{"@type":"WebPage","@id":"https:\/\/www.ariasassessors.com\/ca\/la-seguridad-social-finalmente-revisara-las-ayudas-dadas-a-mas-de-150-000-autonomos-durante-el-covid\/","url":"https:\/\/www.ariasassessors.com\/ca\/la-seguridad-social-finalmente-revisara-las-ayudas-dadas-a-mas-de-150-000-autonomos-durante-el-covid\/","name":"La Seguretat Social finalment \"revisar\u00e0\" les ajudes donades a m\u00e9s de 150.000 aut\u00f2noms durant el COVID | Arias Assessors","isPartOf":{"@id":"https:\/\/www.ariasassessors.com\/#website"},"primaryImageOfPage":{"@id":"https:\/\/www.ariasassessors.com\/ca\/la-seguridad-social-finalmente-revisara-las-ayudas-dadas-a-mas-de-150-000-autonomos-durante-el-covid\/#primaryimage"},"image":{"@id":"https:\/\/www.ariasassessors.com\/ca\/la-seguridad-social-finalmente-revisara-las-ayudas-dadas-a-mas-de-150-000-autonomos-durante-el-covid\/#primaryimage"},"thumbnailUrl":"https:\/\/www.ariasassessors.com\/wp-content\/uploads\/2023\/09\/Arias_Blog_IMAGEN_DESTACADA-59.png","datePublished":"2023-09-26T11:20:51+00:00","dateModified":"2023-09-26T11:34:45+00:00","breadcrumb":{"@id":"https:\/\/www.ariasassessors.com\/ca\/la-seguridad-social-finalmente-revisara-las-ayudas-dadas-a-mas-de-150-000-autonomos-durante-el-covid\/#breadcrumb"},"inLanguage":"ca","potentialAction":[{"@type":"ReadAction","target":["https:\/\/www.ariasassessors.com\/ca\/la-seguridad-social-finalmente-revisara-las-ayudas-dadas-a-mas-de-150-000-autonomos-durante-el-covid\/"]}]},{"@type":"ImageObject","inLanguage":"ca","@id":"https:\/\/www.ariasassessors.com\/ca\/la-seguridad-social-finalmente-revisara-las-ayudas-dadas-a-mas-de-150-000-autonomos-durante-el-covid\/#primaryimage","url":"https:\/\/www.ariasassessors.com\/wp-content\/uploads\/2023\/09\/Arias_Blog_IMAGEN_DESTACADA-59.png","contentUrl":"https:\/\/www.ariasassessors.com\/wp-content\/uploads\/2023\/09\/Arias_Blog_IMAGEN_DESTACADA-59.png","width":1920,"height":1202},{"@type":"BreadcrumbList","@id":"https:\/\/www.ariasassessors.com\/ca\/la-seguridad-social-finalmente-revisara-las-ayudas-dadas-a-mas-de-150-000-autonomos-durante-el-covid\/#breadcrumb","itemListElement":[{"@type":"ListItem","position":1,"name":"Portada","item":"https:\/\/www.ariasassessors.com\/ca\/"},{"@type":"ListItem","position":2,"name":"La Seguretat Social finalment \u00abrevisar\u00e0\u00bb les ajudes donades a m\u00e9s de 150.000 aut\u00f2noms durant el COVID"}]},{"@type":"WebSite","@id":"https:\/\/www.ariasassessors.com\/#website","url":"https:\/\/www.ariasassessors.com\/","name":"Arias Assessors","description":"Asesor\u00eda para aut\u00f3nomos, profesionales y PYMES","publisher":{"@id":"https:\/\/www.ariasassessors.com\/#organization"},"potentialAction":[{"@type":"SearchAction","target":{"@type":"EntryPoint","urlTemplate":"https:\/\/www.ariasassessors.com\/?s={search_term_string}"},"query-input":{"@type":"PropertyValueSpecification","valueRequired":true,"valueName":"search_term_string"}}],"inLanguage":"ca"},{"@type":"Organization","@id":"https:\/\/www.ariasassessors.com\/#organization","name":"Arias Assessors","url":"https:\/\/www.ariasassessors.com\/","logo":{"@type":"ImageObject","inLanguage":"ca","@id":"https:\/\/www.ariasassessors.com\/#\/schema\/logo\/image\/","url":"https:\/\/www.ariasassessors.com\/wp-content\/uploads\/2019\/01\/arias-logo.png","contentUrl":"https:\/\/www.ariasassessors.com\/wp-content\/uploads\/2019\/01\/arias-logo.png","width":349,"height":254,"caption":"Arias Assessors"},"image":{"@id":"https:\/\/www.ariasassessors.com\/#\/schema\/logo\/image\/"},"sameAs":["https:\/\/www.facebook.com\/ariasassessors\/","https:\/\/x.com\/ariasassessors","https:\/\/www.linkedin.com\/company\/r&amp;amp;r-growing-knowledge\/"]},{"@type":"Person","@id":"https:\/\/www.ariasassessors.com\/#\/schema\/person\/63c6ad1775f0a9413c37932562673cef","name":"btorras","image":{"@type":"ImageObject","inLanguage":"ca","@id":"https:\/\/www.ariasassessors.com\/#\/schema\/person\/image\/","url":"https:\/\/secure.gravatar.com\/avatar\/0531db351fc361fdbfd204c58fa2d6a3?s=96&d=mm&r=g","contentUrl":"https:\/\/secure.gravatar.com\/avatar\/0531db351fc361fdbfd204c58fa2d6a3?s=96&d=mm&r=g","caption":"btorras"}}]}},"_links":{"self":[{"href":"https:\/\/www.ariasassessors.com\/ca\/wp-json\/wp\/v2\/posts\/2902","targetHints":{"allow":["GET"]}}],"collection":[{"href":"https:\/\/www.ariasassessors.com\/ca\/wp-json\/wp\/v2\/posts"}],"about":[{"href":"https:\/\/www.ariasassessors.com\/ca\/wp-json\/wp\/v2\/types\/post"}],"author":[{"embeddable":true,"href":"https:\/\/www.ariasassessors.com\/ca\/wp-json\/wp\/v2\/users\/2"}],"replies":[{"embeddable":true,"href":"https:\/\/www.ariasassessors.com\/ca\/wp-json\/wp\/v2\/comments?post=2902"}],"version-history":[{"count":2,"href":"https:\/\/www.ariasassessors.com\/ca\/wp-json\/wp\/v2\/posts\/2902\/revisions"}],"predecessor-version":[{"id":2904,"href":"https:\/\/www.ariasassessors.com\/ca\/wp-json\/wp\/v2\/posts\/2902\/revisions\/2904"}],"wp:featuredmedia":[{"embeddable":true,"href":"https:\/\/www.ariasassessors.com\/ca\/wp-json\/wp\/v2\/media\/2905"}],"wp:attachment":[{"href":"https:\/\/www.ariasassessors.com\/ca\/wp-json\/wp\/v2\/media?parent=2902"}],"wp:term":[{"taxonomy":"category","embeddable":true,"href":"https:\/\/www.ariasassessors.com\/ca\/wp-json\/wp\/v2\/categories?post=2902"},{"taxonomy":"post_tag","embeddable":true,"href":"https:\/\/www.ariasassessors.com\/ca\/wp-json\/wp\/v2\/tags?post=2902"}],"curies":[{"name":"wp","href":"https:\/\/api.w.org\/{rel}","templated":true}]}}