{"id":2912,"date":"2023-09-26T13:40:11","date_gmt":"2023-09-26T11:40:11","guid":{"rendered":"https:\/\/www.ariasassessors.com\/cuanto-percibiran-los-autonomos-por-su-jubilacion-y-otras-prestaciones-este-otono\/"},"modified":"2023-09-26T13:48:38","modified_gmt":"2023-09-26T11:48:38","slug":"cuanto-percibiran-los-autonomos-por-su-jubilacion-y-otras-prestaciones-este-otono","status":"publish","type":"post","link":"https:\/\/www.ariasassessors.com\/ca\/cuanto-percibiran-los-autonomos-por-su-jubilacion-y-otras-prestaciones-este-otono\/","title":{"rendered":"Quant percebran els aut\u00f2noms per la seva jubilaci\u00f3 i altres prestacions aquesta tardor?"},"content":{"rendered":"<p>A l&#8217;agost hi havia gaireb\u00e9 dos milions de pensions en vigor generades per aut\u00f2noms, ja sigui de jubilaci\u00f3, Incapacitat Permanent o vidu\u00eftat. Aix\u00f2 \u00e9s el que cobraran de mitjana a la tardor de 2023 els treballadors per compte propi en cadascuna d&#8217;aquestes prestacions.<\/p>\n<p>La Seguretat Social paga avui dia\u00a0un <strong>total de\u00a01,98 milions de prestacions\u00a0a trav\u00e9s del R\u00e8gim Especial de Treballadors Aut\u00f2noms (RETA)<\/strong>. Aix\u00f2 significa que, ara mateix, hi ha gaireb\u00e9 dos milions de pensions en vigor, com pot ser la\u00a0<a href=\"https:\/\/www.autonomosyemprendedor.es\/articulo\/actualidad\/530000-autonomos-alcanzaran-edad-jubilacion-proximos-anos-es-que-deben-saber\/20230629161715031156.html\" target=\"_blank\" rel=\"noopener\">jubilaci\u00f3<\/a>, la\u00a0Incapacitat Permanent, la vidu\u00eftat, l&#8217;orfandat o el favor de familiars generades per treballadors per compte propi,<\/p>\n<p>Els pensionistes del RETA, antics aut\u00f2noms o familiars de treballadors per compte propi,\u00a0<strong>cobraven a l&#8217;agost\u00a0-\u00faltimes dades disponibles-, una mitjana de 823\u00a0euros al mes pel conjunt de totes les pensions<\/strong>\u00a0d&#8217;aquest r\u00e8gim. Aquesta quantia suposa un increment de m\u00e9s de 70 euros respecte al que percebien els treballadors per compte propi al setembre de l&#8217;any passat -entorn a 750 euros-.<\/p>\n<p>La major part de la pujada es deu al fet que en 2022, la Seguretat Social va lligar l&#8217;increment anual de les pensions a l&#8217;augment\u00a0<strong>de l&#8217;IPC<\/strong>\u00a0que s&#8217;hagi produ\u00eft l&#8217;any anterior, que es calcula de novembre a novembre de cada exercici. Aquest mateix any es va produir un increment del 8,5%, per la qual cosa a partir de gener totes les prestacions, incloses les dels treballadors per compte propi, es van veure incrementades en aquest mateix percentatge.<\/p>\n<p>A m\u00e9s, entre\u00a0juny i setembre,\u00a0les pensions dels aut\u00f2noms tamb\u00e9 van augmentar d&#8217;una mica menys de 820 euros a m\u00e9s de\u00a0823 euros al mes, segurament pel fet que cada vegada m\u00e9s treballadors per compte propi\u00a0<strong>generen pensions amb bases de cotitzaci\u00f3 m\u00e9s elevades que abans.<\/strong><\/p>\n<div id=\"ez-toc-container\" class=\"ez-toc-v2_0_72 counter-hierarchy ez-toc-counter ez-toc-grey ez-toc-container-direction\">\n<div class=\"ez-toc-title-container\">\n<p class=\"ez-toc-title\" style=\"cursor:inherit\">\u00cdndice de Contenidos<\/p>\n<span class=\"ez-toc-title-toggle\"><a href=\"#\" class=\"ez-toc-pull-right ez-toc-btn ez-toc-btn-xs ez-toc-btn-default ez-toc-toggle\" aria-label=\"Toggle Table of Content\"><span class=\"ez-toc-js-icon-con\"><span class=\"\"><span class=\"eztoc-hide\" style=\"display:none;\">Toggle<\/span><span class=\"ez-toc-icon-toggle-span\"><svg style=\"fill: #428bca;color:#428bca\" xmlns=\"http:\/\/www.w3.org\/2000\/svg\" class=\"list-377408\" width=\"20px\" height=\"20px\" viewBox=\"0 0 24 24\" fill=\"none\"><path d=\"M6 6H4v2h2V6zm14 0H8v2h12V6zM4 11h2v2H4v-2zm16 0H8v2h12v-2zM4 16h2v2H4v-2zm16 0H8v2h12v-2z\" fill=\"currentColor\"><\/path><\/svg><svg style=\"fill: #428bca;color:#428bca\" class=\"arrow-unsorted-368013\" xmlns=\"http:\/\/www.w3.org\/2000\/svg\" width=\"10px\" height=\"10px\" viewBox=\"0 0 24 24\" version=\"1.2\" baseProfile=\"tiny\"><path d=\"M18.2 9.3l-6.2-6.3-6.2 6.3c-.2.2-.3.4-.3.7s.1.5.3.7c.2.2.4.3.7.3h11c.3 0 .5-.1.7-.3.2-.2.3-.5.3-.7s-.1-.5-.3-.7zM5.8 14.7l6.2 6.3 6.2-6.3c.2-.2.3-.5.3-.7s-.1-.5-.3-.7c-.2-.2-.4-.3-.7-.3h-11c-.3 0-.5.1-.7.3-.2.2-.3.5-.3.7s.1.5.3.7z\"\/><\/svg><\/span><\/span><\/span><\/a><\/span><\/div>\n<nav><ul class='ez-toc-list ez-toc-list-level-1 eztoc-toggle-hide-by-default' ><li class='ez-toc-page-1 ez-toc-heading-level-2'><a class=\"ez-toc-link ez-toc-heading-1\" href=\"https:\/\/www.ariasassessors.com\/ca\/cuanto-percibiran-los-autonomos-por-su-jubilacion-y-otras-prestaciones-este-otono\/#Quant_cobren_de_mitjana_els_autonoms_per_cadascun_de_les_seves_pensions_al_setembre\" title=\"Quant cobren de mitjana els aut\u00f2noms per cadascun de les seves pensions al setembre?\">Quant cobren de mitjana els aut\u00f2noms per cadascun de les seves pensions al setembre?<\/a><ul class='ez-toc-list-level-3' ><li class='ez-toc-heading-level-3'><a class=\"ez-toc-link ez-toc-heading-2\" href=\"https:\/\/www.ariasassessors.com\/ca\/cuanto-percibiran-los-autonomos-por-su-jubilacion-y-otras-prestaciones-este-otono\/#Jubilacio_916_euros_al_mes\" title=\"Jubilaci\u00f3: 916 euros al mes\u00a0\">Jubilaci\u00f3: 916 euros al mes\u00a0<\/a><\/li><li class='ez-toc-page-1 ez-toc-heading-level-3'><a class=\"ez-toc-link ez-toc-heading-3\" href=\"https:\/\/www.ariasassessors.com\/ca\/cuanto-percibiran-los-autonomos-por-su-jubilacion-y-otras-prestaciones-este-otono\/#Incapacitat_permanent_850_euros_al_mes\" title=\"Incapacitat permanent: 850 euros al mes\">Incapacitat permanent: 850 euros al mes<\/a><\/li><li class='ez-toc-page-1 ez-toc-heading-level-3'><a class=\"ez-toc-link ez-toc-heading-4\" href=\"https:\/\/www.ariasassessors.com\/ca\/cuanto-percibiran-los-autonomos-por-su-jubilacion-y-otras-prestaciones-este-otono\/#Viduitat_615_euros_al_mes\" title=\"Vidu\u00eftat: 615 euros al mes\">Vidu\u00eftat: 615 euros al mes<\/a><\/li><li class='ez-toc-page-1 ez-toc-heading-level-3'><a class=\"ez-toc-link ez-toc-heading-5\" href=\"https:\/\/www.ariasassessors.com\/ca\/cuanto-percibiran-los-autonomos-por-su-jubilacion-y-otras-prestaciones-este-otono\/#Orfandat_394_euros_al_mes\" title=\"Orfandat: 394 euros al mes\">Orfandat: 394 euros al mes<\/a><\/li><li class='ez-toc-page-1 ez-toc-heading-level-3'><a class=\"ez-toc-link ez-toc-heading-6\" href=\"https:\/\/www.ariasassessors.com\/ca\/cuanto-percibiran-los-autonomos-por-su-jubilacion-y-otras-prestaciones-este-otono\/#Favor_de_familiars_540_euros_al_mes\" title=\"Favor de familiars: 540 euros al mes\">Favor de familiars: 540 euros al mes<\/a><\/li><\/ul><\/li><\/ul><\/nav><\/div>\n<h2><span class=\"ez-toc-section\" id=\"Quant_cobren_de_mitjana_els_autonoms_per_cadascun_de_les_seves_pensions_al_setembre\"><\/span>Quant cobren de mitjana els aut\u00f2noms per cadascun de les seves pensions al setembre?<span class=\"ez-toc-section-end\"><\/span><\/h2>\n<p>Segons les \u00faltimes dades de la Seguretat Social, els aut\u00f2noms ja estarien cobrant\u00a0<strong>aquesta tardor\u00a0m\u00e9s de 915 euros en algunes prestacions com la jubilaci\u00f3<\/strong>,\u00a0que \u00e9s la pensi\u00f3 m\u00e9s freq\u00fcent en el col\u00b7lectiu i tamb\u00e9 la que sol tenir una quantia m\u00e9s elevada, ja que es calcula sobre el 100% de la base reguladora del treballador per compte propi.<\/p>\n<p>De fet, dels dos milions de pensions actives que hi hauria ara mateix en el RETA,\u00a0entorn a\u00a0<strong>1,3 milions corresponen a aut\u00f2noms jubilats<\/strong>. D&#8217;altra banda,\u00a0hi ha prop de\u00a0<strong>700.000 pensions diferents a la jubilaci\u00f3<\/strong>\u00a0que tamb\u00e9 han estat generades per treballadors per compte propi i que s&#8217;han vist incrementades igualment entorn a un 8,5% en 2023,<\/p>\n<p>A continuaci\u00f3 es recopilen les \u00faltimes xifres de les pensions mitjanes que estan percebent els aut\u00f2noms aquesta tardor en cada tipus de prestaci\u00f3, no sols jubilaci\u00f3 sin\u00f3 tamb\u00e9 Incapacitat Permanent, vidu\u00eftat, orfandat o favor de familiars.<\/p>\n<h3><span class=\"ez-toc-section\" id=\"Jubilacio_916_euros_al_mes\"><\/span><strong>Jubilaci\u00f3: 916 euros al mes\u00a0<\/strong><span class=\"ez-toc-section-end\"><\/span><\/h3>\n<p><strong>La jubilaci\u00f3 \u00e9s la pensi\u00f3 amb una quantia mitjana m\u00e9s elevada<\/strong>\u00a0del R\u00e8gim Especial de Treballadors Aut\u00f2noms (RETA). Al juny de 2023, els 1,33 milions d&#8217;aut\u00f2noms\u00a0 que estan\u00a0retirats percebien <strong>916\u00a0euros al mes de pensi\u00f3<\/strong>,\u00a0cosa que significa que aquest\u00a0oto\u00f1olos\u00a0treballadors per compte propi cobren\u00a0<strong>78\u00a0euros m\u00e9s de mitjana que fa nom\u00e9s set mesos<\/strong>, a la fi de desembre.<\/p>\n<p>Ara mateix, la pensi\u00f3 mitjana anual del col\u00b7lectiu \u00e9s de 12.810 euros,\u00a0 enfront dels 11.732 euros anuals -838 euros per 14 pagues- que cobraven a la fi de 2022. Aix\u00f2 suposa\u00a0un <strong>increment mitj\u00e0 de gaireb\u00e9\u00a0\u00a01.100 euros a l&#8217;any<\/strong>\u00a0en la jubilaci\u00f3 dels aut\u00f2noms.<\/p>\n<h3><span class=\"ez-toc-section\" id=\"Incapacitat_permanent_850_euros_al_mes\"><\/span><strong>Incapacitat permanent: 850 euros al mes<\/strong><span class=\"ez-toc-section-end\"><\/span><\/h3>\n<p>La Incapacitat Permanent \u00e9s, al costat de la jubilaci\u00f3, una altra de les pensions de major quantia en tots els r\u00e8gims, tamb\u00e9 en el d&#8217;aut\u00f2noms. Segons les \u00faltimes dades de la Seguretat Social, a l&#8217;agost hi havia entorn a\u00a0<strong>113.000 persones cobrant a trav\u00e9s del RETA<\/strong>\u00a0una pensi\u00f3 per Incapacitat Permanent, en qualsevol de les seves quatre modalitats.<\/p>\n<p>Despr\u00e9s de la pujada de les pensions al gener i l&#8217;evoluci\u00f3 que han tingut les prestacions durant l&#8217;estiu,\u00a0la quantia mitjana d&#8217;aquesta pensi\u00f3\u00a0<strong>ha quedat en 849\u00a0euros a l&#8217;agost\u00a0de 2023, enfront dels 786 euros<\/strong>\u00a0que percebien de mitjana aquests pensionistes del RETA al desembre. Aix\u00f2 suposa una pujada de m\u00e9s de 60\u00a0euros al mes en 12 pagues .<\/p>\n<div class=\"traductor-textarea form-group\">\n<div class=\"textarea-desti col-xs-12 col-sm-6\">\n<h3 class=\"form-control second-textarea\"><span class=\"ez-toc-section\" id=\"Viduitat_615_euros_al_mes\"><\/span>Vidu\u00eftat: 615 euros al mes<span class=\"ez-toc-section-end\"><\/span><\/h3>\n<\/div>\n<\/div>\n<p>A l&#8217;agost\u00a0de 2023, segons les dades de la Seguretat Social, hi havia un total de<strong>\u00a0466.757 \u200bpersones cobrant una pensi\u00f3 de vidu\u00eftat<\/strong>\u00a0a trav\u00e9s del R\u00e8gim Especial de Treballadors Aut\u00f2noms (RETA). Aquest estiu, la mitjana d&#8217;aquestes pensions s&#8217;ha situat\u00a0en\u00a0<strong>614,26\u00a0euros.\u00a0\u00a0<\/strong><\/p>\n<p>Si es compara aquesta quantia amb la pensi\u00f3 mitjana de vidu\u00eftat del RETA<strong>\u00a0al desembre, que era de 563 euros<\/strong>, aquests pensionistes perceben des de gener al voltant de 50 euros mensuals m\u00e9s de mitjana.<\/p>\n<div class=\"traductor-textarea form-group\">\n<div class=\"textarea-desti col-xs-12 col-sm-6\">\n<h3 class=\"form-control second-textarea\"><span class=\"ez-toc-section\" id=\"Orfandat_394_euros_al_mes\"><\/span>Orfandat: 394 euros al mes<span class=\"ez-toc-section-end\"><\/span><\/h3>\n<\/div>\n<\/div>\n<p>El mes passat es van comptabilitzar un total de\u00a0<strong>63.211\u200b pensions d&#8217;orfandat a trav\u00e9s del RETA<\/strong>. Aquests pensionistes perceben,\u00a0<strong>de mitjana, 393,6\u00a0euros<\/strong> al mes\u00a0en 2023 per la seva prestaci\u00f3. Abans de la pujada del 8,5% que va posar en marxa el Govern, les pensions d&#8217;orfandat generades per aut\u00f2noms se situaven en una quantia mitjana de\u00a0<strong>362,4 euros al mes\u00a0<\/strong><\/p>\n<p>Aix\u00f2 significa que, des de gener, les pensions d&#8217;orfandat del R\u00e8gim d&#8217;aut\u00f2noms\u00a0<strong>van pujar en m\u00e9s de 30 euros<\/strong>\u00a0al mes per 14 pagues.<\/p>\n<div class=\"traductor-textarea form-group\">\n<div class=\"textarea-desti col-xs-12 col-sm-6\">\n<h3 class=\"form-control second-textarea\"><span class=\"ez-toc-section\" id=\"Favor_de_familiars_540_euros_al_mes\"><\/span>Favor de familiars: 540 euros al mes<span class=\"ez-toc-section-end\"><\/span><\/h3>\n<\/div>\n<\/div>\n<p>La pensi\u00f3 en favor de familiars \u00e9s una pensi\u00f3 dirigida a familiars diferents al fill o a la parella i l&#8217;objectiu de la qual \u00e9s protegir la situaci\u00f3 de necessitat econ\u00f2mica ocasionada per la defunci\u00f3 de la persona que origina la prestaci\u00f3. Al juny, hi havia 9.926 persones percebent aquesta prestaci\u00f3 a trav\u00e9s del r\u00e8gim d&#8217;aut\u00f2noms. Aquest mes,\u00a0<strong>els beneficiaris van cobrar una mitjana de 539,4 euros al mes per aquesta pensi\u00f3.\u00a0<\/strong><\/p>\n<p>Abans de la pujada del 8,5% que es va produir al gener, les pensions en favor de familiars generades per aut\u00f2noms se situaven en 496 euros mensuals. Aix\u00f2 significa que en 2023 aquests pensionistes cobren de mitjana 44 euros m\u00e9s al mes per 14 pagues.<\/p>\n","protected":false},"excerpt":{"rendered":"<p>A l&#8217;agost hi havia gaireb\u00e9 dos milions de pensions en vigor generades per aut\u00f2noms, ja sigui de jubilaci\u00f3, Incapacitat Permanent o vidu\u00eftat. Aix\u00f2 \u00e9s el que cobraran de mitjana a la tardor de 2023 els treballadors per compte propi en cadascuna d&#8217;aquestes prestacions. La Seguretat&#8230;<\/p>\n","protected":false},"author":2,"featured_media":2909,"comment_status":"open","ping_status":"open","sticky":false,"template":"","format":"standard","meta":{"footnotes":""},"categories":[4],"tags":[],"class_list":["post-2912","post","type-post","status-publish","format-standard","has-post-thumbnail","hentry","category-noticies"],"yoast_head":"<!-- This site is optimized with the Yoast SEO plugin v24.3 - https:\/\/yoast.com\/wordpress\/plugins\/seo\/ -->\n<title>Quant percebran els aut\u00f2noms per la seva jubilaci\u00f3 i altres prestacions aquesta tardor? | Arias Assessors<\/title>\n<meta name=\"robots\" content=\"index, follow, max-snippet:-1, max-image-preview:large, max-video-preview:-1\" \/>\n<link rel=\"canonical\" href=\"https:\/\/www.ariasassessors.com\/ca\/cuanto-percibiran-los-autonomos-por-su-jubilacion-y-otras-prestaciones-este-otono\/\" \/>\n<meta property=\"og:locale\" content=\"ca_ES\" \/>\n<meta property=\"og:type\" content=\"article\" \/>\n<meta property=\"og:title\" content=\"Quant percebran els aut\u00f2noms per la seva jubilaci\u00f3 i altres prestacions aquesta tardor? | Arias Assessors\" \/>\n<meta property=\"og:description\" content=\"A l&#8217;agost hi havia gaireb\u00e9 dos milions de pensions en vigor generades per aut\u00f2noms, ja sigui de jubilaci\u00f3, Incapacitat Permanent o vidu\u00eftat. Aix\u00f2 \u00e9s el que cobraran de mitjana a la tardor de 2023 els treballadors per compte propi en cadascuna d&#8217;aquestes prestacions. La Seguretat...\" \/>\n<meta property=\"og:url\" content=\"https:\/\/www.ariasassessors.com\/ca\/cuanto-percibiran-los-autonomos-por-su-jubilacion-y-otras-prestaciones-este-otono\/\" \/>\n<meta property=\"og:site_name\" content=\"Arias Assessors\" \/>\n<meta property=\"article:publisher\" content=\"https:\/\/www.facebook.com\/ariasassessors\/\" \/>\n<meta property=\"article:published_time\" content=\"2023-09-26T11:40:11+00:00\" \/>\n<meta property=\"article:modified_time\" content=\"2023-09-26T11:48:38+00:00\" \/>\n<meta property=\"og:image\" content=\"https:\/\/www.ariasassessors.com\/wp-content\/uploads\/2023\/09\/Arias_Blog_IMAGEN_DESTACADA-60.png\" \/>\n\t<meta property=\"og:image:width\" content=\"1920\" \/>\n\t<meta property=\"og:image:height\" content=\"1202\" \/>\n\t<meta property=\"og:image:type\" content=\"image\/png\" \/>\n<meta name=\"author\" content=\"btorras\" \/>\n<meta name=\"twitter:card\" content=\"summary_large_image\" \/>\n<meta name=\"twitter:creator\" content=\"@ariasassessors\" \/>\n<meta name=\"twitter:site\" content=\"@ariasassessors\" \/>\n<meta name=\"twitter:label1\" content=\"Escrit per\" \/>\n\t<meta name=\"twitter:data1\" content=\"btorras\" \/>\n\t<meta name=\"twitter:label2\" content=\"Temps estimat de lectura\" \/>\n\t<meta name=\"twitter:data2\" content=\"5 minuts\" \/>\n<script type=\"application\/ld+json\" class=\"yoast-schema-graph\">{\"@context\":\"https:\/\/schema.org\",\"@graph\":[{\"@type\":\"Article\",\"@id\":\"https:\/\/www.ariasassessors.com\/ca\/cuanto-percibiran-los-autonomos-por-su-jubilacion-y-otras-prestaciones-este-otono\/#article\",\"isPartOf\":{\"@id\":\"https:\/\/www.ariasassessors.com\/ca\/cuanto-percibiran-los-autonomos-por-su-jubilacion-y-otras-prestaciones-este-otono\/\"},\"author\":{\"name\":\"btorras\",\"@id\":\"https:\/\/www.ariasassessors.com\/#\/schema\/person\/63c6ad1775f0a9413c37932562673cef\"},\"headline\":\"Quant percebran els aut\u00f2noms per la seva jubilaci\u00f3 i altres prestacions aquesta tardor?\",\"datePublished\":\"2023-09-26T11:40:11+00:00\",\"dateModified\":\"2023-09-26T11:48:38+00:00\",\"mainEntityOfPage\":{\"@id\":\"https:\/\/www.ariasassessors.com\/ca\/cuanto-percibiran-los-autonomos-por-su-jubilacion-y-otras-prestaciones-este-otono\/\"},\"wordCount\":1007,\"commentCount\":0,\"publisher\":{\"@id\":\"https:\/\/www.ariasassessors.com\/#organization\"},\"image\":{\"@id\":\"https:\/\/www.ariasassessors.com\/ca\/cuanto-percibiran-los-autonomos-por-su-jubilacion-y-otras-prestaciones-este-otono\/#primaryimage\"},\"thumbnailUrl\":\"https:\/\/www.ariasassessors.com\/wp-content\/uploads\/2023\/09\/Arias_Blog_IMAGEN_DESTACADA-60.png\",\"articleSection\":[\"noticies\"],\"inLanguage\":\"ca\",\"potentialAction\":[{\"@type\":\"CommentAction\",\"name\":\"Comment\",\"target\":[\"https:\/\/www.ariasassessors.com\/ca\/cuanto-percibiran-los-autonomos-por-su-jubilacion-y-otras-prestaciones-este-otono\/#respond\"]}]},{\"@type\":\"WebPage\",\"@id\":\"https:\/\/www.ariasassessors.com\/ca\/cuanto-percibiran-los-autonomos-por-su-jubilacion-y-otras-prestaciones-este-otono\/\",\"url\":\"https:\/\/www.ariasassessors.com\/ca\/cuanto-percibiran-los-autonomos-por-su-jubilacion-y-otras-prestaciones-este-otono\/\",\"name\":\"Quant percebran els aut\u00f2noms per la seva jubilaci\u00f3 i altres prestacions aquesta tardor? | Arias Assessors\",\"isPartOf\":{\"@id\":\"https:\/\/www.ariasassessors.com\/#website\"},\"primaryImageOfPage\":{\"@id\":\"https:\/\/www.ariasassessors.com\/ca\/cuanto-percibiran-los-autonomos-por-su-jubilacion-y-otras-prestaciones-este-otono\/#primaryimage\"},\"image\":{\"@id\":\"https:\/\/www.ariasassessors.com\/ca\/cuanto-percibiran-los-autonomos-por-su-jubilacion-y-otras-prestaciones-este-otono\/#primaryimage\"},\"thumbnailUrl\":\"https:\/\/www.ariasassessors.com\/wp-content\/uploads\/2023\/09\/Arias_Blog_IMAGEN_DESTACADA-60.png\",\"datePublished\":\"2023-09-26T11:40:11+00:00\",\"dateModified\":\"2023-09-26T11:48:38+00:00\",\"breadcrumb\":{\"@id\":\"https:\/\/www.ariasassessors.com\/ca\/cuanto-percibiran-los-autonomos-por-su-jubilacion-y-otras-prestaciones-este-otono\/#breadcrumb\"},\"inLanguage\":\"ca\",\"potentialAction\":[{\"@type\":\"ReadAction\",\"target\":[\"https:\/\/www.ariasassessors.com\/ca\/cuanto-percibiran-los-autonomos-por-su-jubilacion-y-otras-prestaciones-este-otono\/\"]}]},{\"@type\":\"ImageObject\",\"inLanguage\":\"ca\",\"@id\":\"https:\/\/www.ariasassessors.com\/ca\/cuanto-percibiran-los-autonomos-por-su-jubilacion-y-otras-prestaciones-este-otono\/#primaryimage\",\"url\":\"https:\/\/www.ariasassessors.com\/wp-content\/uploads\/2023\/09\/Arias_Blog_IMAGEN_DESTACADA-60.png\",\"contentUrl\":\"https:\/\/www.ariasassessors.com\/wp-content\/uploads\/2023\/09\/Arias_Blog_IMAGEN_DESTACADA-60.png\",\"width\":1920,\"height\":1202},{\"@type\":\"BreadcrumbList\",\"@id\":\"https:\/\/www.ariasassessors.com\/ca\/cuanto-percibiran-los-autonomos-por-su-jubilacion-y-otras-prestaciones-este-otono\/#breadcrumb\",\"itemListElement\":[{\"@type\":\"ListItem\",\"position\":1,\"name\":\"Portada\",\"item\":\"https:\/\/www.ariasassessors.com\/ca\/\"},{\"@type\":\"ListItem\",\"position\":2,\"name\":\"Quant percebran els aut\u00f2noms per la seva jubilaci\u00f3 i altres prestacions aquesta tardor?\"}]},{\"@type\":\"WebSite\",\"@id\":\"https:\/\/www.ariasassessors.com\/#website\",\"url\":\"https:\/\/www.ariasassessors.com\/\",\"name\":\"Arias Assessors\",\"description\":\"Asesor\u00eda para aut\u00f3nomos, profesionales y PYMES\",\"publisher\":{\"@id\":\"https:\/\/www.ariasassessors.com\/#organization\"},\"potentialAction\":[{\"@type\":\"SearchAction\",\"target\":{\"@type\":\"EntryPoint\",\"urlTemplate\":\"https:\/\/www.ariasassessors.com\/?s={search_term_string}\"},\"query-input\":{\"@type\":\"PropertyValueSpecification\",\"valueRequired\":true,\"valueName\":\"search_term_string\"}}],\"inLanguage\":\"ca\"},{\"@type\":\"Organization\",\"@id\":\"https:\/\/www.ariasassessors.com\/#organization\",\"name\":\"Arias Assessors\",\"url\":\"https:\/\/www.ariasassessors.com\/\",\"logo\":{\"@type\":\"ImageObject\",\"inLanguage\":\"ca\",\"@id\":\"https:\/\/www.ariasassessors.com\/#\/schema\/logo\/image\/\",\"url\":\"https:\/\/www.ariasassessors.com\/wp-content\/uploads\/2019\/01\/arias-logo.png\",\"contentUrl\":\"https:\/\/www.ariasassessors.com\/wp-content\/uploads\/2019\/01\/arias-logo.png\",\"width\":349,\"height\":254,\"caption\":\"Arias Assessors\"},\"image\":{\"@id\":\"https:\/\/www.ariasassessors.com\/#\/schema\/logo\/image\/\"},\"sameAs\":[\"https:\/\/www.facebook.com\/ariasassessors\/\",\"https:\/\/x.com\/ariasassessors\",\"https:\/\/www.linkedin.com\/company\/r&amp;amp;r-growing-knowledge\/\"]},{\"@type\":\"Person\",\"@id\":\"https:\/\/www.ariasassessors.com\/#\/schema\/person\/63c6ad1775f0a9413c37932562673cef\",\"name\":\"btorras\",\"image\":{\"@type\":\"ImageObject\",\"inLanguage\":\"ca\",\"@id\":\"https:\/\/www.ariasassessors.com\/#\/schema\/person\/image\/\",\"url\":\"https:\/\/secure.gravatar.com\/avatar\/0531db351fc361fdbfd204c58fa2d6a3?s=96&d=mm&r=g\",\"contentUrl\":\"https:\/\/secure.gravatar.com\/avatar\/0531db351fc361fdbfd204c58fa2d6a3?s=96&d=mm&r=g\",\"caption\":\"btorras\"}}]}<\/script>\n<!-- \/ Yoast SEO plugin. -->","yoast_head_json":{"title":"Quant percebran els aut\u00f2noms per la seva jubilaci\u00f3 i altres prestacions aquesta tardor? | Arias Assessors","robots":{"index":"index","follow":"follow","max-snippet":"max-snippet:-1","max-image-preview":"max-image-preview:large","max-video-preview":"max-video-preview:-1"},"canonical":"https:\/\/www.ariasassessors.com\/ca\/cuanto-percibiran-los-autonomos-por-su-jubilacion-y-otras-prestaciones-este-otono\/","og_locale":"ca_ES","og_type":"article","og_title":"Quant percebran els aut\u00f2noms per la seva jubilaci\u00f3 i altres prestacions aquesta tardor? | Arias Assessors","og_description":"A l&#8217;agost hi havia gaireb\u00e9 dos milions de pensions en vigor generades per aut\u00f2noms, ja sigui de jubilaci\u00f3, Incapacitat Permanent o vidu\u00eftat. Aix\u00f2 \u00e9s el que cobraran de mitjana a la tardor de 2023 els treballadors per compte propi en cadascuna d&#8217;aquestes prestacions. La Seguretat...","og_url":"https:\/\/www.ariasassessors.com\/ca\/cuanto-percibiran-los-autonomos-por-su-jubilacion-y-otras-prestaciones-este-otono\/","og_site_name":"Arias Assessors","article_publisher":"https:\/\/www.facebook.com\/ariasassessors\/","article_published_time":"2023-09-26T11:40:11+00:00","article_modified_time":"2023-09-26T11:48:38+00:00","og_image":[{"width":1920,"height":1202,"url":"https:\/\/www.ariasassessors.com\/wp-content\/uploads\/2023\/09\/Arias_Blog_IMAGEN_DESTACADA-60.png","type":"image\/png"}],"author":"btorras","twitter_card":"summary_large_image","twitter_creator":"@ariasassessors","twitter_site":"@ariasassessors","twitter_misc":{"Escrit per":"btorras","Temps estimat de lectura":"5 minuts"},"schema":{"@context":"https:\/\/schema.org","@graph":[{"@type":"Article","@id":"https:\/\/www.ariasassessors.com\/ca\/cuanto-percibiran-los-autonomos-por-su-jubilacion-y-otras-prestaciones-este-otono\/#article","isPartOf":{"@id":"https:\/\/www.ariasassessors.com\/ca\/cuanto-percibiran-los-autonomos-por-su-jubilacion-y-otras-prestaciones-este-otono\/"},"author":{"name":"btorras","@id":"https:\/\/www.ariasassessors.com\/#\/schema\/person\/63c6ad1775f0a9413c37932562673cef"},"headline":"Quant percebran els aut\u00f2noms per la seva jubilaci\u00f3 i altres prestacions aquesta tardor?","datePublished":"2023-09-26T11:40:11+00:00","dateModified":"2023-09-26T11:48:38+00:00","mainEntityOfPage":{"@id":"https:\/\/www.ariasassessors.com\/ca\/cuanto-percibiran-los-autonomos-por-su-jubilacion-y-otras-prestaciones-este-otono\/"},"wordCount":1007,"commentCount":0,"publisher":{"@id":"https:\/\/www.ariasassessors.com\/#organization"},"image":{"@id":"https:\/\/www.ariasassessors.com\/ca\/cuanto-percibiran-los-autonomos-por-su-jubilacion-y-otras-prestaciones-este-otono\/#primaryimage"},"thumbnailUrl":"https:\/\/www.ariasassessors.com\/wp-content\/uploads\/2023\/09\/Arias_Blog_IMAGEN_DESTACADA-60.png","articleSection":["noticies"],"inLanguage":"ca","potentialAction":[{"@type":"CommentAction","name":"Comment","target":["https:\/\/www.ariasassessors.com\/ca\/cuanto-percibiran-los-autonomos-por-su-jubilacion-y-otras-prestaciones-este-otono\/#respond"]}]},{"@type":"WebPage","@id":"https:\/\/www.ariasassessors.com\/ca\/cuanto-percibiran-los-autonomos-por-su-jubilacion-y-otras-prestaciones-este-otono\/","url":"https:\/\/www.ariasassessors.com\/ca\/cuanto-percibiran-los-autonomos-por-su-jubilacion-y-otras-prestaciones-este-otono\/","name":"Quant percebran els aut\u00f2noms per la seva jubilaci\u00f3 i altres prestacions aquesta tardor? | Arias Assessors","isPartOf":{"@id":"https:\/\/www.ariasassessors.com\/#website"},"primaryImageOfPage":{"@id":"https:\/\/www.ariasassessors.com\/ca\/cuanto-percibiran-los-autonomos-por-su-jubilacion-y-otras-prestaciones-este-otono\/#primaryimage"},"image":{"@id":"https:\/\/www.ariasassessors.com\/ca\/cuanto-percibiran-los-autonomos-por-su-jubilacion-y-otras-prestaciones-este-otono\/#primaryimage"},"thumbnailUrl":"https:\/\/www.ariasassessors.com\/wp-content\/uploads\/2023\/09\/Arias_Blog_IMAGEN_DESTACADA-60.png","datePublished":"2023-09-26T11:40:11+00:00","dateModified":"2023-09-26T11:48:38+00:00","breadcrumb":{"@id":"https:\/\/www.ariasassessors.com\/ca\/cuanto-percibiran-los-autonomos-por-su-jubilacion-y-otras-prestaciones-este-otono\/#breadcrumb"},"inLanguage":"ca","potentialAction":[{"@type":"ReadAction","target":["https:\/\/www.ariasassessors.com\/ca\/cuanto-percibiran-los-autonomos-por-su-jubilacion-y-otras-prestaciones-este-otono\/"]}]},{"@type":"ImageObject","inLanguage":"ca","@id":"https:\/\/www.ariasassessors.com\/ca\/cuanto-percibiran-los-autonomos-por-su-jubilacion-y-otras-prestaciones-este-otono\/#primaryimage","url":"https:\/\/www.ariasassessors.com\/wp-content\/uploads\/2023\/09\/Arias_Blog_IMAGEN_DESTACADA-60.png","contentUrl":"https:\/\/www.ariasassessors.com\/wp-content\/uploads\/2023\/09\/Arias_Blog_IMAGEN_DESTACADA-60.png","width":1920,"height":1202},{"@type":"BreadcrumbList","@id":"https:\/\/www.ariasassessors.com\/ca\/cuanto-percibiran-los-autonomos-por-su-jubilacion-y-otras-prestaciones-este-otono\/#breadcrumb","itemListElement":[{"@type":"ListItem","position":1,"name":"Portada","item":"https:\/\/www.ariasassessors.com\/ca\/"},{"@type":"ListItem","position":2,"name":"Quant percebran els aut\u00f2noms per la seva jubilaci\u00f3 i altres prestacions aquesta tardor?"}]},{"@type":"WebSite","@id":"https:\/\/www.ariasassessors.com\/#website","url":"https:\/\/www.ariasassessors.com\/","name":"Arias Assessors","description":"Asesor\u00eda para aut\u00f3nomos, profesionales y PYMES","publisher":{"@id":"https:\/\/www.ariasassessors.com\/#organization"},"potentialAction":[{"@type":"SearchAction","target":{"@type":"EntryPoint","urlTemplate":"https:\/\/www.ariasassessors.com\/?s={search_term_string}"},"query-input":{"@type":"PropertyValueSpecification","valueRequired":true,"valueName":"search_term_string"}}],"inLanguage":"ca"},{"@type":"Organization","@id":"https:\/\/www.ariasassessors.com\/#organization","name":"Arias Assessors","url":"https:\/\/www.ariasassessors.com\/","logo":{"@type":"ImageObject","inLanguage":"ca","@id":"https:\/\/www.ariasassessors.com\/#\/schema\/logo\/image\/","url":"https:\/\/www.ariasassessors.com\/wp-content\/uploads\/2019\/01\/arias-logo.png","contentUrl":"https:\/\/www.ariasassessors.com\/wp-content\/uploads\/2019\/01\/arias-logo.png","width":349,"height":254,"caption":"Arias Assessors"},"image":{"@id":"https:\/\/www.ariasassessors.com\/#\/schema\/logo\/image\/"},"sameAs":["https:\/\/www.facebook.com\/ariasassessors\/","https:\/\/x.com\/ariasassessors","https:\/\/www.linkedin.com\/company\/r&amp;amp;r-growing-knowledge\/"]},{"@type":"Person","@id":"https:\/\/www.ariasassessors.com\/#\/schema\/person\/63c6ad1775f0a9413c37932562673cef","name":"btorras","image":{"@type":"ImageObject","inLanguage":"ca","@id":"https:\/\/www.ariasassessors.com\/#\/schema\/person\/image\/","url":"https:\/\/secure.gravatar.com\/avatar\/0531db351fc361fdbfd204c58fa2d6a3?s=96&d=mm&r=g","contentUrl":"https:\/\/secure.gravatar.com\/avatar\/0531db351fc361fdbfd204c58fa2d6a3?s=96&d=mm&r=g","caption":"btorras"}}]}},"_links":{"self":[{"href":"https:\/\/www.ariasassessors.com\/ca\/wp-json\/wp\/v2\/posts\/2912","targetHints":{"allow":["GET"]}}],"collection":[{"href":"https:\/\/www.ariasassessors.com\/ca\/wp-json\/wp\/v2\/posts"}],"about":[{"href":"https:\/\/www.ariasassessors.com\/ca\/wp-json\/wp\/v2\/types\/post"}],"author":[{"embeddable":true,"href":"https:\/\/www.ariasassessors.com\/ca\/wp-json\/wp\/v2\/users\/2"}],"replies":[{"embeddable":true,"href":"https:\/\/www.ariasassessors.com\/ca\/wp-json\/wp\/v2\/comments?post=2912"}],"version-history":[{"count":2,"href":"https:\/\/www.ariasassessors.com\/ca\/wp-json\/wp\/v2\/posts\/2912\/revisions"}],"predecessor-version":[{"id":2914,"href":"https:\/\/www.ariasassessors.com\/ca\/wp-json\/wp\/v2\/posts\/2912\/revisions\/2914"}],"wp:featuredmedia":[{"embeddable":true,"href":"https:\/\/www.ariasassessors.com\/ca\/wp-json\/wp\/v2\/media\/2909"}],"wp:attachment":[{"href":"https:\/\/www.ariasassessors.com\/ca\/wp-json\/wp\/v2\/media?parent=2912"}],"wp:term":[{"taxonomy":"category","embeddable":true,"href":"https:\/\/www.ariasassessors.com\/ca\/wp-json\/wp\/v2\/categories?post=2912"},{"taxonomy":"post_tag","embeddable":true,"href":"https:\/\/www.ariasassessors.com\/ca\/wp-json\/wp\/v2\/tags?post=2912"}],"curies":[{"name":"wp","href":"https:\/\/api.w.org\/{rel}","templated":true}]}}